{"id":560707,"date":"2020-12-07T09:00:00","date_gmt":"2020-12-07T12:00:00","guid":{"rendered":"https:\/\/www.estrategiaconcursos.com.br\/blog\/?p=560707"},"modified":"2023-06-14T10:52:16","modified_gmt":"2023-06-14T13:52:16","slug":"concurso-conims","status":"publish","type":"post","link":"https:\/\/www.estrategiaconcursos.com.br\/blog\/concurso-conims\/","title":{"rendered":"Concurso CONIMS: certame \u00e9 CANCELADO!"},"content":{"rendered":"\n<p>Foi anunciado pela comiss\u00e3o especial do concurso CONIMS, do Cons\u00f3rcio Intermunicipal de Sa\u00fade, o cancelamento do certame. As provas estavam previstas para 13 de dezembro de 2020, na cidade de Pato Branco (PR). <\/p>\n\n\n\n<p>A raz\u00e3o do cancelamento, segundo o documento publicado, s\u00e3o os crescentes casos do Coronav\u00edrus (COVID-19). <a rel=\"noreferrer noopener\" href=\"https:\/\/dhg1h5j42swfq.cloudfront.net\/2020\/12\/07092902\/EDITAL_DE_CANCELAMENTO_DO_CONCURSO1.pdf\" target=\"_blank\">Veja aqui o edital de cancelamento<\/a>.<\/p>\n\n\n\n<p>Os candidatos que pagaram a inscri\u00e7\u00e3o do Concurso P\u00fablico dever\u00e3o solicitar a devolu\u00e7\u00e3o ao Cons\u00f3rcio Intermunicipal de Sa\u00fade  -CONIMS, por meio <a rel=\"noreferrer noopener\" href=\"https:\/\/docs.google.com\/forms\/d\/1FVjd8x2XU-Y3g_xTSM-HQIgYBHmTdhvz7s7My71D4EA\/viewform?edit_requested=true\" target=\"_blank\">deste link<\/a>, informando os dados necess\u00e1rios a devolu\u00e7\u00e3o.<\/p>\n\n\n\n<p>Ao todo, o certame ofertava <strong>28 vagas<\/strong> imediatas para ampla concorr\u00eancia e<strong> 58 <\/strong>para cadastro de reserva.<\/p>\n\n\n\n<p>Nosso objetivo \u00e9 deix\u00e1-lo 100% informado. Acompanhe mais informa\u00e7\u00f5es nos t\u00f3picos abaixo:<\/p>\n\n\n\n<p><strong><em><a href=\"#datas\">Principais datas<\/a><br \/><a href=\"#cargos\">Cargos, vagas e remunera\u00e7\u00f5es<\/a><br \/><a href=\"#etapa\">Etapas do concurso<\/a><br \/><a href=\"#curso\">Cursos e assinaturas<\/a><br \/><a href=\"#ficha\">Ficha t\u00e9cnica<\/a><\/em><\/strong><\/p>\n\n\n\n<h2 class=\"wp-block-heading\" id=\"datas\">Principais datas<\/h2>\n\n\n\n<p class=\"has-cyan-bluish-gray-background-color has-background\"><strong>Inscri\u00e7\u00f5es:<\/strong> <s>at\u00e9 30 de setembro de 2020<\/s> SUSPENSO<br \/><strong>Provas:<\/strong> <s>13 de dezembro<\/s> SUSPENSO<\/p>\n\n\n\n<h2 class=\"wp-block-heading\" id=\"cargos\">Cargos, vagas e remunera\u00e7\u00f5es do concurso CONIMS<\/h2>\n\n\n\n<p style=\"font-size:clamp(14.082px, 0.88rem + ((1vw - 3.2px) * 0.678), 21px);px\"><strong>N\u00edvel Superior<\/strong><\/p>\n\n\n\n<ul class=\"wp-block-list\">\n<li>Agente Administrativo (3 CR)<\/li>\n\n\n\n<li>Assistente Social (1)<\/li>\n\n\n\n<li>Educador F\u00edsico (1)<\/li>\n\n\n\n<li>Enfermeiro (1+ 4 CR)<\/li>\n\n\n\n<li>Enfermeiro II (5)<\/li>\n\n\n\n<li>Farmac\u00eautico I (1)<\/li>\n\n\n\n<li>Farmac\u00eautico II (1)<\/li>\n\n\n\n<li>M\u00e9dico Cl\u00ednico Geral II (1)<\/li>\n\n\n\n<li>Pedagogo (1)<\/li>\n\n\n\n<li>Psic\u00f3logo (1)<\/li>\n\n\n\n<li>Terapeuta Ocupacional (1)<\/li>\n<\/ul>\n\n\n\n<p style=\"font-size:clamp(14.082px, 0.88rem + ((1vw - 3.2px) * 0.678), 21px);px\"><strong>N\u00edvel M\u00e9dio\/ T\u00e9cnico<\/strong><\/p>\n\n\n\n<ul class=\"wp-block-list\">\n<li>Auxiliar Administrativo I (3+ 18 CR)<\/li>\n\n\n\n<li>Auxiliar de Consult\u00f3rio Dent\u00e1rio (1)<\/li>\n\n\n\n<li>T\u00e9cnico de Enfermagem I (1+24CR)<\/li>\n\n\n\n<li>T\u00e9cnico de Enfermagem II (6+ 1 afrodescente)<\/li>\n<\/ul>\n\n\n\n<p style=\"font-size:clamp(14.082px, 0.88rem + ((1vw - 3.2px) * 0.678), 21px);px\"><strong>N\u00edvel Fundamental<\/strong><\/p>\n\n\n\n<ul class=\"wp-block-list\">\n<li>Auxiliar de Servi\u00e7os Gerais (3+ 9 CR)<\/li>\n<\/ul>\n\n\n\n<p>A remunera\u00e7\u00e3o ofertada varia de <strong>R$ 1.366,72<\/strong> a <strong>R$ 7.965,56,<\/strong> com carga hor\u00e1ria que vai de 20 a 40 horas semanais, a depender do cargo pretendido.<\/p>\n\n\n\n<h2 class=\"wp-block-heading\" id=\"etapa\">Etapas do concurso CONIMS<\/h2>\n\n\n\n<p>O certame constar\u00e1 apenas de uma etapa, a prova objetiva. A avalia\u00e7\u00e3o ser\u00e1 aplicada na data prov\u00e1vel de <strong>01 de Novembro de 2020<\/strong>. O candidato dever\u00e1 obter no m\u00ednimo 50% do total da prova objetiva para n\u00e3o ser eliminado do concurso p\u00fablico. Confira as disciplinas que ser\u00e3o cobradas abaixo:<\/p>\n\n\n\n<p style=\"font-size:clamp(14.082px, 0.88rem + ((1vw - 3.2px) * 0.678), 21px);px\"><strong>N\u00edvel Superior<\/strong><\/p>\n\n\n\n<figure class=\"wp-block-image aligncenter size-large\"><img loading=\"lazy\" decoding=\"async\" width=\"811\" height=\"283\" src=\"https:\/\/dhg1h5j42swfq.cloudfront.net\/2020\/08\/25150458\/image-224.png\" alt=\"etapas - Concurso CONIMS\" class=\"wp-image-560756\" srcset=\"https:\/\/dhg1h5j42swfq.cloudfront.net\/2020\/08\/25150458\/image-224.png 811w, https:\/\/dhg1h5j42swfq.cloudfront.net\/2020\/08\/25150458\/image-224-300x105.png 300w, https:\/\/dhg1h5j42swfq.cloudfront.net\/2020\/08\/25150458\/image-224-768x268.png 768w, https:\/\/dhg1h5j42swfq.cloudfront.net\/2020\/08\/25150458\/image-224-610x213.png 610w\" sizes=\"auto, (max-width: 811px) 100vw, 811px\" \/><\/figure>\n\n\n\n<p style=\"font-size:clamp(14.082px, 0.88rem + ((1vw - 3.2px) * 0.678), 21px);px\"><strong>N\u00edvel M\u00e9dio<\/strong><\/p>\n\n\n\n<figure class=\"wp-block-image size-large\"><img loading=\"lazy\" decoding=\"async\" width=\"814\" height=\"279\" src=\"https:\/\/dhg1h5j42swfq.cloudfront.net\/2020\/08\/25150531\/image-225.png\" alt=\"m\u00e9dio - Concurso CONIMS\" class=\"wp-image-560759\" srcset=\"https:\/\/dhg1h5j42swfq.cloudfront.net\/2020\/08\/25150531\/image-225.png 814w, https:\/\/dhg1h5j42swfq.cloudfront.net\/2020\/08\/25150531\/image-225-300x103.png 300w, https:\/\/dhg1h5j42swfq.cloudfront.net\/2020\/08\/25150531\/image-225-768x263.png 768w, https:\/\/dhg1h5j42swfq.cloudfront.net\/2020\/08\/25150531\/image-225-610x209.png 610w\" sizes=\"auto, (max-width: 814px) 100vw, 814px\" \/><\/figure>\n\n\n\n<p style=\"font-size:clamp(14.082px, 0.88rem + ((1vw - 3.2px) * 0.678), 21px);px\"><strong>N\u00edvel Fundamental<\/strong><\/p>\n\n\n\n<figure class=\"wp-block-image size-large\"><img loading=\"lazy\" decoding=\"async\" width=\"811\" height=\"291\" src=\"https:\/\/dhg1h5j42swfq.cloudfront.net\/2020\/08\/25150613\/image-226.png\" alt=\"fundamental \" class=\"wp-image-560761\" srcset=\"https:\/\/dhg1h5j42swfq.cloudfront.net\/2020\/08\/25150613\/image-226.png 811w, https:\/\/dhg1h5j42swfq.cloudfront.net\/2020\/08\/25150613\/image-226-300x108.png 300w, https:\/\/dhg1h5j42swfq.cloudfront.net\/2020\/08\/25150613\/image-226-768x276.png 768w, https:\/\/dhg1h5j42swfq.cloudfront.net\/2020\/08\/25150613\/image-226-610x219.png 610w\" sizes=\"auto, (max-width: 811px) 100vw, 811px\" \/><\/figure>\n\n\n\n<h2 class=\"wp-block-heading has-text-align-center\" id=\"curso\"><strong>Quer estudar para o concurso CONIMS?<\/strong><\/h2>\n\n\n\n<div class=\"container\" id=\"boxes\">\n  <div class=\"row\">\n\n    <div class=\"col-sm\">\n      <div class=\"banner-estrategia\" id=\"box-assinatura\">\n        <h3 class=\"titulo-assinatura\">Cursos CONIMS<\/h3>\n        <p class=\"subtitulo-assinatura\">Conhe\u00e7a os cursos<\/p>\n        <div class=\"box-botao\">\n          <a class=\"btn-assinatura\" target=\"_blank\" href=\"https:\/\/www.estrategiaconcursos.com.br\/cursosPorConcurso\/consorcio-intermunicipal-de-saude-da-pato-branco-pr-conims\/\" role=\"button\" rel=\"noopener noreferrer\">Conhe\u00e7a mais<\/a>\n        <\/div>\n      <\/div>\n      <p class=\"texto-auxiliar\">Prepare-se com o melhor material e com quem mais aprova em Concursos P\u00fablicos em todo o pa\u00eds.<\/p>\n    <\/div>\n\n  <\/div>\n<\/div>\n\n\n\n<div class=\"container\" id=\"boxes\">\n  <div class=\"row\">\n\n    <div class=\"col-sm\">\n      <div class=\"estrategia\" id=\"box-assinatura\">\n        <h3 class=\"titulo-assinatura\">Assinatura Ilimitada<\/h3>\n        <p class=\"subtitulo-assinatura\">Assinatura Anual Ilimitada*<\/p>\n        <div class=\"box-botao\">\n          <a class=\"btn-assinatura\" target=\"_blank\" href=\"https:\/\/www.estrategiaconcursos.com.br\/assinaturas\/\" role=\"button\" rel=\"noopener noreferrer\">ASSINE AGORA<\/a>\n        <\/div>\n      <\/div>\n      <p class=\"texto-auxiliar\">Prepare-se com o melhor material e com quem mais aprova em Concursos P\u00fablicos em todo o pa\u00eds. Assine agora a nossa Assinatura Anual e tenha acesso ilimitado* a todos os nossos cursos.<\/p>\n    <\/div>\n\n    <div class=\"col-sm\">\n      <div class=\"questoes\" id=\"box-assinatura\">\n        <h3 class=\"titulo-assinatura\">Sistema de Quest\u00f5es<\/h3>\n        <p class=\"subtitulo-assinatura\">Assinatura Ilimitada*\n<\/p>\n        <div class=\"box-botao\">\n          <a class=\"btn-assinatura\" target=\"_blank\" href=\"https:\/\/www.estrategiaconcursos.com.br\/cursosPorConcurso\/sistema-de-questoes\/#\/\" role=\"button\" rel=\"noopener noreferrer\">ASSINE AGORA<\/a>\n        <\/div>\n      <\/div>\n      <p class=\"texto-auxiliar\">Estrat\u00e9gia Quest\u00f5es nasceu maior do que todos os concorrentes, com mais quest\u00f5es cadastradas e mais solu\u00e7\u00f5es por professores. Clique no link e aproveite os descontos e b\u00f4nus imperd\u00edveis!<\/p>\n    <\/div>\n  <\/div>\n<\/div>\n\n\n\n<figure class=\"wp-block-image\"><img decoding=\"async\" src=\"https:\/\/dhg1h5j42swfq.cloudfront.net\/2017\/03\/28152500\/coruja-ficha-tecnica-300x102.png\" alt=\"Ficha T\u00e9cnica Edital PM SP Soldado\"\/><\/figure>\n\n\n\n<h3 class=\"wp-block-heading\" id=\"ficha\"><strong>Informa\u00e7\u00f5es do Edital CONIMS<\/strong><\/h3>\n\n\n\n<p>\u25ba<strong>Data prevista da prova:<\/strong>&nbsp;SUSPENSO<br \/>\u25ba<strong>Vagas:<\/strong>&nbsp;86<br \/>\u25ba<strong>Lota\u00e7\u00f5es:<\/strong>&nbsp;Pato Branco (PR)<br \/>\u25ba<strong>Banca:<\/strong>&nbsp;Funda\u00e7\u00e3o de Apoio ao Desenvolvimento da UNICENTRO<br \/>\u25ba<strong>Escolaridade:&nbsp;<\/strong>todos os n\u00edveis<br \/><strong>\u25baEdital:&nbsp;<a rel=\"noreferrer noopener\" href=\"https:\/\/dhg1h5j42swfq.cloudfront.net\/2020\/08\/25151715\/EDITAL_DE_ABERTURA_28.pdf\" target=\"_blank\">BAIXE AQUI!<\/a><\/strong><\/p>\n","protected":false},"excerpt":{"rendered":"<p>Foi anunciado pela comiss\u00e3o especial do concurso CONIMS, do Cons\u00f3rcio Intermunicipal de Sa\u00fade, o cancelamento do certame. As provas estavam previstas para 13 de dezembro de 2020, na cidade de Pato Branco (PR). A raz\u00e3o do cancelamento, segundo o documento publicado, s\u00e3o os crescentes casos do Coronav\u00edrus (COVID-19). Veja aqui o edital de cancelamento. Os [&hellip;]<\/p>\n","protected":false},"author":1,"featured_media":597425,"comment_status":"open","ping_status":"closed","sticky":false,"template":"","format":"standard","meta":{"post_tipo":"news","footnotes":""},"categories":[1988],"tags":[],"tax_estado":[219974],"class_list":["post-560707","post","type-post","status-publish","format-standard","has-post-thumbnail","hentry","category-policia","tax_estado-mg"],"acf":[],"yoast_head":"<!-- This site is optimized with the Yoast SEO Premium plugin v27.2 (Yoast SEO v27.2) - https:\/\/yoast.com\/product\/yoast-seo-premium-wordpress\/ -->\n<title>Concurso CONIMS: certame \u00e9 CANCELADO!<\/title>\n<meta name=\"description\" content=\"Foi anunciado pela comiss\u00e3o especial do concurso Cons\u00f3rcio Intermunicipal de Sa\u00fade ( CONIMS) o cancelamento do certame. O concurso ofertava 86 vagas!\" \/>\n<meta name=\"robots\" content=\"index, follow, max-snippet:-1, max-image-preview:large, max-video-preview:-1\" \/>\n<link rel=\"canonical\" href=\"https:\/\/www.estrategiaconcursos.com.br\/blog\/concurso-conims\/\" \/>\n<meta property=\"og:locale\" content=\"pt_BR\" \/>\n<meta property=\"og:type\" content=\"article\" \/>\n<meta property=\"og:title\" content=\"Concurso CONIMS: certame \u00e9 CANCELADO!\" \/>\n<meta property=\"og:description\" content=\"Foi anunciado pela comiss\u00e3o especial do concurso Cons\u00f3rcio Intermunicipal de Sa\u00fade ( CONIMS) o cancelamento do certame. O concurso ofertava 86 vagas!\" \/>\n<meta property=\"og:url\" content=\"https:\/\/www.estrategiaconcursos.com.br\/blog\/concurso-conims\/\" \/>\n<meta property=\"og:site_name\" content=\"Estrat\u00e9gia Concursos\" \/>\n<meta property=\"article:author\" content=\"https:\/\/www.facebook.com\/EstrategiaConcursos\" \/>\n<meta property=\"article:published_time\" content=\"2020-12-07T12:00:00+00:00\" \/>\n<meta property=\"article:modified_time\" content=\"2023-06-14T13:52:16+00:00\" \/>\n<meta property=\"og:image\" content=\"https:\/\/dhg1h5j42swfq.cloudfront.net\/2020\/10\/27132547\/CONIMS.jpg\" \/>\n\t<meta property=\"og:image:width\" content=\"1200\" \/>\n\t<meta property=\"og:image:height\" content=\"628\" \/>\n\t<meta property=\"og:image:type\" content=\"image\/jpeg\" \/>\n<meta name=\"author\" content=\"Coordena\u00e7\u00e3o\" \/>\n<meta name=\"twitter:card\" content=\"summary_large_image\" \/>\n<meta name=\"twitter:creator\" content=\"@EstratConcursos\" \/>\n<meta name=\"twitter:site\" content=\"@EstratConcursos\" \/>\n<meta name=\"twitter:label1\" content=\"Escrito por\" \/>\n\t<meta name=\"twitter:data1\" content=\"Coordena\u00e7\u00e3o\" \/>\n\t<meta name=\"twitter:label2\" content=\"Est. tempo de leitura\" \/>\n\t<meta name=\"twitter:data2\" content=\"2 minutos\" \/>\n<script type=\"application\/ld+json\" class=\"yoast-schema-graph\">{\"@context\":\"https:\/\/schema.org\",\"@graph\":[{\"@type\":\"NewsArticle\",\"@id\":\"https:\/\/www.estrategiaconcursos.com.br\/blog\/concurso-conims\/#article\",\"isPartOf\":{\"@id\":\"https:\/\/www.estrategiaconcursos.com.br\/blog\/concurso-conims\/\"},\"author\":{\"name\":\"Coordena\u00e7\u00e3o\",\"@id\":\"https:\/\/www.estrategiaconcursos.com.br\/blog\/#\/schema\/person\/b4a388c97673c5f483d72185668afa1f\"},\"headline\":\"Concurso CONIMS: certame \u00e9 CANCELADO!\",\"datePublished\":\"2020-12-07T12:00:00+00:00\",\"dateModified\":\"2023-06-14T13:52:16+00:00\",\"mainEntityOfPage\":{\"@id\":\"https:\/\/www.estrategiaconcursos.com.br\/blog\/concurso-conims\/\"},\"wordCount\":480,\"commentCount\":0,\"publisher\":{\"@id\":\"https:\/\/www.estrategiaconcursos.com.br\/blog\/#organization\"},\"image\":{\"@id\":\"https:\/\/www.estrategiaconcursos.com.br\/blog\/concurso-conims\/#primaryimage\"},\"thumbnailUrl\":\"https:\/\/dhg1h5j42swfq.cloudfront.net\/2020\/10\/27132547\/CONIMS.jpg\",\"articleSection\":[\"Policial (Agente, Escriv\u00e3o e Investigador)\"],\"inLanguage\":\"pt-BR\",\"potentialAction\":[{\"@type\":\"CommentAction\",\"name\":\"Comment\",\"target\":[\"https:\/\/www.estrategiaconcursos.com.br\/blog\/concurso-conims\/#respond\"]}],\"copyrightYear\":\"2020\",\"copyrightHolder\":{\"@id\":\"https:\/\/www.estrategiaconcursos.com.br\/blog\/#organization\"}},{\"@type\":\"WebPage\",\"@id\":\"https:\/\/www.estrategiaconcursos.com.br\/blog\/concurso-conims\/\",\"url\":\"https:\/\/www.estrategiaconcursos.com.br\/blog\/concurso-conims\/\",\"name\":\"Concurso CONIMS: certame \u00e9 CANCELADO!\",\"isPartOf\":{\"@id\":\"https:\/\/www.estrategiaconcursos.com.br\/blog\/#website\"},\"primaryImageOfPage\":{\"@id\":\"https:\/\/www.estrategiaconcursos.com.br\/blog\/concurso-conims\/#primaryimage\"},\"image\":{\"@id\":\"https:\/\/www.estrategiaconcursos.com.br\/blog\/concurso-conims\/#primaryimage\"},\"thumbnailUrl\":\"https:\/\/dhg1h5j42swfq.cloudfront.net\/2020\/10\/27132547\/CONIMS.jpg\",\"datePublished\":\"2020-12-07T12:00:00+00:00\",\"dateModified\":\"2023-06-14T13:52:16+00:00\",\"description\":\"Foi anunciado pela comiss\u00e3o especial do concurso Cons\u00f3rcio Intermunicipal de Sa\u00fade ( CONIMS) o cancelamento do certame. O concurso ofertava 86 vagas!\",\"breadcrumb\":{\"@id\":\"https:\/\/www.estrategiaconcursos.com.br\/blog\/concurso-conims\/#breadcrumb\"},\"inLanguage\":\"pt-BR\",\"potentialAction\":[{\"@type\":\"ReadAction\",\"target\":[\"https:\/\/www.estrategiaconcursos.com.br\/blog\/concurso-conims\/\"]}]},{\"@type\":\"ImageObject\",\"inLanguage\":\"pt-BR\",\"@id\":\"https:\/\/www.estrategiaconcursos.com.br\/blog\/concurso-conims\/#primaryimage\",\"url\":\"https:\/\/dhg1h5j42swfq.cloudfront.net\/2020\/10\/27132547\/CONIMS.jpg\",\"contentUrl\":\"https:\/\/dhg1h5j42swfq.cloudfront.net\/2020\/10\/27132547\/CONIMS.jpg\",\"width\":1200,\"height\":628},{\"@type\":\"BreadcrumbList\",\"@id\":\"https:\/\/www.estrategiaconcursos.com.br\/blog\/concurso-conims\/#breadcrumb\",\"itemListElement\":[{\"@type\":\"ListItem\",\"position\":1,\"name\":\"In\u00edcio\",\"item\":\"https:\/\/www.estrategiaconcursos.com.br\/blog\/\"},{\"@type\":\"ListItem\",\"position\":2,\"name\":\"Concurso CONIMS: certame \u00e9 CANCELADO!\"}]},{\"@type\":\"WebSite\",\"@id\":\"https:\/\/www.estrategiaconcursos.com.br\/blog\/#website\",\"url\":\"https:\/\/www.estrategiaconcursos.com.br\/blog\/\",\"name\":\"Estrat\u00e9gia Concursos\",\"description\":\"O blog da Estrat\u00e9gia Concursos traz not\u00edcias sobre concursos e artigos de professores oferecendo cursos para concursos (pdf + videaulas) no site.\",\"publisher\":{\"@id\":\"https:\/\/www.estrategiaconcursos.com.br\/blog\/#organization\"},\"potentialAction\":[{\"@type\":\"SearchAction\",\"target\":{\"@type\":\"EntryPoint\",\"urlTemplate\":\"https:\/\/www.estrategiaconcursos.com.br\/blog\/?s={search_term_string}\"},\"query-input\":{\"@type\":\"PropertyValueSpecification\",\"valueRequired\":true,\"valueName\":\"search_term_string\"}}],\"inLanguage\":\"pt-BR\"},{\"@type\":\"Organization\",\"@id\":\"https:\/\/www.estrategiaconcursos.com.br\/blog\/#organization\",\"name\":\"Estrat\u00e9gia Concursos\",\"url\":\"https:\/\/www.estrategiaconcursos.com.br\/blog\/\",\"logo\":{\"@type\":\"ImageObject\",\"inLanguage\":\"pt-BR\",\"@id\":\"https:\/\/www.estrategiaconcursos.com.br\/blog\/#\/schema\/logo\/image\/\",\"url\":\"https:\/\/dhg1h5j42swfq.cloudfront.net\/2025\/06\/03203428\/logo_concursos-1.jpg\",\"contentUrl\":\"https:\/\/dhg1h5j42swfq.cloudfront.net\/2025\/06\/03203428\/logo_concursos-1.jpg\",\"width\":230,\"height\":60,\"caption\":\"Estrat\u00e9gia Concursos\"},\"image\":{\"@id\":\"https:\/\/www.estrategiaconcursos.com.br\/blog\/#\/schema\/logo\/image\/\"},\"sameAs\":[\"https:\/\/x.com\/EstratConcursos\"]},{\"@type\":\"Person\",\"@id\":\"https:\/\/www.estrategiaconcursos.com.br\/blog\/#\/schema\/person\/b4a388c97673c5f483d72185668afa1f\",\"name\":\"Coordena\u00e7\u00e3o\",\"image\":{\"@type\":\"ImageObject\",\"inLanguage\":\"pt-BR\",\"@id\":\"https:\/\/secure.gravatar.com\/avatar\/b720319e4c9a967eb58678d110f4fe35452fc5d5f97b202bac7b8acceb18c6ad?s=96&d=mm&r=g\",\"url\":\"https:\/\/secure.gravatar.com\/avatar\/b720319e4c9a967eb58678d110f4fe35452fc5d5f97b202bac7b8acceb18c6ad?s=96&d=mm&r=g\",\"contentUrl\":\"https:\/\/secure.gravatar.com\/avatar\/b720319e4c9a967eb58678d110f4fe35452fc5d5f97b202bac7b8acceb18c6ad?s=96&d=mm&r=g\",\"caption\":\"Coordena\u00e7\u00e3o\"},\"sameAs\":[\"https:\/\/www.facebook.com\/EstrategiaConcursos\",\"https:\/\/x.com\/EstratConcursos\"],\"url\":\"https:\/\/www.estrategiaconcursos.com.br\/blog\/author\/estrategia2013\/\"}]}<\/script>\n<!-- \/ Yoast SEO Premium plugin. -->","yoast_head_json":{"title":"Concurso CONIMS: certame \u00e9 CANCELADO!","description":"Foi anunciado pela comiss\u00e3o especial do concurso Cons\u00f3rcio Intermunicipal de Sa\u00fade ( CONIMS) o cancelamento do certame. O concurso ofertava 86 vagas!","robots":{"index":"index","follow":"follow","max-snippet":"max-snippet:-1","max-image-preview":"max-image-preview:large","max-video-preview":"max-video-preview:-1"},"canonical":"https:\/\/www.estrategiaconcursos.com.br\/blog\/concurso-conims\/","og_locale":"pt_BR","og_type":"article","og_title":"Concurso CONIMS: certame \u00e9 CANCELADO!","og_description":"Foi anunciado pela comiss\u00e3o especial do concurso Cons\u00f3rcio Intermunicipal de Sa\u00fade ( CONIMS) o cancelamento do certame. O concurso ofertava 86 vagas!","og_url":"https:\/\/www.estrategiaconcursos.com.br\/blog\/concurso-conims\/","og_site_name":"Estrat\u00e9gia Concursos","article_author":"https:\/\/www.facebook.com\/EstrategiaConcursos","article_published_time":"2020-12-07T12:00:00+00:00","article_modified_time":"2023-06-14T13:52:16+00:00","og_image":[{"width":1200,"height":628,"url":"https:\/\/dhg1h5j42swfq.cloudfront.net\/2020\/10\/27132547\/CONIMS.jpg","type":"image\/jpeg"}],"author":"Coordena\u00e7\u00e3o","twitter_card":"summary_large_image","twitter_creator":"@EstratConcursos","twitter_site":"@EstratConcursos","twitter_misc":{"Escrito por":"Coordena\u00e7\u00e3o","Est. tempo de leitura":"2 minutos"},"schema":{"@context":"https:\/\/schema.org","@graph":[{"@type":"NewsArticle","@id":"https:\/\/www.estrategiaconcursos.com.br\/blog\/concurso-conims\/#article","isPartOf":{"@id":"https:\/\/www.estrategiaconcursos.com.br\/blog\/concurso-conims\/"},"author":{"name":"Coordena\u00e7\u00e3o","@id":"https:\/\/www.estrategiaconcursos.com.br\/blog\/#\/schema\/person\/b4a388c97673c5f483d72185668afa1f"},"headline":"Concurso CONIMS: certame \u00e9 CANCELADO!","datePublished":"2020-12-07T12:00:00+00:00","dateModified":"2023-06-14T13:52:16+00:00","mainEntityOfPage":{"@id":"https:\/\/www.estrategiaconcursos.com.br\/blog\/concurso-conims\/"},"wordCount":480,"commentCount":0,"publisher":{"@id":"https:\/\/www.estrategiaconcursos.com.br\/blog\/#organization"},"image":{"@id":"https:\/\/www.estrategiaconcursos.com.br\/blog\/concurso-conims\/#primaryimage"},"thumbnailUrl":"https:\/\/dhg1h5j42swfq.cloudfront.net\/2020\/10\/27132547\/CONIMS.jpg","articleSection":["Policial (Agente, Escriv\u00e3o e Investigador)"],"inLanguage":"pt-BR","potentialAction":[{"@type":"CommentAction","name":"Comment","target":["https:\/\/www.estrategiaconcursos.com.br\/blog\/concurso-conims\/#respond"]}],"copyrightYear":"2020","copyrightHolder":{"@id":"https:\/\/www.estrategiaconcursos.com.br\/blog\/#organization"}},{"@type":"WebPage","@id":"https:\/\/www.estrategiaconcursos.com.br\/blog\/concurso-conims\/","url":"https:\/\/www.estrategiaconcursos.com.br\/blog\/concurso-conims\/","name":"Concurso CONIMS: certame \u00e9 CANCELADO!","isPartOf":{"@id":"https:\/\/www.estrategiaconcursos.com.br\/blog\/#website"},"primaryImageOfPage":{"@id":"https:\/\/www.estrategiaconcursos.com.br\/blog\/concurso-conims\/#primaryimage"},"image":{"@id":"https:\/\/www.estrategiaconcursos.com.br\/blog\/concurso-conims\/#primaryimage"},"thumbnailUrl":"https:\/\/dhg1h5j42swfq.cloudfront.net\/2020\/10\/27132547\/CONIMS.jpg","datePublished":"2020-12-07T12:00:00+00:00","dateModified":"2023-06-14T13:52:16+00:00","description":"Foi anunciado pela comiss\u00e3o especial do concurso Cons\u00f3rcio Intermunicipal de Sa\u00fade ( CONIMS) o cancelamento do certame. O concurso ofertava 86 vagas!","breadcrumb":{"@id":"https:\/\/www.estrategiaconcursos.com.br\/blog\/concurso-conims\/#breadcrumb"},"inLanguage":"pt-BR","potentialAction":[{"@type":"ReadAction","target":["https:\/\/www.estrategiaconcursos.com.br\/blog\/concurso-conims\/"]}]},{"@type":"ImageObject","inLanguage":"pt-BR","@id":"https:\/\/www.estrategiaconcursos.com.br\/blog\/concurso-conims\/#primaryimage","url":"https:\/\/dhg1h5j42swfq.cloudfront.net\/2020\/10\/27132547\/CONIMS.jpg","contentUrl":"https:\/\/dhg1h5j42swfq.cloudfront.net\/2020\/10\/27132547\/CONIMS.jpg","width":1200,"height":628},{"@type":"BreadcrumbList","@id":"https:\/\/www.estrategiaconcursos.com.br\/blog\/concurso-conims\/#breadcrumb","itemListElement":[{"@type":"ListItem","position":1,"name":"In\u00edcio","item":"https:\/\/www.estrategiaconcursos.com.br\/blog\/"},{"@type":"ListItem","position":2,"name":"Concurso CONIMS: certame \u00e9 CANCELADO!"}]},{"@type":"WebSite","@id":"https:\/\/www.estrategiaconcursos.com.br\/blog\/#website","url":"https:\/\/www.estrategiaconcursos.com.br\/blog\/","name":"Estrat\u00e9gia Concursos","description":"O blog da Estrat\u00e9gia Concursos traz not\u00edcias sobre concursos e artigos de professores oferecendo cursos para concursos (pdf + videaulas) no site.","publisher":{"@id":"https:\/\/www.estrategiaconcursos.com.br\/blog\/#organization"},"potentialAction":[{"@type":"SearchAction","target":{"@type":"EntryPoint","urlTemplate":"https:\/\/www.estrategiaconcursos.com.br\/blog\/?s={search_term_string}"},"query-input":{"@type":"PropertyValueSpecification","valueRequired":true,"valueName":"search_term_string"}}],"inLanguage":"pt-BR"},{"@type":"Organization","@id":"https:\/\/www.estrategiaconcursos.com.br\/blog\/#organization","name":"Estrat\u00e9gia Concursos","url":"https:\/\/www.estrategiaconcursos.com.br\/blog\/","logo":{"@type":"ImageObject","inLanguage":"pt-BR","@id":"https:\/\/www.estrategiaconcursos.com.br\/blog\/#\/schema\/logo\/image\/","url":"https:\/\/dhg1h5j42swfq.cloudfront.net\/2025\/06\/03203428\/logo_concursos-1.jpg","contentUrl":"https:\/\/dhg1h5j42swfq.cloudfront.net\/2025\/06\/03203428\/logo_concursos-1.jpg","width":230,"height":60,"caption":"Estrat\u00e9gia Concursos"},"image":{"@id":"https:\/\/www.estrategiaconcursos.com.br\/blog\/#\/schema\/logo\/image\/"},"sameAs":["https:\/\/x.com\/EstratConcursos"]},{"@type":"Person","@id":"https:\/\/www.estrategiaconcursos.com.br\/blog\/#\/schema\/person\/b4a388c97673c5f483d72185668afa1f","name":"Coordena\u00e7\u00e3o","image":{"@type":"ImageObject","inLanguage":"pt-BR","@id":"https:\/\/secure.gravatar.com\/avatar\/b720319e4c9a967eb58678d110f4fe35452fc5d5f97b202bac7b8acceb18c6ad?s=96&d=mm&r=g","url":"https:\/\/secure.gravatar.com\/avatar\/b720319e4c9a967eb58678d110f4fe35452fc5d5f97b202bac7b8acceb18c6ad?s=96&d=mm&r=g","contentUrl":"https:\/\/secure.gravatar.com\/avatar\/b720319e4c9a967eb58678d110f4fe35452fc5d5f97b202bac7b8acceb18c6ad?s=96&d=mm&r=g","caption":"Coordena\u00e7\u00e3o"},"sameAs":["https:\/\/www.facebook.com\/EstrategiaConcursos","https:\/\/x.com\/EstratConcursos"],"url":"https:\/\/www.estrategiaconcursos.com.br\/blog\/author\/estrategia2013\/"}]}},"_links":{"self":[{"href":"https:\/\/www.estrategiaconcursos.com.br\/blog\/wp-json\/wp\/v2\/posts\/560707","targetHints":{"allow":["GET"]}}],"collection":[{"href":"https:\/\/www.estrategiaconcursos.com.br\/blog\/wp-json\/wp\/v2\/posts"}],"about":[{"href":"https:\/\/www.estrategiaconcursos.com.br\/blog\/wp-json\/wp\/v2\/types\/post"}],"author":[{"embeddable":true,"href":"https:\/\/www.estrategiaconcursos.com.br\/blog\/wp-json\/wp\/v2\/users\/1"}],"replies":[{"embeddable":true,"href":"https:\/\/www.estrategiaconcursos.com.br\/blog\/wp-json\/wp\/v2\/comments?post=560707"}],"version-history":[{"count":18,"href":"https:\/\/www.estrategiaconcursos.com.br\/blog\/wp-json\/wp\/v2\/posts\/560707\/revisions"}],"predecessor-version":[{"id":1232014,"href":"https:\/\/www.estrategiaconcursos.com.br\/blog\/wp-json\/wp\/v2\/posts\/560707\/revisions\/1232014"}],"wp:featuredmedia":[{"embeddable":true,"href":"https:\/\/www.estrategiaconcursos.com.br\/blog\/wp-json\/wp\/v2\/media\/597425"}],"wp:attachment":[{"href":"https:\/\/www.estrategiaconcursos.com.br\/blog\/wp-json\/wp\/v2\/media?parent=560707"}],"wp:term":[{"taxonomy":"category","embeddable":true,"href":"https:\/\/www.estrategiaconcursos.com.br\/blog\/wp-json\/wp\/v2\/categories?post=560707"},{"taxonomy":"post_tag","embeddable":true,"href":"https:\/\/www.estrategiaconcursos.com.br\/blog\/wp-json\/wp\/v2\/tags?post=560707"},{"taxonomy":"tax_estado","embeddable":true,"href":"https:\/\/www.estrategiaconcursos.com.br\/blog\/wp-json\/wp\/v2\/tax_estado?post=560707"}],"curies":[{"name":"wp","href":"https:\/\/api.w.org\/{rel}","templated":true}]}}