{"id":560677,"date":"2020-08-26T17:53:00","date_gmt":"2020-08-26T20:53:00","guid":{"rendered":"https:\/\/www.estrategiaconcursos.com.br\/blog\/?p=560677"},"modified":"2020-08-25T14:47:25","modified_gmt":"2020-08-25T17:47:25","slug":"coronavirus-direito-da-vida","status":"publish","type":"post","link":"https:\/\/www.estrategiaconcursos.com.br\/blog\/coronavirus-direito-da-vida\/","title":{"rendered":"Direito Civil e Coronav\u00edrus: S\u00e9rie Jur\u00eddica Direito da Vida!"},"content":{"rendered":"\n<p>A partir desta quarta-feira, 26 de agosto, o professor Paulo Sousa ir\u00e1 apresentar a s\u00e9rie jur\u00eddica <em>Direito da Vida<\/em>. Acompanhe ao vivo e gratuitamente sempre \u00e0s quartas-feiras, \u00e0s 19 horas, pelo Canal do Estrat\u00e9gia Carreiras Jur\u00eddicas no Youtube. <\/p>\n\n\n\n<h4 class=\"wp-block-heading\"><em><strong>Direito da Vida<\/strong><\/em> &#8211; <em>Cronograma<\/em> <\/h4>\n\n\n\n<p>Data: A partir de 26 de agosto de 2020 (sempre \u00e0s quartas-feiras)<br \/>Hor\u00e1rio: 19:00<br \/>Onde: <a rel=\"noreferrer noopener\" href=\"https:\/\/www.youtube.com\/c\/Estrat%C3%A9giaCarreiraJur%C3%ADdica\/videos?view=2&amp;sort=dd&amp;live_view=502&amp;shelf_id=4\" target=\"_blank\">Canal do Estrat\u00e9gia Carreira Jur\u00eddica no Youtube<\/a><\/p>\n\n\n<figure class=\"wp-block-embed-youtube wp-block-embed is-type-video is-provider-youtube wp-embed-aspect-16-9 wp-has-aspect-ratio\"><div class=\"lyte-wrapper\" style=\"width:853px;max-width:100%;margin:5px;\"><div class=\"lyMe\" id=\"WYL_rNA5DzhjuW4\"><div id=\"lyte_rNA5DzhjuW4\" data-src=\"\/\/i.ytimg.com\/vi\/rNA5DzhjuW4\/hqdefault.jpg\" class=\"pL\"><div class=\"tC\"><div class=\"tT\"><\/div><\/div><div class=\"play\"><\/div><div class=\"ctrl\"><div class=\"Lctrl\"><\/div><div class=\"Rctrl\"><\/div><\/div><\/div><noscript><a href=\"https:\/\/youtu.be\/rNA5DzhjuW4\" rel=\"nofollow\"><img loading=\"lazy\" decoding=\"async\" src=\"https:\/\/i.ytimg.com\/vi\/rNA5DzhjuW4\/0.jpg\" alt=\"YouTube video thumbnail\" width=\"853\" height=\"460\" \/><br \/>Assista a este v\u00eddeo no YouTube<\/a><\/noscript><\/div><\/div><div class=\"lL\" style=\"max-width:100%;width:853px;margin:5px;\"><\/div><figcaption><\/figcaption><\/figure>\n\n\n<h4 class=\"wp-block-heading\"><em><strong>Direito da Vida<\/strong><\/em> &#8211; <em>Curiosidades<\/em><\/h4>\n\n\n\n<p>A pandemia de coronav\u00edrus (Covid-19), que passou a afetar o Brasil e o mundo ao longo deste ano de 2020 trouxe diversos impactos \u00e0s rotinas civis dos cidad\u00e3os. As formas de contratar, de se relacionar, de trabalhar e de viver mudaram significativamente. <\/p>\n\n\n\n<p>Foram necess\u00e1rias diversas adapta\u00e7\u00f5es criativas e recria\u00e7\u00e3o de h\u00e1bitos para lidar com tantas mudan\u00e7as. E com certeza essas adapta\u00e7\u00f5es impactaram a tutela jur\u00eddica e a forma de pensar o direito civil em v\u00e1rios aspectos. <\/p>\n\n\n\n<p>Pensando nisso, a equipe de professores do Estrat\u00e9gia Carreira Jur\u00eddica criou a s\u00e9rie jur\u00eddica Direito da Vida, que tratar\u00e1 semanalmente de quest\u00f5es di\u00e1rias e corriqueiras, antes sedimentadas de maneira atrelada aos antigos h\u00e1bitos, e que agora podem ter sofrido altera\u00e7\u00f5es com a quarentena. <\/p>\n\n\n\n<p>Quer entender melhor? Ent\u00e3o n\u00e3o perca nenhum epis\u00f3dio. <\/p>\n\n\n\n<h4 class=\"wp-block-heading\"><em><strong>Direito da Vida &#8211; Programa\u00e7\u00e3o <\/strong><\/em><\/h4>\n\n\n\n<p><\/p>\n\n\n\n<figure class=\"wp-block-table is-style-stripes\"><table class=\"has-subtle-pale-blue-background-color has-fixed-layout has-background\"><tbody><tr><td class=\"has-text-align-left\" data-align=\"left\"><strong>Data<\/strong><\/td><td><strong>Tema <\/strong><\/td><\/tr><tr><td class=\"has-text-align-left\" data-align=\"left\"><strong>26\/08 <\/strong><\/td><td>Direito Civil nos Tempos do Coronav\u00edrus<\/td><\/tr><tr><td class=\"has-text-align-left\" data-align=\"left\"><strong>02\/09<\/strong><\/td><td>Capacidade Matrimonial nos Tempos da Lei 13.811\/2019<\/td><\/tr><tr><td class=\"has-text-align-left\" data-align=\"left\"><strong>09\/09<\/strong><\/td><td>Presun\u00e7\u00e3o de Morte nos Tempos da Pandemia<\/td><\/tr><tr><td class=\"has-text-align-left\" data-align=\"left\"><strong>16\/09<\/strong><\/td><td>Destaque ao C\u00f4njuge nos Tempos dos Trabalhos Dom\u00e9sticos<\/td><\/tr><tr><td class=\"has-text-align-left\" data-align=\"left\"><strong>23\/09<\/strong><\/td><td>Contratos Entre Presentes e Ausentes nos Tempos das Lives<\/td><\/tr><tr><td class=\"has-text-align-left\" data-align=\"left\"><strong>30\/09<\/strong><\/td><td>O Costume dos Dobres nos Tempos do Lockdown<\/td><\/tr><tr><td class=\"has-text-align-left\" data-align=\"left\"><strong>07\/10<\/strong><\/td><td>Os Impedimentos ao Amor nos Tempos da Quarentena<\/td><\/tr><tr><td class=\"has-text-align-left\" data-align=\"left\"><strong>14\/10<\/strong><\/td><td>As Uni\u00f5es Paralelas nos Tempos do Isolamento Social<\/td><\/tr><tr><td class=\"has-text-align-left\" data-align=\"left\"><strong>21\/10<\/strong><\/td><td>A Multiparentalidade nos Tempos da Reprogen\u00e9tica<\/td><\/tr><tr><td class=\"has-text-align-left\" data-align=\"left\"><strong>28\/10<\/strong><\/td><td>Tutores e Curadores nos Tempos das Restri\u00e7\u00f5es<\/td><\/tr><tr><td class=\"has-text-align-left\" data-align=\"left\"><strong>04\/11<\/strong><\/td><td>A Sucess\u00e3o nos Tempos da Solid\u00e3o<\/td><\/tr><\/tbody><\/table><figcaption>Direito da Vida: Programa\u00e7\u00e3o <\/figcaption><\/figure>\n\n\n\n<h2 class=\"has-text-align-center wp-block-heading\"><em>Quer estudar Direito da Vida para concursos<\/em>?<\/h2>\n\n\n\n<p class=\"has-background has-text-align-center has-luminous-vivid-amber-background-color\"><em><strong><a rel=\"noreferrer noopener\" href=\"https:\/\/www.estrategiaconcursos.com.br\/cursosPorConcurso\/policia-federal-delegado-79\/\" target=\"_blank\">CURSOS PARA CONCURSOS<\/a><\/strong><\/em><\/p>\n\n\n\n<p class=\"has-text-align-center\"><strong><em><strong>Sistema de Quest\u00f5es<\/strong><\/em><\/strong><\/p>\n\n\n\n<p class=\"has-text-align-center\">Estrat\u00e9gia Quest\u00f5es nasceu maior do que todos os concorrentes, com mais quest\u00f5es cadastradas e mais solu\u00e7\u00f5es por professores. Clique no link e aproveite os descontos e b\u00f4nus imperd\u00edveis!<\/p>\n\n\n\n<p class=\"has-background has-text-align-center has-vivid-green-cyan-background-color\"><strong>ASSINE AGORA \u2013&nbsp;<a href=\"https:\/\/www.estrategiaconcursos.com.br\/cursosPorConcurso\/sistema-de-questoes\/#\/\" target=\"_blank\" rel=\"noreferrer noopener\">Sistema de Quest\u00f5es<\/a><\/strong><\/p>\n\n\n\n<p class=\"has-text-align-center\"><em><strong>Fique por dentro de todos os concursos<\/strong><\/em> <em><strong>dos concursos com editais publicados e tamb\u00e9m dos concursos que ainda v\u00e3o publicar editais:<\/strong><\/em><\/p>\n\n\n\n<p class=\"has-background has-text-align-center has-pale-cyan-blue-background-color\"><a href=\"https:\/\/www.estrategiaconcursos.com.br\/blog\/concursos-abertos\/\" target=\"_blank\" rel=\"noreferrer noopener\"><strong>Concursos abertos<\/strong><\/a><\/p>\n\n\n\n<p class=\"has-background has-text-align-center has-pale-cyan-blue-background-color\"><a href=\"https:\/\/www.estrategiaconcursos.com.br\/blog\/concursos-2020\/\" target=\"_blank\" rel=\"noreferrer noopener\"><strong>Concursos 2020<\/strong><\/a><\/p>\n\n\n\n<p class=\"has-background has-text-align-center has-pale-cyan-blue-background-color\"><strong><a href=\"https:\/\/www.estrategiaconcursos.com.br\/blog\/concursos-2021\/\" target=\"_blank\" rel=\"noreferrer noopener\">Concursos 2021<\/a><\/strong><\/p>\n\n\n\n<p class=\"has-background has-text-align-center has-pale-cyan-blue-background-color\"><a href=\"https:\/\/www.estrategiaconcursos.com.br\/blog\/concursos-de-direito\" target=\"_blank\" rel=\"noreferrer noopener\"><strong>Concursos de Dir<\/strong><\/a><strong><a href=\"https:\/\/www.estrategiaconcursos.com.br\/blog\/concursos-de-direito\" target=\"_blank\" rel=\"noreferrer noopener\">eito<\/a><\/strong><\/p>\n","protected":false},"excerpt":{"rendered":"<p>A partir desta quarta-feira, 26 de agosto, o professor Paulo Sousa ir\u00e1 apresentar a s\u00e9rie jur\u00eddica Direito da Vida. Acompanhe ao vivo e gratuitamente sempre \u00e0s quartas-feiras, \u00e0s 19 horas, pelo Canal do Estrat\u00e9gia Carreiras Jur\u00eddicas no Youtube. Direito da Vida &#8211; Cronograma Data: A partir de 26 de agosto de 2020 (sempre \u00e0s quartas-feiras)Hor\u00e1rio: [&hellip;]<\/p>\n","protected":false},"author":180,"featured_media":560699,"comment_status":"open","ping_status":"closed","sticky":false,"template":"","format":"standard","meta":{"post_tipo":"article","footnotes":""},"categories":[1],"tags":[],"tax_estado":[],"class_list":["post-560677","post","type-post","status-publish","format-standard","has-post-thumbnail","hentry","category-cursos-e-concursos"],"acf":[],"yoast_head":"<!-- This site is optimized with the Yoast SEO Premium plugin v27.2 (Yoast SEO v27.2) - https:\/\/yoast.com\/product\/yoast-seo-premium-wordpress\/ -->\n<title>Direito Civil e Coronav\u00edrus: S\u00e9rie Jur\u00eddica Direito da Vida!<\/title>\n<meta name=\"description\" content=\"O professor Paulo Sousa ir\u00e1 apresentar a S\u00e9rie Jur\u00eddica Direito da Vida, sempre \u00e0s quartas-feiras, a partir das 19 horas, a partir de hoje. N\u00e3o perca!\" \/>\n<meta name=\"robots\" content=\"index, follow, max-snippet:-1, max-image-preview:large, max-video-preview:-1\" \/>\n<link rel=\"canonical\" href=\"https:\/\/www.estrategiaconcursos.com.br\/blog\/coronavirus-direito-da-vida\/\" \/>\n<meta property=\"og:locale\" content=\"pt_BR\" \/>\n<meta property=\"og:type\" content=\"article\" \/>\n<meta property=\"og:title\" content=\"Direito Civil e Coronav\u00edrus: S\u00e9rie Jur\u00eddica Direito da Vida!\" \/>\n<meta property=\"og:description\" content=\"O professor Paulo Sousa ir\u00e1 apresentar a S\u00e9rie Jur\u00eddica Direito da Vida, sempre \u00e0s quartas-feiras, a partir das 19 horas, a partir de hoje. N\u00e3o perca!\" \/>\n<meta property=\"og:url\" content=\"https:\/\/www.estrategiaconcursos.com.br\/blog\/coronavirus-direito-da-vida\/\" \/>\n<meta property=\"og:site_name\" content=\"Estrat\u00e9gia Concursos\" \/>\n<meta property=\"article:author\" content=\"https:\/\/www.facebook.com\/ricardo.s.torques\" \/>\n<meta property=\"article:published_time\" content=\"2020-08-26T20:53:00+00:00\" \/>\n<meta property=\"og:image\" content=\"https:\/\/dhg1h5j42swfq.cloudfront.net\/2020\/08\/25141409\/YTB_DIREITO-DA-VIDA-_Direito-Civil-nos-Tempos-do-Coronav%C3%ADrus_.jpg\" \/>\n\t<meta property=\"og:image:width\" content=\"1280\" \/>\n\t<meta property=\"og:image:height\" content=\"720\" \/>\n\t<meta property=\"og:image:type\" content=\"image\/jpeg\" \/>\n<meta name=\"author\" content=\"Ricardo Torques\" \/>\n<meta name=\"twitter:card\" content=\"summary_large_image\" \/>\n<meta name=\"twitter:creator\" content=\"@EstratConcursos\" \/>\n<meta name=\"twitter:site\" content=\"@EstratConcursos\" \/>\n<meta name=\"twitter:label1\" content=\"Escrito por\" \/>\n\t<meta name=\"twitter:data1\" content=\"Ricardo Torques\" \/>\n\t<meta name=\"twitter:label2\" content=\"Est. tempo de leitura\" \/>\n\t<meta name=\"twitter:data2\" content=\"2 minutos\" \/>\n<script type=\"application\/ld+json\" class=\"yoast-schema-graph\">{\"@context\":\"https:\/\/schema.org\",\"@graph\":[{\"@type\":\"NewsArticle\",\"@id\":\"https:\/\/www.estrategiaconcursos.com.br\/blog\/coronavirus-direito-da-vida\/#article\",\"isPartOf\":{\"@id\":\"https:\/\/www.estrategiaconcursos.com.br\/blog\/coronavirus-direito-da-vida\/\"},\"author\":{\"name\":\"Ricardo Torques\",\"@id\":\"https:\/\/www.estrategiaconcursos.com.br\/blog\/#\/schema\/person\/aa39cf5ddb518e5bdce27c35788405e2\"},\"headline\":\"Direito Civil e Coronav\u00edrus: S\u00e9rie Jur\u00eddica Direito da Vida!\",\"datePublished\":\"2020-08-26T20:53:00+00:00\",\"mainEntityOfPage\":{\"@id\":\"https:\/\/www.estrategiaconcursos.com.br\/blog\/coronavirus-direito-da-vida\/\"},\"wordCount\":426,\"commentCount\":0,\"publisher\":{\"@id\":\"https:\/\/www.estrategiaconcursos.com.br\/blog\/#organization\"},\"image\":{\"@id\":\"https:\/\/www.estrategiaconcursos.com.br\/blog\/coronavirus-direito-da-vida\/#primaryimage\"},\"thumbnailUrl\":\"https:\/\/dhg1h5j42swfq.cloudfront.net\/2020\/08\/25141409\/YTB_DIREITO-DA-VIDA-_Direito-Civil-nos-Tempos-do-Coronav%C3%ADrus_.jpg\",\"articleSection\":[\"Concursos P\u00fablicos\"],\"inLanguage\":\"pt-BR\",\"potentialAction\":[{\"@type\":\"CommentAction\",\"name\":\"Comment\",\"target\":[\"https:\/\/www.estrategiaconcursos.com.br\/blog\/coronavirus-direito-da-vida\/#respond\"]}],\"copyrightYear\":\"2020\",\"copyrightHolder\":{\"@id\":\"https:\/\/www.estrategiaconcursos.com.br\/blog\/#organization\"}},{\"@type\":\"WebPage\",\"@id\":\"https:\/\/www.estrategiaconcursos.com.br\/blog\/coronavirus-direito-da-vida\/\",\"url\":\"https:\/\/www.estrategiaconcursos.com.br\/blog\/coronavirus-direito-da-vida\/\",\"name\":\"Direito Civil e Coronav\u00edrus: S\u00e9rie Jur\u00eddica Direito da Vida!\",\"isPartOf\":{\"@id\":\"https:\/\/www.estrategiaconcursos.com.br\/blog\/#website\"},\"primaryImageOfPage\":{\"@id\":\"https:\/\/www.estrategiaconcursos.com.br\/blog\/coronavirus-direito-da-vida\/#primaryimage\"},\"image\":{\"@id\":\"https:\/\/www.estrategiaconcursos.com.br\/blog\/coronavirus-direito-da-vida\/#primaryimage\"},\"thumbnailUrl\":\"https:\/\/dhg1h5j42swfq.cloudfront.net\/2020\/08\/25141409\/YTB_DIREITO-DA-VIDA-_Direito-Civil-nos-Tempos-do-Coronav%C3%ADrus_.jpg\",\"datePublished\":\"2020-08-26T20:53:00+00:00\",\"description\":\"O professor Paulo Sousa ir\u00e1 apresentar a S\u00e9rie Jur\u00eddica Direito da Vida, sempre \u00e0s quartas-feiras, a partir das 19 horas, a partir de hoje. N\u00e3o perca!\",\"breadcrumb\":{\"@id\":\"https:\/\/www.estrategiaconcursos.com.br\/blog\/coronavirus-direito-da-vida\/#breadcrumb\"},\"inLanguage\":\"pt-BR\",\"potentialAction\":[{\"@type\":\"ReadAction\",\"target\":[\"https:\/\/www.estrategiaconcursos.com.br\/blog\/coronavirus-direito-da-vida\/\"]}]},{\"@type\":\"ImageObject\",\"inLanguage\":\"pt-BR\",\"@id\":\"https:\/\/www.estrategiaconcursos.com.br\/blog\/coronavirus-direito-da-vida\/#primaryimage\",\"url\":\"https:\/\/dhg1h5j42swfq.cloudfront.net\/2020\/08\/25141409\/YTB_DIREITO-DA-VIDA-_Direito-Civil-nos-Tempos-do-Coronav%C3%ADrus_.jpg\",\"contentUrl\":\"https:\/\/dhg1h5j42swfq.cloudfront.net\/2020\/08\/25141409\/YTB_DIREITO-DA-VIDA-_Direito-Civil-nos-Tempos-do-Coronav%C3%ADrus_.jpg\",\"width\":1280,\"height\":720,\"caption\":\"Direito da Vida\"},{\"@type\":\"BreadcrumbList\",\"@id\":\"https:\/\/www.estrategiaconcursos.com.br\/blog\/coronavirus-direito-da-vida\/#breadcrumb\",\"itemListElement\":[{\"@type\":\"ListItem\",\"position\":1,\"name\":\"In\u00edcio\",\"item\":\"https:\/\/www.estrategiaconcursos.com.br\/blog\/\"},{\"@type\":\"ListItem\",\"position\":2,\"name\":\"Direito Civil e Coronav\u00edrus: S\u00e9rie Jur\u00eddica Direito da Vida!\"}]},{\"@type\":\"WebSite\",\"@id\":\"https:\/\/www.estrategiaconcursos.com.br\/blog\/#website\",\"url\":\"https:\/\/www.estrategiaconcursos.com.br\/blog\/\",\"name\":\"Estrat\u00e9gia Concursos\",\"description\":\"O blog da Estrat\u00e9gia Concursos traz not\u00edcias sobre concursos e artigos de professores oferecendo cursos para concursos (pdf + videaulas) no site.\",\"publisher\":{\"@id\":\"https:\/\/www.estrategiaconcursos.com.br\/blog\/#organization\"},\"potentialAction\":[{\"@type\":\"SearchAction\",\"target\":{\"@type\":\"EntryPoint\",\"urlTemplate\":\"https:\/\/www.estrategiaconcursos.com.br\/blog\/?s={search_term_string}\"},\"query-input\":{\"@type\":\"PropertyValueSpecification\",\"valueRequired\":true,\"valueName\":\"search_term_string\"}}],\"inLanguage\":\"pt-BR\"},{\"@type\":\"Organization\",\"@id\":\"https:\/\/www.estrategiaconcursos.com.br\/blog\/#organization\",\"name\":\"Estrat\u00e9gia Concursos\",\"url\":\"https:\/\/www.estrategiaconcursos.com.br\/blog\/\",\"logo\":{\"@type\":\"ImageObject\",\"inLanguage\":\"pt-BR\",\"@id\":\"https:\/\/www.estrategiaconcursos.com.br\/blog\/#\/schema\/logo\/image\/\",\"url\":\"https:\/\/dhg1h5j42swfq.cloudfront.net\/2025\/06\/03203428\/logo_concursos-1.jpg\",\"contentUrl\":\"https:\/\/dhg1h5j42swfq.cloudfront.net\/2025\/06\/03203428\/logo_concursos-1.jpg\",\"width\":230,\"height\":60,\"caption\":\"Estrat\u00e9gia Concursos\"},\"image\":{\"@id\":\"https:\/\/www.estrategiaconcursos.com.br\/blog\/#\/schema\/logo\/image\/\"},\"sameAs\":[\"https:\/\/x.com\/EstratConcursos\"]},{\"@type\":\"Person\",\"@id\":\"https:\/\/www.estrategiaconcursos.com.br\/blog\/#\/schema\/person\/aa39cf5ddb518e5bdce27c35788405e2\",\"name\":\"Ricardo Torques\",\"image\":{\"@type\":\"ImageObject\",\"inLanguage\":\"pt-BR\",\"@id\":\"https:\/\/secure.gravatar.com\/avatar\/ce9ac6c3cff25fe86d15ed568ebc64d1724baf5c0693133bcb1f6073f712f92a?s=96&d=mm&r=g\",\"url\":\"https:\/\/secure.gravatar.com\/avatar\/ce9ac6c3cff25fe86d15ed568ebc64d1724baf5c0693133bcb1f6073f712f92a?s=96&d=mm&r=g\",\"contentUrl\":\"https:\/\/secure.gravatar.com\/avatar\/ce9ac6c3cff25fe86d15ed568ebc64d1724baf5c0693133bcb1f6073f712f92a?s=96&d=mm&r=g\",\"caption\":\"Ricardo Torques\"},\"sameAs\":[\"https:\/\/www.facebook.com\/ricardo.s.torques\"],\"url\":\"https:\/\/www.estrategiaconcursos.com.br\/blog\/author\/ricardotorquesestrategiaconcursos-com-br\/\"}]}<\/script>\n<!-- \/ Yoast SEO Premium plugin. -->","yoast_head_json":{"title":"Direito Civil e Coronav\u00edrus: S\u00e9rie Jur\u00eddica Direito da Vida!","description":"O professor Paulo Sousa ir\u00e1 apresentar a S\u00e9rie Jur\u00eddica Direito da Vida, sempre \u00e0s quartas-feiras, a partir das 19 horas, a partir de hoje. N\u00e3o perca!","robots":{"index":"index","follow":"follow","max-snippet":"max-snippet:-1","max-image-preview":"max-image-preview:large","max-video-preview":"max-video-preview:-1"},"canonical":"https:\/\/www.estrategiaconcursos.com.br\/blog\/coronavirus-direito-da-vida\/","og_locale":"pt_BR","og_type":"article","og_title":"Direito Civil e Coronav\u00edrus: S\u00e9rie Jur\u00eddica Direito da Vida!","og_description":"O professor Paulo Sousa ir\u00e1 apresentar a S\u00e9rie Jur\u00eddica Direito da Vida, sempre \u00e0s quartas-feiras, a partir das 19 horas, a partir de hoje. N\u00e3o perca!","og_url":"https:\/\/www.estrategiaconcursos.com.br\/blog\/coronavirus-direito-da-vida\/","og_site_name":"Estrat\u00e9gia Concursos","article_author":"https:\/\/www.facebook.com\/ricardo.s.torques","article_published_time":"2020-08-26T20:53:00+00:00","og_image":[{"width":1280,"height":720,"url":"https:\/\/dhg1h5j42swfq.cloudfront.net\/2020\/08\/25141409\/YTB_DIREITO-DA-VIDA-_Direito-Civil-nos-Tempos-do-Coronav%C3%ADrus_.jpg","type":"image\/jpeg"}],"author":"Ricardo Torques","twitter_card":"summary_large_image","twitter_creator":"@EstratConcursos","twitter_site":"@EstratConcursos","twitter_misc":{"Escrito por":"Ricardo Torques","Est. tempo de leitura":"2 minutos"},"schema":{"@context":"https:\/\/schema.org","@graph":[{"@type":"NewsArticle","@id":"https:\/\/www.estrategiaconcursos.com.br\/blog\/coronavirus-direito-da-vida\/#article","isPartOf":{"@id":"https:\/\/www.estrategiaconcursos.com.br\/blog\/coronavirus-direito-da-vida\/"},"author":{"name":"Ricardo Torques","@id":"https:\/\/www.estrategiaconcursos.com.br\/blog\/#\/schema\/person\/aa39cf5ddb518e5bdce27c35788405e2"},"headline":"Direito Civil e Coronav\u00edrus: S\u00e9rie Jur\u00eddica Direito da Vida!","datePublished":"2020-08-26T20:53:00+00:00","mainEntityOfPage":{"@id":"https:\/\/www.estrategiaconcursos.com.br\/blog\/coronavirus-direito-da-vida\/"},"wordCount":426,"commentCount":0,"publisher":{"@id":"https:\/\/www.estrategiaconcursos.com.br\/blog\/#organization"},"image":{"@id":"https:\/\/www.estrategiaconcursos.com.br\/blog\/coronavirus-direito-da-vida\/#primaryimage"},"thumbnailUrl":"https:\/\/dhg1h5j42swfq.cloudfront.net\/2020\/08\/25141409\/YTB_DIREITO-DA-VIDA-_Direito-Civil-nos-Tempos-do-Coronav%C3%ADrus_.jpg","articleSection":["Concursos P\u00fablicos"],"inLanguage":"pt-BR","potentialAction":[{"@type":"CommentAction","name":"Comment","target":["https:\/\/www.estrategiaconcursos.com.br\/blog\/coronavirus-direito-da-vida\/#respond"]}],"copyrightYear":"2020","copyrightHolder":{"@id":"https:\/\/www.estrategiaconcursos.com.br\/blog\/#organization"}},{"@type":"WebPage","@id":"https:\/\/www.estrategiaconcursos.com.br\/blog\/coronavirus-direito-da-vida\/","url":"https:\/\/www.estrategiaconcursos.com.br\/blog\/coronavirus-direito-da-vida\/","name":"Direito Civil e Coronav\u00edrus: S\u00e9rie Jur\u00eddica Direito da Vida!","isPartOf":{"@id":"https:\/\/www.estrategiaconcursos.com.br\/blog\/#website"},"primaryImageOfPage":{"@id":"https:\/\/www.estrategiaconcursos.com.br\/blog\/coronavirus-direito-da-vida\/#primaryimage"},"image":{"@id":"https:\/\/www.estrategiaconcursos.com.br\/blog\/coronavirus-direito-da-vida\/#primaryimage"},"thumbnailUrl":"https:\/\/dhg1h5j42swfq.cloudfront.net\/2020\/08\/25141409\/YTB_DIREITO-DA-VIDA-_Direito-Civil-nos-Tempos-do-Coronav%C3%ADrus_.jpg","datePublished":"2020-08-26T20:53:00+00:00","description":"O professor Paulo Sousa ir\u00e1 apresentar a S\u00e9rie Jur\u00eddica Direito da Vida, sempre \u00e0s quartas-feiras, a partir das 19 horas, a partir de hoje. N\u00e3o perca!","breadcrumb":{"@id":"https:\/\/www.estrategiaconcursos.com.br\/blog\/coronavirus-direito-da-vida\/#breadcrumb"},"inLanguage":"pt-BR","potentialAction":[{"@type":"ReadAction","target":["https:\/\/www.estrategiaconcursos.com.br\/blog\/coronavirus-direito-da-vida\/"]}]},{"@type":"ImageObject","inLanguage":"pt-BR","@id":"https:\/\/www.estrategiaconcursos.com.br\/blog\/coronavirus-direito-da-vida\/#primaryimage","url":"https:\/\/dhg1h5j42swfq.cloudfront.net\/2020\/08\/25141409\/YTB_DIREITO-DA-VIDA-_Direito-Civil-nos-Tempos-do-Coronav%C3%ADrus_.jpg","contentUrl":"https:\/\/dhg1h5j42swfq.cloudfront.net\/2020\/08\/25141409\/YTB_DIREITO-DA-VIDA-_Direito-Civil-nos-Tempos-do-Coronav%C3%ADrus_.jpg","width":1280,"height":720,"caption":"Direito da Vida"},{"@type":"BreadcrumbList","@id":"https:\/\/www.estrategiaconcursos.com.br\/blog\/coronavirus-direito-da-vida\/#breadcrumb","itemListElement":[{"@type":"ListItem","position":1,"name":"In\u00edcio","item":"https:\/\/www.estrategiaconcursos.com.br\/blog\/"},{"@type":"ListItem","position":2,"name":"Direito Civil e Coronav\u00edrus: S\u00e9rie Jur\u00eddica Direito da Vida!"}]},{"@type":"WebSite","@id":"https:\/\/www.estrategiaconcursos.com.br\/blog\/#website","url":"https:\/\/www.estrategiaconcursos.com.br\/blog\/","name":"Estrat\u00e9gia Concursos","description":"O blog da Estrat\u00e9gia Concursos traz not\u00edcias sobre concursos e artigos de professores oferecendo cursos para concursos (pdf + videaulas) no site.","publisher":{"@id":"https:\/\/www.estrategiaconcursos.com.br\/blog\/#organization"},"potentialAction":[{"@type":"SearchAction","target":{"@type":"EntryPoint","urlTemplate":"https:\/\/www.estrategiaconcursos.com.br\/blog\/?s={search_term_string}"},"query-input":{"@type":"PropertyValueSpecification","valueRequired":true,"valueName":"search_term_string"}}],"inLanguage":"pt-BR"},{"@type":"Organization","@id":"https:\/\/www.estrategiaconcursos.com.br\/blog\/#organization","name":"Estrat\u00e9gia Concursos","url":"https:\/\/www.estrategiaconcursos.com.br\/blog\/","logo":{"@type":"ImageObject","inLanguage":"pt-BR","@id":"https:\/\/www.estrategiaconcursos.com.br\/blog\/#\/schema\/logo\/image\/","url":"https:\/\/dhg1h5j42swfq.cloudfront.net\/2025\/06\/03203428\/logo_concursos-1.jpg","contentUrl":"https:\/\/dhg1h5j42swfq.cloudfront.net\/2025\/06\/03203428\/logo_concursos-1.jpg","width":230,"height":60,"caption":"Estrat\u00e9gia Concursos"},"image":{"@id":"https:\/\/www.estrategiaconcursos.com.br\/blog\/#\/schema\/logo\/image\/"},"sameAs":["https:\/\/x.com\/EstratConcursos"]},{"@type":"Person","@id":"https:\/\/www.estrategiaconcursos.com.br\/blog\/#\/schema\/person\/aa39cf5ddb518e5bdce27c35788405e2","name":"Ricardo Torques","image":{"@type":"ImageObject","inLanguage":"pt-BR","@id":"https:\/\/secure.gravatar.com\/avatar\/ce9ac6c3cff25fe86d15ed568ebc64d1724baf5c0693133bcb1f6073f712f92a?s=96&d=mm&r=g","url":"https:\/\/secure.gravatar.com\/avatar\/ce9ac6c3cff25fe86d15ed568ebc64d1724baf5c0693133bcb1f6073f712f92a?s=96&d=mm&r=g","contentUrl":"https:\/\/secure.gravatar.com\/avatar\/ce9ac6c3cff25fe86d15ed568ebc64d1724baf5c0693133bcb1f6073f712f92a?s=96&d=mm&r=g","caption":"Ricardo Torques"},"sameAs":["https:\/\/www.facebook.com\/ricardo.s.torques"],"url":"https:\/\/www.estrategiaconcursos.com.br\/blog\/author\/ricardotorquesestrategiaconcursos-com-br\/"}]}},"_links":{"self":[{"href":"https:\/\/www.estrategiaconcursos.com.br\/blog\/wp-json\/wp\/v2\/posts\/560677","targetHints":{"allow":["GET"]}}],"collection":[{"href":"https:\/\/www.estrategiaconcursos.com.br\/blog\/wp-json\/wp\/v2\/posts"}],"about":[{"href":"https:\/\/www.estrategiaconcursos.com.br\/blog\/wp-json\/wp\/v2\/types\/post"}],"author":[{"embeddable":true,"href":"https:\/\/www.estrategiaconcursos.com.br\/blog\/wp-json\/wp\/v2\/users\/180"}],"replies":[{"embeddable":true,"href":"https:\/\/www.estrategiaconcursos.com.br\/blog\/wp-json\/wp\/v2\/comments?post=560677"}],"version-history":[{"count":16,"href":"https:\/\/www.estrategiaconcursos.com.br\/blog\/wp-json\/wp\/v2\/posts\/560677\/revisions"}],"predecessor-version":[{"id":560731,"href":"https:\/\/www.estrategiaconcursos.com.br\/blog\/wp-json\/wp\/v2\/posts\/560677\/revisions\/560731"}],"wp:featuredmedia":[{"embeddable":true,"href":"https:\/\/www.estrategiaconcursos.com.br\/blog\/wp-json\/wp\/v2\/media\/560699"}],"wp:attachment":[{"href":"https:\/\/www.estrategiaconcursos.com.br\/blog\/wp-json\/wp\/v2\/media?parent=560677"}],"wp:term":[{"taxonomy":"category","embeddable":true,"href":"https:\/\/www.estrategiaconcursos.com.br\/blog\/wp-json\/wp\/v2\/categories?post=560677"},{"taxonomy":"post_tag","embeddable":true,"href":"https:\/\/www.estrategiaconcursos.com.br\/blog\/wp-json\/wp\/v2\/tags?post=560677"},{"taxonomy":"tax_estado","embeddable":true,"href":"https:\/\/www.estrategiaconcursos.com.br\/blog\/wp-json\/wp\/v2\/tax_estado?post=560677"}],"curies":[{"name":"wp","href":"https:\/\/api.w.org\/{rel}","templated":true}]}}