{"id":560520,"date":"2020-09-04T09:30:00","date_gmt":"2020-09-04T12:30:00","guid":{"rendered":"https:\/\/www.estrategiaconcursos.com.br\/blog\/?p=560520"},"modified":"2020-10-15T16:06:59","modified_gmt":"2020-10-15T19:06:59","slug":"creci-rs-inscricoes-abertas","status":"publish","type":"post","link":"https:\/\/www.estrategiaconcursos.com.br\/blog\/creci-rs-inscricoes-abertas\/","title":{"rendered":"CRECI RS: inscri\u00e7\u00f5es at\u00e9 13 setembro; garanta o seu futuro!"},"content":{"rendered":"\n<p>O dia 13 de setembro para muitos  \u00e9 um dia comum, mas para voc\u00ea que sonha em ser aprovado em um concurso p\u00fablico, \u00e9 a data limite para se inscrever para o processo seletivo do CRECI RS.<\/p>\n\n\n\n<p>S\u00e3o 32 vagas distribu\u00eddas para cargos de forma\u00e7\u00e3o m\u00e9dio, t\u00e9cnico e superior. Ficou interessado? Ent\u00e3o, aproveite que as inscri\u00e7\u00f5es foram <strong>prorrogadas <\/strong>at\u00e9 13 de setembro e garanta sua vaga.<\/p>\n\n\n\n<p>\u00c9 momento de focar no seu objetivo e estudar com quem mais aprova no mercado! O Estrat\u00e9gia <a href=\"https:\/\/www.estrategiaconcursos.com.br\/cursosPorConcurso\/conselho-regional-de-corretores-de-imoveis-do-estado-do-rio-grande-do-sul-creci-rs\/\" target=\"_blank\" rel=\"noreferrer noopener\">Concursos possui&nbsp;cursos espec\u00edficos para este concurso CRECI RS<\/a>. Confira aqui!<\/p>\n\n\n\n<p class=\"has-light-green-cyan-background-color has-background\"><strong>Torne-se tamb\u00e9m nosso assinante e tenha benef\u00edcios exclusivos!&nbsp;\u2013&nbsp;<a rel=\"noreferrer noopener\" href=\"https:\/\/www.estrategiaconcursos.com.br\/assinaturas\" target=\"_blank\">Assinatura Ilimitada<\/a><\/strong><\/p>\n\n\n\n<p>N\u00e3o se esque\u00e7a de que a inscri\u00e7\u00e3o do concurso CRECI RS deve ser feita pelo site da banca organizadora, o IUDS. Confira abaixo os valores das taxas:<\/p>\n\n\n\n<ul class=\"wp-block-list\"><li>N\u00edvel m\u00e9dio e t\u00e9cnico:&nbsp;<strong>R$ 30,00<\/strong><\/li><li>N\u00edvel superior:&nbsp;<strong>R$ 40,00<\/strong><\/li><\/ul>\n\n\n\n<p>O concurso do Conselho Regional de Corretores de Im\u00f3veis do Estado do Rio Grande do Sul \u00e9 composto por apenas uma etapa, sendo ela objetiva. \u00c9 importante ressaltar que por ser fase \u00fanica, ela ser\u00e1 eliminat\u00f3ria. <\/p>\n\n\n\n<p>N\u00f3s sabemos o quanto \u00e9 trabalhoso ser aprovado no concurso p\u00fablico desejado. Mas, com o nosso time ao seu lado, nada ser\u00e1 imposs\u00edvel. Confira os nossos cursos e oportunidades para alavancar o seu desempenho frente aos demais candidatos&nbsp;<strong>ao final deste artigo!!<\/strong><\/p>\n\n\n\n<p class=\"has-text-align-center has-very-light-gray-background-color has-background\" style=\"font-size:clamp(14.642px, 0.915rem + ((1vw - 3.2px) * 0.721), 22px);px\"><strong>Resum\u00e3o Concurso CRECI RS<\/strong><\/p>\n\n\n\n<p>O concurso oferta aos candidatos 32 vagas no total, divididas para os cargos de Profissional de Suporte T\u00e9cnico, Profissional Analista Superior e Profissional de Fiscaliza\u00e7\u00e3o.<\/p>\n\n\n\n<p>Para os cargos de n\u00edvel m\u00e9dio a remunera\u00e7\u00e3o \u00e9 de R$ 1.350,00. Para os de n\u00edvel t\u00e9cnico R$ 2.826,60 e para os cargos de n\u00edvel superior, R$ 3.276,80. <\/p>\n\n\n\n<p>O concurso p\u00fablico ter\u00e1 validade de dois anos, prorrog\u00e1vel por mais 2 (dois) anos, a contar da data da homologa\u00e7\u00e3o do certame, a crit\u00e9rio do CRECI-RS.<\/p>\n\n\n\n<figure class=\"wp-block-image\"><img loading=\"lazy\" decoding=\"async\" width=\"300\" height=\"102\" src=\"https:\/\/dhg1h5j42swfq.cloudfront.net\/2019\/05\/29143052\/coruja-ficha-tecnica-300x1025.png\" alt=\"Informa\u00e7\u00f5es do concurso CRECI RS\" class=\"wp-image-380136\"\/><\/figure>\n\n\n\n<h3 class=\"wp-block-heading\" id=\"ficha\">Informa\u00e7\u00f5es do concurso CRECI RS<\/h3>\n\n\n\n<ul class=\"wp-block-list\"><li><strong>Inscri\u00e7\u00f5es<\/strong>: 29\/07 a 13\/09<\/li><li><strong>Provas<\/strong>: 18 de outubro<\/li><li><strong>Vagas<\/strong>: 32<\/li><li><strong>Cargos<\/strong>: diversos<\/li><li><strong>Banca<\/strong>: IUDS<\/li><li><strong>Escolaridade<\/strong>: N\u00edvel m\u00e9dio, t\u00e9cnico e superior<\/li><li><strong>Edital:<\/strong>&nbsp;<a rel=\"noreferrer noopener\" href=\"https:\/\/dhg1h5j42swfq.cloudfront.net\/2020\/07\/29143912\/Edital-CRECI-RS.pdf\" target=\"_blank\">Edital 2020<\/a><\/li><\/ul>\n\n\n\n<p class=\"has-text-align-center has-very-light-gray-background-color has-background\"><strong>Saiba mais:<\/strong> <a href=\"https:\/\/www.estrategiaconcursos.com.br\/blog\/concurso-creci-rs\/\" target=\"_blank\" rel=\"noreferrer noopener\">Concurso CRECI RS<\/a><\/p>\n\n\n\n<p class=\"has-text-align-center\"><strong><em><strong>Sistema de Quest\u00f5es<\/strong><\/em><\/strong> <strong><em>&#8211; CRECI RS <\/em><\/strong><\/p>\n\n\n\n<p class=\"has-text-align-center\">Estrat\u00e9gia Quest\u00f5es nasceu maior do que todos os concorrentes, com mais quest\u00f5es cadastradas e mais solu\u00e7\u00f5es por professores. Clique no link e aproveite os descontos e b\u00f4nus imperd\u00edveis!<\/p>\n\n\n\n<p class=\"has-text-align-center has-vivid-green-cyan-background-color has-background\"><strong>ASSINE AGORA \u2013&nbsp;<a href=\"https:\/\/www.estrategiaconcursos.com.br\/cursosPorConcurso\/sistema-de-questoes\/#\/\" target=\"_blank\" rel=\"noreferrer noopener\">Sistema de Quest\u00f5es<\/a><\/strong><\/p>\n\n\n\n<h4 class=\"has-text-align-center wp-block-heading\" id=\"assinatura\"><em><strong>Assinatura Anual Ilimitada*<\/strong><\/em><\/h4>\n\n\n\n<p class=\"has-text-align-center\"><em>Prepare-se com o melhor material e com quem mais aprova em Concursos P\u00fablicos em todo o pa\u00eds. Assine agora a nossa Assinatura Anual e tenha acesso ilimitado* a todos os nossos cursos.<\/em><\/p>\n\n\n\n<p class=\"has-text-align-center has-light-green-cyan-background-color has-background\"><strong>ASSINE AGORA<\/strong>&nbsp;\u2013&nbsp;<a href=\"https:\/\/www.estrategiaconcursos.com.br\/assinaturas\" target=\"_blank\" rel=\"noreferrer noopener\">Assinatura Ilimitada<\/a><\/p>\n\n\n\n<p class=\"has-text-align-center has-pale-cyan-blue-background-color has-background\"><strong><a href=\"https:\/\/www.estrategiaconcursos.com.br\/blog\/concursos-abertos\/\">CONCURSOS ABERTOS<\/a><\/strong><\/p>\n\n\n\n<p class=\"has-text-align-center has-pale-cyan-blue-background-color has-background\"><a href=\"https:\/\/www.estrategiaconcursos.com.br\/blog\/concursos-2020\/\"><strong>CONCURSOS<\/strong><\/a><strong><a href=\"https:\/\/www.estrategiaconcursos.com.br\/blog\/concursos-2020\/\">&nbsp;2020<\/a><\/strong><\/p>\n\n\n\n<p class=\"has-text-align-center has-pale-cyan-blue-background-color has-background\"><a rel=\"noreferrer noopener\" href=\"https:\/\/www.estrategiaconcursos.com.br\/blog\/concursos-2021\/\" target=\"_blank\"><strong>CONCURSOS 2021<\/strong><\/a><\/p>\n","protected":false},"excerpt":{"rendered":"<p>O dia 13 de setembro para muitos \u00e9 um dia comum, mas para voc\u00ea que sonha em ser aprovado em um concurso p\u00fablico, \u00e9 a data limite para se inscrever para o processo seletivo do CRECI RS. S\u00e3o 32 vagas distribu\u00eddas para cargos de forma\u00e7\u00e3o m\u00e9dio, t\u00e9cnico e superior. Ficou interessado? Ent\u00e3o, aproveite que as [&hellip;]<\/p>\n","protected":false},"author":93,"featured_media":566623,"comment_status":"open","ping_status":"closed","sticky":false,"template":"","format":"standard","meta":{"post_tipo":"article","footnotes":""},"categories":[1],"tags":[],"tax_estado":[],"class_list":["post-560520","post","type-post","status-publish","format-standard","has-post-thumbnail","hentry","category-cursos-e-concursos"],"acf":[],"yoast_head":"<!-- This site is optimized with the Yoast SEO Premium plugin v27.2 (Yoast SEO v27.2) - https:\/\/yoast.com\/product\/yoast-seo-premium-wordpress\/ -->\n<title>CRECI RS: inscri\u00e7\u00f5es at\u00e9 13 setembro; garanta o seu futuro!<\/title>\n<meta name=\"description\" content=\"CRECI RS: as inscri\u00e7\u00f5es do PSS est\u00e3o abertas at\u00e9 o dia 13 de setmebro de 2020. N\u00e3o perca a chance de se aprovado neste certame. Saiba mais!\" \/>\n<meta name=\"robots\" content=\"index, follow, max-snippet:-1, max-image-preview:large, max-video-preview:-1\" \/>\n<link rel=\"canonical\" href=\"https:\/\/www.estrategiaconcursos.com.br\/blog\/creci-rs-inscricoes-abertas\/\" \/>\n<meta property=\"og:locale\" content=\"pt_BR\" \/>\n<meta property=\"og:type\" content=\"article\" \/>\n<meta property=\"og:title\" content=\"CRECI RS: inscri\u00e7\u00f5es at\u00e9 13 setembro; garanta o seu futuro!\" \/>\n<meta property=\"og:description\" content=\"CRECI RS: as inscri\u00e7\u00f5es do PSS est\u00e3o abertas at\u00e9 o dia 13 de setmebro de 2020. N\u00e3o perca a chance de se aprovado neste certame. Saiba mais!\" \/>\n<meta property=\"og:url\" content=\"https:\/\/www.estrategiaconcursos.com.br\/blog\/creci-rs-inscricoes-abertas\/\" \/>\n<meta property=\"og:site_name\" content=\"Estrat\u00e9gia Concursos\" \/>\n<meta property=\"article:published_time\" content=\"2020-09-04T12:30:00+00:00\" \/>\n<meta property=\"article:modified_time\" content=\"2020-10-15T19:06:59+00:00\" \/>\n<meta property=\"og:image\" content=\"https:\/\/dhg1h5j42swfq.cloudfront.net\/2020\/09\/03092636\/creci-rs.png\" \/>\n\t<meta property=\"og:image:width\" content=\"400\" \/>\n\t<meta property=\"og:image:height\" content=\"208\" \/>\n\t<meta property=\"og:image:type\" content=\"image\/png\" \/>\n<meta name=\"author\" content=\"Vinicius Silva\" \/>\n<meta name=\"twitter:card\" content=\"summary_large_image\" \/>\n<meta name=\"twitter:creator\" content=\"@EstratConcursos\" \/>\n<meta name=\"twitter:site\" content=\"@EstratConcursos\" \/>\n<meta name=\"twitter:label1\" content=\"Escrito por\" \/>\n\t<meta name=\"twitter:data1\" content=\"Vinicius Silva\" \/>\n\t<meta name=\"twitter:label2\" content=\"Est. tempo de leitura\" \/>\n\t<meta name=\"twitter:data2\" content=\"2 minutos\" \/>\n<script type=\"application\/ld+json\" class=\"yoast-schema-graph\">{\"@context\":\"https:\/\/schema.org\",\"@graph\":[{\"@type\":\"NewsArticle\",\"@id\":\"https:\/\/www.estrategiaconcursos.com.br\/blog\/creci-rs-inscricoes-abertas\/#article\",\"isPartOf\":{\"@id\":\"https:\/\/www.estrategiaconcursos.com.br\/blog\/creci-rs-inscricoes-abertas\/\"},\"author\":{\"name\":\"Vinicius Silva\",\"@id\":\"https:\/\/www.estrategiaconcursos.com.br\/blog\/#\/schema\/person\/20030622a981f9a942ad6b3561fe4ca4\"},\"headline\":\"CRECI RS: inscri\u00e7\u00f5es at\u00e9 13 setembro; garanta o seu futuro!\",\"datePublished\":\"2020-09-04T12:30:00+00:00\",\"dateModified\":\"2020-10-15T19:06:59+00:00\",\"mainEntityOfPage\":{\"@id\":\"https:\/\/www.estrategiaconcursos.com.br\/blog\/creci-rs-inscricoes-abertas\/\"},\"wordCount\":468,\"commentCount\":0,\"publisher\":{\"@id\":\"https:\/\/www.estrategiaconcursos.com.br\/blog\/#organization\"},\"image\":{\"@id\":\"https:\/\/www.estrategiaconcursos.com.br\/blog\/creci-rs-inscricoes-abertas\/#primaryimage\"},\"thumbnailUrl\":\"https:\/\/dhg1h5j42swfq.cloudfront.net\/2020\/09\/03092636\/creci-rs.png\",\"articleSection\":[\"Concursos P\u00fablicos\"],\"inLanguage\":\"pt-BR\",\"potentialAction\":[{\"@type\":\"CommentAction\",\"name\":\"Comment\",\"target\":[\"https:\/\/www.estrategiaconcursos.com.br\/blog\/creci-rs-inscricoes-abertas\/#respond\"]}],\"copyrightYear\":\"2020\",\"copyrightHolder\":{\"@id\":\"https:\/\/www.estrategiaconcursos.com.br\/blog\/#organization\"}},{\"@type\":\"WebPage\",\"@id\":\"https:\/\/www.estrategiaconcursos.com.br\/blog\/creci-rs-inscricoes-abertas\/\",\"url\":\"https:\/\/www.estrategiaconcursos.com.br\/blog\/creci-rs-inscricoes-abertas\/\",\"name\":\"CRECI RS: inscri\u00e7\u00f5es at\u00e9 13 setembro; garanta o seu futuro!\",\"isPartOf\":{\"@id\":\"https:\/\/www.estrategiaconcursos.com.br\/blog\/#website\"},\"primaryImageOfPage\":{\"@id\":\"https:\/\/www.estrategiaconcursos.com.br\/blog\/creci-rs-inscricoes-abertas\/#primaryimage\"},\"image\":{\"@id\":\"https:\/\/www.estrategiaconcursos.com.br\/blog\/creci-rs-inscricoes-abertas\/#primaryimage\"},\"thumbnailUrl\":\"https:\/\/dhg1h5j42swfq.cloudfront.net\/2020\/09\/03092636\/creci-rs.png\",\"datePublished\":\"2020-09-04T12:30:00+00:00\",\"dateModified\":\"2020-10-15T19:06:59+00:00\",\"description\":\"CRECI RS: as inscri\u00e7\u00f5es do PSS est\u00e3o abertas at\u00e9 o dia 13 de setmebro de 2020. N\u00e3o perca a chance de se aprovado neste certame. Saiba mais!\",\"breadcrumb\":{\"@id\":\"https:\/\/www.estrategiaconcursos.com.br\/blog\/creci-rs-inscricoes-abertas\/#breadcrumb\"},\"inLanguage\":\"pt-BR\",\"potentialAction\":[{\"@type\":\"ReadAction\",\"target\":[\"https:\/\/www.estrategiaconcursos.com.br\/blog\/creci-rs-inscricoes-abertas\/\"]}]},{\"@type\":\"ImageObject\",\"inLanguage\":\"pt-BR\",\"@id\":\"https:\/\/www.estrategiaconcursos.com.br\/blog\/creci-rs-inscricoes-abertas\/#primaryimage\",\"url\":\"https:\/\/dhg1h5j42swfq.cloudfront.net\/2020\/09\/03092636\/creci-rs.png\",\"contentUrl\":\"https:\/\/dhg1h5j42swfq.cloudfront.net\/2020\/09\/03092636\/creci-rs.png\",\"width\":400,\"height\":208,\"caption\":\"CRECI RS\"},{\"@type\":\"BreadcrumbList\",\"@id\":\"https:\/\/www.estrategiaconcursos.com.br\/blog\/creci-rs-inscricoes-abertas\/#breadcrumb\",\"itemListElement\":[{\"@type\":\"ListItem\",\"position\":1,\"name\":\"In\u00edcio\",\"item\":\"https:\/\/www.estrategiaconcursos.com.br\/blog\/\"},{\"@type\":\"ListItem\",\"position\":2,\"name\":\"CRECI RS: inscri\u00e7\u00f5es at\u00e9 13 setembro; garanta o seu futuro!\"}]},{\"@type\":\"WebSite\",\"@id\":\"https:\/\/www.estrategiaconcursos.com.br\/blog\/#website\",\"url\":\"https:\/\/www.estrategiaconcursos.com.br\/blog\/\",\"name\":\"Estrat\u00e9gia Concursos\",\"description\":\"O blog da Estrat\u00e9gia Concursos traz not\u00edcias sobre concursos e artigos de professores oferecendo cursos para concursos (pdf + videaulas) no site.\",\"publisher\":{\"@id\":\"https:\/\/www.estrategiaconcursos.com.br\/blog\/#organization\"},\"potentialAction\":[{\"@type\":\"SearchAction\",\"target\":{\"@type\":\"EntryPoint\",\"urlTemplate\":\"https:\/\/www.estrategiaconcursos.com.br\/blog\/?s={search_term_string}\"},\"query-input\":{\"@type\":\"PropertyValueSpecification\",\"valueRequired\":true,\"valueName\":\"search_term_string\"}}],\"inLanguage\":\"pt-BR\"},{\"@type\":\"Organization\",\"@id\":\"https:\/\/www.estrategiaconcursos.com.br\/blog\/#organization\",\"name\":\"Estrat\u00e9gia Concursos\",\"url\":\"https:\/\/www.estrategiaconcursos.com.br\/blog\/\",\"logo\":{\"@type\":\"ImageObject\",\"inLanguage\":\"pt-BR\",\"@id\":\"https:\/\/www.estrategiaconcursos.com.br\/blog\/#\/schema\/logo\/image\/\",\"url\":\"https:\/\/dhg1h5j42swfq.cloudfront.net\/2025\/06\/03203428\/logo_concursos-1.jpg\",\"contentUrl\":\"https:\/\/dhg1h5j42swfq.cloudfront.net\/2025\/06\/03203428\/logo_concursos-1.jpg\",\"width\":230,\"height\":60,\"caption\":\"Estrat\u00e9gia Concursos\"},\"image\":{\"@id\":\"https:\/\/www.estrategiaconcursos.com.br\/blog\/#\/schema\/logo\/image\/\"},\"sameAs\":[\"https:\/\/x.com\/EstratConcursos\"]},{\"@type\":\"Person\",\"@id\":\"https:\/\/www.estrategiaconcursos.com.br\/blog\/#\/schema\/person\/20030622a981f9a942ad6b3561fe4ca4\",\"name\":\"Vinicius Silva\",\"image\":{\"@type\":\"ImageObject\",\"inLanguage\":\"pt-BR\",\"@id\":\"https:\/\/secure.gravatar.com\/avatar\/604d9670a4c7eea71feaa4381f3ae97e148292ac402671c5944aa67a3d127663?s=96&d=mm&r=g\",\"url\":\"https:\/\/secure.gravatar.com\/avatar\/604d9670a4c7eea71feaa4381f3ae97e148292ac402671c5944aa67a3d127663?s=96&d=mm&r=g\",\"contentUrl\":\"https:\/\/secure.gravatar.com\/avatar\/604d9670a4c7eea71feaa4381f3ae97e148292ac402671c5944aa67a3d127663?s=96&d=mm&r=g\",\"caption\":\"Vinicius Silva\"},\"url\":\"https:\/\/www.estrategiaconcursos.com.br\/blog\/author\/viniciussilvaestrategiaconcursos-com-br\/\"}]}<\/script>\n<!-- \/ Yoast SEO Premium plugin. -->","yoast_head_json":{"title":"CRECI RS: inscri\u00e7\u00f5es at\u00e9 13 setembro; garanta o seu futuro!","description":"CRECI RS: as inscri\u00e7\u00f5es do PSS est\u00e3o abertas at\u00e9 o dia 13 de setmebro de 2020. N\u00e3o perca a chance de se aprovado neste certame. Saiba mais!","robots":{"index":"index","follow":"follow","max-snippet":"max-snippet:-1","max-image-preview":"max-image-preview:large","max-video-preview":"max-video-preview:-1"},"canonical":"https:\/\/www.estrategiaconcursos.com.br\/blog\/creci-rs-inscricoes-abertas\/","og_locale":"pt_BR","og_type":"article","og_title":"CRECI RS: inscri\u00e7\u00f5es at\u00e9 13 setembro; garanta o seu futuro!","og_description":"CRECI RS: as inscri\u00e7\u00f5es do PSS est\u00e3o abertas at\u00e9 o dia 13 de setmebro de 2020. N\u00e3o perca a chance de se aprovado neste certame. Saiba mais!","og_url":"https:\/\/www.estrategiaconcursos.com.br\/blog\/creci-rs-inscricoes-abertas\/","og_site_name":"Estrat\u00e9gia Concursos","article_published_time":"2020-09-04T12:30:00+00:00","article_modified_time":"2020-10-15T19:06:59+00:00","og_image":[{"width":400,"height":208,"url":"https:\/\/dhg1h5j42swfq.cloudfront.net\/2020\/09\/03092636\/creci-rs.png","type":"image\/png"}],"author":"Vinicius Silva","twitter_card":"summary_large_image","twitter_creator":"@EstratConcursos","twitter_site":"@EstratConcursos","twitter_misc":{"Escrito por":"Vinicius Silva","Est. tempo de leitura":"2 minutos"},"schema":{"@context":"https:\/\/schema.org","@graph":[{"@type":"NewsArticle","@id":"https:\/\/www.estrategiaconcursos.com.br\/blog\/creci-rs-inscricoes-abertas\/#article","isPartOf":{"@id":"https:\/\/www.estrategiaconcursos.com.br\/blog\/creci-rs-inscricoes-abertas\/"},"author":{"name":"Vinicius Silva","@id":"https:\/\/www.estrategiaconcursos.com.br\/blog\/#\/schema\/person\/20030622a981f9a942ad6b3561fe4ca4"},"headline":"CRECI RS: inscri\u00e7\u00f5es at\u00e9 13 setembro; garanta o seu futuro!","datePublished":"2020-09-04T12:30:00+00:00","dateModified":"2020-10-15T19:06:59+00:00","mainEntityOfPage":{"@id":"https:\/\/www.estrategiaconcursos.com.br\/blog\/creci-rs-inscricoes-abertas\/"},"wordCount":468,"commentCount":0,"publisher":{"@id":"https:\/\/www.estrategiaconcursos.com.br\/blog\/#organization"},"image":{"@id":"https:\/\/www.estrategiaconcursos.com.br\/blog\/creci-rs-inscricoes-abertas\/#primaryimage"},"thumbnailUrl":"https:\/\/dhg1h5j42swfq.cloudfront.net\/2020\/09\/03092636\/creci-rs.png","articleSection":["Concursos P\u00fablicos"],"inLanguage":"pt-BR","potentialAction":[{"@type":"CommentAction","name":"Comment","target":["https:\/\/www.estrategiaconcursos.com.br\/blog\/creci-rs-inscricoes-abertas\/#respond"]}],"copyrightYear":"2020","copyrightHolder":{"@id":"https:\/\/www.estrategiaconcursos.com.br\/blog\/#organization"}},{"@type":"WebPage","@id":"https:\/\/www.estrategiaconcursos.com.br\/blog\/creci-rs-inscricoes-abertas\/","url":"https:\/\/www.estrategiaconcursos.com.br\/blog\/creci-rs-inscricoes-abertas\/","name":"CRECI RS: inscri\u00e7\u00f5es at\u00e9 13 setembro; garanta o seu futuro!","isPartOf":{"@id":"https:\/\/www.estrategiaconcursos.com.br\/blog\/#website"},"primaryImageOfPage":{"@id":"https:\/\/www.estrategiaconcursos.com.br\/blog\/creci-rs-inscricoes-abertas\/#primaryimage"},"image":{"@id":"https:\/\/www.estrategiaconcursos.com.br\/blog\/creci-rs-inscricoes-abertas\/#primaryimage"},"thumbnailUrl":"https:\/\/dhg1h5j42swfq.cloudfront.net\/2020\/09\/03092636\/creci-rs.png","datePublished":"2020-09-04T12:30:00+00:00","dateModified":"2020-10-15T19:06:59+00:00","description":"CRECI RS: as inscri\u00e7\u00f5es do PSS est\u00e3o abertas at\u00e9 o dia 13 de setmebro de 2020. N\u00e3o perca a chance de se aprovado neste certame. Saiba mais!","breadcrumb":{"@id":"https:\/\/www.estrategiaconcursos.com.br\/blog\/creci-rs-inscricoes-abertas\/#breadcrumb"},"inLanguage":"pt-BR","potentialAction":[{"@type":"ReadAction","target":["https:\/\/www.estrategiaconcursos.com.br\/blog\/creci-rs-inscricoes-abertas\/"]}]},{"@type":"ImageObject","inLanguage":"pt-BR","@id":"https:\/\/www.estrategiaconcursos.com.br\/blog\/creci-rs-inscricoes-abertas\/#primaryimage","url":"https:\/\/dhg1h5j42swfq.cloudfront.net\/2020\/09\/03092636\/creci-rs.png","contentUrl":"https:\/\/dhg1h5j42swfq.cloudfront.net\/2020\/09\/03092636\/creci-rs.png","width":400,"height":208,"caption":"CRECI RS"},{"@type":"BreadcrumbList","@id":"https:\/\/www.estrategiaconcursos.com.br\/blog\/creci-rs-inscricoes-abertas\/#breadcrumb","itemListElement":[{"@type":"ListItem","position":1,"name":"In\u00edcio","item":"https:\/\/www.estrategiaconcursos.com.br\/blog\/"},{"@type":"ListItem","position":2,"name":"CRECI RS: inscri\u00e7\u00f5es at\u00e9 13 setembro; garanta o seu futuro!"}]},{"@type":"WebSite","@id":"https:\/\/www.estrategiaconcursos.com.br\/blog\/#website","url":"https:\/\/www.estrategiaconcursos.com.br\/blog\/","name":"Estrat\u00e9gia Concursos","description":"O blog da Estrat\u00e9gia Concursos traz not\u00edcias sobre concursos e artigos de professores oferecendo cursos para concursos (pdf + videaulas) no site.","publisher":{"@id":"https:\/\/www.estrategiaconcursos.com.br\/blog\/#organization"},"potentialAction":[{"@type":"SearchAction","target":{"@type":"EntryPoint","urlTemplate":"https:\/\/www.estrategiaconcursos.com.br\/blog\/?s={search_term_string}"},"query-input":{"@type":"PropertyValueSpecification","valueRequired":true,"valueName":"search_term_string"}}],"inLanguage":"pt-BR"},{"@type":"Organization","@id":"https:\/\/www.estrategiaconcursos.com.br\/blog\/#organization","name":"Estrat\u00e9gia Concursos","url":"https:\/\/www.estrategiaconcursos.com.br\/blog\/","logo":{"@type":"ImageObject","inLanguage":"pt-BR","@id":"https:\/\/www.estrategiaconcursos.com.br\/blog\/#\/schema\/logo\/image\/","url":"https:\/\/dhg1h5j42swfq.cloudfront.net\/2025\/06\/03203428\/logo_concursos-1.jpg","contentUrl":"https:\/\/dhg1h5j42swfq.cloudfront.net\/2025\/06\/03203428\/logo_concursos-1.jpg","width":230,"height":60,"caption":"Estrat\u00e9gia Concursos"},"image":{"@id":"https:\/\/www.estrategiaconcursos.com.br\/blog\/#\/schema\/logo\/image\/"},"sameAs":["https:\/\/x.com\/EstratConcursos"]},{"@type":"Person","@id":"https:\/\/www.estrategiaconcursos.com.br\/blog\/#\/schema\/person\/20030622a981f9a942ad6b3561fe4ca4","name":"Vinicius Silva","image":{"@type":"ImageObject","inLanguage":"pt-BR","@id":"https:\/\/secure.gravatar.com\/avatar\/604d9670a4c7eea71feaa4381f3ae97e148292ac402671c5944aa67a3d127663?s=96&d=mm&r=g","url":"https:\/\/secure.gravatar.com\/avatar\/604d9670a4c7eea71feaa4381f3ae97e148292ac402671c5944aa67a3d127663?s=96&d=mm&r=g","contentUrl":"https:\/\/secure.gravatar.com\/avatar\/604d9670a4c7eea71feaa4381f3ae97e148292ac402671c5944aa67a3d127663?s=96&d=mm&r=g","caption":"Vinicius Silva"},"url":"https:\/\/www.estrategiaconcursos.com.br\/blog\/author\/viniciussilvaestrategiaconcursos-com-br\/"}]}},"_links":{"self":[{"href":"https:\/\/www.estrategiaconcursos.com.br\/blog\/wp-json\/wp\/v2\/posts\/560520","targetHints":{"allow":["GET"]}}],"collection":[{"href":"https:\/\/www.estrategiaconcursos.com.br\/blog\/wp-json\/wp\/v2\/posts"}],"about":[{"href":"https:\/\/www.estrategiaconcursos.com.br\/blog\/wp-json\/wp\/v2\/types\/post"}],"author":[{"embeddable":true,"href":"https:\/\/www.estrategiaconcursos.com.br\/blog\/wp-json\/wp\/v2\/users\/93"}],"replies":[{"embeddable":true,"href":"https:\/\/www.estrategiaconcursos.com.br\/blog\/wp-json\/wp\/v2\/comments?post=560520"}],"version-history":[{"count":17,"href":"https:\/\/www.estrategiaconcursos.com.br\/blog\/wp-json\/wp\/v2\/posts\/560520\/revisions"}],"predecessor-version":[{"id":589514,"href":"https:\/\/www.estrategiaconcursos.com.br\/blog\/wp-json\/wp\/v2\/posts\/560520\/revisions\/589514"}],"wp:featuredmedia":[{"embeddable":true,"href":"https:\/\/www.estrategiaconcursos.com.br\/blog\/wp-json\/wp\/v2\/media\/566623"}],"wp:attachment":[{"href":"https:\/\/www.estrategiaconcursos.com.br\/blog\/wp-json\/wp\/v2\/media?parent=560520"}],"wp:term":[{"taxonomy":"category","embeddable":true,"href":"https:\/\/www.estrategiaconcursos.com.br\/blog\/wp-json\/wp\/v2\/categories?post=560520"},{"taxonomy":"post_tag","embeddable":true,"href":"https:\/\/www.estrategiaconcursos.com.br\/blog\/wp-json\/wp\/v2\/tags?post=560520"},{"taxonomy":"tax_estado","embeddable":true,"href":"https:\/\/www.estrategiaconcursos.com.br\/blog\/wp-json\/wp\/v2\/tax_estado?post=560520"}],"curies":[{"name":"wp","href":"https:\/\/api.w.org\/{rel}","templated":true}]}}