{"id":560130,"date":"2020-08-25T17:55:00","date_gmt":"2020-08-25T20:55:00","guid":{"rendered":"https:\/\/www.estrategiaconcursos.com.br\/blog\/?p=560130"},"modified":"2023-06-22T10:26:13","modified_gmt":"2023-06-22T13:26:13","slug":"delegado-pcam-peculiaridades-carreira-estado","status":"publish","type":"post","link":"https:\/\/www.estrategiaconcursos.com.br\/blog\/delegado-pcam-peculiaridades-carreira-estado\/","title":{"rendered":"Delegado PCAM: Peculiaridades da Carreira e do Estado"},"content":{"rendered":"\n<p>Os professores Ivo Martins e Fernando Bezerra ministram nesta ter\u00e7a-feira, 25 de agosto de 2020, \u00e0s 19:00, o evento &#8220;Delegado PCAM &#8211; Peculiaridades da Carreira e do Estado do Amazonas&#8221;. Acompanhe ao vivo e gratuitamente no canal do Estrat\u00e9gia Carreiras Jur\u00eddicas.<\/p>\n\n\n\n<h4 class=\"wp-block-heading\">Delegado PCAM &#8211; Cronograma<\/h4>\n\n\n\n<p><strong>Data<\/strong>: 25 de agosto de 2020<br \/><strong>Hor\u00e1rio<\/strong>: 19:00  <br \/><strong>Onde<\/strong>: <a rel=\"noreferrer noopener\" href=\"https:\/\/www.youtube.com\/c\/Estrat\u00e9giaCarreiraJur\u00eddica\/videos?view=2&amp;live_view=502\" target=\"_blank\">Canal do Estrat\u00e9gia Carreiras Jur\u00eddicas no Youtube<\/a> <br \/><strong>Professores<\/strong>: Ivo Martins e Fernando Bezerra<\/p>\n\n\n\n<h4 class=\"wp-block-heading\">Delegado PCAM &#8211; Evento ao vivo<\/h4>\n\n\n<figure class=\"wp-block-embed-youtube wp-block-embed is-type-video is-provider-youtube wp-embed-aspect-16-9 wp-has-aspect-ratio\"><div class=\"lyte-wrapper\" style=\"width:853px;max-width:100%;margin:5px;\"><div class=\"lyMe\" id=\"WYL__IiMW4kQXzg\"><div id=\"lyte__IiMW4kQXzg\" data-src=\"\/\/i.ytimg.com\/vi\/_IiMW4kQXzg\/hqdefault.jpg\" class=\"pL\"><div class=\"tC\"><div class=\"tT\"><\/div><\/div><div class=\"play\"><\/div><div class=\"ctrl\"><div class=\"Lctrl\"><\/div><div class=\"Rctrl\"><\/div><\/div><\/div><noscript><a href=\"https:\/\/youtu.be\/_IiMW4kQXzg\" rel=\"nofollow\"><img loading=\"lazy\" decoding=\"async\" src=\"https:\/\/i.ytimg.com\/vi\/_IiMW4kQXzg\/0.jpg\" alt=\"YouTube video thumbnail\" width=\"853\" height=\"460\" \/><br \/>Assista a este v\u00eddeo no YouTube<\/a><\/noscript><\/div><\/div><div class=\"lL\" style=\"max-width:100%;width:853px;margin:5px;\"><\/div><figcaption><\/figcaption><\/figure>\n\n\n<h4 class=\"wp-block-heading\">Delegado PCAM &#8211; Curiosidades<\/h4>\n\n\n\n<p>Foi aprovada a Proposta de Emenda ao Projeto de Lei de Diretrizes Or\u00e7ament\u00e1rias 2021 (LDO) N\u00b0 229\/2020, de autoria do presidente da ALEAM, deputado Josu\u00e9 Neto.<\/p>\n\n\n\n<p>A emenda prev\u00ea recursos para a realiza\u00e7\u00e3o de um novo concurso da Pol\u00edcia Civil do Amazonas, com o intuito de melhorar e refor\u00e7ar os servidores e agentes p\u00fablicos por meio de concursos p\u00fablicos.<\/p>\n\n\n\n<p>Recentemente foi publicada uma nova tabela com o quantitativo de cargos que ser\u00e3o ofertados no concurso da Pol\u00edcia Civil para o cargo de Delegado. O decreto, assinado pelo Governador substitui o publicado em 18 de abril de 2018. As&nbsp;<strong>62 vagas<\/strong>&nbsp;para Delegado de Pol\u00edcia foram&nbsp;<strong>mantidas.<\/strong><\/p>\n\n\n\n<p>A Secretaria de Seguran\u00e7a P\u00fablica do Amazonas informou em agosto de 2019 que trabalhava na escolha da banca examinadora do pr\u00f3ximo concurso. <\/p>\n\n\n\n<p>Para ser investido no cargo, \u00e9 necess\u00e1rio ao candidato ter completado a idade m\u00ednima de 18 anos na data da posse, possuir diploma de Bacharel em Direito e possuir Carteira Nacional de Habilita\u00e7\u00e3o (CNH) na categoria \u201cB\u201d. Al\u00e9m disso, exige-se experi\u00eancia&nbsp;&nbsp;de&nbsp;<strong><em>tr\u00eas anos<\/em><\/strong>&nbsp;de exerc\u00edcio profissional na \u00e1rea jur\u00eddica ou na \u00e1rea policial<strong>&nbsp;na data da posse<\/strong>.<\/p>\n\n\n\n<p class=\"has-text-align-center has-very-light-gray-background-color has-background has-medium-font-size\"><strong>Mais informa\u00e7\u00f5es: <a href=\"https:\/\/www.estrategiaconcursos.com.br\/blog\/concurso-delegado-am\" target=\"_blank\" rel=\"noreferrer noopener\">Concurso Delegado AM<\/a><\/strong><\/p>\n\n\n\n<h2 class=\"wp-block-heading\" id=\"cursos\">Aprenda a manter o foco e prepare-se para o concurso Delegado AM<\/h2>\n\n\n\n<p class=\"has-text-align-center has-luminous-vivid-amber-background-color has-background\" style=\"font-size:clamp(14.642px, 0.915rem + ((1vw - 3.2px) * 0.721), 22px);px\"><a href=\"https:\/\/www.estrategiaconcursos.com.br\/cursosPorConcurso\/policia-civil-am-delegado\/\" target=\"_blank\" rel=\"noreferrer noopener\">CURSO DELEGADO AM<\/a><\/p>\n\n\n\n<p class=\"has-text-align-center\"><strong><em><strong>Sistema de Quest\u00f5es<\/strong><\/em><\/strong><\/p>\n\n\n\n<p class=\"has-text-align-center\">Estrat\u00e9gia Quest\u00f5es nasceu maior do que todos os concorrentes, com mais quest\u00f5es cadastradas e mais solu\u00e7\u00f5es por professores. Clique no link e aproveite os descontos e b\u00f4nus imperd\u00edveis!<\/p>\n\n\n\n<p class=\"has-text-align-center has-vivid-green-cyan-background-color has-background\"><strong>ASSINE AGORA \u2013 <a href=\"https:\/\/www.estrategiaconcursos.com.br\/cursosPorConcurso\/sistema-de-questoes\/#\/\" target=\"_blank\" rel=\"noreferrer noopener\">Sistema de Quest\u00f5es<\/a><\/strong><\/p>\n\n\n\n<p class=\"has-text-align-center has-pale-cyan-blue-background-color has-background\"><strong><a href=\"https:\/\/www.estrategiaconcursos.com.br\/blog\/concursos-abertos\/\">CONCURSOS ABERTOS<\/a><\/strong><\/p>\n\n\n\n<p class=\"has-text-align-center has-pale-cyan-blue-background-color has-background\"><strong><a rel=\"noreferrer noopener\" href=\"https:\/\/www.estrategiaconcursos.com.br\/blog\/concursos-de-direito\/\" target=\"_blank\">CONCURSOS&nbsp;DE DIREITO<\/a><\/strong><\/p>\n","protected":false},"excerpt":{"rendered":"<p>Os professores Ivo Martins e Fernando Bezerra ministram nesta ter\u00e7a-feira, 25 de agosto de 2020, \u00e0s 19:00, o evento &#8220;Delegado PCAM &#8211; Peculiaridades da Carreira e do Estado do Amazonas&#8221;. Acompanhe ao vivo e gratuitamente no canal do Estrat\u00e9gia Carreiras Jur\u00eddicas. Delegado PCAM &#8211; Cronograma Data: 25 de agosto de 2020Hor\u00e1rio: 19:00 Onde: Canal do [&hellip;]<\/p>\n","protected":false},"author":492,"featured_media":560135,"comment_status":"open","ping_status":"closed","sticky":false,"template":"","format":"standard","meta":{"post_tipo":"article","footnotes":""},"categories":[1],"tags":[],"tax_estado":[],"class_list":["post-560130","post","type-post","status-publish","format-standard","has-post-thumbnail","hentry","category-cursos-e-concursos"],"acf":[],"yoast_head":"<!-- This site is optimized with the Yoast SEO Premium plugin v27.2 (Yoast SEO v27.2) - https:\/\/yoast.com\/product\/yoast-seo-premium-wordpress\/ -->\n<title>Delegado PCAM: Peculiaridades da Carreira e do Estado<\/title>\n<meta name=\"description\" content=\"N\u00e3o perca hoje o evento Delegado PCAM - Peculiaridades da Carreira e do Estado do Amazonas ministrado pelos professores Ivo Martins e Fernando Bezerra!\" \/>\n<meta name=\"robots\" content=\"index, follow, max-snippet:-1, max-image-preview:large, max-video-preview:-1\" \/>\n<link rel=\"canonical\" href=\"https:\/\/www.estrategiaconcursos.com.br\/blog\/delegado-pcam-peculiaridades-carreira-estado\/\" \/>\n<meta property=\"og:locale\" content=\"pt_BR\" \/>\n<meta property=\"og:type\" content=\"article\" \/>\n<meta property=\"og:title\" content=\"Delegado PCAM: Peculiaridades da Carreira e do Estado\" \/>\n<meta property=\"og:description\" content=\"N\u00e3o perca hoje o evento Delegado PCAM - Peculiaridades da Carreira e do Estado do Amazonas ministrado pelos professores Ivo Martins e Fernando Bezerra!\" \/>\n<meta property=\"og:url\" content=\"https:\/\/www.estrategiaconcursos.com.br\/blog\/delegado-pcam-peculiaridades-carreira-estado\/\" \/>\n<meta property=\"og:site_name\" content=\"Estrat\u00e9gia Concursos\" \/>\n<meta property=\"article:published_time\" content=\"2020-08-25T20:55:00+00:00\" \/>\n<meta property=\"article:modified_time\" content=\"2023-06-22T13:26:13+00:00\" \/>\n<meta property=\"og:image\" content=\"https:\/\/dhg1h5j42swfq.cloudfront.net\/2020\/08\/24182126\/YTB_CONCURSO-10.jpg\" \/>\n\t<meta property=\"og:image:width\" content=\"1280\" \/>\n\t<meta property=\"og:image:height\" content=\"720\" \/>\n\t<meta property=\"og:image:type\" content=\"image\/jpeg\" \/>\n<meta name=\"author\" content=\"Nelma Fontana\" \/>\n<meta name=\"twitter:card\" content=\"summary_large_image\" \/>\n<meta name=\"twitter:creator\" content=\"@EstratConcursos\" \/>\n<meta name=\"twitter:site\" content=\"@EstratConcursos\" \/>\n<meta name=\"twitter:label1\" content=\"Escrito por\" \/>\n\t<meta name=\"twitter:data1\" content=\"Nelma Fontana\" \/>\n\t<meta name=\"twitter:label2\" content=\"Est. tempo de leitura\" \/>\n\t<meta name=\"twitter:data2\" content=\"2 minutos\" \/>\n<script type=\"application\/ld+json\" class=\"yoast-schema-graph\">{\"@context\":\"https:\/\/schema.org\",\"@graph\":[{\"@type\":\"NewsArticle\",\"@id\":\"https:\/\/www.estrategiaconcursos.com.br\/blog\/delegado-pcam-peculiaridades-carreira-estado\/#article\",\"isPartOf\":{\"@id\":\"https:\/\/www.estrategiaconcursos.com.br\/blog\/delegado-pcam-peculiaridades-carreira-estado\/\"},\"author\":{\"name\":\"Nelma Fontana\",\"@id\":\"https:\/\/www.estrategiaconcursos.com.br\/blog\/#\/schema\/person\/09924ae9dae935885ef15db075a3be15\"},\"headline\":\"Delegado PCAM: Peculiaridades da Carreira e do Estado\",\"datePublished\":\"2020-08-25T20:55:00+00:00\",\"dateModified\":\"2023-06-22T13:26:13+00:00\",\"mainEntityOfPage\":{\"@id\":\"https:\/\/www.estrategiaconcursos.com.br\/blog\/delegado-pcam-peculiaridades-carreira-estado\/\"},\"wordCount\":371,\"commentCount\":0,\"publisher\":{\"@id\":\"https:\/\/www.estrategiaconcursos.com.br\/blog\/#organization\"},\"image\":{\"@id\":\"https:\/\/www.estrategiaconcursos.com.br\/blog\/delegado-pcam-peculiaridades-carreira-estado\/#primaryimage\"},\"thumbnailUrl\":\"https:\/\/dhg1h5j42swfq.cloudfront.net\/2020\/08\/24182126\/YTB_CONCURSO-10.jpg\",\"articleSection\":[\"Concursos P\u00fablicos\"],\"inLanguage\":\"pt-BR\",\"potentialAction\":[{\"@type\":\"CommentAction\",\"name\":\"Comment\",\"target\":[\"https:\/\/www.estrategiaconcursos.com.br\/blog\/delegado-pcam-peculiaridades-carreira-estado\/#respond\"]}],\"copyrightYear\":\"2020\",\"copyrightHolder\":{\"@id\":\"https:\/\/www.estrategiaconcursos.com.br\/blog\/#organization\"}},{\"@type\":\"WebPage\",\"@id\":\"https:\/\/www.estrategiaconcursos.com.br\/blog\/delegado-pcam-peculiaridades-carreira-estado\/\",\"url\":\"https:\/\/www.estrategiaconcursos.com.br\/blog\/delegado-pcam-peculiaridades-carreira-estado\/\",\"name\":\"Delegado PCAM: Peculiaridades da Carreira e do Estado\",\"isPartOf\":{\"@id\":\"https:\/\/www.estrategiaconcursos.com.br\/blog\/#website\"},\"primaryImageOfPage\":{\"@id\":\"https:\/\/www.estrategiaconcursos.com.br\/blog\/delegado-pcam-peculiaridades-carreira-estado\/#primaryimage\"},\"image\":{\"@id\":\"https:\/\/www.estrategiaconcursos.com.br\/blog\/delegado-pcam-peculiaridades-carreira-estado\/#primaryimage\"},\"thumbnailUrl\":\"https:\/\/dhg1h5j42swfq.cloudfront.net\/2020\/08\/24182126\/YTB_CONCURSO-10.jpg\",\"datePublished\":\"2020-08-25T20:55:00+00:00\",\"dateModified\":\"2023-06-22T13:26:13+00:00\",\"description\":\"N\u00e3o perca hoje o evento Delegado PCAM - Peculiaridades da Carreira e do Estado do Amazonas ministrado pelos professores Ivo Martins e Fernando Bezerra!\",\"breadcrumb\":{\"@id\":\"https:\/\/www.estrategiaconcursos.com.br\/blog\/delegado-pcam-peculiaridades-carreira-estado\/#breadcrumb\"},\"inLanguage\":\"pt-BR\",\"potentialAction\":[{\"@type\":\"ReadAction\",\"target\":[\"https:\/\/www.estrategiaconcursos.com.br\/blog\/delegado-pcam-peculiaridades-carreira-estado\/\"]}]},{\"@type\":\"ImageObject\",\"inLanguage\":\"pt-BR\",\"@id\":\"https:\/\/www.estrategiaconcursos.com.br\/blog\/delegado-pcam-peculiaridades-carreira-estado\/#primaryimage\",\"url\":\"https:\/\/dhg1h5j42swfq.cloudfront.net\/2020\/08\/24182126\/YTB_CONCURSO-10.jpg\",\"contentUrl\":\"https:\/\/dhg1h5j42swfq.cloudfront.net\/2020\/08\/24182126\/YTB_CONCURSO-10.jpg\",\"width\":1280,\"height\":720,\"caption\":\"Delegado PCAM\"},{\"@type\":\"BreadcrumbList\",\"@id\":\"https:\/\/www.estrategiaconcursos.com.br\/blog\/delegado-pcam-peculiaridades-carreira-estado\/#breadcrumb\",\"itemListElement\":[{\"@type\":\"ListItem\",\"position\":1,\"name\":\"In\u00edcio\",\"item\":\"https:\/\/www.estrategiaconcursos.com.br\/blog\/\"},{\"@type\":\"ListItem\",\"position\":2,\"name\":\"Delegado PCAM: Peculiaridades da Carreira e do Estado\"}]},{\"@type\":\"WebSite\",\"@id\":\"https:\/\/www.estrategiaconcursos.com.br\/blog\/#website\",\"url\":\"https:\/\/www.estrategiaconcursos.com.br\/blog\/\",\"name\":\"Estrat\u00e9gia Concursos\",\"description\":\"O blog da Estrat\u00e9gia Concursos traz not\u00edcias sobre concursos e artigos de professores oferecendo cursos para concursos (pdf + videaulas) no site.\",\"publisher\":{\"@id\":\"https:\/\/www.estrategiaconcursos.com.br\/blog\/#organization\"},\"potentialAction\":[{\"@type\":\"SearchAction\",\"target\":{\"@type\":\"EntryPoint\",\"urlTemplate\":\"https:\/\/www.estrategiaconcursos.com.br\/blog\/?s={search_term_string}\"},\"query-input\":{\"@type\":\"PropertyValueSpecification\",\"valueRequired\":true,\"valueName\":\"search_term_string\"}}],\"inLanguage\":\"pt-BR\"},{\"@type\":\"Organization\",\"@id\":\"https:\/\/www.estrategiaconcursos.com.br\/blog\/#organization\",\"name\":\"Estrat\u00e9gia Concursos\",\"url\":\"https:\/\/www.estrategiaconcursos.com.br\/blog\/\",\"logo\":{\"@type\":\"ImageObject\",\"inLanguage\":\"pt-BR\",\"@id\":\"https:\/\/www.estrategiaconcursos.com.br\/blog\/#\/schema\/logo\/image\/\",\"url\":\"https:\/\/dhg1h5j42swfq.cloudfront.net\/2025\/06\/03203428\/logo_concursos-1.jpg\",\"contentUrl\":\"https:\/\/dhg1h5j42swfq.cloudfront.net\/2025\/06\/03203428\/logo_concursos-1.jpg\",\"width\":230,\"height\":60,\"caption\":\"Estrat\u00e9gia Concursos\"},\"image\":{\"@id\":\"https:\/\/www.estrategiaconcursos.com.br\/blog\/#\/schema\/logo\/image\/\"},\"sameAs\":[\"https:\/\/x.com\/EstratConcursos\"]},{\"@type\":\"Person\",\"@id\":\"https:\/\/www.estrategiaconcursos.com.br\/blog\/#\/schema\/person\/09924ae9dae935885ef15db075a3be15\",\"name\":\"Nelma Fontana\",\"image\":{\"@type\":\"ImageObject\",\"inLanguage\":\"pt-BR\",\"@id\":\"https:\/\/secure.gravatar.com\/avatar\/a2b4071a40b0ae857a4dfe2308130289bde3d65cc7674fb758d21a8b645071e5?s=96&d=mm&r=g\",\"url\":\"https:\/\/secure.gravatar.com\/avatar\/a2b4071a40b0ae857a4dfe2308130289bde3d65cc7674fb758d21a8b645071e5?s=96&d=mm&r=g\",\"contentUrl\":\"https:\/\/secure.gravatar.com\/avatar\/a2b4071a40b0ae857a4dfe2308130289bde3d65cc7674fb758d21a8b645071e5?s=96&d=mm&r=g\",\"caption\":\"Nelma Fontana\"},\"url\":\"https:\/\/www.estrategiaconcursos.com.br\/blog\/author\/fontananelmagmail-com\/\"}]}<\/script>\n<!-- \/ Yoast SEO Premium plugin. -->","yoast_head_json":{"title":"Delegado PCAM: Peculiaridades da Carreira e do Estado","description":"N\u00e3o perca hoje o evento Delegado PCAM - Peculiaridades da Carreira e do Estado do Amazonas ministrado pelos professores Ivo Martins e Fernando Bezerra!","robots":{"index":"index","follow":"follow","max-snippet":"max-snippet:-1","max-image-preview":"max-image-preview:large","max-video-preview":"max-video-preview:-1"},"canonical":"https:\/\/www.estrategiaconcursos.com.br\/blog\/delegado-pcam-peculiaridades-carreira-estado\/","og_locale":"pt_BR","og_type":"article","og_title":"Delegado PCAM: Peculiaridades da Carreira e do Estado","og_description":"N\u00e3o perca hoje o evento Delegado PCAM - Peculiaridades da Carreira e do Estado do Amazonas ministrado pelos professores Ivo Martins e Fernando Bezerra!","og_url":"https:\/\/www.estrategiaconcursos.com.br\/blog\/delegado-pcam-peculiaridades-carreira-estado\/","og_site_name":"Estrat\u00e9gia Concursos","article_published_time":"2020-08-25T20:55:00+00:00","article_modified_time":"2023-06-22T13:26:13+00:00","og_image":[{"width":1280,"height":720,"url":"https:\/\/dhg1h5j42swfq.cloudfront.net\/2020\/08\/24182126\/YTB_CONCURSO-10.jpg","type":"image\/jpeg"}],"author":"Nelma Fontana","twitter_card":"summary_large_image","twitter_creator":"@EstratConcursos","twitter_site":"@EstratConcursos","twitter_misc":{"Escrito por":"Nelma Fontana","Est. tempo de leitura":"2 minutos"},"schema":{"@context":"https:\/\/schema.org","@graph":[{"@type":"NewsArticle","@id":"https:\/\/www.estrategiaconcursos.com.br\/blog\/delegado-pcam-peculiaridades-carreira-estado\/#article","isPartOf":{"@id":"https:\/\/www.estrategiaconcursos.com.br\/blog\/delegado-pcam-peculiaridades-carreira-estado\/"},"author":{"name":"Nelma Fontana","@id":"https:\/\/www.estrategiaconcursos.com.br\/blog\/#\/schema\/person\/09924ae9dae935885ef15db075a3be15"},"headline":"Delegado PCAM: Peculiaridades da Carreira e do Estado","datePublished":"2020-08-25T20:55:00+00:00","dateModified":"2023-06-22T13:26:13+00:00","mainEntityOfPage":{"@id":"https:\/\/www.estrategiaconcursos.com.br\/blog\/delegado-pcam-peculiaridades-carreira-estado\/"},"wordCount":371,"commentCount":0,"publisher":{"@id":"https:\/\/www.estrategiaconcursos.com.br\/blog\/#organization"},"image":{"@id":"https:\/\/www.estrategiaconcursos.com.br\/blog\/delegado-pcam-peculiaridades-carreira-estado\/#primaryimage"},"thumbnailUrl":"https:\/\/dhg1h5j42swfq.cloudfront.net\/2020\/08\/24182126\/YTB_CONCURSO-10.jpg","articleSection":["Concursos P\u00fablicos"],"inLanguage":"pt-BR","potentialAction":[{"@type":"CommentAction","name":"Comment","target":["https:\/\/www.estrategiaconcursos.com.br\/blog\/delegado-pcam-peculiaridades-carreira-estado\/#respond"]}],"copyrightYear":"2020","copyrightHolder":{"@id":"https:\/\/www.estrategiaconcursos.com.br\/blog\/#organization"}},{"@type":"WebPage","@id":"https:\/\/www.estrategiaconcursos.com.br\/blog\/delegado-pcam-peculiaridades-carreira-estado\/","url":"https:\/\/www.estrategiaconcursos.com.br\/blog\/delegado-pcam-peculiaridades-carreira-estado\/","name":"Delegado PCAM: Peculiaridades da Carreira e do Estado","isPartOf":{"@id":"https:\/\/www.estrategiaconcursos.com.br\/blog\/#website"},"primaryImageOfPage":{"@id":"https:\/\/www.estrategiaconcursos.com.br\/blog\/delegado-pcam-peculiaridades-carreira-estado\/#primaryimage"},"image":{"@id":"https:\/\/www.estrategiaconcursos.com.br\/blog\/delegado-pcam-peculiaridades-carreira-estado\/#primaryimage"},"thumbnailUrl":"https:\/\/dhg1h5j42swfq.cloudfront.net\/2020\/08\/24182126\/YTB_CONCURSO-10.jpg","datePublished":"2020-08-25T20:55:00+00:00","dateModified":"2023-06-22T13:26:13+00:00","description":"N\u00e3o perca hoje o evento Delegado PCAM - Peculiaridades da Carreira e do Estado do Amazonas ministrado pelos professores Ivo Martins e Fernando Bezerra!","breadcrumb":{"@id":"https:\/\/www.estrategiaconcursos.com.br\/blog\/delegado-pcam-peculiaridades-carreira-estado\/#breadcrumb"},"inLanguage":"pt-BR","potentialAction":[{"@type":"ReadAction","target":["https:\/\/www.estrategiaconcursos.com.br\/blog\/delegado-pcam-peculiaridades-carreira-estado\/"]}]},{"@type":"ImageObject","inLanguage":"pt-BR","@id":"https:\/\/www.estrategiaconcursos.com.br\/blog\/delegado-pcam-peculiaridades-carreira-estado\/#primaryimage","url":"https:\/\/dhg1h5j42swfq.cloudfront.net\/2020\/08\/24182126\/YTB_CONCURSO-10.jpg","contentUrl":"https:\/\/dhg1h5j42swfq.cloudfront.net\/2020\/08\/24182126\/YTB_CONCURSO-10.jpg","width":1280,"height":720,"caption":"Delegado PCAM"},{"@type":"BreadcrumbList","@id":"https:\/\/www.estrategiaconcursos.com.br\/blog\/delegado-pcam-peculiaridades-carreira-estado\/#breadcrumb","itemListElement":[{"@type":"ListItem","position":1,"name":"In\u00edcio","item":"https:\/\/www.estrategiaconcursos.com.br\/blog\/"},{"@type":"ListItem","position":2,"name":"Delegado PCAM: Peculiaridades da Carreira e do Estado"}]},{"@type":"WebSite","@id":"https:\/\/www.estrategiaconcursos.com.br\/blog\/#website","url":"https:\/\/www.estrategiaconcursos.com.br\/blog\/","name":"Estrat\u00e9gia Concursos","description":"O blog da Estrat\u00e9gia Concursos traz not\u00edcias sobre concursos e artigos de professores oferecendo cursos para concursos (pdf + videaulas) no site.","publisher":{"@id":"https:\/\/www.estrategiaconcursos.com.br\/blog\/#organization"},"potentialAction":[{"@type":"SearchAction","target":{"@type":"EntryPoint","urlTemplate":"https:\/\/www.estrategiaconcursos.com.br\/blog\/?s={search_term_string}"},"query-input":{"@type":"PropertyValueSpecification","valueRequired":true,"valueName":"search_term_string"}}],"inLanguage":"pt-BR"},{"@type":"Organization","@id":"https:\/\/www.estrategiaconcursos.com.br\/blog\/#organization","name":"Estrat\u00e9gia Concursos","url":"https:\/\/www.estrategiaconcursos.com.br\/blog\/","logo":{"@type":"ImageObject","inLanguage":"pt-BR","@id":"https:\/\/www.estrategiaconcursos.com.br\/blog\/#\/schema\/logo\/image\/","url":"https:\/\/dhg1h5j42swfq.cloudfront.net\/2025\/06\/03203428\/logo_concursos-1.jpg","contentUrl":"https:\/\/dhg1h5j42swfq.cloudfront.net\/2025\/06\/03203428\/logo_concursos-1.jpg","width":230,"height":60,"caption":"Estrat\u00e9gia Concursos"},"image":{"@id":"https:\/\/www.estrategiaconcursos.com.br\/blog\/#\/schema\/logo\/image\/"},"sameAs":["https:\/\/x.com\/EstratConcursos"]},{"@type":"Person","@id":"https:\/\/www.estrategiaconcursos.com.br\/blog\/#\/schema\/person\/09924ae9dae935885ef15db075a3be15","name":"Nelma Fontana","image":{"@type":"ImageObject","inLanguage":"pt-BR","@id":"https:\/\/secure.gravatar.com\/avatar\/a2b4071a40b0ae857a4dfe2308130289bde3d65cc7674fb758d21a8b645071e5?s=96&d=mm&r=g","url":"https:\/\/secure.gravatar.com\/avatar\/a2b4071a40b0ae857a4dfe2308130289bde3d65cc7674fb758d21a8b645071e5?s=96&d=mm&r=g","contentUrl":"https:\/\/secure.gravatar.com\/avatar\/a2b4071a40b0ae857a4dfe2308130289bde3d65cc7674fb758d21a8b645071e5?s=96&d=mm&r=g","caption":"Nelma Fontana"},"url":"https:\/\/www.estrategiaconcursos.com.br\/blog\/author\/fontananelmagmail-com\/"}]}},"_links":{"self":[{"href":"https:\/\/www.estrategiaconcursos.com.br\/blog\/wp-json\/wp\/v2\/posts\/560130","targetHints":{"allow":["GET"]}}],"collection":[{"href":"https:\/\/www.estrategiaconcursos.com.br\/blog\/wp-json\/wp\/v2\/posts"}],"about":[{"href":"https:\/\/www.estrategiaconcursos.com.br\/blog\/wp-json\/wp\/v2\/types\/post"}],"author":[{"embeddable":true,"href":"https:\/\/www.estrategiaconcursos.com.br\/blog\/wp-json\/wp\/v2\/users\/492"}],"replies":[{"embeddable":true,"href":"https:\/\/www.estrategiaconcursos.com.br\/blog\/wp-json\/wp\/v2\/comments?post=560130"}],"version-history":[{"count":9,"href":"https:\/\/www.estrategiaconcursos.com.br\/blog\/wp-json\/wp\/v2\/posts\/560130\/revisions"}],"predecessor-version":[{"id":1237004,"href":"https:\/\/www.estrategiaconcursos.com.br\/blog\/wp-json\/wp\/v2\/posts\/560130\/revisions\/1237004"}],"wp:featuredmedia":[{"embeddable":true,"href":"https:\/\/www.estrategiaconcursos.com.br\/blog\/wp-json\/wp\/v2\/media\/560135"}],"wp:attachment":[{"href":"https:\/\/www.estrategiaconcursos.com.br\/blog\/wp-json\/wp\/v2\/media?parent=560130"}],"wp:term":[{"taxonomy":"category","embeddable":true,"href":"https:\/\/www.estrategiaconcursos.com.br\/blog\/wp-json\/wp\/v2\/categories?post=560130"},{"taxonomy":"post_tag","embeddable":true,"href":"https:\/\/www.estrategiaconcursos.com.br\/blog\/wp-json\/wp\/v2\/tags?post=560130"},{"taxonomy":"tax_estado","embeddable":true,"href":"https:\/\/www.estrategiaconcursos.com.br\/blog\/wp-json\/wp\/v2\/tax_estado?post=560130"}],"curies":[{"name":"wp","href":"https:\/\/api.w.org\/{rel}","templated":true}]}}