{"id":559958,"date":"2020-08-26T17:00:00","date_gmt":"2020-08-26T20:00:00","guid":{"rendered":"https:\/\/www.estrategiaconcursos.com.br\/blog\/?p=559958"},"modified":"2020-10-02T11:50:02","modified_gmt":"2020-10-02T14:50:02","slug":"delegado-da-pf-qual-deve-ser-o-foco-no-estudo-pre-edital","status":"publish","type":"post","link":"https:\/\/www.estrategiaconcursos.com.br\/blog\/delegado-da-pf-qual-deve-ser-o-foco-no-estudo-pre-edital\/","title":{"rendered":"Delegado da PF: qual deve ser o foco no estudo pr\u00e9-edital"},"content":{"rendered":"\n<p>Qual deve ser o foco no estudo pr\u00e9-edital Delegado da PF? Para saber a resposta e como realizar seus estudos, acompanhe ao vivo e gratuitamente, nesta quarta (26), \u00e0s 19:00, o professor Luiz Godoy, atrav\u00e9s do Canal do Estrat\u00e9gia Carreiras Jur\u00eddicas no Youtube. <\/p>\n\n\n\n<h4 class=\"wp-block-heading\"><em><strong>Delegado da Pol\u00edcia Federal<\/strong><\/em> &#8211; <em>Cronograma<\/em><\/h4>\n\n\n\n<p>Data: 26 de agosto de 2020<br \/>Hor\u00e1rio: 19:00<br \/>Onde: <a href=\"https:\/\/www.youtube.com\/c\/Estrat%C3%A9giaCarreiraJur%C3%ADdica\/videos?view=2&amp;sort=dd&amp;live_view=502&amp;shelf_id=4\" target=\"_blank\" rel=\"noreferrer noopener\">Canal do Estrat\u00e9gia Carreiras Jur\u00eddicas no Youtube<\/a><\/p>\n\n\n\n<h4 class=\"wp-block-heading\"><em><strong>Delegado da Pol\u00edcia Federal<\/strong><\/em> &#8211; <em>Evento ao vivo<\/em><\/h4>\n\n\n\n<p class=\"has-text-align-center has-very-light-gray-background-color has-background\"><a href=\"https:\/\/www.youtube.com\/c\/Estrat%C3%A9giaCarreiraJur%C3%ADdica\/videos?view=2&amp;sort=dd&amp;live_view=502&amp;shelf_id=4\" target=\"_blank\" rel=\"noreferrer noopener\">ASSISTA AO VIVO AQUI<\/a><\/p>\n\n\n\n<h4 class=\"wp-block-heading\"> <em><strong>Delegado da Pol\u00edcia Federal<\/strong><\/em> &#8211; <em>Curiosidades<\/em><\/h4>\n\n\n\n<p>O presidente Jair Bolsonaro  j\u00e1 autorizou a realiza\u00e7\u00e3o do concurso Delegado PF. A expectativa \u00e9 de que o concurso p\u00fablico oferte aos candidatos 2 mil vagas nos total.<\/p>\n\n\n\n<p>Para o cargo de delegado est\u00e3o previstas 300 vagas, e n\u00e3o mais as 100 como divulgado anteriormente. O diretor-geral da institui\u00e7\u00e3o, Rolando Alexandre de Souza, informou que se tudo der certo, o edital ser\u00e1 publicado ainda em 2020.<\/p>\n\n\n\n<p>O&nbsp;<strong>cargo de Delegado da PF<\/strong>&nbsp;\u00e9 privativo de bacharel em Direito. Al\u00e9m disso, foi necess\u00e1rio&nbsp;<strong>comprovar o exerc\u00edcio de&nbsp;tr\u00eas anos de atividade jur\u00eddica ou policial, na&nbsp;data da posse<\/strong>.<\/p>\n\n\n\n<p>A remunera\u00e7\u00e3o do concurso \u00e9 de R$ 23.692,74 na fase inicial, j\u00e1 na classe especial \u00e9 de R$ 30.936,91, mais benef\u00edcios. O&nbsp;<strong>\u00faltimo concurso de Delegado da Pol\u00edcia Federal<\/strong>&nbsp;ofereceu&nbsp;<strong>150 vagas<\/strong>&nbsp;para provimento imediato. O certame foi organizado pelo Cebraspe.<\/p>\n\n\n\n<p class=\"has-text-align-center has-background\" style=\"background-color:#ebff0b\"><strong>Mais informa\u00e7\u00f5es: <a href=\"https:\/\/www.estrategiaconcursos.com.br\/blog\/concurso-delegado-pf\/\" target=\"_blank\" rel=\"noreferrer noopener\">Concurso Delegado PF<\/a><\/strong><\/p>\n\n\n\n<h2 class=\"has-text-align-center wp-block-heading\"><em>Cursos para o concurso <strong>Delegado da Pol\u00edcia Federal<\/strong><\/em><\/h2>\n\n\n\n<p class=\"has-text-align-center has-luminous-vivid-amber-background-color has-background\"><em><strong><a rel=\"noreferrer noopener\" href=\"https:\/\/www.estrategiaconcursos.com.br\/cursosPorConcurso\/policia-federal-delegado-79\/\" target=\"_blank\">CURSO <\/a><\/strong><\/em><\/p>\n\n\n\n<p class=\"has-text-align-center\"><strong><em><strong>Sistema de Quest\u00f5es<\/strong><\/em><\/strong> &#8211;<em><strong> Delegado da Pol\u00edcia Federal<\/strong><\/em><\/p>\n\n\n\n<p class=\"has-text-align-center\">Estrat\u00e9gia Quest\u00f5es nasceu maior do que todos os concorrentes, com mais quest\u00f5es cadastradas e mais solu\u00e7\u00f5es por professores. Clique no link e aproveite os descontos e b\u00f4nus imperd\u00edveis!<\/p>\n\n\n\n<p class=\"has-text-align-center has-vivid-green-cyan-background-color has-background\"><strong>ASSINE AGORA \u2013&nbsp;<a href=\"https:\/\/www.estrategiaconcursos.com.br\/cursosPorConcurso\/sistema-de-questoes\/#\/\" target=\"_blank\" rel=\"noreferrer noopener\">Sistema de Quest\u00f5es<\/a><\/strong><\/p>\n\n\n\n<p class=\"has-text-align-center\"><em><strong>Fique por dentro de todos os concursos<\/strong><\/em> <em><strong>dos concursos com editais publicados e tamb\u00e9m dos concursos que ainda v\u00e3o publicar editais:<\/strong><\/em><\/p>\n\n\n\n<p class=\"has-text-align-center has-pale-cyan-blue-background-color has-background\"><a href=\"https:\/\/www.estrategiaconcursos.com.br\/blog\/concursos-abertos\/\" target=\"_blank\" rel=\"noreferrer noopener\"><strong>Concursos abertos<\/strong><\/a><\/p>\n\n\n\n<p class=\"has-text-align-center has-pale-cyan-blue-background-color has-background\"><a href=\"https:\/\/www.estrategiaconcursos.com.br\/blog\/concursos-2020\/\" target=\"_blank\" rel=\"noreferrer noopener\"><strong>Concursos 2020<\/strong><\/a><\/p>\n\n\n\n<p class=\"has-text-align-center has-pale-cyan-blue-background-color has-background\"><strong><a href=\"https:\/\/www.estrategiaconcursos.com.br\/blog\/concursos-2021\/\" target=\"_blank\" rel=\"noreferrer noopener\">Concursos 2021<\/a><\/strong><\/p>\n\n\n\n<p class=\"has-text-align-center has-pale-cyan-blue-background-color has-background\"><a href=\"https:\/\/www.estrategiaconcursos.com.br\/blog\/concursos-de-direito\" target=\"_blank\" rel=\"noreferrer noopener\"><strong>Concursos de Dir<\/strong><\/a><strong><a href=\"https:\/\/www.estrategiaconcursos.com.br\/blog\/concursos-de-direito\" target=\"_blank\" rel=\"noreferrer noopener\">eito<\/a><\/strong><\/p>\n","protected":false},"excerpt":{"rendered":"<p>Qual deve ser o foco no estudo pr\u00e9-edital Delegado da PF? Para saber a resposta e como realizar seus estudos, acompanhe ao vivo e gratuitamente, nesta quarta (26), \u00e0s 19:00, o professor Luiz Godoy, atrav\u00e9s do Canal do Estrat\u00e9gia Carreiras Jur\u00eddicas no Youtube. Delegado da Pol\u00edcia Federal &#8211; Cronograma Data: 26 de agosto de 2020Hor\u00e1rio: [&hellip;]<\/p>\n","protected":false},"author":552,"featured_media":544446,"comment_status":"open","ping_status":"closed","sticky":false,"template":"","format":"standard","meta":{"post_tipo":"article","footnotes":""},"categories":[1],"tags":[],"tax_estado":[],"class_list":["post-559958","post","type-post","status-publish","format-standard","has-post-thumbnail","hentry","category-cursos-e-concursos"],"acf":[],"yoast_head":"<!-- This site is optimized with the Yoast SEO Premium plugin v27.2 (Yoast SEO v27.2) - https:\/\/yoast.com\/product\/yoast-seo-premium-wordpress\/ -->\n<title>Delegado da PF: qual deve ser o foco no estudo pr\u00e9-edital<\/title>\n<meta name=\"description\" content=\"Delegado da PF: assista ao vivo e gratuitamente, \u00e0s 19:00, a aula ministrada pelo professor Luiz Godoy. Saiba mais informa\u00e7\u00f5es neste artigo!\" \/>\n<meta name=\"robots\" content=\"index, follow, max-snippet:-1, max-image-preview:large, max-video-preview:-1\" \/>\n<link rel=\"canonical\" href=\"https:\/\/www.estrategiaconcursos.com.br\/blog\/delegado-da-pf-qual-deve-ser-o-foco-no-estudo-pre-edital\/\" \/>\n<meta property=\"og:locale\" content=\"pt_BR\" \/>\n<meta property=\"og:type\" content=\"article\" \/>\n<meta property=\"og:title\" content=\"Delegado da PF: qual deve ser o foco no estudo pr\u00e9-edital\" \/>\n<meta property=\"og:description\" content=\"Delegado da PF: assista ao vivo e gratuitamente, \u00e0s 19:00, a aula ministrada pelo professor Luiz Godoy. Saiba mais informa\u00e7\u00f5es neste artigo!\" \/>\n<meta property=\"og:url\" content=\"https:\/\/www.estrategiaconcursos.com.br\/blog\/delegado-da-pf-qual-deve-ser-o-foco-no-estudo-pre-edital\/\" \/>\n<meta property=\"og:site_name\" content=\"Estrat\u00e9gia Concursos\" \/>\n<meta property=\"article:published_time\" content=\"2020-08-26T20:00:00+00:00\" \/>\n<meta property=\"article:modified_time\" content=\"2020-10-02T14:50:02+00:00\" \/>\n<meta property=\"og:image\" content=\"https:\/\/dhg1h5j42swfq.cloudfront.net\/2020\/07\/20143909\/DELEGADO-PF6-150x150-1.jpg\" \/>\n\t<meta property=\"og:image:width\" content=\"150\" \/>\n\t<meta property=\"og:image:height\" content=\"150\" \/>\n\t<meta property=\"og:image:type\" content=\"image\/jpeg\" \/>\n<meta name=\"author\" content=\"Paulo Bilynskyj\" \/>\n<meta name=\"twitter:card\" content=\"summary_large_image\" \/>\n<meta name=\"twitter:creator\" content=\"@EstratConcursos\" \/>\n<meta name=\"twitter:site\" content=\"@EstratConcursos\" \/>\n<meta name=\"twitter:label1\" content=\"Escrito por\" \/>\n\t<meta name=\"twitter:data1\" content=\"Paulo Bilynskyj\" \/>\n\t<meta name=\"twitter:label2\" content=\"Est. tempo de leitura\" \/>\n\t<meta name=\"twitter:data2\" content=\"2 minutos\" \/>\n<script type=\"application\/ld+json\" class=\"yoast-schema-graph\">{\"@context\":\"https:\/\/schema.org\",\"@graph\":[{\"@type\":\"NewsArticle\",\"@id\":\"https:\/\/www.estrategiaconcursos.com.br\/blog\/delegado-da-pf-qual-deve-ser-o-foco-no-estudo-pre-edital\/#article\",\"isPartOf\":{\"@id\":\"https:\/\/www.estrategiaconcursos.com.br\/blog\/delegado-da-pf-qual-deve-ser-o-foco-no-estudo-pre-edital\/\"},\"author\":{\"name\":\"Paulo Bilynskyj\",\"@id\":\"https:\/\/www.estrategiaconcursos.com.br\/blog\/#\/schema\/person\/a630b15e36f45b4c21fed01219843cb5\"},\"headline\":\"Delegado da PF: qual deve ser o foco no estudo pr\u00e9-edital\",\"datePublished\":\"2020-08-26T20:00:00+00:00\",\"dateModified\":\"2020-10-02T14:50:02+00:00\",\"mainEntityOfPage\":{\"@id\":\"https:\/\/www.estrategiaconcursos.com.br\/blog\/delegado-da-pf-qual-deve-ser-o-foco-no-estudo-pre-edital\/\"},\"wordCount\":347,\"commentCount\":0,\"publisher\":{\"@id\":\"https:\/\/www.estrategiaconcursos.com.br\/blog\/#organization\"},\"image\":{\"@id\":\"https:\/\/www.estrategiaconcursos.com.br\/blog\/delegado-da-pf-qual-deve-ser-o-foco-no-estudo-pre-edital\/#primaryimage\"},\"thumbnailUrl\":\"https:\/\/dhg1h5j42swfq.cloudfront.net\/2020\/07\/20143909\/DELEGADO-PF6-150x150-1.jpg\",\"articleSection\":[\"Concursos P\u00fablicos\"],\"inLanguage\":\"pt-BR\",\"potentialAction\":[{\"@type\":\"CommentAction\",\"name\":\"Comment\",\"target\":[\"https:\/\/www.estrategiaconcursos.com.br\/blog\/delegado-da-pf-qual-deve-ser-o-foco-no-estudo-pre-edital\/#respond\"]}],\"copyrightYear\":\"2020\",\"copyrightHolder\":{\"@id\":\"https:\/\/www.estrategiaconcursos.com.br\/blog\/#organization\"}},{\"@type\":\"WebPage\",\"@id\":\"https:\/\/www.estrategiaconcursos.com.br\/blog\/delegado-da-pf-qual-deve-ser-o-foco-no-estudo-pre-edital\/\",\"url\":\"https:\/\/www.estrategiaconcursos.com.br\/blog\/delegado-da-pf-qual-deve-ser-o-foco-no-estudo-pre-edital\/\",\"name\":\"Delegado da PF: qual deve ser o foco no estudo pr\u00e9-edital\",\"isPartOf\":{\"@id\":\"https:\/\/www.estrategiaconcursos.com.br\/blog\/#website\"},\"primaryImageOfPage\":{\"@id\":\"https:\/\/www.estrategiaconcursos.com.br\/blog\/delegado-da-pf-qual-deve-ser-o-foco-no-estudo-pre-edital\/#primaryimage\"},\"image\":{\"@id\":\"https:\/\/www.estrategiaconcursos.com.br\/blog\/delegado-da-pf-qual-deve-ser-o-foco-no-estudo-pre-edital\/#primaryimage\"},\"thumbnailUrl\":\"https:\/\/dhg1h5j42swfq.cloudfront.net\/2020\/07\/20143909\/DELEGADO-PF6-150x150-1.jpg\",\"datePublished\":\"2020-08-26T20:00:00+00:00\",\"dateModified\":\"2020-10-02T14:50:02+00:00\",\"description\":\"Delegado da PF: assista ao vivo e gratuitamente, \u00e0s 19:00, a aula ministrada pelo professor Luiz Godoy. Saiba mais informa\u00e7\u00f5es neste artigo!\",\"breadcrumb\":{\"@id\":\"https:\/\/www.estrategiaconcursos.com.br\/blog\/delegado-da-pf-qual-deve-ser-o-foco-no-estudo-pre-edital\/#breadcrumb\"},\"inLanguage\":\"pt-BR\",\"potentialAction\":[{\"@type\":\"ReadAction\",\"target\":[\"https:\/\/www.estrategiaconcursos.com.br\/blog\/delegado-da-pf-qual-deve-ser-o-foco-no-estudo-pre-edital\/\"]}]},{\"@type\":\"ImageObject\",\"inLanguage\":\"pt-BR\",\"@id\":\"https:\/\/www.estrategiaconcursos.com.br\/blog\/delegado-da-pf-qual-deve-ser-o-foco-no-estudo-pre-edital\/#primaryimage\",\"url\":\"https:\/\/dhg1h5j42swfq.cloudfront.net\/2020\/07\/20143909\/DELEGADO-PF6-150x150-1.jpg\",\"contentUrl\":\"https:\/\/dhg1h5j42swfq.cloudfront.net\/2020\/07\/20143909\/DELEGADO-PF6-150x150-1.jpg\",\"width\":150,\"height\":150,\"caption\":\"Delegado da PF\"},{\"@type\":\"BreadcrumbList\",\"@id\":\"https:\/\/www.estrategiaconcursos.com.br\/blog\/delegado-da-pf-qual-deve-ser-o-foco-no-estudo-pre-edital\/#breadcrumb\",\"itemListElement\":[{\"@type\":\"ListItem\",\"position\":1,\"name\":\"In\u00edcio\",\"item\":\"https:\/\/www.estrategiaconcursos.com.br\/blog\/\"},{\"@type\":\"ListItem\",\"position\":2,\"name\":\"Delegado da PF: qual deve ser o foco no estudo pr\u00e9-edital\"}]},{\"@type\":\"WebSite\",\"@id\":\"https:\/\/www.estrategiaconcursos.com.br\/blog\/#website\",\"url\":\"https:\/\/www.estrategiaconcursos.com.br\/blog\/\",\"name\":\"Estrat\u00e9gia Concursos\",\"description\":\"O blog da Estrat\u00e9gia Concursos traz not\u00edcias sobre concursos e artigos de professores oferecendo cursos para concursos (pdf + videaulas) no site.\",\"publisher\":{\"@id\":\"https:\/\/www.estrategiaconcursos.com.br\/blog\/#organization\"},\"potentialAction\":[{\"@type\":\"SearchAction\",\"target\":{\"@type\":\"EntryPoint\",\"urlTemplate\":\"https:\/\/www.estrategiaconcursos.com.br\/blog\/?s={search_term_string}\"},\"query-input\":{\"@type\":\"PropertyValueSpecification\",\"valueRequired\":true,\"valueName\":\"search_term_string\"}}],\"inLanguage\":\"pt-BR\"},{\"@type\":\"Organization\",\"@id\":\"https:\/\/www.estrategiaconcursos.com.br\/blog\/#organization\",\"name\":\"Estrat\u00e9gia Concursos\",\"url\":\"https:\/\/www.estrategiaconcursos.com.br\/blog\/\",\"logo\":{\"@type\":\"ImageObject\",\"inLanguage\":\"pt-BR\",\"@id\":\"https:\/\/www.estrategiaconcursos.com.br\/blog\/#\/schema\/logo\/image\/\",\"url\":\"https:\/\/dhg1h5j42swfq.cloudfront.net\/2025\/06\/03203428\/logo_concursos-1.jpg\",\"contentUrl\":\"https:\/\/dhg1h5j42swfq.cloudfront.net\/2025\/06\/03203428\/logo_concursos-1.jpg\",\"width\":230,\"height\":60,\"caption\":\"Estrat\u00e9gia Concursos\"},\"image\":{\"@id\":\"https:\/\/www.estrategiaconcursos.com.br\/blog\/#\/schema\/logo\/image\/\"},\"sameAs\":[\"https:\/\/x.com\/EstratConcursos\"]},{\"@type\":\"Person\",\"@id\":\"https:\/\/www.estrategiaconcursos.com.br\/blog\/#\/schema\/person\/a630b15e36f45b4c21fed01219843cb5\",\"name\":\"Paulo Bilynskyj\",\"image\":{\"@type\":\"ImageObject\",\"inLanguage\":\"pt-BR\",\"@id\":\"https:\/\/secure.gravatar.com\/avatar\/37e21f70c9042e7456beffdc6d31fe051f3f6dcbf252f69343a791b144852057?s=96&d=mm&r=g\",\"url\":\"https:\/\/secure.gravatar.com\/avatar\/37e21f70c9042e7456beffdc6d31fe051f3f6dcbf252f69343a791b144852057?s=96&d=mm&r=g\",\"contentUrl\":\"https:\/\/secure.gravatar.com\/avatar\/37e21f70c9042e7456beffdc6d31fe051f3f6dcbf252f69343a791b144852057?s=96&d=mm&r=g\",\"caption\":\"Paulo Bilynskyj\"},\"url\":\"https:\/\/www.estrategiaconcursos.com.br\/blog\/author\/pbilynskyjgmail-com\/\"}]}<\/script>\n<!-- \/ Yoast SEO Premium plugin. -->","yoast_head_json":{"title":"Delegado da PF: qual deve ser o foco no estudo pr\u00e9-edital","description":"Delegado da PF: assista ao vivo e gratuitamente, \u00e0s 19:00, a aula ministrada pelo professor Luiz Godoy. Saiba mais informa\u00e7\u00f5es neste artigo!","robots":{"index":"index","follow":"follow","max-snippet":"max-snippet:-1","max-image-preview":"max-image-preview:large","max-video-preview":"max-video-preview:-1"},"canonical":"https:\/\/www.estrategiaconcursos.com.br\/blog\/delegado-da-pf-qual-deve-ser-o-foco-no-estudo-pre-edital\/","og_locale":"pt_BR","og_type":"article","og_title":"Delegado da PF: qual deve ser o foco no estudo pr\u00e9-edital","og_description":"Delegado da PF: assista ao vivo e gratuitamente, \u00e0s 19:00, a aula ministrada pelo professor Luiz Godoy. Saiba mais informa\u00e7\u00f5es neste artigo!","og_url":"https:\/\/www.estrategiaconcursos.com.br\/blog\/delegado-da-pf-qual-deve-ser-o-foco-no-estudo-pre-edital\/","og_site_name":"Estrat\u00e9gia Concursos","article_published_time":"2020-08-26T20:00:00+00:00","article_modified_time":"2020-10-02T14:50:02+00:00","og_image":[{"width":150,"height":150,"url":"https:\/\/dhg1h5j42swfq.cloudfront.net\/2020\/07\/20143909\/DELEGADO-PF6-150x150-1.jpg","type":"image\/jpeg"}],"author":"Paulo Bilynskyj","twitter_card":"summary_large_image","twitter_creator":"@EstratConcursos","twitter_site":"@EstratConcursos","twitter_misc":{"Escrito por":"Paulo Bilynskyj","Est. tempo de leitura":"2 minutos"},"schema":{"@context":"https:\/\/schema.org","@graph":[{"@type":"NewsArticle","@id":"https:\/\/www.estrategiaconcursos.com.br\/blog\/delegado-da-pf-qual-deve-ser-o-foco-no-estudo-pre-edital\/#article","isPartOf":{"@id":"https:\/\/www.estrategiaconcursos.com.br\/blog\/delegado-da-pf-qual-deve-ser-o-foco-no-estudo-pre-edital\/"},"author":{"name":"Paulo Bilynskyj","@id":"https:\/\/www.estrategiaconcursos.com.br\/blog\/#\/schema\/person\/a630b15e36f45b4c21fed01219843cb5"},"headline":"Delegado da PF: qual deve ser o foco no estudo pr\u00e9-edital","datePublished":"2020-08-26T20:00:00+00:00","dateModified":"2020-10-02T14:50:02+00:00","mainEntityOfPage":{"@id":"https:\/\/www.estrategiaconcursos.com.br\/blog\/delegado-da-pf-qual-deve-ser-o-foco-no-estudo-pre-edital\/"},"wordCount":347,"commentCount":0,"publisher":{"@id":"https:\/\/www.estrategiaconcursos.com.br\/blog\/#organization"},"image":{"@id":"https:\/\/www.estrategiaconcursos.com.br\/blog\/delegado-da-pf-qual-deve-ser-o-foco-no-estudo-pre-edital\/#primaryimage"},"thumbnailUrl":"https:\/\/dhg1h5j42swfq.cloudfront.net\/2020\/07\/20143909\/DELEGADO-PF6-150x150-1.jpg","articleSection":["Concursos P\u00fablicos"],"inLanguage":"pt-BR","potentialAction":[{"@type":"CommentAction","name":"Comment","target":["https:\/\/www.estrategiaconcursos.com.br\/blog\/delegado-da-pf-qual-deve-ser-o-foco-no-estudo-pre-edital\/#respond"]}],"copyrightYear":"2020","copyrightHolder":{"@id":"https:\/\/www.estrategiaconcursos.com.br\/blog\/#organization"}},{"@type":"WebPage","@id":"https:\/\/www.estrategiaconcursos.com.br\/blog\/delegado-da-pf-qual-deve-ser-o-foco-no-estudo-pre-edital\/","url":"https:\/\/www.estrategiaconcursos.com.br\/blog\/delegado-da-pf-qual-deve-ser-o-foco-no-estudo-pre-edital\/","name":"Delegado da PF: qual deve ser o foco no estudo pr\u00e9-edital","isPartOf":{"@id":"https:\/\/www.estrategiaconcursos.com.br\/blog\/#website"},"primaryImageOfPage":{"@id":"https:\/\/www.estrategiaconcursos.com.br\/blog\/delegado-da-pf-qual-deve-ser-o-foco-no-estudo-pre-edital\/#primaryimage"},"image":{"@id":"https:\/\/www.estrategiaconcursos.com.br\/blog\/delegado-da-pf-qual-deve-ser-o-foco-no-estudo-pre-edital\/#primaryimage"},"thumbnailUrl":"https:\/\/dhg1h5j42swfq.cloudfront.net\/2020\/07\/20143909\/DELEGADO-PF6-150x150-1.jpg","datePublished":"2020-08-26T20:00:00+00:00","dateModified":"2020-10-02T14:50:02+00:00","description":"Delegado da PF: assista ao vivo e gratuitamente, \u00e0s 19:00, a aula ministrada pelo professor Luiz Godoy. Saiba mais informa\u00e7\u00f5es neste artigo!","breadcrumb":{"@id":"https:\/\/www.estrategiaconcursos.com.br\/blog\/delegado-da-pf-qual-deve-ser-o-foco-no-estudo-pre-edital\/#breadcrumb"},"inLanguage":"pt-BR","potentialAction":[{"@type":"ReadAction","target":["https:\/\/www.estrategiaconcursos.com.br\/blog\/delegado-da-pf-qual-deve-ser-o-foco-no-estudo-pre-edital\/"]}]},{"@type":"ImageObject","inLanguage":"pt-BR","@id":"https:\/\/www.estrategiaconcursos.com.br\/blog\/delegado-da-pf-qual-deve-ser-o-foco-no-estudo-pre-edital\/#primaryimage","url":"https:\/\/dhg1h5j42swfq.cloudfront.net\/2020\/07\/20143909\/DELEGADO-PF6-150x150-1.jpg","contentUrl":"https:\/\/dhg1h5j42swfq.cloudfront.net\/2020\/07\/20143909\/DELEGADO-PF6-150x150-1.jpg","width":150,"height":150,"caption":"Delegado da PF"},{"@type":"BreadcrumbList","@id":"https:\/\/www.estrategiaconcursos.com.br\/blog\/delegado-da-pf-qual-deve-ser-o-foco-no-estudo-pre-edital\/#breadcrumb","itemListElement":[{"@type":"ListItem","position":1,"name":"In\u00edcio","item":"https:\/\/www.estrategiaconcursos.com.br\/blog\/"},{"@type":"ListItem","position":2,"name":"Delegado da PF: qual deve ser o foco no estudo pr\u00e9-edital"}]},{"@type":"WebSite","@id":"https:\/\/www.estrategiaconcursos.com.br\/blog\/#website","url":"https:\/\/www.estrategiaconcursos.com.br\/blog\/","name":"Estrat\u00e9gia Concursos","description":"O blog da Estrat\u00e9gia Concursos traz not\u00edcias sobre concursos e artigos de professores oferecendo cursos para concursos (pdf + videaulas) no site.","publisher":{"@id":"https:\/\/www.estrategiaconcursos.com.br\/blog\/#organization"},"potentialAction":[{"@type":"SearchAction","target":{"@type":"EntryPoint","urlTemplate":"https:\/\/www.estrategiaconcursos.com.br\/blog\/?s={search_term_string}"},"query-input":{"@type":"PropertyValueSpecification","valueRequired":true,"valueName":"search_term_string"}}],"inLanguage":"pt-BR"},{"@type":"Organization","@id":"https:\/\/www.estrategiaconcursos.com.br\/blog\/#organization","name":"Estrat\u00e9gia Concursos","url":"https:\/\/www.estrategiaconcursos.com.br\/blog\/","logo":{"@type":"ImageObject","inLanguage":"pt-BR","@id":"https:\/\/www.estrategiaconcursos.com.br\/blog\/#\/schema\/logo\/image\/","url":"https:\/\/dhg1h5j42swfq.cloudfront.net\/2025\/06\/03203428\/logo_concursos-1.jpg","contentUrl":"https:\/\/dhg1h5j42swfq.cloudfront.net\/2025\/06\/03203428\/logo_concursos-1.jpg","width":230,"height":60,"caption":"Estrat\u00e9gia Concursos"},"image":{"@id":"https:\/\/www.estrategiaconcursos.com.br\/blog\/#\/schema\/logo\/image\/"},"sameAs":["https:\/\/x.com\/EstratConcursos"]},{"@type":"Person","@id":"https:\/\/www.estrategiaconcursos.com.br\/blog\/#\/schema\/person\/a630b15e36f45b4c21fed01219843cb5","name":"Paulo Bilynskyj","image":{"@type":"ImageObject","inLanguage":"pt-BR","@id":"https:\/\/secure.gravatar.com\/avatar\/37e21f70c9042e7456beffdc6d31fe051f3f6dcbf252f69343a791b144852057?s=96&d=mm&r=g","url":"https:\/\/secure.gravatar.com\/avatar\/37e21f70c9042e7456beffdc6d31fe051f3f6dcbf252f69343a791b144852057?s=96&d=mm&r=g","contentUrl":"https:\/\/secure.gravatar.com\/avatar\/37e21f70c9042e7456beffdc6d31fe051f3f6dcbf252f69343a791b144852057?s=96&d=mm&r=g","caption":"Paulo Bilynskyj"},"url":"https:\/\/www.estrategiaconcursos.com.br\/blog\/author\/pbilynskyjgmail-com\/"}]}},"_links":{"self":[{"href":"https:\/\/www.estrategiaconcursos.com.br\/blog\/wp-json\/wp\/v2\/posts\/559958","targetHints":{"allow":["GET"]}}],"collection":[{"href":"https:\/\/www.estrategiaconcursos.com.br\/blog\/wp-json\/wp\/v2\/posts"}],"about":[{"href":"https:\/\/www.estrategiaconcursos.com.br\/blog\/wp-json\/wp\/v2\/types\/post"}],"author":[{"embeddable":true,"href":"https:\/\/www.estrategiaconcursos.com.br\/blog\/wp-json\/wp\/v2\/users\/552"}],"replies":[{"embeddable":true,"href":"https:\/\/www.estrategiaconcursos.com.br\/blog\/wp-json\/wp\/v2\/comments?post=559958"}],"version-history":[{"count":16,"href":"https:\/\/www.estrategiaconcursos.com.br\/blog\/wp-json\/wp\/v2\/posts\/559958\/revisions"}],"predecessor-version":[{"id":581927,"href":"https:\/\/www.estrategiaconcursos.com.br\/blog\/wp-json\/wp\/v2\/posts\/559958\/revisions\/581927"}],"wp:featuredmedia":[{"embeddable":true,"href":"https:\/\/www.estrategiaconcursos.com.br\/blog\/wp-json\/wp\/v2\/media\/544446"}],"wp:attachment":[{"href":"https:\/\/www.estrategiaconcursos.com.br\/blog\/wp-json\/wp\/v2\/media?parent=559958"}],"wp:term":[{"taxonomy":"category","embeddable":true,"href":"https:\/\/www.estrategiaconcursos.com.br\/blog\/wp-json\/wp\/v2\/categories?post=559958"},{"taxonomy":"post_tag","embeddable":true,"href":"https:\/\/www.estrategiaconcursos.com.br\/blog\/wp-json\/wp\/v2\/tags?post=559958"},{"taxonomy":"tax_estado","embeddable":true,"href":"https:\/\/www.estrategiaconcursos.com.br\/blog\/wp-json\/wp\/v2\/tax_estado?post=559958"}],"curies":[{"name":"wp","href":"https:\/\/api.w.org\/{rel}","templated":true}]}}