{"id":559923,"date":"2020-08-24T14:20:09","date_gmt":"2020-08-24T17:20:09","guid":{"rendered":"https:\/\/www.estrategiaconcursos.com.br\/blog\/?p=559923"},"modified":"2023-06-26T15:25:40","modified_gmt":"2023-06-26T18:25:40","slug":"edital-pss-ministerio-economia-retificado","status":"publish","type":"post","link":"https:\/\/www.estrategiaconcursos.com.br\/blog\/edital-pss-ministerio-economia-retificado\/","title":{"rendered":"Edital do PSS do Minist\u00e9rio da Economia \u00e9 retificado!"},"content":{"rendered":"\n<p>Foi publicada a <strong>primeira retifica\u00e7\u00e3o<\/strong> do edital do Processo Seletivo Simplificado do Minist\u00e9rio da Economia. Conforme o documento, a altera\u00e7\u00e3o se d\u00e1 no <strong>requisito do cargo de<\/strong> <strong>Especialista em&nbsp;Experi\u00eancia do Usu\u00e1rio (UX)<\/strong>.<\/p>\n\n\n\n<p>Antes exigindo forma\u00e7\u00e3o em Tecnologia da Informa\u00e7\u00e3o, agora, \u00e9 necess\u00e1rio <strong>n\u00edvel superior em qualquer \u00e1rea de forma\u00e7\u00e3o<\/strong>. Al\u00e9m disso, os candidatos tamb\u00e9m precisam possuir experi\u00eancia profissional na <strong>\u00e1rea de Experi\u00eancia do Usu\u00e1rio<\/strong> e n\u00e3o mais em fun\u00e7\u00f5es de Tecnologia da Informa\u00e7\u00e3o.<\/p>\n\n\n\n<p>Confira abaixo mais detalhes sobre a retifica\u00e7\u00e3o:<\/p>\n\n\n\n<p class=\"has-text-align-center has-very-light-gray-background-color has-background has-medium-font-size\"><a rel=\"noreferrer noopener\" href=\"https:\/\/dhg1h5j42swfq.cloudfront.net\/2020\/08\/24134126\/ED_8_ME_2020_RETIFICAO.pdf\" target=\"_blank\"><strong><em>Retifica\u00e7\u00e3o 01<\/em><\/strong><\/a><\/p>\n\n\n\n<p>Sob organiza\u00e7\u00e3o do Cebraspe, o Processo Seletivo do Minist\u00e9rio da Economia oferta <strong>350 vagas tempor\u00e1rias<\/strong>, distribu\u00eddas entre sete especialidades. Em cada uma delas, ser\u00e3o 37 vagas para ampla concorr\u00eancia, tr\u00eas para candidatos com defici\u00eancia e 10 para negros. O sal\u00e1rio \u00e9 de <strong>R$ 8.300,00.<\/strong><\/p>\n\n\n\n<p>Os interessados devem realizar suas respectivas candidaturas no site da banca organizadora, <strong>at\u00e9 o dia 02 de setembro<\/strong>. A taxa de inscri\u00e7\u00e3o foi definida no valor \u00fanico de R$ 60,00, cujo pagamento deve ser feito at\u00e9 18 de setembro.<\/p>\n\n\n\n<p>As provas objetivas ter\u00e3o dura\u00e7\u00e3o de 3h30 e ser\u00e3o aplicadas na data prevista de 11 de outubro. O exame valer\u00e1 120,00 pontos no total e ser\u00e1 composto por 50 quest\u00f5es de Conhecimentos Gerais e 70 de Conhecimentos Espec\u00edficos. Os candidatos passar\u00e3o ainda pela etapa de prova de t\u00edtulos.<\/p>\n\n\n\n<p class=\"has-text-align-center has-very-light-gray-background-color has-background has-medium-font-size\"><strong>Saiba mais: <a href=\"https:\/\/www.estrategiaconcursos.com.br\/blog\/concurso-ministerio-da-economia\/\" target=\"_blank\" rel=\"noreferrer noopener\">Concurso Minist\u00e9rio da Economia<\/a><\/strong><\/p>\n\n\n\n<hr class=\"wp-block-separator has-css-opacity\"\/>\n\n\n\n<h3 class=\"wp-block-heading has-text-align-center\" id=\"cursos-assinatura\">Quer estudar para o concurso Minist\u00e9rio da Economia?<\/h3>\n\n\n\n<p class=\"has-text-align-center has-luminous-vivid-amber-background-color has-background\" style=\"font-size:clamp(14.642px, 0.915rem + ((1vw - 3.2px) * 0.721), 22px);px\"><a rel=\"noreferrer noopener\" href=\"https:\/\/www.estrategiaconcursos.com.br\/cursosPorConcurso\/mpog-analista-de-tecnologia-da-informacao\/\" target=\"_blank\"><strong>Cursos Minist\u00e9rio da Economia<\/strong><\/a><\/p>\n\n\n\n<p class=\"has-text-align-center has-medium-font-size\"><em><strong>Assinatura Anual Ilimitada*<\/strong><\/em><\/p>\n\n\n\n<p class=\"has-text-align-center\"><em>Prepare-se com o melhor material e com quem mais aprova em Concursos P\u00fablicos em todo o pa\u00eds. Assine agora a nossa Assinatura Anual e tenha acesso ilimitado* a todos os nossos cursos.<\/em><\/p>\n\n\n\n<p class=\"has-text-align-center has-light-green-cyan-background-color has-background\" style=\"font-size:clamp(14.642px, 0.915rem + ((1vw - 3.2px) * 0.721), 22px);px\"><strong>ASSINE AGORA&nbsp;\u2013&nbsp;<a rel=\"noreferrer noopener\" href=\"https:\/\/www.estrategiaconcursos.com.br\/assinaturas\" target=\"_blank\">Assinatura Ilimitada<\/a><\/strong><\/p>\n\n\n\n<p class=\"has-text-align-center has-medium-font-size\"><strong><em><strong>Sistema de Quest\u00f5es<\/strong><\/em><\/strong><\/p>\n\n\n\n<p class=\"has-text-align-center\"><em>Estrat\u00e9gia Quest\u00f5es nasceu maior do que todos os concorrentes, com mais quest\u00f5es cadastradas e mais solu\u00e7\u00f5es por professores. Ent\u00e3o, confira e aproveite os descontos e b\u00f4nus imperd\u00edveis!<\/em><\/p>\n\n\n\n<p class=\"has-text-align-center has-vivid-green-cyan-background-color has-background\" style=\"font-size:clamp(14.642px, 0.915rem + ((1vw - 3.2px) * 0.721), 22px);px\"><strong>ASSINE AGORA \u2013&nbsp;<a rel=\"noreferrer noopener\" href=\"https:\/\/www.estrategiaconcursos.com.br\/cursosPorConcurso\/sistema-de-questoes\/#\/\" target=\"_blank\">Sistema de Quest\u00f5es<\/a><\/strong><\/p>\n\n\n\n<p class=\"has-text-align-center has-medium-font-size\"><strong><em>Fique por dentro dos concursos em aberto<\/em><\/strong><\/p>\n\n\n\n<p class=\"has-text-align-center has-pale-cyan-blue-background-color has-background\" style=\"font-size:clamp(14.642px, 0.915rem + ((1vw - 3.2px) * 0.721), 22px);px\"><a href=\"https:\/\/www.estrategiaconcursos.com.br\/blog\/concursos-abertos\/\" target=\"_blank\" rel=\"noreferrer noopener\"><strong>CONCURSOS ABERTOS<\/strong><\/a><\/p>\n","protected":false},"excerpt":{"rendered":"<p>Foi publicada a primeira retifica\u00e7\u00e3o do edital do Processo Seletivo Simplificado do Minist\u00e9rio da Economia. Conforme o documento, a altera\u00e7\u00e3o se d\u00e1 no requisito do cargo de Especialista em&nbsp;Experi\u00eancia do Usu\u00e1rio (UX). Antes exigindo forma\u00e7\u00e3o em Tecnologia da Informa\u00e7\u00e3o, agora, \u00e9 necess\u00e1rio n\u00edvel superior em qualquer \u00e1rea de forma\u00e7\u00e3o. Al\u00e9m disso, os candidatos tamb\u00e9m precisam [&hellip;]<\/p>\n","protected":false},"author":1445,"featured_media":539848,"comment_status":"open","ping_status":"closed","sticky":false,"template":"","format":"standard","meta":{"post_tipo":"article","footnotes":""},"categories":[1],"tags":[],"tax_estado":[],"class_list":["post-559923","post","type-post","status-publish","format-standard","has-post-thumbnail","hentry","category-cursos-e-concursos"],"acf":[],"yoast_head":"<!-- This site is optimized with the Yoast SEO Premium plugin v27.2 (Yoast SEO v27.2) - https:\/\/yoast.com\/product\/yoast-seo-premium-wordpress\/ -->\n<title>Edital do PSS do Minist\u00e9rio da Economia \u00e9 retificado!<\/title>\n<meta name=\"description\" content=\"Publicada primeira retifica\u00e7\u00e3o do Processo Seletivo do Minist\u00e9rio da Economia. Altera\u00e7\u00e3o se d\u00e1 na especialidade de Experi\u00eancia do Usu\u00e1rio (UX).\" \/>\n<meta name=\"robots\" content=\"index, follow, max-snippet:-1, max-image-preview:large, max-video-preview:-1\" \/>\n<link rel=\"canonical\" href=\"https:\/\/www.estrategiaconcursos.com.br\/blog\/edital-pss-ministerio-economia-retificado\/\" \/>\n<meta property=\"og:locale\" content=\"pt_BR\" \/>\n<meta property=\"og:type\" content=\"article\" \/>\n<meta property=\"og:title\" content=\"Edital do PSS do Minist\u00e9rio da Economia \u00e9 retificado!\" \/>\n<meta property=\"og:description\" content=\"Publicada primeira retifica\u00e7\u00e3o do Processo Seletivo do Minist\u00e9rio da Economia. Altera\u00e7\u00e3o se d\u00e1 na especialidade de Experi\u00eancia do Usu\u00e1rio (UX).\" \/>\n<meta property=\"og:url\" content=\"https:\/\/www.estrategiaconcursos.com.br\/blog\/edital-pss-ministerio-economia-retificado\/\" \/>\n<meta property=\"og:site_name\" content=\"Estrat\u00e9gia Concursos\" \/>\n<meta property=\"article:published_time\" content=\"2020-08-24T17:20:09+00:00\" \/>\n<meta property=\"article:modified_time\" content=\"2023-06-26T18:25:40+00:00\" \/>\n<meta property=\"og:image\" content=\"https:\/\/dhg1h5j42swfq.cloudfront.net\/2020\/07\/09123053\/Minist%C3%A9rio_da_Economia.jpg\" \/>\n\t<meta property=\"og:image:width\" content=\"1200\" \/>\n\t<meta property=\"og:image:height\" content=\"628\" \/>\n\t<meta property=\"og:image:type\" content=\"image\/jpeg\" \/>\n<meta name=\"author\" content=\"Ranielison Ferreira dos Passos\" \/>\n<meta name=\"twitter:card\" content=\"summary_large_image\" \/>\n<meta name=\"twitter:creator\" content=\"@EstratConcursos\" \/>\n<meta name=\"twitter:site\" content=\"@EstratConcursos\" \/>\n<meta name=\"twitter:label1\" content=\"Escrito por\" \/>\n\t<meta name=\"twitter:data1\" content=\"Ranielison Ferreira dos Passos\" \/>\n\t<meta name=\"twitter:label2\" content=\"Est. tempo de leitura\" \/>\n\t<meta name=\"twitter:data2\" content=\"2 minutos\" \/>\n<script type=\"application\/ld+json\" class=\"yoast-schema-graph\">{\"@context\":\"https:\/\/schema.org\",\"@graph\":[{\"@type\":\"NewsArticle\",\"@id\":\"https:\/\/www.estrategiaconcursos.com.br\/blog\/edital-pss-ministerio-economia-retificado\/#article\",\"isPartOf\":{\"@id\":\"https:\/\/www.estrategiaconcursos.com.br\/blog\/edital-pss-ministerio-economia-retificado\/\"},\"author\":{\"name\":\"Ranielison Ferreira dos Passos\",\"@id\":\"https:\/\/www.estrategiaconcursos.com.br\/blog\/#\/schema\/person\/bd2f1a104527c34ba6f439874a311c84\"},\"headline\":\"Edital do PSS do Minist\u00e9rio da Economia \u00e9 retificado!\",\"datePublished\":\"2020-08-24T17:20:09+00:00\",\"dateModified\":\"2023-06-26T18:25:40+00:00\",\"mainEntityOfPage\":{\"@id\":\"https:\/\/www.estrategiaconcursos.com.br\/blog\/edital-pss-ministerio-economia-retificado\/\"},\"wordCount\":365,\"commentCount\":0,\"publisher\":{\"@id\":\"https:\/\/www.estrategiaconcursos.com.br\/blog\/#organization\"},\"image\":{\"@id\":\"https:\/\/www.estrategiaconcursos.com.br\/blog\/edital-pss-ministerio-economia-retificado\/#primaryimage\"},\"thumbnailUrl\":\"https:\/\/dhg1h5j42swfq.cloudfront.net\/2020\/07\/09123053\/Minist%C3%A9rio_da_Economia.jpg\",\"articleSection\":[\"Concursos P\u00fablicos\"],\"inLanguage\":\"pt-BR\",\"potentialAction\":[{\"@type\":\"CommentAction\",\"name\":\"Comment\",\"target\":[\"https:\/\/www.estrategiaconcursos.com.br\/blog\/edital-pss-ministerio-economia-retificado\/#respond\"]}],\"copyrightYear\":\"2020\",\"copyrightHolder\":{\"@id\":\"https:\/\/www.estrategiaconcursos.com.br\/blog\/#organization\"}},{\"@type\":\"WebPage\",\"@id\":\"https:\/\/www.estrategiaconcursos.com.br\/blog\/edital-pss-ministerio-economia-retificado\/\",\"url\":\"https:\/\/www.estrategiaconcursos.com.br\/blog\/edital-pss-ministerio-economia-retificado\/\",\"name\":\"Edital do PSS do Minist\u00e9rio da Economia \u00e9 retificado!\",\"isPartOf\":{\"@id\":\"https:\/\/www.estrategiaconcursos.com.br\/blog\/#website\"},\"primaryImageOfPage\":{\"@id\":\"https:\/\/www.estrategiaconcursos.com.br\/blog\/edital-pss-ministerio-economia-retificado\/#primaryimage\"},\"image\":{\"@id\":\"https:\/\/www.estrategiaconcursos.com.br\/blog\/edital-pss-ministerio-economia-retificado\/#primaryimage\"},\"thumbnailUrl\":\"https:\/\/dhg1h5j42swfq.cloudfront.net\/2020\/07\/09123053\/Minist%C3%A9rio_da_Economia.jpg\",\"datePublished\":\"2020-08-24T17:20:09+00:00\",\"dateModified\":\"2023-06-26T18:25:40+00:00\",\"description\":\"Publicada primeira retifica\u00e7\u00e3o do Processo Seletivo do Minist\u00e9rio da Economia. Altera\u00e7\u00e3o se d\u00e1 na especialidade de Experi\u00eancia do Usu\u00e1rio (UX).\",\"breadcrumb\":{\"@id\":\"https:\/\/www.estrategiaconcursos.com.br\/blog\/edital-pss-ministerio-economia-retificado\/#breadcrumb\"},\"inLanguage\":\"pt-BR\",\"potentialAction\":[{\"@type\":\"ReadAction\",\"target\":[\"https:\/\/www.estrategiaconcursos.com.br\/blog\/edital-pss-ministerio-economia-retificado\/\"]}]},{\"@type\":\"ImageObject\",\"inLanguage\":\"pt-BR\",\"@id\":\"https:\/\/www.estrategiaconcursos.com.br\/blog\/edital-pss-ministerio-economia-retificado\/#primaryimage\",\"url\":\"https:\/\/dhg1h5j42swfq.cloudfront.net\/2020\/07\/09123053\/Minist%C3%A9rio_da_Economia.jpg\",\"contentUrl\":\"https:\/\/dhg1h5j42swfq.cloudfront.net\/2020\/07\/09123053\/Minist%C3%A9rio_da_Economia.jpg\",\"width\":1200,\"height\":628,\"caption\":\"Minist\u00e9rio da Economia\"},{\"@type\":\"BreadcrumbList\",\"@id\":\"https:\/\/www.estrategiaconcursos.com.br\/blog\/edital-pss-ministerio-economia-retificado\/#breadcrumb\",\"itemListElement\":[{\"@type\":\"ListItem\",\"position\":1,\"name\":\"In\u00edcio\",\"item\":\"https:\/\/www.estrategiaconcursos.com.br\/blog\/\"},{\"@type\":\"ListItem\",\"position\":2,\"name\":\"Edital do PSS do Minist\u00e9rio da Economia \u00e9 retificado!\"}]},{\"@type\":\"WebSite\",\"@id\":\"https:\/\/www.estrategiaconcursos.com.br\/blog\/#website\",\"url\":\"https:\/\/www.estrategiaconcursos.com.br\/blog\/\",\"name\":\"Estrat\u00e9gia Concursos\",\"description\":\"O blog da Estrat\u00e9gia Concursos traz not\u00edcias sobre concursos e artigos de professores oferecendo cursos para concursos (pdf + videaulas) no site.\",\"publisher\":{\"@id\":\"https:\/\/www.estrategiaconcursos.com.br\/blog\/#organization\"},\"potentialAction\":[{\"@type\":\"SearchAction\",\"target\":{\"@type\":\"EntryPoint\",\"urlTemplate\":\"https:\/\/www.estrategiaconcursos.com.br\/blog\/?s={search_term_string}\"},\"query-input\":{\"@type\":\"PropertyValueSpecification\",\"valueRequired\":true,\"valueName\":\"search_term_string\"}}],\"inLanguage\":\"pt-BR\"},{\"@type\":\"Organization\",\"@id\":\"https:\/\/www.estrategiaconcursos.com.br\/blog\/#organization\",\"name\":\"Estrat\u00e9gia Concursos\",\"url\":\"https:\/\/www.estrategiaconcursos.com.br\/blog\/\",\"logo\":{\"@type\":\"ImageObject\",\"inLanguage\":\"pt-BR\",\"@id\":\"https:\/\/www.estrategiaconcursos.com.br\/blog\/#\/schema\/logo\/image\/\",\"url\":\"https:\/\/dhg1h5j42swfq.cloudfront.net\/2025\/06\/03203428\/logo_concursos-1.jpg\",\"contentUrl\":\"https:\/\/dhg1h5j42swfq.cloudfront.net\/2025\/06\/03203428\/logo_concursos-1.jpg\",\"width\":230,\"height\":60,\"caption\":\"Estrat\u00e9gia Concursos\"},\"image\":{\"@id\":\"https:\/\/www.estrategiaconcursos.com.br\/blog\/#\/schema\/logo\/image\/\"},\"sameAs\":[\"https:\/\/x.com\/EstratConcursos\"]},{\"@type\":\"Person\",\"@id\":\"https:\/\/www.estrategiaconcursos.com.br\/blog\/#\/schema\/person\/bd2f1a104527c34ba6f439874a311c84\",\"name\":\"Ranielison Ferreira dos Passos\",\"image\":{\"@type\":\"ImageObject\",\"inLanguage\":\"pt-BR\",\"@id\":\"https:\/\/secure.gravatar.com\/avatar\/43012808437351e2b100789a4305f65f876b42bea342a9ce3d967faa63377404?s=96&d=mm&r=g\",\"url\":\"https:\/\/secure.gravatar.com\/avatar\/43012808437351e2b100789a4305f65f876b42bea342a9ce3d967faa63377404?s=96&d=mm&r=g\",\"contentUrl\":\"https:\/\/secure.gravatar.com\/avatar\/43012808437351e2b100789a4305f65f876b42bea342a9ce3d967faa63377404?s=96&d=mm&r=g\",\"caption\":\"Ranielison Ferreira dos Passos\"},\"url\":\"https:\/\/www.estrategiaconcursos.com.br\/blog\/author\/ranielisongmail-com\/\"}]}<\/script>\n<!-- \/ Yoast SEO Premium plugin. -->","yoast_head_json":{"title":"Edital do PSS do Minist\u00e9rio da Economia \u00e9 retificado!","description":"Publicada primeira retifica\u00e7\u00e3o do Processo Seletivo do Minist\u00e9rio da Economia. Altera\u00e7\u00e3o se d\u00e1 na especialidade de Experi\u00eancia do Usu\u00e1rio (UX).","robots":{"index":"index","follow":"follow","max-snippet":"max-snippet:-1","max-image-preview":"max-image-preview:large","max-video-preview":"max-video-preview:-1"},"canonical":"https:\/\/www.estrategiaconcursos.com.br\/blog\/edital-pss-ministerio-economia-retificado\/","og_locale":"pt_BR","og_type":"article","og_title":"Edital do PSS do Minist\u00e9rio da Economia \u00e9 retificado!","og_description":"Publicada primeira retifica\u00e7\u00e3o do Processo Seletivo do Minist\u00e9rio da Economia. Altera\u00e7\u00e3o se d\u00e1 na especialidade de Experi\u00eancia do Usu\u00e1rio (UX).","og_url":"https:\/\/www.estrategiaconcursos.com.br\/blog\/edital-pss-ministerio-economia-retificado\/","og_site_name":"Estrat\u00e9gia Concursos","article_published_time":"2020-08-24T17:20:09+00:00","article_modified_time":"2023-06-26T18:25:40+00:00","og_image":[{"width":1200,"height":628,"url":"https:\/\/dhg1h5j42swfq.cloudfront.net\/2020\/07\/09123053\/Minist%C3%A9rio_da_Economia.jpg","type":"image\/jpeg"}],"author":"Ranielison Ferreira dos Passos","twitter_card":"summary_large_image","twitter_creator":"@EstratConcursos","twitter_site":"@EstratConcursos","twitter_misc":{"Escrito por":"Ranielison Ferreira dos Passos","Est. tempo de leitura":"2 minutos"},"schema":{"@context":"https:\/\/schema.org","@graph":[{"@type":"NewsArticle","@id":"https:\/\/www.estrategiaconcursos.com.br\/blog\/edital-pss-ministerio-economia-retificado\/#article","isPartOf":{"@id":"https:\/\/www.estrategiaconcursos.com.br\/blog\/edital-pss-ministerio-economia-retificado\/"},"author":{"name":"Ranielison Ferreira dos Passos","@id":"https:\/\/www.estrategiaconcursos.com.br\/blog\/#\/schema\/person\/bd2f1a104527c34ba6f439874a311c84"},"headline":"Edital do PSS do Minist\u00e9rio da Economia \u00e9 retificado!","datePublished":"2020-08-24T17:20:09+00:00","dateModified":"2023-06-26T18:25:40+00:00","mainEntityOfPage":{"@id":"https:\/\/www.estrategiaconcursos.com.br\/blog\/edital-pss-ministerio-economia-retificado\/"},"wordCount":365,"commentCount":0,"publisher":{"@id":"https:\/\/www.estrategiaconcursos.com.br\/blog\/#organization"},"image":{"@id":"https:\/\/www.estrategiaconcursos.com.br\/blog\/edital-pss-ministerio-economia-retificado\/#primaryimage"},"thumbnailUrl":"https:\/\/dhg1h5j42swfq.cloudfront.net\/2020\/07\/09123053\/Minist%C3%A9rio_da_Economia.jpg","articleSection":["Concursos P\u00fablicos"],"inLanguage":"pt-BR","potentialAction":[{"@type":"CommentAction","name":"Comment","target":["https:\/\/www.estrategiaconcursos.com.br\/blog\/edital-pss-ministerio-economia-retificado\/#respond"]}],"copyrightYear":"2020","copyrightHolder":{"@id":"https:\/\/www.estrategiaconcursos.com.br\/blog\/#organization"}},{"@type":"WebPage","@id":"https:\/\/www.estrategiaconcursos.com.br\/blog\/edital-pss-ministerio-economia-retificado\/","url":"https:\/\/www.estrategiaconcursos.com.br\/blog\/edital-pss-ministerio-economia-retificado\/","name":"Edital do PSS do Minist\u00e9rio da Economia \u00e9 retificado!","isPartOf":{"@id":"https:\/\/www.estrategiaconcursos.com.br\/blog\/#website"},"primaryImageOfPage":{"@id":"https:\/\/www.estrategiaconcursos.com.br\/blog\/edital-pss-ministerio-economia-retificado\/#primaryimage"},"image":{"@id":"https:\/\/www.estrategiaconcursos.com.br\/blog\/edital-pss-ministerio-economia-retificado\/#primaryimage"},"thumbnailUrl":"https:\/\/dhg1h5j42swfq.cloudfront.net\/2020\/07\/09123053\/Minist%C3%A9rio_da_Economia.jpg","datePublished":"2020-08-24T17:20:09+00:00","dateModified":"2023-06-26T18:25:40+00:00","description":"Publicada primeira retifica\u00e7\u00e3o do Processo Seletivo do Minist\u00e9rio da Economia. Altera\u00e7\u00e3o se d\u00e1 na especialidade de Experi\u00eancia do Usu\u00e1rio (UX).","breadcrumb":{"@id":"https:\/\/www.estrategiaconcursos.com.br\/blog\/edital-pss-ministerio-economia-retificado\/#breadcrumb"},"inLanguage":"pt-BR","potentialAction":[{"@type":"ReadAction","target":["https:\/\/www.estrategiaconcursos.com.br\/blog\/edital-pss-ministerio-economia-retificado\/"]}]},{"@type":"ImageObject","inLanguage":"pt-BR","@id":"https:\/\/www.estrategiaconcursos.com.br\/blog\/edital-pss-ministerio-economia-retificado\/#primaryimage","url":"https:\/\/dhg1h5j42swfq.cloudfront.net\/2020\/07\/09123053\/Minist%C3%A9rio_da_Economia.jpg","contentUrl":"https:\/\/dhg1h5j42swfq.cloudfront.net\/2020\/07\/09123053\/Minist%C3%A9rio_da_Economia.jpg","width":1200,"height":628,"caption":"Minist\u00e9rio da Economia"},{"@type":"BreadcrumbList","@id":"https:\/\/www.estrategiaconcursos.com.br\/blog\/edital-pss-ministerio-economia-retificado\/#breadcrumb","itemListElement":[{"@type":"ListItem","position":1,"name":"In\u00edcio","item":"https:\/\/www.estrategiaconcursos.com.br\/blog\/"},{"@type":"ListItem","position":2,"name":"Edital do PSS do Minist\u00e9rio da Economia \u00e9 retificado!"}]},{"@type":"WebSite","@id":"https:\/\/www.estrategiaconcursos.com.br\/blog\/#website","url":"https:\/\/www.estrategiaconcursos.com.br\/blog\/","name":"Estrat\u00e9gia Concursos","description":"O blog da Estrat\u00e9gia Concursos traz not\u00edcias sobre concursos e artigos de professores oferecendo cursos para concursos (pdf + videaulas) no site.","publisher":{"@id":"https:\/\/www.estrategiaconcursos.com.br\/blog\/#organization"},"potentialAction":[{"@type":"SearchAction","target":{"@type":"EntryPoint","urlTemplate":"https:\/\/www.estrategiaconcursos.com.br\/blog\/?s={search_term_string}"},"query-input":{"@type":"PropertyValueSpecification","valueRequired":true,"valueName":"search_term_string"}}],"inLanguage":"pt-BR"},{"@type":"Organization","@id":"https:\/\/www.estrategiaconcursos.com.br\/blog\/#organization","name":"Estrat\u00e9gia Concursos","url":"https:\/\/www.estrategiaconcursos.com.br\/blog\/","logo":{"@type":"ImageObject","inLanguage":"pt-BR","@id":"https:\/\/www.estrategiaconcursos.com.br\/blog\/#\/schema\/logo\/image\/","url":"https:\/\/dhg1h5j42swfq.cloudfront.net\/2025\/06\/03203428\/logo_concursos-1.jpg","contentUrl":"https:\/\/dhg1h5j42swfq.cloudfront.net\/2025\/06\/03203428\/logo_concursos-1.jpg","width":230,"height":60,"caption":"Estrat\u00e9gia Concursos"},"image":{"@id":"https:\/\/www.estrategiaconcursos.com.br\/blog\/#\/schema\/logo\/image\/"},"sameAs":["https:\/\/x.com\/EstratConcursos"]},{"@type":"Person","@id":"https:\/\/www.estrategiaconcursos.com.br\/blog\/#\/schema\/person\/bd2f1a104527c34ba6f439874a311c84","name":"Ranielison Ferreira dos Passos","image":{"@type":"ImageObject","inLanguage":"pt-BR","@id":"https:\/\/secure.gravatar.com\/avatar\/43012808437351e2b100789a4305f65f876b42bea342a9ce3d967faa63377404?s=96&d=mm&r=g","url":"https:\/\/secure.gravatar.com\/avatar\/43012808437351e2b100789a4305f65f876b42bea342a9ce3d967faa63377404?s=96&d=mm&r=g","contentUrl":"https:\/\/secure.gravatar.com\/avatar\/43012808437351e2b100789a4305f65f876b42bea342a9ce3d967faa63377404?s=96&d=mm&r=g","caption":"Ranielison Ferreira dos Passos"},"url":"https:\/\/www.estrategiaconcursos.com.br\/blog\/author\/ranielisongmail-com\/"}]}},"_links":{"self":[{"href":"https:\/\/www.estrategiaconcursos.com.br\/blog\/wp-json\/wp\/v2\/posts\/559923","targetHints":{"allow":["GET"]}}],"collection":[{"href":"https:\/\/www.estrategiaconcursos.com.br\/blog\/wp-json\/wp\/v2\/posts"}],"about":[{"href":"https:\/\/www.estrategiaconcursos.com.br\/blog\/wp-json\/wp\/v2\/types\/post"}],"author":[{"embeddable":true,"href":"https:\/\/www.estrategiaconcursos.com.br\/blog\/wp-json\/wp\/v2\/users\/1445"}],"replies":[{"embeddable":true,"href":"https:\/\/www.estrategiaconcursos.com.br\/blog\/wp-json\/wp\/v2\/comments?post=559923"}],"version-history":[{"count":5,"href":"https:\/\/www.estrategiaconcursos.com.br\/blog\/wp-json\/wp\/v2\/posts\/559923\/revisions"}],"predecessor-version":[{"id":1239010,"href":"https:\/\/www.estrategiaconcursos.com.br\/blog\/wp-json\/wp\/v2\/posts\/559923\/revisions\/1239010"}],"wp:featuredmedia":[{"embeddable":true,"href":"https:\/\/www.estrategiaconcursos.com.br\/blog\/wp-json\/wp\/v2\/media\/539848"}],"wp:attachment":[{"href":"https:\/\/www.estrategiaconcursos.com.br\/blog\/wp-json\/wp\/v2\/media?parent=559923"}],"wp:term":[{"taxonomy":"category","embeddable":true,"href":"https:\/\/www.estrategiaconcursos.com.br\/blog\/wp-json\/wp\/v2\/categories?post=559923"},{"taxonomy":"post_tag","embeddable":true,"href":"https:\/\/www.estrategiaconcursos.com.br\/blog\/wp-json\/wp\/v2\/tags?post=559923"},{"taxonomy":"tax_estado","embeddable":true,"href":"https:\/\/www.estrategiaconcursos.com.br\/blog\/wp-json\/wp\/v2\/tax_estado?post=559923"}],"curies":[{"name":"wp","href":"https:\/\/api.w.org\/{rel}","templated":true}]}}