{"id":559887,"date":"2020-08-24T13:54:57","date_gmt":"2020-08-24T16:54:57","guid":{"rendered":"https:\/\/www.estrategiaconcursos.com.br\/blog\/?p=559887"},"modified":"2023-06-27T10:41:49","modified_gmt":"2023-06-27T13:41:49","slug":"fenasps-debate-reestruturacao-da-carreira-do-inss","status":"publish","type":"post","link":"https:\/\/www.estrategiaconcursos.com.br\/blog\/fenasps-debate-reestruturacao-da-carreira-do-inss\/","title":{"rendered":"Fenasps debate reestrutura\u00e7\u00e3o da carreira do INSS"},"content":{"rendered":"\n<p>Nesta \u00faltima quinta-feira, 20 de agosto, aconteceu uma reuni\u00e3o via videoconfer\u00eancia, entre a Fenasps e os integrantes do Comit\u00ea Tem\u00e1tico de Gest\u00e3o de Pessoas do INSS. O objetivo deste encontro, foi de discutir algumas quest\u00f5es a respeito da <strong>reestrutura\u00e7\u00e3o da Carreira do Seguro Social<\/strong>.<\/p>\n\n\n\n<p>A discuss\u00e3o sobre a carreira j\u00e1 vem sendo realizada <strong>h\u00e1 mais de 36 anos<\/strong>. A Fenasps defende um Plano de Carreira que incorpore a GDASS e que considere a forma\u00e7\u00e3o dos servidores, adicional de qualifica\u00e7\u00e3o, valoriza\u00e7\u00e3o dos colaboradores, jornada de trabalho e condi\u00e7\u00f5es de trabalho.<\/p>\n\n\n\n<p>Contudo, na reuni\u00e3o, os representantes do Governo n\u00e3o apresentaram nenhuma proposta de reestrutura\u00e7\u00e3o de carreira para ser discutida com a categoria. O INSS apenas se limitou a ouvir as an\u00e1lises, propostas e as quest\u00f5es colocadas pelas entidades.<\/p>\n\n\n\n<p>J\u00e1 de acordo com a representante do Minist\u00e9rio da Economia, tamb\u00e9m presente no encontro, as altera\u00e7\u00f5es que est\u00e3o em estudo s\u00e3o para defini\u00e7\u00e3o de novas atribui\u00e7\u00f5es dos trabalhadores do Seguro Social. Al\u00e9m disso, o ME tamb\u00e9m afirmou que h\u00e1 um projeto de transforma\u00e7\u00e3o do INSS numa central de servi\u00e7os do Governo Federal.<\/p>\n\n\n\n<p>Tais medidas, al\u00e9m de serem uma exig\u00eancia da reforma da Previd\u00eancia (EC 103\/2019) e uma prepara\u00e7\u00e3o futura para a implementa\u00e7\u00e3o do Regime de capitaliza\u00e7\u00e3o, est\u00e3o em conson\u00e2ncia com o projeto de reestrutura\u00e7\u00e3o ampla dos servi\u00e7os p\u00fablicos por meio do chamado <a href=\"https:\/\/www.gov.br\/economia\/pt-br\/acesso-a-informacao\/acoes-e-programas\/transformagov\" target=\"_blank\" rel=\"noreferrer noopener\"><span class=\"has-inline-color has-very-dark-gray-color\">Transforma.gov<\/span><\/a>.<\/p>\n\n\n\n<p>A Fenasps ressalta que qualquer discuss\u00e3o de carreira precisa ser realizada, tendo como pressuposto a luta unificada com o conjunto de federais <strong>contra a reforma Administrativa<\/strong>.<\/p>\n\n\n\n<blockquote class=\"wp-block-quote is-layout-flow wp-block-quote-is-layout-flow\">\n<p><em>&#8220;\u00c9 um equ\u00edvoco, uma ilus\u00e3o, algu\u00e9m pensar que o INSS ir\u00e1 se \u201csalvar\u201d desta reforma se o mesmo for transformado em unidade gestora \u00fanica pois, na verdade, as propostas do governo para o Seguro Social s\u00e3o um aprofundamento e a imposi\u00e7\u00e3o do projeto-piloto da reforma Administrativa.<\/em><\/p>\n\n\n\n<p><em>Todas as propostas que o governo apresentar, a Federa\u00e7\u00e3o enviar\u00e1 para o debate com a categoria, como \u00e9 pr\u00e1tica desta entidade. Nenhuma resolu\u00e7\u00e3o ser\u00e1 apresentada sem aprova\u00e7\u00e3o nos f\u00f3runs de discuss\u00e3o e debates sem aprova\u00e7\u00e3o dos(as) servidores(as).&#8221;<\/em><\/p>\n<\/blockquote>\n\n\n\n<p class=\"has-text-align-center has-very-light-gray-background-color has-background has-medium-font-size\"><a rel=\"noreferrer noopener\" href=\"http:\/\/fenasps.org.br\/wp-content\/uploads\/2020\/08\/rela.aud_.comite.temat_.gest_.pessoas.inss_20.08.2020.pdf\" target=\"_blank\"><strong><em>Relat\u00f3rio da Reuni\u00e3o<\/em><\/strong><\/a><\/p>\n\n\n\n<hr class=\"wp-block-separator has-css-opacity\"\/>\n\n\n\n<p class=\"has-text-align-center has-medium-font-size\"><em><strong>Assinatura Anual Ilimitada*<\/strong><\/em><\/p>\n\n\n\n<p class=\"has-text-align-center\"><em>Prepare-se com o melhor material e com quem mais aprova em Concursos P\u00fablicos em todo o pa\u00eds. Assine agora a nossa Assinatura Anual e tenha acesso ilimitado* a todos os nossos cursos.<\/em><\/p>\n\n\n\n<p class=\"has-text-align-center has-light-green-cyan-background-color has-background\" style=\"font-size:clamp(14.642px, 0.915rem + ((1vw - 3.2px) * 0.721), 22px);px\"><strong>ASSINE AGORA<\/strong>&nbsp;\u2013&nbsp;<strong><a rel=\"noreferrer noopener\" href=\"https:\/\/www.estrategiaconcursos.com.br\/assinaturas\" target=\"_blank\">Assinatura Ilimitada<\/a><\/strong><\/p>\n\n\n\n<p class=\"has-text-align-center has-medium-font-size\"><strong><em><strong>Sistema de Quest\u00f5es<\/strong><\/em><\/strong><\/p>\n\n\n\n<p class=\"has-text-align-center\"><em>Estrat\u00e9gia Quest\u00f5es nasceu maior do que todos os concorrentes, com mais quest\u00f5es cadastradas e mais solu\u00e7\u00f5es por professores. Ent\u00e3o, confira e aproveite os descontos e b\u00f4nus imperd\u00edveis!<\/em><\/p>\n\n\n\n<p class=\"has-text-align-center has-vivid-green-cyan-background-color has-background\" style=\"font-size:clamp(14.642px, 0.915rem + ((1vw - 3.2px) * 0.721), 22px);px\"><strong>ASSINE AGORA \u2013&nbsp;<a rel=\"noreferrer noopener\" href=\"https:\/\/www.estrategiaconcursos.com.br\/cursosPorConcurso\/sistema-de-questoes\/#\/\" target=\"_blank\">Sistema de Quest\u00f5es<\/a><\/strong><\/p>\n\n\n\n<p class=\"has-text-align-center has-medium-font-size\"><strong><em>Fique por dentro dos concursos em aberto<\/em><\/strong><\/p>\n\n\n\n<p class=\"has-text-align-center has-pale-cyan-blue-background-color has-background\" style=\"font-size:clamp(14.642px, 0.915rem + ((1vw - 3.2px) * 0.721), 22px);px\"><a href=\"https:\/\/www.estrategiaconcursos.com.br\/blog\/concursos-abertos\/\" target=\"_blank\" rel=\"noreferrer noopener\"><strong>CONCURSOS ABERTOS<\/strong><\/a><\/p>\n","protected":false},"excerpt":{"rendered":"<p>Nesta \u00faltima quinta-feira, 20 de agosto, aconteceu uma reuni\u00e3o via videoconfer\u00eancia, entre a Fenasps e os integrantes do Comit\u00ea Tem\u00e1tico de Gest\u00e3o de Pessoas do INSS. O objetivo deste encontro, foi de discutir algumas quest\u00f5es a respeito da reestrutura\u00e7\u00e3o da Carreira do Seguro Social. A discuss\u00e3o sobre a carreira j\u00e1 vem sendo realizada h\u00e1 mais [&hellip;]<\/p>\n","protected":false},"author":401,"featured_media":30321,"comment_status":"open","ping_status":"closed","sticky":false,"template":"","format":"standard","meta":{"post_tipo":"article","footnotes":""},"categories":[1],"tags":[],"tax_estado":[],"class_list":["post-559887","post","type-post","status-publish","format-standard","has-post-thumbnail","hentry","category-cursos-e-concursos"],"acf":[],"yoast_head":"<!-- This site is optimized with the Yoast SEO Premium plugin v27.2 (Yoast SEO v27.2) - https:\/\/yoast.com\/product\/yoast-seo-premium-wordpress\/ -->\n<title>Fenasps debate reestrutura\u00e7\u00e3o da carreira do INSS<\/title>\n<meta name=\"description\" content=\"Carreira do Seguro Social \u00e9 tratada como pauta em reuni\u00e3o realizada pela Fenasps com representantes do INSS. Acesse e confira!\" \/>\n<meta name=\"robots\" content=\"index, follow, max-snippet:-1, max-image-preview:large, max-video-preview:-1\" \/>\n<link rel=\"canonical\" href=\"https:\/\/www.estrategiaconcursos.com.br\/blog\/fenasps-debate-reestruturacao-da-carreira-do-inss\/\" \/>\n<meta property=\"og:locale\" content=\"pt_BR\" \/>\n<meta property=\"og:type\" content=\"article\" \/>\n<meta property=\"og:title\" content=\"Fenasps debate reestrutura\u00e7\u00e3o da carreira do INSS\" \/>\n<meta property=\"og:description\" content=\"Carreira do Seguro Social \u00e9 tratada como pauta em reuni\u00e3o realizada pela Fenasps com representantes do INSS. Acesse e confira!\" \/>\n<meta property=\"og:url\" content=\"https:\/\/www.estrategiaconcursos.com.br\/blog\/fenasps-debate-reestruturacao-da-carreira-do-inss\/\" \/>\n<meta property=\"og:site_name\" content=\"Estrat\u00e9gia Concursos\" \/>\n<meta property=\"article:published_time\" content=\"2020-08-24T16:54:57+00:00\" \/>\n<meta property=\"article:modified_time\" content=\"2023-06-27T13:41:49+00:00\" \/>\n<meta property=\"og:image\" content=\"https:\/\/dhg1h5j42swfq.cloudfront.net\/2015\/12\/14212741\/concurso-INSS-300x195.jpg\" \/>\n\t<meta property=\"og:image:width\" content=\"300\" \/>\n\t<meta property=\"og:image:height\" content=\"195\" \/>\n\t<meta property=\"og:image:type\" content=\"image\/jpeg\" \/>\n<meta name=\"author\" content=\"Rubens Mauricio Corr\u00eaa\" \/>\n<meta name=\"twitter:card\" content=\"summary_large_image\" \/>\n<meta name=\"twitter:creator\" content=\"@EstratConcursos\" \/>\n<meta name=\"twitter:site\" content=\"@EstratConcursos\" \/>\n<meta name=\"twitter:label1\" content=\"Escrito por\" \/>\n\t<meta name=\"twitter:data1\" content=\"Rubens Mauricio Corr\u00eaa\" \/>\n\t<meta name=\"twitter:label2\" content=\"Est. tempo de leitura\" \/>\n\t<meta name=\"twitter:data2\" content=\"2 minutos\" \/>\n<script type=\"application\/ld+json\" class=\"yoast-schema-graph\">{\"@context\":\"https:\/\/schema.org\",\"@graph\":[{\"@type\":\"NewsArticle\",\"@id\":\"https:\/\/www.estrategiaconcursos.com.br\/blog\/fenasps-debate-reestruturacao-da-carreira-do-inss\/#article\",\"isPartOf\":{\"@id\":\"https:\/\/www.estrategiaconcursos.com.br\/blog\/fenasps-debate-reestruturacao-da-carreira-do-inss\/\"},\"author\":{\"name\":\"Rubens Mauricio Corr\u00eaa\",\"@id\":\"https:\/\/www.estrategiaconcursos.com.br\/blog\/#\/schema\/person\/9fac14a8bf47492d9fd98769d1481766\"},\"headline\":\"Fenasps debate reestrutura\u00e7\u00e3o da carreira do INSS\",\"datePublished\":\"2020-08-24T16:54:57+00:00\",\"dateModified\":\"2023-06-27T13:41:49+00:00\",\"mainEntityOfPage\":{\"@id\":\"https:\/\/www.estrategiaconcursos.com.br\/blog\/fenasps-debate-reestruturacao-da-carreira-do-inss\/\"},\"wordCount\":487,\"commentCount\":0,\"publisher\":{\"@id\":\"https:\/\/www.estrategiaconcursos.com.br\/blog\/#organization\"},\"image\":{\"@id\":\"https:\/\/www.estrategiaconcursos.com.br\/blog\/fenasps-debate-reestruturacao-da-carreira-do-inss\/#primaryimage\"},\"thumbnailUrl\":\"https:\/\/dhg1h5j42swfq.cloudfront.net\/2015\/12\/14212741\/concurso-INSS-300x195.jpg\",\"articleSection\":[\"Concursos P\u00fablicos\"],\"inLanguage\":\"pt-BR\",\"potentialAction\":[{\"@type\":\"CommentAction\",\"name\":\"Comment\",\"target\":[\"https:\/\/www.estrategiaconcursos.com.br\/blog\/fenasps-debate-reestruturacao-da-carreira-do-inss\/#respond\"]}],\"copyrightYear\":\"2020\",\"copyrightHolder\":{\"@id\":\"https:\/\/www.estrategiaconcursos.com.br\/blog\/#organization\"}},{\"@type\":\"WebPage\",\"@id\":\"https:\/\/www.estrategiaconcursos.com.br\/blog\/fenasps-debate-reestruturacao-da-carreira-do-inss\/\",\"url\":\"https:\/\/www.estrategiaconcursos.com.br\/blog\/fenasps-debate-reestruturacao-da-carreira-do-inss\/\",\"name\":\"Fenasps debate reestrutura\u00e7\u00e3o da carreira do INSS\",\"isPartOf\":{\"@id\":\"https:\/\/www.estrategiaconcursos.com.br\/blog\/#website\"},\"primaryImageOfPage\":{\"@id\":\"https:\/\/www.estrategiaconcursos.com.br\/blog\/fenasps-debate-reestruturacao-da-carreira-do-inss\/#primaryimage\"},\"image\":{\"@id\":\"https:\/\/www.estrategiaconcursos.com.br\/blog\/fenasps-debate-reestruturacao-da-carreira-do-inss\/#primaryimage\"},\"thumbnailUrl\":\"https:\/\/dhg1h5j42swfq.cloudfront.net\/2015\/12\/14212741\/concurso-INSS-300x195.jpg\",\"datePublished\":\"2020-08-24T16:54:57+00:00\",\"dateModified\":\"2023-06-27T13:41:49+00:00\",\"description\":\"Carreira do Seguro Social \u00e9 tratada como pauta em reuni\u00e3o realizada pela Fenasps com representantes do INSS. Acesse e confira!\",\"breadcrumb\":{\"@id\":\"https:\/\/www.estrategiaconcursos.com.br\/blog\/fenasps-debate-reestruturacao-da-carreira-do-inss\/#breadcrumb\"},\"inLanguage\":\"pt-BR\",\"potentialAction\":[{\"@type\":\"ReadAction\",\"target\":[\"https:\/\/www.estrategiaconcursos.com.br\/blog\/fenasps-debate-reestruturacao-da-carreira-do-inss\/\"]}]},{\"@type\":\"ImageObject\",\"inLanguage\":\"pt-BR\",\"@id\":\"https:\/\/www.estrategiaconcursos.com.br\/blog\/fenasps-debate-reestruturacao-da-carreira-do-inss\/#primaryimage\",\"url\":\"https:\/\/dhg1h5j42swfq.cloudfront.net\/2015\/12\/14212741\/concurso-INSS-300x195.jpg\",\"contentUrl\":\"https:\/\/dhg1h5j42swfq.cloudfront.net\/2015\/12\/14212741\/concurso-INSS-300x195.jpg\",\"width\":300,\"height\":195,\"caption\":\"Fenasps\"},{\"@type\":\"BreadcrumbList\",\"@id\":\"https:\/\/www.estrategiaconcursos.com.br\/blog\/fenasps-debate-reestruturacao-da-carreira-do-inss\/#breadcrumb\",\"itemListElement\":[{\"@type\":\"ListItem\",\"position\":1,\"name\":\"In\u00edcio\",\"item\":\"https:\/\/www.estrategiaconcursos.com.br\/blog\/\"},{\"@type\":\"ListItem\",\"position\":2,\"name\":\"Fenasps debate reestrutura\u00e7\u00e3o da carreira do INSS\"}]},{\"@type\":\"WebSite\",\"@id\":\"https:\/\/www.estrategiaconcursos.com.br\/blog\/#website\",\"url\":\"https:\/\/www.estrategiaconcursos.com.br\/blog\/\",\"name\":\"Estrat\u00e9gia Concursos\",\"description\":\"O blog da Estrat\u00e9gia Concursos traz not\u00edcias sobre concursos e artigos de professores oferecendo cursos para concursos (pdf + videaulas) no site.\",\"publisher\":{\"@id\":\"https:\/\/www.estrategiaconcursos.com.br\/blog\/#organization\"},\"potentialAction\":[{\"@type\":\"SearchAction\",\"target\":{\"@type\":\"EntryPoint\",\"urlTemplate\":\"https:\/\/www.estrategiaconcursos.com.br\/blog\/?s={search_term_string}\"},\"query-input\":{\"@type\":\"PropertyValueSpecification\",\"valueRequired\":true,\"valueName\":\"search_term_string\"}}],\"inLanguage\":\"pt-BR\"},{\"@type\":\"Organization\",\"@id\":\"https:\/\/www.estrategiaconcursos.com.br\/blog\/#organization\",\"name\":\"Estrat\u00e9gia Concursos\",\"url\":\"https:\/\/www.estrategiaconcursos.com.br\/blog\/\",\"logo\":{\"@type\":\"ImageObject\",\"inLanguage\":\"pt-BR\",\"@id\":\"https:\/\/www.estrategiaconcursos.com.br\/blog\/#\/schema\/logo\/image\/\",\"url\":\"https:\/\/dhg1h5j42swfq.cloudfront.net\/2025\/06\/03203428\/logo_concursos-1.jpg\",\"contentUrl\":\"https:\/\/dhg1h5j42swfq.cloudfront.net\/2025\/06\/03203428\/logo_concursos-1.jpg\",\"width\":230,\"height\":60,\"caption\":\"Estrat\u00e9gia Concursos\"},\"image\":{\"@id\":\"https:\/\/www.estrategiaconcursos.com.br\/blog\/#\/schema\/logo\/image\/\"},\"sameAs\":[\"https:\/\/x.com\/EstratConcursos\"]},{\"@type\":\"Person\",\"@id\":\"https:\/\/www.estrategiaconcursos.com.br\/blog\/#\/schema\/person\/9fac14a8bf47492d9fd98769d1481766\",\"name\":\"Rubens Mauricio Corr\u00eaa\",\"image\":{\"@type\":\"ImageObject\",\"inLanguage\":\"pt-BR\",\"@id\":\"https:\/\/secure.gravatar.com\/avatar\/83a4c19cfd065707044bf9b66e1b81736430186d86e560356b352823fac7df9c?s=96&d=mm&r=g\",\"url\":\"https:\/\/secure.gravatar.com\/avatar\/83a4c19cfd065707044bf9b66e1b81736430186d86e560356b352823fac7df9c?s=96&d=mm&r=g\",\"contentUrl\":\"https:\/\/secure.gravatar.com\/avatar\/83a4c19cfd065707044bf9b66e1b81736430186d86e560356b352823fac7df9c?s=96&d=mm&r=g\",\"caption\":\"Rubens Mauricio Corr\u00eaa\"},\"url\":\"https:\/\/www.estrategiaconcursos.com.br\/blog\/author\/rubensmauricioestrategiaconcursos-com-br\/\"}]}<\/script>\n<!-- \/ Yoast SEO Premium plugin. -->","yoast_head_json":{"title":"Fenasps debate reestrutura\u00e7\u00e3o da carreira do INSS","description":"Carreira do Seguro Social \u00e9 tratada como pauta em reuni\u00e3o realizada pela Fenasps com representantes do INSS. Acesse e confira!","robots":{"index":"index","follow":"follow","max-snippet":"max-snippet:-1","max-image-preview":"max-image-preview:large","max-video-preview":"max-video-preview:-1"},"canonical":"https:\/\/www.estrategiaconcursos.com.br\/blog\/fenasps-debate-reestruturacao-da-carreira-do-inss\/","og_locale":"pt_BR","og_type":"article","og_title":"Fenasps debate reestrutura\u00e7\u00e3o da carreira do INSS","og_description":"Carreira do Seguro Social \u00e9 tratada como pauta em reuni\u00e3o realizada pela Fenasps com representantes do INSS. Acesse e confira!","og_url":"https:\/\/www.estrategiaconcursos.com.br\/blog\/fenasps-debate-reestruturacao-da-carreira-do-inss\/","og_site_name":"Estrat\u00e9gia Concursos","article_published_time":"2020-08-24T16:54:57+00:00","article_modified_time":"2023-06-27T13:41:49+00:00","og_image":[{"width":300,"height":195,"url":"https:\/\/dhg1h5j42swfq.cloudfront.net\/2015\/12\/14212741\/concurso-INSS-300x195.jpg","type":"image\/jpeg"}],"author":"Rubens Mauricio Corr\u00eaa","twitter_card":"summary_large_image","twitter_creator":"@EstratConcursos","twitter_site":"@EstratConcursos","twitter_misc":{"Escrito por":"Rubens Mauricio Corr\u00eaa","Est. tempo de leitura":"2 minutos"},"schema":{"@context":"https:\/\/schema.org","@graph":[{"@type":"NewsArticle","@id":"https:\/\/www.estrategiaconcursos.com.br\/blog\/fenasps-debate-reestruturacao-da-carreira-do-inss\/#article","isPartOf":{"@id":"https:\/\/www.estrategiaconcursos.com.br\/blog\/fenasps-debate-reestruturacao-da-carreira-do-inss\/"},"author":{"name":"Rubens Mauricio Corr\u00eaa","@id":"https:\/\/www.estrategiaconcursos.com.br\/blog\/#\/schema\/person\/9fac14a8bf47492d9fd98769d1481766"},"headline":"Fenasps debate reestrutura\u00e7\u00e3o da carreira do INSS","datePublished":"2020-08-24T16:54:57+00:00","dateModified":"2023-06-27T13:41:49+00:00","mainEntityOfPage":{"@id":"https:\/\/www.estrategiaconcursos.com.br\/blog\/fenasps-debate-reestruturacao-da-carreira-do-inss\/"},"wordCount":487,"commentCount":0,"publisher":{"@id":"https:\/\/www.estrategiaconcursos.com.br\/blog\/#organization"},"image":{"@id":"https:\/\/www.estrategiaconcursos.com.br\/blog\/fenasps-debate-reestruturacao-da-carreira-do-inss\/#primaryimage"},"thumbnailUrl":"https:\/\/dhg1h5j42swfq.cloudfront.net\/2015\/12\/14212741\/concurso-INSS-300x195.jpg","articleSection":["Concursos P\u00fablicos"],"inLanguage":"pt-BR","potentialAction":[{"@type":"CommentAction","name":"Comment","target":["https:\/\/www.estrategiaconcursos.com.br\/blog\/fenasps-debate-reestruturacao-da-carreira-do-inss\/#respond"]}],"copyrightYear":"2020","copyrightHolder":{"@id":"https:\/\/www.estrategiaconcursos.com.br\/blog\/#organization"}},{"@type":"WebPage","@id":"https:\/\/www.estrategiaconcursos.com.br\/blog\/fenasps-debate-reestruturacao-da-carreira-do-inss\/","url":"https:\/\/www.estrategiaconcursos.com.br\/blog\/fenasps-debate-reestruturacao-da-carreira-do-inss\/","name":"Fenasps debate reestrutura\u00e7\u00e3o da carreira do INSS","isPartOf":{"@id":"https:\/\/www.estrategiaconcursos.com.br\/blog\/#website"},"primaryImageOfPage":{"@id":"https:\/\/www.estrategiaconcursos.com.br\/blog\/fenasps-debate-reestruturacao-da-carreira-do-inss\/#primaryimage"},"image":{"@id":"https:\/\/www.estrategiaconcursos.com.br\/blog\/fenasps-debate-reestruturacao-da-carreira-do-inss\/#primaryimage"},"thumbnailUrl":"https:\/\/dhg1h5j42swfq.cloudfront.net\/2015\/12\/14212741\/concurso-INSS-300x195.jpg","datePublished":"2020-08-24T16:54:57+00:00","dateModified":"2023-06-27T13:41:49+00:00","description":"Carreira do Seguro Social \u00e9 tratada como pauta em reuni\u00e3o realizada pela Fenasps com representantes do INSS. Acesse e confira!","breadcrumb":{"@id":"https:\/\/www.estrategiaconcursos.com.br\/blog\/fenasps-debate-reestruturacao-da-carreira-do-inss\/#breadcrumb"},"inLanguage":"pt-BR","potentialAction":[{"@type":"ReadAction","target":["https:\/\/www.estrategiaconcursos.com.br\/blog\/fenasps-debate-reestruturacao-da-carreira-do-inss\/"]}]},{"@type":"ImageObject","inLanguage":"pt-BR","@id":"https:\/\/www.estrategiaconcursos.com.br\/blog\/fenasps-debate-reestruturacao-da-carreira-do-inss\/#primaryimage","url":"https:\/\/dhg1h5j42swfq.cloudfront.net\/2015\/12\/14212741\/concurso-INSS-300x195.jpg","contentUrl":"https:\/\/dhg1h5j42swfq.cloudfront.net\/2015\/12\/14212741\/concurso-INSS-300x195.jpg","width":300,"height":195,"caption":"Fenasps"},{"@type":"BreadcrumbList","@id":"https:\/\/www.estrategiaconcursos.com.br\/blog\/fenasps-debate-reestruturacao-da-carreira-do-inss\/#breadcrumb","itemListElement":[{"@type":"ListItem","position":1,"name":"In\u00edcio","item":"https:\/\/www.estrategiaconcursos.com.br\/blog\/"},{"@type":"ListItem","position":2,"name":"Fenasps debate reestrutura\u00e7\u00e3o da carreira do INSS"}]},{"@type":"WebSite","@id":"https:\/\/www.estrategiaconcursos.com.br\/blog\/#website","url":"https:\/\/www.estrategiaconcursos.com.br\/blog\/","name":"Estrat\u00e9gia Concursos","description":"O blog da Estrat\u00e9gia Concursos traz not\u00edcias sobre concursos e artigos de professores oferecendo cursos para concursos (pdf + videaulas) no site.","publisher":{"@id":"https:\/\/www.estrategiaconcursos.com.br\/blog\/#organization"},"potentialAction":[{"@type":"SearchAction","target":{"@type":"EntryPoint","urlTemplate":"https:\/\/www.estrategiaconcursos.com.br\/blog\/?s={search_term_string}"},"query-input":{"@type":"PropertyValueSpecification","valueRequired":true,"valueName":"search_term_string"}}],"inLanguage":"pt-BR"},{"@type":"Organization","@id":"https:\/\/www.estrategiaconcursos.com.br\/blog\/#organization","name":"Estrat\u00e9gia Concursos","url":"https:\/\/www.estrategiaconcursos.com.br\/blog\/","logo":{"@type":"ImageObject","inLanguage":"pt-BR","@id":"https:\/\/www.estrategiaconcursos.com.br\/blog\/#\/schema\/logo\/image\/","url":"https:\/\/dhg1h5j42swfq.cloudfront.net\/2025\/06\/03203428\/logo_concursos-1.jpg","contentUrl":"https:\/\/dhg1h5j42swfq.cloudfront.net\/2025\/06\/03203428\/logo_concursos-1.jpg","width":230,"height":60,"caption":"Estrat\u00e9gia Concursos"},"image":{"@id":"https:\/\/www.estrategiaconcursos.com.br\/blog\/#\/schema\/logo\/image\/"},"sameAs":["https:\/\/x.com\/EstratConcursos"]},{"@type":"Person","@id":"https:\/\/www.estrategiaconcursos.com.br\/blog\/#\/schema\/person\/9fac14a8bf47492d9fd98769d1481766","name":"Rubens Mauricio Corr\u00eaa","image":{"@type":"ImageObject","inLanguage":"pt-BR","@id":"https:\/\/secure.gravatar.com\/avatar\/83a4c19cfd065707044bf9b66e1b81736430186d86e560356b352823fac7df9c?s=96&d=mm&r=g","url":"https:\/\/secure.gravatar.com\/avatar\/83a4c19cfd065707044bf9b66e1b81736430186d86e560356b352823fac7df9c?s=96&d=mm&r=g","contentUrl":"https:\/\/secure.gravatar.com\/avatar\/83a4c19cfd065707044bf9b66e1b81736430186d86e560356b352823fac7df9c?s=96&d=mm&r=g","caption":"Rubens Mauricio Corr\u00eaa"},"url":"https:\/\/www.estrategiaconcursos.com.br\/blog\/author\/rubensmauricioestrategiaconcursos-com-br\/"}]}},"_links":{"self":[{"href":"https:\/\/www.estrategiaconcursos.com.br\/blog\/wp-json\/wp\/v2\/posts\/559887","targetHints":{"allow":["GET"]}}],"collection":[{"href":"https:\/\/www.estrategiaconcursos.com.br\/blog\/wp-json\/wp\/v2\/posts"}],"about":[{"href":"https:\/\/www.estrategiaconcursos.com.br\/blog\/wp-json\/wp\/v2\/types\/post"}],"author":[{"embeddable":true,"href":"https:\/\/www.estrategiaconcursos.com.br\/blog\/wp-json\/wp\/v2\/users\/401"}],"replies":[{"embeddable":true,"href":"https:\/\/www.estrategiaconcursos.com.br\/blog\/wp-json\/wp\/v2\/comments?post=559887"}],"version-history":[{"count":7,"href":"https:\/\/www.estrategiaconcursos.com.br\/blog\/wp-json\/wp\/v2\/posts\/559887\/revisions"}],"predecessor-version":[{"id":1239438,"href":"https:\/\/www.estrategiaconcursos.com.br\/blog\/wp-json\/wp\/v2\/posts\/559887\/revisions\/1239438"}],"wp:featuredmedia":[{"embeddable":true,"href":"https:\/\/www.estrategiaconcursos.com.br\/blog\/wp-json\/wp\/v2\/media\/30321"}],"wp:attachment":[{"href":"https:\/\/www.estrategiaconcursos.com.br\/blog\/wp-json\/wp\/v2\/media?parent=559887"}],"wp:term":[{"taxonomy":"category","embeddable":true,"href":"https:\/\/www.estrategiaconcursos.com.br\/blog\/wp-json\/wp\/v2\/categories?post=559887"},{"taxonomy":"post_tag","embeddable":true,"href":"https:\/\/www.estrategiaconcursos.com.br\/blog\/wp-json\/wp\/v2\/tags?post=559887"},{"taxonomy":"tax_estado","embeddable":true,"href":"https:\/\/www.estrategiaconcursos.com.br\/blog\/wp-json\/wp\/v2\/tax_estado?post=559887"}],"curies":[{"name":"wp","href":"https:\/\/api.w.org\/{rel}","templated":true}]}}