{"id":559752,"date":"2021-07-13T16:10:00","date_gmt":"2021-07-13T19:10:00","guid":{"rendered":"https:\/\/www.estrategiaconcursos.com.br\/blog\/?p=559752"},"modified":"2024-01-12T09:43:15","modified_gmt":"2024-01-12T12:43:15","slug":"concurso-prefeitura-nanuque","status":"publish","type":"post","link":"https:\/\/www.estrategiaconcursos.com.br\/blog\/concurso-prefeitura-nanuque\/","title":{"rendered":"Concurso Prefeitura de Nanuque: divulgados os gabaritos"},"content":{"rendered":"\n<p>J\u00e1 est\u00e3o <strong>dispon\u00edveis <\/strong>para consulta os gabaritos preliminares do <strong>concurso da Prefeitura de Nanuque<\/strong>, Minas Gerais. As provas foram aplicadas no domingo, 11 de julho de 2021, pela empresa organizadora MSM Consultoria. Para conferir os resultados, basta acessar o link abaixo:<\/p>\n\n\n\n<p class=\"has-text-align-center has-luminous-vivid-amber-background-color has-background\" style=\"font-size:clamp(14px, 0.875rem + ((1vw - 3.2px) * 0.392), 18px);px\"><strong><a href=\"https:\/\/www.msmconsultoria.com.br\/2020\/pm_nanuque\/gabaritos\/\" target=\"_blank\" rel=\"noreferrer noopener\">Gabaritos preliminares<\/a><\/strong><\/p>\n\n\n\n<p>Lembrando que, agora, fica aberto o prazo para interposi\u00e7\u00e3o de recursos dos candidatos, referentes ao gabarito das provas objetivas. De acordo com a banca, os interessados devem encaminhar os recursos atrav\u00e9s do seguinte e-mail: <em>recursos@msmconsultoria.com.br<\/em>, at\u00e9 o dia <strong>15 de julho de 2021.<\/strong><\/p>\n\n\n\n<p>Os resultados finais das provas objetivas devem ser divulgados at\u00e9, no m\u00e1ximo, o dia 02 de agosto. J\u00e1 os candidatos aprovados ao cargo de Professor, devem encaminhar os t\u00edtulos entre os dias 17, 18 e 19 de agosto de 2021.<\/p>\n\n\n\n<ul style=\"background-color:#e3daec\" id=\"block-ee678516-e9d1-48bd-b327-7b9acd55f0fd\" class=\"has-background wp-block-list\">\n<li><strong>Prefeitura de Nanuque<\/strong>&nbsp;\u2013&nbsp;<strong>diversos cargos<\/strong><\/li>\n\n\n\n<li><strong>Status:&nbsp;<\/strong>Provas aplicadas<\/li>\n\n\n\n<li><strong>Banca:&nbsp;<\/strong>MSM Consultoria<\/li>\n\n\n\n<li><strong>Vagas:&nbsp;<\/strong>128 <\/li>\n\n\n\n<li><strong>Sal\u00e1rio inicial:<\/strong>&nbsp;R$ 1.045,00 a R$ 4.868,34<\/li>\n<\/ul>\n\n\n\n<p>O edital Prefeitura de Nanuque oferta <strong>128 vagas<\/strong> imediatas para diversos cargos. As oportunidades s\u00e3o distribu\u00eddas entre todas as escolaridades, com sal\u00e1rio de at\u00e9 R$ 4,8 mil. No total, foram registrados<strong> <a href=\"https:\/\/dhg1h5j42swfq.cloudfront.net\/2021\/06\/04144838\/rgcpm61.pdf\" target=\"_blank\" rel=\"noreferrer noopener nofollow\">5.157 candidatos inscritos<\/a><\/strong>, sendo que o cargo com maior procura foi o de Auxiliar de Servi\u00e7os Gerais.<\/p>\n\n\n\n<p>A fim de te deixar sempre bem informado, elaboramos este artigo com as principais informa\u00e7\u00f5es e novidades sobre o <strong>concurso Prefeitura de Nanuque<\/strong>. Acompanhe os t\u00f3picos abaixo e n\u00e3o perca nenhum detalhe:<\/p>\n\n\n\n<ul class=\"wp-block-list\">\n<li><a href=\"#situacao\">Situa\u00e7\u00e3o atual do concurso<\/a>\n<ul class=\"wp-block-list\">\n<li><a href=\"#datas\">Principais datas<\/a><\/li>\n\n\n\n<li><a href=\"#retificacoes\">Retifica\u00e7\u00f5es<\/a><\/li>\n<\/ul>\n<\/li>\n\n\n\n<li><a href=\"#cargos-vagas\">Cargos e vagas<\/a>\n<ul class=\"wp-block-list\">\n<li><a href=\"#alfabetizado\">Alfabetizado<\/a><\/li>\n\n\n\n<li><a href=\"#fundamental\">Fundamental<\/a><\/li>\n\n\n\n<li><a href=\"#medio-tecnico\">M\u00e9dio e T\u00e9cnico<\/a><\/li>\n\n\n\n<li><a href=\"#superior\">Superior<\/a><\/li>\n<\/ul>\n<\/li>\n\n\n\n<li><a href=\"#etapas\">Etapas e provas<\/a>\n<ul class=\"wp-block-list\">\n<li><a href=\"#objetiva\">Prova objetiva<\/a><\/li>\n\n\n\n<li><a href=\"#titulos\">Prova de t\u00edtulos<\/a><\/li>\n<\/ul>\n<\/li>\n\n\n\n<li><a href=\"#cursos-assinatura\">Cursos e assinaturas<\/a><\/li>\n\n\n\n<li><a href=\"#ficha\">Ficha t\u00e9cnica<\/a><\/li>\n<\/ul>\n\n\n\n<h4 class=\"wp-block-heading has-text-align-center has-vivid-cyan-blue-color has-text-color\" id=\"h-2\u00aa-semana-nacional-dos-concursos-publicos-de-12-a-19-07-clique-no-banner-para-participar\">2\u00aa Semana Nacional dos Concursos P\u00fablicos, de 12 a 19\/07! Clique no banner para participar!<\/h4>\n\n\n\n<figure class=\"wp-block-image aligncenter size-large\"><a href=\"https:\/\/gratis.estrategiaconcursos.com.br\/2-semana-nacional-concursos\/\" target=\"_blank\" rel=\"noopener\"><img loading=\"lazy\" decoding=\"async\" width=\"1024\" height=\"274\" src=\"https:\/\/dhg1h5j42swfq.cloudfront.net\/2021\/07\/06114343\/2a-semana-nacional-dos-1024x274.png\" alt=\"Concurso Prefeitura de Nanuque: divulgados os gabaritos\" class=\"wp-image-788250\" srcset=\"https:\/\/dhg1h5j42swfq.cloudfront.net\/2021\/07\/06114343\/2a-semana-nacional-dos-1024x274.png 1024w, https:\/\/dhg1h5j42swfq.cloudfront.net\/2021\/07\/06114343\/2a-semana-nacional-dos-300x80.png 300w, https:\/\/dhg1h5j42swfq.cloudfront.net\/2021\/07\/06114343\/2a-semana-nacional-dos-768x206.png 768w, https:\/\/dhg1h5j42swfq.cloudfront.net\/2021\/07\/06114343\/2a-semana-nacional-dos-1536x411.png 1536w, https:\/\/dhg1h5j42swfq.cloudfront.net\/2021\/07\/06114343\/2a-semana-nacional-dos-610x163.png 610w, https:\/\/dhg1h5j42swfq.cloudfront.net\/2021\/07\/06114343\/2a-semana-nacional-dos.png 1920w\" sizes=\"auto, (max-width: 1024px) 100vw, 1024px\" \/><\/a><\/figure>\n\n\n\n<div class=\"container\" id=\"boxes\">\n  <div class=\"row\">\n\n    <div class=\"col-sm\">\n      <div class=\"banner-estrategia\" id=\"box-assinatura\">\n        <h3 class=\"titulo-assinatura\">Cursos Prefeitura de Nanuque<\/h3>\n        <p class=\"subtitulo-assinatura\">Conhe\u00e7a os cursos<\/p>\n        <div class=\"box-botao\">\n          <a class=\"btn-assinatura\" target=\"_blank\" href=\"https:\/\/www.estrategiaconcursos.com.br\/cursosPorConcurso\/prefeitura-municipal-de-nanuque-mg\/\" role=\"button\" rel=\"noopener noreferrer\">Conhe\u00e7a mais<\/a>\n        <\/div>\n      <\/div>\n     \n    <\/div>\n\n  <\/div>\n<\/div>\n\n\n\n<h2 class=\"wp-block-heading\" id=\"situacao\">Situa\u00e7\u00e3o atual do <strong>c<\/strong>oncurso Prefeitura de Nanuque<\/h2>\n\n\n\n<h3 class=\"wp-block-heading\" id=\"datas\">Principais datas<\/h3>\n\n\n\n<ul class=\"wp-block-list\">\n<li><strong>Inscri\u00e7\u00f5es<\/strong>:<s> 19 de outubro a 18 de novembro de 2020<\/s><\/li>\n\n\n\n<li><strong>Prova Objetiva:<\/strong><s> 11 de julho de 2021<\/s><\/li>\n\n\n\n<li><strong>Envio dos T\u00edtulos: <\/strong>17, 18 e 19 de agosto de 2021<\/li>\n<\/ul>\n\n\n\n<p class=\"has-text-align-center has-very-light-gray-background-color has-background\"><strong><a href=\"https:\/\/dhg1h5j42swfq.cloudfront.net\/2021\/06\/04144506\/comunicado08.pdf\" target=\"_blank\" rel=\"noreferrer noopener nofollow\">Novo cronograma<\/a><\/strong><\/p>\n\n\n\n<h3 class=\"wp-block-heading\" id=\"retificacoes\">Retifica\u00e7\u00f5es do edital<\/h3>\n\n\n\n<p style=\"font-size:clamp(14px, 0.875rem + ((1vw - 3.2px) * 0.392), 18px);px\"><a href=\"https:\/\/dhg1h5j42swfq.cloudfront.net\/2020\/10\/24091526\/comunicado01.pdf\" target=\"_blank\" rel=\"noreferrer noopener nofollow\"><strong>Aditivo 01<\/strong><\/a><\/p>\n\n\n\n<ol class=\"wp-block-list\">\n<li><strong>ANEXO II<\/strong>: quanto \u00e0s atribui\u00e7\u00f5es do cargo p\u00fablico de Bioqu\u00edmico\/Farmac\u00eautico.<\/li>\n<\/ol>\n\n\n\n<p style=\"font-size:clamp(14px, 0.875rem + ((1vw - 3.2px) * 0.392), 18px);px\"><a href=\"https:\/\/dhg1h5j42swfq.cloudfront.net\/2020\/10\/24081912\/COMUNICADO-PUBLICO-N-002.pdf\" target=\"_blank\" rel=\"noreferrer noopener nofollow\"><strong>Aditivo 02<\/strong><\/a><\/p>\n\n\n\n<ol class=\"wp-block-list\">\n<li><strong>CRONOGRAMA DE TRABALHO \u2013 QUADRO I<\/strong>: quanto \u00e0 inclus\u00e3o do item 03.1: per\u00edodo para requerimento de isen\u00e7\u00e3o da taxa de inscri\u00e7\u00e3o para os novos cargos p\u00fablicos de: Engenheiro civil, Fiscal de obras, Fiscal sanit\u00e1rio e Nutricionista;<\/li>\n\n\n\n<li><strong>QUADRO IV DAS VAGAS<\/strong>: quanto \u00e0 inclus\u00e3o dos cargos p\u00fablicos de: Engenheiro Civil, Fiscal de obras, Fiscal sanit\u00e1rio e Nutricionista;<\/li>\n\n\n\n<li><strong>QUADRO IV DAS VAGAS<\/strong>: quanto \u00e0 carga hor\u00e1ria do T\u00e9cnico em Radiologia;<\/li>\n\n\n\n<li><strong>ANEXO II \u2013 CONTE\u00daDO PROGRAM\u00c1TICO<\/strong>: quanto \u00e0 altera\u00e7\u00e3o no Conte\u00fado Program\u00e1tico do cargo p\u00fablico de Bioqu\u00edmico\/Farmac\u00eautico; quanto \u00e0 inclus\u00e3o de Conte\u00fado Program\u00e1tico para os cargos p\u00fablicos de: Engenheiro civil, Fiscal de obras, Fiscal Sanit\u00e1rio e Nutricionista.<\/li>\n<\/ol>\n\n\n\n<p style=\"font-size:clamp(14px, 0.875rem + ((1vw - 3.2px) * 0.392), 18px);px\"><a href=\"https:\/\/dhg1h5j42swfq.cloudfront.net\/2020\/10\/24081910\/COMUNICADO-PUBLICO-N-003.pdf\" target=\"_blank\" rel=\"noreferrer noopener nofollow\"><strong>Aditivo 03<\/strong><\/a><\/p>\n\n\n\n<ol class=\"wp-block-list\">\n<li><strong>CRONOGRAMA DE TRABALHO \u2013 QUADRO I<\/strong>: quanto \u00e0 inclus\u00e3o do item 03.2: per\u00edodo para requerimento de isen\u00e7\u00e3o da taxa de inscri\u00e7\u00e3o para os novos cargos p\u00fablicos de: Professor PII\/Matem\u00e1tica (Sede) e Professor PII\/Portugu\u00eas (Sede);<\/li>\n\n\n\n<li><strong>QUADRO IV DAS VAGAS<\/strong>: quanto \u00e0 inclus\u00e3o dos cargos p\u00fablicos de: Professor PII\/Matem\u00e1tica (Sede) e Professor PII\/Portugu\u00eas (Sede).<\/li>\n<\/ol>\n\n\n\n<h2 class=\"wp-block-heading\" id=\"cargos-vagas\">Cargos e vagas do <strong>c<\/strong>oncurso Prefeitura de Nanuque<\/h2>\n\n\n\n<h3 class=\"wp-block-heading\" id=\"alfabetizado\">Alfabetizado<\/h3>\n\n\n\n<figure class=\"wp-block-table is-style-stripes\"><table class=\"has-background has-fixed-layout\" style=\"background-color:#e7f5fe\"><tbody><tr><td class=\"has-text-align-center\" data-align=\"center\"><strong>CARGO<\/strong><\/td><td class=\"has-text-align-center\" data-align=\"center\"><strong>VAGAS<\/strong><\/td><td class=\"has-text-align-center\" data-align=\"center\"><strong>REMUNERA\u00c7\u00c3O<\/strong><\/td><\/tr><tr><td class=\"has-text-align-center\" data-align=\"center\">AUXILIAR DE SERVI\u00c7OS GERAIS<\/td><td class=\"has-text-align-center\" data-align=\"center\">35<\/td><td class=\"has-text-align-center\" data-align=\"center\">R$ 1.045,00<\/td><\/tr><tr><td class=\"has-text-align-center\" data-align=\"center\">CARPINTEIRO<\/td><td class=\"has-text-align-center\" data-align=\"center\">01<\/td><td class=\"has-text-align-center\" data-align=\"center\">R$ 1.164,36<\/td><\/tr><tr><td class=\"has-text-align-center\" data-align=\"center\">ELETRICISTA<\/td><td class=\"has-text-align-center\" data-align=\"center\">01<\/td><td class=\"has-text-align-center\" data-align=\"center\">R$ 1.164,36<\/td><\/tr><tr><td class=\"has-text-align-center\" data-align=\"center\">GARI<\/td><td class=\"has-text-align-center\" data-align=\"center\">07<\/td><td class=\"has-text-align-center\" data-align=\"center\">R$ 1.045,00<\/td><\/tr><tr><td class=\"has-text-align-center\" data-align=\"center\">MEC\u00c2NICO DE MOTOR DIESEL<\/td><td class=\"has-text-align-center\" data-align=\"center\">01<\/td><td class=\"has-text-align-center\" data-align=\"center\">R$ 1.164,36<\/td><\/tr><tr><td class=\"has-text-align-center\" data-align=\"center\">MEC\u00c2NICO DE MOTOR GASOLINA\/\u00c1LCOOL E DERIVADOS<\/td><td class=\"has-text-align-center\" data-align=\"center\">01<\/td><td class=\"has-text-align-center\" data-align=\"center\">R$ 1.164,36<\/td><\/tr><\/tbody><\/table><\/figure>\n\n\n\n<h3 class=\"wp-block-heading\" id=\"fundamental\">Ensino fundamental<\/h3>\n\n\n\n<figure class=\"wp-block-table is-style-stripes\"><table class=\"has-background has-fixed-layout\" style=\"background-color:#e7f5fe\"><tbody><tr><td class=\"has-text-align-center\" data-align=\"center\"><strong>CARGO<\/strong><\/td><td class=\"has-text-align-center\" data-align=\"center\"><strong>VAGAS<\/strong><\/td><td class=\"has-text-align-center\" data-align=\"center\"><strong>REMUNERA\u00c7\u00c3O<\/strong><\/td><\/tr><tr><td class=\"has-text-align-center\" data-align=\"center\">MONITOR<\/td><td class=\"has-text-align-center\" data-align=\"center\">05<\/td><td class=\"has-text-align-center\" data-align=\"center\">R$ 1.045,00<\/td><\/tr><tr><td class=\"has-text-align-center\" data-align=\"center\">MOTORISTA<\/td><td class=\"has-text-align-center\" data-align=\"center\">05<\/td><td class=\"has-text-align-center\" data-align=\"center\">R$ 1.163,30<\/td><\/tr><tr><td class=\"has-text-align-center\" data-align=\"center\">OPER\u00c1RIO<\/td><td class=\"has-text-align-center\" data-align=\"center\">15<\/td><td class=\"has-text-align-center\" data-align=\"center\">R$ 1.045,00<\/td><\/tr><tr><td class=\"has-text-align-center\" data-align=\"center\">VIGIA<\/td><td class=\"has-text-align-center\" data-align=\"center\">07<\/td><td class=\"has-text-align-center\" data-align=\"center\">R$ 1.045,00<\/td><\/tr><\/tbody><\/table><\/figure>\n\n\n\n<h3 class=\"wp-block-heading\" id=\"medio-tecnico\">N\u00edvel m\u00e9dio e t\u00e9cnico<\/h3>\n\n\n\n<figure class=\"wp-block-table is-style-stripes\"><table class=\"has-background has-fixed-layout\" style=\"background-color:#e7f5fe\"><tbody><tr><td class=\"has-text-align-center\" data-align=\"center\"><strong>CARGO<\/strong><\/td><td class=\"has-text-align-center\" data-align=\"center\"><strong>VAGAS<\/strong><\/td><td class=\"has-text-align-center\" data-align=\"center\"><strong>REMUNERA\u00c7\u00c3O<\/strong><\/td><\/tr><tr><td class=\"has-text-align-center\" data-align=\"center\">AGENTE ADMINISTRATIVO<\/td><td class=\"has-text-align-center\" data-align=\"center\">10<\/td><td class=\"has-text-align-center\" data-align=\"center\">R$ 1.294,98<\/td><\/tr><tr><td class=\"has-text-align-center\" data-align=\"center\">T\u00c9CNICO EM ENFERMAGEM<\/td><td class=\"has-text-align-center\" data-align=\"center\">06<\/td><td class=\"has-text-align-center\" data-align=\"center\">R$ 1.047,13<\/td><\/tr><tr><td class=\"has-text-align-center\" data-align=\"center\">T\u00c9CNICO EM RADIOLOGIA<\/td><td class=\"has-text-align-center\" data-align=\"center\">02<\/td><td class=\"has-text-align-center\" data-align=\"center\">R$ 1.446,71<\/td><\/tr><tr><td class=\"has-text-align-center\" data-align=\"center\">FISCAL DE OBRAS<\/td><td class=\"has-text-align-center\" data-align=\"center\">02<\/td><td class=\"has-text-align-center\" data-align=\"center\">R$ 1.135,72<\/td><\/tr><tr><td class=\"has-text-align-center\" data-align=\"center\">FISCAL SANIT\u00c1RIO<\/td><td class=\"has-text-align-center\" data-align=\"center\">03<\/td><td class=\"has-text-align-center\" data-align=\"center\">R$ 1.135,72<\/td><\/tr><\/tbody><\/table><\/figure>\n\n\n\n<h3 class=\"wp-block-heading\" id=\"superior\">Curso superior<\/h3>\n\n\n\n<figure class=\"wp-block-table is-style-stripes\"><table class=\"has-background has-fixed-layout\" style=\"background-color:#e7f5fe\"><tbody><tr><td class=\"has-text-align-center\" data-align=\"center\"><strong>CARGO<\/strong><\/td><td class=\"has-text-align-center\" data-align=\"center\"><strong>VAGAS<\/strong><\/td><td class=\"has-text-align-center\" data-align=\"center\"><strong>REMUNERA\u00c7\u00c3O<\/strong><\/td><\/tr><tr><td class=\"has-text-align-center\" data-align=\"center\">ANALISTA AMBIENTAL<\/td><td class=\"has-text-align-center\" data-align=\"center\">01<\/td><td class=\"has-text-align-center\" data-align=\"center\">R$ 2.663,95<\/td><\/tr><tr><td class=\"has-text-align-center\" data-align=\"center\">ASSISTENTE SOCIAL<\/td><td class=\"has-text-align-center\" data-align=\"center\">01<\/td><td class=\"has-text-align-center\" data-align=\"center\">R$ 3.167,77<\/td><\/tr><tr><td class=\"has-text-align-center\" data-align=\"center\">ENFERMEIRO\/PSF<\/td><td class=\"has-text-align-center\" data-align=\"center\">02<\/td><td class=\"has-text-align-center\" data-align=\"center\">R$ 4.868,34<\/td><\/tr><tr><td class=\"has-text-align-center\" data-align=\"center\">BIOQU\u00cdMICO\/FARMAC\u00caUTICO<\/td><td class=\"has-text-align-center\" data-align=\"center\">02<\/td><td class=\"has-text-align-center\" data-align=\"center\">R$ 3.167,77<\/td><\/tr><tr><td class=\"has-text-align-center\" data-align=\"center\">M\u00c9DICO VETERIN\u00c1RIO<\/td><td class=\"has-text-align-center\" data-align=\"center\">01<\/td><td class=\"has-text-align-center\" data-align=\"center\">R$ 3.167,77<\/td><\/tr><tr><td class=\"has-text-align-center\" data-align=\"center\">ODONT\u00d3LOGO<\/td><td class=\"has-text-align-center\" data-align=\"center\">05<\/td><td class=\"has-text-align-center\" data-align=\"center\">R$ 3.167,77<\/td><\/tr><tr><td class=\"has-text-align-center\" data-align=\"center\">PROFESSOR PII (V\u00c1RIOS)<\/td><td class=\"has-text-align-center\" data-align=\"center\">10<\/td><td class=\"has-text-align-center\" data-align=\"center\">R$ 2.006,92<\/td><\/tr><tr><td class=\"has-text-align-center\" data-align=\"center\">PSICOLOGO<\/td><td class=\"has-text-align-center\" data-align=\"center\">02<\/td><td class=\"has-text-align-center\" data-align=\"center\">R$ 3.167,77<\/td><\/tr><tr><td class=\"has-text-align-center\" data-align=\"center\">ENGENHEIRO CIVIL<\/td><td class=\"has-text-align-center\" data-align=\"center\">01<\/td><td class=\"has-text-align-center\" data-align=\"center\">R$ 4.257,96<\/td><\/tr><tr><td class=\"has-text-align-center\" data-align=\"center\">NUTRICIONISTA<\/td><td class=\"has-text-align-center\" data-align=\"center\">01<\/td><td class=\"has-text-align-center\" data-align=\"center\">R$ 3.167,77<\/td><\/tr><\/tbody><\/table><\/figure>\n\n\n\n<h2 class=\"wp-block-heading\" id=\"etapas\">Etapas e provas do <strong>c<\/strong>oncurso Prefeitura de Nanuque<\/h2>\n\n\n\n<p>O concurso da Prefeitura de Nanuque \u00e9 constitu\u00eddo de duas etapas, sendo elas:<\/p>\n\n\n\n<ul class=\"wp-block-list\">\n<li>1\u00aa etapa &#8211; <strong>provas objetivas<\/strong> de m\u00faltipla escolha para todos os cargos;<\/li>\n\n\n\n<li>2\u00aa etapa &#8211; <strong>prova de T\u00edtulos<\/strong> para os cargos de Professor.<\/li>\n<\/ul>\n\n\n\n<h3 class=\"wp-block-heading\" id=\"objetiva\">Provas Objetivas<\/h3>\n\n\n\n<p>As provas objetivas foram realizadas no dia <strong>11 de julho<\/strong>, no turno matutino e  vespertino, nas escolas do munic\u00edpio de Nanuque, e em outras escolas e faculdades sediadas na cidade.<\/p>\n\n\n\n<p>Os exames foram de car\u00e1ter eliminat\u00f3rio e classificat\u00f3rio, com notas e pontua\u00e7\u00e3o de 0 a 100, sendo apresentadas as disciplinas em um \u00fanico caderno, de acordo com cada cargo p\u00fablico.<\/p>\n\n\n\n<p>Esta avalia\u00e7\u00e3o do concurso Prefeitura de Nanuque foi composta por quest\u00f5es de m\u00faltipla escolha. <\/p>\n\n\n\n<ul class=\"wp-block-list\">\n<li><strong>Auxiliar de Servi\u00e7os Gerais, Carpinteiro, Gari, Monitor, Oper\u00e1rio e Vigia:<\/strong>\n<ul class=\"wp-block-list\">\n<li><em>L\u00edngua Portuguesa &#8211; 20 quest\u00f5es (peso 2,5)<\/em><\/li>\n\n\n\n<li><em>Matem\u00e1tica &#8211; 20 quest\u00f5es (peso 2,5)<\/em><\/li>\n<\/ul>\n<\/li>\n<\/ul>\n\n\n\n<ul class=\"wp-block-list\">\n<li><strong>Motorista:<\/strong>\n<ul class=\"wp-block-list\">\n<li><em>Conhecimentos Gerais &#8211; 20 quest\u00f5es (peso 2,5)<\/em><\/li>\n\n\n\n<li><em><\/em><em>Conhecimentos Espec\u00edficos &#8211; 20 quest\u00f5es (peso 2,5)<\/em><\/li>\n<\/ul>\n<\/li>\n<\/ul>\n\n\n\n<ul class=\"wp-block-list\">\n<li><strong>Mec\u00e2nico de Motor (ambos):<\/strong>\n<ul class=\"wp-block-list\">\n<li><em>Matem\u00e1tica &#8211; 20 quest\u00f5es (peso 2,5)<\/em><\/li>\n\n\n\n<li><em><\/em><em>Conhecimentos Espec\u00edficos &#8211; 20 quest\u00f5es (peso 2,5)<\/em><\/li>\n<\/ul>\n<\/li>\n<\/ul>\n\n\n\n<ul class=\"wp-block-list\">\n<li><strong>Professor (todos):<\/strong>\n<ul class=\"wp-block-list\">\n<li><em>Conhecimentos Pedag\u00f3gicos &#8211; 20 quest\u00f5es (peso 2,5)<\/em><\/li>\n\n\n\n<li><em>Conhecimentos Espec\u00edficos &#8211; 20 quest\u00f5es (peso 2,5)<\/em><\/li>\n<\/ul>\n<\/li>\n<\/ul>\n\n\n\n<ul class=\"wp-block-list\">\n<li><strong>Eletricista, cargos de n\u00edvel m\u00e9dio, t\u00e9cnico e superior:<\/strong>\n<ul class=\"wp-block-list\">\n<li><em>L\u00edngua Portuguesa &#8211; 20 quest\u00f5es (peso 2,5)<\/em><\/li>\n\n\n\n<li><em>Conhecimentos Espec\u00edficos &#8211; 20 quest\u00f5es (peso 2,5)<\/em><\/li>\n<\/ul>\n<\/li>\n<\/ul>\n\n\n\n<p>Ser\u00e1 aprovado e classificado aquele que obtiver nota igual ou superior a 50% em cada uma das disciplinas do caderno de prova, dentro do n\u00famero de vagas. <\/p>\n\n\n\n<h3 class=\"wp-block-heading\" id=\"titulos\">Prova de T\u00edtulos<\/h3>\n\n\n\n<p>A avalia\u00e7\u00e3o de T\u00edtulos do concurso Prefeitura de Nanuque tem car\u00e1ter apenas classificat\u00f3rio e ser\u00e1 aplicada somente para os candidatos dos cargos de Professor, aprovados nas provas objetivas.<\/p>\n\n\n\n<p>O n\u00famero de pontos atribu\u00eddos aos diplomas pela conclus\u00e3o em P\u00f3s-Gradua\u00e7\u00e3o, Mestrado ou Doutorado inerente ao cargo p\u00fablico ser\u00e3o no m\u00e1ximo de 05 pontos por candidato conforme quadro abaixo:<\/p>\n\n\n\n<figure class=\"wp-block-image aligncenter size-large\"><img loading=\"lazy\" decoding=\"async\" width=\"928\" height=\"400\" src=\"https:\/\/dhg1h5j42swfq.cloudfront.net\/2020\/08\/24111117\/image-194.png\" alt=\"\" class=\"wp-image-559788\" srcset=\"https:\/\/dhg1h5j42swfq.cloudfront.net\/2020\/08\/24111117\/image-194.png 928w, https:\/\/dhg1h5j42swfq.cloudfront.net\/2020\/08\/24111117\/image-194-300x129.png 300w, https:\/\/dhg1h5j42swfq.cloudfront.net\/2020\/08\/24111117\/image-194-768x331.png 768w, https:\/\/dhg1h5j42swfq.cloudfront.net\/2020\/08\/24111117\/image-194-610x263.png 610w\" sizes=\"auto, (max-width: 928px) 100vw, 928px\" \/><\/figure>\n\n\n\n<p>Os T\u00edtulos dever\u00e3o ser encaminhados em envelope, lacrado e identificado, pelos Correios via Sedex com AR ou Carta registrada com as informa\u00e7\u00f5es que segue para: <\/p>\n\n\n\n<p class=\"has-very-light-gray-background-color has-background\"><strong>DESTINAT\u00c1RIO<\/strong>: MSM Consultoria &amp; Projetos Eireli.<br \/>Rua Desembargador Eust\u00e1quio Peixoto, n\u00ba 205 &#8211; Bairro S\u00e3o Diogo<br \/><strong>CEP<\/strong>: 39.803-007 &#8211; Te\u00f3filo Otoni &#8211; MG<\/p>\n\n\n\n<hr class=\"wp-block-separator has-css-opacity\"\/>\n\n\n\n<h2 class=\"wp-block-heading has-text-align-center\" id=\"cursos-assinatura\">Cursos para o concurso Prefeitura de Nanuque<\/h2>\n\n\n\n<div class=\"container\" id=\"boxes\">\n  <div class=\"row\">\n\n    <div class=\"col-sm\">\n      <div class=\"banner-estrategia\" id=\"box-assinatura\">\n        <h3 class=\"titulo-assinatura\">Cursos Prefeitura de Nanuque<\/h3>\n        <p class=\"subtitulo-assinatura\">Conhe\u00e7a os cursos<\/p>\n        <div class=\"box-botao\">\n          <a class=\"btn-assinatura\" target=\"_blank\" href=\"https:\/\/www.estrategiaconcursos.com.br\/cursosPorConcurso\/prefeitura-municipal-de-nanuque-mg\/\" role=\"button\" rel=\"noopener noreferrer\">Conhe\u00e7a mais<\/a>\n        <\/div>\n      <\/div>\n     \n    <\/div>\n\n  <\/div>\n<\/div>\n\n\n\n<div class=\"container\" id=\"boxes\">\n  <div class=\"row\">\n\n    <div class=\"col-sm\">\n      <div class=\"estrategia\" id=\"box-assinatura\">\n        <h3 class=\"titulo-assinatura\">Assinatura de Concursos<\/h3>\n        <p class=\"subtitulo-assinatura\">Assinatura de 1 ano ou 2 anos<\/p>\n        <div class=\"box-botao\">\n          <a class=\"btn-assinatura\" target=\"_blank\" href=\"https:\/\/www.estrategiaconcursos.com.br\/assinaturas\/\" role=\"button\" rel=\"noopener noreferrer\">ASSINE AGORA<\/a>\n        <\/div>\n      <\/div>\n     \n    <\/div><\/div><\/div>\n\n\n\n<div class=\"container\" id=\"boxes\">\n  <div class=\"row\">\n\n    <div class=\"col-sm\" id=\"boxes-concursos\">\n      <div style=\"background-color: #005DAD;\" class=\"conteudo-concursos\" id=\"box-concursos\">\n        <h3 class=\"titulo-assinatura\">Concursos Abertos<\/h3>\n        <p class=\"subtitulo-assinatura\">Confira os editais publicados<\/p>\n        <div class=\"box-botao\">\n          <a class=\"btn-assinatura\" target=\"_blank\" href=\"https:\/\/www.estrategiaconcursos.com.br\/blog\/concursos-abertos\/\" role=\"button\" rel=\"noopener noreferrer\">Conhe\u00e7a Agora<\/a>\n        <\/div>\n      <\/div>\n    <\/div>\n\n    <div class=\"col-sm\" id=\"boxes-concursos\">\n      <div style=\"background-color: #1A7ED5;\" class=\"conteudo-concursos\" id=\"box-concursos\">\n        <h3 class=\"titulo-assinatura\">Concursos 2021<\/h3>\n        <p class=\"subtitulo-assinatura\">As oportunidades previstas<\/p>\n        <div class=\"box-botao\">\n          <a class=\"btn-assinatura\" target=\"_blank\" href=\"https:\/\/www.estrategiaconcursos.com.br\/blog\/concursos-2021\/\" role=\"button\" rel=\"noopener noreferrer\">Conhe\u00e7a Agora<\/a>\n        <\/div>\n      <\/div>\n    <\/div>\n\n    <div class=\"col-sm\" id=\"boxes-concursos\">\n      <div style=\"background-color: #419FF0;\" class=\"conteudo-concursos\" id=\"box-concursos\">\n        <h3 class=\"titulo-assinatura\">Concursos 2022<\/h3>\n        <p class=\"subtitulo-assinatura\">Vagas para o pr\u00f3ximo ano<\/p>\n        <div class=\"box-botao\">\n          <a class=\"btn-assinatura\" target=\"_blank\" href=\"https:\/\/www.estrategiaconcursos.com.br\/blog\/concursos-2022\/\" role=\"button\" rel=\"noopener noreferrer\">Conhe\u00e7a Agora<\/a>\n        <\/div>\n      <\/div>\n    <\/div>\n\n  <\/div>\n<\/div>\n\n\n\n<figure class=\"wp-block-image size-large is-resized\"><img loading=\"lazy\" decoding=\"async\" width=\"1024\" height=\"632\" src=\"https:\/\/dhg1h5j42swfq.cloudfront.net\/2021\/04\/06121756\/ficha-tecnica-101-1024x632.png\" alt=\"Informa\u00e7\u00f5es do concurso Prefeitura de Nanuque-MG\" class=\"wp-image-708479\" style=\"width:268px;height:165px\" srcset=\"https:\/\/dhg1h5j42swfq.cloudfront.net\/2021\/04\/06121756\/ficha-tecnica-101-1024x632.png 1024w, https:\/\/dhg1h5j42swfq.cloudfront.net\/2021\/04\/06121756\/ficha-tecnica-101-300x185.png 300w, https:\/\/dhg1h5j42swfq.cloudfront.net\/2021\/04\/06121756\/ficha-tecnica-101-768x474.png 768w, https:\/\/dhg1h5j42swfq.cloudfront.net\/2021\/04\/06121756\/ficha-tecnica-101-1536x948.png 1536w, https:\/\/dhg1h5j42swfq.cloudfront.net\/2021\/04\/06121756\/ficha-tecnica-101-610x377.png 610w, https:\/\/dhg1h5j42swfq.cloudfront.net\/2021\/04\/06121756\/ficha-tecnica-101.png 1571w\" sizes=\"auto, (max-width: 1024px) 100vw, 1024px\" \/><\/figure>\n\n\n\n<h3 class=\"wp-block-heading\" id=\"ficha\">Informa\u00e7\u00f5es do concurso Prefeitura de Nanuque-MG<\/h3>\n\n\n\n<ul class=\"wp-block-list\">\n<li><strong>Vagas<\/strong>: 128<\/li>\n\n\n\n<li><strong>Cargos<\/strong>: v\u00e1rios<\/li>\n\n\n\n<li><strong>Banca<\/strong>: MSM Consultoria<\/li>\n\n\n\n<li><strong>Escolaridade<\/strong>: Alfabetizado, fundamental, m\u00e9dio, t\u00e9cnico e superior<\/li>\n\n\n\n<li><strong>Edital retificado<\/strong>:&nbsp;<a href=\"https:\/\/dhg1h5j42swfq.cloudfront.net\/2020\/10\/24081907\/PREFEITURA-MUNICIPAL-DE-NANUQUE.pdf\" target=\"_blank\" rel=\"noreferrer noopener nofollow\">Edital Prefeitura de Nanuque<\/a><\/li>\n<\/ul>\n","protected":false},"excerpt":{"rendered":"<p>J\u00e1 est\u00e3o dispon\u00edveis para consulta os gabaritos preliminares do concurso da Prefeitura de Nanuque, Minas Gerais. As provas foram aplicadas no domingo, 11 de julho de 2021, pela empresa organizadora MSM Consultoria. Para conferir os resultados, basta acessar o link abaixo: Gabaritos preliminares Lembrando que, agora, fica aberto o prazo para interposi\u00e7\u00e3o de recursos dos [&hellip;]<\/p>\n","protected":false},"author":1,"featured_media":729956,"comment_status":"open","ping_status":"closed","sticky":false,"template":"","format":"standard","meta":{"post_tipo":"news_page","footnotes":""},"categories":[214992],"tags":[],"tax_estado":[219974],"class_list":["post-559752","post","type-post","status-publish","format-standard","has-post-thumbnail","hentry","category-concursos-administrativos","tax_estado-mg"],"acf":[],"yoast_head":"<!-- This site is optimized with the Yoast SEO Premium plugin v27.2 (Yoast SEO v27.2) - https:\/\/yoast.com\/product\/yoast-seo-premium-wordpress\/ -->\n<title>Concurso Prefeitura de Nanuque: divulgados os gabaritos<\/title>\n<meta name=\"description\" content=\"Concurso Prefeitura de Nanuque: divulgados os gabaritos preliminares das provas objetivas aplicadas no domingo, 11 de julho. CONFIRA!\" \/>\n<meta name=\"robots\" content=\"index, follow, max-snippet:-1, max-image-preview:large, max-video-preview:-1\" \/>\n<link rel=\"canonical\" href=\"https:\/\/www.estrategiaconcursos.com.br\/blog\/concurso-prefeitura-nanuque\/\" \/>\n<meta property=\"og:locale\" content=\"pt_BR\" \/>\n<meta property=\"og:type\" content=\"article\" \/>\n<meta property=\"og:title\" content=\"Concurso Prefeitura de Nanuque: divulgados os gabaritos\" \/>\n<meta property=\"og:description\" content=\"Concurso Prefeitura de Nanuque: divulgados os gabaritos preliminares das provas objetivas aplicadas no domingo, 11 de julho. CONFIRA!\" \/>\n<meta property=\"og:url\" content=\"https:\/\/www.estrategiaconcursos.com.br\/blog\/concurso-prefeitura-nanuque\/\" \/>\n<meta property=\"og:site_name\" content=\"Estrat\u00e9gia Concursos\" \/>\n<meta property=\"article:author\" content=\"https:\/\/www.facebook.com\/EstrategiaConcursos\" \/>\n<meta property=\"article:published_time\" content=\"2021-07-13T19:10:00+00:00\" \/>\n<meta property=\"article:modified_time\" content=\"2024-01-12T12:43:15+00:00\" \/>\n<meta property=\"og:image\" content=\"https:\/\/dhg1h5j42swfq.cloudfront.net\/2021\/03\/03153251\/prefeitura-de-nanuque-mg.jpg\" \/>\n\t<meta property=\"og:image:width\" content=\"768\" \/>\n\t<meta property=\"og:image:height\" content=\"432\" \/>\n\t<meta property=\"og:image:type\" content=\"image\/jpeg\" \/>\n<meta name=\"author\" content=\"Coordena\u00e7\u00e3o\" \/>\n<meta name=\"twitter:card\" content=\"summary_large_image\" \/>\n<meta name=\"twitter:creator\" content=\"@EstratConcursos\" \/>\n<meta name=\"twitter:site\" content=\"@EstratConcursos\" \/>\n<meta name=\"twitter:label1\" content=\"Escrito por\" \/>\n\t<meta name=\"twitter:data1\" content=\"Coordena\u00e7\u00e3o\" \/>\n\t<meta name=\"twitter:label2\" content=\"Est. tempo de leitura\" \/>\n\t<meta name=\"twitter:data2\" content=\"6 minutos\" \/>\n<script type=\"application\/ld+json\" class=\"yoast-schema-graph\">{\"@context\":\"https:\/\/schema.org\",\"@graph\":[{\"@type\":\"NewsArticle\",\"@id\":\"https:\/\/www.estrategiaconcursos.com.br\/blog\/concurso-prefeitura-nanuque\/#article\",\"isPartOf\":{\"@id\":\"https:\/\/www.estrategiaconcursos.com.br\/blog\/concurso-prefeitura-nanuque\/\"},\"author\":{\"name\":\"Coordena\u00e7\u00e3o\",\"@id\":\"https:\/\/www.estrategiaconcursos.com.br\/blog\/#\/schema\/person\/b4a388c97673c5f483d72185668afa1f\"},\"headline\":\"Concurso Prefeitura de Nanuque: divulgados os gabaritos\",\"datePublished\":\"2021-07-13T19:10:00+00:00\",\"dateModified\":\"2024-01-12T12:43:15+00:00\",\"mainEntityOfPage\":{\"@id\":\"https:\/\/www.estrategiaconcursos.com.br\/blog\/concurso-prefeitura-nanuque\/\"},\"wordCount\":1127,\"commentCount\":0,\"publisher\":{\"@id\":\"https:\/\/www.estrategiaconcursos.com.br\/blog\/#organization\"},\"image\":{\"@id\":\"https:\/\/www.estrategiaconcursos.com.br\/blog\/concurso-prefeitura-nanuque\/#primaryimage\"},\"thumbnailUrl\":\"https:\/\/dhg1h5j42swfq.cloudfront.net\/2021\/03\/03153251\/prefeitura-de-nanuque-mg.jpg\",\"articleSection\":[\"Executivo (Administrativa)\"],\"inLanguage\":\"pt-BR\",\"potentialAction\":[{\"@type\":\"CommentAction\",\"name\":\"Comment\",\"target\":[\"https:\/\/www.estrategiaconcursos.com.br\/blog\/concurso-prefeitura-nanuque\/#respond\"]}],\"copyrightYear\":\"2021\",\"copyrightHolder\":{\"@id\":\"https:\/\/www.estrategiaconcursos.com.br\/blog\/#organization\"}},{\"@type\":\"WebPage\",\"@id\":\"https:\/\/www.estrategiaconcursos.com.br\/blog\/concurso-prefeitura-nanuque\/\",\"url\":\"https:\/\/www.estrategiaconcursos.com.br\/blog\/concurso-prefeitura-nanuque\/\",\"name\":\"Concurso Prefeitura de Nanuque: divulgados os gabaritos\",\"isPartOf\":{\"@id\":\"https:\/\/www.estrategiaconcursos.com.br\/blog\/#website\"},\"primaryImageOfPage\":{\"@id\":\"https:\/\/www.estrategiaconcursos.com.br\/blog\/concurso-prefeitura-nanuque\/#primaryimage\"},\"image\":{\"@id\":\"https:\/\/www.estrategiaconcursos.com.br\/blog\/concurso-prefeitura-nanuque\/#primaryimage\"},\"thumbnailUrl\":\"https:\/\/dhg1h5j42swfq.cloudfront.net\/2021\/03\/03153251\/prefeitura-de-nanuque-mg.jpg\",\"datePublished\":\"2021-07-13T19:10:00+00:00\",\"dateModified\":\"2024-01-12T12:43:15+00:00\",\"description\":\"Concurso Prefeitura de Nanuque: divulgados os gabaritos preliminares das provas objetivas aplicadas no domingo, 11 de julho. CONFIRA!\",\"breadcrumb\":{\"@id\":\"https:\/\/www.estrategiaconcursos.com.br\/blog\/concurso-prefeitura-nanuque\/#breadcrumb\"},\"inLanguage\":\"pt-BR\",\"potentialAction\":[{\"@type\":\"ReadAction\",\"target\":[\"https:\/\/www.estrategiaconcursos.com.br\/blog\/concurso-prefeitura-nanuque\/\"]}]},{\"@type\":\"ImageObject\",\"inLanguage\":\"pt-BR\",\"@id\":\"https:\/\/www.estrategiaconcursos.com.br\/blog\/concurso-prefeitura-nanuque\/#primaryimage\",\"url\":\"https:\/\/dhg1h5j42swfq.cloudfront.net\/2021\/03\/03153251\/prefeitura-de-nanuque-mg.jpg\",\"contentUrl\":\"https:\/\/dhg1h5j42swfq.cloudfront.net\/2021\/03\/03153251\/prefeitura-de-nanuque-mg.jpg\",\"width\":768,\"height\":432},{\"@type\":\"BreadcrumbList\",\"@id\":\"https:\/\/www.estrategiaconcursos.com.br\/blog\/concurso-prefeitura-nanuque\/#breadcrumb\",\"itemListElement\":[{\"@type\":\"ListItem\",\"position\":1,\"name\":\"In\u00edcio\",\"item\":\"https:\/\/www.estrategiaconcursos.com.br\/blog\/\"},{\"@type\":\"ListItem\",\"position\":2,\"name\":\"Concurso Prefeitura de Nanuque: divulgados os gabaritos\"}]},{\"@type\":\"WebSite\",\"@id\":\"https:\/\/www.estrategiaconcursos.com.br\/blog\/#website\",\"url\":\"https:\/\/www.estrategiaconcursos.com.br\/blog\/\",\"name\":\"Estrat\u00e9gia Concursos\",\"description\":\"O blog da Estrat\u00e9gia Concursos traz not\u00edcias sobre concursos e artigos de professores oferecendo cursos para concursos (pdf + videaulas) no site.\",\"publisher\":{\"@id\":\"https:\/\/www.estrategiaconcursos.com.br\/blog\/#organization\"},\"potentialAction\":[{\"@type\":\"SearchAction\",\"target\":{\"@type\":\"EntryPoint\",\"urlTemplate\":\"https:\/\/www.estrategiaconcursos.com.br\/blog\/?s={search_term_string}\"},\"query-input\":{\"@type\":\"PropertyValueSpecification\",\"valueRequired\":true,\"valueName\":\"search_term_string\"}}],\"inLanguage\":\"pt-BR\"},{\"@type\":\"Organization\",\"@id\":\"https:\/\/www.estrategiaconcursos.com.br\/blog\/#organization\",\"name\":\"Estrat\u00e9gia Concursos\",\"url\":\"https:\/\/www.estrategiaconcursos.com.br\/blog\/\",\"logo\":{\"@type\":\"ImageObject\",\"inLanguage\":\"pt-BR\",\"@id\":\"https:\/\/www.estrategiaconcursos.com.br\/blog\/#\/schema\/logo\/image\/\",\"url\":\"https:\/\/dhg1h5j42swfq.cloudfront.net\/2025\/06\/03203428\/logo_concursos-1.jpg\",\"contentUrl\":\"https:\/\/dhg1h5j42swfq.cloudfront.net\/2025\/06\/03203428\/logo_concursos-1.jpg\",\"width\":230,\"height\":60,\"caption\":\"Estrat\u00e9gia Concursos\"},\"image\":{\"@id\":\"https:\/\/www.estrategiaconcursos.com.br\/blog\/#\/schema\/logo\/image\/\"},\"sameAs\":[\"https:\/\/x.com\/EstratConcursos\"]},{\"@type\":\"Person\",\"@id\":\"https:\/\/www.estrategiaconcursos.com.br\/blog\/#\/schema\/person\/b4a388c97673c5f483d72185668afa1f\",\"name\":\"Coordena\u00e7\u00e3o\",\"image\":{\"@type\":\"ImageObject\",\"inLanguage\":\"pt-BR\",\"@id\":\"https:\/\/secure.gravatar.com\/avatar\/b720319e4c9a967eb58678d110f4fe35452fc5d5f97b202bac7b8acceb18c6ad?s=96&d=mm&r=g\",\"url\":\"https:\/\/secure.gravatar.com\/avatar\/b720319e4c9a967eb58678d110f4fe35452fc5d5f97b202bac7b8acceb18c6ad?s=96&d=mm&r=g\",\"contentUrl\":\"https:\/\/secure.gravatar.com\/avatar\/b720319e4c9a967eb58678d110f4fe35452fc5d5f97b202bac7b8acceb18c6ad?s=96&d=mm&r=g\",\"caption\":\"Coordena\u00e7\u00e3o\"},\"sameAs\":[\"https:\/\/www.facebook.com\/EstrategiaConcursos\",\"https:\/\/x.com\/EstratConcursos\"],\"url\":\"https:\/\/www.estrategiaconcursos.com.br\/blog\/author\/estrategia2013\/\"}]}<\/script>\n<!-- \/ Yoast SEO Premium plugin. -->","yoast_head_json":{"title":"Concurso Prefeitura de Nanuque: divulgados os gabaritos","description":"Concurso Prefeitura de Nanuque: divulgados os gabaritos preliminares das provas objetivas aplicadas no domingo, 11 de julho. CONFIRA!","robots":{"index":"index","follow":"follow","max-snippet":"max-snippet:-1","max-image-preview":"max-image-preview:large","max-video-preview":"max-video-preview:-1"},"canonical":"https:\/\/www.estrategiaconcursos.com.br\/blog\/concurso-prefeitura-nanuque\/","og_locale":"pt_BR","og_type":"article","og_title":"Concurso Prefeitura de Nanuque: divulgados os gabaritos","og_description":"Concurso Prefeitura de Nanuque: divulgados os gabaritos preliminares das provas objetivas aplicadas no domingo, 11 de julho. CONFIRA!","og_url":"https:\/\/www.estrategiaconcursos.com.br\/blog\/concurso-prefeitura-nanuque\/","og_site_name":"Estrat\u00e9gia Concursos","article_author":"https:\/\/www.facebook.com\/EstrategiaConcursos","article_published_time":"2021-07-13T19:10:00+00:00","article_modified_time":"2024-01-12T12:43:15+00:00","og_image":[{"width":768,"height":432,"url":"https:\/\/dhg1h5j42swfq.cloudfront.net\/2021\/03\/03153251\/prefeitura-de-nanuque-mg.jpg","type":"image\/jpeg"}],"author":"Coordena\u00e7\u00e3o","twitter_card":"summary_large_image","twitter_creator":"@EstratConcursos","twitter_site":"@EstratConcursos","twitter_misc":{"Escrito por":"Coordena\u00e7\u00e3o","Est. tempo de leitura":"6 minutos"},"schema":{"@context":"https:\/\/schema.org","@graph":[{"@type":"NewsArticle","@id":"https:\/\/www.estrategiaconcursos.com.br\/blog\/concurso-prefeitura-nanuque\/#article","isPartOf":{"@id":"https:\/\/www.estrategiaconcursos.com.br\/blog\/concurso-prefeitura-nanuque\/"},"author":{"name":"Coordena\u00e7\u00e3o","@id":"https:\/\/www.estrategiaconcursos.com.br\/blog\/#\/schema\/person\/b4a388c97673c5f483d72185668afa1f"},"headline":"Concurso Prefeitura de Nanuque: divulgados os gabaritos","datePublished":"2021-07-13T19:10:00+00:00","dateModified":"2024-01-12T12:43:15+00:00","mainEntityOfPage":{"@id":"https:\/\/www.estrategiaconcursos.com.br\/blog\/concurso-prefeitura-nanuque\/"},"wordCount":1127,"commentCount":0,"publisher":{"@id":"https:\/\/www.estrategiaconcursos.com.br\/blog\/#organization"},"image":{"@id":"https:\/\/www.estrategiaconcursos.com.br\/blog\/concurso-prefeitura-nanuque\/#primaryimage"},"thumbnailUrl":"https:\/\/dhg1h5j42swfq.cloudfront.net\/2021\/03\/03153251\/prefeitura-de-nanuque-mg.jpg","articleSection":["Executivo (Administrativa)"],"inLanguage":"pt-BR","potentialAction":[{"@type":"CommentAction","name":"Comment","target":["https:\/\/www.estrategiaconcursos.com.br\/blog\/concurso-prefeitura-nanuque\/#respond"]}],"copyrightYear":"2021","copyrightHolder":{"@id":"https:\/\/www.estrategiaconcursos.com.br\/blog\/#organization"}},{"@type":"WebPage","@id":"https:\/\/www.estrategiaconcursos.com.br\/blog\/concurso-prefeitura-nanuque\/","url":"https:\/\/www.estrategiaconcursos.com.br\/blog\/concurso-prefeitura-nanuque\/","name":"Concurso Prefeitura de Nanuque: divulgados os gabaritos","isPartOf":{"@id":"https:\/\/www.estrategiaconcursos.com.br\/blog\/#website"},"primaryImageOfPage":{"@id":"https:\/\/www.estrategiaconcursos.com.br\/blog\/concurso-prefeitura-nanuque\/#primaryimage"},"image":{"@id":"https:\/\/www.estrategiaconcursos.com.br\/blog\/concurso-prefeitura-nanuque\/#primaryimage"},"thumbnailUrl":"https:\/\/dhg1h5j42swfq.cloudfront.net\/2021\/03\/03153251\/prefeitura-de-nanuque-mg.jpg","datePublished":"2021-07-13T19:10:00+00:00","dateModified":"2024-01-12T12:43:15+00:00","description":"Concurso Prefeitura de Nanuque: divulgados os gabaritos preliminares das provas objetivas aplicadas no domingo, 11 de julho. CONFIRA!","breadcrumb":{"@id":"https:\/\/www.estrategiaconcursos.com.br\/blog\/concurso-prefeitura-nanuque\/#breadcrumb"},"inLanguage":"pt-BR","potentialAction":[{"@type":"ReadAction","target":["https:\/\/www.estrategiaconcursos.com.br\/blog\/concurso-prefeitura-nanuque\/"]}]},{"@type":"ImageObject","inLanguage":"pt-BR","@id":"https:\/\/www.estrategiaconcursos.com.br\/blog\/concurso-prefeitura-nanuque\/#primaryimage","url":"https:\/\/dhg1h5j42swfq.cloudfront.net\/2021\/03\/03153251\/prefeitura-de-nanuque-mg.jpg","contentUrl":"https:\/\/dhg1h5j42swfq.cloudfront.net\/2021\/03\/03153251\/prefeitura-de-nanuque-mg.jpg","width":768,"height":432},{"@type":"BreadcrumbList","@id":"https:\/\/www.estrategiaconcursos.com.br\/blog\/concurso-prefeitura-nanuque\/#breadcrumb","itemListElement":[{"@type":"ListItem","position":1,"name":"In\u00edcio","item":"https:\/\/www.estrategiaconcursos.com.br\/blog\/"},{"@type":"ListItem","position":2,"name":"Concurso Prefeitura de Nanuque: divulgados os gabaritos"}]},{"@type":"WebSite","@id":"https:\/\/www.estrategiaconcursos.com.br\/blog\/#website","url":"https:\/\/www.estrategiaconcursos.com.br\/blog\/","name":"Estrat\u00e9gia Concursos","description":"O blog da Estrat\u00e9gia Concursos traz not\u00edcias sobre concursos e artigos de professores oferecendo cursos para concursos (pdf + videaulas) no site.","publisher":{"@id":"https:\/\/www.estrategiaconcursos.com.br\/blog\/#organization"},"potentialAction":[{"@type":"SearchAction","target":{"@type":"EntryPoint","urlTemplate":"https:\/\/www.estrategiaconcursos.com.br\/blog\/?s={search_term_string}"},"query-input":{"@type":"PropertyValueSpecification","valueRequired":true,"valueName":"search_term_string"}}],"inLanguage":"pt-BR"},{"@type":"Organization","@id":"https:\/\/www.estrategiaconcursos.com.br\/blog\/#organization","name":"Estrat\u00e9gia Concursos","url":"https:\/\/www.estrategiaconcursos.com.br\/blog\/","logo":{"@type":"ImageObject","inLanguage":"pt-BR","@id":"https:\/\/www.estrategiaconcursos.com.br\/blog\/#\/schema\/logo\/image\/","url":"https:\/\/dhg1h5j42swfq.cloudfront.net\/2025\/06\/03203428\/logo_concursos-1.jpg","contentUrl":"https:\/\/dhg1h5j42swfq.cloudfront.net\/2025\/06\/03203428\/logo_concursos-1.jpg","width":230,"height":60,"caption":"Estrat\u00e9gia Concursos"},"image":{"@id":"https:\/\/www.estrategiaconcursos.com.br\/blog\/#\/schema\/logo\/image\/"},"sameAs":["https:\/\/x.com\/EstratConcursos"]},{"@type":"Person","@id":"https:\/\/www.estrategiaconcursos.com.br\/blog\/#\/schema\/person\/b4a388c97673c5f483d72185668afa1f","name":"Coordena\u00e7\u00e3o","image":{"@type":"ImageObject","inLanguage":"pt-BR","@id":"https:\/\/secure.gravatar.com\/avatar\/b720319e4c9a967eb58678d110f4fe35452fc5d5f97b202bac7b8acceb18c6ad?s=96&d=mm&r=g","url":"https:\/\/secure.gravatar.com\/avatar\/b720319e4c9a967eb58678d110f4fe35452fc5d5f97b202bac7b8acceb18c6ad?s=96&d=mm&r=g","contentUrl":"https:\/\/secure.gravatar.com\/avatar\/b720319e4c9a967eb58678d110f4fe35452fc5d5f97b202bac7b8acceb18c6ad?s=96&d=mm&r=g","caption":"Coordena\u00e7\u00e3o"},"sameAs":["https:\/\/www.facebook.com\/EstrategiaConcursos","https:\/\/x.com\/EstratConcursos"],"url":"https:\/\/www.estrategiaconcursos.com.br\/blog\/author\/estrategia2013\/"}]}},"_links":{"self":[{"href":"https:\/\/www.estrategiaconcursos.com.br\/blog\/wp-json\/wp\/v2\/posts\/559752","targetHints":{"allow":["GET"]}}],"collection":[{"href":"https:\/\/www.estrategiaconcursos.com.br\/blog\/wp-json\/wp\/v2\/posts"}],"about":[{"href":"https:\/\/www.estrategiaconcursos.com.br\/blog\/wp-json\/wp\/v2\/types\/post"}],"author":[{"embeddable":true,"href":"https:\/\/www.estrategiaconcursos.com.br\/blog\/wp-json\/wp\/v2\/users\/1"}],"replies":[{"embeddable":true,"href":"https:\/\/www.estrategiaconcursos.com.br\/blog\/wp-json\/wp\/v2\/comments?post=559752"}],"version-history":[{"count":40,"href":"https:\/\/www.estrategiaconcursos.com.br\/blog\/wp-json\/wp\/v2\/posts\/559752\/revisions"}],"predecessor-version":[{"id":1334869,"href":"https:\/\/www.estrategiaconcursos.com.br\/blog\/wp-json\/wp\/v2\/posts\/559752\/revisions\/1334869"}],"wp:featuredmedia":[{"embeddable":true,"href":"https:\/\/www.estrategiaconcursos.com.br\/blog\/wp-json\/wp\/v2\/media\/729956"}],"wp:attachment":[{"href":"https:\/\/www.estrategiaconcursos.com.br\/blog\/wp-json\/wp\/v2\/media?parent=559752"}],"wp:term":[{"taxonomy":"category","embeddable":true,"href":"https:\/\/www.estrategiaconcursos.com.br\/blog\/wp-json\/wp\/v2\/categories?post=559752"},{"taxonomy":"post_tag","embeddable":true,"href":"https:\/\/www.estrategiaconcursos.com.br\/blog\/wp-json\/wp\/v2\/tags?post=559752"},{"taxonomy":"tax_estado","embeddable":true,"href":"https:\/\/www.estrategiaconcursos.com.br\/blog\/wp-json\/wp\/v2\/tax_estado?post=559752"}],"curies":[{"name":"wp","href":"https:\/\/api.w.org\/{rel}","templated":true}]}}