{"id":559702,"date":"2020-11-20T00:15:00","date_gmt":"2020-11-20T03:15:00","guid":{"rendered":"https:\/\/www.estrategiaconcursos.com.br\/blog\/?p=559702"},"modified":"2023-07-07T15:46:46","modified_gmt":"2023-07-07T18:46:46","slug":"sme-aracariguama-edital-publicado","status":"publish","type":"post","link":"https:\/\/www.estrategiaconcursos.com.br\/blog\/sme-aracariguama-edital-publicado\/","title":{"rendered":"SME Ara\u00e7ariguama: todas as provas objetivas est\u00e3o suspensas!"},"content":{"rendered":"\n<h2 class=\"wp-block-heading\">79 <strong>Vagas para Professor e Assistente<\/strong><\/h2>\n\n\n\n<p>Foi publicado no endere\u00e7o eletr\u00f4nico da Funda\u00e7\u00e3o Vunesp, no dia 19 de novembro, um comunicado suspendendo a realiza\u00e7\u00e3o de todas as provas objetivas do concurso SME Ara\u00e7ariguama. <\/p>\n\n\n\n<p>A suspens\u00e3o se deu ap\u00f3s a divulga\u00e7\u00e3o da lista dos candidatos convocados para a realiza\u00e7\u00e3o da primeira prova objetiva, que seria realizada no dia 22 de novembro. As demais estavam previstas para os dia 06 e 13 de dezembro. Com a suspens\u00e3o, um novo comunicado dever\u00e1 divulgar novas datas oportunamente. <\/p>\n\n\n\n<p>As inscri\u00e7\u00f5es para o concurso SME Ara\u00e7ariguama j\u00e1 est\u00e3o encerradas. O edital oferta&nbsp;<strong>79 vagas imediatas<\/strong>, das quais 65 s\u00e3o para Professor e 14 para Assistente Educacional.<\/p>\n\n\n\n<p><strong><em>Confira abaixo todas as informa\u00e7\u00f5es sobre o concurso SME Ara\u00e7ariguama:<\/em><\/strong><\/p>\n\n\n\n<div class=\"col-sm\">\n      <div class=\"banner-estrategia\" id=\"box-assinatura\">\n        <h3 class=\"titulo-assinatura\">Cursos para SME Ara\u00e7ariguama<\/h3>\n        <p class=\"subtitulo-assinatura\">Conhe\u00e7a os cursos<\/p>\n        <div class=\"box-botao\">\n          <a class=\"btn-assinatura\" target=\"_blank\" href=\"https:\/\/www.estrategiaconcursos.com.br\/cursosPorConcurso\/prefeitura-municipal-de-aracariguama-sp\/\" role=\"button\" rel=\"noopener noreferrer\">Conhe\u00e7a mais<\/a>\n        <\/div>\n      <\/div>\n      <p class=\"texto-auxiliar\">Prepare-se com o melhor material e com quem mais aprova em Concursos P\u00fablicos em todo o pa\u00eds.<\/p>\n    <\/div>\n\n\n\n<h2 class=\"wp-block-heading\" id=\"atual\">SME Ara\u00e7ariguama: Situa\u00e7\u00e3o atual<\/h2>\n\n\n\n<h3 class=\"wp-block-heading\" id=\"convoca\u00e7\u00f5es\">Convoca\u00e7\u00f5es e Suspens\u00e3o <\/h3>\n\n\n\n<p>O primeiro grupo de candidatos do concurso SME Ara\u00e7ariguama j\u00e1 havia sido convocado para a prova objetiva, que seria realizada no dia 22 de novembro de 2020 (<a rel=\"noreferrer noopener\" href=\"https:\/\/documento.vunesp.com.br\/documento\/stream\/MTk2NDUwMQ%3d%3d\" target=\"_blank\">Lista de candidatos convocados<\/a>). Com a recente suspens\u00e3o, ainda n\u00e3o h\u00e1 defini\u00e7\u00e3o de novas datas. <\/p>\n\n\n\n<p>Clique no quadro abaixo e acesse o comunicado de suspens\u00e3o na \u00edntegra: <\/p>\n\n\n\n<p class=\"has-text-align-center has-black-color has-pale-pink-background-color has-text-color has-background has-medium-font-size\"><a rel=\"noreferrer noopener\" href=\"https:\/\/dhg1h5j42swfq.cloudfront.net\/2020\/11\/20174745\/aracariguama-1.pdf\" target=\"_blank\">Comunicado suspens\u00e3o Provas<\/a><\/p>\n\n\n\n<h3 class=\"wp-block-heading\" id=\"cronograma\">Cronograma<\/h3>\n\n\n\n<h4 class=\"wp-block-heading\"><s>Dia 22 de novembro<\/s> (suspensa)<\/h4>\n\n\n\n<p><strong>Manh\u00e3<\/strong><\/p>\n\n\n\n<p>PEB I \u2013 EDUCA\u00c7\u00c3O INFANTIL<br \/>PEB II \u2013PROFESSOR DE DAN\u00c7A<\/p>\n\n\n\n<p><strong>Tarde<\/strong><\/p>\n\n\n\n<p>PEB II \u2013 PROFESSOR DE ED. F\u00cdSICA<br \/>PEB II \u2013 PROFESSOR DE HIST\u00d3RIA<\/p>\n\n\n\n<h4 class=\"wp-block-heading\"><s>Dia 06 de dezembro<\/s> (suspensa)<\/h4>\n\n\n\n<p><strong>Manh\u00e3<\/strong><\/p>\n\n\n\n<p>PEB II \u2013 PROFESSOR DE MATEM\u00c1TICA<br \/>PEB II \u2013 PROFESSOR DE CI\u00caNCIAS<br \/>PEB II \u2013 PROFESSOR DE INGL\u00caS<\/p>\n\n\n\n<p><strong>Tarde<\/strong><\/p>\n\n\n\n<p>PEB I \u2013 ENSINO FUNDAMENTAL<\/p>\n\n\n\n<h4 class=\"wp-block-heading\"><s>Dia 13 de dezembro<\/s> (suspensa)<\/h4>\n\n\n\n<p><strong>Manh\u00e3<\/strong><\/p>\n\n\n\n<p>PEB II \u2013 PROFESSOR DE ED. ART\u00cdSTICA<br \/>PEB II \u2013 PROFESSOR DE GEOGRAFIA<br \/>PEB II \u2013 PROFESSOR DE PORTUGU\u00caS<\/p>\n\n\n\n<p><strong>Tarde<\/strong><\/p>\n\n\n\n<p>PEB II \u2013 PRODFESSOR DE ED. MUSICAL<br \/>PEB II \u2013 PROFESSOR DE ESPANHOL<br \/>ASSISTENTE EDUCA\u00c7\u00c3O<\/p>\n\n\n\n<p>Por ocasi\u00e3o da convoca\u00e7\u00e3o para preenchimento da vaga, o candidato dever\u00e1 comparecer a Prefeitura Municipal de Ara\u00e7ariguama no Departamento de Recursos Humanos, munido dos documentos (originais e c\u00f3pias simples) discriminados a seguir:<\/p>\n\n\n\n<p><br \/>a) 2 (duas) fotos 3\u00d74 iguais e recentes;<br \/>b) Certid\u00e3o de Nascimento ou Casamento;<br \/>c) C\u00e9dula de Identidade \u2013 RG;<br \/>d) Cadastro de Pessoa F\u00edsica \u2013 CPF e situa\u00e7\u00e3o cadastral do CPF;<br \/>e) T\u00edtulo de Eleitor;<br \/>f) Comprovantes de vota\u00e7\u00e3o da \u00faltima elei\u00e7\u00e3o ou Certid\u00e3o de Quita\u00e7\u00e3o Eleitoral;<br \/>g) Certificado de Reservista ou Dispensa de Incorpora\u00e7\u00e3o, quando do sexo masculino (at\u00e9 45<br \/>anos);<br \/>h) Pesquisa ou extrato de participa\u00e7\u00e3o do PIS\/PASEP (PIS \u2013 Caixa Econ. Federal \/ PASEP \u2013 Banco<br \/>do Brasil) ou declara\u00e7\u00e3o de firma anterior, informando n\u00e3o haver feito o cadastro;<br \/>i) Comprovante de Resid\u00eancia (conta de consumo recente \u2013 \u00faltimos 90 dias: \u00e1gua, luz ou<br \/>telefone; contrato de aluguel vigente);<br \/>j) Comprovantes de escolaridade requeridos pelo cargo, conforme item 2.1 \u2013 Quadro 2, deste<br \/>Edital;<br \/>k) Comprovante de registro no Conselho Regional de Classe para profiss\u00f5es regulamentadas e<br \/>declara\u00e7\u00e3o de regularidade (quando exigido como requisito para o cargo);<br \/>l) Certid\u00e3o de Nascimento dos filhos menores;<br \/>m) Caderneta de Vacina\u00e7\u00e3o atualizada dos filhos menores de 5 (cinco) anos, se houver;<br \/>n) Comprovante de filhos incapazes;<br \/>o) Atestado de Antecedentes Criminais (Estadual e Federal);<br \/>p) Declara\u00e7\u00e3o de n\u00e3o acumula\u00e7\u00e3o de cargo p\u00fablico; ou declara\u00e7\u00e3o de acumula\u00e7\u00e3o de cargo<br \/>p\u00fablico, do \u00f3rg\u00e3o oficial com respectiva carga hor\u00e1ria, fun\u00e7\u00e3o e dias trabalhados, sujeita a<br \/>an\u00e1lise do setor jur\u00eddico;<br \/>q) Certid\u00e3o se \u00e9 ou j\u00e1 foi funcion\u00e1rio p\u00fablico nos \u00faltimos 5 (cinco) anos (Federal, Estadual ou<br \/>Municipal), seja como celetista, estatut\u00e1rio ou contratado comprovando que n\u00e3o foi punido<br \/>anteriormente com pena de demiss\u00e3o e\/ou n\u00e3o est\u00e1 respondendo a qualquer processo<br \/>administrativo que possa ensejar a sua demiss\u00e3o. Na hip\u00f3tese de ter sido punido com pena de<br \/>demiss\u00e3o ou estar respondendo processo administrativo, ser\u00e1 encaminhada para an\u00e1lise<br \/>jur\u00eddica.\u201d<\/p>\n\n\n\n<h3 class=\"wp-block-heading\" id=\"inscri\u00e7\u00f5es\">Inscri\u00e7\u00f5es<\/h3>\n\n\n\n<p>Para participar do concurso SME Ara\u00e7ariguama, os candidatos devem acessar os portal da Vunesp at\u00e9 o dia 23 de setembro de 2020. A taxa de inscri\u00e7\u00e3o foi fixada em R$ 54,50 para n\u00edvel m\u00e9dio e R$ 74,50 para superior.<\/p>\n\n\n\n<p><em><strong>Inscri\u00e7\u00e3o:&nbsp;<s>24\/08 a 23\/09<\/s>&nbsp;(per\u00edodo encerrado)<br \/>Taxa: R$ 54,50 \u2013 R$ 74,50<br \/>Prova: a definir (suspensas)<\/strong><\/em><\/p>\n\n\n\n<h3 class=\"wp-block-heading\" id=\"retifica\u00e7\u00e3o\">Retifica\u00e7\u00f5es<\/h3>\n\n\n\n<p><strong>O cap\u00edtulo 9 do edital foi retificado. Agora, depois de transcorrido o tempo m\u00ednimo de 60 minutos do hor\u00e1rio de in\u00edcio da prova, ou ao seu final, o candidato poder\u00e1 sair levando, apenas, a folha intermedi\u00e1ria de respostas da prova objetiva fornecida pela Funda\u00e7\u00e3o VUNESP.<\/strong><\/p>\n\n\n\n<p>Foi retirada uma vaga de ampla concorr\u00eancia do cargo de&nbsp;<strong>Professor de Ensino Fundamental I<\/strong>&nbsp;para coloc\u00e1-la nas vagas reservadas pessoas com defici\u00eancia. Sendo assim, s\u00e3o&nbsp;<strong>28 vagas para ampla concorr\u00eancia e 2 para pessoas com defici\u00eancia.<\/strong><\/p>\n\n\n\n<p>Agora o candidato que for concorrer ao cargo de<strong>&nbsp;Professor de Educa\u00e7\u00e3o F\u00edsica<\/strong>&nbsp;ter\u00e1 que apresentar Curso Superior de Educa\u00e7\u00e3o F\u00edsica e Registro no \u00d3rg\u00e3o de Classe.<\/p>\n\n\n\n<p>Para o cargo de Professor de Ingl\u00eas \u00e9 cobrado Licenciatura com habilita\u00e7\u00e3o espec\u00edfica em L\u00edngua Estrangeira Moderna \u2013 Ingl\u00eas. J\u00e1 para Professor de<br \/>Espanhol o \u00f3rg\u00e3o exige agora Licenciatura em Letras com Habilita\u00e7\u00e3o em Espanhol.<\/p>\n\n\n\n<p>Outra mudan\u00e7a foi feita nos requisitos para inscri\u00e7\u00e3o, anteriormente o candidato teria que possuir na data da posse a idade m\u00ednima de 18 (dezoito) anos e inferior a 75 (setenta e cinco) anos.<strong>&nbsp;Agora ter\u00e1 que ter na data da posse a idade m\u00ednima de 18 (dezoito) anos.<\/strong><\/p>\n\n\n\n<p><strong>As disciplinas tamb\u00e9m sofreram altera\u00e7\u00f5es. Confira no t\u00f3pico de provas.<\/strong><\/p>\n\n\n\n<h2 class=\"wp-block-heading\" id=\"carreira\">SME Ara\u00e7ariguama: Carreira<\/h2>\n\n\n\n<h3 class=\"wp-block-heading\" id=\"cargos\">Cargos e vagas<\/h3>\n\n\n\n<p><em>Confira abaixo as vagas e os cargos que s\u00e3o ofertados no concurso:<\/em><\/p>\n\n\n\n<ul class=\"wp-block-list\">\n<li>Professor de Educa\u00e7\u00e3o Infantil \u2013 23 + 1<\/li>\n\n\n\n<li>Professor de Ensino Fundamental I \u2013 28 + 2<\/li>\n\n\n\n<li>PEB II \u2013 Professor de Educa\u00e7\u00e3o F\u00edsica \u2013 01 vaga<\/li>\n\n\n\n<li>PEB II \u2013 Professor de Educa\u00e7\u00e3o Musical \u2013 01 vaga<\/li>\n\n\n\n<li>PEB II \u2013 Professor de Educa\u00e7\u00e3o Art\u00edstica \u2013 01 vaga<\/li>\n\n\n\n<li>PEB II \u2013 Professor de Matem\u00e1tica \u2013 01 vaga<\/li>\n\n\n\n<li>PEB II \u2013 Professor de L\u00edngua Portuguesa \u2013 01 vaga<\/li>\n\n\n\n<li>PEB II \u2013 Professor de Hist\u00f3ria \u2013 01 vaga<\/li>\n\n\n\n<li>PEB II \u2013 Professor de Geografia \u2013 01 vaga<\/li>\n\n\n\n<li>PEB II \u2013 Professor de Ingl\u00eas \u2013 01 vaga<\/li>\n\n\n\n<li>PEB II \u2013 Professor de Dan\u00e7a \u2013 01 vaga<\/li>\n\n\n\n<li>Assistente Educacional \u2013 13 + 1<\/li>\n\n\n\n<li>PEB II \u2013 Professor de Espanhol \u2013 01 vaga<\/li>\n\n\n\n<li>PEB II \u2013 Professor de Ci\u00eancias \u2013 01 vaga<\/li>\n<\/ul>\n\n\n\n<h3 class=\"wp-block-heading\" id=\"requisito\">Requisitos<\/h3>\n\n\n\n<p><strong>Professor de Educa\u00e7\u00e3o Infantil<\/strong><\/p>\n\n\n\n<ul class=\"wp-block-list\">\n<li>Licenciatura Plena em Pedagogia<\/li>\n<\/ul>\n\n\n\n<p><strong>Professor de Ensino Fundamental I&nbsp;&nbsp;&nbsp;<\/strong><\/p>\n\n\n\n<ul class=\"wp-block-list\">\n<li>Licenciatura Plena em Pedagogia<\/li>\n<\/ul>\n\n\n\n<p><strong>PEB II \u2013 Professor de Educa\u00e7\u00e3o F\u00edsica&nbsp;&nbsp;&nbsp;&nbsp;&nbsp;&nbsp;&nbsp;&nbsp;<\/strong><\/p>\n\n\n\n<ul class=\"wp-block-list\">\n<li>Curso Superior de Educa\u00e7\u00e3o F\u00edsica e Registro no \u00d3rg\u00e3o de Classe.<\/li>\n<\/ul>\n\n\n\n<p><strong>PEB II \u2013 Professor de Educa\u00e7\u00e3o Musical&nbsp;&nbsp;&nbsp;&nbsp;&nbsp;&nbsp;<\/strong><\/p>\n\n\n\n<ul class=\"wp-block-list\">\n<li>Licenciatura em M\u00fasica com habilita\u00e7\u00e3o em Educa\u00e7\u00e3o Musical<\/li>\n<\/ul>\n\n\n\n<p><strong>PEB II \u2013 Professor de Educa\u00e7\u00e3o Art\u00edstica&nbsp;&nbsp;&nbsp;&nbsp;<\/strong><\/p>\n\n\n\n<ul class=\"wp-block-list\">\n<li>Licenciatura em Educa\u00e7\u00e3o Art\u00edstica com habilita\u00e7\u00e3o em Artes Pl\u00e1sticas<\/li>\n<\/ul>\n\n\n\n<p><strong>PEB II \u2013 Professor de Matem\u00e1tica&nbsp;&nbsp;&nbsp;&nbsp;&nbsp;&nbsp;<\/strong><\/p>\n\n\n\n<ol class=\"wp-block-list\">\n<li>a) Gradua\u00e7\u00e3o Superior de Licenciatura Plena em Matem\u00e1tica, ou<\/li>\n\n\n\n<li>b) Licenciatura Plena em Ci\u00eancias com habilita\u00e7\u00e3o espec\u00edfica em Matem\u00e1tica<\/li>\n<\/ol>\n\n\n\n<p><strong>PEB II \u2013 Professor de L\u00edngua Portuguesa&nbsp;&nbsp;&nbsp;&nbsp;<\/strong><\/p>\n\n\n\n<ol class=\"wp-block-list\">\n<li>a) Gradua\u00e7\u00e3o Superior de Licenciatura Plena em Letras com habilita\u00e7\u00e3o espec\u00edfica em Portugu\u00eas, ou<\/li>\n\n\n\n<li>b) Licenciatura Plena em Portugu\u00eas<\/li>\n<\/ol>\n\n\n\n<p><strong>PEB II \u2013 Professor de Hist\u00f3ria&nbsp;&nbsp;<\/strong><\/p>\n\n\n\n<ol class=\"wp-block-list\">\n<li>a) Gradua\u00e7\u00e3o Superior de Licenciatura Plena em Hist\u00f3ria, ou<\/li>\n\n\n\n<li>b) Licenciatura Plena em Estudos Sociais com habilita\u00e7\u00e3o espec\u00edfica em Hist\u00f3ria<\/li>\n<\/ol>\n\n\n\n<p><strong>PEB II \u2013 Professor de Geografia&nbsp;&nbsp;&nbsp;&nbsp;&nbsp;&nbsp;&nbsp;&nbsp;&nbsp;<\/strong><\/p>\n\n\n\n<ol class=\"wp-block-list\">\n<li>a) Gradua\u00e7\u00e3o Superior de Licenciatura Plena em Geografia, ou<\/li>\n\n\n\n<li>b) Licenciatura Plena em Estudos Sociais com habilita\u00e7\u00e3o espec\u00edfica em Geografia<\/li>\n<\/ol>\n\n\n\n<p><strong>PEB II \u2013 Professor de Ingl\u00eas&nbsp;&nbsp;&nbsp;&nbsp;&nbsp;<\/strong><\/p>\n\n\n\n<ul class=\"wp-block-list\">\n<li>Licenciatura com habilita\u00e7\u00e3o espec\u00edfica em L\u00edngua Estrangeira Moderna \u2013 Ingl\u00eas<\/li>\n<\/ul>\n\n\n\n<p><strong>PEB II \u2013 Professor de Dan\u00e7a&nbsp;&nbsp;&nbsp;&nbsp;&nbsp;<\/strong><\/p>\n\n\n\n<ul class=\"wp-block-list\">\n<li>Licenciatura em Dan\u00e7a<\/li>\n<\/ul>\n\n\n\n<p><strong>PEB II \u2013 Professor de Espanhol<\/strong><\/p>\n\n\n\n<ul class=\"wp-block-list\">\n<li>Licenciatura em Letras com Habilita\u00e7\u00e3o em Espanhol<\/li>\n<\/ul>\n\n\n\n<p><strong>PEB II \u2013 Professor de Ci\u00eancias&nbsp;<\/strong><\/p>\n\n\n\n<ul class=\"wp-block-list\">\n<li>Superior completo em Ci\u00eancias<\/li>\n<\/ul>\n\n\n\n<p>PARA N\u00cdVEL M\u00c9DIO<\/p>\n\n\n\n<p><strong>Assistente Educacional&nbsp;&nbsp;<\/strong><\/p>\n\n\n\n<ul class=\"wp-block-list\">\n<li>Ensino M\u00e9dio Completo<\/li>\n<\/ul>\n\n\n\n<h3 class=\"wp-block-heading\" id=\"remuenra\u00e7\u00e3o\">Sal\u00e1rios e Benef\u00edcios<\/h3>\n\n\n\n<ul class=\"wp-block-list\">\n<li>PEB II \u2013 Professor de Espanhol \u2013&nbsp;<strong>R$ 3.723,97<\/strong><\/li>\n\n\n\n<li>PEB II \u2013 Professor de Ci\u00eancias \u2013&nbsp;<strong>R$ 3.723,97<\/strong><\/li>\n\n\n\n<li>Assistente Educacional \u2013&nbsp;<strong>R$ 1.344,64<\/strong><\/li>\n\n\n\n<li>PEB II \u2013 Professor de Educa\u00e7\u00e3o Art\u00edstica \u2013<strong>&nbsp;R$ 3.723,97<\/strong><\/li>\n\n\n\n<li>PEB II \u2013 Professor de Matem\u00e1tica \u2013&nbsp;<strong>R$ 3.723,97<\/strong><\/li>\n\n\n\n<li>PEB II \u2013 Professor de L\u00edngua Portuguesa \u2013&nbsp;<strong>R$ 3.723,97<\/strong><\/li>\n\n\n\n<li>PEB II \u2013 Professor de Hist\u00f3ria \u2013&nbsp;<strong>R$ 3.723,97<\/strong><\/li>\n\n\n\n<li>PEB II \u2013 Professor de Geografia \u2013&nbsp;<strong>R$ 3.723,97<\/strong><\/li>\n\n\n\n<li>PEB II \u2013 Professor de Ingl\u00eas \u2013&nbsp;<strong>R$ 3.723,97<\/strong><\/li>\n\n\n\n<li>PEB II \u2013 Professor de Dan\u00e7a \u2013&nbsp;<strong>R$ 3.723,97<\/strong><\/li>\n<\/ul>\n\n\n\n<h2 class=\"wp-block-heading\" id=\"prova\">SME Ara\u00e7ariguama: Etapas de provas<\/h2>\n\n\n\n<ul class=\"wp-block-list\">\n<li>Prova Objetiva<\/li>\n\n\n\n<li>Reda\u00e7\u00e3o<\/li>\n\n\n\n<li>Prova de T\u00edtulos<\/li>\n<\/ul>\n\n\n\n<h4 class=\"wp-block-heading\" id=\"objetiva\">Prova Objetiva<\/h4>\n\n\n\n<p>A prova objetiva do concurso SME Ara\u00e7ariguama, de car\u00e1ter eliminat\u00f3rio e classificat\u00f3rio, est\u00e1 prevista para acontecer nos dias 22 de novembro, 6 e 13 de dezembro de 2020.<\/p>\n\n\n\n<h4 class=\"wp-block-heading\">Assitente Educacional<\/h4>\n\n\n\n<ul class=\"wp-block-list\">\n<li>L\u00edngua portuguesa \u2013 15 quest\u00f5es<\/li>\n\n\n\n<li>Matem\u00e1tica- 10 quest\u00f5es<\/li>\n\n\n\n<li>Conhecimentos espec\u00edficos \u2013 10 quest\u00f5es<\/li>\n<\/ul>\n\n\n\n<p>Prova de reda\u00e7\u00e3o \u2013 L\u00edngua portuguesa<\/p>\n\n\n\n<h4 class=\"wp-block-heading\">Professor de ensino fundamental I<\/h4>\n\n\n\n<ul class=\"wp-block-list\">\n<li>L\u00edngua portuguesa \u2013 10 quest\u00f5es<\/li>\n\n\n\n<li>Conhecimento pedag\u00f3gicos e legisla\u00e7\u00e3o \u2013 10 quest\u00f5es<\/li>\n\n\n\n<li>Conhecimentos espec\u00edficos \u2013 15 quest\u00f5es<\/li>\n<\/ul>\n\n\n\n<p>Prova de reda\u00e7\u00e3o \u2013 l\u00edngua portuguesa<\/p>\n\n\n\n<p>Prova de t\u00edtulos<\/p>\n\n\n\n<h4 class=\"wp-block-heading\">Professor de educa\u00e7\u00e3o infantil<\/h4>\n\n\n\n<ul class=\"wp-block-list\">\n<li>L\u00edngua portuguesa \u2013 10 quest\u00f5es<\/li>\n\n\n\n<li>Matem\u00e1tica \u2013 10 quest\u00f5es<\/li>\n\n\n\n<li>Conhecimentos espec\u00edficos \u2013 15 quest\u00f5es<\/li>\n<\/ul>\n\n\n\n<p>Prova de reda\u00e7\u00e3o \u2013 l\u00edngua portuguesa<\/p>\n\n\n\n<p>Prova de t\u00edtulos<\/p>\n\n\n\n<h4 class=\"wp-block-heading\">Professor de educa\u00e7\u00e3o b\u00e1sica II \u2013 Matem\u00e1tica<\/h4>\n\n\n\n<ul class=\"wp-block-list\">\n<li>L\u00edngua portuguesa \u2013 05 quest\u00f5es<\/li>\n\n\n\n<li>Conhecimentos pedag\u00f3gicos e legisla\u00e7\u00e3o \u2013 10 quest\u00f5es<\/li>\n\n\n\n<li>Conhecimentos espec\u00edficos \u2013 20 quest\u00f5es<\/li>\n<\/ul>\n\n\n\n<p>Prova de reda\u00e7\u00e3o \u2013 l\u00edngua portuguesa<\/p>\n\n\n\n<p>Prova de t\u00edtulos<\/p>\n\n\n\n<h4 class=\"wp-block-heading\">Professor de educa\u00e7\u00e3o b\u00e1sica II \u2013 L\u00edngua portuguesa<\/h4>\n\n\n\n<ul class=\"wp-block-list\">\n<li>L\u00edngua portuguesa \u2013 05 quest\u00f5es<\/li>\n\n\n\n<li>Conhecimentos pedag\u00f3gicos e legisla\u00e7\u00e3o \u2013 10 quest\u00f5es<\/li>\n\n\n\n<li>Conhecimentos espec\u00edficos \u2013 20 quest\u00f5es<\/li>\n<\/ul>\n\n\n\n<p>Prova de reda\u00e7\u00e3o \u2013 l\u00edngua portuguesa<\/p>\n\n\n\n<p>Prova de t\u00edtulos<\/p>\n\n\n\n<h4 class=\"wp-block-heading\">Professor de educa\u00e7\u00e3o b\u00e1sica II \u2013 L\u00edngua inglesa<\/h4>\n\n\n\n<ul class=\"wp-block-list\">\n<li>L\u00edngua portuguesa \u2013 05 quest\u00f5es<\/li>\n\n\n\n<li>Conhecimentos pedag\u00f3gicos e legisla\u00e7\u00e3o \u2013 10 quest\u00f5es<\/li>\n\n\n\n<li>Conhecimentos espec\u00edficos \u2013 20 quest\u00f5es<\/li>\n<\/ul>\n\n\n\n<p>Prova de reda\u00e7\u00e3o \u2013 l\u00edngua portuguesa<\/p>\n\n\n\n<p>Prova de t\u00edtulos<\/p>\n\n\n\n<h4 class=\"wp-block-heading\">Professor de educa\u00e7\u00e3o b\u00e1sica II \u2013 Professor de Hist\u00f3ria<\/h4>\n\n\n\n<ul class=\"wp-block-list\">\n<li>L\u00edngua portuguesa \u2013 05 quest\u00f5es<\/li>\n\n\n\n<li>Conhecimentos pedag\u00f3gicos e legisla\u00e7\u00e3o \u2013 10 quest\u00f5es<\/li>\n\n\n\n<li>Conhecimentos espec\u00edficos \u2013 20 quest\u00f5es<\/li>\n<\/ul>\n\n\n\n<p>Prova de reda\u00e7\u00e3o \u2013 l\u00edngua portuguesa<\/p>\n\n\n\n<p>Prova de t\u00edtulos<\/p>\n\n\n\n<h4 class=\"wp-block-heading\">Professor de educa\u00e7\u00e3o b\u00e1sica II \u2013 Professor de Geografia<\/h4>\n\n\n\n<ul class=\"wp-block-list\">\n<li>L\u00edngua portuguesa \u2013 05 quest\u00f5es<\/li>\n\n\n\n<li>Conhecimentos pedag\u00f3gicos e legisla\u00e7\u00e3o \u2013 10 quest\u00f5es<\/li>\n\n\n\n<li>Conhecimentos espec\u00edficos \u2013 20 quest\u00f5es<\/li>\n<\/ul>\n\n\n\n<p>Prova de reda\u00e7\u00e3o \u2013 l\u00edngua portuguesa<\/p>\n\n\n\n<p>Prova de t\u00edtulos<\/p>\n\n\n\n<h4 class=\"wp-block-heading\">Professor de educa\u00e7\u00e3o b\u00e1sica II \u2013 Professor de Espanhol<\/h4>\n\n\n\n<ul class=\"wp-block-list\">\n<li>L\u00edngua portuguesa \u2013 05 quest\u00f5es<\/li>\n\n\n\n<li>Conhecimentos pedag\u00f3gicos e legisla\u00e7\u00e3o \u2013 10 quest\u00f5es<\/li>\n\n\n\n<li>Conhecimentos espec\u00edficos \u2013 20 quest\u00f5es<\/li>\n<\/ul>\n\n\n\n<p>Prova de reda\u00e7\u00e3o \u2013 l\u00edngua portuguesa<\/p>\n\n\n\n<p>Prova de t\u00edtulos<\/p>\n\n\n\n<h4 class=\"wp-block-heading\">Professor de educa\u00e7\u00e3o b\u00e1sica II \u2013 Professor de Educa\u00e7\u00e3o F\u00edsica<\/h4>\n\n\n\n<ul class=\"wp-block-list\">\n<li>L\u00edngua portuguesa \u2013 05 quest\u00f5es<\/li>\n\n\n\n<li>Conhecimentos pedag\u00f3gicos e legisla\u00e7\u00e3o \u2013 10 quest\u00f5es<\/li>\n\n\n\n<li>Conhecimentos espec\u00edficos \u2013 20 quest\u00f5es<\/li>\n<\/ul>\n\n\n\n<p>Prova de reda\u00e7\u00e3o \u2013 l\u00edngua portuguesa<\/p>\n\n\n\n<p>Prova de t\u00edtulos<\/p>\n\n\n\n<h4 class=\"wp-block-heading\">Professor de educa\u00e7\u00e3o b\u00e1sica II \u2013 Educa\u00e7\u00e3o Art\u00edstica<\/h4>\n\n\n\n<ul class=\"wp-block-list\">\n<li>L\u00edngua portuguesa \u2013 05 quest\u00f5es<\/li>\n\n\n\n<li>Conhecimentos pedag\u00f3gicos e legisla\u00e7\u00e3o \u2013 10 quest\u00f5es<\/li>\n\n\n\n<li>Conhecimentos espec\u00edficos \u2013 20 quest\u00f5es<\/li>\n<\/ul>\n\n\n\n<p>Prova de reda\u00e7\u00e3o \u2013 l\u00edngua portuguesa<\/p>\n\n\n\n<p>Prova de t\u00edtulos<\/p>\n\n\n\n<h4 class=\"wp-block-heading\">Professor de educa\u00e7\u00e3o b\u00e1sica II \u2013 Professor de Dan\u00e7a<\/h4>\n\n\n\n<ul class=\"wp-block-list\">\n<li>L\u00edngua portuguesa \u2013 05 quest\u00f5es<\/li>\n\n\n\n<li>Conhecimentos pedag\u00f3gicos e legisla\u00e7\u00e3o \u2013 10 quest\u00f5es<\/li>\n\n\n\n<li>Conhecimentos espec\u00edficos \u2013 20 quest\u00f5es<\/li>\n<\/ul>\n\n\n\n<p>Prova de reda\u00e7\u00e3o \u2013 l\u00edngua portuguesa<\/p>\n\n\n\n<p>Prova de t\u00edtulos<\/p>\n\n\n\n<h4 class=\"wp-block-heading\">Professor de educa\u00e7\u00e3o b\u00e1sica II \u2013 Professor de Ci\u00eancias<\/h4>\n\n\n\n<ul class=\"wp-block-list\">\n<li>L\u00edngua portuguesa \u2013 05 quest\u00f5es<\/li>\n\n\n\n<li>Conhecimentos pedag\u00f3gicos e legisla\u00e7\u00e3o \u2013 10 quest\u00f5es<\/li>\n\n\n\n<li>Conhecimentos espec\u00edficos \u2013 20 quest\u00f5es<\/li>\n<\/ul>\n\n\n\n<p>Prova de reda\u00e7\u00e3o \u2013 l\u00edngua portuguesa<\/p>\n\n\n\n<p>Prova de t\u00edtulos<\/p>\n\n\n\n<h3 class=\"wp-block-heading\" id=\"t\u00edtulo\">Prova de T\u00edtulos<\/h3>\n\n\n\n<p>A<strong>&nbsp;Prova de T\u00edtulos<\/strong>&nbsp;do concurso SME Ara\u00e7ariguama ser\u00e1 aplicada em car\u00e1ter apenas classificat\u00f3rios e somente para os candidatos de n\u00edvel superior que forem aprovados na primeira etapa.<\/p>\n\n\n\n<p class=\"has-text-align-center has-light-green-cyan-background-color has-background\"><strong><em>Mais informa\u00e7\u00f5es: <a href=\"https:\/\/www.estrategiaconcursos.com.br\/blog\/concurso-sme-aracariguama\/\" target=\"_blank\" rel=\"noreferrer noopener\">concurso Ara\u00e7ariguama<\/a><\/em><\/strong><\/p>\n\n\n\n<h2 class=\"wp-block-heading has-text-align-center\" id=\"cursos-assinatura\"><strong><em>Quer estudar para o concurso?<\/em><\/strong><\/h2>\n\n\n\n<p class=\"has-text-align-center\"><em>Gostou desta oportunidade e deseja come\u00e7ar se preparar agora mesmo? Ent\u00e3o, confira os nossos cursos e n\u00e3o perca tempo!<\/em><\/p>\n\n\n\n<div class=\"col-sm\">\n      <div class=\"banner-estrategia\" id=\"box-assinatura\">\n        <h3 class=\"titulo-assinatura\">Cursos para SME Ara\u00e7ariguama<\/h3>\n        <p class=\"subtitulo-assinatura\">Conhe\u00e7a os cursos<\/p>\n        <div class=\"box-botao\">\n          <a class=\"btn-assinatura\" target=\"_blank\" href=\"https:\/\/www.estrategiaconcursos.com.br\/cursosPorConcurso\/prefeitura-municipal-de-aracariguama-sp\/\" role=\"button\" rel=\"noopener noreferrer\">Conhe\u00e7a mais<\/a>\n        <\/div>\n      <\/div>\n      <p class=\"texto-auxiliar\">Prepare-se com o melhor material e com quem mais aprova em Concursos P\u00fablicos em todo o pa\u00eds.<\/p>\n    <\/div>\n\n\n\n<div class=\"container\" id=\"boxes\">\n  <div class=\"row\">\n\n    <div class=\"col-sm\">\n      <div class=\"estrategia\" id=\"box-assinatura\">\n        <h3 class=\"titulo-assinatura\">Assinatura Ilimitada<\/h3>\n        <p class=\"subtitulo-assinatura\">Assinatura Anual Ilimitada*<\/p>\n        <div class=\"box-botao\">\n          <a class=\"btn-assinatura\" target=\"_blank\" href=\"https:\/\/www.estrategiaconcursos.com.br\/assinaturas\/\" role=\"button\" rel=\"noopener noreferrer\">ASSINE AGORA<\/a>\n        <\/div>\n      <\/div>\n      <p class=\"texto-auxiliar\">Prepare-se com o melhor material e com quem mais aprova em Concursos P\u00fablicos em todo o pa\u00eds. Assine agora a nossa Assinatura Anual e tenha acesso ilimitado* a todos os nossos cursos.<\/p>\n    <\/div>\n\n    <div class=\"col-sm\">\n      <div class=\"questoes\" id=\"box-assinatura\">\n        <h3 class=\"titulo-assinatura\">Sistema de Quest\u00f5es<\/h3>\n        <p class=\"subtitulo-assinatura\">Assinatura Ilimitada*\n<\/p>\n        <div class=\"box-botao\">\n          <a class=\"btn-assinatura\" target=\"_blank\" href=\"https:\/\/www.estrategiaconcursos.com.br\/cursosPorConcurso\/sistema-de-questoes\/#\/\" role=\"button\" rel=\"noopener noreferrer\">ASSINE AGORA<\/a>\n        <\/div>\n      <\/div>\n      <p class=\"texto-auxiliar\">Estrat\u00e9gia Quest\u00f5es nasceu maior do que todos os concorrentes, com mais quest\u00f5es cadastradas e mais solu\u00e7\u00f5es por professores. Clique no link e aproveite os descontos e b\u00f4nus imperd\u00edveis!<\/p>\n    <\/div>\n  <\/div>\n<\/div>\n\n\n\n<figure class=\"wp-block-image\"><img loading=\"lazy\" decoding=\"async\" width=\"300\" height=\"102\" src=\"https:\/\/dhg1h5j42swfq.cloudfront.net\/2019\/05\/27120444\/coruja-ficha-tecnica-300x1024.png\" alt=\"concurso SME ara\u00e7ariguama\" class=\"wp-image-378638\"\/><\/figure>\n\n\n\n<h3 class=\"wp-block-heading\" id=\"ficha\"><strong>\u2666 Informa\u00e7\u00f5es do concurso<\/strong> SME Ara\u00e7ariguama<\/h3>\n\n\n\n<p><strong>\u25baVagas:&nbsp;<\/strong>79<br \/><strong>\u25baCargo:&nbsp;<\/strong>Professor<br \/><strong>\u25baRequisito:&nbsp;<\/strong>N\u00edvel m\u00e9dio e superior<br \/><strong>\u25baBanca:&nbsp;<\/strong><a href=\"https:\/\/www.vunesp.com.br\/PAGM1902\">VUNESP<\/a><br \/>\u25ba<strong>Edital:<\/strong> <a rel=\"noreferrer noopener\" href=\"https:\/\/dhg1h5j42swfq.cloudfront.net\/2020\/08\/24092127\/edital-ara%C3%A7ariguama.pdf\" target=\"_blank\">Edital 2020<\/a><br \/><a rel=\"noreferrer noopener\" href=\"https:\/\/documento.vunesp.com.br\/documento\/stream\/MTY5Mzg1MA%3d%3d\" target=\"_blank\">Retifica\u00e7\u00e3o<\/a><br \/><a rel=\"noreferrer noopener\" href=\"https:\/\/documento.vunesp.com.br\/documento\/stream\/MTY5MjgyNg%3d%3d\" target=\"_blank\">Extrato do edital \u2013 Prefeitura de Ara\u00e7ariguama \u2013 SP<\/a><\/p>\n","protected":false},"excerpt":{"rendered":"<p>79 Vagas para Professor e Assistente Foi publicado no endere\u00e7o eletr\u00f4nico da Funda\u00e7\u00e3o Vunesp, no dia 19 de novembro, um comunicado suspendendo a realiza\u00e7\u00e3o de todas as provas objetivas do concurso SME Ara\u00e7ariguama. A suspens\u00e3o se deu ap\u00f3s a divulga\u00e7\u00e3o da lista dos candidatos convocados para a realiza\u00e7\u00e3o da primeira prova objetiva, que seria realizada [&hellip;]<\/p>\n","protected":false},"author":741,"featured_media":569225,"comment_status":"open","ping_status":"closed","sticky":false,"template":"","format":"standard","meta":{"post_tipo":"article","footnotes":""},"categories":[3766],"tags":[],"tax_estado":[],"class_list":["post-559702","post","type-post","status-publish","format-standard","has-post-thumbnail","hentry","category-educacional"],"acf":[],"yoast_head":"<!-- This site is optimized with the Yoast SEO Premium plugin v27.2 (Yoast SEO v27.2) - https:\/\/yoast.com\/product\/yoast-seo-premium-wordpress\/ -->\n<title>SME Ara\u00e7ariguama: todas as provas objetivas est\u00e3o suspensas!<\/title>\n<meta name=\"description\" content=\"As inscri\u00e7\u00f5es do concurso SME Ara\u00e7ariguama est\u00e3o encerradas. Candidatos convocados para a prova objetiva do dia 22 de novembro.\" \/>\n<meta name=\"robots\" content=\"index, follow, max-snippet:-1, max-image-preview:large, max-video-preview:-1\" \/>\n<link rel=\"canonical\" href=\"https:\/\/www.estrategiaconcursos.com.br\/blog\/sme-aracariguama-edital-publicado\/\" \/>\n<meta property=\"og:locale\" content=\"pt_BR\" \/>\n<meta property=\"og:type\" content=\"article\" \/>\n<meta property=\"og:title\" content=\"SME Ara\u00e7ariguama: todas as provas objetivas est\u00e3o suspensas!\" \/>\n<meta property=\"og:description\" content=\"As inscri\u00e7\u00f5es do concurso SME Ara\u00e7ariguama est\u00e3o encerradas. Candidatos convocados para a prova objetiva do dia 22 de novembro.\" \/>\n<meta property=\"og:url\" content=\"https:\/\/www.estrategiaconcursos.com.br\/blog\/sme-aracariguama-edital-publicado\/\" \/>\n<meta property=\"og:site_name\" content=\"Estrat\u00e9gia Concursos\" \/>\n<meta property=\"article:published_time\" content=\"2020-11-20T03:15:00+00:00\" \/>\n<meta property=\"article:modified_time\" content=\"2023-07-07T18:46:46+00:00\" \/>\n<meta property=\"og:image\" content=\"https:\/\/dhg1h5j42swfq.cloudfront.net\/2020\/09\/09085127\/prefeitura-de-ara%C3%A7ariguama.png\" \/>\n\t<meta property=\"og:image:width\" content=\"400\" \/>\n\t<meta property=\"og:image:height\" content=\"208\" \/>\n\t<meta property=\"og:image:type\" content=\"image\/png\" \/>\n<meta name=\"author\" content=\"Brunno Lima\" \/>\n<meta name=\"twitter:card\" content=\"summary_large_image\" \/>\n<meta name=\"twitter:creator\" content=\"@EstratConcursos\" \/>\n<meta name=\"twitter:site\" content=\"@EstratConcursos\" \/>\n<meta name=\"twitter:label1\" content=\"Escrito por\" \/>\n\t<meta name=\"twitter:data1\" content=\"Brunno Lima\" \/>\n\t<meta name=\"twitter:label2\" content=\"Est. tempo de leitura\" \/>\n\t<meta name=\"twitter:data2\" content=\"11 minutos\" \/>\n<script type=\"application\/ld+json\" class=\"yoast-schema-graph\">{\"@context\":\"https:\/\/schema.org\",\"@graph\":[{\"@type\":\"NewsArticle\",\"@id\":\"https:\/\/www.estrategiaconcursos.com.br\/blog\/sme-aracariguama-edital-publicado\/#article\",\"isPartOf\":{\"@id\":\"https:\/\/www.estrategiaconcursos.com.br\/blog\/sme-aracariguama-edital-publicado\/\"},\"author\":{\"name\":\"Brunno Lima\",\"@id\":\"https:\/\/www.estrategiaconcursos.com.br\/blog\/#\/schema\/person\/2865ec132c3404c9912015dd7a24eb1e\"},\"headline\":\"SME Ara\u00e7ariguama: todas as provas objetivas est\u00e3o suspensas!\",\"datePublished\":\"2020-11-20T03:15:00+00:00\",\"dateModified\":\"2023-07-07T18:46:46+00:00\",\"mainEntityOfPage\":{\"@id\":\"https:\/\/www.estrategiaconcursos.com.br\/blog\/sme-aracariguama-edital-publicado\/\"},\"wordCount\":2219,\"commentCount\":0,\"publisher\":{\"@id\":\"https:\/\/www.estrategiaconcursos.com.br\/blog\/#organization\"},\"image\":{\"@id\":\"https:\/\/www.estrategiaconcursos.com.br\/blog\/sme-aracariguama-edital-publicado\/#primaryimage\"},\"thumbnailUrl\":\"https:\/\/dhg1h5j42swfq.cloudfront.net\/2020\/09\/09085127\/prefeitura-de-ara%C3%A7ariguama.png\",\"articleSection\":[\"Educa\u00e7\u00e3o\"],\"inLanguage\":\"pt-BR\",\"potentialAction\":[{\"@type\":\"CommentAction\",\"name\":\"Comment\",\"target\":[\"https:\/\/www.estrategiaconcursos.com.br\/blog\/sme-aracariguama-edital-publicado\/#respond\"]}],\"copyrightYear\":\"2020\",\"copyrightHolder\":{\"@id\":\"https:\/\/www.estrategiaconcursos.com.br\/blog\/#organization\"}},{\"@type\":\"WebPage\",\"@id\":\"https:\/\/www.estrategiaconcursos.com.br\/blog\/sme-aracariguama-edital-publicado\/\",\"url\":\"https:\/\/www.estrategiaconcursos.com.br\/blog\/sme-aracariguama-edital-publicado\/\",\"name\":\"SME Ara\u00e7ariguama: todas as provas objetivas est\u00e3o suspensas!\",\"isPartOf\":{\"@id\":\"https:\/\/www.estrategiaconcursos.com.br\/blog\/#website\"},\"primaryImageOfPage\":{\"@id\":\"https:\/\/www.estrategiaconcursos.com.br\/blog\/sme-aracariguama-edital-publicado\/#primaryimage\"},\"image\":{\"@id\":\"https:\/\/www.estrategiaconcursos.com.br\/blog\/sme-aracariguama-edital-publicado\/#primaryimage\"},\"thumbnailUrl\":\"https:\/\/dhg1h5j42swfq.cloudfront.net\/2020\/09\/09085127\/prefeitura-de-ara%C3%A7ariguama.png\",\"datePublished\":\"2020-11-20T03:15:00+00:00\",\"dateModified\":\"2023-07-07T18:46:46+00:00\",\"description\":\"As inscri\u00e7\u00f5es do concurso SME Ara\u00e7ariguama est\u00e3o encerradas. Candidatos convocados para a prova objetiva do dia 22 de novembro.\",\"breadcrumb\":{\"@id\":\"https:\/\/www.estrategiaconcursos.com.br\/blog\/sme-aracariguama-edital-publicado\/#breadcrumb\"},\"inLanguage\":\"pt-BR\",\"potentialAction\":[{\"@type\":\"ReadAction\",\"target\":[\"https:\/\/www.estrategiaconcursos.com.br\/blog\/sme-aracariguama-edital-publicado\/\"]}]},{\"@type\":\"ImageObject\",\"inLanguage\":\"pt-BR\",\"@id\":\"https:\/\/www.estrategiaconcursos.com.br\/blog\/sme-aracariguama-edital-publicado\/#primaryimage\",\"url\":\"https:\/\/dhg1h5j42swfq.cloudfront.net\/2020\/09\/09085127\/prefeitura-de-ara%C3%A7ariguama.png\",\"contentUrl\":\"https:\/\/dhg1h5j42swfq.cloudfront.net\/2020\/09\/09085127\/prefeitura-de-ara%C3%A7ariguama.png\",\"width\":400,\"height\":208,\"caption\":\"prefeitura de ara\u00e7ariguama\"},{\"@type\":\"BreadcrumbList\",\"@id\":\"https:\/\/www.estrategiaconcursos.com.br\/blog\/sme-aracariguama-edital-publicado\/#breadcrumb\",\"itemListElement\":[{\"@type\":\"ListItem\",\"position\":1,\"name\":\"In\u00edcio\",\"item\":\"https:\/\/www.estrategiaconcursos.com.br\/blog\/\"},{\"@type\":\"ListItem\",\"position\":2,\"name\":\"SME Ara\u00e7ariguama: todas as provas objetivas est\u00e3o suspensas!\"}]},{\"@type\":\"WebSite\",\"@id\":\"https:\/\/www.estrategiaconcursos.com.br\/blog\/#website\",\"url\":\"https:\/\/www.estrategiaconcursos.com.br\/blog\/\",\"name\":\"Estrat\u00e9gia Concursos\",\"description\":\"O blog da Estrat\u00e9gia Concursos traz not\u00edcias sobre concursos e artigos de professores oferecendo cursos para concursos (pdf + videaulas) no site.\",\"publisher\":{\"@id\":\"https:\/\/www.estrategiaconcursos.com.br\/blog\/#organization\"},\"potentialAction\":[{\"@type\":\"SearchAction\",\"target\":{\"@type\":\"EntryPoint\",\"urlTemplate\":\"https:\/\/www.estrategiaconcursos.com.br\/blog\/?s={search_term_string}\"},\"query-input\":{\"@type\":\"PropertyValueSpecification\",\"valueRequired\":true,\"valueName\":\"search_term_string\"}}],\"inLanguage\":\"pt-BR\"},{\"@type\":\"Organization\",\"@id\":\"https:\/\/www.estrategiaconcursos.com.br\/blog\/#organization\",\"name\":\"Estrat\u00e9gia Concursos\",\"url\":\"https:\/\/www.estrategiaconcursos.com.br\/blog\/\",\"logo\":{\"@type\":\"ImageObject\",\"inLanguage\":\"pt-BR\",\"@id\":\"https:\/\/www.estrategiaconcursos.com.br\/blog\/#\/schema\/logo\/image\/\",\"url\":\"https:\/\/dhg1h5j42swfq.cloudfront.net\/2025\/06\/03203428\/logo_concursos-1.jpg\",\"contentUrl\":\"https:\/\/dhg1h5j42swfq.cloudfront.net\/2025\/06\/03203428\/logo_concursos-1.jpg\",\"width\":230,\"height\":60,\"caption\":\"Estrat\u00e9gia Concursos\"},\"image\":{\"@id\":\"https:\/\/www.estrategiaconcursos.com.br\/blog\/#\/schema\/logo\/image\/\"},\"sameAs\":[\"https:\/\/x.com\/EstratConcursos\"]},{\"@type\":\"Person\",\"@id\":\"https:\/\/www.estrategiaconcursos.com.br\/blog\/#\/schema\/person\/2865ec132c3404c9912015dd7a24eb1e\",\"name\":\"Brunno Lima\",\"image\":{\"@type\":\"ImageObject\",\"inLanguage\":\"pt-BR\",\"@id\":\"https:\/\/secure.gravatar.com\/avatar\/d40b472e5e2856222d4a4a1c3ee2189ed7d7a9f67dc3343b880cc1889a7bd6af?s=96&d=mm&r=g\",\"url\":\"https:\/\/secure.gravatar.com\/avatar\/d40b472e5e2856222d4a4a1c3ee2189ed7d7a9f67dc3343b880cc1889a7bd6af?s=96&d=mm&r=g\",\"contentUrl\":\"https:\/\/secure.gravatar.com\/avatar\/d40b472e5e2856222d4a4a1c3ee2189ed7d7a9f67dc3343b880cc1889a7bd6af?s=96&d=mm&r=g\",\"caption\":\"Brunno Lima\"},\"url\":\"https:\/\/www.estrategiaconcursos.com.br\/blog\/author\/brunnoestrategiaconcursos-com-br\/\"}]}<\/script>\n<!-- \/ Yoast SEO Premium plugin. -->","yoast_head_json":{"title":"SME Ara\u00e7ariguama: todas as provas objetivas est\u00e3o suspensas!","description":"As inscri\u00e7\u00f5es do concurso SME Ara\u00e7ariguama est\u00e3o encerradas. Candidatos convocados para a prova objetiva do dia 22 de novembro.","robots":{"index":"index","follow":"follow","max-snippet":"max-snippet:-1","max-image-preview":"max-image-preview:large","max-video-preview":"max-video-preview:-1"},"canonical":"https:\/\/www.estrategiaconcursos.com.br\/blog\/sme-aracariguama-edital-publicado\/","og_locale":"pt_BR","og_type":"article","og_title":"SME Ara\u00e7ariguama: todas as provas objetivas est\u00e3o suspensas!","og_description":"As inscri\u00e7\u00f5es do concurso SME Ara\u00e7ariguama est\u00e3o encerradas. Candidatos convocados para a prova objetiva do dia 22 de novembro.","og_url":"https:\/\/www.estrategiaconcursos.com.br\/blog\/sme-aracariguama-edital-publicado\/","og_site_name":"Estrat\u00e9gia Concursos","article_published_time":"2020-11-20T03:15:00+00:00","article_modified_time":"2023-07-07T18:46:46+00:00","og_image":[{"width":400,"height":208,"url":"https:\/\/dhg1h5j42swfq.cloudfront.net\/2020\/09\/09085127\/prefeitura-de-ara%C3%A7ariguama.png","type":"image\/png"}],"author":"Brunno Lima","twitter_card":"summary_large_image","twitter_creator":"@EstratConcursos","twitter_site":"@EstratConcursos","twitter_misc":{"Escrito por":"Brunno Lima","Est. tempo de leitura":"11 minutos"},"schema":{"@context":"https:\/\/schema.org","@graph":[{"@type":"NewsArticle","@id":"https:\/\/www.estrategiaconcursos.com.br\/blog\/sme-aracariguama-edital-publicado\/#article","isPartOf":{"@id":"https:\/\/www.estrategiaconcursos.com.br\/blog\/sme-aracariguama-edital-publicado\/"},"author":{"name":"Brunno Lima","@id":"https:\/\/www.estrategiaconcursos.com.br\/blog\/#\/schema\/person\/2865ec132c3404c9912015dd7a24eb1e"},"headline":"SME Ara\u00e7ariguama: todas as provas objetivas est\u00e3o suspensas!","datePublished":"2020-11-20T03:15:00+00:00","dateModified":"2023-07-07T18:46:46+00:00","mainEntityOfPage":{"@id":"https:\/\/www.estrategiaconcursos.com.br\/blog\/sme-aracariguama-edital-publicado\/"},"wordCount":2219,"commentCount":0,"publisher":{"@id":"https:\/\/www.estrategiaconcursos.com.br\/blog\/#organization"},"image":{"@id":"https:\/\/www.estrategiaconcursos.com.br\/blog\/sme-aracariguama-edital-publicado\/#primaryimage"},"thumbnailUrl":"https:\/\/dhg1h5j42swfq.cloudfront.net\/2020\/09\/09085127\/prefeitura-de-ara%C3%A7ariguama.png","articleSection":["Educa\u00e7\u00e3o"],"inLanguage":"pt-BR","potentialAction":[{"@type":"CommentAction","name":"Comment","target":["https:\/\/www.estrategiaconcursos.com.br\/blog\/sme-aracariguama-edital-publicado\/#respond"]}],"copyrightYear":"2020","copyrightHolder":{"@id":"https:\/\/www.estrategiaconcursos.com.br\/blog\/#organization"}},{"@type":"WebPage","@id":"https:\/\/www.estrategiaconcursos.com.br\/blog\/sme-aracariguama-edital-publicado\/","url":"https:\/\/www.estrategiaconcursos.com.br\/blog\/sme-aracariguama-edital-publicado\/","name":"SME Ara\u00e7ariguama: todas as provas objetivas est\u00e3o suspensas!","isPartOf":{"@id":"https:\/\/www.estrategiaconcursos.com.br\/blog\/#website"},"primaryImageOfPage":{"@id":"https:\/\/www.estrategiaconcursos.com.br\/blog\/sme-aracariguama-edital-publicado\/#primaryimage"},"image":{"@id":"https:\/\/www.estrategiaconcursos.com.br\/blog\/sme-aracariguama-edital-publicado\/#primaryimage"},"thumbnailUrl":"https:\/\/dhg1h5j42swfq.cloudfront.net\/2020\/09\/09085127\/prefeitura-de-ara%C3%A7ariguama.png","datePublished":"2020-11-20T03:15:00+00:00","dateModified":"2023-07-07T18:46:46+00:00","description":"As inscri\u00e7\u00f5es do concurso SME Ara\u00e7ariguama est\u00e3o encerradas. Candidatos convocados para a prova objetiva do dia 22 de novembro.","breadcrumb":{"@id":"https:\/\/www.estrategiaconcursos.com.br\/blog\/sme-aracariguama-edital-publicado\/#breadcrumb"},"inLanguage":"pt-BR","potentialAction":[{"@type":"ReadAction","target":["https:\/\/www.estrategiaconcursos.com.br\/blog\/sme-aracariguama-edital-publicado\/"]}]},{"@type":"ImageObject","inLanguage":"pt-BR","@id":"https:\/\/www.estrategiaconcursos.com.br\/blog\/sme-aracariguama-edital-publicado\/#primaryimage","url":"https:\/\/dhg1h5j42swfq.cloudfront.net\/2020\/09\/09085127\/prefeitura-de-ara%C3%A7ariguama.png","contentUrl":"https:\/\/dhg1h5j42swfq.cloudfront.net\/2020\/09\/09085127\/prefeitura-de-ara%C3%A7ariguama.png","width":400,"height":208,"caption":"prefeitura de ara\u00e7ariguama"},{"@type":"BreadcrumbList","@id":"https:\/\/www.estrategiaconcursos.com.br\/blog\/sme-aracariguama-edital-publicado\/#breadcrumb","itemListElement":[{"@type":"ListItem","position":1,"name":"In\u00edcio","item":"https:\/\/www.estrategiaconcursos.com.br\/blog\/"},{"@type":"ListItem","position":2,"name":"SME Ara\u00e7ariguama: todas as provas objetivas est\u00e3o suspensas!"}]},{"@type":"WebSite","@id":"https:\/\/www.estrategiaconcursos.com.br\/blog\/#website","url":"https:\/\/www.estrategiaconcursos.com.br\/blog\/","name":"Estrat\u00e9gia Concursos","description":"O blog da Estrat\u00e9gia Concursos traz not\u00edcias sobre concursos e artigos de professores oferecendo cursos para concursos (pdf + videaulas) no site.","publisher":{"@id":"https:\/\/www.estrategiaconcursos.com.br\/blog\/#organization"},"potentialAction":[{"@type":"SearchAction","target":{"@type":"EntryPoint","urlTemplate":"https:\/\/www.estrategiaconcursos.com.br\/blog\/?s={search_term_string}"},"query-input":{"@type":"PropertyValueSpecification","valueRequired":true,"valueName":"search_term_string"}}],"inLanguage":"pt-BR"},{"@type":"Organization","@id":"https:\/\/www.estrategiaconcursos.com.br\/blog\/#organization","name":"Estrat\u00e9gia Concursos","url":"https:\/\/www.estrategiaconcursos.com.br\/blog\/","logo":{"@type":"ImageObject","inLanguage":"pt-BR","@id":"https:\/\/www.estrategiaconcursos.com.br\/blog\/#\/schema\/logo\/image\/","url":"https:\/\/dhg1h5j42swfq.cloudfront.net\/2025\/06\/03203428\/logo_concursos-1.jpg","contentUrl":"https:\/\/dhg1h5j42swfq.cloudfront.net\/2025\/06\/03203428\/logo_concursos-1.jpg","width":230,"height":60,"caption":"Estrat\u00e9gia Concursos"},"image":{"@id":"https:\/\/www.estrategiaconcursos.com.br\/blog\/#\/schema\/logo\/image\/"},"sameAs":["https:\/\/x.com\/EstratConcursos"]},{"@type":"Person","@id":"https:\/\/www.estrategiaconcursos.com.br\/blog\/#\/schema\/person\/2865ec132c3404c9912015dd7a24eb1e","name":"Brunno Lima","image":{"@type":"ImageObject","inLanguage":"pt-BR","@id":"https:\/\/secure.gravatar.com\/avatar\/d40b472e5e2856222d4a4a1c3ee2189ed7d7a9f67dc3343b880cc1889a7bd6af?s=96&d=mm&r=g","url":"https:\/\/secure.gravatar.com\/avatar\/d40b472e5e2856222d4a4a1c3ee2189ed7d7a9f67dc3343b880cc1889a7bd6af?s=96&d=mm&r=g","contentUrl":"https:\/\/secure.gravatar.com\/avatar\/d40b472e5e2856222d4a4a1c3ee2189ed7d7a9f67dc3343b880cc1889a7bd6af?s=96&d=mm&r=g","caption":"Brunno Lima"},"url":"https:\/\/www.estrategiaconcursos.com.br\/blog\/author\/brunnoestrategiaconcursos-com-br\/"}]}},"_links":{"self":[{"href":"https:\/\/www.estrategiaconcursos.com.br\/blog\/wp-json\/wp\/v2\/posts\/559702","targetHints":{"allow":["GET"]}}],"collection":[{"href":"https:\/\/www.estrategiaconcursos.com.br\/blog\/wp-json\/wp\/v2\/posts"}],"about":[{"href":"https:\/\/www.estrategiaconcursos.com.br\/blog\/wp-json\/wp\/v2\/types\/post"}],"author":[{"embeddable":true,"href":"https:\/\/www.estrategiaconcursos.com.br\/blog\/wp-json\/wp\/v2\/users\/741"}],"replies":[{"embeddable":true,"href":"https:\/\/www.estrategiaconcursos.com.br\/blog\/wp-json\/wp\/v2\/comments?post=559702"}],"version-history":[{"count":23,"href":"https:\/\/www.estrategiaconcursos.com.br\/blog\/wp-json\/wp\/v2\/posts\/559702\/revisions"}],"predecessor-version":[{"id":1245172,"href":"https:\/\/www.estrategiaconcursos.com.br\/blog\/wp-json\/wp\/v2\/posts\/559702\/revisions\/1245172"}],"wp:featuredmedia":[{"embeddable":true,"href":"https:\/\/www.estrategiaconcursos.com.br\/blog\/wp-json\/wp\/v2\/media\/569225"}],"wp:attachment":[{"href":"https:\/\/www.estrategiaconcursos.com.br\/blog\/wp-json\/wp\/v2\/media?parent=559702"}],"wp:term":[{"taxonomy":"category","embeddable":true,"href":"https:\/\/www.estrategiaconcursos.com.br\/blog\/wp-json\/wp\/v2\/categories?post=559702"},{"taxonomy":"post_tag","embeddable":true,"href":"https:\/\/www.estrategiaconcursos.com.br\/blog\/wp-json\/wp\/v2\/tags?post=559702"},{"taxonomy":"tax_estado","embeddable":true,"href":"https:\/\/www.estrategiaconcursos.com.br\/blog\/wp-json\/wp\/v2\/tax_estado?post=559702"}],"curies":[{"name":"wp","href":"https:\/\/api.w.org\/{rel}","templated":true}]}}