{"id":55955,"date":"2017-01-31T10:24:55","date_gmt":"2017-01-31T13:24:55","guid":{"rendered":"https:\/\/www.estrategiaconcursos.com.br\/blog\/?p=55955"},"modified":"2018-09-21T17:08:48","modified_gmt":"2018-09-21T20:08:48","slug":"raciocinio-logico-trf-2-rj-es-entenda-o-edital","status":"publish","type":"post","link":"https:\/\/www.estrategiaconcursos.com.br\/blog\/raciocinio-logico-trf-2-rj-es-entenda-o-edital\/","title":{"rendered":"Racioc\u00ednio L\u00f3gico TRF 2\u00a0&#8211; prova recent\u00edssima (2017) da CONSULPLAN resolvida!"},"content":{"rendered":"<h2 style=\"text-align: justify;\">Veja tamb\u00e9m\u00a0como a CONSULPLAN repete modelos de quest\u00e3o!<\/h2>\n<p style=\"text-align: justify;\">Desde que foi definida a banca CONSULPLAN para o concurso do TRF 2 eu venho resolvendo um grande volume de quest\u00f5es da banca para disponibilizar nos meus cursos e, claro, para ficar mais por dentro das tend\u00eancias desta banca em seus \u00faltimos concursos. Gostaria de compartilhar com voc\u00eas algo que eu tenho me deparado bastante: a repeti\u00e7\u00e3o de modelos de quest\u00e3o. Vale dizer que isto n\u00e3o \u00e9 uma exclusividade da CONSULPLAN. Pelo contr\u00e1rio, \u00e9 praticamente uma regra: as bancas frequentemente repetem modelos de quest\u00e3o j\u00e1 cobrados anteriormente. Se quiser ver um artigo onde eu mostro <span style=\"text-decoration: underline; color: #0000ff;\"><strong><a style=\"color: #0000ff; text-decoration: underline;\" href=\"https:\/\/www.estrategiaconcursos.com.br\/blog\/6-questoes-fgv-muito-similares-resolvidas\/\" target=\"_blank\" rel=\"noopener\">5 quest\u00f5es da banca FGV muito similares entre si, clique aqui<\/a><\/strong><\/span>.<\/p>\n<p style=\"text-align: justify;\">Repare que as duas quest\u00f5es s\u00e3o muito similares. A mudan\u00e7a mais importante \u00e9 nos n\u00fameros: no primeiro caso a fam\u00edlia consome o volume de \u00e1gua em uma semana, no segundo s\u00e3o necess\u00e1rios 15 dias. No primeiro n\u00f3s queremos saber o consumo em 63 dias, no segundo queremos o consumo em 120 dias. De qualquer forma, a &#8220;receita de bolo&#8221; para a resolu\u00e7\u00e3o \u00e9 id\u00eantica! Ou seja, caso voc\u00ea tivesse resolvido a primeira quest\u00e3o em seu material de prepara\u00e7\u00e3o, e a segunda aparecesse na sua prova, voc\u00ea teria ENORMES chances de acert\u00e1-la com rapidez e seguran\u00e7a.<\/p>\n<p style=\"text-align: justify;\">Vamos praticar um pouco?\u00a0Veja em detalhes a resolu\u00e7\u00e3o da primeira:<\/p>\n<p style=\"text-align: justify;\"><em><span style=\"color: #0000ff;\"><strong>CONSULPLAN \u2013 PREF. LONDRINA \u2013 2011)<\/strong> Uma fam\u00edlia de 4 pessoas consome 3 gal\u00f5es de \u00e1gua de 20 litros por semana. Quantos litros de \u00e1gua essa fam\u00edlia ter\u00e1 consumido num per\u00edodo de 63 dias?<\/span><\/em><\/p>\n<p style=\"text-align: justify;\"><em><span style=\"color: #0000ff;\">A) 560<\/span><\/em><\/p>\n<p><em><span style=\"color: #0000ff;\">B) 660<\/span><\/em><\/p>\n<p><em><span style=\"color: #0000ff;\">C) 520<\/span><\/em><\/p>\n<p><em><span style=\"color: #0000ff;\">D) 540<\/span><\/em><\/p>\n<p><em><span style=\"color: #0000ff;\">E) 620<\/span><\/em><\/p>\n<p><strong>RESOLU\u00c7\u00c3O:<\/strong><\/p>\n<p>Veja que a fam\u00edlia consome 3&#215;20 = 60 litros de \u00e1gua em 7 dias (uma semana). Podemos obter o consumo em 63 dias com uma regra de tr\u00eas simples:<\/p>\n<p style=\"text-align: center;\">60 litros &#8212;&#8212;&#8212;&#8212;&#8212;- 7 dias<\/p>\n<p style=\"text-align: center;\">N litros &#8212;&#8212;&#8212;&#8212;- 63 dias<\/p>\n<p>&nbsp;<\/p>\n<p>Aplicando a \u201cmultiplica\u00e7\u00e3o cruzada\u201d, isto \u00e9, multiplicando a primeira diagonal (60 x 63) e igualando o resultado \u00e0 multiplica\u00e7\u00e3o da outra diagonal (N x 7), obtemos:<\/p>\n<p style=\"text-align: center;\">60 x 63 = N x 7<\/p>\n<p>&nbsp;<\/p>\n<p>Dividindo ambos os lados por 7, ficamos com:<\/p>\n<p style=\"text-align: center;\">60 x 9 = N<\/p>\n<p style=\"text-align: center;\">540 = N<\/p>\n<p>&nbsp;<\/p>\n<p>Portanto, a fam\u00edlia consome 540 litros de \u00e1gua em 63 dias.<\/p>\n<p><strong>Resposta: D<\/strong><\/p>\n<p>&nbsp;<\/p>\n<p>F\u00e1cil, n\u00e3o? Aposto que voc\u00ea conseguir\u00e1 resolver sozinho a segunda quest\u00e3o, e de forma ainda mais r\u00e1pida. Veja abaixo a resolu\u00e7\u00e3o sintetizada da quest\u00e3o, do jeito que voc\u00ea far\u00e1 no dia da prova:<\/p>\n<p><span style=\"color: #0000ff;\"><em><strong>CONSULPLAN \u2013 Pref. Juatuba\/MG \u2013 2015)<\/strong> Uma fam\u00edlia consome tr\u00eas garraf\u00f5es de 20 litros de \u00e1gua a cada 15 dias. Quantos litros de \u00e1gua s\u00e3o consumidos por essa fam\u00edlia no per\u00edodo de 120 dias?\u00a0\u00a0\u00a0\u00a0\u00a0<\/em><\/span><\/p>\n<p><span style=\"color: #0000ff;\"><em>A) 400.\u00a0\u00a0 \u00a0 \u00a0<\/em><\/span><\/p>\n<p><span style=\"color: #0000ff;\"><em>B) 420.\u00a0\u00a0 \u00a0 \u00a0<\/em><\/span><\/p>\n<p><span style=\"color: #0000ff;\"><em>C) 480.\u00a0\u00a0 \u00a0 \u00a0<\/em><\/span><\/p>\n<p><span style=\"color: #0000ff;\"><em>D) 540.<\/em><\/span><\/p>\n<p style=\"text-align: justify;\"><strong>RESOLU\u00c7\u00c3O:<\/strong><\/p>\n<p style=\"text-align: center;\">60 litros &#8212;&#8212;&#8212;&#8212;&#8211; 15 dias<\/p>\n<p style=\"text-align: center;\">N litros &#8212;&#8212;&#8212;&#8212;&#8212;-120 dias<\/p>\n<p style=\"text-align: center;\">60 x 120 = 15 x N<\/p>\n<p>&nbsp;<\/p>\n<p>Dividindo ambos os lados por 15:<\/p>\n<p style=\"text-align: center;\">4 x 120 = N<\/p>\n<p style=\"text-align: center;\">480 = N<\/p>\n<p><strong>Resposta: C<\/strong><\/p>\n<p>&nbsp;<\/p>\n<p style=\"text-align: justify;\">Talvez voc\u00ea esteja se perguntando: professor, esse assunto cai na prova de Racioc\u00ednio L\u00f3gico do TRF 2? A minha resposta \u00e9: SIM. De fato o edital n\u00e3o cobrou de forma expl\u00edcita propor\u00e7\u00f5es, regras de tr\u00eas simples e compostas etc. Mas o edital cobrou Racioc\u00ednio Matem\u00e1tico que, pelo que tenho visto nas provas que exigem este ponto, d\u00e1 abertura para que a banca cobre quest\u00f5es que exijam manipula\u00e7\u00f5es matem\u00e1ticas simples, como \u00e9 o caso da regra de tr\u00eas SIMPLES. Acho extremamente improv\u00e1vel que alguma quest\u00e3o cobre regra de tr\u00eas composta (e at\u00e9 acho que, se cobrar, caberia recurso pleiteando a anula\u00e7\u00e3o). Mas regra de tr\u00eas simples precisa estar &#8220;no sangue&#8221;, ok?<\/p>\n<p>A prop\u00f3sito, deixo abaixo um artigo que escrevi um dia ap\u00f3s a publica\u00e7\u00e3o do edital, explicando melhor o que a CONSULPLAN estava cobrando. Boa leitura!<\/p>\n<p>&nbsp;<\/p>\n<p style=\"text-align: center;\">==================<\/p>\n<h2 style=\"text-align: justify;\">Saiba o que o edital est\u00e1 cobrando<\/h2>\n<p style=\"text-align: justify;\">Desde que foi publicado o edital do concurso TRF 2 (RJ e ES),\u00a0muitos alunos vieram me procurar para entender o que efetivamente eles precisam estudar na disciplina Racioc\u00ednio L\u00f3gico. A d\u00favida \u00e9 bem compreens\u00edvel, afinal de contas o edital usa termos extremamente vagos, como voc\u00ea pode ver abaixo (deixei em negrito alguns deles):<\/p>\n<p style=\"text-align: justify;\"><span style=\"color: #0000ff;\"><em>RACIOC\u00cdNIO L\u00d3GICO-MATEM\u00c1TICO TRF 2 (RJ\/ES):\u00a0<span style=\"text-decoration: underline;\">Estrutura l\u00f3gica de rela\u00e7\u00f5es arbitr\u00e1rias<\/span> entre pessoas, lugares, objetos ou eventos fict\u00edcios; deduzir novas informa\u00e7\u00f5es das rela\u00e7\u00f5es fornecidas e avaliar as condi\u00e7\u00f5es usadas para estabelecer a estrutura daquelas rela\u00e7\u00f5es. Compreens\u00e3o e elabora\u00e7\u00e3o da l\u00f3gica das situa\u00e7\u00f5es por meio de: racioc\u00ednio verbal, racioc\u00ednio matem\u00e1tico, racioc\u00ednio sequencial, orienta\u00e7\u00e3o espacial e temporal, <span style=\"text-decoration: underline;\">forma\u00e7\u00e3o de conceitos, discrimina\u00e7\u00e3o de elementos<\/span>. <span style=\"text-decoration: underline;\">Compreens\u00e3o do processo l\u00f3gico<\/span> que, a partir de um conjunto de hip\u00f3teses, conduz, de forma v\u00e1lida, a conclus\u00f5es determinadas.<\/em><\/span><\/p>\n<p style=\"text-align: justify;\">Este \u00e9 um edital extremamente conhecido para quem vem estudando Racioc\u00ednio L\u00f3gico para a banca FCC. Muito provavelmente foi dos editais de Tribunais da FCC que a banca CONSULPLAN tirou a sua &#8220;inspira\u00e7\u00e3o&#8221;.<\/p>\n<p style=\"text-align: justify;\">Aqui no Estrat\u00e9gia Concursos eu estou disponibilizando um curso completo de Racioc\u00ednio L\u00f3gico para o TRF 2. Este curso \u00e9 composto por:<\/p>\n<ul style=\"text-align: justify;\">\n<li>aulas em v\u00eddeo, onde explico a teoria e resolvo algumas quest\u00f5es com voc\u00eas;<\/li>\n<li>aulas escritas (em PDF), onde tamb\u00e9m explico toda a teoria e resolvo centenas de quest\u00f5es, em especial da banca CONSULPLAN;<\/li>\n<li>f\u00f3rum de d\u00favidas, onde voc\u00ea pode me procurar diretamente para sanar qualquer problema que sentir dificuldade.<\/li>\n<\/ul>\n<p style=\"text-align: justify;\">Recomendo que voc\u00ea acesse o link a seguir e baixe gratuitamente a aula demonstrativa, onde voc\u00ea j\u00e1 ver\u00e1 v\u00e1rias quest\u00f5es resolvidas:<\/p>\n<p style=\"text-align: center;\"><a href=\"https:\/\/www.estrategiaconcursos.com.br\/curso\/matematica-e-raciocinio-logico-p-trf-2-regiao-todos-os-cargos-com-videoaulas\/\" target=\"_blank\" rel=\"noopener\"><span style=\"text-decoration: underline;\"><strong><span style=\"color: #0000ff; text-decoration: underline;\">CURSO DE RACIOC\u00cdNIO L\u00d3GICO TRF 2 (VIDEOS + PDFS + F\u00d3RUM)<\/span><\/strong><\/span><\/a><\/p>\n<p style=\"text-align: justify;\">Aproveite para conhecer tamb\u00e9m nossos cursos para todas as disciplinas do TRF2:<\/p>\n<p style=\"text-align: center;\"><a href=\"https:\/\/www.estrategiaconcursos.com.br\/cursosPorConcurso\/trf-2-regiao-43\/\"><span style=\"text-decoration: underline; color: #0000ff;\"><strong>PACOTES COMPLETOS PARA O TRF 2<\/strong><\/span><\/a><\/p>\n<p style=\"text-align: justify;\">Fico \u00e0 disposi\u00e7\u00e3o para auxili\u00e1-lo nesta reta final dos estudos!<\/p>\n<p style=\"text-align: justify;\">Sauda\u00e7\u00f5es.<\/p>\n","protected":false},"excerpt":{"rendered":"<p>Veja tamb\u00e9m\u00a0como a CONSULPLAN repete modelos de quest\u00e3o! Desde que foi definida a banca CONSULPLAN para o concurso do TRF 2 eu venho resolvendo um grande volume de quest\u00f5es da banca para disponibilizar nos meus cursos e, claro, para ficar mais por dentro das tend\u00eancias desta banca em seus \u00faltimos concursos. Gostaria de compartilhar com [&hellip;]<\/p>\n","protected":false},"author":48,"featured_media":55923,"comment_status":"open","ping_status":"open","sticky":false,"template":"","format":"standard","meta":{"post_tipo":"article","footnotes":""},"categories":[],"tags":[2301],"tax_estado":[],"class_list":["post-55955","post","type-post","status-publish","format-standard","has-post-thumbnail","hentry","tag-raciocinio-logico-trf-2"],"acf":[],"yoast_head":"<!-- This site is optimized with the Yoast SEO Premium plugin v27.2 (Yoast SEO v27.2) - https:\/\/yoast.com\/product\/yoast-seo-premium-wordpress\/ -->\n<title>Racioc\u00ednio L\u00f3gico TRF 2\u00a0- prova recent\u00edssima (2017) da CONSULPLAN resolvida!<\/title>\n<meta name=\"robots\" content=\"index, follow, max-snippet:-1, max-image-preview:large, max-video-preview:-1\" \/>\n<link rel=\"canonical\" href=\"https:\/\/www.estrategiaconcursos.com.br\/blog\/raciocinio-logico-trf-2-rj-es-entenda-o-edital\/\" \/>\n<meta property=\"og:locale\" content=\"pt_BR\" \/>\n<meta property=\"og:type\" content=\"article\" \/>\n<meta property=\"og:title\" content=\"Racioc\u00ednio L\u00f3gico TRF 2\u00a0- prova recent\u00edssima (2017) da CONSULPLAN resolvida!\" \/>\n<meta property=\"og:description\" content=\"Veja tamb\u00e9m\u00a0como a CONSULPLAN repete modelos de quest\u00e3o! Desde que foi definida a banca CONSULPLAN para o concurso do TRF 2 eu venho resolvendo um grande volume de quest\u00f5es da banca para disponibilizar nos meus cursos e, claro, para ficar mais por dentro das tend\u00eancias desta banca em seus \u00faltimos concursos. Gostaria de compartilhar com [&hellip;]\" \/>\n<meta property=\"og:url\" content=\"https:\/\/www.estrategiaconcursos.com.br\/blog\/raciocinio-logico-trf-2-rj-es-entenda-o-edital\/\" \/>\n<meta property=\"og:site_name\" content=\"Estrat\u00e9gia Concursos\" \/>\n<meta property=\"article:published_time\" content=\"2017-01-31T13:24:55+00:00\" \/>\n<meta property=\"article:modified_time\" content=\"2018-09-21T20:08:48+00:00\" \/>\n<meta property=\"og:image\" content=\"https:\/\/dhg1h5j42swfq.cloudfront.net\/2016\/11\/23213942\/concurso-trf-2-rj-es.png\" \/>\n\t<meta property=\"og:image:width\" content=\"1023\" \/>\n\t<meta property=\"og:image:height\" content=\"730\" \/>\n\t<meta property=\"og:image:type\" content=\"image\/png\" \/>\n<meta name=\"author\" content=\"Coordena\u00e7\u00e3o\" \/>\n<meta name=\"twitter:card\" content=\"summary_large_image\" \/>\n<meta name=\"twitter:creator\" content=\"@EstratConcursos\" \/>\n<meta name=\"twitter:site\" content=\"@EstratConcursos\" \/>\n<meta name=\"twitter:label1\" content=\"Escrito por\" \/>\n\t<meta name=\"twitter:data1\" content=\"Coordena\u00e7\u00e3o\" \/>\n\t<meta name=\"twitter:label2\" content=\"Est. tempo de leitura\" \/>\n\t<meta name=\"twitter:data2\" content=\"5 minutos\" \/>\n<script type=\"application\/ld+json\" class=\"yoast-schema-graph\">{\"@context\":\"https:\/\/schema.org\",\"@graph\":[{\"@type\":\"NewsArticle\",\"@id\":\"https:\/\/www.estrategiaconcursos.com.br\/blog\/raciocinio-logico-trf-2-rj-es-entenda-o-edital\/#article\",\"isPartOf\":{\"@id\":\"https:\/\/www.estrategiaconcursos.com.br\/blog\/raciocinio-logico-trf-2-rj-es-entenda-o-edital\/\"},\"author\":{\"name\":\"Coordena\u00e7\u00e3o\",\"@id\":\"https:\/\/www.estrategiaconcursos.com.br\/blog\/#\/schema\/person\/cdad40b5818eb228a838461fcd656da7\"},\"headline\":\"Racioc\u00ednio L\u00f3gico TRF 2\u00a0&#8211; prova recent\u00edssima (2017) da CONSULPLAN resolvida!\",\"datePublished\":\"2017-01-31T13:24:55+00:00\",\"dateModified\":\"2018-09-21T20:08:48+00:00\",\"mainEntityOfPage\":{\"@id\":\"https:\/\/www.estrategiaconcursos.com.br\/blog\/raciocinio-logico-trf-2-rj-es-entenda-o-edital\/\"},\"wordCount\":977,\"commentCount\":6,\"publisher\":{\"@id\":\"https:\/\/www.estrategiaconcursos.com.br\/blog\/#organization\"},\"image\":{\"@id\":\"https:\/\/www.estrategiaconcursos.com.br\/blog\/raciocinio-logico-trf-2-rj-es-entenda-o-edital\/#primaryimage\"},\"thumbnailUrl\":\"https:\/\/dhg1h5j42swfq.cloudfront.net\/2016\/11\/23213942\/concurso-trf-2-rj-es.png\",\"keywords\":[\"RACIOC\u00cdNIO L\u00d3GICO TRF 2\"],\"inLanguage\":\"pt-BR\",\"potentialAction\":[{\"@type\":\"CommentAction\",\"name\":\"Comment\",\"target\":[\"https:\/\/www.estrategiaconcursos.com.br\/blog\/raciocinio-logico-trf-2-rj-es-entenda-o-edital\/#respond\"]}],\"copyrightYear\":\"2017\",\"copyrightHolder\":{\"@id\":\"https:\/\/www.estrategiaconcursos.com.br\/blog\/#organization\"}},{\"@type\":\"WebPage\",\"@id\":\"https:\/\/www.estrategiaconcursos.com.br\/blog\/raciocinio-logico-trf-2-rj-es-entenda-o-edital\/\",\"url\":\"https:\/\/www.estrategiaconcursos.com.br\/blog\/raciocinio-logico-trf-2-rj-es-entenda-o-edital\/\",\"name\":\"Racioc\u00ednio L\u00f3gico TRF 2\u00a0- prova recent\u00edssima (2017) da CONSULPLAN resolvida!\",\"isPartOf\":{\"@id\":\"https:\/\/www.estrategiaconcursos.com.br\/blog\/#website\"},\"primaryImageOfPage\":{\"@id\":\"https:\/\/www.estrategiaconcursos.com.br\/blog\/raciocinio-logico-trf-2-rj-es-entenda-o-edital\/#primaryimage\"},\"image\":{\"@id\":\"https:\/\/www.estrategiaconcursos.com.br\/blog\/raciocinio-logico-trf-2-rj-es-entenda-o-edital\/#primaryimage\"},\"thumbnailUrl\":\"https:\/\/dhg1h5j42swfq.cloudfront.net\/2016\/11\/23213942\/concurso-trf-2-rj-es.png\",\"datePublished\":\"2017-01-31T13:24:55+00:00\",\"dateModified\":\"2018-09-21T20:08:48+00:00\",\"breadcrumb\":{\"@id\":\"https:\/\/www.estrategiaconcursos.com.br\/blog\/raciocinio-logico-trf-2-rj-es-entenda-o-edital\/#breadcrumb\"},\"inLanguage\":\"pt-BR\",\"potentialAction\":[{\"@type\":\"ReadAction\",\"target\":[\"https:\/\/www.estrategiaconcursos.com.br\/blog\/raciocinio-logico-trf-2-rj-es-entenda-o-edital\/\"]}]},{\"@type\":\"ImageObject\",\"inLanguage\":\"pt-BR\",\"@id\":\"https:\/\/www.estrategiaconcursos.com.br\/blog\/raciocinio-logico-trf-2-rj-es-entenda-o-edital\/#primaryimage\",\"url\":\"https:\/\/dhg1h5j42swfq.cloudfront.net\/2016\/11\/23213942\/concurso-trf-2-rj-es.png\",\"contentUrl\":\"https:\/\/dhg1h5j42swfq.cloudfront.net\/2016\/11\/23213942\/concurso-trf-2-rj-es.png\",\"width\":1023,\"height\":730,\"caption\":\"GABARITO TRF 2 RJ ES PROVA RESOLVIDA\"},{\"@type\":\"BreadcrumbList\",\"@id\":\"https:\/\/www.estrategiaconcursos.com.br\/blog\/raciocinio-logico-trf-2-rj-es-entenda-o-edital\/#breadcrumb\",\"itemListElement\":[{\"@type\":\"ListItem\",\"position\":1,\"name\":\"In\u00edcio\",\"item\":\"https:\/\/www.estrategiaconcursos.com.br\/blog\/\"},{\"@type\":\"ListItem\",\"position\":2,\"name\":\"Racioc\u00ednio L\u00f3gico TRF 2\u00a0&#8211; prova recent\u00edssima (2017) da CONSULPLAN resolvida!\"}]},{\"@type\":\"WebSite\",\"@id\":\"https:\/\/www.estrategiaconcursos.com.br\/blog\/#website\",\"url\":\"https:\/\/www.estrategiaconcursos.com.br\/blog\/\",\"name\":\"Estrat\u00e9gia Concursos\",\"description\":\"O blog da Estrat\u00e9gia Concursos traz not\u00edcias sobre concursos e artigos de professores oferecendo cursos para concursos (pdf + videaulas) no site.\",\"publisher\":{\"@id\":\"https:\/\/www.estrategiaconcursos.com.br\/blog\/#organization\"},\"potentialAction\":[{\"@type\":\"SearchAction\",\"target\":{\"@type\":\"EntryPoint\",\"urlTemplate\":\"https:\/\/www.estrategiaconcursos.com.br\/blog\/?s={search_term_string}\"},\"query-input\":{\"@type\":\"PropertyValueSpecification\",\"valueRequired\":true,\"valueName\":\"search_term_string\"}}],\"inLanguage\":\"pt-BR\"},{\"@type\":\"Organization\",\"@id\":\"https:\/\/www.estrategiaconcursos.com.br\/blog\/#organization\",\"name\":\"Estrat\u00e9gia Concursos\",\"url\":\"https:\/\/www.estrategiaconcursos.com.br\/blog\/\",\"logo\":{\"@type\":\"ImageObject\",\"inLanguage\":\"pt-BR\",\"@id\":\"https:\/\/www.estrategiaconcursos.com.br\/blog\/#\/schema\/logo\/image\/\",\"url\":\"https:\/\/dhg1h5j42swfq.cloudfront.net\/2025\/06\/03203428\/logo_concursos-1.jpg\",\"contentUrl\":\"https:\/\/dhg1h5j42swfq.cloudfront.net\/2025\/06\/03203428\/logo_concursos-1.jpg\",\"width\":230,\"height\":60,\"caption\":\"Estrat\u00e9gia Concursos\"},\"image\":{\"@id\":\"https:\/\/www.estrategiaconcursos.com.br\/blog\/#\/schema\/logo\/image\/\"},\"sameAs\":[\"https:\/\/x.com\/EstratConcursos\"]},{\"@type\":\"Person\",\"@id\":\"https:\/\/www.estrategiaconcursos.com.br\/blog\/#\/schema\/person\/cdad40b5818eb228a838461fcd656da7\",\"name\":\"Coordena\u00e7\u00e3o\",\"image\":{\"@type\":\"ImageObject\",\"inLanguage\":\"pt-BR\",\"@id\":\"https:\/\/secure.gravatar.com\/avatar\/a413b22da0f5009c634f6c4586a2dbe5207074fd5becd88db5183b8069ef25e4?s=96&d=mm&r=g\",\"url\":\"https:\/\/secure.gravatar.com\/avatar\/a413b22da0f5009c634f6c4586a2dbe5207074fd5becd88db5183b8069ef25e4?s=96&d=mm&r=g\",\"contentUrl\":\"https:\/\/secure.gravatar.com\/avatar\/a413b22da0f5009c634f6c4586a2dbe5207074fd5becd88db5183b8069ef25e4?s=96&d=mm&r=g\",\"caption\":\"Coordena\u00e7\u00e3o\"},\"url\":\"https:\/\/www.estrategiaconcursos.com.br\/blog\/author\/contatoestrategiaconcursos-com-br\/\"}]}<\/script>\n<!-- \/ Yoast SEO Premium plugin. -->","yoast_head_json":{"title":"Racioc\u00ednio L\u00f3gico TRF 2\u00a0- prova recent\u00edssima (2017) da CONSULPLAN resolvida!","robots":{"index":"index","follow":"follow","max-snippet":"max-snippet:-1","max-image-preview":"max-image-preview:large","max-video-preview":"max-video-preview:-1"},"canonical":"https:\/\/www.estrategiaconcursos.com.br\/blog\/raciocinio-logico-trf-2-rj-es-entenda-o-edital\/","og_locale":"pt_BR","og_type":"article","og_title":"Racioc\u00ednio L\u00f3gico TRF 2\u00a0- prova recent\u00edssima (2017) da CONSULPLAN resolvida!","og_description":"Veja tamb\u00e9m\u00a0como a CONSULPLAN repete modelos de quest\u00e3o! Desde que foi definida a banca CONSULPLAN para o concurso do TRF 2 eu venho resolvendo um grande volume de quest\u00f5es da banca para disponibilizar nos meus cursos e, claro, para ficar mais por dentro das tend\u00eancias desta banca em seus \u00faltimos concursos. Gostaria de compartilhar com [&hellip;]","og_url":"https:\/\/www.estrategiaconcursos.com.br\/blog\/raciocinio-logico-trf-2-rj-es-entenda-o-edital\/","og_site_name":"Estrat\u00e9gia Concursos","article_published_time":"2017-01-31T13:24:55+00:00","article_modified_time":"2018-09-21T20:08:48+00:00","og_image":[{"width":1023,"height":730,"url":"https:\/\/dhg1h5j42swfq.cloudfront.net\/2016\/11\/23213942\/concurso-trf-2-rj-es.png","type":"image\/png"}],"author":"Coordena\u00e7\u00e3o","twitter_card":"summary_large_image","twitter_creator":"@EstratConcursos","twitter_site":"@EstratConcursos","twitter_misc":{"Escrito por":"Coordena\u00e7\u00e3o","Est. tempo de leitura":"5 minutos"},"schema":{"@context":"https:\/\/schema.org","@graph":[{"@type":"NewsArticle","@id":"https:\/\/www.estrategiaconcursos.com.br\/blog\/raciocinio-logico-trf-2-rj-es-entenda-o-edital\/#article","isPartOf":{"@id":"https:\/\/www.estrategiaconcursos.com.br\/blog\/raciocinio-logico-trf-2-rj-es-entenda-o-edital\/"},"author":{"name":"Coordena\u00e7\u00e3o","@id":"https:\/\/www.estrategiaconcursos.com.br\/blog\/#\/schema\/person\/cdad40b5818eb228a838461fcd656da7"},"headline":"Racioc\u00ednio L\u00f3gico TRF 2\u00a0&#8211; prova recent\u00edssima (2017) da CONSULPLAN resolvida!","datePublished":"2017-01-31T13:24:55+00:00","dateModified":"2018-09-21T20:08:48+00:00","mainEntityOfPage":{"@id":"https:\/\/www.estrategiaconcursos.com.br\/blog\/raciocinio-logico-trf-2-rj-es-entenda-o-edital\/"},"wordCount":977,"commentCount":6,"publisher":{"@id":"https:\/\/www.estrategiaconcursos.com.br\/blog\/#organization"},"image":{"@id":"https:\/\/www.estrategiaconcursos.com.br\/blog\/raciocinio-logico-trf-2-rj-es-entenda-o-edital\/#primaryimage"},"thumbnailUrl":"https:\/\/dhg1h5j42swfq.cloudfront.net\/2016\/11\/23213942\/concurso-trf-2-rj-es.png","keywords":["RACIOC\u00cdNIO L\u00d3GICO TRF 2"],"inLanguage":"pt-BR","potentialAction":[{"@type":"CommentAction","name":"Comment","target":["https:\/\/www.estrategiaconcursos.com.br\/blog\/raciocinio-logico-trf-2-rj-es-entenda-o-edital\/#respond"]}],"copyrightYear":"2017","copyrightHolder":{"@id":"https:\/\/www.estrategiaconcursos.com.br\/blog\/#organization"}},{"@type":"WebPage","@id":"https:\/\/www.estrategiaconcursos.com.br\/blog\/raciocinio-logico-trf-2-rj-es-entenda-o-edital\/","url":"https:\/\/www.estrategiaconcursos.com.br\/blog\/raciocinio-logico-trf-2-rj-es-entenda-o-edital\/","name":"Racioc\u00ednio L\u00f3gico TRF 2\u00a0- prova recent\u00edssima (2017) da CONSULPLAN resolvida!","isPartOf":{"@id":"https:\/\/www.estrategiaconcursos.com.br\/blog\/#website"},"primaryImageOfPage":{"@id":"https:\/\/www.estrategiaconcursos.com.br\/blog\/raciocinio-logico-trf-2-rj-es-entenda-o-edital\/#primaryimage"},"image":{"@id":"https:\/\/www.estrategiaconcursos.com.br\/blog\/raciocinio-logico-trf-2-rj-es-entenda-o-edital\/#primaryimage"},"thumbnailUrl":"https:\/\/dhg1h5j42swfq.cloudfront.net\/2016\/11\/23213942\/concurso-trf-2-rj-es.png","datePublished":"2017-01-31T13:24:55+00:00","dateModified":"2018-09-21T20:08:48+00:00","breadcrumb":{"@id":"https:\/\/www.estrategiaconcursos.com.br\/blog\/raciocinio-logico-trf-2-rj-es-entenda-o-edital\/#breadcrumb"},"inLanguage":"pt-BR","potentialAction":[{"@type":"ReadAction","target":["https:\/\/www.estrategiaconcursos.com.br\/blog\/raciocinio-logico-trf-2-rj-es-entenda-o-edital\/"]}]},{"@type":"ImageObject","inLanguage":"pt-BR","@id":"https:\/\/www.estrategiaconcursos.com.br\/blog\/raciocinio-logico-trf-2-rj-es-entenda-o-edital\/#primaryimage","url":"https:\/\/dhg1h5j42swfq.cloudfront.net\/2016\/11\/23213942\/concurso-trf-2-rj-es.png","contentUrl":"https:\/\/dhg1h5j42swfq.cloudfront.net\/2016\/11\/23213942\/concurso-trf-2-rj-es.png","width":1023,"height":730,"caption":"GABARITO TRF 2 RJ ES PROVA RESOLVIDA"},{"@type":"BreadcrumbList","@id":"https:\/\/www.estrategiaconcursos.com.br\/blog\/raciocinio-logico-trf-2-rj-es-entenda-o-edital\/#breadcrumb","itemListElement":[{"@type":"ListItem","position":1,"name":"In\u00edcio","item":"https:\/\/www.estrategiaconcursos.com.br\/blog\/"},{"@type":"ListItem","position":2,"name":"Racioc\u00ednio L\u00f3gico TRF 2\u00a0&#8211; prova recent\u00edssima (2017) da CONSULPLAN resolvida!"}]},{"@type":"WebSite","@id":"https:\/\/www.estrategiaconcursos.com.br\/blog\/#website","url":"https:\/\/www.estrategiaconcursos.com.br\/blog\/","name":"Estrat\u00e9gia Concursos","description":"O blog da Estrat\u00e9gia Concursos traz not\u00edcias sobre concursos e artigos de professores oferecendo cursos para concursos (pdf + videaulas) no site.","publisher":{"@id":"https:\/\/www.estrategiaconcursos.com.br\/blog\/#organization"},"potentialAction":[{"@type":"SearchAction","target":{"@type":"EntryPoint","urlTemplate":"https:\/\/www.estrategiaconcursos.com.br\/blog\/?s={search_term_string}"},"query-input":{"@type":"PropertyValueSpecification","valueRequired":true,"valueName":"search_term_string"}}],"inLanguage":"pt-BR"},{"@type":"Organization","@id":"https:\/\/www.estrategiaconcursos.com.br\/blog\/#organization","name":"Estrat\u00e9gia Concursos","url":"https:\/\/www.estrategiaconcursos.com.br\/blog\/","logo":{"@type":"ImageObject","inLanguage":"pt-BR","@id":"https:\/\/www.estrategiaconcursos.com.br\/blog\/#\/schema\/logo\/image\/","url":"https:\/\/dhg1h5j42swfq.cloudfront.net\/2025\/06\/03203428\/logo_concursos-1.jpg","contentUrl":"https:\/\/dhg1h5j42swfq.cloudfront.net\/2025\/06\/03203428\/logo_concursos-1.jpg","width":230,"height":60,"caption":"Estrat\u00e9gia Concursos"},"image":{"@id":"https:\/\/www.estrategiaconcursos.com.br\/blog\/#\/schema\/logo\/image\/"},"sameAs":["https:\/\/x.com\/EstratConcursos"]},{"@type":"Person","@id":"https:\/\/www.estrategiaconcursos.com.br\/blog\/#\/schema\/person\/cdad40b5818eb228a838461fcd656da7","name":"Coordena\u00e7\u00e3o","image":{"@type":"ImageObject","inLanguage":"pt-BR","@id":"https:\/\/secure.gravatar.com\/avatar\/a413b22da0f5009c634f6c4586a2dbe5207074fd5becd88db5183b8069ef25e4?s=96&d=mm&r=g","url":"https:\/\/secure.gravatar.com\/avatar\/a413b22da0f5009c634f6c4586a2dbe5207074fd5becd88db5183b8069ef25e4?s=96&d=mm&r=g","contentUrl":"https:\/\/secure.gravatar.com\/avatar\/a413b22da0f5009c634f6c4586a2dbe5207074fd5becd88db5183b8069ef25e4?s=96&d=mm&r=g","caption":"Coordena\u00e7\u00e3o"},"url":"https:\/\/www.estrategiaconcursos.com.br\/blog\/author\/contatoestrategiaconcursos-com-br\/"}]}},"_links":{"self":[{"href":"https:\/\/www.estrategiaconcursos.com.br\/blog\/wp-json\/wp\/v2\/posts\/55955","targetHints":{"allow":["GET"]}}],"collection":[{"href":"https:\/\/www.estrategiaconcursos.com.br\/blog\/wp-json\/wp\/v2\/posts"}],"about":[{"href":"https:\/\/www.estrategiaconcursos.com.br\/blog\/wp-json\/wp\/v2\/types\/post"}],"author":[{"embeddable":true,"href":"https:\/\/www.estrategiaconcursos.com.br\/blog\/wp-json\/wp\/v2\/users\/48"}],"replies":[{"embeddable":true,"href":"https:\/\/www.estrategiaconcursos.com.br\/blog\/wp-json\/wp\/v2\/comments?post=55955"}],"version-history":[{"count":8,"href":"https:\/\/www.estrategiaconcursos.com.br\/blog\/wp-json\/wp\/v2\/posts\/55955\/revisions"}],"predecessor-version":[{"id":142297,"href":"https:\/\/www.estrategiaconcursos.com.br\/blog\/wp-json\/wp\/v2\/posts\/55955\/revisions\/142297"}],"wp:featuredmedia":[{"embeddable":true,"href":"https:\/\/www.estrategiaconcursos.com.br\/blog\/wp-json\/wp\/v2\/media\/55923"}],"wp:attachment":[{"href":"https:\/\/www.estrategiaconcursos.com.br\/blog\/wp-json\/wp\/v2\/media?parent=55955"}],"wp:term":[{"taxonomy":"category","embeddable":true,"href":"https:\/\/www.estrategiaconcursos.com.br\/blog\/wp-json\/wp\/v2\/categories?post=55955"},{"taxonomy":"post_tag","embeddable":true,"href":"https:\/\/www.estrategiaconcursos.com.br\/blog\/wp-json\/wp\/v2\/tags?post=55955"},{"taxonomy":"tax_estado","embeddable":true,"href":"https:\/\/www.estrategiaconcursos.com.br\/blog\/wp-json\/wp\/v2\/tax_estado?post=55955"}],"curies":[{"name":"wp","href":"https:\/\/api.w.org\/{rel}","templated":true}]}}