{"id":559481,"date":"2020-08-24T15:04:00","date_gmt":"2020-08-24T18:04:00","guid":{"rendered":"https:\/\/www.estrategiaconcursos.com.br\/blog\/?p=559481"},"modified":"2020-08-24T09:25:35","modified_gmt":"2020-08-24T12:25:35","slug":"como-conciliar-estudo-advocacia-publica","status":"publish","type":"post","link":"https:\/\/www.estrategiaconcursos.com.br\/blog\/como-conciliar-estudo-advocacia-publica\/","title":{"rendered":"Como Conciliar o Estudo para Advocacia P\u00fablica \u2013 PGM, PGE, AGU"},"content":{"rendered":"\n<p>Os professores Thais Souza e Rodolfo Penna ministram nesta segunda-feira, 24 de agosto de 2020, \u00e0s 16:00, o evento &#8220;Como Conciliar o Estudo para Advocacia P\u00fablica \u2013 PGM, PGE, AGU&#8221;. Acompanhe ao vivo e gratuitamente no canal do Estrat\u00e9gia Carreiras Jur\u00eddicas.<\/p>\n\n\n\n<h4 class=\"wp-block-heading\">Como Conciliar o Estudo para Advocacia P\u00fablica &#8211; Cronograma<\/h4>\n\n\n\n<p><strong>Data<\/strong>: 24 de agosto de 2020<br \/><strong>Hor\u00e1rio<\/strong>: 16:00  <br \/><strong>Onde<\/strong>: <a rel=\"noreferrer noopener\" href=\"https:\/\/www.youtube.com\/c\/Estrat\u00e9giaCarreiraJur\u00eddica\/videos?view=2&amp;live_view=502\" target=\"_blank\">Canal do Estrat\u00e9gia Carreiras Jur\u00eddicas no Youtube<\/a> <br \/><strong>Professores<\/strong>: Thais Souza e Rodolfo Penna<\/p>\n\n\n\n<h4 class=\"wp-block-heading\">Como Conciliar o Estudo para Advocacia P\u00fablica &#8211;  Curiosidades<\/h4>\n\n\n\n<p>Se voc\u00ea gostou da ideia de conciliar o estudo para a advocacia p\u00fablica e decidiu aproveitar oportunidades que possam surgir, fique por dentro de algumas novidades interessantes: <\/p>\n\n\n\n<p>Por meio de uma Portaria publicada no Di\u00e1rio Oficial do Distrito Federal, o Secret\u00e1rio de Estado da Economia&nbsp;<strong>autorizou<\/strong>&nbsp;a realiza\u00e7\u00e3o de concurso p\u00fablico que ofertar\u00e1&nbsp;<strong>65 vagas para Procurador do Distrito Federal<\/strong>. O \u00f3rg\u00e3o j\u00e1 formou a comiss\u00e3o e deve iniciar os procedimentos para a contrata\u00e7\u00e3o da banca do concurso.<\/p>\n\n\n\n<p>Autorizado no fim de 2018, com regulamento publicado e banca nomeada e posteriormente cancelado, o certame para <strong>Procurador do Rio de Janeiro <\/strong>deve ter sua abertura retomada em breve.<\/p>\n\n\n\n<p>Foi publicada a rela\u00e7\u00e3o de membros que passam a compor a comiss\u00e3o de acompanhamento e fiscaliza\u00e7\u00e3o da execu\u00e7\u00e3o do concurso para a <strong>Procuradoria Geral do Munic\u00edpio de Bel\u00e9m<\/strong>. O concurso ofertar\u00e1 <strong>5 vagas para o cargo de Procurador<\/strong>, com vencimento b\u00e1sico inicial de R$ 5.795,58, al\u00e9m de honor\u00e1rios de sucumb\u00eancia.<\/p>\n\n\n\n<p>Em uma publica\u00e7\u00e3o de 03 de julho de 2020, o prefeito de Bertioga, munic\u00edpio do Estado de S\u00e3o Paulo, Caio Matheus, autorizou a realiza\u00e7\u00e3o de novo concurso para o provimento de&nbsp;<strong>02 vagas de Procurador<\/strong>&nbsp;na Procuradoria-Geral do Munic\u00edpio. O edital de abertura dever\u00e1 ser publicado no m\u00e1ximo em 06 meses a contar da autoriza\u00e7\u00e3o.<\/p>\n\n\n\n<p>A&nbsp;Prefeitura de Betim&nbsp;(MG)&nbsp;divulgou, em seu Di\u00e1rio Oficial, o rol de prioridades e metas da Lei de Diretrizes Or\u00e7ament\u00e1rias do Munic\u00edpio para 2021, dentre as quais est\u00e1 a realiza\u00e7\u00e3o do concurso PGM Betim, para provimento do cargo de Procurador Municipal.<\/p>\n\n\n\n<p> O \u00faltimo concurso para <strong>Advogado da Uni\u00e3o<\/strong> foi homologado em&nbsp;dezembro de 2016<em><strong>,<\/strong>&nbsp;<\/em>com dura\u00e7\u00e3o de 12 meses, renov\u00e1veis por mais 12. Espera-se um novo edital entre 2020 e 2021.&nbsp;<\/p>\n\n\n\n<h2 class=\"has-text-align-center wp-block-heading\" id=\"cursos-ficha\">Quer conciliar o estudo para Advocacia P\u00fablica?<\/h2>\n\n\n\n<p class=\"has-text-align-center\">O Estrat\u00e9gia Carreira Jur\u00eddica \u00e9 campe\u00e3o de aprova\u00e7\u00f5es nos concursos para Carreiras Jur\u00eddicas com um corpo docente qualificado e materiais completos. Conhe\u00e7a nossos cursos e garanta sua aprova\u00e7\u00e3o:<\/p>\n\n\n\n<p class=\"has-background has-text-align-center has-luminous-vivid-amber-background-color\"><strong><a href=\"https:\/\/www.estrategiaconcursos.com.br\/cursos\/concurso\/\" target=\"_blank\" rel=\"noreferrer noopener\">CURSO CARREIRAS JUR\u00cdDICAS<\/a><\/strong><\/p>\n\n\n\n<p class=\"has-text-align-center\"><strong><em><strong>Sistema de Quest\u00f5es<\/strong><\/em><\/strong> <strong><em>&#8211; Carreiras Jur\u00eddicas<\/em><\/strong><\/p>\n\n\n\n<p class=\"has-text-align-center\">Estrat\u00e9gia Quest\u00f5es nasceu maior do que todos os concorrentes, com mais quest\u00f5es cadastradas e mais solu\u00e7\u00f5es por professores. Clique no link e aproveite os descontos e b\u00f4nus imperd\u00edveis!<\/p>\n\n\n\n<p class=\"has-background has-text-align-center has-vivid-green-cyan-background-color\"><strong>ASSINE AGORA \u2013 <a href=\"https:\/\/www.estrategiaconcursos.com.br\/cursosPorConcurso\/sistema-de-questoes\/#\/\" target=\"_blank\" rel=\"noreferrer noopener\">Sistema de Quest\u00f5es<\/a><\/strong><\/p>\n\n\n\n<h2 class=\"has-text-align-center wp-block-heading\">Participe de nossos grupos no Telegram<\/h2>\n\n\n\n<ul class=\"wp-block-list\"><li>Estrat\u00e9gia Procuradorias \u2013 <a rel=\"noreferrer noopener\" href=\"https:\/\/t.me\/estrategiaprocuradorias\" target=\"_blank\">https:\/\/t.me\/estrategiaprocuradorias<\/a><\/li><\/ul>\n\n\n\n<p class=\"has-text-align-center\"><em><strong>Fique por dentro de todos os concursos<\/strong><\/em>:<\/p>\n\n\n\n<p class=\"has-text-align-center\">Quer ficar em dia com as principais novidades no mundo dos concursos p\u00fablicos? Confira abaixo os principais concursos com inscri\u00e7\u00f5es abertas, al\u00e9m de editais previstos para o 2\u00ba semestre de 2020 e in\u00edcio de 2021:<\/p>\n\n\n\n<p class=\"has-background has-text-align-center has-pale-cyan-blue-background-color\"><strong><a href=\"https:\/\/www.estrategiaconcursos.com.br\/blog\/concursos-abertos\/\" target=\"_blank\" rel=\"noreferrer noopener\">Concursos abertos<\/a><\/strong><\/p>\n\n\n\n<p class=\"has-background has-text-align-center has-pale-cyan-blue-background-color\"><a href=\"https:\/\/www.estrategiaconcursos.com.br\/blog\/concursos-2020\/\" target=\"_blank\" rel=\"noreferrer noopener\"><strong>Concursos 2020<\/strong><\/a><\/p>\n\n\n\n<p class=\"has-background has-text-align-center has-pale-cyan-blue-background-color\"><strong><a href=\"https:\/\/www.estrategiaconcursos.com.br\/blog\/concursos-2021\/\" target=\"_blank\" rel=\"noreferrer noopener\">Concursos 2021<\/a><\/strong><\/p>\n\n\n\n<p class=\"has-background has-text-align-center has-pale-cyan-blue-background-color\"><strong><a href=\"https:\/\/www.estrategiaconcursos.com.br\/blog\/concursos-de-direito\/\" target=\"_blank\" rel=\"noreferrer noopener\">Concursos de Direito<\/a><\/strong><\/p>\n","protected":false},"excerpt":{"rendered":"<p>Os professores Thais Souza e Rodolfo Penna ministram nesta segunda-feira, 24 de agosto de 2020, \u00e0s 16:00, o evento &#8220;Como Conciliar o Estudo para Advocacia P\u00fablica \u2013 PGM, PGE, AGU&#8221;. Acompanhe ao vivo e gratuitamente no canal do Estrat\u00e9gia Carreiras Jur\u00eddicas. Como Conciliar o Estudo para Advocacia P\u00fablica &#8211; Cronograma Data: 24 de agosto de [&hellip;]<\/p>\n","protected":false},"author":1094,"featured_media":559487,"comment_status":"open","ping_status":"closed","sticky":false,"template":"","format":"standard","meta":{"post_tipo":"article","footnotes":""},"categories":[1],"tags":[],"tax_estado":[],"class_list":["post-559481","post","type-post","status-publish","format-standard","has-post-thumbnail","hentry","category-cursos-e-concursos"],"acf":[],"yoast_head":"<!-- This site is optimized with the Yoast SEO Premium plugin v27.2 (Yoast SEO v27.2) - https:\/\/yoast.com\/product\/yoast-seo-premium-wordpress\/ -->\n<title>Como Conciliar o Estudo para Advocacia P\u00fablica \u2013 PGM, PGE, AGU<\/title>\n<meta name=\"description\" content=\"Nesta segunda-feira, os professores Thais Souza e Rodolfo Pennate ensinam como conciliar o estudo para Advocacia P\u00fablica - PGM, PGE, AGU. N\u00e3o perca!\" \/>\n<meta name=\"robots\" content=\"index, follow, max-snippet:-1, max-image-preview:large, max-video-preview:-1\" \/>\n<link rel=\"canonical\" href=\"https:\/\/www.estrategiaconcursos.com.br\/blog\/como-conciliar-estudo-advocacia-publica\/\" \/>\n<meta property=\"og:locale\" content=\"pt_BR\" \/>\n<meta property=\"og:type\" content=\"article\" \/>\n<meta property=\"og:title\" content=\"Como Conciliar o Estudo para Advocacia P\u00fablica \u2013 PGM, PGE, AGU\" \/>\n<meta property=\"og:description\" content=\"Nesta segunda-feira, os professores Thais Souza e Rodolfo Pennate ensinam como conciliar o estudo para Advocacia P\u00fablica - PGM, PGE, AGU. N\u00e3o perca!\" \/>\n<meta property=\"og:url\" content=\"https:\/\/www.estrategiaconcursos.com.br\/blog\/como-conciliar-estudo-advocacia-publica\/\" \/>\n<meta property=\"og:site_name\" content=\"Estrat\u00e9gia Concursos\" \/>\n<meta property=\"article:published_time\" content=\"2020-08-24T18:04:00+00:00\" \/>\n<meta property=\"og:image\" content=\"https:\/\/dhg1h5j42swfq.cloudfront.net\/2020\/08\/22153131\/YTB_adv_publica.jpg\" \/>\n\t<meta property=\"og:image:width\" content=\"1280\" \/>\n\t<meta property=\"og:image:height\" content=\"720\" \/>\n\t<meta property=\"og:image:type\" content=\"image\/jpeg\" \/>\n<meta name=\"author\" content=\"Paulo Sousa (Coord.)\" \/>\n<meta name=\"twitter:card\" content=\"summary_large_image\" \/>\n<meta name=\"twitter:creator\" content=\"@EstratConcursos\" \/>\n<meta name=\"twitter:site\" content=\"@EstratConcursos\" \/>\n<meta name=\"twitter:label1\" content=\"Escrito por\" \/>\n\t<meta name=\"twitter:data1\" content=\"Paulo Sousa (Coord.)\" \/>\n\t<meta name=\"twitter:label2\" content=\"Est. tempo de leitura\" \/>\n\t<meta name=\"twitter:data2\" content=\"3 minutos\" \/>\n<script type=\"application\/ld+json\" class=\"yoast-schema-graph\">{\"@context\":\"https:\/\/schema.org\",\"@graph\":[{\"@type\":\"NewsArticle\",\"@id\":\"https:\/\/www.estrategiaconcursos.com.br\/blog\/como-conciliar-estudo-advocacia-publica\/#article\",\"isPartOf\":{\"@id\":\"https:\/\/www.estrategiaconcursos.com.br\/blog\/como-conciliar-estudo-advocacia-publica\/\"},\"author\":{\"name\":\"Paulo Sousa (Coord.)\",\"@id\":\"https:\/\/www.estrategiaconcursos.com.br\/blog\/#\/schema\/person\/f6cf94f3aa8ed75620a4506ad577b88a\"},\"headline\":\"Como Conciliar o Estudo para Advocacia P\u00fablica \u2013 PGM, PGE, AGU\",\"datePublished\":\"2020-08-24T18:04:00+00:00\",\"mainEntityOfPage\":{\"@id\":\"https:\/\/www.estrategiaconcursos.com.br\/blog\/como-conciliar-estudo-advocacia-publica\/\"},\"wordCount\":564,\"commentCount\":0,\"publisher\":{\"@id\":\"https:\/\/www.estrategiaconcursos.com.br\/blog\/#organization\"},\"image\":{\"@id\":\"https:\/\/www.estrategiaconcursos.com.br\/blog\/como-conciliar-estudo-advocacia-publica\/#primaryimage\"},\"thumbnailUrl\":\"https:\/\/dhg1h5j42swfq.cloudfront.net\/2020\/08\/22153131\/YTB_adv_publica.jpg\",\"articleSection\":[\"Concursos P\u00fablicos\"],\"inLanguage\":\"pt-BR\",\"potentialAction\":[{\"@type\":\"CommentAction\",\"name\":\"Comment\",\"target\":[\"https:\/\/www.estrategiaconcursos.com.br\/blog\/como-conciliar-estudo-advocacia-publica\/#respond\"]}],\"copyrightYear\":\"2020\",\"copyrightHolder\":{\"@id\":\"https:\/\/www.estrategiaconcursos.com.br\/blog\/#organization\"}},{\"@type\":\"WebPage\",\"@id\":\"https:\/\/www.estrategiaconcursos.com.br\/blog\/como-conciliar-estudo-advocacia-publica\/\",\"url\":\"https:\/\/www.estrategiaconcursos.com.br\/blog\/como-conciliar-estudo-advocacia-publica\/\",\"name\":\"Como Conciliar o Estudo para Advocacia P\u00fablica \u2013 PGM, PGE, AGU\",\"isPartOf\":{\"@id\":\"https:\/\/www.estrategiaconcursos.com.br\/blog\/#website\"},\"primaryImageOfPage\":{\"@id\":\"https:\/\/www.estrategiaconcursos.com.br\/blog\/como-conciliar-estudo-advocacia-publica\/#primaryimage\"},\"image\":{\"@id\":\"https:\/\/www.estrategiaconcursos.com.br\/blog\/como-conciliar-estudo-advocacia-publica\/#primaryimage\"},\"thumbnailUrl\":\"https:\/\/dhg1h5j42swfq.cloudfront.net\/2020\/08\/22153131\/YTB_adv_publica.jpg\",\"datePublished\":\"2020-08-24T18:04:00+00:00\",\"description\":\"Nesta segunda-feira, os professores Thais Souza e Rodolfo Pennate ensinam como conciliar o estudo para Advocacia P\u00fablica - PGM, PGE, AGU. N\u00e3o perca!\",\"breadcrumb\":{\"@id\":\"https:\/\/www.estrategiaconcursos.com.br\/blog\/como-conciliar-estudo-advocacia-publica\/#breadcrumb\"},\"inLanguage\":\"pt-BR\",\"potentialAction\":[{\"@type\":\"ReadAction\",\"target\":[\"https:\/\/www.estrategiaconcursos.com.br\/blog\/como-conciliar-estudo-advocacia-publica\/\"]}]},{\"@type\":\"ImageObject\",\"inLanguage\":\"pt-BR\",\"@id\":\"https:\/\/www.estrategiaconcursos.com.br\/blog\/como-conciliar-estudo-advocacia-publica\/#primaryimage\",\"url\":\"https:\/\/dhg1h5j42swfq.cloudfront.net\/2020\/08\/22153131\/YTB_adv_publica.jpg\",\"contentUrl\":\"https:\/\/dhg1h5j42swfq.cloudfront.net\/2020\/08\/22153131\/YTB_adv_publica.jpg\",\"width\":1280,\"height\":720,\"caption\":\"Como conciliar o estudo para advocacia p\u00fablica\"},{\"@type\":\"BreadcrumbList\",\"@id\":\"https:\/\/www.estrategiaconcursos.com.br\/blog\/como-conciliar-estudo-advocacia-publica\/#breadcrumb\",\"itemListElement\":[{\"@type\":\"ListItem\",\"position\":1,\"name\":\"In\u00edcio\",\"item\":\"https:\/\/www.estrategiaconcursos.com.br\/blog\/\"},{\"@type\":\"ListItem\",\"position\":2,\"name\":\"Como Conciliar o Estudo para Advocacia P\u00fablica \u2013 PGM, PGE, AGU\"}]},{\"@type\":\"WebSite\",\"@id\":\"https:\/\/www.estrategiaconcursos.com.br\/blog\/#website\",\"url\":\"https:\/\/www.estrategiaconcursos.com.br\/blog\/\",\"name\":\"Estrat\u00e9gia Concursos\",\"description\":\"O blog da Estrat\u00e9gia Concursos traz not\u00edcias sobre concursos e artigos de professores oferecendo cursos para concursos (pdf + videaulas) no site.\",\"publisher\":{\"@id\":\"https:\/\/www.estrategiaconcursos.com.br\/blog\/#organization\"},\"potentialAction\":[{\"@type\":\"SearchAction\",\"target\":{\"@type\":\"EntryPoint\",\"urlTemplate\":\"https:\/\/www.estrategiaconcursos.com.br\/blog\/?s={search_term_string}\"},\"query-input\":{\"@type\":\"PropertyValueSpecification\",\"valueRequired\":true,\"valueName\":\"search_term_string\"}}],\"inLanguage\":\"pt-BR\"},{\"@type\":\"Organization\",\"@id\":\"https:\/\/www.estrategiaconcursos.com.br\/blog\/#organization\",\"name\":\"Estrat\u00e9gia Concursos\",\"url\":\"https:\/\/www.estrategiaconcursos.com.br\/blog\/\",\"logo\":{\"@type\":\"ImageObject\",\"inLanguage\":\"pt-BR\",\"@id\":\"https:\/\/www.estrategiaconcursos.com.br\/blog\/#\/schema\/logo\/image\/\",\"url\":\"https:\/\/dhg1h5j42swfq.cloudfront.net\/2025\/06\/03203428\/logo_concursos-1.jpg\",\"contentUrl\":\"https:\/\/dhg1h5j42swfq.cloudfront.net\/2025\/06\/03203428\/logo_concursos-1.jpg\",\"width\":230,\"height\":60,\"caption\":\"Estrat\u00e9gia Concursos\"},\"image\":{\"@id\":\"https:\/\/www.estrategiaconcursos.com.br\/blog\/#\/schema\/logo\/image\/\"},\"sameAs\":[\"https:\/\/x.com\/EstratConcursos\"]},{\"@type\":\"Person\",\"@id\":\"https:\/\/www.estrategiaconcursos.com.br\/blog\/#\/schema\/person\/f6cf94f3aa8ed75620a4506ad577b88a\",\"name\":\"Paulo Sousa (Coord.)\",\"image\":{\"@type\":\"ImageObject\",\"inLanguage\":\"pt-BR\",\"@id\":\"https:\/\/secure.gravatar.com\/avatar\/29f9e2d4ed868d929b68f3762e3577b9db519beed74b347b76e194f9a3293cf1?s=96&d=mm&r=g\",\"url\":\"https:\/\/secure.gravatar.com\/avatar\/29f9e2d4ed868d929b68f3762e3577b9db519beed74b347b76e194f9a3293cf1?s=96&d=mm&r=g\",\"contentUrl\":\"https:\/\/secure.gravatar.com\/avatar\/29f9e2d4ed868d929b68f3762e3577b9db519beed74b347b76e194f9a3293cf1?s=96&d=mm&r=g\",\"caption\":\"Paulo Sousa (Coord.)\"},\"url\":\"https:\/\/www.estrategiaconcursos.com.br\/blog\/author\/prof-phmsestrategiaconcursos-com-br\/\"}]}<\/script>\n<!-- \/ Yoast SEO Premium plugin. -->","yoast_head_json":{"title":"Como Conciliar o Estudo para Advocacia P\u00fablica \u2013 PGM, PGE, AGU","description":"Nesta segunda-feira, os professores Thais Souza e Rodolfo Pennate ensinam como conciliar o estudo para Advocacia P\u00fablica - PGM, PGE, AGU. N\u00e3o perca!","robots":{"index":"index","follow":"follow","max-snippet":"max-snippet:-1","max-image-preview":"max-image-preview:large","max-video-preview":"max-video-preview:-1"},"canonical":"https:\/\/www.estrategiaconcursos.com.br\/blog\/como-conciliar-estudo-advocacia-publica\/","og_locale":"pt_BR","og_type":"article","og_title":"Como Conciliar o Estudo para Advocacia P\u00fablica \u2013 PGM, PGE, AGU","og_description":"Nesta segunda-feira, os professores Thais Souza e Rodolfo Pennate ensinam como conciliar o estudo para Advocacia P\u00fablica - PGM, PGE, AGU. N\u00e3o perca!","og_url":"https:\/\/www.estrategiaconcursos.com.br\/blog\/como-conciliar-estudo-advocacia-publica\/","og_site_name":"Estrat\u00e9gia Concursos","article_published_time":"2020-08-24T18:04:00+00:00","og_image":[{"width":1280,"height":720,"url":"https:\/\/dhg1h5j42swfq.cloudfront.net\/2020\/08\/22153131\/YTB_adv_publica.jpg","type":"image\/jpeg"}],"author":"Paulo Sousa (Coord.)","twitter_card":"summary_large_image","twitter_creator":"@EstratConcursos","twitter_site":"@EstratConcursos","twitter_misc":{"Escrito por":"Paulo Sousa (Coord.)","Est. tempo de leitura":"3 minutos"},"schema":{"@context":"https:\/\/schema.org","@graph":[{"@type":"NewsArticle","@id":"https:\/\/www.estrategiaconcursos.com.br\/blog\/como-conciliar-estudo-advocacia-publica\/#article","isPartOf":{"@id":"https:\/\/www.estrategiaconcursos.com.br\/blog\/como-conciliar-estudo-advocacia-publica\/"},"author":{"name":"Paulo Sousa (Coord.)","@id":"https:\/\/www.estrategiaconcursos.com.br\/blog\/#\/schema\/person\/f6cf94f3aa8ed75620a4506ad577b88a"},"headline":"Como Conciliar o Estudo para Advocacia P\u00fablica \u2013 PGM, PGE, AGU","datePublished":"2020-08-24T18:04:00+00:00","mainEntityOfPage":{"@id":"https:\/\/www.estrategiaconcursos.com.br\/blog\/como-conciliar-estudo-advocacia-publica\/"},"wordCount":564,"commentCount":0,"publisher":{"@id":"https:\/\/www.estrategiaconcursos.com.br\/blog\/#organization"},"image":{"@id":"https:\/\/www.estrategiaconcursos.com.br\/blog\/como-conciliar-estudo-advocacia-publica\/#primaryimage"},"thumbnailUrl":"https:\/\/dhg1h5j42swfq.cloudfront.net\/2020\/08\/22153131\/YTB_adv_publica.jpg","articleSection":["Concursos P\u00fablicos"],"inLanguage":"pt-BR","potentialAction":[{"@type":"CommentAction","name":"Comment","target":["https:\/\/www.estrategiaconcursos.com.br\/blog\/como-conciliar-estudo-advocacia-publica\/#respond"]}],"copyrightYear":"2020","copyrightHolder":{"@id":"https:\/\/www.estrategiaconcursos.com.br\/blog\/#organization"}},{"@type":"WebPage","@id":"https:\/\/www.estrategiaconcursos.com.br\/blog\/como-conciliar-estudo-advocacia-publica\/","url":"https:\/\/www.estrategiaconcursos.com.br\/blog\/como-conciliar-estudo-advocacia-publica\/","name":"Como Conciliar o Estudo para Advocacia P\u00fablica \u2013 PGM, PGE, AGU","isPartOf":{"@id":"https:\/\/www.estrategiaconcursos.com.br\/blog\/#website"},"primaryImageOfPage":{"@id":"https:\/\/www.estrategiaconcursos.com.br\/blog\/como-conciliar-estudo-advocacia-publica\/#primaryimage"},"image":{"@id":"https:\/\/www.estrategiaconcursos.com.br\/blog\/como-conciliar-estudo-advocacia-publica\/#primaryimage"},"thumbnailUrl":"https:\/\/dhg1h5j42swfq.cloudfront.net\/2020\/08\/22153131\/YTB_adv_publica.jpg","datePublished":"2020-08-24T18:04:00+00:00","description":"Nesta segunda-feira, os professores Thais Souza e Rodolfo Pennate ensinam como conciliar o estudo para Advocacia P\u00fablica - PGM, PGE, AGU. N\u00e3o perca!","breadcrumb":{"@id":"https:\/\/www.estrategiaconcursos.com.br\/blog\/como-conciliar-estudo-advocacia-publica\/#breadcrumb"},"inLanguage":"pt-BR","potentialAction":[{"@type":"ReadAction","target":["https:\/\/www.estrategiaconcursos.com.br\/blog\/como-conciliar-estudo-advocacia-publica\/"]}]},{"@type":"ImageObject","inLanguage":"pt-BR","@id":"https:\/\/www.estrategiaconcursos.com.br\/blog\/como-conciliar-estudo-advocacia-publica\/#primaryimage","url":"https:\/\/dhg1h5j42swfq.cloudfront.net\/2020\/08\/22153131\/YTB_adv_publica.jpg","contentUrl":"https:\/\/dhg1h5j42swfq.cloudfront.net\/2020\/08\/22153131\/YTB_adv_publica.jpg","width":1280,"height":720,"caption":"Como conciliar o estudo para advocacia p\u00fablica"},{"@type":"BreadcrumbList","@id":"https:\/\/www.estrategiaconcursos.com.br\/blog\/como-conciliar-estudo-advocacia-publica\/#breadcrumb","itemListElement":[{"@type":"ListItem","position":1,"name":"In\u00edcio","item":"https:\/\/www.estrategiaconcursos.com.br\/blog\/"},{"@type":"ListItem","position":2,"name":"Como Conciliar o Estudo para Advocacia P\u00fablica \u2013 PGM, PGE, AGU"}]},{"@type":"WebSite","@id":"https:\/\/www.estrategiaconcursos.com.br\/blog\/#website","url":"https:\/\/www.estrategiaconcursos.com.br\/blog\/","name":"Estrat\u00e9gia Concursos","description":"O blog da Estrat\u00e9gia Concursos traz not\u00edcias sobre concursos e artigos de professores oferecendo cursos para concursos (pdf + videaulas) no site.","publisher":{"@id":"https:\/\/www.estrategiaconcursos.com.br\/blog\/#organization"},"potentialAction":[{"@type":"SearchAction","target":{"@type":"EntryPoint","urlTemplate":"https:\/\/www.estrategiaconcursos.com.br\/blog\/?s={search_term_string}"},"query-input":{"@type":"PropertyValueSpecification","valueRequired":true,"valueName":"search_term_string"}}],"inLanguage":"pt-BR"},{"@type":"Organization","@id":"https:\/\/www.estrategiaconcursos.com.br\/blog\/#organization","name":"Estrat\u00e9gia Concursos","url":"https:\/\/www.estrategiaconcursos.com.br\/blog\/","logo":{"@type":"ImageObject","inLanguage":"pt-BR","@id":"https:\/\/www.estrategiaconcursos.com.br\/blog\/#\/schema\/logo\/image\/","url":"https:\/\/dhg1h5j42swfq.cloudfront.net\/2025\/06\/03203428\/logo_concursos-1.jpg","contentUrl":"https:\/\/dhg1h5j42swfq.cloudfront.net\/2025\/06\/03203428\/logo_concursos-1.jpg","width":230,"height":60,"caption":"Estrat\u00e9gia Concursos"},"image":{"@id":"https:\/\/www.estrategiaconcursos.com.br\/blog\/#\/schema\/logo\/image\/"},"sameAs":["https:\/\/x.com\/EstratConcursos"]},{"@type":"Person","@id":"https:\/\/www.estrategiaconcursos.com.br\/blog\/#\/schema\/person\/f6cf94f3aa8ed75620a4506ad577b88a","name":"Paulo Sousa (Coord.)","image":{"@type":"ImageObject","inLanguage":"pt-BR","@id":"https:\/\/secure.gravatar.com\/avatar\/29f9e2d4ed868d929b68f3762e3577b9db519beed74b347b76e194f9a3293cf1?s=96&d=mm&r=g","url":"https:\/\/secure.gravatar.com\/avatar\/29f9e2d4ed868d929b68f3762e3577b9db519beed74b347b76e194f9a3293cf1?s=96&d=mm&r=g","contentUrl":"https:\/\/secure.gravatar.com\/avatar\/29f9e2d4ed868d929b68f3762e3577b9db519beed74b347b76e194f9a3293cf1?s=96&d=mm&r=g","caption":"Paulo Sousa (Coord.)"},"url":"https:\/\/www.estrategiaconcursos.com.br\/blog\/author\/prof-phmsestrategiaconcursos-com-br\/"}]}},"_links":{"self":[{"href":"https:\/\/www.estrategiaconcursos.com.br\/blog\/wp-json\/wp\/v2\/posts\/559481","targetHints":{"allow":["GET"]}}],"collection":[{"href":"https:\/\/www.estrategiaconcursos.com.br\/blog\/wp-json\/wp\/v2\/posts"}],"about":[{"href":"https:\/\/www.estrategiaconcursos.com.br\/blog\/wp-json\/wp\/v2\/types\/post"}],"author":[{"embeddable":true,"href":"https:\/\/www.estrategiaconcursos.com.br\/blog\/wp-json\/wp\/v2\/users\/1094"}],"replies":[{"embeddable":true,"href":"https:\/\/www.estrategiaconcursos.com.br\/blog\/wp-json\/wp\/v2\/comments?post=559481"}],"version-history":[{"count":9,"href":"https:\/\/www.estrategiaconcursos.com.br\/blog\/wp-json\/wp\/v2\/posts\/559481\/revisions"}],"predecessor-version":[{"id":559700,"href":"https:\/\/www.estrategiaconcursos.com.br\/blog\/wp-json\/wp\/v2\/posts\/559481\/revisions\/559700"}],"wp:featuredmedia":[{"embeddable":true,"href":"https:\/\/www.estrategiaconcursos.com.br\/blog\/wp-json\/wp\/v2\/media\/559487"}],"wp:attachment":[{"href":"https:\/\/www.estrategiaconcursos.com.br\/blog\/wp-json\/wp\/v2\/media?parent=559481"}],"wp:term":[{"taxonomy":"category","embeddable":true,"href":"https:\/\/www.estrategiaconcursos.com.br\/blog\/wp-json\/wp\/v2\/categories?post=559481"},{"taxonomy":"post_tag","embeddable":true,"href":"https:\/\/www.estrategiaconcursos.com.br\/blog\/wp-json\/wp\/v2\/tags?post=559481"},{"taxonomy":"tax_estado","embeddable":true,"href":"https:\/\/www.estrategiaconcursos.com.br\/blog\/wp-json\/wp\/v2\/tax_estado?post=559481"}],"curies":[{"name":"wp","href":"https:\/\/api.w.org\/{rel}","templated":true}]}}