{"id":559424,"date":"2020-08-22T13:00:20","date_gmt":"2020-08-22T16:00:20","guid":{"rendered":"https:\/\/www.estrategiaconcursos.com.br\/blog\/?p=559424"},"modified":"2023-06-29T09:32:41","modified_gmt":"2023-06-29T12:32:41","slug":"mp-sp-convocacoes-oficial-de-promotoria","status":"publish","type":"post","link":"https:\/\/www.estrategiaconcursos.com.br\/blog\/mp-sp-convocacoes-oficial-de-promotoria\/","title":{"rendered":"MP SP retoma convoca\u00e7\u00f5es  no concurso de oficial de promotoria"},"content":{"rendered":"\n<p>O Minist\u00e9rio P\u00fablico do Estado de S\u00e3o Paulo, em uma publica\u00e7\u00e3o no Di\u00e1rio Oficial do Estado da \u00faltima quinta-feira, 20 de agosto, divulgou uma nova convoca\u00e7\u00e3o de aprovados no concurso p\u00fablico para provimento de cargos de oficial de promotoria publicado em 2016.<\/p>\n\n\n\n<p>A publica\u00e7\u00e3o diz respeito os candidatos constantes das Listas de Classifica\u00e7\u00e3o Geral das \u00c1reas Regionais da Capital, Bauru, Franca, Santos e Taubat\u00e9 a fim de manifestarem interesse quanto \u00e0 nomea\u00e7\u00e3o, devendo apenas optar pela localidade dentro da \u00c1rea Regional para a qual foram classificados. <\/p>\n\n\n\n<p>Os candidatos aprovados para oficial de promotoria dever\u00e3o manifestar interesse at\u00e9 o dia 27 de agosto, quinta-feira, quanto \u00e0 localidade de trabalho oferecida na convoca\u00e7\u00e3o. Os requerimentos dever\u00e3o ser encaminhados ao Centro de Recursos Humanos, no endere\u00e7o eletr\u00f4nico crhconvoca@mpsp.mp.br. <\/p>\n\n\n\n<p>Segundo a publica\u00e7\u00e3o, a mera manifesta\u00e7\u00e3o de interesse n\u00e3o gera direito \u00e0 nomea\u00e7\u00e3o e as vagas existentes ser\u00e3o preenchidas respeitando-se a ordem <br \/>de classifica\u00e7\u00e3o dos candidatos. O candidato que n\u00e3o conseguir a vaga escolhida ou n\u00e3o se manifestar permanecer\u00e1 na lista de classifica\u00e7\u00e3o, aguardando nova oportunidade, at\u00e9 a expira\u00e7\u00e3o do prazo de validade do concurso.<\/p>\n\n\n\n<p>A classifica\u00e7\u00e3o final do certame foi publicada em setembro de 2016 e, em agosto de 2018 o certame foi prorrogado por mais dois anos, de maneira que sua validade inicialmente iria at\u00e9 setembro deste ano. Com os impactos da pandemia de coronav\u00edrus no pa\u00eds e suspens\u00f5es nas convoca\u00e7\u00f5es, o per\u00edodo pode se estender at\u00e9 o fim do ano. <\/p>\n\n\n\n<p>O concurso para oficial de promotoria realizado em 2016 pelo \u00f3rg\u00e3o ofertou 73 vagas diretas mais cadastro reserva, sendo organizado pela Vunesp e tendo como requisito de escolaridade apenas o n\u00edvel m\u00e9dio. Apesar do simb\u00f3lico n\u00famero de vagas do edital, s\u00f3 a capital j\u00e1 convocou 700 aprovados at\u00e9 o momento. <\/p>\n\n\n\n<p class=\"has-text-align-center has-very-light-gray-background-color has-background\"><a href=\"https:\/\/dhg1h5j42swfq.cloudfront.net\/2020\/08\/22125427\/GatewayPDF.pdf\" target=\"_blank\" rel=\"noreferrer noopener\">Clique aqui<\/a> e acesse as novas convoca\u00e7\u00f5es. <\/p>\n\n\n\n<p class=\"has-text-align-center has-pale-cyan-blue-background-color has-background has-medium-font-size\"><strong>Mais informa\u00e7\u00f5es: <a href=\"https:\/\/www.estrategiaconcursos.com.br\/blog\/concurso-mp-sp\" target=\"_blank\" rel=\"noreferrer noopener\">Concurso MP SP<\/a> <\/strong><\/p>\n\n\n\n<h2 class=\"wp-block-heading\" id=\"cursos-concurso\"><strong><em>Quer estudar para Concurso Oficial de Promotoria MP SP?<\/em><\/strong><\/h2>\n\n\n\n<p class=\"has-text-align-center\"><em><strong>Gostou desta oportunidade e deseja come\u00e7ar se preparar agora mesmo para o concurso MP SP?  Ent\u00e3o, confira os nossos cursos e comece a estudar<\/strong><\/em>:<\/p>\n\n\n\n<p class=\"has-text-align-center has-light-green-cyan-background-color has-background\"><span style=\"font-size: 18pt;\"> <strong><a rel=\"noopener noreferrer\" href=\"https:\/\/www.estrategiaconcursos.com.br\/cursosPorConcurso\/ministerio-publico-de-sao-paulo-mp-sp\/\" target=\"_blank\">CURSO MP SP<\/a><\/strong><\/span><\/p>\n\n\n\n<p class=\"has-text-align-center has-medium-font-size\"><em><strong>Assinatura Anual Ilimitada*<\/strong><\/em><\/p>\n\n\n\n<p class=\"has-text-align-center\"><em>Prepare-se com o melhor material e com quem mais aprova em&nbsp;Concursos P\u00fablicos de todo o pa\u00eds. Assine agora a nossa Assinatura Anual e tenha acesso ilimitado* a todos os nossos cursos e tamb\u00e9m para o MPSP.<\/em><\/p>\n\n\n\n<p class=\"has-text-align-center has-luminous-vivid-amber-background-color has-background\"><strong>ASSINE AGORA<\/strong>&nbsp;\u2013&nbsp;<strong><a href=\"https:\/\/www.estrategiaconcursos.com.br\/assinaturas\" target=\"_blank\" rel=\"noreferrer noopener\">Assinatura Ilimitada<\/a><\/strong><\/p>\n\n\n\n<p class=\"has-text-align-center has-medium-font-size\"><strong><em><strong>Sistema de Quest\u00f5es<\/strong><\/em><\/strong> <b><i>para<\/i><\/b><strong><em><b><i> <\/i><\/b><mark>Minist\u00e9rio P\u00fablico SP<\/mark><\/em><\/strong><\/p>\n\n\n\n<p class=\"has-text-align-center\">Estrat\u00e9gia Quest\u00f5es nasceu maior do que todos os concorrentes, com mais quest\u00f5es cadastradas e mais solu\u00e7\u00f5es por professores. Clique no link e aproveite os descontos e b\u00f4nus imperd\u00edveis!<\/p>\n\n\n\n<p class=\"has-text-align-center has-very-dark-gray-color has-vivid-green-cyan-background-color has-text-color has-background\" style=\"font-size:clamp(14.642px, 0.915rem + ((1vw - 3.2px) * 0.721), 22px);px\"><strong>ASSINE AGORA &#8211; <a rel=\"noreferrer noopener\" href=\"https:\/\/www.estrategiaconcursos.com.br\/cursosPorConcurso\/sistema-de-questoes\/#\/\" target=\"_blank\">Sistema de Quest\u00f5es<\/a><\/strong><\/p>\n\n\n\n<p class=\"has-text-align-center\" style=\"font-size:clamp(16.293px, 1.018rem + ((1vw - 3.2px) * 0.854), 25px);px\"><em><strong>Fique por dentro de todos os concursos<\/strong><\/em><strong><em>:<\/em><\/strong><\/p>\n\n\n\n<p class=\"has-text-align-center has-pale-cyan-blue-background-color has-background has-medium-font-size\"><strong><a href=\"https:\/\/www.estrategiaconcursos.com.br\/blog\/concursos-abertos\/\" target=\"_blank\" rel=\"noreferrer noopener\">Concursos abertos<\/a><\/strong><\/p>\n","protected":false},"excerpt":{"rendered":"<p>O Minist\u00e9rio P\u00fablico do Estado de S\u00e3o Paulo, em uma publica\u00e7\u00e3o no Di\u00e1rio Oficial do Estado da \u00faltima quinta-feira, 20 de agosto, divulgou uma nova convoca\u00e7\u00e3o de aprovados no concurso p\u00fablico para provimento de cargos de oficial de promotoria publicado em 2016. A publica\u00e7\u00e3o diz respeito os candidatos constantes das Listas de Classifica\u00e7\u00e3o Geral das [&hellip;]<\/p>\n","protected":false},"author":180,"featured_media":559425,"comment_status":"open","ping_status":"closed","sticky":false,"template":"","format":"standard","meta":{"post_tipo":"article","footnotes":""},"categories":[1],"tags":[],"tax_estado":[],"class_list":["post-559424","post","type-post","status-publish","format-standard","has-post-thumbnail","hentry","category-cursos-e-concursos"],"acf":[],"yoast_head":"<!-- This site is optimized with the Yoast SEO Premium plugin v27.2 (Yoast SEO v27.2) - https:\/\/yoast.com\/product\/yoast-seo-premium-wordpress\/ -->\n<title>MP SP retoma convoca\u00e7\u00f5es no concurso de oficial de promotoria<\/title>\n<meta name=\"description\" content=\"Divulgada nova convoca\u00e7\u00e3o de aprovados no concurso para oficial de promotoria do Minist\u00e9rio P\u00fablico de S\u00e3o Paulo realizado em 2016.\" \/>\n<meta name=\"robots\" content=\"index, follow, max-snippet:-1, max-image-preview:large, max-video-preview:-1\" \/>\n<link rel=\"canonical\" href=\"https:\/\/www.estrategiaconcursos.com.br\/blog\/mp-sp-convocacoes-oficial-de-promotoria\/\" \/>\n<meta property=\"og:locale\" content=\"pt_BR\" \/>\n<meta property=\"og:type\" content=\"article\" \/>\n<meta property=\"og:title\" content=\"MP SP retoma convoca\u00e7\u00f5es no concurso de oficial de promotoria\" \/>\n<meta property=\"og:description\" content=\"Divulgada nova convoca\u00e7\u00e3o de aprovados no concurso para oficial de promotoria do Minist\u00e9rio P\u00fablico de S\u00e3o Paulo realizado em 2016.\" \/>\n<meta property=\"og:url\" content=\"https:\/\/www.estrategiaconcursos.com.br\/blog\/mp-sp-convocacoes-oficial-de-promotoria\/\" \/>\n<meta property=\"og:site_name\" content=\"Estrat\u00e9gia Concursos\" \/>\n<meta property=\"article:author\" content=\"https:\/\/www.facebook.com\/ricardo.s.torques\" \/>\n<meta property=\"article:published_time\" content=\"2020-08-22T16:00:20+00:00\" \/>\n<meta property=\"article:modified_time\" content=\"2023-06-29T12:32:41+00:00\" \/>\n<meta property=\"og:image\" content=\"https:\/\/dhg1h5j42swfq.cloudfront.net\/2020\/08\/22123844\/MP-SP-150x150-1.jpg\" \/>\n\t<meta property=\"og:image:width\" content=\"150\" \/>\n\t<meta property=\"og:image:height\" content=\"150\" \/>\n\t<meta property=\"og:image:type\" content=\"image\/jpeg\" \/>\n<meta name=\"author\" content=\"Ricardo Torques\" \/>\n<meta name=\"twitter:card\" content=\"summary_large_image\" \/>\n<meta name=\"twitter:creator\" content=\"@EstratConcursos\" \/>\n<meta name=\"twitter:site\" content=\"@EstratConcursos\" \/>\n<meta name=\"twitter:label1\" content=\"Escrito por\" \/>\n\t<meta name=\"twitter:data1\" content=\"Ricardo Torques\" \/>\n\t<meta name=\"twitter:label2\" content=\"Est. tempo de leitura\" \/>\n\t<meta name=\"twitter:data2\" content=\"2 minutos\" \/>\n<script type=\"application\/ld+json\" class=\"yoast-schema-graph\">{\"@context\":\"https:\/\/schema.org\",\"@graph\":[{\"@type\":\"NewsArticle\",\"@id\":\"https:\/\/www.estrategiaconcursos.com.br\/blog\/mp-sp-convocacoes-oficial-de-promotoria\/#article\",\"isPartOf\":{\"@id\":\"https:\/\/www.estrategiaconcursos.com.br\/blog\/mp-sp-convocacoes-oficial-de-promotoria\/\"},\"author\":{\"name\":\"Ricardo Torques\",\"@id\":\"https:\/\/www.estrategiaconcursos.com.br\/blog\/#\/schema\/person\/aa39cf5ddb518e5bdce27c35788405e2\"},\"headline\":\"MP SP retoma convoca\u00e7\u00f5es no concurso de oficial de promotoria\",\"datePublished\":\"2020-08-22T16:00:20+00:00\",\"dateModified\":\"2023-06-29T12:32:41+00:00\",\"mainEntityOfPage\":{\"@id\":\"https:\/\/www.estrategiaconcursos.com.br\/blog\/mp-sp-convocacoes-oficial-de-promotoria\/\"},\"wordCount\":489,\"commentCount\":1,\"publisher\":{\"@id\":\"https:\/\/www.estrategiaconcursos.com.br\/blog\/#organization\"},\"image\":{\"@id\":\"https:\/\/www.estrategiaconcursos.com.br\/blog\/mp-sp-convocacoes-oficial-de-promotoria\/#primaryimage\"},\"thumbnailUrl\":\"https:\/\/dhg1h5j42swfq.cloudfront.net\/2020\/08\/22123844\/MP-SP-150x150-1.jpg\",\"articleSection\":[\"Concursos P\u00fablicos\"],\"inLanguage\":\"pt-BR\",\"potentialAction\":[{\"@type\":\"CommentAction\",\"name\":\"Comment\",\"target\":[\"https:\/\/www.estrategiaconcursos.com.br\/blog\/mp-sp-convocacoes-oficial-de-promotoria\/#respond\"]}],\"copyrightYear\":\"2020\",\"copyrightHolder\":{\"@id\":\"https:\/\/www.estrategiaconcursos.com.br\/blog\/#organization\"}},{\"@type\":\"WebPage\",\"@id\":\"https:\/\/www.estrategiaconcursos.com.br\/blog\/mp-sp-convocacoes-oficial-de-promotoria\/\",\"url\":\"https:\/\/www.estrategiaconcursos.com.br\/blog\/mp-sp-convocacoes-oficial-de-promotoria\/\",\"name\":\"MP SP retoma convoca\u00e7\u00f5es no concurso de oficial de promotoria\",\"isPartOf\":{\"@id\":\"https:\/\/www.estrategiaconcursos.com.br\/blog\/#website\"},\"primaryImageOfPage\":{\"@id\":\"https:\/\/www.estrategiaconcursos.com.br\/blog\/mp-sp-convocacoes-oficial-de-promotoria\/#primaryimage\"},\"image\":{\"@id\":\"https:\/\/www.estrategiaconcursos.com.br\/blog\/mp-sp-convocacoes-oficial-de-promotoria\/#primaryimage\"},\"thumbnailUrl\":\"https:\/\/dhg1h5j42swfq.cloudfront.net\/2020\/08\/22123844\/MP-SP-150x150-1.jpg\",\"datePublished\":\"2020-08-22T16:00:20+00:00\",\"dateModified\":\"2023-06-29T12:32:41+00:00\",\"description\":\"Divulgada nova convoca\u00e7\u00e3o de aprovados no concurso para oficial de promotoria do Minist\u00e9rio P\u00fablico de S\u00e3o Paulo realizado em 2016.\",\"breadcrumb\":{\"@id\":\"https:\/\/www.estrategiaconcursos.com.br\/blog\/mp-sp-convocacoes-oficial-de-promotoria\/#breadcrumb\"},\"inLanguage\":\"pt-BR\",\"potentialAction\":[{\"@type\":\"ReadAction\",\"target\":[\"https:\/\/www.estrategiaconcursos.com.br\/blog\/mp-sp-convocacoes-oficial-de-promotoria\/\"]}]},{\"@type\":\"ImageObject\",\"inLanguage\":\"pt-BR\",\"@id\":\"https:\/\/www.estrategiaconcursos.com.br\/blog\/mp-sp-convocacoes-oficial-de-promotoria\/#primaryimage\",\"url\":\"https:\/\/dhg1h5j42swfq.cloudfront.net\/2020\/08\/22123844\/MP-SP-150x150-1.jpg\",\"contentUrl\":\"https:\/\/dhg1h5j42swfq.cloudfront.net\/2020\/08\/22123844\/MP-SP-150x150-1.jpg\",\"width\":150,\"height\":150,\"caption\":\"oficial de promotoria\"},{\"@type\":\"BreadcrumbList\",\"@id\":\"https:\/\/www.estrategiaconcursos.com.br\/blog\/mp-sp-convocacoes-oficial-de-promotoria\/#breadcrumb\",\"itemListElement\":[{\"@type\":\"ListItem\",\"position\":1,\"name\":\"In\u00edcio\",\"item\":\"https:\/\/www.estrategiaconcursos.com.br\/blog\/\"},{\"@type\":\"ListItem\",\"position\":2,\"name\":\"MP SP retoma convoca\u00e7\u00f5es no concurso de oficial de promotoria\"}]},{\"@type\":\"WebSite\",\"@id\":\"https:\/\/www.estrategiaconcursos.com.br\/blog\/#website\",\"url\":\"https:\/\/www.estrategiaconcursos.com.br\/blog\/\",\"name\":\"Estrat\u00e9gia Concursos\",\"description\":\"O blog da Estrat\u00e9gia Concursos traz not\u00edcias sobre concursos e artigos de professores oferecendo cursos para concursos (pdf + videaulas) no site.\",\"publisher\":{\"@id\":\"https:\/\/www.estrategiaconcursos.com.br\/blog\/#organization\"},\"potentialAction\":[{\"@type\":\"SearchAction\",\"target\":{\"@type\":\"EntryPoint\",\"urlTemplate\":\"https:\/\/www.estrategiaconcursos.com.br\/blog\/?s={search_term_string}\"},\"query-input\":{\"@type\":\"PropertyValueSpecification\",\"valueRequired\":true,\"valueName\":\"search_term_string\"}}],\"inLanguage\":\"pt-BR\"},{\"@type\":\"Organization\",\"@id\":\"https:\/\/www.estrategiaconcursos.com.br\/blog\/#organization\",\"name\":\"Estrat\u00e9gia Concursos\",\"url\":\"https:\/\/www.estrategiaconcursos.com.br\/blog\/\",\"logo\":{\"@type\":\"ImageObject\",\"inLanguage\":\"pt-BR\",\"@id\":\"https:\/\/www.estrategiaconcursos.com.br\/blog\/#\/schema\/logo\/image\/\",\"url\":\"https:\/\/dhg1h5j42swfq.cloudfront.net\/2025\/06\/03203428\/logo_concursos-1.jpg\",\"contentUrl\":\"https:\/\/dhg1h5j42swfq.cloudfront.net\/2025\/06\/03203428\/logo_concursos-1.jpg\",\"width\":230,\"height\":60,\"caption\":\"Estrat\u00e9gia Concursos\"},\"image\":{\"@id\":\"https:\/\/www.estrategiaconcursos.com.br\/blog\/#\/schema\/logo\/image\/\"},\"sameAs\":[\"https:\/\/x.com\/EstratConcursos\"]},{\"@type\":\"Person\",\"@id\":\"https:\/\/www.estrategiaconcursos.com.br\/blog\/#\/schema\/person\/aa39cf5ddb518e5bdce27c35788405e2\",\"name\":\"Ricardo Torques\",\"image\":{\"@type\":\"ImageObject\",\"inLanguage\":\"pt-BR\",\"@id\":\"https:\/\/secure.gravatar.com\/avatar\/ce9ac6c3cff25fe86d15ed568ebc64d1724baf5c0693133bcb1f6073f712f92a?s=96&d=mm&r=g\",\"url\":\"https:\/\/secure.gravatar.com\/avatar\/ce9ac6c3cff25fe86d15ed568ebc64d1724baf5c0693133bcb1f6073f712f92a?s=96&d=mm&r=g\",\"contentUrl\":\"https:\/\/secure.gravatar.com\/avatar\/ce9ac6c3cff25fe86d15ed568ebc64d1724baf5c0693133bcb1f6073f712f92a?s=96&d=mm&r=g\",\"caption\":\"Ricardo Torques\"},\"sameAs\":[\"https:\/\/www.facebook.com\/ricardo.s.torques\"],\"url\":\"https:\/\/www.estrategiaconcursos.com.br\/blog\/author\/ricardotorquesestrategiaconcursos-com-br\/\"}]}<\/script>\n<!-- \/ Yoast SEO Premium plugin. -->","yoast_head_json":{"title":"MP SP retoma convoca\u00e7\u00f5es no concurso de oficial de promotoria","description":"Divulgada nova convoca\u00e7\u00e3o de aprovados no concurso para oficial de promotoria do Minist\u00e9rio P\u00fablico de S\u00e3o Paulo realizado em 2016.","robots":{"index":"index","follow":"follow","max-snippet":"max-snippet:-1","max-image-preview":"max-image-preview:large","max-video-preview":"max-video-preview:-1"},"canonical":"https:\/\/www.estrategiaconcursos.com.br\/blog\/mp-sp-convocacoes-oficial-de-promotoria\/","og_locale":"pt_BR","og_type":"article","og_title":"MP SP retoma convoca\u00e7\u00f5es no concurso de oficial de promotoria","og_description":"Divulgada nova convoca\u00e7\u00e3o de aprovados no concurso para oficial de promotoria do Minist\u00e9rio P\u00fablico de S\u00e3o Paulo realizado em 2016.","og_url":"https:\/\/www.estrategiaconcursos.com.br\/blog\/mp-sp-convocacoes-oficial-de-promotoria\/","og_site_name":"Estrat\u00e9gia Concursos","article_author":"https:\/\/www.facebook.com\/ricardo.s.torques","article_published_time":"2020-08-22T16:00:20+00:00","article_modified_time":"2023-06-29T12:32:41+00:00","og_image":[{"width":150,"height":150,"url":"https:\/\/dhg1h5j42swfq.cloudfront.net\/2020\/08\/22123844\/MP-SP-150x150-1.jpg","type":"image\/jpeg"}],"author":"Ricardo Torques","twitter_card":"summary_large_image","twitter_creator":"@EstratConcursos","twitter_site":"@EstratConcursos","twitter_misc":{"Escrito por":"Ricardo Torques","Est. tempo de leitura":"2 minutos"},"schema":{"@context":"https:\/\/schema.org","@graph":[{"@type":"NewsArticle","@id":"https:\/\/www.estrategiaconcursos.com.br\/blog\/mp-sp-convocacoes-oficial-de-promotoria\/#article","isPartOf":{"@id":"https:\/\/www.estrategiaconcursos.com.br\/blog\/mp-sp-convocacoes-oficial-de-promotoria\/"},"author":{"name":"Ricardo Torques","@id":"https:\/\/www.estrategiaconcursos.com.br\/blog\/#\/schema\/person\/aa39cf5ddb518e5bdce27c35788405e2"},"headline":"MP SP retoma convoca\u00e7\u00f5es no concurso de oficial de promotoria","datePublished":"2020-08-22T16:00:20+00:00","dateModified":"2023-06-29T12:32:41+00:00","mainEntityOfPage":{"@id":"https:\/\/www.estrategiaconcursos.com.br\/blog\/mp-sp-convocacoes-oficial-de-promotoria\/"},"wordCount":489,"commentCount":1,"publisher":{"@id":"https:\/\/www.estrategiaconcursos.com.br\/blog\/#organization"},"image":{"@id":"https:\/\/www.estrategiaconcursos.com.br\/blog\/mp-sp-convocacoes-oficial-de-promotoria\/#primaryimage"},"thumbnailUrl":"https:\/\/dhg1h5j42swfq.cloudfront.net\/2020\/08\/22123844\/MP-SP-150x150-1.jpg","articleSection":["Concursos P\u00fablicos"],"inLanguage":"pt-BR","potentialAction":[{"@type":"CommentAction","name":"Comment","target":["https:\/\/www.estrategiaconcursos.com.br\/blog\/mp-sp-convocacoes-oficial-de-promotoria\/#respond"]}],"copyrightYear":"2020","copyrightHolder":{"@id":"https:\/\/www.estrategiaconcursos.com.br\/blog\/#organization"}},{"@type":"WebPage","@id":"https:\/\/www.estrategiaconcursos.com.br\/blog\/mp-sp-convocacoes-oficial-de-promotoria\/","url":"https:\/\/www.estrategiaconcursos.com.br\/blog\/mp-sp-convocacoes-oficial-de-promotoria\/","name":"MP SP retoma convoca\u00e7\u00f5es no concurso de oficial de promotoria","isPartOf":{"@id":"https:\/\/www.estrategiaconcursos.com.br\/blog\/#website"},"primaryImageOfPage":{"@id":"https:\/\/www.estrategiaconcursos.com.br\/blog\/mp-sp-convocacoes-oficial-de-promotoria\/#primaryimage"},"image":{"@id":"https:\/\/www.estrategiaconcursos.com.br\/blog\/mp-sp-convocacoes-oficial-de-promotoria\/#primaryimage"},"thumbnailUrl":"https:\/\/dhg1h5j42swfq.cloudfront.net\/2020\/08\/22123844\/MP-SP-150x150-1.jpg","datePublished":"2020-08-22T16:00:20+00:00","dateModified":"2023-06-29T12:32:41+00:00","description":"Divulgada nova convoca\u00e7\u00e3o de aprovados no concurso para oficial de promotoria do Minist\u00e9rio P\u00fablico de S\u00e3o Paulo realizado em 2016.","breadcrumb":{"@id":"https:\/\/www.estrategiaconcursos.com.br\/blog\/mp-sp-convocacoes-oficial-de-promotoria\/#breadcrumb"},"inLanguage":"pt-BR","potentialAction":[{"@type":"ReadAction","target":["https:\/\/www.estrategiaconcursos.com.br\/blog\/mp-sp-convocacoes-oficial-de-promotoria\/"]}]},{"@type":"ImageObject","inLanguage":"pt-BR","@id":"https:\/\/www.estrategiaconcursos.com.br\/blog\/mp-sp-convocacoes-oficial-de-promotoria\/#primaryimage","url":"https:\/\/dhg1h5j42swfq.cloudfront.net\/2020\/08\/22123844\/MP-SP-150x150-1.jpg","contentUrl":"https:\/\/dhg1h5j42swfq.cloudfront.net\/2020\/08\/22123844\/MP-SP-150x150-1.jpg","width":150,"height":150,"caption":"oficial de promotoria"},{"@type":"BreadcrumbList","@id":"https:\/\/www.estrategiaconcursos.com.br\/blog\/mp-sp-convocacoes-oficial-de-promotoria\/#breadcrumb","itemListElement":[{"@type":"ListItem","position":1,"name":"In\u00edcio","item":"https:\/\/www.estrategiaconcursos.com.br\/blog\/"},{"@type":"ListItem","position":2,"name":"MP SP retoma convoca\u00e7\u00f5es no concurso de oficial de promotoria"}]},{"@type":"WebSite","@id":"https:\/\/www.estrategiaconcursos.com.br\/blog\/#website","url":"https:\/\/www.estrategiaconcursos.com.br\/blog\/","name":"Estrat\u00e9gia Concursos","description":"O blog da Estrat\u00e9gia Concursos traz not\u00edcias sobre concursos e artigos de professores oferecendo cursos para concursos (pdf + videaulas) no site.","publisher":{"@id":"https:\/\/www.estrategiaconcursos.com.br\/blog\/#organization"},"potentialAction":[{"@type":"SearchAction","target":{"@type":"EntryPoint","urlTemplate":"https:\/\/www.estrategiaconcursos.com.br\/blog\/?s={search_term_string}"},"query-input":{"@type":"PropertyValueSpecification","valueRequired":true,"valueName":"search_term_string"}}],"inLanguage":"pt-BR"},{"@type":"Organization","@id":"https:\/\/www.estrategiaconcursos.com.br\/blog\/#organization","name":"Estrat\u00e9gia Concursos","url":"https:\/\/www.estrategiaconcursos.com.br\/blog\/","logo":{"@type":"ImageObject","inLanguage":"pt-BR","@id":"https:\/\/www.estrategiaconcursos.com.br\/blog\/#\/schema\/logo\/image\/","url":"https:\/\/dhg1h5j42swfq.cloudfront.net\/2025\/06\/03203428\/logo_concursos-1.jpg","contentUrl":"https:\/\/dhg1h5j42swfq.cloudfront.net\/2025\/06\/03203428\/logo_concursos-1.jpg","width":230,"height":60,"caption":"Estrat\u00e9gia Concursos"},"image":{"@id":"https:\/\/www.estrategiaconcursos.com.br\/blog\/#\/schema\/logo\/image\/"},"sameAs":["https:\/\/x.com\/EstratConcursos"]},{"@type":"Person","@id":"https:\/\/www.estrategiaconcursos.com.br\/blog\/#\/schema\/person\/aa39cf5ddb518e5bdce27c35788405e2","name":"Ricardo Torques","image":{"@type":"ImageObject","inLanguage":"pt-BR","@id":"https:\/\/secure.gravatar.com\/avatar\/ce9ac6c3cff25fe86d15ed568ebc64d1724baf5c0693133bcb1f6073f712f92a?s=96&d=mm&r=g","url":"https:\/\/secure.gravatar.com\/avatar\/ce9ac6c3cff25fe86d15ed568ebc64d1724baf5c0693133bcb1f6073f712f92a?s=96&d=mm&r=g","contentUrl":"https:\/\/secure.gravatar.com\/avatar\/ce9ac6c3cff25fe86d15ed568ebc64d1724baf5c0693133bcb1f6073f712f92a?s=96&d=mm&r=g","caption":"Ricardo Torques"},"sameAs":["https:\/\/www.facebook.com\/ricardo.s.torques"],"url":"https:\/\/www.estrategiaconcursos.com.br\/blog\/author\/ricardotorquesestrategiaconcursos-com-br\/"}]}},"_links":{"self":[{"href":"https:\/\/www.estrategiaconcursos.com.br\/blog\/wp-json\/wp\/v2\/posts\/559424","targetHints":{"allow":["GET"]}}],"collection":[{"href":"https:\/\/www.estrategiaconcursos.com.br\/blog\/wp-json\/wp\/v2\/posts"}],"about":[{"href":"https:\/\/www.estrategiaconcursos.com.br\/blog\/wp-json\/wp\/v2\/types\/post"}],"author":[{"embeddable":true,"href":"https:\/\/www.estrategiaconcursos.com.br\/blog\/wp-json\/wp\/v2\/users\/180"}],"replies":[{"embeddable":true,"href":"https:\/\/www.estrategiaconcursos.com.br\/blog\/wp-json\/wp\/v2\/comments?post=559424"}],"version-history":[{"count":5,"href":"https:\/\/www.estrategiaconcursos.com.br\/blog\/wp-json\/wp\/v2\/posts\/559424\/revisions"}],"predecessor-version":[{"id":1240805,"href":"https:\/\/www.estrategiaconcursos.com.br\/blog\/wp-json\/wp\/v2\/posts\/559424\/revisions\/1240805"}],"wp:featuredmedia":[{"embeddable":true,"href":"https:\/\/www.estrategiaconcursos.com.br\/blog\/wp-json\/wp\/v2\/media\/559425"}],"wp:attachment":[{"href":"https:\/\/www.estrategiaconcursos.com.br\/blog\/wp-json\/wp\/v2\/media?parent=559424"}],"wp:term":[{"taxonomy":"category","embeddable":true,"href":"https:\/\/www.estrategiaconcursos.com.br\/blog\/wp-json\/wp\/v2\/categories?post=559424"},{"taxonomy":"post_tag","embeddable":true,"href":"https:\/\/www.estrategiaconcursos.com.br\/blog\/wp-json\/wp\/v2\/tags?post=559424"},{"taxonomy":"tax_estado","embeddable":true,"href":"https:\/\/www.estrategiaconcursos.com.br\/blog\/wp-json\/wp\/v2\/tax_estado?post=559424"}],"curies":[{"name":"wp","href":"https:\/\/api.w.org\/{rel}","templated":true}]}}