{"id":559057,"date":"2020-08-22T07:35:00","date_gmt":"2020-08-22T10:35:00","guid":{"rendered":"https:\/\/www.estrategiaconcursos.com.br\/blog\/?p=559057"},"modified":"2023-07-03T15:41:19","modified_gmt":"2023-07-03T18:41:19","slug":"poder-judiciario-na-constituicao-parte-ii","status":"publish","type":"post","link":"https:\/\/www.estrategiaconcursos.com.br\/blog\/poder-judiciario-na-constituicao-parte-ii\/","title":{"rendered":"Poder Judici\u00e1rio na Constitui\u00e7\u00e3o &#8211; Parte II: neste s\u00e1bado!"},"content":{"rendered":"\n<p>O professor Ricardo Vale ministra neste s\u00e1bado, 22 de agosto, \u00e0s 08:30 o evento &#8220;<strong>Poder Judici\u00e1rio na Constitui\u00e7\u00e3o &#8211; Parte II<\/strong>&#8220;. Acompanhe ao vivo e gratuitamente atrav\u00e9s do canal do Estrat\u00e9gia Carreira Jur\u00eddica no Youtube.<\/p>\n\n\n\n<h3 class=\"wp-block-heading\" id=\"h-poder-judiciario-na-constituicao-parte-ii-cronograma\">Poder Judici\u00e1rio na Constitui\u00e7\u00e3o  &#8211;  Parte II Cronograma<\/h3>\n\n\n\n<p class=\"has-very-light-gray-background-color has-background\"><strong>Data:<\/strong> 22 de agosto de 2020<br \/><strong>Hor\u00e1rio<\/strong>: 08:30 <br \/><strong>Onde<\/strong>: <a rel=\"noreferrer noopener\" href=\"https:\/\/www.youtube.com\/user\/EstrategiaCursos\" target=\"_blank\">Canal do Estrat\u00e9gia Concursos no Youtube<\/a><\/p>\n\n\n<figure class=\"wp-block-embed-youtube wp-block-embed is-type-video is-provider-youtube wp-embed-aspect-16-9 wp-has-aspect-ratio\"><div class=\"lyte-wrapper\" style=\"width:853px;max-width:100%;margin:5px;\"><div class=\"lyMe\" id=\"WYL_v7uwo6xaYg8\"><div id=\"lyte_v7uwo6xaYg8\" data-src=\"\/\/i.ytimg.com\/vi\/v7uwo6xaYg8\/hqdefault.jpg\" class=\"pL\"><div class=\"tC\"><div class=\"tT\"><\/div><\/div><div class=\"play\"><\/div><div class=\"ctrl\"><div class=\"Lctrl\"><\/div><div class=\"Rctrl\"><\/div><\/div><\/div><noscript><a href=\"https:\/\/youtu.be\/v7uwo6xaYg8\" rel=\"nofollow\"><img loading=\"lazy\" decoding=\"async\" src=\"https:\/\/i.ytimg.com\/vi\/v7uwo6xaYg8\/0.jpg\" alt=\"YouTube video thumbnail\" width=\"853\" height=\"460\" \/><br \/>Assista a este v\u00eddeo no YouTube<\/a><\/noscript><\/div><\/div><div class=\"lL\" style=\"max-width:100%;width:853px;margin:5px;\"><\/div><figcaption><\/figcaption><\/figure>\n\n\n<h4 class=\"wp-block-heading\" id=\"h-poder-judiciario-retomada-da-parte-i\">Poder Judici\u00e1rio &#8211; Retomada da Parte I <\/h4>\n\n\n\n<p>O Poder Judici\u00e1rio tem como m\u00fanus mais importante tutelar os direitos dos cidad\u00e3os, promovendo o livre acesso \u00e0 justi\u00e7a e resolvendo conflitos de interesses que surjam na sociedade, por meio da investiga\u00e7\u00e3o, apura\u00e7\u00e3o e julgamento. <\/p>\n\n\n\n<p>Neste segundo evento, o professor Ricardo Vale continuar\u00e1 a tratar da forma de normatiza\u00e7\u00e3o do Poder Judici\u00e1rio no Diploma Constitucional, que se d\u00e1 especialmente no cap\u00edtulo de Organiza\u00e7\u00e3o do Estado, entre os artigos 92 e 126 da Constitui\u00e7\u00e3o de 1988.<\/p>\n\n\n\n<p>Na primeira aula, o professor Ricardo Vale tratou do panorama de fun\u00e7\u00f5es do Poder Judici\u00e1rio, dos Sistemas Ingl\u00eas e Franc\u00eas de Jurisdi\u00e7\u00e3o, do Papel do Poder Judici\u00e1rio no Estado Social e no Estado Constitucional, al\u00e9m de iniciar o estudo quanto \u00e0 sua estrutura e das garantias do Poder Judici\u00e1rio. Por fim, adentrou ao estudo do Estatuto da Magistratura. <\/p>\n\n\n\n<p>Nesta segunda aula o professor ir\u00e1 tratar do Conselho Nacional de Justi\u00e7a, das compet\u00eancias do Supremo Tribunal Federal e do Superior Tribunal de Justi\u00e7a, al\u00e9m do desmembramento do Poder em Justi\u00e7a Federal, Justi\u00e7a Eleitoral, Justi\u00e7a do Trabalho e Justi\u00e7a Militar. <\/p>\n\n\n\n<p>Se voc\u00ea ainda n\u00e3o assistiu a primeira aula, ela continua salva em nosso canal. E se j\u00e1 assistiu ou tem interesse pela continuidade do tema, n\u00e3o perca a nova transmiss\u00e3o ao vivo! <\/p>\n\n\n\n<h2 class=\"wp-block-heading\" id=\"h-quer-se-preparar-para-concursos\">Quer se preparar para concursos? <\/h2>\n\n\n\n<p class=\"has-text-align-center has-luminous-vivid-amber-background-color has-background\"><strong><a rel=\"noreferrer noopener\" href=\"https:\/\/www.estrategiaconcursos.com.br\/cursos\/concurso\/\" target=\"_blank\">CURSOS PARA CONCURSOS<\/a><\/strong><\/p>\n\n\n\n<p class=\"has-text-align-center\"><strong><em><strong>Sistema de Quest\u00f5es<\/strong><\/em><\/strong><\/p>\n\n\n\n<p class=\"has-text-align-center\">Estrat\u00e9gia Quest\u00f5es nasceu maior do que todos os concorrentes, com mais quest\u00f5es cadastradas e mais solu\u00e7\u00f5es por professores. Clique no link e aproveite os descontos e b\u00f4nus imperd\u00edveis!<\/p>\n\n\n\n<p class=\"has-text-align-center has-vivid-green-cyan-background-color has-background\"><strong>ASSINE AGORA \u2013 <a rel=\"noreferrer noopener\" href=\"https:\/\/www.estrategiaconcursos.com.br\/cursosPorConcurso\/sistema-de-questoes\/#\/\" target=\"_blank\">Sistema de Quest\u00f5es<\/a><\/strong><\/p>\n\n\n\n<p class=\"has-text-align-center\"><em><strong>Fique por dentro de todos os concursos<\/strong><\/em>:<\/p>\n\n\n\n<p class=\"has-text-align-center has-pale-cyan-blue-background-color has-background\"><strong><a href=\"https:\/\/www.estrategiaconcursos.com.br\/blog\/concursos-abertos\/\" target=\"_blank\" rel=\"noreferrer noopener\">Concursos abertos<\/a><\/strong><\/p>\n","protected":false},"excerpt":{"rendered":"<p>O professor Ricardo Vale ministra neste s\u00e1bado, 22 de agosto, \u00e0s 08:30 o evento &#8220;Poder Judici\u00e1rio na Constitui\u00e7\u00e3o &#8211; Parte II&#8220;. Acompanhe ao vivo e gratuitamente atrav\u00e9s do canal do Estrat\u00e9gia Carreira Jur\u00eddica no Youtube. Poder Judici\u00e1rio na Constitui\u00e7\u00e3o &#8211; Parte II Cronograma Data: 22 de agosto de 2020Hor\u00e1rio: 08:30 Onde: Canal do Estrat\u00e9gia Concursos [&hellip;]<\/p>\n","protected":false},"author":492,"featured_media":559059,"comment_status":"open","ping_status":"closed","sticky":false,"template":"","format":"standard","meta":{"post_tipo":"article","footnotes":""},"categories":[1],"tags":[],"tax_estado":[],"class_list":["post-559057","post","type-post","status-publish","format-standard","has-post-thumbnail","hentry","category-cursos-e-concursos"],"acf":[],"yoast_head":"<!-- This site is optimized with the Yoast SEO Premium plugin v27.2 (Yoast SEO v27.2) - https:\/\/yoast.com\/product\/yoast-seo-premium-wordpress\/ -->\n<title>Poder Judici\u00e1rio na Constitui\u00e7\u00e3o - Parte II: neste s\u00e1bado!<\/title>\n<meta name=\"description\" content=\"Neste s\u00e1bado, 22 de agosto, o professor Ricardo Vale ministra o evento Poder Judici\u00e1rio na Constitui\u00e7\u00e3o - Parte II em continuidade \u00e0 semana passada. Veja!\" \/>\n<meta name=\"robots\" content=\"index, follow, max-snippet:-1, max-image-preview:large, max-video-preview:-1\" \/>\n<link rel=\"canonical\" href=\"https:\/\/www.estrategiaconcursos.com.br\/blog\/poder-judiciario-na-constituicao-parte-ii\/\" \/>\n<meta property=\"og:locale\" content=\"pt_BR\" \/>\n<meta property=\"og:type\" content=\"article\" \/>\n<meta property=\"og:title\" content=\"Poder Judici\u00e1rio na Constitui\u00e7\u00e3o - Parte II: neste s\u00e1bado!\" \/>\n<meta property=\"og:description\" content=\"Neste s\u00e1bado, 22 de agosto, o professor Ricardo Vale ministra o evento Poder Judici\u00e1rio na Constitui\u00e7\u00e3o - Parte II em continuidade \u00e0 semana passada. Veja!\" \/>\n<meta property=\"og:url\" content=\"https:\/\/www.estrategiaconcursos.com.br\/blog\/poder-judiciario-na-constituicao-parte-ii\/\" \/>\n<meta property=\"og:site_name\" content=\"Estrat\u00e9gia Concursos\" \/>\n<meta property=\"article:published_time\" content=\"2020-08-22T10:35:00+00:00\" \/>\n<meta property=\"article:modified_time\" content=\"2023-07-03T18:41:19+00:00\" \/>\n<meta property=\"og:image\" content=\"https:\/\/dhg1h5j42swfq.cloudfront.net\/2020\/08\/21150351\/YTB_PODER-JUDICIARIO.jpg\" \/>\n\t<meta property=\"og:image:width\" content=\"1280\" \/>\n\t<meta property=\"og:image:height\" content=\"720\" \/>\n\t<meta property=\"og:image:type\" content=\"image\/jpeg\" \/>\n<meta name=\"author\" content=\"Nelma Fontana\" \/>\n<meta name=\"twitter:card\" content=\"summary_large_image\" \/>\n<meta name=\"twitter:creator\" content=\"@EstratConcursos\" \/>\n<meta name=\"twitter:site\" content=\"@EstratConcursos\" \/>\n<meta name=\"twitter:label1\" content=\"Escrito por\" \/>\n\t<meta name=\"twitter:data1\" content=\"Nelma Fontana\" \/>\n\t<meta name=\"twitter:label2\" content=\"Est. tempo de leitura\" \/>\n\t<meta name=\"twitter:data2\" content=\"2 minutos\" \/>\n<script type=\"application\/ld+json\" class=\"yoast-schema-graph\">{\"@context\":\"https:\/\/schema.org\",\"@graph\":[{\"@type\":\"NewsArticle\",\"@id\":\"https:\/\/www.estrategiaconcursos.com.br\/blog\/poder-judiciario-na-constituicao-parte-ii\/#article\",\"isPartOf\":{\"@id\":\"https:\/\/www.estrategiaconcursos.com.br\/blog\/poder-judiciario-na-constituicao-parte-ii\/\"},\"author\":{\"name\":\"Nelma Fontana\",\"@id\":\"https:\/\/www.estrategiaconcursos.com.br\/blog\/#\/schema\/person\/09924ae9dae935885ef15db075a3be15\"},\"headline\":\"Poder Judici\u00e1rio na Constitui\u00e7\u00e3o &#8211; Parte II: neste s\u00e1bado!\",\"datePublished\":\"2020-08-22T10:35:00+00:00\",\"dateModified\":\"2023-07-03T18:41:19+00:00\",\"mainEntityOfPage\":{\"@id\":\"https:\/\/www.estrategiaconcursos.com.br\/blog\/poder-judiciario-na-constituicao-parte-ii\/\"},\"wordCount\":383,\"commentCount\":1,\"publisher\":{\"@id\":\"https:\/\/www.estrategiaconcursos.com.br\/blog\/#organization\"},\"image\":{\"@id\":\"https:\/\/www.estrategiaconcursos.com.br\/blog\/poder-judiciario-na-constituicao-parte-ii\/#primaryimage\"},\"thumbnailUrl\":\"https:\/\/dhg1h5j42swfq.cloudfront.net\/2020\/08\/21150351\/YTB_PODER-JUDICIARIO.jpg\",\"articleSection\":[\"Concursos P\u00fablicos\"],\"inLanguage\":\"pt-BR\",\"potentialAction\":[{\"@type\":\"CommentAction\",\"name\":\"Comment\",\"target\":[\"https:\/\/www.estrategiaconcursos.com.br\/blog\/poder-judiciario-na-constituicao-parte-ii\/#respond\"]}],\"copyrightYear\":\"2020\",\"copyrightHolder\":{\"@id\":\"https:\/\/www.estrategiaconcursos.com.br\/blog\/#organization\"}},{\"@type\":\"WebPage\",\"@id\":\"https:\/\/www.estrategiaconcursos.com.br\/blog\/poder-judiciario-na-constituicao-parte-ii\/\",\"url\":\"https:\/\/www.estrategiaconcursos.com.br\/blog\/poder-judiciario-na-constituicao-parte-ii\/\",\"name\":\"Poder Judici\u00e1rio na Constitui\u00e7\u00e3o - Parte II: neste s\u00e1bado!\",\"isPartOf\":{\"@id\":\"https:\/\/www.estrategiaconcursos.com.br\/blog\/#website\"},\"primaryImageOfPage\":{\"@id\":\"https:\/\/www.estrategiaconcursos.com.br\/blog\/poder-judiciario-na-constituicao-parte-ii\/#primaryimage\"},\"image\":{\"@id\":\"https:\/\/www.estrategiaconcursos.com.br\/blog\/poder-judiciario-na-constituicao-parte-ii\/#primaryimage\"},\"thumbnailUrl\":\"https:\/\/dhg1h5j42swfq.cloudfront.net\/2020\/08\/21150351\/YTB_PODER-JUDICIARIO.jpg\",\"datePublished\":\"2020-08-22T10:35:00+00:00\",\"dateModified\":\"2023-07-03T18:41:19+00:00\",\"description\":\"Neste s\u00e1bado, 22 de agosto, o professor Ricardo Vale ministra o evento Poder Judici\u00e1rio na Constitui\u00e7\u00e3o - Parte II em continuidade \u00e0 semana passada. Veja!\",\"breadcrumb\":{\"@id\":\"https:\/\/www.estrategiaconcursos.com.br\/blog\/poder-judiciario-na-constituicao-parte-ii\/#breadcrumb\"},\"inLanguage\":\"pt-BR\",\"potentialAction\":[{\"@type\":\"ReadAction\",\"target\":[\"https:\/\/www.estrategiaconcursos.com.br\/blog\/poder-judiciario-na-constituicao-parte-ii\/\"]}]},{\"@type\":\"ImageObject\",\"inLanguage\":\"pt-BR\",\"@id\":\"https:\/\/www.estrategiaconcursos.com.br\/blog\/poder-judiciario-na-constituicao-parte-ii\/#primaryimage\",\"url\":\"https:\/\/dhg1h5j42swfq.cloudfront.net\/2020\/08\/21150351\/YTB_PODER-JUDICIARIO.jpg\",\"contentUrl\":\"https:\/\/dhg1h5j42swfq.cloudfront.net\/2020\/08\/21150351\/YTB_PODER-JUDICIARIO.jpg\",\"width\":1280,\"height\":720,\"caption\":\"Poder Judici\u00e1rio na Constitui\u00e7\u00e3o - Parte II\"},{\"@type\":\"BreadcrumbList\",\"@id\":\"https:\/\/www.estrategiaconcursos.com.br\/blog\/poder-judiciario-na-constituicao-parte-ii\/#breadcrumb\",\"itemListElement\":[{\"@type\":\"ListItem\",\"position\":1,\"name\":\"In\u00edcio\",\"item\":\"https:\/\/www.estrategiaconcursos.com.br\/blog\/\"},{\"@type\":\"ListItem\",\"position\":2,\"name\":\"Poder Judici\u00e1rio na Constitui\u00e7\u00e3o &#8211; Parte II: neste s\u00e1bado!\"}]},{\"@type\":\"WebSite\",\"@id\":\"https:\/\/www.estrategiaconcursos.com.br\/blog\/#website\",\"url\":\"https:\/\/www.estrategiaconcursos.com.br\/blog\/\",\"name\":\"Estrat\u00e9gia Concursos\",\"description\":\"O blog da Estrat\u00e9gia Concursos traz not\u00edcias sobre concursos e artigos de professores oferecendo cursos para concursos (pdf + videaulas) no site.\",\"publisher\":{\"@id\":\"https:\/\/www.estrategiaconcursos.com.br\/blog\/#organization\"},\"potentialAction\":[{\"@type\":\"SearchAction\",\"target\":{\"@type\":\"EntryPoint\",\"urlTemplate\":\"https:\/\/www.estrategiaconcursos.com.br\/blog\/?s={search_term_string}\"},\"query-input\":{\"@type\":\"PropertyValueSpecification\",\"valueRequired\":true,\"valueName\":\"search_term_string\"}}],\"inLanguage\":\"pt-BR\"},{\"@type\":\"Organization\",\"@id\":\"https:\/\/www.estrategiaconcursos.com.br\/blog\/#organization\",\"name\":\"Estrat\u00e9gia Concursos\",\"url\":\"https:\/\/www.estrategiaconcursos.com.br\/blog\/\",\"logo\":{\"@type\":\"ImageObject\",\"inLanguage\":\"pt-BR\",\"@id\":\"https:\/\/www.estrategiaconcursos.com.br\/blog\/#\/schema\/logo\/image\/\",\"url\":\"https:\/\/dhg1h5j42swfq.cloudfront.net\/2025\/06\/03203428\/logo_concursos-1.jpg\",\"contentUrl\":\"https:\/\/dhg1h5j42swfq.cloudfront.net\/2025\/06\/03203428\/logo_concursos-1.jpg\",\"width\":230,\"height\":60,\"caption\":\"Estrat\u00e9gia Concursos\"},\"image\":{\"@id\":\"https:\/\/www.estrategiaconcursos.com.br\/blog\/#\/schema\/logo\/image\/\"},\"sameAs\":[\"https:\/\/x.com\/EstratConcursos\"]},{\"@type\":\"Person\",\"@id\":\"https:\/\/www.estrategiaconcursos.com.br\/blog\/#\/schema\/person\/09924ae9dae935885ef15db075a3be15\",\"name\":\"Nelma Fontana\",\"image\":{\"@type\":\"ImageObject\",\"inLanguage\":\"pt-BR\",\"@id\":\"https:\/\/secure.gravatar.com\/avatar\/a2b4071a40b0ae857a4dfe2308130289bde3d65cc7674fb758d21a8b645071e5?s=96&d=mm&r=g\",\"url\":\"https:\/\/secure.gravatar.com\/avatar\/a2b4071a40b0ae857a4dfe2308130289bde3d65cc7674fb758d21a8b645071e5?s=96&d=mm&r=g\",\"contentUrl\":\"https:\/\/secure.gravatar.com\/avatar\/a2b4071a40b0ae857a4dfe2308130289bde3d65cc7674fb758d21a8b645071e5?s=96&d=mm&r=g\",\"caption\":\"Nelma Fontana\"},\"url\":\"https:\/\/www.estrategiaconcursos.com.br\/blog\/author\/fontananelmagmail-com\/\"}]}<\/script>\n<!-- \/ Yoast SEO Premium plugin. -->","yoast_head_json":{"title":"Poder Judici\u00e1rio na Constitui\u00e7\u00e3o - Parte II: neste s\u00e1bado!","description":"Neste s\u00e1bado, 22 de agosto, o professor Ricardo Vale ministra o evento Poder Judici\u00e1rio na Constitui\u00e7\u00e3o - Parte II em continuidade \u00e0 semana passada. Veja!","robots":{"index":"index","follow":"follow","max-snippet":"max-snippet:-1","max-image-preview":"max-image-preview:large","max-video-preview":"max-video-preview:-1"},"canonical":"https:\/\/www.estrategiaconcursos.com.br\/blog\/poder-judiciario-na-constituicao-parte-ii\/","og_locale":"pt_BR","og_type":"article","og_title":"Poder Judici\u00e1rio na Constitui\u00e7\u00e3o - Parte II: neste s\u00e1bado!","og_description":"Neste s\u00e1bado, 22 de agosto, o professor Ricardo Vale ministra o evento Poder Judici\u00e1rio na Constitui\u00e7\u00e3o - Parte II em continuidade \u00e0 semana passada. Veja!","og_url":"https:\/\/www.estrategiaconcursos.com.br\/blog\/poder-judiciario-na-constituicao-parte-ii\/","og_site_name":"Estrat\u00e9gia Concursos","article_published_time":"2020-08-22T10:35:00+00:00","article_modified_time":"2023-07-03T18:41:19+00:00","og_image":[{"width":1280,"height":720,"url":"https:\/\/dhg1h5j42swfq.cloudfront.net\/2020\/08\/21150351\/YTB_PODER-JUDICIARIO.jpg","type":"image\/jpeg"}],"author":"Nelma Fontana","twitter_card":"summary_large_image","twitter_creator":"@EstratConcursos","twitter_site":"@EstratConcursos","twitter_misc":{"Escrito por":"Nelma Fontana","Est. tempo de leitura":"2 minutos"},"schema":{"@context":"https:\/\/schema.org","@graph":[{"@type":"NewsArticle","@id":"https:\/\/www.estrategiaconcursos.com.br\/blog\/poder-judiciario-na-constituicao-parte-ii\/#article","isPartOf":{"@id":"https:\/\/www.estrategiaconcursos.com.br\/blog\/poder-judiciario-na-constituicao-parte-ii\/"},"author":{"name":"Nelma Fontana","@id":"https:\/\/www.estrategiaconcursos.com.br\/blog\/#\/schema\/person\/09924ae9dae935885ef15db075a3be15"},"headline":"Poder Judici\u00e1rio na Constitui\u00e7\u00e3o &#8211; Parte II: neste s\u00e1bado!","datePublished":"2020-08-22T10:35:00+00:00","dateModified":"2023-07-03T18:41:19+00:00","mainEntityOfPage":{"@id":"https:\/\/www.estrategiaconcursos.com.br\/blog\/poder-judiciario-na-constituicao-parte-ii\/"},"wordCount":383,"commentCount":1,"publisher":{"@id":"https:\/\/www.estrategiaconcursos.com.br\/blog\/#organization"},"image":{"@id":"https:\/\/www.estrategiaconcursos.com.br\/blog\/poder-judiciario-na-constituicao-parte-ii\/#primaryimage"},"thumbnailUrl":"https:\/\/dhg1h5j42swfq.cloudfront.net\/2020\/08\/21150351\/YTB_PODER-JUDICIARIO.jpg","articleSection":["Concursos P\u00fablicos"],"inLanguage":"pt-BR","potentialAction":[{"@type":"CommentAction","name":"Comment","target":["https:\/\/www.estrategiaconcursos.com.br\/blog\/poder-judiciario-na-constituicao-parte-ii\/#respond"]}],"copyrightYear":"2020","copyrightHolder":{"@id":"https:\/\/www.estrategiaconcursos.com.br\/blog\/#organization"}},{"@type":"WebPage","@id":"https:\/\/www.estrategiaconcursos.com.br\/blog\/poder-judiciario-na-constituicao-parte-ii\/","url":"https:\/\/www.estrategiaconcursos.com.br\/blog\/poder-judiciario-na-constituicao-parte-ii\/","name":"Poder Judici\u00e1rio na Constitui\u00e7\u00e3o - Parte II: neste s\u00e1bado!","isPartOf":{"@id":"https:\/\/www.estrategiaconcursos.com.br\/blog\/#website"},"primaryImageOfPage":{"@id":"https:\/\/www.estrategiaconcursos.com.br\/blog\/poder-judiciario-na-constituicao-parte-ii\/#primaryimage"},"image":{"@id":"https:\/\/www.estrategiaconcursos.com.br\/blog\/poder-judiciario-na-constituicao-parte-ii\/#primaryimage"},"thumbnailUrl":"https:\/\/dhg1h5j42swfq.cloudfront.net\/2020\/08\/21150351\/YTB_PODER-JUDICIARIO.jpg","datePublished":"2020-08-22T10:35:00+00:00","dateModified":"2023-07-03T18:41:19+00:00","description":"Neste s\u00e1bado, 22 de agosto, o professor Ricardo Vale ministra o evento Poder Judici\u00e1rio na Constitui\u00e7\u00e3o - Parte II em continuidade \u00e0 semana passada. Veja!","breadcrumb":{"@id":"https:\/\/www.estrategiaconcursos.com.br\/blog\/poder-judiciario-na-constituicao-parte-ii\/#breadcrumb"},"inLanguage":"pt-BR","potentialAction":[{"@type":"ReadAction","target":["https:\/\/www.estrategiaconcursos.com.br\/blog\/poder-judiciario-na-constituicao-parte-ii\/"]}]},{"@type":"ImageObject","inLanguage":"pt-BR","@id":"https:\/\/www.estrategiaconcursos.com.br\/blog\/poder-judiciario-na-constituicao-parte-ii\/#primaryimage","url":"https:\/\/dhg1h5j42swfq.cloudfront.net\/2020\/08\/21150351\/YTB_PODER-JUDICIARIO.jpg","contentUrl":"https:\/\/dhg1h5j42swfq.cloudfront.net\/2020\/08\/21150351\/YTB_PODER-JUDICIARIO.jpg","width":1280,"height":720,"caption":"Poder Judici\u00e1rio na Constitui\u00e7\u00e3o - Parte II"},{"@type":"BreadcrumbList","@id":"https:\/\/www.estrategiaconcursos.com.br\/blog\/poder-judiciario-na-constituicao-parte-ii\/#breadcrumb","itemListElement":[{"@type":"ListItem","position":1,"name":"In\u00edcio","item":"https:\/\/www.estrategiaconcursos.com.br\/blog\/"},{"@type":"ListItem","position":2,"name":"Poder Judici\u00e1rio na Constitui\u00e7\u00e3o &#8211; Parte II: neste s\u00e1bado!"}]},{"@type":"WebSite","@id":"https:\/\/www.estrategiaconcursos.com.br\/blog\/#website","url":"https:\/\/www.estrategiaconcursos.com.br\/blog\/","name":"Estrat\u00e9gia Concursos","description":"O blog da Estrat\u00e9gia Concursos traz not\u00edcias sobre concursos e artigos de professores oferecendo cursos para concursos (pdf + videaulas) no site.","publisher":{"@id":"https:\/\/www.estrategiaconcursos.com.br\/blog\/#organization"},"potentialAction":[{"@type":"SearchAction","target":{"@type":"EntryPoint","urlTemplate":"https:\/\/www.estrategiaconcursos.com.br\/blog\/?s={search_term_string}"},"query-input":{"@type":"PropertyValueSpecification","valueRequired":true,"valueName":"search_term_string"}}],"inLanguage":"pt-BR"},{"@type":"Organization","@id":"https:\/\/www.estrategiaconcursos.com.br\/blog\/#organization","name":"Estrat\u00e9gia Concursos","url":"https:\/\/www.estrategiaconcursos.com.br\/blog\/","logo":{"@type":"ImageObject","inLanguage":"pt-BR","@id":"https:\/\/www.estrategiaconcursos.com.br\/blog\/#\/schema\/logo\/image\/","url":"https:\/\/dhg1h5j42swfq.cloudfront.net\/2025\/06\/03203428\/logo_concursos-1.jpg","contentUrl":"https:\/\/dhg1h5j42swfq.cloudfront.net\/2025\/06\/03203428\/logo_concursos-1.jpg","width":230,"height":60,"caption":"Estrat\u00e9gia Concursos"},"image":{"@id":"https:\/\/www.estrategiaconcursos.com.br\/blog\/#\/schema\/logo\/image\/"},"sameAs":["https:\/\/x.com\/EstratConcursos"]},{"@type":"Person","@id":"https:\/\/www.estrategiaconcursos.com.br\/blog\/#\/schema\/person\/09924ae9dae935885ef15db075a3be15","name":"Nelma Fontana","image":{"@type":"ImageObject","inLanguage":"pt-BR","@id":"https:\/\/secure.gravatar.com\/avatar\/a2b4071a40b0ae857a4dfe2308130289bde3d65cc7674fb758d21a8b645071e5?s=96&d=mm&r=g","url":"https:\/\/secure.gravatar.com\/avatar\/a2b4071a40b0ae857a4dfe2308130289bde3d65cc7674fb758d21a8b645071e5?s=96&d=mm&r=g","contentUrl":"https:\/\/secure.gravatar.com\/avatar\/a2b4071a40b0ae857a4dfe2308130289bde3d65cc7674fb758d21a8b645071e5?s=96&d=mm&r=g","caption":"Nelma Fontana"},"url":"https:\/\/www.estrategiaconcursos.com.br\/blog\/author\/fontananelmagmail-com\/"}]}},"_links":{"self":[{"href":"https:\/\/www.estrategiaconcursos.com.br\/blog\/wp-json\/wp\/v2\/posts\/559057","targetHints":{"allow":["GET"]}}],"collection":[{"href":"https:\/\/www.estrategiaconcursos.com.br\/blog\/wp-json\/wp\/v2\/posts"}],"about":[{"href":"https:\/\/www.estrategiaconcursos.com.br\/blog\/wp-json\/wp\/v2\/types\/post"}],"author":[{"embeddable":true,"href":"https:\/\/www.estrategiaconcursos.com.br\/blog\/wp-json\/wp\/v2\/users\/492"}],"replies":[{"embeddable":true,"href":"https:\/\/www.estrategiaconcursos.com.br\/blog\/wp-json\/wp\/v2\/comments?post=559057"}],"version-history":[{"count":4,"href":"https:\/\/www.estrategiaconcursos.com.br\/blog\/wp-json\/wp\/v2\/posts\/559057\/revisions"}],"predecessor-version":[{"id":1242627,"href":"https:\/\/www.estrategiaconcursos.com.br\/blog\/wp-json\/wp\/v2\/posts\/559057\/revisions\/1242627"}],"wp:featuredmedia":[{"embeddable":true,"href":"https:\/\/www.estrategiaconcursos.com.br\/blog\/wp-json\/wp\/v2\/media\/559059"}],"wp:attachment":[{"href":"https:\/\/www.estrategiaconcursos.com.br\/blog\/wp-json\/wp\/v2\/media?parent=559057"}],"wp:term":[{"taxonomy":"category","embeddable":true,"href":"https:\/\/www.estrategiaconcursos.com.br\/blog\/wp-json\/wp\/v2\/categories?post=559057"},{"taxonomy":"post_tag","embeddable":true,"href":"https:\/\/www.estrategiaconcursos.com.br\/blog\/wp-json\/wp\/v2\/tags?post=559057"},{"taxonomy":"tax_estado","embeddable":true,"href":"https:\/\/www.estrategiaconcursos.com.br\/blog\/wp-json\/wp\/v2\/tax_estado?post=559057"}],"curies":[{"name":"wp","href":"https:\/\/api.w.org\/{rel}","templated":true}]}}