{"id":558776,"date":"2020-08-29T13:39:00","date_gmt":"2020-08-29T16:39:00","guid":{"rendered":"https:\/\/www.estrategiaconcursos.com.br\/blog\/?p=558776"},"modified":"2020-08-28T13:40:42","modified_gmt":"2020-08-28T16:40:42","slug":"saiba-os-pontos-do-convenio-confaz-icms-mais-cobrados-em-concursos","status":"publish","type":"post","link":"https:\/\/www.estrategiaconcursos.com.br\/blog\/saiba-os-pontos-do-convenio-confaz-icms-mais-cobrados-em-concursos\/","title":{"rendered":"Saiba os pontos do Conv\u00eanio CONFAZ \u2013 ICMS \u2013  mais cobrados em concursos"},"content":{"rendered":"\n<p>Aprenda os pontos mais cobrados em concursos relativos ao CONFAZ, qu\u00f3rum, vota\u00e7\u00f5es, participantes, prazos, entre outros.<\/p>\n\n\n\n<div class=\"wp-block-image\"><figure class=\"aligncenter size-large\"><img loading=\"lazy\" decoding=\"async\" width=\"800\" height=\"447\" src=\"https:\/\/dhg1h5j42swfq.cloudfront.net\/2020\/08\/21100504\/confaz-logo-1.jpg\" alt=\"CONFAZ\" class=\"wp-image-558781\" srcset=\"https:\/\/dhg1h5j42swfq.cloudfront.net\/2020\/08\/21100504\/confaz-logo-1.jpg 800w, https:\/\/dhg1h5j42swfq.cloudfront.net\/2020\/08\/21100504\/confaz-logo-1-300x168.jpg 300w, https:\/\/dhg1h5j42swfq.cloudfront.net\/2020\/08\/21100504\/confaz-logo-1-768x429.jpg 768w, https:\/\/dhg1h5j42swfq.cloudfront.net\/2020\/08\/21100504\/confaz-logo-1-610x341.jpg 610w\" sizes=\"auto, (max-width: 800px) 100vw, 800px\" \/><figcaption>Conselho Nacional de Pol\u00edtica Fazend\u00e1ria &#8211; CONFAZ<\/figcaption><\/figure><\/div>\n\n\n\n<p>Ol\u00e1, Estrategista. Tudo joia?<\/p>\n\n\n\n<p>Antes de falarmos sobre o Conv\u00eanio CONFAZ, celebrado pelos Estados, mister se faz voltar ao tema <a href=\"https:\/\/www.estrategiaconcursos.com.br\/blog\/?p=557023\">Legisla\u00e7\u00e3o Tribut\u00e1ria<\/a>.<\/p>\n\n\n\n<p>A express\u00e3o &#8220;legisla\u00e7\u00e3o tribut\u00e1ria&#8221; compreende as leis, os tratados e as conven\u00e7\u00f5es internacionais, os <strong>decretos e as normas complementares<\/strong> que versem, no todo ou em parte, sobre tributos e rela\u00e7\u00f5es jur\u00eddicas a eles pertinentes.<\/p>\n\n\n\n<p>Desse modo, s\u00e3o normas complementares das leis, dos tratados e das conven\u00e7\u00f5es internacionais e dos decretos:<\/p>\n\n\n\n<p>(&#8230;)<\/p>\n\n\n\n<p>IV &#8211; os conv\u00eanios que entre si celebrem a Uni\u00e3o, os Estados, o Distrito Federal e os Munic\u00edpios.<\/p>\n\n\n\n<p>Portanto o Conv\u00eanio CONFAZ integra a Legisla\u00e7\u00e3o Tribut\u00e1ria como <strong>norma complementar<\/strong>.<\/p>\n\n\n\n<p>Al\u00e9m disso, a pr\u00f3pria Constitui\u00e7\u00e3o Federal prev\u00ea a necessidade da celebra\u00e7\u00e3o de um conv\u00eanio entre os estados para determinadas situa\u00e7\u00f5es, por exemplo:<\/p>\n\n\n\n<p>\u201cSalvo delibera\u00e7\u00e3o em contr\u00e1rio dos Estados e do Distrito Federal, pelo CONFAZ, as al\u00edquotas internas, nas opera\u00e7\u00f5es relativas \u00e0 circula\u00e7\u00e3o de mercadorias e nas presta\u00e7\u00f5es de servi\u00e7os, n\u00e3o poder\u00e3o ser inferiores \u00e0s previstas para as opera\u00e7\u00f5es interestaduais.\u201d<\/p>\n\n\n\n<p>Outra exig\u00eancia do CONFAZ \u00e9 em regular a forma como isen\u00e7\u00f5es, incentivos e benef\u00edcios fiscais relativos aos ICMS ser\u00e3o concedidos e revogados.<\/p>\n\n\n\n<p>Ademais, existe a figura do ICMS combust\u00edveis monof\u00e1sico, ou seja, quando o imposto incidente sobre combust\u00edveis e lubrificantes incidir\u00e1 uma \u00fanica vez. Desse modo, as al\u00edquotas do ICMS combust\u00edveis monof\u00e1sico tamb\u00e9m ser\u00e3o definidas pelo CONFAZ.<\/p>\n\n\n\n<p>Por fim, a <a href=\"https:\/\/www.estrategiaconcursos.com.br\/blog\/?p=558146\">Lei Kandir<\/a> veda o creditamento, pelo estabelecimento, relativo a mercadoria entrada no estabelecimento ou a presta\u00e7\u00e3o de servi\u00e7os a ele feita:<\/p>\n\n\n\n<ul class=\"wp-block-list\"><li>para integra\u00e7\u00e3o ou consumo em processo de industrializa\u00e7\u00e3o ou produ\u00e7\u00e3o rural, quando a sa\u00edda do produto resultante n\u00e3o for tributada ou estiver isenta do imposto, exceto se tratar-se de sa\u00edda para o exterior;<\/li><li>para comercializa\u00e7\u00e3o ou presta\u00e7\u00e3o de servi\u00e7o, quando a sa\u00edda ou a presta\u00e7\u00e3o subsequente n\u00e3o forem tributadas ou estiverem isentas do imposto, exceto as destinadas ao exterior.<\/li><\/ul>\n\n\n\n<p><strong>Todavia, mediante CONFAZ, tal veda\u00e7\u00e3o acima poder\u00e1 n\u00e3o se aplicar, no todo ou em parte.<\/strong><\/p>\n\n\n\n<p><strong>&nbsp;<\/strong>Vamos, ent\u00e3o, ver quais as atribui\u00e7\u00f5es do CONSELHO NACIONAL DE POL\u00cdTICA FAZEND\u00c1RIA \u2013 CONFAZ.<\/p>\n\n\n\n<h2 class=\"wp-block-heading\">CONSELHO NACIONAL DE POL\u00cdTICA FAZEND\u00c1RIA \u2013 CONFAZ<\/h2>\n\n\n\n<p>O Conselho Nacional de Pol\u00edtica Fazend\u00e1ria &#8211; CONFAZ tem por finalidade promover a\u00e7\u00f5es necess\u00e1rias \u00e0 elabora\u00e7\u00e3o de pol\u00edticas e harmoniza\u00e7\u00e3o de procedimentos e normas inerentes ao exerc\u00edcio da compet\u00eancia tribut\u00e1ria dos Estados e do Distrito Federal, bem como colaborar com o Conselho Monet\u00e1rio Nacional &#8211; CMN na fixa\u00e7\u00e3o da pol\u00edtica de D\u00edvida P\u00fablica Interna e Externa dos Estados e do Distrito Federal e na orienta\u00e7\u00e3o \u00e0s institui\u00e7\u00f5es financeiras p\u00fablicas estaduais.<\/p>\n\n\n\n<p>A princ\u00edpio, o Conselho \u00e9 constitu\u00eddo por representante de cada Estado e Distrito Federal (Secret\u00e1rios da Fazenda, Finan\u00e7as ou Tributa\u00e7\u00e3o) e 1 representante do Governo Federal (Ministro da Fazenda).<\/p>\n\n\n\n<p>Na falta dos representantes, poder\u00e3o ser enviados substitutos legais.<\/p>\n\n\n\n<h2 class=\"wp-block-heading\">Compet\u00eancias do CONFAZ<\/h2>\n\n\n\n<p>Compete ao Conselho:<\/p>\n\n\n\n<ol class=\"wp-block-list\" type=\"1\"><li>promover a celebra\u00e7\u00e3o de conv\u00eanios, para efeito de concess\u00e3o ou revoga\u00e7\u00e3o de isen\u00e7\u00f5es, incentivos e benef\u00edcios fiscais do ICMS;<\/li><li>promover a celebra\u00e7\u00e3o de atos visando o exerc\u00edcio das prerrogativas de <strong>extraterritorialidade da legisla\u00e7\u00e3o tribut\u00e1ria dos Estados e na presta\u00e7\u00e3o de assist\u00eancia m\u00fatua \u00e0 fiscaliza\u00e7\u00e3o, entre a Uni\u00e3o, Estados, DF e Munic\u00edpios, <\/strong>como tamb\u00e9m sobre outras mat\u00e9rias de interesse dos Estados e do Distrito Federal.<\/li><li>sugerir medidas com vistas \u00e0 simplifica\u00e7\u00e3o e \u00e0 harmoniza\u00e7\u00e3o de exig\u00eancias legais;<\/li><li>promover a gest\u00e3o do Sistema Nacional Integrado de Informa\u00e7\u00f5es Econ\u00f4mico-Fiscais &#8211; SINIEF, para a coleta, elabora\u00e7\u00e3o e distribui\u00e7\u00e3o de dados b\u00e1sicos essenciais \u00e0 formula\u00e7\u00e3o de pol\u00edticas econ\u00f4mico-fiscais e ao aperfei\u00e7oamento permanente das administra\u00e7\u00f5es tribut\u00e1rias.<\/li><li>promover estudos com vistas ao aperfei\u00e7oamento da Administra\u00e7\u00e3o Tribut\u00e1ria e do Sistema Tribut\u00e1rio Nacional como mecanismo de desenvolvimento econ\u00f4mico e social, nos aspectos de inter-rela\u00e7\u00e3o da tributa\u00e7\u00e3o federal e da estadual;<\/li><li>colaborar com o Conselho Monet\u00e1rio Nacional na fixa\u00e7\u00e3o da Pol\u00edtica de D\u00edvida P\u00fablica Interna e Externa dos Estados e Distrito Federal, para cumprimento da legisla\u00e7\u00e3o pertinente e na orienta\u00e7\u00e3o das institui\u00e7\u00f5es financeiras p\u00fablicas estaduais, propiciando sua maior efici\u00eancia como suporte b\u00e1sico dos Governos Estaduais.<\/li><\/ol>\n\n\n\n<p>Dentre as atribui\u00e7\u00f5es mencionadas acima, O Conselho pode, em assunto t\u00e9cnico, delegar, expressamente, compet\u00eancia \u00e0 Comiss\u00e3o T\u00e9cnica Permanente do ICMS &#8211; COTEPE\/ICMS para decidir, <strong>exceto sobre delibera\u00e7\u00e3o para concess\u00e3o e revoga\u00e7\u00e3o de isen\u00e7\u00f5es, incentivos e benef\u00edcios fiscais.<\/strong><\/p>\n\n\n\n<h2 class=\"wp-block-heading\">Reuni\u00f5es CONFAZ<\/h2>\n\n\n\n<p>Primeiramente, precisamos diferenciar entre as reuni\u00f5es ordin\u00e1rias (realizadas trimestralmente) e as extraordin\u00e1rias (quando convocadas pelo Presidente do CONFAZ (Ministro da Fazenda ou representante) ou por 1\/3, pelo menos, dos membros do Colegiado).<\/p>\n\n\n\n<p>A saber, as reuni\u00f5es ordin\u00e1rias ser\u00e3o convocadas com uma anteced\u00eancia m\u00ednima de 30 dias. Por outro lado, as reuni\u00f5es extraordin\u00e1rias somente ser\u00e3o convocadas na hip\u00f3tese de exist\u00eancia de mat\u00e9ria a ser examinada em car\u00e1ter de urg\u00eancia. Ademais, \u00e9 admitido reuni\u00f5es virtuais para as reuni\u00f5es extraordin\u00e1rias.<\/p>\n\n\n\n<p>As reuni\u00f5es do CONFAZ contar\u00e3o com a participa\u00e7\u00e3o de representantes da Procuradoria-Geral da Fazenda Nacional &#8211; PGFN, da Secretaria da Receita Federal &#8211; SRF, da Secretaria do Tesouro Nacional &#8211; STN e de representante do Col\u00e9gio Nacional de Procuradores-Gerais dos Estados e do Distrito Federal &#8211; CONPEG, que <strong>PODER\u00c3O PARTICIPAR DOS DEBATES<\/strong>, <strong>SEM DIREITO A VOTO<\/strong>.<\/p>\n\n\n\n<p>N\u00e3o obstante, poder\u00e1 o Presidente (Ministro da Fazenda) convidar outras autoridades a fazer parte dos trabalhos, ou prestar esclarecimentos acerca de mat\u00e9rias inclu\u00eddas na pauta da reuni\u00e3o, sendo-lhes <strong>VEDADA A PARTICIPA\u00c7\u00c3O NOS DEBATES<\/strong> e na vota\u00e7\u00e3o.<\/p>\n\n\n\n<h2 class=\"wp-block-heading\">Qu\u00f3rum<\/h2>\n\n\n\n<p>Um dos pontos mais cobrados em concursos, quando se trata de CONFAZ, \u00e9 em rela\u00e7\u00e3o aos qu\u00f3runs de vota\u00e7\u00e3o, delibera\u00e7\u00e3o, entre outros.<\/p>\n\n\n\n<p>O Conselho reunir-se-\u00e1 para deliberar sobre assuntos de sua compet\u00eancia, desde que presente a <strong>MAIORIA ABSOLUTA<\/strong> de seus membros votantes.<\/p>\n\n\n\n<p>Como se sabe, as mat\u00e9rias ser\u00e3o levadas \u00e0 vota\u00e7\u00e3o pelo colegiado. Desse modo, encerrada a vota\u00e7\u00e3o, a mat\u00e9ria n\u00e3o poder\u00e1 mais ser reapreciada na mesma reuni\u00e3o, ressalvada a hip\u00f3tese de haver concord\u00e2ncia <strong>UN\u00c2NIME<\/strong> dos conselheiros presentes.<\/p>\n\n\n\n<p>Ademais, a vota\u00e7\u00e3o ser\u00e1 simb\u00f3lica, podendo ser nominal ou secreta, por delibera\u00e7\u00e3o do Conselho, a pedido de <strong>um<\/strong> de seus membros.<\/p>\n\n\n\n<p><strong>Nas vota\u00e7\u00f5es relativas \u00e0 concess\u00e3o de isen\u00e7\u00f5es, incentivos e benef\u00edcios fiscais \u00e9 vedado ao Conselheiro abster-se de votar.<\/strong><\/p>\n\n\n\n<p>As decis\u00f5es do Conselho ser\u00e3o tomadas:<\/p>\n\n\n\n<ol class=\"wp-block-list\" type=\"I\"><li>por unanimidade dos representantes <strong>PRESENTES<\/strong>, na <strong>CONCESS\u00c3O<\/strong> de isen\u00e7\u00f5es, incentivos e benef\u00edcios fiscais;<\/li><li>4\/5 (80%) dos representantes <strong>PRESENTES<\/strong>, na <strong>REVOGA\u00c7\u00c3O<\/strong> total ou parcial de isen\u00e7\u00f5es, incentivos e benef\u00edcios fiscais concedidos;<\/li><li>por maioria dos representantes <strong>PRESENTES<\/strong>, nas demais delibera\u00e7\u00f5es, cabendo ao presidente do CONFAZ o voto de desempate.<\/li><\/ol>\n\n\n\n<p>Os Conselheiros poder\u00e3o, ainda, requerer prefer\u00eancia na vota\u00e7\u00e3o.<\/p>\n\n\n\n<h2 class=\"wp-block-heading\">Publica\u00e7\u00e3o e Ratifica\u00e7\u00e3o<\/h2>\n\n\n\n<p>Outo assunto muito abrangido em provas de concursos \u00e9 em rela\u00e7\u00e3o aos prazos para publica\u00e7\u00e3o. Veja:<\/p>\n\n\n\n<p>Os Conv\u00eanios e Ajustes SINIEF ser\u00e3o publicados no Di\u00e1rio Oficial da Uni\u00e3o em at\u00e9 <strong>10 dias<\/strong> da data da reuni\u00e3o em que foram celebrados. Contudo, apesar de serem publicados no DOU, ainda n\u00e3o est\u00e3o vigentes.<\/p>\n\n\n\n<p>Para sua vig\u00eancia, dentro do prazo de 15 dias, ap\u00f3s a publica\u00e7\u00e3o no DOU e independentemente de qualquer outra comunica\u00e7\u00e3o, o Poder Executivo de cada Estado e do Distrito Federal <strong>publicar\u00e1 Decreto ratificando ou n\u00e3o os conv\u00eanios celebrados.<\/strong><\/p>\n\n\n\n<p>Isto \u00e9, por mais que haja uma autoriza\u00e7\u00e3o do CONFAZ para isentar determinado produto da incid\u00eancia do ICMS, por exemplo, caber\u00e1 ao Estado decidir se ir\u00e1 acatar ou n\u00e3o referida posi\u00e7\u00e3o.<\/p>\n\n\n\n<p>Caso o estado n\u00e3o delibere neste prazo de 15 dias ap\u00f3s a publica\u00e7\u00e3o no DOU, ser\u00e1 considerada <strong>ratifica\u00e7\u00e3o t\u00e1cita<\/strong>.<\/p>\n\n\n\n<p>Os prazos assinalados acima se aplicam a todos os estados, <strong>ainda que n\u00e3o tenham comparecido \u00e0 reuni\u00e3o.<\/strong><\/p>\n\n\n\n<p>Entretanto, considera-se rejeitado o conv\u00eanio que n\u00e3o for, expressa ou tacitamente, ratificado pelo Poder Executivo:<\/p>\n\n\n\n<ul class=\"wp-block-list\"><li>de todos os Estados e do Distrito Federal, na hip\u00f3tese de concess\u00e3o de isen\u00e7\u00f5es, incentivos e benef\u00edcios fiscais<\/li><li>de 4\/5 (80%) dos Estados e do Distrito Federal, na hip\u00f3tese de revoga\u00e7\u00e3o total ou parcial desses benef\u00edcios;<\/li><\/ul>\n\n\n\n<p><strong>Veja um exemplo pr\u00e1tico<\/strong>: suponha que todos os estados deliberaram, de forma un\u00e2nime, a conceder isen\u00e7\u00e3o aos medicamentos usados no combate ao COVID-19. Posteriormente, publicou-se no DOU sobre referida delibera\u00e7\u00e3o, dentro do prazo de 10 dias. Contudo, um Estado, por qualquer motivo que seja, apesar de ter votado a favor da isen\u00e7\u00e3o no Conselho, resolveu por n\u00e3o adotar o posicionamento. Sendo assim, automaticamente, considera-se rejeitado a concess\u00e3o da isen\u00e7\u00e3o a <strong>todos os estados.<\/strong><\/p>\n\n\n\n<h2 class=\"wp-block-heading\">Protocolos<\/h2>\n\n\n\n<p>Para finalizar, existe tamb\u00e9m a figura dos protocolos, que podem ser celebrados por 2 ou mais Estados e Distrito Federal, estabelecendo procedimentos comuns visando:<\/p>\n\n\n\n<ul class=\"wp-block-list\"><li>&nbsp;a implementa\u00e7\u00e3o de pol\u00edticas fiscais;<\/li><li>permuta de informa\u00e7\u00f5es e fiscaliza\u00e7\u00e3o conjunta;<\/li><li>a fixa\u00e7\u00e3o de crit\u00e9rios para elabora\u00e7\u00e3o de pautas fiscais;<\/li><li>outros assuntos de interesse dos Estados e do Distrito Federal.<\/li><\/ul>\n\n\n\n<p>Todavia, os Protocolos n\u00e3o se prestar\u00e3o ao estabelecimento de normas que aumentem, reduzam ou revoguem benef\u00edcios fiscais.<\/p>\n\n\n\n<h2 class=\"wp-block-heading\">Finalizando<\/h2>\n\n\n\n<p>Gostou do artigo? Deixe seu coment\u00e1rio abaixo.<\/p>\n\n\n\n<p>Gostaria ainda de <strong>explica\u00e7\u00f5es mais detalhadas<\/strong>, com <strong>exemplos pr\u00e1ticos<\/strong> e <strong>resolu\u00e7\u00e3o passo a passo<\/strong> dos exerc\u00edcios?! <a href=\"https:\/\/www.estrategiaconcursos.com.br\/cursosPorMateria\/direito-tributario-68\/\">Acesso aqui<\/a> nossos cursos de Direito Tribut\u00e1rio, elaborados pelos melhores professores da \u00e1rea.<\/p>\n\n\n\n<p>Forte abra\u00e7o<\/p>\n\n\n\n<p>Leandro Ricardo M. Silveira<\/p>\n\n\n\n<p><strong>Instagram: <\/strong><a href=\"https:\/\/www.instagram.com\/leandro.rms12\/\">https:\/\/www.instagram.com\/leandro.rms12\/<\/a><\/p>\n\n\n\n<p class=\"has-text-align-center has-medium-font-size\"><em><strong>Assinatura Anual Ilimitada*<\/strong><\/em><\/p>\n\n\n\n<p class=\"has-text-align-center\"><em>Prepare-se com o melhor material e com quem mais aprova em Concursos P\u00fablicos em todo o pa\u00eds. Assine agora a nossa Assinatura Anual e tenha acesso ilimitado* a todos os nossos cursos.<\/em><\/p>\n\n\n\n<p style=\"font-size:22px\" class=\"has-background has-text-align-center has-luminous-vivid-amber-background-color\"><strong>ASSINE AGORA<\/strong>&nbsp;\u2013&nbsp;<a rel=\"noreferrer noopener\" href=\"https:\/\/www.estrategiaconcursos.com.br\/assinaturas\" target=\"_blank\"><strong>Assinatura Ilimitada<\/strong><\/a><\/p>\n\n\n\n<p class=\"has-text-align-center has-medium-font-size\"><em><strong>Fique por dentro de todos os concursos<\/strong><\/em>:<\/p>\n\n\n\n<p style=\"font-size:22px\" class=\"has-background has-text-align-center has-pale-cyan-blue-background-color\"><a rel=\"noreferrer noopener\" href=\"https:\/\/www.estrategiaconcursos.com.br\/blog\/concursos-abertos\/\" target=\"_blank\"><strong>Concursos abertos<\/strong><\/a><\/p>\n\n\n\n<p style=\"font-size:22px\" class=\"has-background has-text-align-center has-pale-cyan-blue-background-color\"><a rel=\"noreferrer noopener\" href=\"https:\/\/www.estrategiaconcursos.com.br\/blog\/concursos-2020\/\" target=\"_blank\"><strong>Concursos 2020<\/strong><\/a><\/p>\n","protected":false},"excerpt":{"rendered":"<p>Aprenda os pontos mais cobrados em concursos relativos ao CONFAZ, qu\u00f3rum, vota\u00e7\u00f5es, participantes, prazos, entre outros. Ol\u00e1, Estrategista. Tudo joia? Antes de falarmos sobre o Conv\u00eanio CONFAZ, celebrado pelos Estados, mister se faz voltar ao tema Legisla\u00e7\u00e3o Tribut\u00e1ria. A express\u00e3o &#8220;legisla\u00e7\u00e3o tribut\u00e1ria&#8221; compreende as leis, os tratados e as conven\u00e7\u00f5es internacionais, os decretos e as [&hellip;]<\/p>\n","protected":false},"author":1668,"featured_media":558781,"comment_status":"open","ping_status":"closed","sticky":false,"template":"","format":"standard","meta":{"post_tipo":"article","footnotes":""},"categories":[1,1983],"tags":[213730,343],"tax_estado":[],"class_list":["post-558776","post","type-post","status-publish","format-standard","has-post-thumbnail","hentry","category-cursos-e-concursos","category-fiscal-estadual","tag-confaz","tag-icms"],"acf":[],"yoast_head":"<!-- This site is optimized with the Yoast SEO Premium plugin v27.2 (Yoast SEO v27.2) - https:\/\/yoast.com\/product\/yoast-seo-premium-wordpress\/ -->\n<title>Veja os pontos do Conv\u00eanio CONFAZ (ICMS) cobrados em concursos<\/title>\n<meta name=\"description\" content=\"Aprenda os pontos mais cobrados em concursos relativos ao CONFAZ, qu\u00f3rum, vota\u00e7\u00f5es, participantes, prazos, entre outros, para gabaritar a prova\" \/>\n<meta name=\"robots\" content=\"index, follow, max-snippet:-1, max-image-preview:large, max-video-preview:-1\" \/>\n<link rel=\"canonical\" href=\"https:\/\/www.estrategiaconcursos.com.br\/blog\/saiba-os-pontos-do-convenio-confaz-icms-mais-cobrados-em-concursos\/\" \/>\n<meta property=\"og:locale\" content=\"pt_BR\" \/>\n<meta property=\"og:type\" content=\"article\" \/>\n<meta property=\"og:title\" content=\"Saiba os pontos do Conv\u00eanio CONFAZ \u2013 ICMS \u2013 mais cobrados em concursos\" \/>\n<meta property=\"og:description\" content=\"Aprenda os pontos mais cobrados em concursos relativos ao CONFAZ, qu\u00f3rum, vota\u00e7\u00f5es, participantes, prazos, entre outros, para gabaritar a prova\" \/>\n<meta property=\"og:url\" content=\"https:\/\/www.estrategiaconcursos.com.br\/blog\/saiba-os-pontos-do-convenio-confaz-icms-mais-cobrados-em-concursos\/\" \/>\n<meta property=\"og:site_name\" content=\"Estrat\u00e9gia Concursos\" \/>\n<meta property=\"article:published_time\" content=\"2020-08-29T16:39:00+00:00\" \/>\n<meta property=\"og:image\" content=\"https:\/\/dhg1h5j42swfq.cloudfront.net\/2020\/08\/21100504\/confaz-logo-1.jpg\" \/>\n\t<meta property=\"og:image:width\" content=\"800\" \/>\n\t<meta property=\"og:image:height\" content=\"447\" \/>\n\t<meta property=\"og:image:type\" content=\"image\/jpeg\" \/>\n<meta name=\"author\" content=\"Leandro Ricardo Machado da Silveira\" \/>\n<meta name=\"twitter:card\" content=\"summary_large_image\" \/>\n<meta name=\"twitter:creator\" content=\"@EstratConcursos\" \/>\n<meta name=\"twitter:site\" content=\"@EstratConcursos\" \/>\n<meta name=\"twitter:label1\" content=\"Escrito por\" \/>\n\t<meta name=\"twitter:data1\" content=\"Leandro Ricardo Machado da Silveira\" \/>\n\t<meta name=\"twitter:label2\" content=\"Est. tempo de leitura\" \/>\n\t<meta name=\"twitter:data2\" content=\"9 minutos\" \/>\n<script type=\"application\/ld+json\" class=\"yoast-schema-graph\">{\"@context\":\"https:\/\/schema.org\",\"@graph\":[{\"@type\":\"NewsArticle\",\"@id\":\"https:\/\/www.estrategiaconcursos.com.br\/blog\/saiba-os-pontos-do-convenio-confaz-icms-mais-cobrados-em-concursos\/#article\",\"isPartOf\":{\"@id\":\"https:\/\/www.estrategiaconcursos.com.br\/blog\/saiba-os-pontos-do-convenio-confaz-icms-mais-cobrados-em-concursos\/\"},\"author\":{\"name\":\"Leandro Ricardo Machado da Silveira\",\"@id\":\"https:\/\/www.estrategiaconcursos.com.br\/blog\/#\/schema\/person\/c666a44fbce7e2e70009a9c13549267a\"},\"headline\":\"Saiba os pontos do Conv\u00eanio CONFAZ \u2013 ICMS \u2013 mais cobrados em concursos\",\"datePublished\":\"2020-08-29T16:39:00+00:00\",\"mainEntityOfPage\":{\"@id\":\"https:\/\/www.estrategiaconcursos.com.br\/blog\/saiba-os-pontos-do-convenio-confaz-icms-mais-cobrados-em-concursos\/\"},\"wordCount\":1773,\"commentCount\":0,\"publisher\":{\"@id\":\"https:\/\/www.estrategiaconcursos.com.br\/blog\/#organization\"},\"image\":{\"@id\":\"https:\/\/www.estrategiaconcursos.com.br\/blog\/saiba-os-pontos-do-convenio-confaz-icms-mais-cobrados-em-concursos\/#primaryimage\"},\"thumbnailUrl\":\"https:\/\/dhg1h5j42swfq.cloudfront.net\/2020\/08\/21100504\/confaz-logo-1.jpg\",\"keywords\":[\"CONFAZ\",\"icms\"],\"articleSection\":[\"Concursos P\u00fablicos\",\"Fiscal - Estadual (ICMS)\"],\"inLanguage\":\"pt-BR\",\"potentialAction\":[{\"@type\":\"CommentAction\",\"name\":\"Comment\",\"target\":[\"https:\/\/www.estrategiaconcursos.com.br\/blog\/saiba-os-pontos-do-convenio-confaz-icms-mais-cobrados-em-concursos\/#respond\"]}],\"copyrightYear\":\"2020\",\"copyrightHolder\":{\"@id\":\"https:\/\/www.estrategiaconcursos.com.br\/blog\/#organization\"}},{\"@type\":\"WebPage\",\"@id\":\"https:\/\/www.estrategiaconcursos.com.br\/blog\/saiba-os-pontos-do-convenio-confaz-icms-mais-cobrados-em-concursos\/\",\"url\":\"https:\/\/www.estrategiaconcursos.com.br\/blog\/saiba-os-pontos-do-convenio-confaz-icms-mais-cobrados-em-concursos\/\",\"name\":\"Veja os pontos do Conv\u00eanio CONFAZ (ICMS) cobrados em concursos\",\"isPartOf\":{\"@id\":\"https:\/\/www.estrategiaconcursos.com.br\/blog\/#website\"},\"primaryImageOfPage\":{\"@id\":\"https:\/\/www.estrategiaconcursos.com.br\/blog\/saiba-os-pontos-do-convenio-confaz-icms-mais-cobrados-em-concursos\/#primaryimage\"},\"image\":{\"@id\":\"https:\/\/www.estrategiaconcursos.com.br\/blog\/saiba-os-pontos-do-convenio-confaz-icms-mais-cobrados-em-concursos\/#primaryimage\"},\"thumbnailUrl\":\"https:\/\/dhg1h5j42swfq.cloudfront.net\/2020\/08\/21100504\/confaz-logo-1.jpg\",\"datePublished\":\"2020-08-29T16:39:00+00:00\",\"description\":\"Aprenda os pontos mais cobrados em concursos relativos ao CONFAZ, qu\u00f3rum, vota\u00e7\u00f5es, participantes, prazos, entre outros, para gabaritar a prova\",\"breadcrumb\":{\"@id\":\"https:\/\/www.estrategiaconcursos.com.br\/blog\/saiba-os-pontos-do-convenio-confaz-icms-mais-cobrados-em-concursos\/#breadcrumb\"},\"inLanguage\":\"pt-BR\",\"potentialAction\":[{\"@type\":\"ReadAction\",\"target\":[\"https:\/\/www.estrategiaconcursos.com.br\/blog\/saiba-os-pontos-do-convenio-confaz-icms-mais-cobrados-em-concursos\/\"]}]},{\"@type\":\"ImageObject\",\"inLanguage\":\"pt-BR\",\"@id\":\"https:\/\/www.estrategiaconcursos.com.br\/blog\/saiba-os-pontos-do-convenio-confaz-icms-mais-cobrados-em-concursos\/#primaryimage\",\"url\":\"https:\/\/dhg1h5j42swfq.cloudfront.net\/2020\/08\/21100504\/confaz-logo-1.jpg\",\"contentUrl\":\"https:\/\/dhg1h5j42swfq.cloudfront.net\/2020\/08\/21100504\/confaz-logo-1.jpg\",\"width\":800,\"height\":447},{\"@type\":\"BreadcrumbList\",\"@id\":\"https:\/\/www.estrategiaconcursos.com.br\/blog\/saiba-os-pontos-do-convenio-confaz-icms-mais-cobrados-em-concursos\/#breadcrumb\",\"itemListElement\":[{\"@type\":\"ListItem\",\"position\":1,\"name\":\"In\u00edcio\",\"item\":\"https:\/\/www.estrategiaconcursos.com.br\/blog\/\"},{\"@type\":\"ListItem\",\"position\":2,\"name\":\"Saiba os pontos do Conv\u00eanio CONFAZ \u2013 ICMS \u2013 mais cobrados em concursos\"}]},{\"@type\":\"WebSite\",\"@id\":\"https:\/\/www.estrategiaconcursos.com.br\/blog\/#website\",\"url\":\"https:\/\/www.estrategiaconcursos.com.br\/blog\/\",\"name\":\"Estrat\u00e9gia Concursos\",\"description\":\"O blog da Estrat\u00e9gia Concursos traz not\u00edcias sobre concursos e artigos de professores oferecendo cursos para concursos (pdf + videaulas) no site.\",\"publisher\":{\"@id\":\"https:\/\/www.estrategiaconcursos.com.br\/blog\/#organization\"},\"potentialAction\":[{\"@type\":\"SearchAction\",\"target\":{\"@type\":\"EntryPoint\",\"urlTemplate\":\"https:\/\/www.estrategiaconcursos.com.br\/blog\/?s={search_term_string}\"},\"query-input\":{\"@type\":\"PropertyValueSpecification\",\"valueRequired\":true,\"valueName\":\"search_term_string\"}}],\"inLanguage\":\"pt-BR\"},{\"@type\":\"Organization\",\"@id\":\"https:\/\/www.estrategiaconcursos.com.br\/blog\/#organization\",\"name\":\"Estrat\u00e9gia Concursos\",\"url\":\"https:\/\/www.estrategiaconcursos.com.br\/blog\/\",\"logo\":{\"@type\":\"ImageObject\",\"inLanguage\":\"pt-BR\",\"@id\":\"https:\/\/www.estrategiaconcursos.com.br\/blog\/#\/schema\/logo\/image\/\",\"url\":\"https:\/\/dhg1h5j42swfq.cloudfront.net\/2025\/06\/03203428\/logo_concursos-1.jpg\",\"contentUrl\":\"https:\/\/dhg1h5j42swfq.cloudfront.net\/2025\/06\/03203428\/logo_concursos-1.jpg\",\"width\":230,\"height\":60,\"caption\":\"Estrat\u00e9gia Concursos\"},\"image\":{\"@id\":\"https:\/\/www.estrategiaconcursos.com.br\/blog\/#\/schema\/logo\/image\/\"},\"sameAs\":[\"https:\/\/x.com\/EstratConcursos\"]},{\"@type\":\"Person\",\"@id\":\"https:\/\/www.estrategiaconcursos.com.br\/blog\/#\/schema\/person\/c666a44fbce7e2e70009a9c13549267a\",\"name\":\"Leandro Ricardo Machado da Silveira\",\"image\":{\"@type\":\"ImageObject\",\"inLanguage\":\"pt-BR\",\"@id\":\"https:\/\/secure.gravatar.com\/avatar\/6fb25994d16b9649838400aa459b16c1c83f558e0fd6ebebd16da0473908b291?s=96&d=mm&r=g\",\"url\":\"https:\/\/secure.gravatar.com\/avatar\/6fb25994d16b9649838400aa459b16c1c83f558e0fd6ebebd16da0473908b291?s=96&d=mm&r=g\",\"contentUrl\":\"https:\/\/secure.gravatar.com\/avatar\/6fb25994d16b9649838400aa459b16c1c83f558e0fd6ebebd16da0473908b291?s=96&d=mm&r=g\",\"caption\":\"Leandro Ricardo Machado da Silveira\"},\"description\":\"Engenheiro Aeron\u00e1utico, formado pela Universidade Federal de Uberl\u00e2ndia, possui MBA em Administra\u00e7\u00e3o e Finan\u00e7as Corporativas e aprovado nos concursos de Auditor Fiscal SEFAZ-SC e SEFAZ-GO.\",\"url\":\"https:\/\/www.estrategiaconcursos.com.br\/blog\/author\/leandro_vzthotmail-com\/\"}]}<\/script>\n<!-- \/ Yoast SEO Premium plugin. -->","yoast_head_json":{"title":"Veja os pontos do Conv\u00eanio CONFAZ (ICMS) cobrados em concursos","description":"Aprenda os pontos mais cobrados em concursos relativos ao CONFAZ, qu\u00f3rum, vota\u00e7\u00f5es, participantes, prazos, entre outros, para gabaritar a prova","robots":{"index":"index","follow":"follow","max-snippet":"max-snippet:-1","max-image-preview":"max-image-preview:large","max-video-preview":"max-video-preview:-1"},"canonical":"https:\/\/www.estrategiaconcursos.com.br\/blog\/saiba-os-pontos-do-convenio-confaz-icms-mais-cobrados-em-concursos\/","og_locale":"pt_BR","og_type":"article","og_title":"Saiba os pontos do Conv\u00eanio CONFAZ \u2013 ICMS \u2013 mais cobrados em concursos","og_description":"Aprenda os pontos mais cobrados em concursos relativos ao CONFAZ, qu\u00f3rum, vota\u00e7\u00f5es, participantes, prazos, entre outros, para gabaritar a prova","og_url":"https:\/\/www.estrategiaconcursos.com.br\/blog\/saiba-os-pontos-do-convenio-confaz-icms-mais-cobrados-em-concursos\/","og_site_name":"Estrat\u00e9gia Concursos","article_published_time":"2020-08-29T16:39:00+00:00","og_image":[{"width":800,"height":447,"url":"https:\/\/dhg1h5j42swfq.cloudfront.net\/2020\/08\/21100504\/confaz-logo-1.jpg","type":"image\/jpeg"}],"author":"Leandro Ricardo Machado da Silveira","twitter_card":"summary_large_image","twitter_creator":"@EstratConcursos","twitter_site":"@EstratConcursos","twitter_misc":{"Escrito por":"Leandro Ricardo Machado da Silveira","Est. tempo de leitura":"9 minutos"},"schema":{"@context":"https:\/\/schema.org","@graph":[{"@type":"NewsArticle","@id":"https:\/\/www.estrategiaconcursos.com.br\/blog\/saiba-os-pontos-do-convenio-confaz-icms-mais-cobrados-em-concursos\/#article","isPartOf":{"@id":"https:\/\/www.estrategiaconcursos.com.br\/blog\/saiba-os-pontos-do-convenio-confaz-icms-mais-cobrados-em-concursos\/"},"author":{"name":"Leandro Ricardo Machado da Silveira","@id":"https:\/\/www.estrategiaconcursos.com.br\/blog\/#\/schema\/person\/c666a44fbce7e2e70009a9c13549267a"},"headline":"Saiba os pontos do Conv\u00eanio CONFAZ \u2013 ICMS \u2013 mais cobrados em concursos","datePublished":"2020-08-29T16:39:00+00:00","mainEntityOfPage":{"@id":"https:\/\/www.estrategiaconcursos.com.br\/blog\/saiba-os-pontos-do-convenio-confaz-icms-mais-cobrados-em-concursos\/"},"wordCount":1773,"commentCount":0,"publisher":{"@id":"https:\/\/www.estrategiaconcursos.com.br\/blog\/#organization"},"image":{"@id":"https:\/\/www.estrategiaconcursos.com.br\/blog\/saiba-os-pontos-do-convenio-confaz-icms-mais-cobrados-em-concursos\/#primaryimage"},"thumbnailUrl":"https:\/\/dhg1h5j42swfq.cloudfront.net\/2020\/08\/21100504\/confaz-logo-1.jpg","keywords":["CONFAZ","icms"],"articleSection":["Concursos P\u00fablicos","Fiscal - Estadual (ICMS)"],"inLanguage":"pt-BR","potentialAction":[{"@type":"CommentAction","name":"Comment","target":["https:\/\/www.estrategiaconcursos.com.br\/blog\/saiba-os-pontos-do-convenio-confaz-icms-mais-cobrados-em-concursos\/#respond"]}],"copyrightYear":"2020","copyrightHolder":{"@id":"https:\/\/www.estrategiaconcursos.com.br\/blog\/#organization"}},{"@type":"WebPage","@id":"https:\/\/www.estrategiaconcursos.com.br\/blog\/saiba-os-pontos-do-convenio-confaz-icms-mais-cobrados-em-concursos\/","url":"https:\/\/www.estrategiaconcursos.com.br\/blog\/saiba-os-pontos-do-convenio-confaz-icms-mais-cobrados-em-concursos\/","name":"Veja os pontos do Conv\u00eanio CONFAZ (ICMS) cobrados em concursos","isPartOf":{"@id":"https:\/\/www.estrategiaconcursos.com.br\/blog\/#website"},"primaryImageOfPage":{"@id":"https:\/\/www.estrategiaconcursos.com.br\/blog\/saiba-os-pontos-do-convenio-confaz-icms-mais-cobrados-em-concursos\/#primaryimage"},"image":{"@id":"https:\/\/www.estrategiaconcursos.com.br\/blog\/saiba-os-pontos-do-convenio-confaz-icms-mais-cobrados-em-concursos\/#primaryimage"},"thumbnailUrl":"https:\/\/dhg1h5j42swfq.cloudfront.net\/2020\/08\/21100504\/confaz-logo-1.jpg","datePublished":"2020-08-29T16:39:00+00:00","description":"Aprenda os pontos mais cobrados em concursos relativos ao CONFAZ, qu\u00f3rum, vota\u00e7\u00f5es, participantes, prazos, entre outros, para gabaritar a prova","breadcrumb":{"@id":"https:\/\/www.estrategiaconcursos.com.br\/blog\/saiba-os-pontos-do-convenio-confaz-icms-mais-cobrados-em-concursos\/#breadcrumb"},"inLanguage":"pt-BR","potentialAction":[{"@type":"ReadAction","target":["https:\/\/www.estrategiaconcursos.com.br\/blog\/saiba-os-pontos-do-convenio-confaz-icms-mais-cobrados-em-concursos\/"]}]},{"@type":"ImageObject","inLanguage":"pt-BR","@id":"https:\/\/www.estrategiaconcursos.com.br\/blog\/saiba-os-pontos-do-convenio-confaz-icms-mais-cobrados-em-concursos\/#primaryimage","url":"https:\/\/dhg1h5j42swfq.cloudfront.net\/2020\/08\/21100504\/confaz-logo-1.jpg","contentUrl":"https:\/\/dhg1h5j42swfq.cloudfront.net\/2020\/08\/21100504\/confaz-logo-1.jpg","width":800,"height":447},{"@type":"BreadcrumbList","@id":"https:\/\/www.estrategiaconcursos.com.br\/blog\/saiba-os-pontos-do-convenio-confaz-icms-mais-cobrados-em-concursos\/#breadcrumb","itemListElement":[{"@type":"ListItem","position":1,"name":"In\u00edcio","item":"https:\/\/www.estrategiaconcursos.com.br\/blog\/"},{"@type":"ListItem","position":2,"name":"Saiba os pontos do Conv\u00eanio CONFAZ \u2013 ICMS \u2013 mais cobrados em concursos"}]},{"@type":"WebSite","@id":"https:\/\/www.estrategiaconcursos.com.br\/blog\/#website","url":"https:\/\/www.estrategiaconcursos.com.br\/blog\/","name":"Estrat\u00e9gia Concursos","description":"O blog da Estrat\u00e9gia Concursos traz not\u00edcias sobre concursos e artigos de professores oferecendo cursos para concursos (pdf + videaulas) no site.","publisher":{"@id":"https:\/\/www.estrategiaconcursos.com.br\/blog\/#organization"},"potentialAction":[{"@type":"SearchAction","target":{"@type":"EntryPoint","urlTemplate":"https:\/\/www.estrategiaconcursos.com.br\/blog\/?s={search_term_string}"},"query-input":{"@type":"PropertyValueSpecification","valueRequired":true,"valueName":"search_term_string"}}],"inLanguage":"pt-BR"},{"@type":"Organization","@id":"https:\/\/www.estrategiaconcursos.com.br\/blog\/#organization","name":"Estrat\u00e9gia Concursos","url":"https:\/\/www.estrategiaconcursos.com.br\/blog\/","logo":{"@type":"ImageObject","inLanguage":"pt-BR","@id":"https:\/\/www.estrategiaconcursos.com.br\/blog\/#\/schema\/logo\/image\/","url":"https:\/\/dhg1h5j42swfq.cloudfront.net\/2025\/06\/03203428\/logo_concursos-1.jpg","contentUrl":"https:\/\/dhg1h5j42swfq.cloudfront.net\/2025\/06\/03203428\/logo_concursos-1.jpg","width":230,"height":60,"caption":"Estrat\u00e9gia Concursos"},"image":{"@id":"https:\/\/www.estrategiaconcursos.com.br\/blog\/#\/schema\/logo\/image\/"},"sameAs":["https:\/\/x.com\/EstratConcursos"]},{"@type":"Person","@id":"https:\/\/www.estrategiaconcursos.com.br\/blog\/#\/schema\/person\/c666a44fbce7e2e70009a9c13549267a","name":"Leandro Ricardo Machado da Silveira","image":{"@type":"ImageObject","inLanguage":"pt-BR","@id":"https:\/\/secure.gravatar.com\/avatar\/6fb25994d16b9649838400aa459b16c1c83f558e0fd6ebebd16da0473908b291?s=96&d=mm&r=g","url":"https:\/\/secure.gravatar.com\/avatar\/6fb25994d16b9649838400aa459b16c1c83f558e0fd6ebebd16da0473908b291?s=96&d=mm&r=g","contentUrl":"https:\/\/secure.gravatar.com\/avatar\/6fb25994d16b9649838400aa459b16c1c83f558e0fd6ebebd16da0473908b291?s=96&d=mm&r=g","caption":"Leandro Ricardo Machado da Silveira"},"description":"Engenheiro Aeron\u00e1utico, formado pela Universidade Federal de Uberl\u00e2ndia, possui MBA em Administra\u00e7\u00e3o e Finan\u00e7as Corporativas e aprovado nos concursos de Auditor Fiscal SEFAZ-SC e SEFAZ-GO.","url":"https:\/\/www.estrategiaconcursos.com.br\/blog\/author\/leandro_vzthotmail-com\/"}]}},"_links":{"self":[{"href":"https:\/\/www.estrategiaconcursos.com.br\/blog\/wp-json\/wp\/v2\/posts\/558776","targetHints":{"allow":["GET"]}}],"collection":[{"href":"https:\/\/www.estrategiaconcursos.com.br\/blog\/wp-json\/wp\/v2\/posts"}],"about":[{"href":"https:\/\/www.estrategiaconcursos.com.br\/blog\/wp-json\/wp\/v2\/types\/post"}],"author":[{"embeddable":true,"href":"https:\/\/www.estrategiaconcursos.com.br\/blog\/wp-json\/wp\/v2\/users\/1668"}],"replies":[{"embeddable":true,"href":"https:\/\/www.estrategiaconcursos.com.br\/blog\/wp-json\/wp\/v2\/comments?post=558776"}],"version-history":[{"count":4,"href":"https:\/\/www.estrategiaconcursos.com.br\/blog\/wp-json\/wp\/v2\/posts\/558776\/revisions"}],"predecessor-version":[{"id":558792,"href":"https:\/\/www.estrategiaconcursos.com.br\/blog\/wp-json\/wp\/v2\/posts\/558776\/revisions\/558792"}],"wp:featuredmedia":[{"embeddable":true,"href":"https:\/\/www.estrategiaconcursos.com.br\/blog\/wp-json\/wp\/v2\/media\/558781"}],"wp:attachment":[{"href":"https:\/\/www.estrategiaconcursos.com.br\/blog\/wp-json\/wp\/v2\/media?parent=558776"}],"wp:term":[{"taxonomy":"category","embeddable":true,"href":"https:\/\/www.estrategiaconcursos.com.br\/blog\/wp-json\/wp\/v2\/categories?post=558776"},{"taxonomy":"post_tag","embeddable":true,"href":"https:\/\/www.estrategiaconcursos.com.br\/blog\/wp-json\/wp\/v2\/tags?post=558776"},{"taxonomy":"tax_estado","embeddable":true,"href":"https:\/\/www.estrategiaconcursos.com.br\/blog\/wp-json\/wp\/v2\/tax_estado?post=558776"}],"curies":[{"name":"wp","href":"https:\/\/api.w.org\/{rel}","templated":true}]}}