{"id":558678,"date":"2020-10-21T00:05:00","date_gmt":"2020-10-21T03:05:00","guid":{"rendered":"https:\/\/www.estrategiaconcursos.com.br\/blog\/?p=558678"},"modified":"2023-06-23T09:24:01","modified_gmt":"2023-06-23T12:24:01","slug":"edital-camara-teofilo-otoni","status":"publish","type":"post","link":"https:\/\/www.estrategiaconcursos.com.br\/blog\/edital-camara-teofilo-otoni\/","title":{"rendered":"Edital C\u00e2mara de Te\u00f3filo Otoni \u00e9 PUBLICADO; Inscri\u00e7\u00f5es aberta!"},"content":{"rendered":"\n<p>As inscri\u00e7\u00f5es para o<strong> concurso C\u00e2mara de Te\u00f3filo Otoni,<\/strong> no estado de Minas Gerais, est\u00e3o abertas, com oferta de oito (8) vagas imediatas e oportunidades para forma\u00e7\u00e3o de cadastro reserva para cargos de n\u00edveis m\u00e9dio e superior. <\/p>\n\n\n\n<p>Confira neste artigo as principais informa\u00e7\u00f5es sobre este certame e inicie sua prepara\u00e7\u00e3o. Acompanhe os t\u00f3picos abaixo e n\u00e3o perca nenhum detalhe:<\/p>\n\n\n\n<ul class=\"wp-block-list\">\n<li><strong><em><a href=\"#data\">Principais datas<\/a><\/em><\/strong> <\/li>\n\n\n\n<li><strong><em><a href=\"#cargos\">Cargos, vagas e remunera\u00e7\u00e3o<\/a><\/em><\/strong><\/li>\n\n\n\n<li><strong><em><a href=\"#etapas\">Etapas do concurso<\/a><\/em><\/strong><\/li>\n\n\n\n<li><strong><em><a href=\"#cursos-assinatura\">Cursos e Assinatura<\/a><\/em><\/strong><\/li>\n\n\n\n<li><strong><em><a href=\"#ficha-tecnica\">Ficha t\u00e9cnica<\/a><\/em><\/strong><\/li>\n<\/ul>\n\n\n\n<h2 class=\"wp-block-heading\" id=\"data\">Principais datas do concurso<\/h2>\n\n\n\n<p class=\"has-very-light-gray-background-color has-background\"><strong>Inscri\u00e7\u00f5es:<\/strong> 21 de outubro a 20 de novembro<br \/><strong>Isen\u00e7\u00e3o:<\/strong> 21 a 23 de outubro<br \/><strong>Prova:<\/strong> 20 de dezembro de 2020<\/p>\n\n\n\n<p>As taxas foram definidas de acordo com o grau de escolaridade do cargo pretendido, sendo:<\/p>\n\n\n\n<ul class=\"wp-block-list\">\n<li><strong>M\u00e9dio:<\/strong> R$ 66,00<\/li>\n\n\n\n<li><strong>Superior: <\/strong>R$ 106,00<\/li>\n<\/ul>\n\n\n\n<h2 class=\"wp-block-heading\" id=\"cargos\">Cargos, vagas e remunera\u00e7\u00e3o &#8211; concurso C\u00e2mara de Te\u00f3filo<\/h2>\n\n\n\n<p>O concurso C\u00e2mara de Te\u00f3filo visa a oferta 05 vagas imediatas e forma\u00e7\u00e3o de cadastro reserva, distribu\u00eddas entre cargos de n\u00edvel m\u00e9dio e superior:<\/p>\n\n\n\n<figure class=\"wp-block-table is-style-stripes\"><table class=\"has-background has-fixed-layout\" style=\"background-color:#fcf0ef\"><tbody><tr><td class=\"has-text-align-center\" data-align=\"center\"><strong>Cargo<\/strong><\/td><td class=\"has-text-align-center\" data-align=\"center\"><strong>Vagas<\/strong><\/td><td class=\"has-text-align-center\" data-align=\"center\"><strong>Escolaridade<\/strong><\/td><td class=\"has-text-align-center\" data-align=\"center\"><strong>Sal\u00e1rio<\/strong><\/td><td class=\"has-text-align-center\" data-align=\"center\"><strong>Carga hor\u00e1ria<\/strong><\/td><\/tr><tr><td class=\"has-text-align-center\" data-align=\"center\">Analista Legislativo &#8211; Administrativo<\/td><td class=\"has-text-align-center\" data-align=\"center\"> 02 <\/td><td class=\"has-text-align-center\" data-align=\"center\">Curso Superior em Servi\u00e7o Social ou Administra\u00e7\u00e3o ou Ci\u00eancias Cont\u00e1beis ou Direito ou Gest\u00e3o P\u00fablica ou Letras <\/td><td class=\"has-text-align-center\" data-align=\"center\"> R$ 3.045,57 <\/td><td class=\"has-text-align-center\" data-align=\"center\">40h\/s <\/td><\/tr><tr><td class=\"has-text-align-center\" data-align=\"center\">Analista Legislativo &#8211; Sistemas<\/td><td class=\"has-text-align-center\" data-align=\"center\"> 01 <\/td><td class=\"has-text-align-center\" data-align=\"center\">Curso Superior em Ci\u00eancias da Computa\u00e7\u00e3o ou Sistema de Informa\u00e7\u00e3o <\/td><td class=\"has-text-align-center\" data-align=\"center\">R$ 3.045,57 <\/td><td class=\"has-text-align-center\" data-align=\"center\">40h\/s <\/td><\/tr><tr><td class=\"has-text-align-center\" data-align=\"center\">Assistente Legislativo <\/td><td class=\"has-text-align-center\" data-align=\"center\"> 03 <\/td><td class=\"has-text-align-center\" data-align=\"center\">Ensino M\u00e9dio + Conhecimentos de Inform\u00e1tica <\/td><td class=\"has-text-align-center\" data-align=\"center\">R$ 1.903,94 <\/td><td class=\"has-text-align-center\" data-align=\"center\">40h\/s <\/td><\/tr><tr><td class=\"has-text-align-center\" data-align=\"center\">Contador <\/td><td class=\"has-text-align-center\" data-align=\"center\"> 01 <\/td><td class=\"has-text-align-center\" data-align=\"center\">Curso Superior em Ci\u00eancias Cont\u00e1beis + Registro no CRC <\/td><td class=\"has-text-align-center\" data-align=\"center\"> R$ 3.045,57 <\/td><td class=\"has-text-align-center\" data-align=\"center\">40h\/s <\/td><\/tr><tr><td class=\"has-text-align-center\" data-align=\"center\">Procurador Jur\u00eddico <\/td><td class=\"has-text-align-center\" data-align=\"center\"> 01 <\/td><td class=\"has-text-align-center\" data-align=\"center\">Curso Superior em Direito + Registro na OAB <\/td><td class=\"has-text-align-center\" data-align=\"center\"> R$ 3.045,57 <\/td><td class=\"has-text-align-center\" data-align=\"center\">20h\/s <\/td><\/tr><\/tbody><\/table><\/figure>\n\n\n\n<h2 class=\"wp-block-heading\" id=\"etapas\">Etapas do concurso<\/h2>\n\n\n\n<p>O concurso C\u00e2mara de Te\u00f3filo Otoni ser\u00e1 composto por tr\u00eas etapas: Provas Objetivas, Prova Pr\u00e1tico-Profissional (Procurador) e Avalia\u00e7\u00e3o de T\u00ectulos. Confira a seguir as principais etapas do certame:<\/p>\n\n\n\n<h3 class=\"wp-block-heading\">Provas Objetivas<\/h3>\n\n\n\n<p>As Provas Objetivas, de car\u00e1ter eliminat\u00f3rio e classificat\u00f3rio, ser\u00e1 avaliada de 0 (zero) a 100 (cem) pontos para todos os cargos, exceto para Procurador, que ser\u00e1 de 0 (zero) a 70 (setenta) pontos. As provas ser\u00e3o do tipo m\u00faltipla escolha. Confira abaixo a distribui\u00e7\u00e3o das disciplinas:<\/p>\n\n\n\n<h4 class=\"wp-block-heading\">Assistente Legislativo<\/h4>\n\n\n\n<p>L\u00edngua Portuguesa;<br \/>Conhecimentos de Inform\u00e1tica;e<br \/>Conhecimentos Espec\u00edficos.<\/p>\n\n\n\n<h4 class=\"wp-block-heading\">Analista Legislativo (Administrativo e Sistemas) <\/h4>\n\n\n\n<p>L\u00edngua Portuguesa;<br \/>Conhecimentos Gerais;e<br \/>Conhecimentos Espec\u00edficos.<\/p>\n\n\n\n<h4 class=\"wp-block-heading\">Contador<\/h4>\n\n\n\n<p>L\u00edngua Portuguesa;<br \/>Conhecimentos Gerais;e<br \/>Conhecimentos Espec\u00edficos<\/p>\n\n\n\n<h4 class=\"wp-block-heading\"> Procurador<\/h4>\n\n\n\n<p>L\u00edngua Portuguesa;<br \/>Conhecimentos de Inform\u00e1tica;<br \/>Conhecimentos Espec\u00edficos;e<br \/>Pe\u00e7a Pr\u00e1tico-Profissional.<\/p>\n\n\n\n<h3 class=\"wp-block-heading\">Prova Pr\u00e1tico-Profissional<\/h3>\n\n\n\n<p>A prova de pe\u00e7a pr\u00e1tico-profissional consistir\u00e1 na elabora\u00e7\u00e3o de pe\u00e7a pr\u00e1tico-profissional privativa de Procurador (peti\u00e7\u00e3o ou parecer), versando exclusivamente sobre argumenta\u00e7\u00e3o jur\u00eddica, contendo no m\u00ednimo 90 (noventa) linhas e, no m\u00e1ximo 130 (cento e trinta) linhas.<\/p>\n\n\n\n<h3 class=\"wp-block-heading\">Avalia\u00e7\u00e3o de T\u00edtulos<\/h3>\n\n\n\n<p>A avalia\u00e7\u00e3o de T\u00edtulos tem car\u00e1ter apenas classificat\u00f3rio. A etapa ser\u00e1 aplicada somente para os candidatos aprovados nas provas objetivas.<\/p>\n\n\n\n<figure class=\"wp-block-image size-large\"><img loading=\"lazy\" decoding=\"async\" width=\"932\" height=\"365\" src=\"https:\/\/dhg1h5j42swfq.cloudfront.net\/2020\/08\/26211138\/image-242.png\" alt=\"\" class=\"wp-image-562212\" srcset=\"https:\/\/dhg1h5j42swfq.cloudfront.net\/2020\/08\/26211138\/image-242.png 932w, https:\/\/dhg1h5j42swfq.cloudfront.net\/2020\/08\/26211138\/image-242-300x117.png 300w, https:\/\/dhg1h5j42swfq.cloudfront.net\/2020\/08\/26211138\/image-242-768x301.png 768w, https:\/\/dhg1h5j42swfq.cloudfront.net\/2020\/08\/26211138\/image-242-610x239.png 610w\" sizes=\"auto, (max-width: 932px) 100vw, 932px\" \/><\/figure>\n\n\n\n<p class=\"has-text-align-center has-very-light-gray-background-color has-background has-medium-font-size\"><strong><em>Saiba mais: <a rel=\"noreferrer noopener\" aria-label=\"concurso C\u00e2mara de Te\u00f3filo (abre numa nova aba)\" href=\"https:\/\/www.estrategiaconcursos.com.br\/blog\/concurso-camara-teofilo-mg\/\" target=\"_blank\">concurso C\u00e2mara de Te\u00f3filo Otoni<\/a><\/em><\/strong><\/p>\n\n\n\n<h2 class=\"wp-block-heading has-text-align-center\" id=\"cursos-assinatura\">Quer estudar para o concurso C\u00e2mara de Te\u00f3filo?<\/h2>\n\n\n\n<p class=\"has-text-align-center\"><em>Gostou desta oportunidade e deseja come\u00e7ar se preparar agora mesmo? Ent\u00e3o, confira os nossos cursos e comece a estudar:<\/em><\/p>\n\n\n\n<p class=\"has-text-align-center has-light-green-cyan-background-color has-background\" style=\"font-size:clamp(14.642px, 0.915rem + ((1vw - 3.2px) * 0.721), 22px);px\"><a href=\"https:\/\/www.estrategiaconcursos.com.br\/cursosPorConcurso\/camara-municipal-de-teofilo-otoni-mg\/\" target=\"_blank\" rel=\"noreferrer noopener\"><strong>Cursos C\u00e2mara de Te\u00f3filo Otoni<\/strong><\/a><\/p>\n\n\n\n<p class=\"has-text-align-center\"><em><strong>Assinatura Anual Ilimitada*<\/strong><\/em><\/p>\n\n\n\n<p class=\"has-text-align-center\"><em>Prepare-se com o melhor material e com quem mais aprova em Concursos P\u00fablicos em todo o pa\u00eds. Assine agora a nossa Assinatura Anual e tenha acesso ilimitado* a todos os nossos cursos.<\/em><\/p>\n\n\n\n<p class=\"has-text-align-center has-light-green-cyan-background-color has-background\"><strong>ASSINE AGORA&nbsp;\u2013&nbsp;<\/strong><a rel=\"noreferrer noopener\" href=\"https:\/\/www.estrategiaconcursos.com.br\/assinaturas\" target=\"_blank\"><strong>Assinatura Ilimitada<\/strong><\/a><\/p>\n\n\n\n<p class=\"has-text-align-center\"><strong><em><strong>Sistema de Quest\u00f5es<\/strong><\/em><\/strong><\/p>\n\n\n\n<p class=\"has-text-align-center\">Estrat\u00e9gia Quest\u00f5es nasceu maior do que todos os concorrentes, com mais quest\u00f5es cadastradas e mais solu\u00e7\u00f5es por professores. Clique no link e aproveite os descontos e b\u00f4nus imperd\u00edveis!<\/p>\n\n\n\n<p class=\"has-text-align-center has-light-green-cyan-background-color has-background\"><strong>ASSINE AGORA \u2013&nbsp;<a rel=\"noreferrer noopener\" href=\"https:\/\/www.estrategiaconcursos.com.br\/cursosPorConcurso\/sistema-de-questoes\/#\/\" target=\"_blank\">Sistema de Quest\u00f5es<\/a><\/strong><\/p>\n\n\n\n<p class=\"has-text-align-center\"><strong><em>Fique por dentro de todos os concursos<\/em><\/strong><\/p>\n\n\n\n<p class=\"has-text-align-center has-pale-cyan-blue-background-color has-background\"><a href=\"https:\/\/www.estrategiaconcursos.com.br\/blog\/concursos-abertos\/\" target=\"_blank\" rel=\"noreferrer noopener\"><strong>CONCURSOS ABERTOS<\/strong><\/a><\/p>\n\n\n\n<figure class=\"wp-block-image\"><img loading=\"lazy\" decoding=\"async\" width=\"300\" height=\"102\" src=\"https:\/\/dhg1h5j42swfq.cloudfront.net\/2017\/03\/28152500\/coruja-ficha-tecnica-300x102.png\" alt=\"Ficha t\u00e9cnica do concurso C\u00e2mara de Te\u00f3filo Otoni\" class=\"wp-image-68542\"\/><\/figure>\n\n\n\n<h3 class=\"wp-block-heading\" id=\"ficha-tecnica\"><strong>Informa\u00e7\u00f5es sobre o c<\/strong>oncurso C\u00e2mara de Te\u00f3filo Otoni MG<\/h3>\n\n\n\n<p>\u25ba<strong>Data prevista<\/strong>: 21 de outubro a 20 de novembro<br \/>\u25ba<strong>Vagas<\/strong>: 08 + CR<br \/>\u25ba<strong>Cargos<\/strong>: Contador, Procurador, Analista e Assistente Legislativo<br \/>\u25ba<strong>Banca<\/strong>: MSM Consultoria<br \/>\u25ba<strong>Escolaridade<\/strong>: N\u00edvel m\u00e9dio e superior<br \/>\u25ba<strong>Edital: <a href=\"https:\/\/dhg1h5j42swfq.cloudfront.net\/2020\/08\/26205352\/edt.pdf\" target=\"_blank\" rel=\"noreferrer noopener\">Baixe AQUI!<\/a><\/strong><\/p>\n\n\n\n<p><em>Diogo Mendes<\/em><br \/><em>Ascom Estrat\u00e9gia<\/em><br \/>ascomestrategia@gmail.com<\/p>\n","protected":false},"excerpt":{"rendered":"<p>As inscri\u00e7\u00f5es para o concurso C\u00e2mara de Te\u00f3filo Otoni, no estado de Minas Gerais, est\u00e3o abertas, com oferta de oito (8) vagas imediatas e oportunidades para forma\u00e7\u00e3o de cadastro reserva para cargos de n\u00edveis m\u00e9dio e superior. Confira neste artigo as principais informa\u00e7\u00f5es sobre este certame e inicie sua prepara\u00e7\u00e3o. Acompanhe os t\u00f3picos abaixo e [&hellip;]<\/p>\n","protected":false},"author":741,"featured_media":465521,"comment_status":"open","ping_status":"closed","sticky":false,"template":"","format":"standard","meta":{"post_tipo":"article","footnotes":""},"categories":[2017],"tags":[],"tax_estado":[],"class_list":["post-558678","post","type-post","status-publish","format-standard","has-post-thumbnail","hentry","category-concursos-legislativos"],"acf":[],"yoast_head":"<!-- This site is optimized with the Yoast SEO Premium plugin v27.2 (Yoast SEO v27.2) - https:\/\/yoast.com\/product\/yoast-seo-premium-wordpress\/ -->\n<title>Edital C\u00e2mara de Te\u00f3filo Otoni \u00e9 PUBLICADO; Inscri\u00e7\u00f5es aberta!<\/title>\n<meta name=\"description\" content=\"C\u00e2mara Te\u00f3filo Otoni: Foi publicado no Di\u00e1rio Oficial o edital resumido do concurso C\u00e2mara de Te\u00f3filo Otoni. Confira as vagas ofertadas!\" \/>\n<meta name=\"robots\" content=\"index, follow, max-snippet:-1, max-image-preview:large, max-video-preview:-1\" \/>\n<link rel=\"canonical\" href=\"https:\/\/www.estrategiaconcursos.com.br\/blog\/edital-camara-teofilo-otoni\/\" \/>\n<meta property=\"og:locale\" content=\"pt_BR\" \/>\n<meta property=\"og:type\" content=\"article\" \/>\n<meta property=\"og:title\" content=\"Edital C\u00e2mara de Te\u00f3filo Otoni \u00e9 PUBLICADO; Inscri\u00e7\u00f5es aberta!\" \/>\n<meta property=\"og:description\" content=\"C\u00e2mara Te\u00f3filo Otoni: Foi publicado no Di\u00e1rio Oficial o edital resumido do concurso C\u00e2mara de Te\u00f3filo Otoni. Confira as vagas ofertadas!\" \/>\n<meta property=\"og:url\" content=\"https:\/\/www.estrategiaconcursos.com.br\/blog\/edital-camara-teofilo-otoni\/\" \/>\n<meta property=\"og:site_name\" content=\"Estrat\u00e9gia Concursos\" \/>\n<meta property=\"article:published_time\" content=\"2020-10-21T03:05:00+00:00\" \/>\n<meta property=\"article:modified_time\" content=\"2023-06-23T12:24:01+00:00\" \/>\n<meta property=\"og:image\" content=\"https:\/\/dhg1h5j42swfq.cloudfront.net\/2019\/12\/03110755\/TEOFILO.jpg\" \/>\n\t<meta property=\"og:image:width\" content=\"1200\" \/>\n\t<meta property=\"og:image:height\" content=\"625\" \/>\n\t<meta property=\"og:image:type\" content=\"image\/jpeg\" \/>\n<meta name=\"author\" content=\"Brunno Lima\" \/>\n<meta name=\"twitter:card\" content=\"summary_large_image\" \/>\n<meta name=\"twitter:creator\" content=\"@EstratConcursos\" \/>\n<meta name=\"twitter:site\" content=\"@EstratConcursos\" \/>\n<meta name=\"twitter:label1\" content=\"Escrito por\" \/>\n\t<meta name=\"twitter:data1\" content=\"Brunno Lima\" \/>\n\t<meta name=\"twitter:label2\" content=\"Est. tempo de leitura\" \/>\n\t<meta name=\"twitter:data2\" content=\"3 minutos\" \/>\n<script type=\"application\/ld+json\" class=\"yoast-schema-graph\">{\"@context\":\"https:\/\/schema.org\",\"@graph\":[{\"@type\":\"NewsArticle\",\"@id\":\"https:\/\/www.estrategiaconcursos.com.br\/blog\/edital-camara-teofilo-otoni\/#article\",\"isPartOf\":{\"@id\":\"https:\/\/www.estrategiaconcursos.com.br\/blog\/edital-camara-teofilo-otoni\/\"},\"author\":{\"name\":\"Brunno Lima\",\"@id\":\"https:\/\/www.estrategiaconcursos.com.br\/blog\/#\/schema\/person\/2865ec132c3404c9912015dd7a24eb1e\"},\"headline\":\"Edital C\u00e2mara de Te\u00f3filo Otoni \u00e9 PUBLICADO; Inscri\u00e7\u00f5es aberta!\",\"datePublished\":\"2020-10-21T03:05:00+00:00\",\"dateModified\":\"2023-06-23T12:24:01+00:00\",\"mainEntityOfPage\":{\"@id\":\"https:\/\/www.estrategiaconcursos.com.br\/blog\/edital-camara-teofilo-otoni\/\"},\"wordCount\":679,\"commentCount\":0,\"publisher\":{\"@id\":\"https:\/\/www.estrategiaconcursos.com.br\/blog\/#organization\"},\"image\":{\"@id\":\"https:\/\/www.estrategiaconcursos.com.br\/blog\/edital-camara-teofilo-otoni\/#primaryimage\"},\"thumbnailUrl\":\"https:\/\/dhg1h5j42swfq.cloudfront.net\/2019\/12\/03110755\/TEOFILO.jpg\",\"articleSection\":[\"Legislativo\"],\"inLanguage\":\"pt-BR\",\"potentialAction\":[{\"@type\":\"CommentAction\",\"name\":\"Comment\",\"target\":[\"https:\/\/www.estrategiaconcursos.com.br\/blog\/edital-camara-teofilo-otoni\/#respond\"]}],\"copyrightYear\":\"2020\",\"copyrightHolder\":{\"@id\":\"https:\/\/www.estrategiaconcursos.com.br\/blog\/#organization\"}},{\"@type\":\"WebPage\",\"@id\":\"https:\/\/www.estrategiaconcursos.com.br\/blog\/edital-camara-teofilo-otoni\/\",\"url\":\"https:\/\/www.estrategiaconcursos.com.br\/blog\/edital-camara-teofilo-otoni\/\",\"name\":\"Edital C\u00e2mara de Te\u00f3filo Otoni \u00e9 PUBLICADO; Inscri\u00e7\u00f5es aberta!\",\"isPartOf\":{\"@id\":\"https:\/\/www.estrategiaconcursos.com.br\/blog\/#website\"},\"primaryImageOfPage\":{\"@id\":\"https:\/\/www.estrategiaconcursos.com.br\/blog\/edital-camara-teofilo-otoni\/#primaryimage\"},\"image\":{\"@id\":\"https:\/\/www.estrategiaconcursos.com.br\/blog\/edital-camara-teofilo-otoni\/#primaryimage\"},\"thumbnailUrl\":\"https:\/\/dhg1h5j42swfq.cloudfront.net\/2019\/12\/03110755\/TEOFILO.jpg\",\"datePublished\":\"2020-10-21T03:05:00+00:00\",\"dateModified\":\"2023-06-23T12:24:01+00:00\",\"description\":\"C\u00e2mara Te\u00f3filo Otoni: Foi publicado no Di\u00e1rio Oficial o edital resumido do concurso C\u00e2mara de Te\u00f3filo Otoni. Confira as vagas ofertadas!\",\"breadcrumb\":{\"@id\":\"https:\/\/www.estrategiaconcursos.com.br\/blog\/edital-camara-teofilo-otoni\/#breadcrumb\"},\"inLanguage\":\"pt-BR\",\"potentialAction\":[{\"@type\":\"ReadAction\",\"target\":[\"https:\/\/www.estrategiaconcursos.com.br\/blog\/edital-camara-teofilo-otoni\/\"]}]},{\"@type\":\"ImageObject\",\"inLanguage\":\"pt-BR\",\"@id\":\"https:\/\/www.estrategiaconcursos.com.br\/blog\/edital-camara-teofilo-otoni\/#primaryimage\",\"url\":\"https:\/\/dhg1h5j42swfq.cloudfront.net\/2019\/12\/03110755\/TEOFILO.jpg\",\"contentUrl\":\"https:\/\/dhg1h5j42swfq.cloudfront.net\/2019\/12\/03110755\/TEOFILO.jpg\",\"width\":1200,\"height\":625},{\"@type\":\"BreadcrumbList\",\"@id\":\"https:\/\/www.estrategiaconcursos.com.br\/blog\/edital-camara-teofilo-otoni\/#breadcrumb\",\"itemListElement\":[{\"@type\":\"ListItem\",\"position\":1,\"name\":\"In\u00edcio\",\"item\":\"https:\/\/www.estrategiaconcursos.com.br\/blog\/\"},{\"@type\":\"ListItem\",\"position\":2,\"name\":\"Edital C\u00e2mara de Te\u00f3filo Otoni \u00e9 PUBLICADO; Inscri\u00e7\u00f5es aberta!\"}]},{\"@type\":\"WebSite\",\"@id\":\"https:\/\/www.estrategiaconcursos.com.br\/blog\/#website\",\"url\":\"https:\/\/www.estrategiaconcursos.com.br\/blog\/\",\"name\":\"Estrat\u00e9gia Concursos\",\"description\":\"O blog da Estrat\u00e9gia Concursos traz not\u00edcias sobre concursos e artigos de professores oferecendo cursos para concursos (pdf + videaulas) no site.\",\"publisher\":{\"@id\":\"https:\/\/www.estrategiaconcursos.com.br\/blog\/#organization\"},\"potentialAction\":[{\"@type\":\"SearchAction\",\"target\":{\"@type\":\"EntryPoint\",\"urlTemplate\":\"https:\/\/www.estrategiaconcursos.com.br\/blog\/?s={search_term_string}\"},\"query-input\":{\"@type\":\"PropertyValueSpecification\",\"valueRequired\":true,\"valueName\":\"search_term_string\"}}],\"inLanguage\":\"pt-BR\"},{\"@type\":\"Organization\",\"@id\":\"https:\/\/www.estrategiaconcursos.com.br\/blog\/#organization\",\"name\":\"Estrat\u00e9gia Concursos\",\"url\":\"https:\/\/www.estrategiaconcursos.com.br\/blog\/\",\"logo\":{\"@type\":\"ImageObject\",\"inLanguage\":\"pt-BR\",\"@id\":\"https:\/\/www.estrategiaconcursos.com.br\/blog\/#\/schema\/logo\/image\/\",\"url\":\"https:\/\/dhg1h5j42swfq.cloudfront.net\/2025\/06\/03203428\/logo_concursos-1.jpg\",\"contentUrl\":\"https:\/\/dhg1h5j42swfq.cloudfront.net\/2025\/06\/03203428\/logo_concursos-1.jpg\",\"width\":230,\"height\":60,\"caption\":\"Estrat\u00e9gia Concursos\"},\"image\":{\"@id\":\"https:\/\/www.estrategiaconcursos.com.br\/blog\/#\/schema\/logo\/image\/\"},\"sameAs\":[\"https:\/\/x.com\/EstratConcursos\"]},{\"@type\":\"Person\",\"@id\":\"https:\/\/www.estrategiaconcursos.com.br\/blog\/#\/schema\/person\/2865ec132c3404c9912015dd7a24eb1e\",\"name\":\"Brunno Lima\",\"image\":{\"@type\":\"ImageObject\",\"inLanguage\":\"pt-BR\",\"@id\":\"https:\/\/secure.gravatar.com\/avatar\/d40b472e5e2856222d4a4a1c3ee2189ed7d7a9f67dc3343b880cc1889a7bd6af?s=96&d=mm&r=g\",\"url\":\"https:\/\/secure.gravatar.com\/avatar\/d40b472e5e2856222d4a4a1c3ee2189ed7d7a9f67dc3343b880cc1889a7bd6af?s=96&d=mm&r=g\",\"contentUrl\":\"https:\/\/secure.gravatar.com\/avatar\/d40b472e5e2856222d4a4a1c3ee2189ed7d7a9f67dc3343b880cc1889a7bd6af?s=96&d=mm&r=g\",\"caption\":\"Brunno Lima\"},\"url\":\"https:\/\/www.estrategiaconcursos.com.br\/blog\/author\/brunnoestrategiaconcursos-com-br\/\"}]}<\/script>\n<!-- \/ Yoast SEO Premium plugin. -->","yoast_head_json":{"title":"Edital C\u00e2mara de Te\u00f3filo Otoni \u00e9 PUBLICADO; Inscri\u00e7\u00f5es aberta!","description":"C\u00e2mara Te\u00f3filo Otoni: Foi publicado no Di\u00e1rio Oficial o edital resumido do concurso C\u00e2mara de Te\u00f3filo Otoni. Confira as vagas ofertadas!","robots":{"index":"index","follow":"follow","max-snippet":"max-snippet:-1","max-image-preview":"max-image-preview:large","max-video-preview":"max-video-preview:-1"},"canonical":"https:\/\/www.estrategiaconcursos.com.br\/blog\/edital-camara-teofilo-otoni\/","og_locale":"pt_BR","og_type":"article","og_title":"Edital C\u00e2mara de Te\u00f3filo Otoni \u00e9 PUBLICADO; Inscri\u00e7\u00f5es aberta!","og_description":"C\u00e2mara Te\u00f3filo Otoni: Foi publicado no Di\u00e1rio Oficial o edital resumido do concurso C\u00e2mara de Te\u00f3filo Otoni. Confira as vagas ofertadas!","og_url":"https:\/\/www.estrategiaconcursos.com.br\/blog\/edital-camara-teofilo-otoni\/","og_site_name":"Estrat\u00e9gia Concursos","article_published_time":"2020-10-21T03:05:00+00:00","article_modified_time":"2023-06-23T12:24:01+00:00","og_image":[{"width":1200,"height":625,"url":"https:\/\/dhg1h5j42swfq.cloudfront.net\/2019\/12\/03110755\/TEOFILO.jpg","type":"image\/jpeg"}],"author":"Brunno Lima","twitter_card":"summary_large_image","twitter_creator":"@EstratConcursos","twitter_site":"@EstratConcursos","twitter_misc":{"Escrito por":"Brunno Lima","Est. tempo de leitura":"3 minutos"},"schema":{"@context":"https:\/\/schema.org","@graph":[{"@type":"NewsArticle","@id":"https:\/\/www.estrategiaconcursos.com.br\/blog\/edital-camara-teofilo-otoni\/#article","isPartOf":{"@id":"https:\/\/www.estrategiaconcursos.com.br\/blog\/edital-camara-teofilo-otoni\/"},"author":{"name":"Brunno Lima","@id":"https:\/\/www.estrategiaconcursos.com.br\/blog\/#\/schema\/person\/2865ec132c3404c9912015dd7a24eb1e"},"headline":"Edital C\u00e2mara de Te\u00f3filo Otoni \u00e9 PUBLICADO; Inscri\u00e7\u00f5es aberta!","datePublished":"2020-10-21T03:05:00+00:00","dateModified":"2023-06-23T12:24:01+00:00","mainEntityOfPage":{"@id":"https:\/\/www.estrategiaconcursos.com.br\/blog\/edital-camara-teofilo-otoni\/"},"wordCount":679,"commentCount":0,"publisher":{"@id":"https:\/\/www.estrategiaconcursos.com.br\/blog\/#organization"},"image":{"@id":"https:\/\/www.estrategiaconcursos.com.br\/blog\/edital-camara-teofilo-otoni\/#primaryimage"},"thumbnailUrl":"https:\/\/dhg1h5j42swfq.cloudfront.net\/2019\/12\/03110755\/TEOFILO.jpg","articleSection":["Legislativo"],"inLanguage":"pt-BR","potentialAction":[{"@type":"CommentAction","name":"Comment","target":["https:\/\/www.estrategiaconcursos.com.br\/blog\/edital-camara-teofilo-otoni\/#respond"]}],"copyrightYear":"2020","copyrightHolder":{"@id":"https:\/\/www.estrategiaconcursos.com.br\/blog\/#organization"}},{"@type":"WebPage","@id":"https:\/\/www.estrategiaconcursos.com.br\/blog\/edital-camara-teofilo-otoni\/","url":"https:\/\/www.estrategiaconcursos.com.br\/blog\/edital-camara-teofilo-otoni\/","name":"Edital C\u00e2mara de Te\u00f3filo Otoni \u00e9 PUBLICADO; Inscri\u00e7\u00f5es aberta!","isPartOf":{"@id":"https:\/\/www.estrategiaconcursos.com.br\/blog\/#website"},"primaryImageOfPage":{"@id":"https:\/\/www.estrategiaconcursos.com.br\/blog\/edital-camara-teofilo-otoni\/#primaryimage"},"image":{"@id":"https:\/\/www.estrategiaconcursos.com.br\/blog\/edital-camara-teofilo-otoni\/#primaryimage"},"thumbnailUrl":"https:\/\/dhg1h5j42swfq.cloudfront.net\/2019\/12\/03110755\/TEOFILO.jpg","datePublished":"2020-10-21T03:05:00+00:00","dateModified":"2023-06-23T12:24:01+00:00","description":"C\u00e2mara Te\u00f3filo Otoni: Foi publicado no Di\u00e1rio Oficial o edital resumido do concurso C\u00e2mara de Te\u00f3filo Otoni. Confira as vagas ofertadas!","breadcrumb":{"@id":"https:\/\/www.estrategiaconcursos.com.br\/blog\/edital-camara-teofilo-otoni\/#breadcrumb"},"inLanguage":"pt-BR","potentialAction":[{"@type":"ReadAction","target":["https:\/\/www.estrategiaconcursos.com.br\/blog\/edital-camara-teofilo-otoni\/"]}]},{"@type":"ImageObject","inLanguage":"pt-BR","@id":"https:\/\/www.estrategiaconcursos.com.br\/blog\/edital-camara-teofilo-otoni\/#primaryimage","url":"https:\/\/dhg1h5j42swfq.cloudfront.net\/2019\/12\/03110755\/TEOFILO.jpg","contentUrl":"https:\/\/dhg1h5j42swfq.cloudfront.net\/2019\/12\/03110755\/TEOFILO.jpg","width":1200,"height":625},{"@type":"BreadcrumbList","@id":"https:\/\/www.estrategiaconcursos.com.br\/blog\/edital-camara-teofilo-otoni\/#breadcrumb","itemListElement":[{"@type":"ListItem","position":1,"name":"In\u00edcio","item":"https:\/\/www.estrategiaconcursos.com.br\/blog\/"},{"@type":"ListItem","position":2,"name":"Edital C\u00e2mara de Te\u00f3filo Otoni \u00e9 PUBLICADO; Inscri\u00e7\u00f5es aberta!"}]},{"@type":"WebSite","@id":"https:\/\/www.estrategiaconcursos.com.br\/blog\/#website","url":"https:\/\/www.estrategiaconcursos.com.br\/blog\/","name":"Estrat\u00e9gia Concursos","description":"O blog da Estrat\u00e9gia Concursos traz not\u00edcias sobre concursos e artigos de professores oferecendo cursos para concursos (pdf + videaulas) no site.","publisher":{"@id":"https:\/\/www.estrategiaconcursos.com.br\/blog\/#organization"},"potentialAction":[{"@type":"SearchAction","target":{"@type":"EntryPoint","urlTemplate":"https:\/\/www.estrategiaconcursos.com.br\/blog\/?s={search_term_string}"},"query-input":{"@type":"PropertyValueSpecification","valueRequired":true,"valueName":"search_term_string"}}],"inLanguage":"pt-BR"},{"@type":"Organization","@id":"https:\/\/www.estrategiaconcursos.com.br\/blog\/#organization","name":"Estrat\u00e9gia Concursos","url":"https:\/\/www.estrategiaconcursos.com.br\/blog\/","logo":{"@type":"ImageObject","inLanguage":"pt-BR","@id":"https:\/\/www.estrategiaconcursos.com.br\/blog\/#\/schema\/logo\/image\/","url":"https:\/\/dhg1h5j42swfq.cloudfront.net\/2025\/06\/03203428\/logo_concursos-1.jpg","contentUrl":"https:\/\/dhg1h5j42swfq.cloudfront.net\/2025\/06\/03203428\/logo_concursos-1.jpg","width":230,"height":60,"caption":"Estrat\u00e9gia Concursos"},"image":{"@id":"https:\/\/www.estrategiaconcursos.com.br\/blog\/#\/schema\/logo\/image\/"},"sameAs":["https:\/\/x.com\/EstratConcursos"]},{"@type":"Person","@id":"https:\/\/www.estrategiaconcursos.com.br\/blog\/#\/schema\/person\/2865ec132c3404c9912015dd7a24eb1e","name":"Brunno Lima","image":{"@type":"ImageObject","inLanguage":"pt-BR","@id":"https:\/\/secure.gravatar.com\/avatar\/d40b472e5e2856222d4a4a1c3ee2189ed7d7a9f67dc3343b880cc1889a7bd6af?s=96&d=mm&r=g","url":"https:\/\/secure.gravatar.com\/avatar\/d40b472e5e2856222d4a4a1c3ee2189ed7d7a9f67dc3343b880cc1889a7bd6af?s=96&d=mm&r=g","contentUrl":"https:\/\/secure.gravatar.com\/avatar\/d40b472e5e2856222d4a4a1c3ee2189ed7d7a9f67dc3343b880cc1889a7bd6af?s=96&d=mm&r=g","caption":"Brunno Lima"},"url":"https:\/\/www.estrategiaconcursos.com.br\/blog\/author\/brunnoestrategiaconcursos-com-br\/"}]}},"_links":{"self":[{"href":"https:\/\/www.estrategiaconcursos.com.br\/blog\/wp-json\/wp\/v2\/posts\/558678","targetHints":{"allow":["GET"]}}],"collection":[{"href":"https:\/\/www.estrategiaconcursos.com.br\/blog\/wp-json\/wp\/v2\/posts"}],"about":[{"href":"https:\/\/www.estrategiaconcursos.com.br\/blog\/wp-json\/wp\/v2\/types\/post"}],"author":[{"embeddable":true,"href":"https:\/\/www.estrategiaconcursos.com.br\/blog\/wp-json\/wp\/v2\/users\/741"}],"replies":[{"embeddable":true,"href":"https:\/\/www.estrategiaconcursos.com.br\/blog\/wp-json\/wp\/v2\/comments?post=558678"}],"version-history":[{"count":13,"href":"https:\/\/www.estrategiaconcursos.com.br\/blog\/wp-json\/wp\/v2\/posts\/558678\/revisions"}],"predecessor-version":[{"id":1237765,"href":"https:\/\/www.estrategiaconcursos.com.br\/blog\/wp-json\/wp\/v2\/posts\/558678\/revisions\/1237765"}],"wp:featuredmedia":[{"embeddable":true,"href":"https:\/\/www.estrategiaconcursos.com.br\/blog\/wp-json\/wp\/v2\/media\/465521"}],"wp:attachment":[{"href":"https:\/\/www.estrategiaconcursos.com.br\/blog\/wp-json\/wp\/v2\/media?parent=558678"}],"wp:term":[{"taxonomy":"category","embeddable":true,"href":"https:\/\/www.estrategiaconcursos.com.br\/blog\/wp-json\/wp\/v2\/categories?post=558678"},{"taxonomy":"post_tag","embeddable":true,"href":"https:\/\/www.estrategiaconcursos.com.br\/blog\/wp-json\/wp\/v2\/tags?post=558678"},{"taxonomy":"tax_estado","embeddable":true,"href":"https:\/\/www.estrategiaconcursos.com.br\/blog\/wp-json\/wp\/v2\/tax_estado?post=558678"}],"curies":[{"name":"wp","href":"https:\/\/api.w.org\/{rel}","templated":true}]}}