{"id":558477,"date":"2026-03-09T08:30:00","date_gmt":"2026-03-09T11:30:00","guid":{"rendered":"https:\/\/www.estrategiaconcursos.com.br\/blog\/?p=558477"},"modified":"2026-03-20T17:08:41","modified_gmt":"2026-03-20T20:08:41","slug":"concurso-detran-pi","status":"publish","type":"post","link":"https:\/\/www.estrategiaconcursos.com.br\/blog\/concurso-detran-pi\/","title":{"rendered":"Concurso Detran PI: edital at\u00e9 abril; 30 vagas previstas!"},"content":{"rendered":"\n<p style=\"font-size:clamp(14.642px, 0.915rem + ((1vw - 3.2px) * 0.721), 22px);\"><strong><em>Grupo que escolher\u00e1 a banca organizadora do concurso Detran PI \u00e9 formado. Edital ter\u00e1 oportunidades para Analista de Tr\u00e2nsito!<\/em><\/strong><\/p>\n\n\n\n<div style=\"height:12px\" aria-hidden=\"true\" class=\"wp-block-spacer\"><\/div>\n\n\n\n<hr class=\"wp-block-separator has-alpha-channel-opacity\"\/>\n\n\n<p><center><a id=\"cta-icon\" href=\"https:\/\/sndflw.com\/i\/detran-pi-grupo\" target=\"_blank\" style=\"background:#29a61a; display:inline-flex; align-items:center; padding:10px 15px; border-radius:6px; color:#fff; text-decoration:none; font-weight:500; font-size:15px;\"><img decoding=\"async\" src=\"https:\/\/dhg1h5j42swfq.cloudfront.net\/2023\/12\/07154107\/whatsapp_13851.png\" alt=\"\" style=\"width:20px; height:20px; margin-right:8px;\"><span>Acesse agora o Grupo de Estudos para o Concurso Detran PI<\/span><\/a><\/center><\/p>\n\n\n\n<div style=\"height:31px\" aria-hidden=\"true\" class=\"wp-block-spacer\"><\/div>\n\n\n\n<p>Est\u00e1 formada a equipe que vai conduzir o processo de contrata\u00e7\u00e3o da banca organizadora do novo <strong>concurso Detran PI<\/strong> para efetivos, no \u00e2mbito do <strong>1\u00ba Concurso Unificado do Piau\u00ed<\/strong>.<\/p>\n\n\n\n<p>O grupo, composto por tr\u00eas membros, realizar\u00e1 todas as <a href=\"https:\/\/dhg1h5j42swfq.cloudfront.net\/2026\/03\/09082409\/concurso-pi-equipe-planejamento-compras-1-1.pdf\" target=\"_blank\" rel=\"noreferrer noopener nofollow\"><strong>etapas de planejamento da contrata\u00e7\u00e3o da empresa<\/strong><\/a>. <\/p>\n\n\n\n<p>Recentemente, em nova declara\u00e7\u00e3o, o secret\u00e1rio de Administra\u00e7\u00e3o do Piau\u00ed, Samuel Nascimento, revelou novidades acerca do certame. <\/p>\n\n\n\n<p>Segundo Nascimento, a previs\u00e3o \u00e9 que o <strong>edital do concurso unificado seja publicado at\u00e9 o m\u00eas de abril<\/strong>. Ser\u00e3o ofertadas <strong>30 vagas<\/strong>.<\/p>\n\n\n\n<p>Contudo, antes da publica\u00e7\u00e3o do documento, o governo ainda dever\u00e1 encaminhar \u00e0 Assembleia Legislativa um projeto de lei para estabelecer o n\u00famero de vagas destinadas a cada secretaria.<\/p>\n\n\n\n<p>&#8220;<em>O concurso unificado \u00e9 uma grande conquista. O governador autorizou e estamos finalizando o planejamento para contratar a banca. A autoriza\u00e7\u00e3o vai precisar da Assembleia Legislativa para ajustar a quantidade de vagas de algumas secretarias e, em mar\u00e7o, devemos divulgar o cronograma do concurso<\/em>\u201d, disse.<\/p>\n\n\n\n<p>Vale lembrar que o <a href=\"https:\/\/dhg1h5j42swfq.cloudfront.net\/2025\/12\/19205148\/unificado-pi.pdf\" target=\"_blank\" rel=\"noreferrer noopener nofollow\">autoriza\u00e7\u00e3o de realiza\u00e7\u00e3o do certame<\/a> foi anunciada pela governador Rafael Fonteles.<\/p>\n\n\n\n<p>De acordo com as informa\u00e7\u00f5es divulgadas, a sele\u00e7\u00e3o unificada ter\u00e1 oportunidades para os cargos de <strong>Analista de Tr\u00e2nsito, Assistente de Tr\u00e2nsito e Agente de Tr\u00e2nsito<\/strong>, com sal\u00e1rios iniciais de R$ 1.199,96 a R$ 2.205,00.<\/p>\n\n\n\n<ul style=\"background:linear-gradient(135deg,rgb(238,238,238) 8%,rgb(169,184,195) 76%)\" class=\"wp-block-list has-background\">\n<li><strong>Concurso Detran PI &#8211; Analista | Assistente | Agente de Tr\u00e2nsito<\/strong><\/li>\n\n\n\n<li><strong>Status: <\/strong>autorizado | banca em defini\u00e7\u00e3o <\/li>\n\n\n\n<li><strong>Banca:<\/strong> a definir<\/li>\n\n\n\n<li><strong>Vagas: <\/strong>30<\/li>\n\n\n\n<li><strong>Remunera\u00e7\u00e3o:<\/strong> R$ 1.199,96 a R$ 2.205,00<\/li>\n\n\n\n<li><strong>\u00daltimo edital:<\/strong> <a href=\"https:\/\/dhg1h5j42swfq.cloudfront.net\/2021\/05\/05191218\/detran_edital_contratacao_temporaria_20121.pdf\" target=\"_blank\" rel=\"noreferrer noopener nofollow\">Detran PI 2012<\/a><\/li>\n<\/ul>\n\n\n\n<p>Ao longo da mat\u00e9ria voc\u00ea ficar\u00e1 por dentro de tudo sobre o concurso Detran PI. Nosso objetivo \u00e9 deixar voc\u00ea&nbsp;<strong><em>100% atualizado<\/em><\/strong>! Acompanhe pelos t\u00f3picos a seguir:<\/p>\n\n\n\n<ul id=\"indice\" class=\"wp-block-list\">\n<li><strong><a href=\"#status\">Situa\u00e7\u00e3o atual do concurso efetivos<\/a> <\/strong>\n<ul class=\"wp-block-list\">\n<li>Banca em defini\u00e7\u00e3o<\/li>\n\n\n\n<li><a href=\"#auto\">Edital autorizado<\/a><\/li>\n\n\n\n<li><a href=\"#acordo\">Acordo MPT<\/a><\/li>\n\n\n\n<li><a href=\"#solicitacao\">Solicita\u00e7\u00e3o<\/a><\/li>\n<\/ul>\n<\/li>\n\n\n\n<li><a href=\"#pss\"><strong>Situa\u00e7\u00e3o atual do PSS<\/strong><\/a>\n<ul class=\"wp-block-list\">\n<li><a href=\"#edital-publicado\">Edital publicado<\/a><\/li>\n<\/ul>\n<\/li>\n\n\n\n<li><a href=\"#ultimo\"><strong>\u00daltimo concurso<\/strong><\/a>\n<ul class=\"wp-block-list\">\n<li><a href=\"#cargo\">Cargos e vagas do \u00faltimo concurso<\/a> <\/li>\n\n\n\n<li><a href=\"#etapa\">Etapas do \u00faltimo concurso<\/a> <\/li>\n<\/ul>\n<\/li>\n\n\n\n<li><a href=\"#ficha\"><strong>Ficha t\u00e9cnica<\/strong><\/a><\/li>\n\n\n\n<li><strong><a href=\"#cursos\">Cursos e assinaturas<\/a><\/strong><\/li>\n<\/ul>\n\n\n\n<div class=\"container\" id=\"boxes\">\n  <div class=\"row\">\n\n    <div class=\"col-sm\">\n      <div class=\"banner-detran\" id=\"box-assinatura\">\n        <h2 class=\"titulo-assinatura\">Concurso Detran PI<\/h2>\n        <p class=\"subtitulo-assinatura\">Cursos preparat\u00f3rios para a carreira! \u2712\ufe0f<\/p>\n        <div class=\"box-botao\">\n          <a class=\"btn-assinatura\" target=\"_blank\" href=\"https:\/\/www.estrategiaconcursos.com.br\/pesquisa\/?q=detran+pi\" role=\"button\" rel=\"noopener noreferrer\">VER CURSOS<\/a>\n        <\/div>\n      <\/div>\n      \n    <\/div>\n\n  <\/div>\n<\/div>\n\n\n\n<h2 class=\"wp-block-heading\" id=\"status\">Concurso Detran PI: informa\u00e7\u00f5es do edital previsto<\/h2>\n\n\n\n<h3 class=\"wp-block-heading\" id=\"h-banca-em-definicao\">Banca em defini\u00e7\u00e3o<\/h3>\n\n\n\n<p>Est\u00e1 oficialmente formada a equipe que atuar\u00e1 no planejamento e contrata\u00e7\u00e3o da banca organizadora do concurso p\u00fablico do Departamento de Tr\u00e2nsito do Piau\u00ed. Veja na \u00edntegra!<\/p>\n\n\n\n<figure class=\"wp-block-image aligncenter size-large\"><img loading=\"lazy\" decoding=\"async\" width=\"686\" height=\"1024\" src=\"https:\/\/dhg1h5j42swfq.cloudfront.net\/2026\/03\/09083146\/bancapi-686x1024.png\" alt=\"Grupo atuar\u00e1 na contrata\u00e7\u00e3o da banca do concurso Detran PI\" class=\"wp-image-1727894\" srcset=\"https:\/\/dhg1h5j42swfq.cloudfront.net\/2026\/03\/09083146\/bancapi-686x1024.png 686w, https:\/\/dhg1h5j42swfq.cloudfront.net\/2026\/03\/09083146\/bancapi-201x300.png 201w, https:\/\/dhg1h5j42swfq.cloudfront.net\/2026\/03\/09083146\/bancapi-150x224.png 150w, https:\/\/dhg1h5j42swfq.cloudfront.net\/2026\/03\/09083146\/bancapi.png 688w\" sizes=\"auto, (max-width: 686px) 100vw, 686px\" \/><figcaption class=\"wp-element-caption\"> Grupo atuar\u00e1 na contrata\u00e7\u00e3o da banca do concurso Detran PI<\/figcaption><\/figure>\n\n\n\n<h3 class=\"wp-block-heading\" id=\"auto\">Edital autorizado<\/h3>\n\n\n\n<p>O governador Rafael Fonteles confirmou que autoriza\u00e7\u00e3o a realiza\u00e7\u00e3o de um novo certame. O documento ainda ser\u00e1 divulgado no Di\u00e1rio Oficial. O certame far\u00e1 parte da sele\u00e7\u00e3o unificada, que ter\u00e1 oportunidades para diversos \u00f3rg\u00e3os. Veja abaixo!<\/p>\n\n\n\n<figure class=\"wp-block-image aligncenter size-full\"><img loading=\"lazy\" decoding=\"async\" width=\"542\" height=\"678\" src=\"https:\/\/dhg1h5j42swfq.cloudfront.net\/2025\/08\/05122234\/image-48.png\" alt=\"Concurso Detran PI: autoriza\u00e7\u00e3o neste ano\" class=\"wp-image-1666751\" srcset=\"https:\/\/dhg1h5j42swfq.cloudfront.net\/2025\/08\/05122234\/image-48.png 542w, https:\/\/dhg1h5j42swfq.cloudfront.net\/2025\/08\/05122234\/image-48-240x300.png 240w, https:\/\/dhg1h5j42swfq.cloudfront.net\/2025\/08\/05122234\/image-48-150x188.png 150w\" sizes=\"auto, (max-width: 542px) 100vw, 542px\" \/><figcaption class=\"wp-element-caption\">Concurso Detran PI: autoriza\u00e7\u00e3o ainda neste ano<\/figcaption><\/figure>\n\n\n\n<h3 class=\"wp-block-heading\" id=\"acordo\">Acordo MPT<\/h3>\n\n\n\n<p>O Departamento Estadual de Tr\u00e2nsito do Piau\u00ed formalizou um acordo com o Minist\u00e9rio P\u00fablico do Trabalho do Estado para a realiza\u00e7\u00e3o de um concurso p\u00fablico para o Detran PI.<\/p>\n\n\n\n<p>A medida se deu ap\u00f3s o MPT constatar a terceiriza\u00e7\u00e3o de servi\u00e7os que deveriam ser realizados diretamente por funcion\u00e1rios do Detran PI. Importante frisar que este ser\u00e1 o primeiro certame do \u00f3rg\u00e3o.<\/p>\n\n\n\n<p>Inclusive, ainda segundo o acordo, os servidores contratados sem realiza\u00e7\u00e3o de concursos p\u00fablicos tiveram de ser desligados at\u00e9 o dia 31 de dezembro de 2023, com san\u00e7\u00e3o de multa ao \u00f3rg\u00e3o em caso de descumprimento.<\/p>\n\n\n\n<h3 class=\"wp-block-heading\" id=\"solicitacao\">Solicita\u00e7\u00e3o do concurso Detran PI<\/h3>\n\n\n\n<p>O Departamento de Tr\u00e2nsito do Piau\u00ed enviou nova solicita\u00e7\u00e3o para realiza\u00e7\u00e3o de concurso. O pedido foi para contrata\u00e7\u00e3o de 141 novos profissionais para refor\u00e7ar o quadro de servidores que encontra-se com 649 cargos vagos na autarquia.<\/p>\n\n\n\n<p>No entanto, conv\u00e9m an\u00fancio do governador Rafael Fonteles, o primeiro concurso do \u00f3rg\u00e3o contar\u00e1 com 30 oportunidades.<\/p>\n\n\n\n<p>As vagas ser\u00e3o distribu\u00eddas para os cargos de Analista de Tr\u00e2nsito, Assistente de Tr\u00e2nsito e Agente de Tr\u00e2nsito. A remunera\u00e7\u00e3o inicial varia de R$ 1.199,96 a R$ 2.205,00.<\/p>\n\n\n\n<h2 class=\"wp-block-heading\" id=\"pss\">Concurso Detran PI: edital processo seletivo 2025<\/h2>\n\n\n\n<h3 class=\"wp-block-heading\" id=\"edital-publicado\">Informa\u00e7\u00f5es do edital<\/h3>\n\n\n\n<p>Em 2025, foi publicado o edital do processo seletivo do Detran PI com 30 vagas tempor\u00e1rias para o cargo de Instrutores de Tr\u00e2nsito, com sal\u00e1rio de R$ 2.500,00. Entre os requisitos est\u00e3o:<\/p>\n\n\n\n<ul class=\"wp-block-list\">\n<li>a) Ter idade m\u00ednima de 21 anos;<\/li>\n\n\n\n<li>b) Possuir Ensino M\u00e9dio completo;<\/li>\n\n\n\n<li>c) Ser habilitado h\u00e1 pelo menos 02 anos na categoria AB ou superior;<\/li>\n\n\n\n<li>d) Possuir Curso de Forma\u00e7\u00e3o de Instrutor de Tr\u00e2nsito, reconhecido pelo DETRAN;<\/li>\n\n\n\n<li>e) Estar em situa\u00e7\u00e3o regular perante os \u00f3rg\u00e3os de tr\u00e2nsito;<\/li>\n\n\n\n<li>f) N\u00e3o ter cometido infra\u00e7\u00e3o de tr\u00e2nsito de natureza grave ou grav\u00edssima, nem ser reincidente em infra\u00e7\u00f5es m\u00e9dias nos \u00faltimos 12 meses;<\/li>\n\n\n\n<li>g) Ter disponibilidade para atuar em qualquer unidade do DETRAN\/PI, conforme necessidade do \u00f3rg\u00e3o.<\/li>\n<\/ul>\n\n\n\n<p>A sele\u00e7\u00e3o destina-se \u00e0 contrata\u00e7\u00e3o tempor\u00e1ria pelo prazo de 12 meses, podendo ser prorrogado por igual per\u00edodo, conforme necessidade e interesse do DETRAN\/PI. O Processo Seletivo ser\u00e1 realizado em tr\u00eas etapas:<\/p>\n\n\n\n<ul class=\"wp-block-list\">\n<li><strong>a) An\u00e1lise Curricular <\/strong>\u2013 de car\u00e1ter classificat\u00f3rio e eliminat\u00f3rio, considerando experi\u00eancia profissional e titula\u00e7\u00e3o;<\/li>\n\n\n\n<li><strong>b) Entrevista T\u00e9cnica<\/strong> \u2013 de car\u00e1ter classificat\u00f3rio e eliminat\u00f3rio, realizada por um instrutor t\u00e9cnico;<\/li>\n\n\n\n<li><strong>c) Prova Pr\u00e1tica de Dire\u00e7\u00e3o<\/strong> \u2013 de car\u00e1ter eliminat\u00f3rio, realizada em ve\u00edculo disponibilizado pelo DETRAN\/PI.<\/li>\n<\/ul>\n\n\n\n<p class=\"has-text-align-center has-very-light-gray-to-cyan-bluish-gray-gradient-background has-background\"><a href=\"https:\/\/dhg1h5j42swfq.cloudfront.net\/2025\/08\/04152406\/sei_gov-pi-0019453473-edital-de-cont-temporaria-01-2025-2.pdf\" target=\"_blank\" rel=\"noreferrer noopener nofollow\">Veja aqui o edital na \u00edntegra<\/a><\/p>\n\n\n\n<h2 class=\"wp-block-heading\" id=\"ultimo\">Concurso Detran PI: \u00faltimo edital &#8211; 2012<\/h2>\n\n\n\n<p>O \u00faltimo processo seletivo simplificado do Detran PI foi realizado em 2012, e ficou v\u00e1lido at\u00e9 2015. Na ocasi\u00e3o, <strong>22 vagas<\/strong> foram ofertadas na \u00e1rea de tecnologia, para cargos de n\u00edveis m\u00e9dio e superior. As remunera\u00e7\u00f5es ofertadas variaram entre R$ 2 mil e R$ 4.500,00.<\/p>\n\n\n\n<h3 class=\"wp-block-heading\" id=\"cargo\">Cargos e vagas do \u00faltimo concurso Detran PI<\/h3>\n\n\n\n<ul class=\"wp-block-list\">\n<li>Analista de Sistema J\u00fanior &#8211; 06 vagas &#8211; R$ 3.000,00<\/li>\n\n\n\n<li>Analista de Sistema Pleno &#8211; 01 vaga &#8211; R$ 4.500,00<\/li>\n\n\n\n<li>Analista de Suporte J\u00fanior &#8211; 02 vagas &#8211; R$ 3.000,00<\/li>\n\n\n\n<li>Analista de Suporte Pleno &#8211; 01 vaga &#8211; R$ 4.500,00<\/li>\n\n\n\n<li>Programador &#8211; 02 vagas &#8211; R$ 2.000,00<\/li>\n\n\n\n<li>T\u00e9cnico de Suporte &#8211; 10 vagas &#8211; R$ 2.000,00<\/li>\n<\/ul>\n\n\n\n<h3 class=\"wp-block-heading\" id=\"etapa\">Etapas do \u00faltimo certame<\/h3>\n\n\n\n<p>As contrata\u00e7\u00f5es do \u00faltimo concurso Detran PI se deram por meio de an\u00e1lise curricular e entrevista, sendo que a pontua\u00e7\u00e3o m\u00e1xima das duas etapas somaram 100 pontos.  <\/p>\n\n\n\n<hr class=\"wp-block-separator has-alpha-channel-opacity\"\/>\n\n\n\n<h2 class=\"wp-block-heading has-text-align-center\" id=\"h-quer-saber-tudo-sobre-concursos-previstos-confira-nossos-artigos\">Quer saber tudo sobre concursos previstos?<br \/>Confira nossos artigos!<\/h2>\n\n\n\n<ul class=\"wp-block-list\">\n<li><a href=\"https:\/\/www.estrategiaconcursos.com.br\/blog\/concursos-detran\/\" target=\"_blank\" rel=\"noreferrer noopener\">Concursos Detran<\/a><\/li>\n\n\n\n<li><a href=\"https:\/\/www.estrategiaconcursos.com.br\/blog\/concursos-abertos\/\" target=\"_blank\" rel=\"noreferrer noopener\">Concursos abertos<\/a><\/li>\n\n\n\n<li><a href=\"https:\/\/www.estrategiaconcursos.com.br\/blog\/concursos-2026\/\" target=\"_blank\" rel=\"noreferrer noopener\">Concursos 2026<\/a><\/li>\n<\/ul>\n\n\n\n<h2 class=\"wp-block-heading has-text-align-center\" id=\"cursos\">Quer estudar para o concurso Departamento de Tr\u00e2nsito do Piau\u00ed?<\/h2>\n\n\n\n<div class=\"container\" id=\"boxes\">\n  <div class=\"row\">\n\n    <div class=\"col-sm\">\n      <div class=\"banner-detran\" id=\"box-assinatura\">\n        <h3 class=\"titulo-assinatura\">Concurso Detran PI<\/h3>\n        <p class=\"subtitulo-assinatura\">Cursos preparat\u00f3rios para a carreira! \u2712\ufe0f<\/p>\n        <div class=\"box-botao\">\n          <a class=\"btn-assinatura\" target=\"_blank\" href=\"https:\/\/www.estrategiaconcursos.com.br\/pesquisa\/?q=detran+pi\" role=\"button\" rel=\"noopener noreferrer\">VER CURSOS<\/a>\n        <\/div>\n      <\/div>\n      \n    <\/div>\n\n  <\/div>\n<\/div>\n\n\n\n<div class=\"container\" id=\"boxes\">\n  <div class=\"row\">\n\n    <div class=\"col-sm\">\n      <div class=\"estrategia\" id=\"box-assinatura\">\n        <h3 class=\"titulo-assinatura\">Assinatura de Concursos<\/h3>\n        <p class=\"subtitulo-assinatura\">Assinatura de 1 ano ou 2 anos<\/p>\n        <div class=\"box-botao\">\n          <a class=\"btn-assinatura\" target=\"_blank\" href=\"https:\/\/www.estrategiaconcursos.com.br\/assinaturas\/\" role=\"button\" rel=\"noopener noreferrer\">ASSINE AGORA<\/a>\n        <\/div>\n      <\/div>\n     \n    <\/div><\/div><\/div>\n\n\n\n<figure class=\"wp-block-image size-large is-resized\"><img loading=\"lazy\" decoding=\"async\" width=\"1024\" height=\"632\" src=\"https:\/\/dhg1h5j42swfq.cloudfront.net\/2021\/05\/05160934\/ficha-tecnica-1-1024x632-1-2.png\" alt=\"Ficha do concurso Detran PI\" class=\"wp-image-732118\" style=\"width:264px;height:auto\" srcset=\"https:\/\/dhg1h5j42swfq.cloudfront.net\/2021\/05\/05160934\/ficha-tecnica-1-1024x632-1-2.png 1024w, https:\/\/dhg1h5j42swfq.cloudfront.net\/2021\/05\/05160934\/ficha-tecnica-1-1024x632-1-2-300x185.png 300w, https:\/\/dhg1h5j42swfq.cloudfront.net\/2021\/05\/05160934\/ficha-tecnica-1-1024x632-1-2-768x474.png 768w, https:\/\/dhg1h5j42swfq.cloudfront.net\/2021\/05\/05160934\/ficha-tecnica-1-1024x632-1-2-610x376.png 610w\" sizes=\"auto, (max-width: 1024px) 100vw, 1024px\" \/><\/figure>\n\n\n\n<h3 class=\"wp-block-heading\" id=\"ficha\">Informa\u00e7\u00f5es do pr\u00f3ximo concurso Detran PI<\/h3>\n\n\n\n<ul class=\"wp-block-list\">\n<li><strong>Previs\u00e3o:&nbsp;<\/strong>2026<\/li>\n\n\n\n<li><strong>Vagas:&nbsp;<\/strong>30<\/li>\n\n\n\n<li><strong>Cargos:&nbsp;<\/strong>analista, assistente e agente de tr\u00e2nsito<\/li>\n\n\n\n<li><strong>Banca:&nbsp;<\/strong>a definir<\/li>\n\n\n\n<li><strong>\u00daltimo edital<\/strong>: <a href=\"https:\/\/dhg1h5j42swfq.cloudfront.net\/2021\/05\/05191218\/detran_edital_contratacao_temporaria_20121.pdf\" target=\"_blank\" rel=\"noreferrer noopener nofollow\">Detran PI 2012<\/a><\/li>\n<\/ul>\n\n\n\n<p><\/p>\n","protected":false},"excerpt":{"rendered":"<p>Grupo que escolher\u00e1 a banca organizadora do concurso Detran PI \u00e9 formado. Edital ter\u00e1 oportunidades para Analista de Tr\u00e2nsito! Est\u00e1 formada a equipe que vai conduzir o processo de contrata\u00e7\u00e3o da banca organizadora do novo concurso Detran PI para efetivos, no \u00e2mbito do 1\u00ba Concurso Unificado do Piau\u00ed. O grupo, composto por tr\u00eas membros, realizar\u00e1 [&hellip;]<\/p>\n","protected":false},"author":1206,"featured_media":1033373,"comment_status":"open","ping_status":"closed","sticky":false,"template":"","format":"standard","meta":{"post_tipo":"news_page","footnotes":""},"categories":[214992],"tags":[],"tax_estado":[219980],"class_list":["post-558477","post","type-post","status-publish","format-standard","has-post-thumbnail","hentry","category-concursos-administrativos","tax_estado-pi"],"acf":[],"yoast_head":"<!-- This site is optimized with the Yoast SEO Premium plugin v27.2 (Yoast SEO v27.2) - https:\/\/yoast.com\/product\/yoast-seo-premium-wordpress\/ -->\n<title>Concurso Detran PI: edital at\u00e9 abril; 30 vagas previstas!<\/title>\n<meta name=\"description\" content=\"Novo edital do concurso do Detran PI para efetivos \u00e9 autorizado. Edital \u00e9 previsto at\u00e9 abril de 2026. Confira os detalhes!\" \/>\n<meta name=\"robots\" content=\"index, follow, max-snippet:-1, max-image-preview:large, max-video-preview:-1\" \/>\n<link rel=\"canonical\" href=\"https:\/\/www.estrategiaconcursos.com.br\/blog\/concurso-detran-pi\/\" \/>\n<meta property=\"og:locale\" content=\"pt_BR\" \/>\n<meta property=\"og:type\" content=\"article\" \/>\n<meta property=\"og:title\" content=\"Concurso Detran PI: edital at\u00e9 abril; 30 vagas previstas!\" \/>\n<meta property=\"og:description\" content=\"Novo edital do concurso do Detran PI para efetivos \u00e9 autorizado. Edital \u00e9 previsto at\u00e9 abril de 2026. Confira os detalhes!\" \/>\n<meta property=\"og:url\" content=\"https:\/\/www.estrategiaconcursos.com.br\/blog\/concurso-detran-pi\/\" \/>\n<meta property=\"og:site_name\" content=\"Estrat\u00e9gia Concursos\" \/>\n<meta property=\"article:published_time\" content=\"2026-03-09T11:30:00+00:00\" \/>\n<meta property=\"article:modified_time\" content=\"2026-03-20T20:08:41+00:00\" \/>\n<meta property=\"og:image\" content=\"https:\/\/dhg1h5j42swfq.cloudfront.net\/2022\/05\/24144313\/detran_pi.jpg\" \/>\n\t<meta property=\"og:image:width\" content=\"768\" \/>\n\t<meta property=\"og:image:height\" content=\"432\" \/>\n\t<meta property=\"og:image:type\" content=\"image\/jpeg\" \/>\n<meta name=\"author\" content=\"Bruna de Andrade Fran\u00e7a\" \/>\n<meta name=\"twitter:card\" content=\"summary_large_image\" \/>\n<meta name=\"twitter:creator\" content=\"@EstratConcursos\" \/>\n<meta name=\"twitter:site\" content=\"@EstratConcursos\" \/>\n<meta name=\"twitter:label1\" content=\"Escrito por\" \/>\n\t<meta name=\"twitter:data1\" content=\"Bruna de Andrade Fran\u00e7a\" \/>\n\t<meta name=\"twitter:label2\" content=\"Est. tempo de leitura\" \/>\n\t<meta name=\"twitter:data2\" content=\"4 minutos\" \/>\n<script type=\"application\/ld+json\" class=\"yoast-schema-graph\">{\"@context\":\"https:\/\/schema.org\",\"@graph\":[{\"@type\":\"NewsArticle\",\"@id\":\"https:\/\/www.estrategiaconcursos.com.br\/blog\/concurso-detran-pi\/#article\",\"isPartOf\":{\"@id\":\"https:\/\/www.estrategiaconcursos.com.br\/blog\/concurso-detran-pi\/\"},\"author\":{\"name\":\"Bruna de Andrade Fran\u00e7a\",\"@id\":\"https:\/\/www.estrategiaconcursos.com.br\/blog\/#\/schema\/person\/6630f91134abc08115cca62ce6372855\"},\"headline\":\"Concurso Detran PI: edital at\u00e9 abril; 30 vagas previstas!\",\"datePublished\":\"2026-03-09T11:30:00+00:00\",\"dateModified\":\"2026-03-20T20:08:41+00:00\",\"mainEntityOfPage\":{\"@id\":\"https:\/\/www.estrategiaconcursos.com.br\/blog\/concurso-detran-pi\/\"},\"wordCount\":1150,\"commentCount\":0,\"publisher\":{\"@id\":\"https:\/\/www.estrategiaconcursos.com.br\/blog\/#organization\"},\"image\":{\"@id\":\"https:\/\/www.estrategiaconcursos.com.br\/blog\/concurso-detran-pi\/#primaryimage\"},\"thumbnailUrl\":\"https:\/\/dhg1h5j42swfq.cloudfront.net\/2022\/05\/24144313\/detran_pi.jpg\",\"articleSection\":[\"Executivo (Administrativa)\"],\"inLanguage\":\"pt-BR\",\"potentialAction\":[{\"@type\":\"CommentAction\",\"name\":\"Comment\",\"target\":[\"https:\/\/www.estrategiaconcursos.com.br\/blog\/concurso-detran-pi\/#respond\"]}],\"copyrightYear\":\"2026\",\"copyrightHolder\":{\"@id\":\"https:\/\/www.estrategiaconcursos.com.br\/blog\/#organization\"}},{\"@type\":\"WebPage\",\"@id\":\"https:\/\/www.estrategiaconcursos.com.br\/blog\/concurso-detran-pi\/\",\"url\":\"https:\/\/www.estrategiaconcursos.com.br\/blog\/concurso-detran-pi\/\",\"name\":\"Concurso Detran PI: edital at\u00e9 abril; 30 vagas previstas!\",\"isPartOf\":{\"@id\":\"https:\/\/www.estrategiaconcursos.com.br\/blog\/#website\"},\"primaryImageOfPage\":{\"@id\":\"https:\/\/www.estrategiaconcursos.com.br\/blog\/concurso-detran-pi\/#primaryimage\"},\"image\":{\"@id\":\"https:\/\/www.estrategiaconcursos.com.br\/blog\/concurso-detran-pi\/#primaryimage\"},\"thumbnailUrl\":\"https:\/\/dhg1h5j42swfq.cloudfront.net\/2022\/05\/24144313\/detran_pi.jpg\",\"datePublished\":\"2026-03-09T11:30:00+00:00\",\"dateModified\":\"2026-03-20T20:08:41+00:00\",\"description\":\"Novo edital do concurso do Detran PI para efetivos \u00e9 autorizado. Edital \u00e9 previsto at\u00e9 abril de 2026. Confira os detalhes!\",\"breadcrumb\":{\"@id\":\"https:\/\/www.estrategiaconcursos.com.br\/blog\/concurso-detran-pi\/#breadcrumb\"},\"inLanguage\":\"pt-BR\",\"potentialAction\":[{\"@type\":\"ReadAction\",\"target\":[\"https:\/\/www.estrategiaconcursos.com.br\/blog\/concurso-detran-pi\/\"]}]},{\"@type\":\"ImageObject\",\"inLanguage\":\"pt-BR\",\"@id\":\"https:\/\/www.estrategiaconcursos.com.br\/blog\/concurso-detran-pi\/#primaryimage\",\"url\":\"https:\/\/dhg1h5j42swfq.cloudfront.net\/2022\/05\/24144313\/detran_pi.jpg\",\"contentUrl\":\"https:\/\/dhg1h5j42swfq.cloudfront.net\/2022\/05\/24144313\/detran_pi.jpg\",\"width\":768,\"height\":432},{\"@type\":\"BreadcrumbList\",\"@id\":\"https:\/\/www.estrategiaconcursos.com.br\/blog\/concurso-detran-pi\/#breadcrumb\",\"itemListElement\":[{\"@type\":\"ListItem\",\"position\":1,\"name\":\"In\u00edcio\",\"item\":\"https:\/\/www.estrategiaconcursos.com.br\/blog\/\"},{\"@type\":\"ListItem\",\"position\":2,\"name\":\"Concurso Detran PI: edital at\u00e9 abril; 30 vagas previstas!\"}]},{\"@type\":\"WebSite\",\"@id\":\"https:\/\/www.estrategiaconcursos.com.br\/blog\/#website\",\"url\":\"https:\/\/www.estrategiaconcursos.com.br\/blog\/\",\"name\":\"Estrat\u00e9gia Concursos\",\"description\":\"O blog da Estrat\u00e9gia Concursos traz not\u00edcias sobre concursos e artigos de professores oferecendo cursos para concursos (pdf + videaulas) no site.\",\"publisher\":{\"@id\":\"https:\/\/www.estrategiaconcursos.com.br\/blog\/#organization\"},\"potentialAction\":[{\"@type\":\"SearchAction\",\"target\":{\"@type\":\"EntryPoint\",\"urlTemplate\":\"https:\/\/www.estrategiaconcursos.com.br\/blog\/?s={search_term_string}\"},\"query-input\":{\"@type\":\"PropertyValueSpecification\",\"valueRequired\":true,\"valueName\":\"search_term_string\"}}],\"inLanguage\":\"pt-BR\"},{\"@type\":\"Organization\",\"@id\":\"https:\/\/www.estrategiaconcursos.com.br\/blog\/#organization\",\"name\":\"Estrat\u00e9gia Concursos\",\"url\":\"https:\/\/www.estrategiaconcursos.com.br\/blog\/\",\"logo\":{\"@type\":\"ImageObject\",\"inLanguage\":\"pt-BR\",\"@id\":\"https:\/\/www.estrategiaconcursos.com.br\/blog\/#\/schema\/logo\/image\/\",\"url\":\"https:\/\/dhg1h5j42swfq.cloudfront.net\/2025\/06\/03203428\/logo_concursos-1.jpg\",\"contentUrl\":\"https:\/\/dhg1h5j42swfq.cloudfront.net\/2025\/06\/03203428\/logo_concursos-1.jpg\",\"width\":230,\"height\":60,\"caption\":\"Estrat\u00e9gia Concursos\"},\"image\":{\"@id\":\"https:\/\/www.estrategiaconcursos.com.br\/blog\/#\/schema\/logo\/image\/\"},\"sameAs\":[\"https:\/\/x.com\/EstratConcursos\"]},{\"@type\":\"Person\",\"@id\":\"https:\/\/www.estrategiaconcursos.com.br\/blog\/#\/schema\/person\/6630f91134abc08115cca62ce6372855\",\"name\":\"Bruna de Andrade Fran\u00e7a\",\"image\":{\"@type\":\"ImageObject\",\"inLanguage\":\"pt-BR\",\"@id\":\"https:\/\/secure.gravatar.com\/avatar\/d6316d36d50cea0fadae28ed3015b8870cc90a2d3d8a95c37b44006af36a00e3?s=96&d=mm&r=g\",\"url\":\"https:\/\/secure.gravatar.com\/avatar\/d6316d36d50cea0fadae28ed3015b8870cc90a2d3d8a95c37b44006af36a00e3?s=96&d=mm&r=g\",\"contentUrl\":\"https:\/\/secure.gravatar.com\/avatar\/d6316d36d50cea0fadae28ed3015b8870cc90a2d3d8a95c37b44006af36a00e3?s=96&d=mm&r=g\",\"caption\":\"Bruna de Andrade Fran\u00e7a\"},\"description\":\"Bruna de Andrade Fran\u00e7a \u00e9 publicit\u00e1ria com p\u00f3s-gradua\u00e7\u00e3o em Marketing &amp; Growth, atuando h\u00e1 mais de 6 anos no universo dos concursos p\u00fablicos. Desde 2021, lidera no Blog do Estrat\u00e9gia Concursos a cobertura editorial especializada em Concursos Policiais (PF, PRF, PM, PC, etc.), al\u00e9m das frentes de concursos banc\u00e1rios, de sa\u00fade e da \u00e1rea legislativa. Especialista em reda\u00e7\u00e3o, com pr\u00e1ticas de SEO e Copywriting, possui tamb\u00e9m atua\u00e7\u00e3o pr\u00e1tica de contato direto com \u00f3rg\u00e3os p\u00fablicos respons\u00e1veis por editais, permitindo acesso antecipado a informa\u00e7\u00f5es, desdobramentos importantes e atualiza\u00e7\u00e3o eficiente dos concursos p\u00fablicos.\",\"url\":\"https:\/\/www.estrategiaconcursos.com.br\/blog\/author\/bruna-andrade\/\"}]}<\/script>\n<!-- \/ Yoast SEO Premium plugin. -->","yoast_head_json":{"title":"Concurso Detran PI: edital at\u00e9 abril; 30 vagas previstas!","description":"Novo edital do concurso do Detran PI para efetivos \u00e9 autorizado. Edital \u00e9 previsto at\u00e9 abril de 2026. Confira os detalhes!","robots":{"index":"index","follow":"follow","max-snippet":"max-snippet:-1","max-image-preview":"max-image-preview:large","max-video-preview":"max-video-preview:-1"},"canonical":"https:\/\/www.estrategiaconcursos.com.br\/blog\/concurso-detran-pi\/","og_locale":"pt_BR","og_type":"article","og_title":"Concurso Detran PI: edital at\u00e9 abril; 30 vagas previstas!","og_description":"Novo edital do concurso do Detran PI para efetivos \u00e9 autorizado. Edital \u00e9 previsto at\u00e9 abril de 2026. Confira os detalhes!","og_url":"https:\/\/www.estrategiaconcursos.com.br\/blog\/concurso-detran-pi\/","og_site_name":"Estrat\u00e9gia Concursos","article_published_time":"2026-03-09T11:30:00+00:00","article_modified_time":"2026-03-20T20:08:41+00:00","og_image":[{"width":768,"height":432,"url":"https:\/\/dhg1h5j42swfq.cloudfront.net\/2022\/05\/24144313\/detran_pi.jpg","type":"image\/jpeg"}],"author":"Bruna de Andrade Fran\u00e7a","twitter_card":"summary_large_image","twitter_creator":"@EstratConcursos","twitter_site":"@EstratConcursos","twitter_misc":{"Escrito por":"Bruna de Andrade Fran\u00e7a","Est. tempo de leitura":"4 minutos"},"schema":{"@context":"https:\/\/schema.org","@graph":[{"@type":"NewsArticle","@id":"https:\/\/www.estrategiaconcursos.com.br\/blog\/concurso-detran-pi\/#article","isPartOf":{"@id":"https:\/\/www.estrategiaconcursos.com.br\/blog\/concurso-detran-pi\/"},"author":{"name":"Bruna de Andrade Fran\u00e7a","@id":"https:\/\/www.estrategiaconcursos.com.br\/blog\/#\/schema\/person\/6630f91134abc08115cca62ce6372855"},"headline":"Concurso Detran PI: edital at\u00e9 abril; 30 vagas previstas!","datePublished":"2026-03-09T11:30:00+00:00","dateModified":"2026-03-20T20:08:41+00:00","mainEntityOfPage":{"@id":"https:\/\/www.estrategiaconcursos.com.br\/blog\/concurso-detran-pi\/"},"wordCount":1150,"commentCount":0,"publisher":{"@id":"https:\/\/www.estrategiaconcursos.com.br\/blog\/#organization"},"image":{"@id":"https:\/\/www.estrategiaconcursos.com.br\/blog\/concurso-detran-pi\/#primaryimage"},"thumbnailUrl":"https:\/\/dhg1h5j42swfq.cloudfront.net\/2022\/05\/24144313\/detran_pi.jpg","articleSection":["Executivo (Administrativa)"],"inLanguage":"pt-BR","potentialAction":[{"@type":"CommentAction","name":"Comment","target":["https:\/\/www.estrategiaconcursos.com.br\/blog\/concurso-detran-pi\/#respond"]}],"copyrightYear":"2026","copyrightHolder":{"@id":"https:\/\/www.estrategiaconcursos.com.br\/blog\/#organization"}},{"@type":"WebPage","@id":"https:\/\/www.estrategiaconcursos.com.br\/blog\/concurso-detran-pi\/","url":"https:\/\/www.estrategiaconcursos.com.br\/blog\/concurso-detran-pi\/","name":"Concurso Detran PI: edital at\u00e9 abril; 30 vagas previstas!","isPartOf":{"@id":"https:\/\/www.estrategiaconcursos.com.br\/blog\/#website"},"primaryImageOfPage":{"@id":"https:\/\/www.estrategiaconcursos.com.br\/blog\/concurso-detran-pi\/#primaryimage"},"image":{"@id":"https:\/\/www.estrategiaconcursos.com.br\/blog\/concurso-detran-pi\/#primaryimage"},"thumbnailUrl":"https:\/\/dhg1h5j42swfq.cloudfront.net\/2022\/05\/24144313\/detran_pi.jpg","datePublished":"2026-03-09T11:30:00+00:00","dateModified":"2026-03-20T20:08:41+00:00","description":"Novo edital do concurso do Detran PI para efetivos \u00e9 autorizado. Edital \u00e9 previsto at\u00e9 abril de 2026. Confira os detalhes!","breadcrumb":{"@id":"https:\/\/www.estrategiaconcursos.com.br\/blog\/concurso-detran-pi\/#breadcrumb"},"inLanguage":"pt-BR","potentialAction":[{"@type":"ReadAction","target":["https:\/\/www.estrategiaconcursos.com.br\/blog\/concurso-detran-pi\/"]}]},{"@type":"ImageObject","inLanguage":"pt-BR","@id":"https:\/\/www.estrategiaconcursos.com.br\/blog\/concurso-detran-pi\/#primaryimage","url":"https:\/\/dhg1h5j42swfq.cloudfront.net\/2022\/05\/24144313\/detran_pi.jpg","contentUrl":"https:\/\/dhg1h5j42swfq.cloudfront.net\/2022\/05\/24144313\/detran_pi.jpg","width":768,"height":432},{"@type":"BreadcrumbList","@id":"https:\/\/www.estrategiaconcursos.com.br\/blog\/concurso-detran-pi\/#breadcrumb","itemListElement":[{"@type":"ListItem","position":1,"name":"In\u00edcio","item":"https:\/\/www.estrategiaconcursos.com.br\/blog\/"},{"@type":"ListItem","position":2,"name":"Concurso Detran PI: edital at\u00e9 abril; 30 vagas previstas!"}]},{"@type":"WebSite","@id":"https:\/\/www.estrategiaconcursos.com.br\/blog\/#website","url":"https:\/\/www.estrategiaconcursos.com.br\/blog\/","name":"Estrat\u00e9gia Concursos","description":"O blog da Estrat\u00e9gia Concursos traz not\u00edcias sobre concursos e artigos de professores oferecendo cursos para concursos (pdf + videaulas) no site.","publisher":{"@id":"https:\/\/www.estrategiaconcursos.com.br\/blog\/#organization"},"potentialAction":[{"@type":"SearchAction","target":{"@type":"EntryPoint","urlTemplate":"https:\/\/www.estrategiaconcursos.com.br\/blog\/?s={search_term_string}"},"query-input":{"@type":"PropertyValueSpecification","valueRequired":true,"valueName":"search_term_string"}}],"inLanguage":"pt-BR"},{"@type":"Organization","@id":"https:\/\/www.estrategiaconcursos.com.br\/blog\/#organization","name":"Estrat\u00e9gia Concursos","url":"https:\/\/www.estrategiaconcursos.com.br\/blog\/","logo":{"@type":"ImageObject","inLanguage":"pt-BR","@id":"https:\/\/www.estrategiaconcursos.com.br\/blog\/#\/schema\/logo\/image\/","url":"https:\/\/dhg1h5j42swfq.cloudfront.net\/2025\/06\/03203428\/logo_concursos-1.jpg","contentUrl":"https:\/\/dhg1h5j42swfq.cloudfront.net\/2025\/06\/03203428\/logo_concursos-1.jpg","width":230,"height":60,"caption":"Estrat\u00e9gia Concursos"},"image":{"@id":"https:\/\/www.estrategiaconcursos.com.br\/blog\/#\/schema\/logo\/image\/"},"sameAs":["https:\/\/x.com\/EstratConcursos"]},{"@type":"Person","@id":"https:\/\/www.estrategiaconcursos.com.br\/blog\/#\/schema\/person\/6630f91134abc08115cca62ce6372855","name":"Bruna de Andrade Fran\u00e7a","image":{"@type":"ImageObject","inLanguage":"pt-BR","@id":"https:\/\/secure.gravatar.com\/avatar\/d6316d36d50cea0fadae28ed3015b8870cc90a2d3d8a95c37b44006af36a00e3?s=96&d=mm&r=g","url":"https:\/\/secure.gravatar.com\/avatar\/d6316d36d50cea0fadae28ed3015b8870cc90a2d3d8a95c37b44006af36a00e3?s=96&d=mm&r=g","contentUrl":"https:\/\/secure.gravatar.com\/avatar\/d6316d36d50cea0fadae28ed3015b8870cc90a2d3d8a95c37b44006af36a00e3?s=96&d=mm&r=g","caption":"Bruna de Andrade Fran\u00e7a"},"description":"Bruna de Andrade Fran\u00e7a \u00e9 publicit\u00e1ria com p\u00f3s-gradua\u00e7\u00e3o em Marketing &amp; Growth, atuando h\u00e1 mais de 6 anos no universo dos concursos p\u00fablicos. Desde 2021, lidera no Blog do Estrat\u00e9gia Concursos a cobertura editorial especializada em Concursos Policiais (PF, PRF, PM, PC, etc.), al\u00e9m das frentes de concursos banc\u00e1rios, de sa\u00fade e da \u00e1rea legislativa. Especialista em reda\u00e7\u00e3o, com pr\u00e1ticas de SEO e Copywriting, possui tamb\u00e9m atua\u00e7\u00e3o pr\u00e1tica de contato direto com \u00f3rg\u00e3os p\u00fablicos respons\u00e1veis por editais, permitindo acesso antecipado a informa\u00e7\u00f5es, desdobramentos importantes e atualiza\u00e7\u00e3o eficiente dos concursos p\u00fablicos.","url":"https:\/\/www.estrategiaconcursos.com.br\/blog\/author\/bruna-andrade\/"}]}},"_links":{"self":[{"href":"https:\/\/www.estrategiaconcursos.com.br\/blog\/wp-json\/wp\/v2\/posts\/558477","targetHints":{"allow":["GET"]}}],"collection":[{"href":"https:\/\/www.estrategiaconcursos.com.br\/blog\/wp-json\/wp\/v2\/posts"}],"about":[{"href":"https:\/\/www.estrategiaconcursos.com.br\/blog\/wp-json\/wp\/v2\/types\/post"}],"author":[{"embeddable":true,"href":"https:\/\/www.estrategiaconcursos.com.br\/blog\/wp-json\/wp\/v2\/users\/1206"}],"replies":[{"embeddable":true,"href":"https:\/\/www.estrategiaconcursos.com.br\/blog\/wp-json\/wp\/v2\/comments?post=558477"}],"version-history":[{"count":64,"href":"https:\/\/www.estrategiaconcursos.com.br\/blog\/wp-json\/wp\/v2\/posts\/558477\/revisions"}],"predecessor-version":[{"id":1728351,"href":"https:\/\/www.estrategiaconcursos.com.br\/blog\/wp-json\/wp\/v2\/posts\/558477\/revisions\/1728351"}],"wp:featuredmedia":[{"embeddable":true,"href":"https:\/\/www.estrategiaconcursos.com.br\/blog\/wp-json\/wp\/v2\/media\/1033373"}],"wp:attachment":[{"href":"https:\/\/www.estrategiaconcursos.com.br\/blog\/wp-json\/wp\/v2\/media?parent=558477"}],"wp:term":[{"taxonomy":"category","embeddable":true,"href":"https:\/\/www.estrategiaconcursos.com.br\/blog\/wp-json\/wp\/v2\/categories?post=558477"},{"taxonomy":"post_tag","embeddable":true,"href":"https:\/\/www.estrategiaconcursos.com.br\/blog\/wp-json\/wp\/v2\/tags?post=558477"},{"taxonomy":"tax_estado","embeddable":true,"href":"https:\/\/www.estrategiaconcursos.com.br\/blog\/wp-json\/wp\/v2\/tax_estado?post=558477"}],"curies":[{"name":"wp","href":"https:\/\/api.w.org\/{rel}","templated":true}]}}