{"id":558358,"date":"2020-08-23T20:00:00","date_gmt":"2020-08-23T23:00:00","guid":{"rendered":"https:\/\/www.estrategiaconcursos.com.br\/blog\/?p=558358"},"modified":"2021-02-11T10:25:29","modified_gmt":"2021-02-11T13:25:29","slug":"procurador-pgdf-salario-inicial-ferias-de-60-dias","status":"publish","type":"post","link":"https:\/\/www.estrategiaconcursos.com.br\/blog\/procurador-pgdf-salario-inicial-ferias-de-60-dias\/","title":{"rendered":"Procurador PGDF: sal\u00e1rio inicial de 22 mil e f\u00e9rias de 60 dias"},"content":{"rendered":"\n<p>O professor Rodolfo Penna, ministra neste domingo, \u00e0s 21:00, a aula sobre o concurso Procurador PGDF. Acompanhe ao vivo e gratuitamente no canal do Estrat\u00e9gia Carreiras Jur\u00eddicas no Youtube.<\/p>\n\n\n\n<h4 class=\"wp-block-heading\"> Cronograma<\/h4>\n\n\n\n<p>Data: 23 de agosto de 2020<br \/>Hor\u00e1rio: 21:00<br \/>Onde: <a rel=\"noreferrer noopener\" href=\"https:\/\/www.youtube.com\/c\/Estrat\u00e9giaCarreiraJur\u00eddica\/videos?view=2&amp;live_view=502\" target=\"_blank\">Canal do Estrat\u00e9gia Carreiras Jur\u00eddicas<\/a><\/p>\n\n\n\n<h4 class=\"wp-block-heading\"> Evento ao vivo<\/h4>\n\n\n\n<p class=\"has-text-align-center has-pale-pink-background-color has-background\"><a rel=\"noreferrer noopener\" href=\"https:\/\/www.youtube.com\/c\/Estrat\u00e9giaCarreiraJur\u00eddica\/videos?view=2&amp;live_view=502\" target=\"_blank\"><strong>ASSISTA AO VIVO AQUI<\/strong><\/a><\/p>\n\n\n\n<h4 class=\"wp-block-heading\">Curiosidades <\/h4>\n\n\n\n<p>A <strong>Procuradoria-Geral do Distrito Federal<\/strong> alterou a composi\u00e7\u00e3o da comiss\u00e3o especial que vai organizar o novo <strong>concurso PGDF Procurador<\/strong>, nomeada em junho. O edital ter\u00e1 <strong>65 vagas<\/strong> imediatas para a classe inicial da carreira, com remunera\u00e7\u00e3o inicial de R$ 22.589,59, al\u00e9m de honor\u00e1rios.<\/p>\n\n\n\n<p>O certame encontra-se autorizado desde maio e o \u00f3rg\u00e3o recebeu autoriza\u00e7\u00e3o para contratar a empresa que ser\u00e1 respons\u00e1vel por organizar e realizar as etapas do concurso PGDF.<\/p>\n\n\n\n<p>Para ingressar na carreira \u00e9 necess\u00e1rio ser <strong>bacharel em Direito<\/strong> e estar regularmente inscrito na OAB como advogado. N\u00e3o \u00e9 exigida comprova\u00e7\u00e3o de pr\u00e1tica forense.<\/p>\n\n\n\n<p>Al\u00e9m do vencimento b\u00e1sico, os Procuradores do DF tem direito a rateio dos <strong>honor\u00e1rios de sucumb\u00eancia<\/strong>. Confira abaixo a tabela de remunera\u00e7\u00e3o da carreira:<\/p>\n\n\n\n<figure class=\"wp-block-table is-style-stripes\"><table><tbody><tr><td><strong>CARGO<\/strong><\/td><td><strong>VENCIMENTO B\u00c1SICO<\/strong><\/td><\/tr><tr><td><strong>Subprocurador Geral do DF<\/strong><\/td><td>R$ 25.030,01<\/td><\/tr><tr><td><strong>Procurador do DF \u2013 Categoria II<\/strong><\/td><td>R$ 23.778,51<\/td><\/tr><tr><td><strong>Procurador&nbsp; do DF \u2013 Categoria I<\/strong><\/td><td>R$ 22.589,59<\/td><\/tr><\/tbody><\/table><\/figure>\n\n\n\n<p class=\"has-text-align-center has-very-light-gray-background-color has-background\"><a rel=\"noreferrer noopener\" href=\"https:\/\/www.estrategiaconcursos.com.br\/blog\/pgdf-procurador-conheca-a-carreira-e-tire-duvidas\/\" target=\"_blank\"><strong>Saiba tudo sobre a carreira de Procurador<\/strong><\/a><\/p>\n\n\n\n<p class=\"has-text-align-center has-very-light-gray-background-color has-background\"><strong><em>Mais informa\u00e7\u00f5es:<a href=\"https:\/\/www.estrategiaconcursos.com.br\/blog\/concurso-pgdf-procurador\/\" target=\"_blank\" rel=\"noreferrer noopener\"> concurso PGDF Procurador<\/a><\/em><\/strong><\/p>\n\n\n\n<h2 class=\"has-text-align-center wp-block-heading\" id=\"cursos\"><em><strong>Cursos<\/strong><\/em><\/h2>\n\n\n\n<p class=\"has-text-align-center has-luminous-vivid-amber-background-color has-background\"><em><u><a href=\"https:\/\/www.estrategiaconcursos.com.br\/cursosPorConcurso\/procuradoria-geral-do-distrito-federal-pg-df-procurador\/\">CURSO PGDF PROCURADOR<\/a><\/u><\/em><\/p>\n\n\n\n<p class=\"has-text-align-center\"><strong><em><strong>Sistema de Quest\u00f5es<\/strong><\/em><\/strong> <\/p>\n\n\n\n<p class=\"has-text-align-center\">Estrat\u00e9gia Quest\u00f5es nasceu maior do que todos os concorrentes, com mais quest\u00f5es cadastradas e mais solu\u00e7\u00f5es por professores. Clique no link e aproveite os descontos e b\u00f4nus imperd\u00edveis!<\/p>\n\n\n\n<p class=\"has-text-align-center has-vivid-green-cyan-background-color has-background\"><strong>ASSINE AGORA \u2013 <a href=\"https:\/\/www.estrategiaconcursos.com.br\/cursosPorConcurso\/sistema-de-questoes\/#\/\" target=\"_blank\" rel=\"noreferrer noopener\">Sistema de Quest\u00f5es<\/a><\/strong><\/p>\n\n\n\n<p class=\"has-text-align-center\"><em><strong>Fique por dentro de todos os concursos<\/strong><\/em>:<\/p>\n\n\n\n<p class=\"has-text-align-center has-pale-cyan-blue-background-color has-background\"><strong><a href=\"https:\/\/www.estrategiaconcursos.com.br\/blog\/concursos-abertos\/\" target=\"_blank\" rel=\"noreferrer noopener\">Concursos abertos<\/a><\/strong><\/p>\n\n\n\n<p class=\"has-text-align-center has-pale-cyan-blue-background-color has-background\"><a href=\"https:\/\/www.estrategiaconcursos.com.br\/blog\/concursos-2020\/\" target=\"_blank\" rel=\"noreferrer noopener\"><strong>Concursos 2020<\/strong><\/a><\/p>\n\n\n\n<p class=\"has-text-align-center has-pale-cyan-blue-background-color has-background\"><strong><a href=\"https:\/\/www.estrategiaconcursos.com.br\/blog\/concursos-2021\/\" target=\"_blank\" rel=\"noreferrer noopener\">Concursos 2021<\/a><\/strong><\/p>\n\n\n\n<p class=\"has-text-align-center has-pale-cyan-blue-background-color has-background\"><strong><a href=\"https:\/\/www.estrategiaconcursos.com.br\/blog\/concursos-de-direito\/\" target=\"_blank\" rel=\"noreferrer noopener\">Concursos de Direito<\/a><\/strong><\/p>\n\n\n\n<figure class=\"wp-block-image\"><img loading=\"lazy\" decoding=\"async\" width=\"300\" height=\"102\" src=\"https:\/\/dhg1h5j42swfq.cloudfront.net\/2017\/03\/28152500\/coruja-ficha-tecnica-300x102.png\" alt=\"Ficha t\u00e9cnica Concurso PG DF Procurador\" class=\"wp-image-68542\"\/><\/figure>\n\n\n\n<h4 class=\"wp-block-heading\" id=\"ficha\">Principais informa\u00e7\u00f5es sobre o concurso PGDF Procurador<\/h4>\n\n\n\n<p>\u25ba<strong>Data prevista<\/strong>: 2020<br \/>\u25ba<strong>Vagas<\/strong> <strong>do concurso<\/strong>: 65<br \/>\u25ba<strong>Cargos<\/strong>: Procurador do Distrito Federal<br \/>\u25ba<strong>Lota\u00e7\u00f5es<\/strong>: Bras\u00edlia (DF)<br \/>\u25ba<strong>Banca<\/strong>: a definir<br \/>\u25ba<strong>Escolaridade<\/strong>: N\u00edvel Superior<\/p>\n\n\n\n<p>\u25ba<strong>\u00daltimo edital<\/strong>: <a href=\"https:\/\/dhg1h5j42swfq.cloudfront.net\/2018\/07\/06115546\/ED_1_2013_PGDF_PROCURADOR___EDITAL_DE_ABERTURA.pdf\" target=\"_blank\" rel=\"noreferrer noopener\">Edital PGDF Procurador \u2013 2013<\/a><\/p>\n","protected":false},"excerpt":{"rendered":"<p>O professor Rodolfo Penna, ministra neste domingo, \u00e0s 21:00, a aula sobre o concurso Procurador PGDF. Acompanhe ao vivo e gratuitamente no canal do Estrat\u00e9gia Carreiras Jur\u00eddicas no Youtube. Cronograma Data: 23 de agosto de 2020Hor\u00e1rio: 21:00Onde: Canal do Estrat\u00e9gia Carreiras Jur\u00eddicas Evento ao vivo ASSISTA AO VIVO AQUI Curiosidades A Procuradoria-Geral do Distrito Federal [&hellip;]<\/p>\n","protected":false},"author":317,"featured_media":0,"comment_status":"open","ping_status":"closed","sticky":false,"template":"","format":"standard","meta":{"post_tipo":"article","footnotes":""},"categories":[1],"tags":[],"tax_estado":[219970],"class_list":["post-558358","post","type-post","status-publish","format-standard","hentry","category-cursos-e-concursos","tax_estado-df"],"acf":[],"yoast_head":"<!-- This site is optimized with the Yoast SEO Premium plugin v27.2 (Yoast SEO v27.2) - https:\/\/yoast.com\/product\/yoast-seo-premium-wordpress\/ -->\n<title>Procurador PGDF: sal\u00e1rio inicial de 22 mil e f\u00e9rias de 60 dias<\/title>\n<meta name=\"description\" content=\"Procurador PGDF: acompanhe ao vivo o evento deste domingo (23), \u00e0s 21:00 no canal do Estrat\u00e9gia Carreiras Jur\u00eddicas no Youtube.\" \/>\n<meta name=\"robots\" content=\"index, follow, max-snippet:-1, max-image-preview:large, max-video-preview:-1\" \/>\n<link rel=\"canonical\" href=\"https:\/\/www.estrategiaconcursos.com.br\/blog\/procurador-pgdf-salario-inicial-ferias-de-60-dias\/\" \/>\n<meta property=\"og:locale\" content=\"pt_BR\" \/>\n<meta property=\"og:type\" content=\"article\" \/>\n<meta property=\"og:title\" content=\"Procurador PGDF: sal\u00e1rio inicial de 22 mil e f\u00e9rias de 60 dias\" \/>\n<meta property=\"og:description\" content=\"Procurador PGDF: acompanhe ao vivo o evento deste domingo (23), \u00e0s 21:00 no canal do Estrat\u00e9gia Carreiras Jur\u00eddicas no Youtube.\" \/>\n<meta property=\"og:url\" content=\"https:\/\/www.estrategiaconcursos.com.br\/blog\/procurador-pgdf-salario-inicial-ferias-de-60-dias\/\" \/>\n<meta property=\"og:site_name\" content=\"Estrat\u00e9gia Concursos\" \/>\n<meta property=\"article:author\" content=\"https:\/\/www.facebook.com\/igor.maciel.1420\" \/>\n<meta property=\"article:published_time\" content=\"2020-08-23T23:00:00+00:00\" \/>\n<meta property=\"article:modified_time\" content=\"2021-02-11T13:25:29+00:00\" \/>\n<meta property=\"og:image\" content=\"https:\/\/www.estrategiaconcursos.com.br\/blog\/wp-content\/uploads\/2017\/03\/coruja-ficha-tecnica-300x102.png\" \/>\n<meta name=\"author\" content=\"Igor Maciel\" \/>\n<meta name=\"twitter:card\" content=\"summary_large_image\" \/>\n<meta name=\"twitter:creator\" content=\"@EstratConcursos\" \/>\n<meta name=\"twitter:site\" content=\"@EstratConcursos\" \/>\n<meta name=\"twitter:label1\" content=\"Escrito por\" \/>\n\t<meta name=\"twitter:data1\" content=\"Igor Maciel\" \/>\n\t<meta name=\"twitter:label2\" content=\"Est. tempo de leitura\" \/>\n\t<meta name=\"twitter:data2\" content=\"2 minutos\" \/>\n<script type=\"application\/ld+json\" class=\"yoast-schema-graph\">{\"@context\":\"https:\/\/schema.org\",\"@graph\":[{\"@type\":\"NewsArticle\",\"@id\":\"https:\/\/www.estrategiaconcursos.com.br\/blog\/procurador-pgdf-salario-inicial-ferias-de-60-dias\/#article\",\"isPartOf\":{\"@id\":\"https:\/\/www.estrategiaconcursos.com.br\/blog\/procurador-pgdf-salario-inicial-ferias-de-60-dias\/\"},\"author\":{\"name\":\"Igor Maciel\",\"@id\":\"https:\/\/www.estrategiaconcursos.com.br\/blog\/#\/schema\/person\/024d26d5efb06d95dfc04025d7301591\"},\"headline\":\"Procurador PGDF: sal\u00e1rio inicial de 22 mil e f\u00e9rias de 60 dias\",\"datePublished\":\"2020-08-23T23:00:00+00:00\",\"dateModified\":\"2021-02-11T13:25:29+00:00\",\"mainEntityOfPage\":{\"@id\":\"https:\/\/www.estrategiaconcursos.com.br\/blog\/procurador-pgdf-salario-inicial-ferias-de-60-dias\/\"},\"wordCount\":329,\"commentCount\":0,\"publisher\":{\"@id\":\"https:\/\/www.estrategiaconcursos.com.br\/blog\/#organization\"},\"image\":{\"@id\":\"https:\/\/www.estrategiaconcursos.com.br\/blog\/procurador-pgdf-salario-inicial-ferias-de-60-dias\/#primaryimage\"},\"thumbnailUrl\":\"https:\/\/www.estrategiaconcursos.com.br\/blog\/wp-content\/uploads\/2017\/03\/coruja-ficha-tecnica-300x102.png\",\"articleSection\":[\"Concursos P\u00fablicos\"],\"inLanguage\":\"pt-BR\",\"potentialAction\":[{\"@type\":\"CommentAction\",\"name\":\"Comment\",\"target\":[\"https:\/\/www.estrategiaconcursos.com.br\/blog\/procurador-pgdf-salario-inicial-ferias-de-60-dias\/#respond\"]}],\"copyrightYear\":\"2020\",\"copyrightHolder\":{\"@id\":\"https:\/\/www.estrategiaconcursos.com.br\/blog\/#organization\"}},{\"@type\":\"WebPage\",\"@id\":\"https:\/\/www.estrategiaconcursos.com.br\/blog\/procurador-pgdf-salario-inicial-ferias-de-60-dias\/\",\"url\":\"https:\/\/www.estrategiaconcursos.com.br\/blog\/procurador-pgdf-salario-inicial-ferias-de-60-dias\/\",\"name\":\"Procurador PGDF: sal\u00e1rio inicial de 22 mil e f\u00e9rias de 60 dias\",\"isPartOf\":{\"@id\":\"https:\/\/www.estrategiaconcursos.com.br\/blog\/#website\"},\"primaryImageOfPage\":{\"@id\":\"https:\/\/www.estrategiaconcursos.com.br\/blog\/procurador-pgdf-salario-inicial-ferias-de-60-dias\/#primaryimage\"},\"image\":{\"@id\":\"https:\/\/www.estrategiaconcursos.com.br\/blog\/procurador-pgdf-salario-inicial-ferias-de-60-dias\/#primaryimage\"},\"thumbnailUrl\":\"https:\/\/www.estrategiaconcursos.com.br\/blog\/wp-content\/uploads\/2017\/03\/coruja-ficha-tecnica-300x102.png\",\"datePublished\":\"2020-08-23T23:00:00+00:00\",\"dateModified\":\"2021-02-11T13:25:29+00:00\",\"description\":\"Procurador PGDF: acompanhe ao vivo o evento deste domingo (23), \u00e0s 21:00 no canal do Estrat\u00e9gia Carreiras Jur\u00eddicas no Youtube.\",\"breadcrumb\":{\"@id\":\"https:\/\/www.estrategiaconcursos.com.br\/blog\/procurador-pgdf-salario-inicial-ferias-de-60-dias\/#breadcrumb\"},\"inLanguage\":\"pt-BR\",\"potentialAction\":[{\"@type\":\"ReadAction\",\"target\":[\"https:\/\/www.estrategiaconcursos.com.br\/blog\/procurador-pgdf-salario-inicial-ferias-de-60-dias\/\"]}]},{\"@type\":\"ImageObject\",\"inLanguage\":\"pt-BR\",\"@id\":\"https:\/\/www.estrategiaconcursos.com.br\/blog\/procurador-pgdf-salario-inicial-ferias-de-60-dias\/#primaryimage\",\"url\":\"https:\/\/www.estrategiaconcursos.com.br\/blog\/wp-content\/uploads\/2017\/03\/coruja-ficha-tecnica-300x102.png\",\"contentUrl\":\"https:\/\/www.estrategiaconcursos.com.br\/blog\/wp-content\/uploads\/2017\/03\/coruja-ficha-tecnica-300x102.png\"},{\"@type\":\"BreadcrumbList\",\"@id\":\"https:\/\/www.estrategiaconcursos.com.br\/blog\/procurador-pgdf-salario-inicial-ferias-de-60-dias\/#breadcrumb\",\"itemListElement\":[{\"@type\":\"ListItem\",\"position\":1,\"name\":\"In\u00edcio\",\"item\":\"https:\/\/www.estrategiaconcursos.com.br\/blog\/\"},{\"@type\":\"ListItem\",\"position\":2,\"name\":\"Procurador PGDF: sal\u00e1rio inicial de 22 mil e f\u00e9rias de 60 dias\"}]},{\"@type\":\"WebSite\",\"@id\":\"https:\/\/www.estrategiaconcursos.com.br\/blog\/#website\",\"url\":\"https:\/\/www.estrategiaconcursos.com.br\/blog\/\",\"name\":\"Estrat\u00e9gia Concursos\",\"description\":\"O blog da Estrat\u00e9gia Concursos traz not\u00edcias sobre concursos e artigos de professores oferecendo cursos para concursos (pdf + videaulas) no site.\",\"publisher\":{\"@id\":\"https:\/\/www.estrategiaconcursos.com.br\/blog\/#organization\"},\"potentialAction\":[{\"@type\":\"SearchAction\",\"target\":{\"@type\":\"EntryPoint\",\"urlTemplate\":\"https:\/\/www.estrategiaconcursos.com.br\/blog\/?s={search_term_string}\"},\"query-input\":{\"@type\":\"PropertyValueSpecification\",\"valueRequired\":true,\"valueName\":\"search_term_string\"}}],\"inLanguage\":\"pt-BR\"},{\"@type\":\"Organization\",\"@id\":\"https:\/\/www.estrategiaconcursos.com.br\/blog\/#organization\",\"name\":\"Estrat\u00e9gia Concursos\",\"url\":\"https:\/\/www.estrategiaconcursos.com.br\/blog\/\",\"logo\":{\"@type\":\"ImageObject\",\"inLanguage\":\"pt-BR\",\"@id\":\"https:\/\/www.estrategiaconcursos.com.br\/blog\/#\/schema\/logo\/image\/\",\"url\":\"https:\/\/dhg1h5j42swfq.cloudfront.net\/2025\/06\/03203428\/logo_concursos-1.jpg\",\"contentUrl\":\"https:\/\/dhg1h5j42swfq.cloudfront.net\/2025\/06\/03203428\/logo_concursos-1.jpg\",\"width\":230,\"height\":60,\"caption\":\"Estrat\u00e9gia Concursos\"},\"image\":{\"@id\":\"https:\/\/www.estrategiaconcursos.com.br\/blog\/#\/schema\/logo\/image\/\"},\"sameAs\":[\"https:\/\/x.com\/EstratConcursos\"]},{\"@type\":\"Person\",\"@id\":\"https:\/\/www.estrategiaconcursos.com.br\/blog\/#\/schema\/person\/024d26d5efb06d95dfc04025d7301591\",\"name\":\"Igor Maciel\",\"image\":{\"@type\":\"ImageObject\",\"inLanguage\":\"pt-BR\",\"@id\":\"https:\/\/secure.gravatar.com\/avatar\/e983a676af6facf4aebcb2989d49e3bf61b718712d5e7a4b3f355b7fe651bc2f?s=96&d=mm&r=g\",\"url\":\"https:\/\/secure.gravatar.com\/avatar\/e983a676af6facf4aebcb2989d49e3bf61b718712d5e7a4b3f355b7fe651bc2f?s=96&d=mm&r=g\",\"contentUrl\":\"https:\/\/secure.gravatar.com\/avatar\/e983a676af6facf4aebcb2989d49e3bf61b718712d5e7a4b3f355b7fe651bc2f?s=96&d=mm&r=g\",\"caption\":\"Igor Maciel\"},\"description\":\"Graduado na Universidade Federal de Pernambuco, com extens\u00e3o na Universidade de Coimbra\/Portugal. Especialista LLM em Direito Corporativo pelo IBMEC\/RJ. Mestrando em Direito e Pol\u00edticas P\u00fablicas pelo UNICEUB\/DF. Advogado com atua\u00e7\u00e3o profissional centrada no Direito Tribut\u00e1rio e no Direito Administrativo, especialmente na defesa de servidores p\u00fablicos.\",\"sameAs\":[\"http:\/\/www.imaciel.com.br\",\"https:\/\/www.facebook.com\/igor.maciel.1420\"],\"url\":\"https:\/\/www.estrategiaconcursos.com.br\/blog\/author\/contatoimaciel-com-br\/\"}]}<\/script>\n<!-- \/ Yoast SEO Premium plugin. -->","yoast_head_json":{"title":"Procurador PGDF: sal\u00e1rio inicial de 22 mil e f\u00e9rias de 60 dias","description":"Procurador PGDF: acompanhe ao vivo o evento deste domingo (23), \u00e0s 21:00 no canal do Estrat\u00e9gia Carreiras Jur\u00eddicas no Youtube.","robots":{"index":"index","follow":"follow","max-snippet":"max-snippet:-1","max-image-preview":"max-image-preview:large","max-video-preview":"max-video-preview:-1"},"canonical":"https:\/\/www.estrategiaconcursos.com.br\/blog\/procurador-pgdf-salario-inicial-ferias-de-60-dias\/","og_locale":"pt_BR","og_type":"article","og_title":"Procurador PGDF: sal\u00e1rio inicial de 22 mil e f\u00e9rias de 60 dias","og_description":"Procurador PGDF: acompanhe ao vivo o evento deste domingo (23), \u00e0s 21:00 no canal do Estrat\u00e9gia Carreiras Jur\u00eddicas no Youtube.","og_url":"https:\/\/www.estrategiaconcursos.com.br\/blog\/procurador-pgdf-salario-inicial-ferias-de-60-dias\/","og_site_name":"Estrat\u00e9gia Concursos","article_author":"https:\/\/www.facebook.com\/igor.maciel.1420","article_published_time":"2020-08-23T23:00:00+00:00","article_modified_time":"2021-02-11T13:25:29+00:00","og_image":[{"url":"https:\/\/www.estrategiaconcursos.com.br\/blog\/wp-content\/uploads\/2017\/03\/coruja-ficha-tecnica-300x102.png","type":"","width":"","height":""}],"author":"Igor Maciel","twitter_card":"summary_large_image","twitter_creator":"@EstratConcursos","twitter_site":"@EstratConcursos","twitter_misc":{"Escrito por":"Igor Maciel","Est. tempo de leitura":"2 minutos"},"schema":{"@context":"https:\/\/schema.org","@graph":[{"@type":"NewsArticle","@id":"https:\/\/www.estrategiaconcursos.com.br\/blog\/procurador-pgdf-salario-inicial-ferias-de-60-dias\/#article","isPartOf":{"@id":"https:\/\/www.estrategiaconcursos.com.br\/blog\/procurador-pgdf-salario-inicial-ferias-de-60-dias\/"},"author":{"name":"Igor Maciel","@id":"https:\/\/www.estrategiaconcursos.com.br\/blog\/#\/schema\/person\/024d26d5efb06d95dfc04025d7301591"},"headline":"Procurador PGDF: sal\u00e1rio inicial de 22 mil e f\u00e9rias de 60 dias","datePublished":"2020-08-23T23:00:00+00:00","dateModified":"2021-02-11T13:25:29+00:00","mainEntityOfPage":{"@id":"https:\/\/www.estrategiaconcursos.com.br\/blog\/procurador-pgdf-salario-inicial-ferias-de-60-dias\/"},"wordCount":329,"commentCount":0,"publisher":{"@id":"https:\/\/www.estrategiaconcursos.com.br\/blog\/#organization"},"image":{"@id":"https:\/\/www.estrategiaconcursos.com.br\/blog\/procurador-pgdf-salario-inicial-ferias-de-60-dias\/#primaryimage"},"thumbnailUrl":"https:\/\/www.estrategiaconcursos.com.br\/blog\/wp-content\/uploads\/2017\/03\/coruja-ficha-tecnica-300x102.png","articleSection":["Concursos P\u00fablicos"],"inLanguage":"pt-BR","potentialAction":[{"@type":"CommentAction","name":"Comment","target":["https:\/\/www.estrategiaconcursos.com.br\/blog\/procurador-pgdf-salario-inicial-ferias-de-60-dias\/#respond"]}],"copyrightYear":"2020","copyrightHolder":{"@id":"https:\/\/www.estrategiaconcursos.com.br\/blog\/#organization"}},{"@type":"WebPage","@id":"https:\/\/www.estrategiaconcursos.com.br\/blog\/procurador-pgdf-salario-inicial-ferias-de-60-dias\/","url":"https:\/\/www.estrategiaconcursos.com.br\/blog\/procurador-pgdf-salario-inicial-ferias-de-60-dias\/","name":"Procurador PGDF: sal\u00e1rio inicial de 22 mil e f\u00e9rias de 60 dias","isPartOf":{"@id":"https:\/\/www.estrategiaconcursos.com.br\/blog\/#website"},"primaryImageOfPage":{"@id":"https:\/\/www.estrategiaconcursos.com.br\/blog\/procurador-pgdf-salario-inicial-ferias-de-60-dias\/#primaryimage"},"image":{"@id":"https:\/\/www.estrategiaconcursos.com.br\/blog\/procurador-pgdf-salario-inicial-ferias-de-60-dias\/#primaryimage"},"thumbnailUrl":"https:\/\/www.estrategiaconcursos.com.br\/blog\/wp-content\/uploads\/2017\/03\/coruja-ficha-tecnica-300x102.png","datePublished":"2020-08-23T23:00:00+00:00","dateModified":"2021-02-11T13:25:29+00:00","description":"Procurador PGDF: acompanhe ao vivo o evento deste domingo (23), \u00e0s 21:00 no canal do Estrat\u00e9gia Carreiras Jur\u00eddicas no Youtube.","breadcrumb":{"@id":"https:\/\/www.estrategiaconcursos.com.br\/blog\/procurador-pgdf-salario-inicial-ferias-de-60-dias\/#breadcrumb"},"inLanguage":"pt-BR","potentialAction":[{"@type":"ReadAction","target":["https:\/\/www.estrategiaconcursos.com.br\/blog\/procurador-pgdf-salario-inicial-ferias-de-60-dias\/"]}]},{"@type":"ImageObject","inLanguage":"pt-BR","@id":"https:\/\/www.estrategiaconcursos.com.br\/blog\/procurador-pgdf-salario-inicial-ferias-de-60-dias\/#primaryimage","url":"https:\/\/www.estrategiaconcursos.com.br\/blog\/wp-content\/uploads\/2017\/03\/coruja-ficha-tecnica-300x102.png","contentUrl":"https:\/\/www.estrategiaconcursos.com.br\/blog\/wp-content\/uploads\/2017\/03\/coruja-ficha-tecnica-300x102.png"},{"@type":"BreadcrumbList","@id":"https:\/\/www.estrategiaconcursos.com.br\/blog\/procurador-pgdf-salario-inicial-ferias-de-60-dias\/#breadcrumb","itemListElement":[{"@type":"ListItem","position":1,"name":"In\u00edcio","item":"https:\/\/www.estrategiaconcursos.com.br\/blog\/"},{"@type":"ListItem","position":2,"name":"Procurador PGDF: sal\u00e1rio inicial de 22 mil e f\u00e9rias de 60 dias"}]},{"@type":"WebSite","@id":"https:\/\/www.estrategiaconcursos.com.br\/blog\/#website","url":"https:\/\/www.estrategiaconcursos.com.br\/blog\/","name":"Estrat\u00e9gia Concursos","description":"O blog da Estrat\u00e9gia Concursos traz not\u00edcias sobre concursos e artigos de professores oferecendo cursos para concursos (pdf + videaulas) no site.","publisher":{"@id":"https:\/\/www.estrategiaconcursos.com.br\/blog\/#organization"},"potentialAction":[{"@type":"SearchAction","target":{"@type":"EntryPoint","urlTemplate":"https:\/\/www.estrategiaconcursos.com.br\/blog\/?s={search_term_string}"},"query-input":{"@type":"PropertyValueSpecification","valueRequired":true,"valueName":"search_term_string"}}],"inLanguage":"pt-BR"},{"@type":"Organization","@id":"https:\/\/www.estrategiaconcursos.com.br\/blog\/#organization","name":"Estrat\u00e9gia Concursos","url":"https:\/\/www.estrategiaconcursos.com.br\/blog\/","logo":{"@type":"ImageObject","inLanguage":"pt-BR","@id":"https:\/\/www.estrategiaconcursos.com.br\/blog\/#\/schema\/logo\/image\/","url":"https:\/\/dhg1h5j42swfq.cloudfront.net\/2025\/06\/03203428\/logo_concursos-1.jpg","contentUrl":"https:\/\/dhg1h5j42swfq.cloudfront.net\/2025\/06\/03203428\/logo_concursos-1.jpg","width":230,"height":60,"caption":"Estrat\u00e9gia Concursos"},"image":{"@id":"https:\/\/www.estrategiaconcursos.com.br\/blog\/#\/schema\/logo\/image\/"},"sameAs":["https:\/\/x.com\/EstratConcursos"]},{"@type":"Person","@id":"https:\/\/www.estrategiaconcursos.com.br\/blog\/#\/schema\/person\/024d26d5efb06d95dfc04025d7301591","name":"Igor Maciel","image":{"@type":"ImageObject","inLanguage":"pt-BR","@id":"https:\/\/secure.gravatar.com\/avatar\/e983a676af6facf4aebcb2989d49e3bf61b718712d5e7a4b3f355b7fe651bc2f?s=96&d=mm&r=g","url":"https:\/\/secure.gravatar.com\/avatar\/e983a676af6facf4aebcb2989d49e3bf61b718712d5e7a4b3f355b7fe651bc2f?s=96&d=mm&r=g","contentUrl":"https:\/\/secure.gravatar.com\/avatar\/e983a676af6facf4aebcb2989d49e3bf61b718712d5e7a4b3f355b7fe651bc2f?s=96&d=mm&r=g","caption":"Igor Maciel"},"description":"Graduado na Universidade Federal de Pernambuco, com extens\u00e3o na Universidade de Coimbra\/Portugal. Especialista LLM em Direito Corporativo pelo IBMEC\/RJ. Mestrando em Direito e Pol\u00edticas P\u00fablicas pelo UNICEUB\/DF. Advogado com atua\u00e7\u00e3o profissional centrada no Direito Tribut\u00e1rio e no Direito Administrativo, especialmente na defesa de servidores p\u00fablicos.","sameAs":["http:\/\/www.imaciel.com.br","https:\/\/www.facebook.com\/igor.maciel.1420"],"url":"https:\/\/www.estrategiaconcursos.com.br\/blog\/author\/contatoimaciel-com-br\/"}]}},"_links":{"self":[{"href":"https:\/\/www.estrategiaconcursos.com.br\/blog\/wp-json\/wp\/v2\/posts\/558358","targetHints":{"allow":["GET"]}}],"collection":[{"href":"https:\/\/www.estrategiaconcursos.com.br\/blog\/wp-json\/wp\/v2\/posts"}],"about":[{"href":"https:\/\/www.estrategiaconcursos.com.br\/blog\/wp-json\/wp\/v2\/types\/post"}],"author":[{"embeddable":true,"href":"https:\/\/www.estrategiaconcursos.com.br\/blog\/wp-json\/wp\/v2\/users\/317"}],"replies":[{"embeddable":true,"href":"https:\/\/www.estrategiaconcursos.com.br\/blog\/wp-json\/wp\/v2\/comments?post=558358"}],"version-history":[{"count":15,"href":"https:\/\/www.estrategiaconcursos.com.br\/blog\/wp-json\/wp\/v2\/posts\/558358\/revisions"}],"predecessor-version":[{"id":670759,"href":"https:\/\/www.estrategiaconcursos.com.br\/blog\/wp-json\/wp\/v2\/posts\/558358\/revisions\/670759"}],"wp:attachment":[{"href":"https:\/\/www.estrategiaconcursos.com.br\/blog\/wp-json\/wp\/v2\/media?parent=558358"}],"wp:term":[{"taxonomy":"category","embeddable":true,"href":"https:\/\/www.estrategiaconcursos.com.br\/blog\/wp-json\/wp\/v2\/categories?post=558358"},{"taxonomy":"post_tag","embeddable":true,"href":"https:\/\/www.estrategiaconcursos.com.br\/blog\/wp-json\/wp\/v2\/tags?post=558358"},{"taxonomy":"tax_estado","embeddable":true,"href":"https:\/\/www.estrategiaconcursos.com.br\/blog\/wp-json\/wp\/v2\/tax_estado?post=558358"}],"curies":[{"name":"wp","href":"https:\/\/api.w.org\/{rel}","templated":true}]}}