{"id":558219,"date":"2020-08-22T09:00:00","date_gmt":"2020-08-22T12:00:00","guid":{"rendered":"https:\/\/www.estrategiaconcursos.com.br\/blog\/?p=558219"},"modified":"2020-08-20T12:55:53","modified_gmt":"2020-08-20T15:55:53","slug":"magistratura-trf1-107-cargos-vagos","status":"publish","type":"post","link":"https:\/\/www.estrategiaconcursos.com.br\/blog\/magistratura-trf1-107-cargos-vagos\/","title":{"rendered":"Magistratura TRF1: 107 cargos vagos e concurso pr\u00f3ximo"},"content":{"rendered":"\n<p>Acontece neste s\u00e1bado, 22 de agosto de 2020, \u00e0s 12:00, o evento ao vivo e gratuito sobre o concurso p\u00fablico Magistratura TRF1. O professor Mateus Pontalti abordar\u00e1 na aula os cargos vagos do certame.<\/p>\n\n\n\n<h4 class=\"wp-block-heading\">Magistratura TRF1 &#8211; Cronograma<\/h4>\n\n\n\n<p>Data: 22 de agosto de 2020 <br \/>Hor\u00e1rio: 12:00<br \/>Onde: <a href=\"https:\/\/www.youtube.com\/c\/Estrat\u00e9giaCarreiraJur\u00eddica\/videos?view=2&amp;live_view=502\" target=\"_blank\" rel=\"noreferrer noopener\">Canal do Estrat\u00e9gia Carreiras Jur\u00eddicas no Youtube<\/a><\/p>\n\n\n\n<h4 class=\"wp-block-heading\">Magistratura TRF1 &#8211; Evento ao vivo<\/h4>\n\n\n\n<p class=\"has-text-color has-text-align-center has-vivid-red-color\"><a href=\"https:\/\/www.youtube.com\/c\/Estrat\u00e9giaCarreiraJur\u00eddica\/videos?view=2&amp;live_view=502\" target=\"_blank\" rel=\"noreferrer noopener\">ASSISTA AO VIVO AQUI<\/a><\/p>\n\n\n\n<h4 class=\"wp-block-heading\">Magistratura TRF1 &#8211; Curiosidades<\/h4>\n\n\n\n<p>O <strong>Tribunal Regional Federal da 1\u00aa Regi\u00e3o<\/strong> j\u00e1 come\u00e7ou a formar a comiss\u00e3o organizadora de seu novo concurso p\u00fablico para Juiz Substituto. O certame, autorizado no ano passado, deve ter seu edital publicado ainda em 2020.<\/p>\n\n\n\n<p>O presidente da corte, desembargador Carlos Moreira Alves, abriu inscri\u00e7\u00e3o para que ju\u00edzes com mais de 10 anos na carreira possam se inscrever para participar do colegiado que ficar\u00e1 respons\u00e1vel pela organiza\u00e7\u00e3o do certame.<\/p>\n\n\n\n<p>O Tribunal tem hoje <strong>107 cargos vagos de Juiz Substituto<\/strong> e deve ofertar inicialmente <strong>1 vaga imediata<\/strong> e cadastro de reserva no novo concurso. O certame foi autorizado em mar\u00e7o de 2019 pelo Conselho de Administra\u00e7\u00e3o do Tribunal. As discuss\u00f5es para a abertura do concurso TRF1 Juiz come\u00e7aram no final de 2018.<\/p>\n\n\n\n<h2 class=\"has-text-align-center wp-block-heading\" id=\"cursos\">Quer estudar para a Magistratura Federal?<\/h2>\n\n\n\n<p class=\"has-background has-text-align-center has-luminous-vivid-amber-background-color\"><a href=\"https:\/\/www.estrategiaconcursos.com.br\/cursosPorConcurso\/trf-1-regiao-juiz-federal\/\" target=\"_blank\" rel=\"noreferrer noopener\"><strong>CURSO TRF1 Juiz<\/strong><\/a><\/p>\n\n\n\n<p class=\"has-text-align-center\"><strong><em><strong>Sistema de Quest\u00f5es<\/strong><\/em><\/strong><\/p>\n\n\n\n<p class=\"has-text-align-center\">Estrat\u00e9gia Quest\u00f5es nasceu maior do que todos os concorrentes, com mais quest\u00f5es cadastradas e mais solu\u00e7\u00f5es por professores. Clique no link e aproveite os descontos e b\u00f4nus imperd\u00edveis!<\/p>\n\n\n\n<p class=\"has-background has-text-align-center has-vivid-green-cyan-background-color\"><strong>ASSINE AGORA \u2013 <a href=\"https:\/\/www.estrategiaconcursos.com.br\/cursosPorConcurso\/sistema-de-questoes\/#\/\" target=\"_blank\" rel=\"noreferrer noopener\">Sistema de Quest\u00f5es<\/a><\/strong><\/p>\n\n\n\n<p class=\"has-text-align-center\"><strong><em>Fique por dentro dos concursos vigentes:<\/em><\/strong><\/p>\n\n\n\n<p class=\"has-background has-text-align-center has-pale-cyan-blue-background-color\"><strong><a href=\"https:\/\/www.estrategiaconcursos.com.br\/blog\/concursos-abertos\/\" target=\"_blank\" rel=\"noreferrer noopener\">Concursos abertos<\/a><\/strong><\/p>\n\n\n\n<p class=\"has-background has-text-align-center has-pale-cyan-blue-background-color\"><a href=\"https:\/\/www.estrategiaconcursos.com.br\/blog\/concursos-2020\/\" target=\"_blank\" rel=\"noreferrer noopener\"><strong>Concursos 2020<\/strong><\/a><\/p>\n\n\n\n<p class=\"has-background has-text-align-center has-pale-cyan-blue-background-color\"><strong><a href=\"https:\/\/www.estrategiaconcursos.com.br\/blog\/concursos-2021\/\" target=\"_blank\" rel=\"noreferrer noopener\">Concursos 2021<\/a><\/strong><\/p>\n\n\n\n<p class=\"has-background has-text-align-center has-pale-cyan-blue-background-color\"><strong><a href=\"https:\/\/www.estrategiaconcursos.com.br\/blog\/concursos-de-direito\/\" target=\"_blank\" rel=\"noreferrer noopener\">CONCURSOS&nbsp;DE DIREITO<\/a><\/strong><\/p>\n\n\n\n<figure class=\"wp-block-image\"><img loading=\"lazy\" decoding=\"async\" width=\"300\" height=\"102\" src=\"https:\/\/dhg1h5j42swfq.cloudfront.net\/2017\/03\/28152500\/coruja-ficha-tecnica-300x102.png\" alt=\"Ficha t\u00e9cnica concurso \" class=\"wp-image-68542\"\/><\/figure>\n\n\n\n<h4 class=\"wp-block-heading\" id=\"ficha-tecnica\"><strong>\u25baInforma\u00e7\u00f5es sobre o concurso TRF1 Juiz<\/strong><\/h4>\n\n\n\n<p>\u25ba<strong>Data prevista para prova<\/strong>: 2020<br \/>\u25ba<strong>Vagas<\/strong>: 1+ CR<br \/>\u25ba<strong>Cargos<\/strong>: Juiz Federal Substituto<br \/>\u25ba<strong>Lota\u00e7\u00f5es<\/strong>: Acre, Amap\u00e1, Amazonas, Bahia, Distrito Federal, Goi\u00e1s, Maranh\u00e3o, Minas Gerais, Mato Grosso, Par\u00e1, Piau\u00ed, Rond\u00f4nia, Roraima e Tocantins.<br \/>\u25ba<strong>Banca<\/strong>: a definir<br \/>\u25ba<strong>Escolaridade<\/strong>: Bacharelado em Direito + 3 anos de atividade jur\u00eddica<\/p>\n\n\n\n<p>\u25ba<strong>Cursos Estrat\u00e9gia Concursos<\/strong>:&nbsp;<a href=\"https:\/\/www.estrategiaconcursos.com.br\/cursosPorConcurso\/trf-1-regiao-juiz-federal\/\" target=\"_blank\" rel=\"noreferrer noopener\"><strong>Cursos TRF1 Juiz<\/strong><\/a><br \/>\u25ba<strong>Edital<\/strong>: <a href=\"https:\/\/dhg1h5j42swfq.cloudfront.net\/2018\/12\/13094333\/concurso-trf1-juiz.pdf\" target=\"_blank\" rel=\"noreferrer noopener\"><strong>Edital TRF1 Juiz 2015<\/strong><\/a><\/p>\n","protected":false},"excerpt":{"rendered":"<p>Acontece neste s\u00e1bado, 22 de agosto de 2020, \u00e0s 12:00, o evento ao vivo e gratuito sobre o concurso p\u00fablico Magistratura TRF1. O professor Mateus Pontalti abordar\u00e1 na aula os cargos vagos do certame. Magistratura TRF1 &#8211; Cronograma Data: 22 de agosto de 2020 Hor\u00e1rio: 12:00Onde: Canal do Estrat\u00e9gia Carreiras Jur\u00eddicas no Youtube Magistratura TRF1 [&hellip;]<\/p>\n","protected":false},"author":317,"featured_media":70938,"comment_status":"open","ping_status":"closed","sticky":false,"template":"","format":"standard","meta":{"post_tipo":"article","footnotes":""},"categories":[1],"tags":[],"tax_estado":[],"class_list":["post-558219","post","type-post","status-publish","format-standard","has-post-thumbnail","hentry","category-cursos-e-concursos"],"acf":[],"yoast_head":"<!-- This site is optimized with the Yoast SEO Premium plugin v27.2 (Yoast SEO v27.2) - https:\/\/yoast.com\/product\/yoast-seo-premium-wordpress\/ -->\n<title>Magistratura TRF1: 107 cargos vagos e concurso pr\u00f3ximo<\/title>\n<meta name=\"description\" content=\"Estude com o evento Magistratura TRF1 e fique por dentro de todos os pontos do concurso p\u00fablico. Saiba mais informa\u00e7\u00f5es neste artigo.\" \/>\n<meta name=\"robots\" content=\"index, follow, max-snippet:-1, max-image-preview:large, max-video-preview:-1\" \/>\n<link rel=\"canonical\" href=\"https:\/\/www.estrategiaconcursos.com.br\/blog\/magistratura-trf1-107-cargos-vagos\/\" \/>\n<meta property=\"og:locale\" content=\"pt_BR\" \/>\n<meta property=\"og:type\" content=\"article\" \/>\n<meta property=\"og:title\" content=\"Magistratura TRF1: 107 cargos vagos e concurso pr\u00f3ximo\" \/>\n<meta property=\"og:description\" content=\"Estude com o evento Magistratura TRF1 e fique por dentro de todos os pontos do concurso p\u00fablico. Saiba mais informa\u00e7\u00f5es neste artigo.\" \/>\n<meta property=\"og:url\" content=\"https:\/\/www.estrategiaconcursos.com.br\/blog\/magistratura-trf1-107-cargos-vagos\/\" \/>\n<meta property=\"og:site_name\" content=\"Estrat\u00e9gia Concursos\" \/>\n<meta property=\"article:author\" content=\"https:\/\/www.facebook.com\/igor.maciel.1420\" \/>\n<meta property=\"article:published_time\" content=\"2020-08-22T12:00:00+00:00\" \/>\n<meta property=\"og:image\" content=\"https:\/\/dhg1h5j42swfq.cloudfront.net\/2017\/01\/17081623\/trf1-FOTO.jpg\" \/>\n\t<meta property=\"og:image:width\" content=\"210\" \/>\n\t<meta property=\"og:image:height\" content=\"210\" \/>\n\t<meta property=\"og:image:type\" content=\"image\/jpeg\" \/>\n<meta name=\"author\" content=\"Igor Maciel\" \/>\n<meta name=\"twitter:card\" content=\"summary_large_image\" \/>\n<meta name=\"twitter:creator\" content=\"@EstratConcursos\" \/>\n<meta name=\"twitter:site\" content=\"@EstratConcursos\" \/>\n<meta name=\"twitter:label1\" content=\"Escrito por\" \/>\n\t<meta name=\"twitter:data1\" content=\"Igor Maciel\" \/>\n\t<meta name=\"twitter:label2\" content=\"Est. tempo de leitura\" \/>\n\t<meta name=\"twitter:data2\" content=\"2 minutos\" \/>\n<script type=\"application\/ld+json\" class=\"yoast-schema-graph\">{\"@context\":\"https:\/\/schema.org\",\"@graph\":[{\"@type\":\"NewsArticle\",\"@id\":\"https:\/\/www.estrategiaconcursos.com.br\/blog\/magistratura-trf1-107-cargos-vagos\/#article\",\"isPartOf\":{\"@id\":\"https:\/\/www.estrategiaconcursos.com.br\/blog\/magistratura-trf1-107-cargos-vagos\/\"},\"author\":{\"name\":\"Igor Maciel\",\"@id\":\"https:\/\/www.estrategiaconcursos.com.br\/blog\/#\/schema\/person\/024d26d5efb06d95dfc04025d7301591\"},\"headline\":\"Magistratura TRF1: 107 cargos vagos e concurso pr\u00f3ximo\",\"datePublished\":\"2020-08-22T12:00:00+00:00\",\"mainEntityOfPage\":{\"@id\":\"https:\/\/www.estrategiaconcursos.com.br\/blog\/magistratura-trf1-107-cargos-vagos\/\"},\"wordCount\":333,\"commentCount\":0,\"publisher\":{\"@id\":\"https:\/\/www.estrategiaconcursos.com.br\/blog\/#organization\"},\"image\":{\"@id\":\"https:\/\/www.estrategiaconcursos.com.br\/blog\/magistratura-trf1-107-cargos-vagos\/#primaryimage\"},\"thumbnailUrl\":\"https:\/\/dhg1h5j42swfq.cloudfront.net\/2017\/01\/17081623\/trf1-FOTO.jpg\",\"articleSection\":[\"Concursos P\u00fablicos\"],\"inLanguage\":\"pt-BR\",\"potentialAction\":[{\"@type\":\"CommentAction\",\"name\":\"Comment\",\"target\":[\"https:\/\/www.estrategiaconcursos.com.br\/blog\/magistratura-trf1-107-cargos-vagos\/#respond\"]}],\"copyrightYear\":\"2020\",\"copyrightHolder\":{\"@id\":\"https:\/\/www.estrategiaconcursos.com.br\/blog\/#organization\"}},{\"@type\":\"WebPage\",\"@id\":\"https:\/\/www.estrategiaconcursos.com.br\/blog\/magistratura-trf1-107-cargos-vagos\/\",\"url\":\"https:\/\/www.estrategiaconcursos.com.br\/blog\/magistratura-trf1-107-cargos-vagos\/\",\"name\":\"Magistratura TRF1: 107 cargos vagos e concurso pr\u00f3ximo\",\"isPartOf\":{\"@id\":\"https:\/\/www.estrategiaconcursos.com.br\/blog\/#website\"},\"primaryImageOfPage\":{\"@id\":\"https:\/\/www.estrategiaconcursos.com.br\/blog\/magistratura-trf1-107-cargos-vagos\/#primaryimage\"},\"image\":{\"@id\":\"https:\/\/www.estrategiaconcursos.com.br\/blog\/magistratura-trf1-107-cargos-vagos\/#primaryimage\"},\"thumbnailUrl\":\"https:\/\/dhg1h5j42swfq.cloudfront.net\/2017\/01\/17081623\/trf1-FOTO.jpg\",\"datePublished\":\"2020-08-22T12:00:00+00:00\",\"description\":\"Estude com o evento Magistratura TRF1 e fique por dentro de todos os pontos do concurso p\u00fablico. Saiba mais informa\u00e7\u00f5es neste artigo.\",\"breadcrumb\":{\"@id\":\"https:\/\/www.estrategiaconcursos.com.br\/blog\/magistratura-trf1-107-cargos-vagos\/#breadcrumb\"},\"inLanguage\":\"pt-BR\",\"potentialAction\":[{\"@type\":\"ReadAction\",\"target\":[\"https:\/\/www.estrategiaconcursos.com.br\/blog\/magistratura-trf1-107-cargos-vagos\/\"]}]},{\"@type\":\"ImageObject\",\"inLanguage\":\"pt-BR\",\"@id\":\"https:\/\/www.estrategiaconcursos.com.br\/blog\/magistratura-trf1-107-cargos-vagos\/#primaryimage\",\"url\":\"https:\/\/dhg1h5j42swfq.cloudfront.net\/2017\/01\/17081623\/trf1-FOTO.jpg\",\"contentUrl\":\"https:\/\/dhg1h5j42swfq.cloudfront.net\/2017\/01\/17081623\/trf1-FOTO.jpg\",\"width\":210,\"height\":210,\"caption\":\"CONCURSO TRF1\"},{\"@type\":\"BreadcrumbList\",\"@id\":\"https:\/\/www.estrategiaconcursos.com.br\/blog\/magistratura-trf1-107-cargos-vagos\/#breadcrumb\",\"itemListElement\":[{\"@type\":\"ListItem\",\"position\":1,\"name\":\"In\u00edcio\",\"item\":\"https:\/\/www.estrategiaconcursos.com.br\/blog\/\"},{\"@type\":\"ListItem\",\"position\":2,\"name\":\"Magistratura TRF1: 107 cargos vagos e concurso pr\u00f3ximo\"}]},{\"@type\":\"WebSite\",\"@id\":\"https:\/\/www.estrategiaconcursos.com.br\/blog\/#website\",\"url\":\"https:\/\/www.estrategiaconcursos.com.br\/blog\/\",\"name\":\"Estrat\u00e9gia Concursos\",\"description\":\"O blog da Estrat\u00e9gia Concursos traz not\u00edcias sobre concursos e artigos de professores oferecendo cursos para concursos (pdf + videaulas) no site.\",\"publisher\":{\"@id\":\"https:\/\/www.estrategiaconcursos.com.br\/blog\/#organization\"},\"potentialAction\":[{\"@type\":\"SearchAction\",\"target\":{\"@type\":\"EntryPoint\",\"urlTemplate\":\"https:\/\/www.estrategiaconcursos.com.br\/blog\/?s={search_term_string}\"},\"query-input\":{\"@type\":\"PropertyValueSpecification\",\"valueRequired\":true,\"valueName\":\"search_term_string\"}}],\"inLanguage\":\"pt-BR\"},{\"@type\":\"Organization\",\"@id\":\"https:\/\/www.estrategiaconcursos.com.br\/blog\/#organization\",\"name\":\"Estrat\u00e9gia Concursos\",\"url\":\"https:\/\/www.estrategiaconcursos.com.br\/blog\/\",\"logo\":{\"@type\":\"ImageObject\",\"inLanguage\":\"pt-BR\",\"@id\":\"https:\/\/www.estrategiaconcursos.com.br\/blog\/#\/schema\/logo\/image\/\",\"url\":\"https:\/\/dhg1h5j42swfq.cloudfront.net\/2025\/06\/03203428\/logo_concursos-1.jpg\",\"contentUrl\":\"https:\/\/dhg1h5j42swfq.cloudfront.net\/2025\/06\/03203428\/logo_concursos-1.jpg\",\"width\":230,\"height\":60,\"caption\":\"Estrat\u00e9gia Concursos\"},\"image\":{\"@id\":\"https:\/\/www.estrategiaconcursos.com.br\/blog\/#\/schema\/logo\/image\/\"},\"sameAs\":[\"https:\/\/x.com\/EstratConcursos\"]},{\"@type\":\"Person\",\"@id\":\"https:\/\/www.estrategiaconcursos.com.br\/blog\/#\/schema\/person\/024d26d5efb06d95dfc04025d7301591\",\"name\":\"Igor Maciel\",\"image\":{\"@type\":\"ImageObject\",\"inLanguage\":\"pt-BR\",\"@id\":\"https:\/\/secure.gravatar.com\/avatar\/e983a676af6facf4aebcb2989d49e3bf61b718712d5e7a4b3f355b7fe651bc2f?s=96&d=mm&r=g\",\"url\":\"https:\/\/secure.gravatar.com\/avatar\/e983a676af6facf4aebcb2989d49e3bf61b718712d5e7a4b3f355b7fe651bc2f?s=96&d=mm&r=g\",\"contentUrl\":\"https:\/\/secure.gravatar.com\/avatar\/e983a676af6facf4aebcb2989d49e3bf61b718712d5e7a4b3f355b7fe651bc2f?s=96&d=mm&r=g\",\"caption\":\"Igor Maciel\"},\"description\":\"Graduado na Universidade Federal de Pernambuco, com extens\u00e3o na Universidade de Coimbra\/Portugal. Especialista LLM em Direito Corporativo pelo IBMEC\/RJ. Mestrando em Direito e Pol\u00edticas P\u00fablicas pelo UNICEUB\/DF. Advogado com atua\u00e7\u00e3o profissional centrada no Direito Tribut\u00e1rio e no Direito Administrativo, especialmente na defesa de servidores p\u00fablicos.\",\"sameAs\":[\"http:\/\/www.imaciel.com.br\",\"https:\/\/www.facebook.com\/igor.maciel.1420\"],\"url\":\"https:\/\/www.estrategiaconcursos.com.br\/blog\/author\/contatoimaciel-com-br\/\"}]}<\/script>\n<!-- \/ Yoast SEO Premium plugin. -->","yoast_head_json":{"title":"Magistratura TRF1: 107 cargos vagos e concurso pr\u00f3ximo","description":"Estude com o evento Magistratura TRF1 e fique por dentro de todos os pontos do concurso p\u00fablico. Saiba mais informa\u00e7\u00f5es neste artigo.","robots":{"index":"index","follow":"follow","max-snippet":"max-snippet:-1","max-image-preview":"max-image-preview:large","max-video-preview":"max-video-preview:-1"},"canonical":"https:\/\/www.estrategiaconcursos.com.br\/blog\/magistratura-trf1-107-cargos-vagos\/","og_locale":"pt_BR","og_type":"article","og_title":"Magistratura TRF1: 107 cargos vagos e concurso pr\u00f3ximo","og_description":"Estude com o evento Magistratura TRF1 e fique por dentro de todos os pontos do concurso p\u00fablico. Saiba mais informa\u00e7\u00f5es neste artigo.","og_url":"https:\/\/www.estrategiaconcursos.com.br\/blog\/magistratura-trf1-107-cargos-vagos\/","og_site_name":"Estrat\u00e9gia Concursos","article_author":"https:\/\/www.facebook.com\/igor.maciel.1420","article_published_time":"2020-08-22T12:00:00+00:00","og_image":[{"width":210,"height":210,"url":"https:\/\/dhg1h5j42swfq.cloudfront.net\/2017\/01\/17081623\/trf1-FOTO.jpg","type":"image\/jpeg"}],"author":"Igor Maciel","twitter_card":"summary_large_image","twitter_creator":"@EstratConcursos","twitter_site":"@EstratConcursos","twitter_misc":{"Escrito por":"Igor Maciel","Est. tempo de leitura":"2 minutos"},"schema":{"@context":"https:\/\/schema.org","@graph":[{"@type":"NewsArticle","@id":"https:\/\/www.estrategiaconcursos.com.br\/blog\/magistratura-trf1-107-cargos-vagos\/#article","isPartOf":{"@id":"https:\/\/www.estrategiaconcursos.com.br\/blog\/magistratura-trf1-107-cargos-vagos\/"},"author":{"name":"Igor Maciel","@id":"https:\/\/www.estrategiaconcursos.com.br\/blog\/#\/schema\/person\/024d26d5efb06d95dfc04025d7301591"},"headline":"Magistratura TRF1: 107 cargos vagos e concurso pr\u00f3ximo","datePublished":"2020-08-22T12:00:00+00:00","mainEntityOfPage":{"@id":"https:\/\/www.estrategiaconcursos.com.br\/blog\/magistratura-trf1-107-cargos-vagos\/"},"wordCount":333,"commentCount":0,"publisher":{"@id":"https:\/\/www.estrategiaconcursos.com.br\/blog\/#organization"},"image":{"@id":"https:\/\/www.estrategiaconcursos.com.br\/blog\/magistratura-trf1-107-cargos-vagos\/#primaryimage"},"thumbnailUrl":"https:\/\/dhg1h5j42swfq.cloudfront.net\/2017\/01\/17081623\/trf1-FOTO.jpg","articleSection":["Concursos P\u00fablicos"],"inLanguage":"pt-BR","potentialAction":[{"@type":"CommentAction","name":"Comment","target":["https:\/\/www.estrategiaconcursos.com.br\/blog\/magistratura-trf1-107-cargos-vagos\/#respond"]}],"copyrightYear":"2020","copyrightHolder":{"@id":"https:\/\/www.estrategiaconcursos.com.br\/blog\/#organization"}},{"@type":"WebPage","@id":"https:\/\/www.estrategiaconcursos.com.br\/blog\/magistratura-trf1-107-cargos-vagos\/","url":"https:\/\/www.estrategiaconcursos.com.br\/blog\/magistratura-trf1-107-cargos-vagos\/","name":"Magistratura TRF1: 107 cargos vagos e concurso pr\u00f3ximo","isPartOf":{"@id":"https:\/\/www.estrategiaconcursos.com.br\/blog\/#website"},"primaryImageOfPage":{"@id":"https:\/\/www.estrategiaconcursos.com.br\/blog\/magistratura-trf1-107-cargos-vagos\/#primaryimage"},"image":{"@id":"https:\/\/www.estrategiaconcursos.com.br\/blog\/magistratura-trf1-107-cargos-vagos\/#primaryimage"},"thumbnailUrl":"https:\/\/dhg1h5j42swfq.cloudfront.net\/2017\/01\/17081623\/trf1-FOTO.jpg","datePublished":"2020-08-22T12:00:00+00:00","description":"Estude com o evento Magistratura TRF1 e fique por dentro de todos os pontos do concurso p\u00fablico. Saiba mais informa\u00e7\u00f5es neste artigo.","breadcrumb":{"@id":"https:\/\/www.estrategiaconcursos.com.br\/blog\/magistratura-trf1-107-cargos-vagos\/#breadcrumb"},"inLanguage":"pt-BR","potentialAction":[{"@type":"ReadAction","target":["https:\/\/www.estrategiaconcursos.com.br\/blog\/magistratura-trf1-107-cargos-vagos\/"]}]},{"@type":"ImageObject","inLanguage":"pt-BR","@id":"https:\/\/www.estrategiaconcursos.com.br\/blog\/magistratura-trf1-107-cargos-vagos\/#primaryimage","url":"https:\/\/dhg1h5j42swfq.cloudfront.net\/2017\/01\/17081623\/trf1-FOTO.jpg","contentUrl":"https:\/\/dhg1h5j42swfq.cloudfront.net\/2017\/01\/17081623\/trf1-FOTO.jpg","width":210,"height":210,"caption":"CONCURSO TRF1"},{"@type":"BreadcrumbList","@id":"https:\/\/www.estrategiaconcursos.com.br\/blog\/magistratura-trf1-107-cargos-vagos\/#breadcrumb","itemListElement":[{"@type":"ListItem","position":1,"name":"In\u00edcio","item":"https:\/\/www.estrategiaconcursos.com.br\/blog\/"},{"@type":"ListItem","position":2,"name":"Magistratura TRF1: 107 cargos vagos e concurso pr\u00f3ximo"}]},{"@type":"WebSite","@id":"https:\/\/www.estrategiaconcursos.com.br\/blog\/#website","url":"https:\/\/www.estrategiaconcursos.com.br\/blog\/","name":"Estrat\u00e9gia Concursos","description":"O blog da Estrat\u00e9gia Concursos traz not\u00edcias sobre concursos e artigos de professores oferecendo cursos para concursos (pdf + videaulas) no site.","publisher":{"@id":"https:\/\/www.estrategiaconcursos.com.br\/blog\/#organization"},"potentialAction":[{"@type":"SearchAction","target":{"@type":"EntryPoint","urlTemplate":"https:\/\/www.estrategiaconcursos.com.br\/blog\/?s={search_term_string}"},"query-input":{"@type":"PropertyValueSpecification","valueRequired":true,"valueName":"search_term_string"}}],"inLanguage":"pt-BR"},{"@type":"Organization","@id":"https:\/\/www.estrategiaconcursos.com.br\/blog\/#organization","name":"Estrat\u00e9gia Concursos","url":"https:\/\/www.estrategiaconcursos.com.br\/blog\/","logo":{"@type":"ImageObject","inLanguage":"pt-BR","@id":"https:\/\/www.estrategiaconcursos.com.br\/blog\/#\/schema\/logo\/image\/","url":"https:\/\/dhg1h5j42swfq.cloudfront.net\/2025\/06\/03203428\/logo_concursos-1.jpg","contentUrl":"https:\/\/dhg1h5j42swfq.cloudfront.net\/2025\/06\/03203428\/logo_concursos-1.jpg","width":230,"height":60,"caption":"Estrat\u00e9gia Concursos"},"image":{"@id":"https:\/\/www.estrategiaconcursos.com.br\/blog\/#\/schema\/logo\/image\/"},"sameAs":["https:\/\/x.com\/EstratConcursos"]},{"@type":"Person","@id":"https:\/\/www.estrategiaconcursos.com.br\/blog\/#\/schema\/person\/024d26d5efb06d95dfc04025d7301591","name":"Igor Maciel","image":{"@type":"ImageObject","inLanguage":"pt-BR","@id":"https:\/\/secure.gravatar.com\/avatar\/e983a676af6facf4aebcb2989d49e3bf61b718712d5e7a4b3f355b7fe651bc2f?s=96&d=mm&r=g","url":"https:\/\/secure.gravatar.com\/avatar\/e983a676af6facf4aebcb2989d49e3bf61b718712d5e7a4b3f355b7fe651bc2f?s=96&d=mm&r=g","contentUrl":"https:\/\/secure.gravatar.com\/avatar\/e983a676af6facf4aebcb2989d49e3bf61b718712d5e7a4b3f355b7fe651bc2f?s=96&d=mm&r=g","caption":"Igor Maciel"},"description":"Graduado na Universidade Federal de Pernambuco, com extens\u00e3o na Universidade de Coimbra\/Portugal. Especialista LLM em Direito Corporativo pelo IBMEC\/RJ. Mestrando em Direito e Pol\u00edticas P\u00fablicas pelo UNICEUB\/DF. Advogado com atua\u00e7\u00e3o profissional centrada no Direito Tribut\u00e1rio e no Direito Administrativo, especialmente na defesa de servidores p\u00fablicos.","sameAs":["http:\/\/www.imaciel.com.br","https:\/\/www.facebook.com\/igor.maciel.1420"],"url":"https:\/\/www.estrategiaconcursos.com.br\/blog\/author\/contatoimaciel-com-br\/"}]}},"_links":{"self":[{"href":"https:\/\/www.estrategiaconcursos.com.br\/blog\/wp-json\/wp\/v2\/posts\/558219","targetHints":{"allow":["GET"]}}],"collection":[{"href":"https:\/\/www.estrategiaconcursos.com.br\/blog\/wp-json\/wp\/v2\/posts"}],"about":[{"href":"https:\/\/www.estrategiaconcursos.com.br\/blog\/wp-json\/wp\/v2\/types\/post"}],"author":[{"embeddable":true,"href":"https:\/\/www.estrategiaconcursos.com.br\/blog\/wp-json\/wp\/v2\/users\/317"}],"replies":[{"embeddable":true,"href":"https:\/\/www.estrategiaconcursos.com.br\/blog\/wp-json\/wp\/v2\/comments?post=558219"}],"version-history":[{"count":3,"href":"https:\/\/www.estrategiaconcursos.com.br\/blog\/wp-json\/wp\/v2\/posts\/558219\/revisions"}],"predecessor-version":[{"id":558226,"href":"https:\/\/www.estrategiaconcursos.com.br\/blog\/wp-json\/wp\/v2\/posts\/558219\/revisions\/558226"}],"wp:featuredmedia":[{"embeddable":true,"href":"https:\/\/www.estrategiaconcursos.com.br\/blog\/wp-json\/wp\/v2\/media\/70938"}],"wp:attachment":[{"href":"https:\/\/www.estrategiaconcursos.com.br\/blog\/wp-json\/wp\/v2\/media?parent=558219"}],"wp:term":[{"taxonomy":"category","embeddable":true,"href":"https:\/\/www.estrategiaconcursos.com.br\/blog\/wp-json\/wp\/v2\/categories?post=558219"},{"taxonomy":"post_tag","embeddable":true,"href":"https:\/\/www.estrategiaconcursos.com.br\/blog\/wp-json\/wp\/v2\/tags?post=558219"},{"taxonomy":"tax_estado","embeddable":true,"href":"https:\/\/www.estrategiaconcursos.com.br\/blog\/wp-json\/wp\/v2\/tax_estado?post=558219"}],"curies":[{"name":"wp","href":"https:\/\/api.w.org\/{rel}","templated":true}]}}