{"id":557222,"date":"2020-08-18T12:27:17","date_gmt":"2020-08-18T15:27:17","guid":{"rendered":"https:\/\/www.estrategiaconcursos.com.br\/blog\/?p=557222"},"modified":"2020-12-09T09:55:02","modified_gmt":"2020-12-09T12:55:02","slug":"prefeitura-tres-coracoes","status":"publish","type":"post","link":"https:\/\/www.estrategiaconcursos.com.br\/blog\/prefeitura-tres-coracoes\/","title":{"rendered":"Prefeitura Tr\u00eas Cora\u00e7\u00f5es: concurso retomado com novas datas"},"content":{"rendered":"\n<p>A\u00a0Prefeitura de Tr\u00eas Cora\u00e7\u00f5es, localizada no estado de Minas Gerais, divulgou, recentemente, a retomada do seu concurso p\u00fablico. Al\u00e9m disso, o \u00f3rg\u00e3o anunciou o <strong>novo cronograma de provas do certame.<\/strong><\/p>\n\n\n\n<p>Segundo informa\u00e7\u00f5es contidas no documento, a prova pr\u00e1tica para os cargos de n\u00edvel fundamental, que haviam sido suspensas em decorr\u00eancia da pandemia do novo Coronav\u00edrus, est\u00e1 prevista para ser aplicada no dia <strong>04 de outubro. <\/strong><\/p>\n\n\n\n<p>J\u00e1 a entrega de t\u00edtulos dos candidatos aprovados, deve ser feita,\u00a0no m\u00e1ximo, at\u00e9 o dia<strong> 28 de agosto<\/strong> <strong>de 2020.<\/strong> Lembrando ainda que os t\u00edtulos poder\u00e3o ser somados concomitantemente at\u00e9 o limite de 10 pontos, sendo considerados aqueles que forem compat\u00edveis com o cargo optado pelo candidato.<\/p>\n\n\n\n<p>J\u00e1 em rela\u00e7\u00e3o a divulga\u00e7\u00e3o do resultado final do concurso Prefeitura de Tr\u00eas Cora\u00e7\u00f5es, a mesma ser\u00e1 feita at\u00e9 a data do dia <strong>20 de outubro de 2020. <\/strong>O \u00f3rg\u00e3o ter\u00e1 o prazo m\u00e1ximo de 180 dias ap\u00f3s terem sido ultimadas todas as etapas edital\u00edcias para homologar o resultado final.<\/p>\n\n\n\n<p>Todos que forem realizar as provas do concurso, ter\u00e3o que utilizar m\u00e1scaras faciais profissionais ou m\u00e1scaras faciais n\u00e3o hospitalares para acesso ao local de aplica\u00e7\u00e3o dos exames, bem como durante todo o tempo em que o candidato estiver nas depend\u00eancias do local de realiza\u00e7\u00e3o de provas, podendo retirar a m\u00e1scara somente ap\u00f3s a sa\u00edda do local.<\/p>\n\n\n\n<p>Ao todo, a Prefeitura de Tr\u00eas Cora\u00e7\u00f5es oferta\u00a0<strong>96 vagas<\/strong>\u00a0imediatas para cargos de n\u00edvel fundamental, m\u00e9dio, t\u00e9cnico e superior. As remunera\u00e7\u00f5es podem chegar a R$ 5.147,50, dependendo do cargo escolhido.<\/p>\n\n\n\n<p>A organiza\u00e7\u00e3o do concurso p\u00fablico da Prefeitura segue sob responsabilidade da empresa\u00a0<strong>ELO Assessoria em Servi\u00e7os P\u00fablicos<\/strong>. <\/p>\n\n\n\n<p style=\"font-size:22px\" class=\"has-text-align-center\"><a rel=\"noreferrer noopener\" href=\"https:\/\/dhg1h5j42swfq.cloudfront.net\/2020\/08\/18120654\/retificacao-n-01.pdf\" target=\"_blank\"><strong><em>Novo cronograma<\/em><\/strong><\/a><\/p>\n\n\n\n<h4 class=\"wp-block-heading\"><em><strong>Quer saber mais informa\u00e7\u00f5es sobre o concurso da Prefeitura de Tr\u00eas Cora\u00e7\u00f5es? Acesse o link abaixo e veja tudo na \u00edntegra!<\/strong><\/em><\/h4>\n\n\n\n<p class=\"has-background has-text-align-center has-medium-font-size has-very-light-gray-background-color\"><strong>Saiba mais:<a rel=\"noreferrer noopener\" href=\"https:\/\/www.estrategiaconcursos.com.br\/blog\/concurso-prefeitura-de-tres-coracoes\/\" target=\"_blank\">&nbsp;Concurso Prefeitura de Tr\u00eas Cora\u00e7\u00f5es<\/a><\/strong><\/p>\n\n\n\n<p class=\"has-text-align-center\"><em><strong>Assinatura Anual Ilimitada*<\/strong><\/em><\/p>\n\n\n\n<p class=\"has-text-align-center\"><em>Prepare-se com o melhor material e com quem mais aprova em Concursos P\u00fablicos em todo o pa\u00eds. Assine agora a nossa Assinatura Anual e tenha acesso ilimitado* a todos os nossos cursos.<\/em><\/p>\n\n\n\n<p style=\"font-size:22px\" class=\"has-background has-text-align-center has-light-green-cyan-background-color\"><strong>ASSINE AGORA<\/strong>&nbsp;\u2013&nbsp;<strong><a href=\"https:\/\/www.estrategiaconcursos.com.br\/assinaturas\" target=\"_blank\" rel=\"noreferrer noopener\">Assinatura Ilimitada<\/a><\/strong><\/p>\n\n\n\n<p style=\"font-size:22px\" class=\"has-background has-text-align-center has-luminous-vivid-amber-background-color\"><strong><a rel=\"noreferrer noopener\" href=\"https:\/\/www.estrategiaconcursos.com.br\/cursosPorConcurso\/prefeitura-municipal-de-tres-coracoes-mg\/\" target=\"_blank\">Curso Prefeitura de Tr\u00eas Cora\u00e7\u00f5es<\/a><\/strong><\/p>\n\n\n\n<p class=\"has-text-align-center\"><em><strong>Fique por dentro de todos os concursos<\/strong><\/em>:<\/p>\n\n\n\n<p style=\"font-size:22px\" class=\"has-background has-text-align-center has-pale-cyan-blue-background-color\"><a rel=\"noreferrer noopener\" href=\"https:\/\/www.estrategiaconcursos.com.br\/blog\/concursos-abertos\/\" target=\"_blank\"><strong>Concursos abertos<\/strong><\/a><\/p>\n\n\n\n<p style=\"font-size:22px\" class=\"has-background has-text-align-center has-pale-cyan-blue-background-color\"><a rel=\"noreferrer noopener\" href=\"https:\/\/www.estrategiaconcursos.com.br\/blog\/concursos-2020\/\" target=\"_blank\"><strong>Concursos 2020<\/strong><\/a><\/p>\n\n\n\n<p style=\"font-size:22px\" class=\"has-background has-text-align-center has-pale-cyan-blue-background-color\"><strong><a href=\"https:\/\/www.estrategiaconcursos.com.br\/blog\/concursos-2021\/\" target=\"_blank\" rel=\"noreferrer noopener\">Concursos 2021<\/a><\/strong><\/p>\n","protected":false},"excerpt":{"rendered":"<p>A\u00a0Prefeitura de Tr\u00eas Cora\u00e7\u00f5es, localizada no estado de Minas Gerais, divulgou, recentemente, a retomada do seu concurso p\u00fablico. Al\u00e9m disso, o \u00f3rg\u00e3o anunciou o novo cronograma de provas do certame. Segundo informa\u00e7\u00f5es contidas no documento, a prova pr\u00e1tica para os cargos de n\u00edvel fundamental, que haviam sido suspensas em decorr\u00eancia da pandemia do novo Coronav\u00edrus, [&hellip;]<\/p>\n","protected":false},"author":260,"featured_media":445219,"comment_status":"open","ping_status":"closed","sticky":false,"template":"","format":"standard","meta":{"post_tipo":"article","footnotes":""},"categories":[1],"tags":[],"tax_estado":[],"class_list":["post-557222","post","type-post","status-publish","format-standard","has-post-thumbnail","hentry","category-cursos-e-concursos"],"acf":[],"yoast_head":"<!-- This site is optimized with the Yoast SEO Premium plugin v27.2 (Yoast SEO v27.2) - https:\/\/yoast.com\/product\/yoast-seo-premium-wordpress\/ -->\n<title>Prefeitura Tr\u00eas Cora\u00e7\u00f5es: concurso retomado com novas datas<\/title>\n<meta name=\"description\" content=\"Prefeitura Tr\u00eas Cora\u00e7\u00f5es: Ap\u00f3s ter sido suspenso, concurso para provimento de 96 vagas \u00e9 retomado com novo cronograma de provas.\" \/>\n<meta name=\"robots\" content=\"index, follow, max-snippet:-1, max-image-preview:large, max-video-preview:-1\" \/>\n<link rel=\"canonical\" href=\"https:\/\/www.estrategiaconcursos.com.br\/blog\/prefeitura-tres-coracoes\/\" \/>\n<meta property=\"og:locale\" content=\"pt_BR\" \/>\n<meta property=\"og:type\" content=\"article\" \/>\n<meta property=\"og:title\" content=\"Prefeitura Tr\u00eas Cora\u00e7\u00f5es: concurso retomado com novas datas\" \/>\n<meta property=\"og:description\" content=\"Prefeitura Tr\u00eas Cora\u00e7\u00f5es: Ap\u00f3s ter sido suspenso, concurso para provimento de 96 vagas \u00e9 retomado com novo cronograma de provas.\" \/>\n<meta property=\"og:url\" content=\"https:\/\/www.estrategiaconcursos.com.br\/blog\/prefeitura-tres-coracoes\/\" \/>\n<meta property=\"og:site_name\" content=\"Estrat\u00e9gia Concursos\" \/>\n<meta property=\"article:published_time\" content=\"2020-08-18T15:27:17+00:00\" \/>\n<meta property=\"article:modified_time\" content=\"2020-12-09T12:55:02+00:00\" \/>\n<meta property=\"og:image\" content=\"https:\/\/dhg1h5j42swfq.cloudfront.net\/2019\/11\/07135533\/tres-cora%C3%A7%C3%B5es.jpeg\" \/>\n\t<meta property=\"og:image:width\" content=\"327\" \/>\n\t<meta property=\"og:image:height\" content=\"232\" \/>\n\t<meta property=\"og:image:type\" content=\"image\/jpeg\" \/>\n<meta name=\"author\" content=\"Diego Cerqueira Berbert Vasconcelos\" \/>\n<meta name=\"twitter:card\" content=\"summary_large_image\" \/>\n<meta name=\"twitter:creator\" content=\"@EstratConcursos\" \/>\n<meta name=\"twitter:site\" content=\"@EstratConcursos\" \/>\n<meta name=\"twitter:label1\" content=\"Escrito por\" \/>\n\t<meta name=\"twitter:data1\" content=\"Diego Cerqueira Berbert Vasconcelos\" \/>\n\t<meta name=\"twitter:label2\" content=\"Est. tempo de leitura\" \/>\n\t<meta name=\"twitter:data2\" content=\"2 minutos\" \/>\n<script type=\"application\/ld+json\" class=\"yoast-schema-graph\">{\"@context\":\"https:\/\/schema.org\",\"@graph\":[{\"@type\":\"NewsArticle\",\"@id\":\"https:\/\/www.estrategiaconcursos.com.br\/blog\/prefeitura-tres-coracoes\/#article\",\"isPartOf\":{\"@id\":\"https:\/\/www.estrategiaconcursos.com.br\/blog\/prefeitura-tres-coracoes\/\"},\"author\":{\"name\":\"Diego Cerqueira Berbert Vasconcelos\",\"@id\":\"https:\/\/www.estrategiaconcursos.com.br\/blog\/#\/schema\/person\/7fbf898fd336f5ce58a961518beff68c\"},\"headline\":\"Prefeitura Tr\u00eas Cora\u00e7\u00f5es: concurso retomado com novas datas\",\"datePublished\":\"2020-08-18T15:27:17+00:00\",\"dateModified\":\"2020-12-09T12:55:02+00:00\",\"mainEntityOfPage\":{\"@id\":\"https:\/\/www.estrategiaconcursos.com.br\/blog\/prefeitura-tres-coracoes\/\"},\"wordCount\":409,\"commentCount\":0,\"publisher\":{\"@id\":\"https:\/\/www.estrategiaconcursos.com.br\/blog\/#organization\"},\"image\":{\"@id\":\"https:\/\/www.estrategiaconcursos.com.br\/blog\/prefeitura-tres-coracoes\/#primaryimage\"},\"thumbnailUrl\":\"https:\/\/dhg1h5j42swfq.cloudfront.net\/2019\/11\/07135533\/tres-cora%C3%A7%C3%B5es.jpeg\",\"articleSection\":[\"Concursos P\u00fablicos\"],\"inLanguage\":\"pt-BR\",\"potentialAction\":[{\"@type\":\"CommentAction\",\"name\":\"Comment\",\"target\":[\"https:\/\/www.estrategiaconcursos.com.br\/blog\/prefeitura-tres-coracoes\/#respond\"]}],\"copyrightYear\":\"2020\",\"copyrightHolder\":{\"@id\":\"https:\/\/www.estrategiaconcursos.com.br\/blog\/#organization\"}},{\"@type\":\"WebPage\",\"@id\":\"https:\/\/www.estrategiaconcursos.com.br\/blog\/prefeitura-tres-coracoes\/\",\"url\":\"https:\/\/www.estrategiaconcursos.com.br\/blog\/prefeitura-tres-coracoes\/\",\"name\":\"Prefeitura Tr\u00eas Cora\u00e7\u00f5es: concurso retomado com novas datas\",\"isPartOf\":{\"@id\":\"https:\/\/www.estrategiaconcursos.com.br\/blog\/#website\"},\"primaryImageOfPage\":{\"@id\":\"https:\/\/www.estrategiaconcursos.com.br\/blog\/prefeitura-tres-coracoes\/#primaryimage\"},\"image\":{\"@id\":\"https:\/\/www.estrategiaconcursos.com.br\/blog\/prefeitura-tres-coracoes\/#primaryimage\"},\"thumbnailUrl\":\"https:\/\/dhg1h5j42swfq.cloudfront.net\/2019\/11\/07135533\/tres-cora%C3%A7%C3%B5es.jpeg\",\"datePublished\":\"2020-08-18T15:27:17+00:00\",\"dateModified\":\"2020-12-09T12:55:02+00:00\",\"description\":\"Prefeitura Tr\u00eas Cora\u00e7\u00f5es: Ap\u00f3s ter sido suspenso, concurso para provimento de 96 vagas \u00e9 retomado com novo cronograma de provas.\",\"breadcrumb\":{\"@id\":\"https:\/\/www.estrategiaconcursos.com.br\/blog\/prefeitura-tres-coracoes\/#breadcrumb\"},\"inLanguage\":\"pt-BR\",\"potentialAction\":[{\"@type\":\"ReadAction\",\"target\":[\"https:\/\/www.estrategiaconcursos.com.br\/blog\/prefeitura-tres-coracoes\/\"]}]},{\"@type\":\"ImageObject\",\"inLanguage\":\"pt-BR\",\"@id\":\"https:\/\/www.estrategiaconcursos.com.br\/blog\/prefeitura-tres-coracoes\/#primaryimage\",\"url\":\"https:\/\/dhg1h5j42swfq.cloudfront.net\/2019\/11\/07135533\/tres-cora%C3%A7%C3%B5es.jpeg\",\"contentUrl\":\"https:\/\/dhg1h5j42swfq.cloudfront.net\/2019\/11\/07135533\/tres-cora%C3%A7%C3%B5es.jpeg\",\"width\":327,\"height\":232,\"caption\":\"Prefeitura tres cora\u00e7\u00f5es\"},{\"@type\":\"BreadcrumbList\",\"@id\":\"https:\/\/www.estrategiaconcursos.com.br\/blog\/prefeitura-tres-coracoes\/#breadcrumb\",\"itemListElement\":[{\"@type\":\"ListItem\",\"position\":1,\"name\":\"In\u00edcio\",\"item\":\"https:\/\/www.estrategiaconcursos.com.br\/blog\/\"},{\"@type\":\"ListItem\",\"position\":2,\"name\":\"Prefeitura Tr\u00eas Cora\u00e7\u00f5es: concurso retomado com novas datas\"}]},{\"@type\":\"WebSite\",\"@id\":\"https:\/\/www.estrategiaconcursos.com.br\/blog\/#website\",\"url\":\"https:\/\/www.estrategiaconcursos.com.br\/blog\/\",\"name\":\"Estrat\u00e9gia Concursos\",\"description\":\"O blog da Estrat\u00e9gia Concursos traz not\u00edcias sobre concursos e artigos de professores oferecendo cursos para concursos (pdf + videaulas) no site.\",\"publisher\":{\"@id\":\"https:\/\/www.estrategiaconcursos.com.br\/blog\/#organization\"},\"potentialAction\":[{\"@type\":\"SearchAction\",\"target\":{\"@type\":\"EntryPoint\",\"urlTemplate\":\"https:\/\/www.estrategiaconcursos.com.br\/blog\/?s={search_term_string}\"},\"query-input\":{\"@type\":\"PropertyValueSpecification\",\"valueRequired\":true,\"valueName\":\"search_term_string\"}}],\"inLanguage\":\"pt-BR\"},{\"@type\":\"Organization\",\"@id\":\"https:\/\/www.estrategiaconcursos.com.br\/blog\/#organization\",\"name\":\"Estrat\u00e9gia Concursos\",\"url\":\"https:\/\/www.estrategiaconcursos.com.br\/blog\/\",\"logo\":{\"@type\":\"ImageObject\",\"inLanguage\":\"pt-BR\",\"@id\":\"https:\/\/www.estrategiaconcursos.com.br\/blog\/#\/schema\/logo\/image\/\",\"url\":\"https:\/\/dhg1h5j42swfq.cloudfront.net\/2025\/06\/03203428\/logo_concursos-1.jpg\",\"contentUrl\":\"https:\/\/dhg1h5j42swfq.cloudfront.net\/2025\/06\/03203428\/logo_concursos-1.jpg\",\"width\":230,\"height\":60,\"caption\":\"Estrat\u00e9gia Concursos\"},\"image\":{\"@id\":\"https:\/\/www.estrategiaconcursos.com.br\/blog\/#\/schema\/logo\/image\/\"},\"sameAs\":[\"https:\/\/x.com\/EstratConcursos\"]},{\"@type\":\"Person\",\"@id\":\"https:\/\/www.estrategiaconcursos.com.br\/blog\/#\/schema\/person\/7fbf898fd336f5ce58a961518beff68c\",\"name\":\"Diego Cerqueira Berbert Vasconcelos\",\"image\":{\"@type\":\"ImageObject\",\"inLanguage\":\"pt-BR\",\"@id\":\"https:\/\/secure.gravatar.com\/avatar\/ed2d045a7390980cad1a92d24dcc39d10ef55b88fcb9fb9c047979bf4ddeb1ce?s=96&d=mm&r=g\",\"url\":\"https:\/\/secure.gravatar.com\/avatar\/ed2d045a7390980cad1a92d24dcc39d10ef55b88fcb9fb9c047979bf4ddeb1ce?s=96&d=mm&r=g\",\"contentUrl\":\"https:\/\/secure.gravatar.com\/avatar\/ed2d045a7390980cad1a92d24dcc39d10ef55b88fcb9fb9c047979bf4ddeb1ce?s=96&d=mm&r=g\",\"caption\":\"Diego Cerqueira Berbert Vasconcelos\"},\"url\":\"https:\/\/www.estrategiaconcursos.com.br\/blog\/author\/diegocerqueiraestrategiaconcursos-com-br\/\"}]}<\/script>\n<!-- \/ Yoast SEO Premium plugin. -->","yoast_head_json":{"title":"Prefeitura Tr\u00eas Cora\u00e7\u00f5es: concurso retomado com novas datas","description":"Prefeitura Tr\u00eas Cora\u00e7\u00f5es: Ap\u00f3s ter sido suspenso, concurso para provimento de 96 vagas \u00e9 retomado com novo cronograma de provas.","robots":{"index":"index","follow":"follow","max-snippet":"max-snippet:-1","max-image-preview":"max-image-preview:large","max-video-preview":"max-video-preview:-1"},"canonical":"https:\/\/www.estrategiaconcursos.com.br\/blog\/prefeitura-tres-coracoes\/","og_locale":"pt_BR","og_type":"article","og_title":"Prefeitura Tr\u00eas Cora\u00e7\u00f5es: concurso retomado com novas datas","og_description":"Prefeitura Tr\u00eas Cora\u00e7\u00f5es: Ap\u00f3s ter sido suspenso, concurso para provimento de 96 vagas \u00e9 retomado com novo cronograma de provas.","og_url":"https:\/\/www.estrategiaconcursos.com.br\/blog\/prefeitura-tres-coracoes\/","og_site_name":"Estrat\u00e9gia Concursos","article_published_time":"2020-08-18T15:27:17+00:00","article_modified_time":"2020-12-09T12:55:02+00:00","og_image":[{"width":327,"height":232,"url":"https:\/\/dhg1h5j42swfq.cloudfront.net\/2019\/11\/07135533\/tres-cora%C3%A7%C3%B5es.jpeg","type":"image\/jpeg"}],"author":"Diego Cerqueira Berbert Vasconcelos","twitter_card":"summary_large_image","twitter_creator":"@EstratConcursos","twitter_site":"@EstratConcursos","twitter_misc":{"Escrito por":"Diego Cerqueira Berbert Vasconcelos","Est. tempo de leitura":"2 minutos"},"schema":{"@context":"https:\/\/schema.org","@graph":[{"@type":"NewsArticle","@id":"https:\/\/www.estrategiaconcursos.com.br\/blog\/prefeitura-tres-coracoes\/#article","isPartOf":{"@id":"https:\/\/www.estrategiaconcursos.com.br\/blog\/prefeitura-tres-coracoes\/"},"author":{"name":"Diego Cerqueira Berbert Vasconcelos","@id":"https:\/\/www.estrategiaconcursos.com.br\/blog\/#\/schema\/person\/7fbf898fd336f5ce58a961518beff68c"},"headline":"Prefeitura Tr\u00eas Cora\u00e7\u00f5es: concurso retomado com novas datas","datePublished":"2020-08-18T15:27:17+00:00","dateModified":"2020-12-09T12:55:02+00:00","mainEntityOfPage":{"@id":"https:\/\/www.estrategiaconcursos.com.br\/blog\/prefeitura-tres-coracoes\/"},"wordCount":409,"commentCount":0,"publisher":{"@id":"https:\/\/www.estrategiaconcursos.com.br\/blog\/#organization"},"image":{"@id":"https:\/\/www.estrategiaconcursos.com.br\/blog\/prefeitura-tres-coracoes\/#primaryimage"},"thumbnailUrl":"https:\/\/dhg1h5j42swfq.cloudfront.net\/2019\/11\/07135533\/tres-cora%C3%A7%C3%B5es.jpeg","articleSection":["Concursos P\u00fablicos"],"inLanguage":"pt-BR","potentialAction":[{"@type":"CommentAction","name":"Comment","target":["https:\/\/www.estrategiaconcursos.com.br\/blog\/prefeitura-tres-coracoes\/#respond"]}],"copyrightYear":"2020","copyrightHolder":{"@id":"https:\/\/www.estrategiaconcursos.com.br\/blog\/#organization"}},{"@type":"WebPage","@id":"https:\/\/www.estrategiaconcursos.com.br\/blog\/prefeitura-tres-coracoes\/","url":"https:\/\/www.estrategiaconcursos.com.br\/blog\/prefeitura-tres-coracoes\/","name":"Prefeitura Tr\u00eas Cora\u00e7\u00f5es: concurso retomado com novas datas","isPartOf":{"@id":"https:\/\/www.estrategiaconcursos.com.br\/blog\/#website"},"primaryImageOfPage":{"@id":"https:\/\/www.estrategiaconcursos.com.br\/blog\/prefeitura-tres-coracoes\/#primaryimage"},"image":{"@id":"https:\/\/www.estrategiaconcursos.com.br\/blog\/prefeitura-tres-coracoes\/#primaryimage"},"thumbnailUrl":"https:\/\/dhg1h5j42swfq.cloudfront.net\/2019\/11\/07135533\/tres-cora%C3%A7%C3%B5es.jpeg","datePublished":"2020-08-18T15:27:17+00:00","dateModified":"2020-12-09T12:55:02+00:00","description":"Prefeitura Tr\u00eas Cora\u00e7\u00f5es: Ap\u00f3s ter sido suspenso, concurso para provimento de 96 vagas \u00e9 retomado com novo cronograma de provas.","breadcrumb":{"@id":"https:\/\/www.estrategiaconcursos.com.br\/blog\/prefeitura-tres-coracoes\/#breadcrumb"},"inLanguage":"pt-BR","potentialAction":[{"@type":"ReadAction","target":["https:\/\/www.estrategiaconcursos.com.br\/blog\/prefeitura-tres-coracoes\/"]}]},{"@type":"ImageObject","inLanguage":"pt-BR","@id":"https:\/\/www.estrategiaconcursos.com.br\/blog\/prefeitura-tres-coracoes\/#primaryimage","url":"https:\/\/dhg1h5j42swfq.cloudfront.net\/2019\/11\/07135533\/tres-cora%C3%A7%C3%B5es.jpeg","contentUrl":"https:\/\/dhg1h5j42swfq.cloudfront.net\/2019\/11\/07135533\/tres-cora%C3%A7%C3%B5es.jpeg","width":327,"height":232,"caption":"Prefeitura tres cora\u00e7\u00f5es"},{"@type":"BreadcrumbList","@id":"https:\/\/www.estrategiaconcursos.com.br\/blog\/prefeitura-tres-coracoes\/#breadcrumb","itemListElement":[{"@type":"ListItem","position":1,"name":"In\u00edcio","item":"https:\/\/www.estrategiaconcursos.com.br\/blog\/"},{"@type":"ListItem","position":2,"name":"Prefeitura Tr\u00eas Cora\u00e7\u00f5es: concurso retomado com novas datas"}]},{"@type":"WebSite","@id":"https:\/\/www.estrategiaconcursos.com.br\/blog\/#website","url":"https:\/\/www.estrategiaconcursos.com.br\/blog\/","name":"Estrat\u00e9gia Concursos","description":"O blog da Estrat\u00e9gia Concursos traz not\u00edcias sobre concursos e artigos de professores oferecendo cursos para concursos (pdf + videaulas) no site.","publisher":{"@id":"https:\/\/www.estrategiaconcursos.com.br\/blog\/#organization"},"potentialAction":[{"@type":"SearchAction","target":{"@type":"EntryPoint","urlTemplate":"https:\/\/www.estrategiaconcursos.com.br\/blog\/?s={search_term_string}"},"query-input":{"@type":"PropertyValueSpecification","valueRequired":true,"valueName":"search_term_string"}}],"inLanguage":"pt-BR"},{"@type":"Organization","@id":"https:\/\/www.estrategiaconcursos.com.br\/blog\/#organization","name":"Estrat\u00e9gia Concursos","url":"https:\/\/www.estrategiaconcursos.com.br\/blog\/","logo":{"@type":"ImageObject","inLanguage":"pt-BR","@id":"https:\/\/www.estrategiaconcursos.com.br\/blog\/#\/schema\/logo\/image\/","url":"https:\/\/dhg1h5j42swfq.cloudfront.net\/2025\/06\/03203428\/logo_concursos-1.jpg","contentUrl":"https:\/\/dhg1h5j42swfq.cloudfront.net\/2025\/06\/03203428\/logo_concursos-1.jpg","width":230,"height":60,"caption":"Estrat\u00e9gia Concursos"},"image":{"@id":"https:\/\/www.estrategiaconcursos.com.br\/blog\/#\/schema\/logo\/image\/"},"sameAs":["https:\/\/x.com\/EstratConcursos"]},{"@type":"Person","@id":"https:\/\/www.estrategiaconcursos.com.br\/blog\/#\/schema\/person\/7fbf898fd336f5ce58a961518beff68c","name":"Diego Cerqueira Berbert Vasconcelos","image":{"@type":"ImageObject","inLanguage":"pt-BR","@id":"https:\/\/secure.gravatar.com\/avatar\/ed2d045a7390980cad1a92d24dcc39d10ef55b88fcb9fb9c047979bf4ddeb1ce?s=96&d=mm&r=g","url":"https:\/\/secure.gravatar.com\/avatar\/ed2d045a7390980cad1a92d24dcc39d10ef55b88fcb9fb9c047979bf4ddeb1ce?s=96&d=mm&r=g","contentUrl":"https:\/\/secure.gravatar.com\/avatar\/ed2d045a7390980cad1a92d24dcc39d10ef55b88fcb9fb9c047979bf4ddeb1ce?s=96&d=mm&r=g","caption":"Diego Cerqueira Berbert Vasconcelos"},"url":"https:\/\/www.estrategiaconcursos.com.br\/blog\/author\/diegocerqueiraestrategiaconcursos-com-br\/"}]}},"_links":{"self":[{"href":"https:\/\/www.estrategiaconcursos.com.br\/blog\/wp-json\/wp\/v2\/posts\/557222","targetHints":{"allow":["GET"]}}],"collection":[{"href":"https:\/\/www.estrategiaconcursos.com.br\/blog\/wp-json\/wp\/v2\/posts"}],"about":[{"href":"https:\/\/www.estrategiaconcursos.com.br\/blog\/wp-json\/wp\/v2\/types\/post"}],"author":[{"embeddable":true,"href":"https:\/\/www.estrategiaconcursos.com.br\/blog\/wp-json\/wp\/v2\/users\/260"}],"replies":[{"embeddable":true,"href":"https:\/\/www.estrategiaconcursos.com.br\/blog\/wp-json\/wp\/v2\/comments?post=557222"}],"version-history":[{"count":6,"href":"https:\/\/www.estrategiaconcursos.com.br\/blog\/wp-json\/wp\/v2\/posts\/557222\/revisions"}],"predecessor-version":[{"id":557272,"href":"https:\/\/www.estrategiaconcursos.com.br\/blog\/wp-json\/wp\/v2\/posts\/557222\/revisions\/557272"}],"wp:featuredmedia":[{"embeddable":true,"href":"https:\/\/www.estrategiaconcursos.com.br\/blog\/wp-json\/wp\/v2\/media\/445219"}],"wp:attachment":[{"href":"https:\/\/www.estrategiaconcursos.com.br\/blog\/wp-json\/wp\/v2\/media?parent=557222"}],"wp:term":[{"taxonomy":"category","embeddable":true,"href":"https:\/\/www.estrategiaconcursos.com.br\/blog\/wp-json\/wp\/v2\/categories?post=557222"},{"taxonomy":"post_tag","embeddable":true,"href":"https:\/\/www.estrategiaconcursos.com.br\/blog\/wp-json\/wp\/v2\/tags?post=557222"},{"taxonomy":"tax_estado","embeddable":true,"href":"https:\/\/www.estrategiaconcursos.com.br\/blog\/wp-json\/wp\/v2\/tax_estado?post=557222"}],"curies":[{"name":"wp","href":"https:\/\/api.w.org\/{rel}","templated":true}]}}