{"id":556227,"date":"2020-08-22T10:00:00","date_gmt":"2020-08-22T13:00:00","guid":{"rendered":"https:\/\/www.estrategiaconcursos.com.br\/blog\/?p=556227"},"modified":"2023-02-01T13:38:10","modified_gmt":"2023-02-01T16:38:10","slug":"analise-estatisticas-do-iss-aracaju","status":"publish","type":"post","link":"https:\/\/www.estrategiaconcursos.com.br\/blog\/analise-estatisticas-do-iss-aracaju\/","title":{"rendered":"An\u00e1lise estat\u00edstica do ISS Aracaju &#8211; Assuntos mais cobrados"},"content":{"rendered":"\n<p>Ol\u00e1, pessoal! No artigo de hoje abordaremos a An\u00e1lise estat\u00edstica do ISS Aracaju. Nossa <strong>an\u00e1lise <\/strong>ser\u00e1 feita a partir das <strong>\u00faltimas provas de concurso para \u00e1rea fiscal da banca Cespe\/Cebraspe.<\/strong><\/p>\n\n\n\n<p>Antes de veremos a An\u00e1lise estat\u00edstica do ISS Aracaju, n\u00e3o deixe de conferir a an\u00e1lise do edital realizada pelo Prof. Eduardo da Rocha.<\/p>\n\n\n\n<p class=\"has-text-align-center\"><a href=\"https:\/\/www.youtube.com\/watch?v=13nlRxGMANA\">Concurso ISS Aracaju: An\u00e1lise de Edital<\/a><\/p>\n\n\n\n<p>Al\u00e9m do nosso artigo sobre o concurso.<\/p>\n\n\n\n<p class=\"has-text-align-center\"><a href=\"https:\/\/www.estrategiaconcursos.com.br\/blog\/concurso-iss-aracaju\/\">Concurso ISS Aracaju: SAIU EDITAL com 20 vagas!!!<\/a><\/p>\n\n\n\n<h2 class=\"wp-block-heading\">Bloco de quest\u00f5es<\/h2>\n\n\n\n<p>Antes de adentrarmos na An\u00e1lise estat\u00edstica do ISS Aracaju, vejamos primeiro a distribui\u00e7\u00e3o de pontos por bloco de disciplina.<\/p>\n\n\n\n<figure class=\"wp-block-image aligncenter size-large\"><img loading=\"lazy\" decoding=\"async\" width=\"507\" height=\"377\" src=\"https:\/\/dhg1h5j42swfq.cloudfront.net\/2020\/08\/17111828\/image-129.png\" alt=\"An\u00e1lise estat\u00edstica do ISS Aracaju \" class=\"wp-image-556756\" srcset=\"https:\/\/dhg1h5j42swfq.cloudfront.net\/2020\/08\/17111828\/image-129.png 507w, https:\/\/dhg1h5j42swfq.cloudfront.net\/2020\/08\/17111828\/image-129-300x223.png 300w\" sizes=\"auto, (max-width: 507px) 100vw, 507px\" \/><\/figure>\n\n\n\n<p>De cara j\u00e1 podemos verificar a import\u00e2ncia da <strong>prova objetiva P2 e da discursiva P3,<\/strong> representando juntas <span class=\"has-inline-color has-vivid-red-color\"><strong>mais de 78% <\/strong><\/span>dos pontos poss\u00edveis. <\/p>\n\n\n\n<h3 class=\"wp-block-heading\">Peso por mat\u00e9ria<\/h3>\n\n\n\n<p>Agora observe o peso de cada mat\u00e9ria:<\/p>\n\n\n\n<figure class=\"wp-block-table is-style-stripes\"><table class=\"has-background\" style=\"background-color:#e7f5fe\"><tbody><tr><td><strong>\u00c1REA DE CONHECIMENTO<\/strong><\/td><td><strong>N\u00ba&nbsp; DE QUEST\u00d5ES<\/strong><\/td><td><strong>PESO<\/strong><\/td><\/tr><tr><td><strong><span class=\"has-inline-color has-vivid-red-color\">Conhecimentos b\u00e1sicos e (ou) conhecimentos espec\u00edficos<\/span><\/strong><\/td><td><strong>2<\/strong><\/td><td><strong><span class=\"has-inline-color has-vivid-red-color\">26,09%<\/span><\/strong><\/td><\/tr><tr><td><strong><span class=\"has-inline-color has-luminous-vivid-orange-color\">Contabilidade Geral<\/span><\/strong><\/td><td><strong>15<\/strong><\/td><td><strong><span class=\"has-inline-color has-luminous-vivid-orange-color\">13,04%<\/span><\/strong><\/td><\/tr><tr><td><strong><span class=\"has-inline-color has-luminous-vivid-orange-color\">Direito Tribut\u00e1rio<\/span><\/strong><\/td><td><strong>15<\/strong><\/td><td><strong><span class=\"has-inline-color has-luminous-vivid-orange-color\">13,04%<\/span><\/strong><\/td><\/tr><tr><td><strong><span class=\"has-inline-color has-luminous-vivid-amber-color\">Inform\u00e1tica\/T.I<\/span><\/strong><\/td><td><strong>10<\/strong><\/td><td><strong><span class=\"has-inline-color has-luminous-vivid-amber-color\">8,70%<\/span><\/strong><\/td><\/tr><tr><td><strong><span class=\"has-inline-color has-luminous-vivid-amber-color\">Legisla\u00e7\u00e3o Tribut\u00e1ria Municipal<\/span><\/strong><\/td><td><strong>10<\/strong><\/td><td><strong><span class=\"has-inline-color has-luminous-vivid-amber-color\">8,70%<\/span><\/strong><\/td><\/tr><tr><td>L\u00edngua Portuguesa<\/td><td>10<\/td><td>4,35%<\/td><\/tr><tr><td>AFO e Or\u00e7amento P\u00fablico<\/td><td>5<\/td><td>4,35%<\/td><\/tr><tr><td>Direito Civil e Empresarial<\/td><td>5<\/td><td>4,35%<\/td><\/tr><tr><td>Auditoria Geral<\/td><td>5<\/td><td>2,17%<\/td><\/tr><tr><td>Direito Administrativo<\/td><td>5<\/td><td>2,17%<\/td><\/tr><tr><td>Direito Constitucional<\/td><td>5<\/td><td>2,17%<\/td><\/tr><tr><td>No\u00e7\u00f5es de Direito Penal<\/td><td>5<\/td><td>2,17%<\/td><\/tr><tr><td>Estat\u00edstica B\u00e1sica<\/td><td>5<\/td><td>2,17%<\/td><\/tr><tr><td>Matem\u00e1tica Financeira<\/td><td>5<\/td><td>2,17%<\/td><\/tr><\/tbody><\/table><\/figure>\n\n\n\n<p>Creio que ficou claro qual deve ser o foco do estudo, n\u00e3o \u00e9 mesmo? Afinal, as <strong>5 mat\u00e9rias destacadas <\/strong>representam <strong><span class=\"has-inline-color has-vivid-red-color\">quase 70% dos pontos.<\/span><\/strong> <\/p>\n\n\n\n<p>Entretanto, dois pontos importantes devem ser observados:<\/p>\n\n\n\n<ul class=\"wp-block-list\">\n<li>1\u00ba &#8211;  O candidato ser\u00e1 reprovado se obtiver nota zero em pelo menos uma das disciplinas, ou seja, <strong>n\u00e3o podemos zerar nenhuma mat\u00e9ria<\/strong>. <\/li>\n<\/ul>\n\n\n\n<p>Cuidado com o descaso total com alguma mat\u00e9ria, isso pode causar sua elimina\u00e7\u00e3o!<\/p>\n\n\n\n<ul class=\"wp-block-list\">\n<li>2\u00ba &#8211; S\u00f3 ter\u00e3o as provas discursivas corrigidas os candidatos classificados na prova objetiva, conforme a seguinte tabela:<\/li>\n<\/ul>\n\n\n\n<figure class=\"wp-block-image aligncenter size-large\"><img loading=\"lazy\" decoding=\"async\" width=\"645\" height=\"132\" src=\"https:\/\/dhg1h5j42swfq.cloudfront.net\/2020\/08\/15083958\/image-91.png\" alt=\"\" class=\"wp-image-556238\" srcset=\"https:\/\/dhg1h5j42swfq.cloudfront.net\/2020\/08\/15083958\/image-91.png 645w, https:\/\/dhg1h5j42swfq.cloudfront.net\/2020\/08\/15083958\/image-91-300x61.png 300w, https:\/\/dhg1h5j42swfq.cloudfront.net\/2020\/08\/15083958\/image-91-610x125.png 610w\" sizes=\"auto, (max-width: 645px) 100vw, 645px\" \/><\/figure>\n\n\n\n<h2 class=\"wp-block-heading\">An\u00e1lise dos assuntos por Disciplina &#8211; Prova 1<\/h2>\n\n\n\n<p>Iniciaremos nossa An\u00e1lise estat\u00edstica do ISS Aracaju avaliando as mat\u00e9rias da prova objetiva (P1).<\/p>\n\n\n\n<h3 class=\"wp-block-heading\">P1 &#8211; L\u00edngua Portuguesa<\/h3>\n\n\n\n<p>Vejamos a incid\u00eancia de cada assunto para a disciplina de L\u00edngua Portuguesa.<\/p>\n\n\n\n<figure class=\"wp-block-table is-style-stripes\"><table class=\"has-background\" style=\"background-color:#e7f5fe\"><tbody><tr><td><strong>Assunto<\/strong><\/td><td><strong>Incid\u00eancia<\/strong><\/td><\/tr><tr><td><strong><span class=\"has-inline-color has-vivid-red-color\">1 Compreens\u00e3o e interpreta\u00e7\u00e3o de textos de g\u00eaneros variados.<\/span><\/strong><\/td><td><strong><span class=\"has-inline-color has-vivid-red-color\">43,81%<\/span><\/strong><\/td><\/tr><tr><td><strong><span class=\"has-inline-color has-luminous-vivid-orange-color\">5 Dom\u00ednio da estrutura morfossint\u00e1tica do per\u00edodo.<\/span><\/strong><\/td><td><strong><span class=\"has-inline-color has-luminous-vivid-orange-color\">21,90%<\/span><\/strong><\/td><\/tr><tr><td><strong><span class=\"has-inline-color has-luminous-vivid-amber-color\">6 Reescritura de frases e par\u00e1grafos do texto.<\/span><\/strong><\/td><td><strong><span class=\"has-inline-color has-luminous-vivid-amber-color\">20,00%<\/span><\/strong><\/td><\/tr><tr><td>4 Dom\u00ednio dos mecanismos de coes\u00e3o textual.<\/td><td>9,52%<\/td><\/tr><tr><td>2 Reconhecimento de tipos e g\u00eaneros textuais.<\/td><td>4,76%<\/td><\/tr><tr><td>3 Dom\u00ednio da ortografia oficial.<\/td><td>0,00%<\/td><\/tr><\/tbody><\/table><\/figure>\n\n\n\n<p>Como j\u00e1 era de se esperar, a<strong> interpreta\u00e7\u00e3o de texto<\/strong> \u00e9 o assunto mais cobrado em portugu\u00eas, seguido de <strong>Dom\u00ednio da estrutura morfossint\u00e1tica do per\u00edodo<\/strong> (ex: concord\u00e2ncia, coordena\u00e7\u00e3o e subordina\u00e7\u00e3o entre ora\u00e7\u00f5es e etc.) e <strong>Reescritura de frases e par\u00e1grafos do texto<\/strong>, <strong><span class=\"has-inline-color has-vivid-red-color\">representando 85,71%<\/span><\/strong> <strong>da disciplina<\/strong>.<\/p>\n\n\n\n<h3 class=\"wp-block-heading\">P1 &#8211; Direito Administrativo<\/h3>\n\n\n\n<p>As incid\u00eancias no Direito Administrativo podem ser vistas a seguir:<\/p>\n\n\n\n<figure class=\"wp-block-table is-style-stripes\"><table class=\"has-background\" style=\"background-color:#e7f5fe\"><tbody><tr><td><br \/><strong>Assunto<\/strong><\/td><td><strong>Incid\u00eancia<\/strong><\/td><\/tr><tr><td><strong><span class=\"has-inline-color has-vivid-red-color\">12 Licita\u00e7\u00f5es e contratos administrativos.<\/span><\/strong><\/td><td><strong><span class=\"has-inline-color has-vivid-red-color\">14,81%<\/span><\/strong><\/td><\/tr><tr><td><strong><span class=\"has-inline-color has-vivid-red-color\">4 Agentes p\u00fablicos.<\/span><\/strong><\/td><td><strong><span class=\"has-inline-color has-vivid-red-color\">13,58%<\/span><\/strong><\/td><\/tr><tr><td><strong><span class=\"has-inline-color has-luminous-vivid-orange-color\">3 Ato administrativo.<\/span><\/strong><\/td><td><strong><span class=\"has-inline-color has-luminous-vivid-orange-color\">11,11%<\/span><\/strong><\/td><\/tr><tr><td><strong><span class=\"has-inline-color has-luminous-vivid-orange-color\">9 Organiza\u00e7\u00e3o administrativa.<\/span><\/strong><\/td><td><strong><span class=\"has-inline-color has-luminous-vivid-orange-color\">11,11%<\/span><\/strong><\/td><\/tr><tr><td><strong><span class=\"has-inline-color has-luminous-vivid-orange-color\">8 Servi\u00e7os p\u00fablicos.<\/span><\/strong><\/td><td><strong><span class=\"has-inline-color has-luminous-vivid-orange-color\">9,88%<\/span><\/strong><\/td><\/tr><tr><td><strong><span class=\"has-inline-color has-luminous-vivid-amber-color\">7 Responsabilidade civil do Estado.<\/span><\/strong><\/td><td><strong><span class=\"has-inline-color has-luminous-vivid-amber-color\">8,64%<\/span><\/strong><\/td><\/tr><tr><td><strong><span class=\"has-inline-color has-luminous-vivid-amber-color\">10 Controle da administra\u00e7\u00e3o p\u00fablica<\/span><\/strong><\/td><td><strong><span class=\"has-inline-color has-luminous-vivid-amber-color\">7,41%<\/span><\/strong><\/td><\/tr><tr><td><strong><span class=\"has-inline-color has-luminous-vivid-amber-color\">5 Poderes da administra\u00e7\u00e3o p\u00fablica.<\/span><\/strong><\/td><td><strong><span class=\"has-inline-color has-luminous-vivid-amber-color\">6,17%<\/span><\/strong><\/td><\/tr><tr><td><strong><span class=\"has-inline-color has-luminous-vivid-amber-color\">14 Lei n\u00ba 12.527\/2011 (Lei de acesso \u00e0 informa\u00e7\u00e3o).<\/span><\/strong><\/td><td><strong><span class=\"has-inline-color has-luminous-vivid-amber-color\">6,17%<\/span><\/strong><\/td><\/tr><tr><td>2 Direito administrativo.<\/td><td>3,70%<\/td><\/tr><tr><td>1 Estado, governo e administra\u00e7\u00e3o p\u00fablica.<\/td><td>2,47%<\/td><\/tr><tr><td>6 Regime jur\u00eddico-administrativo.<\/td><td>2,47%<\/td><\/tr><tr><td>11 Lei n\u00ba 9.784\/1999 e suas altera\u00e7\u00f5es (processo administrativo).<\/td><td>2,47%<\/td><\/tr><tr><td>13 Lei n\u00ba 13.019\/2014 e suas altera\u00e7\u00f5es.<\/td><td>0,00%<\/td><\/tr><tr><td>15 Sistemas de controle jurisdicional da administra\u00e7\u00e3o p\u00fablica.<\/td><td>0,00%<\/td><\/tr><\/tbody><\/table><\/figure>\n\n\n\n<p>Na mat\u00e9ria de Direito Administrativo temos uma distribui\u00e7\u00e3o mais uniforme entre os assuntos. As <strong>mat\u00e9rias destacadas<\/strong> devem ser o foco da aten\u00e7\u00e3o, pois <strong><span class=\"has-inline-color has-vivid-red-color\">representam 88,88% <\/span>da cobran\u00e7a<\/strong>.<\/p>\n\n\n\n<h4 class=\"wp-block-heading\">Direito Administrativo &#8211; Itens que merecem aten\u00e7\u00e3o<\/h4>\n\n\n\n<p>Vejamos alguns itens do edital que merecem aten\u00e7\u00e3o, pois extrapolam o estudo regular da mat\u00e9ria.<\/p>\n\n\n\n<ul class=\"wp-block-list\">\n<li><strong>4.8 Lei Complementar n\u00ba 153\/2016<\/strong> (Estatuto dos servidores do Munic\u00edpio de Aracaju e Regime Jur\u00eddico \u00danico).<\/li>\n\n\n\n<li><strong>12.4 Decreto n\u00ba 7.892\/2013<\/strong> (sistema de registro de pre\u00e7os).<\/li>\n\n\n\n<li><strong>12.5 Lei n\u00ba 12.462\/2011 <\/strong>(Regime Diferenciado de Contrata\u00e7\u00f5es P\u00fablicas). Decreto n\u00ba 6.170\/2007, Portaria Interministerial n\u00ba 424\/2016 (Transfer\u00eancia de recursos)<\/li>\n\n\n\n<li><strong>13 Lei n\u00ba 13.019\/2014<\/strong> (parcerias entre a administra\u00e7\u00e3o p\u00fablica e as organiza\u00e7\u00f5es da sociedade civil)<\/li>\n<\/ul>\n\n\n\n<h3 class=\"wp-block-heading\">P1 &#8211; Direito Constitucional<\/h3>\n\n\n\n<p>No Direito Constitucional temos que:<\/p>\n\n\n\n<figure class=\"wp-block-table is-style-stripes\"><table class=\"has-background\" style=\"background-color:#e7f5fe\"><tbody><tr><td><strong>Assunto<\/strong><\/td><td><strong>Incid\u00eancia<\/strong><\/td><\/tr><tr><td><strong><span class=\"has-inline-color has-vivid-red-color\">2.3 Organiza\u00e7\u00e3o pol\u00edtico administrativa do Estado.<\/span><\/strong><\/td><td><strong><span class=\"has-inline-color has-vivid-red-color\">27,54%<\/span><\/strong><\/td><\/tr><tr><td><strong><span class=\"has-inline-color has-luminous-vivid-orange-color\">2.2 Direitos e garantias fundamentais.<\/span><\/strong><\/td><td><strong><span class=\"has-inline-color has-luminous-vivid-orange-color\">24,64%<\/span><\/strong><\/td><\/tr><tr><td><strong><span class=\"has-inline-color has-luminous-vivid-amber-color\">1 Aplicabilidade e interpreta\u00e7\u00e3o das normas constitucionais.<\/span><\/strong><\/td><td><strong><span class=\"has-inline-color has-luminous-vivid-amber-color\">11,59%<\/span><\/strong><\/td><\/tr><tr><td><strong><span class=\"has-inline-color has-luminous-vivid-amber-color\">2.5 Poder Legislativo.<\/span><\/strong><\/td><td><strong><span class=\"has-inline-color has-luminous-vivid-amber-color\">11,59%<\/span><\/strong><\/td><\/tr><tr><td>2.4 Poder Executivo.<\/td><td>4,35%<\/td><\/tr><tr><td>2.6 Poder Judici\u00e1rio.<\/td><td>4,35%<\/td><\/tr><tr><td>2.10 Controle de Constitucionalidade.<\/td><td>4,35%<\/td><\/tr><tr><td>2.12 Da ordem econ\u00f4mica e financeira.<\/td><td>4,35%<\/td><\/tr><tr><td>2.1 Princ\u00edpios fundamentais.<\/td><td>2,90%<\/td><\/tr><tr><td>2.7 Fun\u00e7\u00f5es essenciais \u00e0 justi\u00e7a.<\/td><td>1,45%<\/td><\/tr><tr><td>2.8 Autonomia dos Munic\u00edpios.<\/td><td>1,45%<\/td><\/tr><tr><td>2.9 Supremacia da Constitui\u00e7\u00e3o.<\/td><td>1,45%<\/td><\/tr><tr><td>2.11 Da tributa\u00e7\u00e3o e do Or\u00e7amento.<\/td><td>0,00%<\/td><\/tr><\/tbody><\/table><\/figure>\n\n\n\n<p>Os <strong>assuntos destacados<\/strong> somam <strong><span class=\"has-inline-color has-vivid-red-color\">75,36%<\/span> <span class=\"has-inline-color has-vivid-red-color\">de incid\u00eancia<\/span><\/strong>, apesar disso, outros assuntos tamb\u00e9m merecem destaque, uma vez que o concurso \u00e9 da \u00e1rea fiscal municipal, assim \u00e9 v\u00e1lido se atentar as poss\u00edveis cobran\u00e7as  dos assuntos:<\/p>\n\n\n\n<ul class=\"wp-block-list\">\n<li>Autonomia dos Munic\u00edpios.<\/li>\n\n\n\n<li>Da tributa\u00e7\u00e3o e do Or\u00e7amento.<\/li>\n\n\n\n<li>Poder Executivo.<\/li>\n<\/ul>\n\n\n\n<h3 class=\"wp-block-heading\">P1 &#8211; No\u00e7\u00f5es de Direito Penal<\/h3>\n\n\n\n<p>Temos as seguintes incid\u00eancias em No\u00e7\u00f5es de Direito Penal:<\/p>\n\n\n\n<figure class=\"wp-block-table is-style-stripes\"><table class=\"has-background\" style=\"background-color:#e7f5fe\"><tbody><tr><td><strong>Assunto<\/strong><\/td><td><strong>Incid\u00eancia<\/strong><\/td><\/tr><tr><td><strong><span class=\"has-inline-color has-vivid-red-color\">9 Crimes contra a administra\u00e7\u00e3o p\u00fablica.<\/span><\/strong><\/td><td><strong><span class=\"has-inline-color has-vivid-red-color\">44,12%<\/span><\/strong><\/td><\/tr><tr><td><strong><span class=\"has-inline-color has-luminous-vivid-orange-color\">3 O fato t\u00edpico e seus elementos.<\/span><\/strong><\/td><td><strong><span class=\"has-inline-color has-luminous-vivid-orange-color\">17,65%<\/span><\/strong><\/td><\/tr><tr><td><strong><span class=\"has-inline-color has-luminous-vivid-orange-color\">8 Crimes contra a f\u00e9 p\u00fablica.<\/span><\/strong><\/td><td><strong><span class=\"has-inline-color has-luminous-vivid-orange-color\">17,65%<\/span><\/strong><\/td><\/tr><tr><td><strong><span class=\"has-inline-color has-luminous-vivid-amber-color\">2 Aplica\u00e7\u00e3o da lei penal.<\/span><\/strong><\/td><td><strong><span class=\"has-inline-color has-luminous-vivid-amber-color\">8,82%<\/span><\/strong><\/td><\/tr><tr><td><strong><span class=\"has-inline-color has-luminous-vivid-amber-color\">4 Imputabilidade penal.<\/span><\/strong><\/td><td><strong><span class=\"has-inline-color has-luminous-vivid-amber-color\">5,88%<\/span><\/strong><\/td><\/tr><tr><td>7 Crimes contra o patrim\u00f4nio.<\/td><td>2,94%<\/td><\/tr><tr><td>10 Lei n\u00ba 8.072\/1990 (delitos hediondos).<\/td><td>2,94%<\/td><\/tr><tr><td>1 Princ\u00edpios b\u00e1sicos.<\/td><td>0,00%<\/td><\/tr><tr><td>5 Concurso de pessoas.<\/td><td>0,00%<\/td><\/tr><tr><td>6 Crimes contra a pessoa.<\/td><td>0,00%<\/td><\/tr><tr><td>11 Disposi\u00e7\u00f5es constitucionais aplic\u00e1veis ao direito penal.<\/td><td>0,00%<\/td><\/tr><\/tbody><\/table><\/figure>\n\n\n\n<p>Os assuntos destacados representam <strong><span class=\"has-inline-color has-vivid-red-color\">94,12% da cobran\u00e7a<\/span><\/strong> na \u00e1rea fiscal, sendo que mais de<strong> 44% est\u00e3o concretados nos Crimes contra a administra\u00e7\u00e3o p\u00fablica<\/strong>, aten\u00e7\u00e3o!<\/p>\n\n\n\n<h4 class=\"wp-block-heading\">Direito Penal- Itens que merecem aten\u00e7\u00e3o<\/h4>\n\n\n\n<p>Os itens 6, 7 e 10 apesar de serem conhecidos nas provas de concurso, n\u00e3o costumam aparecer nos editais da \u00e1rea fiscal, aten\u00e7\u00e3o.<\/p>\n\n\n\n<ul class=\"wp-block-list\">\n<li>6 Crimes contra a pessoa.<\/li>\n\n\n\n<li>7 Crimes contra o patrim\u00f4nio.<\/li>\n\n\n\n<li>10 Lei n\u00ba 8.072\/1990 (delitos hediondos).<\/li>\n<\/ul>\n\n\n\n<h3 class=\"wp-block-heading\">P1 &#8211; Auditoria Geral<\/h3>\n\n\n\n<p>Pessoal, em Auditoria temos uma abordagem at\u00edpica pela banca, cobrando assuntos estranhos a \u00e1rea fiscal, como:<\/p>\n\n\n\n<ul class=\"wp-block-list\">\n<li>1 Compliance aplicada \u00e0 gest\u00e3o p\u00fablica.<\/li>\n\n\n\n<li>2 Auditoria governamental.<\/li>\n\n\n\n<li>3 Gest\u00e3o de riscos no setor p\u00fablico.<\/li>\n\n\n\n<li>11 ISSAIs (30, 100, 200, 300, 400, 3000 e 3100).<\/li>\n\n\n\n<li>12 Governan\u00e7a no setor p\u00fablico.<\/li>\n<\/ul>\n\n\n\n<p>Esses temas s\u00e3o comuns para Auditoria Governamental, principalmente voltados para \u00e1rea de controles, o que prejudica nossa an\u00e1lise.<\/p>\n\n\n\n<p>Al\u00e9m disso \u00e9 poss\u00edvel que a banca retifique o edital nesse ponto, devemos aguardar mais alguns dias para tirar uma conclus\u00e3o.<\/p>\n\n\n\n<h3 class=\"wp-block-heading\">P1 &#8211; Estat\u00edstica B\u00e1sica<\/h3>\n\n\n\n<p>Em Estat\u00edstica temos que:<\/p>\n\n\n\n<figure class=\"wp-block-table is-style-stripes\"><table class=\"has-background\" style=\"background-color:#e7f5fe\"><tbody><tr><td><strong>Assunto<\/strong><\/td><td><strong>Incid\u00eancia<\/strong><\/td><\/tr><tr><td><strong><span class=\"has-inline-color has-vivid-red-color\">1 Estat\u00edstica descritiva e an\u00e1lise explorat\u00f3ria de dados.<\/span><\/strong><\/td><td><strong><span class=\"has-inline-color has-vivid-red-color\">50,00%<\/span><\/strong><\/td><\/tr><tr><td><strong><span class=\"has-inline-color has-luminous-vivid-orange-color\">5 Intervalos de confian\u00e7a (e testes de hip\u00f3tese)<\/span><\/strong><\/td><td><strong><span class=\"has-inline-color has-luminous-vivid-orange-color\">21,43%<\/span><\/strong><\/td><\/tr><tr><td><strong><span class=\"has-inline-color has-luminous-vivid-amber-color\">4 Correla\u00e7\u00e3o e regress\u00e3o.<\/span><\/strong><\/td><td><strong><span class=\"has-inline-color has-luminous-vivid-amber-color\">14,29%<\/span><\/strong><\/td><\/tr><tr><td>2 Probabilidade.<\/td><td>7,14%<\/td><\/tr><tr><td>3 T\u00e9cnicas de amostragem.<\/td><td>7,14%<\/td><\/tr><tr><td>6 An\u00e1lise de vari\u00e2ncia (ANOVA).<\/td><td>0,00%<\/td><\/tr><\/tbody><\/table><\/figure>\n\n\n\n<p>Apesar dos assuntos destacados<span class=\"has-inline-color has-vivid-red-color\"> <strong>comporem 85,71%<\/strong><\/span>, <strong>probabilidade <\/strong>e <strong>t\u00e9cnicas de amostragem<\/strong> s\u00e3o temas curtos e com boas chances de estarem presentes na prova.<\/p>\n\n\n\n<h4 class=\"wp-block-heading\">Estat\u00edstica &#8211; Itens que merecem aten\u00e7\u00e3o<\/h4>\n\n\n\n<p>Certamente o item mais inovador \u00e9 o item 6, An\u00e1lise de vari\u00e2ncia (ANOVA).<\/p>\n\n\n\n<h3 class=\"wp-block-heading\">P1 &#8211; Matem\u00e1tica Financeira<\/h3>\n\n\n\n<p>Vejamos a incid\u00eancia para Matem\u00e1tica Financeira<\/p>\n\n\n\n<figure class=\"wp-block-table is-style-stripes\"><table class=\"has-background\" style=\"background-color:#e7f5fe\"><tbody><tr><td><strong>Assunto<\/strong><\/td><td><strong>Incid\u00eancia<\/strong><\/td><\/tr><tr><td><strong><span class=\"has-inline-color has-vivid-red-color\">2 Juros simples e compostos.<\/span><\/strong><\/td><td><strong><span class=\"has-inline-color has-vivid-red-color\">29,17%<\/span><\/strong><\/td><\/tr><tr><td><strong><span class=\"has-inline-color has-luminous-vivid-orange-color\">3 Capitaliza\u00e7\u00e3o e desconto.<\/span><\/strong><\/td><td><strong><span class=\"has-inline-color has-luminous-vivid-orange-color\">20,83%<\/span><\/strong><\/td><\/tr><tr><td><strong><span class=\"has-inline-color has-luminous-vivid-amber-color\">1 Regra de tr\u00eas simples e composta, proporcionalidades e porcentagens.<\/span><\/strong><\/td><td><strong><span class=\"has-inline-color has-luminous-vivid-amber-color\">16,67%<\/span><\/strong><\/td><\/tr><tr><td><strong><span class=\"has-inline-color has-luminous-vivid-amber-color\">4 Taxas de juros nominal, efetiva, equivalente, real e aparente.<\/span><\/strong><\/td><td><strong><span class=\"has-inline-color has-luminous-vivid-amber-color\">16,67%<\/span><\/strong><\/td><\/tr><tr><td><strong><span class=\"has-inline-color has-luminous-vivid-amber-color\">6 Planos de amortiza\u00e7\u00e3o de empr\u00e9stimos e financiamentos.<\/span><\/strong><\/td><td><strong><span class=\"has-inline-color has-luminous-vivid-amber-color\">12,50%<\/span><\/strong><\/td><\/tr><tr><td>8 Avalia\u00e7\u00e3o de alternativas de investimento em economia est\u00e1vel e em ambiente inflacion\u00e1rio.<br \/>9 Avalia\u00e7\u00e3o econ\u00f4mica de projetos e<br \/>10 Taxas de retorno e taxas internas de retorno.<\/td><td>4,17%<\/td><\/tr><tr><td>5 Rendas uniformes e vari\u00e1veis.<\/td><td>0,00%<\/td><\/tr><tr><td>7 C\u00e1lculo financeiro.<\/td><td>0,00%<\/td><\/tr><\/tbody><\/table><\/figure>\n\n\n\n<p>Os assuntos destacados valem <strong><span class=\"has-inline-color has-vivid-red-color\">quase 96% do total<\/span><\/strong> da mat\u00e9ria.<\/p>\n\n\n\n<h2 class=\"wp-block-heading\">An\u00e1lise dos assuntos por Disciplina &#8211; Prova 2<\/h2>\n\n\n\n<p>Vejamos agora a An\u00e1lise estat\u00edstica do ISS Aracaju das disciplinas da prova objetiva <strong>P2<\/strong>, lembrando que essas t\u00eam <strong>peso 2<\/strong>, ou seja, cada acerto vale 2 pontos.<\/p>\n\n\n\n<h3 class=\"wp-block-heading\">P2 &#8211; AFO<\/h3>\n\n\n\n<p>Vejamos agora a cobran\u00e7a da disciplina Administra\u00e7\u00e3o Or\u00e7ament\u00e1ria e Financeira e Or\u00e7amento P\u00fablico:<\/p>\n\n\n\n<figure class=\"wp-block-table is-style-stripes\"><table class=\"has-background\" style=\"background-color:#e7f5fe\"><tbody><tr><td><strong>Assunto<\/strong><\/td><td><strong>Incid\u00eancia<\/strong><\/td><\/tr><tr><td><strong><span class=\"has-inline-color has-vivid-red-color\">6 Lei Complementar n\u00ba 101\/2000 e suas altera\u00e7\u00f5es (Lei de Responsabilidade Fiscal).<\/span><\/strong><\/td><td><strong><span class=\"has-inline-color has-vivid-red-color\">33,90%<\/span><\/strong><\/td><\/tr><tr><td><strong><span class=\"has-inline-color has-luminous-vivid-orange-color\">5 Despesa p\u00fablica.<\/span><\/strong><\/td><td><strong><span class=\"has-inline-color has-luminous-vivid-orange-color\">18,64%<\/span><\/strong><\/td><\/tr><tr><td><strong><span class=\"has-inline-color has-luminous-vivid-amber-color\">2 O or\u00e7amento p\u00fablico no Brasil.<\/span><\/strong><\/td><td><strong><span class=\"has-inline-color has-luminous-vivid-amber-color\">11,86%<\/span><\/strong><\/td><\/tr><tr><td><strong><span class=\"has-inline-color has-luminous-vivid-amber-color\">4 Receita p\u00fablica.<\/span><\/strong><\/td><td><strong><span class=\"has-inline-color has-luminous-vivid-amber-color\">10,17%<\/span><\/strong><\/td><\/tr><tr><td><strong><span class=\"has-inline-color has-luminous-vivid-amber-color\">8 Transfer\u00eancias volunt\u00e1rias.<\/span><\/strong><\/td><td><strong><span class=\"has-inline-color has-luminous-vivid-amber-color\">8,47%<\/span><\/strong><\/td><\/tr><tr><td>1 Or\u00e7amento p\u00fablico.<\/td><td>6,78%<\/td><\/tr><tr><td>3 Programa\u00e7\u00e3o e execu\u00e7\u00e3o or\u00e7ament\u00e1ria e financeira.<\/td><td>6,78%<\/td><\/tr><tr><td>7 Lei n\u00ba 4.320\/1964 e suas altera\u00e7\u00f5es.<\/td><td>3,39%<\/td><\/tr><\/tbody><\/table><\/figure>\n\n\n\n<p>Os temas destacados representam aproximadamente <strong><span class=\"has-inline-color has-vivid-red-color\">83% da mat\u00e9ria<\/span><\/strong> de AFO. <\/p>\n\n\n\n<h3 class=\"wp-block-heading\">P2 &#8211; Contabilidade<\/h3>\n\n\n\n<p>Podemos dividir a disciplina de contabilidade em duas, sendo <strong>Contabilidade Geral <\/strong>e a<strong> Contabilidade de Custos<\/strong>.<\/p>\n\n\n\n<h4 class=\"wp-block-heading\">Contabilidade Geral<\/h4>\n\n\n\n<p>Vejamos a cobran\u00e7a na Contabilidade geral:<\/p>\n\n\n\n<figure class=\"wp-block-table is-style-stripes\"><table class=\"has-background\" style=\"background-color:#e7f5fe\"><tbody><tr><td><strong>Assunto<\/strong><\/td><td><strong>Incid\u00eancia<\/strong><\/td><\/tr><tr><td><strong><span class=\"has-inline-color has-vivid-red-color\">3.2 Balan\u00e7o patrimonial.<\/span><\/strong><\/td><td><strong><span class=\"has-inline-color has-vivid-red-color\">11,24%<\/span><\/strong><\/td><\/tr><tr><td><strong><span class=\"has-inline-color has-vivid-red-color\">26 Receitas de vendas de produtos e servi\u00e7os.<br \/>28 Despesas e outros resultados das opera\u00e7\u00f5es continuadas.<\/span><\/strong><\/td><td><strong><span class=\"has-inline-color has-vivid-red-color\">11,24%<\/span><\/strong><\/td><\/tr><tr><td><strong><span class=\"has-inline-color has-vivid-red-color\">32 An\u00e1lise econ\u00f4mico-financeira.<\/span><\/strong><\/td><td><strong><span class=\"has-inline-color has-vivid-red-color\">11,24%<\/span><\/strong><\/td><\/tr><tr><td><strong><span class=\"has-inline-color has-luminous-vivid-orange-color\">3.1 Demonstra\u00e7\u00e3o dos fluxos de caixa (m\u00e9todos direto e indireto).<\/span><\/strong><\/td><td><strong><span class=\"has-inline-color has-luminous-vivid-orange-color\">6,74%<\/span><\/strong><\/td><\/tr><tr><td><strong><span class=\"has-inline-color has-luminous-vivid-orange-color\">3.3 Demonstra\u00e7\u00e3o do resultado do exerc\u00edcio.<\/span><\/strong><\/td><td><strong><span class=\"has-inline-color has-luminous-vivid-orange-color\">6,74%<\/span><\/strong><\/td><\/tr><tr><td><strong><span class=\"has-inline-color has-luminous-vivid-orange-color\">3.4 Demonstra\u00e7\u00e3o do valor adicionado.<\/span><\/strong><\/td><td><strong><span class=\"has-inline-color has-luminous-vivid-orange-color\">6,74%<\/span><\/strong><\/td><\/tr><tr><td><strong><span class=\"has-inline-color has-luminous-vivid-orange-color\">21 Patrim\u00f4nio L\u00edquido.<\/span><\/strong><\/td><td><strong><span class=\"has-inline-color has-luminous-vivid-orange-color\">6,74%<\/span><\/strong><\/td><\/tr><tr><td><strong><span class=\"has-inline-color has-luminous-vivid-amber-color\">4 Estrutura Conceitual para Elabora\u00e7\u00e3o e Divulga\u00e7\u00e3o de Relat\u00f3rio Cont\u00e1bil-Financeiro.<\/span><\/strong><\/td><td><strong><span class=\"has-inline-color has-luminous-vivid-amber-color\">5,62%<\/span><\/strong><\/td><\/tr><tr><td><strong><span class=\"has-inline-color has-luminous-vivid-amber-color\">15 Ativos intang\u00edveis.<\/span><\/strong><\/td><td><strong><span class=\"has-inline-color has-luminous-vivid-amber-color\">5,62%<\/span><\/strong><\/td><\/tr><tr><td><strong><span class=\"has-inline-color has-luminous-vivid-amber-color\">20 Provis\u00f5es, passivos contingentes e ativos contingentes.<\/span><\/strong><\/td><td><strong><span class=\"has-inline-color has-luminous-vivid-amber-color\">5,62%<\/span><\/strong><\/td><\/tr><tr><td>3.5 Demonstra\u00e7\u00e3o das Muta\u00e7\u00f5es do Patrim\u00f4nio L\u00edquido.<\/td><td>3,37%<\/td><\/tr><tr><td>30 Consolida\u00e7\u00e3o das demonstra\u00e7\u00f5es cont\u00e1beis e demonstra\u00e7\u00f5es separadas.<\/td><td>3,37%<\/td><\/tr><tr><td>8 Despesas antecipadas.<\/td><td>2,25%<\/td><\/tr><tr><td>14 Ativo Imobilizado.<\/td><td>2,25%<\/td><\/tr><tr><td>16 Redu\u00e7\u00e3o ao valor recuper\u00e1vel de ativos.<\/td><td>2,25%<\/td><\/tr><tr><td>23 Combina\u00e7\u00e3o de neg\u00f3cios, fus\u00e3o, incorpora\u00e7\u00e3o e cis\u00e3o.<\/td><td>2,25%<\/td><\/tr><tr><td>11 Mensura\u00e7\u00e3o do valor justo.<\/td><td>1,12%<\/td><\/tr><tr><td>13 Contabiliza\u00e7\u00e3o de investimentos em coligadas e controladas.<\/td><td>1,12%<\/td><\/tr><tr><td>17 Passivo exig\u00edvel.<\/td><td>1,12%<\/td><\/tr><tr><td>18 Fornecedores, obriga\u00e7\u00f5es fiscais e outras obriga\u00e7\u00f5es.<\/td><td>1,12%<\/td><\/tr><tr><td>22 Arrendamento mercantil.<\/td><td>1,12%<\/td><\/tr><tr><td>29 Transa\u00e7\u00f5es entre partes relacionadas.<\/td><td>1,12%<\/td><\/tr><tr><td>3 Elabora\u00e7\u00e3o de demonstra\u00e7\u00f5es cont\u00e1beis pela legisla\u00e7\u00e3o societ\u00e1ria e pelos pronunciamentos t\u00e9cnicos do Comit\u00ea de Pronunciamentos Cont\u00e1beis (CPC).<\/td><td>0,00%<\/td><\/tr><tr><td>3.6 Demonstra\u00e7\u00e3o de Lucros ou Preju\u00edzos Acumulados.<\/td><td>0,00%<\/td><\/tr><tr><td>3.7 Demonstra\u00e7\u00e3o do Resultado Abrangente.<\/td><td>0,00%<\/td><\/tr><tr><td>3.8 Notas Explicativas.<\/td><td>0,00%<\/td><\/tr><tr><td>5 Disponibilidades \u2013 caixa e equivalentes de caixa.<\/td><td>0,00%<\/td><\/tr><tr><td>6 Contas a receber.<\/td><td>0,00%<\/td><\/tr><tr><td>9 Realiz\u00e1vel a longo prazo (n\u00e3o circulante).<\/td><td>0,00%<\/td><\/tr><tr><td>10 Instrumentos financeiros.<\/td><td>0,00%<\/td><\/tr><tr><td>12 Propriedades para investimento.<\/td><td>0,00%<\/td><\/tr><tr><td>19 Empr\u00e9stimos e financiamentos, deb\u00eantures e outros t\u00edtulos de d\u00edvida.<\/td><td>0,00%<\/td><\/tr><tr><td>24 Concess\u00f5es.<\/td><td>0,00%<\/td><\/tr><tr><td>25 Pol\u00edticas cont\u00e1beis, mudan\u00e7a de estimativas, retifica\u00e7\u00e3o de erros e eventos subsequentes.<\/td><td>0,00%<\/td><\/tr><tr><td>31 Corre\u00e7\u00e3o integral das demonstra\u00e7\u00f5es cont\u00e1beis.<\/td><td>0,00%<\/td><\/tr><\/tbody><\/table><\/figure>\n\n\n\n<p>Os itens ressaltados <strong><span class=\"has-inline-color has-vivid-red-color\">retratam 77,54%<\/span><\/strong> dos pontos em Contabilidade.<\/p>\n\n\n\n<h4 class=\"wp-block-heading\">Contabilidade de custos<\/h4>\n\n\n\n<p>Enquanto a Contabilidade de Custos:<\/p>\n\n\n\n<figure class=\"wp-block-table is-style-stripes\"><table class=\"has-background\" style=\"background-color:#e7f5fe\"><tbody><tr><td><strong>Assunto<\/strong><\/td><td><strong>Incid\u00eancia<\/strong><\/td><\/tr><tr><td><strong><span class=\"has-inline-color has-vivid-red-color\">27.1 Custeio real por absor\u00e7\u00e3o.<\/span><\/strong><\/td><td><strong><span class=\"has-inline-color has-vivid-red-color\">45,16%<\/span><\/strong><\/td><\/tr><tr><td><strong><span class=\"has-inline-color has-luminous-vivid-orange-color\">27.8 Estudo da rela\u00e7\u00e3o custo versus volume versus lucro.<\/span><\/strong><\/td><td><strong><span class=\"has-inline-color has-luminous-vivid-orange-color\">16,13%<\/span><\/strong><\/td><\/tr><tr><td><strong><span class=\"has-inline-color has-luminous-vivid-amber-color\">27.2 Custeio direto (ou custeio vari\u00e1vel).<\/span><\/strong><\/td><td><strong><span class=\"has-inline-color has-luminous-vivid-amber-color\">9,68%<\/span><\/strong><\/td><\/tr><tr><td><strong><span class=\"has-inline-color has-luminous-vivid-amber-color\">27.3 Custo-padr\u00e3o.<\/span><\/strong><\/td><td><strong><span class=\"has-inline-color has-luminous-vivid-amber-color\">9,68%<\/span><\/strong><\/td><\/tr><tr><td><strong><span class=\"has-inline-color has-luminous-vivid-amber-color\">27.6 Custos para tomada de decis\u00f5es.<\/span><\/strong><\/td><td><strong><span class=\"has-inline-color has-luminous-vivid-amber-color\">9,68%<\/span><\/strong><\/td><\/tr><tr><td>27.5 RKW.<\/td><td>6,45%<\/td><\/tr><tr><td>27.4 Custeio baseado em atividades.<\/td><td>3,23%<\/td><\/tr><tr><td>27.7 Sistemas de custos e informa\u00e7\u00f5es gerenciais.<\/td><td>0,00%<\/td><\/tr><\/tbody><\/table><\/figure>\n\n\n\n<p>Os itens ressaltados <strong>retratam mais de 90%<\/strong> dos pontos em Contabilidade de Custos.<\/p>\n\n\n\n<h3 class=\"wp-block-heading\">P2 &#8211; Inform\u00e1tica<\/h3>\n\n\n\n<p>Os assuntos mais cobrados em inform\u00e1tica \/T.I s\u00e3o:<\/p>\n\n\n\n<figure class=\"wp-block-table is-style-stripes\"><table class=\"has-background\" style=\"background-color:#e7f5fe\"><tbody><tr><td><strong>Assunto<\/strong><\/td><td><strong>Incid\u00eancia<\/strong><\/td><\/tr><tr><td><span class=\"has-inline-color has-vivid-red-color\"><strong>2 Banco de dados relacionais.<\/strong><\/span><\/td><td><strong><span class=\"has-inline-color has-vivid-red-color\">46,67%<\/span><\/strong><\/td><\/tr><tr><td><strong><span class=\"has-inline-color has-luminous-vivid-orange-color\">7 Lei n\u00ba 12.527\/2011 e suas altera\u00e7\u00f5es (Lei de Acesso \u00e0 Informa\u00e7\u00e3o).<\/span><\/strong><\/td><td><strong><span class=\"has-inline-color has-luminous-vivid-orange-color\">33,33%<\/span><\/strong><\/td><\/tr><tr><td><strong><span class=\"has-inline-color has-luminous-vivid-amber-color\">3 No\u00e7\u00f5es de modelagem dimensional.<\/span><\/strong><\/td><td><span class=\"has-inline-color has-luminous-vivid-amber-color\"><strong>20,00%<\/strong><\/span><\/td><\/tr><tr><td>1 Dado, informa\u00e7\u00e3o, conhecimento e intelig\u00eancia.<\/td><td>0,00%<\/td><\/tr><tr><td>4 No\u00e7\u00f5es de minera\u00e7\u00e3o de dados.<\/td><td>0,00%<\/td><\/tr><tr><td>5 No\u00e7\u00f5es de Big Data.<br \/>6 Visualiza\u00e7\u00e3o e an\u00e1lise explorat\u00f3ria de dados.<\/td><td>0,00%<\/td><\/tr><\/tbody><\/table><\/figure>\n\n\n\n<p>Perceba que existe uma predomin\u00e2ncia de alguns assuntos, por\u00e9m como o edital est\u00e1 enxuto, se comparado com outros editais, a tend\u00eancia \u00e9 que exista uma maior distribui\u00e7\u00e3o entre os assuntos.<\/p>\n\n\n\n<h4 class=\"wp-block-heading\">Inform\u00e1tica &#8211; Itens que merecem aten\u00e7\u00e3o<\/h4>\n\n\n\n<ul class=\"wp-block-list\">\n<li>5 No\u00e7\u00f5es de Big Data.<\/li>\n\n\n\n<li>6 Visualiza\u00e7\u00e3o e an\u00e1lise explorat\u00f3ria de dados.<\/li>\n<\/ul>\n\n\n\n<h3 class=\"wp-block-heading\">P2 &#8211; Direito Civil e Empresarial<\/h3>\n\n\n\n<h4 class=\"wp-block-heading\">Direito Civil<\/h4>\n\n\n\n<p>No Direito Civil temos que:<\/p>\n\n\n\n<figure class=\"wp-block-table is-style-stripes\"><table class=\"has-background\" style=\"background-color:#e7f5fe\"><tbody><tr><td><strong>Assunto<\/strong><\/td><td><strong>Incid\u00eancia<\/strong><\/td><\/tr><tr><td><strong><span class=\"has-inline-color has-vivid-red-color\">7 Prescri\u00e7\u00e3o.<br \/>8 Decad\u00eancia.<\/span><\/strong><\/td><td><strong><span class=\"has-inline-color has-vivid-red-color\">18,75%<\/span><\/strong><\/td><\/tr><tr><td><strong><span class=\"has-inline-color has-luminous-vivid-orange-color\">3 Pessoas jur\u00eddicas.<\/span><\/strong><\/td><td><strong><span class=\"has-inline-color has-luminous-vivid-orange-color\">12,50%<\/span><\/strong><\/td><\/tr><tr><td><strong><span class=\"has-inline-color has-luminous-vivid-orange-color\">4 Bens im\u00f3veis, m\u00f3veis e p\u00fablicos.<\/span><\/strong><\/td><td><strong><span class=\"has-inline-color has-luminous-vivid-orange-color\">12,50%<\/span><\/strong><\/td><\/tr><tr><td><strong><span class=\"has-inline-color has-luminous-vivid-orange-color\">5 Fato jur\u00eddico.<br \/>6 Neg\u00f3cio jur\u00eddico.<\/span><\/strong><\/td><td><strong><span class=\"has-inline-color has-luminous-vivid-orange-color\">12,50%<\/span><\/strong><\/td><\/tr><tr><td><strong><span class=\"has-inline-color has-luminous-vivid-orange-color\">13 Contratos.<\/span><\/strong><\/td><td><strong><span class=\"has-inline-color has-luminous-vivid-orange-color\">12,50%<\/span><\/strong><\/td><\/tr><tr><td><strong><span class=\"has-inline-color has-luminous-vivid-amber-color\">1 Lei de introdu\u00e7\u00e3o \u00e0s normas do direito brasileiro.<\/span><\/strong><\/td><td><strong><span class=\"has-inline-color has-luminous-vivid-amber-color\">6,25%<\/span><\/strong><\/td><\/tr><tr><td><strong><span class=\"has-inline-color has-luminous-vivid-amber-color\">2 Pessoas naturais.<\/span><\/strong><\/td><td><strong><span class=\"has-inline-color has-luminous-vivid-amber-color\">6,25%<\/span><\/strong><\/td><\/tr><tr><td><strong><span class=\"has-inline-color has-luminous-vivid-amber-color\">12 Obriga\u00e7\u00f5es.<\/span><\/strong><\/td><td><strong><span class=\"has-inline-color has-luminous-vivid-amber-color\">6,25%<\/span><\/strong><\/td><\/tr><tr><td><strong><span class=\"has-inline-color has-luminous-vivid-amber-color\">15 Cooperativas.<\/span><\/strong><\/td><td><strong><span class=\"has-inline-color has-luminous-vivid-amber-color\">6,25%<\/span><\/strong><\/td><\/tr><tr><td>17 Sucess\u00e3o leg\u00edtima.<br \/>18 Sucess\u00e3o testament\u00e1ria.<br \/>19 Heran\u00e7a.<br \/>20 Invent\u00e1rio e partilha.<\/td><td>6,25%<\/td><\/tr><tr><td>10 Posse.<\/td><td>0,00%<\/td><\/tr><tr><td>11 Direitos reais sobre a coisa alheia.<\/td><td>0,00%<\/td><\/tr><tr><td>14 Aliena\u00e7\u00e3o fiduci\u00e1ria em garantia.<\/td><td>0,00%<\/td><\/tr><tr><td>16 Casamento.<\/td><td>0,00%<\/td><\/tr><\/tbody><\/table><\/figure>\n\n\n\n<p>Os assuntos em destaque <strong><span class=\"has-inline-color has-vivid-red-color\">representam 93,75%<\/span><\/strong>. <\/p>\n\n\n\n<h4 class=\"wp-block-heading\">Direito Empresarial<\/h4>\n\n\n\n<p>J\u00e1 no Direito Empresarial temos que:<\/p>\n\n\n\n<figure class=\"wp-block-table is-style-stripes\"><table class=\"has-background\" style=\"background-color:#e7f5fe\"><tbody><tr><td><strong>Assunto<\/strong><\/td><td><strong>Incid\u00eancia<\/strong><\/td><\/tr><tr><td><strong><span class=\"has-inline-color has-vivid-red-color\">3 Direito societ\u00e1rio.<\/span><\/strong><\/td><td><strong><span class=\"has-inline-color has-vivid-red-color\">55,56%<\/span><\/strong><\/td><\/tr><tr><td><strong><span class=\"has-inline-color has-luminous-vivid-orange-color\">1 Direito empresarial.<\/span><\/strong><\/td><td><strong><span class=\"has-inline-color has-luminous-vivid-orange-color\">22,22%<\/span><\/strong><\/td><\/tr><tr><td><strong><span class=\"has-inline-color has-luminous-vivid-amber-color\">5 Direito falimentar.<\/span><\/strong><\/td><td><strong><span class=\"has-inline-color has-luminous-vivid-amber-color\">16,67%<\/span><\/strong><\/td><\/tr><tr><td>2 T\u00edtulos de cr\u00e9dito.<\/td><td>5,56%<\/td><\/tr><tr><td>4 Contratos mercantis.<\/td><td>0,00%<\/td><\/tr><tr><td>6 O com\u00e9rcio eletr\u00f4nico.<\/td><td>0,00%<\/td><\/tr><\/tbody><\/table><\/figure>\n\n\n\n<p>Temos que tr\u00eas assuntos <strong><span class=\"has-inline-color has-vivid-red-color\">englobam 94,45%<\/span><\/strong> da pontua\u00e7\u00e3o, destaque especial para o Direito Societ\u00e1rio.<\/p>\n\n\n\n<h3 class=\"wp-block-heading\">P2 &#8211; Direito Tribut\u00e1rio<\/h3>\n\n\n\n<p>Os assuntos mais cobrados em Direito Tribut\u00e1rio s\u00e3o:<\/p>\n\n\n\n<figure class=\"wp-block-table is-style-stripes\"><table class=\"has-background\" style=\"background-color:#e7f5fe\"><tbody><tr><td><strong>Assunto<\/strong><\/td><td><strong>Incid\u00eancia<\/strong><\/td><\/tr><tr><td><strong><span class=\"has-inline-color has-vivid-red-color\">1 Sistema Tribut\u00e1rio Nacional.<\/span><\/strong><\/td><td><strong><span class=\"has-inline-color has-vivid-red-color\">19,28%<\/span><\/strong><\/td><\/tr><tr><td><strong><span class=\"has-inline-color has-vivid-red-color\">8 Obriga\u00e7\u00e3o Tribut\u00e1ria.<\/span><\/strong><\/td><td><strong><span class=\"has-inline-color has-vivid-red-color\">16,87%<\/span><\/strong><\/td><\/tr><tr><td><strong><span class=\"has-inline-color has-luminous-vivid-orange-color\">2 Tributos.<\/span><\/strong><\/td><td><strong><span class=\"has-inline-color has-luminous-vivid-orange-color\">13,25%<\/span><\/strong><\/td><\/tr><tr><td><strong><span class=\"has-inline-color has-luminous-vivid-orange-color\">10 Administra\u00e7\u00e3o Tribut\u00e1ria.<\/span><\/strong><\/td><td><strong><span class=\"has-inline-color has-luminous-vivid-orange-color\">13,25%<\/span><\/strong><\/td><\/tr><tr><td><strong><span class=\"has-inline-color has-luminous-vivid-amber-color\">9 Cr\u00e9dito Tribut\u00e1rio.<\/span><\/strong><\/td><td><strong><span class=\"has-inline-color has-luminous-vivid-amber-color\">10,84%<\/span><\/strong><\/td><\/tr><tr><td><strong><span class=\"has-inline-color has-luminous-vivid-amber-color\">7 Legisla\u00e7\u00e3o Tribut\u00e1ria.<\/span><\/strong><\/td><td><strong><span class=\"has-inline-color has-luminous-vivid-amber-color\">8,43%<\/span><\/strong><\/td><\/tr><tr><td>4 Impostos de Compet\u00eancia dos Estados.<\/td><td>6,02%<\/td><\/tr><tr><td>11 Simples Nacional &#8211; Lei Complementar n\u00ba 123\/2006.<\/td><td>6,02%<\/td><\/tr><tr><td>6 Reparti\u00e7\u00e3o das Receitas Tribut\u00e1rias.<\/td><td>3,61%<\/td><\/tr><tr><td>3 Impostos de Compet\u00eancia da Uni\u00e3o.<\/td><td>1,20%<\/td><\/tr><tr><td>12 Cobran\u00e7a Judicial da D\u00edvida Ativa &#8211; Lei Federal n\u00ba 6.830\/1980.<\/td><td>1,20%<\/td><\/tr><tr><td>5 Impostos de Compet\u00eancia dos Munic\u00edpios.<\/td><td>0,00%<\/td><\/tr><\/tbody><\/table><\/figure>\n\n\n\n<p>Os itens destacados <strong><span class=\"has-inline-color has-vivid-red-color\">retratam quase 82%<\/span><\/strong> dos pontos em Direito Tribut\u00e1rio.<\/p>\n\n\n\n<h4 class=\"wp-block-heading\">Direito Tribut\u00e1rio &#8211; Itens que merecem aten\u00e7\u00e3o<\/h4>\n\n\n\n<p>A cobran\u00e7a Judicial de D\u00edvida Ativa \u00e9 um tema comum nas provas da Procuradoria, por exemplo, mas n\u00e3o na \u00e1rea fiscal.<\/p>\n\n\n\n<ul class=\"wp-block-list\">\n<li>12 Cobran\u00e7a Judicial da D\u00edvida Ativa &#8211; Lei Federal n\u00ba 6.830\/1980.<\/li>\n<\/ul>\n\n\n\n<h2 class=\"wp-block-heading\">Considera\u00e7\u00f5es Finais<\/h2>\n\n\n\n<p>Pessoal, espero que tenham gostado do artigo sobre a An\u00e1lise estat\u00edstica do ISS Aracaju e que ele os ajude na elabora\u00e7\u00e3o da melhor estrat\u00e9gia de prova.<\/p>\n\n\n\n<p>Muitas mat\u00e9rias abordam temas bem espec\u00edficos, como vimos, assim \u00e9 necess\u00e1rio se preparar com os melhores materiais do mercado. N\u00e3o deixe de conferir a promo\u00e7\u00e3o p\u00f3s edital para o concurso ISS Aracaju.<\/p>\n\n\n\n<p class=\"has-text-align-center\"><a href=\"https:\/\/www.estrategiaconcursos.com.br\/curso\/promocao-pacote-completo-p-iss-aracaju-se-auditor-de-tributos-geral-pos-edital\/\">Promo\u00e7\u00e3o &#8211; Pacote Completo p\/ ISS-Aracaju\/SE (Auditor de Tributos &#8211; Geral) &#8211; P\u00f3s-Edital<\/a><\/p>\n\n\n\n<p>At\u00e9 a pr\u00f3xima e bons estudos.<\/p>\n\n\n\n<p class=\"has-text-align-center\"><a href=\"https:\/\/instagram.com\/resumospassarin\">https:\/\/instagram.com\/resumospassarin<\/a><\/p>\n\n\n\n<h2 class=\"has-text-align-center wp-block-heading\" id=\"cursos\"><em>Quer estudar para o concurso ISS Aracaju?<\/em><\/h2>\n\n\n\n<p class=\"has-text-align-center\"><em>Gostou desta oportunidade e deseja se preparar? Ent\u00e3o, confira nossos cursos exclusivos para o ISS Aracaju e inicie agora mesmo sua prepara\u00e7\u00e3o:<\/em><\/p>\n\n\n\n<p class=\"has-text-align-center has-luminous-vivid-amber-background-color has-background\"><a rel=\"noreferrer noopener\" href=\"https:\/\/www.estrategiaconcursos.com.br\/cursosPorConcurso\/iss-aracaju-se\/\" target=\"_blank\"><strong>CURSO ISS ARACAJU<\/strong><\/a><\/p>\n\n\n\n<p class=\"has-text-align-center\"><em><strong>Assinatura Anual Ilimitada*<\/strong><\/em><\/p>\n\n\n\n<p class=\"has-text-align-center\"><em>Prepare-se com o melhor material e com quem mais aprova em Concursos P\u00fablicos em todo o pa\u00eds. Portanto, adquira a Assinatura Anual e tenha acesso ilimitado* a todos os nossos cursos.<\/em><\/p>\n\n\n\n<p class=\"has-text-align-center has-light-green-cyan-background-color has-background\"><strong>ADQUIRA AGORA<\/strong>&nbsp;\u2013&nbsp;<strong><a rel=\"noreferrer noopener\" href=\"https:\/\/www.estrategiaconcursos.com.br\/assinaturas\" target=\"_blank\">Assinatura Ilimitada<\/a><\/strong><\/p>\n\n\n\n<p class=\"has-text-align-center\"><strong><em><strong>Sistema de Quest\u00f5es<\/strong><\/em><\/strong><\/p>\n\n\n\n<p class=\"has-text-align-center\"><em>Estrat\u00e9gia Quest\u00f5es nasceu maior do que todos os concorrentes, com mais quest\u00f5es cadastradas e mais solu\u00e7\u00f5es por professores. Clique no link e aproveite os descontos e b\u00f4nus imperd\u00edveis!<\/em><\/p>\n\n\n\n<p class=\"has-text-align-center has-vivid-green-cyan-background-color has-background\"><strong><a rel=\"noreferrer noopener\" href=\"https:\/\/www.estrategiaconcursos.com.br\/cursosPorConcurso\/sistema-de-questoes\/#\/\" target=\"_blank\">Sistema de Quest\u00f5es<\/a><\/strong><\/p>\n\n\n\n<p class=\"has-text-align-center\"><strong><em>Confira os concursos com editais em aberto<\/em><\/strong><\/p>\n\n\n\n<p class=\"has-text-align-center has-pale-cyan-blue-background-color has-background\"><a rel=\"noreferrer noopener\" href=\"https:\/\/www.estrategiaconcursos.com.br\/blog\/concursos-abertos\/\" target=\"_blank\"><strong>CONCURSOS ABERTOS<\/strong><\/a><\/p>\n\n\n\n<p class=\"has-text-align-center\"><strong><em>As oportunidades previstas<\/em><\/strong><\/p>\n\n\n\n<p class=\"has-text-align-center has-pale-cyan-blue-background-color has-background\"><strong><a rel=\"noreferrer noopener\" href=\"https:\/\/www.estrategiaconcursos.com.br\/blog\/concursos-2020\/\" target=\"_blank\">CONCURSOS 2020<\/a><\/strong><\/p>\n\n\n\n<p class=\"has-text-align-center has-pale-cyan-blue-background-color has-background\"><a rel=\"noreferrer noopener\" href=\"https:\/\/www.estrategiaconcursos.com.br\/blog\/concursos-2021\/\" target=\"_blank\"><strong>CONCURSOS 2021<\/strong><\/a><\/p>\n\n\n\n<p class=\"has-text-align-center has-pale-cyan-blue-background-color has-background\"><a rel=\"noreferrer noopener\" href=\"https:\/\/www.estrategiaconcursos.com.br\/blog\/concursos-fiscais-2020\/\" target=\"_blank\"><strong>\u00c1REA FISCAL<\/strong><\/a><\/p>\n","protected":false},"excerpt":{"rendered":"<p>Ol\u00e1, pessoal! No artigo de hoje abordaremos a An\u00e1lise estat\u00edstica do ISS Aracaju. Nossa an\u00e1lise ser\u00e1 feita a partir das \u00faltimas provas de concurso para \u00e1rea fiscal da banca Cespe\/Cebraspe. Antes de veremos a An\u00e1lise estat\u00edstica do ISS Aracaju, n\u00e3o deixe de conferir a an\u00e1lise do edital realizada pelo Prof. Eduardo da Rocha. Concurso ISS [&hellip;]<\/p>\n","protected":false},"author":1763,"featured_media":556980,"comment_status":"open","ping_status":"closed","sticky":false,"template":"","format":"standard","meta":{"post_tipo":"article","footnotes":""},"categories":[1,1983],"tags":[],"tax_estado":[219988],"class_list":["post-556227","post","type-post","status-publish","format-standard","has-post-thumbnail","hentry","category-cursos-e-concursos","category-fiscal-estadual","tax_estado-se"],"acf":[],"yoast_head":"<!-- This site is optimized with the Yoast SEO Premium plugin v27.2 (Yoast SEO v27.2) - https:\/\/yoast.com\/product\/yoast-seo-premium-wordpress\/ -->\n<title>An\u00e1lise estat\u00edstica do ISS Aracaju - Assuntos mais cobrados<\/title>\n<meta name=\"description\" content=\"Veja nesse artigo a an\u00e1lise estat\u00edstica do ISS Aracaju, apontando quais os assuntos mais cobrados pelo Cespe na \u00e1rea fical.\" \/>\n<meta name=\"robots\" content=\"index, follow, max-snippet:-1, max-image-preview:large, max-video-preview:-1\" \/>\n<link rel=\"canonical\" href=\"https:\/\/www.estrategiaconcursos.com.br\/blog\/analise-estatisticas-do-iss-aracaju\/\" \/>\n<meta property=\"og:locale\" content=\"pt_BR\" \/>\n<meta property=\"og:type\" content=\"article\" \/>\n<meta property=\"og:title\" content=\"An\u00e1lise estat\u00edstica do ISS Aracaju - Assuntos mais cobrados\" \/>\n<meta property=\"og:description\" content=\"Veja nesse artigo a an\u00e1lise estat\u00edstica do ISS Aracaju, apontando quais os assuntos mais cobrados pelo Cespe na \u00e1rea fical.\" \/>\n<meta property=\"og:url\" content=\"https:\/\/www.estrategiaconcursos.com.br\/blog\/analise-estatisticas-do-iss-aracaju\/\" \/>\n<meta property=\"og:site_name\" content=\"Estrat\u00e9gia Concursos\" \/>\n<meta property=\"article:published_time\" content=\"2020-08-22T13:00:00+00:00\" \/>\n<meta property=\"article:modified_time\" content=\"2023-02-01T16:38:10+00:00\" \/>\n<meta property=\"og:image\" content=\"https:\/\/dhg1h5j42swfq.cloudfront.net\/2020\/08\/17170317\/aracaju.jpg\" \/>\n\t<meta property=\"og:image:width\" content=\"203\" \/>\n\t<meta property=\"og:image:height\" content=\"256\" \/>\n\t<meta property=\"og:image:type\" content=\"image\/jpeg\" \/>\n<meta name=\"author\" content=\"Leonardo Menezes Passarin\" \/>\n<meta name=\"twitter:card\" content=\"summary_large_image\" \/>\n<meta name=\"twitter:creator\" content=\"@EstratConcursos\" \/>\n<meta name=\"twitter:site\" content=\"@EstratConcursos\" \/>\n<meta name=\"twitter:label1\" content=\"Escrito por\" \/>\n\t<meta name=\"twitter:data1\" content=\"Leonardo Menezes Passarin\" \/>\n\t<meta name=\"twitter:label2\" content=\"Est. tempo de leitura\" \/>\n\t<meta name=\"twitter:data2\" content=\"11 minutos\" \/>\n<script type=\"application\/ld+json\" class=\"yoast-schema-graph\">{\"@context\":\"https:\/\/schema.org\",\"@graph\":[{\"@type\":\"NewsArticle\",\"@id\":\"https:\/\/www.estrategiaconcursos.com.br\/blog\/analise-estatisticas-do-iss-aracaju\/#article\",\"isPartOf\":{\"@id\":\"https:\/\/www.estrategiaconcursos.com.br\/blog\/analise-estatisticas-do-iss-aracaju\/\"},\"author\":{\"name\":\"Leonardo Menezes Passarin\",\"@id\":\"https:\/\/www.estrategiaconcursos.com.br\/blog\/#\/schema\/person\/245b44e43eb13f0dbd04a7a078cd0d0d\"},\"headline\":\"An\u00e1lise estat\u00edstica do ISS Aracaju &#8211; Assuntos mais cobrados\",\"datePublished\":\"2020-08-22T13:00:00+00:00\",\"dateModified\":\"2023-02-01T16:38:10+00:00\",\"mainEntityOfPage\":{\"@id\":\"https:\/\/www.estrategiaconcursos.com.br\/blog\/analise-estatisticas-do-iss-aracaju\/\"},\"wordCount\":2295,\"commentCount\":0,\"publisher\":{\"@id\":\"https:\/\/www.estrategiaconcursos.com.br\/blog\/#organization\"},\"image\":{\"@id\":\"https:\/\/www.estrategiaconcursos.com.br\/blog\/analise-estatisticas-do-iss-aracaju\/#primaryimage\"},\"thumbnailUrl\":\"https:\/\/dhg1h5j42swfq.cloudfront.net\/2020\/08\/17170317\/aracaju.jpg\",\"articleSection\":[\"Concursos P\u00fablicos\",\"Fiscal - Estadual (ICMS)\"],\"inLanguage\":\"pt-BR\",\"potentialAction\":[{\"@type\":\"CommentAction\",\"name\":\"Comment\",\"target\":[\"https:\/\/www.estrategiaconcursos.com.br\/blog\/analise-estatisticas-do-iss-aracaju\/#respond\"]}],\"copyrightYear\":\"2020\",\"copyrightHolder\":{\"@id\":\"https:\/\/www.estrategiaconcursos.com.br\/blog\/#organization\"}},{\"@type\":\"WebPage\",\"@id\":\"https:\/\/www.estrategiaconcursos.com.br\/blog\/analise-estatisticas-do-iss-aracaju\/\",\"url\":\"https:\/\/www.estrategiaconcursos.com.br\/blog\/analise-estatisticas-do-iss-aracaju\/\",\"name\":\"An\u00e1lise estat\u00edstica do ISS Aracaju - Assuntos mais cobrados\",\"isPartOf\":{\"@id\":\"https:\/\/www.estrategiaconcursos.com.br\/blog\/#website\"},\"primaryImageOfPage\":{\"@id\":\"https:\/\/www.estrategiaconcursos.com.br\/blog\/analise-estatisticas-do-iss-aracaju\/#primaryimage\"},\"image\":{\"@id\":\"https:\/\/www.estrategiaconcursos.com.br\/blog\/analise-estatisticas-do-iss-aracaju\/#primaryimage\"},\"thumbnailUrl\":\"https:\/\/dhg1h5j42swfq.cloudfront.net\/2020\/08\/17170317\/aracaju.jpg\",\"datePublished\":\"2020-08-22T13:00:00+00:00\",\"dateModified\":\"2023-02-01T16:38:10+00:00\",\"description\":\"Veja nesse artigo a an\u00e1lise estat\u00edstica do ISS Aracaju, apontando quais os assuntos mais cobrados pelo Cespe na \u00e1rea fical.\",\"breadcrumb\":{\"@id\":\"https:\/\/www.estrategiaconcursos.com.br\/blog\/analise-estatisticas-do-iss-aracaju\/#breadcrumb\"},\"inLanguage\":\"pt-BR\",\"potentialAction\":[{\"@type\":\"ReadAction\",\"target\":[\"https:\/\/www.estrategiaconcursos.com.br\/blog\/analise-estatisticas-do-iss-aracaju\/\"]}]},{\"@type\":\"ImageObject\",\"inLanguage\":\"pt-BR\",\"@id\":\"https:\/\/www.estrategiaconcursos.com.br\/blog\/analise-estatisticas-do-iss-aracaju\/#primaryimage\",\"url\":\"https:\/\/dhg1h5j42swfq.cloudfront.net\/2020\/08\/17170317\/aracaju.jpg\",\"contentUrl\":\"https:\/\/dhg1h5j42swfq.cloudfront.net\/2020\/08\/17170317\/aracaju.jpg\",\"width\":203,\"height\":256},{\"@type\":\"BreadcrumbList\",\"@id\":\"https:\/\/www.estrategiaconcursos.com.br\/blog\/analise-estatisticas-do-iss-aracaju\/#breadcrumb\",\"itemListElement\":[{\"@type\":\"ListItem\",\"position\":1,\"name\":\"In\u00edcio\",\"item\":\"https:\/\/www.estrategiaconcursos.com.br\/blog\/\"},{\"@type\":\"ListItem\",\"position\":2,\"name\":\"An\u00e1lise estat\u00edstica do ISS Aracaju &#8211; Assuntos mais cobrados\"}]},{\"@type\":\"WebSite\",\"@id\":\"https:\/\/www.estrategiaconcursos.com.br\/blog\/#website\",\"url\":\"https:\/\/www.estrategiaconcursos.com.br\/blog\/\",\"name\":\"Estrat\u00e9gia Concursos\",\"description\":\"O blog da Estrat\u00e9gia Concursos traz not\u00edcias sobre concursos e artigos de professores oferecendo cursos para concursos (pdf + videaulas) no site.\",\"publisher\":{\"@id\":\"https:\/\/www.estrategiaconcursos.com.br\/blog\/#organization\"},\"potentialAction\":[{\"@type\":\"SearchAction\",\"target\":{\"@type\":\"EntryPoint\",\"urlTemplate\":\"https:\/\/www.estrategiaconcursos.com.br\/blog\/?s={search_term_string}\"},\"query-input\":{\"@type\":\"PropertyValueSpecification\",\"valueRequired\":true,\"valueName\":\"search_term_string\"}}],\"inLanguage\":\"pt-BR\"},{\"@type\":\"Organization\",\"@id\":\"https:\/\/www.estrategiaconcursos.com.br\/blog\/#organization\",\"name\":\"Estrat\u00e9gia Concursos\",\"url\":\"https:\/\/www.estrategiaconcursos.com.br\/blog\/\",\"logo\":{\"@type\":\"ImageObject\",\"inLanguage\":\"pt-BR\",\"@id\":\"https:\/\/www.estrategiaconcursos.com.br\/blog\/#\/schema\/logo\/image\/\",\"url\":\"https:\/\/dhg1h5j42swfq.cloudfront.net\/2025\/06\/03203428\/logo_concursos-1.jpg\",\"contentUrl\":\"https:\/\/dhg1h5j42swfq.cloudfront.net\/2025\/06\/03203428\/logo_concursos-1.jpg\",\"width\":230,\"height\":60,\"caption\":\"Estrat\u00e9gia Concursos\"},\"image\":{\"@id\":\"https:\/\/www.estrategiaconcursos.com.br\/blog\/#\/schema\/logo\/image\/\"},\"sameAs\":[\"https:\/\/x.com\/EstratConcursos\"]},{\"@type\":\"Person\",\"@id\":\"https:\/\/www.estrategiaconcursos.com.br\/blog\/#\/schema\/person\/245b44e43eb13f0dbd04a7a078cd0d0d\",\"name\":\"Leonardo Menezes Passarin\",\"image\":{\"@type\":\"ImageObject\",\"inLanguage\":\"pt-BR\",\"@id\":\"https:\/\/secure.gravatar.com\/avatar\/fc0e5714ceaa97f24e6e6a30eab74ba8a701c2b62f8cab100ffdb22c6d8f42c3?s=96&d=mm&r=g\",\"url\":\"https:\/\/secure.gravatar.com\/avatar\/fc0e5714ceaa97f24e6e6a30eab74ba8a701c2b62f8cab100ffdb22c6d8f42c3?s=96&d=mm&r=g\",\"contentUrl\":\"https:\/\/secure.gravatar.com\/avatar\/fc0e5714ceaa97f24e6e6a30eab74ba8a701c2b62f8cab100ffdb22c6d8f42c3?s=96&d=mm&r=g\",\"caption\":\"Leonardo Menezes Passarin\"},\"url\":\"https:\/\/www.estrategiaconcursos.com.br\/blog\/author\/passarin-leonardohotmail-com\/\"}]}<\/script>\n<!-- \/ Yoast SEO Premium plugin. -->","yoast_head_json":{"title":"An\u00e1lise estat\u00edstica do ISS Aracaju - Assuntos mais cobrados","description":"Veja nesse artigo a an\u00e1lise estat\u00edstica do ISS Aracaju, apontando quais os assuntos mais cobrados pelo Cespe na \u00e1rea fical.","robots":{"index":"index","follow":"follow","max-snippet":"max-snippet:-1","max-image-preview":"max-image-preview:large","max-video-preview":"max-video-preview:-1"},"canonical":"https:\/\/www.estrategiaconcursos.com.br\/blog\/analise-estatisticas-do-iss-aracaju\/","og_locale":"pt_BR","og_type":"article","og_title":"An\u00e1lise estat\u00edstica do ISS Aracaju - Assuntos mais cobrados","og_description":"Veja nesse artigo a an\u00e1lise estat\u00edstica do ISS Aracaju, apontando quais os assuntos mais cobrados pelo Cespe na \u00e1rea fical.","og_url":"https:\/\/www.estrategiaconcursos.com.br\/blog\/analise-estatisticas-do-iss-aracaju\/","og_site_name":"Estrat\u00e9gia Concursos","article_published_time":"2020-08-22T13:00:00+00:00","article_modified_time":"2023-02-01T16:38:10+00:00","og_image":[{"width":203,"height":256,"url":"https:\/\/dhg1h5j42swfq.cloudfront.net\/2020\/08\/17170317\/aracaju.jpg","type":"image\/jpeg"}],"author":"Leonardo Menezes Passarin","twitter_card":"summary_large_image","twitter_creator":"@EstratConcursos","twitter_site":"@EstratConcursos","twitter_misc":{"Escrito por":"Leonardo Menezes Passarin","Est. tempo de leitura":"11 minutos"},"schema":{"@context":"https:\/\/schema.org","@graph":[{"@type":"NewsArticle","@id":"https:\/\/www.estrategiaconcursos.com.br\/blog\/analise-estatisticas-do-iss-aracaju\/#article","isPartOf":{"@id":"https:\/\/www.estrategiaconcursos.com.br\/blog\/analise-estatisticas-do-iss-aracaju\/"},"author":{"name":"Leonardo Menezes Passarin","@id":"https:\/\/www.estrategiaconcursos.com.br\/blog\/#\/schema\/person\/245b44e43eb13f0dbd04a7a078cd0d0d"},"headline":"An\u00e1lise estat\u00edstica do ISS Aracaju &#8211; Assuntos mais cobrados","datePublished":"2020-08-22T13:00:00+00:00","dateModified":"2023-02-01T16:38:10+00:00","mainEntityOfPage":{"@id":"https:\/\/www.estrategiaconcursos.com.br\/blog\/analise-estatisticas-do-iss-aracaju\/"},"wordCount":2295,"commentCount":0,"publisher":{"@id":"https:\/\/www.estrategiaconcursos.com.br\/blog\/#organization"},"image":{"@id":"https:\/\/www.estrategiaconcursos.com.br\/blog\/analise-estatisticas-do-iss-aracaju\/#primaryimage"},"thumbnailUrl":"https:\/\/dhg1h5j42swfq.cloudfront.net\/2020\/08\/17170317\/aracaju.jpg","articleSection":["Concursos P\u00fablicos","Fiscal - Estadual (ICMS)"],"inLanguage":"pt-BR","potentialAction":[{"@type":"CommentAction","name":"Comment","target":["https:\/\/www.estrategiaconcursos.com.br\/blog\/analise-estatisticas-do-iss-aracaju\/#respond"]}],"copyrightYear":"2020","copyrightHolder":{"@id":"https:\/\/www.estrategiaconcursos.com.br\/blog\/#organization"}},{"@type":"WebPage","@id":"https:\/\/www.estrategiaconcursos.com.br\/blog\/analise-estatisticas-do-iss-aracaju\/","url":"https:\/\/www.estrategiaconcursos.com.br\/blog\/analise-estatisticas-do-iss-aracaju\/","name":"An\u00e1lise estat\u00edstica do ISS Aracaju - Assuntos mais cobrados","isPartOf":{"@id":"https:\/\/www.estrategiaconcursos.com.br\/blog\/#website"},"primaryImageOfPage":{"@id":"https:\/\/www.estrategiaconcursos.com.br\/blog\/analise-estatisticas-do-iss-aracaju\/#primaryimage"},"image":{"@id":"https:\/\/www.estrategiaconcursos.com.br\/blog\/analise-estatisticas-do-iss-aracaju\/#primaryimage"},"thumbnailUrl":"https:\/\/dhg1h5j42swfq.cloudfront.net\/2020\/08\/17170317\/aracaju.jpg","datePublished":"2020-08-22T13:00:00+00:00","dateModified":"2023-02-01T16:38:10+00:00","description":"Veja nesse artigo a an\u00e1lise estat\u00edstica do ISS Aracaju, apontando quais os assuntos mais cobrados pelo Cespe na \u00e1rea fical.","breadcrumb":{"@id":"https:\/\/www.estrategiaconcursos.com.br\/blog\/analise-estatisticas-do-iss-aracaju\/#breadcrumb"},"inLanguage":"pt-BR","potentialAction":[{"@type":"ReadAction","target":["https:\/\/www.estrategiaconcursos.com.br\/blog\/analise-estatisticas-do-iss-aracaju\/"]}]},{"@type":"ImageObject","inLanguage":"pt-BR","@id":"https:\/\/www.estrategiaconcursos.com.br\/blog\/analise-estatisticas-do-iss-aracaju\/#primaryimage","url":"https:\/\/dhg1h5j42swfq.cloudfront.net\/2020\/08\/17170317\/aracaju.jpg","contentUrl":"https:\/\/dhg1h5j42swfq.cloudfront.net\/2020\/08\/17170317\/aracaju.jpg","width":203,"height":256},{"@type":"BreadcrumbList","@id":"https:\/\/www.estrategiaconcursos.com.br\/blog\/analise-estatisticas-do-iss-aracaju\/#breadcrumb","itemListElement":[{"@type":"ListItem","position":1,"name":"In\u00edcio","item":"https:\/\/www.estrategiaconcursos.com.br\/blog\/"},{"@type":"ListItem","position":2,"name":"An\u00e1lise estat\u00edstica do ISS Aracaju &#8211; Assuntos mais cobrados"}]},{"@type":"WebSite","@id":"https:\/\/www.estrategiaconcursos.com.br\/blog\/#website","url":"https:\/\/www.estrategiaconcursos.com.br\/blog\/","name":"Estrat\u00e9gia Concursos","description":"O blog da Estrat\u00e9gia Concursos traz not\u00edcias sobre concursos e artigos de professores oferecendo cursos para concursos (pdf + videaulas) no site.","publisher":{"@id":"https:\/\/www.estrategiaconcursos.com.br\/blog\/#organization"},"potentialAction":[{"@type":"SearchAction","target":{"@type":"EntryPoint","urlTemplate":"https:\/\/www.estrategiaconcursos.com.br\/blog\/?s={search_term_string}"},"query-input":{"@type":"PropertyValueSpecification","valueRequired":true,"valueName":"search_term_string"}}],"inLanguage":"pt-BR"},{"@type":"Organization","@id":"https:\/\/www.estrategiaconcursos.com.br\/blog\/#organization","name":"Estrat\u00e9gia Concursos","url":"https:\/\/www.estrategiaconcursos.com.br\/blog\/","logo":{"@type":"ImageObject","inLanguage":"pt-BR","@id":"https:\/\/www.estrategiaconcursos.com.br\/blog\/#\/schema\/logo\/image\/","url":"https:\/\/dhg1h5j42swfq.cloudfront.net\/2025\/06\/03203428\/logo_concursos-1.jpg","contentUrl":"https:\/\/dhg1h5j42swfq.cloudfront.net\/2025\/06\/03203428\/logo_concursos-1.jpg","width":230,"height":60,"caption":"Estrat\u00e9gia Concursos"},"image":{"@id":"https:\/\/www.estrategiaconcursos.com.br\/blog\/#\/schema\/logo\/image\/"},"sameAs":["https:\/\/x.com\/EstratConcursos"]},{"@type":"Person","@id":"https:\/\/www.estrategiaconcursos.com.br\/blog\/#\/schema\/person\/245b44e43eb13f0dbd04a7a078cd0d0d","name":"Leonardo Menezes Passarin","image":{"@type":"ImageObject","inLanguage":"pt-BR","@id":"https:\/\/secure.gravatar.com\/avatar\/fc0e5714ceaa97f24e6e6a30eab74ba8a701c2b62f8cab100ffdb22c6d8f42c3?s=96&d=mm&r=g","url":"https:\/\/secure.gravatar.com\/avatar\/fc0e5714ceaa97f24e6e6a30eab74ba8a701c2b62f8cab100ffdb22c6d8f42c3?s=96&d=mm&r=g","contentUrl":"https:\/\/secure.gravatar.com\/avatar\/fc0e5714ceaa97f24e6e6a30eab74ba8a701c2b62f8cab100ffdb22c6d8f42c3?s=96&d=mm&r=g","caption":"Leonardo Menezes Passarin"},"url":"https:\/\/www.estrategiaconcursos.com.br\/blog\/author\/passarin-leonardohotmail-com\/"}]}},"_links":{"self":[{"href":"https:\/\/www.estrategiaconcursos.com.br\/blog\/wp-json\/wp\/v2\/posts\/556227","targetHints":{"allow":["GET"]}}],"collection":[{"href":"https:\/\/www.estrategiaconcursos.com.br\/blog\/wp-json\/wp\/v2\/posts"}],"about":[{"href":"https:\/\/www.estrategiaconcursos.com.br\/blog\/wp-json\/wp\/v2\/types\/post"}],"author":[{"embeddable":true,"href":"https:\/\/www.estrategiaconcursos.com.br\/blog\/wp-json\/wp\/v2\/users\/1763"}],"replies":[{"embeddable":true,"href":"https:\/\/www.estrategiaconcursos.com.br\/blog\/wp-json\/wp\/v2\/comments?post=556227"}],"version-history":[{"count":13,"href":"https:\/\/www.estrategiaconcursos.com.br\/blog\/wp-json\/wp\/v2\/posts\/556227\/revisions"}],"predecessor-version":[{"id":1162972,"href":"https:\/\/www.estrategiaconcursos.com.br\/blog\/wp-json\/wp\/v2\/posts\/556227\/revisions\/1162972"}],"wp:featuredmedia":[{"embeddable":true,"href":"https:\/\/www.estrategiaconcursos.com.br\/blog\/wp-json\/wp\/v2\/media\/556980"}],"wp:attachment":[{"href":"https:\/\/www.estrategiaconcursos.com.br\/blog\/wp-json\/wp\/v2\/media?parent=556227"}],"wp:term":[{"taxonomy":"category","embeddable":true,"href":"https:\/\/www.estrategiaconcursos.com.br\/blog\/wp-json\/wp\/v2\/categories?post=556227"},{"taxonomy":"post_tag","embeddable":true,"href":"https:\/\/www.estrategiaconcursos.com.br\/blog\/wp-json\/wp\/v2\/tags?post=556227"},{"taxonomy":"tax_estado","embeddable":true,"href":"https:\/\/www.estrategiaconcursos.com.br\/blog\/wp-json\/wp\/v2\/tax_estado?post=556227"}],"curies":[{"name":"wp","href":"https:\/\/api.w.org\/{rel}","templated":true}]}}