{"id":556125,"date":"2020-08-15T07:37:00","date_gmt":"2020-08-15T10:37:00","guid":{"rendered":"https:\/\/www.estrategiaconcursos.com.br\/blog\/?p=556125"},"modified":"2023-07-03T15:42:21","modified_gmt":"2023-07-03T18:42:21","slug":"poder-judiciario-na-constituicao","status":"publish","type":"post","link":"https:\/\/www.estrategiaconcursos.com.br\/blog\/poder-judiciario-na-constituicao\/","title":{"rendered":"Poder Judici\u00e1rio na Constitui\u00e7\u00e3o: evento deste s\u00e1bado!"},"content":{"rendered":"\n<p>O professor Ricardo Vale ministra neste s\u00e1bado, 15 de agosto, \u00e0s 08:30 o evento &#8220;Poder Judici\u00e1rio na Constitui\u00e7\u00e3o&#8221;. Acompanhe ao vivo e gratuitamente atrav\u00e9s do canal do Estrat\u00e9gia Carreira Jur\u00eddica no Youtube.<\/p>\n\n\n\n<h3 class=\"wp-block-heading\" id=\"h-poder-judiciario-na-constituicao-cronograma\">Poder Judici\u00e1rio na Constitui\u00e7\u00e3o  &#8211; Cronograma<\/h3>\n\n\n\n<p class=\"has-very-light-gray-background-color has-background\"><strong>Data:<\/strong> 15 de agosto de 2020<br \/><strong>Hor\u00e1rio<\/strong>: 08:30 <br \/><strong>Onde<\/strong>: <a href=\"https:\/\/www.youtube.com\/user\/EstrategiaCursos\" target=\"_blank\" rel=\"noreferrer noopener\">Canal do Estrat\u00e9gia Concursos no Youtube<\/a><\/p>\n\n\n<figure class=\"wp-block-embed-youtube wp-block-embed is-type-video is-provider-youtube wp-embed-aspect-16-9 wp-has-aspect-ratio\"><div class=\"lyte-wrapper\" style=\"width:853px;max-width:100%;margin:5px;\"><div class=\"lyMe\" id=\"WYL_hjlVFk0OgbE\"><div id=\"lyte_hjlVFk0OgbE\" data-src=\"\/\/i.ytimg.com\/vi\/hjlVFk0OgbE\/hqdefault.jpg\" class=\"pL\"><div class=\"tC\"><div class=\"tT\"><\/div><\/div><div class=\"play\"><\/div><div class=\"ctrl\"><div class=\"Lctrl\"><\/div><div class=\"Rctrl\"><\/div><\/div><\/div><noscript><a href=\"https:\/\/youtu.be\/hjlVFk0OgbE\" rel=\"nofollow\"><img loading=\"lazy\" decoding=\"async\" src=\"https:\/\/i.ytimg.com\/vi\/hjlVFk0OgbE\/0.jpg\" alt=\"YouTube video thumbnail\" width=\"853\" height=\"460\" \/><br \/>Assista a este v\u00eddeo no YouTube<\/a><\/noscript><\/div><\/div><div class=\"lL\" style=\"max-width:100%;width:853px;margin:5px;\"><\/div><figcaption><\/figcaption><\/figure>\n\n\n<h4 class=\"wp-block-heading\" id=\"h-poder-judiciario-curiosidades\">Poder Judici\u00e1rio &#8211; Curiosidades<\/h4>\n\n\n\n<p>A fun\u00e7\u00e3o mais importante do Poder Judici\u00e1rio \u00e9 a defender os direitos dos cidad\u00e3os brasileiros, promovendo o acesso \u00e0 justi\u00e7a e resolvendo conflitos que surgem na sociedade, por meio da investiga\u00e7\u00e3o, apura\u00e7\u00e3o e julgamento. Mas, para al\u00e9m disso, fiscaliza a atua\u00e7\u00e3o dos demais poderes. <\/p>\n\n\n\n<p>O Poder Judici\u00e1rio \u00e9 tratado pela Constitui\u00e7\u00e3o Federal de 1988 especificamente a partir do artigo 92 at\u00e9 o artigo 126. O tratamento se d\u00e1 no Cap\u00edtulo III do T\u00edtulo IV &#8211; Organiza\u00e7\u00e3o do Estado, que trata dos tr\u00eas poderes da Federa\u00e7\u00e3o. <\/p>\n\n\n\n<p>O cap\u00edtulo trata da composi\u00e7\u00e3o do Supremo Tribunal Federal, do Superior Tribunal de Justi\u00e7a, dos Tribunais Regionais Federais e Ju\u00edzos Federais, do Tribunal Superior do Trabalho, dos Tribunais Regionais e Ju\u00edzes do Trabalho, do Tribunal Superior Eleitoral, Tribunais Regionais e Ju\u00edzes Eleitorais, assim como do Tribunal Superior Militar, dos Tribunais de Justi\u00e7a Militar, Ju\u00edzes Militares e dos Tribunais de Justi\u00e7a e Ju\u00edzes de Direito. <\/p>\n\n\n\n<p>Al\u00e9m disso, h\u00e1 disposi\u00e7\u00f5es sobre a compet\u00eancia de julgamento de cada um desses \u00f3rg\u00e3os, das formas de presta\u00e7\u00e3o jurisdicional, da organiza\u00e7\u00e3o da Justi\u00e7a, do Controle de Legalidade e Constitucionalidade, n\u00e3o apenas neste cap\u00edtulo como em outros existentes no interior da Lei Maior. Quer saber mais? N\u00e3o perca este evento! <\/p>\n\n\n\n<h2 class=\"wp-block-heading\" id=\"h-quer-se-preparar-para-concursos\">Quer se preparar para concursos? <\/h2>\n\n\n\n<p class=\"has-text-align-center has-luminous-vivid-amber-background-color has-background\"><strong><a rel=\"noreferrer noopener\" href=\"https:\/\/www.estrategiaconcursos.com.br\/cursos\/concurso\/\" target=\"_blank\">CURSOS PARA CONCURSOS<\/a><\/strong><\/p>\n\n\n\n<p class=\"has-text-align-center\"><strong><em><strong>Sistema de Quest\u00f5es<\/strong><\/em><\/strong><\/p>\n\n\n\n<p class=\"has-text-align-center\">Estrat\u00e9gia Quest\u00f5es nasceu maior do que todos os concorrentes, com mais quest\u00f5es cadastradas e mais solu\u00e7\u00f5es por professores. Clique no link e aproveite os descontos e b\u00f4nus imperd\u00edveis!<\/p>\n\n\n\n<p class=\"has-text-align-center has-vivid-green-cyan-background-color has-background\"><strong>ASSINE AGORA \u2013 <a rel=\"noreferrer noopener\" href=\"https:\/\/www.estrategiaconcursos.com.br\/cursosPorConcurso\/sistema-de-questoes\/#\/\" target=\"_blank\">Sistema de Quest\u00f5es<\/a><\/strong><\/p>\n\n\n\n<p class=\"has-text-align-center\"><em><strong>Fique por dentro de todos os concursos<\/strong><\/em>:<\/p>\n\n\n\n<p class=\"has-text-align-center has-pale-cyan-blue-background-color has-background\"><strong><a href=\"https:\/\/www.estrategiaconcursos.com.br\/blog\/concursos-abertos\/\" target=\"_blank\" rel=\"noreferrer noopener\">Concursos abertos<\/a><\/strong><\/p>\n","protected":false},"excerpt":{"rendered":"<p>O professor Ricardo Vale ministra neste s\u00e1bado, 15 de agosto, \u00e0s 08:30 o evento &#8220;Poder Judici\u00e1rio na Constitui\u00e7\u00e3o&#8221;. Acompanhe ao vivo e gratuitamente atrav\u00e9s do canal do Estrat\u00e9gia Carreira Jur\u00eddica no Youtube. Poder Judici\u00e1rio na Constitui\u00e7\u00e3o &#8211; Cronograma Data: 15 de agosto de 2020Hor\u00e1rio: 08:30 Onde: Canal do Estrat\u00e9gia Concursos no Youtube Poder Judici\u00e1rio &#8211; [&hellip;]<\/p>\n","protected":false},"author":492,"featured_media":556134,"comment_status":"open","ping_status":"closed","sticky":false,"template":"","format":"standard","meta":{"post_tipo":"article","footnotes":""},"categories":[1,2185],"tags":[],"tax_estado":[],"class_list":["post-556125","post","type-post","status-publish","format-standard","has-post-thumbnail","hentry","category-cursos-e-concursos","category-carreiras-juridicas"],"acf":[],"yoast_head":"<!-- This site is optimized with the Yoast SEO Premium plugin v27.2 (Yoast SEO v27.2) - https:\/\/yoast.com\/product\/yoast-seo-premium-wordpress\/ -->\n<title>Poder Judici\u00e1rio na Constitui\u00e7\u00e3o: evento deste s\u00e1bado!<\/title>\n<meta name=\"description\" content=\"Neste s\u00e1bado,15 de agosto, o professor Ricardo Vale ministra o evento exclusivo e gratuito &quot;Poder Judici\u00e1rio na Constitui\u00e7\u00e3o&quot;. N\u00e3o perca!\" \/>\n<meta name=\"robots\" content=\"index, follow, max-snippet:-1, max-image-preview:large, max-video-preview:-1\" \/>\n<link rel=\"canonical\" href=\"https:\/\/www.estrategiaconcursos.com.br\/blog\/poder-judiciario-na-constituicao\/\" \/>\n<meta property=\"og:locale\" content=\"pt_BR\" \/>\n<meta property=\"og:type\" content=\"article\" \/>\n<meta property=\"og:title\" content=\"Poder Judici\u00e1rio na Constitui\u00e7\u00e3o: evento deste s\u00e1bado!\" \/>\n<meta property=\"og:description\" content=\"Neste s\u00e1bado,15 de agosto, o professor Ricardo Vale ministra o evento exclusivo e gratuito &quot;Poder Judici\u00e1rio na Constitui\u00e7\u00e3o&quot;. N\u00e3o perca!\" \/>\n<meta property=\"og:url\" content=\"https:\/\/www.estrategiaconcursos.com.br\/blog\/poder-judiciario-na-constituicao\/\" \/>\n<meta property=\"og:site_name\" content=\"Estrat\u00e9gia Concursos\" \/>\n<meta property=\"article:published_time\" content=\"2020-08-15T10:37:00+00:00\" \/>\n<meta property=\"article:modified_time\" content=\"2023-07-03T18:42:21+00:00\" \/>\n<meta property=\"og:image\" content=\"https:\/\/dhg1h5j42swfq.cloudfront.net\/2020\/08\/14193244\/953f6260-ff99-4f88-967f-2054d4967377.jpg\" \/>\n\t<meta property=\"og:image:width\" content=\"1280\" \/>\n\t<meta property=\"og:image:height\" content=\"720\" \/>\n\t<meta property=\"og:image:type\" content=\"image\/jpeg\" \/>\n<meta name=\"author\" content=\"Nelma Fontana\" \/>\n<meta name=\"twitter:card\" content=\"summary_large_image\" \/>\n<meta name=\"twitter:creator\" content=\"@EstratConcursos\" \/>\n<meta name=\"twitter:site\" content=\"@EstratConcursos\" \/>\n<meta name=\"twitter:label1\" content=\"Escrito por\" \/>\n\t<meta name=\"twitter:data1\" content=\"Nelma Fontana\" \/>\n\t<meta name=\"twitter:label2\" content=\"Est. tempo de leitura\" \/>\n\t<meta name=\"twitter:data2\" content=\"2 minutos\" \/>\n<script type=\"application\/ld+json\" class=\"yoast-schema-graph\">{\"@context\":\"https:\/\/schema.org\",\"@graph\":[{\"@type\":\"NewsArticle\",\"@id\":\"https:\/\/www.estrategiaconcursos.com.br\/blog\/poder-judiciario-na-constituicao\/#article\",\"isPartOf\":{\"@id\":\"https:\/\/www.estrategiaconcursos.com.br\/blog\/poder-judiciario-na-constituicao\/\"},\"author\":{\"name\":\"Nelma Fontana\",\"@id\":\"https:\/\/www.estrategiaconcursos.com.br\/blog\/#\/schema\/person\/09924ae9dae935885ef15db075a3be15\"},\"headline\":\"Poder Judici\u00e1rio na Constitui\u00e7\u00e3o: evento deste s\u00e1bado!\",\"datePublished\":\"2020-08-15T10:37:00+00:00\",\"dateModified\":\"2023-07-03T18:42:21+00:00\",\"mainEntityOfPage\":{\"@id\":\"https:\/\/www.estrategiaconcursos.com.br\/blog\/poder-judiciario-na-constituicao\/\"},\"wordCount\":369,\"commentCount\":0,\"publisher\":{\"@id\":\"https:\/\/www.estrategiaconcursos.com.br\/blog\/#organization\"},\"image\":{\"@id\":\"https:\/\/www.estrategiaconcursos.com.br\/blog\/poder-judiciario-na-constituicao\/#primaryimage\"},\"thumbnailUrl\":\"https:\/\/dhg1h5j42swfq.cloudfront.net\/2020\/08\/14193244\/953f6260-ff99-4f88-967f-2054d4967377.jpg\",\"articleSection\":[\"Concursos P\u00fablicos\",\"Jur\u00eddico\"],\"inLanguage\":\"pt-BR\",\"potentialAction\":[{\"@type\":\"CommentAction\",\"name\":\"Comment\",\"target\":[\"https:\/\/www.estrategiaconcursos.com.br\/blog\/poder-judiciario-na-constituicao\/#respond\"]}],\"copyrightYear\":\"2020\",\"copyrightHolder\":{\"@id\":\"https:\/\/www.estrategiaconcursos.com.br\/blog\/#organization\"}},{\"@type\":\"WebPage\",\"@id\":\"https:\/\/www.estrategiaconcursos.com.br\/blog\/poder-judiciario-na-constituicao\/\",\"url\":\"https:\/\/www.estrategiaconcursos.com.br\/blog\/poder-judiciario-na-constituicao\/\",\"name\":\"Poder Judici\u00e1rio na Constitui\u00e7\u00e3o: evento deste s\u00e1bado!\",\"isPartOf\":{\"@id\":\"https:\/\/www.estrategiaconcursos.com.br\/blog\/#website\"},\"primaryImageOfPage\":{\"@id\":\"https:\/\/www.estrategiaconcursos.com.br\/blog\/poder-judiciario-na-constituicao\/#primaryimage\"},\"image\":{\"@id\":\"https:\/\/www.estrategiaconcursos.com.br\/blog\/poder-judiciario-na-constituicao\/#primaryimage\"},\"thumbnailUrl\":\"https:\/\/dhg1h5j42swfq.cloudfront.net\/2020\/08\/14193244\/953f6260-ff99-4f88-967f-2054d4967377.jpg\",\"datePublished\":\"2020-08-15T10:37:00+00:00\",\"dateModified\":\"2023-07-03T18:42:21+00:00\",\"description\":\"Neste s\u00e1bado,15 de agosto, o professor Ricardo Vale ministra o evento exclusivo e gratuito \\\"Poder Judici\u00e1rio na Constitui\u00e7\u00e3o\\\". N\u00e3o perca!\",\"breadcrumb\":{\"@id\":\"https:\/\/www.estrategiaconcursos.com.br\/blog\/poder-judiciario-na-constituicao\/#breadcrumb\"},\"inLanguage\":\"pt-BR\",\"potentialAction\":[{\"@type\":\"ReadAction\",\"target\":[\"https:\/\/www.estrategiaconcursos.com.br\/blog\/poder-judiciario-na-constituicao\/\"]}]},{\"@type\":\"ImageObject\",\"inLanguage\":\"pt-BR\",\"@id\":\"https:\/\/www.estrategiaconcursos.com.br\/blog\/poder-judiciario-na-constituicao\/#primaryimage\",\"url\":\"https:\/\/dhg1h5j42swfq.cloudfront.net\/2020\/08\/14193244\/953f6260-ff99-4f88-967f-2054d4967377.jpg\",\"contentUrl\":\"https:\/\/dhg1h5j42swfq.cloudfront.net\/2020\/08\/14193244\/953f6260-ff99-4f88-967f-2054d4967377.jpg\",\"width\":1280,\"height\":720,\"caption\":\"Poder Judici\u00e1rio\"},{\"@type\":\"BreadcrumbList\",\"@id\":\"https:\/\/www.estrategiaconcursos.com.br\/blog\/poder-judiciario-na-constituicao\/#breadcrumb\",\"itemListElement\":[{\"@type\":\"ListItem\",\"position\":1,\"name\":\"In\u00edcio\",\"item\":\"https:\/\/www.estrategiaconcursos.com.br\/blog\/\"},{\"@type\":\"ListItem\",\"position\":2,\"name\":\"Poder Judici\u00e1rio na Constitui\u00e7\u00e3o: evento deste s\u00e1bado!\"}]},{\"@type\":\"WebSite\",\"@id\":\"https:\/\/www.estrategiaconcursos.com.br\/blog\/#website\",\"url\":\"https:\/\/www.estrategiaconcursos.com.br\/blog\/\",\"name\":\"Estrat\u00e9gia Concursos\",\"description\":\"O blog da Estrat\u00e9gia Concursos traz not\u00edcias sobre concursos e artigos de professores oferecendo cursos para concursos (pdf + videaulas) no site.\",\"publisher\":{\"@id\":\"https:\/\/www.estrategiaconcursos.com.br\/blog\/#organization\"},\"potentialAction\":[{\"@type\":\"SearchAction\",\"target\":{\"@type\":\"EntryPoint\",\"urlTemplate\":\"https:\/\/www.estrategiaconcursos.com.br\/blog\/?s={search_term_string}\"},\"query-input\":{\"@type\":\"PropertyValueSpecification\",\"valueRequired\":true,\"valueName\":\"search_term_string\"}}],\"inLanguage\":\"pt-BR\"},{\"@type\":\"Organization\",\"@id\":\"https:\/\/www.estrategiaconcursos.com.br\/blog\/#organization\",\"name\":\"Estrat\u00e9gia Concursos\",\"url\":\"https:\/\/www.estrategiaconcursos.com.br\/blog\/\",\"logo\":{\"@type\":\"ImageObject\",\"inLanguage\":\"pt-BR\",\"@id\":\"https:\/\/www.estrategiaconcursos.com.br\/blog\/#\/schema\/logo\/image\/\",\"url\":\"https:\/\/dhg1h5j42swfq.cloudfront.net\/2025\/06\/03203428\/logo_concursos-1.jpg\",\"contentUrl\":\"https:\/\/dhg1h5j42swfq.cloudfront.net\/2025\/06\/03203428\/logo_concursos-1.jpg\",\"width\":230,\"height\":60,\"caption\":\"Estrat\u00e9gia Concursos\"},\"image\":{\"@id\":\"https:\/\/www.estrategiaconcursos.com.br\/blog\/#\/schema\/logo\/image\/\"},\"sameAs\":[\"https:\/\/x.com\/EstratConcursos\"]},{\"@type\":\"Person\",\"@id\":\"https:\/\/www.estrategiaconcursos.com.br\/blog\/#\/schema\/person\/09924ae9dae935885ef15db075a3be15\",\"name\":\"Nelma Fontana\",\"image\":{\"@type\":\"ImageObject\",\"inLanguage\":\"pt-BR\",\"@id\":\"https:\/\/secure.gravatar.com\/avatar\/a2b4071a40b0ae857a4dfe2308130289bde3d65cc7674fb758d21a8b645071e5?s=96&d=mm&r=g\",\"url\":\"https:\/\/secure.gravatar.com\/avatar\/a2b4071a40b0ae857a4dfe2308130289bde3d65cc7674fb758d21a8b645071e5?s=96&d=mm&r=g\",\"contentUrl\":\"https:\/\/secure.gravatar.com\/avatar\/a2b4071a40b0ae857a4dfe2308130289bde3d65cc7674fb758d21a8b645071e5?s=96&d=mm&r=g\",\"caption\":\"Nelma Fontana\"},\"url\":\"https:\/\/www.estrategiaconcursos.com.br\/blog\/author\/fontananelmagmail-com\/\"}]}<\/script>\n<!-- \/ Yoast SEO Premium plugin. -->","yoast_head_json":{"title":"Poder Judici\u00e1rio na Constitui\u00e7\u00e3o: evento deste s\u00e1bado!","description":"Neste s\u00e1bado,15 de agosto, o professor Ricardo Vale ministra o evento exclusivo e gratuito \"Poder Judici\u00e1rio na Constitui\u00e7\u00e3o\". N\u00e3o perca!","robots":{"index":"index","follow":"follow","max-snippet":"max-snippet:-1","max-image-preview":"max-image-preview:large","max-video-preview":"max-video-preview:-1"},"canonical":"https:\/\/www.estrategiaconcursos.com.br\/blog\/poder-judiciario-na-constituicao\/","og_locale":"pt_BR","og_type":"article","og_title":"Poder Judici\u00e1rio na Constitui\u00e7\u00e3o: evento deste s\u00e1bado!","og_description":"Neste s\u00e1bado,15 de agosto, o professor Ricardo Vale ministra o evento exclusivo e gratuito \"Poder Judici\u00e1rio na Constitui\u00e7\u00e3o\". N\u00e3o perca!","og_url":"https:\/\/www.estrategiaconcursos.com.br\/blog\/poder-judiciario-na-constituicao\/","og_site_name":"Estrat\u00e9gia Concursos","article_published_time":"2020-08-15T10:37:00+00:00","article_modified_time":"2023-07-03T18:42:21+00:00","og_image":[{"width":1280,"height":720,"url":"https:\/\/dhg1h5j42swfq.cloudfront.net\/2020\/08\/14193244\/953f6260-ff99-4f88-967f-2054d4967377.jpg","type":"image\/jpeg"}],"author":"Nelma Fontana","twitter_card":"summary_large_image","twitter_creator":"@EstratConcursos","twitter_site":"@EstratConcursos","twitter_misc":{"Escrito por":"Nelma Fontana","Est. tempo de leitura":"2 minutos"},"schema":{"@context":"https:\/\/schema.org","@graph":[{"@type":"NewsArticle","@id":"https:\/\/www.estrategiaconcursos.com.br\/blog\/poder-judiciario-na-constituicao\/#article","isPartOf":{"@id":"https:\/\/www.estrategiaconcursos.com.br\/blog\/poder-judiciario-na-constituicao\/"},"author":{"name":"Nelma Fontana","@id":"https:\/\/www.estrategiaconcursos.com.br\/blog\/#\/schema\/person\/09924ae9dae935885ef15db075a3be15"},"headline":"Poder Judici\u00e1rio na Constitui\u00e7\u00e3o: evento deste s\u00e1bado!","datePublished":"2020-08-15T10:37:00+00:00","dateModified":"2023-07-03T18:42:21+00:00","mainEntityOfPage":{"@id":"https:\/\/www.estrategiaconcursos.com.br\/blog\/poder-judiciario-na-constituicao\/"},"wordCount":369,"commentCount":0,"publisher":{"@id":"https:\/\/www.estrategiaconcursos.com.br\/blog\/#organization"},"image":{"@id":"https:\/\/www.estrategiaconcursos.com.br\/blog\/poder-judiciario-na-constituicao\/#primaryimage"},"thumbnailUrl":"https:\/\/dhg1h5j42swfq.cloudfront.net\/2020\/08\/14193244\/953f6260-ff99-4f88-967f-2054d4967377.jpg","articleSection":["Concursos P\u00fablicos","Jur\u00eddico"],"inLanguage":"pt-BR","potentialAction":[{"@type":"CommentAction","name":"Comment","target":["https:\/\/www.estrategiaconcursos.com.br\/blog\/poder-judiciario-na-constituicao\/#respond"]}],"copyrightYear":"2020","copyrightHolder":{"@id":"https:\/\/www.estrategiaconcursos.com.br\/blog\/#organization"}},{"@type":"WebPage","@id":"https:\/\/www.estrategiaconcursos.com.br\/blog\/poder-judiciario-na-constituicao\/","url":"https:\/\/www.estrategiaconcursos.com.br\/blog\/poder-judiciario-na-constituicao\/","name":"Poder Judici\u00e1rio na Constitui\u00e7\u00e3o: evento deste s\u00e1bado!","isPartOf":{"@id":"https:\/\/www.estrategiaconcursos.com.br\/blog\/#website"},"primaryImageOfPage":{"@id":"https:\/\/www.estrategiaconcursos.com.br\/blog\/poder-judiciario-na-constituicao\/#primaryimage"},"image":{"@id":"https:\/\/www.estrategiaconcursos.com.br\/blog\/poder-judiciario-na-constituicao\/#primaryimage"},"thumbnailUrl":"https:\/\/dhg1h5j42swfq.cloudfront.net\/2020\/08\/14193244\/953f6260-ff99-4f88-967f-2054d4967377.jpg","datePublished":"2020-08-15T10:37:00+00:00","dateModified":"2023-07-03T18:42:21+00:00","description":"Neste s\u00e1bado,15 de agosto, o professor Ricardo Vale ministra o evento exclusivo e gratuito \"Poder Judici\u00e1rio na Constitui\u00e7\u00e3o\". N\u00e3o perca!","breadcrumb":{"@id":"https:\/\/www.estrategiaconcursos.com.br\/blog\/poder-judiciario-na-constituicao\/#breadcrumb"},"inLanguage":"pt-BR","potentialAction":[{"@type":"ReadAction","target":["https:\/\/www.estrategiaconcursos.com.br\/blog\/poder-judiciario-na-constituicao\/"]}]},{"@type":"ImageObject","inLanguage":"pt-BR","@id":"https:\/\/www.estrategiaconcursos.com.br\/blog\/poder-judiciario-na-constituicao\/#primaryimage","url":"https:\/\/dhg1h5j42swfq.cloudfront.net\/2020\/08\/14193244\/953f6260-ff99-4f88-967f-2054d4967377.jpg","contentUrl":"https:\/\/dhg1h5j42swfq.cloudfront.net\/2020\/08\/14193244\/953f6260-ff99-4f88-967f-2054d4967377.jpg","width":1280,"height":720,"caption":"Poder Judici\u00e1rio"},{"@type":"BreadcrumbList","@id":"https:\/\/www.estrategiaconcursos.com.br\/blog\/poder-judiciario-na-constituicao\/#breadcrumb","itemListElement":[{"@type":"ListItem","position":1,"name":"In\u00edcio","item":"https:\/\/www.estrategiaconcursos.com.br\/blog\/"},{"@type":"ListItem","position":2,"name":"Poder Judici\u00e1rio na Constitui\u00e7\u00e3o: evento deste s\u00e1bado!"}]},{"@type":"WebSite","@id":"https:\/\/www.estrategiaconcursos.com.br\/blog\/#website","url":"https:\/\/www.estrategiaconcursos.com.br\/blog\/","name":"Estrat\u00e9gia Concursos","description":"O blog da Estrat\u00e9gia Concursos traz not\u00edcias sobre concursos e artigos de professores oferecendo cursos para concursos (pdf + videaulas) no site.","publisher":{"@id":"https:\/\/www.estrategiaconcursos.com.br\/blog\/#organization"},"potentialAction":[{"@type":"SearchAction","target":{"@type":"EntryPoint","urlTemplate":"https:\/\/www.estrategiaconcursos.com.br\/blog\/?s={search_term_string}"},"query-input":{"@type":"PropertyValueSpecification","valueRequired":true,"valueName":"search_term_string"}}],"inLanguage":"pt-BR"},{"@type":"Organization","@id":"https:\/\/www.estrategiaconcursos.com.br\/blog\/#organization","name":"Estrat\u00e9gia Concursos","url":"https:\/\/www.estrategiaconcursos.com.br\/blog\/","logo":{"@type":"ImageObject","inLanguage":"pt-BR","@id":"https:\/\/www.estrategiaconcursos.com.br\/blog\/#\/schema\/logo\/image\/","url":"https:\/\/dhg1h5j42swfq.cloudfront.net\/2025\/06\/03203428\/logo_concursos-1.jpg","contentUrl":"https:\/\/dhg1h5j42swfq.cloudfront.net\/2025\/06\/03203428\/logo_concursos-1.jpg","width":230,"height":60,"caption":"Estrat\u00e9gia Concursos"},"image":{"@id":"https:\/\/www.estrategiaconcursos.com.br\/blog\/#\/schema\/logo\/image\/"},"sameAs":["https:\/\/x.com\/EstratConcursos"]},{"@type":"Person","@id":"https:\/\/www.estrategiaconcursos.com.br\/blog\/#\/schema\/person\/09924ae9dae935885ef15db075a3be15","name":"Nelma Fontana","image":{"@type":"ImageObject","inLanguage":"pt-BR","@id":"https:\/\/secure.gravatar.com\/avatar\/a2b4071a40b0ae857a4dfe2308130289bde3d65cc7674fb758d21a8b645071e5?s=96&d=mm&r=g","url":"https:\/\/secure.gravatar.com\/avatar\/a2b4071a40b0ae857a4dfe2308130289bde3d65cc7674fb758d21a8b645071e5?s=96&d=mm&r=g","contentUrl":"https:\/\/secure.gravatar.com\/avatar\/a2b4071a40b0ae857a4dfe2308130289bde3d65cc7674fb758d21a8b645071e5?s=96&d=mm&r=g","caption":"Nelma Fontana"},"url":"https:\/\/www.estrategiaconcursos.com.br\/blog\/author\/fontananelmagmail-com\/"}]}},"_links":{"self":[{"href":"https:\/\/www.estrategiaconcursos.com.br\/blog\/wp-json\/wp\/v2\/posts\/556125","targetHints":{"allow":["GET"]}}],"collection":[{"href":"https:\/\/www.estrategiaconcursos.com.br\/blog\/wp-json\/wp\/v2\/posts"}],"about":[{"href":"https:\/\/www.estrategiaconcursos.com.br\/blog\/wp-json\/wp\/v2\/types\/post"}],"author":[{"embeddable":true,"href":"https:\/\/www.estrategiaconcursos.com.br\/blog\/wp-json\/wp\/v2\/users\/492"}],"replies":[{"embeddable":true,"href":"https:\/\/www.estrategiaconcursos.com.br\/blog\/wp-json\/wp\/v2\/comments?post=556125"}],"version-history":[{"count":16,"href":"https:\/\/www.estrategiaconcursos.com.br\/blog\/wp-json\/wp\/v2\/posts\/556125\/revisions"}],"predecessor-version":[{"id":1242628,"href":"https:\/\/www.estrategiaconcursos.com.br\/blog\/wp-json\/wp\/v2\/posts\/556125\/revisions\/1242628"}],"wp:featuredmedia":[{"embeddable":true,"href":"https:\/\/www.estrategiaconcursos.com.br\/blog\/wp-json\/wp\/v2\/media\/556134"}],"wp:attachment":[{"href":"https:\/\/www.estrategiaconcursos.com.br\/blog\/wp-json\/wp\/v2\/media?parent=556125"}],"wp:term":[{"taxonomy":"category","embeddable":true,"href":"https:\/\/www.estrategiaconcursos.com.br\/blog\/wp-json\/wp\/v2\/categories?post=556125"},{"taxonomy":"post_tag","embeddable":true,"href":"https:\/\/www.estrategiaconcursos.com.br\/blog\/wp-json\/wp\/v2\/tags?post=556125"},{"taxonomy":"tax_estado","embeddable":true,"href":"https:\/\/www.estrategiaconcursos.com.br\/blog\/wp-json\/wp\/v2\/tax_estado?post=556125"}],"curies":[{"name":"wp","href":"https:\/\/api.w.org\/{rel}","templated":true}]}}