{"id":555753,"date":"2020-08-14T09:39:36","date_gmt":"2020-08-14T12:39:36","guid":{"rendered":"https:\/\/www.estrategiaconcursos.com.br\/blog\/?p=555753"},"modified":"2020-09-15T09:45:31","modified_gmt":"2020-09-15T12:45:31","slug":"dpdf-edital-retificado","status":"publish","type":"post","link":"https:\/\/www.estrategiaconcursos.com.br\/blog\/dpdf-edital-retificado\/","title":{"rendered":"DPDF: EDITAL RETIFICADO; confira as mudan\u00e7as!"},"content":{"rendered":"\n<p>O edital do concurso DPDF foi retificado nesta sexta-feira, 14 de agosto de 2020, ap\u00f3s o Tribunal de Contas do Distrito Federal (TCDF) ter determinado a retifica\u00e7\u00e3o do edital do certame para servidores no prazo de dez dias.<\/p>\n\n\n\n<p><em><strong>Confira abaixo as principais mudan\u00e7as:<\/strong><\/em><\/p>\n\n\n\n<h4 class=\"wp-block-heading\">Requisitos para Arquivologia<\/h4>\n\n\n\n<p>O texto, que antes exigia registro no Conselho de Classe, agora passa a figurar com a seguinte reda\u00e7\u00e3o:<\/p>\n\n\n\n<p><em>Requisitos: diploma, devidamente registrado, de conclus\u00e3o de curso de gradua\u00e7\u00e3o em Arquivologia, expedido por institui\u00e7\u00e3o de ensino superior reconhecida pelo MEC, e registro na DRT\/Minist\u00e9rio do Trabalho.<\/em><\/p>\n\n\n\n<h4 class=\"wp-block-heading\">Redistribui\u00e7\u00e3o de Vagas<\/h4>\n\n\n\n<p>Os cargos de Arquitetura, Engenharia Civil, Inform\u00e1tica \u2013 Desenvolvimento de Sistemas, Psicologia e Servi\u00e7o Social, que antes ofertavam duas vagas para ampla concorr\u00eancia; e o cargo de Inform\u00e1tica \u2013 Redes, que ofertava tr\u00eas vagas para ampla concorr\u00eancia e nenhuma vaga destinada \u00e0s cotas, tiveram as vagas redistribu\u00eddas. Veja:<\/p>\n\n\n\n<figure class=\"wp-block-image\"><img decoding=\"async\" src=\"https:\/\/blog-static.infra.grancursosonline.com.br\/wp-content\/uploads\/2020\/08\/14071559\/CONCURSO-DPDF-RETIFICA%C3%87%C3%83O-VAGAS-1.png\" alt=\"\" class=\"wp-image-79347790\"\/><\/figure>\n\n\n\n<h4 class=\"wp-block-heading\">Isen\u00e7\u00e3o da Taxa de Inscri\u00e7\u00e3o<\/h4>\n\n\n\n<p>A retifica\u00e7\u00e3o prev\u00ea isen\u00e7\u00e3o total da taxa de inscri\u00e7\u00e3o, fixada em R$ 101,87, para pessoas com defici\u00eancia e comprovadamente carentes, conforme o \u00a7 3\u00ba do art. 54 da Lei n\u00ba 6.637\/2020. Para isso ser\u00e1 necess\u00e1rio:<\/p>\n\n\n\n<p>a) preenchimento do requerimento dispon\u00edvel no aplicativo de solicita\u00e7\u00e3o de isen\u00e7\u00e3o com a indica\u00e7\u00e3o do N\u00famero de Identifica\u00e7\u00e3o Social (NIS), atribu\u00eddo pelo Cad\u00danico;<\/p>\n\n\n\n<p>b) preenchimento eletr\u00f4nico de declara\u00e7\u00e3o de que \u00e9 membro de fam\u00edlia de baixa renda (declara\u00e7\u00e3o de hipossufici\u00eancia), nos termos do Decreto n\u00ba 6.135\/2007;<\/p>\n\n\n\n<p>c) laudo m\u00e9dico, emitido no m\u00e1ximo nos 12 meses anteriores \u00e0 data de in\u00edcio do per\u00edodo de inscri\u00e7\u00e3o, que deve atestar a esp\u00e9cie e o grau ou o n\u00edvel de sua defici\u00eancia, com expressa refer\u00eancia ao C\u00f3digo Internacional de Doen\u00e7as (CID-10) ou ao CIF, bem como a prov\u00e1vel causa da defici\u00eancia. O laudo m\u00e9dico, deve, ainda, conter a assinatura e o carimbo do m\u00e9dico com o n\u00famero de sua inscri\u00e7\u00e3o no Conselho Regional de Medicina (CRM), na forma do subitem 5.2.1 do edital.<\/p>\n\n\n\n<h4 class=\"wp-block-heading\" id=\"conhecimentos\">Altera\u00e7\u00f5es Conhecimentos Especializados<\/h4>\n\n\n\n<p>Foram inclu\u00eddos os seguintes conte\u00fados para as provas de conhecimento espec\u00edfico:<\/p>\n\n\n\n<p>CARGO: Direito e Legisla\u00e7\u00e3o<em> \u2013 Direito Penal \u2013 Lei n\u00ba 13.869\/2019 e suas altera\u00e7\u00f5es; Leis n\u00ba 6.766\/1979 e suas altera\u00e7\u00f5es e n\u00ba 13.913\/2019.<\/em><\/p>\n\n\n\n<p>CARGO: Administra\u00e7\u00e3o<em> \u2013 Legisla\u00e7\u00e3o \u2013 Decreto Distrital n\u00ba 39.103\/2018 (regulamenta, no \u00e2mbito do Distrito Federal, o Sistema de Registro de Pre\u00e7os e d\u00e1 outras provid\u00eancias).<\/em><\/p>\n\n\n\n<p>CARGO: Arquitetura<em> \u2013 Representa\u00e7\u00e3o, m\u00e9todos e t\u00e9cnicas de desenho; Tipos de representa\u00e7\u00e3o do projeto de arquitetura: ABNT NBR 16636-1:2017 e ABNT NBR 16636-2:2017; Perspectiva c\u00f4nica e desenhos isom\u00e9tricos; Geometria descritiva b\u00e1sica: os diedros, as tr\u00eas proje\u00e7\u00f5es e os cortes; Croquis \u00e0 m\u00e3o e sketch-up; Desenho t\u00e9cnico e AutoCAD e AutoCAD 3D; Revit; Desenho t\u00e9cnico: NBR n\u00ba 8.403:1984, NBR n\u00ba 8.404:1984, ABNT NBR 16752:2020, NBR n\u00ba 6.492:1994, NBR n\u00ba 10.067:1995, NBR n\u00ba 10.126:1987 (vers\u00e3o corrigida em 1998).&nbsp;<\/em><\/p>\n\n\n\n<p>CARGO: Economia <em>\u2013 Aspectos gerais do comportamento recente da economia brasileira e das pol\u00edticas econ\u00f4micas adotadas pelos \u00faltimos governos.&nbsp;<\/em><\/p>\n\n\n\n<h4 class=\"wp-block-heading\">Exclus\u00e3o de Item<\/h4>\n\n\n\n<p>Foi exclu\u00eddo o subitem 8.3.6 e, consequentemente, a previs\u00e3o de disponibiliza\u00e7\u00e3o de link para a indica\u00e7\u00e3o de candidatos moradores de mesma resid\u00eancia para a realiza\u00e7\u00e3o das provas no mesmo local, constante do cronograma do Anexo I.<\/p>\n\n\n\n<h4 class=\"wp-block-heading\">Prazo para Nomea\u00e7\u00f5es<\/h4>\n\n\n\n<p>Segundo o documento de retifica\u00e7\u00e3o, a nomea\u00e7\u00e3o dos candidatos obedecer\u00e1 ao seguinte cronograma, que poder\u00e1 ser modificado, a qualquer tempo, para adaptar-se \u00e0s disposi\u00e7\u00f5es constantes da Lei Complementar 173\/2020 e da Portaria 168, de 10 de junho de 2020 (DPDF), bem como \u00e0s condi\u00e7\u00f5es econ\u00f4micas e financeiras da Administra\u00e7\u00e3o:<\/p>\n\n\n\n<p>a) no m\u00ednimo 25% das vagas previstas neste edital ser\u00e3o preenchidas no segundo semestre de 2021;<\/p>\n\n\n\n<p>b) no m\u00ednimo 25% das vagas previstas neste edital ser\u00e3o preenchidas no primeiro semestre de 2022;<\/p>\n\n\n\n<p>c) no m\u00ednimo 25% das vagas previstas neste edital ser\u00e3o preenchidas no segundo semestre de 2022;<\/p>\n\n\n\n<p>d) o restante das vagas previstas neste edital ser\u00e1 preenchido no primeiro semestre de 2023.<\/p>\n\n\n\n<p>Vale lembrar que o certame oferta <strong>60 vagas <\/strong>imediatas mais cadastro de reserva para o cargo de<strong> Analista de Apoio \u00e0 Assist\u00eancia Judici\u00e1ria.<\/strong><\/p>\n\n\n\n<p>Organizado pelo <strong>Cebraspe<\/strong>, o certame ter\u00e1 inscri\u00e7\u00f5es abertas a partir do dia 15 de setembro, no valor de R$ 101,87. O cargo de Analista de Apoio Assist\u00eancia Judici\u00e1ria exige N\u00edvel Superior em \u00e1reas espec\u00edficas e tem remunera\u00e7\u00e3o inicial de <strong>R$&nbsp;4.641,22 + 600,00<\/strong> de gratifica\u00e7\u00e3o judici\u00e1ria.<\/p>\n\n\n\n<h2 class=\"wp-block-heading\" id=\"ULTIMO\">O \u00faltimo concurso DPDF<\/h2>\n\n\n\n<p>O <a href=\"https:\/\/dhg1h5j42swfq.cloudfront.net\/2018\/09\/05163305\/edital_dpdf_14_03_17.pdf\" target=\"_blank\" rel=\"noreferrer noopener\">\u00faltimo concurso<\/a> DPDF para provimento de cargos de Analista de Apoio Judici\u00e1rio da DPDF foi realizado em 2014 e ofereceu 15 vagas. O certame teve&nbsp;8994 candidatos inscritos e foi organizado pela&nbsp;<strong>FGV.<\/strong><\/p>\n\n\n\n<h2 class=\"wp-block-heading\" id=\"ULTIMA-PROVA\">\u00daltima prova DPDF<\/h2>\n\n\n\n<ul class=\"wp-block-list\"><li><a href=\"https:\/\/dhg1h5j42swfq.cloudfront.net\/2020\/04\/06133617\/fgv-2014-dpe-df-analista-assistencia-judiciaria-prova.pdf\" target=\"_blank\" rel=\"noreferrer noopener\">Prova FGV \u2013 2014 \u2013 DP-DF \u2013 Analista \u2013 Assist\u00eancia Judici\u00e1ria<\/a> \/ <a href=\"https:\/\/dhg1h5j42swfq.cloudfront.net\/2020\/04\/06133714\/fgv-2014-dpe-df-analista-assistencia-judiciaria-gabarito.pdf\" target=\"_blank\" rel=\"noreferrer noopener\">Gabarito<\/a><\/li><\/ul>\n\n\n\n<h2 class=\"wp-block-heading\" id=\"estrategico\">Edital Estrat\u00e9gico DPDF: baixe gratuitamente<\/h2>\n\n\n\n<p>A partir das informa\u00e7\u00f5es preenchidas pelo aluno, uma \u201caba\u201d do Edital Estrat\u00e9gico DPDF ir\u00e1 demonstrar a progress\u00e3o em cada tarefa e assunto. A edi\u00e7\u00e3o poder\u00e1 ser realizada apenas na 3\u00aa aba, relativa ao preenchimento do progresso nas disciplinas. Caso voc\u00ea queira fazer outras modifica\u00e7\u00f5es no arquivo, \u00e9 s\u00f3 usar a senha \u201cadmin\u201d na op\u00e7\u00e3o desproteger planilha do Excel.<\/p>\n\n\n\n<p>IMPORTANTE: Ao clicar no link acima, vai ser aberta uma janela do Google Drive que tentar\u00e1 carregar a visualiza\u00e7\u00e3o da planilha no seu navegador. N\u00e3o h\u00e1 necessidade de esperar essa visualiza\u00e7\u00e3o (talvez at\u00e9 nem carregue, j\u00e1 que os arquivos s\u00e3o pesados).<\/p>\n\n\n\n<p>Fa\u00e7a o download clicando na seta para baixo no canto superior direito da janela do Google Drive que vai ser aberta ao clicar nos links acima.<\/p>\n\n\n\n<p>Todos os arquivos foram testados em diferentes computadores e celulares e est\u00e3o ok. Talvez alguma incompatibilidade (ou mensagem de erro, como \u201carquivo inv\u00e1lido\u201d) ocorra em virtude do seu pr\u00f3prio computador ou do tamanho dos arquivos que possuem mais conte\u00fado.<\/p>\n\n\n\n<p>Confira abaixo os links do Edital Estrat\u00e9gico DPDF:<\/p>\n\n\n\n<ul class=\"wp-block-list\"><li><a href=\"https:\/\/drive.google.com\/file\/d\/1BApm3uxEJT_LvlVoK8FNZwfJEzsL4cGv\/view?usp=sharing\" target=\"_blank\" rel=\"noreferrer noopener\">Analista \u2013 Direito e Legisla\u00e7\u00e3o<\/a><\/li><li><a href=\"https:\/\/drive.google.com\/file\/d\/12FDq4XwOohEMqjtP64vG1fT-dfUzePjT\/view?usp=sharing\" target=\"_blank\" rel=\"noreferrer noopener\">Analista \u2013 Contabilidade<\/a><\/li><li><a href=\"https:\/\/drive.google.com\/file\/d\/1qlyz86a8SHQ1BZXWGLRava0if4cH4YoT\/view?usp=sharing\" target=\"_blank\" rel=\"noreferrer noopener\">Analista \u2013 Inform\u00e1tica\/Desenvolvimento de Sistemas<\/a><\/li><li><a href=\"https:\/\/drive.google.com\/file\/d\/1nv9CuzkTlt8BmP4T2rclpF4Eiofhnym5\/view?usp=sharing\" target=\"_blank\" rel=\"noreferrer noopener\">Analista \u2013 Inform\u00e1tica\/Banco de Dados<\/a><\/li><li><a href=\"https:\/\/drive.google.com\/file\/d\/1kdd4x-PnfzSxM4wPjF9V6yi8rCmzcMxl\/view?usp=sharing\" target=\"_blank\" rel=\"noreferrer noopener\">Analista \u2013 Arquitetura<\/a><\/li><li><a href=\"https:\/\/drive.google.com\/file\/d\/1Zrbg0IT-bosZjN8OmmRthY_xJGKWcopg\/view?usp=sharing\" target=\"_blank\" rel=\"noreferrer noopener\">Analista \u2013 Psicologia<\/a><\/li><li><a href=\"https:\/\/drive.google.com\/file\/d\/1Zrbg0IT-bosZjN8OmmRthY_xJGKWcopg\/view?usp=sharing\" target=\"_blank\" rel=\"noreferrer noopener\">Analista \u2013 Jornalismo<\/a><\/li><li><a href=\"https:\/\/drive.google.com\/file\/d\/1Yv3M5AtkPNTOOix_45NSmarzkoDH8xkG\/view?usp=sharing\" target=\"_blank\" rel=\"noreferrer noopener\">Analista \u2013 Inform\u00e1tica\/Redes<\/a><\/li><li><a href=\"https:\/\/drive.google.com\/file\/d\/1Vw8mdLgL7ePvu54miFGrRjFr6CgdEHUi\/view?usp=sharing\" target=\"_blank\" rel=\"noreferrer noopener\">Analista \u2013 Arquivologia<\/a><\/li><li><a href=\"https:\/\/drive.google.com\/file\/d\/1JTmFWuYizqEjpvUWN3lwoizVqpnxqJY9\/view?usp=sharing\" target=\"_blank\" rel=\"noreferrer noopener\">Analista \u2013 Economia<\/a><\/li><li><a href=\"https:\/\/drive.google.com\/file\/d\/1Hq9CMf_KERHwUds-Y4GWrcC3jgqYG6wj\/view?usp=sharing\" target=\"_blank\" rel=\"noreferrer noopener\">Analista \u2013 Engenharia Civil<\/a><\/li><li><a href=\"https:\/\/drive.google.com\/file\/d\/1GWJjpxSCjzjbGmk4qavdzyrbTkiB6-cY\/view?usp=sharing\" target=\"_blank\" rel=\"noreferrer noopener\">Analista \u2013 Servi\u00e7o Social<\/a><\/li><li><a href=\"https:\/\/drive.google.com\/file\/d\/1CUYJAC-AZwpXIF4M6u1WKiIkCx8V6M3S\/view?usp=sharing\" target=\"_blank\" rel=\"noreferrer noopener\">Analista \u2013 Administra\u00e7\u00e3o<\/a><\/li><\/ul>\n\n\n\n<h2 class=\"wp-block-heading\" id=\"guia-de-estudos\">Guia de Estudos <\/h2>\n\n\n\n<p class=\"has-text-align-center has-pale-pink-background-color has-background\"><strong>ACESSE: <a href=\"https:\/\/www.estrategiaconcursos.com.br\/blog\/guia-de-estudos-para-dpdf\/\" target=\"_blank\" rel=\"noreferrer noopener\">GUIA DE ESTUDOS PARA DPDF<\/a><\/strong><\/p>\n\n\n\n<h2 class=\"has-text-align-center wp-block-heading\" id=\"CURSO\">Cursos <\/h2>\n\n\n\n<p class=\"has-text-align-center has-luminous-vivid-amber-background-color has-background\"><strong><a href=\"https:\/\/www.estrategiaconcursos.com.br\/cursosPorConcurso\/dpdf-defensoria-publica-do-distrito-federal-diversos-cargos\/\" target=\"_blank\" rel=\"noreferrer noopener\">Curso concurso DPDF<\/a><\/strong><\/p>\n\n\n\n<p class=\"has-text-align-center\"><strong><em><strong>Sistema de Quest\u00f5es<\/strong><\/em><\/strong><\/p>\n\n\n\n<p class=\"has-text-align-center\">Estrat\u00e9gia Quest\u00f5es nasceu maior do que todos os concorrentes, com mais quest\u00f5es cadastradas e mais solu\u00e7\u00f5es por professores. Clique no link e aproveite os descontos e b\u00f4nus imperd\u00edveis!<\/p>\n\n\n\n<p class=\"has-text-align-center has-vivid-green-cyan-background-color has-background\"><strong>ASSINE AGORA \u2013 <a href=\"https:\/\/www.estrategiaconcursos.com.br\/cursosPorConcurso\/sistema-de-questoes\/#\/\" target=\"_blank\" rel=\"noreferrer noopener\">Sistema de Quest\u00f5es<\/a><\/strong><\/p>\n\n\n\n<p class=\"has-text-align-center\"><em><strong>Assinatura Anual Ilimitada*<\/strong><\/em><\/p>\n\n\n\n<p class=\"has-text-align-center\"><em>Prepare-se com o melhor material e com quem mais aprova em&nbsp;Concursos P\u00fablicos&nbsp;de todo o pa\u00eds. Assine agora a nossa Assinatura Anual e tenha acesso ilimitado* a todos os nossos cursos.<\/em><\/p>\n\n\n\n<p class=\"has-text-align-center has-light-green-cyan-background-color has-background\"><strong>ASSINE AGORA<\/strong>&nbsp;\u2013&nbsp;<a href=\"https:\/\/www.estrategiaconcursos.com.br\/assinaturas\" target=\"_blank\" rel=\"noreferrer noopener\"><strong>Assinatura Ilimitada<\/strong><\/a><\/p>\n\n\n\n<p class=\"has-text-align-center\"><em><strong>Fique por dentro de todos os concursos<\/strong><\/em>:<\/p>\n\n\n\n<p class=\"has-text-align-center has-pale-cyan-blue-background-color has-background\"><strong><a href=\"https:\/\/www.estrategiaconcursos.com.br\/blog\/concursos-abertos\/\" target=\"_blank\" rel=\"noreferrer noopener\">Concursos abertos<\/a><\/strong><\/p>\n\n\n\n<p class=\"has-text-align-center has-pale-cyan-blue-background-color has-background\"><a href=\"https:\/\/www.estrategiaconcursos.com.br\/blog\/concursos-2020\/\" target=\"_blank\" rel=\"noreferrer noopener\"><strong>Concursos 2020<\/strong><\/a><\/p>\n\n\n\n<p class=\"has-text-align-center has-pale-cyan-blue-background-color has-background\"><strong><a href=\"https:\/\/www.estrategiaconcursos.com.br\/blog\/concursos-2021\/\" target=\"_blank\" rel=\"noreferrer noopener\">Concursos 2021<\/a><\/strong><\/p>\n\n\n\n<figure class=\"wp-block-image\"><img loading=\"lazy\" decoding=\"async\" width=\"300\" height=\"102\" src=\"https:\/\/dhg1h5j42swfq.cloudfront.net\/2017\/03\/28152500\/coruja-ficha-tecnica-300x102.png\" alt=\"Ficha t\u00e9cnica \" class=\"wp-image-68542\"\/><\/figure>\n\n\n\n<h4 class=\"wp-block-heading\" id=\"FICHA-TECNICA-CONCURSO-DPDF\"><strong>Informa\u00e7\u00f5es sobre o concurso<\/strong> DPDF 2020<\/h4>\n\n\n\n<p>\u25ba<strong>Data prevista para prova<\/strong>: 8 de novembro<br \/>\u25ba<strong>Vagas<\/strong>: 60 + CR<br \/>\u25ba<strong>Cargos<\/strong>: Analista de Apoio \u00e0 Assist\u00eancia Judici\u00e1ria<br \/>\u25ba<strong>Lota\u00e7\u00f5es<\/strong>: Distrito Federal<br \/>\u25ba<strong>Banca<\/strong>:Cebraspe<br \/>\u25ba<strong>Escolaridade<\/strong>: N\u00edvel Superior em v\u00e1rias \u00e1reas<br \/>\u25ba<strong>Edital<\/strong> <strong>2020:<\/strong> <a href=\"https:\/\/dhg1h5j42swfq.cloudfront.net\/2020\/07\/21160335\/ED_1_2020_DPDF_ANALISTA_ABERTURA.pdf\" target=\"_blank\" rel=\"noreferrer noopener\">Edital DPDF 2020<\/a><\/p>\n","protected":false},"excerpt":{"rendered":"<p>O edital do concurso DPDF foi retificado nesta sexta-feira, 14 de agosto de 2020, ap\u00f3s o Tribunal de Contas do Distrito Federal (TCDF) ter determinado a retifica\u00e7\u00e3o do edital do certame para servidores no prazo de dez dias. Confira abaixo as principais mudan\u00e7as: Requisitos para Arquivologia O texto, que antes exigia registro no Conselho de [&hellip;]<\/p>\n","protected":false},"author":317,"featured_media":545916,"comment_status":"open","ping_status":"closed","sticky":false,"template":"","format":"standard","meta":{"post_tipo":"article","footnotes":""},"categories":[1],"tags":[],"tax_estado":[],"class_list":["post-555753","post","type-post","status-publish","format-standard","has-post-thumbnail","hentry","category-cursos-e-concursos"],"acf":[],"yoast_head":"<!-- This site is optimized with the Yoast SEO Premium plugin v27.2 (Yoast SEO v27.2) - https:\/\/yoast.com\/product\/yoast-seo-premium-wordpress\/ -->\n<title>DPDF: EDITAL RETIFICADO; confira as mudan\u00e7as!<\/title>\n<meta name=\"description\" content=\"DPDF: edital do concurso p\u00fablico foi retificado. Confira neste artigo as principais mudan\u00e7as e tire todas as d\u00favidas antes de realizar o exame!\" \/>\n<meta name=\"robots\" content=\"index, follow, max-snippet:-1, max-image-preview:large, max-video-preview:-1\" \/>\n<link rel=\"canonical\" href=\"https:\/\/www.estrategiaconcursos.com.br\/blog\/dpdf-edital-retificado\/\" \/>\n<meta property=\"og:locale\" content=\"pt_BR\" \/>\n<meta property=\"og:type\" content=\"article\" \/>\n<meta property=\"og:title\" content=\"DPDF: EDITAL RETIFICADO; confira as mudan\u00e7as!\" \/>\n<meta property=\"og:description\" content=\"DPDF: edital do concurso p\u00fablico foi retificado. Confira neste artigo as principais mudan\u00e7as e tire todas as d\u00favidas antes de realizar o exame!\" \/>\n<meta property=\"og:url\" content=\"https:\/\/www.estrategiaconcursos.com.br\/blog\/dpdf-edital-retificado\/\" \/>\n<meta property=\"og:site_name\" content=\"Estrat\u00e9gia Concursos\" \/>\n<meta property=\"article:author\" content=\"https:\/\/www.facebook.com\/igor.maciel.1420\" \/>\n<meta property=\"article:published_time\" content=\"2020-08-14T12:39:36+00:00\" \/>\n<meta property=\"article:modified_time\" content=\"2020-09-15T12:45:31+00:00\" \/>\n<meta property=\"og:image\" content=\"https:\/\/dhg1h5j42swfq.cloudfront.net\/2020\/07\/23095159\/DPDF.jpg\" \/>\n\t<meta property=\"og:image:width\" content=\"550\" \/>\n\t<meta property=\"og:image:height\" content=\"367\" \/>\n\t<meta property=\"og:image:type\" content=\"image\/jpeg\" \/>\n<meta name=\"author\" content=\"Igor Maciel\" \/>\n<meta name=\"twitter:card\" content=\"summary_large_image\" \/>\n<meta name=\"twitter:creator\" content=\"@EstratConcursos\" \/>\n<meta name=\"twitter:site\" content=\"@EstratConcursos\" \/>\n<meta name=\"twitter:label1\" content=\"Escrito por\" \/>\n\t<meta name=\"twitter:data1\" content=\"Igor Maciel\" \/>\n\t<meta name=\"twitter:label2\" content=\"Est. tempo de leitura\" \/>\n\t<meta name=\"twitter:data2\" content=\"6 minutos\" \/>\n<script type=\"application\/ld+json\" class=\"yoast-schema-graph\">{\"@context\":\"https:\/\/schema.org\",\"@graph\":[{\"@type\":\"NewsArticle\",\"@id\":\"https:\/\/www.estrategiaconcursos.com.br\/blog\/dpdf-edital-retificado\/#article\",\"isPartOf\":{\"@id\":\"https:\/\/www.estrategiaconcursos.com.br\/blog\/dpdf-edital-retificado\/\"},\"author\":{\"name\":\"Igor Maciel\",\"@id\":\"https:\/\/www.estrategiaconcursos.com.br\/blog\/#\/schema\/person\/024d26d5efb06d95dfc04025d7301591\"},\"headline\":\"DPDF: EDITAL RETIFICADO; confira as mudan\u00e7as!\",\"datePublished\":\"2020-08-14T12:39:36+00:00\",\"dateModified\":\"2020-09-15T12:45:31+00:00\",\"mainEntityOfPage\":{\"@id\":\"https:\/\/www.estrategiaconcursos.com.br\/blog\/dpdf-edital-retificado\/\"},\"wordCount\":1197,\"commentCount\":0,\"publisher\":{\"@id\":\"https:\/\/www.estrategiaconcursos.com.br\/blog\/#organization\"},\"image\":{\"@id\":\"https:\/\/www.estrategiaconcursos.com.br\/blog\/dpdf-edital-retificado\/#primaryimage\"},\"thumbnailUrl\":\"https:\/\/dhg1h5j42swfq.cloudfront.net\/2020\/07\/23095159\/DPDF.jpg\",\"articleSection\":[\"Concursos P\u00fablicos\"],\"inLanguage\":\"pt-BR\",\"potentialAction\":[{\"@type\":\"CommentAction\",\"name\":\"Comment\",\"target\":[\"https:\/\/www.estrategiaconcursos.com.br\/blog\/dpdf-edital-retificado\/#respond\"]}],\"copyrightYear\":\"2020\",\"copyrightHolder\":{\"@id\":\"https:\/\/www.estrategiaconcursos.com.br\/blog\/#organization\"}},{\"@type\":\"WebPage\",\"@id\":\"https:\/\/www.estrategiaconcursos.com.br\/blog\/dpdf-edital-retificado\/\",\"url\":\"https:\/\/www.estrategiaconcursos.com.br\/blog\/dpdf-edital-retificado\/\",\"name\":\"DPDF: EDITAL RETIFICADO; confira as mudan\u00e7as!\",\"isPartOf\":{\"@id\":\"https:\/\/www.estrategiaconcursos.com.br\/blog\/#website\"},\"primaryImageOfPage\":{\"@id\":\"https:\/\/www.estrategiaconcursos.com.br\/blog\/dpdf-edital-retificado\/#primaryimage\"},\"image\":{\"@id\":\"https:\/\/www.estrategiaconcursos.com.br\/blog\/dpdf-edital-retificado\/#primaryimage\"},\"thumbnailUrl\":\"https:\/\/dhg1h5j42swfq.cloudfront.net\/2020\/07\/23095159\/DPDF.jpg\",\"datePublished\":\"2020-08-14T12:39:36+00:00\",\"dateModified\":\"2020-09-15T12:45:31+00:00\",\"description\":\"DPDF: edital do concurso p\u00fablico foi retificado. Confira neste artigo as principais mudan\u00e7as e tire todas as d\u00favidas antes de realizar o exame!\",\"breadcrumb\":{\"@id\":\"https:\/\/www.estrategiaconcursos.com.br\/blog\/dpdf-edital-retificado\/#breadcrumb\"},\"inLanguage\":\"pt-BR\",\"potentialAction\":[{\"@type\":\"ReadAction\",\"target\":[\"https:\/\/www.estrategiaconcursos.com.br\/blog\/dpdf-edital-retificado\/\"]}]},{\"@type\":\"ImageObject\",\"inLanguage\":\"pt-BR\",\"@id\":\"https:\/\/www.estrategiaconcursos.com.br\/blog\/dpdf-edital-retificado\/#primaryimage\",\"url\":\"https:\/\/dhg1h5j42swfq.cloudfront.net\/2020\/07\/23095159\/DPDF.jpg\",\"contentUrl\":\"https:\/\/dhg1h5j42swfq.cloudfront.net\/2020\/07\/23095159\/DPDF.jpg\",\"width\":550,\"height\":367,\"caption\":\"DPDF\"},{\"@type\":\"BreadcrumbList\",\"@id\":\"https:\/\/www.estrategiaconcursos.com.br\/blog\/dpdf-edital-retificado\/#breadcrumb\",\"itemListElement\":[{\"@type\":\"ListItem\",\"position\":1,\"name\":\"In\u00edcio\",\"item\":\"https:\/\/www.estrategiaconcursos.com.br\/blog\/\"},{\"@type\":\"ListItem\",\"position\":2,\"name\":\"DPDF: EDITAL RETIFICADO; confira as mudan\u00e7as!\"}]},{\"@type\":\"WebSite\",\"@id\":\"https:\/\/www.estrategiaconcursos.com.br\/blog\/#website\",\"url\":\"https:\/\/www.estrategiaconcursos.com.br\/blog\/\",\"name\":\"Estrat\u00e9gia Concursos\",\"description\":\"O blog da Estrat\u00e9gia Concursos traz not\u00edcias sobre concursos e artigos de professores oferecendo cursos para concursos (pdf + videaulas) no site.\",\"publisher\":{\"@id\":\"https:\/\/www.estrategiaconcursos.com.br\/blog\/#organization\"},\"potentialAction\":[{\"@type\":\"SearchAction\",\"target\":{\"@type\":\"EntryPoint\",\"urlTemplate\":\"https:\/\/www.estrategiaconcursos.com.br\/blog\/?s={search_term_string}\"},\"query-input\":{\"@type\":\"PropertyValueSpecification\",\"valueRequired\":true,\"valueName\":\"search_term_string\"}}],\"inLanguage\":\"pt-BR\"},{\"@type\":\"Organization\",\"@id\":\"https:\/\/www.estrategiaconcursos.com.br\/blog\/#organization\",\"name\":\"Estrat\u00e9gia Concursos\",\"url\":\"https:\/\/www.estrategiaconcursos.com.br\/blog\/\",\"logo\":{\"@type\":\"ImageObject\",\"inLanguage\":\"pt-BR\",\"@id\":\"https:\/\/www.estrategiaconcursos.com.br\/blog\/#\/schema\/logo\/image\/\",\"url\":\"https:\/\/dhg1h5j42swfq.cloudfront.net\/2025\/06\/03203428\/logo_concursos-1.jpg\",\"contentUrl\":\"https:\/\/dhg1h5j42swfq.cloudfront.net\/2025\/06\/03203428\/logo_concursos-1.jpg\",\"width\":230,\"height\":60,\"caption\":\"Estrat\u00e9gia Concursos\"},\"image\":{\"@id\":\"https:\/\/www.estrategiaconcursos.com.br\/blog\/#\/schema\/logo\/image\/\"},\"sameAs\":[\"https:\/\/x.com\/EstratConcursos\"]},{\"@type\":\"Person\",\"@id\":\"https:\/\/www.estrategiaconcursos.com.br\/blog\/#\/schema\/person\/024d26d5efb06d95dfc04025d7301591\",\"name\":\"Igor Maciel\",\"image\":{\"@type\":\"ImageObject\",\"inLanguage\":\"pt-BR\",\"@id\":\"https:\/\/secure.gravatar.com\/avatar\/e983a676af6facf4aebcb2989d49e3bf61b718712d5e7a4b3f355b7fe651bc2f?s=96&d=mm&r=g\",\"url\":\"https:\/\/secure.gravatar.com\/avatar\/e983a676af6facf4aebcb2989d49e3bf61b718712d5e7a4b3f355b7fe651bc2f?s=96&d=mm&r=g\",\"contentUrl\":\"https:\/\/secure.gravatar.com\/avatar\/e983a676af6facf4aebcb2989d49e3bf61b718712d5e7a4b3f355b7fe651bc2f?s=96&d=mm&r=g\",\"caption\":\"Igor Maciel\"},\"description\":\"Graduado na Universidade Federal de Pernambuco, com extens\u00e3o na Universidade de Coimbra\/Portugal. Especialista LLM em Direito Corporativo pelo IBMEC\/RJ. Mestrando em Direito e Pol\u00edticas P\u00fablicas pelo UNICEUB\/DF. Advogado com atua\u00e7\u00e3o profissional centrada no Direito Tribut\u00e1rio e no Direito Administrativo, especialmente na defesa de servidores p\u00fablicos.\",\"sameAs\":[\"http:\/\/www.imaciel.com.br\",\"https:\/\/www.facebook.com\/igor.maciel.1420\"],\"url\":\"https:\/\/www.estrategiaconcursos.com.br\/blog\/author\/contatoimaciel-com-br\/\"}]}<\/script>\n<!-- \/ Yoast SEO Premium plugin. -->","yoast_head_json":{"title":"DPDF: EDITAL RETIFICADO; confira as mudan\u00e7as!","description":"DPDF: edital do concurso p\u00fablico foi retificado. Confira neste artigo as principais mudan\u00e7as e tire todas as d\u00favidas antes de realizar o exame!","robots":{"index":"index","follow":"follow","max-snippet":"max-snippet:-1","max-image-preview":"max-image-preview:large","max-video-preview":"max-video-preview:-1"},"canonical":"https:\/\/www.estrategiaconcursos.com.br\/blog\/dpdf-edital-retificado\/","og_locale":"pt_BR","og_type":"article","og_title":"DPDF: EDITAL RETIFICADO; confira as mudan\u00e7as!","og_description":"DPDF: edital do concurso p\u00fablico foi retificado. Confira neste artigo as principais mudan\u00e7as e tire todas as d\u00favidas antes de realizar o exame!","og_url":"https:\/\/www.estrategiaconcursos.com.br\/blog\/dpdf-edital-retificado\/","og_site_name":"Estrat\u00e9gia Concursos","article_author":"https:\/\/www.facebook.com\/igor.maciel.1420","article_published_time":"2020-08-14T12:39:36+00:00","article_modified_time":"2020-09-15T12:45:31+00:00","og_image":[{"width":550,"height":367,"url":"https:\/\/dhg1h5j42swfq.cloudfront.net\/2020\/07\/23095159\/DPDF.jpg","type":"image\/jpeg"}],"author":"Igor Maciel","twitter_card":"summary_large_image","twitter_creator":"@EstratConcursos","twitter_site":"@EstratConcursos","twitter_misc":{"Escrito por":"Igor Maciel","Est. tempo de leitura":"6 minutos"},"schema":{"@context":"https:\/\/schema.org","@graph":[{"@type":"NewsArticle","@id":"https:\/\/www.estrategiaconcursos.com.br\/blog\/dpdf-edital-retificado\/#article","isPartOf":{"@id":"https:\/\/www.estrategiaconcursos.com.br\/blog\/dpdf-edital-retificado\/"},"author":{"name":"Igor Maciel","@id":"https:\/\/www.estrategiaconcursos.com.br\/blog\/#\/schema\/person\/024d26d5efb06d95dfc04025d7301591"},"headline":"DPDF: EDITAL RETIFICADO; confira as mudan\u00e7as!","datePublished":"2020-08-14T12:39:36+00:00","dateModified":"2020-09-15T12:45:31+00:00","mainEntityOfPage":{"@id":"https:\/\/www.estrategiaconcursos.com.br\/blog\/dpdf-edital-retificado\/"},"wordCount":1197,"commentCount":0,"publisher":{"@id":"https:\/\/www.estrategiaconcursos.com.br\/blog\/#organization"},"image":{"@id":"https:\/\/www.estrategiaconcursos.com.br\/blog\/dpdf-edital-retificado\/#primaryimage"},"thumbnailUrl":"https:\/\/dhg1h5j42swfq.cloudfront.net\/2020\/07\/23095159\/DPDF.jpg","articleSection":["Concursos P\u00fablicos"],"inLanguage":"pt-BR","potentialAction":[{"@type":"CommentAction","name":"Comment","target":["https:\/\/www.estrategiaconcursos.com.br\/blog\/dpdf-edital-retificado\/#respond"]}],"copyrightYear":"2020","copyrightHolder":{"@id":"https:\/\/www.estrategiaconcursos.com.br\/blog\/#organization"}},{"@type":"WebPage","@id":"https:\/\/www.estrategiaconcursos.com.br\/blog\/dpdf-edital-retificado\/","url":"https:\/\/www.estrategiaconcursos.com.br\/blog\/dpdf-edital-retificado\/","name":"DPDF: EDITAL RETIFICADO; confira as mudan\u00e7as!","isPartOf":{"@id":"https:\/\/www.estrategiaconcursos.com.br\/blog\/#website"},"primaryImageOfPage":{"@id":"https:\/\/www.estrategiaconcursos.com.br\/blog\/dpdf-edital-retificado\/#primaryimage"},"image":{"@id":"https:\/\/www.estrategiaconcursos.com.br\/blog\/dpdf-edital-retificado\/#primaryimage"},"thumbnailUrl":"https:\/\/dhg1h5j42swfq.cloudfront.net\/2020\/07\/23095159\/DPDF.jpg","datePublished":"2020-08-14T12:39:36+00:00","dateModified":"2020-09-15T12:45:31+00:00","description":"DPDF: edital do concurso p\u00fablico foi retificado. Confira neste artigo as principais mudan\u00e7as e tire todas as d\u00favidas antes de realizar o exame!","breadcrumb":{"@id":"https:\/\/www.estrategiaconcursos.com.br\/blog\/dpdf-edital-retificado\/#breadcrumb"},"inLanguage":"pt-BR","potentialAction":[{"@type":"ReadAction","target":["https:\/\/www.estrategiaconcursos.com.br\/blog\/dpdf-edital-retificado\/"]}]},{"@type":"ImageObject","inLanguage":"pt-BR","@id":"https:\/\/www.estrategiaconcursos.com.br\/blog\/dpdf-edital-retificado\/#primaryimage","url":"https:\/\/dhg1h5j42swfq.cloudfront.net\/2020\/07\/23095159\/DPDF.jpg","contentUrl":"https:\/\/dhg1h5j42swfq.cloudfront.net\/2020\/07\/23095159\/DPDF.jpg","width":550,"height":367,"caption":"DPDF"},{"@type":"BreadcrumbList","@id":"https:\/\/www.estrategiaconcursos.com.br\/blog\/dpdf-edital-retificado\/#breadcrumb","itemListElement":[{"@type":"ListItem","position":1,"name":"In\u00edcio","item":"https:\/\/www.estrategiaconcursos.com.br\/blog\/"},{"@type":"ListItem","position":2,"name":"DPDF: EDITAL RETIFICADO; confira as mudan\u00e7as!"}]},{"@type":"WebSite","@id":"https:\/\/www.estrategiaconcursos.com.br\/blog\/#website","url":"https:\/\/www.estrategiaconcursos.com.br\/blog\/","name":"Estrat\u00e9gia Concursos","description":"O blog da Estrat\u00e9gia Concursos traz not\u00edcias sobre concursos e artigos de professores oferecendo cursos para concursos (pdf + videaulas) no site.","publisher":{"@id":"https:\/\/www.estrategiaconcursos.com.br\/blog\/#organization"},"potentialAction":[{"@type":"SearchAction","target":{"@type":"EntryPoint","urlTemplate":"https:\/\/www.estrategiaconcursos.com.br\/blog\/?s={search_term_string}"},"query-input":{"@type":"PropertyValueSpecification","valueRequired":true,"valueName":"search_term_string"}}],"inLanguage":"pt-BR"},{"@type":"Organization","@id":"https:\/\/www.estrategiaconcursos.com.br\/blog\/#organization","name":"Estrat\u00e9gia Concursos","url":"https:\/\/www.estrategiaconcursos.com.br\/blog\/","logo":{"@type":"ImageObject","inLanguage":"pt-BR","@id":"https:\/\/www.estrategiaconcursos.com.br\/blog\/#\/schema\/logo\/image\/","url":"https:\/\/dhg1h5j42swfq.cloudfront.net\/2025\/06\/03203428\/logo_concursos-1.jpg","contentUrl":"https:\/\/dhg1h5j42swfq.cloudfront.net\/2025\/06\/03203428\/logo_concursos-1.jpg","width":230,"height":60,"caption":"Estrat\u00e9gia Concursos"},"image":{"@id":"https:\/\/www.estrategiaconcursos.com.br\/blog\/#\/schema\/logo\/image\/"},"sameAs":["https:\/\/x.com\/EstratConcursos"]},{"@type":"Person","@id":"https:\/\/www.estrategiaconcursos.com.br\/blog\/#\/schema\/person\/024d26d5efb06d95dfc04025d7301591","name":"Igor Maciel","image":{"@type":"ImageObject","inLanguage":"pt-BR","@id":"https:\/\/secure.gravatar.com\/avatar\/e983a676af6facf4aebcb2989d49e3bf61b718712d5e7a4b3f355b7fe651bc2f?s=96&d=mm&r=g","url":"https:\/\/secure.gravatar.com\/avatar\/e983a676af6facf4aebcb2989d49e3bf61b718712d5e7a4b3f355b7fe651bc2f?s=96&d=mm&r=g","contentUrl":"https:\/\/secure.gravatar.com\/avatar\/e983a676af6facf4aebcb2989d49e3bf61b718712d5e7a4b3f355b7fe651bc2f?s=96&d=mm&r=g","caption":"Igor Maciel"},"description":"Graduado na Universidade Federal de Pernambuco, com extens\u00e3o na Universidade de Coimbra\/Portugal. Especialista LLM em Direito Corporativo pelo IBMEC\/RJ. Mestrando em Direito e Pol\u00edticas P\u00fablicas pelo UNICEUB\/DF. Advogado com atua\u00e7\u00e3o profissional centrada no Direito Tribut\u00e1rio e no Direito Administrativo, especialmente na defesa de servidores p\u00fablicos.","sameAs":["http:\/\/www.imaciel.com.br","https:\/\/www.facebook.com\/igor.maciel.1420"],"url":"https:\/\/www.estrategiaconcursos.com.br\/blog\/author\/contatoimaciel-com-br\/"}]}},"_links":{"self":[{"href":"https:\/\/www.estrategiaconcursos.com.br\/blog\/wp-json\/wp\/v2\/posts\/555753","targetHints":{"allow":["GET"]}}],"collection":[{"href":"https:\/\/www.estrategiaconcursos.com.br\/blog\/wp-json\/wp\/v2\/posts"}],"about":[{"href":"https:\/\/www.estrategiaconcursos.com.br\/blog\/wp-json\/wp\/v2\/types\/post"}],"author":[{"embeddable":true,"href":"https:\/\/www.estrategiaconcursos.com.br\/blog\/wp-json\/wp\/v2\/users\/317"}],"replies":[{"embeddable":true,"href":"https:\/\/www.estrategiaconcursos.com.br\/blog\/wp-json\/wp\/v2\/comments?post=555753"}],"version-history":[{"count":3,"href":"https:\/\/www.estrategiaconcursos.com.br\/blog\/wp-json\/wp\/v2\/posts\/555753\/revisions"}],"predecessor-version":[{"id":572146,"href":"https:\/\/www.estrategiaconcursos.com.br\/blog\/wp-json\/wp\/v2\/posts\/555753\/revisions\/572146"}],"wp:featuredmedia":[{"embeddable":true,"href":"https:\/\/www.estrategiaconcursos.com.br\/blog\/wp-json\/wp\/v2\/media\/545916"}],"wp:attachment":[{"href":"https:\/\/www.estrategiaconcursos.com.br\/blog\/wp-json\/wp\/v2\/media?parent=555753"}],"wp:term":[{"taxonomy":"category","embeddable":true,"href":"https:\/\/www.estrategiaconcursos.com.br\/blog\/wp-json\/wp\/v2\/categories?post=555753"},{"taxonomy":"post_tag","embeddable":true,"href":"https:\/\/www.estrategiaconcursos.com.br\/blog\/wp-json\/wp\/v2\/tags?post=555753"},{"taxonomy":"tax_estado","embeddable":true,"href":"https:\/\/www.estrategiaconcursos.com.br\/blog\/wp-json\/wp\/v2\/tax_estado?post=555753"}],"curies":[{"name":"wp","href":"https:\/\/api.w.org\/{rel}","templated":true}]}}