{"id":555689,"date":"2020-08-14T07:37:58","date_gmt":"2020-08-14T10:37:58","guid":{"rendered":"https:\/\/www.estrategiaconcursos.com.br\/blog\/?p=555689"},"modified":"2020-08-14T11:55:46","modified_gmt":"2020-08-14T14:55:46","slug":"concurso-pcdf-escrivao-provas-remarcadas","status":"publish","type":"post","link":"https:\/\/www.estrategiaconcursos.com.br\/blog\/concurso-pcdf-escrivao-provas-remarcadas\/","title":{"rendered":"Concurso PCDF Escriv\u00e3o tem provas remarcadas para outubro!"},"content":{"rendered":"\n<p>Foi publicada no Di\u00e1rio Oficial do Distrito Federal a nova data de realiza\u00e7\u00e3o das provas do concurso PCDF Escriv\u00e3o!<\/p>\n\n\n\n<p>De acordo com a publica\u00e7\u00e3o, as provas objetivas e discursivas ocorrer\u00e3o no dia <strong>17 de outubro, no turno da tarde<\/strong>, e ter\u00e3o dura\u00e7\u00e3o de 4h30.<\/p>\n\n\n\n<p>Informa ainda que, na data prov\u00e1vel de 7 de outubro, ser\u00e1 divulgada a consulta aos locais de realiza\u00e7\u00e3o de prova, as medidas de prote\u00e7\u00e3o contra a transmiss\u00e3o do v\u00edrus Covid-19 e as demais datas do certame.<\/p>\n\n\n\n<p>Vale lembrar que o Concurso PCDF Escriv\u00e3o conta com a oferta de 300  vagas para o cargo, exige forma\u00e7\u00e3o de n\u00edvel superior em qualquer \u00e1rea e a remunera\u00e7\u00e3o inicial \u00e9 de R$ 8.698,78.<\/p>\n\n\n\n<p>Confira abaixo a publica\u00e7\u00e3o e comece j\u00e1 a refor\u00e7ar seus estudos!<\/p>\n\n\n\n<figure class=\"wp-block-image size-large\"><img decoding=\"async\" src=\"https:\/\/dhg1h5j42swfq.cloudfront.net\/2020\/08\/14073232\/Captura-de-Tela-2020-08-14-a%CC%80s-07.28.29.png\" alt=\"\" class=\"wp-image-555690\"\/><\/figure>\n\n\n\n<figure class=\"wp-block-image size-large\"><img decoding=\"async\" src=\"https:\/\/dhg1h5j42swfq.cloudfront.net\/2020\/08\/14073242\/Captura-de-Tela-2020-08-14-a%CC%80s-07.28.38.png\" alt=\"\" class=\"wp-image-555691\"\/><\/figure>\n\n\n\n<h3 class=\"wp-block-heading\">Prova objetiva do Concurso PCDF Escriv\u00e3o<\/h3>\n\n\n\n<p>A prova objetiva ser\u00e1 constitu\u00edda por<strong>&nbsp;120 quest\u00f5es<\/strong>&nbsp;do tipo \u201cCerto\u201d ou \u201cErrado\u201d, sendo 50 de conhecimentos b\u00e1sicos e 70 de conhecimentos espec\u00edficos. Ser\u00e1 reprovado na etapa e eliminado do concurso o candidato que se enquadrar em pelo menos um dos itens a seguir:<\/p>\n\n\n\n<ol class=\"wp-block-list\"><li>obtiver&nbsp;<strong>nota inferior a 10,00<\/strong>&nbsp;pontos na prova objetiva de conhecimentos b\u00e1sicos P1;<\/li><li>obtiver&nbsp;<strong>nota inferior a 21,00<\/strong>&nbsp;pontos na prova objetiva de conhecimentos espec\u00edficos P2;<\/li><li>obtiver<strong>&nbsp;nota inferior a 36,00<\/strong>&nbsp;pontos no conjunto das provas objetivas.<\/li><\/ol>\n\n\n\n<figure class=\"wp-block-table is-style-stripes\"><table class=\"has-subtle-pale-green-background-color has-background\"><tbody><tr><td><strong>Conhecimentos B\u00e1sicos<\/strong>&nbsp;<strong>(P1)<\/strong><\/td><td><strong>Conhecimentos Espec\u00edficos<\/strong>&nbsp;<strong>(P2)<\/strong><\/td><\/tr><tr><td>L\u00edngua Portuguesa<\/td><td>No\u00e7\u00f5es de Direito Constitucional<\/td><\/tr><tr><td>L\u00edngua Inglesa<\/td><td>No\u00e7\u00f5es de Direito Penal<\/td><\/tr><tr><td>Conhecimentos Sobre o Distrito Federal<\/td><td>No\u00e7\u00f5es de Direito Processual Penal<\/td><\/tr><tr><td>Legisla\u00e7\u00e3o<\/td><td>No\u00e7\u00f5es de Direitos Humanos<\/td><\/tr><tr><td>\u2013<\/td><td>Inform\u00e1tica<\/td><\/tr><tr><td>\u2013<\/td><td>Matem\u00e1tica e Racioc\u00ednio L\u00f3gico<\/td><\/tr><\/tbody><\/table><\/figure>\n\n\n\n<h3 class=\"wp-block-heading\">Prova Discursiva<\/h3>\n\n\n\n<p>A prova discursiva ser\u00e1 composta de uma reda\u00e7\u00e3o com at\u00e9 30 linhas sobre tema inerente ao conte\u00fado program\u00e1tico do concurso PCDF.<\/p>\n\n\n\n<p>A banca examinadora realizar\u00e1 a corre\u00e7\u00e3o de macroestrutura (conte\u00fado) e de microestrutura (l\u00edngua portuguesa).<\/p>\n\n\n\n<p>Ser\u00e3o corrigidas at\u00e9 900 provas discursivas (tr\u00eas vezes o n\u00famero de vagas) dos candidatos aprovados nas provas objetivas, respeitados os empates na \u00faltima posi\u00e7\u00e3o. Confira a seguir o quadro de limite de posi\u00e7\u00f5es para a corre\u00e7\u00e3o da quest\u00f5es discursivas.<\/p>\n\n\n\n<figure class=\"wp-block-table is-style-stripes\"><table class=\"has-subtle-pale-green-background-color has-background\"><tbody><tr><td><strong>Limite de posi\u00e7\u00f5es para corre\u00e7\u00e3o de ampla concorr\u00eancia<\/strong><\/td><td><strong>Limite de posi\u00e7\u00f5es para corre\u00e7\u00e3o de PCD<\/strong><\/td><td><strong>Limite de posi\u00e7\u00f5es para corre\u00e7\u00e3o de PP<\/strong><\/td><td><strong>Total estimado de corre\u00e7\u00f5es<\/strong><\/td><\/tr><tr><td>675<\/td><td>45<\/td><td>180<\/td><td>900<\/td><\/tr><\/tbody><\/table><\/figure>\n\n\n\n<p class=\"has-background has-text-align-center has-very-light-gray-background-color\"><strong>Saiba mais: <a rel=\"noreferrer noopener\" href=\"https:\/\/www.estrategiaconcursos.com.br\/blog\/concurso-pcdf\/\" target=\"_blank\">Concurso PCDF<\/a><\/strong><\/p>\n\n\n\n<p class=\"has-text-align-center\"><strong><em><strong>Sistema de Quest\u00f5es<\/strong><\/em><\/strong><\/p>\n\n\n\n<p class=\"has-text-align-center\">Estrat\u00e9gia Quest\u00f5es nasceu maior do que todos os concorrentes, com mais quest\u00f5es cadastradas e mais solu\u00e7\u00f5es por professores. Clique no link e aproveite os descontos e b\u00f4nus imperd\u00edveis!<\/p>\n\n\n\n<p class=\"has-background has-text-align-center has-vivid-green-cyan-background-color\"><strong>ASSINE AGORA \u2013 <a href=\"https:\/\/www.estrategiaconcursos.com.br\/cursosPorConcurso\/sistema-de-questoes\/#\/\" target=\"_blank\" rel=\"noreferrer noopener\">Sistema de Quest\u00f5es<\/a><\/strong><\/p>\n\n\n\n<h2 class=\"wp-block-heading\" id=\"assinatura-e-cursos\">Assinatura ilimitada e cursos para o Concurso PCDF Escriv\u00e3o<\/h2>\n\n\n\n<p class=\"has-text-align-center\"><em>Gostou desta oportunidade e deseja come\u00e7ar se preparar agora mesmo? Ent\u00e3o, confira os nossos cursos e comece a estudar para o concurso PCDF:<\/em><\/p>\n\n\n\n<p class=\"has-background has-text-align-center has-medium-font-size has-luminous-vivid-amber-background-color\"><strong><a rel=\"noreferrer noopener\" href=\"https:\/\/www.estrategiaconcursos.com.br\/cursosPorConcurso\/policia-civil-do-distrito-federal-pc-df\/\" target=\"_blank\">CURSOS PCDF<\/a><\/strong><a rel=\"noreferrer noopener\" href=\"https:\/\/www.estrategiaconcursos.com.br\/cursosPorConcurso\/policia-civil-do-distrito-federal-pc-df\/\" target=\"_blank\"> Escriv\u00e3o<\/a><\/p>\n\n\n\n<p class=\"has-text-align-center\"><em><strong>Assinatura Anual Ilimitada*<\/strong><\/em><\/p>\n\n\n\n<p class=\"has-text-align-center\"><em>Prepare-se com o melhor material e com quem mais aprova em Concursos P\u00fablicos em todo o pa\u00eds. Assine agora a nossa Assinatura Anual e tenha acesso ilimitado* a todos os nossos cursos.<\/em><\/p>\n\n\n\n<p class=\"has-background has-text-align-center has-medium-font-size has-light-green-cyan-background-color\"><strong>ASSINE AGORA<\/strong>&nbsp;\u2013&nbsp;<a href=\"https:\/\/www.estrategiaconcursos.com.br\/assinaturas\/\" target=\"_blank\" rel=\"noreferrer noopener\"><strong>Assinatura Ilimitada<\/strong><\/a><\/p>\n\n\n\n<p class=\"has-background has-text-align-center has-medium-font-size has-pale-cyan-blue-background-color\"><strong><a href=\"https:\/\/www.estrategiaconcursos.com.br\/blog\/concursos-abertos\/\">CONCURSOS ABERTOS<\/a><\/strong><\/p>\n\n\n\n<p class=\"has-background has-text-align-center has-medium-font-size has-pale-cyan-blue-background-color\"><a href=\"https:\/\/www.estrategiaconcursos.com.br\/blog\/concursos-2020\/\"><strong>CONCURSOS<\/strong><\/a><strong><a href=\"https:\/\/www.estrategiaconcursos.com.br\/blog\/concursos-2020\/\">&nbsp;2020<\/a><\/strong><\/p>\n\n\n\n<p class=\"has-background has-text-align-center has-medium-font-size has-pale-cyan-blue-background-color\"><a href=\"https:\/\/www.estrategiaconcursos.com.br\/blog\/concursos-2021\/\" target=\"_blank\" rel=\"noreferrer noopener\"><strong>Concursos 2021<\/strong><\/a><\/p>\n\n\n\n<p class=\"has-background has-text-align-center has-medium-font-size has-pale-cyan-blue-background-color\"><strong><a aria-label=\"Concursos Policiais (abre numa nova aba)\" href=\"https:\/\/www.estrategiaconcursos.com.br\/blog\/concursos-de-policia\/\" target=\"_blank\" rel=\"noreferrer noopener\">CONCURSOS POLICIAIS<\/a><\/strong><\/p>\n","protected":false},"excerpt":{"rendered":"<p>Foi publicada no Di\u00e1rio Oficial do Distrito Federal a nova data de realiza\u00e7\u00e3o das provas do concurso PCDF Escriv\u00e3o! De acordo com a publica\u00e7\u00e3o, as provas objetivas e discursivas ocorrer\u00e3o no dia 17 de outubro, no turno da tarde, e ter\u00e3o dura\u00e7\u00e3o de 4h30. Informa ainda que, na data prov\u00e1vel de 7 de outubro, ser\u00e1 [&hellip;]<\/p>\n","protected":false},"author":1482,"featured_media":483507,"comment_status":"open","ping_status":"closed","sticky":false,"template":"","format":"standard","meta":{"post_tipo":"article","footnotes":""},"categories":[1],"tags":[],"tax_estado":[],"class_list":["post-555689","post","type-post","status-publish","format-standard","has-post-thumbnail","hentry","category-cursos-e-concursos"],"acf":[],"yoast_head":"<!-- This site is optimized with the Yoast SEO Premium plugin v27.2 (Yoast SEO v27.2) - https:\/\/yoast.com\/product\/yoast-seo-premium-wordpress\/ -->\n<title>Concurso PCDF Escriv\u00e3o tem provas remarcadas para outubro!<\/title>\n<meta name=\"description\" content=\"Concurso PCDF Escriv\u00e3o j\u00e1 tem novas datas!confira tudo o que voc\u00ea precisa saber sobre o novo calend\u00e1rio e comece j\u00e1 a refor\u00e7ar seus estudos!\" \/>\n<meta name=\"robots\" content=\"index, follow, max-snippet:-1, max-image-preview:large, max-video-preview:-1\" \/>\n<link rel=\"canonical\" href=\"https:\/\/www.estrategiaconcursos.com.br\/blog\/concurso-pcdf-escrivao-provas-remarcadas\/\" \/>\n<meta property=\"og:locale\" content=\"pt_BR\" \/>\n<meta property=\"og:type\" content=\"article\" \/>\n<meta property=\"og:title\" content=\"Concurso PCDF Escriv\u00e3o tem provas remarcadas para outubro!\" \/>\n<meta property=\"og:description\" content=\"Concurso PCDF Escriv\u00e3o j\u00e1 tem novas datas!confira tudo o que voc\u00ea precisa saber sobre o novo calend\u00e1rio e comece j\u00e1 a refor\u00e7ar seus estudos!\" \/>\n<meta property=\"og:url\" content=\"https:\/\/www.estrategiaconcursos.com.br\/blog\/concurso-pcdf-escrivao-provas-remarcadas\/\" \/>\n<meta property=\"og:site_name\" content=\"Estrat\u00e9gia Concursos\" \/>\n<meta property=\"article:published_time\" content=\"2020-08-14T10:37:58+00:00\" \/>\n<meta property=\"article:modified_time\" content=\"2020-08-14T14:55:46+00:00\" \/>\n<meta property=\"og:image\" content=\"https:\/\/dhg1h5j42swfq.cloudfront.net\/2020\/02\/18173711\/Mantenha-o-ritmo-de-estudos-para-a-PCDF-neste-Carnaval.png\" \/>\n\t<meta property=\"og:image:width\" content=\"716\" \/>\n\t<meta property=\"og:image:height\" content=\"400\" \/>\n\t<meta property=\"og:image:type\" content=\"image\/png\" \/>\n<meta name=\"author\" content=\"Diego Cerqueira\" \/>\n<meta name=\"twitter:card\" content=\"summary_large_image\" \/>\n<meta name=\"twitter:creator\" content=\"@EstratConcursos\" \/>\n<meta name=\"twitter:site\" content=\"@EstratConcursos\" \/>\n<meta name=\"twitter:label1\" content=\"Escrito por\" \/>\n\t<meta name=\"twitter:data1\" content=\"Diego Cerqueira\" \/>\n\t<meta name=\"twitter:label2\" content=\"Est. tempo de leitura\" \/>\n\t<meta name=\"twitter:data2\" content=\"3 minutos\" \/>\n<script type=\"application\/ld+json\" class=\"yoast-schema-graph\">{\"@context\":\"https:\/\/schema.org\",\"@graph\":[{\"@type\":\"NewsArticle\",\"@id\":\"https:\/\/www.estrategiaconcursos.com.br\/blog\/concurso-pcdf-escrivao-provas-remarcadas\/#article\",\"isPartOf\":{\"@id\":\"https:\/\/www.estrategiaconcursos.com.br\/blog\/concurso-pcdf-escrivao-provas-remarcadas\/\"},\"author\":{\"name\":\"Diego Cerqueira\",\"@id\":\"https:\/\/www.estrategiaconcursos.com.br\/blog\/#\/schema\/person\/dd9f6d98671a3ac63bf25b40baf6f2e2\"},\"headline\":\"Concurso PCDF Escriv\u00e3o tem provas remarcadas para outubro!\",\"datePublished\":\"2020-08-14T10:37:58+00:00\",\"dateModified\":\"2020-08-14T14:55:46+00:00\",\"mainEntityOfPage\":{\"@id\":\"https:\/\/www.estrategiaconcursos.com.br\/blog\/concurso-pcdf-escrivao-provas-remarcadas\/\"},\"wordCount\":553,\"commentCount\":0,\"publisher\":{\"@id\":\"https:\/\/www.estrategiaconcursos.com.br\/blog\/#organization\"},\"image\":{\"@id\":\"https:\/\/www.estrategiaconcursos.com.br\/blog\/concurso-pcdf-escrivao-provas-remarcadas\/#primaryimage\"},\"thumbnailUrl\":\"https:\/\/dhg1h5j42swfq.cloudfront.net\/2020\/02\/18173711\/Mantenha-o-ritmo-de-estudos-para-a-PCDF-neste-Carnaval.png\",\"articleSection\":[\"Concursos P\u00fablicos\"],\"inLanguage\":\"pt-BR\",\"potentialAction\":[{\"@type\":\"CommentAction\",\"name\":\"Comment\",\"target\":[\"https:\/\/www.estrategiaconcursos.com.br\/blog\/concurso-pcdf-escrivao-provas-remarcadas\/#respond\"]}],\"copyrightYear\":\"2020\",\"copyrightHolder\":{\"@id\":\"https:\/\/www.estrategiaconcursos.com.br\/blog\/#organization\"}},{\"@type\":\"WebPage\",\"@id\":\"https:\/\/www.estrategiaconcursos.com.br\/blog\/concurso-pcdf-escrivao-provas-remarcadas\/\",\"url\":\"https:\/\/www.estrategiaconcursos.com.br\/blog\/concurso-pcdf-escrivao-provas-remarcadas\/\",\"name\":\"Concurso PCDF Escriv\u00e3o tem provas remarcadas para outubro!\",\"isPartOf\":{\"@id\":\"https:\/\/www.estrategiaconcursos.com.br\/blog\/#website\"},\"primaryImageOfPage\":{\"@id\":\"https:\/\/www.estrategiaconcursos.com.br\/blog\/concurso-pcdf-escrivao-provas-remarcadas\/#primaryimage\"},\"image\":{\"@id\":\"https:\/\/www.estrategiaconcursos.com.br\/blog\/concurso-pcdf-escrivao-provas-remarcadas\/#primaryimage\"},\"thumbnailUrl\":\"https:\/\/dhg1h5j42swfq.cloudfront.net\/2020\/02\/18173711\/Mantenha-o-ritmo-de-estudos-para-a-PCDF-neste-Carnaval.png\",\"datePublished\":\"2020-08-14T10:37:58+00:00\",\"dateModified\":\"2020-08-14T14:55:46+00:00\",\"description\":\"Concurso PCDF Escriv\u00e3o j\u00e1 tem novas datas!confira tudo o que voc\u00ea precisa saber sobre o novo calend\u00e1rio e comece j\u00e1 a refor\u00e7ar seus estudos!\",\"breadcrumb\":{\"@id\":\"https:\/\/www.estrategiaconcursos.com.br\/blog\/concurso-pcdf-escrivao-provas-remarcadas\/#breadcrumb\"},\"inLanguage\":\"pt-BR\",\"potentialAction\":[{\"@type\":\"ReadAction\",\"target\":[\"https:\/\/www.estrategiaconcursos.com.br\/blog\/concurso-pcdf-escrivao-provas-remarcadas\/\"]}]},{\"@type\":\"ImageObject\",\"inLanguage\":\"pt-BR\",\"@id\":\"https:\/\/www.estrategiaconcursos.com.br\/blog\/concurso-pcdf-escrivao-provas-remarcadas\/#primaryimage\",\"url\":\"https:\/\/dhg1h5j42swfq.cloudfront.net\/2020\/02\/18173711\/Mantenha-o-ritmo-de-estudos-para-a-PCDF-neste-Carnaval.png\",\"contentUrl\":\"https:\/\/dhg1h5j42swfq.cloudfront.net\/2020\/02\/18173711\/Mantenha-o-ritmo-de-estudos-para-a-PCDF-neste-Carnaval.png\",\"width\":716,\"height\":400,\"caption\":\"provas do concurso pcdf\"},{\"@type\":\"BreadcrumbList\",\"@id\":\"https:\/\/www.estrategiaconcursos.com.br\/blog\/concurso-pcdf-escrivao-provas-remarcadas\/#breadcrumb\",\"itemListElement\":[{\"@type\":\"ListItem\",\"position\":1,\"name\":\"In\u00edcio\",\"item\":\"https:\/\/www.estrategiaconcursos.com.br\/blog\/\"},{\"@type\":\"ListItem\",\"position\":2,\"name\":\"Concurso PCDF Escriv\u00e3o tem provas remarcadas para outubro!\"}]},{\"@type\":\"WebSite\",\"@id\":\"https:\/\/www.estrategiaconcursos.com.br\/blog\/#website\",\"url\":\"https:\/\/www.estrategiaconcursos.com.br\/blog\/\",\"name\":\"Estrat\u00e9gia Concursos\",\"description\":\"O blog da Estrat\u00e9gia Concursos traz not\u00edcias sobre concursos e artigos de professores oferecendo cursos para concursos (pdf + videaulas) no site.\",\"publisher\":{\"@id\":\"https:\/\/www.estrategiaconcursos.com.br\/blog\/#organization\"},\"potentialAction\":[{\"@type\":\"SearchAction\",\"target\":{\"@type\":\"EntryPoint\",\"urlTemplate\":\"https:\/\/www.estrategiaconcursos.com.br\/blog\/?s={search_term_string}\"},\"query-input\":{\"@type\":\"PropertyValueSpecification\",\"valueRequired\":true,\"valueName\":\"search_term_string\"}}],\"inLanguage\":\"pt-BR\"},{\"@type\":\"Organization\",\"@id\":\"https:\/\/www.estrategiaconcursos.com.br\/blog\/#organization\",\"name\":\"Estrat\u00e9gia Concursos\",\"url\":\"https:\/\/www.estrategiaconcursos.com.br\/blog\/\",\"logo\":{\"@type\":\"ImageObject\",\"inLanguage\":\"pt-BR\",\"@id\":\"https:\/\/www.estrategiaconcursos.com.br\/blog\/#\/schema\/logo\/image\/\",\"url\":\"https:\/\/dhg1h5j42swfq.cloudfront.net\/2025\/06\/03203428\/logo_concursos-1.jpg\",\"contentUrl\":\"https:\/\/dhg1h5j42swfq.cloudfront.net\/2025\/06\/03203428\/logo_concursos-1.jpg\",\"width\":230,\"height\":60,\"caption\":\"Estrat\u00e9gia Concursos\"},\"image\":{\"@id\":\"https:\/\/www.estrategiaconcursos.com.br\/blog\/#\/schema\/logo\/image\/\"},\"sameAs\":[\"https:\/\/x.com\/EstratConcursos\"]},{\"@type\":\"Person\",\"@id\":\"https:\/\/www.estrategiaconcursos.com.br\/blog\/#\/schema\/person\/dd9f6d98671a3ac63bf25b40baf6f2e2\",\"name\":\"Diego Cerqueira\",\"image\":{\"@type\":\"ImageObject\",\"inLanguage\":\"pt-BR\",\"@id\":\"https:\/\/secure.gravatar.com\/avatar\/93f5bbe4c5469a613830caa67379a40ab60d82fa495e4fbb9e4039bce737c0cc?s=96&d=mm&r=g\",\"url\":\"https:\/\/secure.gravatar.com\/avatar\/93f5bbe4c5469a613830caa67379a40ab60d82fa495e4fbb9e4039bce737c0cc?s=96&d=mm&r=g\",\"contentUrl\":\"https:\/\/secure.gravatar.com\/avatar\/93f5bbe4c5469a613830caa67379a40ab60d82fa495e4fbb9e4039bce737c0cc?s=96&d=mm&r=g\",\"caption\":\"Diego Cerqueira\"},\"url\":\"https:\/\/www.estrategiaconcursos.com.br\/blog\/author\/diegocerqueiraestrategiaconcursos-com-br-2\/\"}]}<\/script>\n<!-- \/ Yoast SEO Premium plugin. -->","yoast_head_json":{"title":"Concurso PCDF Escriv\u00e3o tem provas remarcadas para outubro!","description":"Concurso PCDF Escriv\u00e3o j\u00e1 tem novas datas!confira tudo o que voc\u00ea precisa saber sobre o novo calend\u00e1rio e comece j\u00e1 a refor\u00e7ar seus estudos!","robots":{"index":"index","follow":"follow","max-snippet":"max-snippet:-1","max-image-preview":"max-image-preview:large","max-video-preview":"max-video-preview:-1"},"canonical":"https:\/\/www.estrategiaconcursos.com.br\/blog\/concurso-pcdf-escrivao-provas-remarcadas\/","og_locale":"pt_BR","og_type":"article","og_title":"Concurso PCDF Escriv\u00e3o tem provas remarcadas para outubro!","og_description":"Concurso PCDF Escriv\u00e3o j\u00e1 tem novas datas!confira tudo o que voc\u00ea precisa saber sobre o novo calend\u00e1rio e comece j\u00e1 a refor\u00e7ar seus estudos!","og_url":"https:\/\/www.estrategiaconcursos.com.br\/blog\/concurso-pcdf-escrivao-provas-remarcadas\/","og_site_name":"Estrat\u00e9gia Concursos","article_published_time":"2020-08-14T10:37:58+00:00","article_modified_time":"2020-08-14T14:55:46+00:00","og_image":[{"width":716,"height":400,"url":"https:\/\/dhg1h5j42swfq.cloudfront.net\/2020\/02\/18173711\/Mantenha-o-ritmo-de-estudos-para-a-PCDF-neste-Carnaval.png","type":"image\/png"}],"author":"Diego Cerqueira","twitter_card":"summary_large_image","twitter_creator":"@EstratConcursos","twitter_site":"@EstratConcursos","twitter_misc":{"Escrito por":"Diego Cerqueira","Est. tempo de leitura":"3 minutos"},"schema":{"@context":"https:\/\/schema.org","@graph":[{"@type":"NewsArticle","@id":"https:\/\/www.estrategiaconcursos.com.br\/blog\/concurso-pcdf-escrivao-provas-remarcadas\/#article","isPartOf":{"@id":"https:\/\/www.estrategiaconcursos.com.br\/blog\/concurso-pcdf-escrivao-provas-remarcadas\/"},"author":{"name":"Diego Cerqueira","@id":"https:\/\/www.estrategiaconcursos.com.br\/blog\/#\/schema\/person\/dd9f6d98671a3ac63bf25b40baf6f2e2"},"headline":"Concurso PCDF Escriv\u00e3o tem provas remarcadas para outubro!","datePublished":"2020-08-14T10:37:58+00:00","dateModified":"2020-08-14T14:55:46+00:00","mainEntityOfPage":{"@id":"https:\/\/www.estrategiaconcursos.com.br\/blog\/concurso-pcdf-escrivao-provas-remarcadas\/"},"wordCount":553,"commentCount":0,"publisher":{"@id":"https:\/\/www.estrategiaconcursos.com.br\/blog\/#organization"},"image":{"@id":"https:\/\/www.estrategiaconcursos.com.br\/blog\/concurso-pcdf-escrivao-provas-remarcadas\/#primaryimage"},"thumbnailUrl":"https:\/\/dhg1h5j42swfq.cloudfront.net\/2020\/02\/18173711\/Mantenha-o-ritmo-de-estudos-para-a-PCDF-neste-Carnaval.png","articleSection":["Concursos P\u00fablicos"],"inLanguage":"pt-BR","potentialAction":[{"@type":"CommentAction","name":"Comment","target":["https:\/\/www.estrategiaconcursos.com.br\/blog\/concurso-pcdf-escrivao-provas-remarcadas\/#respond"]}],"copyrightYear":"2020","copyrightHolder":{"@id":"https:\/\/www.estrategiaconcursos.com.br\/blog\/#organization"}},{"@type":"WebPage","@id":"https:\/\/www.estrategiaconcursos.com.br\/blog\/concurso-pcdf-escrivao-provas-remarcadas\/","url":"https:\/\/www.estrategiaconcursos.com.br\/blog\/concurso-pcdf-escrivao-provas-remarcadas\/","name":"Concurso PCDF Escriv\u00e3o tem provas remarcadas para outubro!","isPartOf":{"@id":"https:\/\/www.estrategiaconcursos.com.br\/blog\/#website"},"primaryImageOfPage":{"@id":"https:\/\/www.estrategiaconcursos.com.br\/blog\/concurso-pcdf-escrivao-provas-remarcadas\/#primaryimage"},"image":{"@id":"https:\/\/www.estrategiaconcursos.com.br\/blog\/concurso-pcdf-escrivao-provas-remarcadas\/#primaryimage"},"thumbnailUrl":"https:\/\/dhg1h5j42swfq.cloudfront.net\/2020\/02\/18173711\/Mantenha-o-ritmo-de-estudos-para-a-PCDF-neste-Carnaval.png","datePublished":"2020-08-14T10:37:58+00:00","dateModified":"2020-08-14T14:55:46+00:00","description":"Concurso PCDF Escriv\u00e3o j\u00e1 tem novas datas!confira tudo o que voc\u00ea precisa saber sobre o novo calend\u00e1rio e comece j\u00e1 a refor\u00e7ar seus estudos!","breadcrumb":{"@id":"https:\/\/www.estrategiaconcursos.com.br\/blog\/concurso-pcdf-escrivao-provas-remarcadas\/#breadcrumb"},"inLanguage":"pt-BR","potentialAction":[{"@type":"ReadAction","target":["https:\/\/www.estrategiaconcursos.com.br\/blog\/concurso-pcdf-escrivao-provas-remarcadas\/"]}]},{"@type":"ImageObject","inLanguage":"pt-BR","@id":"https:\/\/www.estrategiaconcursos.com.br\/blog\/concurso-pcdf-escrivao-provas-remarcadas\/#primaryimage","url":"https:\/\/dhg1h5j42swfq.cloudfront.net\/2020\/02\/18173711\/Mantenha-o-ritmo-de-estudos-para-a-PCDF-neste-Carnaval.png","contentUrl":"https:\/\/dhg1h5j42swfq.cloudfront.net\/2020\/02\/18173711\/Mantenha-o-ritmo-de-estudos-para-a-PCDF-neste-Carnaval.png","width":716,"height":400,"caption":"provas do concurso pcdf"},{"@type":"BreadcrumbList","@id":"https:\/\/www.estrategiaconcursos.com.br\/blog\/concurso-pcdf-escrivao-provas-remarcadas\/#breadcrumb","itemListElement":[{"@type":"ListItem","position":1,"name":"In\u00edcio","item":"https:\/\/www.estrategiaconcursos.com.br\/blog\/"},{"@type":"ListItem","position":2,"name":"Concurso PCDF Escriv\u00e3o tem provas remarcadas para outubro!"}]},{"@type":"WebSite","@id":"https:\/\/www.estrategiaconcursos.com.br\/blog\/#website","url":"https:\/\/www.estrategiaconcursos.com.br\/blog\/","name":"Estrat\u00e9gia Concursos","description":"O blog da Estrat\u00e9gia Concursos traz not\u00edcias sobre concursos e artigos de professores oferecendo cursos para concursos (pdf + videaulas) no site.","publisher":{"@id":"https:\/\/www.estrategiaconcursos.com.br\/blog\/#organization"},"potentialAction":[{"@type":"SearchAction","target":{"@type":"EntryPoint","urlTemplate":"https:\/\/www.estrategiaconcursos.com.br\/blog\/?s={search_term_string}"},"query-input":{"@type":"PropertyValueSpecification","valueRequired":true,"valueName":"search_term_string"}}],"inLanguage":"pt-BR"},{"@type":"Organization","@id":"https:\/\/www.estrategiaconcursos.com.br\/blog\/#organization","name":"Estrat\u00e9gia Concursos","url":"https:\/\/www.estrategiaconcursos.com.br\/blog\/","logo":{"@type":"ImageObject","inLanguage":"pt-BR","@id":"https:\/\/www.estrategiaconcursos.com.br\/blog\/#\/schema\/logo\/image\/","url":"https:\/\/dhg1h5j42swfq.cloudfront.net\/2025\/06\/03203428\/logo_concursos-1.jpg","contentUrl":"https:\/\/dhg1h5j42swfq.cloudfront.net\/2025\/06\/03203428\/logo_concursos-1.jpg","width":230,"height":60,"caption":"Estrat\u00e9gia Concursos"},"image":{"@id":"https:\/\/www.estrategiaconcursos.com.br\/blog\/#\/schema\/logo\/image\/"},"sameAs":["https:\/\/x.com\/EstratConcursos"]},{"@type":"Person","@id":"https:\/\/www.estrategiaconcursos.com.br\/blog\/#\/schema\/person\/dd9f6d98671a3ac63bf25b40baf6f2e2","name":"Diego Cerqueira","image":{"@type":"ImageObject","inLanguage":"pt-BR","@id":"https:\/\/secure.gravatar.com\/avatar\/93f5bbe4c5469a613830caa67379a40ab60d82fa495e4fbb9e4039bce737c0cc?s=96&d=mm&r=g","url":"https:\/\/secure.gravatar.com\/avatar\/93f5bbe4c5469a613830caa67379a40ab60d82fa495e4fbb9e4039bce737c0cc?s=96&d=mm&r=g","contentUrl":"https:\/\/secure.gravatar.com\/avatar\/93f5bbe4c5469a613830caa67379a40ab60d82fa495e4fbb9e4039bce737c0cc?s=96&d=mm&r=g","caption":"Diego Cerqueira"},"url":"https:\/\/www.estrategiaconcursos.com.br\/blog\/author\/diegocerqueiraestrategiaconcursos-com-br-2\/"}]}},"_links":{"self":[{"href":"https:\/\/www.estrategiaconcursos.com.br\/blog\/wp-json\/wp\/v2\/posts\/555689","targetHints":{"allow":["GET"]}}],"collection":[{"href":"https:\/\/www.estrategiaconcursos.com.br\/blog\/wp-json\/wp\/v2\/posts"}],"about":[{"href":"https:\/\/www.estrategiaconcursos.com.br\/blog\/wp-json\/wp\/v2\/types\/post"}],"author":[{"embeddable":true,"href":"https:\/\/www.estrategiaconcursos.com.br\/blog\/wp-json\/wp\/v2\/users\/1482"}],"replies":[{"embeddable":true,"href":"https:\/\/www.estrategiaconcursos.com.br\/blog\/wp-json\/wp\/v2\/comments?post=555689"}],"version-history":[{"count":4,"href":"https:\/\/www.estrategiaconcursos.com.br\/blog\/wp-json\/wp\/v2\/posts\/555689\/revisions"}],"predecessor-version":[{"id":555862,"href":"https:\/\/www.estrategiaconcursos.com.br\/blog\/wp-json\/wp\/v2\/posts\/555689\/revisions\/555862"}],"wp:featuredmedia":[{"embeddable":true,"href":"https:\/\/www.estrategiaconcursos.com.br\/blog\/wp-json\/wp\/v2\/media\/483507"}],"wp:attachment":[{"href":"https:\/\/www.estrategiaconcursos.com.br\/blog\/wp-json\/wp\/v2\/media?parent=555689"}],"wp:term":[{"taxonomy":"category","embeddable":true,"href":"https:\/\/www.estrategiaconcursos.com.br\/blog\/wp-json\/wp\/v2\/categories?post=555689"},{"taxonomy":"post_tag","embeddable":true,"href":"https:\/\/www.estrategiaconcursos.com.br\/blog\/wp-json\/wp\/v2\/tags?post=555689"},{"taxonomy":"tax_estado","embeddable":true,"href":"https:\/\/www.estrategiaconcursos.com.br\/blog\/wp-json\/wp\/v2\/tax_estado?post=555689"}],"curies":[{"name":"wp","href":"https:\/\/api.w.org\/{rel}","templated":true}]}}