{"id":555345,"date":"2020-08-15T17:04:00","date_gmt":"2020-08-15T20:04:00","guid":{"rendered":"https:\/\/www.estrategiaconcursos.com.br\/blog\/?p=555345"},"modified":"2023-05-29T10:26:40","modified_gmt":"2023-05-29T13:26:40","slug":"monitoria-dp-df-pos-edital","status":"publish","type":"post","link":"https:\/\/www.estrategiaconcursos.com.br\/blog\/monitoria-dp-df-pos-edital\/","title":{"rendered":"Monitoria DP DF p\u00f3s-edital refor\u00e7a sua prepara\u00e7\u00e3o"},"content":{"rendered":"\n<p>A professora Amanda Alves d\u00e1 o pontap\u00e9 inicial na Monitoria DP DF p\u00f3s-edital neste s\u00e1bado, 15 de agosto de 2020, \u00e0s 19:00. Acompanhe ao vivo e gratuitamente atrav\u00e9s Canal do <a href=\"https:\/\/www.youtube.com\/c\/EstrategiaConcursosBrasil\/videos?view=2&amp;live_view=502\" target=\"_blank\" rel=\"noreferrer noopener\">Estrat\u00e9gia Concursos no Youtube<\/a>.<\/p>\n\n\n\n<h4 class=\"wp-block-heading\">Monitoria DP DF p\u00f3s-edital &#8211; Cronograma<\/h4>\n\n\n\n<p><em>15\/08\/2020 &#8211; s\u00e1bado &#8211; 19h &#8211;<\/em> Professor: <strong>Amanda Alves<\/strong> <\/p>\n\n\n\n<p><strong>Assunto:<\/strong> <em>Dicas para seguir a Trilha Estrat\u00e9gica P\u00f3s-Edital em alto desempenho.<\/em><\/p>\n\n\n\n<p><em>29\/08\/2020 &#8211; s\u00e1bado &#8211; 19h &#8211;<\/em> Professor: <strong>Amanda Alves<\/strong> <\/p>\n\n\n\n<p><strong>Assunto:<\/strong> <em>An\u00e1lise Estat\u00edstica: saiba quais assuntos mais s\u00e3o cobrados pelo CEBRASPE.<\/em><\/p>\n\n\n\n<p><em>12\/09\/2020 &#8211; s\u00e1bado &#8211; 19h &#8211; <\/em> Professor: <strong>Amanda Alves<\/strong> <\/p>\n\n\n\n<p><strong>Assunto:<\/strong> <em>Como realizar revis\u00f5es eficientes no p\u00f3s-edital.<\/em><\/p>\n\n\n\n<p><em>26\/09\/2020 &#8211; s\u00e1bado &#8211; 19h &#8211;<\/em> Professor: <strong>Amanda Alves<\/strong> <\/p>\n\n\n\n<p><strong>Assunto:<\/strong> <em>Como maximizar a reten\u00e7\u00e3o de conhecimento em meio a tantas disciplina da \u00e1rea do Direito.<\/em><\/p>\n\n\n\n<h4 class=\"wp-block-heading\">Monitoria DP DF p\u00f3s-edital &#8211; Curiosidades<\/h4>\n\n\n\n<p>Em 21 de julho deste ano, a Defensoria P\u00fablica do Distrito Federal havia publicado edital do concurso DPDF, com oferta de <strong>60 vagas <\/strong>imediatas mais cadastro de reserva para o cargo de<strong> Analista de Apoio \u00e0 Assist\u00eancia Judici\u00e1ria.<\/strong><\/p>\n\n\n\n<p>Organizado pelo <strong>Cebraspe<\/strong>, o certame ter\u00e1 inscri\u00e7\u00f5es abertas a partir do dia 15 de setembro, no valor de R$ 101,87. O cargo de Analista de Apoio Assist\u00eancia Judici\u00e1ria exige N\u00edvel Superior em \u00e1reas espec\u00edficas e tem remunera\u00e7\u00e3o inicial de <strong>R$&nbsp;4.641,22 + 600,00<\/strong> de gratifica\u00e7\u00e3o judici\u00e1ria.<\/p>\n\n\n\n<p>No dia 11 de agosto, o Tribunal de Contas do Distrito Federal \u2013 TCDF divulgou, em publica\u00e7\u00e3o no Di\u00e1rio Oficial do Estado, uma decis\u00e3o relacionada ao processo administrativo n.\u00ba 00600-00004350\/2020-29-e, em que determina a retifica\u00e7\u00e3o do edital do concurso DPDF para servidores no prazo de dez dias.<\/p>\n\n\n\n<p class=\"has-text-align-center has-very-light-gray-background-color has-background\"><strong>Mais informa\u00e7\u00f5es: <a href=\"https:\/\/www.estrategiaconcursos.com.br\/blog\/concurso-dpdf\/\" target=\"_blank\" rel=\"noreferrer noopener\">concurso DPDF<\/a><\/strong><\/p>\n\n\n\n<h2 class=\"wp-block-heading has-text-align-center\" id=\"guia-de-estudos\">Guia de Estudos para DPDF<\/h2>\n\n\n\n<p class=\"has-text-align-center has-pale-pink-background-color has-background\"><strong>ACESSE: <a href=\"https:\/\/www.estrategiaconcursos.com.br\/blog\/guia-de-estudos-para-dpdf\/\" target=\"_blank\" rel=\"noreferrer noopener\">GUIA DE ESTUDOS PARA DPDF<\/a><\/strong><\/p>\n\n\n\n<h2 class=\"wp-block-heading has-text-align-center\" id=\"CURSO\">Cursos <\/h2>\n\n\n\n<p class=\"has-text-align-center has-luminous-vivid-amber-background-color has-background\"><strong><a href=\"https:\/\/www.estrategiaconcursos.com.br\/cursosPorConcurso\/dpdf-defensoria-publica-do-distrito-federal-diversos-cargos\/\" target=\"_blank\" rel=\"noreferrer noopener\">Curso concurso DPDF<\/a><\/strong><\/p>\n\n\n\n<p class=\"has-text-align-center\"><strong><em><strong>Sistema de Quest\u00f5es<\/strong><\/em><\/strong><\/p>\n\n\n\n<p class=\"has-text-align-center\">Estrat\u00e9gia Quest\u00f5es nasceu maior do que todos os concorrentes, com mais quest\u00f5es cadastradas e mais solu\u00e7\u00f5es por professores. Clique no link e aproveite os descontos e b\u00f4nus imperd\u00edveis!<\/p>\n\n\n\n<p class=\"has-text-align-center has-vivid-green-cyan-background-color has-background\"><strong>ASSINE AGORA \u2013 <a href=\"https:\/\/www.estrategiaconcursos.com.br\/cursosPorConcurso\/sistema-de-questoes\/#\/\" target=\"_blank\" rel=\"noreferrer noopener\">Sistema de Quest\u00f5es<\/a><\/strong><\/p>\n\n\n\n<p class=\"has-text-align-center\"><em><strong>Assinatura Anual Ilimitada*<\/strong><\/em><\/p>\n\n\n\n<p class=\"has-text-align-center\"><em>Prepare-se com o melhor material e com quem mais aprova em&nbsp;Concursos P\u00fablicos&nbsp;de todo o pa\u00eds. Assine agora a nossa Assinatura Anual e tenha acesso ilimitado* a todos os nossos cursos.<\/em><\/p>\n\n\n\n<p class=\"has-text-align-center has-light-green-cyan-background-color has-background\"><strong>ASSINE AGORA<\/strong>&nbsp;\u2013&nbsp;<a href=\"https:\/\/www.estrategiaconcursos.com.br\/assinaturas\" target=\"_blank\" rel=\"noreferrer noopener\"><strong>Assinatura Ilimitada<\/strong><\/a><\/p>\n\n\n\n<p class=\"has-text-align-center\"><em><strong>Fique por dentro de todos os concursos<\/strong><\/em>:<\/p>\n\n\n\n<p class=\"has-text-align-center has-pale-cyan-blue-background-color has-background\"><strong><a href=\"https:\/\/www.estrategiaconcursos.com.br\/blog\/concursos-abertos\/\" target=\"_blank\" rel=\"noreferrer noopener\">Concursos abertos<\/a><\/strong><\/p>\n\n\n\n<figure class=\"wp-block-image\"><img loading=\"lazy\" decoding=\"async\" width=\"300\" height=\"102\" src=\"https:\/\/dhg1h5j42swfq.cloudfront.net\/2017\/03\/28152500\/coruja-ficha-tecnica-300x102.png\" alt=\"Ficha t\u00e9cnica \" class=\"wp-image-68542\"\/><\/figure>\n\n\n\n<h4 class=\"wp-block-heading\" id=\"FICHA-TECNICA-CONCURSO-DPDF\"><strong>Informa\u00e7\u00f5es sobre o<\/strong> DPDF 2020<\/h4>\n\n\n\n<p>\u25ba<strong>Data prevista para prova<\/strong>: 8 de novembro<br \/>\u25ba<strong>Vagas<\/strong>: 60 + CR<br \/>\u25ba<strong>Cargos<\/strong>: Analista de Apoio \u00e0 Assist\u00eancia Judici\u00e1ria<br \/>\u25ba<strong>Lota\u00e7\u00f5es<\/strong>: Distrito Federal<br \/>\u25ba<strong>Banca<\/strong>:Cebraspe<br \/>\u25ba<strong>Escolaridade<\/strong>: N\u00edvel Superior em v\u00e1rias \u00e1reas<br \/>\u25ba<strong>Edital<\/strong> <strong>2020:<\/strong> <a href=\"https:\/\/dhg1h5j42swfq.cloudfront.net\/2020\/07\/21160335\/ED_1_2020_DPDF_ANALISTA_ABERTURA.pdf\" target=\"_blank\" rel=\"noreferrer noopener\">Edital DPDF 2020<\/a><\/p>\n","protected":false},"excerpt":{"rendered":"<p>A professora Amanda Alves d\u00e1 o pontap\u00e9 inicial na Monitoria DP DF p\u00f3s-edital neste s\u00e1bado, 15 de agosto de 2020, \u00e0s 19:00. Acompanhe ao vivo e gratuitamente atrav\u00e9s Canal do Estrat\u00e9gia Concursos no Youtube. Monitoria DP DF p\u00f3s-edital &#8211; Cronograma 15\/08\/2020 &#8211; s\u00e1bado &#8211; 19h &#8211; Professor: Amanda Alves Assunto: Dicas para seguir a Trilha [&hellip;]<\/p>\n","protected":false},"author":180,"featured_media":555560,"comment_status":"open","ping_status":"closed","sticky":false,"template":"","format":"standard","meta":{"post_tipo":"article","footnotes":""},"categories":[1,1984],"tags":[],"tax_estado":[],"class_list":["post-555345","post","type-post","status-publish","format-standard","has-post-thumbnail","hentry","category-cursos-e-concursos","category-tribunais"],"acf":[],"yoast_head":"<!-- This site is optimized with the Yoast SEO Premium plugin v27.2 (Yoast SEO v27.2) - https:\/\/yoast.com\/product\/yoast-seo-premium-wordpress\/ -->\n<title>Monitoria DP DF p\u00f3s-edital refor\u00e7a sua prepara\u00e7\u00e3o<\/title>\n<meta name=\"description\" content=\"Acontece neste s\u00e1bado, 15 de agosto, \u00e0s 19:00 a primeira aula da Monitoria DP DF p\u00f3s-edital. Saiba mais informa\u00e7\u00f5es neste artigo!\" \/>\n<meta name=\"robots\" content=\"index, follow, max-snippet:-1, max-image-preview:large, max-video-preview:-1\" \/>\n<link rel=\"canonical\" href=\"https:\/\/www.estrategiaconcursos.com.br\/blog\/monitoria-dp-df-pos-edital\/\" \/>\n<meta property=\"og:locale\" content=\"pt_BR\" \/>\n<meta property=\"og:type\" content=\"article\" \/>\n<meta property=\"og:title\" content=\"Monitoria DP DF p\u00f3s-edital refor\u00e7a sua prepara\u00e7\u00e3o\" \/>\n<meta property=\"og:description\" content=\"Acontece neste s\u00e1bado, 15 de agosto, \u00e0s 19:00 a primeira aula da Monitoria DP DF p\u00f3s-edital. Saiba mais informa\u00e7\u00f5es neste artigo!\" \/>\n<meta property=\"og:url\" content=\"https:\/\/www.estrategiaconcursos.com.br\/blog\/monitoria-dp-df-pos-edital\/\" \/>\n<meta property=\"og:site_name\" content=\"Estrat\u00e9gia Concursos\" \/>\n<meta property=\"article:author\" content=\"https:\/\/www.facebook.com\/ricardo.s.torques\" \/>\n<meta property=\"article:published_time\" content=\"2020-08-15T20:04:00+00:00\" \/>\n<meta property=\"article:modified_time\" content=\"2023-05-29T13:26:40+00:00\" \/>\n<meta property=\"og:image\" content=\"https:\/\/dhg1h5j42swfq.cloudfront.net\/2020\/08\/13194027\/YTB_DP-DF.jpg\" \/>\n\t<meta property=\"og:image:width\" content=\"1280\" \/>\n\t<meta property=\"og:image:height\" content=\"720\" \/>\n\t<meta property=\"og:image:type\" content=\"image\/jpeg\" \/>\n<meta name=\"author\" content=\"Ricardo Torques\" \/>\n<meta name=\"twitter:card\" content=\"summary_large_image\" \/>\n<meta name=\"twitter:creator\" content=\"@EstratConcursos\" \/>\n<meta name=\"twitter:site\" content=\"@EstratConcursos\" \/>\n<meta name=\"twitter:label1\" content=\"Escrito por\" \/>\n\t<meta name=\"twitter:data1\" content=\"Ricardo Torques\" \/>\n\t<meta name=\"twitter:label2\" content=\"Est. tempo de leitura\" \/>\n\t<meta name=\"twitter:data2\" content=\"2 minutos\" \/>\n<script type=\"application\/ld+json\" class=\"yoast-schema-graph\">{\"@context\":\"https:\/\/schema.org\",\"@graph\":[{\"@type\":\"NewsArticle\",\"@id\":\"https:\/\/www.estrategiaconcursos.com.br\/blog\/monitoria-dp-df-pos-edital\/#article\",\"isPartOf\":{\"@id\":\"https:\/\/www.estrategiaconcursos.com.br\/blog\/monitoria-dp-df-pos-edital\/\"},\"author\":{\"name\":\"Ricardo Torques\",\"@id\":\"https:\/\/www.estrategiaconcursos.com.br\/blog\/#\/schema\/person\/aa39cf5ddb518e5bdce27c35788405e2\"},\"headline\":\"Monitoria DP DF p\u00f3s-edital refor\u00e7a sua prepara\u00e7\u00e3o\",\"datePublished\":\"2020-08-15T20:04:00+00:00\",\"dateModified\":\"2023-05-29T13:26:40+00:00\",\"mainEntityOfPage\":{\"@id\":\"https:\/\/www.estrategiaconcursos.com.br\/blog\/monitoria-dp-df-pos-edital\/\"},\"wordCount\":443,\"commentCount\":0,\"publisher\":{\"@id\":\"https:\/\/www.estrategiaconcursos.com.br\/blog\/#organization\"},\"image\":{\"@id\":\"https:\/\/www.estrategiaconcursos.com.br\/blog\/monitoria-dp-df-pos-edital\/#primaryimage\"},\"thumbnailUrl\":\"https:\/\/dhg1h5j42swfq.cloudfront.net\/2020\/08\/13194027\/YTB_DP-DF.jpg\",\"articleSection\":[\"Concursos P\u00fablicos\",\"Tribunais\"],\"inLanguage\":\"pt-BR\",\"potentialAction\":[{\"@type\":\"CommentAction\",\"name\":\"Comment\",\"target\":[\"https:\/\/www.estrategiaconcursos.com.br\/blog\/monitoria-dp-df-pos-edital\/#respond\"]}],\"copyrightYear\":\"2020\",\"copyrightHolder\":{\"@id\":\"https:\/\/www.estrategiaconcursos.com.br\/blog\/#organization\"}},{\"@type\":\"WebPage\",\"@id\":\"https:\/\/www.estrategiaconcursos.com.br\/blog\/monitoria-dp-df-pos-edital\/\",\"url\":\"https:\/\/www.estrategiaconcursos.com.br\/blog\/monitoria-dp-df-pos-edital\/\",\"name\":\"Monitoria DP DF p\u00f3s-edital refor\u00e7a sua prepara\u00e7\u00e3o\",\"isPartOf\":{\"@id\":\"https:\/\/www.estrategiaconcursos.com.br\/blog\/#website\"},\"primaryImageOfPage\":{\"@id\":\"https:\/\/www.estrategiaconcursos.com.br\/blog\/monitoria-dp-df-pos-edital\/#primaryimage\"},\"image\":{\"@id\":\"https:\/\/www.estrategiaconcursos.com.br\/blog\/monitoria-dp-df-pos-edital\/#primaryimage\"},\"thumbnailUrl\":\"https:\/\/dhg1h5j42swfq.cloudfront.net\/2020\/08\/13194027\/YTB_DP-DF.jpg\",\"datePublished\":\"2020-08-15T20:04:00+00:00\",\"dateModified\":\"2023-05-29T13:26:40+00:00\",\"description\":\"Acontece neste s\u00e1bado, 15 de agosto, \u00e0s 19:00 a primeira aula da Monitoria DP DF p\u00f3s-edital. Saiba mais informa\u00e7\u00f5es neste artigo!\",\"breadcrumb\":{\"@id\":\"https:\/\/www.estrategiaconcursos.com.br\/blog\/monitoria-dp-df-pos-edital\/#breadcrumb\"},\"inLanguage\":\"pt-BR\",\"potentialAction\":[{\"@type\":\"ReadAction\",\"target\":[\"https:\/\/www.estrategiaconcursos.com.br\/blog\/monitoria-dp-df-pos-edital\/\"]}]},{\"@type\":\"ImageObject\",\"inLanguage\":\"pt-BR\",\"@id\":\"https:\/\/www.estrategiaconcursos.com.br\/blog\/monitoria-dp-df-pos-edital\/#primaryimage\",\"url\":\"https:\/\/dhg1h5j42swfq.cloudfront.net\/2020\/08\/13194027\/YTB_DP-DF.jpg\",\"contentUrl\":\"https:\/\/dhg1h5j42swfq.cloudfront.net\/2020\/08\/13194027\/YTB_DP-DF.jpg\",\"width\":1280,\"height\":720,\"caption\":\"Monitoria DP DF p\u00f3s-edital\"},{\"@type\":\"BreadcrumbList\",\"@id\":\"https:\/\/www.estrategiaconcursos.com.br\/blog\/monitoria-dp-df-pos-edital\/#breadcrumb\",\"itemListElement\":[{\"@type\":\"ListItem\",\"position\":1,\"name\":\"In\u00edcio\",\"item\":\"https:\/\/www.estrategiaconcursos.com.br\/blog\/\"},{\"@type\":\"ListItem\",\"position\":2,\"name\":\"Monitoria DP DF p\u00f3s-edital refor\u00e7a sua prepara\u00e7\u00e3o\"}]},{\"@type\":\"WebSite\",\"@id\":\"https:\/\/www.estrategiaconcursos.com.br\/blog\/#website\",\"url\":\"https:\/\/www.estrategiaconcursos.com.br\/blog\/\",\"name\":\"Estrat\u00e9gia Concursos\",\"description\":\"O blog da Estrat\u00e9gia Concursos traz not\u00edcias sobre concursos e artigos de professores oferecendo cursos para concursos (pdf + videaulas) no site.\",\"publisher\":{\"@id\":\"https:\/\/www.estrategiaconcursos.com.br\/blog\/#organization\"},\"potentialAction\":[{\"@type\":\"SearchAction\",\"target\":{\"@type\":\"EntryPoint\",\"urlTemplate\":\"https:\/\/www.estrategiaconcursos.com.br\/blog\/?s={search_term_string}\"},\"query-input\":{\"@type\":\"PropertyValueSpecification\",\"valueRequired\":true,\"valueName\":\"search_term_string\"}}],\"inLanguage\":\"pt-BR\"},{\"@type\":\"Organization\",\"@id\":\"https:\/\/www.estrategiaconcursos.com.br\/blog\/#organization\",\"name\":\"Estrat\u00e9gia Concursos\",\"url\":\"https:\/\/www.estrategiaconcursos.com.br\/blog\/\",\"logo\":{\"@type\":\"ImageObject\",\"inLanguage\":\"pt-BR\",\"@id\":\"https:\/\/www.estrategiaconcursos.com.br\/blog\/#\/schema\/logo\/image\/\",\"url\":\"https:\/\/dhg1h5j42swfq.cloudfront.net\/2025\/06\/03203428\/logo_concursos-1.jpg\",\"contentUrl\":\"https:\/\/dhg1h5j42swfq.cloudfront.net\/2025\/06\/03203428\/logo_concursos-1.jpg\",\"width\":230,\"height\":60,\"caption\":\"Estrat\u00e9gia Concursos\"},\"image\":{\"@id\":\"https:\/\/www.estrategiaconcursos.com.br\/blog\/#\/schema\/logo\/image\/\"},\"sameAs\":[\"https:\/\/x.com\/EstratConcursos\"]},{\"@type\":\"Person\",\"@id\":\"https:\/\/www.estrategiaconcursos.com.br\/blog\/#\/schema\/person\/aa39cf5ddb518e5bdce27c35788405e2\",\"name\":\"Ricardo Torques\",\"image\":{\"@type\":\"ImageObject\",\"inLanguage\":\"pt-BR\",\"@id\":\"https:\/\/secure.gravatar.com\/avatar\/ce9ac6c3cff25fe86d15ed568ebc64d1724baf5c0693133bcb1f6073f712f92a?s=96&d=mm&r=g\",\"url\":\"https:\/\/secure.gravatar.com\/avatar\/ce9ac6c3cff25fe86d15ed568ebc64d1724baf5c0693133bcb1f6073f712f92a?s=96&d=mm&r=g\",\"contentUrl\":\"https:\/\/secure.gravatar.com\/avatar\/ce9ac6c3cff25fe86d15ed568ebc64d1724baf5c0693133bcb1f6073f712f92a?s=96&d=mm&r=g\",\"caption\":\"Ricardo Torques\"},\"sameAs\":[\"https:\/\/www.facebook.com\/ricardo.s.torques\"],\"url\":\"https:\/\/www.estrategiaconcursos.com.br\/blog\/author\/ricardotorquesestrategiaconcursos-com-br\/\"}]}<\/script>\n<!-- \/ Yoast SEO Premium plugin. -->","yoast_head_json":{"title":"Monitoria DP DF p\u00f3s-edital refor\u00e7a sua prepara\u00e7\u00e3o","description":"Acontece neste s\u00e1bado, 15 de agosto, \u00e0s 19:00 a primeira aula da Monitoria DP DF p\u00f3s-edital. Saiba mais informa\u00e7\u00f5es neste artigo!","robots":{"index":"index","follow":"follow","max-snippet":"max-snippet:-1","max-image-preview":"max-image-preview:large","max-video-preview":"max-video-preview:-1"},"canonical":"https:\/\/www.estrategiaconcursos.com.br\/blog\/monitoria-dp-df-pos-edital\/","og_locale":"pt_BR","og_type":"article","og_title":"Monitoria DP DF p\u00f3s-edital refor\u00e7a sua prepara\u00e7\u00e3o","og_description":"Acontece neste s\u00e1bado, 15 de agosto, \u00e0s 19:00 a primeira aula da Monitoria DP DF p\u00f3s-edital. Saiba mais informa\u00e7\u00f5es neste artigo!","og_url":"https:\/\/www.estrategiaconcursos.com.br\/blog\/monitoria-dp-df-pos-edital\/","og_site_name":"Estrat\u00e9gia Concursos","article_author":"https:\/\/www.facebook.com\/ricardo.s.torques","article_published_time":"2020-08-15T20:04:00+00:00","article_modified_time":"2023-05-29T13:26:40+00:00","og_image":[{"width":1280,"height":720,"url":"https:\/\/dhg1h5j42swfq.cloudfront.net\/2020\/08\/13194027\/YTB_DP-DF.jpg","type":"image\/jpeg"}],"author":"Ricardo Torques","twitter_card":"summary_large_image","twitter_creator":"@EstratConcursos","twitter_site":"@EstratConcursos","twitter_misc":{"Escrito por":"Ricardo Torques","Est. tempo de leitura":"2 minutos"},"schema":{"@context":"https:\/\/schema.org","@graph":[{"@type":"NewsArticle","@id":"https:\/\/www.estrategiaconcursos.com.br\/blog\/monitoria-dp-df-pos-edital\/#article","isPartOf":{"@id":"https:\/\/www.estrategiaconcursos.com.br\/blog\/monitoria-dp-df-pos-edital\/"},"author":{"name":"Ricardo Torques","@id":"https:\/\/www.estrategiaconcursos.com.br\/blog\/#\/schema\/person\/aa39cf5ddb518e5bdce27c35788405e2"},"headline":"Monitoria DP DF p\u00f3s-edital refor\u00e7a sua prepara\u00e7\u00e3o","datePublished":"2020-08-15T20:04:00+00:00","dateModified":"2023-05-29T13:26:40+00:00","mainEntityOfPage":{"@id":"https:\/\/www.estrategiaconcursos.com.br\/blog\/monitoria-dp-df-pos-edital\/"},"wordCount":443,"commentCount":0,"publisher":{"@id":"https:\/\/www.estrategiaconcursos.com.br\/blog\/#organization"},"image":{"@id":"https:\/\/www.estrategiaconcursos.com.br\/blog\/monitoria-dp-df-pos-edital\/#primaryimage"},"thumbnailUrl":"https:\/\/dhg1h5j42swfq.cloudfront.net\/2020\/08\/13194027\/YTB_DP-DF.jpg","articleSection":["Concursos P\u00fablicos","Tribunais"],"inLanguage":"pt-BR","potentialAction":[{"@type":"CommentAction","name":"Comment","target":["https:\/\/www.estrategiaconcursos.com.br\/blog\/monitoria-dp-df-pos-edital\/#respond"]}],"copyrightYear":"2020","copyrightHolder":{"@id":"https:\/\/www.estrategiaconcursos.com.br\/blog\/#organization"}},{"@type":"WebPage","@id":"https:\/\/www.estrategiaconcursos.com.br\/blog\/monitoria-dp-df-pos-edital\/","url":"https:\/\/www.estrategiaconcursos.com.br\/blog\/monitoria-dp-df-pos-edital\/","name":"Monitoria DP DF p\u00f3s-edital refor\u00e7a sua prepara\u00e7\u00e3o","isPartOf":{"@id":"https:\/\/www.estrategiaconcursos.com.br\/blog\/#website"},"primaryImageOfPage":{"@id":"https:\/\/www.estrategiaconcursos.com.br\/blog\/monitoria-dp-df-pos-edital\/#primaryimage"},"image":{"@id":"https:\/\/www.estrategiaconcursos.com.br\/blog\/monitoria-dp-df-pos-edital\/#primaryimage"},"thumbnailUrl":"https:\/\/dhg1h5j42swfq.cloudfront.net\/2020\/08\/13194027\/YTB_DP-DF.jpg","datePublished":"2020-08-15T20:04:00+00:00","dateModified":"2023-05-29T13:26:40+00:00","description":"Acontece neste s\u00e1bado, 15 de agosto, \u00e0s 19:00 a primeira aula da Monitoria DP DF p\u00f3s-edital. Saiba mais informa\u00e7\u00f5es neste artigo!","breadcrumb":{"@id":"https:\/\/www.estrategiaconcursos.com.br\/blog\/monitoria-dp-df-pos-edital\/#breadcrumb"},"inLanguage":"pt-BR","potentialAction":[{"@type":"ReadAction","target":["https:\/\/www.estrategiaconcursos.com.br\/blog\/monitoria-dp-df-pos-edital\/"]}]},{"@type":"ImageObject","inLanguage":"pt-BR","@id":"https:\/\/www.estrategiaconcursos.com.br\/blog\/monitoria-dp-df-pos-edital\/#primaryimage","url":"https:\/\/dhg1h5j42swfq.cloudfront.net\/2020\/08\/13194027\/YTB_DP-DF.jpg","contentUrl":"https:\/\/dhg1h5j42swfq.cloudfront.net\/2020\/08\/13194027\/YTB_DP-DF.jpg","width":1280,"height":720,"caption":"Monitoria DP DF p\u00f3s-edital"},{"@type":"BreadcrumbList","@id":"https:\/\/www.estrategiaconcursos.com.br\/blog\/monitoria-dp-df-pos-edital\/#breadcrumb","itemListElement":[{"@type":"ListItem","position":1,"name":"In\u00edcio","item":"https:\/\/www.estrategiaconcursos.com.br\/blog\/"},{"@type":"ListItem","position":2,"name":"Monitoria DP DF p\u00f3s-edital refor\u00e7a sua prepara\u00e7\u00e3o"}]},{"@type":"WebSite","@id":"https:\/\/www.estrategiaconcursos.com.br\/blog\/#website","url":"https:\/\/www.estrategiaconcursos.com.br\/blog\/","name":"Estrat\u00e9gia Concursos","description":"O blog da Estrat\u00e9gia Concursos traz not\u00edcias sobre concursos e artigos de professores oferecendo cursos para concursos (pdf + videaulas) no site.","publisher":{"@id":"https:\/\/www.estrategiaconcursos.com.br\/blog\/#organization"},"potentialAction":[{"@type":"SearchAction","target":{"@type":"EntryPoint","urlTemplate":"https:\/\/www.estrategiaconcursos.com.br\/blog\/?s={search_term_string}"},"query-input":{"@type":"PropertyValueSpecification","valueRequired":true,"valueName":"search_term_string"}}],"inLanguage":"pt-BR"},{"@type":"Organization","@id":"https:\/\/www.estrategiaconcursos.com.br\/blog\/#organization","name":"Estrat\u00e9gia Concursos","url":"https:\/\/www.estrategiaconcursos.com.br\/blog\/","logo":{"@type":"ImageObject","inLanguage":"pt-BR","@id":"https:\/\/www.estrategiaconcursos.com.br\/blog\/#\/schema\/logo\/image\/","url":"https:\/\/dhg1h5j42swfq.cloudfront.net\/2025\/06\/03203428\/logo_concursos-1.jpg","contentUrl":"https:\/\/dhg1h5j42swfq.cloudfront.net\/2025\/06\/03203428\/logo_concursos-1.jpg","width":230,"height":60,"caption":"Estrat\u00e9gia Concursos"},"image":{"@id":"https:\/\/www.estrategiaconcursos.com.br\/blog\/#\/schema\/logo\/image\/"},"sameAs":["https:\/\/x.com\/EstratConcursos"]},{"@type":"Person","@id":"https:\/\/www.estrategiaconcursos.com.br\/blog\/#\/schema\/person\/aa39cf5ddb518e5bdce27c35788405e2","name":"Ricardo Torques","image":{"@type":"ImageObject","inLanguage":"pt-BR","@id":"https:\/\/secure.gravatar.com\/avatar\/ce9ac6c3cff25fe86d15ed568ebc64d1724baf5c0693133bcb1f6073f712f92a?s=96&d=mm&r=g","url":"https:\/\/secure.gravatar.com\/avatar\/ce9ac6c3cff25fe86d15ed568ebc64d1724baf5c0693133bcb1f6073f712f92a?s=96&d=mm&r=g","contentUrl":"https:\/\/secure.gravatar.com\/avatar\/ce9ac6c3cff25fe86d15ed568ebc64d1724baf5c0693133bcb1f6073f712f92a?s=96&d=mm&r=g","caption":"Ricardo Torques"},"sameAs":["https:\/\/www.facebook.com\/ricardo.s.torques"],"url":"https:\/\/www.estrategiaconcursos.com.br\/blog\/author\/ricardotorquesestrategiaconcursos-com-br\/"}]}},"_links":{"self":[{"href":"https:\/\/www.estrategiaconcursos.com.br\/blog\/wp-json\/wp\/v2\/posts\/555345","targetHints":{"allow":["GET"]}}],"collection":[{"href":"https:\/\/www.estrategiaconcursos.com.br\/blog\/wp-json\/wp\/v2\/posts"}],"about":[{"href":"https:\/\/www.estrategiaconcursos.com.br\/blog\/wp-json\/wp\/v2\/types\/post"}],"author":[{"embeddable":true,"href":"https:\/\/www.estrategiaconcursos.com.br\/blog\/wp-json\/wp\/v2\/users\/180"}],"replies":[{"embeddable":true,"href":"https:\/\/www.estrategiaconcursos.com.br\/blog\/wp-json\/wp\/v2\/comments?post=555345"}],"version-history":[{"count":7,"href":"https:\/\/www.estrategiaconcursos.com.br\/blog\/wp-json\/wp\/v2\/posts\/555345\/revisions"}],"predecessor-version":[{"id":1223397,"href":"https:\/\/www.estrategiaconcursos.com.br\/blog\/wp-json\/wp\/v2\/posts\/555345\/revisions\/1223397"}],"wp:featuredmedia":[{"embeddable":true,"href":"https:\/\/www.estrategiaconcursos.com.br\/blog\/wp-json\/wp\/v2\/media\/555560"}],"wp:attachment":[{"href":"https:\/\/www.estrategiaconcursos.com.br\/blog\/wp-json\/wp\/v2\/media?parent=555345"}],"wp:term":[{"taxonomy":"category","embeddable":true,"href":"https:\/\/www.estrategiaconcursos.com.br\/blog\/wp-json\/wp\/v2\/categories?post=555345"},{"taxonomy":"post_tag","embeddable":true,"href":"https:\/\/www.estrategiaconcursos.com.br\/blog\/wp-json\/wp\/v2\/tags?post=555345"},{"taxonomy":"tax_estado","embeddable":true,"href":"https:\/\/www.estrategiaconcursos.com.br\/blog\/wp-json\/wp\/v2\/tax_estado?post=555345"}],"curies":[{"name":"wp","href":"https:\/\/api.w.org\/{rel}","templated":true}]}}