{"id":554764,"date":"2020-08-16T00:30:00","date_gmt":"2020-08-16T03:30:00","guid":{"rendered":"https:\/\/www.estrategiaconcursos.com.br\/blog\/?p=554764"},"modified":"2023-07-19T15:56:17","modified_gmt":"2023-07-19T18:56:17","slug":"simulado-delegado-pc-am","status":"publish","type":"post","link":"https:\/\/www.estrategiaconcursos.com.br\/blog\/simulado-delegado-pc-am\/","title":{"rendered":"Simulado Delegado PC-AM: Reforce seu conhecimento!"},"content":{"rendered":"\n<p><strong>Um novo concurso PC AM deve ocorrer em 2021!<\/strong> Isso porque o presidente da Assembleia Legislativa do Amazonas (Aleam), deputado Josu\u00e9 Neto, apresentou uma emenda \u00e0 Lei de Diretrizes Or\u00e7ament\u00e1rias (LDO) de 2021, que determina recursos para realiza\u00e7\u00e3o de certame da <strong>Pol\u00edcia Civil do Amazonas.<\/strong><\/p>\n\n\n\n<p>Por isso, n\u00e3o perca mais tempo e comece a refor\u00e7ar seus estudos para o cargo de Delegado da Pol\u00edcia Civil do Amazonas.<\/p>\n\n\n\n<p>A aplica\u00e7\u00e3o do simulado Delegado PC AM acontece neste<strong> domingo<\/strong>,<strong>  16 de agosto, \u00e0s 8h30 (hor\u00e1rio de Bras\u00edlia)<\/strong>. Lembrando que o evento \u00e9 totalmente gratuito e contar\u00e1 com corre\u00e7\u00e3o em v\u00eddeo \u00e0s 14h!<\/p>\n\n\n\n<figure class=\"wp-block-table is-style-stripes\"><table class=\"has-background has-fixed-layout\" style=\"background-color:#e7f5fe\"><tbody><tr><td><strong>Disciplina<\/strong><\/td><td><strong>N\u00famero de Quest\u00f5es<\/strong><\/td><\/tr><tr><td>Portugu\u00eas<\/td><td>8<\/td><\/tr><tr><td>Racioc\u00ednio L\u00f3gico<\/td><td>8<\/td><\/tr><tr><td>Hist\u00f3ria e Geografia<\/td><td>5<\/td><\/tr><tr><td>Inform\u00e1tica<\/td><td>5<\/td><\/tr><tr><td>Atualidades<\/td><td>5<\/td><\/tr><tr><td>Direito Constitucional<\/td><td>10<\/td><\/tr><tr><td>Direito Administrativo<\/td><td>10<\/td><\/tr><tr><td>Direito Penal<\/td><td>10<\/td><\/tr><tr><td>Direito Processual Penal<\/td><td>10<\/td><\/tr><tr><td>Legisla\u00e7\u00e3o Penal e Processual Penal<\/td><td>10<\/td><\/tr><tr><td>Direito Civil<\/td><td>5<\/td><\/tr><tr><td>Direito do Consumidor<\/td><td>3<\/td><\/tr><tr><td>Direito Processual Civil<\/td><td>5<\/td><\/tr><tr><td>Legisla\u00e7\u00e3o Policial<\/td><td>5<\/td><\/tr><\/tbody><\/table><\/figure>\n\n\n\n<p>A aplica\u00e7\u00e3o do simulado come\u00e7a \u00e0s 8h:30min (hor\u00e1rio de Bras\u00edlia). Voc\u00ea ter\u00e1 a oportunidade de participar do nosso ranking&nbsp;classificat\u00f3rio, preenchendo o formul\u00e1rio eletr\u00f4nico disponibilizado nesta p\u00e1gina. <\/p>\n\n\n\n<h2 class=\"wp-block-heading\" id=\"h-simulado-pc-am\">Simulado PC AM<\/h2>\n\n\n\n<p class=\"has-text-align-center has-very-light-gray-color has-vivid-cyan-blue-background-color has-text-color has-background\"><em><strong><a href=\"https:\/\/dhg1h5j42swfq.cloudfront.net\/2020\/08\/15115731\/%E2%80%A2-SEM_COMENTA%CC%81RIO_-_PC_AM_DELEGADO_-_16-08.pdf\" onclick=\"ga('gtm5.send', 'event', 'simulado', 'download', '20200816-simulado-delegado-pc-am');\" target=\"_blank\" rel=\"noreferrer noopener\">Baixe o PDF do Simulado PC AM<\/a><\/strong><\/em><\/p>\n\n\n\n<p class=\"has-text-align-center has-pale-cyan-blue-background-color has-background\"><em><strong><a href=\"https:\/\/docs.google.com\/forms\/d\/e\/1FAIpQLSesBf1DmXNiOBg935w0-KUbfeSS_eFGBa2BTytptYQTecmWVw\/viewform\" target=\"_blank\" rel=\"noreferrer noopener\">Preencha seu gabarito!<\/a><\/strong><\/em><\/p>\n\n\n\n<h3 class=\"wp-block-heading\" id=\"h-cronograma-de-aplicacao-do-simulado-pc-am\">Cronograma de aplica\u00e7\u00e3o do simulado PC AM <\/h3>\n\n\n\n<p>Os Simulados acontecer\u00e3o da seguinte maneira:<\/p>\n\n\n\n<p class=\"has-vivid-cyan-blue-background-color has-background\"><strong>In\u00edcio da aplica\u00e7\u00e3o da prova:<\/strong>&nbsp;\u00e0s 8:30h<br \/><strong>Fim da aplica\u00e7\u00e3o:<\/strong>&nbsp;\u00e0s 13h<br \/><strong>Corre\u00e7\u00e3o em v\u00eddeo:<\/strong>&nbsp;\u00e0s 14h<\/p>\n\n\n\n<h2 class=\"wp-block-heading\" id=\"h-ranking-estrategico\">Ranking Estrat\u00e9gico<\/h2>\n\n\n\n<p class=\"has-text-align-center has-pale-cyan-blue-background-color has-background\"><strong><a href=\"https:\/\/docs.google.com\/spreadsheets\/d\/1ALOwRYtcPRhsCh_GGn48JmwxFLyXl3Wgx8ZscDGO_34\/edit#gid=430333596\" target=\"_blank\" rel=\"noreferrer noopener\">Ranking Estrat\u00e9gico:&nbsp;Simulado PC AM<\/a><\/strong><\/p>\n\n\n\n<p class=\"has-text-align-center has-very-light-gray-color has-text-color has-background\" style=\"background-color:#47a9e2\"><strong><a rel=\"noreferrer noopener\" href=\"https:\/\/dhg1h5j42swfq.cloudfront.net\/2020\/08\/15115756\/%E2%80%A2-GABARITO_-_PC_AM_DELEGADO_-_16-08.pdf\" target=\"_blank\">Gabarito PC AM<br \/><\/a><\/strong>O gabarito comentado estar\u00e1 dispon\u00edvel na \u00e1rea do aluno <\/p>\n\n\n\n<h2 class=\"wp-block-heading\" id=\"h-algum-problema-nos-simulados-fale-conosco\">Algum problema nos simulados? Fale conosco:<\/h2>\n\n\n\n<p class=\"has-text-align-center has-very-light-gray-color has-vivid-cyan-blue-background-color has-text-color has-background has-medium-font-size\"><strong><a rel=\"noreferrer noopener\" href=\"https:\/\/forms.gle\/4m2jW72tab1qXoRS7\" target=\"_blank\">Clique aqui para baixar o formul\u00e1rio!<\/a><\/strong><\/p>\n\n\n\n<p class=\"has-text-align-center has-very-light-gray-background-color has-background\" style=\"font-size:clamp(14.642px, 0.915rem + ((1vw - 3.2px) * 0.721), 22px);px\"><strong><a rel=\"noreferrer noopener\" href=\"https:\/\/www.estrategiaconcursos.com.br\/blog\/concurso-delegado-am\/\" target=\"_blank\">Saiba mais: Concurso Delegado<\/a><a href=\"https:\/\/www.estrategiaconcursos.com.br\/blog\/concurso-delegado-am\/\" target=\"_blank\" rel=\"noreferrer noopener\"> <\/a><a rel=\"noreferrer noopener\" href=\"https:\/\/www.estrategiaconcursos.com.br\/blog\/concurso-delegado-am\/\" target=\"_blank\">PC AM<\/a><\/strong><\/p>\n\n\n\n<p class=\"has-text-align-center\"><em><strong>Assinatura Anual Ilimitada*<\/strong><\/em><\/p>\n\n\n\n<p class=\"has-text-align-center has-luminous-vivid-amber-background-color has-background\" style=\"font-size:clamp(15.197px, 0.95rem + ((1vw - 3.2px) * 0.765), 23px);px\"><strong><em><a href=\"https:\/\/www.estrategiaconcursos.com.br\/cursosPorConcurso\/policia-civil-am-delegado\/\" target=\"_blank\" rel=\"noreferrer noopener\">CURSO PC AM<\/a><\/em><\/strong><\/p>\n\n\n\n<p class=\"has-text-align-center\"><em>Prepare-se com o melhor material e com quem mais aprova em Concursos P\u00fablicos em todo o pa\u00eds. Assine agora a nossa Assinatura Anual e tenha acesso ilimitado* a todos os nossos cursos.<\/em><\/p>\n\n\n\n<p class=\"has-text-align-center has-light-green-cyan-background-color has-background\"><strong>ASSINE AGORA<\/strong>&nbsp;\u2013&nbsp;<a href=\"https:\/\/www.estrategiaconcursos.com.br\/assinaturas\" target=\"_blank\" rel=\"noreferrer noopener\"><strong>Assinatura Ilimitada<\/strong><\/a><\/p>\n\n\n\n<p class=\"has-text-align-center\"><strong><em><strong>Sistema de Quest\u00f5es<\/strong><\/em><\/strong><\/p>\n\n\n\n<p class=\"has-text-align-center has-very-light-gray-background-color has-background\"><strong>ASSINE AGORA \u2013&nbsp;<a href=\"https:\/\/www.estrategiaconcursos.com.br\/cursosPorConcurso\/sistema-de-questoes\/#\/\" target=\"_blank\" rel=\"noreferrer noopener\">Sistema de Quest\u00f5es<\/a><\/strong><\/p>\n\n\n\n<p class=\"has-text-align-center\"><em>Gostou desta oportunidade e deseja se preparar? Ent\u00e3o, confira abaixo nosso curso exclusivo e inicie seus estudos agora mesmo:<\/em><\/p>\n\n\n\n<p class=\"has-text-align-center has-pale-cyan-blue-background-color has-background\"><strong><a href=\"https:\/\/www.estrategiaconcursos.com.br\/blog\/concursos-abertos\/\" target=\"_blank\" rel=\"noreferrer noopener\">Concursos Abertos<\/a><\/strong><\/p>\n","protected":false},"excerpt":{"rendered":"<p>Um novo concurso PC AM deve ocorrer em 2021! Isso porque o presidente da Assembleia Legislativa do Amazonas (Aleam), deputado Josu\u00e9 Neto, apresentou uma emenda \u00e0 Lei de Diretrizes Or\u00e7ament\u00e1rias (LDO) de 2021, que determina recursos para realiza\u00e7\u00e3o de certame da Pol\u00edcia Civil do Amazonas. Por isso, n\u00e3o perca mais tempo e comece a refor\u00e7ar [&hellip;]<\/p>\n","protected":false},"author":1,"featured_media":123756,"comment_status":"open","ping_status":"closed","sticky":false,"template":"","format":"standard","meta":{"post_tipo":"news","footnotes":""},"categories":[1],"tags":[],"tax_estado":[],"class_list":["post-554764","post","type-post","status-publish","format-standard","has-post-thumbnail","hentry","category-cursos-e-concursos"],"acf":[],"yoast_head":"<!-- This site is optimized with the Yoast SEO Premium plugin v27.2 (Yoast SEO v27.2) - https:\/\/yoast.com\/product\/yoast-seo-premium-wordpress\/ -->\n<title>Simulado Delegado PC-AM: Reforce seu conhecimento!<\/title>\n<meta name=\"robots\" content=\"index, follow, max-snippet:-1, max-image-preview:large, max-video-preview:-1\" \/>\n<link rel=\"canonical\" href=\"https:\/\/www.estrategiaconcursos.com.br\/blog\/simulado-delegado-pc-am\/\" \/>\n<meta property=\"og:locale\" content=\"pt_BR\" \/>\n<meta property=\"og:type\" content=\"article\" \/>\n<meta property=\"og:title\" content=\"Simulado Delegado PC-AM: Reforce seu conhecimento!\" \/>\n<meta property=\"og:description\" content=\"Um novo concurso PC AM deve ocorrer em 2021! Isso porque o presidente da Assembleia Legislativa do Amazonas (Aleam), deputado Josu\u00e9 Neto, apresentou uma emenda \u00e0 Lei de Diretrizes Or\u00e7ament\u00e1rias (LDO) de 2021, que determina recursos para realiza\u00e7\u00e3o de certame da Pol\u00edcia Civil do Amazonas. Por isso, n\u00e3o perca mais tempo e comece a refor\u00e7ar [&hellip;]\" \/>\n<meta property=\"og:url\" content=\"https:\/\/www.estrategiaconcursos.com.br\/blog\/simulado-delegado-pc-am\/\" \/>\n<meta property=\"og:site_name\" content=\"Estrat\u00e9gia Concursos\" \/>\n<meta property=\"article:author\" content=\"https:\/\/www.facebook.com\/EstrategiaConcursos\" \/>\n<meta property=\"article:published_time\" content=\"2020-08-16T03:30:00+00:00\" \/>\n<meta property=\"article:modified_time\" content=\"2023-07-19T18:56:17+00:00\" \/>\n<meta property=\"og:image\" content=\"https:\/\/dhg1h5j42swfq.cloudfront.net\/2018\/06\/01140316\/jornalismo-PC-AM.jpg\" \/>\n\t<meta property=\"og:image:width\" content=\"1200\" \/>\n\t<meta property=\"og:image:height\" content=\"628\" \/>\n\t<meta property=\"og:image:type\" content=\"image\/jpeg\" \/>\n<meta name=\"author\" content=\"Coordena\u00e7\u00e3o\" \/>\n<meta name=\"twitter:card\" content=\"summary_large_image\" \/>\n<meta name=\"twitter:creator\" content=\"@EstratConcursos\" \/>\n<meta name=\"twitter:site\" content=\"@EstratConcursos\" \/>\n<meta name=\"twitter:label1\" content=\"Escrito por\" \/>\n\t<meta name=\"twitter:data1\" content=\"Coordena\u00e7\u00e3o\" \/>\n\t<meta name=\"twitter:label2\" content=\"Est. tempo de leitura\" \/>\n\t<meta name=\"twitter:data2\" content=\"2 minutos\" \/>\n<script type=\"application\/ld+json\" class=\"yoast-schema-graph\">{\"@context\":\"https:\/\/schema.org\",\"@graph\":[{\"@type\":\"NewsArticle\",\"@id\":\"https:\/\/www.estrategiaconcursos.com.br\/blog\/simulado-delegado-pc-am\/#article\",\"isPartOf\":{\"@id\":\"https:\/\/www.estrategiaconcursos.com.br\/blog\/simulado-delegado-pc-am\/\"},\"author\":{\"name\":\"Coordena\u00e7\u00e3o\",\"@id\":\"https:\/\/www.estrategiaconcursos.com.br\/blog\/#\/schema\/person\/b4a388c97673c5f483d72185668afa1f\"},\"headline\":\"Simulado Delegado PC-AM: Reforce seu conhecimento!\",\"datePublished\":\"2020-08-16T03:30:00+00:00\",\"dateModified\":\"2023-07-19T18:56:17+00:00\",\"mainEntityOfPage\":{\"@id\":\"https:\/\/www.estrategiaconcursos.com.br\/blog\/simulado-delegado-pc-am\/\"},\"wordCount\":369,\"commentCount\":0,\"publisher\":{\"@id\":\"https:\/\/www.estrategiaconcursos.com.br\/blog\/#organization\"},\"image\":{\"@id\":\"https:\/\/www.estrategiaconcursos.com.br\/blog\/simulado-delegado-pc-am\/#primaryimage\"},\"thumbnailUrl\":\"https:\/\/dhg1h5j42swfq.cloudfront.net\/2018\/06\/01140316\/jornalismo-PC-AM.jpg\",\"articleSection\":[\"Concursos P\u00fablicos\"],\"inLanguage\":\"pt-BR\",\"potentialAction\":[{\"@type\":\"CommentAction\",\"name\":\"Comment\",\"target\":[\"https:\/\/www.estrategiaconcursos.com.br\/blog\/simulado-delegado-pc-am\/#respond\"]}],\"copyrightYear\":\"2020\",\"copyrightHolder\":{\"@id\":\"https:\/\/www.estrategiaconcursos.com.br\/blog\/#organization\"}},{\"@type\":\"WebPage\",\"@id\":\"https:\/\/www.estrategiaconcursos.com.br\/blog\/simulado-delegado-pc-am\/\",\"url\":\"https:\/\/www.estrategiaconcursos.com.br\/blog\/simulado-delegado-pc-am\/\",\"name\":\"Simulado Delegado PC-AM: Reforce seu conhecimento!\",\"isPartOf\":{\"@id\":\"https:\/\/www.estrategiaconcursos.com.br\/blog\/#website\"},\"primaryImageOfPage\":{\"@id\":\"https:\/\/www.estrategiaconcursos.com.br\/blog\/simulado-delegado-pc-am\/#primaryimage\"},\"image\":{\"@id\":\"https:\/\/www.estrategiaconcursos.com.br\/blog\/simulado-delegado-pc-am\/#primaryimage\"},\"thumbnailUrl\":\"https:\/\/dhg1h5j42swfq.cloudfront.net\/2018\/06\/01140316\/jornalismo-PC-AM.jpg\",\"datePublished\":\"2020-08-16T03:30:00+00:00\",\"dateModified\":\"2023-07-19T18:56:17+00:00\",\"breadcrumb\":{\"@id\":\"https:\/\/www.estrategiaconcursos.com.br\/blog\/simulado-delegado-pc-am\/#breadcrumb\"},\"inLanguage\":\"pt-BR\",\"potentialAction\":[{\"@type\":\"ReadAction\",\"target\":[\"https:\/\/www.estrategiaconcursos.com.br\/blog\/simulado-delegado-pc-am\/\"]}]},{\"@type\":\"ImageObject\",\"inLanguage\":\"pt-BR\",\"@id\":\"https:\/\/www.estrategiaconcursos.com.br\/blog\/simulado-delegado-pc-am\/#primaryimage\",\"url\":\"https:\/\/dhg1h5j42swfq.cloudfront.net\/2018\/06\/01140316\/jornalismo-PC-AM.jpg\",\"contentUrl\":\"https:\/\/dhg1h5j42swfq.cloudfront.net\/2018\/06\/01140316\/jornalismo-PC-AM.jpg\",\"width\":1200,\"height\":628,\"caption\":\"concurso pc am delegado\"},{\"@type\":\"BreadcrumbList\",\"@id\":\"https:\/\/www.estrategiaconcursos.com.br\/blog\/simulado-delegado-pc-am\/#breadcrumb\",\"itemListElement\":[{\"@type\":\"ListItem\",\"position\":1,\"name\":\"In\u00edcio\",\"item\":\"https:\/\/www.estrategiaconcursos.com.br\/blog\/\"},{\"@type\":\"ListItem\",\"position\":2,\"name\":\"Simulado Delegado PC-AM: Reforce seu conhecimento!\"}]},{\"@type\":\"WebSite\",\"@id\":\"https:\/\/www.estrategiaconcursos.com.br\/blog\/#website\",\"url\":\"https:\/\/www.estrategiaconcursos.com.br\/blog\/\",\"name\":\"Estrat\u00e9gia Concursos\",\"description\":\"O blog da Estrat\u00e9gia Concursos traz not\u00edcias sobre concursos e artigos de professores oferecendo cursos para concursos (pdf + videaulas) no site.\",\"publisher\":{\"@id\":\"https:\/\/www.estrategiaconcursos.com.br\/blog\/#organization\"},\"potentialAction\":[{\"@type\":\"SearchAction\",\"target\":{\"@type\":\"EntryPoint\",\"urlTemplate\":\"https:\/\/www.estrategiaconcursos.com.br\/blog\/?s={search_term_string}\"},\"query-input\":{\"@type\":\"PropertyValueSpecification\",\"valueRequired\":true,\"valueName\":\"search_term_string\"}}],\"inLanguage\":\"pt-BR\"},{\"@type\":\"Organization\",\"@id\":\"https:\/\/www.estrategiaconcursos.com.br\/blog\/#organization\",\"name\":\"Estrat\u00e9gia Concursos\",\"url\":\"https:\/\/www.estrategiaconcursos.com.br\/blog\/\",\"logo\":{\"@type\":\"ImageObject\",\"inLanguage\":\"pt-BR\",\"@id\":\"https:\/\/www.estrategiaconcursos.com.br\/blog\/#\/schema\/logo\/image\/\",\"url\":\"https:\/\/dhg1h5j42swfq.cloudfront.net\/2025\/06\/03203428\/logo_concursos-1.jpg\",\"contentUrl\":\"https:\/\/dhg1h5j42swfq.cloudfront.net\/2025\/06\/03203428\/logo_concursos-1.jpg\",\"width\":230,\"height\":60,\"caption\":\"Estrat\u00e9gia Concursos\"},\"image\":{\"@id\":\"https:\/\/www.estrategiaconcursos.com.br\/blog\/#\/schema\/logo\/image\/\"},\"sameAs\":[\"https:\/\/x.com\/EstratConcursos\"]},{\"@type\":\"Person\",\"@id\":\"https:\/\/www.estrategiaconcursos.com.br\/blog\/#\/schema\/person\/b4a388c97673c5f483d72185668afa1f\",\"name\":\"Coordena\u00e7\u00e3o\",\"image\":{\"@type\":\"ImageObject\",\"inLanguage\":\"pt-BR\",\"@id\":\"https:\/\/secure.gravatar.com\/avatar\/b720319e4c9a967eb58678d110f4fe35452fc5d5f97b202bac7b8acceb18c6ad?s=96&d=mm&r=g\",\"url\":\"https:\/\/secure.gravatar.com\/avatar\/b720319e4c9a967eb58678d110f4fe35452fc5d5f97b202bac7b8acceb18c6ad?s=96&d=mm&r=g\",\"contentUrl\":\"https:\/\/secure.gravatar.com\/avatar\/b720319e4c9a967eb58678d110f4fe35452fc5d5f97b202bac7b8acceb18c6ad?s=96&d=mm&r=g\",\"caption\":\"Coordena\u00e7\u00e3o\"},\"sameAs\":[\"https:\/\/www.facebook.com\/EstrategiaConcursos\",\"https:\/\/x.com\/EstratConcursos\"],\"url\":\"https:\/\/www.estrategiaconcursos.com.br\/blog\/author\/estrategia2013\/\"}]}<\/script>\n<!-- \/ Yoast SEO Premium plugin. -->","yoast_head_json":{"title":"Simulado Delegado PC-AM: Reforce seu conhecimento!","robots":{"index":"index","follow":"follow","max-snippet":"max-snippet:-1","max-image-preview":"max-image-preview:large","max-video-preview":"max-video-preview:-1"},"canonical":"https:\/\/www.estrategiaconcursos.com.br\/blog\/simulado-delegado-pc-am\/","og_locale":"pt_BR","og_type":"article","og_title":"Simulado Delegado PC-AM: Reforce seu conhecimento!","og_description":"Um novo concurso PC AM deve ocorrer em 2021! Isso porque o presidente da Assembleia Legislativa do Amazonas (Aleam), deputado Josu\u00e9 Neto, apresentou uma emenda \u00e0 Lei de Diretrizes Or\u00e7ament\u00e1rias (LDO) de 2021, que determina recursos para realiza\u00e7\u00e3o de certame da Pol\u00edcia Civil do Amazonas. Por isso, n\u00e3o perca mais tempo e comece a refor\u00e7ar [&hellip;]","og_url":"https:\/\/www.estrategiaconcursos.com.br\/blog\/simulado-delegado-pc-am\/","og_site_name":"Estrat\u00e9gia Concursos","article_author":"https:\/\/www.facebook.com\/EstrategiaConcursos","article_published_time":"2020-08-16T03:30:00+00:00","article_modified_time":"2023-07-19T18:56:17+00:00","og_image":[{"width":1200,"height":628,"url":"https:\/\/dhg1h5j42swfq.cloudfront.net\/2018\/06\/01140316\/jornalismo-PC-AM.jpg","type":"image\/jpeg"}],"author":"Coordena\u00e7\u00e3o","twitter_card":"summary_large_image","twitter_creator":"@EstratConcursos","twitter_site":"@EstratConcursos","twitter_misc":{"Escrito por":"Coordena\u00e7\u00e3o","Est. tempo de leitura":"2 minutos"},"schema":{"@context":"https:\/\/schema.org","@graph":[{"@type":"NewsArticle","@id":"https:\/\/www.estrategiaconcursos.com.br\/blog\/simulado-delegado-pc-am\/#article","isPartOf":{"@id":"https:\/\/www.estrategiaconcursos.com.br\/blog\/simulado-delegado-pc-am\/"},"author":{"name":"Coordena\u00e7\u00e3o","@id":"https:\/\/www.estrategiaconcursos.com.br\/blog\/#\/schema\/person\/b4a388c97673c5f483d72185668afa1f"},"headline":"Simulado Delegado PC-AM: Reforce seu conhecimento!","datePublished":"2020-08-16T03:30:00+00:00","dateModified":"2023-07-19T18:56:17+00:00","mainEntityOfPage":{"@id":"https:\/\/www.estrategiaconcursos.com.br\/blog\/simulado-delegado-pc-am\/"},"wordCount":369,"commentCount":0,"publisher":{"@id":"https:\/\/www.estrategiaconcursos.com.br\/blog\/#organization"},"image":{"@id":"https:\/\/www.estrategiaconcursos.com.br\/blog\/simulado-delegado-pc-am\/#primaryimage"},"thumbnailUrl":"https:\/\/dhg1h5j42swfq.cloudfront.net\/2018\/06\/01140316\/jornalismo-PC-AM.jpg","articleSection":["Concursos P\u00fablicos"],"inLanguage":"pt-BR","potentialAction":[{"@type":"CommentAction","name":"Comment","target":["https:\/\/www.estrategiaconcursos.com.br\/blog\/simulado-delegado-pc-am\/#respond"]}],"copyrightYear":"2020","copyrightHolder":{"@id":"https:\/\/www.estrategiaconcursos.com.br\/blog\/#organization"}},{"@type":"WebPage","@id":"https:\/\/www.estrategiaconcursos.com.br\/blog\/simulado-delegado-pc-am\/","url":"https:\/\/www.estrategiaconcursos.com.br\/blog\/simulado-delegado-pc-am\/","name":"Simulado Delegado PC-AM: Reforce seu conhecimento!","isPartOf":{"@id":"https:\/\/www.estrategiaconcursos.com.br\/blog\/#website"},"primaryImageOfPage":{"@id":"https:\/\/www.estrategiaconcursos.com.br\/blog\/simulado-delegado-pc-am\/#primaryimage"},"image":{"@id":"https:\/\/www.estrategiaconcursos.com.br\/blog\/simulado-delegado-pc-am\/#primaryimage"},"thumbnailUrl":"https:\/\/dhg1h5j42swfq.cloudfront.net\/2018\/06\/01140316\/jornalismo-PC-AM.jpg","datePublished":"2020-08-16T03:30:00+00:00","dateModified":"2023-07-19T18:56:17+00:00","breadcrumb":{"@id":"https:\/\/www.estrategiaconcursos.com.br\/blog\/simulado-delegado-pc-am\/#breadcrumb"},"inLanguage":"pt-BR","potentialAction":[{"@type":"ReadAction","target":["https:\/\/www.estrategiaconcursos.com.br\/blog\/simulado-delegado-pc-am\/"]}]},{"@type":"ImageObject","inLanguage":"pt-BR","@id":"https:\/\/www.estrategiaconcursos.com.br\/blog\/simulado-delegado-pc-am\/#primaryimage","url":"https:\/\/dhg1h5j42swfq.cloudfront.net\/2018\/06\/01140316\/jornalismo-PC-AM.jpg","contentUrl":"https:\/\/dhg1h5j42swfq.cloudfront.net\/2018\/06\/01140316\/jornalismo-PC-AM.jpg","width":1200,"height":628,"caption":"concurso pc am delegado"},{"@type":"BreadcrumbList","@id":"https:\/\/www.estrategiaconcursos.com.br\/blog\/simulado-delegado-pc-am\/#breadcrumb","itemListElement":[{"@type":"ListItem","position":1,"name":"In\u00edcio","item":"https:\/\/www.estrategiaconcursos.com.br\/blog\/"},{"@type":"ListItem","position":2,"name":"Simulado Delegado PC-AM: Reforce seu conhecimento!"}]},{"@type":"WebSite","@id":"https:\/\/www.estrategiaconcursos.com.br\/blog\/#website","url":"https:\/\/www.estrategiaconcursos.com.br\/blog\/","name":"Estrat\u00e9gia Concursos","description":"O blog da Estrat\u00e9gia Concursos traz not\u00edcias sobre concursos e artigos de professores oferecendo cursos para concursos (pdf + videaulas) no site.","publisher":{"@id":"https:\/\/www.estrategiaconcursos.com.br\/blog\/#organization"},"potentialAction":[{"@type":"SearchAction","target":{"@type":"EntryPoint","urlTemplate":"https:\/\/www.estrategiaconcursos.com.br\/blog\/?s={search_term_string}"},"query-input":{"@type":"PropertyValueSpecification","valueRequired":true,"valueName":"search_term_string"}}],"inLanguage":"pt-BR"},{"@type":"Organization","@id":"https:\/\/www.estrategiaconcursos.com.br\/blog\/#organization","name":"Estrat\u00e9gia Concursos","url":"https:\/\/www.estrategiaconcursos.com.br\/blog\/","logo":{"@type":"ImageObject","inLanguage":"pt-BR","@id":"https:\/\/www.estrategiaconcursos.com.br\/blog\/#\/schema\/logo\/image\/","url":"https:\/\/dhg1h5j42swfq.cloudfront.net\/2025\/06\/03203428\/logo_concursos-1.jpg","contentUrl":"https:\/\/dhg1h5j42swfq.cloudfront.net\/2025\/06\/03203428\/logo_concursos-1.jpg","width":230,"height":60,"caption":"Estrat\u00e9gia Concursos"},"image":{"@id":"https:\/\/www.estrategiaconcursos.com.br\/blog\/#\/schema\/logo\/image\/"},"sameAs":["https:\/\/x.com\/EstratConcursos"]},{"@type":"Person","@id":"https:\/\/www.estrategiaconcursos.com.br\/blog\/#\/schema\/person\/b4a388c97673c5f483d72185668afa1f","name":"Coordena\u00e7\u00e3o","image":{"@type":"ImageObject","inLanguage":"pt-BR","@id":"https:\/\/secure.gravatar.com\/avatar\/b720319e4c9a967eb58678d110f4fe35452fc5d5f97b202bac7b8acceb18c6ad?s=96&d=mm&r=g","url":"https:\/\/secure.gravatar.com\/avatar\/b720319e4c9a967eb58678d110f4fe35452fc5d5f97b202bac7b8acceb18c6ad?s=96&d=mm&r=g","contentUrl":"https:\/\/secure.gravatar.com\/avatar\/b720319e4c9a967eb58678d110f4fe35452fc5d5f97b202bac7b8acceb18c6ad?s=96&d=mm&r=g","caption":"Coordena\u00e7\u00e3o"},"sameAs":["https:\/\/www.facebook.com\/EstrategiaConcursos","https:\/\/x.com\/EstratConcursos"],"url":"https:\/\/www.estrategiaconcursos.com.br\/blog\/author\/estrategia2013\/"}]}},"_links":{"self":[{"href":"https:\/\/www.estrategiaconcursos.com.br\/blog\/wp-json\/wp\/v2\/posts\/554764","targetHints":{"allow":["GET"]}}],"collection":[{"href":"https:\/\/www.estrategiaconcursos.com.br\/blog\/wp-json\/wp\/v2\/posts"}],"about":[{"href":"https:\/\/www.estrategiaconcursos.com.br\/blog\/wp-json\/wp\/v2\/types\/post"}],"author":[{"embeddable":true,"href":"https:\/\/www.estrategiaconcursos.com.br\/blog\/wp-json\/wp\/v2\/users\/1"}],"replies":[{"embeddable":true,"href":"https:\/\/www.estrategiaconcursos.com.br\/blog\/wp-json\/wp\/v2\/comments?post=554764"}],"version-history":[{"count":8,"href":"https:\/\/www.estrategiaconcursos.com.br\/blog\/wp-json\/wp\/v2\/posts\/554764\/revisions"}],"predecessor-version":[{"id":1251558,"href":"https:\/\/www.estrategiaconcursos.com.br\/blog\/wp-json\/wp\/v2\/posts\/554764\/revisions\/1251558"}],"wp:featuredmedia":[{"embeddable":true,"href":"https:\/\/www.estrategiaconcursos.com.br\/blog\/wp-json\/wp\/v2\/media\/123756"}],"wp:attachment":[{"href":"https:\/\/www.estrategiaconcursos.com.br\/blog\/wp-json\/wp\/v2\/media?parent=554764"}],"wp:term":[{"taxonomy":"category","embeddable":true,"href":"https:\/\/www.estrategiaconcursos.com.br\/blog\/wp-json\/wp\/v2\/categories?post=554764"},{"taxonomy":"post_tag","embeddable":true,"href":"https:\/\/www.estrategiaconcursos.com.br\/blog\/wp-json\/wp\/v2\/tags?post=554764"},{"taxonomy":"tax_estado","embeddable":true,"href":"https:\/\/www.estrategiaconcursos.com.br\/blog\/wp-json\/wp\/v2\/tax_estado?post=554764"}],"curies":[{"name":"wp","href":"https:\/\/api.w.org\/{rel}","templated":true}]}}