{"id":554575,"date":"2020-08-12T09:52:41","date_gmt":"2020-08-12T12:52:41","guid":{"rendered":"https:\/\/www.estrategiaconcursos.com.br\/blog\/?p=554575"},"modified":"2020-08-12T19:16:41","modified_gmt":"2020-08-12T22:16:41","slug":"trf3-juiz-remocao-interna","status":"publish","type":"post","link":"https:\/\/www.estrategiaconcursos.com.br\/blog\/trf3-juiz-remocao-interna\/","title":{"rendered":"TRF3 Juiz: tribunal lan\u00e7a edital de remo\u00e7\u00e3o interna"},"content":{"rendered":"\n<p>Foi divulgado nesta quarta-feira, 12 de agosto de 2020, o <strong><em>edital de remo\u00e7\u00e3o interna para Juiz Federal do Tribunal Regional Federal da 3\u00aa Regi\u00e3o (TRF3 Juiz). <\/em><\/strong> A <strong>inscri\u00e7\u00e3o<\/strong> para o concurso de remo\u00e7\u00e3o interna de Juiz Federal poder\u00e1 ser feita de <strong>20 de agosto a 08 de setembro de 2020<\/strong>. <\/p>\n\n\n\n<p>Para tanto, o candidato deve acessar o sistema online de promo\u00e7\u00e3o e remo\u00e7\u00e3o &#8211; PRE, disponibilizado na p\u00e1gina dos Conselhos de Administra\u00e7\u00e3o e Justi\u00e7a da intranet do Tribunal Regional Federal da 3\u00aa Regi\u00e3o, escolhendo dentre as op\u00e7\u00f5es de Varas Federais, Varas-Gabinete e Gabinetes de Turmas Recursais dos Juizados Especiais Federais da 3\u00aa Regi\u00e3o.<\/p>\n\n\n\n<p>O magistrado dever\u00e1 acessar o Sistema PRE, observado o \u201cstatus\u201d &#8211; Inscri\u00e7\u00f5es Abertas, e preencher as op\u00e7\u00f5es previstas no Edital. A finaliza\u00e7\u00e3o da inscri\u00e7\u00e3o efetivar-se-\u00e1 somente no instante em que, ap\u00f3s \u201cPROCESSAR A INSCRI\u00c7\u00c3O\u201d, conferindo as op\u00e7\u00f5es escolhidas, \u201cCONFIRMAR A INSCRI\u00c7\u00c3O\u201d.<\/p>\n\n\n\n<p>Imediatamente ap\u00f3s a confirma\u00e7\u00e3o da inscri\u00e7\u00e3o, o Sistema PRE enviar\u00e1 mensagem autom\u00e1tica com as op\u00e7\u00f5es indicadas para a caixa de correio<br \/>eletr\u00f4nico pessoal institucional do magistrado. <\/p>\n\n\n\n<p>Durante a inscri\u00e7\u00e3o, ser\u00e1 facultada a inclus\u00e3o ou a exclus\u00e3o de op\u00e7\u00f5es, bem como a invers\u00e3o da ordem indicada, quantas vezes forem necess\u00e1rias, bastando, para tanto, a repeti\u00e7\u00e3o do procedimento acima descrito.<\/p>\n\n\n\n<p>A \u00faltima <strong>CONFIRMA\u00c7\u00c3O DA INSCRI\u00c7\u00c3O<\/strong> para remo\u00e7\u00e3o interna dever\u00e1 ser feita pelo magistrado, impreterivelmente, at\u00e9 \u00e0s 19 horas do dia 08 de setembro de 2020, momento no qual ser\u00e1 bloqueado o Sistema PRE, ainda que o acesso a sua p\u00e1gina eletr\u00f4nica tenha se iniciado antes desse hor\u00e1rio.<\/p>\n\n\n\n<p>O candidato que tiver autos retidos em seu poder al\u00e9m do prazo legal poder\u00e1 apresentar a respectiva justificativa, dentro do prazo previsto para a inscri\u00e7\u00e3o, por interm\u00e9dio do e-mail <strong>INSCRICAOJUIZ@trf3.jus.br<\/strong>, sem preju\u00edzo da verifica\u00e7\u00e3o de ac\u00famulo de of\u00edcio no curso deste concurso de remo\u00e7\u00e3o.<\/p>\n\n\n\n<p>O per\u00edodo de desist\u00eancia \u00e9 de 03 dias, com in\u00edcio no dia 09 de setembro e t\u00e9rmino \u00e0s 19 horas (hor\u00e1rio de Bras\u00edlia) do dia 11 de setembro de 2020.<\/p>\n\n\n\n<p>Para o Concurso de remo\u00e7\u00e3o interna de Juiz Federal s\u00e3o disponibilizadas Varas Federais, Varas-Gabinete e Gabinetes de Turma Recursal dos Juizados Especiais Federais da 3\u00aa Regi\u00e3o que vagarem em decorr\u00eancia da pr\u00f3pria remo\u00e7\u00e3o, desde que estejam previstos no edital. Confira no link abaixo: <\/p>\n\n\n\n<p style=\"font-size:22px\" class=\"has-text-align-center\"><a href=\"https:\/\/dhg1h5j42swfq.cloudfront.net\/2020\/08\/12094549\/trf3-remo%C3%A7%C3%A3o.pdf\" target=\"_blank\" rel=\"noreferrer noopener\"><strong>Edital de remo\u00e7\u00e3o interna TRF3<\/strong><\/a><\/p>\n\n\n\n<p class=\"has-background has-text-align-center has-very-light-gray-background-color\"><strong>Mais informa\u00e7\u00f5es: <a href=\"https:\/\/www.estrategiaconcursos.com.br\/blog\/concurso-juiz-federal-trf3\" target=\"_blank\" rel=\"noreferrer noopener\">Concurso Juiz Federal TRF3<\/a><\/strong><\/p>\n\n\n\n<h2 class=\"has-text-align-center wp-block-heading\" id=\"cursos-trf3-juiz\">Quer estudar para o concurso TRF3 Juiz?<\/h2>\n\n\n\n<p class=\"has-background has-text-align-center has-luminous-vivid-amber-background-color\"><a href=\"https:\/\/www.estrategiaconcursos.com.br\/cursosPorConcurso\/trf-3-regiao-juiz-sao-paulo-e-mato-grosso-do-sul\/\"><strong>CURSOS TRF3 JUIZ FEDERAL<\/strong><\/a><\/p>\n\n\n\n<p class=\"has-text-align-center\"><strong><em><strong>Sistema de Quest\u00f5es<\/strong><\/em><\/strong> <strong><em>&#8211; TRF3 Juiz<\/em><\/strong><\/p>\n\n\n\n<p class=\"has-text-align-center\">Estrat\u00e9gia Quest\u00f5es nasceu maior do que todos os concorrentes, com mais quest\u00f5es cadastradas e mais solu\u00e7\u00f5es por professores. Clique no link e aproveite os descontos e b\u00f4nus imperd\u00edveis!<\/p>\n\n\n\n<p class=\"has-background has-text-align-center has-vivid-green-cyan-background-color\"><strong>ASSINE AGORA \u2013 <a href=\"https:\/\/www.estrategiaconcursos.com.br\/cursosPorConcurso\/sistema-de-questoes\/#\/\" target=\"_blank\" rel=\"noreferrer noopener\">Sistema de Quest\u00f5es<\/a><\/strong><\/p>\n\n\n\n<p class=\"has-text-align-center\"><strong><em>Fique por dentro dos concursos vigentes:<\/em><\/strong><\/p>\n\n\n\n<p class=\"has-background has-text-align-center has-pale-cyan-blue-background-color\"><strong><a href=\"https:\/\/www.estrategiaconcursos.com.br\/blog\/concursos-abertos\/\" target=\"_blank\" rel=\"noreferrer noopener\">Concursos abertos<\/a><\/strong><\/p>\n\n\n\n<p class=\"has-background has-text-align-center has-pale-cyan-blue-background-color\"><a href=\"https:\/\/www.estrategiaconcursos.com.br\/blog\/concursos-2020\/\" target=\"_blank\" rel=\"noreferrer noopener\"><strong>Concursos 2020<\/strong><\/a><\/p>\n\n\n\n<p class=\"has-background has-text-align-center has-pale-cyan-blue-background-color\"><strong><a href=\"https:\/\/www.estrategiaconcursos.com.br\/blog\/concursos-2021\/\" target=\"_blank\" rel=\"noreferrer noopener\">Concursos 2021<\/a><\/strong><\/p>\n\n\n\n<p class=\"has-background has-text-align-center has-pale-cyan-blue-background-color\"><strong><a href=\"https:\/\/www.estrategiaconcursos.com.br\/blog\/concursos-de-direito\/\" target=\"_blank\" rel=\"noreferrer noopener\">CONCURSOS DE DIREITO<\/a><\/strong><\/p>\n","protected":false},"excerpt":{"rendered":"<p>Foi divulgado nesta quarta-feira, 12 de agosto de 2020, o edital de remo\u00e7\u00e3o interna para Juiz Federal do Tribunal Regional Federal da 3\u00aa Regi\u00e3o (TRF3 Juiz). A inscri\u00e7\u00e3o para o concurso de remo\u00e7\u00e3o interna de Juiz Federal poder\u00e1 ser feita de 20 de agosto a 08 de setembro de 2020. Para tanto, o candidato deve [&hellip;]<\/p>\n","protected":false},"author":180,"featured_media":484210,"comment_status":"open","ping_status":"closed","sticky":false,"template":"","format":"standard","meta":{"post_tipo":"article","footnotes":""},"categories":[1],"tags":[],"tax_estado":[],"class_list":["post-554575","post","type-post","status-publish","format-standard","has-post-thumbnail","hentry","category-cursos-e-concursos"],"acf":[],"yoast_head":"<!-- This site is optimized with the Yoast SEO Premium plugin v27.2 (Yoast SEO v27.2) - https:\/\/yoast.com\/product\/yoast-seo-premium-wordpress\/ -->\n<title>TRF3 Juiz: tribunal lan\u00e7a edital de remo\u00e7\u00e3o interna<\/title>\n<meta name=\"description\" content=\"TRF3 Juiz: o Tribunal lan\u00e7ou o edital de remo\u00e7\u00e3o interna para Juiz Federal. As inscri\u00e7\u00f5es podem ser feitas de 20 de agosto a 08 de setembro. Saiba mais!\" \/>\n<meta name=\"robots\" content=\"index, follow, max-snippet:-1, max-image-preview:large, max-video-preview:-1\" \/>\n<link rel=\"canonical\" href=\"https:\/\/www.estrategiaconcursos.com.br\/blog\/trf3-juiz-remocao-interna\/\" \/>\n<meta property=\"og:locale\" content=\"pt_BR\" \/>\n<meta property=\"og:type\" content=\"article\" \/>\n<meta property=\"og:title\" content=\"TRF3 Juiz: tribunal lan\u00e7a edital de remo\u00e7\u00e3o interna\" \/>\n<meta property=\"og:description\" content=\"TRF3 Juiz: o Tribunal lan\u00e7ou o edital de remo\u00e7\u00e3o interna para Juiz Federal. As inscri\u00e7\u00f5es podem ser feitas de 20 de agosto a 08 de setembro. Saiba mais!\" \/>\n<meta property=\"og:url\" content=\"https:\/\/www.estrategiaconcursos.com.br\/blog\/trf3-juiz-remocao-interna\/\" \/>\n<meta property=\"og:site_name\" content=\"Estrat\u00e9gia Concursos\" \/>\n<meta property=\"article:author\" content=\"https:\/\/www.facebook.com\/ricardo.s.torques\" \/>\n<meta property=\"article:published_time\" content=\"2020-08-12T12:52:41+00:00\" \/>\n<meta property=\"article:modified_time\" content=\"2020-08-12T22:16:41+00:00\" \/>\n<meta property=\"og:image\" content=\"https:\/\/dhg1h5j42swfq.cloudfront.net\/2019\/09\/20093742\/juiz-federal-trf3.png\" \/>\n\t<meta property=\"og:image:width\" content=\"400\" \/>\n\t<meta property=\"og:image:height\" content=\"208\" \/>\n\t<meta property=\"og:image:type\" content=\"image\/png\" \/>\n<meta name=\"author\" content=\"Ricardo Torques\" \/>\n<meta name=\"twitter:card\" content=\"summary_large_image\" \/>\n<meta name=\"twitter:creator\" content=\"@EstratConcursos\" \/>\n<meta name=\"twitter:site\" content=\"@EstratConcursos\" \/>\n<meta name=\"twitter:label1\" content=\"Escrito por\" \/>\n\t<meta name=\"twitter:data1\" content=\"Ricardo Torques\" \/>\n\t<meta name=\"twitter:label2\" content=\"Est. tempo de leitura\" \/>\n\t<meta name=\"twitter:data2\" content=\"2 minutos\" \/>\n<script type=\"application\/ld+json\" class=\"yoast-schema-graph\">{\"@context\":\"https:\/\/schema.org\",\"@graph\":[{\"@type\":\"NewsArticle\",\"@id\":\"https:\/\/www.estrategiaconcursos.com.br\/blog\/trf3-juiz-remocao-interna\/#article\",\"isPartOf\":{\"@id\":\"https:\/\/www.estrategiaconcursos.com.br\/blog\/trf3-juiz-remocao-interna\/\"},\"author\":{\"name\":\"Ricardo Torques\",\"@id\":\"https:\/\/www.estrategiaconcursos.com.br\/blog\/#\/schema\/person\/aa39cf5ddb518e5bdce27c35788405e2\"},\"headline\":\"TRF3 Juiz: tribunal lan\u00e7a edital de remo\u00e7\u00e3o interna\",\"datePublished\":\"2020-08-12T12:52:41+00:00\",\"dateModified\":\"2020-08-12T22:16:41+00:00\",\"mainEntityOfPage\":{\"@id\":\"https:\/\/www.estrategiaconcursos.com.br\/blog\/trf3-juiz-remocao-interna\/\"},\"wordCount\":503,\"commentCount\":0,\"publisher\":{\"@id\":\"https:\/\/www.estrategiaconcursos.com.br\/blog\/#organization\"},\"image\":{\"@id\":\"https:\/\/www.estrategiaconcursos.com.br\/blog\/trf3-juiz-remocao-interna\/#primaryimage\"},\"thumbnailUrl\":\"https:\/\/dhg1h5j42swfq.cloudfront.net\/2019\/09\/20093742\/juiz-federal-trf3.png\",\"articleSection\":[\"Concursos P\u00fablicos\"],\"inLanguage\":\"pt-BR\",\"potentialAction\":[{\"@type\":\"CommentAction\",\"name\":\"Comment\",\"target\":[\"https:\/\/www.estrategiaconcursos.com.br\/blog\/trf3-juiz-remocao-interna\/#respond\"]}],\"copyrightYear\":\"2020\",\"copyrightHolder\":{\"@id\":\"https:\/\/www.estrategiaconcursos.com.br\/blog\/#organization\"}},{\"@type\":\"WebPage\",\"@id\":\"https:\/\/www.estrategiaconcursos.com.br\/blog\/trf3-juiz-remocao-interna\/\",\"url\":\"https:\/\/www.estrategiaconcursos.com.br\/blog\/trf3-juiz-remocao-interna\/\",\"name\":\"TRF3 Juiz: tribunal lan\u00e7a edital de remo\u00e7\u00e3o interna\",\"isPartOf\":{\"@id\":\"https:\/\/www.estrategiaconcursos.com.br\/blog\/#website\"},\"primaryImageOfPage\":{\"@id\":\"https:\/\/www.estrategiaconcursos.com.br\/blog\/trf3-juiz-remocao-interna\/#primaryimage\"},\"image\":{\"@id\":\"https:\/\/www.estrategiaconcursos.com.br\/blog\/trf3-juiz-remocao-interna\/#primaryimage\"},\"thumbnailUrl\":\"https:\/\/dhg1h5j42swfq.cloudfront.net\/2019\/09\/20093742\/juiz-federal-trf3.png\",\"datePublished\":\"2020-08-12T12:52:41+00:00\",\"dateModified\":\"2020-08-12T22:16:41+00:00\",\"description\":\"TRF3 Juiz: o Tribunal lan\u00e7ou o edital de remo\u00e7\u00e3o interna para Juiz Federal. As inscri\u00e7\u00f5es podem ser feitas de 20 de agosto a 08 de setembro. Saiba mais!\",\"breadcrumb\":{\"@id\":\"https:\/\/www.estrategiaconcursos.com.br\/blog\/trf3-juiz-remocao-interna\/#breadcrumb\"},\"inLanguage\":\"pt-BR\",\"potentialAction\":[{\"@type\":\"ReadAction\",\"target\":[\"https:\/\/www.estrategiaconcursos.com.br\/blog\/trf3-juiz-remocao-interna\/\"]}]},{\"@type\":\"ImageObject\",\"inLanguage\":\"pt-BR\",\"@id\":\"https:\/\/www.estrategiaconcursos.com.br\/blog\/trf3-juiz-remocao-interna\/#primaryimage\",\"url\":\"https:\/\/dhg1h5j42swfq.cloudfront.net\/2019\/09\/20093742\/juiz-federal-trf3.png\",\"contentUrl\":\"https:\/\/dhg1h5j42swfq.cloudfront.net\/2019\/09\/20093742\/juiz-federal-trf3.png\",\"width\":400,\"height\":208,\"caption\":\"trf3 juiz\"},{\"@type\":\"BreadcrumbList\",\"@id\":\"https:\/\/www.estrategiaconcursos.com.br\/blog\/trf3-juiz-remocao-interna\/#breadcrumb\",\"itemListElement\":[{\"@type\":\"ListItem\",\"position\":1,\"name\":\"In\u00edcio\",\"item\":\"https:\/\/www.estrategiaconcursos.com.br\/blog\/\"},{\"@type\":\"ListItem\",\"position\":2,\"name\":\"TRF3 Juiz: tribunal lan\u00e7a edital de remo\u00e7\u00e3o interna\"}]},{\"@type\":\"WebSite\",\"@id\":\"https:\/\/www.estrategiaconcursos.com.br\/blog\/#website\",\"url\":\"https:\/\/www.estrategiaconcursos.com.br\/blog\/\",\"name\":\"Estrat\u00e9gia Concursos\",\"description\":\"O blog da Estrat\u00e9gia Concursos traz not\u00edcias sobre concursos e artigos de professores oferecendo cursos para concursos (pdf + videaulas) no site.\",\"publisher\":{\"@id\":\"https:\/\/www.estrategiaconcursos.com.br\/blog\/#organization\"},\"potentialAction\":[{\"@type\":\"SearchAction\",\"target\":{\"@type\":\"EntryPoint\",\"urlTemplate\":\"https:\/\/www.estrategiaconcursos.com.br\/blog\/?s={search_term_string}\"},\"query-input\":{\"@type\":\"PropertyValueSpecification\",\"valueRequired\":true,\"valueName\":\"search_term_string\"}}],\"inLanguage\":\"pt-BR\"},{\"@type\":\"Organization\",\"@id\":\"https:\/\/www.estrategiaconcursos.com.br\/blog\/#organization\",\"name\":\"Estrat\u00e9gia Concursos\",\"url\":\"https:\/\/www.estrategiaconcursos.com.br\/blog\/\",\"logo\":{\"@type\":\"ImageObject\",\"inLanguage\":\"pt-BR\",\"@id\":\"https:\/\/www.estrategiaconcursos.com.br\/blog\/#\/schema\/logo\/image\/\",\"url\":\"https:\/\/dhg1h5j42swfq.cloudfront.net\/2025\/06\/03203428\/logo_concursos-1.jpg\",\"contentUrl\":\"https:\/\/dhg1h5j42swfq.cloudfront.net\/2025\/06\/03203428\/logo_concursos-1.jpg\",\"width\":230,\"height\":60,\"caption\":\"Estrat\u00e9gia Concursos\"},\"image\":{\"@id\":\"https:\/\/www.estrategiaconcursos.com.br\/blog\/#\/schema\/logo\/image\/\"},\"sameAs\":[\"https:\/\/x.com\/EstratConcursos\"]},{\"@type\":\"Person\",\"@id\":\"https:\/\/www.estrategiaconcursos.com.br\/blog\/#\/schema\/person\/aa39cf5ddb518e5bdce27c35788405e2\",\"name\":\"Ricardo Torques\",\"image\":{\"@type\":\"ImageObject\",\"inLanguage\":\"pt-BR\",\"@id\":\"https:\/\/secure.gravatar.com\/avatar\/ce9ac6c3cff25fe86d15ed568ebc64d1724baf5c0693133bcb1f6073f712f92a?s=96&d=mm&r=g\",\"url\":\"https:\/\/secure.gravatar.com\/avatar\/ce9ac6c3cff25fe86d15ed568ebc64d1724baf5c0693133bcb1f6073f712f92a?s=96&d=mm&r=g\",\"contentUrl\":\"https:\/\/secure.gravatar.com\/avatar\/ce9ac6c3cff25fe86d15ed568ebc64d1724baf5c0693133bcb1f6073f712f92a?s=96&d=mm&r=g\",\"caption\":\"Ricardo Torques\"},\"sameAs\":[\"https:\/\/www.facebook.com\/ricardo.s.torques\"],\"url\":\"https:\/\/www.estrategiaconcursos.com.br\/blog\/author\/ricardotorquesestrategiaconcursos-com-br\/\"}]}<\/script>\n<!-- \/ Yoast SEO Premium plugin. -->","yoast_head_json":{"title":"TRF3 Juiz: tribunal lan\u00e7a edital de remo\u00e7\u00e3o interna","description":"TRF3 Juiz: o Tribunal lan\u00e7ou o edital de remo\u00e7\u00e3o interna para Juiz Federal. As inscri\u00e7\u00f5es podem ser feitas de 20 de agosto a 08 de setembro. Saiba mais!","robots":{"index":"index","follow":"follow","max-snippet":"max-snippet:-1","max-image-preview":"max-image-preview:large","max-video-preview":"max-video-preview:-1"},"canonical":"https:\/\/www.estrategiaconcursos.com.br\/blog\/trf3-juiz-remocao-interna\/","og_locale":"pt_BR","og_type":"article","og_title":"TRF3 Juiz: tribunal lan\u00e7a edital de remo\u00e7\u00e3o interna","og_description":"TRF3 Juiz: o Tribunal lan\u00e7ou o edital de remo\u00e7\u00e3o interna para Juiz Federal. As inscri\u00e7\u00f5es podem ser feitas de 20 de agosto a 08 de setembro. Saiba mais!","og_url":"https:\/\/www.estrategiaconcursos.com.br\/blog\/trf3-juiz-remocao-interna\/","og_site_name":"Estrat\u00e9gia Concursos","article_author":"https:\/\/www.facebook.com\/ricardo.s.torques","article_published_time":"2020-08-12T12:52:41+00:00","article_modified_time":"2020-08-12T22:16:41+00:00","og_image":[{"width":400,"height":208,"url":"https:\/\/dhg1h5j42swfq.cloudfront.net\/2019\/09\/20093742\/juiz-federal-trf3.png","type":"image\/png"}],"author":"Ricardo Torques","twitter_card":"summary_large_image","twitter_creator":"@EstratConcursos","twitter_site":"@EstratConcursos","twitter_misc":{"Escrito por":"Ricardo Torques","Est. tempo de leitura":"2 minutos"},"schema":{"@context":"https:\/\/schema.org","@graph":[{"@type":"NewsArticle","@id":"https:\/\/www.estrategiaconcursos.com.br\/blog\/trf3-juiz-remocao-interna\/#article","isPartOf":{"@id":"https:\/\/www.estrategiaconcursos.com.br\/blog\/trf3-juiz-remocao-interna\/"},"author":{"name":"Ricardo Torques","@id":"https:\/\/www.estrategiaconcursos.com.br\/blog\/#\/schema\/person\/aa39cf5ddb518e5bdce27c35788405e2"},"headline":"TRF3 Juiz: tribunal lan\u00e7a edital de remo\u00e7\u00e3o interna","datePublished":"2020-08-12T12:52:41+00:00","dateModified":"2020-08-12T22:16:41+00:00","mainEntityOfPage":{"@id":"https:\/\/www.estrategiaconcursos.com.br\/blog\/trf3-juiz-remocao-interna\/"},"wordCount":503,"commentCount":0,"publisher":{"@id":"https:\/\/www.estrategiaconcursos.com.br\/blog\/#organization"},"image":{"@id":"https:\/\/www.estrategiaconcursos.com.br\/blog\/trf3-juiz-remocao-interna\/#primaryimage"},"thumbnailUrl":"https:\/\/dhg1h5j42swfq.cloudfront.net\/2019\/09\/20093742\/juiz-federal-trf3.png","articleSection":["Concursos P\u00fablicos"],"inLanguage":"pt-BR","potentialAction":[{"@type":"CommentAction","name":"Comment","target":["https:\/\/www.estrategiaconcursos.com.br\/blog\/trf3-juiz-remocao-interna\/#respond"]}],"copyrightYear":"2020","copyrightHolder":{"@id":"https:\/\/www.estrategiaconcursos.com.br\/blog\/#organization"}},{"@type":"WebPage","@id":"https:\/\/www.estrategiaconcursos.com.br\/blog\/trf3-juiz-remocao-interna\/","url":"https:\/\/www.estrategiaconcursos.com.br\/blog\/trf3-juiz-remocao-interna\/","name":"TRF3 Juiz: tribunal lan\u00e7a edital de remo\u00e7\u00e3o interna","isPartOf":{"@id":"https:\/\/www.estrategiaconcursos.com.br\/blog\/#website"},"primaryImageOfPage":{"@id":"https:\/\/www.estrategiaconcursos.com.br\/blog\/trf3-juiz-remocao-interna\/#primaryimage"},"image":{"@id":"https:\/\/www.estrategiaconcursos.com.br\/blog\/trf3-juiz-remocao-interna\/#primaryimage"},"thumbnailUrl":"https:\/\/dhg1h5j42swfq.cloudfront.net\/2019\/09\/20093742\/juiz-federal-trf3.png","datePublished":"2020-08-12T12:52:41+00:00","dateModified":"2020-08-12T22:16:41+00:00","description":"TRF3 Juiz: o Tribunal lan\u00e7ou o edital de remo\u00e7\u00e3o interna para Juiz Federal. As inscri\u00e7\u00f5es podem ser feitas de 20 de agosto a 08 de setembro. Saiba mais!","breadcrumb":{"@id":"https:\/\/www.estrategiaconcursos.com.br\/blog\/trf3-juiz-remocao-interna\/#breadcrumb"},"inLanguage":"pt-BR","potentialAction":[{"@type":"ReadAction","target":["https:\/\/www.estrategiaconcursos.com.br\/blog\/trf3-juiz-remocao-interna\/"]}]},{"@type":"ImageObject","inLanguage":"pt-BR","@id":"https:\/\/www.estrategiaconcursos.com.br\/blog\/trf3-juiz-remocao-interna\/#primaryimage","url":"https:\/\/dhg1h5j42swfq.cloudfront.net\/2019\/09\/20093742\/juiz-federal-trf3.png","contentUrl":"https:\/\/dhg1h5j42swfq.cloudfront.net\/2019\/09\/20093742\/juiz-federal-trf3.png","width":400,"height":208,"caption":"trf3 juiz"},{"@type":"BreadcrumbList","@id":"https:\/\/www.estrategiaconcursos.com.br\/blog\/trf3-juiz-remocao-interna\/#breadcrumb","itemListElement":[{"@type":"ListItem","position":1,"name":"In\u00edcio","item":"https:\/\/www.estrategiaconcursos.com.br\/blog\/"},{"@type":"ListItem","position":2,"name":"TRF3 Juiz: tribunal lan\u00e7a edital de remo\u00e7\u00e3o interna"}]},{"@type":"WebSite","@id":"https:\/\/www.estrategiaconcursos.com.br\/blog\/#website","url":"https:\/\/www.estrategiaconcursos.com.br\/blog\/","name":"Estrat\u00e9gia Concursos","description":"O blog da Estrat\u00e9gia Concursos traz not\u00edcias sobre concursos e artigos de professores oferecendo cursos para concursos (pdf + videaulas) no site.","publisher":{"@id":"https:\/\/www.estrategiaconcursos.com.br\/blog\/#organization"},"potentialAction":[{"@type":"SearchAction","target":{"@type":"EntryPoint","urlTemplate":"https:\/\/www.estrategiaconcursos.com.br\/blog\/?s={search_term_string}"},"query-input":{"@type":"PropertyValueSpecification","valueRequired":true,"valueName":"search_term_string"}}],"inLanguage":"pt-BR"},{"@type":"Organization","@id":"https:\/\/www.estrategiaconcursos.com.br\/blog\/#organization","name":"Estrat\u00e9gia Concursos","url":"https:\/\/www.estrategiaconcursos.com.br\/blog\/","logo":{"@type":"ImageObject","inLanguage":"pt-BR","@id":"https:\/\/www.estrategiaconcursos.com.br\/blog\/#\/schema\/logo\/image\/","url":"https:\/\/dhg1h5j42swfq.cloudfront.net\/2025\/06\/03203428\/logo_concursos-1.jpg","contentUrl":"https:\/\/dhg1h5j42swfq.cloudfront.net\/2025\/06\/03203428\/logo_concursos-1.jpg","width":230,"height":60,"caption":"Estrat\u00e9gia Concursos"},"image":{"@id":"https:\/\/www.estrategiaconcursos.com.br\/blog\/#\/schema\/logo\/image\/"},"sameAs":["https:\/\/x.com\/EstratConcursos"]},{"@type":"Person","@id":"https:\/\/www.estrategiaconcursos.com.br\/blog\/#\/schema\/person\/aa39cf5ddb518e5bdce27c35788405e2","name":"Ricardo Torques","image":{"@type":"ImageObject","inLanguage":"pt-BR","@id":"https:\/\/secure.gravatar.com\/avatar\/ce9ac6c3cff25fe86d15ed568ebc64d1724baf5c0693133bcb1f6073f712f92a?s=96&d=mm&r=g","url":"https:\/\/secure.gravatar.com\/avatar\/ce9ac6c3cff25fe86d15ed568ebc64d1724baf5c0693133bcb1f6073f712f92a?s=96&d=mm&r=g","contentUrl":"https:\/\/secure.gravatar.com\/avatar\/ce9ac6c3cff25fe86d15ed568ebc64d1724baf5c0693133bcb1f6073f712f92a?s=96&d=mm&r=g","caption":"Ricardo Torques"},"sameAs":["https:\/\/www.facebook.com\/ricardo.s.torques"],"url":"https:\/\/www.estrategiaconcursos.com.br\/blog\/author\/ricardotorquesestrategiaconcursos-com-br\/"}]}},"_links":{"self":[{"href":"https:\/\/www.estrategiaconcursos.com.br\/blog\/wp-json\/wp\/v2\/posts\/554575","targetHints":{"allow":["GET"]}}],"collection":[{"href":"https:\/\/www.estrategiaconcursos.com.br\/blog\/wp-json\/wp\/v2\/posts"}],"about":[{"href":"https:\/\/www.estrategiaconcursos.com.br\/blog\/wp-json\/wp\/v2\/types\/post"}],"author":[{"embeddable":true,"href":"https:\/\/www.estrategiaconcursos.com.br\/blog\/wp-json\/wp\/v2\/users\/180"}],"replies":[{"embeddable":true,"href":"https:\/\/www.estrategiaconcursos.com.br\/blog\/wp-json\/wp\/v2\/comments?post=554575"}],"version-history":[{"count":6,"href":"https:\/\/www.estrategiaconcursos.com.br\/blog\/wp-json\/wp\/v2\/posts\/554575\/revisions"}],"predecessor-version":[{"id":554958,"href":"https:\/\/www.estrategiaconcursos.com.br\/blog\/wp-json\/wp\/v2\/posts\/554575\/revisions\/554958"}],"wp:featuredmedia":[{"embeddable":true,"href":"https:\/\/www.estrategiaconcursos.com.br\/blog\/wp-json\/wp\/v2\/media\/484210"}],"wp:attachment":[{"href":"https:\/\/www.estrategiaconcursos.com.br\/blog\/wp-json\/wp\/v2\/media?parent=554575"}],"wp:term":[{"taxonomy":"category","embeddable":true,"href":"https:\/\/www.estrategiaconcursos.com.br\/blog\/wp-json\/wp\/v2\/categories?post=554575"},{"taxonomy":"post_tag","embeddable":true,"href":"https:\/\/www.estrategiaconcursos.com.br\/blog\/wp-json\/wp\/v2\/tags?post=554575"},{"taxonomy":"tax_estado","embeddable":true,"href":"https:\/\/www.estrategiaconcursos.com.br\/blog\/wp-json\/wp\/v2\/tax_estado?post=554575"}],"curies":[{"name":"wp","href":"https:\/\/api.w.org\/{rel}","templated":true}]}}