{"id":554365,"date":"2020-08-11T16:26:30","date_gmt":"2020-08-11T19:26:30","guid":{"rendered":"https:\/\/www.estrategiaconcursos.com.br\/blog\/?p=554365"},"modified":"2020-08-11T16:26:32","modified_gmt":"2020-08-11T19:26:32","slug":"informativo-stf-941-comentado","status":"publish","type":"post","link":"https:\/\/www.estrategiaconcursos.com.br\/blog\/informativo-stf-941-comentado\/","title":{"rendered":"Informativo STF 941 Comentado"},"content":{"rendered":"\n<p>Bora analisar o Informativo n\u00ba 941 do STF <strong>COMENTADO<\/strong> para quem est\u00e1 ligado aqui conosco no Estrat\u00e9gia Carreiras Jur\u00eddicas!<\/p>\n\n\n\n<p class=\"has-text-align-center has-huge-font-size\"><strong><a href=\"https:\/\/dhg1h5j42swfq.cloudfront.net\/2020\/08\/11162608\/STF-941.pdf\">DOWNLOAD do PDF AQUI!<\/a><\/strong><\/p>\n\n\n<figure class=\"wp-block-embed-youtube wp-block-embed is-type-video is-provider-youtube wp-embed-aspect-16-9 wp-has-aspect-ratio\"><div class=\"lyte-wrapper\" style=\"width:853px;max-width:100%;margin:5px;\"><div class=\"lyMe\" id=\"WYL_9C3ecmlJrgE\"><div id=\"lyte_9C3ecmlJrgE\" data-src=\"\/\/i.ytimg.com\/vi\/9C3ecmlJrgE\/hqdefault.jpg\" class=\"pL\"><div class=\"tC\"><div class=\"tT\"><\/div><\/div><div class=\"play\"><\/div><div class=\"ctrl\"><div class=\"Lctrl\"><\/div><div class=\"Rctrl\"><\/div><\/div><\/div><noscript><a href=\"https:\/\/youtu.be\/9C3ecmlJrgE\" rel=\"nofollow\"><img loading=\"lazy\" decoding=\"async\" src=\"https:\/\/i.ytimg.com\/vi\/9C3ecmlJrgE\/0.jpg\" alt=\"YouTube video thumbnail\" width=\"853\" height=\"460\" \/><br \/>Assista a este v\u00eddeo no YouTube<\/a><\/noscript><\/div><\/div><div class=\"lL\" style=\"max-width:100%;width:853px;margin:5px;\"><\/div><figcaption><\/figcaption><\/figure>\n\n\n<p>Sum\u00e1rio<\/p>\n\n\n\n<p><a href=\"#_Toc48039947\">DIREITO CONSTITUCIONAL. 2<\/a><\/p>\n\n\n\n<p><a href=\"#_Toc48039948\">1.&nbsp;&nbsp;&nbsp;&nbsp;&nbsp; Direito \u00e0 sa\u00fade e medicamento sem registro na Anvisa. 2<\/a><\/p>\n\n\n\n<p><a href=\"#_Toc48039949\">1.1.&nbsp;&nbsp;&nbsp;&nbsp;&nbsp;&nbsp;&nbsp; Situa\u00e7\u00e3o F\u00c1TICA. 2<\/a><\/p>\n\n\n\n<p><a href=\"#_Toc48039950\">1.2.&nbsp;&nbsp;&nbsp;&nbsp;&nbsp;&nbsp;&nbsp; An\u00e1lise ESTRAT\u00c9GICA. 3<\/a><\/p>\n\n\n\n<p><a href=\"#_Toc48039951\">2.&nbsp;&nbsp;&nbsp;&nbsp;&nbsp; Direito \u00e0 sa\u00fade: demanda judicial e responsabilidade solid\u00e1ria dos entes federados. 4<\/a><\/p>\n\n\n\n<p><a href=\"#_Toc48039952\">2.1.&nbsp;&nbsp;&nbsp;&nbsp;&nbsp;&nbsp;&nbsp; An\u00e1lise ESTRAT\u00c9GICA. 5<\/a><\/p>\n\n\n\n<p><a href=\"#_Toc48039953\">DIREITO INTERNACIONAL. 7<\/a><\/p>\n\n\n\n<p><a href=\"#_Toc48039954\">3.&nbsp;&nbsp;&nbsp;&nbsp;&nbsp; Extradi\u00e7\u00e3o volunt\u00e1ria e atua\u00e7\u00e3o do relator. 7<\/a><\/p>\n\n\n\n<p><a href=\"#_Toc48039955\">3.1.&nbsp;&nbsp;&nbsp;&nbsp;&nbsp;&nbsp;&nbsp; Situa\u00e7\u00e3o F\u00c1TICA. 7<\/a><\/p>\n\n\n\n<p><a href=\"#_Toc48039956\">3.2.&nbsp;&nbsp;&nbsp;&nbsp;&nbsp;&nbsp;&nbsp; An\u00e1lise ESTRAT\u00c9GICA. 7<\/a><\/p>\n\n\n\n<p><a href=\"#_Toc48039957\">PARA TESTAR SEU CONHECIMENTO&#8230; 8<\/a><\/p>\n\n\n\n<p><a href=\"#_Toc48039958\">4.&nbsp;&nbsp;&nbsp;&nbsp;&nbsp; QUEST\u00d5ES. 8<\/a><\/p>\n\n\n\n<p><a href=\"#_Toc48039959\">4.1.&nbsp;&nbsp;&nbsp;&nbsp;&nbsp;&nbsp;&nbsp; Quest\u00f5es objetivas: CERTO ou ERRADO. 9<\/a><\/p>\n\n\n\n<p><a href=\"#_Toc48039960\">4.2.&nbsp;&nbsp;&nbsp;&nbsp;&nbsp;&nbsp;&nbsp; Gabarito. 9<\/a><\/p>\n\n\n\n<h1 class=\"wp-block-heading\"><a>DIREITO CONSTITUCIONAL<\/a><\/h1>\n\n\n\n<h2 class=\"wp-block-heading\"><a>&nbsp;&nbsp;&nbsp;&nbsp;&nbsp;&nbsp;&nbsp;&nbsp; Direito \u00e0 sa\u00fade e medicamento sem registro na Anvisa<\/a><\/h2>\n\n\n\n<p><strong>RECURSO EXTRAORDIN\u00c1RIO<\/strong><\/p>\n\n\n\n<p>Estado n\u00e3o pode ser obrigado a fornecer medicamentos experimentais. 2. A aus\u00eancia de registro na Ag\u00eancia Nacional de Vigil\u00e2ncia Sanit\u00e1ria (Anvisa) impede, como regra geral, o fornecimento de medicamento por decis\u00e3o judicial. 3. \u00c9 poss\u00edvel, excepcionalmente, a concess\u00e3o judicial de medicamento sem registro sanit\u00e1rio, em caso de mora irrazo\u00e1vel da Anvisa em apreciar o pedido (prazo superior ao previsto na Lei 13.411\/2016), quando preenchidos tr\u00eas requisitos: (i) a exist\u00eancia de pedido de registro do medicamento no Brasil (salvo no caso de medicamentos \u00f3rf\u00e3os para doen\u00e7as raras e ultrarraras);(ii) a exist\u00eancia de registro do medicamento em renomadas ag\u00eancias de regula\u00e7\u00e3o no exterior; e (iii) a inexist\u00eancia de substituto terap\u00eautico com registro no Brasil. 4. As a\u00e7\u00f5es que demandem fornecimento de medicamentos sem registro na Anvisa dever\u00e3o necessariamente ser propostas em face da Uni\u00e3o.<\/p>\n\n\n\n<p>RE 657718\/MG, Plen\u00e1rio, rel. orig. Min. Marco Aur\u00e9lio, red. p\/ o ac. Min. Roberto Barroso, julgamento em 22.5.2019.<\/p>\n\n\n\n<h3 class=\"wp-block-heading\"><a>Situa\u00e7\u00e3o F\u00c1TICA.<\/a><\/h3>\n\n\n\n<p>Jo\u00e3o est\u00e1 com c\u00e2ncer. Os m\u00e9dicos brasileiros dizem que no Brasil n\u00e3o h\u00e1 mais linha de tratamento (medica\u00e7\u00e3o) para o seu tipo de neoplasia. Contudo, eles o deixam ciente de que h\u00e1 uma medica\u00e7\u00e3o sendo utilizada no estrangeiro que tem efeitos promissores. S\u00f3 que ela ainda n\u00e3o veio para o Brasil, isto \u00e9, o medicamento sequer foi registrado pela Ag\u00eancia Nacional de Vigil\u00e2ncia Sanit\u00e1ria (ANVISA).<\/p>\n\n\n\n<p>Jo\u00e3o ingressa com uma a\u00e7\u00e3o judicial buscando obrigar o estado a lhe fornecer esta medica\u00e7\u00e3o, sua \u00faltima chance de vida. Pode o juiz deferir esta pretens\u00e3o?<\/p>\n\n\n\n<h3 class=\"wp-block-heading\"><a>An\u00e1lise ESTRAT\u00c9GICA.<\/a><\/h3>\n\n\n\n<h4 class=\"wp-block-heading\">&nbsp;&nbsp;&nbsp;&nbsp;&nbsp;&nbsp;&nbsp;&nbsp;&nbsp;&nbsp;&nbsp;&nbsp; Tem o Estado dever de fornecer medicamento n\u00e3o registrado pela ANVISA?<\/h4>\n\n\n\n<p><strong><em><u>R:<\/u><\/em><\/strong> DEPENDE.<\/p>\n\n\n\n<p><em>Regra geral, o Estado N\u00c3O pode ser obrigado a fornecer, por decis\u00e3o judicial, medicamentos n\u00e3o registrados na Anvisa.<\/em><\/p>\n\n\n\n<p>O registro \u00e9 meio para garantir prote\u00e7\u00e3o \u00e0 sa\u00fade p\u00fablica, atestado de efic\u00e1cia, seguran\u00e7a e qualidade dos f\u00e1rmacos comercializados no Pa\u00eds, al\u00e9m de assegurar o devido controle de pre\u00e7os.<\/p>\n\n\n\n<p>No caso de medicamentos EXPERIMENTAIS, <em>sem comprova\u00e7\u00e3o cient\u00edfica de efic\u00e1cia e seguran\u00e7a<\/em>, e ainda em fase de pesquisas e testes, N\u00c3O h\u00e1 nenhuma hip\u00f3tese em que o Poder Judici\u00e1rio possa obrigar o Estado a fornec\u00ea-los. Isso n\u00e3o interfere com a dispensa\u00e7\u00e3o desses f\u00e1rmacos no \u00e2mbito de programas de testes cl\u00ednicos, acesso expandido ou de uso compassivo, sempre nos termos da regulamenta\u00e7\u00e3o aplic\u00e1vel.<\/p>\n\n\n\n<p>J\u00e1 no caso de medicament<strong>os com efic\u00e1cia e seguran\u00e7a comprovadas e testes conclu\u00eddo<\/strong>s, mas AINDA SEM registro na Anvisa, seu fornecimento por decis\u00e3o judicial assume car\u00e1ter absolutamente excepcional e somente poder\u00e1 ocorrer na hip\u00f3tese de irrazo\u00e1vel mora da Anvisa em apreciar o pedido (prazo superior ao previsto na Lei 13.411\/2016).<\/p>\n\n\n\n<p>Ainda nessa situa\u00e7\u00e3o, por\u00e9m, ser\u00e1 preciso que haja prova do preenchimento cumulativo de tr\u00eas requisitos:<\/p>\n\n\n\n<ol class=\"wp-block-list\" type=\"i\"><li>pedido de registro do medicamento no Brasil;<\/li><li>registro do medicamento pleiteado em renomadas ag\u00eancias de regula\u00e7\u00e3o no exterior; e<\/li><li>inexist\u00eancia de substituto terap\u00eautico registrado na Anvisa.<\/li><\/ol>\n\n\n\n<p>Ademais, haja vista que o pressuposto b\u00e1sico da obriga\u00e7\u00e3o estatal \u00e9 a mora da ag\u00eancia, as a\u00e7\u00f5es que demandem fornecimento de medicamentos sem registro na Anvisa dever\u00e3o necessariamente ser propostas em face da Uni\u00e3o.<\/p>\n\n\n\n<p>No caso de doen\u00e7as RARAS e ULTRARRARAS, \u00e9 poss\u00edvel, <em>excepcionalmente<\/em>, que o Estado forne\u00e7a o medicamento independentemente do registro. Isso porque, nesses casos, muitas vezes o laborat\u00f3rio n\u00e3o tem interesse comercial em pedir o registro.<\/p>\n\n\n\n<h4 class=\"wp-block-heading\">&nbsp;&nbsp;&nbsp;&nbsp;&nbsp;&nbsp;&nbsp;&nbsp;&nbsp;&nbsp;&nbsp;&nbsp; Diverg\u00eancia.<\/h4>\n\n\n\n<p>Vencidos os ministros <strong>Marco Aur\u00e9lio<\/strong> e <strong>Dias Toffoli<\/strong> (presidente), que negaram provimento ao recurso. Afirmaram que o registro do medicamento na Anvisa \u00e9 condi\u00e7\u00e3o inafast\u00e1vel para se concluir pela obriga\u00e7\u00e3o do Estado ao fornecimento.<\/p>\n\n\n\n<p>Ora, o registro do f\u00e1rmaco no \u00f3rg\u00e3o do Minist\u00e9rio da Sa\u00fade \u00e9 condi\u00e7\u00e3o para industrializa\u00e7\u00e3o, comercializa\u00e7\u00e3o e importa\u00e7\u00e3o com fins comerciais, segundo o art. 12 da Lei 6.360\/1976: \u201cNenhum dos produtos de que trata esta Lei, inclusive os importados, poder\u00e1 ser industrializado, exposto \u00e0 venda ou entregue ao consumo antes de registrado no Minist\u00e9rio da Sa\u00fade\u201d. A inobserv\u00e2ncia desse preceito configura IL\u00cdCITO, portanto.<\/p>\n\n\n\n<h4 class=\"wp-block-heading\">&nbsp;&nbsp;&nbsp;&nbsp;&nbsp;&nbsp;&nbsp;&nbsp;&nbsp;&nbsp;&nbsp;&nbsp; Resultado final.<\/h4>\n\n\n\n<p>O Plen\u00e1rio, por maioria e em conclus\u00e3o de julgamento, ao apreciar o Tema 500 da repercuss\u00e3o geral, deu parcial provimento a recurso extraordin\u00e1rio em que se discutia a possibilidade de o Estado ser obrigado a fornecer medicamento n\u00e3o registrado na Anvisa (Informativos 839 e 841).<\/p>\n\n\n\n<h2 class=\"wp-block-heading\"><a>&nbsp;&nbsp;&nbsp;&nbsp;&nbsp;&nbsp;&nbsp;&nbsp; Direito \u00e0 sa\u00fade: demanda judicial e responsabilidade solid\u00e1ria dos entes federados<\/a><\/h2>\n\n\n\n<p><strong>RECURSO EXTRAORDIN\u00c1RIO<\/strong><\/p>\n\n\n\n<p>Os entes da Federa\u00e7\u00e3o, em decorr\u00eancia da compet\u00eancia comum, s\u00e3o solidariamente respons\u00e1veis nas demandas prestacionais na \u00e1rea da sa\u00fade e, diante dos crit\u00e9rios constitucionais de descentraliza\u00e7\u00e3o e hierarquiza\u00e7\u00e3o, compete \u00e0 autoridade judicial direcionar o cumprimento conforme as regras de reparti\u00e7\u00e3o de compet\u00eancias e determinar o ressarcimento a quem suportou o \u00f4nus financeiro.<\/p>\n\n\n\n<p>RE 855178 ED\/SE, rel. orig. Min. Luiz Fux, red. p\/ o ac. Min. Edson Fachin, julgamento em 23.5.2019<\/p>\n\n\n\n<h3 class=\"wp-block-heading\"><a>An\u00e1lise ESTRAT\u00c9GICA.<\/a><\/h3>\n\n\n\n<h4 class=\"wp-block-heading\">&nbsp;&nbsp;&nbsp;&nbsp;&nbsp;&nbsp;&nbsp;&nbsp;&nbsp;&nbsp;&nbsp;&nbsp; A responsabilidade da Uni\u00e3o, Estados e Munic\u00edpios \u00e9 solid\u00e1ria em demandas que pretendem presta\u00e7\u00f5es de direito \u00e0 sa\u00fade?<\/h4>\n\n\n\n<p><strong><em><u>R:<\/u><\/em><\/strong> COM certeza!<\/p>\n\n\n\n<p>Segundo a tese de repercuss\u00e3o geral (Tema 793), \u201cOs entes da federa\u00e7\u00e3o, em decorr\u00eancia da compet\u00eancia comum, s\u00e3o solidariamente respons\u00e1veis nas demandas prestacionais na \u00e1rea da sa\u00fade e, diante dos crit\u00e9rios constitucionais de descentraliza\u00e7\u00e3o e hierarquiza\u00e7\u00e3o, compete \u00e0 autoridade judicial direcionar o cumprimento conforme as regras de <strong>reparti\u00e7\u00e3o de compet\u00eancias<\/strong> e determinar o ressarcimento a quem suportou o \u00f4nus financeiro\u201d.<\/p>\n\n\n\n<p>E no presente julgado, mais uma vez, o STF ressaltou que h\u00e1 <strong>responsabilidade solid\u00e1ria<\/strong> dos entes federados pela promo\u00e7\u00e3o dos atos necess\u00e1rios \u00e0 concretiza\u00e7\u00e3o do direito \u00e0 sa\u00fade, tais como o fornecimento de medicamentos e o custeio de tratamento m\u00e9dico adequado aos necessitados.<\/p>\n\n\n\n<h4 class=\"wp-block-heading\">&nbsp;&nbsp;&nbsp;&nbsp;&nbsp;&nbsp;&nbsp;&nbsp;&nbsp;&nbsp;&nbsp;&nbsp; Mas e nos casos de medica\u00e7\u00e3o medicamento n\u00e3o registrado na Anvisa?<\/h4>\n\n\n\n<p><em>H\u00e1 OBRIGATORIEDADE de a Uni\u00e3o figurar no polo passivo, mas N\u00c3O a sua <u>exclusividade<\/u>.<\/em><\/p>\n\n\n\n<p><em>O<strong> cumprimento ser\u00e1 <u>dirigido conforme a reparti\u00e7\u00e3o de compet\u00eancia<\/u>. Esse segmento foi extra\u00eddo do Enunciado 60, aprovado na II Jornada de Direito da Sa\u00fade do Conselho Nacional de Justi\u00e7a, cujo teor \u00e9 mais elastecido. <\/strong>A<strong> orienta\u00e7\u00e3o estabelecida para o Tema 500<\/strong>, portanto, est\u00e1 <strong>agasalhada na formula\u00e7\u00e3o da <\/strong><\/em><em><strong>reparti\u00e7\u00e3o de compet\u00eancia<\/strong><\/em><em><strong>.<\/strong><\/em><em><\/em><\/p>\n\n\n\n<p><em>A tese do <\/em><em>Tema 793, em sua primeira parte, reafirma a solidariedade e, ao mesmo tempo, atribui poder-dever \u00e0 autoridade judicial para direcionar o cumprimento<\/em><em>.<\/em><\/p>\n\n\n\n<h4 class=\"wp-block-heading\">&nbsp;&nbsp;&nbsp;&nbsp;&nbsp;&nbsp;&nbsp;&nbsp;&nbsp;&nbsp;&nbsp;&nbsp; Diverg\u00eancia.<\/h4>\n\n\n\n<p><em><strong>Vencidos, no m\u00e9rito, o ministro relator, que, nesta assentada, reformulou seu voto, e os ministros Alexandre de Moraes, Roberto Barroso e Dias Toffoli (presidente). <\/strong><\/em><em><\/em><\/p>\n\n\n\n<p><em><strong>Segundo eles, a demanda que veicular pedido de medicamento, material, procedimento ou tratamento, constante das pol\u00edticas p\u00fablicas, deve ser proposta em face da pessoa pol\u00edtica com COMPET\u00caNCIA administrativa para o fornecimento, dispensa\u00e7\u00e3o daquele medicamento, tratamento ou material, ressalvada, em todos os casos, a responsabilidade subsidi\u00e1ria da Uni\u00e3o.<\/strong><\/em><\/p>\n\n\n\n<h4 class=\"wp-block-heading\">&nbsp;&nbsp;&nbsp;&nbsp;&nbsp;&nbsp;&nbsp;&nbsp;&nbsp;&nbsp;&nbsp;&nbsp; Resultado final.<\/h4>\n\n\n\n<p>Ao fixar essa tese de repercuss\u00e3o geral (Tema 793), o Plen\u00e1rio, por maioria e em conclus\u00e3o de julgamento, rejeitou embargos de declara\u00e7\u00e3o em recurso extraordin\u00e1rio, opostos a decis\u00e3o tomada por meio eletr\u00f4nico que reafirmara jurisprud\u00eancia da Corte no sentido da responsabilidade solid\u00e1ria dos entes federados pela promo\u00e7\u00e3o dos atos necess\u00e1rios \u00e0 concretiza\u00e7\u00e3o do direito \u00e0 sa\u00fade, tais como o fornecimento de medicamentos e o custeio de tratamento m\u00e9dico adequado aos necessitados (Informativo 793).<\/p>\n\n\n\n<h1 class=\"wp-block-heading\"><a>DIREITO INTERNACIONAL<\/a><\/h1>\n\n\n\n<h2 class=\"wp-block-heading\"><a>&nbsp;&nbsp;&nbsp;&nbsp;&nbsp;&nbsp;&nbsp;&nbsp; Extradi\u00e7\u00e3o volunt\u00e1ria e atua\u00e7\u00e3o do relator<\/a><\/h2>\n\n\n\n<p><strong>EXTRADI\u00c7\u00c3O<\/strong><\/p>\n\n\n\n<p>Os ministros s\u00e3o autorizados a julgarem monocraticamente os pleitos extradicionais sempre que o pr\u00f3prio extraditando manifeste expressamente, de modo livre e volunt\u00e1rio, com assist\u00eancia t\u00e9cnico-jur\u00eddica de seu advogado, concord\u00e2ncia com o pedido de sua extradi\u00e7\u00e3o, desde que n\u00e3o tenha cometido crime no territ\u00f3rio nacional e se preenchidos os demais requisitos.<\/p>\n\n\n\n<p>Ext 1564\/DF, 1\u00aa Turma, rel. Min. Luiz Fux, julgamento em 21.5.2019.<\/p>\n\n\n\n<h3 class=\"wp-block-heading\"><a>Situa\u00e7\u00e3o F\u00c1TICA.<\/a><\/h3>\n\n\n\n<p>A China requereu ao Brasil a extradi\u00e7\u00e3o de um cidad\u00e3o Chin\u00eas, o sr. Xingue Lingue, que teria cometido um crime a ser punido em terras orientais (possivelmente falou mal do governo ou coisa parecida). Xingue Lingue, obediente como s\u00f3, disse que concordava com o pedido (queria voltar para casa e pagar pelo crime). Pode o relator decidir monocraticamente neste caso (extradi\u00e7\u00e3o volunt\u00e1ria)?<\/p>\n\n\n\n<h3 class=\"wp-block-heading\"><a>An\u00e1lise ESTRAT\u00c9GICA.<\/a><\/h3>\n\n\n\n<h4 class=\"wp-block-heading\">&nbsp;&nbsp;&nbsp;&nbsp;&nbsp;&nbsp;&nbsp;&nbsp;&nbsp;&nbsp;&nbsp;&nbsp; Quest\u00e3o JUR\u00cdDICA.<\/h4>\n\n\n\n<p>Lei 13.445\/2017 (Lei da Migra\u00e7\u00e3o): \u201cArt. 87. O extraditando poder\u00e1 entregar-se voluntariamente ao Estado requerente, desde que o declare expressamente, esteja assistido por advogado e seja advertido de que tem direito ao processo judicial de extradi\u00e7\u00e3o e \u00e0 prote\u00e7\u00e3o que tal direito encerra, caso em que o pedido ser\u00e1 decidido pelo Supremo Tribunal Federal.\u201d<\/p>\n\n\n\n<h4 class=\"wp-block-heading\">&nbsp;&nbsp;&nbsp;&nbsp;&nbsp;&nbsp;&nbsp;&nbsp;&nbsp;&nbsp;&nbsp;&nbsp; Que neg\u00f3cio \u00e9 esse de extradi\u00e7\u00e3o volunt\u00e1ria?<\/h4>\n\n\n\n<p><strong><em><u>R:<\/u><\/em><\/strong> \u00c9 aquela em que o pr\u00f3prio agente concorda com a extradi\u00e7\u00e3o.<\/p>\n\n\n\n<p>Em suma, \u00e9 quando o pr\u00f3prio extraditando manifeste expressamente, de modo livre e volunt\u00e1rio, com assist\u00eancia t\u00e9cnico-jur\u00eddica de seu advogado, concord\u00e2ncia com o pedido de sua extradi\u00e7\u00e3o<\/p>\n\n\n\n<h4 class=\"wp-block-heading\">&nbsp;&nbsp;&nbsp;&nbsp;&nbsp;&nbsp;&nbsp;&nbsp;&nbsp;&nbsp;&nbsp;&nbsp; Nesse caso o relator pode decidir monocraticamente?<\/h4>\n\n\n\n<p><strong><em><u>R:<\/u><\/em><\/strong> Sim.<\/p>\n\n\n\n<p>A Primeira Turma resolveu a quest\u00e3o de ordem no sentido e autorizar seus ministros a julgarem monocraticamente os pleitos extradicionais em que h\u00e1 concord\u00e2ncia v\u00e1lida do extraditando e desde que n\u00e3o tenha cometido crime no territ\u00f3rio nacional e se preenchidos os demais requisitos.<\/p>\n\n\n\n<h4 class=\"wp-block-heading\">&nbsp;&nbsp;&nbsp;&nbsp;&nbsp;&nbsp;&nbsp;&nbsp;&nbsp;&nbsp;&nbsp;&nbsp; A\u00ed extradita sem nenhuma an\u00e1lise (afinal, h\u00e1 concord\u00e2ncia)?<\/h4>\n\n\n\n<p><strong><em><u>R:<\/u><\/em><\/strong> N\u00e3o \u00e9 bem assim&#8230;<\/p>\n\n\n\n<p>O fato de ter havido concord\u00e2ncia v\u00e1lida com o pedido de extradi\u00e7\u00e3o, N\u00c3O afasta o controle de LEGALIDADE do pedido.<\/p>\n\n\n\n<h4 class=\"wp-block-heading\">&nbsp;&nbsp;&nbsp;&nbsp;&nbsp;&nbsp;&nbsp;&nbsp;&nbsp;&nbsp;&nbsp;&nbsp; Resultado final.<\/h4>\n\n\n\n<p>O colegiado registrou que a declara\u00e7\u00e3o expressa do extraditando \u00e9 exigida quando a extradi\u00e7\u00e3o \u00e9 volunt\u00e1ria (Lei 13.445\/2017, art. 87). Embora seja condi\u00e7\u00e3o inapta a afastar o controle de legalidade do pedido de extradi\u00e7\u00e3o, a anu\u00eancia possibilita a aprecia\u00e7\u00e3o do pleito pelo relator.<\/p>\n\n\n\n<p>Na sequ\u00eancia, deferiu pedido de extradi\u00e7\u00e3o formulado pelo Governo da China (pobre Xingue Lingue).<\/p>\n\n\n\n<div class=\"wp-block-file\"><a href=\"https:\/\/dhg1h5j42swfq.cloudfront.net\/2020\/08\/11162608\/STF-941.pdf\">STF-941<\/a><a href=\"https:\/\/dhg1h5j42swfq.cloudfront.net\/2020\/08\/11162608\/STF-941.pdf\" class=\"wp-block-file__button\" download>Baixar<\/a><\/div>\n","protected":false},"excerpt":{"rendered":"<p>Bora analisar o Informativo n\u00ba 941 do STF COMENTADO para quem est\u00e1 ligado aqui conosco no Estrat\u00e9gia Carreiras Jur\u00eddicas! DOWNLOAD do PDF AQUI! Sum\u00e1rio DIREITO CONSTITUCIONAL. 2 1.&nbsp;&nbsp;&nbsp;&nbsp;&nbsp; Direito \u00e0 sa\u00fade e medicamento sem registro na Anvisa. 2 1.1.&nbsp;&nbsp;&nbsp;&nbsp;&nbsp;&nbsp;&nbsp; Situa\u00e7\u00e3o F\u00c1TICA. 2 1.2.&nbsp;&nbsp;&nbsp;&nbsp;&nbsp;&nbsp;&nbsp; An\u00e1lise ESTRAT\u00c9GICA. 3 2.&nbsp;&nbsp;&nbsp;&nbsp;&nbsp; Direito \u00e0 sa\u00fade: demanda judicial e responsabilidade solid\u00e1ria [&hellip;]<\/p>\n","protected":false},"author":833,"featured_media":0,"comment_status":"open","ping_status":"closed","sticky":false,"template":"","format":"standard","meta":{"post_tipo":"article","footnotes":""},"categories":[1],"tags":[],"tax_estado":[],"class_list":["post-554365","post","type-post","status-publish","format-standard","hentry","category-cursos-e-concursos"],"acf":[],"yoast_head":"<!-- This site is optimized with the Yoast SEO Premium plugin v27.2 (Yoast SEO v27.2) - https:\/\/yoast.com\/product\/yoast-seo-premium-wordpress\/ -->\n<title>Informativo STF 941 Comentado<\/title>\n<meta name=\"robots\" content=\"index, follow, max-snippet:-1, max-image-preview:large, max-video-preview:-1\" \/>\n<link rel=\"canonical\" href=\"https:\/\/www.estrategiaconcursos.com.br\/blog\/informativo-stf-941-comentado\/\" \/>\n<meta property=\"og:locale\" content=\"pt_BR\" \/>\n<meta property=\"og:type\" content=\"article\" \/>\n<meta property=\"og:title\" content=\"Informativo STF 941 Comentado\" \/>\n<meta property=\"og:description\" content=\"Bora analisar o Informativo n\u00ba 941 do STF COMENTADO para quem est\u00e1 ligado aqui conosco no Estrat\u00e9gia Carreiras Jur\u00eddicas! DOWNLOAD do PDF AQUI! Sum\u00e1rio DIREITO CONSTITUCIONAL. 2 1.&nbsp;&nbsp;&nbsp;&nbsp;&nbsp; Direito \u00e0 sa\u00fade e medicamento sem registro na Anvisa. 2 1.1.&nbsp;&nbsp;&nbsp;&nbsp;&nbsp;&nbsp;&nbsp; Situa\u00e7\u00e3o F\u00c1TICA. 2 1.2.&nbsp;&nbsp;&nbsp;&nbsp;&nbsp;&nbsp;&nbsp; An\u00e1lise ESTRAT\u00c9GICA. 3 2.&nbsp;&nbsp;&nbsp;&nbsp;&nbsp; Direito \u00e0 sa\u00fade: demanda judicial e responsabilidade solid\u00e1ria [&hellip;]\" \/>\n<meta property=\"og:url\" content=\"https:\/\/www.estrategiaconcursos.com.br\/blog\/informativo-stf-941-comentado\/\" \/>\n<meta property=\"og:site_name\" content=\"Estrat\u00e9gia Concursos\" \/>\n<meta property=\"article:published_time\" content=\"2020-08-11T19:26:30+00:00\" \/>\n<meta property=\"article:modified_time\" content=\"2020-08-11T19:26:32+00:00\" \/>\n<meta name=\"author\" content=\"Jean Vilbert\" \/>\n<meta name=\"twitter:card\" content=\"summary_large_image\" \/>\n<meta name=\"twitter:creator\" content=\"@EstratConcursos\" \/>\n<meta name=\"twitter:site\" content=\"@EstratConcursos\" \/>\n<meta name=\"twitter:label1\" content=\"Escrito por\" \/>\n\t<meta name=\"twitter:data1\" content=\"Jean Vilbert\" \/>\n\t<meta name=\"twitter:label2\" content=\"Est. tempo de leitura\" \/>\n\t<meta name=\"twitter:data2\" content=\"10 minutos\" \/>\n<script type=\"application\/ld+json\" class=\"yoast-schema-graph\">{\"@context\":\"https:\/\/schema.org\",\"@graph\":[{\"@type\":\"NewsArticle\",\"@id\":\"https:\/\/www.estrategiaconcursos.com.br\/blog\/informativo-stf-941-comentado\/#article\",\"isPartOf\":{\"@id\":\"https:\/\/www.estrategiaconcursos.com.br\/blog\/informativo-stf-941-comentado\/\"},\"author\":{\"name\":\"Jean Vilbert\",\"@id\":\"https:\/\/www.estrategiaconcursos.com.br\/blog\/#\/schema\/person\/475a0922f10cff0d1bc8bfecde05f999\"},\"headline\":\"Informativo STF 941 Comentado\",\"datePublished\":\"2020-08-11T19:26:30+00:00\",\"dateModified\":\"2020-08-11T19:26:32+00:00\",\"mainEntityOfPage\":{\"@id\":\"https:\/\/www.estrategiaconcursos.com.br\/blog\/informativo-stf-941-comentado\/\"},\"wordCount\":2066,\"commentCount\":0,\"publisher\":{\"@id\":\"https:\/\/www.estrategiaconcursos.com.br\/blog\/#organization\"},\"articleSection\":[\"Concursos P\u00fablicos\"],\"inLanguage\":\"pt-BR\",\"potentialAction\":[{\"@type\":\"CommentAction\",\"name\":\"Comment\",\"target\":[\"https:\/\/www.estrategiaconcursos.com.br\/blog\/informativo-stf-941-comentado\/#respond\"]}],\"copyrightYear\":\"2020\",\"copyrightHolder\":{\"@id\":\"https:\/\/www.estrategiaconcursos.com.br\/blog\/#organization\"}},{\"@type\":\"WebPage\",\"@id\":\"https:\/\/www.estrategiaconcursos.com.br\/blog\/informativo-stf-941-comentado\/\",\"url\":\"https:\/\/www.estrategiaconcursos.com.br\/blog\/informativo-stf-941-comentado\/\",\"name\":\"Informativo STF 941 Comentado\",\"isPartOf\":{\"@id\":\"https:\/\/www.estrategiaconcursos.com.br\/blog\/#website\"},\"datePublished\":\"2020-08-11T19:26:30+00:00\",\"dateModified\":\"2020-08-11T19:26:32+00:00\",\"breadcrumb\":{\"@id\":\"https:\/\/www.estrategiaconcursos.com.br\/blog\/informativo-stf-941-comentado\/#breadcrumb\"},\"inLanguage\":\"pt-BR\",\"potentialAction\":[{\"@type\":\"ReadAction\",\"target\":[\"https:\/\/www.estrategiaconcursos.com.br\/blog\/informativo-stf-941-comentado\/\"]}]},{\"@type\":\"BreadcrumbList\",\"@id\":\"https:\/\/www.estrategiaconcursos.com.br\/blog\/informativo-stf-941-comentado\/#breadcrumb\",\"itemListElement\":[{\"@type\":\"ListItem\",\"position\":1,\"name\":\"In\u00edcio\",\"item\":\"https:\/\/www.estrategiaconcursos.com.br\/blog\/\"},{\"@type\":\"ListItem\",\"position\":2,\"name\":\"Informativo STF 941 Comentado\"}]},{\"@type\":\"WebSite\",\"@id\":\"https:\/\/www.estrategiaconcursos.com.br\/blog\/#website\",\"url\":\"https:\/\/www.estrategiaconcursos.com.br\/blog\/\",\"name\":\"Estrat\u00e9gia Concursos\",\"description\":\"O blog da Estrat\u00e9gia Concursos traz not\u00edcias sobre concursos e artigos de professores oferecendo cursos para concursos (pdf + videaulas) no site.\",\"publisher\":{\"@id\":\"https:\/\/www.estrategiaconcursos.com.br\/blog\/#organization\"},\"potentialAction\":[{\"@type\":\"SearchAction\",\"target\":{\"@type\":\"EntryPoint\",\"urlTemplate\":\"https:\/\/www.estrategiaconcursos.com.br\/blog\/?s={search_term_string}\"},\"query-input\":{\"@type\":\"PropertyValueSpecification\",\"valueRequired\":true,\"valueName\":\"search_term_string\"}}],\"inLanguage\":\"pt-BR\"},{\"@type\":\"Organization\",\"@id\":\"https:\/\/www.estrategiaconcursos.com.br\/blog\/#organization\",\"name\":\"Estrat\u00e9gia Concursos\",\"url\":\"https:\/\/www.estrategiaconcursos.com.br\/blog\/\",\"logo\":{\"@type\":\"ImageObject\",\"inLanguage\":\"pt-BR\",\"@id\":\"https:\/\/www.estrategiaconcursos.com.br\/blog\/#\/schema\/logo\/image\/\",\"url\":\"https:\/\/dhg1h5j42swfq.cloudfront.net\/2025\/06\/03203428\/logo_concursos-1.jpg\",\"contentUrl\":\"https:\/\/dhg1h5j42swfq.cloudfront.net\/2025\/06\/03203428\/logo_concursos-1.jpg\",\"width\":230,\"height\":60,\"caption\":\"Estrat\u00e9gia Concursos\"},\"image\":{\"@id\":\"https:\/\/www.estrategiaconcursos.com.br\/blog\/#\/schema\/logo\/image\/\"},\"sameAs\":[\"https:\/\/x.com\/EstratConcursos\"]},{\"@type\":\"Person\",\"@id\":\"https:\/\/www.estrategiaconcursos.com.br\/blog\/#\/schema\/person\/475a0922f10cff0d1bc8bfecde05f999\",\"name\":\"Jean Vilbert\",\"image\":{\"@type\":\"ImageObject\",\"inLanguage\":\"pt-BR\",\"@id\":\"https:\/\/secure.gravatar.com\/avatar\/1667694e4ebdd32feeac9ea2794de3f0470b5c55c6198181ab0b0c333b121921?s=96&d=mm&r=g\",\"url\":\"https:\/\/secure.gravatar.com\/avatar\/1667694e4ebdd32feeac9ea2794de3f0470b5c55c6198181ab0b0c333b121921?s=96&d=mm&r=g\",\"contentUrl\":\"https:\/\/secure.gravatar.com\/avatar\/1667694e4ebdd32feeac9ea2794de3f0470b5c55c6198181ab0b0c333b121921?s=96&d=mm&r=g\",\"caption\":\"Jean Vilbert\"},\"url\":\"https:\/\/www.estrategiaconcursos.com.br\/blog\/author\/jeanvilbertgmail-com\/\"}]}<\/script>\n<!-- \/ Yoast SEO Premium plugin. -->","yoast_head_json":{"title":"Informativo STF 941 Comentado","robots":{"index":"index","follow":"follow","max-snippet":"max-snippet:-1","max-image-preview":"max-image-preview:large","max-video-preview":"max-video-preview:-1"},"canonical":"https:\/\/www.estrategiaconcursos.com.br\/blog\/informativo-stf-941-comentado\/","og_locale":"pt_BR","og_type":"article","og_title":"Informativo STF 941 Comentado","og_description":"Bora analisar o Informativo n\u00ba 941 do STF COMENTADO para quem est\u00e1 ligado aqui conosco no Estrat\u00e9gia Carreiras Jur\u00eddicas! DOWNLOAD do PDF AQUI! Sum\u00e1rio DIREITO CONSTITUCIONAL. 2 1.&nbsp;&nbsp;&nbsp;&nbsp;&nbsp; Direito \u00e0 sa\u00fade e medicamento sem registro na Anvisa. 2 1.1.&nbsp;&nbsp;&nbsp;&nbsp;&nbsp;&nbsp;&nbsp; Situa\u00e7\u00e3o F\u00c1TICA. 2 1.2.&nbsp;&nbsp;&nbsp;&nbsp;&nbsp;&nbsp;&nbsp; An\u00e1lise ESTRAT\u00c9GICA. 3 2.&nbsp;&nbsp;&nbsp;&nbsp;&nbsp; Direito \u00e0 sa\u00fade: demanda judicial e responsabilidade solid\u00e1ria [&hellip;]","og_url":"https:\/\/www.estrategiaconcursos.com.br\/blog\/informativo-stf-941-comentado\/","og_site_name":"Estrat\u00e9gia Concursos","article_published_time":"2020-08-11T19:26:30+00:00","article_modified_time":"2020-08-11T19:26:32+00:00","author":"Jean Vilbert","twitter_card":"summary_large_image","twitter_creator":"@EstratConcursos","twitter_site":"@EstratConcursos","twitter_misc":{"Escrito por":"Jean Vilbert","Est. tempo de leitura":"10 minutos"},"schema":{"@context":"https:\/\/schema.org","@graph":[{"@type":"NewsArticle","@id":"https:\/\/www.estrategiaconcursos.com.br\/blog\/informativo-stf-941-comentado\/#article","isPartOf":{"@id":"https:\/\/www.estrategiaconcursos.com.br\/blog\/informativo-stf-941-comentado\/"},"author":{"name":"Jean Vilbert","@id":"https:\/\/www.estrategiaconcursos.com.br\/blog\/#\/schema\/person\/475a0922f10cff0d1bc8bfecde05f999"},"headline":"Informativo STF 941 Comentado","datePublished":"2020-08-11T19:26:30+00:00","dateModified":"2020-08-11T19:26:32+00:00","mainEntityOfPage":{"@id":"https:\/\/www.estrategiaconcursos.com.br\/blog\/informativo-stf-941-comentado\/"},"wordCount":2066,"commentCount":0,"publisher":{"@id":"https:\/\/www.estrategiaconcursos.com.br\/blog\/#organization"},"articleSection":["Concursos P\u00fablicos"],"inLanguage":"pt-BR","potentialAction":[{"@type":"CommentAction","name":"Comment","target":["https:\/\/www.estrategiaconcursos.com.br\/blog\/informativo-stf-941-comentado\/#respond"]}],"copyrightYear":"2020","copyrightHolder":{"@id":"https:\/\/www.estrategiaconcursos.com.br\/blog\/#organization"}},{"@type":"WebPage","@id":"https:\/\/www.estrategiaconcursos.com.br\/blog\/informativo-stf-941-comentado\/","url":"https:\/\/www.estrategiaconcursos.com.br\/blog\/informativo-stf-941-comentado\/","name":"Informativo STF 941 Comentado","isPartOf":{"@id":"https:\/\/www.estrategiaconcursos.com.br\/blog\/#website"},"datePublished":"2020-08-11T19:26:30+00:00","dateModified":"2020-08-11T19:26:32+00:00","breadcrumb":{"@id":"https:\/\/www.estrategiaconcursos.com.br\/blog\/informativo-stf-941-comentado\/#breadcrumb"},"inLanguage":"pt-BR","potentialAction":[{"@type":"ReadAction","target":["https:\/\/www.estrategiaconcursos.com.br\/blog\/informativo-stf-941-comentado\/"]}]},{"@type":"BreadcrumbList","@id":"https:\/\/www.estrategiaconcursos.com.br\/blog\/informativo-stf-941-comentado\/#breadcrumb","itemListElement":[{"@type":"ListItem","position":1,"name":"In\u00edcio","item":"https:\/\/www.estrategiaconcursos.com.br\/blog\/"},{"@type":"ListItem","position":2,"name":"Informativo STF 941 Comentado"}]},{"@type":"WebSite","@id":"https:\/\/www.estrategiaconcursos.com.br\/blog\/#website","url":"https:\/\/www.estrategiaconcursos.com.br\/blog\/","name":"Estrat\u00e9gia Concursos","description":"O blog da Estrat\u00e9gia Concursos traz not\u00edcias sobre concursos e artigos de professores oferecendo cursos para concursos (pdf + videaulas) no site.","publisher":{"@id":"https:\/\/www.estrategiaconcursos.com.br\/blog\/#organization"},"potentialAction":[{"@type":"SearchAction","target":{"@type":"EntryPoint","urlTemplate":"https:\/\/www.estrategiaconcursos.com.br\/blog\/?s={search_term_string}"},"query-input":{"@type":"PropertyValueSpecification","valueRequired":true,"valueName":"search_term_string"}}],"inLanguage":"pt-BR"},{"@type":"Organization","@id":"https:\/\/www.estrategiaconcursos.com.br\/blog\/#organization","name":"Estrat\u00e9gia Concursos","url":"https:\/\/www.estrategiaconcursos.com.br\/blog\/","logo":{"@type":"ImageObject","inLanguage":"pt-BR","@id":"https:\/\/www.estrategiaconcursos.com.br\/blog\/#\/schema\/logo\/image\/","url":"https:\/\/dhg1h5j42swfq.cloudfront.net\/2025\/06\/03203428\/logo_concursos-1.jpg","contentUrl":"https:\/\/dhg1h5j42swfq.cloudfront.net\/2025\/06\/03203428\/logo_concursos-1.jpg","width":230,"height":60,"caption":"Estrat\u00e9gia Concursos"},"image":{"@id":"https:\/\/www.estrategiaconcursos.com.br\/blog\/#\/schema\/logo\/image\/"},"sameAs":["https:\/\/x.com\/EstratConcursos"]},{"@type":"Person","@id":"https:\/\/www.estrategiaconcursos.com.br\/blog\/#\/schema\/person\/475a0922f10cff0d1bc8bfecde05f999","name":"Jean Vilbert","image":{"@type":"ImageObject","inLanguage":"pt-BR","@id":"https:\/\/secure.gravatar.com\/avatar\/1667694e4ebdd32feeac9ea2794de3f0470b5c55c6198181ab0b0c333b121921?s=96&d=mm&r=g","url":"https:\/\/secure.gravatar.com\/avatar\/1667694e4ebdd32feeac9ea2794de3f0470b5c55c6198181ab0b0c333b121921?s=96&d=mm&r=g","contentUrl":"https:\/\/secure.gravatar.com\/avatar\/1667694e4ebdd32feeac9ea2794de3f0470b5c55c6198181ab0b0c333b121921?s=96&d=mm&r=g","caption":"Jean Vilbert"},"url":"https:\/\/www.estrategiaconcursos.com.br\/blog\/author\/jeanvilbertgmail-com\/"}]}},"_links":{"self":[{"href":"https:\/\/www.estrategiaconcursos.com.br\/blog\/wp-json\/wp\/v2\/posts\/554365","targetHints":{"allow":["GET"]}}],"collection":[{"href":"https:\/\/www.estrategiaconcursos.com.br\/blog\/wp-json\/wp\/v2\/posts"}],"about":[{"href":"https:\/\/www.estrategiaconcursos.com.br\/blog\/wp-json\/wp\/v2\/types\/post"}],"author":[{"embeddable":true,"href":"https:\/\/www.estrategiaconcursos.com.br\/blog\/wp-json\/wp\/v2\/users\/833"}],"replies":[{"embeddable":true,"href":"https:\/\/www.estrategiaconcursos.com.br\/blog\/wp-json\/wp\/v2\/comments?post=554365"}],"version-history":[{"count":2,"href":"https:\/\/www.estrategiaconcursos.com.br\/blog\/wp-json\/wp\/v2\/posts\/554365\/revisions"}],"predecessor-version":[{"id":554375,"href":"https:\/\/www.estrategiaconcursos.com.br\/blog\/wp-json\/wp\/v2\/posts\/554365\/revisions\/554375"}],"wp:attachment":[{"href":"https:\/\/www.estrategiaconcursos.com.br\/blog\/wp-json\/wp\/v2\/media?parent=554365"}],"wp:term":[{"taxonomy":"category","embeddable":true,"href":"https:\/\/www.estrategiaconcursos.com.br\/blog\/wp-json\/wp\/v2\/categories?post=554365"},{"taxonomy":"post_tag","embeddable":true,"href":"https:\/\/www.estrategiaconcursos.com.br\/blog\/wp-json\/wp\/v2\/tags?post=554365"},{"taxonomy":"tax_estado","embeddable":true,"href":"https:\/\/www.estrategiaconcursos.com.br\/blog\/wp-json\/wp\/v2\/tax_estado?post=554365"}],"curies":[{"name":"wp","href":"https:\/\/api.w.org\/{rel}","templated":true}]}}