{"id":554329,"date":"2020-08-11T16:49:02","date_gmt":"2020-08-11T19:49:02","guid":{"rendered":"https:\/\/www.estrategiaconcursos.com.br\/blog\/?p=554329"},"modified":"2020-11-26T07:26:19","modified_gmt":"2020-11-26T10:26:19","slug":"tcdf-retificacao-edital-dpdf","status":"publish","type":"post","link":"https:\/\/www.estrategiaconcursos.com.br\/blog\/tcdf-retificacao-edital-dpdf\/","title":{"rendered":"TCDF determina retifica\u00e7\u00e3o do edital do concurso DPDF"},"content":{"rendered":"\n<p>Em uma publica\u00e7\u00e3o desta ter\u00e7a-feira, 11 de agosto de 2020, no Di\u00e1rio Oficial do Distrito Federal, o Tribunal de Contas do Distrito Federal &#8211; TCDF divulgou uma decis\u00e3o relacionada ao processo administrativo n.\u00ba 00600-00004350\/2020-29-e, na qual determina a retifica\u00e7\u00e3o do edital do concurso DPDF para servidores.  <\/p>\n\n\n\n<p>O concurso, que teve seu edital publicado em 21 de julho, ter\u00e1 inscri\u00e7\u00f5es abertas a partir do dia 15 de setembro, no valor de R$ 101,87. S\u00e3o ofertadas 60 vagas imediatas mais cadastro de reserva para o cargo de<strong> Analista de Apoio \u00e0 Assist\u00eancia Judici\u00e1ria<\/strong>. O cargo exige n\u00edvel superior e possui remunera\u00e7\u00e3o inicial de <strong>R$&nbsp;4.641,22 + R$ 600,00<\/strong> de gratifica\u00e7\u00e3o judici\u00e1ria.<\/p>\n\n\n\n<p>De acordo com a decis\u00e3o, al\u00e9m de tomar conhecimento do Edital do concurso DPDF, publicado, e tornar p\u00fablica sua realiza\u00e7\u00e3o, o TCDF determinou que fossem tomadas pela Defensoria P\u00fablica do Distrito Federal, no prazo de dez dias, as seguintes provid\u00eancias: <\/p>\n\n\n\n<ul class=\"wp-block-list\"><li>a) retificar o item 2 do edital normativo para amoldar a \u00e1rea do \u201cCARGO 1 &#8211; ANALISTA DE APOIO \u00c0 ASSIST\u00caNCIA JUDICI\u00c1RIA \u2013 \u00c1REA: DIREITO E LEGISLA\u00c7\u00c3O\u201d a uma daquelas \u00e1reas de atua\u00e7\u00e3o previstas no art. 3\u00ba da Lei-DF n\u00ba 4.516\/2020; <\/li><li>b) insirir, no item 4, dispositivos relativo ao cadastro de reserva, deixando claro que tal cadastro ser\u00e1 constitu\u00eddo pelos aprovados no concurso al\u00e9m do n\u00famero de vagas divulgado na tabela constante do referido item; <\/li><li>c) incluir regra no edital normativo que possibilite atendimento especial ao candidato que necessitar de atendimento diferenciado por motivos religiosos, conforme prev\u00ea o \u00a7 3\u00ba do art. 51 da Lei-DF n\u00ba 4.949\/2012; <\/li><li>d) retificar o edital normativo para: <ul><li>d.1) fazer constar da tabela do item 4 uma vaga para candidato negro no CARGO 11, uma vez que a aplica\u00e7\u00e3o das regras contidas nos \u00a7\u00a7 1\u00ba e 2\u00ba do art. 1\u00ba da Lei-DF n\u00ba 6.321\/2019 garante tal reserva;<\/li><li>d.2) no subitem 8.3.6, excluir a men\u00e7\u00e3o \u00e0 Lei-DF n\u00ba 5.769\/2016 ou providenciar a exclus\u00e3o do pr\u00f3prio subitem, tendo em vista a declara\u00e7\u00e3o de inconstitucionalidade dessa norma distrital levada a efeito pelo Tribunal de Justi\u00e7a do Distrito Federal e dos Territ\u00f3rios nos autos da ADI 8970-7; <\/li><li>d.3) prever que o total m\u00e1ximo de pontos da avalia\u00e7\u00e3o de t\u00edtulos n\u00e3o ultrapasse 5% do total de pontos atribu\u00eddos ao conjunto de provas, conforme previsto no inciso II do art. 48 da Lei-DF n\u00ba 4.949\/2012; <\/li><li>d.4) no subitem 13.7, fazer constar o cronograma de nomea\u00e7\u00f5es decorrentes do concurso conforme exig\u00eancia contida no art. 10, inciso II, in fine, da Lei-DF n\u00ba 4.949\/2012, pois a atual reda\u00e7\u00e3o n\u00e3o atende ao que disp\u00f5e tal norma distrital, alertando-se a jurisdicionada de que o cronograma a ser divulgado \u00e9 pass\u00edvel de modifica\u00e7\u00e3o, a qualquer tempo, de modo a adaptar-se \u00e0s condi\u00e7\u00f5es or\u00e7ament\u00e1rias e financeiras da Administra\u00e7\u00e3o, se for necess\u00e1rio; <\/li><li>d.5) introduzir disposi\u00e7\u00e3o disciplinando a aplica\u00e7\u00e3o do prescrito no art. 54 da Lei-DF n\u00ba 6.637\/2020.<\/li><\/ul><\/li><\/ul>\n\n\n\n<p>Ao final, o Tribunal de Contas do DF &#8211; TCDF autorizou a remessa de c\u00f3pia<br \/>da Informa\u00e7\u00e3o, para subsidiar o atendimento das retifica\u00e7\u00f5es apontadas e determinou a devolu\u00e7\u00e3o do processo em exame \u00e0 Secretaria de Fiscaliza\u00e7\u00e3o de Pessoal. <\/p>\n\n\n\n<p>Agora, caber\u00e1 \u00e0 Defensoria P\u00fablica do Distrito Federal cumprir as <a href=\"https:\/\/dhg1h5j42swfq.cloudfront.net\/2020\/08\/11163808\/DODF-151-11-08-2020-INTEGRA.pdf\" target=\"_blank\" rel=\"noreferrer noopener\">recomenda\u00e7\u00f5es do TCDF<\/a> no prazo estabelecido, a fim de dar continuidade \u00e0s disposi\u00e7\u00f5es do edital e ao andamento do concurso. <\/p>\n\n\n\n<h2 class=\"has-text-align-center wp-block-heading\" id=\"CURSO\">Quer estudar para o concurso DPDF ap\u00f3s a decis\u00e3o do TCDF?<\/h2>\n\n\n\n<p class=\"has-text-align-center has-luminous-vivid-amber-background-color has-background\" style=\"font-size:clamp(15.197px, 0.95rem + ((1vw - 3.2px) * 0.765), 23px);px\"><strong><a href=\"https:\/\/www.estrategiaconcursos.com.br\/cursosPorConcurso\/dpdf-defensoria-publica-do-distrito-federal-diversos-cargos\/\" target=\"_blank\" rel=\"noreferrer noopener\">Curso concurso DPDF<\/a><\/strong><\/p>\n\n\n\n<p class=\"has-text-align-center has-medium-font-size\"><strong><em><strong>Sistema de Quest\u00f5es<\/strong><\/em><\/strong><\/p>\n\n\n\n<p class=\"has-text-align-center\">Estrat\u00e9gia Quest\u00f5es nasceu maior do que todos os concorrentes, com mais quest\u00f5es cadastradas e mais solu\u00e7\u00f5es por professores. Clique no link e aproveite os descontos e b\u00f4nus imperd\u00edveis!<\/p>\n\n\n\n<p class=\"has-text-align-center has-very-dark-gray-color has-vivid-green-cyan-background-color has-text-color has-background\" style=\"font-size:clamp(14.642px, 0.915rem + ((1vw - 3.2px) * 0.721), 22px);px\"><strong>ASSINE AGORA &#8211; <a href=\"https:\/\/www.estrategiaconcursos.com.br\/cursosPorConcurso\/sistema-de-questoes\/#\/\" target=\"_blank\" rel=\"noreferrer noopener\">Sistema de Quest\u00f5es<\/a><\/strong><\/p>\n\n\n\n<p class=\"has-text-align-center has-medium-font-size\"><em><strong>Assinatura Anual Ilimitada*<\/strong><\/em><\/p>\n\n\n\n<p class=\"has-text-align-center\"><em>Prepare-se com o melhor material e com quem mais aprova em&nbsp;Concursos P\u00fablicos&nbsp;de todo o pa\u00eds. Assine agora a nossa Assinatura Anual e tenha acesso ilimitado* a todos os nossos cursos.<\/em><\/p>\n\n\n\n<p class=\"has-text-align-center has-light-green-cyan-background-color has-background\"><strong>ASSINE AGORA<\/strong>&nbsp;\u2013&nbsp;<a href=\"https:\/\/www.estrategiaconcursos.com.br\/assinaturas\" target=\"_blank\" rel=\"noreferrer noopener\"><strong>Assinatura Ilimitada<\/strong><\/a><\/p>\n\n\n\n<p class=\"has-text-align-center\"><em><strong>Fique por dentro de todos os concursos<\/strong><\/em>:<\/p>\n\n\n\n<p class=\"has-text-align-center has-pale-cyan-blue-background-color has-background has-medium-font-size\"><strong><a href=\"https:\/\/www.estrategiaconcursos.com.br\/blog\/concursos-abertos\/\" target=\"_blank\" rel=\"noreferrer noopener\">Concursos abertos<\/a><\/strong><\/p>\n\n\n\n<p class=\"has-text-align-center has-pale-cyan-blue-background-color has-background has-medium-font-size\"><a href=\"https:\/\/www.estrategiaconcursos.com.br\/blog\/concursos-2020\/\" target=\"_blank\" rel=\"noreferrer noopener\"><strong>Concursos 2020<\/strong><\/a><\/p>\n\n\n\n<p class=\"has-text-align-center has-pale-cyan-blue-background-color has-background has-medium-font-size\"><strong><a href=\"https:\/\/www.estrategiaconcursos.com.br\/blog\/concursos-2021\/\" target=\"_blank\" rel=\"noreferrer noopener\">Concursos 2021<\/a><\/strong><\/p>\n","protected":false},"excerpt":{"rendered":"<p>Em uma publica\u00e7\u00e3o desta ter\u00e7a-feira, 11 de agosto de 2020, no Di\u00e1rio Oficial do Distrito Federal, o Tribunal de Contas do Distrito Federal &#8211; TCDF divulgou uma decis\u00e3o relacionada ao processo administrativo n.\u00ba 00600-00004350\/2020-29-e, na qual determina a retifica\u00e7\u00e3o do edital do concurso DPDF para servidores. O concurso, que teve seu edital publicado em 21 [&hellip;]<\/p>\n","protected":false},"author":180,"featured_media":554357,"comment_status":"open","ping_status":"closed","sticky":false,"template":"","format":"standard","meta":{"post_tipo":"article","footnotes":""},"categories":[1,1984],"tags":[],"tax_estado":[219970],"class_list":["post-554329","post","type-post","status-publish","format-standard","has-post-thumbnail","hentry","category-cursos-e-concursos","category-tribunais","tax_estado-df"],"acf":[],"yoast_head":"<!-- This site is optimized with the Yoast SEO Premium plugin v27.2 (Yoast SEO v27.2) - https:\/\/yoast.com\/product\/yoast-seo-premium-wordpress\/ -->\n<title>TCDF determina retifica\u00e7\u00e3o do edital do concurso DPDF<\/title>\n<meta name=\"description\" content=\"Em uma nova publica\u00e7\u00e3o no Di\u00e1rio Oficial do Distrito Federal, o TCDF determinou a retifica\u00e7\u00e3o de algumas disposi\u00e7\u00f5es do edital DPDF publicado em julho.\" \/>\n<meta name=\"robots\" content=\"index, follow, max-snippet:-1, max-image-preview:large, max-video-preview:-1\" \/>\n<link rel=\"canonical\" href=\"https:\/\/www.estrategiaconcursos.com.br\/blog\/tcdf-retificacao-edital-dpdf\/\" \/>\n<meta property=\"og:locale\" content=\"pt_BR\" \/>\n<meta property=\"og:type\" content=\"article\" \/>\n<meta property=\"og:title\" content=\"TCDF determina retifica\u00e7\u00e3o do edital do concurso DPDF\" \/>\n<meta property=\"og:description\" content=\"Em uma nova publica\u00e7\u00e3o no Di\u00e1rio Oficial do Distrito Federal, o TCDF determinou a retifica\u00e7\u00e3o de algumas disposi\u00e7\u00f5es do edital DPDF publicado em julho.\" \/>\n<meta property=\"og:url\" content=\"https:\/\/www.estrategiaconcursos.com.br\/blog\/tcdf-retificacao-edital-dpdf\/\" \/>\n<meta property=\"og:site_name\" content=\"Estrat\u00e9gia Concursos\" \/>\n<meta property=\"article:author\" content=\"https:\/\/www.facebook.com\/ricardo.s.torques\" \/>\n<meta property=\"article:published_time\" content=\"2020-08-11T19:49:02+00:00\" \/>\n<meta property=\"article:modified_time\" content=\"2020-11-26T10:26:19+00:00\" \/>\n<meta property=\"og:image\" content=\"https:\/\/dhg1h5j42swfq.cloudfront.net\/2020\/08\/11161758\/DP_DF-150x150-1.jpg\" \/>\n\t<meta property=\"og:image:width\" content=\"150\" \/>\n\t<meta property=\"og:image:height\" content=\"150\" \/>\n\t<meta property=\"og:image:type\" content=\"image\/jpeg\" \/>\n<meta name=\"author\" content=\"Ricardo Torques\" \/>\n<meta name=\"twitter:card\" content=\"summary_large_image\" \/>\n<meta name=\"twitter:creator\" content=\"@EstratConcursos\" \/>\n<meta name=\"twitter:site\" content=\"@EstratConcursos\" \/>\n<meta name=\"twitter:label1\" content=\"Escrito por\" \/>\n\t<meta name=\"twitter:data1\" content=\"Ricardo Torques\" \/>\n\t<meta name=\"twitter:label2\" content=\"Est. tempo de leitura\" \/>\n\t<meta name=\"twitter:data2\" content=\"3 minutos\" \/>\n<script type=\"application\/ld+json\" class=\"yoast-schema-graph\">{\"@context\":\"https:\/\/schema.org\",\"@graph\":[{\"@type\":\"NewsArticle\",\"@id\":\"https:\/\/www.estrategiaconcursos.com.br\/blog\/tcdf-retificacao-edital-dpdf\/#article\",\"isPartOf\":{\"@id\":\"https:\/\/www.estrategiaconcursos.com.br\/blog\/tcdf-retificacao-edital-dpdf\/\"},\"author\":{\"name\":\"Ricardo Torques\",\"@id\":\"https:\/\/www.estrategiaconcursos.com.br\/blog\/#\/schema\/person\/aa39cf5ddb518e5bdce27c35788405e2\"},\"headline\":\"TCDF determina retifica\u00e7\u00e3o do edital do concurso DPDF\",\"datePublished\":\"2020-08-11T19:49:02+00:00\",\"dateModified\":\"2020-11-26T10:26:19+00:00\",\"mainEntityOfPage\":{\"@id\":\"https:\/\/www.estrategiaconcursos.com.br\/blog\/tcdf-retificacao-edital-dpdf\/\"},\"wordCount\":682,\"commentCount\":0,\"publisher\":{\"@id\":\"https:\/\/www.estrategiaconcursos.com.br\/blog\/#organization\"},\"image\":{\"@id\":\"https:\/\/www.estrategiaconcursos.com.br\/blog\/tcdf-retificacao-edital-dpdf\/#primaryimage\"},\"thumbnailUrl\":\"https:\/\/dhg1h5j42swfq.cloudfront.net\/2020\/08\/11161758\/DP_DF-150x150-1.jpg\",\"articleSection\":[\"Concursos P\u00fablicos\",\"Tribunais\"],\"inLanguage\":\"pt-BR\",\"potentialAction\":[{\"@type\":\"CommentAction\",\"name\":\"Comment\",\"target\":[\"https:\/\/www.estrategiaconcursos.com.br\/blog\/tcdf-retificacao-edital-dpdf\/#respond\"]}],\"copyrightYear\":\"2020\",\"copyrightHolder\":{\"@id\":\"https:\/\/www.estrategiaconcursos.com.br\/blog\/#organization\"}},{\"@type\":\"WebPage\",\"@id\":\"https:\/\/www.estrategiaconcursos.com.br\/blog\/tcdf-retificacao-edital-dpdf\/\",\"url\":\"https:\/\/www.estrategiaconcursos.com.br\/blog\/tcdf-retificacao-edital-dpdf\/\",\"name\":\"TCDF determina retifica\u00e7\u00e3o do edital do concurso DPDF\",\"isPartOf\":{\"@id\":\"https:\/\/www.estrategiaconcursos.com.br\/blog\/#website\"},\"primaryImageOfPage\":{\"@id\":\"https:\/\/www.estrategiaconcursos.com.br\/blog\/tcdf-retificacao-edital-dpdf\/#primaryimage\"},\"image\":{\"@id\":\"https:\/\/www.estrategiaconcursos.com.br\/blog\/tcdf-retificacao-edital-dpdf\/#primaryimage\"},\"thumbnailUrl\":\"https:\/\/dhg1h5j42swfq.cloudfront.net\/2020\/08\/11161758\/DP_DF-150x150-1.jpg\",\"datePublished\":\"2020-08-11T19:49:02+00:00\",\"dateModified\":\"2020-11-26T10:26:19+00:00\",\"description\":\"Em uma nova publica\u00e7\u00e3o no Di\u00e1rio Oficial do Distrito Federal, o TCDF determinou a retifica\u00e7\u00e3o de algumas disposi\u00e7\u00f5es do edital DPDF publicado em julho.\",\"breadcrumb\":{\"@id\":\"https:\/\/www.estrategiaconcursos.com.br\/blog\/tcdf-retificacao-edital-dpdf\/#breadcrumb\"},\"inLanguage\":\"pt-BR\",\"potentialAction\":[{\"@type\":\"ReadAction\",\"target\":[\"https:\/\/www.estrategiaconcursos.com.br\/blog\/tcdf-retificacao-edital-dpdf\/\"]}]},{\"@type\":\"ImageObject\",\"inLanguage\":\"pt-BR\",\"@id\":\"https:\/\/www.estrategiaconcursos.com.br\/blog\/tcdf-retificacao-edital-dpdf\/#primaryimage\",\"url\":\"https:\/\/dhg1h5j42swfq.cloudfront.net\/2020\/08\/11161758\/DP_DF-150x150-1.jpg\",\"contentUrl\":\"https:\/\/dhg1h5j42swfq.cloudfront.net\/2020\/08\/11161758\/DP_DF-150x150-1.jpg\",\"width\":150,\"height\":150,\"caption\":\"TCDF\"},{\"@type\":\"BreadcrumbList\",\"@id\":\"https:\/\/www.estrategiaconcursos.com.br\/blog\/tcdf-retificacao-edital-dpdf\/#breadcrumb\",\"itemListElement\":[{\"@type\":\"ListItem\",\"position\":1,\"name\":\"In\u00edcio\",\"item\":\"https:\/\/www.estrategiaconcursos.com.br\/blog\/\"},{\"@type\":\"ListItem\",\"position\":2,\"name\":\"TCDF determina retifica\u00e7\u00e3o do edital do concurso DPDF\"}]},{\"@type\":\"WebSite\",\"@id\":\"https:\/\/www.estrategiaconcursos.com.br\/blog\/#website\",\"url\":\"https:\/\/www.estrategiaconcursos.com.br\/blog\/\",\"name\":\"Estrat\u00e9gia Concursos\",\"description\":\"O blog da Estrat\u00e9gia Concursos traz not\u00edcias sobre concursos e artigos de professores oferecendo cursos para concursos (pdf + videaulas) no site.\",\"publisher\":{\"@id\":\"https:\/\/www.estrategiaconcursos.com.br\/blog\/#organization\"},\"potentialAction\":[{\"@type\":\"SearchAction\",\"target\":{\"@type\":\"EntryPoint\",\"urlTemplate\":\"https:\/\/www.estrategiaconcursos.com.br\/blog\/?s={search_term_string}\"},\"query-input\":{\"@type\":\"PropertyValueSpecification\",\"valueRequired\":true,\"valueName\":\"search_term_string\"}}],\"inLanguage\":\"pt-BR\"},{\"@type\":\"Organization\",\"@id\":\"https:\/\/www.estrategiaconcursos.com.br\/blog\/#organization\",\"name\":\"Estrat\u00e9gia Concursos\",\"url\":\"https:\/\/www.estrategiaconcursos.com.br\/blog\/\",\"logo\":{\"@type\":\"ImageObject\",\"inLanguage\":\"pt-BR\",\"@id\":\"https:\/\/www.estrategiaconcursos.com.br\/blog\/#\/schema\/logo\/image\/\",\"url\":\"https:\/\/dhg1h5j42swfq.cloudfront.net\/2025\/06\/03203428\/logo_concursos-1.jpg\",\"contentUrl\":\"https:\/\/dhg1h5j42swfq.cloudfront.net\/2025\/06\/03203428\/logo_concursos-1.jpg\",\"width\":230,\"height\":60,\"caption\":\"Estrat\u00e9gia Concursos\"},\"image\":{\"@id\":\"https:\/\/www.estrategiaconcursos.com.br\/blog\/#\/schema\/logo\/image\/\"},\"sameAs\":[\"https:\/\/x.com\/EstratConcursos\"]},{\"@type\":\"Person\",\"@id\":\"https:\/\/www.estrategiaconcursos.com.br\/blog\/#\/schema\/person\/aa39cf5ddb518e5bdce27c35788405e2\",\"name\":\"Ricardo Torques\",\"image\":{\"@type\":\"ImageObject\",\"inLanguage\":\"pt-BR\",\"@id\":\"https:\/\/secure.gravatar.com\/avatar\/ce9ac6c3cff25fe86d15ed568ebc64d1724baf5c0693133bcb1f6073f712f92a?s=96&d=mm&r=g\",\"url\":\"https:\/\/secure.gravatar.com\/avatar\/ce9ac6c3cff25fe86d15ed568ebc64d1724baf5c0693133bcb1f6073f712f92a?s=96&d=mm&r=g\",\"contentUrl\":\"https:\/\/secure.gravatar.com\/avatar\/ce9ac6c3cff25fe86d15ed568ebc64d1724baf5c0693133bcb1f6073f712f92a?s=96&d=mm&r=g\",\"caption\":\"Ricardo Torques\"},\"sameAs\":[\"https:\/\/www.facebook.com\/ricardo.s.torques\"],\"url\":\"https:\/\/www.estrategiaconcursos.com.br\/blog\/author\/ricardotorquesestrategiaconcursos-com-br\/\"}]}<\/script>\n<!-- \/ Yoast SEO Premium plugin. -->","yoast_head_json":{"title":"TCDF determina retifica\u00e7\u00e3o do edital do concurso DPDF","description":"Em uma nova publica\u00e7\u00e3o no Di\u00e1rio Oficial do Distrito Federal, o TCDF determinou a retifica\u00e7\u00e3o de algumas disposi\u00e7\u00f5es do edital DPDF publicado em julho.","robots":{"index":"index","follow":"follow","max-snippet":"max-snippet:-1","max-image-preview":"max-image-preview:large","max-video-preview":"max-video-preview:-1"},"canonical":"https:\/\/www.estrategiaconcursos.com.br\/blog\/tcdf-retificacao-edital-dpdf\/","og_locale":"pt_BR","og_type":"article","og_title":"TCDF determina retifica\u00e7\u00e3o do edital do concurso DPDF","og_description":"Em uma nova publica\u00e7\u00e3o no Di\u00e1rio Oficial do Distrito Federal, o TCDF determinou a retifica\u00e7\u00e3o de algumas disposi\u00e7\u00f5es do edital DPDF publicado em julho.","og_url":"https:\/\/www.estrategiaconcursos.com.br\/blog\/tcdf-retificacao-edital-dpdf\/","og_site_name":"Estrat\u00e9gia Concursos","article_author":"https:\/\/www.facebook.com\/ricardo.s.torques","article_published_time":"2020-08-11T19:49:02+00:00","article_modified_time":"2020-11-26T10:26:19+00:00","og_image":[{"width":150,"height":150,"url":"https:\/\/dhg1h5j42swfq.cloudfront.net\/2020\/08\/11161758\/DP_DF-150x150-1.jpg","type":"image\/jpeg"}],"author":"Ricardo Torques","twitter_card":"summary_large_image","twitter_creator":"@EstratConcursos","twitter_site":"@EstratConcursos","twitter_misc":{"Escrito por":"Ricardo Torques","Est. tempo de leitura":"3 minutos"},"schema":{"@context":"https:\/\/schema.org","@graph":[{"@type":"NewsArticle","@id":"https:\/\/www.estrategiaconcursos.com.br\/blog\/tcdf-retificacao-edital-dpdf\/#article","isPartOf":{"@id":"https:\/\/www.estrategiaconcursos.com.br\/blog\/tcdf-retificacao-edital-dpdf\/"},"author":{"name":"Ricardo Torques","@id":"https:\/\/www.estrategiaconcursos.com.br\/blog\/#\/schema\/person\/aa39cf5ddb518e5bdce27c35788405e2"},"headline":"TCDF determina retifica\u00e7\u00e3o do edital do concurso DPDF","datePublished":"2020-08-11T19:49:02+00:00","dateModified":"2020-11-26T10:26:19+00:00","mainEntityOfPage":{"@id":"https:\/\/www.estrategiaconcursos.com.br\/blog\/tcdf-retificacao-edital-dpdf\/"},"wordCount":682,"commentCount":0,"publisher":{"@id":"https:\/\/www.estrategiaconcursos.com.br\/blog\/#organization"},"image":{"@id":"https:\/\/www.estrategiaconcursos.com.br\/blog\/tcdf-retificacao-edital-dpdf\/#primaryimage"},"thumbnailUrl":"https:\/\/dhg1h5j42swfq.cloudfront.net\/2020\/08\/11161758\/DP_DF-150x150-1.jpg","articleSection":["Concursos P\u00fablicos","Tribunais"],"inLanguage":"pt-BR","potentialAction":[{"@type":"CommentAction","name":"Comment","target":["https:\/\/www.estrategiaconcursos.com.br\/blog\/tcdf-retificacao-edital-dpdf\/#respond"]}],"copyrightYear":"2020","copyrightHolder":{"@id":"https:\/\/www.estrategiaconcursos.com.br\/blog\/#organization"}},{"@type":"WebPage","@id":"https:\/\/www.estrategiaconcursos.com.br\/blog\/tcdf-retificacao-edital-dpdf\/","url":"https:\/\/www.estrategiaconcursos.com.br\/blog\/tcdf-retificacao-edital-dpdf\/","name":"TCDF determina retifica\u00e7\u00e3o do edital do concurso DPDF","isPartOf":{"@id":"https:\/\/www.estrategiaconcursos.com.br\/blog\/#website"},"primaryImageOfPage":{"@id":"https:\/\/www.estrategiaconcursos.com.br\/blog\/tcdf-retificacao-edital-dpdf\/#primaryimage"},"image":{"@id":"https:\/\/www.estrategiaconcursos.com.br\/blog\/tcdf-retificacao-edital-dpdf\/#primaryimage"},"thumbnailUrl":"https:\/\/dhg1h5j42swfq.cloudfront.net\/2020\/08\/11161758\/DP_DF-150x150-1.jpg","datePublished":"2020-08-11T19:49:02+00:00","dateModified":"2020-11-26T10:26:19+00:00","description":"Em uma nova publica\u00e7\u00e3o no Di\u00e1rio Oficial do Distrito Federal, o TCDF determinou a retifica\u00e7\u00e3o de algumas disposi\u00e7\u00f5es do edital DPDF publicado em julho.","breadcrumb":{"@id":"https:\/\/www.estrategiaconcursos.com.br\/blog\/tcdf-retificacao-edital-dpdf\/#breadcrumb"},"inLanguage":"pt-BR","potentialAction":[{"@type":"ReadAction","target":["https:\/\/www.estrategiaconcursos.com.br\/blog\/tcdf-retificacao-edital-dpdf\/"]}]},{"@type":"ImageObject","inLanguage":"pt-BR","@id":"https:\/\/www.estrategiaconcursos.com.br\/blog\/tcdf-retificacao-edital-dpdf\/#primaryimage","url":"https:\/\/dhg1h5j42swfq.cloudfront.net\/2020\/08\/11161758\/DP_DF-150x150-1.jpg","contentUrl":"https:\/\/dhg1h5j42swfq.cloudfront.net\/2020\/08\/11161758\/DP_DF-150x150-1.jpg","width":150,"height":150,"caption":"TCDF"},{"@type":"BreadcrumbList","@id":"https:\/\/www.estrategiaconcursos.com.br\/blog\/tcdf-retificacao-edital-dpdf\/#breadcrumb","itemListElement":[{"@type":"ListItem","position":1,"name":"In\u00edcio","item":"https:\/\/www.estrategiaconcursos.com.br\/blog\/"},{"@type":"ListItem","position":2,"name":"TCDF determina retifica\u00e7\u00e3o do edital do concurso DPDF"}]},{"@type":"WebSite","@id":"https:\/\/www.estrategiaconcursos.com.br\/blog\/#website","url":"https:\/\/www.estrategiaconcursos.com.br\/blog\/","name":"Estrat\u00e9gia Concursos","description":"O blog da Estrat\u00e9gia Concursos traz not\u00edcias sobre concursos e artigos de professores oferecendo cursos para concursos (pdf + videaulas) no site.","publisher":{"@id":"https:\/\/www.estrategiaconcursos.com.br\/blog\/#organization"},"potentialAction":[{"@type":"SearchAction","target":{"@type":"EntryPoint","urlTemplate":"https:\/\/www.estrategiaconcursos.com.br\/blog\/?s={search_term_string}"},"query-input":{"@type":"PropertyValueSpecification","valueRequired":true,"valueName":"search_term_string"}}],"inLanguage":"pt-BR"},{"@type":"Organization","@id":"https:\/\/www.estrategiaconcursos.com.br\/blog\/#organization","name":"Estrat\u00e9gia Concursos","url":"https:\/\/www.estrategiaconcursos.com.br\/blog\/","logo":{"@type":"ImageObject","inLanguage":"pt-BR","@id":"https:\/\/www.estrategiaconcursos.com.br\/blog\/#\/schema\/logo\/image\/","url":"https:\/\/dhg1h5j42swfq.cloudfront.net\/2025\/06\/03203428\/logo_concursos-1.jpg","contentUrl":"https:\/\/dhg1h5j42swfq.cloudfront.net\/2025\/06\/03203428\/logo_concursos-1.jpg","width":230,"height":60,"caption":"Estrat\u00e9gia Concursos"},"image":{"@id":"https:\/\/www.estrategiaconcursos.com.br\/blog\/#\/schema\/logo\/image\/"},"sameAs":["https:\/\/x.com\/EstratConcursos"]},{"@type":"Person","@id":"https:\/\/www.estrategiaconcursos.com.br\/blog\/#\/schema\/person\/aa39cf5ddb518e5bdce27c35788405e2","name":"Ricardo Torques","image":{"@type":"ImageObject","inLanguage":"pt-BR","@id":"https:\/\/secure.gravatar.com\/avatar\/ce9ac6c3cff25fe86d15ed568ebc64d1724baf5c0693133bcb1f6073f712f92a?s=96&d=mm&r=g","url":"https:\/\/secure.gravatar.com\/avatar\/ce9ac6c3cff25fe86d15ed568ebc64d1724baf5c0693133bcb1f6073f712f92a?s=96&d=mm&r=g","contentUrl":"https:\/\/secure.gravatar.com\/avatar\/ce9ac6c3cff25fe86d15ed568ebc64d1724baf5c0693133bcb1f6073f712f92a?s=96&d=mm&r=g","caption":"Ricardo Torques"},"sameAs":["https:\/\/www.facebook.com\/ricardo.s.torques"],"url":"https:\/\/www.estrategiaconcursos.com.br\/blog\/author\/ricardotorquesestrategiaconcursos-com-br\/"}]}},"_links":{"self":[{"href":"https:\/\/www.estrategiaconcursos.com.br\/blog\/wp-json\/wp\/v2\/posts\/554329","targetHints":{"allow":["GET"]}}],"collection":[{"href":"https:\/\/www.estrategiaconcursos.com.br\/blog\/wp-json\/wp\/v2\/posts"}],"about":[{"href":"https:\/\/www.estrategiaconcursos.com.br\/blog\/wp-json\/wp\/v2\/types\/post"}],"author":[{"embeddable":true,"href":"https:\/\/www.estrategiaconcursos.com.br\/blog\/wp-json\/wp\/v2\/users\/180"}],"replies":[{"embeddable":true,"href":"https:\/\/www.estrategiaconcursos.com.br\/blog\/wp-json\/wp\/v2\/comments?post=554329"}],"version-history":[{"count":12,"href":"https:\/\/www.estrategiaconcursos.com.br\/blog\/wp-json\/wp\/v2\/posts\/554329\/revisions"}],"predecessor-version":[{"id":617337,"href":"https:\/\/www.estrategiaconcursos.com.br\/blog\/wp-json\/wp\/v2\/posts\/554329\/revisions\/617337"}],"wp:featuredmedia":[{"embeddable":true,"href":"https:\/\/www.estrategiaconcursos.com.br\/blog\/wp-json\/wp\/v2\/media\/554357"}],"wp:attachment":[{"href":"https:\/\/www.estrategiaconcursos.com.br\/blog\/wp-json\/wp\/v2\/media?parent=554329"}],"wp:term":[{"taxonomy":"category","embeddable":true,"href":"https:\/\/www.estrategiaconcursos.com.br\/blog\/wp-json\/wp\/v2\/categories?post=554329"},{"taxonomy":"post_tag","embeddable":true,"href":"https:\/\/www.estrategiaconcursos.com.br\/blog\/wp-json\/wp\/v2\/tags?post=554329"},{"taxonomy":"tax_estado","embeddable":true,"href":"https:\/\/www.estrategiaconcursos.com.br\/blog\/wp-json\/wp\/v2\/tax_estado?post=554329"}],"curies":[{"name":"wp","href":"https:\/\/api.w.org\/{rel}","templated":true}]}}