{"id":553534,"date":"2020-08-10T13:32:33","date_gmt":"2020-08-10T16:32:33","guid":{"rendered":"https:\/\/www.estrategiaconcursos.com.br\/blog\/?p=553534"},"modified":"2021-05-27T10:26:50","modified_gmt":"2021-05-27T13:26:50","slug":"mpf-adiamento-cacd-2020","status":"publish","type":"post","link":"https:\/\/www.estrategiaconcursos.com.br\/blog\/mpf-adiamento-cacd-2020\/","title":{"rendered":"CACD 2020: MPF recomenda adiamento das provas"},"content":{"rendered":"\n<p>O Minist\u00e9rio P\u00fablico Federal, por meio de uma publica\u00e7\u00e3o em sua p\u00e1gina oficial, na \u00faltima quinta-feira, 06 de agosto, divulgou uma recomenda\u00e7\u00e3o de adiamento da realiza\u00e7\u00e3o da primeira fase do concurso <em>Concurso de Admiss\u00e3o \u00e0 Carreira de Diplomata<\/em> &#8211; <em>CACD 2020<\/em> at\u00e9 que a crise sanit\u00e1ria provocada pela Covid-19 esteja minimamente controlada no pa\u00eds.<\/p>\n\n\n\n<p>As provas est\u00e3o marcadas para o dia 30 de agosto, e seriam aplicadas em todos as capitais do Brasil e do Distrito Federal. O Minist\u00e9rio P\u00fablico Federal, por\u00e9m, enviou o documento com a recomenda\u00e7\u00e3o de adiamento para o Instituto Rio Branco e para o Instituto Americano de Desenvolvimento (Iades), respons\u00e1veis pela realiza\u00e7\u00e3o do certame. <\/p>\n\n\n\n<p>O documento foi assinado por quatro procuradores da Rep\u00fablica, pertencentes ao MPF, e aponta a perman\u00eancia da fase ascendente da curva de cont\u00e1gio pelo coronav\u00edrus no pa\u00eds, e que seu avan\u00e7o ocorre de forma distinta nos diversos Estados da federa\u00e7\u00e3o. Agora, as entidades t\u00eam cinco dias \u00fateis para prestar informa\u00e7\u00f5es quanto ao atendimento do pedido.<\/p>\n\n\n\n<p>O edital do CACD oferta <strong>25 vagas<\/strong> para a classe inicial da carreira diplom\u00e1tica em todo o pa\u00eds. A recomenda\u00e7\u00e3o aponta que a realiza\u00e7\u00e3o das provas inevitavelmente resultar\u00e1 em aglomera\u00e7\u00e3o de pessoas, provocada pela pr\u00f3pria din\u00e2mica natural de um concurso p\u00fablico.<\/p>\n\n\n\n<p>Nesse sentido, o Minist\u00e9rio P\u00fablico Federal alerta que, ao impor a atual data sem ponderar a quest\u00e3o do seu adiamento, a organiza\u00e7\u00e3o do concurso CACD 2020 obriga os candidatos a escolherem entre deixar de seguir as normas que determinam o isolamento ou renunciar ao direito de participar da sele\u00e7\u00e3o.<\/p>\n\n\n\n<p>Por fim, os procuradores da Rep\u00fablica sustentam que a aplica\u00e7\u00e3o das provas para Diplomata em pleno auge da pandemia afasta da sele\u00e7\u00e3o candidatos em per\u00edodo de isolamento e dificulta a participa\u00e7\u00e3o de pessoas inclu\u00eddas nos grupos de risco da doen\u00e7a, acabando por colocar em xeque o princ\u00edpio da isonomia de participa\u00e7\u00e3o entre os candidatos. <\/p>\n\n\n\n<p>Al\u00e9m disso, a situa\u00e7\u00e3o poder\u00e1 ser agravada quando, a depender do estado de resid\u00eancia e do est\u00e1gio da doen\u00e7a na regi\u00e3o, o inscrito tiver que enfrentar obst\u00e1culos ainda maiores relacionados \u00e0 prote\u00e7\u00e3o da pr\u00f3pria sa\u00fade e de seus familiares, ao cumprimento das medidas locais de combate ao v\u00edrus, ou mesmo em rela\u00e7\u00e3o ao transporte para os locais de prova.<\/p>\n\n\n\n<p class=\"has-text-align-center has-very-light-gray-background-color has-background has-medium-font-size\"><a href=\"http:\/\/www.mpf.mp.br\/df\/sala-de-imprensa\/noticias-df\/mpf-recomenda-adiamento-da-prova-para-concurso-de-diplomata-em-razao-da-covid-19\" target=\"_blank\" rel=\"noreferrer noopener\">Clique aqui<\/a> e leia a publica\u00e7\u00e3o na \u00edntegra. <\/p>\n\n\n\n<p class=\"has-text-align-center has-light-green-cyan-background-color has-background\" style=\"font-size:clamp(14.642px, 0.915rem + ((1vw - 3.2px) * 0.721), 22px);px\">Mais informa\u00e7\u00f5es: <a href=\"https:\/\/www.estrategiaconcursos.com.br\/blog\/concurso-diplomata\" target=\"_blank\" rel=\"noreferrer noopener\">Concurso Diplomata<\/a> <\/p>\n\n\n\n<h2 class=\"has-text-align-center wp-block-heading\" id=\"cursos-diplomata\"><strong><em>Quer estudar para Concurso Diplomata com ou sem adiamento?<\/em><\/strong><\/h2>\n\n\n\n<p class=\"has-text-align-center\"><em><strong>Gostou de saber da possibilidade de adiamento do concurso pela recomenda\u00e7\u00e3o do MPF e deseja come\u00e7ar se preparar agora mesmo? <\/strong><\/em><\/p>\n\n\n\n<p class=\"has-text-align-center\"><em><strong>Ent\u00e3o, confira os nossos cursos e comece a estudar para o concurso Diplomacia:<\/strong><\/em><\/p>\n\n\n\n<p class=\"has-text-align-center has-luminous-vivid-amber-background-color has-background\" style=\"font-size:clamp(16.293px, 1.018rem + ((1vw - 3.2px) * 0.854), 25px);px\"><span class=\"underline\"><a aria-label=\" (opens in a new tab)\" href=\"https:\/\/www.estrategiaconcursos.com.br\/cursosPorConcurso\/cacd-concurso-de-admissao-a-carreira-de-diplomata\/\" target=\"_blank\" rel=\"noreferrer noopener\">CURSO DIPLOMATA<\/a><\/span><\/p>\n\n\n\n<p class=\"has-text-align-center\"><strong><em><strong>Sistema de Quest\u00f5es<\/strong><\/em><\/strong> <strong><em>&#8211; CACD 2020<\/em><\/strong><\/p>\n\n\n\n<p class=\"has-text-align-center\">Estrat\u00e9gia Quest\u00f5es nasceu maior do que todos os concorrentes, com mais quest\u00f5es cadastradas e mais solu\u00e7\u00f5es por professores. Clique no link e aproveite os descontos e b\u00f4nus imperd\u00edveis!<\/p>\n\n\n\n<p class=\"has-text-align-center has-vivid-green-cyan-background-color has-background\"><strong>ASSINE AGORA \u2013 <a href=\"https:\/\/www.estrategiaconcursos.com.br\/cursosPorConcurso\/sistema-de-questoes\/#\/\" target=\"_blank\" rel=\"noreferrer noopener\">Sistema de Quest\u00f5es<\/a><\/strong><\/p>\n\n\n\n<p class=\"has-text-align-center has-pale-cyan-blue-background-color has-background has-medium-font-size\"><strong><a href=\"https:\/\/www.estrategiaconcursos.com.br\/blog\/concursos-abertos\/\" target=\"_blank\" rel=\"noreferrer noopener\">CONCURSOS ABERTOS<\/a><\/strong><\/p>\n\n\n\n<p class=\"has-text-align-center has-pale-cyan-blue-background-color has-background has-medium-font-size\"><a href=\"https:\/\/www.estrategiaconcursos.com.br\/blog\/concursos-2021\/\" target=\"_blank\" rel=\"noreferrer noopener\"><strong>CONCURSOS 2021<\/strong><\/a><\/p>\n","protected":false},"excerpt":{"rendered":"<p>O Minist\u00e9rio P\u00fablico Federal, por meio de uma publica\u00e7\u00e3o em sua p\u00e1gina oficial, na \u00faltima quinta-feira, 06 de agosto, divulgou uma recomenda\u00e7\u00e3o de adiamento da realiza\u00e7\u00e3o da primeira fase do concurso Concurso de Admiss\u00e3o \u00e0 Carreira de Diplomata &#8211; CACD 2020 at\u00e9 que a crise sanit\u00e1ria provocada pela Covid-19 esteja minimamente controlada no pa\u00eds. As [&hellip;]<\/p>\n","protected":false},"author":1186,"featured_media":553549,"comment_status":"open","ping_status":"closed","sticky":false,"template":"","format":"standard","meta":{"post_tipo":"article","footnotes":""},"categories":[1],"tags":[],"tax_estado":[],"class_list":["post-553534","post","type-post","status-publish","format-standard","has-post-thumbnail","hentry","category-cursos-e-concursos"],"acf":[],"yoast_head":"<!-- This site is optimized with the Yoast SEO Premium plugin v27.2 (Yoast SEO v27.2) - https:\/\/yoast.com\/product\/yoast-seo-premium-wordpress\/ -->\n<title>CACD 2020: MPF recomenda adiamento das provas<\/title>\n<meta name=\"description\" content=\"O Minist\u00e9rio P\u00fablico Federal passou a recomendar o adiamento das provas para o concurso Diplomata, marcadas para 30 de agosto em raz\u00e3o da Covid-19.\" \/>\n<meta name=\"robots\" content=\"index, follow, max-snippet:-1, max-image-preview:large, max-video-preview:-1\" \/>\n<link rel=\"canonical\" href=\"https:\/\/www.estrategiaconcursos.com.br\/blog\/mpf-adiamento-cacd-2020\/\" \/>\n<meta property=\"og:locale\" content=\"pt_BR\" \/>\n<meta property=\"og:type\" content=\"article\" \/>\n<meta property=\"og:title\" content=\"CACD 2020: MPF recomenda adiamento das provas\" \/>\n<meta property=\"og:description\" content=\"O Minist\u00e9rio P\u00fablico Federal passou a recomendar o adiamento das provas para o concurso Diplomata, marcadas para 30 de agosto em raz\u00e3o da Covid-19.\" \/>\n<meta property=\"og:url\" content=\"https:\/\/www.estrategiaconcursos.com.br\/blog\/mpf-adiamento-cacd-2020\/\" \/>\n<meta property=\"og:site_name\" content=\"Estrat\u00e9gia Concursos\" \/>\n<meta property=\"article:published_time\" content=\"2020-08-10T16:32:33+00:00\" \/>\n<meta property=\"article:modified_time\" content=\"2021-05-27T13:26:50+00:00\" \/>\n<meta property=\"og:image\" content=\"https:\/\/dhg1h5j42swfq.cloudfront.net\/2020\/08\/10131511\/jornalismo-DIPLOMATA-1-150x150-1-e1613737836570.jpg\" \/>\n\t<meta property=\"og:image:width\" content=\"100\" \/>\n\t<meta property=\"og:image:height\" content=\"100\" \/>\n\t<meta property=\"og:image:type\" content=\"image\/jpeg\" \/>\n<meta name=\"author\" content=\"Celso Natale\" \/>\n<meta name=\"twitter:card\" content=\"summary_large_image\" \/>\n<meta name=\"twitter:creator\" content=\"@EstratConcursos\" \/>\n<meta name=\"twitter:site\" content=\"@EstratConcursos\" \/>\n<meta name=\"twitter:label1\" content=\"Escrito por\" \/>\n\t<meta name=\"twitter:data1\" content=\"Celso Natale\" \/>\n\t<meta name=\"twitter:label2\" content=\"Est. tempo de leitura\" \/>\n\t<meta name=\"twitter:data2\" content=\"3 minutos\" \/>\n<script type=\"application\/ld+json\" class=\"yoast-schema-graph\">{\"@context\":\"https:\/\/schema.org\",\"@graph\":[{\"@type\":\"NewsArticle\",\"@id\":\"https:\/\/www.estrategiaconcursos.com.br\/blog\/mpf-adiamento-cacd-2020\/#article\",\"isPartOf\":{\"@id\":\"https:\/\/www.estrategiaconcursos.com.br\/blog\/mpf-adiamento-cacd-2020\/\"},\"author\":{\"name\":\"Celso Natale\",\"@id\":\"https:\/\/www.estrategiaconcursos.com.br\/blog\/#\/schema\/person\/8d088d35995a851f83b2256633153f3b\"},\"headline\":\"CACD 2020: MPF recomenda adiamento das provas\",\"datePublished\":\"2020-08-10T16:32:33+00:00\",\"dateModified\":\"2021-05-27T13:26:50+00:00\",\"mainEntityOfPage\":{\"@id\":\"https:\/\/www.estrategiaconcursos.com.br\/blog\/mpf-adiamento-cacd-2020\/\"},\"wordCount\":534,\"commentCount\":0,\"publisher\":{\"@id\":\"https:\/\/www.estrategiaconcursos.com.br\/blog\/#organization\"},\"image\":{\"@id\":\"https:\/\/www.estrategiaconcursos.com.br\/blog\/mpf-adiamento-cacd-2020\/#primaryimage\"},\"thumbnailUrl\":\"https:\/\/dhg1h5j42swfq.cloudfront.net\/2020\/08\/10131511\/jornalismo-DIPLOMATA-1-150x150-1-e1613737836570.jpg\",\"articleSection\":[\"Concursos P\u00fablicos\"],\"inLanguage\":\"pt-BR\",\"potentialAction\":[{\"@type\":\"CommentAction\",\"name\":\"Comment\",\"target\":[\"https:\/\/www.estrategiaconcursos.com.br\/blog\/mpf-adiamento-cacd-2020\/#respond\"]}],\"copyrightYear\":\"2020\",\"copyrightHolder\":{\"@id\":\"https:\/\/www.estrategiaconcursos.com.br\/blog\/#organization\"}},{\"@type\":\"WebPage\",\"@id\":\"https:\/\/www.estrategiaconcursos.com.br\/blog\/mpf-adiamento-cacd-2020\/\",\"url\":\"https:\/\/www.estrategiaconcursos.com.br\/blog\/mpf-adiamento-cacd-2020\/\",\"name\":\"CACD 2020: MPF recomenda adiamento das provas\",\"isPartOf\":{\"@id\":\"https:\/\/www.estrategiaconcursos.com.br\/blog\/#website\"},\"primaryImageOfPage\":{\"@id\":\"https:\/\/www.estrategiaconcursos.com.br\/blog\/mpf-adiamento-cacd-2020\/#primaryimage\"},\"image\":{\"@id\":\"https:\/\/www.estrategiaconcursos.com.br\/blog\/mpf-adiamento-cacd-2020\/#primaryimage\"},\"thumbnailUrl\":\"https:\/\/dhg1h5j42swfq.cloudfront.net\/2020\/08\/10131511\/jornalismo-DIPLOMATA-1-150x150-1-e1613737836570.jpg\",\"datePublished\":\"2020-08-10T16:32:33+00:00\",\"dateModified\":\"2021-05-27T13:26:50+00:00\",\"description\":\"O Minist\u00e9rio P\u00fablico Federal passou a recomendar o adiamento das provas para o concurso Diplomata, marcadas para 30 de agosto em raz\u00e3o da Covid-19.\",\"breadcrumb\":{\"@id\":\"https:\/\/www.estrategiaconcursos.com.br\/blog\/mpf-adiamento-cacd-2020\/#breadcrumb\"},\"inLanguage\":\"pt-BR\",\"potentialAction\":[{\"@type\":\"ReadAction\",\"target\":[\"https:\/\/www.estrategiaconcursos.com.br\/blog\/mpf-adiamento-cacd-2020\/\"]}]},{\"@type\":\"ImageObject\",\"inLanguage\":\"pt-BR\",\"@id\":\"https:\/\/www.estrategiaconcursos.com.br\/blog\/mpf-adiamento-cacd-2020\/#primaryimage\",\"url\":\"https:\/\/dhg1h5j42swfq.cloudfront.net\/2020\/08\/10131511\/jornalismo-DIPLOMATA-1-150x150-1-e1613737836570.jpg\",\"contentUrl\":\"https:\/\/dhg1h5j42swfq.cloudfront.net\/2020\/08\/10131511\/jornalismo-DIPLOMATA-1-150x150-1-e1613737836570.jpg\",\"width\":100,\"height\":100,\"caption\":\"CACD 2020\"},{\"@type\":\"BreadcrumbList\",\"@id\":\"https:\/\/www.estrategiaconcursos.com.br\/blog\/mpf-adiamento-cacd-2020\/#breadcrumb\",\"itemListElement\":[{\"@type\":\"ListItem\",\"position\":1,\"name\":\"In\u00edcio\",\"item\":\"https:\/\/www.estrategiaconcursos.com.br\/blog\/\"},{\"@type\":\"ListItem\",\"position\":2,\"name\":\"CACD 2020: MPF recomenda adiamento das provas\"}]},{\"@type\":\"WebSite\",\"@id\":\"https:\/\/www.estrategiaconcursos.com.br\/blog\/#website\",\"url\":\"https:\/\/www.estrategiaconcursos.com.br\/blog\/\",\"name\":\"Estrat\u00e9gia Concursos\",\"description\":\"O blog da Estrat\u00e9gia Concursos traz not\u00edcias sobre concursos e artigos de professores oferecendo cursos para concursos (pdf + videaulas) no site.\",\"publisher\":{\"@id\":\"https:\/\/www.estrategiaconcursos.com.br\/blog\/#organization\"},\"potentialAction\":[{\"@type\":\"SearchAction\",\"target\":{\"@type\":\"EntryPoint\",\"urlTemplate\":\"https:\/\/www.estrategiaconcursos.com.br\/blog\/?s={search_term_string}\"},\"query-input\":{\"@type\":\"PropertyValueSpecification\",\"valueRequired\":true,\"valueName\":\"search_term_string\"}}],\"inLanguage\":\"pt-BR\"},{\"@type\":\"Organization\",\"@id\":\"https:\/\/www.estrategiaconcursos.com.br\/blog\/#organization\",\"name\":\"Estrat\u00e9gia Concursos\",\"url\":\"https:\/\/www.estrategiaconcursos.com.br\/blog\/\",\"logo\":{\"@type\":\"ImageObject\",\"inLanguage\":\"pt-BR\",\"@id\":\"https:\/\/www.estrategiaconcursos.com.br\/blog\/#\/schema\/logo\/image\/\",\"url\":\"https:\/\/dhg1h5j42swfq.cloudfront.net\/2025\/06\/03203428\/logo_concursos-1.jpg\",\"contentUrl\":\"https:\/\/dhg1h5j42swfq.cloudfront.net\/2025\/06\/03203428\/logo_concursos-1.jpg\",\"width\":230,\"height\":60,\"caption\":\"Estrat\u00e9gia Concursos\"},\"image\":{\"@id\":\"https:\/\/www.estrategiaconcursos.com.br\/blog\/#\/schema\/logo\/image\/\"},\"sameAs\":[\"https:\/\/x.com\/EstratConcursos\"]},{\"@type\":\"Person\",\"@id\":\"https:\/\/www.estrategiaconcursos.com.br\/blog\/#\/schema\/person\/8d088d35995a851f83b2256633153f3b\",\"name\":\"Celso Natale\",\"image\":{\"@type\":\"ImageObject\",\"inLanguage\":\"pt-BR\",\"@id\":\"https:\/\/secure.gravatar.com\/avatar\/c8fbdcaa043a22980f0e38d9de732508e2163cd4ee3835f9403347be9a456cc8?s=96&d=mm&r=g\",\"url\":\"https:\/\/secure.gravatar.com\/avatar\/c8fbdcaa043a22980f0e38d9de732508e2163cd4ee3835f9403347be9a456cc8?s=96&d=mm&r=g\",\"contentUrl\":\"https:\/\/secure.gravatar.com\/avatar\/c8fbdcaa043a22980f0e38d9de732508e2163cd4ee3835f9403347be9a456cc8?s=96&d=mm&r=g\",\"caption\":\"Celso Natale\"},\"url\":\"https:\/\/www.estrategiaconcursos.com.br\/blog\/author\/celsonatalegmail-com\/\"}]}<\/script>\n<!-- \/ Yoast SEO Premium plugin. -->","yoast_head_json":{"title":"CACD 2020: MPF recomenda adiamento das provas","description":"O Minist\u00e9rio P\u00fablico Federal passou a recomendar o adiamento das provas para o concurso Diplomata, marcadas para 30 de agosto em raz\u00e3o da Covid-19.","robots":{"index":"index","follow":"follow","max-snippet":"max-snippet:-1","max-image-preview":"max-image-preview:large","max-video-preview":"max-video-preview:-1"},"canonical":"https:\/\/www.estrategiaconcursos.com.br\/blog\/mpf-adiamento-cacd-2020\/","og_locale":"pt_BR","og_type":"article","og_title":"CACD 2020: MPF recomenda adiamento das provas","og_description":"O Minist\u00e9rio P\u00fablico Federal passou a recomendar o adiamento das provas para o concurso Diplomata, marcadas para 30 de agosto em raz\u00e3o da Covid-19.","og_url":"https:\/\/www.estrategiaconcursos.com.br\/blog\/mpf-adiamento-cacd-2020\/","og_site_name":"Estrat\u00e9gia Concursos","article_published_time":"2020-08-10T16:32:33+00:00","article_modified_time":"2021-05-27T13:26:50+00:00","og_image":[{"width":100,"height":100,"url":"https:\/\/dhg1h5j42swfq.cloudfront.net\/2020\/08\/10131511\/jornalismo-DIPLOMATA-1-150x150-1-e1613737836570.jpg","type":"image\/jpeg"}],"author":"Celso Natale","twitter_card":"summary_large_image","twitter_creator":"@EstratConcursos","twitter_site":"@EstratConcursos","twitter_misc":{"Escrito por":"Celso Natale","Est. tempo de leitura":"3 minutos"},"schema":{"@context":"https:\/\/schema.org","@graph":[{"@type":"NewsArticle","@id":"https:\/\/www.estrategiaconcursos.com.br\/blog\/mpf-adiamento-cacd-2020\/#article","isPartOf":{"@id":"https:\/\/www.estrategiaconcursos.com.br\/blog\/mpf-adiamento-cacd-2020\/"},"author":{"name":"Celso Natale","@id":"https:\/\/www.estrategiaconcursos.com.br\/blog\/#\/schema\/person\/8d088d35995a851f83b2256633153f3b"},"headline":"CACD 2020: MPF recomenda adiamento das provas","datePublished":"2020-08-10T16:32:33+00:00","dateModified":"2021-05-27T13:26:50+00:00","mainEntityOfPage":{"@id":"https:\/\/www.estrategiaconcursos.com.br\/blog\/mpf-adiamento-cacd-2020\/"},"wordCount":534,"commentCount":0,"publisher":{"@id":"https:\/\/www.estrategiaconcursos.com.br\/blog\/#organization"},"image":{"@id":"https:\/\/www.estrategiaconcursos.com.br\/blog\/mpf-adiamento-cacd-2020\/#primaryimage"},"thumbnailUrl":"https:\/\/dhg1h5j42swfq.cloudfront.net\/2020\/08\/10131511\/jornalismo-DIPLOMATA-1-150x150-1-e1613737836570.jpg","articleSection":["Concursos P\u00fablicos"],"inLanguage":"pt-BR","potentialAction":[{"@type":"CommentAction","name":"Comment","target":["https:\/\/www.estrategiaconcursos.com.br\/blog\/mpf-adiamento-cacd-2020\/#respond"]}],"copyrightYear":"2020","copyrightHolder":{"@id":"https:\/\/www.estrategiaconcursos.com.br\/blog\/#organization"}},{"@type":"WebPage","@id":"https:\/\/www.estrategiaconcursos.com.br\/blog\/mpf-adiamento-cacd-2020\/","url":"https:\/\/www.estrategiaconcursos.com.br\/blog\/mpf-adiamento-cacd-2020\/","name":"CACD 2020: MPF recomenda adiamento das provas","isPartOf":{"@id":"https:\/\/www.estrategiaconcursos.com.br\/blog\/#website"},"primaryImageOfPage":{"@id":"https:\/\/www.estrategiaconcursos.com.br\/blog\/mpf-adiamento-cacd-2020\/#primaryimage"},"image":{"@id":"https:\/\/www.estrategiaconcursos.com.br\/blog\/mpf-adiamento-cacd-2020\/#primaryimage"},"thumbnailUrl":"https:\/\/dhg1h5j42swfq.cloudfront.net\/2020\/08\/10131511\/jornalismo-DIPLOMATA-1-150x150-1-e1613737836570.jpg","datePublished":"2020-08-10T16:32:33+00:00","dateModified":"2021-05-27T13:26:50+00:00","description":"O Minist\u00e9rio P\u00fablico Federal passou a recomendar o adiamento das provas para o concurso Diplomata, marcadas para 30 de agosto em raz\u00e3o da Covid-19.","breadcrumb":{"@id":"https:\/\/www.estrategiaconcursos.com.br\/blog\/mpf-adiamento-cacd-2020\/#breadcrumb"},"inLanguage":"pt-BR","potentialAction":[{"@type":"ReadAction","target":["https:\/\/www.estrategiaconcursos.com.br\/blog\/mpf-adiamento-cacd-2020\/"]}]},{"@type":"ImageObject","inLanguage":"pt-BR","@id":"https:\/\/www.estrategiaconcursos.com.br\/blog\/mpf-adiamento-cacd-2020\/#primaryimage","url":"https:\/\/dhg1h5j42swfq.cloudfront.net\/2020\/08\/10131511\/jornalismo-DIPLOMATA-1-150x150-1-e1613737836570.jpg","contentUrl":"https:\/\/dhg1h5j42swfq.cloudfront.net\/2020\/08\/10131511\/jornalismo-DIPLOMATA-1-150x150-1-e1613737836570.jpg","width":100,"height":100,"caption":"CACD 2020"},{"@type":"BreadcrumbList","@id":"https:\/\/www.estrategiaconcursos.com.br\/blog\/mpf-adiamento-cacd-2020\/#breadcrumb","itemListElement":[{"@type":"ListItem","position":1,"name":"In\u00edcio","item":"https:\/\/www.estrategiaconcursos.com.br\/blog\/"},{"@type":"ListItem","position":2,"name":"CACD 2020: MPF recomenda adiamento das provas"}]},{"@type":"WebSite","@id":"https:\/\/www.estrategiaconcursos.com.br\/blog\/#website","url":"https:\/\/www.estrategiaconcursos.com.br\/blog\/","name":"Estrat\u00e9gia Concursos","description":"O blog da Estrat\u00e9gia Concursos traz not\u00edcias sobre concursos e artigos de professores oferecendo cursos para concursos (pdf + videaulas) no site.","publisher":{"@id":"https:\/\/www.estrategiaconcursos.com.br\/blog\/#organization"},"potentialAction":[{"@type":"SearchAction","target":{"@type":"EntryPoint","urlTemplate":"https:\/\/www.estrategiaconcursos.com.br\/blog\/?s={search_term_string}"},"query-input":{"@type":"PropertyValueSpecification","valueRequired":true,"valueName":"search_term_string"}}],"inLanguage":"pt-BR"},{"@type":"Organization","@id":"https:\/\/www.estrategiaconcursos.com.br\/blog\/#organization","name":"Estrat\u00e9gia Concursos","url":"https:\/\/www.estrategiaconcursos.com.br\/blog\/","logo":{"@type":"ImageObject","inLanguage":"pt-BR","@id":"https:\/\/www.estrategiaconcursos.com.br\/blog\/#\/schema\/logo\/image\/","url":"https:\/\/dhg1h5j42swfq.cloudfront.net\/2025\/06\/03203428\/logo_concursos-1.jpg","contentUrl":"https:\/\/dhg1h5j42swfq.cloudfront.net\/2025\/06\/03203428\/logo_concursos-1.jpg","width":230,"height":60,"caption":"Estrat\u00e9gia Concursos"},"image":{"@id":"https:\/\/www.estrategiaconcursos.com.br\/blog\/#\/schema\/logo\/image\/"},"sameAs":["https:\/\/x.com\/EstratConcursos"]},{"@type":"Person","@id":"https:\/\/www.estrategiaconcursos.com.br\/blog\/#\/schema\/person\/8d088d35995a851f83b2256633153f3b","name":"Celso Natale","image":{"@type":"ImageObject","inLanguage":"pt-BR","@id":"https:\/\/secure.gravatar.com\/avatar\/c8fbdcaa043a22980f0e38d9de732508e2163cd4ee3835f9403347be9a456cc8?s=96&d=mm&r=g","url":"https:\/\/secure.gravatar.com\/avatar\/c8fbdcaa043a22980f0e38d9de732508e2163cd4ee3835f9403347be9a456cc8?s=96&d=mm&r=g","contentUrl":"https:\/\/secure.gravatar.com\/avatar\/c8fbdcaa043a22980f0e38d9de732508e2163cd4ee3835f9403347be9a456cc8?s=96&d=mm&r=g","caption":"Celso Natale"},"url":"https:\/\/www.estrategiaconcursos.com.br\/blog\/author\/celsonatalegmail-com\/"}]}},"_links":{"self":[{"href":"https:\/\/www.estrategiaconcursos.com.br\/blog\/wp-json\/wp\/v2\/posts\/553534","targetHints":{"allow":["GET"]}}],"collection":[{"href":"https:\/\/www.estrategiaconcursos.com.br\/blog\/wp-json\/wp\/v2\/posts"}],"about":[{"href":"https:\/\/www.estrategiaconcursos.com.br\/blog\/wp-json\/wp\/v2\/types\/post"}],"author":[{"embeddable":true,"href":"https:\/\/www.estrategiaconcursos.com.br\/blog\/wp-json\/wp\/v2\/users\/1186"}],"replies":[{"embeddable":true,"href":"https:\/\/www.estrategiaconcursos.com.br\/blog\/wp-json\/wp\/v2\/comments?post=553534"}],"version-history":[{"count":14,"href":"https:\/\/www.estrategiaconcursos.com.br\/blog\/wp-json\/wp\/v2\/posts\/553534\/revisions"}],"predecessor-version":[{"id":753188,"href":"https:\/\/www.estrategiaconcursos.com.br\/blog\/wp-json\/wp\/v2\/posts\/553534\/revisions\/753188"}],"wp:featuredmedia":[{"embeddable":true,"href":"https:\/\/www.estrategiaconcursos.com.br\/blog\/wp-json\/wp\/v2\/media\/553549"}],"wp:attachment":[{"href":"https:\/\/www.estrategiaconcursos.com.br\/blog\/wp-json\/wp\/v2\/media?parent=553534"}],"wp:term":[{"taxonomy":"category","embeddable":true,"href":"https:\/\/www.estrategiaconcursos.com.br\/blog\/wp-json\/wp\/v2\/categories?post=553534"},{"taxonomy":"post_tag","embeddable":true,"href":"https:\/\/www.estrategiaconcursos.com.br\/blog\/wp-json\/wp\/v2\/tags?post=553534"},{"taxonomy":"tax_estado","embeddable":true,"href":"https:\/\/www.estrategiaconcursos.com.br\/blog\/wp-json\/wp\/v2\/tax_estado?post=553534"}],"curies":[{"name":"wp","href":"https:\/\/api.w.org\/{rel}","templated":true}]}}