{"id":552721,"date":"2020-08-09T07:00:00","date_gmt":"2020-08-09T10:00:00","guid":{"rendered":"https:\/\/www.estrategiaconcursos.com.br\/blog\/?p=552721"},"modified":"2020-08-08T10:39:52","modified_gmt":"2020-08-08T13:39:52","slug":"maratona-defensor-da-dpe-pr","status":"publish","type":"post","link":"https:\/\/www.estrategiaconcursos.com.br\/blog\/maratona-defensor-da-dpe-pr\/","title":{"rendered":"Maratona Defensor da DPE PR: eleve sua prepra\u00e7\u00e3o neste domingo (9)"},"content":{"rendered":"\n<p>A Maratona Defensor da DPE PR, acontece neste domingo, 09 de agosto de 2020, a partir das 08:00. O pontap\u00e9 inicial ser\u00e1 dado com a disciplina de Direito Penal, ministrada pela professora Vanessa Brogni. <\/p>\n\n\n\n<p>Acompanhe ao vivo e gratuitamente pelo canal do Estrat\u00e9gia Carreiras Jur\u00eddicas no Youtube. <\/p>\n\n\n\n<h4 class=\"wp-block-heading\">Maratona Defensor da DPE PR &#8211; Evento ao vivo<\/h4>\n\n\n<figure class=\"wp-block-embed-youtube wp-block-embed is-type-video is-provider-youtube wp-embed-aspect-16-9 wp-has-aspect-ratio lyte-align aligncenter\"><div class=\"lyte-wrapper\" style=\"width:853px;max-width:100%;margin:5px;\"><div class=\"lyMe\" id=\"WYL_UlFWnD5rd38\"><div id=\"lyte_UlFWnD5rd38\" data-src=\"\/\/i.ytimg.com\/vi\/UlFWnD5rd38\/hqdefault.jpg\" class=\"pL\"><div class=\"tC\"><div class=\"tT\"><\/div><\/div><div class=\"play\"><\/div><div class=\"ctrl\"><div class=\"Lctrl\"><\/div><div class=\"Rctrl\"><\/div><\/div><\/div><noscript><a href=\"https:\/\/youtu.be\/UlFWnD5rd38\" rel=\"nofollow\"><img loading=\"lazy\" decoding=\"async\" src=\"https:\/\/i.ytimg.com\/vi\/UlFWnD5rd38\/0.jpg\" alt=\"YouTube video thumbnail\" width=\"853\" height=\"460\" \/><br \/>Assista a este v\u00eddeo no YouTube<\/a><\/noscript><\/div><\/div><div class=\"lL\" style=\"max-width:100%;width:853px;margin:5px;\"><\/div><figcaption><\/figcaption><\/figure>\n\n\n<h4 class=\"wp-block-heading\">Maratona Defensor da DPE PR &#8211; Cronograma<\/h4>\n\n\n\n<figure class=\"wp-block-table is-style-stripes\"><table class=\"has-subtle-pale-blue-background-color has-fixed-layout has-background\"><tbody><tr><td><strong>Hor\u00e1rio<\/strong><\/td><td><strong>Disciplina<\/strong><\/td><td><strong>Professor<\/strong><\/td><\/tr><tr><td>8:00 \u00e0s 9:00<\/td><td>Direito Penal<\/td><td>Vanessa Brogni<\/td><\/tr><tr><td>9:00 \u00e0s 10:00<\/td><td>Direito Processual Penal<\/td><td>Leonardo Tavares<\/td><\/tr><tr><td>10:00 \u00e0s 11:00<\/td><td>Direitos Difusos e Coletivos<\/td><td>Lucia Reinert<\/td><\/tr><tr><td>11:00 \u00e0s 12:00<\/td><td>Direito da Crian\u00e7a e do Adolescente<\/td><td>Ricardo Torques<\/td><\/tr><tr><td>12:00 \u00e0s 13:00<\/td><td>Intervalo<\/td><\/tr><tr><td>13:00 \u00e0s 14:00<\/td><td>Direito Administrativo<\/td><td>Rodolfo Penna<\/td><\/tr><tr><td>14:00 \u00e0s 15:00<\/td><td>Direito Constitucional<\/td><td>Marcos Gomes<\/td><\/tr><tr><td>15:00 \u00e0s 16:00<\/td><td>Direitos Humanos<\/td><td>Lucia Reinert<\/td><\/tr><tr><td>16:00 \u00e0s 17:00<\/td><td>Legisla\u00e7\u00e3o Institucional<\/td><td>Marcos Gomes<\/td><\/tr><\/tbody><\/table><\/figure>\n\n\n\n<h4 class=\"wp-block-heading\">Maratona Defensor da DPE PR &#8211; Curiosidades<\/h4>\n\n\n\n<p>O Departamento de Recursos Humanos da Defensoria P\u00fablica do Paran\u00e1 (concurso DPE PR Defensor) divulgou a rela\u00e7\u00e3o de cargos vagos do \u00f3rg\u00e3o. No total, 871 cargos est\u00e3o vagos, sendo <strong>473<\/strong> para a carreira de Defensor P\u00fablico.<\/p>\n\n\n\n<p>Com a autoriza\u00e7\u00e3o da realiza\u00e7\u00e3o de um novo concurso p\u00fablico para Servidores do DPE PR publicada, o novo Presidente da comiss\u00e3o organizadora dever\u00e1 dar andamento aos tr\u00e2mites para que o edital seja publicado.<\/p>\n\n\n\n<p>A <strong>Defensoria P\u00fablica do Paran\u00e1<\/strong> autorizou o seu <strong>IV Concurso para Defensor P\u00fablico<\/strong>. De acordo com o documento, publicado no Di\u00e1rio Oficial do Estado, ser\u00e3o <strong>12 vagas<\/strong> para o cargo de <strong>Defensor P\u00fablico Substituto.<\/strong><\/p>\n\n\n\n<p class=\"has-background has-text-align-center has-very-light-gray-background-color\"><strong>Mais informa\u00e7\u00f5es: <a href=\"https:\/\/www.estrategiaconcursos.com.br\/blog\/concurso-dpe-pr-defensor\/\" target=\"_blank\" rel=\"noreferrer noopener\">concurso DPE PR Defensor<\/a><\/strong><\/p>\n\n\n\n<p class=\"has-text-align-center\"><em>Gostou desta oportunidade e deseja come\u00e7ar se preparar agora mesmo? Ent\u00e3o, confira os nossos cursos e comece a estudar DPE PR Defensor:<\/em><\/p>\n\n\n\n<p class=\"has-background has-text-align-center has-luminous-vivid-amber-background-color\"><em><a href=\"https:\/\/www.estrategiaconcursos.com.br\/cursosPorConcurso\/dpe-pr-defensoria-publica-de-parana-defensor-publico\/\" target=\"_blank\" rel=\"noreferrer noopener\"><strong>Curso DPE PR Defensor<\/strong><\/a><\/em><\/p>\n\n\n\n<p class=\"has-text-align-center\"><strong><em><strong>Sistema de Quest\u00f5es<\/strong><\/em><\/strong><\/p>\n\n\n\n<p class=\"has-text-align-center\">Estrat\u00e9gia Quest\u00f5es nasceu maior do que todos os concorrentes, com mais quest\u00f5es cadastradas e mais solu\u00e7\u00f5es por professores. Clique no link e aproveite os descontos e b\u00f4nus imperd\u00edveis!<\/p>\n\n\n\n<p class=\"has-background has-text-align-center has-vivid-green-cyan-background-color\"><strong>ASSINE AGORA \u2013 <a href=\"https:\/\/www.estrategiaconcursos.com.br\/cursosPorConcurso\/sistema-de-questoes\/#\/\" target=\"_blank\" rel=\"noreferrer noopener\">Sistema de Quest\u00f5es<\/a><\/strong><\/p>\n\n\n\n<p class=\"has-background has-text-align-center has-pale-cyan-blue-background-color\"><strong><a href=\"https:\/\/www.estrategiaconcursos.com.br\/blog\/concursos-abertos\/\" target=\"_blank\" rel=\"noreferrer noopener\">Concursos abertos<\/a><\/strong><\/p>\n\n\n\n<p class=\"has-background has-text-align-center has-pale-cyan-blue-background-color\"><a href=\"https:\/\/www.estrategiaconcursos.com.br\/blog\/concursos-2020\/\" target=\"_blank\" rel=\"noreferrer noopener\"><strong>Concursos 2020<\/strong><\/a><\/p>\n\n\n\n<p class=\"has-background has-text-align-center has-pale-cyan-blue-background-color\"><strong><a href=\"https:\/\/www.estrategiaconcursos.com.br\/blog\/concursos-2021\/\" target=\"_blank\" rel=\"noreferrer noopener\">Concursos 2021<\/a><\/strong><\/p>\n\n\n\n<p class=\"has-background has-text-align-center has-pale-cyan-blue-background-color\"><strong><a href=\"https:\/\/www.estrategiaconcursos.com.br\/blog\/concursos-de-direito\/\" target=\"_blank\" rel=\"noreferrer noopener\">CONCURSOS DE DIREITO<\/a><\/strong><\/p>\n\n\n\n<figure class=\"wp-block-image\"><img loading=\"lazy\" decoding=\"async\" width=\"300\" height=\"102\" src=\"https:\/\/dhg1h5j42swfq.cloudfront.net\/2017\/03\/28152500\/coruja-ficha-tecnica-300x102.png\" alt=\"Ficha t\u00e9cnica Concurso AL TO\" class=\"wp-image-68542\"\/><\/figure>\n\n\n\n<h4 class=\"wp-block-heading\" id=\"ficha\"><strong>\u2666Informa\u00e7\u00f5es do concurso DPE PR Defensor<\/strong><\/h4>\n\n\n\n<p>\u25ba<strong>Ano:<\/strong> 2020<br \/>\u25ba<strong>Vagas: <\/strong>a definir<br \/>\u25ba<strong>Lota\u00e7\u00e3o:<\/strong> Paran\u00e1<br \/>\u25ba<strong>Banca: <\/strong>a definir<br \/>\u25ba<strong>Escolaridade: <\/strong>N\u00edvel Superior em Direito + 3 anos de pr\u00e1tica jur\u00eddica<br \/>\u25ba<strong>Regulamento:<\/strong> <a href=\"https:\/\/dhg1h5j42swfq.cloudfront.net\/2019\/06\/17171054\/Regulamento-IV-Concurso-DPE-PR.pdf\" target=\"_blank\" rel=\"noreferrer noopener\">Regulamento concurso 2019<\/a><\/p>\n\n\n\n<p>\u25ba<strong>Banca examinadora:<\/strong> <a href=\"https:\/\/dhg1h5j42swfq.cloudfront.net\/2019\/08\/21085827\/DPE-PR_-_Forma%C3%A7%C3%A3o_da_banca_examinadora.pdf\" target=\"_blank\" rel=\"noreferrer noopener\">Convoca\u00e7\u00e3o da banca examinadora<\/a><\/p>\n\n\n\n<p>\u25ba<strong>\u00daltimo edital:<\/strong> <a href=\"https:\/\/dhg1h5j42swfq.cloudfront.net\/2019\/06\/17171016\/Edital-DPE-PR-Defensor-III-Concurso.pdf\" target=\"_blank\" rel=\"noreferrer noopener\">Edital DPR PR 2016<\/a><\/p>\n","protected":false},"excerpt":{"rendered":"<p>A Maratona Defensor da DPE PR, acontece neste domingo, 09 de agosto de 2020, a partir das 08:00. O pontap\u00e9 inicial ser\u00e1 dado com a disciplina de Direito Penal, ministrada pela professora Vanessa Brogni. Acompanhe ao vivo e gratuitamente pelo canal do Estrat\u00e9gia Carreiras Jur\u00eddicas no Youtube. Maratona Defensor da DPE PR &#8211; Evento ao [&hellip;]<\/p>\n","protected":false},"author":1276,"featured_media":553093,"comment_status":"open","ping_status":"closed","sticky":false,"template":"","format":"standard","meta":{"post_tipo":"article","footnotes":""},"categories":[1,2185],"tags":[],"tax_estado":[],"class_list":["post-552721","post","type-post","status-publish","format-standard","has-post-thumbnail","hentry","category-cursos-e-concursos","category-carreiras-juridicas"],"acf":[],"yoast_head":"<!-- This site is optimized with the Yoast SEO Premium plugin v27.2 (Yoast SEO v27.2) - https:\/\/yoast.com\/product\/yoast-seo-premium-wordpress\/ -->\n<title>Maratona Defensor da DPE PR: eleve sua prepra\u00e7\u00e3o neste domingo (9)<\/title>\n<meta name=\"description\" content=\"Acompanhe a Maratona Defensor da DPE PR neste domingo e reforce sua prepara\u00e7\u00e3o para o certame. Saiba mais informa\u00e7\u00f5es neste artigo.\" \/>\n<meta name=\"robots\" content=\"index, follow, max-snippet:-1, max-image-preview:large, max-video-preview:-1\" \/>\n<link rel=\"canonical\" href=\"https:\/\/www.estrategiaconcursos.com.br\/blog\/maratona-defensor-da-dpe-pr\/\" \/>\n<meta property=\"og:locale\" content=\"pt_BR\" \/>\n<meta property=\"og:type\" content=\"article\" \/>\n<meta property=\"og:title\" content=\"Maratona Defensor da DPE PR: eleve sua prepra\u00e7\u00e3o neste domingo (9)\" \/>\n<meta property=\"og:description\" content=\"Acompanhe a Maratona Defensor da DPE PR neste domingo e reforce sua prepara\u00e7\u00e3o para o certame. Saiba mais informa\u00e7\u00f5es neste artigo.\" \/>\n<meta property=\"og:url\" content=\"https:\/\/www.estrategiaconcursos.com.br\/blog\/maratona-defensor-da-dpe-pr\/\" \/>\n<meta property=\"og:site_name\" content=\"Estrat\u00e9gia Concursos\" \/>\n<meta property=\"article:published_time\" content=\"2020-08-09T10:00:00+00:00\" \/>\n<meta property=\"og:image\" content=\"https:\/\/dhg1h5j42swfq.cloudfront.net\/2020\/08\/08103940\/YTB-2.jpg\" \/>\n\t<meta property=\"og:image:width\" content=\"1280\" \/>\n\t<meta property=\"og:image:height\" content=\"720\" \/>\n\t<meta property=\"og:image:type\" content=\"image\/jpeg\" \/>\n<meta name=\"author\" content=\"Victor Shinichi Tanaka\" \/>\n<meta name=\"twitter:card\" content=\"summary_large_image\" \/>\n<meta name=\"twitter:creator\" content=\"@EstratConcursos\" \/>\n<meta name=\"twitter:site\" content=\"@EstratConcursos\" \/>\n<meta name=\"twitter:label1\" content=\"Escrito por\" \/>\n\t<meta name=\"twitter:data1\" content=\"Victor Shinichi Tanaka\" \/>\n\t<meta name=\"twitter:label2\" content=\"Est. tempo de leitura\" \/>\n\t<meta name=\"twitter:data2\" content=\"2 minutos\" \/>\n<script type=\"application\/ld+json\" class=\"yoast-schema-graph\">{\"@context\":\"https:\/\/schema.org\",\"@graph\":[{\"@type\":\"NewsArticle\",\"@id\":\"https:\/\/www.estrategiaconcursos.com.br\/blog\/maratona-defensor-da-dpe-pr\/#article\",\"isPartOf\":{\"@id\":\"https:\/\/www.estrategiaconcursos.com.br\/blog\/maratona-defensor-da-dpe-pr\/\"},\"author\":{\"name\":\"Victor Shinichi Tanaka\",\"@id\":\"https:\/\/www.estrategiaconcursos.com.br\/blog\/#\/schema\/person\/602a4eaf2bed921c107675da3a65b0e0\"},\"headline\":\"Maratona Defensor da DPE PR: eleve sua prepra\u00e7\u00e3o neste domingo (9)\",\"datePublished\":\"2020-08-09T10:00:00+00:00\",\"mainEntityOfPage\":{\"@id\":\"https:\/\/www.estrategiaconcursos.com.br\/blog\/maratona-defensor-da-dpe-pr\/\"},\"wordCount\":388,\"commentCount\":0,\"publisher\":{\"@id\":\"https:\/\/www.estrategiaconcursos.com.br\/blog\/#organization\"},\"image\":{\"@id\":\"https:\/\/www.estrategiaconcursos.com.br\/blog\/maratona-defensor-da-dpe-pr\/#primaryimage\"},\"thumbnailUrl\":\"https:\/\/dhg1h5j42swfq.cloudfront.net\/2020\/08\/08103940\/YTB-2.jpg\",\"articleSection\":[\"Concursos P\u00fablicos\",\"Jur\u00eddico\"],\"inLanguage\":\"pt-BR\",\"potentialAction\":[{\"@type\":\"CommentAction\",\"name\":\"Comment\",\"target\":[\"https:\/\/www.estrategiaconcursos.com.br\/blog\/maratona-defensor-da-dpe-pr\/#respond\"]}],\"copyrightYear\":\"2020\",\"copyrightHolder\":{\"@id\":\"https:\/\/www.estrategiaconcursos.com.br\/blog\/#organization\"}},{\"@type\":\"WebPage\",\"@id\":\"https:\/\/www.estrategiaconcursos.com.br\/blog\/maratona-defensor-da-dpe-pr\/\",\"url\":\"https:\/\/www.estrategiaconcursos.com.br\/blog\/maratona-defensor-da-dpe-pr\/\",\"name\":\"Maratona Defensor da DPE PR: eleve sua prepra\u00e7\u00e3o neste domingo (9)\",\"isPartOf\":{\"@id\":\"https:\/\/www.estrategiaconcursos.com.br\/blog\/#website\"},\"primaryImageOfPage\":{\"@id\":\"https:\/\/www.estrategiaconcursos.com.br\/blog\/maratona-defensor-da-dpe-pr\/#primaryimage\"},\"image\":{\"@id\":\"https:\/\/www.estrategiaconcursos.com.br\/blog\/maratona-defensor-da-dpe-pr\/#primaryimage\"},\"thumbnailUrl\":\"https:\/\/dhg1h5j42swfq.cloudfront.net\/2020\/08\/08103940\/YTB-2.jpg\",\"datePublished\":\"2020-08-09T10:00:00+00:00\",\"description\":\"Acompanhe a Maratona Defensor da DPE PR neste domingo e reforce sua prepara\u00e7\u00e3o para o certame. Saiba mais informa\u00e7\u00f5es neste artigo.\",\"breadcrumb\":{\"@id\":\"https:\/\/www.estrategiaconcursos.com.br\/blog\/maratona-defensor-da-dpe-pr\/#breadcrumb\"},\"inLanguage\":\"pt-BR\",\"potentialAction\":[{\"@type\":\"ReadAction\",\"target\":[\"https:\/\/www.estrategiaconcursos.com.br\/blog\/maratona-defensor-da-dpe-pr\/\"]}]},{\"@type\":\"ImageObject\",\"inLanguage\":\"pt-BR\",\"@id\":\"https:\/\/www.estrategiaconcursos.com.br\/blog\/maratona-defensor-da-dpe-pr\/#primaryimage\",\"url\":\"https:\/\/dhg1h5j42swfq.cloudfront.net\/2020\/08\/08103940\/YTB-2.jpg\",\"contentUrl\":\"https:\/\/dhg1h5j42swfq.cloudfront.net\/2020\/08\/08103940\/YTB-2.jpg\",\"width\":1280,\"height\":720,\"caption\":\"DPE PR Defensor\"},{\"@type\":\"BreadcrumbList\",\"@id\":\"https:\/\/www.estrategiaconcursos.com.br\/blog\/maratona-defensor-da-dpe-pr\/#breadcrumb\",\"itemListElement\":[{\"@type\":\"ListItem\",\"position\":1,\"name\":\"In\u00edcio\",\"item\":\"https:\/\/www.estrategiaconcursos.com.br\/blog\/\"},{\"@type\":\"ListItem\",\"position\":2,\"name\":\"Maratona Defensor da DPE PR: eleve sua prepra\u00e7\u00e3o neste domingo (9)\"}]},{\"@type\":\"WebSite\",\"@id\":\"https:\/\/www.estrategiaconcursos.com.br\/blog\/#website\",\"url\":\"https:\/\/www.estrategiaconcursos.com.br\/blog\/\",\"name\":\"Estrat\u00e9gia Concursos\",\"description\":\"O blog da Estrat\u00e9gia Concursos traz not\u00edcias sobre concursos e artigos de professores oferecendo cursos para concursos (pdf + videaulas) no site.\",\"publisher\":{\"@id\":\"https:\/\/www.estrategiaconcursos.com.br\/blog\/#organization\"},\"potentialAction\":[{\"@type\":\"SearchAction\",\"target\":{\"@type\":\"EntryPoint\",\"urlTemplate\":\"https:\/\/www.estrategiaconcursos.com.br\/blog\/?s={search_term_string}\"},\"query-input\":{\"@type\":\"PropertyValueSpecification\",\"valueRequired\":true,\"valueName\":\"search_term_string\"}}],\"inLanguage\":\"pt-BR\"},{\"@type\":\"Organization\",\"@id\":\"https:\/\/www.estrategiaconcursos.com.br\/blog\/#organization\",\"name\":\"Estrat\u00e9gia Concursos\",\"url\":\"https:\/\/www.estrategiaconcursos.com.br\/blog\/\",\"logo\":{\"@type\":\"ImageObject\",\"inLanguage\":\"pt-BR\",\"@id\":\"https:\/\/www.estrategiaconcursos.com.br\/blog\/#\/schema\/logo\/image\/\",\"url\":\"https:\/\/dhg1h5j42swfq.cloudfront.net\/2025\/06\/03203428\/logo_concursos-1.jpg\",\"contentUrl\":\"https:\/\/dhg1h5j42swfq.cloudfront.net\/2025\/06\/03203428\/logo_concursos-1.jpg\",\"width\":230,\"height\":60,\"caption\":\"Estrat\u00e9gia Concursos\"},\"image\":{\"@id\":\"https:\/\/www.estrategiaconcursos.com.br\/blog\/#\/schema\/logo\/image\/\"},\"sameAs\":[\"https:\/\/x.com\/EstratConcursos\"]},{\"@type\":\"Person\",\"@id\":\"https:\/\/www.estrategiaconcursos.com.br\/blog\/#\/schema\/person\/602a4eaf2bed921c107675da3a65b0e0\",\"name\":\"Victor Shinichi Tanaka\",\"image\":{\"@type\":\"ImageObject\",\"inLanguage\":\"pt-BR\",\"@id\":\"https:\/\/secure.gravatar.com\/avatar\/3772723eea77b2e6a2231e357d6339c6c129c6fb65cda4d02d0f3ca700221333?s=96&d=mm&r=g\",\"url\":\"https:\/\/secure.gravatar.com\/avatar\/3772723eea77b2e6a2231e357d6339c6c129c6fb65cda4d02d0f3ca700221333?s=96&d=mm&r=g\",\"contentUrl\":\"https:\/\/secure.gravatar.com\/avatar\/3772723eea77b2e6a2231e357d6339c6c129c6fb65cda4d02d0f3ca700221333?s=96&d=mm&r=g\",\"caption\":\"Victor Shinichi Tanaka\"},\"url\":\"https:\/\/www.estrategiaconcursos.com.br\/blog\/author\/victorstanakagmail-com\/\"}]}<\/script>\n<!-- \/ Yoast SEO Premium plugin. -->","yoast_head_json":{"title":"Maratona Defensor da DPE PR: eleve sua prepra\u00e7\u00e3o neste domingo (9)","description":"Acompanhe a Maratona Defensor da DPE PR neste domingo e reforce sua prepara\u00e7\u00e3o para o certame. Saiba mais informa\u00e7\u00f5es neste artigo.","robots":{"index":"index","follow":"follow","max-snippet":"max-snippet:-1","max-image-preview":"max-image-preview:large","max-video-preview":"max-video-preview:-1"},"canonical":"https:\/\/www.estrategiaconcursos.com.br\/blog\/maratona-defensor-da-dpe-pr\/","og_locale":"pt_BR","og_type":"article","og_title":"Maratona Defensor da DPE PR: eleve sua prepra\u00e7\u00e3o neste domingo (9)","og_description":"Acompanhe a Maratona Defensor da DPE PR neste domingo e reforce sua prepara\u00e7\u00e3o para o certame. Saiba mais informa\u00e7\u00f5es neste artigo.","og_url":"https:\/\/www.estrategiaconcursos.com.br\/blog\/maratona-defensor-da-dpe-pr\/","og_site_name":"Estrat\u00e9gia Concursos","article_published_time":"2020-08-09T10:00:00+00:00","og_image":[{"width":1280,"height":720,"url":"https:\/\/dhg1h5j42swfq.cloudfront.net\/2020\/08\/08103940\/YTB-2.jpg","type":"image\/jpeg"}],"author":"Victor Shinichi Tanaka","twitter_card":"summary_large_image","twitter_creator":"@EstratConcursos","twitter_site":"@EstratConcursos","twitter_misc":{"Escrito por":"Victor Shinichi Tanaka","Est. tempo de leitura":"2 minutos"},"schema":{"@context":"https:\/\/schema.org","@graph":[{"@type":"NewsArticle","@id":"https:\/\/www.estrategiaconcursos.com.br\/blog\/maratona-defensor-da-dpe-pr\/#article","isPartOf":{"@id":"https:\/\/www.estrategiaconcursos.com.br\/blog\/maratona-defensor-da-dpe-pr\/"},"author":{"name":"Victor Shinichi Tanaka","@id":"https:\/\/www.estrategiaconcursos.com.br\/blog\/#\/schema\/person\/602a4eaf2bed921c107675da3a65b0e0"},"headline":"Maratona Defensor da DPE PR: eleve sua prepra\u00e7\u00e3o neste domingo (9)","datePublished":"2020-08-09T10:00:00+00:00","mainEntityOfPage":{"@id":"https:\/\/www.estrategiaconcursos.com.br\/blog\/maratona-defensor-da-dpe-pr\/"},"wordCount":388,"commentCount":0,"publisher":{"@id":"https:\/\/www.estrategiaconcursos.com.br\/blog\/#organization"},"image":{"@id":"https:\/\/www.estrategiaconcursos.com.br\/blog\/maratona-defensor-da-dpe-pr\/#primaryimage"},"thumbnailUrl":"https:\/\/dhg1h5j42swfq.cloudfront.net\/2020\/08\/08103940\/YTB-2.jpg","articleSection":["Concursos P\u00fablicos","Jur\u00eddico"],"inLanguage":"pt-BR","potentialAction":[{"@type":"CommentAction","name":"Comment","target":["https:\/\/www.estrategiaconcursos.com.br\/blog\/maratona-defensor-da-dpe-pr\/#respond"]}],"copyrightYear":"2020","copyrightHolder":{"@id":"https:\/\/www.estrategiaconcursos.com.br\/blog\/#organization"}},{"@type":"WebPage","@id":"https:\/\/www.estrategiaconcursos.com.br\/blog\/maratona-defensor-da-dpe-pr\/","url":"https:\/\/www.estrategiaconcursos.com.br\/blog\/maratona-defensor-da-dpe-pr\/","name":"Maratona Defensor da DPE PR: eleve sua prepra\u00e7\u00e3o neste domingo (9)","isPartOf":{"@id":"https:\/\/www.estrategiaconcursos.com.br\/blog\/#website"},"primaryImageOfPage":{"@id":"https:\/\/www.estrategiaconcursos.com.br\/blog\/maratona-defensor-da-dpe-pr\/#primaryimage"},"image":{"@id":"https:\/\/www.estrategiaconcursos.com.br\/blog\/maratona-defensor-da-dpe-pr\/#primaryimage"},"thumbnailUrl":"https:\/\/dhg1h5j42swfq.cloudfront.net\/2020\/08\/08103940\/YTB-2.jpg","datePublished":"2020-08-09T10:00:00+00:00","description":"Acompanhe a Maratona Defensor da DPE PR neste domingo e reforce sua prepara\u00e7\u00e3o para o certame. Saiba mais informa\u00e7\u00f5es neste artigo.","breadcrumb":{"@id":"https:\/\/www.estrategiaconcursos.com.br\/blog\/maratona-defensor-da-dpe-pr\/#breadcrumb"},"inLanguage":"pt-BR","potentialAction":[{"@type":"ReadAction","target":["https:\/\/www.estrategiaconcursos.com.br\/blog\/maratona-defensor-da-dpe-pr\/"]}]},{"@type":"ImageObject","inLanguage":"pt-BR","@id":"https:\/\/www.estrategiaconcursos.com.br\/blog\/maratona-defensor-da-dpe-pr\/#primaryimage","url":"https:\/\/dhg1h5j42swfq.cloudfront.net\/2020\/08\/08103940\/YTB-2.jpg","contentUrl":"https:\/\/dhg1h5j42swfq.cloudfront.net\/2020\/08\/08103940\/YTB-2.jpg","width":1280,"height":720,"caption":"DPE PR Defensor"},{"@type":"BreadcrumbList","@id":"https:\/\/www.estrategiaconcursos.com.br\/blog\/maratona-defensor-da-dpe-pr\/#breadcrumb","itemListElement":[{"@type":"ListItem","position":1,"name":"In\u00edcio","item":"https:\/\/www.estrategiaconcursos.com.br\/blog\/"},{"@type":"ListItem","position":2,"name":"Maratona Defensor da DPE PR: eleve sua prepra\u00e7\u00e3o neste domingo (9)"}]},{"@type":"WebSite","@id":"https:\/\/www.estrategiaconcursos.com.br\/blog\/#website","url":"https:\/\/www.estrategiaconcursos.com.br\/blog\/","name":"Estrat\u00e9gia Concursos","description":"O blog da Estrat\u00e9gia Concursos traz not\u00edcias sobre concursos e artigos de professores oferecendo cursos para concursos (pdf + videaulas) no site.","publisher":{"@id":"https:\/\/www.estrategiaconcursos.com.br\/blog\/#organization"},"potentialAction":[{"@type":"SearchAction","target":{"@type":"EntryPoint","urlTemplate":"https:\/\/www.estrategiaconcursos.com.br\/blog\/?s={search_term_string}"},"query-input":{"@type":"PropertyValueSpecification","valueRequired":true,"valueName":"search_term_string"}}],"inLanguage":"pt-BR"},{"@type":"Organization","@id":"https:\/\/www.estrategiaconcursos.com.br\/blog\/#organization","name":"Estrat\u00e9gia Concursos","url":"https:\/\/www.estrategiaconcursos.com.br\/blog\/","logo":{"@type":"ImageObject","inLanguage":"pt-BR","@id":"https:\/\/www.estrategiaconcursos.com.br\/blog\/#\/schema\/logo\/image\/","url":"https:\/\/dhg1h5j42swfq.cloudfront.net\/2025\/06\/03203428\/logo_concursos-1.jpg","contentUrl":"https:\/\/dhg1h5j42swfq.cloudfront.net\/2025\/06\/03203428\/logo_concursos-1.jpg","width":230,"height":60,"caption":"Estrat\u00e9gia Concursos"},"image":{"@id":"https:\/\/www.estrategiaconcursos.com.br\/blog\/#\/schema\/logo\/image\/"},"sameAs":["https:\/\/x.com\/EstratConcursos"]},{"@type":"Person","@id":"https:\/\/www.estrategiaconcursos.com.br\/blog\/#\/schema\/person\/602a4eaf2bed921c107675da3a65b0e0","name":"Victor Shinichi Tanaka","image":{"@type":"ImageObject","inLanguage":"pt-BR","@id":"https:\/\/secure.gravatar.com\/avatar\/3772723eea77b2e6a2231e357d6339c6c129c6fb65cda4d02d0f3ca700221333?s=96&d=mm&r=g","url":"https:\/\/secure.gravatar.com\/avatar\/3772723eea77b2e6a2231e357d6339c6c129c6fb65cda4d02d0f3ca700221333?s=96&d=mm&r=g","contentUrl":"https:\/\/secure.gravatar.com\/avatar\/3772723eea77b2e6a2231e357d6339c6c129c6fb65cda4d02d0f3ca700221333?s=96&d=mm&r=g","caption":"Victor Shinichi Tanaka"},"url":"https:\/\/www.estrategiaconcursos.com.br\/blog\/author\/victorstanakagmail-com\/"}]}},"_links":{"self":[{"href":"https:\/\/www.estrategiaconcursos.com.br\/blog\/wp-json\/wp\/v2\/posts\/552721","targetHints":{"allow":["GET"]}}],"collection":[{"href":"https:\/\/www.estrategiaconcursos.com.br\/blog\/wp-json\/wp\/v2\/posts"}],"about":[{"href":"https:\/\/www.estrategiaconcursos.com.br\/blog\/wp-json\/wp\/v2\/types\/post"}],"author":[{"embeddable":true,"href":"https:\/\/www.estrategiaconcursos.com.br\/blog\/wp-json\/wp\/v2\/users\/1276"}],"replies":[{"embeddable":true,"href":"https:\/\/www.estrategiaconcursos.com.br\/blog\/wp-json\/wp\/v2\/comments?post=552721"}],"version-history":[{"count":5,"href":"https:\/\/www.estrategiaconcursos.com.br\/blog\/wp-json\/wp\/v2\/posts\/552721\/revisions"}],"predecessor-version":[{"id":553094,"href":"https:\/\/www.estrategiaconcursos.com.br\/blog\/wp-json\/wp\/v2\/posts\/552721\/revisions\/553094"}],"wp:featuredmedia":[{"embeddable":true,"href":"https:\/\/www.estrategiaconcursos.com.br\/blog\/wp-json\/wp\/v2\/media\/553093"}],"wp:attachment":[{"href":"https:\/\/www.estrategiaconcursos.com.br\/blog\/wp-json\/wp\/v2\/media?parent=552721"}],"wp:term":[{"taxonomy":"category","embeddable":true,"href":"https:\/\/www.estrategiaconcursos.com.br\/blog\/wp-json\/wp\/v2\/categories?post=552721"},{"taxonomy":"post_tag","embeddable":true,"href":"https:\/\/www.estrategiaconcursos.com.br\/blog\/wp-json\/wp\/v2\/tags?post=552721"},{"taxonomy":"tax_estado","embeddable":true,"href":"https:\/\/www.estrategiaconcursos.com.br\/blog\/wp-json\/wp\/v2\/tax_estado?post=552721"}],"curies":[{"name":"wp","href":"https:\/\/api.w.org\/{rel}","templated":true}]}}