{"id":552616,"date":"2020-08-07T10:18:08","date_gmt":"2020-08-07T13:18:08","guid":{"rendered":"https:\/\/www.estrategiaconcursos.com.br\/blog\/?p=552616"},"modified":"2023-07-05T10:11:45","modified_gmt":"2023-07-05T13:11:45","slug":"processo-seletivo-ministerio-da-economia","status":"publish","type":"post","link":"https:\/\/www.estrategiaconcursos.com.br\/blog\/processo-seletivo-ministerio-da-economia\/","title":{"rendered":"Processo Seletivo Minist\u00e9rio da Economia: Cebraspe \u00e9 o organizador!"},"content":{"rendered":"\n<p>Foi publicada no Di\u00e1rio Oficial da Uni\u00e3o desta sexta-feira, 07 de agosto, a dispensa de licita\u00e7\u00e3o que define o <strong>Cebraspe <\/strong>como banca organizadora do processo seletivo do Minist\u00e9rio da Economia.<\/p>\n\n\n\n<p>O processo seletivo do Minist\u00e9rio da Economia vai contemplar <strong>350 vagas<\/strong>&nbsp;tempor\u00e1rias para profissionais da \u00e1rea de&nbsp;<strong>Tecnologia da Informa\u00e7\u00e3o<\/strong>. No caso, ser\u00e3o 50 vagas para cada uma das sete especialidades previstas.<\/p>\n\n\n\n<p>Agora, o pr\u00f3ximo passo ser\u00e1 oficializar a empresa Cebraspe atrav\u00e9s da assinatura do contrato. Ap\u00f3s essa etapa, ser\u00e1 necess\u00e1rio concluir a elabora\u00e7\u00e3o do edital, que deve ser publicado em <strong>at\u00e9 seis meses<\/strong>, ou seja, <strong>at\u00e9 janeiro de 2021<\/strong>.<\/p>\n\n\n\n<p>Vale ressaltar que o objetivo desta sele\u00e7\u00e3o \u00e9 refor\u00e7ar a m\u00e3o de obra tempor\u00e1ria nos projetos de Transforma\u00e7\u00e3o Digital de Servi\u00e7os P\u00fablicos. O tempo de contrato dos servidores ser\u00e1 de, no m\u00e1ximo, 4 anos.<\/p>\n\n\n\n<p>Confira abaixo o extrato de dispensa de licita\u00e7\u00e3o que define o Cebraspe como banca organizadora do processo seletivo:<\/p>\n\n\n\n<figure class=\"wp-block-image aligncenter size-large\"><img loading=\"lazy\" decoding=\"async\" width=\"697\" height=\"339\" src=\"https:\/\/dhg1h5j42swfq.cloudfront.net\/2020\/08\/07101432\/image-17-1.png\" alt=\"\" class=\"wp-image-552634\" srcset=\"https:\/\/dhg1h5j42swfq.cloudfront.net\/2020\/08\/07101432\/image-17-1.png 697w, https:\/\/dhg1h5j42swfq.cloudfront.net\/2020\/08\/07101432\/image-17-1-300x146.png 300w, https:\/\/dhg1h5j42swfq.cloudfront.net\/2020\/08\/07101432\/image-17-1-610x297.png 610w\" sizes=\"auto, (max-width: 697px) 100vw, 697px\" \/><\/figure>\n\n\n\n<p>Em 2015, ainda com nome de Minist\u00e9rio do Planejamento, Or\u00e7amento e Gest\u00e3o (MPOG), o \u00faltimo concurso ofertou 556 vagas. As oportunidades se distribu\u00edram entre cargos de n\u00edvel superior.<\/p>\n\n\n\n<p>A equipe de jornalismo do Estrat\u00e9gia Concursos segue acompanhando todos os detalhes referentes ao processo seletivo do Minist\u00e9rio da Economia. Fique atento ao nosso site e n\u00e3o perca nenhuma atualiza\u00e7\u00e3o!<\/p>\n\n\n\n<p class=\"has-text-align-center has-very-light-gray-background-color has-background\" style=\"font-size:clamp(14.642px, 0.915rem + ((1vw - 3.2px) * 0.721), 22px);px\"><strong>Saiba mais: <a rel=\"noreferrer noopener\" href=\"https:\/\/www.estrategiaconcursos.com.br\/blog\/concurso-ministerio-da-economia\/\" target=\"_blank\">concurso Minist\u00e9rio da Economia<\/a><\/strong><\/p>\n\n\n\n<hr class=\"wp-block-separator has-css-opacity\"\/>\n\n\n\n<p class=\"has-text-align-center has-medium-font-size\"><em><strong>Assinatura Anual Ilimitada*<\/strong><\/em><\/p>\n\n\n\n<p class=\"has-text-align-center\"><em>Prepare-se com o melhor material e com quem mais aprova em Concursos P\u00fablicos em todo o pa\u00eds. Assine agora a nossa Assinatura Anual e tenha acesso ilimitado* a todos os nossos cursos.<\/em><\/p>\n\n\n\n<p class=\"has-text-align-center has-light-green-cyan-background-color has-background\" style=\"font-size:clamp(14.642px, 0.915rem + ((1vw - 3.2px) * 0.721), 22px);px\"><strong>ASSINE AGORA<\/strong>&nbsp;\u2013&nbsp;<strong><a rel=\"noreferrer noopener\" href=\"https:\/\/www.estrategiaconcursos.com.br\/assinaturas\" target=\"_blank\">Assinatura Ilimitada<\/a><\/strong><\/p>\n\n\n\n<p class=\"has-text-align-center has-medium-font-size\"><strong><em><strong>Sistema de Quest\u00f5es<\/strong><\/em><\/strong><\/p>\n\n\n\n<p class=\"has-text-align-center\"><em>Estrat\u00e9gia Quest\u00f5es nasceu maior do que todos os concorrentes, com mais quest\u00f5es cadastradas e mais solu\u00e7\u00f5es por professores. Ent\u00e3o, confira e aproveite os descontos e b\u00f4nus imperd\u00edveis!<\/em><\/p>\n\n\n\n<p class=\"has-text-align-center has-vivid-green-cyan-background-color has-background\" style=\"font-size:clamp(14.642px, 0.915rem + ((1vw - 3.2px) * 0.721), 22px);px\"><strong>ASSINE AGORA \u2013&nbsp;<a href=\"https:\/\/questoes.estrategiaconcursos.com.br\/\" target=\"_blank\" rel=\"noreferrer noopener\">Sistema de Quest\u00f5es<\/a><\/strong><\/p>\n\n\n\n<p class=\"has-text-align-center has-medium-font-size\"><strong><em>Fique por dentro dos concursos abertos<\/em><\/strong><\/p>\n\n\n\n<p class=\"has-text-align-center has-pale-cyan-blue-background-color has-background\" style=\"font-size:clamp(14.642px, 0.915rem + ((1vw - 3.2px) * 0.721), 22px);px\"><a href=\"https:\/\/www.estrategiaconcursos.com.br\/blog\/concursos-abertos\/\" target=\"_blank\" rel=\"noreferrer noopener\"><strong>CONCURSOS ABERTOS<\/strong><\/a><\/p>\n","protected":false},"excerpt":{"rendered":"<p>Foi publicada no Di\u00e1rio Oficial da Uni\u00e3o desta sexta-feira, 07 de agosto, a dispensa de licita\u00e7\u00e3o que define o Cebraspe como banca organizadora do processo seletivo do Minist\u00e9rio da Economia. O processo seletivo do Minist\u00e9rio da Economia vai contemplar 350 vagas&nbsp;tempor\u00e1rias para profissionais da \u00e1rea de&nbsp;Tecnologia da Informa\u00e7\u00e3o. No caso, ser\u00e3o 50 vagas para cada [&hellip;]<\/p>\n","protected":false},"author":401,"featured_media":539848,"comment_status":"open","ping_status":"closed","sticky":false,"template":"","format":"standard","meta":{"post_tipo":"article","footnotes":""},"categories":[1],"tags":[],"tax_estado":[],"class_list":["post-552616","post","type-post","status-publish","format-standard","has-post-thumbnail","hentry","category-cursos-e-concursos"],"acf":[],"yoast_head":"<!-- This site is optimized with the Yoast SEO Premium plugin v27.2 (Yoast SEO v27.2) - https:\/\/yoast.com\/product\/yoast-seo-premium-wordpress\/ -->\n<title>Processo Seletivo Minist\u00e9rio da Economia: Cebraspe \u00e9 o organizador!<\/title>\n<meta name=\"description\" content=\"Processo Seletivo Minist\u00e9rio da Economia: Cebraspe \u00e9 definida como organizadora atrav\u00e9s de dispensa de licita\u00e7\u00e3o. Ser\u00e3o 350 vagas!\" \/>\n<meta name=\"robots\" content=\"index, follow, max-snippet:-1, max-image-preview:large, max-video-preview:-1\" \/>\n<link rel=\"canonical\" href=\"https:\/\/www.estrategiaconcursos.com.br\/blog\/processo-seletivo-ministerio-da-economia\/\" \/>\n<meta property=\"og:locale\" content=\"pt_BR\" \/>\n<meta property=\"og:type\" content=\"article\" \/>\n<meta property=\"og:title\" content=\"Processo Seletivo Minist\u00e9rio da Economia: Cebraspe \u00e9 o organizador!\" \/>\n<meta property=\"og:description\" content=\"Processo Seletivo Minist\u00e9rio da Economia: Cebraspe \u00e9 definida como organizadora atrav\u00e9s de dispensa de licita\u00e7\u00e3o. Ser\u00e3o 350 vagas!\" \/>\n<meta property=\"og:url\" content=\"https:\/\/www.estrategiaconcursos.com.br\/blog\/processo-seletivo-ministerio-da-economia\/\" \/>\n<meta property=\"og:site_name\" content=\"Estrat\u00e9gia Concursos\" \/>\n<meta property=\"article:published_time\" content=\"2020-08-07T13:18:08+00:00\" \/>\n<meta property=\"article:modified_time\" content=\"2023-07-05T13:11:45+00:00\" \/>\n<meta property=\"og:image\" content=\"https:\/\/dhg1h5j42swfq.cloudfront.net\/2020\/07\/09123053\/Minist%C3%A9rio_da_Economia.jpg\" \/>\n\t<meta property=\"og:image:width\" content=\"1200\" \/>\n\t<meta property=\"og:image:height\" content=\"628\" \/>\n\t<meta property=\"og:image:type\" content=\"image\/jpeg\" \/>\n<meta name=\"author\" content=\"Rubens Mauricio Corr\u00eaa\" \/>\n<meta name=\"twitter:card\" content=\"summary_large_image\" \/>\n<meta name=\"twitter:creator\" content=\"@EstratConcursos\" \/>\n<meta name=\"twitter:site\" content=\"@EstratConcursos\" \/>\n<meta name=\"twitter:label1\" content=\"Escrito por\" \/>\n\t<meta name=\"twitter:data1\" content=\"Rubens Mauricio Corr\u00eaa\" \/>\n\t<meta name=\"twitter:label2\" content=\"Est. tempo de leitura\" \/>\n\t<meta name=\"twitter:data2\" content=\"2 minutos\" \/>\n<script type=\"application\/ld+json\" class=\"yoast-schema-graph\">{\"@context\":\"https:\/\/schema.org\",\"@graph\":[{\"@type\":\"NewsArticle\",\"@id\":\"https:\/\/www.estrategiaconcursos.com.br\/blog\/processo-seletivo-ministerio-da-economia\/#article\",\"isPartOf\":{\"@id\":\"https:\/\/www.estrategiaconcursos.com.br\/blog\/processo-seletivo-ministerio-da-economia\/\"},\"author\":{\"name\":\"Rubens Mauricio Corr\u00eaa\",\"@id\":\"https:\/\/www.estrategiaconcursos.com.br\/blog\/#\/schema\/person\/9fac14a8bf47492d9fd98769d1481766\"},\"headline\":\"Processo Seletivo Minist\u00e9rio da Economia: Cebraspe \u00e9 o organizador!\",\"datePublished\":\"2020-08-07T13:18:08+00:00\",\"dateModified\":\"2023-07-05T13:11:45+00:00\",\"mainEntityOfPage\":{\"@id\":\"https:\/\/www.estrategiaconcursos.com.br\/blog\/processo-seletivo-ministerio-da-economia\/\"},\"wordCount\":347,\"commentCount\":0,\"publisher\":{\"@id\":\"https:\/\/www.estrategiaconcursos.com.br\/blog\/#organization\"},\"image\":{\"@id\":\"https:\/\/www.estrategiaconcursos.com.br\/blog\/processo-seletivo-ministerio-da-economia\/#primaryimage\"},\"thumbnailUrl\":\"https:\/\/dhg1h5j42swfq.cloudfront.net\/2020\/07\/09123053\/Minist%C3%A9rio_da_Economia.jpg\",\"articleSection\":[\"Concursos P\u00fablicos\"],\"inLanguage\":\"pt-BR\",\"potentialAction\":[{\"@type\":\"CommentAction\",\"name\":\"Comment\",\"target\":[\"https:\/\/www.estrategiaconcursos.com.br\/blog\/processo-seletivo-ministerio-da-economia\/#respond\"]}],\"copyrightYear\":\"2020\",\"copyrightHolder\":{\"@id\":\"https:\/\/www.estrategiaconcursos.com.br\/blog\/#organization\"}},{\"@type\":\"WebPage\",\"@id\":\"https:\/\/www.estrategiaconcursos.com.br\/blog\/processo-seletivo-ministerio-da-economia\/\",\"url\":\"https:\/\/www.estrategiaconcursos.com.br\/blog\/processo-seletivo-ministerio-da-economia\/\",\"name\":\"Processo Seletivo Minist\u00e9rio da Economia: Cebraspe \u00e9 o organizador!\",\"isPartOf\":{\"@id\":\"https:\/\/www.estrategiaconcursos.com.br\/blog\/#website\"},\"primaryImageOfPage\":{\"@id\":\"https:\/\/www.estrategiaconcursos.com.br\/blog\/processo-seletivo-ministerio-da-economia\/#primaryimage\"},\"image\":{\"@id\":\"https:\/\/www.estrategiaconcursos.com.br\/blog\/processo-seletivo-ministerio-da-economia\/#primaryimage\"},\"thumbnailUrl\":\"https:\/\/dhg1h5j42swfq.cloudfront.net\/2020\/07\/09123053\/Minist%C3%A9rio_da_Economia.jpg\",\"datePublished\":\"2020-08-07T13:18:08+00:00\",\"dateModified\":\"2023-07-05T13:11:45+00:00\",\"description\":\"Processo Seletivo Minist\u00e9rio da Economia: Cebraspe \u00e9 definida como organizadora atrav\u00e9s de dispensa de licita\u00e7\u00e3o. Ser\u00e3o 350 vagas!\",\"breadcrumb\":{\"@id\":\"https:\/\/www.estrategiaconcursos.com.br\/blog\/processo-seletivo-ministerio-da-economia\/#breadcrumb\"},\"inLanguage\":\"pt-BR\",\"potentialAction\":[{\"@type\":\"ReadAction\",\"target\":[\"https:\/\/www.estrategiaconcursos.com.br\/blog\/processo-seletivo-ministerio-da-economia\/\"]}]},{\"@type\":\"ImageObject\",\"inLanguage\":\"pt-BR\",\"@id\":\"https:\/\/www.estrategiaconcursos.com.br\/blog\/processo-seletivo-ministerio-da-economia\/#primaryimage\",\"url\":\"https:\/\/dhg1h5j42swfq.cloudfront.net\/2020\/07\/09123053\/Minist%C3%A9rio_da_Economia.jpg\",\"contentUrl\":\"https:\/\/dhg1h5j42swfq.cloudfront.net\/2020\/07\/09123053\/Minist%C3%A9rio_da_Economia.jpg\",\"width\":1200,\"height\":628,\"caption\":\"Minist\u00e9rio da Economia\"},{\"@type\":\"BreadcrumbList\",\"@id\":\"https:\/\/www.estrategiaconcursos.com.br\/blog\/processo-seletivo-ministerio-da-economia\/#breadcrumb\",\"itemListElement\":[{\"@type\":\"ListItem\",\"position\":1,\"name\":\"In\u00edcio\",\"item\":\"https:\/\/www.estrategiaconcursos.com.br\/blog\/\"},{\"@type\":\"ListItem\",\"position\":2,\"name\":\"Processo Seletivo Minist\u00e9rio da Economia: Cebraspe \u00e9 o organizador!\"}]},{\"@type\":\"WebSite\",\"@id\":\"https:\/\/www.estrategiaconcursos.com.br\/blog\/#website\",\"url\":\"https:\/\/www.estrategiaconcursos.com.br\/blog\/\",\"name\":\"Estrat\u00e9gia Concursos\",\"description\":\"O blog da Estrat\u00e9gia Concursos traz not\u00edcias sobre concursos e artigos de professores oferecendo cursos para concursos (pdf + videaulas) no site.\",\"publisher\":{\"@id\":\"https:\/\/www.estrategiaconcursos.com.br\/blog\/#organization\"},\"potentialAction\":[{\"@type\":\"SearchAction\",\"target\":{\"@type\":\"EntryPoint\",\"urlTemplate\":\"https:\/\/www.estrategiaconcursos.com.br\/blog\/?s={search_term_string}\"},\"query-input\":{\"@type\":\"PropertyValueSpecification\",\"valueRequired\":true,\"valueName\":\"search_term_string\"}}],\"inLanguage\":\"pt-BR\"},{\"@type\":\"Organization\",\"@id\":\"https:\/\/www.estrategiaconcursos.com.br\/blog\/#organization\",\"name\":\"Estrat\u00e9gia Concursos\",\"url\":\"https:\/\/www.estrategiaconcursos.com.br\/blog\/\",\"logo\":{\"@type\":\"ImageObject\",\"inLanguage\":\"pt-BR\",\"@id\":\"https:\/\/www.estrategiaconcursos.com.br\/blog\/#\/schema\/logo\/image\/\",\"url\":\"https:\/\/dhg1h5j42swfq.cloudfront.net\/2025\/06\/03203428\/logo_concursos-1.jpg\",\"contentUrl\":\"https:\/\/dhg1h5j42swfq.cloudfront.net\/2025\/06\/03203428\/logo_concursos-1.jpg\",\"width\":230,\"height\":60,\"caption\":\"Estrat\u00e9gia Concursos\"},\"image\":{\"@id\":\"https:\/\/www.estrategiaconcursos.com.br\/blog\/#\/schema\/logo\/image\/\"},\"sameAs\":[\"https:\/\/x.com\/EstratConcursos\"]},{\"@type\":\"Person\",\"@id\":\"https:\/\/www.estrategiaconcursos.com.br\/blog\/#\/schema\/person\/9fac14a8bf47492d9fd98769d1481766\",\"name\":\"Rubens Mauricio Corr\u00eaa\",\"image\":{\"@type\":\"ImageObject\",\"inLanguage\":\"pt-BR\",\"@id\":\"https:\/\/secure.gravatar.com\/avatar\/83a4c19cfd065707044bf9b66e1b81736430186d86e560356b352823fac7df9c?s=96&d=mm&r=g\",\"url\":\"https:\/\/secure.gravatar.com\/avatar\/83a4c19cfd065707044bf9b66e1b81736430186d86e560356b352823fac7df9c?s=96&d=mm&r=g\",\"contentUrl\":\"https:\/\/secure.gravatar.com\/avatar\/83a4c19cfd065707044bf9b66e1b81736430186d86e560356b352823fac7df9c?s=96&d=mm&r=g\",\"caption\":\"Rubens Mauricio Corr\u00eaa\"},\"url\":\"https:\/\/www.estrategiaconcursos.com.br\/blog\/author\/rubensmauricioestrategiaconcursos-com-br\/\"}]}<\/script>\n<!-- \/ Yoast SEO Premium plugin. -->","yoast_head_json":{"title":"Processo Seletivo Minist\u00e9rio da Economia: Cebraspe \u00e9 o organizador!","description":"Processo Seletivo Minist\u00e9rio da Economia: Cebraspe \u00e9 definida como organizadora atrav\u00e9s de dispensa de licita\u00e7\u00e3o. Ser\u00e3o 350 vagas!","robots":{"index":"index","follow":"follow","max-snippet":"max-snippet:-1","max-image-preview":"max-image-preview:large","max-video-preview":"max-video-preview:-1"},"canonical":"https:\/\/www.estrategiaconcursos.com.br\/blog\/processo-seletivo-ministerio-da-economia\/","og_locale":"pt_BR","og_type":"article","og_title":"Processo Seletivo Minist\u00e9rio da Economia: Cebraspe \u00e9 o organizador!","og_description":"Processo Seletivo Minist\u00e9rio da Economia: Cebraspe \u00e9 definida como organizadora atrav\u00e9s de dispensa de licita\u00e7\u00e3o. Ser\u00e3o 350 vagas!","og_url":"https:\/\/www.estrategiaconcursos.com.br\/blog\/processo-seletivo-ministerio-da-economia\/","og_site_name":"Estrat\u00e9gia Concursos","article_published_time":"2020-08-07T13:18:08+00:00","article_modified_time":"2023-07-05T13:11:45+00:00","og_image":[{"width":1200,"height":628,"url":"https:\/\/dhg1h5j42swfq.cloudfront.net\/2020\/07\/09123053\/Minist%C3%A9rio_da_Economia.jpg","type":"image\/jpeg"}],"author":"Rubens Mauricio Corr\u00eaa","twitter_card":"summary_large_image","twitter_creator":"@EstratConcursos","twitter_site":"@EstratConcursos","twitter_misc":{"Escrito por":"Rubens Mauricio Corr\u00eaa","Est. tempo de leitura":"2 minutos"},"schema":{"@context":"https:\/\/schema.org","@graph":[{"@type":"NewsArticle","@id":"https:\/\/www.estrategiaconcursos.com.br\/blog\/processo-seletivo-ministerio-da-economia\/#article","isPartOf":{"@id":"https:\/\/www.estrategiaconcursos.com.br\/blog\/processo-seletivo-ministerio-da-economia\/"},"author":{"name":"Rubens Mauricio Corr\u00eaa","@id":"https:\/\/www.estrategiaconcursos.com.br\/blog\/#\/schema\/person\/9fac14a8bf47492d9fd98769d1481766"},"headline":"Processo Seletivo Minist\u00e9rio da Economia: Cebraspe \u00e9 o organizador!","datePublished":"2020-08-07T13:18:08+00:00","dateModified":"2023-07-05T13:11:45+00:00","mainEntityOfPage":{"@id":"https:\/\/www.estrategiaconcursos.com.br\/blog\/processo-seletivo-ministerio-da-economia\/"},"wordCount":347,"commentCount":0,"publisher":{"@id":"https:\/\/www.estrategiaconcursos.com.br\/blog\/#organization"},"image":{"@id":"https:\/\/www.estrategiaconcursos.com.br\/blog\/processo-seletivo-ministerio-da-economia\/#primaryimage"},"thumbnailUrl":"https:\/\/dhg1h5j42swfq.cloudfront.net\/2020\/07\/09123053\/Minist%C3%A9rio_da_Economia.jpg","articleSection":["Concursos P\u00fablicos"],"inLanguage":"pt-BR","potentialAction":[{"@type":"CommentAction","name":"Comment","target":["https:\/\/www.estrategiaconcursos.com.br\/blog\/processo-seletivo-ministerio-da-economia\/#respond"]}],"copyrightYear":"2020","copyrightHolder":{"@id":"https:\/\/www.estrategiaconcursos.com.br\/blog\/#organization"}},{"@type":"WebPage","@id":"https:\/\/www.estrategiaconcursos.com.br\/blog\/processo-seletivo-ministerio-da-economia\/","url":"https:\/\/www.estrategiaconcursos.com.br\/blog\/processo-seletivo-ministerio-da-economia\/","name":"Processo Seletivo Minist\u00e9rio da Economia: Cebraspe \u00e9 o organizador!","isPartOf":{"@id":"https:\/\/www.estrategiaconcursos.com.br\/blog\/#website"},"primaryImageOfPage":{"@id":"https:\/\/www.estrategiaconcursos.com.br\/blog\/processo-seletivo-ministerio-da-economia\/#primaryimage"},"image":{"@id":"https:\/\/www.estrategiaconcursos.com.br\/blog\/processo-seletivo-ministerio-da-economia\/#primaryimage"},"thumbnailUrl":"https:\/\/dhg1h5j42swfq.cloudfront.net\/2020\/07\/09123053\/Minist%C3%A9rio_da_Economia.jpg","datePublished":"2020-08-07T13:18:08+00:00","dateModified":"2023-07-05T13:11:45+00:00","description":"Processo Seletivo Minist\u00e9rio da Economia: Cebraspe \u00e9 definida como organizadora atrav\u00e9s de dispensa de licita\u00e7\u00e3o. Ser\u00e3o 350 vagas!","breadcrumb":{"@id":"https:\/\/www.estrategiaconcursos.com.br\/blog\/processo-seletivo-ministerio-da-economia\/#breadcrumb"},"inLanguage":"pt-BR","potentialAction":[{"@type":"ReadAction","target":["https:\/\/www.estrategiaconcursos.com.br\/blog\/processo-seletivo-ministerio-da-economia\/"]}]},{"@type":"ImageObject","inLanguage":"pt-BR","@id":"https:\/\/www.estrategiaconcursos.com.br\/blog\/processo-seletivo-ministerio-da-economia\/#primaryimage","url":"https:\/\/dhg1h5j42swfq.cloudfront.net\/2020\/07\/09123053\/Minist%C3%A9rio_da_Economia.jpg","contentUrl":"https:\/\/dhg1h5j42swfq.cloudfront.net\/2020\/07\/09123053\/Minist%C3%A9rio_da_Economia.jpg","width":1200,"height":628,"caption":"Minist\u00e9rio da Economia"},{"@type":"BreadcrumbList","@id":"https:\/\/www.estrategiaconcursos.com.br\/blog\/processo-seletivo-ministerio-da-economia\/#breadcrumb","itemListElement":[{"@type":"ListItem","position":1,"name":"In\u00edcio","item":"https:\/\/www.estrategiaconcursos.com.br\/blog\/"},{"@type":"ListItem","position":2,"name":"Processo Seletivo Minist\u00e9rio da Economia: Cebraspe \u00e9 o organizador!"}]},{"@type":"WebSite","@id":"https:\/\/www.estrategiaconcursos.com.br\/blog\/#website","url":"https:\/\/www.estrategiaconcursos.com.br\/blog\/","name":"Estrat\u00e9gia Concursos","description":"O blog da Estrat\u00e9gia Concursos traz not\u00edcias sobre concursos e artigos de professores oferecendo cursos para concursos (pdf + videaulas) no site.","publisher":{"@id":"https:\/\/www.estrategiaconcursos.com.br\/blog\/#organization"},"potentialAction":[{"@type":"SearchAction","target":{"@type":"EntryPoint","urlTemplate":"https:\/\/www.estrategiaconcursos.com.br\/blog\/?s={search_term_string}"},"query-input":{"@type":"PropertyValueSpecification","valueRequired":true,"valueName":"search_term_string"}}],"inLanguage":"pt-BR"},{"@type":"Organization","@id":"https:\/\/www.estrategiaconcursos.com.br\/blog\/#organization","name":"Estrat\u00e9gia Concursos","url":"https:\/\/www.estrategiaconcursos.com.br\/blog\/","logo":{"@type":"ImageObject","inLanguage":"pt-BR","@id":"https:\/\/www.estrategiaconcursos.com.br\/blog\/#\/schema\/logo\/image\/","url":"https:\/\/dhg1h5j42swfq.cloudfront.net\/2025\/06\/03203428\/logo_concursos-1.jpg","contentUrl":"https:\/\/dhg1h5j42swfq.cloudfront.net\/2025\/06\/03203428\/logo_concursos-1.jpg","width":230,"height":60,"caption":"Estrat\u00e9gia Concursos"},"image":{"@id":"https:\/\/www.estrategiaconcursos.com.br\/blog\/#\/schema\/logo\/image\/"},"sameAs":["https:\/\/x.com\/EstratConcursos"]},{"@type":"Person","@id":"https:\/\/www.estrategiaconcursos.com.br\/blog\/#\/schema\/person\/9fac14a8bf47492d9fd98769d1481766","name":"Rubens Mauricio Corr\u00eaa","image":{"@type":"ImageObject","inLanguage":"pt-BR","@id":"https:\/\/secure.gravatar.com\/avatar\/83a4c19cfd065707044bf9b66e1b81736430186d86e560356b352823fac7df9c?s=96&d=mm&r=g","url":"https:\/\/secure.gravatar.com\/avatar\/83a4c19cfd065707044bf9b66e1b81736430186d86e560356b352823fac7df9c?s=96&d=mm&r=g","contentUrl":"https:\/\/secure.gravatar.com\/avatar\/83a4c19cfd065707044bf9b66e1b81736430186d86e560356b352823fac7df9c?s=96&d=mm&r=g","caption":"Rubens Mauricio Corr\u00eaa"},"url":"https:\/\/www.estrategiaconcursos.com.br\/blog\/author\/rubensmauricioestrategiaconcursos-com-br\/"}]}},"_links":{"self":[{"href":"https:\/\/www.estrategiaconcursos.com.br\/blog\/wp-json\/wp\/v2\/posts\/552616","targetHints":{"allow":["GET"]}}],"collection":[{"href":"https:\/\/www.estrategiaconcursos.com.br\/blog\/wp-json\/wp\/v2\/posts"}],"about":[{"href":"https:\/\/www.estrategiaconcursos.com.br\/blog\/wp-json\/wp\/v2\/types\/post"}],"author":[{"embeddable":true,"href":"https:\/\/www.estrategiaconcursos.com.br\/blog\/wp-json\/wp\/v2\/users\/401"}],"replies":[{"embeddable":true,"href":"https:\/\/www.estrategiaconcursos.com.br\/blog\/wp-json\/wp\/v2\/comments?post=552616"}],"version-history":[{"count":6,"href":"https:\/\/www.estrategiaconcursos.com.br\/blog\/wp-json\/wp\/v2\/posts\/552616\/revisions"}],"predecessor-version":[{"id":1243638,"href":"https:\/\/www.estrategiaconcursos.com.br\/blog\/wp-json\/wp\/v2\/posts\/552616\/revisions\/1243638"}],"wp:featuredmedia":[{"embeddable":true,"href":"https:\/\/www.estrategiaconcursos.com.br\/blog\/wp-json\/wp\/v2\/media\/539848"}],"wp:attachment":[{"href":"https:\/\/www.estrategiaconcursos.com.br\/blog\/wp-json\/wp\/v2\/media?parent=552616"}],"wp:term":[{"taxonomy":"category","embeddable":true,"href":"https:\/\/www.estrategiaconcursos.com.br\/blog\/wp-json\/wp\/v2\/categories?post=552616"},{"taxonomy":"post_tag","embeddable":true,"href":"https:\/\/www.estrategiaconcursos.com.br\/blog\/wp-json\/wp\/v2\/tags?post=552616"},{"taxonomy":"tax_estado","embeddable":true,"href":"https:\/\/www.estrategiaconcursos.com.br\/blog\/wp-json\/wp\/v2\/tax_estado?post=552616"}],"curies":[{"name":"wp","href":"https:\/\/api.w.org\/{rel}","templated":true}]}}