{"id":552142,"date":"2020-08-06T12:38:49","date_gmt":"2020-08-06T15:38:49","guid":{"rendered":"https:\/\/www.estrategiaconcursos.com.br\/blog\/?p=552142"},"modified":"2020-08-10T22:42:12","modified_gmt":"2020-08-11T01:42:12","slug":"stf-pos-graduacao-atividade-juridica","status":"publish","type":"post","link":"https:\/\/www.estrategiaconcursos.com.br\/blog\/stf-pos-graduacao-atividade-juridica\/","title":{"rendered":"STF decide que p\u00f3s-gradua\u00e7\u00e3o conta como atividade jur\u00eddica!"},"content":{"rendered":"\n<p>O Plen\u00e1rio do Supremo Tribunal Federal julgou improcedente a A\u00e7\u00e3o Direta de Inconstitucionalidade n.\u00ba 4219, proposta pelo Conselho Federal da Ordem dos Advogados do Brasil &#8211; CFOAB contestando a possibilidade de considera\u00e7\u00e3o de cursos de p\u00f3s-gradua\u00e7\u00e3o na \u00e1rea do Direito para a composi\u00e7\u00e3o do per\u00edodo de atividade jur\u00eddica, e validando tal possibilidade. <\/p>\n\n\n\n<p>Na a\u00e7\u00e3o, o CFOAB contestou o art. 3\u00ba da <a rel=\"noreferrer noopener\" href=\"http:\/\/www.stf.jus.br\/imprensa\/pdf\/resolucao11.pdf\" target=\"_blank\">Resolu\u00e7\u00e3o 11\/2006, do Conselho Nacional de Justi\u00e7a,<\/a> e o par\u00e1grafo \u00fanico do art. 1\u00ba da Resolu\u00e7\u00e3o 29\/2008 &#8211; j\u00e1 revogado e substitu\u00eddo pelo artigo 2\u00ba da <a rel=\"noreferrer noopener\" href=\"https:\/\/www.cnmp.mp.br\/portal\/images\/Resolucoes\/Resoluo-0401.pdf\" target=\"_blank\">Resolu\u00e7\u00e3o 40\/2009 do Conselho Nacional do Minist\u00e9rio P\u00fablico<\/a>, com mesmo teor -, que autorizam utiliza\u00e7\u00e3o de cursos de p\u00f3s-gradua\u00e7\u00e3o jur\u00eddica como atividade jur\u00eddica, na forma como \u00e9 exigida pelos artigos. 93, I, e 129, \u00a73\u00ba da&nbsp;Constitui\u00e7\u00e3o Federal. <\/p>\n\n\n\n<h2 class=\"wp-block-heading\">Natureza dos cursos de p\u00f3s-gradua\u00e7\u00e3o<\/h2>\n\n\n\n<p>Por maioria, o colegiado do Supremo entendeu que, o Conselho Nacional do Minist\u00e9rio P\u00fablico, em sua atividade regulamentadora, tem a liberdade de estender o comando constitucional de&nbsp;exig\u00eancia de atividade jur\u00eddica com cursos de p\u00f3s-gradua\u00e7\u00e3o.<\/p>\n\n\n\n<p>A relatora do caso, ministra C\u00e1rmen L\u00facia,&nbsp;<a href=\"https:\/\/dhg1h5j42swfq.cloudfront.net\/2020\/08\/06123555\/Carmen-Lucia.pdf\" target=\"_blank\" rel=\"noreferrer noopener\">votou<\/a>&nbsp;por n\u00e3o permitir que os cursos fossem computados como atividade jur\u00eddica. <\/p>\n\n\n\n<p>Contudo, a maioria dos ministros acompanhou a <a href=\"https:\/\/dhg1h5j42swfq.cloudfront.net\/2020\/08\/06123609\/edson-fachin.pdf\" target=\"_blank\" rel=\"noreferrer noopener\">diverg\u00eancia do ministro Edson Fachin<\/a>, que apontou em seu voto a indica\u00e7\u00e3o evidente de que o estudo te\u00f3rico e a pr\u00e1tica devem ser conduzidos de forma indissoci\u00e1vel, sem que exista, entre eles, uma rela\u00e7\u00e3o de hierarquia.<\/p>\n\n\n\n<p>Segundo o ministro, a pr\u00f3pria natureza dos cursos de p\u00f3s-gradua\u00e7\u00e3o pressup\u00f5e que o candidato que o conclui com o sucesso tenha adquirido um conhecimento que extrapola os limites curriculares da gradua\u00e7\u00e3o em Direito, n\u00e3o implicando a sua utiliza\u00e7\u00e3o uma viola\u00e7\u00e3o da isonomia dos concursos p\u00fablicos, como apontado pela ministra.<\/p>\n\n\n\n<p>Assim, acompanharam a diverg\u00eancia de Edson Fachin os ministros Alexandre de Moraes, Luiz Fux, Lu\u00eds Roberto Barroso, Dias Toffoli e Celso de Mello. <\/p>\n\n\n\n<p>A quest\u00e3o da utiliza\u00e7\u00e3o de cursos de p\u00f3s-gradua\u00e7\u00e3o na modalidade especializa\u00e7\u00e3o gera pol\u00eamica desde o in\u00edcio da determina\u00e7\u00e3o constitucional de sua exig\u00eancia em concursos de carreiras jur\u00eddicas, levando os \u00f3rg\u00e3os a alterarem reiteradamente seus editais e n\u00e3o padronizarem entendimentos. <\/p>\n\n\n\n<p>O novo entendimento, inclusive, impacta o disposto na <a rel=\"noreferrer noopener\" href=\"https:\/\/atos.cnj.jus.br\/files\/resolucao_comp_75_12052009_29032019151033.pdf\" target=\"_blank\">Resolu\u00e7\u00e3o n.\u00ba 75\/2009 do pr\u00f3prio Conselho Nacional de Justi\u00e7a<\/a> que, em seu artigo 90 revogou a Resolu\u00e7\u00e3o n.\u00ba 11\/2006 do \u00f3rg\u00e3o, notadamente no que dizia respeito ao c\u00f4mputo de atividade jur\u00eddica decorrente da conclus\u00e3o,<br \/>com frequ\u00eancia e aproveitamento, de curso de p\u00f3s-gradua\u00e7\u00e3o. <\/p>\n\n\n\n<p>A Resolu\u00e7\u00e3o passou a valer a partir de sua publica\u00e7\u00e3o, de maneira que os candidatos a concursos que ocorreram anteriormente \u00e0 sua entrada em vigor (entre 2006 e 2009) poderiam usar seus cursos de p\u00f3s-gradua\u00e7\u00e3o no c\u00f4mputo de atividade jur\u00eddica.  <\/p>\n\n\n\n<p class=\"has-background has-text-align-center has-medium-font-size has-very-light-gray-background-color\">Confira aqui o inteiro teor da <a rel=\"noreferrer noopener\" href=\"http:\/\/portal.stf.jus.br\/processos\/detalhe.asp?incidente=2667736\" target=\"_blank\">ADI 4219<\/a><\/p>\n\n\n\n<h2 class=\"has-text-align-center wp-block-heading\" id=\"cursos-ficha\">Quer estudar para o concursos jur\u00eddicos?<\/h2>\n\n\n\n<p style=\"font-size:25px\" class=\"has-background has-text-align-center has-light-green-cyan-background-color\"><strong><a rel=\"noreferrer noopener\" href=\"https:\/\/www.estrategiaconcursos.com.br\/cursosPorConcurso\/carreira-juridica-regular\/\" target=\"_blank\">CURSOS CONCURSOS<\/a><\/strong><\/p>\n\n\n\n<p class=\"has-text-align-center has-medium-font-size\"><em><strong>Fique por dentro de todos os concursos<\/strong><\/em>:<\/p>\n\n\n\n<p style=\"font-size:24px\" class=\"has-background has-text-align-center has-pale-cyan-blue-background-color\"><strong><a href=\"https:\/\/www.estrategiaconcursos.com.br\/blog\/concursos-abertos\/\" target=\"_blank\" rel=\"noreferrer noopener\" aria-label=\"Concursos abertos (abre numa nova aba)\">Concursos abertos<\/a><\/strong><\/p>\n\n\n\n<p style=\"font-size:23px\" class=\"has-background has-text-align-center has-pale-cyan-blue-background-color\"><a rel=\"noreferrer noopener\" aria-label=\"Concursos 2020 (abre numa nova aba)\" href=\"https:\/\/www.estrategiaconcursos.com.br\/blog\/concursos-2020\/\" target=\"_blank\"><strong>Concursos 2020<\/strong><\/a><\/p>\n\n\n\n<p style=\"font-size:22px\" class=\"has-background has-text-align-center has-pale-cyan-blue-background-color\"><a rel=\"noreferrer noopener\" href=\"https:\/\/www.estrategiaconcursos.com.br\/blog\/concursos-2021\/\" target=\"_blank\"><strong>Concursos 2021<\/strong><\/a><\/p>\n\n\n\n<p style=\"font-size:23px\" class=\"has-background has-text-align-center has-pale-cyan-blue-background-color\"><strong><a href=\"https:\/\/www.estrategiaconcursos.com.br\/blog\/concursos-de-direito\/\" target=\"_blank\" rel=\"noreferrer noopener\" aria-label=\"Concursos de Direito (abre numa nova aba)\">Concursos de Direito<\/a><\/strong><\/p>\n","protected":false},"excerpt":{"rendered":"<p>O Plen\u00e1rio do Supremo Tribunal Federal julgou improcedente a A\u00e7\u00e3o Direta de Inconstitucionalidade n.\u00ba 4219, proposta pelo Conselho Federal da Ordem dos Advogados do Brasil &#8211; CFOAB contestando a possibilidade de considera\u00e7\u00e3o de cursos de p\u00f3s-gradua\u00e7\u00e3o na \u00e1rea do Direito para a composi\u00e7\u00e3o do per\u00edodo de atividade jur\u00eddica, e validando tal possibilidade. Na a\u00e7\u00e3o, o [&hellip;]<\/p>\n","protected":false},"author":180,"featured_media":552161,"comment_status":"open","ping_status":"closed","sticky":false,"template":"","format":"standard","meta":{"post_tipo":"article","footnotes":""},"categories":[1,2185],"tags":[],"tax_estado":[],"class_list":["post-552142","post","type-post","status-publish","format-standard","has-post-thumbnail","hentry","category-cursos-e-concursos","category-carreiras-juridicas"],"acf":[],"yoast_head":"<!-- This site is optimized with the Yoast SEO Premium plugin v27.2 (Yoast SEO v27.2) - https:\/\/yoast.com\/product\/yoast-seo-premium-wordpress\/ -->\n<title>STF decide que p\u00f3s-gradua\u00e7\u00e3o conta como atividade jur\u00eddica!<\/title>\n<meta name=\"description\" content=\"O Plen\u00e1rio do STF decidiu que os cursos de p\u00f3s-gradua\u00e7\u00e3o podem ser contabilizados como tempo de atividade jur\u00eddica nos concursos de carreira. Entenda!\" \/>\n<meta name=\"robots\" content=\"index, follow, max-snippet:-1, max-image-preview:large, max-video-preview:-1\" \/>\n<link rel=\"canonical\" href=\"https:\/\/www.estrategiaconcursos.com.br\/blog\/stf-pos-graduacao-atividade-juridica\/\" \/>\n<meta property=\"og:locale\" content=\"pt_BR\" \/>\n<meta property=\"og:type\" content=\"article\" \/>\n<meta property=\"og:title\" content=\"STF decide que p\u00f3s-gradua\u00e7\u00e3o conta como atividade jur\u00eddica!\" \/>\n<meta property=\"og:description\" content=\"O Plen\u00e1rio do STF decidiu que os cursos de p\u00f3s-gradua\u00e7\u00e3o podem ser contabilizados como tempo de atividade jur\u00eddica nos concursos de carreira. Entenda!\" \/>\n<meta property=\"og:url\" content=\"https:\/\/www.estrategiaconcursos.com.br\/blog\/stf-pos-graduacao-atividade-juridica\/\" \/>\n<meta property=\"og:site_name\" content=\"Estrat\u00e9gia Concursos\" \/>\n<meta property=\"article:author\" content=\"https:\/\/www.facebook.com\/ricardo.s.torques\" \/>\n<meta property=\"article:published_time\" content=\"2020-08-06T15:38:49+00:00\" \/>\n<meta property=\"article:modified_time\" content=\"2020-08-11T01:42:12+00:00\" \/>\n<meta property=\"og:image\" content=\"https:\/\/dhg1h5j42swfq.cloudfront.net\/2020\/08\/06121309\/stf-1.jpg\" \/>\n\t<meta property=\"og:image:width\" content=\"680\" \/>\n\t<meta property=\"og:image:height\" content=\"453\" \/>\n\t<meta property=\"og:image:type\" content=\"image\/jpeg\" \/>\n<meta name=\"author\" content=\"Ricardo Torques\" \/>\n<meta name=\"twitter:card\" content=\"summary_large_image\" \/>\n<meta name=\"twitter:creator\" content=\"@EstratConcursos\" \/>\n<meta name=\"twitter:site\" content=\"@EstratConcursos\" \/>\n<meta name=\"twitter:label1\" content=\"Escrito por\" \/>\n\t<meta name=\"twitter:data1\" content=\"Ricardo Torques\" \/>\n\t<meta name=\"twitter:label2\" content=\"Est. tempo de leitura\" \/>\n\t<meta name=\"twitter:data2\" content=\"3 minutos\" \/>\n<script type=\"application\/ld+json\" class=\"yoast-schema-graph\">{\"@context\":\"https:\/\/schema.org\",\"@graph\":[{\"@type\":\"NewsArticle\",\"@id\":\"https:\/\/www.estrategiaconcursos.com.br\/blog\/stf-pos-graduacao-atividade-juridica\/#article\",\"isPartOf\":{\"@id\":\"https:\/\/www.estrategiaconcursos.com.br\/blog\/stf-pos-graduacao-atividade-juridica\/\"},\"author\":{\"name\":\"Ricardo Torques\",\"@id\":\"https:\/\/www.estrategiaconcursos.com.br\/blog\/#\/schema\/person\/aa39cf5ddb518e5bdce27c35788405e2\"},\"headline\":\"STF decide que p\u00f3s-gradua\u00e7\u00e3o conta como atividade jur\u00eddica!\",\"datePublished\":\"2020-08-06T15:38:49+00:00\",\"dateModified\":\"2020-08-11T01:42:12+00:00\",\"mainEntityOfPage\":{\"@id\":\"https:\/\/www.estrategiaconcursos.com.br\/blog\/stf-pos-graduacao-atividade-juridica\/\"},\"wordCount\":537,\"commentCount\":0,\"publisher\":{\"@id\":\"https:\/\/www.estrategiaconcursos.com.br\/blog\/#organization\"},\"image\":{\"@id\":\"https:\/\/www.estrategiaconcursos.com.br\/blog\/stf-pos-graduacao-atividade-juridica\/#primaryimage\"},\"thumbnailUrl\":\"https:\/\/dhg1h5j42swfq.cloudfront.net\/2020\/08\/06121309\/stf-1.jpg\",\"articleSection\":[\"Concursos P\u00fablicos\",\"Jur\u00eddico\"],\"inLanguage\":\"pt-BR\",\"potentialAction\":[{\"@type\":\"CommentAction\",\"name\":\"Comment\",\"target\":[\"https:\/\/www.estrategiaconcursos.com.br\/blog\/stf-pos-graduacao-atividade-juridica\/#respond\"]}],\"copyrightYear\":\"2020\",\"copyrightHolder\":{\"@id\":\"https:\/\/www.estrategiaconcursos.com.br\/blog\/#organization\"}},{\"@type\":\"WebPage\",\"@id\":\"https:\/\/www.estrategiaconcursos.com.br\/blog\/stf-pos-graduacao-atividade-juridica\/\",\"url\":\"https:\/\/www.estrategiaconcursos.com.br\/blog\/stf-pos-graduacao-atividade-juridica\/\",\"name\":\"STF decide que p\u00f3s-gradua\u00e7\u00e3o conta como atividade jur\u00eddica!\",\"isPartOf\":{\"@id\":\"https:\/\/www.estrategiaconcursos.com.br\/blog\/#website\"},\"primaryImageOfPage\":{\"@id\":\"https:\/\/www.estrategiaconcursos.com.br\/blog\/stf-pos-graduacao-atividade-juridica\/#primaryimage\"},\"image\":{\"@id\":\"https:\/\/www.estrategiaconcursos.com.br\/blog\/stf-pos-graduacao-atividade-juridica\/#primaryimage\"},\"thumbnailUrl\":\"https:\/\/dhg1h5j42swfq.cloudfront.net\/2020\/08\/06121309\/stf-1.jpg\",\"datePublished\":\"2020-08-06T15:38:49+00:00\",\"dateModified\":\"2020-08-11T01:42:12+00:00\",\"description\":\"O Plen\u00e1rio do STF decidiu que os cursos de p\u00f3s-gradua\u00e7\u00e3o podem ser contabilizados como tempo de atividade jur\u00eddica nos concursos de carreira. Entenda!\",\"breadcrumb\":{\"@id\":\"https:\/\/www.estrategiaconcursos.com.br\/blog\/stf-pos-graduacao-atividade-juridica\/#breadcrumb\"},\"inLanguage\":\"pt-BR\",\"potentialAction\":[{\"@type\":\"ReadAction\",\"target\":[\"https:\/\/www.estrategiaconcursos.com.br\/blog\/stf-pos-graduacao-atividade-juridica\/\"]}]},{\"@type\":\"ImageObject\",\"inLanguage\":\"pt-BR\",\"@id\":\"https:\/\/www.estrategiaconcursos.com.br\/blog\/stf-pos-graduacao-atividade-juridica\/#primaryimage\",\"url\":\"https:\/\/dhg1h5j42swfq.cloudfront.net\/2020\/08\/06121309\/stf-1.jpg\",\"contentUrl\":\"https:\/\/dhg1h5j42swfq.cloudfront.net\/2020\/08\/06121309\/stf-1.jpg\",\"width\":680,\"height\":453,\"caption\":\"P\u00f3s-gradua\u00e7\u00e3o\"},{\"@type\":\"BreadcrumbList\",\"@id\":\"https:\/\/www.estrategiaconcursos.com.br\/blog\/stf-pos-graduacao-atividade-juridica\/#breadcrumb\",\"itemListElement\":[{\"@type\":\"ListItem\",\"position\":1,\"name\":\"In\u00edcio\",\"item\":\"https:\/\/www.estrategiaconcursos.com.br\/blog\/\"},{\"@type\":\"ListItem\",\"position\":2,\"name\":\"STF decide que p\u00f3s-gradua\u00e7\u00e3o conta como atividade jur\u00eddica!\"}]},{\"@type\":\"WebSite\",\"@id\":\"https:\/\/www.estrategiaconcursos.com.br\/blog\/#website\",\"url\":\"https:\/\/www.estrategiaconcursos.com.br\/blog\/\",\"name\":\"Estrat\u00e9gia Concursos\",\"description\":\"O blog da Estrat\u00e9gia Concursos traz not\u00edcias sobre concursos e artigos de professores oferecendo cursos para concursos (pdf + videaulas) no site.\",\"publisher\":{\"@id\":\"https:\/\/www.estrategiaconcursos.com.br\/blog\/#organization\"},\"potentialAction\":[{\"@type\":\"SearchAction\",\"target\":{\"@type\":\"EntryPoint\",\"urlTemplate\":\"https:\/\/www.estrategiaconcursos.com.br\/blog\/?s={search_term_string}\"},\"query-input\":{\"@type\":\"PropertyValueSpecification\",\"valueRequired\":true,\"valueName\":\"search_term_string\"}}],\"inLanguage\":\"pt-BR\"},{\"@type\":\"Organization\",\"@id\":\"https:\/\/www.estrategiaconcursos.com.br\/blog\/#organization\",\"name\":\"Estrat\u00e9gia Concursos\",\"url\":\"https:\/\/www.estrategiaconcursos.com.br\/blog\/\",\"logo\":{\"@type\":\"ImageObject\",\"inLanguage\":\"pt-BR\",\"@id\":\"https:\/\/www.estrategiaconcursos.com.br\/blog\/#\/schema\/logo\/image\/\",\"url\":\"https:\/\/dhg1h5j42swfq.cloudfront.net\/2025\/06\/03203428\/logo_concursos-1.jpg\",\"contentUrl\":\"https:\/\/dhg1h5j42swfq.cloudfront.net\/2025\/06\/03203428\/logo_concursos-1.jpg\",\"width\":230,\"height\":60,\"caption\":\"Estrat\u00e9gia Concursos\"},\"image\":{\"@id\":\"https:\/\/www.estrategiaconcursos.com.br\/blog\/#\/schema\/logo\/image\/\"},\"sameAs\":[\"https:\/\/x.com\/EstratConcursos\"]},{\"@type\":\"Person\",\"@id\":\"https:\/\/www.estrategiaconcursos.com.br\/blog\/#\/schema\/person\/aa39cf5ddb518e5bdce27c35788405e2\",\"name\":\"Ricardo Torques\",\"image\":{\"@type\":\"ImageObject\",\"inLanguage\":\"pt-BR\",\"@id\":\"https:\/\/secure.gravatar.com\/avatar\/ce9ac6c3cff25fe86d15ed568ebc64d1724baf5c0693133bcb1f6073f712f92a?s=96&d=mm&r=g\",\"url\":\"https:\/\/secure.gravatar.com\/avatar\/ce9ac6c3cff25fe86d15ed568ebc64d1724baf5c0693133bcb1f6073f712f92a?s=96&d=mm&r=g\",\"contentUrl\":\"https:\/\/secure.gravatar.com\/avatar\/ce9ac6c3cff25fe86d15ed568ebc64d1724baf5c0693133bcb1f6073f712f92a?s=96&d=mm&r=g\",\"caption\":\"Ricardo Torques\"},\"sameAs\":[\"https:\/\/www.facebook.com\/ricardo.s.torques\"],\"url\":\"https:\/\/www.estrategiaconcursos.com.br\/blog\/author\/ricardotorquesestrategiaconcursos-com-br\/\"}]}<\/script>\n<!-- \/ Yoast SEO Premium plugin. -->","yoast_head_json":{"title":"STF decide que p\u00f3s-gradua\u00e7\u00e3o conta como atividade jur\u00eddica!","description":"O Plen\u00e1rio do STF decidiu que os cursos de p\u00f3s-gradua\u00e7\u00e3o podem ser contabilizados como tempo de atividade jur\u00eddica nos concursos de carreira. Entenda!","robots":{"index":"index","follow":"follow","max-snippet":"max-snippet:-1","max-image-preview":"max-image-preview:large","max-video-preview":"max-video-preview:-1"},"canonical":"https:\/\/www.estrategiaconcursos.com.br\/blog\/stf-pos-graduacao-atividade-juridica\/","og_locale":"pt_BR","og_type":"article","og_title":"STF decide que p\u00f3s-gradua\u00e7\u00e3o conta como atividade jur\u00eddica!","og_description":"O Plen\u00e1rio do STF decidiu que os cursos de p\u00f3s-gradua\u00e7\u00e3o podem ser contabilizados como tempo de atividade jur\u00eddica nos concursos de carreira. Entenda!","og_url":"https:\/\/www.estrategiaconcursos.com.br\/blog\/stf-pos-graduacao-atividade-juridica\/","og_site_name":"Estrat\u00e9gia Concursos","article_author":"https:\/\/www.facebook.com\/ricardo.s.torques","article_published_time":"2020-08-06T15:38:49+00:00","article_modified_time":"2020-08-11T01:42:12+00:00","og_image":[{"width":680,"height":453,"url":"https:\/\/dhg1h5j42swfq.cloudfront.net\/2020\/08\/06121309\/stf-1.jpg","type":"image\/jpeg"}],"author":"Ricardo Torques","twitter_card":"summary_large_image","twitter_creator":"@EstratConcursos","twitter_site":"@EstratConcursos","twitter_misc":{"Escrito por":"Ricardo Torques","Est. tempo de leitura":"3 minutos"},"schema":{"@context":"https:\/\/schema.org","@graph":[{"@type":"NewsArticle","@id":"https:\/\/www.estrategiaconcursos.com.br\/blog\/stf-pos-graduacao-atividade-juridica\/#article","isPartOf":{"@id":"https:\/\/www.estrategiaconcursos.com.br\/blog\/stf-pos-graduacao-atividade-juridica\/"},"author":{"name":"Ricardo Torques","@id":"https:\/\/www.estrategiaconcursos.com.br\/blog\/#\/schema\/person\/aa39cf5ddb518e5bdce27c35788405e2"},"headline":"STF decide que p\u00f3s-gradua\u00e7\u00e3o conta como atividade jur\u00eddica!","datePublished":"2020-08-06T15:38:49+00:00","dateModified":"2020-08-11T01:42:12+00:00","mainEntityOfPage":{"@id":"https:\/\/www.estrategiaconcursos.com.br\/blog\/stf-pos-graduacao-atividade-juridica\/"},"wordCount":537,"commentCount":0,"publisher":{"@id":"https:\/\/www.estrategiaconcursos.com.br\/blog\/#organization"},"image":{"@id":"https:\/\/www.estrategiaconcursos.com.br\/blog\/stf-pos-graduacao-atividade-juridica\/#primaryimage"},"thumbnailUrl":"https:\/\/dhg1h5j42swfq.cloudfront.net\/2020\/08\/06121309\/stf-1.jpg","articleSection":["Concursos P\u00fablicos","Jur\u00eddico"],"inLanguage":"pt-BR","potentialAction":[{"@type":"CommentAction","name":"Comment","target":["https:\/\/www.estrategiaconcursos.com.br\/blog\/stf-pos-graduacao-atividade-juridica\/#respond"]}],"copyrightYear":"2020","copyrightHolder":{"@id":"https:\/\/www.estrategiaconcursos.com.br\/blog\/#organization"}},{"@type":"WebPage","@id":"https:\/\/www.estrategiaconcursos.com.br\/blog\/stf-pos-graduacao-atividade-juridica\/","url":"https:\/\/www.estrategiaconcursos.com.br\/blog\/stf-pos-graduacao-atividade-juridica\/","name":"STF decide que p\u00f3s-gradua\u00e7\u00e3o conta como atividade jur\u00eddica!","isPartOf":{"@id":"https:\/\/www.estrategiaconcursos.com.br\/blog\/#website"},"primaryImageOfPage":{"@id":"https:\/\/www.estrategiaconcursos.com.br\/blog\/stf-pos-graduacao-atividade-juridica\/#primaryimage"},"image":{"@id":"https:\/\/www.estrategiaconcursos.com.br\/blog\/stf-pos-graduacao-atividade-juridica\/#primaryimage"},"thumbnailUrl":"https:\/\/dhg1h5j42swfq.cloudfront.net\/2020\/08\/06121309\/stf-1.jpg","datePublished":"2020-08-06T15:38:49+00:00","dateModified":"2020-08-11T01:42:12+00:00","description":"O Plen\u00e1rio do STF decidiu que os cursos de p\u00f3s-gradua\u00e7\u00e3o podem ser contabilizados como tempo de atividade jur\u00eddica nos concursos de carreira. Entenda!","breadcrumb":{"@id":"https:\/\/www.estrategiaconcursos.com.br\/blog\/stf-pos-graduacao-atividade-juridica\/#breadcrumb"},"inLanguage":"pt-BR","potentialAction":[{"@type":"ReadAction","target":["https:\/\/www.estrategiaconcursos.com.br\/blog\/stf-pos-graduacao-atividade-juridica\/"]}]},{"@type":"ImageObject","inLanguage":"pt-BR","@id":"https:\/\/www.estrategiaconcursos.com.br\/blog\/stf-pos-graduacao-atividade-juridica\/#primaryimage","url":"https:\/\/dhg1h5j42swfq.cloudfront.net\/2020\/08\/06121309\/stf-1.jpg","contentUrl":"https:\/\/dhg1h5j42swfq.cloudfront.net\/2020\/08\/06121309\/stf-1.jpg","width":680,"height":453,"caption":"P\u00f3s-gradua\u00e7\u00e3o"},{"@type":"BreadcrumbList","@id":"https:\/\/www.estrategiaconcursos.com.br\/blog\/stf-pos-graduacao-atividade-juridica\/#breadcrumb","itemListElement":[{"@type":"ListItem","position":1,"name":"In\u00edcio","item":"https:\/\/www.estrategiaconcursos.com.br\/blog\/"},{"@type":"ListItem","position":2,"name":"STF decide que p\u00f3s-gradua\u00e7\u00e3o conta como atividade jur\u00eddica!"}]},{"@type":"WebSite","@id":"https:\/\/www.estrategiaconcursos.com.br\/blog\/#website","url":"https:\/\/www.estrategiaconcursos.com.br\/blog\/","name":"Estrat\u00e9gia Concursos","description":"O blog da Estrat\u00e9gia Concursos traz not\u00edcias sobre concursos e artigos de professores oferecendo cursos para concursos (pdf + videaulas) no site.","publisher":{"@id":"https:\/\/www.estrategiaconcursos.com.br\/blog\/#organization"},"potentialAction":[{"@type":"SearchAction","target":{"@type":"EntryPoint","urlTemplate":"https:\/\/www.estrategiaconcursos.com.br\/blog\/?s={search_term_string}"},"query-input":{"@type":"PropertyValueSpecification","valueRequired":true,"valueName":"search_term_string"}}],"inLanguage":"pt-BR"},{"@type":"Organization","@id":"https:\/\/www.estrategiaconcursos.com.br\/blog\/#organization","name":"Estrat\u00e9gia Concursos","url":"https:\/\/www.estrategiaconcursos.com.br\/blog\/","logo":{"@type":"ImageObject","inLanguage":"pt-BR","@id":"https:\/\/www.estrategiaconcursos.com.br\/blog\/#\/schema\/logo\/image\/","url":"https:\/\/dhg1h5j42swfq.cloudfront.net\/2025\/06\/03203428\/logo_concursos-1.jpg","contentUrl":"https:\/\/dhg1h5j42swfq.cloudfront.net\/2025\/06\/03203428\/logo_concursos-1.jpg","width":230,"height":60,"caption":"Estrat\u00e9gia Concursos"},"image":{"@id":"https:\/\/www.estrategiaconcursos.com.br\/blog\/#\/schema\/logo\/image\/"},"sameAs":["https:\/\/x.com\/EstratConcursos"]},{"@type":"Person","@id":"https:\/\/www.estrategiaconcursos.com.br\/blog\/#\/schema\/person\/aa39cf5ddb518e5bdce27c35788405e2","name":"Ricardo Torques","image":{"@type":"ImageObject","inLanguage":"pt-BR","@id":"https:\/\/secure.gravatar.com\/avatar\/ce9ac6c3cff25fe86d15ed568ebc64d1724baf5c0693133bcb1f6073f712f92a?s=96&d=mm&r=g","url":"https:\/\/secure.gravatar.com\/avatar\/ce9ac6c3cff25fe86d15ed568ebc64d1724baf5c0693133bcb1f6073f712f92a?s=96&d=mm&r=g","contentUrl":"https:\/\/secure.gravatar.com\/avatar\/ce9ac6c3cff25fe86d15ed568ebc64d1724baf5c0693133bcb1f6073f712f92a?s=96&d=mm&r=g","caption":"Ricardo Torques"},"sameAs":["https:\/\/www.facebook.com\/ricardo.s.torques"],"url":"https:\/\/www.estrategiaconcursos.com.br\/blog\/author\/ricardotorquesestrategiaconcursos-com-br\/"}]}},"_links":{"self":[{"href":"https:\/\/www.estrategiaconcursos.com.br\/blog\/wp-json\/wp\/v2\/posts\/552142","targetHints":{"allow":["GET"]}}],"collection":[{"href":"https:\/\/www.estrategiaconcursos.com.br\/blog\/wp-json\/wp\/v2\/posts"}],"about":[{"href":"https:\/\/www.estrategiaconcursos.com.br\/blog\/wp-json\/wp\/v2\/types\/post"}],"author":[{"embeddable":true,"href":"https:\/\/www.estrategiaconcursos.com.br\/blog\/wp-json\/wp\/v2\/users\/180"}],"replies":[{"embeddable":true,"href":"https:\/\/www.estrategiaconcursos.com.br\/blog\/wp-json\/wp\/v2\/comments?post=552142"}],"version-history":[{"count":9,"href":"https:\/\/www.estrategiaconcursos.com.br\/blog\/wp-json\/wp\/v2\/posts\/552142\/revisions"}],"predecessor-version":[{"id":552523,"href":"https:\/\/www.estrategiaconcursos.com.br\/blog\/wp-json\/wp\/v2\/posts\/552142\/revisions\/552523"}],"wp:featuredmedia":[{"embeddable":true,"href":"https:\/\/www.estrategiaconcursos.com.br\/blog\/wp-json\/wp\/v2\/media\/552161"}],"wp:attachment":[{"href":"https:\/\/www.estrategiaconcursos.com.br\/blog\/wp-json\/wp\/v2\/media?parent=552142"}],"wp:term":[{"taxonomy":"category","embeddable":true,"href":"https:\/\/www.estrategiaconcursos.com.br\/blog\/wp-json\/wp\/v2\/categories?post=552142"},{"taxonomy":"post_tag","embeddable":true,"href":"https:\/\/www.estrategiaconcursos.com.br\/blog\/wp-json\/wp\/v2\/tags?post=552142"},{"taxonomy":"tax_estado","embeddable":true,"href":"https:\/\/www.estrategiaconcursos.com.br\/blog\/wp-json\/wp\/v2\/tax_estado?post=552142"}],"curies":[{"name":"wp","href":"https:\/\/api.w.org\/{rel}","templated":true}]}}