{"id":55199,"date":"2017-08-18T07:59:33","date_gmt":"2017-08-18T10:59:33","guid":{"rendered":"https:\/\/www.estrategiaconcursos.com.br\/blog\/?p=55199"},"modified":"2017-08-28T14:52:58","modified_gmt":"2017-08-28T17:52:58","slug":"edital-tre-to","status":"publish","type":"post","link":"https:\/\/www.estrategiaconcursos.com.br\/blog\/edital-tre-to\/","title":{"rendered":"Edital TRE TO publicado &#8211; Reforce sua prepara\u00e7\u00e3o com uma an\u00e1lise completa do certame"},"content":{"rendered":"<p style=\"text-align: justify;\"><em><strong><span style=\"color: #000000;\">EDITAL TRE TO: Confira a an\u00e1lise completa do \u00faltimo certame<\/span><\/strong><\/em><\/p>\n<p style=\"text-align: justify;\"><span style=\"color: #000000;\">Bom dia querido aluno,<\/span><\/p>\n<p style=\"text-align: justify;\"><span style=\"color: #000000;\">E finalmente saiu o Edital TRE TO!!<\/span><\/p>\n<p style=\"text-align: justify;\"><span style=\"color: #000000;\">Foi publicado hoje, dia 18 de agosto, no Di\u00e1rio Oficial, oferecendo 10 vagas imediatas MAIS cadastro reserva.\u00a0As inscri\u00e7\u00f5es ser\u00e3o feitas no site da banca CESPE a partir do dia <strong>04 de setembro at\u00e9 o dia 02 de outubro<\/strong>, com taxa de inscri\u00e7\u00e3o de R$ 75,00 para T\u00e9cnicos e R$ 95,00 para Analistas Judici\u00e1rios.<\/span><\/p>\n<p style=\"text-align: justify;\"><span style=\"color: #000000;\">A remunera\u00e7\u00e3o oferecida \u00e9 de\u00a0R$ 6,376,41 &#8211; n\u00edvel m\u00e9dio, e R$10.461,90 &#8211; n\u00edvel superior. E antes que a gente passe a te dar todas as informa\u00e7\u00f5es que precisa para a sua prepara\u00e7\u00e3o, eu estarei nesta segunda e ter\u00e7a-feira, 20 e 21 de agosto, ministrando aulas gratuitas sobre o Regimento Interno do TRE TO.<\/span><\/p>\n<h3 style=\"text-align: center;\">An\u00e1lise de Edital TRE TO<\/h3>\n<div class=\"lyte-wrapper\" style=\"width:853px;max-width:100%;margin:5px;\"><div class=\"lyMe\" id=\"WYL_MRmqSCd-vaE\"><div id=\"lyte_MRmqSCd-vaE\" data-src=\"\/\/i.ytimg.com\/vi\/MRmqSCd-vaE\/hqdefault.jpg\" class=\"pL\"><div class=\"tC\"><div class=\"tT\"><\/div><\/div><div class=\"play\"><\/div><div class=\"ctrl\"><div class=\"Lctrl\"><\/div><div class=\"Rctrl\"><\/div><\/div><\/div><noscript><a href=\"https:\/\/youtu.be\/MRmqSCd-vaE\" rel=\"nofollow\"><img loading=\"lazy\" decoding=\"async\" src=\"https:\/\/i.ytimg.com\/vi\/MRmqSCd-vaE\/0.jpg\" alt=\"YouTube video thumbnail\" width=\"853\" height=\"460\" \/><br \/>Assista a este v\u00eddeo no YouTube<\/a><\/noscript><\/div><\/div><div class=\"lL\" style=\"max-width:100%;width:853px;margin:5px;\"><\/div><\/p>\n<p style=\"text-align: justify;\"><span style=\"color: #000000;\"><strong><em>Continuando com nossa an\u00e1lise, \u00e9 importante lembrar que este certame \u00e9 muito concorrido. No \u00faltimo concurso TRE TO a quantidade total de inscritos para o cargo de analista judici\u00e1rio &#8211; \u00e1rea judici\u00e1ria foi de 2.639 resultando em 439,83 candidatos por vaga. Para o cargo de analista judici\u00e1rio &#8211; \u00e1rea administrativa foram 907 inscritos para apenas uma vaga e por fim, para o cargo de t\u00e9cnico judici\u00e1rio &#8211; \u00e1rea administrativa foram 3.283 inscritos, concorrendo tamb\u00e9m a uma vaga.<\/em><\/strong><\/span><\/p>\n<p><span style=\"color: #000000;\">Neste edital, as vagas ficaram divididas entre os cargos de:<\/span><\/p>\n<ul>\n<li>\u00c1rea Judici\u00e1ria (AJAJ) \u2013 3 vagas<\/li>\n<li>\u00c1rea Administrativa (AJAA) \u2013 cadastro de reserva<\/li>\n<li>Especialidade Contabilidade \u2013 2 vagas<\/li>\n<li>\u00c1rea Administrativa (TJAA)- n\u00edvel m\u00e9dio \u2013 3 vagas<\/li>\n<li>Programa\u00e7\u00e3o de Sistemas: exige cursos na \u00e1rea com pelo menos 120 horas ou forma\u00e7\u00e3o superior na \u00e1rea de TI \u2013 2 vagas<\/li>\n<\/ul>\n<p>A prova ser\u00e1 composta de:<\/p>\n<p><strong> 60 quest\u00f5es de m\u00faltipla escolha:<\/strong>\u00a0conhecimentos gerais (20 quest\u00f5es com peso 1) +\u00a0conhecimentos espec\u00edficos (40 quest\u00f5es com peso 3)<\/p>\n<p><span style=\"color: #ff0000;\"><strong>DATA: 03 de dezembro<br \/>\nLocal: Palmas<\/strong><\/span><br \/>\n<span style=\"color: #ff0000;\"><strong> Turno: Matutino &#8211; n\u00edvel superior<\/strong><\/span><br \/>\n<span style=\"color: #ff0000;\"><strong> Vespertino: n\u00edvel m\u00e9dio<\/strong><\/span><\/p>\n<p><strong>+ Prova discursiva para todos os cargos<\/strong><\/p>\n<p><img loading=\"lazy\" decoding=\"async\" class=\"aligncenter size-full wp-image-85626\" src=\"https:\/\/dhg1h5j42swfq.cloudfront.net\/2017\/08\/18075053\/TRE-TO-PROVAS.png\" alt=\"\" width=\"587\" height=\"73\" srcset=\"https:\/\/dhg1h5j42swfq.cloudfront.net\/2017\/08\/18075053\/TRE-TO-PROVAS.png 587w, https:\/\/dhg1h5j42swfq.cloudfront.net\/2017\/08\/18075053\/TRE-TO-PROVAS.png 300w\" sizes=\"auto, (max-width: 587px) 100vw, 587px\" \/><\/p>\n<p><strong>Discursiva<\/strong><\/p>\n<p><img loading=\"lazy\" decoding=\"async\" class=\"aligncenter size-full wp-image-85613\" src=\"https:\/\/dhg1h5j42swfq.cloudfront.net\/2017\/08\/18062226\/concurso-TRE-TO-corre%C3%A7%C3%B5es1.png\" alt=\"concurso TRE TO discursiva\" width=\"723\" height=\"149\" srcset=\"https:\/\/dhg1h5j42swfq.cloudfront.net\/2017\/08\/18062226\/concurso-TRE-TO-corre%C3%A7%C3%B5es1.png 723w, https:\/\/dhg1h5j42swfq.cloudfront.net\/2017\/08\/18062226\/concurso-TRE-TO-corre%C3%A7%C3%B5es1.png 300w, https:\/\/dhg1h5j42swfq.cloudfront.net\/2017\/08\/18062226\/concurso-TRE-TO-corre%C3%A7%C3%B5es1.png 610w\" sizes=\"auto, (max-width: 723px) 100vw, 723px\" \/><img loading=\"lazy\" decoding=\"async\" class=\"aligncenter size-full wp-image-85614\" src=\"https:\/\/dhg1h5j42swfq.cloudfront.net\/2017\/08\/18062227\/concurso-TRE-TO-corre%C3%A7%C3%B5es2.png\" alt=\"concurso tre to\" width=\"727\" height=\"79\" srcset=\"https:\/\/dhg1h5j42swfq.cloudfront.net\/2017\/08\/18062227\/concurso-TRE-TO-corre%C3%A7%C3%B5es2.png 727w, https:\/\/dhg1h5j42swfq.cloudfront.net\/2017\/08\/18062227\/concurso-TRE-TO-corre%C3%A7%C3%B5es2.png 300w, https:\/\/dhg1h5j42swfq.cloudfront.net\/2017\/08\/18062227\/concurso-TRE-TO-corre%C3%A7%C3%B5es2.png 610w\" sizes=\"auto, (max-width: 727px) 100vw, 727px\" \/><\/p>\n<p style=\"text-align: justify;\"><span style=\"color: #000000;\">O conte\u00fado program\u00e1tico do edital TRE TO contempla as disciplinas abaixo indicadas, que devem ser muito bem estudadas devido a enorme concorr\u00eancia para os cargos deste concurso.<\/span><\/p>\n<p><em>\u00a0<\/em><span style=\"color: #339966;\"><em>Voc\u00ea j\u00e1 conhece o Informativo Estrat\u00e9gico? Veja essa novidade que preparamos para voc\u00eas: informativos do STF e STJ comentados pela equipe de professores do Estrat\u00e9gia.<\/em><\/span><\/p>\n<p><a href=\"https:\/\/www.estrategiaconcursos.com.br\/blog\/informativo-stj\/\">Informativo STJ<\/a><\/p>\n<p style=\"text-align: justify;\"><a href=\"https:\/\/www.estrategiaconcursos.com.br\/blog\/informativo-stf\/\">Informativo STF<\/a><\/p>\n<h3 style=\"text-align: justify;\"><strong><span style=\"text-decoration: underline;\"><span style=\"color: #000000; text-decoration: underline;\">Disciplinas EDITAL TRE TO:<\/span><\/span><\/strong><\/h3>\n<ul>\n<li style=\"text-align: justify;\"><strong><span style=\"color: #000000;\">Para todos os cargos:<\/span><\/strong><br \/>\n<span style=\"color: #000000;\"> Portugu\u00eas<\/span><br \/>\n<span style=\"color: #000000;\"> No\u00e7\u00f5es de Inform\u00e1tica<br \/>\nNormas Aplic\u00e1veis aos Servidores P\u00fablicos Federais<br \/>\nRegimento Interno<br \/>\nNo\u00e7\u00f5es sobre direitos da pessoa com defici\u00eancia.<\/span><\/li>\n<li style=\"text-align: justify;\"><strong><span style=\"color: #000000;\">Conhecimentos espec\u00edficos para o cargo de analista judici\u00e1rio \u2013 \u00e1rea judici\u00e1ria:<\/span><\/strong><br \/>\n<span style=\"color: #000000;\"> Constitucional<\/span><br \/>\n<span style=\"color: #000000;\"> Eleitoral<\/span><br \/>\n<span style=\"color: #000000;\"> Administrativo<\/span><br \/>\n<span style=\"color: #000000;\"> Civil<\/span><br \/>\n<span style=\"color: #000000;\"> Processo civil<\/span><br \/>\n<span style=\"color: #000000;\"> Penal<\/span><br \/>\n<span style=\"color: #000000;\"> Processo penal<\/span><\/li>\n<li style=\"text-align: justify;\"><strong><span style=\"color: #000000;\">Conhecimentos espec\u00edficos para o cargo de analista judici\u00e1rio \u2013 \u00e1rea administrativa<\/span><\/strong><br \/>\n<span style=\"color: #000000;\"> Constitucional<\/span><br \/>\n<span style=\"color: #000000;\"> Eleitoral<\/span><br \/>\n<span style=\"color: #000000;\"> Administrativo<\/span><br \/>\n<span style=\"color: #000000;\"> Administra\u00e7\u00e3o p\u00fablica<\/span><br \/>\n<span style=\"color: #000000;\"> Administra\u00e7\u00e3o financeira e or\u00e7ament\u00e1ria<\/span><\/li>\n<li style=\"text-align: justify;\"><strong><span style=\"color: #000000;\">Conhecimentos espec\u00edficos para o cargo de t\u00e9cnico judici\u00e1rio- \u00e1rea administrativa:<\/span><\/strong><br \/>\n<span style=\"color: #000000;\"> Portugu\u00eas<\/span><br \/>\n<span style=\"color: #000000;\"> No\u00e7\u00f5es de Inform\u00e1tica<\/span><br \/>\n<span style=\"color: #000000;\"> No\u00e7\u00f5es de Arquivologia<\/span><\/li>\n<li style=\"text-align: justify;\"><strong><span style=\"color: #000000;\">Conhecimentos espec\u00edficos para o cargo de Analista Judici\u00e1rio \u00c1rea de Contabilidade:<br \/>\n<\/span><\/strong><span style=\"color: #000000;\">Contabilidade geral<br \/>\nContabilidade p\u00fablica<br \/>\nLegisla\u00e7\u00e3o tribut\u00e1ria aplicada \u00e0s contrata\u00e7\u00f5es p\u00fablicas<br \/>\nAuditoria e No\u00e7\u00f5es de direito eleitoral<\/span><\/li>\n<li><strong>Conhecimentos espec\u00edficos para T\u00e9cnico Judici\u00e1rio\u00a0\u00c1rea Administrativa:<\/strong><br \/>\nNo\u00e7\u00f5es de Direito Constitucional<br \/>\nNo\u00e7\u00f5es de Direito Administrativo<br \/>\nNo\u00e7\u00f5es de Direito Eleitoral<br \/>\nNo\u00e7\u00f5es de Administra\u00e7\u00e3o P\u00fablica<\/li>\n<li><strong>Conhecimentos Espec\u00edficos Programa\u00e7\u00e3o de Sistemas:<\/strong><br \/>\nConhecimentos espec\u00edficos de TI<\/li>\n<\/ul>\n<p style=\"text-align: justify;\"><span style=\"color: #000000;\">Mas voc\u00eas devem estar questionando se vale a pena mesmo fazer esse concurso, uma vez que o \u00faltimo edital previa somente 8 vagas: 6 vagas para analista judici\u00e1rio &#8211; \u00e1rea judici\u00e1ria; 1 vaga para analista judici\u00e1ria \u2013 \u00e1rea administrativa e 1 vaga para t\u00e9cnico judici\u00e1rio \u2013 \u00e1rea administrativa. Claro que vale a pena!! O \u00faltimo concurso TRE \u2013 TO nomeou mais de 35 t\u00e9cnicos e mais de 20 analistas. A experi\u00eancia tem nos mostrado que os Tribunais, em geral, nomeiam muitos candidatos. Por isso, n\u00e3o desanime com a quantidade de vagas inseridas no edital TRE TO e siga em frente nos estudos.<\/span><\/p>\n<p style=\"text-align: justify;\"><span style=\"color: #339966;\"><em>O Estrat\u00e9gia Concursos j\u00e1 lan\u00e7ou cursos focados no edital TRE TO. Nossos cursos cont\u00eam o conte\u00fado completo que ser\u00e1 cobrado na sua prova. S\u00e3o PDF\u00b4s e videoaulas, al\u00e9m de um f\u00f3rum de d\u00favidas exclusivo na \u00e1rea do aluno para voc\u00ea esclarecer pontos com seus professores. Confiamos tanto na qualidade da nossa equipe e dos nossos materiais que n\u00f3s temos uma pol\u00edtica de satisfa\u00e7\u00e3o garantida ou seu dinheiro de volta, em at\u00e9 30 dias e sem burocracia.<\/em> <em>Voc\u00ea n\u00e3o tem nada a perder, conhe\u00e7a nossos cursos!<\/em><\/span><\/p>\n<p style=\"text-align: center;\"><strong><a href=\"https:\/\/www.estrategiaconcursos.com.br\/cursosPorConcurso\/tre-to\/\" target=\"_blank\" rel=\"noopener\">Cursos p\/ TRE TO<\/a><\/strong><\/p>\n<p style=\"text-align: center;\"><a href=\"https:\/\/www.estrategiaconcursos.com.br\/blog\/wp-content\/uploads\/2017\/08\/EDITAL-TRE-TO-2017.pdf\">Confira aqui o edital<\/a><\/p>\n<p>&nbsp;<\/p>\n<p style=\"text-align: justify;\">Por fim, gostaria de convid\u00e1-lo a curtir minha p\u00e1gina no Facebook, dedicada aos concursos eleitorais<\/p>\n<p><strong><a href=\"https:\/\/www.facebook.com\/Prof-Ricardo-Torques-Direito-Eleitoral-769813873123189\/\" target=\"_blank\" rel=\"noopener\">Professor Ricardo Torques \u2013 Direito Eleitoral<\/a>.<\/strong><\/p>\n<p>Temos, tamb\u00e9m, uma lista exclusiva de e-mails por meio da enviamos conte\u00fados gratuitos e de qualidade sobre concursos de TREs. Inscreva-se aqui:<\/p>\n<p><strong><a href=\"http:\/\/bit.ly\/dtoeleitoral\" target=\"_blank\" rel=\"noopener\">Lista EXCLUSIVA de e-mails Prof. Ricardo Torques<\/a><\/strong><\/p>\n<p>Bons estudos!<\/p>\n","protected":false},"excerpt":{"rendered":"<p>EDITAL TRE TO: Confira a an\u00e1lise completa do \u00faltimo certame Bom dia querido aluno, E finalmente saiu o Edital TRE TO!! Foi publicado hoje, dia 18 de agosto, no Di\u00e1rio Oficial, oferecendo 10 vagas imediatas MAIS cadastro reserva.\u00a0As inscri\u00e7\u00f5es ser\u00e3o feitas no site da banca CESPE a partir do dia 04 de setembro at\u00e9 o [&hellip;]<\/p>\n","protected":false},"author":180,"featured_media":0,"comment_status":"open","ping_status":"open","sticky":false,"template":"","format":"standard","meta":{"post_tipo":"article","footnotes":""},"categories":[1],"tags":[528,2292],"tax_estado":[],"class_list":["post-55199","post","type-post","status-publish","format-standard","hentry","category-cursos-e-concursos","tag-direito-eleitoral","tag-tre-to"],"acf":[],"yoast_head":"<!-- This site is optimized with the Yoast SEO Premium plugin v27.2 (Yoast SEO v27.2) - https:\/\/yoast.com\/product\/yoast-seo-premium-wordpress\/ -->\n<title>EDITAL TRE TO: Confira a an\u00e1lise completa do certame<\/title>\n<meta name=\"description\" content=\"Confira a an\u00e1lise completa do edital TRE TO. Saiba mais sobre os cargos, remunera\u00e7\u00e3o, vagas, banca, conte\u00fado program\u00e1tico e muito mais!!!\" \/>\n<meta name=\"robots\" content=\"index, follow, max-snippet:-1, max-image-preview:large, max-video-preview:-1\" \/>\n<link rel=\"canonical\" href=\"https:\/\/www.estrategiaconcursos.com.br\/blog\/edital-tre-to\/\" \/>\n<meta property=\"og:locale\" content=\"pt_BR\" \/>\n<meta property=\"og:type\" content=\"article\" \/>\n<meta property=\"og:title\" content=\"Edital TRE TO publicado - Reforce sua prepara\u00e7\u00e3o com uma an\u00e1lise completa do certame\" \/>\n<meta property=\"og:description\" content=\"Confira a an\u00e1lise completa do edital TRE TO. Saiba mais sobre os cargos, remunera\u00e7\u00e3o, vagas, banca, conte\u00fado program\u00e1tico e muito mais!!!\" \/>\n<meta property=\"og:url\" content=\"https:\/\/www.estrategiaconcursos.com.br\/blog\/edital-tre-to\/\" \/>\n<meta property=\"og:site_name\" content=\"Estrat\u00e9gia Concursos\" \/>\n<meta property=\"article:author\" content=\"https:\/\/www.facebook.com\/ricardo.s.torques\" \/>\n<meta property=\"article:published_time\" content=\"2017-08-18T10:59:33+00:00\" \/>\n<meta property=\"article:modified_time\" content=\"2017-08-28T17:52:58+00:00\" \/>\n<meta property=\"og:image\" content=\"https:\/\/www.estrategiaconcursos.com.br\/blog\/wp-content\/uploads\/2017\/08\/TRE-TO-PROVAS.png\" \/>\n<meta name=\"author\" content=\"Ricardo Torques\" \/>\n<meta name=\"twitter:card\" content=\"summary_large_image\" \/>\n<meta name=\"twitter:creator\" content=\"@EstratConcursos\" \/>\n<meta name=\"twitter:site\" content=\"@EstratConcursos\" \/>\n<meta name=\"twitter:label1\" content=\"Escrito por\" \/>\n\t<meta name=\"twitter:data1\" content=\"Ricardo Torques\" \/>\n\t<meta name=\"twitter:label2\" content=\"Est. tempo de leitura\" \/>\n\t<meta name=\"twitter:data2\" content=\"4 minutos\" \/>\n<script type=\"application\/ld+json\" class=\"yoast-schema-graph\">{\"@context\":\"https:\/\/schema.org\",\"@graph\":[{\"@type\":\"NewsArticle\",\"@id\":\"https:\/\/www.estrategiaconcursos.com.br\/blog\/edital-tre-to\/#article\",\"isPartOf\":{\"@id\":\"https:\/\/www.estrategiaconcursos.com.br\/blog\/edital-tre-to\/\"},\"author\":{\"name\":\"Ricardo Torques\",\"@id\":\"https:\/\/www.estrategiaconcursos.com.br\/blog\/#\/schema\/person\/aa39cf5ddb518e5bdce27c35788405e2\"},\"headline\":\"Edital TRE TO publicado &#8211; Reforce sua prepara\u00e7\u00e3o com uma an\u00e1lise completa do certame\",\"datePublished\":\"2017-08-18T10:59:33+00:00\",\"dateModified\":\"2017-08-28T17:52:58+00:00\",\"mainEntityOfPage\":{\"@id\":\"https:\/\/www.estrategiaconcursos.com.br\/blog\/edital-tre-to\/\"},\"wordCount\":845,\"commentCount\":7,\"publisher\":{\"@id\":\"https:\/\/www.estrategiaconcursos.com.br\/blog\/#organization\"},\"image\":{\"@id\":\"https:\/\/www.estrategiaconcursos.com.br\/blog\/edital-tre-to\/#primaryimage\"},\"thumbnailUrl\":\"https:\/\/www.estrategiaconcursos.com.br\/blog\/wp-content\/uploads\/2017\/08\/TRE-TO-PROVAS.png\",\"keywords\":[\"Direito Eleitoral\",\"TRE-TO\"],\"articleSection\":[\"Concursos P\u00fablicos\"],\"inLanguage\":\"pt-BR\",\"potentialAction\":[{\"@type\":\"CommentAction\",\"name\":\"Comment\",\"target\":[\"https:\/\/www.estrategiaconcursos.com.br\/blog\/edital-tre-to\/#respond\"]}],\"copyrightYear\":\"2017\",\"copyrightHolder\":{\"@id\":\"https:\/\/www.estrategiaconcursos.com.br\/blog\/#organization\"}},{\"@type\":\"WebPage\",\"@id\":\"https:\/\/www.estrategiaconcursos.com.br\/blog\/edital-tre-to\/\",\"url\":\"https:\/\/www.estrategiaconcursos.com.br\/blog\/edital-tre-to\/\",\"name\":\"EDITAL TRE TO: Confira a an\u00e1lise completa do certame\",\"isPartOf\":{\"@id\":\"https:\/\/www.estrategiaconcursos.com.br\/blog\/#website\"},\"primaryImageOfPage\":{\"@id\":\"https:\/\/www.estrategiaconcursos.com.br\/blog\/edital-tre-to\/#primaryimage\"},\"image\":{\"@id\":\"https:\/\/www.estrategiaconcursos.com.br\/blog\/edital-tre-to\/#primaryimage\"},\"thumbnailUrl\":\"https:\/\/www.estrategiaconcursos.com.br\/blog\/wp-content\/uploads\/2017\/08\/TRE-TO-PROVAS.png\",\"datePublished\":\"2017-08-18T10:59:33+00:00\",\"dateModified\":\"2017-08-28T17:52:58+00:00\",\"description\":\"Confira a an\u00e1lise completa do edital TRE TO. Saiba mais sobre os cargos, remunera\u00e7\u00e3o, vagas, banca, conte\u00fado program\u00e1tico e muito mais!!!\",\"breadcrumb\":{\"@id\":\"https:\/\/www.estrategiaconcursos.com.br\/blog\/edital-tre-to\/#breadcrumb\"},\"inLanguage\":\"pt-BR\",\"potentialAction\":[{\"@type\":\"ReadAction\",\"target\":[\"https:\/\/www.estrategiaconcursos.com.br\/blog\/edital-tre-to\/\"]}]},{\"@type\":\"ImageObject\",\"inLanguage\":\"pt-BR\",\"@id\":\"https:\/\/www.estrategiaconcursos.com.br\/blog\/edital-tre-to\/#primaryimage\",\"url\":\"https:\/\/dhg1h5j42swfq.cloudfront.net\/2017\/08\/18075053\/TRE-TO-PROVAS.png\",\"contentUrl\":\"https:\/\/dhg1h5j42swfq.cloudfront.net\/2017\/08\/18075053\/TRE-TO-PROVAS.png\",\"width\":587,\"height\":73},{\"@type\":\"BreadcrumbList\",\"@id\":\"https:\/\/www.estrategiaconcursos.com.br\/blog\/edital-tre-to\/#breadcrumb\",\"itemListElement\":[{\"@type\":\"ListItem\",\"position\":1,\"name\":\"In\u00edcio\",\"item\":\"https:\/\/www.estrategiaconcursos.com.br\/blog\/\"},{\"@type\":\"ListItem\",\"position\":2,\"name\":\"Edital TRE TO publicado &#8211; Reforce sua prepara\u00e7\u00e3o com uma an\u00e1lise completa do certame\"}]},{\"@type\":\"WebSite\",\"@id\":\"https:\/\/www.estrategiaconcursos.com.br\/blog\/#website\",\"url\":\"https:\/\/www.estrategiaconcursos.com.br\/blog\/\",\"name\":\"Estrat\u00e9gia Concursos\",\"description\":\"O blog da Estrat\u00e9gia Concursos traz not\u00edcias sobre concursos e artigos de professores oferecendo cursos para concursos (pdf + videaulas) no site.\",\"publisher\":{\"@id\":\"https:\/\/www.estrategiaconcursos.com.br\/blog\/#organization\"},\"potentialAction\":[{\"@type\":\"SearchAction\",\"target\":{\"@type\":\"EntryPoint\",\"urlTemplate\":\"https:\/\/www.estrategiaconcursos.com.br\/blog\/?s={search_term_string}\"},\"query-input\":{\"@type\":\"PropertyValueSpecification\",\"valueRequired\":true,\"valueName\":\"search_term_string\"}}],\"inLanguage\":\"pt-BR\"},{\"@type\":\"Organization\",\"@id\":\"https:\/\/www.estrategiaconcursos.com.br\/blog\/#organization\",\"name\":\"Estrat\u00e9gia Concursos\",\"url\":\"https:\/\/www.estrategiaconcursos.com.br\/blog\/\",\"logo\":{\"@type\":\"ImageObject\",\"inLanguage\":\"pt-BR\",\"@id\":\"https:\/\/www.estrategiaconcursos.com.br\/blog\/#\/schema\/logo\/image\/\",\"url\":\"https:\/\/dhg1h5j42swfq.cloudfront.net\/2025\/06\/03203428\/logo_concursos-1.jpg\",\"contentUrl\":\"https:\/\/dhg1h5j42swfq.cloudfront.net\/2025\/06\/03203428\/logo_concursos-1.jpg\",\"width\":230,\"height\":60,\"caption\":\"Estrat\u00e9gia Concursos\"},\"image\":{\"@id\":\"https:\/\/www.estrategiaconcursos.com.br\/blog\/#\/schema\/logo\/image\/\"},\"sameAs\":[\"https:\/\/x.com\/EstratConcursos\"]},{\"@type\":\"Person\",\"@id\":\"https:\/\/www.estrategiaconcursos.com.br\/blog\/#\/schema\/person\/aa39cf5ddb518e5bdce27c35788405e2\",\"name\":\"Ricardo Torques\",\"image\":{\"@type\":\"ImageObject\",\"inLanguage\":\"pt-BR\",\"@id\":\"https:\/\/secure.gravatar.com\/avatar\/ce9ac6c3cff25fe86d15ed568ebc64d1724baf5c0693133bcb1f6073f712f92a?s=96&d=mm&r=g\",\"url\":\"https:\/\/secure.gravatar.com\/avatar\/ce9ac6c3cff25fe86d15ed568ebc64d1724baf5c0693133bcb1f6073f712f92a?s=96&d=mm&r=g\",\"contentUrl\":\"https:\/\/secure.gravatar.com\/avatar\/ce9ac6c3cff25fe86d15ed568ebc64d1724baf5c0693133bcb1f6073f712f92a?s=96&d=mm&r=g\",\"caption\":\"Ricardo Torques\"},\"sameAs\":[\"https:\/\/www.facebook.com\/ricardo.s.torques\"],\"url\":\"https:\/\/www.estrategiaconcursos.com.br\/blog\/author\/ricardotorquesestrategiaconcursos-com-br\/\"}]}<\/script>\n<!-- \/ Yoast SEO Premium plugin. -->","yoast_head_json":{"title":"EDITAL TRE TO: Confira a an\u00e1lise completa do certame","description":"Confira a an\u00e1lise completa do edital TRE TO. Saiba mais sobre os cargos, remunera\u00e7\u00e3o, vagas, banca, conte\u00fado program\u00e1tico e muito mais!!!","robots":{"index":"index","follow":"follow","max-snippet":"max-snippet:-1","max-image-preview":"max-image-preview:large","max-video-preview":"max-video-preview:-1"},"canonical":"https:\/\/www.estrategiaconcursos.com.br\/blog\/edital-tre-to\/","og_locale":"pt_BR","og_type":"article","og_title":"Edital TRE TO publicado - Reforce sua prepara\u00e7\u00e3o com uma an\u00e1lise completa do certame","og_description":"Confira a an\u00e1lise completa do edital TRE TO. Saiba mais sobre os cargos, remunera\u00e7\u00e3o, vagas, banca, conte\u00fado program\u00e1tico e muito mais!!!","og_url":"https:\/\/www.estrategiaconcursos.com.br\/blog\/edital-tre-to\/","og_site_name":"Estrat\u00e9gia Concursos","article_author":"https:\/\/www.facebook.com\/ricardo.s.torques","article_published_time":"2017-08-18T10:59:33+00:00","article_modified_time":"2017-08-28T17:52:58+00:00","og_image":[{"url":"https:\/\/www.estrategiaconcursos.com.br\/blog\/wp-content\/uploads\/2017\/08\/TRE-TO-PROVAS.png","type":"","width":"","height":""}],"author":"Ricardo Torques","twitter_card":"summary_large_image","twitter_creator":"@EstratConcursos","twitter_site":"@EstratConcursos","twitter_misc":{"Escrito por":"Ricardo Torques","Est. tempo de leitura":"4 minutos"},"schema":{"@context":"https:\/\/schema.org","@graph":[{"@type":"NewsArticle","@id":"https:\/\/www.estrategiaconcursos.com.br\/blog\/edital-tre-to\/#article","isPartOf":{"@id":"https:\/\/www.estrategiaconcursos.com.br\/blog\/edital-tre-to\/"},"author":{"name":"Ricardo Torques","@id":"https:\/\/www.estrategiaconcursos.com.br\/blog\/#\/schema\/person\/aa39cf5ddb518e5bdce27c35788405e2"},"headline":"Edital TRE TO publicado &#8211; Reforce sua prepara\u00e7\u00e3o com uma an\u00e1lise completa do certame","datePublished":"2017-08-18T10:59:33+00:00","dateModified":"2017-08-28T17:52:58+00:00","mainEntityOfPage":{"@id":"https:\/\/www.estrategiaconcursos.com.br\/blog\/edital-tre-to\/"},"wordCount":845,"commentCount":7,"publisher":{"@id":"https:\/\/www.estrategiaconcursos.com.br\/blog\/#organization"},"image":{"@id":"https:\/\/www.estrategiaconcursos.com.br\/blog\/edital-tre-to\/#primaryimage"},"thumbnailUrl":"https:\/\/www.estrategiaconcursos.com.br\/blog\/wp-content\/uploads\/2017\/08\/TRE-TO-PROVAS.png","keywords":["Direito Eleitoral","TRE-TO"],"articleSection":["Concursos P\u00fablicos"],"inLanguage":"pt-BR","potentialAction":[{"@type":"CommentAction","name":"Comment","target":["https:\/\/www.estrategiaconcursos.com.br\/blog\/edital-tre-to\/#respond"]}],"copyrightYear":"2017","copyrightHolder":{"@id":"https:\/\/www.estrategiaconcursos.com.br\/blog\/#organization"}},{"@type":"WebPage","@id":"https:\/\/www.estrategiaconcursos.com.br\/blog\/edital-tre-to\/","url":"https:\/\/www.estrategiaconcursos.com.br\/blog\/edital-tre-to\/","name":"EDITAL TRE TO: Confira a an\u00e1lise completa do certame","isPartOf":{"@id":"https:\/\/www.estrategiaconcursos.com.br\/blog\/#website"},"primaryImageOfPage":{"@id":"https:\/\/www.estrategiaconcursos.com.br\/blog\/edital-tre-to\/#primaryimage"},"image":{"@id":"https:\/\/www.estrategiaconcursos.com.br\/blog\/edital-tre-to\/#primaryimage"},"thumbnailUrl":"https:\/\/www.estrategiaconcursos.com.br\/blog\/wp-content\/uploads\/2017\/08\/TRE-TO-PROVAS.png","datePublished":"2017-08-18T10:59:33+00:00","dateModified":"2017-08-28T17:52:58+00:00","description":"Confira a an\u00e1lise completa do edital TRE TO. Saiba mais sobre os cargos, remunera\u00e7\u00e3o, vagas, banca, conte\u00fado program\u00e1tico e muito mais!!!","breadcrumb":{"@id":"https:\/\/www.estrategiaconcursos.com.br\/blog\/edital-tre-to\/#breadcrumb"},"inLanguage":"pt-BR","potentialAction":[{"@type":"ReadAction","target":["https:\/\/www.estrategiaconcursos.com.br\/blog\/edital-tre-to\/"]}]},{"@type":"ImageObject","inLanguage":"pt-BR","@id":"https:\/\/www.estrategiaconcursos.com.br\/blog\/edital-tre-to\/#primaryimage","url":"https:\/\/dhg1h5j42swfq.cloudfront.net\/2017\/08\/18075053\/TRE-TO-PROVAS.png","contentUrl":"https:\/\/dhg1h5j42swfq.cloudfront.net\/2017\/08\/18075053\/TRE-TO-PROVAS.png","width":587,"height":73},{"@type":"BreadcrumbList","@id":"https:\/\/www.estrategiaconcursos.com.br\/blog\/edital-tre-to\/#breadcrumb","itemListElement":[{"@type":"ListItem","position":1,"name":"In\u00edcio","item":"https:\/\/www.estrategiaconcursos.com.br\/blog\/"},{"@type":"ListItem","position":2,"name":"Edital TRE TO publicado &#8211; Reforce sua prepara\u00e7\u00e3o com uma an\u00e1lise completa do certame"}]},{"@type":"WebSite","@id":"https:\/\/www.estrategiaconcursos.com.br\/blog\/#website","url":"https:\/\/www.estrategiaconcursos.com.br\/blog\/","name":"Estrat\u00e9gia Concursos","description":"O blog da Estrat\u00e9gia Concursos traz not\u00edcias sobre concursos e artigos de professores oferecendo cursos para concursos (pdf + videaulas) no site.","publisher":{"@id":"https:\/\/www.estrategiaconcursos.com.br\/blog\/#organization"},"potentialAction":[{"@type":"SearchAction","target":{"@type":"EntryPoint","urlTemplate":"https:\/\/www.estrategiaconcursos.com.br\/blog\/?s={search_term_string}"},"query-input":{"@type":"PropertyValueSpecification","valueRequired":true,"valueName":"search_term_string"}}],"inLanguage":"pt-BR"},{"@type":"Organization","@id":"https:\/\/www.estrategiaconcursos.com.br\/blog\/#organization","name":"Estrat\u00e9gia Concursos","url":"https:\/\/www.estrategiaconcursos.com.br\/blog\/","logo":{"@type":"ImageObject","inLanguage":"pt-BR","@id":"https:\/\/www.estrategiaconcursos.com.br\/blog\/#\/schema\/logo\/image\/","url":"https:\/\/dhg1h5j42swfq.cloudfront.net\/2025\/06\/03203428\/logo_concursos-1.jpg","contentUrl":"https:\/\/dhg1h5j42swfq.cloudfront.net\/2025\/06\/03203428\/logo_concursos-1.jpg","width":230,"height":60,"caption":"Estrat\u00e9gia Concursos"},"image":{"@id":"https:\/\/www.estrategiaconcursos.com.br\/blog\/#\/schema\/logo\/image\/"},"sameAs":["https:\/\/x.com\/EstratConcursos"]},{"@type":"Person","@id":"https:\/\/www.estrategiaconcursos.com.br\/blog\/#\/schema\/person\/aa39cf5ddb518e5bdce27c35788405e2","name":"Ricardo Torques","image":{"@type":"ImageObject","inLanguage":"pt-BR","@id":"https:\/\/secure.gravatar.com\/avatar\/ce9ac6c3cff25fe86d15ed568ebc64d1724baf5c0693133bcb1f6073f712f92a?s=96&d=mm&r=g","url":"https:\/\/secure.gravatar.com\/avatar\/ce9ac6c3cff25fe86d15ed568ebc64d1724baf5c0693133bcb1f6073f712f92a?s=96&d=mm&r=g","contentUrl":"https:\/\/secure.gravatar.com\/avatar\/ce9ac6c3cff25fe86d15ed568ebc64d1724baf5c0693133bcb1f6073f712f92a?s=96&d=mm&r=g","caption":"Ricardo Torques"},"sameAs":["https:\/\/www.facebook.com\/ricardo.s.torques"],"url":"https:\/\/www.estrategiaconcursos.com.br\/blog\/author\/ricardotorquesestrategiaconcursos-com-br\/"}]}},"_links":{"self":[{"href":"https:\/\/www.estrategiaconcursos.com.br\/blog\/wp-json\/wp\/v2\/posts\/55199","targetHints":{"allow":["GET"]}}],"collection":[{"href":"https:\/\/www.estrategiaconcursos.com.br\/blog\/wp-json\/wp\/v2\/posts"}],"about":[{"href":"https:\/\/www.estrategiaconcursos.com.br\/blog\/wp-json\/wp\/v2\/types\/post"}],"author":[{"embeddable":true,"href":"https:\/\/www.estrategiaconcursos.com.br\/blog\/wp-json\/wp\/v2\/users\/180"}],"replies":[{"embeddable":true,"href":"https:\/\/www.estrategiaconcursos.com.br\/blog\/wp-json\/wp\/v2\/comments?post=55199"}],"version-history":[{"count":19,"href":"https:\/\/www.estrategiaconcursos.com.br\/blog\/wp-json\/wp\/v2\/posts\/55199\/revisions"}],"predecessor-version":[{"id":87074,"href":"https:\/\/www.estrategiaconcursos.com.br\/blog\/wp-json\/wp\/v2\/posts\/55199\/revisions\/87074"}],"wp:attachment":[{"href":"https:\/\/www.estrategiaconcursos.com.br\/blog\/wp-json\/wp\/v2\/media?parent=55199"}],"wp:term":[{"taxonomy":"category","embeddable":true,"href":"https:\/\/www.estrategiaconcursos.com.br\/blog\/wp-json\/wp\/v2\/categories?post=55199"},{"taxonomy":"post_tag","embeddable":true,"href":"https:\/\/www.estrategiaconcursos.com.br\/blog\/wp-json\/wp\/v2\/tags?post=55199"},{"taxonomy":"tax_estado","embeddable":true,"href":"https:\/\/www.estrategiaconcursos.com.br\/blog\/wp-json\/wp\/v2\/tax_estado?post=55199"}],"curies":[{"name":"wp","href":"https:\/\/api.w.org\/{rel}","templated":true}]}}