{"id":55163,"date":"2016-11-23T13:42:12","date_gmt":"2016-11-23T16:42:12","guid":{"rendered":"https:\/\/www.estrategiaconcursos.com.br\/blog\/?p=55163"},"modified":"2022-12-02T18:38:12","modified_gmt":"2022-12-02T21:38:12","slug":"concurso-trf-2-regiao-rj-es-edital","status":"publish","type":"post","link":"https:\/\/www.estrategiaconcursos.com.br\/blog\/concurso-trf-2-regiao-rj-es-edital\/","title":{"rendered":"Concurso TRF 2\u00aa Regi\u00e3o (RJ\/ES) teve edital publicado HOJE para Analistas e T\u00e9cnicos Judici\u00e1rios. Saiba mais!"},"content":{"rendered":"<h2 style=\"text-align: justify;\"><img loading=\"lazy\" decoding=\"async\" class=\"wp-image-55169 size-medium alignleft\" src=\"https:\/\/dhg1h5j42swfq.cloudfront.net\/2016\/11\/16232637\/trf-2-miniatura.png\" alt=\"EDITAL TRF 2 RJ ES CONCURSO\" width=\"300\" height=\"169\" srcset=\"https:\/\/dhg1h5j42swfq.cloudfront.net\/2016\/11\/16232637\/trf-2-miniatura.png 1920w, https:\/\/dhg1h5j42swfq.cloudfront.net\/2016\/11\/16232637\/trf-2-miniatura.png 300w, https:\/\/dhg1h5j42swfq.cloudfront.net\/2016\/11\/16232637\/trf-2-miniatura.png 768w, https:\/\/dhg1h5j42swfq.cloudfront.net\/2016\/11\/16232637\/trf-2-miniatura.png 1024w, https:\/\/dhg1h5j42swfq.cloudfront.net\/2016\/11\/16232637\/trf-2-miniatura.png 500w\" sizes=\"auto, (max-width: 300px) 100vw, 300px\" \/><span style=\"color: #000000;\">CONCURSO TRF 2\u00aa REGI\u00c3O (RJ\/ES) TEVE EDITAL PUBLICADO HOJE PARA ANALISTAS E T\u00c9CNICOS JUDICI\u00c1RIOS<\/span><\/h2>\n<p style=\"text-align: justify;\"><span style=\"color: #000000;\">Foi publicado hoje, 23 de Novembro, o t\u00e3o aguardado <a style=\"color: #000000;\" href=\"https:\/\/dhg1h5j42swfq.cloudfront.net\/2016\/11\/23084721\/Edital-TRF2-2016.pdf\" target=\"_blank\" rel=\"noopener\">edital do concurso TRF 2\u00aa Regi\u00e3o<\/a> (RJ\/ES) para os cargos de Analista Judici\u00e1rio e T\u00e9cnico Judici\u00e1rio de v\u00e1rias especialidades. De acordo com o documento, preparado pela banca CONSULPLAN, as inscri\u00e7\u00f5es podem ser feitas entre 23 de Novembro\u00a0e 21 de Dezembro de 2016 atrav\u00e9s do <span style=\"color: #3366ff;\"><a style=\"color: #3366ff;\" href=\"http:\/\/www.consulplan.net\/home.aspx\" target=\"_blank\" rel=\"noopener\">site da CONSULPLAN<\/a><\/span>. As taxas s\u00e3o de R$70,00\u00a0para os cargos de Analista e R$60,00\u00a0para os cargos de T\u00e9cnico.\u00a0<\/span><\/p>\n<p style=\"text-align: justify;\"><span style=\"color: #000000;\">As provas objetivas e discursivas ocorrer\u00e3o em 05 de Mar\u00e7o e 12 de Mar\u00e7o, a depender do cargo. Ser\u00e1 poss\u00edvel realizar provas para mais de um\u00a0cargo, pois a distribui\u00e7\u00e3o \u00e9 a seguinte:<\/span><\/p>\n<ul>\n<li style=\"text-align: justify;\"><span style=\"color: #000000;\"><strong>Manh\u00e3 de 05\/Mar\u00e7o:<\/strong> Analistas de Arquivologia, Biblioteconomia, Contadoria, Enfermagem, Enfermagem do Trabalho, Estat\u00edstica, Medicina Cl\u00ednica, Medicina do Trabalho, Psiquiatria, Odontologia, Psicologia, Servi\u00e7o Social. T\u00e9cnicos de Enfermagem, Inform\u00e1tica, Seguran\u00e7a e Transporte, e Telecomunica\u00e7\u00f5es e Eletricidade.<\/span><\/li>\n<li style=\"text-align: justify;\"><span style=\"color: #000000;\"><strong>Tarde de 05\/Mar\u00e7o:<\/strong> Analistas de Arquitetura, Engenharia Civil, Engenharia El\u00e9trica, Engenharia Eletr\u00f4nica, Engenharia Mec\u00e2nica, Desenvolvimento de Inform\u00e1tica, Infraestrutura de Inform\u00e1tica, T\u00e9cnico Judici\u00e1rio da \u00c1rea Administrativa (TJAA).<\/span><\/li>\n<li style=\"text-align: justify;\"><span style=\"color: #000000;\"><strong>Manh\u00e3 de 12\/Mar\u00e7o:\u00a0<\/strong>Analista da \u00c1rea Judici\u00e1ria (AJAJ).<\/span><\/li>\n<li style=\"text-align: justify;\"><span style=\"color: #000000;\"><strong>Tarde de 12\/Mar\u00e7o:<\/strong> Oficial de Justi\u00e7a (OJAF) e Analista da \u00c1rea Administrativa (AJAA).<\/span><\/li>\n<\/ul>\n<p style=\"text-align: justify;\"><span style=\"color: #000000;\">O edital TRF RJ\/ES publicado n\u00e3o previu nenhuma vaga para provimento imediato, apenas a forma\u00e7\u00e3o de cadastro de reserva. Este foi o mesmo procedimento adotado no \u00faltimo concurso TRF2, realizado em 2012. Mesmo assim, <span style=\"text-decoration: underline;\"><strong>foram nomeados mais de 1.000 candidatos<\/strong><\/span> aprovados!<\/span><\/p>\n<p style=\"text-align: justify;\"><span style=\"color: #000000;\">A remunera\u00e7\u00e3o inicial do Analista Judici\u00e1rio \u00e9 de R$10.119,93, \u00a0e para o T\u00e9cnico Judici\u00e1rio \u00e9 de R$6.167,99, por\u00e9m o pr\u00f3prio edital ressalta o fato de que est\u00e1 previsto uma s\u00e9rie de aumentos salariais ao longo do tempo. Estes aumentos j\u00e1 foram aprovados pelo Congresso e sancionados pelo Presidente da Rep\u00fablica. Quando ainda somados todos os benef\u00edcios, como o aux\u00edlio-alimenta\u00e7\u00e3o (R$884), adicionais de qualifica\u00e7\u00e3o (de 1,5% a 12,5%) e as eventuais fun\u00e7\u00f5es gratificadas, que s\u00e3o bastante abundantes no TRF 2, a remunera\u00e7\u00e3o total do Analista Judici\u00e1rio em in\u00edcio de carreira pode ultrapassar os R$14.400,00, e a do T\u00e9cnico Judici\u00e1rio pode superar os R$10.000,00.<\/span><\/p>\n<p style=\"text-align: justify;\"><span style=\"color: #000000;\">De acordo com o edital, as provas objetivas ser\u00e3o divididas em conhecimentos gerais (com 10 a 20 quest\u00f5es, dependendo do cargo, e peso 1) e conhecimentos espec\u00edficos (com 30 a 40 quest\u00f5es, dependendo do cargo, e peso 2).<\/span><\/p>\n<p style=\"text-align: justify;\"><span style=\"color: #000000;\">Os seguintes cargos ter\u00e3o ainda uma prova de Reda\u00e7\u00e3o:<\/span><\/p>\n<ul>\n<li style=\"text-align: justify;\"><span style=\"color: #000000;\">Analista Judici\u00e1rio &#8211; \u00c1rea Administrativa<\/span><\/li>\n<li style=\"text-align: justify;\"><span style=\"color: #000000;\">T\u00e9cnico Judici\u00e1rio &#8211; \u00c1rea Administrativa<\/span><\/li>\n<\/ul>\n<p><span style=\"color: #000000;\">J\u00e1 os demais cargos de Analista Judici\u00e1rio, inclusive o famoso AJAJ (\u00e1rea judici\u00e1ria), ter\u00e3o provas discursivas do tipo Estudo de Caso.<\/span><\/p>\n<p><span style=\"color: #000000;\">Vale dizer ainda que o cargo de T\u00e9cnico Judici\u00e1rio &#8211; Especialidade Seguran\u00e7a e Transporte ter\u00e1 prova de capacidade f\u00edsica.<\/span><\/p>\n<p style=\"text-align: justify;\"><img loading=\"lazy\" decoding=\"async\" class=\"size-medium wp-image-55165 alignleft\" src=\"https:\/\/dhg1h5j42swfq.cloudfront.net\/2016\/11\/16230405\/edital-TRF-RJ.jpg\" alt=\"EDITAL TRF RJ\" width=\"300\" height=\"225\" srcset=\"https:\/\/dhg1h5j42swfq.cloudfront.net\/2016\/11\/16230405\/edital-TRF-RJ.jpg 1024w, https:\/\/dhg1h5j42swfq.cloudfront.net\/2016\/11\/16230405\/edital-TRF-RJ.jpg 300w, https:\/\/dhg1h5j42swfq.cloudfront.net\/2016\/11\/16230405\/edital-TRF-RJ.jpg 768w, https:\/\/dhg1h5j42swfq.cloudfront.net\/2016\/11\/16230405\/edital-TRF-RJ.jpg 400w\" sizes=\"auto, (max-width: 300px) 100vw, 300px\" \/><\/p>\n<p style=\"text-align: justify;\"><span style=\"color: #000000;\">Os candidatos poder\u00e3o prestar provas nas seguintes cidades:<\/span><\/p>\n<ul style=\"text-align: justify;\">\n<li><span style=\"color: #000000;\"><strong>Rio de Janeiro:\u00a0<\/strong>Angra dos Reis, Campos dos Goytacazes, Itaperuna, Maca\u00e9, Niter\u00f3i, Nova Igua\u00e7u, Petr\u00f3polis, Rio de Janeiro, Tr\u00eas Rios e Volta Redonda;<\/span><\/li>\n<li><span style=\"color: #000000;\"><strong>Esp\u00edrito Santo:<\/strong>\u00a0Cachoeiro de Itapemirim, Colatina e Vit\u00f3ria.<\/span><\/li>\n<\/ul>\n<p style=\"text-align: justify;\"><span style=\"color: #000000;\">Como informa o edital, os candidatos s\u00f3 v\u00e3o disputar as vagas do estado em que prestarem a prova. Os cargos que exigem forma\u00e7\u00e3o mais espec\u00edfica, como Biblioteconomia, Arquitetura, Enfermagem, Engenharia etc. ser\u00e3o lotados somente nas Capitais dos estados. Isto n\u00e3o vale para os cargos de Analista da \u00e1rea Judici\u00e1ria e da \u00e1rea Administrativa, bem como os cargos de T\u00e9cnico, que poder\u00e3o ser lotados em qualquer se\u00e7\u00e3o judici\u00e1ria do estado em que tiverem realizado a prova.<\/span><\/p>\n<p style=\"text-align: justify;\"><span style=\"color: #000000;\">Para esta tomada de decis\u00e3o, \u00e9 \u00fatil conhecer a quantidade de candidatos nomeados ao longo da validade do \u00faltimo concurso TRF2. Na tabela abaixo encontra-se a rela\u00e7\u00e3o de nomeados no Estado do Rio de Janeiro:<\/span><\/p>\n<p style=\"text-align: justify;\"><img loading=\"lazy\" decoding=\"async\" class=\"aligncenter wp-image-55167 size-full\" src=\"https:\/\/dhg1h5j42swfq.cloudfront.net\/2016\/11\/16231143\/nomeados-concurso-TRF2-RJ.png\" alt=\"nomeados-concurso-trf2-rj\" width=\"956\" height=\"888\" srcset=\"https:\/\/dhg1h5j42swfq.cloudfront.net\/2016\/11\/16231143\/nomeados-concurso-TRF2-RJ.png 956w, https:\/\/dhg1h5j42swfq.cloudfront.net\/2016\/11\/16231143\/nomeados-concurso-TRF2-RJ.png 300w, https:\/\/dhg1h5j42swfq.cloudfront.net\/2016\/11\/16231143\/nomeados-concurso-TRF2-RJ.png 768w, https:\/\/dhg1h5j42swfq.cloudfront.net\/2016\/11\/16231143\/nomeados-concurso-TRF2-RJ.png 323w\" sizes=\"auto, (max-width: 956px) 100vw, 956px\" \/><\/p>\n<p style=\"text-align: justify;\"><span style=\"color: #000000;\">Vale lembrar que, para este concurso, n\u00e3o havia nenhuma vaga prevista no edital, apenas a forma\u00e7\u00e3o de cadastro de reserva. A seguir s\u00e3o apresentadas as convoca\u00e7\u00f5es realizadas ao longo do \u00faltimo\u00a0concurso TRF2 para o estado do Esp\u00edrito Santo:<\/span><\/p>\n<p style=\"text-align: justify;\"><img loading=\"lazy\" decoding=\"async\" class=\"aligncenter wp-image-55168 size-full\" src=\"https:\/\/dhg1h5j42swfq.cloudfront.net\/2016\/11\/16231231\/nomeados-concurso-TRF2-ES.png\" alt=\"nomeados-concurso-trf2-es\" width=\"958\" height=\"584\" srcset=\"https:\/\/dhg1h5j42swfq.cloudfront.net\/2016\/11\/16231231\/nomeados-concurso-TRF2-ES.png 958w, https:\/\/dhg1h5j42swfq.cloudfront.net\/2016\/11\/16231231\/nomeados-concurso-TRF2-ES.png 300w, https:\/\/dhg1h5j42swfq.cloudfront.net\/2016\/11\/16231231\/nomeados-concurso-TRF2-ES.png 768w, https:\/\/dhg1h5j42swfq.cloudfront.net\/2016\/11\/16231231\/nomeados-concurso-TRF2-ES.png 492w\" sizes=\"auto, (max-width: 958px) 100vw, 958px\" \/><\/p>\n<p style=\"text-align: justify;\"><span style=\"color: #000000;\">Os especialistas do Estrat\u00e9gia Concursos realizaram uma <strong>an\u00e1lise completa do edital<\/strong>. No aul\u00e3o foram apresentados os pontos mais relevantes do edital TRF 2 e, principalmente, t\u00e9cnicas e dicas para que os candidatos realizem a prepara\u00e7\u00e3o nesta reta final. \u00a0A an\u00e1lise foi transmitida pelo canal do Youtube do Estrat\u00e9gia Concursos.\u00a0<\/span><\/p>\n<p style=\"text-align: justify;\"><span style=\"color: #000000;\">J\u00e1 foram lan\u00e7ados cursos completos com aulas em v\u00eddeo, aulas escritas (formato PDF) e f\u00f3rum de d\u00favidas para o concurso TRF 2. Os professores est\u00e3o atualizando os cursos para deix\u00e1-los totalmente ajustados ao edital publicado, e as atualiza\u00e7\u00f5es ser\u00e3o automaticamente disponibilizadas para os alunos matriculados. Para conhecer os materiais e baixar gratuitamente as aulas demonstrativas, acesse:<\/span><\/p>\n<p style=\"text-align: center;\"><span style=\"text-decoration: underline; color: #0000ff;\"><strong><a style=\"color: #0000ff; text-decoration: underline;\" href=\"https:\/\/www.estrategiaconcursos.com.br\/cursosPorConcurso\/trf-2-regiao-43\/\" target=\"_blank\" rel=\"noopener\">CURSOS COMPLETOS PARA O CONCURSO TRF 2 (RJ\/ES)<\/a><\/strong><\/span><\/p>\n<p style=\"text-align: justify;\">A \u00edntegra do edital publicado nesta data pode ser acessada em: <strong><span style=\"text-decoration: underline;\"><span style=\"color: #0000ff; text-decoration: underline;\"><a style=\"color: #0000ff; text-decoration: underline;\" href=\"http:\/\/pesquisa.in.gov.br\/imprensa\/jsp\/visualiza\/index.jsp?jornal=3&amp;pagina=160&amp;data=23\/11\/2016\" target=\"_blank\" rel=\"noopener\">Edital TRF 2 (RJ\/ES)<\/a><\/span><\/span><\/strong>.<\/p>\n<p style=\"text-align: justify;\"><em>Assessoria de Comunica\u00e7\u00e3o &#8211; Estrat\u00e9gia Concursos<\/em><\/p>\n","protected":false},"excerpt":{"rendered":"<p>CONCURSO TRF 2\u00aa REGI\u00c3O (RJ\/ES) TEVE EDITAL PUBLICADO HOJE PARA ANALISTAS E T\u00c9CNICOS JUDICI\u00c1RIOS Foi publicado hoje, 23 de Novembro, o t\u00e3o aguardado edital do concurso TRF 2\u00aa Regi\u00e3o (RJ\/ES) para os cargos de Analista Judici\u00e1rio e T\u00e9cnico Judici\u00e1rio de v\u00e1rias especialidades. De acordo com o documento, preparado pela banca CONSULPLAN, as inscri\u00e7\u00f5es podem ser [&hellip;]<\/p>\n","protected":false},"author":1,"featured_media":55169,"comment_status":"open","ping_status":"open","sticky":false,"template":"","format":"standard","meta":{"post_tipo":"news","footnotes":""},"categories":[1984],"tags":[1614,2030],"tax_estado":[],"class_list":["post-55163","post","type-post","status-publish","format-standard","has-post-thumbnail","hentry","category-tribunais","tag-concurso-trf-2","tag-concurso-trf-rj"],"acf":[],"yoast_head":"<!-- This site is optimized with the Yoast SEO Premium plugin v27.2 (Yoast SEO v27.2) - https:\/\/yoast.com\/product\/yoast-seo-premium-wordpress\/ -->\n<title>Publicado edital do concurso TRF2 (RJ\/ES) - an\u00e1lise COMPLETA<\/title>\n<meta name=\"description\" content=\"Confira a an\u00e1lise COMPLETA do edital do concurso TRF RJ\/ES (2\u00aa Regi\u00e3o) para os cargos de Analista e T\u00e9cnico Judici\u00e1rio. Remunera\u00e7\u00e3o acima de 10 mil reais!\" \/>\n<meta name=\"robots\" content=\"index, follow, max-snippet:-1, max-image-preview:large, max-video-preview:-1\" \/>\n<link rel=\"canonical\" href=\"https:\/\/www.estrategiaconcursos.com.br\/blog\/concurso-trf-2-regiao-rj-es-edital\/\" \/>\n<meta property=\"og:locale\" content=\"pt_BR\" \/>\n<meta property=\"og:type\" content=\"article\" \/>\n<meta property=\"og:title\" content=\"Concurso TRF 2\u00aa Regi\u00e3o (RJ\/ES) teve edital publicado HOJE para Analistas e T\u00e9cnicos Judici\u00e1rios. Saiba mais!\" \/>\n<meta property=\"og:description\" content=\"Confira a an\u00e1lise COMPLETA do edital do concurso TRF RJ\/ES (2\u00aa Regi\u00e3o) para os cargos de Analista e T\u00e9cnico Judici\u00e1rio. Remunera\u00e7\u00e3o acima de 10 mil reais!\" \/>\n<meta property=\"og:url\" content=\"https:\/\/www.estrategiaconcursos.com.br\/blog\/concurso-trf-2-regiao-rj-es-edital\/\" \/>\n<meta property=\"og:site_name\" content=\"Estrat\u00e9gia Concursos\" \/>\n<meta property=\"article:author\" content=\"https:\/\/www.facebook.com\/EstrategiaConcursos\" \/>\n<meta property=\"article:published_time\" content=\"2016-11-23T16:42:12+00:00\" \/>\n<meta property=\"article:modified_time\" content=\"2022-12-02T21:38:12+00:00\" \/>\n<meta property=\"og:image\" content=\"https:\/\/dhg1h5j42swfq.cloudfront.net\/2016\/11\/16232637\/trf-2-miniatura.png\" \/>\n\t<meta property=\"og:image:width\" content=\"1920\" \/>\n\t<meta property=\"og:image:height\" content=\"1080\" \/>\n\t<meta property=\"og:image:type\" content=\"image\/png\" \/>\n<meta name=\"author\" content=\"Coordena\u00e7\u00e3o\" \/>\n<meta name=\"twitter:card\" content=\"summary_large_image\" \/>\n<meta name=\"twitter:creator\" content=\"@EstratConcursos\" \/>\n<meta name=\"twitter:site\" content=\"@EstratConcursos\" \/>\n<meta name=\"twitter:label1\" content=\"Escrito por\" \/>\n\t<meta name=\"twitter:data1\" content=\"Coordena\u00e7\u00e3o\" \/>\n\t<meta name=\"twitter:label2\" content=\"Est. tempo de leitura\" \/>\n\t<meta name=\"twitter:data2\" content=\"4 minutos\" \/>\n<script type=\"application\/ld+json\" class=\"yoast-schema-graph\">{\"@context\":\"https:\/\/schema.org\",\"@graph\":[{\"@type\":\"NewsArticle\",\"@id\":\"https:\/\/www.estrategiaconcursos.com.br\/blog\/concurso-trf-2-regiao-rj-es-edital\/#article\",\"isPartOf\":{\"@id\":\"https:\/\/www.estrategiaconcursos.com.br\/blog\/concurso-trf-2-regiao-rj-es-edital\/\"},\"author\":{\"name\":\"Coordena\u00e7\u00e3o\",\"@id\":\"https:\/\/www.estrategiaconcursos.com.br\/blog\/#\/schema\/person\/b4a388c97673c5f483d72185668afa1f\"},\"headline\":\"Concurso TRF 2\u00aa Regi\u00e3o (RJ\/ES) teve edital publicado HOJE para Analistas e T\u00e9cnicos Judici\u00e1rios. Saiba mais!\",\"datePublished\":\"2016-11-23T16:42:12+00:00\",\"dateModified\":\"2022-12-02T21:38:12+00:00\",\"mainEntityOfPage\":{\"@id\":\"https:\/\/www.estrategiaconcursos.com.br\/blog\/concurso-trf-2-regiao-rj-es-edital\/\"},\"wordCount\":877,\"commentCount\":16,\"publisher\":{\"@id\":\"https:\/\/www.estrategiaconcursos.com.br\/blog\/#organization\"},\"image\":{\"@id\":\"https:\/\/www.estrategiaconcursos.com.br\/blog\/concurso-trf-2-regiao-rj-es-edital\/#primaryimage\"},\"thumbnailUrl\":\"https:\/\/dhg1h5j42swfq.cloudfront.net\/2016\/11\/16232637\/trf-2-miniatura.png\",\"keywords\":[\"concurso trf 2\",\"CONCURSO TRF RJ\"],\"articleSection\":[\"Tribunais\"],\"inLanguage\":\"pt-BR\",\"potentialAction\":[{\"@type\":\"CommentAction\",\"name\":\"Comment\",\"target\":[\"https:\/\/www.estrategiaconcursos.com.br\/blog\/concurso-trf-2-regiao-rj-es-edital\/#respond\"]}],\"copyrightYear\":\"2016\",\"copyrightHolder\":{\"@id\":\"https:\/\/www.estrategiaconcursos.com.br\/blog\/#organization\"}},{\"@type\":\"WebPage\",\"@id\":\"https:\/\/www.estrategiaconcursos.com.br\/blog\/concurso-trf-2-regiao-rj-es-edital\/\",\"url\":\"https:\/\/www.estrategiaconcursos.com.br\/blog\/concurso-trf-2-regiao-rj-es-edital\/\",\"name\":\"Publicado edital do concurso TRF2 (RJ\/ES) - an\u00e1lise COMPLETA\",\"isPartOf\":{\"@id\":\"https:\/\/www.estrategiaconcursos.com.br\/blog\/#website\"},\"primaryImageOfPage\":{\"@id\":\"https:\/\/www.estrategiaconcursos.com.br\/blog\/concurso-trf-2-regiao-rj-es-edital\/#primaryimage\"},\"image\":{\"@id\":\"https:\/\/www.estrategiaconcursos.com.br\/blog\/concurso-trf-2-regiao-rj-es-edital\/#primaryimage\"},\"thumbnailUrl\":\"https:\/\/dhg1h5j42swfq.cloudfront.net\/2016\/11\/16232637\/trf-2-miniatura.png\",\"datePublished\":\"2016-11-23T16:42:12+00:00\",\"dateModified\":\"2022-12-02T21:38:12+00:00\",\"description\":\"Confira a an\u00e1lise COMPLETA do edital do concurso TRF RJ\/ES (2\u00aa Regi\u00e3o) para os cargos de Analista e T\u00e9cnico Judici\u00e1rio. Remunera\u00e7\u00e3o acima de 10 mil reais!\",\"breadcrumb\":{\"@id\":\"https:\/\/www.estrategiaconcursos.com.br\/blog\/concurso-trf-2-regiao-rj-es-edital\/#breadcrumb\"},\"inLanguage\":\"pt-BR\",\"potentialAction\":[{\"@type\":\"ReadAction\",\"target\":[\"https:\/\/www.estrategiaconcursos.com.br\/blog\/concurso-trf-2-regiao-rj-es-edital\/\"]}]},{\"@type\":\"ImageObject\",\"inLanguage\":\"pt-BR\",\"@id\":\"https:\/\/www.estrategiaconcursos.com.br\/blog\/concurso-trf-2-regiao-rj-es-edital\/#primaryimage\",\"url\":\"https:\/\/dhg1h5j42swfq.cloudfront.net\/2016\/11\/16232637\/trf-2-miniatura.png\",\"contentUrl\":\"https:\/\/dhg1h5j42swfq.cloudfront.net\/2016\/11\/16232637\/trf-2-miniatura.png\",\"width\":1920,\"height\":1080,\"caption\":\"EDITAL TRF 2 RJ ES CONCURSO\"},{\"@type\":\"BreadcrumbList\",\"@id\":\"https:\/\/www.estrategiaconcursos.com.br\/blog\/concurso-trf-2-regiao-rj-es-edital\/#breadcrumb\",\"itemListElement\":[{\"@type\":\"ListItem\",\"position\":1,\"name\":\"In\u00edcio\",\"item\":\"https:\/\/www.estrategiaconcursos.com.br\/blog\/\"},{\"@type\":\"ListItem\",\"position\":2,\"name\":\"Concurso TRF 2\u00aa Regi\u00e3o (RJ\/ES) teve edital publicado HOJE para Analistas e T\u00e9cnicos Judici\u00e1rios. Saiba mais!\"}]},{\"@type\":\"WebSite\",\"@id\":\"https:\/\/www.estrategiaconcursos.com.br\/blog\/#website\",\"url\":\"https:\/\/www.estrategiaconcursos.com.br\/blog\/\",\"name\":\"Estrat\u00e9gia Concursos\",\"description\":\"O blog da Estrat\u00e9gia Concursos traz not\u00edcias sobre concursos e artigos de professores oferecendo cursos para concursos (pdf + videaulas) no site.\",\"publisher\":{\"@id\":\"https:\/\/www.estrategiaconcursos.com.br\/blog\/#organization\"},\"potentialAction\":[{\"@type\":\"SearchAction\",\"target\":{\"@type\":\"EntryPoint\",\"urlTemplate\":\"https:\/\/www.estrategiaconcursos.com.br\/blog\/?s={search_term_string}\"},\"query-input\":{\"@type\":\"PropertyValueSpecification\",\"valueRequired\":true,\"valueName\":\"search_term_string\"}}],\"inLanguage\":\"pt-BR\"},{\"@type\":\"Organization\",\"@id\":\"https:\/\/www.estrategiaconcursos.com.br\/blog\/#organization\",\"name\":\"Estrat\u00e9gia Concursos\",\"url\":\"https:\/\/www.estrategiaconcursos.com.br\/blog\/\",\"logo\":{\"@type\":\"ImageObject\",\"inLanguage\":\"pt-BR\",\"@id\":\"https:\/\/www.estrategiaconcursos.com.br\/blog\/#\/schema\/logo\/image\/\",\"url\":\"https:\/\/dhg1h5j42swfq.cloudfront.net\/2025\/06\/03203428\/logo_concursos-1.jpg\",\"contentUrl\":\"https:\/\/dhg1h5j42swfq.cloudfront.net\/2025\/06\/03203428\/logo_concursos-1.jpg\",\"width\":230,\"height\":60,\"caption\":\"Estrat\u00e9gia Concursos\"},\"image\":{\"@id\":\"https:\/\/www.estrategiaconcursos.com.br\/blog\/#\/schema\/logo\/image\/\"},\"sameAs\":[\"https:\/\/x.com\/EstratConcursos\"]},{\"@type\":\"Person\",\"@id\":\"https:\/\/www.estrategiaconcursos.com.br\/blog\/#\/schema\/person\/b4a388c97673c5f483d72185668afa1f\",\"name\":\"Coordena\u00e7\u00e3o\",\"image\":{\"@type\":\"ImageObject\",\"inLanguage\":\"pt-BR\",\"@id\":\"https:\/\/secure.gravatar.com\/avatar\/b720319e4c9a967eb58678d110f4fe35452fc5d5f97b202bac7b8acceb18c6ad?s=96&d=mm&r=g\",\"url\":\"https:\/\/secure.gravatar.com\/avatar\/b720319e4c9a967eb58678d110f4fe35452fc5d5f97b202bac7b8acceb18c6ad?s=96&d=mm&r=g\",\"contentUrl\":\"https:\/\/secure.gravatar.com\/avatar\/b720319e4c9a967eb58678d110f4fe35452fc5d5f97b202bac7b8acceb18c6ad?s=96&d=mm&r=g\",\"caption\":\"Coordena\u00e7\u00e3o\"},\"sameAs\":[\"https:\/\/www.facebook.com\/EstrategiaConcursos\",\"https:\/\/x.com\/EstratConcursos\"],\"url\":\"https:\/\/www.estrategiaconcursos.com.br\/blog\/author\/estrategia2013\/\"}]}<\/script>\n<!-- \/ Yoast SEO Premium plugin. -->","yoast_head_json":{"title":"Publicado edital do concurso TRF2 (RJ\/ES) - an\u00e1lise COMPLETA","description":"Confira a an\u00e1lise COMPLETA do edital do concurso TRF RJ\/ES (2\u00aa Regi\u00e3o) para os cargos de Analista e T\u00e9cnico Judici\u00e1rio. Remunera\u00e7\u00e3o acima de 10 mil reais!","robots":{"index":"index","follow":"follow","max-snippet":"max-snippet:-1","max-image-preview":"max-image-preview:large","max-video-preview":"max-video-preview:-1"},"canonical":"https:\/\/www.estrategiaconcursos.com.br\/blog\/concurso-trf-2-regiao-rj-es-edital\/","og_locale":"pt_BR","og_type":"article","og_title":"Concurso TRF 2\u00aa Regi\u00e3o (RJ\/ES) teve edital publicado HOJE para Analistas e T\u00e9cnicos Judici\u00e1rios. Saiba mais!","og_description":"Confira a an\u00e1lise COMPLETA do edital do concurso TRF RJ\/ES (2\u00aa Regi\u00e3o) para os cargos de Analista e T\u00e9cnico Judici\u00e1rio. Remunera\u00e7\u00e3o acima de 10 mil reais!","og_url":"https:\/\/www.estrategiaconcursos.com.br\/blog\/concurso-trf-2-regiao-rj-es-edital\/","og_site_name":"Estrat\u00e9gia Concursos","article_author":"https:\/\/www.facebook.com\/EstrategiaConcursos","article_published_time":"2016-11-23T16:42:12+00:00","article_modified_time":"2022-12-02T21:38:12+00:00","og_image":[{"width":1920,"height":1080,"url":"https:\/\/dhg1h5j42swfq.cloudfront.net\/2016\/11\/16232637\/trf-2-miniatura.png","type":"image\/png"}],"author":"Coordena\u00e7\u00e3o","twitter_card":"summary_large_image","twitter_creator":"@EstratConcursos","twitter_site":"@EstratConcursos","twitter_misc":{"Escrito por":"Coordena\u00e7\u00e3o","Est. tempo de leitura":"4 minutos"},"schema":{"@context":"https:\/\/schema.org","@graph":[{"@type":"NewsArticle","@id":"https:\/\/www.estrategiaconcursos.com.br\/blog\/concurso-trf-2-regiao-rj-es-edital\/#article","isPartOf":{"@id":"https:\/\/www.estrategiaconcursos.com.br\/blog\/concurso-trf-2-regiao-rj-es-edital\/"},"author":{"name":"Coordena\u00e7\u00e3o","@id":"https:\/\/www.estrategiaconcursos.com.br\/blog\/#\/schema\/person\/b4a388c97673c5f483d72185668afa1f"},"headline":"Concurso TRF 2\u00aa Regi\u00e3o (RJ\/ES) teve edital publicado HOJE para Analistas e T\u00e9cnicos Judici\u00e1rios. Saiba mais!","datePublished":"2016-11-23T16:42:12+00:00","dateModified":"2022-12-02T21:38:12+00:00","mainEntityOfPage":{"@id":"https:\/\/www.estrategiaconcursos.com.br\/blog\/concurso-trf-2-regiao-rj-es-edital\/"},"wordCount":877,"commentCount":16,"publisher":{"@id":"https:\/\/www.estrategiaconcursos.com.br\/blog\/#organization"},"image":{"@id":"https:\/\/www.estrategiaconcursos.com.br\/blog\/concurso-trf-2-regiao-rj-es-edital\/#primaryimage"},"thumbnailUrl":"https:\/\/dhg1h5j42swfq.cloudfront.net\/2016\/11\/16232637\/trf-2-miniatura.png","keywords":["concurso trf 2","CONCURSO TRF RJ"],"articleSection":["Tribunais"],"inLanguage":"pt-BR","potentialAction":[{"@type":"CommentAction","name":"Comment","target":["https:\/\/www.estrategiaconcursos.com.br\/blog\/concurso-trf-2-regiao-rj-es-edital\/#respond"]}],"copyrightYear":"2016","copyrightHolder":{"@id":"https:\/\/www.estrategiaconcursos.com.br\/blog\/#organization"}},{"@type":"WebPage","@id":"https:\/\/www.estrategiaconcursos.com.br\/blog\/concurso-trf-2-regiao-rj-es-edital\/","url":"https:\/\/www.estrategiaconcursos.com.br\/blog\/concurso-trf-2-regiao-rj-es-edital\/","name":"Publicado edital do concurso TRF2 (RJ\/ES) - an\u00e1lise COMPLETA","isPartOf":{"@id":"https:\/\/www.estrategiaconcursos.com.br\/blog\/#website"},"primaryImageOfPage":{"@id":"https:\/\/www.estrategiaconcursos.com.br\/blog\/concurso-trf-2-regiao-rj-es-edital\/#primaryimage"},"image":{"@id":"https:\/\/www.estrategiaconcursos.com.br\/blog\/concurso-trf-2-regiao-rj-es-edital\/#primaryimage"},"thumbnailUrl":"https:\/\/dhg1h5j42swfq.cloudfront.net\/2016\/11\/16232637\/trf-2-miniatura.png","datePublished":"2016-11-23T16:42:12+00:00","dateModified":"2022-12-02T21:38:12+00:00","description":"Confira a an\u00e1lise COMPLETA do edital do concurso TRF RJ\/ES (2\u00aa Regi\u00e3o) para os cargos de Analista e T\u00e9cnico Judici\u00e1rio. Remunera\u00e7\u00e3o acima de 10 mil reais!","breadcrumb":{"@id":"https:\/\/www.estrategiaconcursos.com.br\/blog\/concurso-trf-2-regiao-rj-es-edital\/#breadcrumb"},"inLanguage":"pt-BR","potentialAction":[{"@type":"ReadAction","target":["https:\/\/www.estrategiaconcursos.com.br\/blog\/concurso-trf-2-regiao-rj-es-edital\/"]}]},{"@type":"ImageObject","inLanguage":"pt-BR","@id":"https:\/\/www.estrategiaconcursos.com.br\/blog\/concurso-trf-2-regiao-rj-es-edital\/#primaryimage","url":"https:\/\/dhg1h5j42swfq.cloudfront.net\/2016\/11\/16232637\/trf-2-miniatura.png","contentUrl":"https:\/\/dhg1h5j42swfq.cloudfront.net\/2016\/11\/16232637\/trf-2-miniatura.png","width":1920,"height":1080,"caption":"EDITAL TRF 2 RJ ES CONCURSO"},{"@type":"BreadcrumbList","@id":"https:\/\/www.estrategiaconcursos.com.br\/blog\/concurso-trf-2-regiao-rj-es-edital\/#breadcrumb","itemListElement":[{"@type":"ListItem","position":1,"name":"In\u00edcio","item":"https:\/\/www.estrategiaconcursos.com.br\/blog\/"},{"@type":"ListItem","position":2,"name":"Concurso TRF 2\u00aa Regi\u00e3o (RJ\/ES) teve edital publicado HOJE para Analistas e T\u00e9cnicos Judici\u00e1rios. Saiba mais!"}]},{"@type":"WebSite","@id":"https:\/\/www.estrategiaconcursos.com.br\/blog\/#website","url":"https:\/\/www.estrategiaconcursos.com.br\/blog\/","name":"Estrat\u00e9gia Concursos","description":"O blog da Estrat\u00e9gia Concursos traz not\u00edcias sobre concursos e artigos de professores oferecendo cursos para concursos (pdf + videaulas) no site.","publisher":{"@id":"https:\/\/www.estrategiaconcursos.com.br\/blog\/#organization"},"potentialAction":[{"@type":"SearchAction","target":{"@type":"EntryPoint","urlTemplate":"https:\/\/www.estrategiaconcursos.com.br\/blog\/?s={search_term_string}"},"query-input":{"@type":"PropertyValueSpecification","valueRequired":true,"valueName":"search_term_string"}}],"inLanguage":"pt-BR"},{"@type":"Organization","@id":"https:\/\/www.estrategiaconcursos.com.br\/blog\/#organization","name":"Estrat\u00e9gia Concursos","url":"https:\/\/www.estrategiaconcursos.com.br\/blog\/","logo":{"@type":"ImageObject","inLanguage":"pt-BR","@id":"https:\/\/www.estrategiaconcursos.com.br\/blog\/#\/schema\/logo\/image\/","url":"https:\/\/dhg1h5j42swfq.cloudfront.net\/2025\/06\/03203428\/logo_concursos-1.jpg","contentUrl":"https:\/\/dhg1h5j42swfq.cloudfront.net\/2025\/06\/03203428\/logo_concursos-1.jpg","width":230,"height":60,"caption":"Estrat\u00e9gia Concursos"},"image":{"@id":"https:\/\/www.estrategiaconcursos.com.br\/blog\/#\/schema\/logo\/image\/"},"sameAs":["https:\/\/x.com\/EstratConcursos"]},{"@type":"Person","@id":"https:\/\/www.estrategiaconcursos.com.br\/blog\/#\/schema\/person\/b4a388c97673c5f483d72185668afa1f","name":"Coordena\u00e7\u00e3o","image":{"@type":"ImageObject","inLanguage":"pt-BR","@id":"https:\/\/secure.gravatar.com\/avatar\/b720319e4c9a967eb58678d110f4fe35452fc5d5f97b202bac7b8acceb18c6ad?s=96&d=mm&r=g","url":"https:\/\/secure.gravatar.com\/avatar\/b720319e4c9a967eb58678d110f4fe35452fc5d5f97b202bac7b8acceb18c6ad?s=96&d=mm&r=g","contentUrl":"https:\/\/secure.gravatar.com\/avatar\/b720319e4c9a967eb58678d110f4fe35452fc5d5f97b202bac7b8acceb18c6ad?s=96&d=mm&r=g","caption":"Coordena\u00e7\u00e3o"},"sameAs":["https:\/\/www.facebook.com\/EstrategiaConcursos","https:\/\/x.com\/EstratConcursos"],"url":"https:\/\/www.estrategiaconcursos.com.br\/blog\/author\/estrategia2013\/"}]}},"_links":{"self":[{"href":"https:\/\/www.estrategiaconcursos.com.br\/blog\/wp-json\/wp\/v2\/posts\/55163","targetHints":{"allow":["GET"]}}],"collection":[{"href":"https:\/\/www.estrategiaconcursos.com.br\/blog\/wp-json\/wp\/v2\/posts"}],"about":[{"href":"https:\/\/www.estrategiaconcursos.com.br\/blog\/wp-json\/wp\/v2\/types\/post"}],"author":[{"embeddable":true,"href":"https:\/\/www.estrategiaconcursos.com.br\/blog\/wp-json\/wp\/v2\/users\/1"}],"replies":[{"embeddable":true,"href":"https:\/\/www.estrategiaconcursos.com.br\/blog\/wp-json\/wp\/v2\/comments?post=55163"}],"version-history":[{"count":13,"href":"https:\/\/www.estrategiaconcursos.com.br\/blog\/wp-json\/wp\/v2\/posts\/55163\/revisions"}],"predecessor-version":[{"id":1133675,"href":"https:\/\/www.estrategiaconcursos.com.br\/blog\/wp-json\/wp\/v2\/posts\/55163\/revisions\/1133675"}],"wp:featuredmedia":[{"embeddable":true,"href":"https:\/\/www.estrategiaconcursos.com.br\/blog\/wp-json\/wp\/v2\/media\/55169"}],"wp:attachment":[{"href":"https:\/\/www.estrategiaconcursos.com.br\/blog\/wp-json\/wp\/v2\/media?parent=55163"}],"wp:term":[{"taxonomy":"category","embeddable":true,"href":"https:\/\/www.estrategiaconcursos.com.br\/blog\/wp-json\/wp\/v2\/categories?post=55163"},{"taxonomy":"post_tag","embeddable":true,"href":"https:\/\/www.estrategiaconcursos.com.br\/blog\/wp-json\/wp\/v2\/tags?post=55163"},{"taxonomy":"tax_estado","embeddable":true,"href":"https:\/\/www.estrategiaconcursos.com.br\/blog\/wp-json\/wp\/v2\/tax_estado?post=55163"}],"curies":[{"name":"wp","href":"https:\/\/api.w.org\/{rel}","templated":true}]}}