{"id":551545,"date":"2020-08-06T17:00:00","date_gmt":"2020-08-06T20:00:00","guid":{"rendered":"https:\/\/www.estrategiaconcursos.com.br\/blog\/?p=551545"},"modified":"2020-08-05T19:12:17","modified_gmt":"2020-08-05T22:12:17","slug":"plano-de-estudos-advogado-do-senado","status":"publish","type":"post","link":"https:\/\/www.estrategiaconcursos.com.br\/blog\/plano-de-estudos-advogado-do-senado\/","title":{"rendered":"Plano de Estudos Advogado do Senado: reforce sua prepara\u00e7\u00e3o"},"content":{"rendered":"\n<p>A professora Thais Souza ministra nesta quinta-feira, 06 de agosto de 2020, \u00e0s 18:00, a aula ao vivo e gratuita sobre o Plano de Estudos Advogado do Senado. Acompanhe o evento atrav\u00e9s do canal do Estrat\u00e9gia Concursos no Youtube. <\/p>\n\n\n\n<h4 class=\"wp-block-heading\">Cronograma<\/h4>\n\n\n\n<p class=\"has-background has-very-light-gray-background-color\"><strong><em>Data: 05 de agosto de 2020<br \/>Hor\u00e1rio: 18:00<\/em><\/strong><\/p>\n\n\n\n<h4 class=\"wp-block-heading\">Evento ao vivo<\/h4>\n\n\n<figure class=\"wp-block-embed-youtube wp-block-embed is-type-video is-provider-youtube wp-embed-aspect-16-9 wp-has-aspect-ratio\"><div class=\"lyte-wrapper\" style=\"width:853px;max-width:100%;margin:5px;\"><div class=\"lyMe\" id=\"WYL_SNEi-g6_M98\"><div id=\"lyte_SNEi-g6_M98\" data-src=\"\/\/i.ytimg.com\/vi\/SNEi-g6_M98\/hqdefault.jpg\" class=\"pL\"><div class=\"tC\"><div class=\"tT\"><\/div><\/div><div class=\"play\"><\/div><div class=\"ctrl\"><div class=\"Lctrl\"><\/div><div class=\"Rctrl\"><\/div><\/div><\/div><noscript><a href=\"https:\/\/youtu.be\/SNEi-g6_M98\" rel=\"nofollow\"><img loading=\"lazy\" decoding=\"async\" src=\"https:\/\/i.ytimg.com\/vi\/SNEi-g6_M98\/0.jpg\" alt=\"YouTube video thumbnail\" width=\"853\" height=\"460\" \/><br \/>Assista a este v\u00eddeo no YouTube<\/a><\/noscript><\/div><\/div><div class=\"lL\" style=\"max-width:100%;width:853px;margin:5px;\"><\/div><figcaption><\/figcaption><\/figure>\n\n\n<h4 class=\"wp-block-heading\">Advogado do Senado \u2013 Curiosidades<\/h4>\n\n\n\n<p>Foi publicado o Projeto B\u00e1sico Simplificado do concurso Senado Federal, que visa ofertar <strong>40 oportunidades<\/strong> para cargos de n\u00edveis m\u00e9dio e superior, visando o preenchimento de vagas para T\u00e9cnico Legislativo (Policial Legislativo), Advogado e Analista Legislativo.<\/p>\n\n\n\n<p>O documento reitera que a escolha da banca organizadora, que conta com as finalistas&nbsp;<strong>Cebraspe, Idecan e FGV<\/strong>, ser\u00e1 realizada via dispensa de licita\u00e7\u00e3o. Al\u00e9m disso, informa que o certame ser\u00e1 constitu\u00eddo pelas seguintes etapas:<\/p>\n\n\n\n<ol class=\"wp-block-list\"><li>Prova Objetiva;<\/li><li>Prova Discursiva;<\/li><li>Prova Pr\u00e1tica, para Analista Legislativo \u2013 Registro e Reda\u00e7\u00e3o Parlamentar;<\/li><li>Exame de Sanidade F\u00edsica e Mental;<\/li><li>Teste de Aptid\u00e3o F\u00edsica;<\/li><li>Exame Psicot\u00e9cnico;<\/li><li>Sindic\u00e2ncia de Vida Pregressa e Investiga\u00e7\u00e3o Social,&nbsp;para Policial Legislativo;<\/li><li>Prova Oral, para Advogado;<\/li><li>Prova de T\u00edtulos, para todos os cargos.<\/li><\/ol>\n\n\n\n<p class=\"has-text-align-center\"><strong><a rel=\"noreferrer noopener\" href=\"https:\/\/dhg1h5j42swfq.cloudfront.net\/2020\/07\/29201624\/Projeto-Senado.pdf\" target=\"_blank\">Baixe AQUI o Projeto B\u00e1sico<\/a><\/strong><\/p>\n\n\n\n<p>Quer saber mais sobre o concurso? Clique no link abaixo e fique por dentro de tudo.<\/p>\n\n\n\n<p class=\"has-text-align-center\"><strong>Saiba mais: <a href=\"https:\/\/www.estrategiaconcursos.com.br\/blog\/concurso-senado-federal\/\">Concurso Senado Federal<\/a><\/strong><\/p>\n\n\n\n<p class=\"has-text-align-center\"><em><strong>Assinatura Anual Ilimitada*<\/strong><\/em><\/p>\n\n\n\n<p class=\"has-text-align-center\"><em>Prepare-se com o melhor material e com quem mais aprova em Concursos P\u00fablicos em todo o pa\u00eds. Assine agora a nossa Assinatura Anual e tenha acesso ilimitado* a todos os nossos cursos.<\/em><\/p>\n\n\n\n<p class=\"has-background has-text-align-center has-light-green-cyan-background-color\"><strong>ASSINE AGORA&nbsp;\u2013&nbsp;<\/strong><a href=\"https:\/\/www.estrategiaconcursos.com.br\/assinaturas\" target=\"_blank\" rel=\"noreferrer noopener\"><strong>Assinatura Ilimitada<\/strong><\/a><\/p>\n\n\n\n<p class=\"has-text-align-center\"><strong><em><strong>Sistema de Quest\u00f5es<\/strong><\/em><\/strong> <strong><em>&#8211; Plano de Estudos Advogado do Senado<\/em><\/strong><\/p>\n\n\n\n<p class=\"has-text-align-center\">Estrat\u00e9gia Quest\u00f5es nasceu maior do que todos os concorrentes, com mais quest\u00f5es cadastradas e mais solu\u00e7\u00f5es por professores. Clique no link e aproveite os descontos e b\u00f4nus imperd\u00edveis!<\/p>\n\n\n\n<p class=\"has-background has-text-align-center has-vivid-green-cyan-background-color\"><strong>ASSINE AGORA \u2013&nbsp;<a href=\"https:\/\/www.estrategiaconcursos.com.br\/cursosPorConcurso\/sistema-de-questoes\/#\/\" target=\"_blank\" rel=\"noreferrer noopener\">Sistema de Quest\u00f5es<\/a><\/strong><\/p>\n\n\n\n<h3 class=\"has-text-align-center wp-block-heading\" id=\"guia-de-estudos-senado-federal\">Guia de Estudos Senado Federal<\/h3>\n\n\n\n<p class=\"has-text-align-center\">Acesse agora o <a href=\"https:\/\/www.estrategiaconcursos.com.br\/blog\/guia-de-estudos-para-o-senado-federal\/\" target=\"_blank\" rel=\"noreferrer noopener\"><strong>Guia de Estudos Senado Federal<\/strong><\/a><\/p>\n\n\n\n<p class=\"has-text-align-center\"><strong><em>Fique por dentro de todos os concursos<\/em><\/strong> <strong><em>com editais publicados e com editais previstos<\/em><\/strong><\/p>\n\n\n\n<p class=\"has-background has-text-align-center has-pale-cyan-blue-background-color\"><a href=\"https:\/\/www.estrategiaconcursos.com.br\/blog\/concursos-abertos\/\" target=\"_blank\" rel=\"noreferrer noopener\"><strong>CONCURSOS ABERTOS<\/strong><\/a><\/p>\n\n\n\n<p class=\"has-background has-text-align-center has-pale-cyan-blue-background-color\"><a href=\"https:\/\/www.estrategiaconcursos.com.br\/blog\/concursos-2020\/\" target=\"_blank\" rel=\"noreferrer noopener\"><strong>CONCURSOS&nbsp;2020<\/strong><\/a><\/p>\n\n\n\n<p class=\"has-background has-text-align-center has-pale-cyan-blue-background-color\"><strong><a href=\"https:\/\/www.estrategiaconcursos.com.br\/blog\/concursos-2021\/\" target=\"_blank\" rel=\"noreferrer noopener\">CONCURSOS&nbsp;2021<\/a><\/strong><\/p>\n","protected":false},"excerpt":{"rendered":"<p>A professora Thais Souza ministra nesta quinta-feira, 06 de agosto de 2020, \u00e0s 18:00, a aula ao vivo e gratuita sobre o Plano de Estudos Advogado do Senado. Acompanhe o evento atrav\u00e9s do canal do Estrat\u00e9gia Concursos no Youtube. Cronograma Data: 05 de agosto de 2020Hor\u00e1rio: 18:00 Evento ao vivo Advogado do Senado \u2013 Curiosidades [&hellip;]<\/p>\n","protected":false},"author":93,"featured_media":551904,"comment_status":"open","ping_status":"closed","sticky":false,"template":"","format":"standard","meta":{"post_tipo":"article","footnotes":""},"categories":[1],"tags":[],"tax_estado":[],"class_list":["post-551545","post","type-post","status-publish","format-standard","has-post-thumbnail","hentry","category-cursos-e-concursos"],"acf":[],"yoast_head":"<!-- This site is optimized with the Yoast SEO Premium plugin v27.2 (Yoast SEO v27.2) - https:\/\/yoast.com\/product\/yoast-seo-premium-wordpress\/ -->\n<title>Plano de Estudos Advogado do Senado: reforce sua prepara\u00e7\u00e3o<\/title>\n<meta name=\"description\" content=\"Plano de Estudos Advogado do Senado: reforce sua prepara\u00e7\u00e3o com o evento ao vivi desta quinta-feira (6). Saiba mais neste artigo.\" \/>\n<meta name=\"robots\" content=\"index, follow, max-snippet:-1, max-image-preview:large, max-video-preview:-1\" \/>\n<link rel=\"canonical\" href=\"https:\/\/www.estrategiaconcursos.com.br\/blog\/plano-de-estudos-advogado-do-senado\/\" \/>\n<meta property=\"og:locale\" content=\"pt_BR\" \/>\n<meta property=\"og:type\" content=\"article\" \/>\n<meta property=\"og:title\" content=\"Plano de Estudos Advogado do Senado: reforce sua prepara\u00e7\u00e3o\" \/>\n<meta property=\"og:description\" content=\"Plano de Estudos Advogado do Senado: reforce sua prepara\u00e7\u00e3o com o evento ao vivi desta quinta-feira (6). Saiba mais neste artigo.\" \/>\n<meta property=\"og:url\" content=\"https:\/\/www.estrategiaconcursos.com.br\/blog\/plano-de-estudos-advogado-do-senado\/\" \/>\n<meta property=\"og:site_name\" content=\"Estrat\u00e9gia Concursos\" \/>\n<meta property=\"article:published_time\" content=\"2020-08-06T20:00:00+00:00\" \/>\n<meta property=\"og:image\" content=\"https:\/\/dhg1h5j42swfq.cloudfront.net\/2020\/08\/05190824\/YTB_ADVOGADO-SENADO.jpg\" \/>\n\t<meta property=\"og:image:width\" content=\"1280\" \/>\n\t<meta property=\"og:image:height\" content=\"720\" \/>\n\t<meta property=\"og:image:type\" content=\"image\/jpeg\" \/>\n<meta name=\"author\" content=\"Vinicius Silva\" \/>\n<meta name=\"twitter:card\" content=\"summary_large_image\" \/>\n<meta name=\"twitter:creator\" content=\"@EstratConcursos\" \/>\n<meta name=\"twitter:site\" content=\"@EstratConcursos\" \/>\n<meta name=\"twitter:label1\" content=\"Escrito por\" \/>\n\t<meta name=\"twitter:data1\" content=\"Vinicius Silva\" \/>\n\t<meta name=\"twitter:label2\" content=\"Est. tempo de leitura\" \/>\n\t<meta name=\"twitter:data2\" content=\"2 minutos\" \/>\n<script type=\"application\/ld+json\" class=\"yoast-schema-graph\">{\"@context\":\"https:\/\/schema.org\",\"@graph\":[{\"@type\":\"NewsArticle\",\"@id\":\"https:\/\/www.estrategiaconcursos.com.br\/blog\/plano-de-estudos-advogado-do-senado\/#article\",\"isPartOf\":{\"@id\":\"https:\/\/www.estrategiaconcursos.com.br\/blog\/plano-de-estudos-advogado-do-senado\/\"},\"author\":{\"name\":\"Vinicius Silva\",\"@id\":\"https:\/\/www.estrategiaconcursos.com.br\/blog\/#\/schema\/person\/20030622a981f9a942ad6b3561fe4ca4\"},\"headline\":\"Plano de Estudos Advogado do Senado: reforce sua prepara\u00e7\u00e3o\",\"datePublished\":\"2020-08-06T20:00:00+00:00\",\"mainEntityOfPage\":{\"@id\":\"https:\/\/www.estrategiaconcursos.com.br\/blog\/plano-de-estudos-advogado-do-senado\/\"},\"wordCount\":359,\"commentCount\":0,\"publisher\":{\"@id\":\"https:\/\/www.estrategiaconcursos.com.br\/blog\/#organization\"},\"image\":{\"@id\":\"https:\/\/www.estrategiaconcursos.com.br\/blog\/plano-de-estudos-advogado-do-senado\/#primaryimage\"},\"thumbnailUrl\":\"https:\/\/dhg1h5j42swfq.cloudfront.net\/2020\/08\/05190824\/YTB_ADVOGADO-SENADO.jpg\",\"articleSection\":[\"Concursos P\u00fablicos\"],\"inLanguage\":\"pt-BR\",\"potentialAction\":[{\"@type\":\"CommentAction\",\"name\":\"Comment\",\"target\":[\"https:\/\/www.estrategiaconcursos.com.br\/blog\/plano-de-estudos-advogado-do-senado\/#respond\"]}],\"copyrightYear\":\"2020\",\"copyrightHolder\":{\"@id\":\"https:\/\/www.estrategiaconcursos.com.br\/blog\/#organization\"}},{\"@type\":\"WebPage\",\"@id\":\"https:\/\/www.estrategiaconcursos.com.br\/blog\/plano-de-estudos-advogado-do-senado\/\",\"url\":\"https:\/\/www.estrategiaconcursos.com.br\/blog\/plano-de-estudos-advogado-do-senado\/\",\"name\":\"Plano de Estudos Advogado do Senado: reforce sua prepara\u00e7\u00e3o\",\"isPartOf\":{\"@id\":\"https:\/\/www.estrategiaconcursos.com.br\/blog\/#website\"},\"primaryImageOfPage\":{\"@id\":\"https:\/\/www.estrategiaconcursos.com.br\/blog\/plano-de-estudos-advogado-do-senado\/#primaryimage\"},\"image\":{\"@id\":\"https:\/\/www.estrategiaconcursos.com.br\/blog\/plano-de-estudos-advogado-do-senado\/#primaryimage\"},\"thumbnailUrl\":\"https:\/\/dhg1h5j42swfq.cloudfront.net\/2020\/08\/05190824\/YTB_ADVOGADO-SENADO.jpg\",\"datePublished\":\"2020-08-06T20:00:00+00:00\",\"description\":\"Plano de Estudos Advogado do Senado: reforce sua prepara\u00e7\u00e3o com o evento ao vivi desta quinta-feira (6). Saiba mais neste artigo.\",\"breadcrumb\":{\"@id\":\"https:\/\/www.estrategiaconcursos.com.br\/blog\/plano-de-estudos-advogado-do-senado\/#breadcrumb\"},\"inLanguage\":\"pt-BR\",\"potentialAction\":[{\"@type\":\"ReadAction\",\"target\":[\"https:\/\/www.estrategiaconcursos.com.br\/blog\/plano-de-estudos-advogado-do-senado\/\"]}]},{\"@type\":\"ImageObject\",\"inLanguage\":\"pt-BR\",\"@id\":\"https:\/\/www.estrategiaconcursos.com.br\/blog\/plano-de-estudos-advogado-do-senado\/#primaryimage\",\"url\":\"https:\/\/dhg1h5j42swfq.cloudfront.net\/2020\/08\/05190824\/YTB_ADVOGADO-SENADO.jpg\",\"contentUrl\":\"https:\/\/dhg1h5j42swfq.cloudfront.net\/2020\/08\/05190824\/YTB_ADVOGADO-SENADO.jpg\",\"width\":1280,\"height\":720,\"caption\":\"advogado do senado\"},{\"@type\":\"BreadcrumbList\",\"@id\":\"https:\/\/www.estrategiaconcursos.com.br\/blog\/plano-de-estudos-advogado-do-senado\/#breadcrumb\",\"itemListElement\":[{\"@type\":\"ListItem\",\"position\":1,\"name\":\"In\u00edcio\",\"item\":\"https:\/\/www.estrategiaconcursos.com.br\/blog\/\"},{\"@type\":\"ListItem\",\"position\":2,\"name\":\"Plano de Estudos Advogado do Senado: reforce sua prepara\u00e7\u00e3o\"}]},{\"@type\":\"WebSite\",\"@id\":\"https:\/\/www.estrategiaconcursos.com.br\/blog\/#website\",\"url\":\"https:\/\/www.estrategiaconcursos.com.br\/blog\/\",\"name\":\"Estrat\u00e9gia Concursos\",\"description\":\"O blog da Estrat\u00e9gia Concursos traz not\u00edcias sobre concursos e artigos de professores oferecendo cursos para concursos (pdf + videaulas) no site.\",\"publisher\":{\"@id\":\"https:\/\/www.estrategiaconcursos.com.br\/blog\/#organization\"},\"potentialAction\":[{\"@type\":\"SearchAction\",\"target\":{\"@type\":\"EntryPoint\",\"urlTemplate\":\"https:\/\/www.estrategiaconcursos.com.br\/blog\/?s={search_term_string}\"},\"query-input\":{\"@type\":\"PropertyValueSpecification\",\"valueRequired\":true,\"valueName\":\"search_term_string\"}}],\"inLanguage\":\"pt-BR\"},{\"@type\":\"Organization\",\"@id\":\"https:\/\/www.estrategiaconcursos.com.br\/blog\/#organization\",\"name\":\"Estrat\u00e9gia Concursos\",\"url\":\"https:\/\/www.estrategiaconcursos.com.br\/blog\/\",\"logo\":{\"@type\":\"ImageObject\",\"inLanguage\":\"pt-BR\",\"@id\":\"https:\/\/www.estrategiaconcursos.com.br\/blog\/#\/schema\/logo\/image\/\",\"url\":\"https:\/\/dhg1h5j42swfq.cloudfront.net\/2025\/06\/03203428\/logo_concursos-1.jpg\",\"contentUrl\":\"https:\/\/dhg1h5j42swfq.cloudfront.net\/2025\/06\/03203428\/logo_concursos-1.jpg\",\"width\":230,\"height\":60,\"caption\":\"Estrat\u00e9gia Concursos\"},\"image\":{\"@id\":\"https:\/\/www.estrategiaconcursos.com.br\/blog\/#\/schema\/logo\/image\/\"},\"sameAs\":[\"https:\/\/x.com\/EstratConcursos\"]},{\"@type\":\"Person\",\"@id\":\"https:\/\/www.estrategiaconcursos.com.br\/blog\/#\/schema\/person\/20030622a981f9a942ad6b3561fe4ca4\",\"name\":\"Vinicius Silva\",\"image\":{\"@type\":\"ImageObject\",\"inLanguage\":\"pt-BR\",\"@id\":\"https:\/\/secure.gravatar.com\/avatar\/604d9670a4c7eea71feaa4381f3ae97e148292ac402671c5944aa67a3d127663?s=96&d=mm&r=g\",\"url\":\"https:\/\/secure.gravatar.com\/avatar\/604d9670a4c7eea71feaa4381f3ae97e148292ac402671c5944aa67a3d127663?s=96&d=mm&r=g\",\"contentUrl\":\"https:\/\/secure.gravatar.com\/avatar\/604d9670a4c7eea71feaa4381f3ae97e148292ac402671c5944aa67a3d127663?s=96&d=mm&r=g\",\"caption\":\"Vinicius Silva\"},\"url\":\"https:\/\/www.estrategiaconcursos.com.br\/blog\/author\/viniciussilvaestrategiaconcursos-com-br\/\"}]}<\/script>\n<!-- \/ Yoast SEO Premium plugin. -->","yoast_head_json":{"title":"Plano de Estudos Advogado do Senado: reforce sua prepara\u00e7\u00e3o","description":"Plano de Estudos Advogado do Senado: reforce sua prepara\u00e7\u00e3o com o evento ao vivi desta quinta-feira (6). Saiba mais neste artigo.","robots":{"index":"index","follow":"follow","max-snippet":"max-snippet:-1","max-image-preview":"max-image-preview:large","max-video-preview":"max-video-preview:-1"},"canonical":"https:\/\/www.estrategiaconcursos.com.br\/blog\/plano-de-estudos-advogado-do-senado\/","og_locale":"pt_BR","og_type":"article","og_title":"Plano de Estudos Advogado do Senado: reforce sua prepara\u00e7\u00e3o","og_description":"Plano de Estudos Advogado do Senado: reforce sua prepara\u00e7\u00e3o com o evento ao vivi desta quinta-feira (6). Saiba mais neste artigo.","og_url":"https:\/\/www.estrategiaconcursos.com.br\/blog\/plano-de-estudos-advogado-do-senado\/","og_site_name":"Estrat\u00e9gia Concursos","article_published_time":"2020-08-06T20:00:00+00:00","og_image":[{"width":1280,"height":720,"url":"https:\/\/dhg1h5j42swfq.cloudfront.net\/2020\/08\/05190824\/YTB_ADVOGADO-SENADO.jpg","type":"image\/jpeg"}],"author":"Vinicius Silva","twitter_card":"summary_large_image","twitter_creator":"@EstratConcursos","twitter_site":"@EstratConcursos","twitter_misc":{"Escrito por":"Vinicius Silva","Est. tempo de leitura":"2 minutos"},"schema":{"@context":"https:\/\/schema.org","@graph":[{"@type":"NewsArticle","@id":"https:\/\/www.estrategiaconcursos.com.br\/blog\/plano-de-estudos-advogado-do-senado\/#article","isPartOf":{"@id":"https:\/\/www.estrategiaconcursos.com.br\/blog\/plano-de-estudos-advogado-do-senado\/"},"author":{"name":"Vinicius Silva","@id":"https:\/\/www.estrategiaconcursos.com.br\/blog\/#\/schema\/person\/20030622a981f9a942ad6b3561fe4ca4"},"headline":"Plano de Estudos Advogado do Senado: reforce sua prepara\u00e7\u00e3o","datePublished":"2020-08-06T20:00:00+00:00","mainEntityOfPage":{"@id":"https:\/\/www.estrategiaconcursos.com.br\/blog\/plano-de-estudos-advogado-do-senado\/"},"wordCount":359,"commentCount":0,"publisher":{"@id":"https:\/\/www.estrategiaconcursos.com.br\/blog\/#organization"},"image":{"@id":"https:\/\/www.estrategiaconcursos.com.br\/blog\/plano-de-estudos-advogado-do-senado\/#primaryimage"},"thumbnailUrl":"https:\/\/dhg1h5j42swfq.cloudfront.net\/2020\/08\/05190824\/YTB_ADVOGADO-SENADO.jpg","articleSection":["Concursos P\u00fablicos"],"inLanguage":"pt-BR","potentialAction":[{"@type":"CommentAction","name":"Comment","target":["https:\/\/www.estrategiaconcursos.com.br\/blog\/plano-de-estudos-advogado-do-senado\/#respond"]}],"copyrightYear":"2020","copyrightHolder":{"@id":"https:\/\/www.estrategiaconcursos.com.br\/blog\/#organization"}},{"@type":"WebPage","@id":"https:\/\/www.estrategiaconcursos.com.br\/blog\/plano-de-estudos-advogado-do-senado\/","url":"https:\/\/www.estrategiaconcursos.com.br\/blog\/plano-de-estudos-advogado-do-senado\/","name":"Plano de Estudos Advogado do Senado: reforce sua prepara\u00e7\u00e3o","isPartOf":{"@id":"https:\/\/www.estrategiaconcursos.com.br\/blog\/#website"},"primaryImageOfPage":{"@id":"https:\/\/www.estrategiaconcursos.com.br\/blog\/plano-de-estudos-advogado-do-senado\/#primaryimage"},"image":{"@id":"https:\/\/www.estrategiaconcursos.com.br\/blog\/plano-de-estudos-advogado-do-senado\/#primaryimage"},"thumbnailUrl":"https:\/\/dhg1h5j42swfq.cloudfront.net\/2020\/08\/05190824\/YTB_ADVOGADO-SENADO.jpg","datePublished":"2020-08-06T20:00:00+00:00","description":"Plano de Estudos Advogado do Senado: reforce sua prepara\u00e7\u00e3o com o evento ao vivi desta quinta-feira (6). Saiba mais neste artigo.","breadcrumb":{"@id":"https:\/\/www.estrategiaconcursos.com.br\/blog\/plano-de-estudos-advogado-do-senado\/#breadcrumb"},"inLanguage":"pt-BR","potentialAction":[{"@type":"ReadAction","target":["https:\/\/www.estrategiaconcursos.com.br\/blog\/plano-de-estudos-advogado-do-senado\/"]}]},{"@type":"ImageObject","inLanguage":"pt-BR","@id":"https:\/\/www.estrategiaconcursos.com.br\/blog\/plano-de-estudos-advogado-do-senado\/#primaryimage","url":"https:\/\/dhg1h5j42swfq.cloudfront.net\/2020\/08\/05190824\/YTB_ADVOGADO-SENADO.jpg","contentUrl":"https:\/\/dhg1h5j42swfq.cloudfront.net\/2020\/08\/05190824\/YTB_ADVOGADO-SENADO.jpg","width":1280,"height":720,"caption":"advogado do senado"},{"@type":"BreadcrumbList","@id":"https:\/\/www.estrategiaconcursos.com.br\/blog\/plano-de-estudos-advogado-do-senado\/#breadcrumb","itemListElement":[{"@type":"ListItem","position":1,"name":"In\u00edcio","item":"https:\/\/www.estrategiaconcursos.com.br\/blog\/"},{"@type":"ListItem","position":2,"name":"Plano de Estudos Advogado do Senado: reforce sua prepara\u00e7\u00e3o"}]},{"@type":"WebSite","@id":"https:\/\/www.estrategiaconcursos.com.br\/blog\/#website","url":"https:\/\/www.estrategiaconcursos.com.br\/blog\/","name":"Estrat\u00e9gia Concursos","description":"O blog da Estrat\u00e9gia Concursos traz not\u00edcias sobre concursos e artigos de professores oferecendo cursos para concursos (pdf + videaulas) no site.","publisher":{"@id":"https:\/\/www.estrategiaconcursos.com.br\/blog\/#organization"},"potentialAction":[{"@type":"SearchAction","target":{"@type":"EntryPoint","urlTemplate":"https:\/\/www.estrategiaconcursos.com.br\/blog\/?s={search_term_string}"},"query-input":{"@type":"PropertyValueSpecification","valueRequired":true,"valueName":"search_term_string"}}],"inLanguage":"pt-BR"},{"@type":"Organization","@id":"https:\/\/www.estrategiaconcursos.com.br\/blog\/#organization","name":"Estrat\u00e9gia Concursos","url":"https:\/\/www.estrategiaconcursos.com.br\/blog\/","logo":{"@type":"ImageObject","inLanguage":"pt-BR","@id":"https:\/\/www.estrategiaconcursos.com.br\/blog\/#\/schema\/logo\/image\/","url":"https:\/\/dhg1h5j42swfq.cloudfront.net\/2025\/06\/03203428\/logo_concursos-1.jpg","contentUrl":"https:\/\/dhg1h5j42swfq.cloudfront.net\/2025\/06\/03203428\/logo_concursos-1.jpg","width":230,"height":60,"caption":"Estrat\u00e9gia Concursos"},"image":{"@id":"https:\/\/www.estrategiaconcursos.com.br\/blog\/#\/schema\/logo\/image\/"},"sameAs":["https:\/\/x.com\/EstratConcursos"]},{"@type":"Person","@id":"https:\/\/www.estrategiaconcursos.com.br\/blog\/#\/schema\/person\/20030622a981f9a942ad6b3561fe4ca4","name":"Vinicius Silva","image":{"@type":"ImageObject","inLanguage":"pt-BR","@id":"https:\/\/secure.gravatar.com\/avatar\/604d9670a4c7eea71feaa4381f3ae97e148292ac402671c5944aa67a3d127663?s=96&d=mm&r=g","url":"https:\/\/secure.gravatar.com\/avatar\/604d9670a4c7eea71feaa4381f3ae97e148292ac402671c5944aa67a3d127663?s=96&d=mm&r=g","contentUrl":"https:\/\/secure.gravatar.com\/avatar\/604d9670a4c7eea71feaa4381f3ae97e148292ac402671c5944aa67a3d127663?s=96&d=mm&r=g","caption":"Vinicius Silva"},"url":"https:\/\/www.estrategiaconcursos.com.br\/blog\/author\/viniciussilvaestrategiaconcursos-com-br\/"}]}},"_links":{"self":[{"href":"https:\/\/www.estrategiaconcursos.com.br\/blog\/wp-json\/wp\/v2\/posts\/551545","targetHints":{"allow":["GET"]}}],"collection":[{"href":"https:\/\/www.estrategiaconcursos.com.br\/blog\/wp-json\/wp\/v2\/posts"}],"about":[{"href":"https:\/\/www.estrategiaconcursos.com.br\/blog\/wp-json\/wp\/v2\/types\/post"}],"author":[{"embeddable":true,"href":"https:\/\/www.estrategiaconcursos.com.br\/blog\/wp-json\/wp\/v2\/users\/93"}],"replies":[{"embeddable":true,"href":"https:\/\/www.estrategiaconcursos.com.br\/blog\/wp-json\/wp\/v2\/comments?post=551545"}],"version-history":[{"count":6,"href":"https:\/\/www.estrategiaconcursos.com.br\/blog\/wp-json\/wp\/v2\/posts\/551545\/revisions"}],"predecessor-version":[{"id":551905,"href":"https:\/\/www.estrategiaconcursos.com.br\/blog\/wp-json\/wp\/v2\/posts\/551545\/revisions\/551905"}],"wp:featuredmedia":[{"embeddable":true,"href":"https:\/\/www.estrategiaconcursos.com.br\/blog\/wp-json\/wp\/v2\/media\/551904"}],"wp:attachment":[{"href":"https:\/\/www.estrategiaconcursos.com.br\/blog\/wp-json\/wp\/v2\/media?parent=551545"}],"wp:term":[{"taxonomy":"category","embeddable":true,"href":"https:\/\/www.estrategiaconcursos.com.br\/blog\/wp-json\/wp\/v2\/categories?post=551545"},{"taxonomy":"post_tag","embeddable":true,"href":"https:\/\/www.estrategiaconcursos.com.br\/blog\/wp-json\/wp\/v2\/tags?post=551545"},{"taxonomy":"tax_estado","embeddable":true,"href":"https:\/\/www.estrategiaconcursos.com.br\/blog\/wp-json\/wp\/v2\/tax_estado?post=551545"}],"curies":[{"name":"wp","href":"https:\/\/api.w.org\/{rel}","templated":true}]}}