{"id":551316,"date":"2020-08-04T18:51:00","date_gmt":"2020-08-04T21:51:00","guid":{"rendered":"https:\/\/www.estrategiaconcursos.com.br\/blog\/?p=551316"},"modified":"2023-04-18T16:35:07","modified_gmt":"2023-04-18T19:35:07","slug":"lc-173-2020-tribunais-eleitorais","status":"publish","type":"post","link":"https:\/\/www.estrategiaconcursos.com.br\/blog\/lc-173-2020-tribunais-eleitorais\/","title":{"rendered":"Aux\u00edlio a estados restringe contrata\u00e7\u00f5es nos Tribunais Eleitorais"},"content":{"rendered":"\n<p>De acordo com o disposto em um Of\u00edcio encaminhado pelo Tribunal Superior Eleitoral ao Diretor-Geral do Tribunal Regional Eleitoral do Distrito Federal, a Lei Complementar 173\/2020, que estabeleceu o Plano Federativo de Enfrentamento ao Coronav\u00edrus passou tamb\u00e9m a afetar provimentos de cargos nos Tribunais Eleitorais do pa\u00eds. <\/p>\n\n\n\n<p>Isso porque, todos os <strong>provimentos de cargos efetivos<\/strong> a serem realizados no \u00e2mbito dos Tribunais Eleitorais<strong> <\/strong>nos exerc\u00edcios financeiros de 2020 e 2021 <strong>ficar\u00e3o restritos \u00e0s reposi\u00e7\u00f5es de vac\u00e2ncias<\/strong> ocorridas entre o dia 28 de maio, data de publica\u00e7\u00e3o da Lei, e o dia 31 de dezembro de 2020, data prevista para o t\u00e9rmino do estado de calamidade anunciado em todo o pa\u00eds. <\/p>\n\n\n\n<p>J\u00e1 os cargos efetivos decorrentes de aposentadorias ou falecimento neste per\u00edodo dever\u00e3o observar os quantitativos anunciados na <a rel=\"noreferrer noopener\" href=\"http:\/\/www.tse.jus.br\/legislacao\/compilada\/prt\/2017\/portaria-no-671-de-13-de-setembro-de-2017?texto=compilado\" target=\"_blank\">Portaria-TSE de n.\u00ba 671\/2017<\/a> (recentemente alterada pela Portaria-TSE de n\u00ba 33, de 16 de janeiro de 2020), cuja revis\u00e3o para abranger o novo entendimento ser\u00e1 divulgada oportunamente. <\/p>\n\n\n\n<p>O entendimento ficou assim firmado em raz\u00e3o do <a rel=\"noreferrer noopener\" href=\"https:\/\/edoc.ufam.edu.br\/bitstream\/123456789\/3443\/1\/PARECER_SEI_N%c2%ba_10970_2020_ME-Provimentos%20de%20reposi%c3%a7%c3%b5es%20apenas%20que%20sa%c3%adram%20durante%20a%20LC%20173%202020.pdf\" target=\"_blank\">Parecer SEI n.\u00ba 10970\/2020\/ME<\/a> da <strong>Procuradoria da Fazenda Nacional<\/strong>, que tratou da interpreta\u00e7\u00e3o do artigo 8\u00ba da Lei Complementar 173\/2020, no que toca ao congelamento de cargos e despesas com servidores p\u00fablicos, n\u00e3o s\u00f3 em rela\u00e7\u00e3o aos Tribunais Eleitorais como para os demais \u00f3rg\u00e3os e entes federativos. <\/p>\n\n\n\n<p class=\"has-text-align-center has-very-light-gray-background-color has-background\" style=\"font-size:clamp(16.293px, 1.018rem + ((1vw - 3.2px) * 0.854), 25px);px\"><strong>MAIS INFORMA\u00c7\u00d5ES: <a rel=\"noreferrer noopener\" aria-label=\"Concursos TRE (abre numa nova aba)\" href=\"https:\/\/www.estrategiaconcursos.com.br\/blog\/concursos-tre\/\" target=\"_blank\">Concursos TRE<\/a><\/strong><\/p>\n\n\n\n<p class=\"has-text-align-center has-luminous-vivid-amber-background-color has-background\" style=\"font-size:clamp(19.481px, 1.218rem + ((1vw - 3.2px) * 1.129), 31px);px\"><span style=\"text-decoration: underline;\"><strong><a rel=\"noreferrer noopener\" aria-label=\"CURSO TRE (abre numa nova aba)\" href=\"https:\/\/www.estrategiaconcursos.com.br\/cursosPorConcurso\/tres-cursos-regulares-55\/\" target=\"_blank\">CURSO TRE<\/a><\/strong><\/span><\/p>\n\n\n\n<p class=\"has-text-align-center has-medium-font-size\"><strong><em><strong>Sistema de Quest\u00f5es<\/strong><\/em><\/strong><\/p>\n\n\n\n<p class=\"has-text-align-center\">Estrat\u00e9gia Quest\u00f5es nasceu maior do que todos os concorrentes, com mais quest\u00f5es cadastradas e mais solu\u00e7\u00f5es por professores. Clique no link e aproveite os descontos e b\u00f4nus imperd\u00edveis!<\/p>\n\n\n\n<p class=\"has-text-align-center has-very-dark-gray-color has-vivid-green-cyan-background-color has-text-color has-background\" style=\"font-size:clamp(14.642px, 0.915rem + ((1vw - 3.2px) * 0.721), 22px);px\"><strong>ASSINE AGORA &#8211; <a href=\"https:\/\/www.estrategiaconcursos.com.br\/cursosPorConcurso\/sistema-de-questoes\/#\/\" target=\"_blank\" rel=\"noreferrer noopener\">Sistema de Quest\u00f5es<\/a><\/strong><\/p>\n\n\n\n<p class=\"has-text-align-center has-medium-font-size\"><em><strong>Assinatura Anual Ilimitada*<\/strong><\/em><\/p>\n\n\n\n<p class=\"has-text-align-center\"><em>Prepare-se com o melhor material e com quem mais aprova em&nbsp;Concursos P\u00fablicos de todo o pa\u00eds. Assine agora a nossa Assinatura Anual e tenha acesso ilimitado a todos os nossos cursos.<\/em><\/p>\n\n\n\n<p class=\"has-text-align-center has-light-green-cyan-background-color has-background has-medium-font-size\"><strong>ASSINE AGORA<\/strong>&nbsp;\u2013&nbsp;<a rel=\"noreferrer noopener\" href=\"https:\/\/www.estrategiaconcursos.com.br\/assinaturas\" target=\"_blank\"><strong>Assinatura Ilimitada<\/strong><\/a><\/p>\n\n\n\n<p class=\"has-text-align-center has-pale-cyan-blue-background-color has-background has-medium-font-size\"><strong><a href=\"https:\/\/www.estrategiaconcursos.com.br\/blog\/concursos-abertos\/\">CONCURSOS ABERTOS<\/a><\/strong><\/p>\n\n\n\n<p class=\"has-text-align-center has-very-light-gray-background-color has-background\" style=\"font-size:clamp(14px, 0.875rem + ((1vw - 3.2px) * 0.392), 18px);px\"><strong><a href=\"https:\/\/www.estrategiaconcursos.com.br\/blog\/concursos-tribunais\/\" target=\"_blank\" rel=\"noreferrer noopener\">CONCURSOS TRIBUNAIS<\/a><\/strong><\/p>\n","protected":false},"excerpt":{"rendered":"<p>De acordo com o disposto em um Of\u00edcio encaminhado pelo Tribunal Superior Eleitoral ao Diretor-Geral do Tribunal Regional Eleitoral do Distrito Federal, a Lei Complementar 173\/2020, que estabeleceu o Plano Federativo de Enfrentamento ao Coronav\u00edrus passou tamb\u00e9m a afetar provimentos de cargos nos Tribunais Eleitorais do pa\u00eds. Isso porque, todos os provimentos de cargos efetivos [&hellip;]<\/p>\n","protected":false},"author":1170,"featured_media":378772,"comment_status":"open","ping_status":"closed","sticky":false,"template":"","format":"standard","meta":{"post_tipo":"article","footnotes":""},"categories":[1,1984],"tags":[],"tax_estado":[],"class_list":["post-551316","post","type-post","status-publish","format-standard","has-post-thumbnail","hentry","category-cursos-e-concursos","category-tribunais"],"acf":[],"yoast_head":"<!-- This site is optimized with the Yoast SEO Premium plugin v27.2 (Yoast SEO v27.2) - https:\/\/yoast.com\/product\/yoast-seo-premium-wordpress\/ -->\n<title>Aux\u00edlio a estados restringe contrata\u00e7\u00f5es nos Tribunais Eleitorais<\/title>\n<meta name=\"description\" content=\"Tribunais Eleitorais passam a ser impactados pelo congelamento de contrata\u00e7\u00f5es e despesas com pessoal decorrentes da Lei Complementar n.\u00ba 173\/2020.\" \/>\n<meta name=\"robots\" content=\"index, follow, max-snippet:-1, max-image-preview:large, max-video-preview:-1\" \/>\n<link rel=\"canonical\" href=\"https:\/\/www.estrategiaconcursos.com.br\/blog\/lc-173-2020-tribunais-eleitorais\/\" \/>\n<meta property=\"og:locale\" content=\"pt_BR\" \/>\n<meta property=\"og:type\" content=\"article\" \/>\n<meta property=\"og:title\" content=\"Aux\u00edlio a estados restringe contrata\u00e7\u00f5es nos Tribunais Eleitorais\" \/>\n<meta property=\"og:description\" content=\"Tribunais Eleitorais passam a ser impactados pelo congelamento de contrata\u00e7\u00f5es e despesas com pessoal decorrentes da Lei Complementar n.\u00ba 173\/2020.\" \/>\n<meta property=\"og:url\" content=\"https:\/\/www.estrategiaconcursos.com.br\/blog\/lc-173-2020-tribunais-eleitorais\/\" \/>\n<meta property=\"og:site_name\" content=\"Estrat\u00e9gia Concursos\" \/>\n<meta property=\"article:published_time\" content=\"2020-08-04T21:51:00+00:00\" \/>\n<meta property=\"article:modified_time\" content=\"2023-04-18T19:35:07+00:00\" \/>\n<meta property=\"og:image\" content=\"https:\/\/dhg1h5j42swfq.cloudfront.net\/2019\/05\/27150144\/concursos-tre.jpg\" \/>\n\t<meta property=\"og:image:width\" content=\"401\" \/>\n\t<meta property=\"og:image:height\" content=\"208\" \/>\n\t<meta property=\"og:image:type\" content=\"image\/jpeg\" \/>\n<meta name=\"author\" content=\"Fabiano Pereira\" \/>\n<meta name=\"twitter:card\" content=\"summary_large_image\" \/>\n<meta name=\"twitter:creator\" content=\"@EstratConcursos\" \/>\n<meta name=\"twitter:site\" content=\"@EstratConcursos\" \/>\n<meta name=\"twitter:label1\" content=\"Escrito por\" \/>\n\t<meta name=\"twitter:data1\" content=\"Fabiano Pereira\" \/>\n\t<meta name=\"twitter:label2\" content=\"Est. tempo de leitura\" \/>\n\t<meta name=\"twitter:data2\" content=\"2 minutos\" \/>\n<script type=\"application\/ld+json\" class=\"yoast-schema-graph\">{\"@context\":\"https:\/\/schema.org\",\"@graph\":[{\"@type\":\"NewsArticle\",\"@id\":\"https:\/\/www.estrategiaconcursos.com.br\/blog\/lc-173-2020-tribunais-eleitorais\/#article\",\"isPartOf\":{\"@id\":\"https:\/\/www.estrategiaconcursos.com.br\/blog\/lc-173-2020-tribunais-eleitorais\/\"},\"author\":{\"name\":\"Fabiano Pereira\",\"@id\":\"https:\/\/www.estrategiaconcursos.com.br\/blog\/#\/schema\/person\/73a0097d005d0e0410a58869a4ff0dad\"},\"headline\":\"Aux\u00edlio a estados restringe contrata\u00e7\u00f5es nos Tribunais Eleitorais\",\"datePublished\":\"2020-08-04T21:51:00+00:00\",\"dateModified\":\"2023-04-18T19:35:07+00:00\",\"mainEntityOfPage\":{\"@id\":\"https:\/\/www.estrategiaconcursos.com.br\/blog\/lc-173-2020-tribunais-eleitorais\/\"},\"wordCount\":327,\"commentCount\":1,\"publisher\":{\"@id\":\"https:\/\/www.estrategiaconcursos.com.br\/blog\/#organization\"},\"image\":{\"@id\":\"https:\/\/www.estrategiaconcursos.com.br\/blog\/lc-173-2020-tribunais-eleitorais\/#primaryimage\"},\"thumbnailUrl\":\"https:\/\/dhg1h5j42swfq.cloudfront.net\/2019\/05\/27150144\/concursos-tre.jpg\",\"articleSection\":[\"Concursos P\u00fablicos\",\"Tribunais\"],\"inLanguage\":\"pt-BR\",\"potentialAction\":[{\"@type\":\"CommentAction\",\"name\":\"Comment\",\"target\":[\"https:\/\/www.estrategiaconcursos.com.br\/blog\/lc-173-2020-tribunais-eleitorais\/#respond\"]}],\"copyrightYear\":\"2020\",\"copyrightHolder\":{\"@id\":\"https:\/\/www.estrategiaconcursos.com.br\/blog\/#organization\"}},{\"@type\":\"WebPage\",\"@id\":\"https:\/\/www.estrategiaconcursos.com.br\/blog\/lc-173-2020-tribunais-eleitorais\/\",\"url\":\"https:\/\/www.estrategiaconcursos.com.br\/blog\/lc-173-2020-tribunais-eleitorais\/\",\"name\":\"Aux\u00edlio a estados restringe contrata\u00e7\u00f5es nos Tribunais Eleitorais\",\"isPartOf\":{\"@id\":\"https:\/\/www.estrategiaconcursos.com.br\/blog\/#website\"},\"primaryImageOfPage\":{\"@id\":\"https:\/\/www.estrategiaconcursos.com.br\/blog\/lc-173-2020-tribunais-eleitorais\/#primaryimage\"},\"image\":{\"@id\":\"https:\/\/www.estrategiaconcursos.com.br\/blog\/lc-173-2020-tribunais-eleitorais\/#primaryimage\"},\"thumbnailUrl\":\"https:\/\/dhg1h5j42swfq.cloudfront.net\/2019\/05\/27150144\/concursos-tre.jpg\",\"datePublished\":\"2020-08-04T21:51:00+00:00\",\"dateModified\":\"2023-04-18T19:35:07+00:00\",\"description\":\"Tribunais Eleitorais passam a ser impactados pelo congelamento de contrata\u00e7\u00f5es e despesas com pessoal decorrentes da Lei Complementar n.\u00ba 173\/2020.\",\"breadcrumb\":{\"@id\":\"https:\/\/www.estrategiaconcursos.com.br\/blog\/lc-173-2020-tribunais-eleitorais\/#breadcrumb\"},\"inLanguage\":\"pt-BR\",\"potentialAction\":[{\"@type\":\"ReadAction\",\"target\":[\"https:\/\/www.estrategiaconcursos.com.br\/blog\/lc-173-2020-tribunais-eleitorais\/\"]}]},{\"@type\":\"ImageObject\",\"inLanguage\":\"pt-BR\",\"@id\":\"https:\/\/www.estrategiaconcursos.com.br\/blog\/lc-173-2020-tribunais-eleitorais\/#primaryimage\",\"url\":\"https:\/\/dhg1h5j42swfq.cloudfront.net\/2019\/05\/27150144\/concursos-tre.jpg\",\"contentUrl\":\"https:\/\/dhg1h5j42swfq.cloudfront.net\/2019\/05\/27150144\/concursos-tre.jpg\",\"width\":401,\"height\":208,\"caption\":\"Tribunais Eleitorais\"},{\"@type\":\"BreadcrumbList\",\"@id\":\"https:\/\/www.estrategiaconcursos.com.br\/blog\/lc-173-2020-tribunais-eleitorais\/#breadcrumb\",\"itemListElement\":[{\"@type\":\"ListItem\",\"position\":1,\"name\":\"In\u00edcio\",\"item\":\"https:\/\/www.estrategiaconcursos.com.br\/blog\/\"},{\"@type\":\"ListItem\",\"position\":2,\"name\":\"Aux\u00edlio a estados restringe contrata\u00e7\u00f5es nos Tribunais Eleitorais\"}]},{\"@type\":\"WebSite\",\"@id\":\"https:\/\/www.estrategiaconcursos.com.br\/blog\/#website\",\"url\":\"https:\/\/www.estrategiaconcursos.com.br\/blog\/\",\"name\":\"Estrat\u00e9gia Concursos\",\"description\":\"O blog da Estrat\u00e9gia Concursos traz not\u00edcias sobre concursos e artigos de professores oferecendo cursos para concursos (pdf + videaulas) no site.\",\"publisher\":{\"@id\":\"https:\/\/www.estrategiaconcursos.com.br\/blog\/#organization\"},\"potentialAction\":[{\"@type\":\"SearchAction\",\"target\":{\"@type\":\"EntryPoint\",\"urlTemplate\":\"https:\/\/www.estrategiaconcursos.com.br\/blog\/?s={search_term_string}\"},\"query-input\":{\"@type\":\"PropertyValueSpecification\",\"valueRequired\":true,\"valueName\":\"search_term_string\"}}],\"inLanguage\":\"pt-BR\"},{\"@type\":\"Organization\",\"@id\":\"https:\/\/www.estrategiaconcursos.com.br\/blog\/#organization\",\"name\":\"Estrat\u00e9gia Concursos\",\"url\":\"https:\/\/www.estrategiaconcursos.com.br\/blog\/\",\"logo\":{\"@type\":\"ImageObject\",\"inLanguage\":\"pt-BR\",\"@id\":\"https:\/\/www.estrategiaconcursos.com.br\/blog\/#\/schema\/logo\/image\/\",\"url\":\"https:\/\/dhg1h5j42swfq.cloudfront.net\/2025\/06\/03203428\/logo_concursos-1.jpg\",\"contentUrl\":\"https:\/\/dhg1h5j42swfq.cloudfront.net\/2025\/06\/03203428\/logo_concursos-1.jpg\",\"width\":230,\"height\":60,\"caption\":\"Estrat\u00e9gia Concursos\"},\"image\":{\"@id\":\"https:\/\/www.estrategiaconcursos.com.br\/blog\/#\/schema\/logo\/image\/\"},\"sameAs\":[\"https:\/\/x.com\/EstratConcursos\"]},{\"@type\":\"Person\",\"@id\":\"https:\/\/www.estrategiaconcursos.com.br\/blog\/#\/schema\/person\/73a0097d005d0e0410a58869a4ff0dad\",\"name\":\"Fabiano Pereira\",\"image\":{\"@type\":\"ImageObject\",\"inLanguage\":\"pt-BR\",\"@id\":\"https:\/\/secure.gravatar.com\/avatar\/2d50d79dc60f78c8adffae60393ee45fd6d79c9cb3bd6c1abc9a574ca4f1ff0a?s=96&d=mm&r=g\",\"url\":\"https:\/\/secure.gravatar.com\/avatar\/2d50d79dc60f78c8adffae60393ee45fd6d79c9cb3bd6c1abc9a574ca4f1ff0a?s=96&d=mm&r=g\",\"contentUrl\":\"https:\/\/secure.gravatar.com\/avatar\/2d50d79dc60f78c8adffae60393ee45fd6d79c9cb3bd6c1abc9a574ca4f1ff0a?s=96&d=mm&r=g\",\"caption\":\"Fabiano Pereira\"},\"url\":\"https:\/\/www.estrategiaconcursos.com.br\/blog\/author\/professorfabianopereirayahoo-com-br\/\"}]}<\/script>\n<!-- \/ Yoast SEO Premium plugin. -->","yoast_head_json":{"title":"Aux\u00edlio a estados restringe contrata\u00e7\u00f5es nos Tribunais Eleitorais","description":"Tribunais Eleitorais passam a ser impactados pelo congelamento de contrata\u00e7\u00f5es e despesas com pessoal decorrentes da Lei Complementar n.\u00ba 173\/2020.","robots":{"index":"index","follow":"follow","max-snippet":"max-snippet:-1","max-image-preview":"max-image-preview:large","max-video-preview":"max-video-preview:-1"},"canonical":"https:\/\/www.estrategiaconcursos.com.br\/blog\/lc-173-2020-tribunais-eleitorais\/","og_locale":"pt_BR","og_type":"article","og_title":"Aux\u00edlio a estados restringe contrata\u00e7\u00f5es nos Tribunais Eleitorais","og_description":"Tribunais Eleitorais passam a ser impactados pelo congelamento de contrata\u00e7\u00f5es e despesas com pessoal decorrentes da Lei Complementar n.\u00ba 173\/2020.","og_url":"https:\/\/www.estrategiaconcursos.com.br\/blog\/lc-173-2020-tribunais-eleitorais\/","og_site_name":"Estrat\u00e9gia Concursos","article_published_time":"2020-08-04T21:51:00+00:00","article_modified_time":"2023-04-18T19:35:07+00:00","og_image":[{"width":401,"height":208,"url":"https:\/\/dhg1h5j42swfq.cloudfront.net\/2019\/05\/27150144\/concursos-tre.jpg","type":"image\/jpeg"}],"author":"Fabiano Pereira","twitter_card":"summary_large_image","twitter_creator":"@EstratConcursos","twitter_site":"@EstratConcursos","twitter_misc":{"Escrito por":"Fabiano Pereira","Est. tempo de leitura":"2 minutos"},"schema":{"@context":"https:\/\/schema.org","@graph":[{"@type":"NewsArticle","@id":"https:\/\/www.estrategiaconcursos.com.br\/blog\/lc-173-2020-tribunais-eleitorais\/#article","isPartOf":{"@id":"https:\/\/www.estrategiaconcursos.com.br\/blog\/lc-173-2020-tribunais-eleitorais\/"},"author":{"name":"Fabiano Pereira","@id":"https:\/\/www.estrategiaconcursos.com.br\/blog\/#\/schema\/person\/73a0097d005d0e0410a58869a4ff0dad"},"headline":"Aux\u00edlio a estados restringe contrata\u00e7\u00f5es nos Tribunais Eleitorais","datePublished":"2020-08-04T21:51:00+00:00","dateModified":"2023-04-18T19:35:07+00:00","mainEntityOfPage":{"@id":"https:\/\/www.estrategiaconcursos.com.br\/blog\/lc-173-2020-tribunais-eleitorais\/"},"wordCount":327,"commentCount":1,"publisher":{"@id":"https:\/\/www.estrategiaconcursos.com.br\/blog\/#organization"},"image":{"@id":"https:\/\/www.estrategiaconcursos.com.br\/blog\/lc-173-2020-tribunais-eleitorais\/#primaryimage"},"thumbnailUrl":"https:\/\/dhg1h5j42swfq.cloudfront.net\/2019\/05\/27150144\/concursos-tre.jpg","articleSection":["Concursos P\u00fablicos","Tribunais"],"inLanguage":"pt-BR","potentialAction":[{"@type":"CommentAction","name":"Comment","target":["https:\/\/www.estrategiaconcursos.com.br\/blog\/lc-173-2020-tribunais-eleitorais\/#respond"]}],"copyrightYear":"2020","copyrightHolder":{"@id":"https:\/\/www.estrategiaconcursos.com.br\/blog\/#organization"}},{"@type":"WebPage","@id":"https:\/\/www.estrategiaconcursos.com.br\/blog\/lc-173-2020-tribunais-eleitorais\/","url":"https:\/\/www.estrategiaconcursos.com.br\/blog\/lc-173-2020-tribunais-eleitorais\/","name":"Aux\u00edlio a estados restringe contrata\u00e7\u00f5es nos Tribunais Eleitorais","isPartOf":{"@id":"https:\/\/www.estrategiaconcursos.com.br\/blog\/#website"},"primaryImageOfPage":{"@id":"https:\/\/www.estrategiaconcursos.com.br\/blog\/lc-173-2020-tribunais-eleitorais\/#primaryimage"},"image":{"@id":"https:\/\/www.estrategiaconcursos.com.br\/blog\/lc-173-2020-tribunais-eleitorais\/#primaryimage"},"thumbnailUrl":"https:\/\/dhg1h5j42swfq.cloudfront.net\/2019\/05\/27150144\/concursos-tre.jpg","datePublished":"2020-08-04T21:51:00+00:00","dateModified":"2023-04-18T19:35:07+00:00","description":"Tribunais Eleitorais passam a ser impactados pelo congelamento de contrata\u00e7\u00f5es e despesas com pessoal decorrentes da Lei Complementar n.\u00ba 173\/2020.","breadcrumb":{"@id":"https:\/\/www.estrategiaconcursos.com.br\/blog\/lc-173-2020-tribunais-eleitorais\/#breadcrumb"},"inLanguage":"pt-BR","potentialAction":[{"@type":"ReadAction","target":["https:\/\/www.estrategiaconcursos.com.br\/blog\/lc-173-2020-tribunais-eleitorais\/"]}]},{"@type":"ImageObject","inLanguage":"pt-BR","@id":"https:\/\/www.estrategiaconcursos.com.br\/blog\/lc-173-2020-tribunais-eleitorais\/#primaryimage","url":"https:\/\/dhg1h5j42swfq.cloudfront.net\/2019\/05\/27150144\/concursos-tre.jpg","contentUrl":"https:\/\/dhg1h5j42swfq.cloudfront.net\/2019\/05\/27150144\/concursos-tre.jpg","width":401,"height":208,"caption":"Tribunais Eleitorais"},{"@type":"BreadcrumbList","@id":"https:\/\/www.estrategiaconcursos.com.br\/blog\/lc-173-2020-tribunais-eleitorais\/#breadcrumb","itemListElement":[{"@type":"ListItem","position":1,"name":"In\u00edcio","item":"https:\/\/www.estrategiaconcursos.com.br\/blog\/"},{"@type":"ListItem","position":2,"name":"Aux\u00edlio a estados restringe contrata\u00e7\u00f5es nos Tribunais Eleitorais"}]},{"@type":"WebSite","@id":"https:\/\/www.estrategiaconcursos.com.br\/blog\/#website","url":"https:\/\/www.estrategiaconcursos.com.br\/blog\/","name":"Estrat\u00e9gia Concursos","description":"O blog da Estrat\u00e9gia Concursos traz not\u00edcias sobre concursos e artigos de professores oferecendo cursos para concursos (pdf + videaulas) no site.","publisher":{"@id":"https:\/\/www.estrategiaconcursos.com.br\/blog\/#organization"},"potentialAction":[{"@type":"SearchAction","target":{"@type":"EntryPoint","urlTemplate":"https:\/\/www.estrategiaconcursos.com.br\/blog\/?s={search_term_string}"},"query-input":{"@type":"PropertyValueSpecification","valueRequired":true,"valueName":"search_term_string"}}],"inLanguage":"pt-BR"},{"@type":"Organization","@id":"https:\/\/www.estrategiaconcursos.com.br\/blog\/#organization","name":"Estrat\u00e9gia Concursos","url":"https:\/\/www.estrategiaconcursos.com.br\/blog\/","logo":{"@type":"ImageObject","inLanguage":"pt-BR","@id":"https:\/\/www.estrategiaconcursos.com.br\/blog\/#\/schema\/logo\/image\/","url":"https:\/\/dhg1h5j42swfq.cloudfront.net\/2025\/06\/03203428\/logo_concursos-1.jpg","contentUrl":"https:\/\/dhg1h5j42swfq.cloudfront.net\/2025\/06\/03203428\/logo_concursos-1.jpg","width":230,"height":60,"caption":"Estrat\u00e9gia Concursos"},"image":{"@id":"https:\/\/www.estrategiaconcursos.com.br\/blog\/#\/schema\/logo\/image\/"},"sameAs":["https:\/\/x.com\/EstratConcursos"]},{"@type":"Person","@id":"https:\/\/www.estrategiaconcursos.com.br\/blog\/#\/schema\/person\/73a0097d005d0e0410a58869a4ff0dad","name":"Fabiano Pereira","image":{"@type":"ImageObject","inLanguage":"pt-BR","@id":"https:\/\/secure.gravatar.com\/avatar\/2d50d79dc60f78c8adffae60393ee45fd6d79c9cb3bd6c1abc9a574ca4f1ff0a?s=96&d=mm&r=g","url":"https:\/\/secure.gravatar.com\/avatar\/2d50d79dc60f78c8adffae60393ee45fd6d79c9cb3bd6c1abc9a574ca4f1ff0a?s=96&d=mm&r=g","contentUrl":"https:\/\/secure.gravatar.com\/avatar\/2d50d79dc60f78c8adffae60393ee45fd6d79c9cb3bd6c1abc9a574ca4f1ff0a?s=96&d=mm&r=g","caption":"Fabiano Pereira"},"url":"https:\/\/www.estrategiaconcursos.com.br\/blog\/author\/professorfabianopereirayahoo-com-br\/"}]}},"_links":{"self":[{"href":"https:\/\/www.estrategiaconcursos.com.br\/blog\/wp-json\/wp\/v2\/posts\/551316","targetHints":{"allow":["GET"]}}],"collection":[{"href":"https:\/\/www.estrategiaconcursos.com.br\/blog\/wp-json\/wp\/v2\/posts"}],"about":[{"href":"https:\/\/www.estrategiaconcursos.com.br\/blog\/wp-json\/wp\/v2\/types\/post"}],"author":[{"embeddable":true,"href":"https:\/\/www.estrategiaconcursos.com.br\/blog\/wp-json\/wp\/v2\/users\/1170"}],"replies":[{"embeddable":true,"href":"https:\/\/www.estrategiaconcursos.com.br\/blog\/wp-json\/wp\/v2\/comments?post=551316"}],"version-history":[{"count":9,"href":"https:\/\/www.estrategiaconcursos.com.br\/blog\/wp-json\/wp\/v2\/posts\/551316\/revisions"}],"predecessor-version":[{"id":1203661,"href":"https:\/\/www.estrategiaconcursos.com.br\/blog\/wp-json\/wp\/v2\/posts\/551316\/revisions\/1203661"}],"wp:featuredmedia":[{"embeddable":true,"href":"https:\/\/www.estrategiaconcursos.com.br\/blog\/wp-json\/wp\/v2\/media\/378772"}],"wp:attachment":[{"href":"https:\/\/www.estrategiaconcursos.com.br\/blog\/wp-json\/wp\/v2\/media?parent=551316"}],"wp:term":[{"taxonomy":"category","embeddable":true,"href":"https:\/\/www.estrategiaconcursos.com.br\/blog\/wp-json\/wp\/v2\/categories?post=551316"},{"taxonomy":"post_tag","embeddable":true,"href":"https:\/\/www.estrategiaconcursos.com.br\/blog\/wp-json\/wp\/v2\/tags?post=551316"},{"taxonomy":"tax_estado","embeddable":true,"href":"https:\/\/www.estrategiaconcursos.com.br\/blog\/wp-json\/wp\/v2\/tax_estado?post=551316"}],"curies":[{"name":"wp","href":"https:\/\/api.w.org\/{rel}","templated":true}]}}