{"id":550928,"date":"2020-08-04T12:24:30","date_gmt":"2020-08-04T15:24:30","guid":{"rendered":"https:\/\/www.estrategiaconcursos.com.br\/blog\/?p=550928"},"modified":"2020-08-04T15:11:41","modified_gmt":"2020-08-04T18:11:41","slug":"prefeito-de-niteroi-sanciona-lei-de-cotas-para-concursos","status":"publish","type":"post","link":"https:\/\/www.estrategiaconcursos.com.br\/blog\/prefeito-de-niteroi-sanciona-lei-de-cotas-para-concursos\/","title":{"rendered":"Prefeito de Niter\u00f3i sanciona lei de cotas para concursos"},"content":{"rendered":"\n<p>Ap\u00f3s ter sido aprovado na C\u00e2mara Municipal, o Projeto de Lei que disp\u00f5e a respeito da reserva de vagas para pessoas negras e pardas em concursos p\u00fablicos foi <strong>sancionado e regulamentado<\/strong> pelo prefeito de Niter\u00f3i, Rodrigo Neves.<\/p>\n\n\n\n<p>Contudo, \u00e9 v\u00e1lido ressaltar que a nova lei se dar\u00e1 apenas para novos certames. Sendo assim, a medida n\u00e3o vai afetar editais, processos seletivos e concursos em andamento no \u00e2mbito do munic\u00edpio de Niter\u00f3i.<\/p>\n\n\n\n<p>O PL foi aprovado no dia 06 de julho e sancionado em solenidade realizada na \u00faltima quinta-feira, 30 de julho, no Ing\u00e1. A determina\u00e7\u00e3o, de acordo com a Prefeitura, est\u00e1 previsa no <a href=\"http:\/\/pgm.niteroi.rj.gov.br\/Atos_oficiais\/2014\/Novembro\/27_11_2014.pdf\" target=\"_blank\" rel=\"noreferrer noopener\"><span class=\"has-inline-color has-very-dark-gray-color\">Estatuto Municipal de Igualdade Racial<\/span><\/a> (Lei 3.010 de 2014).<\/p>\n\n\n\n<p>Neves destaca que a regulamenta\u00e7\u00e3o desta lei \u00e9 uma grande conquista para a cidade, visto que esse passo contribui para a <strong>redu\u00e7\u00e3o de desigualdades<\/strong>, possibilitando mais oportunidades para todos.<\/p>\n\n\n\n<blockquote class=\"wp-block-quote is-layout-flow wp-block-quote-is-layout-flow\"><p><em>&#8220;Niter\u00f3i \u00e9 a primeira cidade do estado a ter um Estatuto da Igualdade Racial, uma lei municipal com um conjunto de diretrizes para a promo\u00e7\u00e3o da igualdade racial. <\/em><\/p><p><em>A lei que eu sanciono hoje regulamenta um artigo deste estatuto sobre as cotas para concursos p\u00fablicos em Niter\u00f3i. \u00c9 uma grande conquista para a cidade. <\/em><\/p><p><em>\u00c9 preciso implementar pol\u00edticas afirmativas, sejam de transfer\u00eancia de renda, sejam de cotas raciais, para reduzir as desigualdades na nossa cidade. Acredito que essa legisla\u00e7\u00e3o d\u00e1 uma contribui\u00e7\u00e3o extraordin\u00e1ria para construirmos uma Niter\u00f3i com mais oportunidades para todos&#8221;.<\/em><\/p><\/blockquote>\n\n\n\n<h2 class=\"wp-block-heading\">Lei de cotas para concursos Niter\u00f3i<\/h2>\n\n\n\n<p>O autor do texto \u00e9 o pr\u00f3prio prefeito da cidade de Niter\u00f3i, Rodrigo Neves. A aprova\u00e7\u00e3o do Projeto de Lei foi de car\u00e1ter un\u00e2nime entre os parlamentares, com 14 votos a favor.<\/p>\n\n\n\n<p>De acordo com a lei, ficam <strong>reservadas aos negros e pardos 20% das vagas oferecidas<\/strong> nos concursos p\u00fablicos em cargos efetivos e empregos p\u00fablicos no Poder Executivo do Munic\u00edpio de Niter\u00f3i e em entidades da Administra\u00e7\u00e3o Indireta. <\/p>\n\n\n\n<p>A reserva de vagas ser\u00e1 aplicada sempre que o n\u00famero de oportunidades oferecidas no certame for igual ou superior a tr\u00eas. A Lei entra em vigor na data de sua publica\u00e7\u00e3o do Di\u00e1rio Oficial, <strong>n\u00e3o se aplicando aos editais de concursos j\u00e1 publicados<\/strong>.<\/p>\n\n\n\n<p style=\"font-size:18px\" class=\"has-background has-text-align-center has-very-light-gray-background-color\"><strong><a href=\"https:\/\/www.estrategiaconcursos.com.br\/blog\/concursos-rj-2\/\" target=\"_blank\" rel=\"noreferrer noopener\">Concursos RJ<\/a><\/strong><\/p>\n\n\n\n<hr class=\"wp-block-separator\"\/>\n\n\n\n<p class=\"has-text-align-center has-medium-font-size\"><em><strong>Assinatura Anual Ilimitada*<\/strong><\/em><\/p>\n\n\n\n<p class=\"has-text-align-center\"><em>Prepare-se com o melhor material e com quem mais aprova em Concursos P\u00fablicos em todo o pa\u00eds. Assine agora a nossa Assinatura Anual e tenha acesso ilimitado* a todos os nossos cursos.<\/em><\/p>\n\n\n\n<p style=\"font-size:22px\" class=\"has-background has-text-align-center has-light-green-cyan-background-color\"><strong>ASSINE AGORA<\/strong>&nbsp;\u2013&nbsp;<strong><a rel=\"noreferrer noopener\" href=\"https:\/\/www.estrategiaconcursos.com.br\/assinaturas\" target=\"_blank\">Assinatura Ilimitada<\/a><\/strong><\/p>\n\n\n\n<p class=\"has-text-align-center has-medium-font-size\"><strong><em><strong>Sistema de Quest\u00f5es<\/strong><\/em><\/strong><\/p>\n\n\n\n<p class=\"has-text-align-center\"><em>Estrat\u00e9gia Quest\u00f5es nasceu maior do que todos os concorrentes, com mais quest\u00f5es cadastradas e mais solu\u00e7\u00f5es por professores. Ent\u00e3o, confira e aproveite os descontos e b\u00f4nus imperd\u00edveis!<\/em><\/p>\n\n\n\n<p style=\"font-size:22px\" class=\"has-background has-text-align-center has-vivid-green-cyan-background-color\"><strong>ASSINE AGORA \u2013&nbsp;<a rel=\"noreferrer noopener\" href=\"https:\/\/www.estrategiaconcursos.com.br\/cursosPorConcurso\/sistema-de-questoes\/#\/\" target=\"_blank\">Sistema de Quest\u00f5es<\/a><\/strong><\/p>\n\n\n\n<p class=\"has-text-align-center has-normal-font-size\"><strong><em>Fique por dentro dos concursos em aberto<\/em><\/strong><\/p>\n\n\n\n<p style=\"font-size:22px\" class=\"has-background has-text-align-center has-pale-cyan-blue-background-color\"><a rel=\"noreferrer noopener\" href=\"https:\/\/www.estrategiaconcursos.com.br\/blog\/concursos-abertos\/\" target=\"_blank\"><strong>CONCURSOS ABERTOS<\/strong><\/a><\/p>\n\n\n\n<p class=\"has-text-align-center\"><strong><em>As oportunidades previstas<\/em><\/strong><\/p>\n\n\n\n<p style=\"font-size:22px\" class=\"has-background has-text-align-center has-pale-cyan-blue-background-color\"><a rel=\"noreferrer noopener\" href=\"https:\/\/www.estrategiaconcursos.com.br\/blog\/concursos-2020\/\" target=\"_blank\"><strong>CONCURSOS&nbsp;2020<\/strong><\/a><\/p>\n\n\n\n<p style=\"font-size:22px\" class=\"has-background has-text-align-center has-pale-cyan-blue-background-color\"><a rel=\"noreferrer noopener\" href=\"https:\/\/www.estrategiaconcursos.com.br\/blog\/concursos-2021\/\" target=\"_blank\"><strong>CONCURSOS 2021<\/strong><\/a><\/p>\n","protected":false},"excerpt":{"rendered":"<p>Ap\u00f3s ter sido aprovado na C\u00e2mara Municipal, o Projeto de Lei que disp\u00f5e a respeito da reserva de vagas para pessoas negras e pardas em concursos p\u00fablicos foi sancionado e regulamentado pelo prefeito de Niter\u00f3i, Rodrigo Neves. Contudo, \u00e9 v\u00e1lido ressaltar que a nova lei se dar\u00e1 apenas para novos certames. Sendo assim, a medida [&hellip;]<\/p>\n","protected":false},"author":1276,"featured_media":550940,"comment_status":"open","ping_status":"closed","sticky":false,"template":"","format":"standard","meta":{"post_tipo":"article","footnotes":""},"categories":[1],"tags":[],"tax_estado":[],"class_list":["post-550928","post","type-post","status-publish","format-standard","has-post-thumbnail","hentry","category-cursos-e-concursos"],"acf":[],"yoast_head":"<!-- This site is optimized with the Yoast SEO Premium plugin v27.2 (Yoast SEO v27.2) - https:\/\/yoast.com\/product\/yoast-seo-premium-wordpress\/ -->\n<title>Prefeito de Niter\u00f3i sanciona lei de cotas para concursos<\/title>\n<meta name=\"description\" content=\"Prefeito de Niter\u00f3i-RJ regulamenta e sanciona Projeto de Lei sobre reserva de vagas para negros e pardos em concursos p\u00fablicos.\" \/>\n<meta name=\"robots\" content=\"index, follow, max-snippet:-1, max-image-preview:large, max-video-preview:-1\" \/>\n<link rel=\"canonical\" href=\"https:\/\/www.estrategiaconcursos.com.br\/blog\/prefeito-de-niteroi-sanciona-lei-de-cotas-para-concursos\/\" \/>\n<meta property=\"og:locale\" content=\"pt_BR\" \/>\n<meta property=\"og:type\" content=\"article\" \/>\n<meta property=\"og:title\" content=\"Prefeito de Niter\u00f3i sanciona lei de cotas para concursos\" \/>\n<meta property=\"og:description\" content=\"Prefeito de Niter\u00f3i-RJ regulamenta e sanciona Projeto de Lei sobre reserva de vagas para negros e pardos em concursos p\u00fablicos.\" \/>\n<meta property=\"og:url\" content=\"https:\/\/www.estrategiaconcursos.com.br\/blog\/prefeito-de-niteroi-sanciona-lei-de-cotas-para-concursos\/\" \/>\n<meta property=\"og:site_name\" content=\"Estrat\u00e9gia Concursos\" \/>\n<meta property=\"article:published_time\" content=\"2020-08-04T15:24:30+00:00\" \/>\n<meta property=\"article:modified_time\" content=\"2020-08-04T18:11:41+00:00\" \/>\n<meta property=\"og:image\" content=\"https:\/\/dhg1h5j42swfq.cloudfront.net\/2020\/08\/04120340\/concursos-niter%C3%B3i.jpg\" \/>\n\t<meta property=\"og:image:width\" content=\"1086\" \/>\n\t<meta property=\"og:image:height\" content=\"652\" \/>\n\t<meta property=\"og:image:type\" content=\"image\/jpeg\" \/>\n<meta name=\"author\" content=\"Victor Shinichi Tanaka\" \/>\n<meta name=\"twitter:card\" content=\"summary_large_image\" \/>\n<meta name=\"twitter:creator\" content=\"@EstratConcursos\" \/>\n<meta name=\"twitter:site\" content=\"@EstratConcursos\" \/>\n<meta name=\"twitter:label1\" content=\"Escrito por\" \/>\n\t<meta name=\"twitter:data1\" content=\"Victor Shinichi Tanaka\" \/>\n\t<meta name=\"twitter:label2\" content=\"Est. tempo de leitura\" \/>\n\t<meta name=\"twitter:data2\" content=\"2 minutos\" \/>\n<script type=\"application\/ld+json\" class=\"yoast-schema-graph\">{\"@context\":\"https:\/\/schema.org\",\"@graph\":[{\"@type\":\"NewsArticle\",\"@id\":\"https:\/\/www.estrategiaconcursos.com.br\/blog\/prefeito-de-niteroi-sanciona-lei-de-cotas-para-concursos\/#article\",\"isPartOf\":{\"@id\":\"https:\/\/www.estrategiaconcursos.com.br\/blog\/prefeito-de-niteroi-sanciona-lei-de-cotas-para-concursos\/\"},\"author\":{\"name\":\"Victor Shinichi Tanaka\",\"@id\":\"https:\/\/www.estrategiaconcursos.com.br\/blog\/#\/schema\/person\/602a4eaf2bed921c107675da3a65b0e0\"},\"headline\":\"Prefeito de Niter\u00f3i sanciona lei de cotas para concursos\",\"datePublished\":\"2020-08-04T15:24:30+00:00\",\"dateModified\":\"2020-08-04T18:11:41+00:00\",\"mainEntityOfPage\":{\"@id\":\"https:\/\/www.estrategiaconcursos.com.br\/blog\/prefeito-de-niteroi-sanciona-lei-de-cotas-para-concursos\/\"},\"wordCount\":492,\"commentCount\":0,\"publisher\":{\"@id\":\"https:\/\/www.estrategiaconcursos.com.br\/blog\/#organization\"},\"image\":{\"@id\":\"https:\/\/www.estrategiaconcursos.com.br\/blog\/prefeito-de-niteroi-sanciona-lei-de-cotas-para-concursos\/#primaryimage\"},\"thumbnailUrl\":\"https:\/\/dhg1h5j42swfq.cloudfront.net\/2020\/08\/04120340\/concursos-niter%C3%B3i.jpg\",\"articleSection\":[\"Concursos P\u00fablicos\"],\"inLanguage\":\"pt-BR\",\"potentialAction\":[{\"@type\":\"CommentAction\",\"name\":\"Comment\",\"target\":[\"https:\/\/www.estrategiaconcursos.com.br\/blog\/prefeito-de-niteroi-sanciona-lei-de-cotas-para-concursos\/#respond\"]}],\"copyrightYear\":\"2020\",\"copyrightHolder\":{\"@id\":\"https:\/\/www.estrategiaconcursos.com.br\/blog\/#organization\"}},{\"@type\":\"WebPage\",\"@id\":\"https:\/\/www.estrategiaconcursos.com.br\/blog\/prefeito-de-niteroi-sanciona-lei-de-cotas-para-concursos\/\",\"url\":\"https:\/\/www.estrategiaconcursos.com.br\/blog\/prefeito-de-niteroi-sanciona-lei-de-cotas-para-concursos\/\",\"name\":\"Prefeito de Niter\u00f3i sanciona lei de cotas para concursos\",\"isPartOf\":{\"@id\":\"https:\/\/www.estrategiaconcursos.com.br\/blog\/#website\"},\"primaryImageOfPage\":{\"@id\":\"https:\/\/www.estrategiaconcursos.com.br\/blog\/prefeito-de-niteroi-sanciona-lei-de-cotas-para-concursos\/#primaryimage\"},\"image\":{\"@id\":\"https:\/\/www.estrategiaconcursos.com.br\/blog\/prefeito-de-niteroi-sanciona-lei-de-cotas-para-concursos\/#primaryimage\"},\"thumbnailUrl\":\"https:\/\/dhg1h5j42swfq.cloudfront.net\/2020\/08\/04120340\/concursos-niter%C3%B3i.jpg\",\"datePublished\":\"2020-08-04T15:24:30+00:00\",\"dateModified\":\"2020-08-04T18:11:41+00:00\",\"description\":\"Prefeito de Niter\u00f3i-RJ regulamenta e sanciona Projeto de Lei sobre reserva de vagas para negros e pardos em concursos p\u00fablicos.\",\"breadcrumb\":{\"@id\":\"https:\/\/www.estrategiaconcursos.com.br\/blog\/prefeito-de-niteroi-sanciona-lei-de-cotas-para-concursos\/#breadcrumb\"},\"inLanguage\":\"pt-BR\",\"potentialAction\":[{\"@type\":\"ReadAction\",\"target\":[\"https:\/\/www.estrategiaconcursos.com.br\/blog\/prefeito-de-niteroi-sanciona-lei-de-cotas-para-concursos\/\"]}]},{\"@type\":\"ImageObject\",\"inLanguage\":\"pt-BR\",\"@id\":\"https:\/\/www.estrategiaconcursos.com.br\/blog\/prefeito-de-niteroi-sanciona-lei-de-cotas-para-concursos\/#primaryimage\",\"url\":\"https:\/\/dhg1h5j42swfq.cloudfront.net\/2020\/08\/04120340\/concursos-niter%C3%B3i.jpg\",\"contentUrl\":\"https:\/\/dhg1h5j42swfq.cloudfront.net\/2020\/08\/04120340\/concursos-niter%C3%B3i.jpg\",\"width\":1086,\"height\":652,\"caption\":\"concursos niter\u00f3i\"},{\"@type\":\"BreadcrumbList\",\"@id\":\"https:\/\/www.estrategiaconcursos.com.br\/blog\/prefeito-de-niteroi-sanciona-lei-de-cotas-para-concursos\/#breadcrumb\",\"itemListElement\":[{\"@type\":\"ListItem\",\"position\":1,\"name\":\"In\u00edcio\",\"item\":\"https:\/\/www.estrategiaconcursos.com.br\/blog\/\"},{\"@type\":\"ListItem\",\"position\":2,\"name\":\"Prefeito de Niter\u00f3i sanciona lei de cotas para concursos\"}]},{\"@type\":\"WebSite\",\"@id\":\"https:\/\/www.estrategiaconcursos.com.br\/blog\/#website\",\"url\":\"https:\/\/www.estrategiaconcursos.com.br\/blog\/\",\"name\":\"Estrat\u00e9gia Concursos\",\"description\":\"O blog da Estrat\u00e9gia Concursos traz not\u00edcias sobre concursos e artigos de professores oferecendo cursos para concursos (pdf + videaulas) no site.\",\"publisher\":{\"@id\":\"https:\/\/www.estrategiaconcursos.com.br\/blog\/#organization\"},\"potentialAction\":[{\"@type\":\"SearchAction\",\"target\":{\"@type\":\"EntryPoint\",\"urlTemplate\":\"https:\/\/www.estrategiaconcursos.com.br\/blog\/?s={search_term_string}\"},\"query-input\":{\"@type\":\"PropertyValueSpecification\",\"valueRequired\":true,\"valueName\":\"search_term_string\"}}],\"inLanguage\":\"pt-BR\"},{\"@type\":\"Organization\",\"@id\":\"https:\/\/www.estrategiaconcursos.com.br\/blog\/#organization\",\"name\":\"Estrat\u00e9gia Concursos\",\"url\":\"https:\/\/www.estrategiaconcursos.com.br\/blog\/\",\"logo\":{\"@type\":\"ImageObject\",\"inLanguage\":\"pt-BR\",\"@id\":\"https:\/\/www.estrategiaconcursos.com.br\/blog\/#\/schema\/logo\/image\/\",\"url\":\"https:\/\/dhg1h5j42swfq.cloudfront.net\/2025\/06\/03203428\/logo_concursos-1.jpg\",\"contentUrl\":\"https:\/\/dhg1h5j42swfq.cloudfront.net\/2025\/06\/03203428\/logo_concursos-1.jpg\",\"width\":230,\"height\":60,\"caption\":\"Estrat\u00e9gia Concursos\"},\"image\":{\"@id\":\"https:\/\/www.estrategiaconcursos.com.br\/blog\/#\/schema\/logo\/image\/\"},\"sameAs\":[\"https:\/\/x.com\/EstratConcursos\"]},{\"@type\":\"Person\",\"@id\":\"https:\/\/www.estrategiaconcursos.com.br\/blog\/#\/schema\/person\/602a4eaf2bed921c107675da3a65b0e0\",\"name\":\"Victor Shinichi Tanaka\",\"image\":{\"@type\":\"ImageObject\",\"inLanguage\":\"pt-BR\",\"@id\":\"https:\/\/secure.gravatar.com\/avatar\/3772723eea77b2e6a2231e357d6339c6c129c6fb65cda4d02d0f3ca700221333?s=96&d=mm&r=g\",\"url\":\"https:\/\/secure.gravatar.com\/avatar\/3772723eea77b2e6a2231e357d6339c6c129c6fb65cda4d02d0f3ca700221333?s=96&d=mm&r=g\",\"contentUrl\":\"https:\/\/secure.gravatar.com\/avatar\/3772723eea77b2e6a2231e357d6339c6c129c6fb65cda4d02d0f3ca700221333?s=96&d=mm&r=g\",\"caption\":\"Victor Shinichi Tanaka\"},\"url\":\"https:\/\/www.estrategiaconcursos.com.br\/blog\/author\/victorstanakagmail-com\/\"}]}<\/script>\n<!-- \/ Yoast SEO Premium plugin. -->","yoast_head_json":{"title":"Prefeito de Niter\u00f3i sanciona lei de cotas para concursos","description":"Prefeito de Niter\u00f3i-RJ regulamenta e sanciona Projeto de Lei sobre reserva de vagas para negros e pardos em concursos p\u00fablicos.","robots":{"index":"index","follow":"follow","max-snippet":"max-snippet:-1","max-image-preview":"max-image-preview:large","max-video-preview":"max-video-preview:-1"},"canonical":"https:\/\/www.estrategiaconcursos.com.br\/blog\/prefeito-de-niteroi-sanciona-lei-de-cotas-para-concursos\/","og_locale":"pt_BR","og_type":"article","og_title":"Prefeito de Niter\u00f3i sanciona lei de cotas para concursos","og_description":"Prefeito de Niter\u00f3i-RJ regulamenta e sanciona Projeto de Lei sobre reserva de vagas para negros e pardos em concursos p\u00fablicos.","og_url":"https:\/\/www.estrategiaconcursos.com.br\/blog\/prefeito-de-niteroi-sanciona-lei-de-cotas-para-concursos\/","og_site_name":"Estrat\u00e9gia Concursos","article_published_time":"2020-08-04T15:24:30+00:00","article_modified_time":"2020-08-04T18:11:41+00:00","og_image":[{"width":1086,"height":652,"url":"https:\/\/dhg1h5j42swfq.cloudfront.net\/2020\/08\/04120340\/concursos-niter%C3%B3i.jpg","type":"image\/jpeg"}],"author":"Victor Shinichi Tanaka","twitter_card":"summary_large_image","twitter_creator":"@EstratConcursos","twitter_site":"@EstratConcursos","twitter_misc":{"Escrito por":"Victor Shinichi Tanaka","Est. tempo de leitura":"2 minutos"},"schema":{"@context":"https:\/\/schema.org","@graph":[{"@type":"NewsArticle","@id":"https:\/\/www.estrategiaconcursos.com.br\/blog\/prefeito-de-niteroi-sanciona-lei-de-cotas-para-concursos\/#article","isPartOf":{"@id":"https:\/\/www.estrategiaconcursos.com.br\/blog\/prefeito-de-niteroi-sanciona-lei-de-cotas-para-concursos\/"},"author":{"name":"Victor Shinichi Tanaka","@id":"https:\/\/www.estrategiaconcursos.com.br\/blog\/#\/schema\/person\/602a4eaf2bed921c107675da3a65b0e0"},"headline":"Prefeito de Niter\u00f3i sanciona lei de cotas para concursos","datePublished":"2020-08-04T15:24:30+00:00","dateModified":"2020-08-04T18:11:41+00:00","mainEntityOfPage":{"@id":"https:\/\/www.estrategiaconcursos.com.br\/blog\/prefeito-de-niteroi-sanciona-lei-de-cotas-para-concursos\/"},"wordCount":492,"commentCount":0,"publisher":{"@id":"https:\/\/www.estrategiaconcursos.com.br\/blog\/#organization"},"image":{"@id":"https:\/\/www.estrategiaconcursos.com.br\/blog\/prefeito-de-niteroi-sanciona-lei-de-cotas-para-concursos\/#primaryimage"},"thumbnailUrl":"https:\/\/dhg1h5j42swfq.cloudfront.net\/2020\/08\/04120340\/concursos-niter%C3%B3i.jpg","articleSection":["Concursos P\u00fablicos"],"inLanguage":"pt-BR","potentialAction":[{"@type":"CommentAction","name":"Comment","target":["https:\/\/www.estrategiaconcursos.com.br\/blog\/prefeito-de-niteroi-sanciona-lei-de-cotas-para-concursos\/#respond"]}],"copyrightYear":"2020","copyrightHolder":{"@id":"https:\/\/www.estrategiaconcursos.com.br\/blog\/#organization"}},{"@type":"WebPage","@id":"https:\/\/www.estrategiaconcursos.com.br\/blog\/prefeito-de-niteroi-sanciona-lei-de-cotas-para-concursos\/","url":"https:\/\/www.estrategiaconcursos.com.br\/blog\/prefeito-de-niteroi-sanciona-lei-de-cotas-para-concursos\/","name":"Prefeito de Niter\u00f3i sanciona lei de cotas para concursos","isPartOf":{"@id":"https:\/\/www.estrategiaconcursos.com.br\/blog\/#website"},"primaryImageOfPage":{"@id":"https:\/\/www.estrategiaconcursos.com.br\/blog\/prefeito-de-niteroi-sanciona-lei-de-cotas-para-concursos\/#primaryimage"},"image":{"@id":"https:\/\/www.estrategiaconcursos.com.br\/blog\/prefeito-de-niteroi-sanciona-lei-de-cotas-para-concursos\/#primaryimage"},"thumbnailUrl":"https:\/\/dhg1h5j42swfq.cloudfront.net\/2020\/08\/04120340\/concursos-niter%C3%B3i.jpg","datePublished":"2020-08-04T15:24:30+00:00","dateModified":"2020-08-04T18:11:41+00:00","description":"Prefeito de Niter\u00f3i-RJ regulamenta e sanciona Projeto de Lei sobre reserva de vagas para negros e pardos em concursos p\u00fablicos.","breadcrumb":{"@id":"https:\/\/www.estrategiaconcursos.com.br\/blog\/prefeito-de-niteroi-sanciona-lei-de-cotas-para-concursos\/#breadcrumb"},"inLanguage":"pt-BR","potentialAction":[{"@type":"ReadAction","target":["https:\/\/www.estrategiaconcursos.com.br\/blog\/prefeito-de-niteroi-sanciona-lei-de-cotas-para-concursos\/"]}]},{"@type":"ImageObject","inLanguage":"pt-BR","@id":"https:\/\/www.estrategiaconcursos.com.br\/blog\/prefeito-de-niteroi-sanciona-lei-de-cotas-para-concursos\/#primaryimage","url":"https:\/\/dhg1h5j42swfq.cloudfront.net\/2020\/08\/04120340\/concursos-niter%C3%B3i.jpg","contentUrl":"https:\/\/dhg1h5j42swfq.cloudfront.net\/2020\/08\/04120340\/concursos-niter%C3%B3i.jpg","width":1086,"height":652,"caption":"concursos niter\u00f3i"},{"@type":"BreadcrumbList","@id":"https:\/\/www.estrategiaconcursos.com.br\/blog\/prefeito-de-niteroi-sanciona-lei-de-cotas-para-concursos\/#breadcrumb","itemListElement":[{"@type":"ListItem","position":1,"name":"In\u00edcio","item":"https:\/\/www.estrategiaconcursos.com.br\/blog\/"},{"@type":"ListItem","position":2,"name":"Prefeito de Niter\u00f3i sanciona lei de cotas para concursos"}]},{"@type":"WebSite","@id":"https:\/\/www.estrategiaconcursos.com.br\/blog\/#website","url":"https:\/\/www.estrategiaconcursos.com.br\/blog\/","name":"Estrat\u00e9gia Concursos","description":"O blog da Estrat\u00e9gia Concursos traz not\u00edcias sobre concursos e artigos de professores oferecendo cursos para concursos (pdf + videaulas) no site.","publisher":{"@id":"https:\/\/www.estrategiaconcursos.com.br\/blog\/#organization"},"potentialAction":[{"@type":"SearchAction","target":{"@type":"EntryPoint","urlTemplate":"https:\/\/www.estrategiaconcursos.com.br\/blog\/?s={search_term_string}"},"query-input":{"@type":"PropertyValueSpecification","valueRequired":true,"valueName":"search_term_string"}}],"inLanguage":"pt-BR"},{"@type":"Organization","@id":"https:\/\/www.estrategiaconcursos.com.br\/blog\/#organization","name":"Estrat\u00e9gia Concursos","url":"https:\/\/www.estrategiaconcursos.com.br\/blog\/","logo":{"@type":"ImageObject","inLanguage":"pt-BR","@id":"https:\/\/www.estrategiaconcursos.com.br\/blog\/#\/schema\/logo\/image\/","url":"https:\/\/dhg1h5j42swfq.cloudfront.net\/2025\/06\/03203428\/logo_concursos-1.jpg","contentUrl":"https:\/\/dhg1h5j42swfq.cloudfront.net\/2025\/06\/03203428\/logo_concursos-1.jpg","width":230,"height":60,"caption":"Estrat\u00e9gia Concursos"},"image":{"@id":"https:\/\/www.estrategiaconcursos.com.br\/blog\/#\/schema\/logo\/image\/"},"sameAs":["https:\/\/x.com\/EstratConcursos"]},{"@type":"Person","@id":"https:\/\/www.estrategiaconcursos.com.br\/blog\/#\/schema\/person\/602a4eaf2bed921c107675da3a65b0e0","name":"Victor Shinichi Tanaka","image":{"@type":"ImageObject","inLanguage":"pt-BR","@id":"https:\/\/secure.gravatar.com\/avatar\/3772723eea77b2e6a2231e357d6339c6c129c6fb65cda4d02d0f3ca700221333?s=96&d=mm&r=g","url":"https:\/\/secure.gravatar.com\/avatar\/3772723eea77b2e6a2231e357d6339c6c129c6fb65cda4d02d0f3ca700221333?s=96&d=mm&r=g","contentUrl":"https:\/\/secure.gravatar.com\/avatar\/3772723eea77b2e6a2231e357d6339c6c129c6fb65cda4d02d0f3ca700221333?s=96&d=mm&r=g","caption":"Victor Shinichi Tanaka"},"url":"https:\/\/www.estrategiaconcursos.com.br\/blog\/author\/victorstanakagmail-com\/"}]}},"_links":{"self":[{"href":"https:\/\/www.estrategiaconcursos.com.br\/blog\/wp-json\/wp\/v2\/posts\/550928","targetHints":{"allow":["GET"]}}],"collection":[{"href":"https:\/\/www.estrategiaconcursos.com.br\/blog\/wp-json\/wp\/v2\/posts"}],"about":[{"href":"https:\/\/www.estrategiaconcursos.com.br\/blog\/wp-json\/wp\/v2\/types\/post"}],"author":[{"embeddable":true,"href":"https:\/\/www.estrategiaconcursos.com.br\/blog\/wp-json\/wp\/v2\/users\/1276"}],"replies":[{"embeddable":true,"href":"https:\/\/www.estrategiaconcursos.com.br\/blog\/wp-json\/wp\/v2\/comments?post=550928"}],"version-history":[{"count":7,"href":"https:\/\/www.estrategiaconcursos.com.br\/blog\/wp-json\/wp\/v2\/posts\/550928\/revisions"}],"predecessor-version":[{"id":551071,"href":"https:\/\/www.estrategiaconcursos.com.br\/blog\/wp-json\/wp\/v2\/posts\/550928\/revisions\/551071"}],"wp:featuredmedia":[{"embeddable":true,"href":"https:\/\/www.estrategiaconcursos.com.br\/blog\/wp-json\/wp\/v2\/media\/550940"}],"wp:attachment":[{"href":"https:\/\/www.estrategiaconcursos.com.br\/blog\/wp-json\/wp\/v2\/media?parent=550928"}],"wp:term":[{"taxonomy":"category","embeddable":true,"href":"https:\/\/www.estrategiaconcursos.com.br\/blog\/wp-json\/wp\/v2\/categories?post=550928"},{"taxonomy":"post_tag","embeddable":true,"href":"https:\/\/www.estrategiaconcursos.com.br\/blog\/wp-json\/wp\/v2\/tags?post=550928"},{"taxonomy":"tax_estado","embeddable":true,"href":"https:\/\/www.estrategiaconcursos.com.br\/blog\/wp-json\/wp\/v2\/tax_estado?post=550928"}],"curies":[{"name":"wp","href":"https:\/\/api.w.org\/{rel}","templated":true}]}}