{"id":550854,"date":"2020-08-04T11:39:28","date_gmt":"2020-08-04T14:39:28","guid":{"rendered":"https:\/\/www.estrategiaconcursos.com.br\/blog\/?p=550854"},"modified":"2020-08-04T15:41:31","modified_gmt":"2020-08-04T18:41:31","slug":"concurso-marinha-retificacoes-2","status":"publish","type":"post","link":"https:\/\/www.estrategiaconcursos.com.br\/blog\/concurso-marinha-retificacoes-2\/","title":{"rendered":"Editais do concurso Marinha sofrem IMPORTANTES retifica\u00e7\u00f5es."},"content":{"rendered":"\n<p>Foram publicados no Di\u00e1rio Oficial da Uni\u00e3o diversas retifica\u00e7\u00f5es dos editais do concurso Marinha. Os editais s\u00e3o para diferentes cargos e n\u00edveis de instru\u00e7\u00e3o. Confira abaixo os detalhes das mudan\u00e7as:<\/p>\n\n\n\n<p>No edital do <strong><a rel=\"noreferrer noopener\" href=\"https:\/\/www.in.gov.br\/en\/web\/dou\/-\/edital-de-22-de-maio-de-2019retificar-o-edital-do-concurso-publico-de-admissao-ao-corpo-auxiliar-de-pracas-da-marinha-270263641\" target=\"_blank\">concurso Corpo Auxiliar de Pra\u00e7as<\/a><\/strong>, a retifica\u00e7\u00e3o foi referente ao calend\u00e1rio de eventos. Anteriormente, as datas estavam &#8220;a definir&#8221; e, agora, foram confirmadas. Confira abaixo as novas datas:<\/p>\n\n\n\n<figure class=\"wp-block-table is-style-stripes\"><table class=\"has-subtle-pale-blue-background-color has-fixed-layout has-background\"><tbody><tr><td>10\/08\/2020<\/td><td>Concentra\u00e7\u00e3o dos candidatos titulares, no Centro de Instru\u00e7\u00e3o Almirante Alexandrino (CIAA), para o in\u00edcio do Per\u00edodo de Adapta\u00e7\u00e3o.<\/td><\/tr><tr><td>10\/08\/2020 a 07\/09\/2020<\/td><td>Per\u00edodo de Adapta\u00e7\u00e3o (PA).<\/td><\/tr><tr><td>04\/09\/2020<\/td><td>Data limite para a convoca\u00e7\u00e3o dos candidatos reservas.<\/td><\/tr><tr><td>08\/09\/2020<\/td><td>In\u00edcio do curso.<\/td><\/tr><\/tbody><\/table><\/figure>\n\n\n\n<p>J\u00e1 o edital para o <strong><a rel=\"noreferrer noopener\" href=\"https:\/\/www.in.gov.br\/en\/web\/dou\/-\/edital-de-29-de-maio-de-2019concurso-publico-para-ingresso-no-quadro-tecnico-de-pracas-da-armada-do-corpo-de-pracas-da-armada-em-2019-cp-qtpa\/2019-270263437\" target=\"_blank\">Quadro T\u00e9cnico de Pra\u00e7as<\/a><\/strong>, foi inclu\u00eddo nas normas o item 20, que diz respeito <em>\u00e0 <strong>COVID-19.<\/strong><\/em><\/p>\n\n\n\n<p>Quanto ao edital do <strong><a rel=\"noreferrer noopener\" href=\"https:\/\/www.in.gov.br\/en\/web\/dou\/-\/edital-de-2-de-janeiro-de-2020concurso-publico-para-ingresso-no-corpo-de-saude-da-marinha-cpcsm-quadro-de-medico-md-em-2020-csm-md\/2020-270263747\" target=\"_blank\">Corpo de Sa\u00fade da Marinha para M\u00e9dicos<\/a><\/strong>, foi acrescentada a etapa de Procedimento de Heteroidentifica\u00e7\u00e3o, de car\u00e1ter eliminat\u00f3rio, e adicionadas as vagas para candidatos negros no Quadro de M\u00e9dicos. No total, <strong>6 vagas<\/strong> foram reservadas.<\/p>\n\n\n\n<p>Al\u00e9m disso, o calend\u00e1rio de evento foi alterado, confira:<\/p>\n\n\n\n<p class=\"has-text-align-center\"><strong>CALEND\u00c1RIO DE EVENTOS<\/strong><\/p>\n\n\n\n<figure class=\"wp-block-table is-style-stripes\"><table class=\"has-subtle-pale-blue-background-color has-fixed-layout has-background\"><tbody><tr><td><strong>DATA<\/strong><\/td><td><strong>ATIVIDADES<\/strong><\/td><\/tr><tr><td>Data a ser definida<\/td><td>Convoca\u00e7\u00e3o para realiza\u00e7\u00e3o de Procedimento de Heteroidentifica\u00e7\u00e3o (PH).<\/td><\/tr><tr><td>Data a ser definida<\/td><td>Procedimento de Heteroidentifica\u00e7\u00e3o Complementar \u00e0 Autodeclara\u00e7\u00e3o (PH).<\/td><\/tr><tr><td>Data a ser definida<\/td><td>Divulga\u00e7\u00e3o do resultado preliminar do Procedimento de Heteroidentifica\u00e7\u00e3o (PH).<\/td><\/tr><tr><td>Tr\u00eas dias \u00fateis ap\u00f3s a divulga\u00e7\u00e3o do Evento 30<\/td><td>Per\u00edodo para o candidato entrar com recurso contra o PH.<\/td><\/tr><tr><td>Data a ser definida<\/td><td>Divulga\u00e7\u00e3o do resultado definitivo do Procedimento de Heteroidentifica\u00e7\u00e3o (PH).<\/td><\/tr><tr><td>Data a ser definida<\/td><td>Divulga\u00e7\u00e3o do Resultado da Sele\u00e7\u00e3o Inicial do CP na Internet.<\/td><\/tr><tr><td>Data a ser definida<\/td><td>Concentra\u00e7\u00e3o dos candidatos titulares, no Centro de Instru\u00e7\u00e3o Almirante Wandenkolk (CIAW), para o in\u00edcio do Per\u00edodo de Adapta\u00e7\u00e3o.<\/td><\/tr><tr><td>Data a ser definida<\/td><td>Per\u00edodo de Adapta\u00e7\u00e3o (PA).<\/td><\/tr><tr><td>Data a ser definida<\/td><td>Data limite para a convoca\u00e7\u00e3o dos candidatos reservas.<\/td><\/tr><tr><td>Data a ser definida<\/td><td>In\u00edcio do Curso.<\/td><\/tr><\/tbody><\/table><\/figure>\n\n\n\n<p>Por \u00faltimo, no edital do <a rel=\"noreferrer noopener\" href=\"https:\/\/www.in.gov.br\/en\/web\/dou\/-\/edital-de-2-de-janeiro-de-2020retificar-o-edital-do-concurso-publico-para-ingresso-no-corpo-de-saude-da-marinha-270263653\" target=\"_blank\"><strong>Corpo de Sa\u00fade da Marinha &#8211; Quadro de Apoio \u00e0 Sa\u00fade<\/strong><\/a> tamb\u00e9m foi acrescentada a etapa de Procedimento de Heteroidentifica\u00e7\u00e3o e <strong>2 vagas<\/strong> para candidatos negros. Al\u00e9m da altera\u00e7\u00e3o no calend\u00e1rio de eventos que, assim como o Quadro de M\u00e9dicos, agora est\u00e3o <strong>&#8220;a definir&#8221; .<\/strong><\/p>\n\n\n\n<p class=\"has-background has-text-align-center has-very-light-gray-background-color\"><strong>Saiba mais: <em><a href=\"https:\/\/www.estrategiaconcursos.com.br\/blog\/concurso-marinha-2020\/\" target=\"_blank\" rel=\"noreferrer noopener\">concurso Marinha<\/a><\/em><\/strong><\/p>\n\n\n\n<h3 class=\"has-text-align-center wp-block-heading\" id=\"cursos-assinatura\"><strong><em>Quer estudar <\/em><\/strong><em><strong>para <\/strong>Concurso Marinha  <\/em><\/h3>\n\n\n\n<p class=\"has-text-align-center\"><em><strong>Gostou desta oportunidade e deseja come\u00e7ar se preparar agora mesmo? Ent\u00e3o, confira os nossos cursos e comece a estudar para <\/strong><\/em><strong><em>Concurso Marinha <\/em><\/strong>:<\/p>\n\n\n\n<p class=\"has-background has-text-align-center has-luminous-vivid-amber-background-color\"><a rel=\"noreferrer noopener\" href=\"https:\/\/www.estrategiaconcursos.com.br\/cursos\/concurso\/\" target=\"_blank\"><strong><em>Curso para concurso<\/em><\/strong><\/a><\/p>\n\n\n\n<h4 class=\"has-text-align-center wp-block-heading\" id=\"assinatura\"><em><strong>Assinatura Anual Ilimitada*<\/strong><\/em><\/h4>\n\n\n\n<p class=\"has-text-align-center\"><em>Prepare-se com o melhor material e com quem mais aprova em Concursos P\u00fablicos em todo o pa\u00eds. Assine agora a nossa Assinatura Anual e tenha acesso ilimitado* a todos os nossos cursos.<\/em><\/p>\n\n\n\n<p class=\"has-background has-text-align-center has-light-green-cyan-background-color\"><strong>ASSINE AGORA<\/strong>&nbsp;\u2013&nbsp;<a rel=\"noreferrer noopener\" href=\"https:\/\/www.estrategiaconcursos.com.br\/assinaturas\" target=\"_blank\">Assinatura Ilimitada<\/a><\/p>\n\n\n\n<p class=\"has-text-align-center\"><strong><em>Fique por dentro de todos os concursos<\/em><\/strong><\/p>\n\n\n\n<p class=\"has-background has-text-align-center has-pale-cyan-blue-background-color\"><a rel=\"noreferrer noopener\" href=\"https:\/\/www.estrategiaconcursos.com.br\/blog\/concursos-abertos\/\" target=\"_blank\"><strong>CONCURSOS ABERTOS<\/strong><\/a><\/p>\n\n\n\n<p class=\"has-background has-text-align-center has-pale-cyan-blue-background-color\"><a rel=\"noreferrer noopener\" href=\"https:\/\/www.estrategiaconcursos.com.br\/blog\/concursos-2020\/\" target=\"_blank\"><strong>CONCURSOS&nbsp;2020<\/strong><\/a><\/p>\n\n\n\n<p><\/p>\n","protected":false},"excerpt":{"rendered":"<p>Foram publicados no Di\u00e1rio Oficial da Uni\u00e3o diversas retifica\u00e7\u00f5es dos editais do concurso Marinha. Os editais s\u00e3o para diferentes cargos e n\u00edveis de instru\u00e7\u00e3o. Confira abaixo os detalhes das mudan\u00e7as: No edital do concurso Corpo Auxiliar de Pra\u00e7as, a retifica\u00e7\u00e3o foi referente ao calend\u00e1rio de eventos. Anteriormente, as datas estavam &#8220;a definir&#8221; e, agora, foram [&hellip;]<\/p>\n","protected":false},"author":248,"featured_media":174817,"comment_status":"open","ping_status":"closed","sticky":false,"template":"","format":"standard","meta":{"post_tipo":"article","footnotes":""},"categories":[1],"tags":[],"tax_estado":[],"class_list":["post-550854","post","type-post","status-publish","format-standard","has-post-thumbnail","hentry","category-cursos-e-concursos"],"acf":[],"yoast_head":"<!-- This site is optimized with the Yoast SEO Premium plugin v27.2 (Yoast SEO v27.2) - https:\/\/yoast.com\/product\/yoast-seo-premium-wordpress\/ -->\n<title>Editais do concurso Marinha sofrem IMPORTANTES retifica\u00e7\u00f5es.<\/title>\n<meta name=\"description\" content=\"Concurso Marinha: Foram publicados no Di\u00e1rio Oficial da Uni\u00e3o diversas retifica\u00e7\u00f5es dos editais do concurso Marinha.Confira tudo aqui!\" \/>\n<meta name=\"robots\" content=\"index, follow, max-snippet:-1, max-image-preview:large, max-video-preview:-1\" \/>\n<link rel=\"canonical\" href=\"https:\/\/www.estrategiaconcursos.com.br\/blog\/concurso-marinha-retificacoes-2\/\" \/>\n<meta property=\"og:locale\" content=\"pt_BR\" \/>\n<meta property=\"og:type\" content=\"article\" \/>\n<meta property=\"og:title\" content=\"Editais do concurso Marinha sofrem IMPORTANTES retifica\u00e7\u00f5es.\" \/>\n<meta property=\"og:description\" content=\"Concurso Marinha: Foram publicados no Di\u00e1rio Oficial da Uni\u00e3o diversas retifica\u00e7\u00f5es dos editais do concurso Marinha.Confira tudo aqui!\" \/>\n<meta property=\"og:url\" content=\"https:\/\/www.estrategiaconcursos.com.br\/blog\/concurso-marinha-retificacoes-2\/\" \/>\n<meta property=\"og:site_name\" content=\"Estrat\u00e9gia Concursos\" \/>\n<meta property=\"article:published_time\" content=\"2020-08-04T14:39:28+00:00\" \/>\n<meta property=\"article:modified_time\" content=\"2020-08-04T18:41:31+00:00\" \/>\n<meta property=\"og:image\" content=\"https:\/\/dhg1h5j42swfq.cloudfront.net\/2019\/03\/28163841\/marinha-brasil-foto.jpg\" \/>\n\t<meta property=\"og:image:width\" content=\"430\" \/>\n\t<meta property=\"og:image:height\" content=\"284\" \/>\n\t<meta property=\"og:image:type\" content=\"image\/jpeg\" \/>\n<meta name=\"author\" content=\"Marcos Gir\u00e3o\" \/>\n<meta name=\"twitter:card\" content=\"summary_large_image\" \/>\n<meta name=\"twitter:creator\" content=\"@EstratConcursos\" \/>\n<meta name=\"twitter:site\" content=\"@EstratConcursos\" \/>\n<meta name=\"twitter:label1\" content=\"Escrito por\" \/>\n\t<meta name=\"twitter:data1\" content=\"Marcos Gir\u00e3o\" \/>\n\t<meta name=\"twitter:label2\" content=\"Est. tempo de leitura\" \/>\n\t<meta name=\"twitter:data2\" content=\"2 minutos\" \/>\n<script type=\"application\/ld+json\" class=\"yoast-schema-graph\">{\"@context\":\"https:\/\/schema.org\",\"@graph\":[{\"@type\":\"NewsArticle\",\"@id\":\"https:\/\/www.estrategiaconcursos.com.br\/blog\/concurso-marinha-retificacoes-2\/#article\",\"isPartOf\":{\"@id\":\"https:\/\/www.estrategiaconcursos.com.br\/blog\/concurso-marinha-retificacoes-2\/\"},\"author\":{\"name\":\"Marcos Gir\u00e3o\",\"@id\":\"https:\/\/www.estrategiaconcursos.com.br\/blog\/#\/schema\/person\/6be195b7a02a8ca214472b848686bb37\"},\"headline\":\"Editais do concurso Marinha sofrem IMPORTANTES retifica\u00e7\u00f5es.\",\"datePublished\":\"2020-08-04T14:39:28+00:00\",\"dateModified\":\"2020-08-04T18:41:31+00:00\",\"mainEntityOfPage\":{\"@id\":\"https:\/\/www.estrategiaconcursos.com.br\/blog\/concurso-marinha-retificacoes-2\/\"},\"wordCount\":504,\"commentCount\":0,\"publisher\":{\"@id\":\"https:\/\/www.estrategiaconcursos.com.br\/blog\/#organization\"},\"image\":{\"@id\":\"https:\/\/www.estrategiaconcursos.com.br\/blog\/concurso-marinha-retificacoes-2\/#primaryimage\"},\"thumbnailUrl\":\"https:\/\/dhg1h5j42swfq.cloudfront.net\/2019\/03\/28163841\/marinha-brasil-foto.jpg\",\"articleSection\":[\"Concursos P\u00fablicos\"],\"inLanguage\":\"pt-BR\",\"potentialAction\":[{\"@type\":\"CommentAction\",\"name\":\"Comment\",\"target\":[\"https:\/\/www.estrategiaconcursos.com.br\/blog\/concurso-marinha-retificacoes-2\/#respond\"]}],\"copyrightYear\":\"2020\",\"copyrightHolder\":{\"@id\":\"https:\/\/www.estrategiaconcursos.com.br\/blog\/#organization\"}},{\"@type\":\"WebPage\",\"@id\":\"https:\/\/www.estrategiaconcursos.com.br\/blog\/concurso-marinha-retificacoes-2\/\",\"url\":\"https:\/\/www.estrategiaconcursos.com.br\/blog\/concurso-marinha-retificacoes-2\/\",\"name\":\"Editais do concurso Marinha sofrem IMPORTANTES retifica\u00e7\u00f5es.\",\"isPartOf\":{\"@id\":\"https:\/\/www.estrategiaconcursos.com.br\/blog\/#website\"},\"primaryImageOfPage\":{\"@id\":\"https:\/\/www.estrategiaconcursos.com.br\/blog\/concurso-marinha-retificacoes-2\/#primaryimage\"},\"image\":{\"@id\":\"https:\/\/www.estrategiaconcursos.com.br\/blog\/concurso-marinha-retificacoes-2\/#primaryimage\"},\"thumbnailUrl\":\"https:\/\/dhg1h5j42swfq.cloudfront.net\/2019\/03\/28163841\/marinha-brasil-foto.jpg\",\"datePublished\":\"2020-08-04T14:39:28+00:00\",\"dateModified\":\"2020-08-04T18:41:31+00:00\",\"description\":\"Concurso Marinha: Foram publicados no Di\u00e1rio Oficial da Uni\u00e3o diversas retifica\u00e7\u00f5es dos editais do concurso Marinha.Confira tudo aqui!\",\"breadcrumb\":{\"@id\":\"https:\/\/www.estrategiaconcursos.com.br\/blog\/concurso-marinha-retificacoes-2\/#breadcrumb\"},\"inLanguage\":\"pt-BR\",\"potentialAction\":[{\"@type\":\"ReadAction\",\"target\":[\"https:\/\/www.estrategiaconcursos.com.br\/blog\/concurso-marinha-retificacoes-2\/\"]}]},{\"@type\":\"ImageObject\",\"inLanguage\":\"pt-BR\",\"@id\":\"https:\/\/www.estrategiaconcursos.com.br\/blog\/concurso-marinha-retificacoes-2\/#primaryimage\",\"url\":\"https:\/\/dhg1h5j42swfq.cloudfront.net\/2019\/03\/28163841\/marinha-brasil-foto.jpg\",\"contentUrl\":\"https:\/\/dhg1h5j42swfq.cloudfront.net\/2019\/03\/28163841\/marinha-brasil-foto.jpg\",\"width\":430,\"height\":284},{\"@type\":\"BreadcrumbList\",\"@id\":\"https:\/\/www.estrategiaconcursos.com.br\/blog\/concurso-marinha-retificacoes-2\/#breadcrumb\",\"itemListElement\":[{\"@type\":\"ListItem\",\"position\":1,\"name\":\"In\u00edcio\",\"item\":\"https:\/\/www.estrategiaconcursos.com.br\/blog\/\"},{\"@type\":\"ListItem\",\"position\":2,\"name\":\"Editais do concurso Marinha sofrem IMPORTANTES retifica\u00e7\u00f5es.\"}]},{\"@type\":\"WebSite\",\"@id\":\"https:\/\/www.estrategiaconcursos.com.br\/blog\/#website\",\"url\":\"https:\/\/www.estrategiaconcursos.com.br\/blog\/\",\"name\":\"Estrat\u00e9gia Concursos\",\"description\":\"O blog da Estrat\u00e9gia Concursos traz not\u00edcias sobre concursos e artigos de professores oferecendo cursos para concursos (pdf + videaulas) no site.\",\"publisher\":{\"@id\":\"https:\/\/www.estrategiaconcursos.com.br\/blog\/#organization\"},\"potentialAction\":[{\"@type\":\"SearchAction\",\"target\":{\"@type\":\"EntryPoint\",\"urlTemplate\":\"https:\/\/www.estrategiaconcursos.com.br\/blog\/?s={search_term_string}\"},\"query-input\":{\"@type\":\"PropertyValueSpecification\",\"valueRequired\":true,\"valueName\":\"search_term_string\"}}],\"inLanguage\":\"pt-BR\"},{\"@type\":\"Organization\",\"@id\":\"https:\/\/www.estrategiaconcursos.com.br\/blog\/#organization\",\"name\":\"Estrat\u00e9gia Concursos\",\"url\":\"https:\/\/www.estrategiaconcursos.com.br\/blog\/\",\"logo\":{\"@type\":\"ImageObject\",\"inLanguage\":\"pt-BR\",\"@id\":\"https:\/\/www.estrategiaconcursos.com.br\/blog\/#\/schema\/logo\/image\/\",\"url\":\"https:\/\/dhg1h5j42swfq.cloudfront.net\/2025\/06\/03203428\/logo_concursos-1.jpg\",\"contentUrl\":\"https:\/\/dhg1h5j42swfq.cloudfront.net\/2025\/06\/03203428\/logo_concursos-1.jpg\",\"width\":230,\"height\":60,\"caption\":\"Estrat\u00e9gia Concursos\"},\"image\":{\"@id\":\"https:\/\/www.estrategiaconcursos.com.br\/blog\/#\/schema\/logo\/image\/\"},\"sameAs\":[\"https:\/\/x.com\/EstratConcursos\"]},{\"@type\":\"Person\",\"@id\":\"https:\/\/www.estrategiaconcursos.com.br\/blog\/#\/schema\/person\/6be195b7a02a8ca214472b848686bb37\",\"name\":\"Marcos Gir\u00e3o\",\"image\":{\"@type\":\"ImageObject\",\"inLanguage\":\"pt-BR\",\"@id\":\"https:\/\/secure.gravatar.com\/avatar\/ac5b9a36e2c99a8280e07b5763e3b764471d5b861c47521bfd2edffdfbb06fbd?s=96&d=mm&r=g\",\"url\":\"https:\/\/secure.gravatar.com\/avatar\/ac5b9a36e2c99a8280e07b5763e3b764471d5b861c47521bfd2edffdfbb06fbd?s=96&d=mm&r=g\",\"contentUrl\":\"https:\/\/secure.gravatar.com\/avatar\/ac5b9a36e2c99a8280e07b5763e3b764471d5b861c47521bfd2edffdfbb06fbd?s=96&d=mm&r=g\",\"caption\":\"Marcos Gir\u00e3o\"},\"url\":\"https:\/\/www.estrategiaconcursos.com.br\/blog\/author\/marcosgiraoestrategiaconcursos-com-br\/\"}]}<\/script>\n<!-- \/ Yoast SEO Premium plugin. -->","yoast_head_json":{"title":"Editais do concurso Marinha sofrem IMPORTANTES retifica\u00e7\u00f5es.","description":"Concurso Marinha: Foram publicados no Di\u00e1rio Oficial da Uni\u00e3o diversas retifica\u00e7\u00f5es dos editais do concurso Marinha.Confira tudo aqui!","robots":{"index":"index","follow":"follow","max-snippet":"max-snippet:-1","max-image-preview":"max-image-preview:large","max-video-preview":"max-video-preview:-1"},"canonical":"https:\/\/www.estrategiaconcursos.com.br\/blog\/concurso-marinha-retificacoes-2\/","og_locale":"pt_BR","og_type":"article","og_title":"Editais do concurso Marinha sofrem IMPORTANTES retifica\u00e7\u00f5es.","og_description":"Concurso Marinha: Foram publicados no Di\u00e1rio Oficial da Uni\u00e3o diversas retifica\u00e7\u00f5es dos editais do concurso Marinha.Confira tudo aqui!","og_url":"https:\/\/www.estrategiaconcursos.com.br\/blog\/concurso-marinha-retificacoes-2\/","og_site_name":"Estrat\u00e9gia Concursos","article_published_time":"2020-08-04T14:39:28+00:00","article_modified_time":"2020-08-04T18:41:31+00:00","og_image":[{"width":430,"height":284,"url":"https:\/\/dhg1h5j42swfq.cloudfront.net\/2019\/03\/28163841\/marinha-brasil-foto.jpg","type":"image\/jpeg"}],"author":"Marcos Gir\u00e3o","twitter_card":"summary_large_image","twitter_creator":"@EstratConcursos","twitter_site":"@EstratConcursos","twitter_misc":{"Escrito por":"Marcos Gir\u00e3o","Est. tempo de leitura":"2 minutos"},"schema":{"@context":"https:\/\/schema.org","@graph":[{"@type":"NewsArticle","@id":"https:\/\/www.estrategiaconcursos.com.br\/blog\/concurso-marinha-retificacoes-2\/#article","isPartOf":{"@id":"https:\/\/www.estrategiaconcursos.com.br\/blog\/concurso-marinha-retificacoes-2\/"},"author":{"name":"Marcos Gir\u00e3o","@id":"https:\/\/www.estrategiaconcursos.com.br\/blog\/#\/schema\/person\/6be195b7a02a8ca214472b848686bb37"},"headline":"Editais do concurso Marinha sofrem IMPORTANTES retifica\u00e7\u00f5es.","datePublished":"2020-08-04T14:39:28+00:00","dateModified":"2020-08-04T18:41:31+00:00","mainEntityOfPage":{"@id":"https:\/\/www.estrategiaconcursos.com.br\/blog\/concurso-marinha-retificacoes-2\/"},"wordCount":504,"commentCount":0,"publisher":{"@id":"https:\/\/www.estrategiaconcursos.com.br\/blog\/#organization"},"image":{"@id":"https:\/\/www.estrategiaconcursos.com.br\/blog\/concurso-marinha-retificacoes-2\/#primaryimage"},"thumbnailUrl":"https:\/\/dhg1h5j42swfq.cloudfront.net\/2019\/03\/28163841\/marinha-brasil-foto.jpg","articleSection":["Concursos P\u00fablicos"],"inLanguage":"pt-BR","potentialAction":[{"@type":"CommentAction","name":"Comment","target":["https:\/\/www.estrategiaconcursos.com.br\/blog\/concurso-marinha-retificacoes-2\/#respond"]}],"copyrightYear":"2020","copyrightHolder":{"@id":"https:\/\/www.estrategiaconcursos.com.br\/blog\/#organization"}},{"@type":"WebPage","@id":"https:\/\/www.estrategiaconcursos.com.br\/blog\/concurso-marinha-retificacoes-2\/","url":"https:\/\/www.estrategiaconcursos.com.br\/blog\/concurso-marinha-retificacoes-2\/","name":"Editais do concurso Marinha sofrem IMPORTANTES retifica\u00e7\u00f5es.","isPartOf":{"@id":"https:\/\/www.estrategiaconcursos.com.br\/blog\/#website"},"primaryImageOfPage":{"@id":"https:\/\/www.estrategiaconcursos.com.br\/blog\/concurso-marinha-retificacoes-2\/#primaryimage"},"image":{"@id":"https:\/\/www.estrategiaconcursos.com.br\/blog\/concurso-marinha-retificacoes-2\/#primaryimage"},"thumbnailUrl":"https:\/\/dhg1h5j42swfq.cloudfront.net\/2019\/03\/28163841\/marinha-brasil-foto.jpg","datePublished":"2020-08-04T14:39:28+00:00","dateModified":"2020-08-04T18:41:31+00:00","description":"Concurso Marinha: Foram publicados no Di\u00e1rio Oficial da Uni\u00e3o diversas retifica\u00e7\u00f5es dos editais do concurso Marinha.Confira tudo aqui!","breadcrumb":{"@id":"https:\/\/www.estrategiaconcursos.com.br\/blog\/concurso-marinha-retificacoes-2\/#breadcrumb"},"inLanguage":"pt-BR","potentialAction":[{"@type":"ReadAction","target":["https:\/\/www.estrategiaconcursos.com.br\/blog\/concurso-marinha-retificacoes-2\/"]}]},{"@type":"ImageObject","inLanguage":"pt-BR","@id":"https:\/\/www.estrategiaconcursos.com.br\/blog\/concurso-marinha-retificacoes-2\/#primaryimage","url":"https:\/\/dhg1h5j42swfq.cloudfront.net\/2019\/03\/28163841\/marinha-brasil-foto.jpg","contentUrl":"https:\/\/dhg1h5j42swfq.cloudfront.net\/2019\/03\/28163841\/marinha-brasil-foto.jpg","width":430,"height":284},{"@type":"BreadcrumbList","@id":"https:\/\/www.estrategiaconcursos.com.br\/blog\/concurso-marinha-retificacoes-2\/#breadcrumb","itemListElement":[{"@type":"ListItem","position":1,"name":"In\u00edcio","item":"https:\/\/www.estrategiaconcursos.com.br\/blog\/"},{"@type":"ListItem","position":2,"name":"Editais do concurso Marinha sofrem IMPORTANTES retifica\u00e7\u00f5es."}]},{"@type":"WebSite","@id":"https:\/\/www.estrategiaconcursos.com.br\/blog\/#website","url":"https:\/\/www.estrategiaconcursos.com.br\/blog\/","name":"Estrat\u00e9gia Concursos","description":"O blog da Estrat\u00e9gia Concursos traz not\u00edcias sobre concursos e artigos de professores oferecendo cursos para concursos (pdf + videaulas) no site.","publisher":{"@id":"https:\/\/www.estrategiaconcursos.com.br\/blog\/#organization"},"potentialAction":[{"@type":"SearchAction","target":{"@type":"EntryPoint","urlTemplate":"https:\/\/www.estrategiaconcursos.com.br\/blog\/?s={search_term_string}"},"query-input":{"@type":"PropertyValueSpecification","valueRequired":true,"valueName":"search_term_string"}}],"inLanguage":"pt-BR"},{"@type":"Organization","@id":"https:\/\/www.estrategiaconcursos.com.br\/blog\/#organization","name":"Estrat\u00e9gia Concursos","url":"https:\/\/www.estrategiaconcursos.com.br\/blog\/","logo":{"@type":"ImageObject","inLanguage":"pt-BR","@id":"https:\/\/www.estrategiaconcursos.com.br\/blog\/#\/schema\/logo\/image\/","url":"https:\/\/dhg1h5j42swfq.cloudfront.net\/2025\/06\/03203428\/logo_concursos-1.jpg","contentUrl":"https:\/\/dhg1h5j42swfq.cloudfront.net\/2025\/06\/03203428\/logo_concursos-1.jpg","width":230,"height":60,"caption":"Estrat\u00e9gia Concursos"},"image":{"@id":"https:\/\/www.estrategiaconcursos.com.br\/blog\/#\/schema\/logo\/image\/"},"sameAs":["https:\/\/x.com\/EstratConcursos"]},{"@type":"Person","@id":"https:\/\/www.estrategiaconcursos.com.br\/blog\/#\/schema\/person\/6be195b7a02a8ca214472b848686bb37","name":"Marcos Gir\u00e3o","image":{"@type":"ImageObject","inLanguage":"pt-BR","@id":"https:\/\/secure.gravatar.com\/avatar\/ac5b9a36e2c99a8280e07b5763e3b764471d5b861c47521bfd2edffdfbb06fbd?s=96&d=mm&r=g","url":"https:\/\/secure.gravatar.com\/avatar\/ac5b9a36e2c99a8280e07b5763e3b764471d5b861c47521bfd2edffdfbb06fbd?s=96&d=mm&r=g","contentUrl":"https:\/\/secure.gravatar.com\/avatar\/ac5b9a36e2c99a8280e07b5763e3b764471d5b861c47521bfd2edffdfbb06fbd?s=96&d=mm&r=g","caption":"Marcos Gir\u00e3o"},"url":"https:\/\/www.estrategiaconcursos.com.br\/blog\/author\/marcosgiraoestrategiaconcursos-com-br\/"}]}},"_links":{"self":[{"href":"https:\/\/www.estrategiaconcursos.com.br\/blog\/wp-json\/wp\/v2\/posts\/550854","targetHints":{"allow":["GET"]}}],"collection":[{"href":"https:\/\/www.estrategiaconcursos.com.br\/blog\/wp-json\/wp\/v2\/posts"}],"about":[{"href":"https:\/\/www.estrategiaconcursos.com.br\/blog\/wp-json\/wp\/v2\/types\/post"}],"author":[{"embeddable":true,"href":"https:\/\/www.estrategiaconcursos.com.br\/blog\/wp-json\/wp\/v2\/users\/248"}],"replies":[{"embeddable":true,"href":"https:\/\/www.estrategiaconcursos.com.br\/blog\/wp-json\/wp\/v2\/comments?post=550854"}],"version-history":[{"count":5,"href":"https:\/\/www.estrategiaconcursos.com.br\/blog\/wp-json\/wp\/v2\/posts\/550854\/revisions"}],"predecessor-version":[{"id":551099,"href":"https:\/\/www.estrategiaconcursos.com.br\/blog\/wp-json\/wp\/v2\/posts\/550854\/revisions\/551099"}],"wp:featuredmedia":[{"embeddable":true,"href":"https:\/\/www.estrategiaconcursos.com.br\/blog\/wp-json\/wp\/v2\/media\/174817"}],"wp:attachment":[{"href":"https:\/\/www.estrategiaconcursos.com.br\/blog\/wp-json\/wp\/v2\/media?parent=550854"}],"wp:term":[{"taxonomy":"category","embeddable":true,"href":"https:\/\/www.estrategiaconcursos.com.br\/blog\/wp-json\/wp\/v2\/categories?post=550854"},{"taxonomy":"post_tag","embeddable":true,"href":"https:\/\/www.estrategiaconcursos.com.br\/blog\/wp-json\/wp\/v2\/tags?post=550854"},{"taxonomy":"tax_estado","embeddable":true,"href":"https:\/\/www.estrategiaconcursos.com.br\/blog\/wp-json\/wp\/v2\/tax_estado?post=550854"}],"curies":[{"name":"wp","href":"https:\/\/api.w.org\/{rel}","templated":true}]}}