{"id":550811,"date":"2020-08-04T09:49:49","date_gmt":"2020-08-04T12:49:49","guid":{"rendered":"https:\/\/www.estrategiaconcursos.com.br\/blog\/?p=550811"},"modified":"2020-08-04T10:04:36","modified_gmt":"2020-08-04T13:04:36","slug":"concurso-pm-pr-inscricoes-2","status":"publish","type":"post","link":"https:\/\/www.estrategiaconcursos.com.br\/blog\/concurso-pm-pr-inscricoes-2\/","title":{"rendered":"Est\u00e3o reabertas as inscri\u00e7\u00f5es do concurso PM PR!"},"content":{"rendered":"\n<p>As inscri\u00e7\u00f5es para o concurso Pol\u00edcia Militar Paran\u00e1 (concurso PM PR) foram reabertas! Os interessados em participar do certame devem se inscrever entre os dias <strong>04 de agosto a 02 de setembro<\/strong>.<\/p>\n\n\n\n<p>Al\u00e9m disso, \u00e9 necess\u00e1rio fazer o pagamento da taxa de inscri\u00e7\u00e3o fixada em <strong>R$100,00. <\/strong><\/p>\n\n\n\n<p>Tamb\u00e9m, os candidatos podem solicitar a isen\u00e7\u00e3o da taxa, entre os dias<strong> 04 a 14 de agsoto de 2020<\/strong>, atrav\u00e9s do site da banca organizadora, o <strong>NC UFPR<\/strong>.<\/p>\n\n\n\n<p>A nova data para a realiza\u00e7\u00e3o da prova objetiva, <strong>ainda n\u00e3o foi confirmada. <\/strong><\/p>\n\n\n\n<p>Vale ressaltar que s\u00e3o ofertadas\u00a0<strong>2.000 vagas<\/strong>, para o cargo de Soldado da Pol\u00edcia Militar, e\u00a0<strong>400 para Soldado Bombeiro Militar,\u00a0<\/strong>todas de n\u00edvel m\u00e9dio<strong>.<\/strong><\/p>\n\n\n\n<p class=\"has-text-align-center\"><strong>Confira toda a retifica\u00e7\u00e3o das datas do concurso:<\/strong><\/p>\n\n\n\n<p class=\"has-background has-text-align-center has-pale-pink-background-color\"><a href=\"https:\/\/dhg1h5j42swfq.cloudfront.net\/2020\/07\/27092144\/PM-PR-RET.pdf\"><strong>Reabertura de inscri\u00e7\u00f5es PM PR 2020 <\/strong><\/a><\/p>\n\n\n\n<p style=\"font-size:18px\" class=\"has-background has-text-align-center has-very-light-gray-background-color\"><strong>Saiba mais: <a href=\"https:\/\/www.estrategiaconcursos.com.br\/blog\/concurso-pm-pr\/\">Concurso PM PR<\/a> | <a href=\"https:\/\/www.estrategiaconcursos.com.br\/blog\/concurso-bombeiro-pr\/\">Concurso Bombeiros PR<\/a><\/strong>   <\/p>\n\n\n\n<p class=\"has-text-align-center\"><strong><em><strong>Sistema de Quest\u00f5es<\/strong><\/em><\/strong><\/p>\n\n\n\n<p class=\"has-text-align-center\"><em>Estrat\u00e9gia Quest\u00f5es nasceu maior do que todos os concorrentes, com mais quest\u00f5es cadastradas e mais solu\u00e7\u00f5es por professores. Clique no link e aproveite os descontos e b\u00f4nus imperd\u00edveis!<\/em><\/p>\n\n\n\n<p class=\"has-background has-text-align-center has-vivid-green-cyan-background-color\"><strong>ASSINE AGORA \u2013&nbsp;<a href=\"https:\/\/questoes.estrategiaconcursos.com.br\/\" target=\"_blank\" rel=\"noreferrer noopener\">Sistema de Quest\u00f5es<\/a><\/strong><\/p>\n\n\n\n<p class=\"has-text-align-center\"><em><strong>Assinatura Anual Ilimitada*<\/strong><\/em><\/p>\n\n\n\n<p class=\"has-text-align-center\"><em>Prepare-se com o melhor material e com quem mais aprova em Concursos P\u00fablicos em todo o pa\u00eds. Assine agora a nossa Assinatura Anual e tenha acesso ilimitado* a todos os nossos cursos.<\/em><\/p>\n\n\n\n<p class=\"has-background has-text-align-center has-light-green-cyan-background-color\"><strong>ASSINE AGORA<\/strong>&nbsp;\u2013&nbsp;<a rel=\"noreferrer noopener\" href=\"https:\/\/www.estrategiaconcursos.com.br\/assinaturas\" target=\"_blank\"><strong>Assinatura Ilimitada<\/strong><\/a><\/p>\n\n\n\n<p class=\"has-background has-text-align-center has-pale-cyan-blue-background-color\"><strong><a href=\"https:\/\/www.estrategiaconcursos.com.br\/blog\/concursos-abertos\/\">CONCURSOS ABERTOS<\/a><\/strong><\/p>\n\n\n\n<p class=\"has-background has-text-align-center has-pale-cyan-blue-background-color\"><a href=\"https:\/\/www.estrategiaconcursos.com.br\/blog\/concursos-2020\/\"><strong>CONCURSOS<\/strong><\/a><strong><a href=\"https:\/\/www.estrategiaconcursos.com.br\/blog\/concursos-2020\/\">&nbsp;2020<\/a><\/strong><\/p>\n\n\n\n<p class=\"has-background has-text-align-center has-pale-cyan-blue-background-color\"><a rel=\"noreferrer noopener\" href=\"https:\/\/www.estrategiaconcursos.com.br\/blog\/concursos-2021\/\" target=\"_blank\"><strong>CONCURSOS 2021<\/strong><\/a><\/p>\n","protected":false},"excerpt":{"rendered":"<p>As inscri\u00e7\u00f5es para o concurso Pol\u00edcia Militar Paran\u00e1 (concurso PM PR) foram reabertas! Os interessados em participar do certame devem se inscrever entre os dias 04 de agosto a 02 de setembro. Al\u00e9m disso, \u00e9 necess\u00e1rio fazer o pagamento da taxa de inscri\u00e7\u00e3o fixada em R$100,00. Tamb\u00e9m, os candidatos podem solicitar a isen\u00e7\u00e3o da taxa, [&hellip;]<\/p>\n","protected":false},"author":1482,"featured_media":469188,"comment_status":"open","ping_status":"closed","sticky":false,"template":"","format":"standard","meta":{"post_tipo":"article","footnotes":""},"categories":[1],"tags":[],"tax_estado":[],"class_list":["post-550811","post","type-post","status-publish","format-standard","has-post-thumbnail","hentry","category-cursos-e-concursos"],"acf":[],"yoast_head":"<!-- This site is optimized with the Yoast SEO Premium plugin v27.2 (Yoast SEO v27.2) - https:\/\/yoast.com\/product\/yoast-seo-premium-wordpress\/ -->\n<title>Est\u00e3o reabertas as inscri\u00e7\u00f5es do concurso PM PR!<\/title>\n<meta name=\"description\" content=\"Concurso PM PR: As inscri\u00e7\u00f5es para o concurso Pol\u00edcia Militar Paran\u00e1 (concurso PM PR) foram reabertas! Confira todas as informa\u00e7\u00e3o aqui!\" \/>\n<meta name=\"robots\" content=\"index, follow, max-snippet:-1, max-image-preview:large, max-video-preview:-1\" \/>\n<link rel=\"canonical\" href=\"https:\/\/www.estrategiaconcursos.com.br\/blog\/concurso-pm-pr-inscricoes-2\/\" \/>\n<meta property=\"og:locale\" content=\"pt_BR\" \/>\n<meta property=\"og:type\" content=\"article\" \/>\n<meta property=\"og:title\" content=\"Est\u00e3o reabertas as inscri\u00e7\u00f5es do concurso PM PR!\" \/>\n<meta property=\"og:description\" content=\"Concurso PM PR: As inscri\u00e7\u00f5es para o concurso Pol\u00edcia Militar Paran\u00e1 (concurso PM PR) foram reabertas! Confira todas as informa\u00e7\u00e3o aqui!\" \/>\n<meta property=\"og:url\" content=\"https:\/\/www.estrategiaconcursos.com.br\/blog\/concurso-pm-pr-inscricoes-2\/\" \/>\n<meta property=\"og:site_name\" content=\"Estrat\u00e9gia Concursos\" \/>\n<meta property=\"article:published_time\" content=\"2020-08-04T12:49:49+00:00\" \/>\n<meta property=\"article:modified_time\" content=\"2020-08-04T13:04:36+00:00\" \/>\n<meta property=\"og:image\" content=\"https:\/\/dhg1h5j42swfq.cloudfront.net\/2020\/01\/13093949\/pmpr.jpg\" \/>\n\t<meta property=\"og:image:width\" content=\"400\" \/>\n\t<meta property=\"og:image:height\" content=\"209\" \/>\n\t<meta property=\"og:image:type\" content=\"image\/jpeg\" \/>\n<meta name=\"author\" content=\"Diego Cerqueira\" \/>\n<meta name=\"twitter:card\" content=\"summary_large_image\" \/>\n<meta name=\"twitter:creator\" content=\"@EstratConcursos\" \/>\n<meta name=\"twitter:site\" content=\"@EstratConcursos\" \/>\n<meta name=\"twitter:label1\" content=\"Escrito por\" \/>\n\t<meta name=\"twitter:data1\" content=\"Diego Cerqueira\" \/>\n\t<meta name=\"twitter:label2\" content=\"Est. tempo de leitura\" \/>\n\t<meta name=\"twitter:data2\" content=\"1 minuto\" \/>\n<script type=\"application\/ld+json\" class=\"yoast-schema-graph\">{\"@context\":\"https:\/\/schema.org\",\"@graph\":[{\"@type\":\"NewsArticle\",\"@id\":\"https:\/\/www.estrategiaconcursos.com.br\/blog\/concurso-pm-pr-inscricoes-2\/#article\",\"isPartOf\":{\"@id\":\"https:\/\/www.estrategiaconcursos.com.br\/blog\/concurso-pm-pr-inscricoes-2\/\"},\"author\":{\"name\":\"Diego Cerqueira\",\"@id\":\"https:\/\/www.estrategiaconcursos.com.br\/blog\/#\/schema\/person\/dd9f6d98671a3ac63bf25b40baf6f2e2\"},\"headline\":\"Est\u00e3o reabertas as inscri\u00e7\u00f5es do concurso PM PR!\",\"datePublished\":\"2020-08-04T12:49:49+00:00\",\"dateModified\":\"2020-08-04T13:04:36+00:00\",\"mainEntityOfPage\":{\"@id\":\"https:\/\/www.estrategiaconcursos.com.br\/blog\/concurso-pm-pr-inscricoes-2\/\"},\"wordCount\":244,\"commentCount\":0,\"publisher\":{\"@id\":\"https:\/\/www.estrategiaconcursos.com.br\/blog\/#organization\"},\"image\":{\"@id\":\"https:\/\/www.estrategiaconcursos.com.br\/blog\/concurso-pm-pr-inscricoes-2\/#primaryimage\"},\"thumbnailUrl\":\"https:\/\/dhg1h5j42swfq.cloudfront.net\/2020\/01\/13093949\/pmpr.jpg\",\"articleSection\":[\"Concursos P\u00fablicos\"],\"inLanguage\":\"pt-BR\",\"potentialAction\":[{\"@type\":\"CommentAction\",\"name\":\"Comment\",\"target\":[\"https:\/\/www.estrategiaconcursos.com.br\/blog\/concurso-pm-pr-inscricoes-2\/#respond\"]}],\"copyrightYear\":\"2020\",\"copyrightHolder\":{\"@id\":\"https:\/\/www.estrategiaconcursos.com.br\/blog\/#organization\"}},{\"@type\":\"WebPage\",\"@id\":\"https:\/\/www.estrategiaconcursos.com.br\/blog\/concurso-pm-pr-inscricoes-2\/\",\"url\":\"https:\/\/www.estrategiaconcursos.com.br\/blog\/concurso-pm-pr-inscricoes-2\/\",\"name\":\"Est\u00e3o reabertas as inscri\u00e7\u00f5es do concurso PM PR!\",\"isPartOf\":{\"@id\":\"https:\/\/www.estrategiaconcursos.com.br\/blog\/#website\"},\"primaryImageOfPage\":{\"@id\":\"https:\/\/www.estrategiaconcursos.com.br\/blog\/concurso-pm-pr-inscricoes-2\/#primaryimage\"},\"image\":{\"@id\":\"https:\/\/www.estrategiaconcursos.com.br\/blog\/concurso-pm-pr-inscricoes-2\/#primaryimage\"},\"thumbnailUrl\":\"https:\/\/dhg1h5j42swfq.cloudfront.net\/2020\/01\/13093949\/pmpr.jpg\",\"datePublished\":\"2020-08-04T12:49:49+00:00\",\"dateModified\":\"2020-08-04T13:04:36+00:00\",\"description\":\"Concurso PM PR: As inscri\u00e7\u00f5es para o concurso Pol\u00edcia Militar Paran\u00e1 (concurso PM PR) foram reabertas! Confira todas as informa\u00e7\u00e3o aqui!\",\"breadcrumb\":{\"@id\":\"https:\/\/www.estrategiaconcursos.com.br\/blog\/concurso-pm-pr-inscricoes-2\/#breadcrumb\"},\"inLanguage\":\"pt-BR\",\"potentialAction\":[{\"@type\":\"ReadAction\",\"target\":[\"https:\/\/www.estrategiaconcursos.com.br\/blog\/concurso-pm-pr-inscricoes-2\/\"]}]},{\"@type\":\"ImageObject\",\"inLanguage\":\"pt-BR\",\"@id\":\"https:\/\/www.estrategiaconcursos.com.br\/blog\/concurso-pm-pr-inscricoes-2\/#primaryimage\",\"url\":\"https:\/\/dhg1h5j42swfq.cloudfront.net\/2020\/01\/13093949\/pmpr.jpg\",\"contentUrl\":\"https:\/\/dhg1h5j42swfq.cloudfront.net\/2020\/01\/13093949\/pmpr.jpg\",\"width\":400,\"height\":209,\"caption\":\"pm pr\"},{\"@type\":\"BreadcrumbList\",\"@id\":\"https:\/\/www.estrategiaconcursos.com.br\/blog\/concurso-pm-pr-inscricoes-2\/#breadcrumb\",\"itemListElement\":[{\"@type\":\"ListItem\",\"position\":1,\"name\":\"In\u00edcio\",\"item\":\"https:\/\/www.estrategiaconcursos.com.br\/blog\/\"},{\"@type\":\"ListItem\",\"position\":2,\"name\":\"Est\u00e3o reabertas as inscri\u00e7\u00f5es do concurso PM PR!\"}]},{\"@type\":\"WebSite\",\"@id\":\"https:\/\/www.estrategiaconcursos.com.br\/blog\/#website\",\"url\":\"https:\/\/www.estrategiaconcursos.com.br\/blog\/\",\"name\":\"Estrat\u00e9gia Concursos\",\"description\":\"O blog da Estrat\u00e9gia Concursos traz not\u00edcias sobre concursos e artigos de professores oferecendo cursos para concursos (pdf + videaulas) no site.\",\"publisher\":{\"@id\":\"https:\/\/www.estrategiaconcursos.com.br\/blog\/#organization\"},\"potentialAction\":[{\"@type\":\"SearchAction\",\"target\":{\"@type\":\"EntryPoint\",\"urlTemplate\":\"https:\/\/www.estrategiaconcursos.com.br\/blog\/?s={search_term_string}\"},\"query-input\":{\"@type\":\"PropertyValueSpecification\",\"valueRequired\":true,\"valueName\":\"search_term_string\"}}],\"inLanguage\":\"pt-BR\"},{\"@type\":\"Organization\",\"@id\":\"https:\/\/www.estrategiaconcursos.com.br\/blog\/#organization\",\"name\":\"Estrat\u00e9gia Concursos\",\"url\":\"https:\/\/www.estrategiaconcursos.com.br\/blog\/\",\"logo\":{\"@type\":\"ImageObject\",\"inLanguage\":\"pt-BR\",\"@id\":\"https:\/\/www.estrategiaconcursos.com.br\/blog\/#\/schema\/logo\/image\/\",\"url\":\"https:\/\/dhg1h5j42swfq.cloudfront.net\/2025\/06\/03203428\/logo_concursos-1.jpg\",\"contentUrl\":\"https:\/\/dhg1h5j42swfq.cloudfront.net\/2025\/06\/03203428\/logo_concursos-1.jpg\",\"width\":230,\"height\":60,\"caption\":\"Estrat\u00e9gia Concursos\"},\"image\":{\"@id\":\"https:\/\/www.estrategiaconcursos.com.br\/blog\/#\/schema\/logo\/image\/\"},\"sameAs\":[\"https:\/\/x.com\/EstratConcursos\"]},{\"@type\":\"Person\",\"@id\":\"https:\/\/www.estrategiaconcursos.com.br\/blog\/#\/schema\/person\/dd9f6d98671a3ac63bf25b40baf6f2e2\",\"name\":\"Diego Cerqueira\",\"image\":{\"@type\":\"ImageObject\",\"inLanguage\":\"pt-BR\",\"@id\":\"https:\/\/secure.gravatar.com\/avatar\/93f5bbe4c5469a613830caa67379a40ab60d82fa495e4fbb9e4039bce737c0cc?s=96&d=mm&r=g\",\"url\":\"https:\/\/secure.gravatar.com\/avatar\/93f5bbe4c5469a613830caa67379a40ab60d82fa495e4fbb9e4039bce737c0cc?s=96&d=mm&r=g\",\"contentUrl\":\"https:\/\/secure.gravatar.com\/avatar\/93f5bbe4c5469a613830caa67379a40ab60d82fa495e4fbb9e4039bce737c0cc?s=96&d=mm&r=g\",\"caption\":\"Diego Cerqueira\"},\"url\":\"https:\/\/www.estrategiaconcursos.com.br\/blog\/author\/diegocerqueiraestrategiaconcursos-com-br-2\/\"}]}<\/script>\n<!-- \/ Yoast SEO Premium plugin. -->","yoast_head_json":{"title":"Est\u00e3o reabertas as inscri\u00e7\u00f5es do concurso PM PR!","description":"Concurso PM PR: As inscri\u00e7\u00f5es para o concurso Pol\u00edcia Militar Paran\u00e1 (concurso PM PR) foram reabertas! Confira todas as informa\u00e7\u00e3o aqui!","robots":{"index":"index","follow":"follow","max-snippet":"max-snippet:-1","max-image-preview":"max-image-preview:large","max-video-preview":"max-video-preview:-1"},"canonical":"https:\/\/www.estrategiaconcursos.com.br\/blog\/concurso-pm-pr-inscricoes-2\/","og_locale":"pt_BR","og_type":"article","og_title":"Est\u00e3o reabertas as inscri\u00e7\u00f5es do concurso PM PR!","og_description":"Concurso PM PR: As inscri\u00e7\u00f5es para o concurso Pol\u00edcia Militar Paran\u00e1 (concurso PM PR) foram reabertas! Confira todas as informa\u00e7\u00e3o aqui!","og_url":"https:\/\/www.estrategiaconcursos.com.br\/blog\/concurso-pm-pr-inscricoes-2\/","og_site_name":"Estrat\u00e9gia Concursos","article_published_time":"2020-08-04T12:49:49+00:00","article_modified_time":"2020-08-04T13:04:36+00:00","og_image":[{"width":400,"height":209,"url":"https:\/\/dhg1h5j42swfq.cloudfront.net\/2020\/01\/13093949\/pmpr.jpg","type":"image\/jpeg"}],"author":"Diego Cerqueira","twitter_card":"summary_large_image","twitter_creator":"@EstratConcursos","twitter_site":"@EstratConcursos","twitter_misc":{"Escrito por":"Diego Cerqueira","Est. tempo de leitura":"1 minuto"},"schema":{"@context":"https:\/\/schema.org","@graph":[{"@type":"NewsArticle","@id":"https:\/\/www.estrategiaconcursos.com.br\/blog\/concurso-pm-pr-inscricoes-2\/#article","isPartOf":{"@id":"https:\/\/www.estrategiaconcursos.com.br\/blog\/concurso-pm-pr-inscricoes-2\/"},"author":{"name":"Diego Cerqueira","@id":"https:\/\/www.estrategiaconcursos.com.br\/blog\/#\/schema\/person\/dd9f6d98671a3ac63bf25b40baf6f2e2"},"headline":"Est\u00e3o reabertas as inscri\u00e7\u00f5es do concurso PM PR!","datePublished":"2020-08-04T12:49:49+00:00","dateModified":"2020-08-04T13:04:36+00:00","mainEntityOfPage":{"@id":"https:\/\/www.estrategiaconcursos.com.br\/blog\/concurso-pm-pr-inscricoes-2\/"},"wordCount":244,"commentCount":0,"publisher":{"@id":"https:\/\/www.estrategiaconcursos.com.br\/blog\/#organization"},"image":{"@id":"https:\/\/www.estrategiaconcursos.com.br\/blog\/concurso-pm-pr-inscricoes-2\/#primaryimage"},"thumbnailUrl":"https:\/\/dhg1h5j42swfq.cloudfront.net\/2020\/01\/13093949\/pmpr.jpg","articleSection":["Concursos P\u00fablicos"],"inLanguage":"pt-BR","potentialAction":[{"@type":"CommentAction","name":"Comment","target":["https:\/\/www.estrategiaconcursos.com.br\/blog\/concurso-pm-pr-inscricoes-2\/#respond"]}],"copyrightYear":"2020","copyrightHolder":{"@id":"https:\/\/www.estrategiaconcursos.com.br\/blog\/#organization"}},{"@type":"WebPage","@id":"https:\/\/www.estrategiaconcursos.com.br\/blog\/concurso-pm-pr-inscricoes-2\/","url":"https:\/\/www.estrategiaconcursos.com.br\/blog\/concurso-pm-pr-inscricoes-2\/","name":"Est\u00e3o reabertas as inscri\u00e7\u00f5es do concurso PM PR!","isPartOf":{"@id":"https:\/\/www.estrategiaconcursos.com.br\/blog\/#website"},"primaryImageOfPage":{"@id":"https:\/\/www.estrategiaconcursos.com.br\/blog\/concurso-pm-pr-inscricoes-2\/#primaryimage"},"image":{"@id":"https:\/\/www.estrategiaconcursos.com.br\/blog\/concurso-pm-pr-inscricoes-2\/#primaryimage"},"thumbnailUrl":"https:\/\/dhg1h5j42swfq.cloudfront.net\/2020\/01\/13093949\/pmpr.jpg","datePublished":"2020-08-04T12:49:49+00:00","dateModified":"2020-08-04T13:04:36+00:00","description":"Concurso PM PR: As inscri\u00e7\u00f5es para o concurso Pol\u00edcia Militar Paran\u00e1 (concurso PM PR) foram reabertas! Confira todas as informa\u00e7\u00e3o aqui!","breadcrumb":{"@id":"https:\/\/www.estrategiaconcursos.com.br\/blog\/concurso-pm-pr-inscricoes-2\/#breadcrumb"},"inLanguage":"pt-BR","potentialAction":[{"@type":"ReadAction","target":["https:\/\/www.estrategiaconcursos.com.br\/blog\/concurso-pm-pr-inscricoes-2\/"]}]},{"@type":"ImageObject","inLanguage":"pt-BR","@id":"https:\/\/www.estrategiaconcursos.com.br\/blog\/concurso-pm-pr-inscricoes-2\/#primaryimage","url":"https:\/\/dhg1h5j42swfq.cloudfront.net\/2020\/01\/13093949\/pmpr.jpg","contentUrl":"https:\/\/dhg1h5j42swfq.cloudfront.net\/2020\/01\/13093949\/pmpr.jpg","width":400,"height":209,"caption":"pm pr"},{"@type":"BreadcrumbList","@id":"https:\/\/www.estrategiaconcursos.com.br\/blog\/concurso-pm-pr-inscricoes-2\/#breadcrumb","itemListElement":[{"@type":"ListItem","position":1,"name":"In\u00edcio","item":"https:\/\/www.estrategiaconcursos.com.br\/blog\/"},{"@type":"ListItem","position":2,"name":"Est\u00e3o reabertas as inscri\u00e7\u00f5es do concurso PM PR!"}]},{"@type":"WebSite","@id":"https:\/\/www.estrategiaconcursos.com.br\/blog\/#website","url":"https:\/\/www.estrategiaconcursos.com.br\/blog\/","name":"Estrat\u00e9gia Concursos","description":"O blog da Estrat\u00e9gia Concursos traz not\u00edcias sobre concursos e artigos de professores oferecendo cursos para concursos (pdf + videaulas) no site.","publisher":{"@id":"https:\/\/www.estrategiaconcursos.com.br\/blog\/#organization"},"potentialAction":[{"@type":"SearchAction","target":{"@type":"EntryPoint","urlTemplate":"https:\/\/www.estrategiaconcursos.com.br\/blog\/?s={search_term_string}"},"query-input":{"@type":"PropertyValueSpecification","valueRequired":true,"valueName":"search_term_string"}}],"inLanguage":"pt-BR"},{"@type":"Organization","@id":"https:\/\/www.estrategiaconcursos.com.br\/blog\/#organization","name":"Estrat\u00e9gia Concursos","url":"https:\/\/www.estrategiaconcursos.com.br\/blog\/","logo":{"@type":"ImageObject","inLanguage":"pt-BR","@id":"https:\/\/www.estrategiaconcursos.com.br\/blog\/#\/schema\/logo\/image\/","url":"https:\/\/dhg1h5j42swfq.cloudfront.net\/2025\/06\/03203428\/logo_concursos-1.jpg","contentUrl":"https:\/\/dhg1h5j42swfq.cloudfront.net\/2025\/06\/03203428\/logo_concursos-1.jpg","width":230,"height":60,"caption":"Estrat\u00e9gia Concursos"},"image":{"@id":"https:\/\/www.estrategiaconcursos.com.br\/blog\/#\/schema\/logo\/image\/"},"sameAs":["https:\/\/x.com\/EstratConcursos"]},{"@type":"Person","@id":"https:\/\/www.estrategiaconcursos.com.br\/blog\/#\/schema\/person\/dd9f6d98671a3ac63bf25b40baf6f2e2","name":"Diego Cerqueira","image":{"@type":"ImageObject","inLanguage":"pt-BR","@id":"https:\/\/secure.gravatar.com\/avatar\/93f5bbe4c5469a613830caa67379a40ab60d82fa495e4fbb9e4039bce737c0cc?s=96&d=mm&r=g","url":"https:\/\/secure.gravatar.com\/avatar\/93f5bbe4c5469a613830caa67379a40ab60d82fa495e4fbb9e4039bce737c0cc?s=96&d=mm&r=g","contentUrl":"https:\/\/secure.gravatar.com\/avatar\/93f5bbe4c5469a613830caa67379a40ab60d82fa495e4fbb9e4039bce737c0cc?s=96&d=mm&r=g","caption":"Diego Cerqueira"},"url":"https:\/\/www.estrategiaconcursos.com.br\/blog\/author\/diegocerqueiraestrategiaconcursos-com-br-2\/"}]}},"_links":{"self":[{"href":"https:\/\/www.estrategiaconcursos.com.br\/blog\/wp-json\/wp\/v2\/posts\/550811","targetHints":{"allow":["GET"]}}],"collection":[{"href":"https:\/\/www.estrategiaconcursos.com.br\/blog\/wp-json\/wp\/v2\/posts"}],"about":[{"href":"https:\/\/www.estrategiaconcursos.com.br\/blog\/wp-json\/wp\/v2\/types\/post"}],"author":[{"embeddable":true,"href":"https:\/\/www.estrategiaconcursos.com.br\/blog\/wp-json\/wp\/v2\/users\/1482"}],"replies":[{"embeddable":true,"href":"https:\/\/www.estrategiaconcursos.com.br\/blog\/wp-json\/wp\/v2\/comments?post=550811"}],"version-history":[{"count":5,"href":"https:\/\/www.estrategiaconcursos.com.br\/blog\/wp-json\/wp\/v2\/posts\/550811\/revisions"}],"predecessor-version":[{"id":550834,"href":"https:\/\/www.estrategiaconcursos.com.br\/blog\/wp-json\/wp\/v2\/posts\/550811\/revisions\/550834"}],"wp:featuredmedia":[{"embeddable":true,"href":"https:\/\/www.estrategiaconcursos.com.br\/blog\/wp-json\/wp\/v2\/media\/469188"}],"wp:attachment":[{"href":"https:\/\/www.estrategiaconcursos.com.br\/blog\/wp-json\/wp\/v2\/media?parent=550811"}],"wp:term":[{"taxonomy":"category","embeddable":true,"href":"https:\/\/www.estrategiaconcursos.com.br\/blog\/wp-json\/wp\/v2\/categories?post=550811"},{"taxonomy":"post_tag","embeddable":true,"href":"https:\/\/www.estrategiaconcursos.com.br\/blog\/wp-json\/wp\/v2\/tags?post=550811"},{"taxonomy":"tax_estado","embeddable":true,"href":"https:\/\/www.estrategiaconcursos.com.br\/blog\/wp-json\/wp\/v2\/tax_estado?post=550811"}],"curies":[{"name":"wp","href":"https:\/\/api.w.org\/{rel}","templated":true}]}}