{"id":55058,"date":"2017-03-21T12:41:46","date_gmt":"2017-03-21T15:41:46","guid":{"rendered":"https:\/\/www.estrategiaconcursos.com.br\/blog\/?p=55058"},"modified":"2023-02-13T10:26:17","modified_gmt":"2023-02-13T13:26:17","slug":"plano-emergencial-oab-2","status":"publish","type":"post","link":"https:\/\/www.estrategiaconcursos.com.br\/blog\/plano-emergencial-oab-2\/","title":{"rendered":"Plano Emergencial OAB p\/ o XXII Exame \u2013 Salve a 1\u00aa fase!"},"content":{"rendered":"<p><em><strong>Plano Emergencial OAB p\/ o XXII\u00a0Exame<\/strong><\/em><\/p>\n<p>Dados do \u00faltimo Exame de Ordem (o XXI) registraram mais de 120 inscritos, para apenas 20 mil aprovados.\u00a0<strong>Pouco mais de 17% dos inscritos no \u00faltimo Exame de Ordem conseguiram aprova\u00e7\u00e3o.<\/strong><\/p>\n<p>A prova do XXI foi considerada uma das provas mais dif\u00edceis dos \u00faltimos tempos, superando, talvez, a famigerada prova do IX Exame de Ordem. Em outubro passado, atingimos mais de 1 milh\u00e3o de advogados e h\u00e1 quem afirme que em raz\u00e3o do grande n\u00famero de advogados no mercado de trabalho atualmente, a OAB e a FGV ir\u00e3o tornar o Exame de Ordem\u00a0cada vez mais dif\u00edcil. Ser\u00e1? <span style=\"color: #ff0000;\"><strong>N\u00c3O PODEMOS ESPERAR PARA VER! <\/strong><\/span>\u00c9 necess\u00e1rio que fa\u00e7amos de tudo para conseguir a aprova\u00e7\u00e3o o quanto antes.<\/p>\n<p>Nesse momento, voc\u00ea pode estar refletindo: &#8220;<em>mas eu n\u00e3o estudei suficientemente para o XXII Exame de Ordem, acho que esse j\u00e1 foi&#8230;<\/em>&#8220;.<\/p>\n<p><span style=\"color: #0000ff;\"><strong>N\u00c3O, N\u00c3O FOI!<\/strong><\/span><\/p>\n<p>Trata-se de uma prova em que voc\u00ea tem que acertar 40 quest\u00f5es, voc\u00ea n\u00e3o precisa saber tudo, mas &#8220;apenas&#8221; 50%. Considerando o que voc\u00ea estudou, o conte\u00fado que acumulou ao longo dos anos de faculdade, \u00e9 poss\u00edvel sim, com uma revis\u00e3o acertada, garantir o passaporte para a 2\u00aa Fase do Exame de Ordem.<\/p>\n<p>Dada a nossa experi\u00eancia em Exame de Ordem, notamos que um dos grandes entraves \u00e0 aprova\u00e7\u00e3o na primeira fase \u00e9 &#8220;saber como estudar&#8221;. Voc\u00ea precisa saber o que priorizar, o que revisar nessa reta final, quais os assuntos que voc\u00ea n\u00e3o pode deixar de estudar.<\/p>\n<p>Justamente com esse intuito, ap\u00f3s debater cada mat\u00e9ria com os Professores do Estrat\u00e9gia OAB, elaboramos um o <strong><a href=\"http:\/\/www.estrategiaoab.com.br\/plano-emergencial-oab\/\"><span style=\"color: #ff0000;\">PLANO EMERGENCIAL OAB<\/span><\/a><\/strong>. N\u00e3o deixe a ansiedade e a preocupa\u00e7\u00e3o tomarem conta de voc\u00ea nessa reta final.\u00a0Entendemos que <strong>ainda h\u00e1 tempo para efetuar um plano emergencial Estrat\u00e9gia OAB: estudos focados para o Exame de Ordem!\u00a0<\/strong><\/p>\n<p><strong>Para acessar o plano, confira o link abaixo:<\/strong><\/p>\n<h2 style=\"text-align: center;\"><strong><a href=\"http:\/\/www.estrategiaoab.com.br\/plano-emergencial-oab\/\" target=\"_blank\" rel=\"noopener noreferrer\">CONFIRA MAIS AQUI<\/a><\/strong><\/h2>\n<p>Claro, n\u00e3o esque\u00e7a de se inscrever na Semana OAB, que se inicia no dia 24\/3: Assista <a href=\"https:\/\/www.youtube.com\/watch?v=g3w2vD3akeE\">AQUI<\/a>!<\/p>\n<p style=\"text-align: center;\"><a href=\"http:\/\/www.estrategiaoab.com.br\/semana-especial-oab-2017\/\">3\u00aa EDI\u00c7\u00c3O &#8211; SEMANA OAB<\/a><\/p>\n<p>Acesse o site da OAB e fique por dentro de tudo sobre o Exame de Ordem:<\/p>\n<p><a href=\"http:\/\/www.estrategiaoab.com.br\/\" target=\"_blank\" rel=\"noopener noreferrer\">http:\/\/www.estrategiaoab.com.br\/<\/a><\/p>\n<p>Conhe\u00e7a nossos cursos:<\/p>\n<p><strong><a href=\"https:\/\/www.estrategiaconcursos.com.br\/cursosPorConcurso\/exame-de-ordem-oab-146\/\" target=\"_blank\" rel=\"noopener noreferrer\">CURSOS ESTRAT\u00c9GIA OAB \u2013 1\u00aaFASE<\/a><\/strong><\/p>\n<p><strong><a href=\"https:\/\/www.estrategiaconcursos.com.br\/cursosPorConcurso\/oab-2-fase-192\/\" target=\"_blank\" rel=\"noopener noreferrer\">CURSOS ESTRAT\u00c9GIA OAB \u2013 2\u00aaFASE<\/a><\/strong><\/p>\n","protected":false},"excerpt":{"rendered":"<p>Plano Emergencial OAB p\/ o XXII\u00a0Exame Dados do \u00faltimo Exame de Ordem (o XXI) registraram mais de 120 inscritos, para apenas 20 mil aprovados.\u00a0Pouco mais de 17% dos inscritos no \u00faltimo Exame de Ordem conseguiram aprova\u00e7\u00e3o. A prova do XXI foi considerada uma das provas mais dif\u00edceis dos \u00faltimos tempos, superando, talvez, a famigerada prova [&hellip;]<\/p>\n","protected":false},"author":180,"featured_media":55059,"comment_status":"open","ping_status":"open","sticky":false,"template":"","format":"standard","meta":{"post_tipo":"article","footnotes":""},"categories":[1],"tags":[71,2288],"tax_estado":[],"class_list":["post-55058","post","type-post","status-publish","format-standard","has-post-thumbnail","hentry","category-cursos-e-concursos","tag-oab","tag-plano-emergencial"],"acf":[],"yoast_head":"<!-- This site is optimized with the Yoast SEO Premium plugin v27.2 (Yoast SEO v27.2) - https:\/\/yoast.com\/product\/yoast-seo-premium-wordpress\/ -->\n<title>Plano Emergencial OAB p\/ o XXII Exame \u2013 Salve a 1\u00aa fase!<\/title>\n<meta name=\"robots\" content=\"index, follow, max-snippet:-1, max-image-preview:large, max-video-preview:-1\" \/>\n<link rel=\"canonical\" href=\"https:\/\/www.estrategiaconcursos.com.br\/blog\/plano-emergencial-oab-2\/\" \/>\n<meta property=\"og:locale\" content=\"pt_BR\" \/>\n<meta property=\"og:type\" content=\"article\" \/>\n<meta property=\"og:title\" content=\"Plano Emergencial OAB p\/ o XXII Exame \u2013 Salve a 1\u00aa fase!\" \/>\n<meta property=\"og:description\" content=\"Plano Emergencial OAB p\/ o XXII\u00a0Exame Dados do \u00faltimo Exame de Ordem (o XXI) registraram mais de 120 inscritos, para apenas 20 mil aprovados.\u00a0Pouco mais de 17% dos inscritos no \u00faltimo Exame de Ordem conseguiram aprova\u00e7\u00e3o. A prova do XXI foi considerada uma das provas mais dif\u00edceis dos \u00faltimos tempos, superando, talvez, a famigerada prova [&hellip;]\" \/>\n<meta property=\"og:url\" content=\"https:\/\/www.estrategiaconcursos.com.br\/blog\/plano-emergencial-oab-2\/\" \/>\n<meta property=\"og:site_name\" content=\"Estrat\u00e9gia Concursos\" \/>\n<meta property=\"article:author\" content=\"https:\/\/www.facebook.com\/ricardo.s.torques\" \/>\n<meta property=\"article:published_time\" content=\"2017-03-21T15:41:46+00:00\" \/>\n<meta property=\"article:modified_time\" content=\"2023-02-13T13:26:17+00:00\" \/>\n<meta property=\"og:image\" content=\"https:\/\/dhg1h5j42swfq.cloudfront.net\/2016\/11\/15120044\/303-v11.png\" \/>\n\t<meta property=\"og:image:width\" content=\"970\" \/>\n\t<meta property=\"og:image:height\" content=\"220\" \/>\n\t<meta property=\"og:image:type\" content=\"image\/png\" \/>\n<meta name=\"author\" content=\"Ricardo Torques\" \/>\n<meta name=\"twitter:card\" content=\"summary_large_image\" \/>\n<meta name=\"twitter:creator\" content=\"@EstratConcursos\" \/>\n<meta name=\"twitter:site\" content=\"@EstratConcursos\" \/>\n<meta name=\"twitter:label1\" content=\"Escrito por\" \/>\n\t<meta name=\"twitter:data1\" content=\"Ricardo Torques\" \/>\n\t<meta name=\"twitter:label2\" content=\"Est. tempo de leitura\" \/>\n\t<meta name=\"twitter:data2\" content=\"2 minutos\" \/>\n<script type=\"application\/ld+json\" class=\"yoast-schema-graph\">{\"@context\":\"https:\/\/schema.org\",\"@graph\":[{\"@type\":\"NewsArticle\",\"@id\":\"https:\/\/www.estrategiaconcursos.com.br\/blog\/plano-emergencial-oab-2\/#article\",\"isPartOf\":{\"@id\":\"https:\/\/www.estrategiaconcursos.com.br\/blog\/plano-emergencial-oab-2\/\"},\"author\":{\"name\":\"Ricardo Torques\",\"@id\":\"https:\/\/www.estrategiaconcursos.com.br\/blog\/#\/schema\/person\/aa39cf5ddb518e5bdce27c35788405e2\"},\"headline\":\"Plano Emergencial OAB p\/ o XXII Exame \u2013 Salve a 1\u00aa fase!\",\"datePublished\":\"2017-03-21T15:41:46+00:00\",\"dateModified\":\"2023-02-13T13:26:17+00:00\",\"mainEntityOfPage\":{\"@id\":\"https:\/\/www.estrategiaconcursos.com.br\/blog\/plano-emergencial-oab-2\/\"},\"wordCount\":395,\"commentCount\":0,\"publisher\":{\"@id\":\"https:\/\/www.estrategiaconcursos.com.br\/blog\/#organization\"},\"image\":{\"@id\":\"https:\/\/www.estrategiaconcursos.com.br\/blog\/plano-emergencial-oab-2\/#primaryimage\"},\"thumbnailUrl\":\"https:\/\/dhg1h5j42swfq.cloudfront.net\/2016\/11\/15120044\/303-v11.png\",\"keywords\":[\"OAB\",\"Plano Emergencial\"],\"articleSection\":[\"Concursos P\u00fablicos\"],\"inLanguage\":\"pt-BR\",\"potentialAction\":[{\"@type\":\"CommentAction\",\"name\":\"Comment\",\"target\":[\"https:\/\/www.estrategiaconcursos.com.br\/blog\/plano-emergencial-oab-2\/#respond\"]}],\"copyrightYear\":\"2017\",\"copyrightHolder\":{\"@id\":\"https:\/\/www.estrategiaconcursos.com.br\/blog\/#organization\"}},{\"@type\":\"WebPage\",\"@id\":\"https:\/\/www.estrategiaconcursos.com.br\/blog\/plano-emergencial-oab-2\/\",\"url\":\"https:\/\/www.estrategiaconcursos.com.br\/blog\/plano-emergencial-oab-2\/\",\"name\":\"Plano Emergencial OAB p\/ o XXII Exame \u2013 Salve a 1\u00aa fase!\",\"isPartOf\":{\"@id\":\"https:\/\/www.estrategiaconcursos.com.br\/blog\/#website\"},\"primaryImageOfPage\":{\"@id\":\"https:\/\/www.estrategiaconcursos.com.br\/blog\/plano-emergencial-oab-2\/#primaryimage\"},\"image\":{\"@id\":\"https:\/\/www.estrategiaconcursos.com.br\/blog\/plano-emergencial-oab-2\/#primaryimage\"},\"thumbnailUrl\":\"https:\/\/dhg1h5j42swfq.cloudfront.net\/2016\/11\/15120044\/303-v11.png\",\"datePublished\":\"2017-03-21T15:41:46+00:00\",\"dateModified\":\"2023-02-13T13:26:17+00:00\",\"breadcrumb\":{\"@id\":\"https:\/\/www.estrategiaconcursos.com.br\/blog\/plano-emergencial-oab-2\/#breadcrumb\"},\"inLanguage\":\"pt-BR\",\"potentialAction\":[{\"@type\":\"ReadAction\",\"target\":[\"https:\/\/www.estrategiaconcursos.com.br\/blog\/plano-emergencial-oab-2\/\"]}]},{\"@type\":\"ImageObject\",\"inLanguage\":\"pt-BR\",\"@id\":\"https:\/\/www.estrategiaconcursos.com.br\/blog\/plano-emergencial-oab-2\/#primaryimage\",\"url\":\"https:\/\/dhg1h5j42swfq.cloudfront.net\/2016\/11\/15120044\/303-v11.png\",\"contentUrl\":\"https:\/\/dhg1h5j42swfq.cloudfront.net\/2016\/11\/15120044\/303-v11.png\",\"width\":970,\"height\":220},{\"@type\":\"BreadcrumbList\",\"@id\":\"https:\/\/www.estrategiaconcursos.com.br\/blog\/plano-emergencial-oab-2\/#breadcrumb\",\"itemListElement\":[{\"@type\":\"ListItem\",\"position\":1,\"name\":\"In\u00edcio\",\"item\":\"https:\/\/www.estrategiaconcursos.com.br\/blog\/\"},{\"@type\":\"ListItem\",\"position\":2,\"name\":\"Plano Emergencial OAB p\/ o XXII Exame \u2013 Salve a 1\u00aa fase!\"}]},{\"@type\":\"WebSite\",\"@id\":\"https:\/\/www.estrategiaconcursos.com.br\/blog\/#website\",\"url\":\"https:\/\/www.estrategiaconcursos.com.br\/blog\/\",\"name\":\"Estrat\u00e9gia Concursos\",\"description\":\"O blog da Estrat\u00e9gia Concursos traz not\u00edcias sobre concursos e artigos de professores oferecendo cursos para concursos (pdf + videaulas) no site.\",\"publisher\":{\"@id\":\"https:\/\/www.estrategiaconcursos.com.br\/blog\/#organization\"},\"potentialAction\":[{\"@type\":\"SearchAction\",\"target\":{\"@type\":\"EntryPoint\",\"urlTemplate\":\"https:\/\/www.estrategiaconcursos.com.br\/blog\/?s={search_term_string}\"},\"query-input\":{\"@type\":\"PropertyValueSpecification\",\"valueRequired\":true,\"valueName\":\"search_term_string\"}}],\"inLanguage\":\"pt-BR\"},{\"@type\":\"Organization\",\"@id\":\"https:\/\/www.estrategiaconcursos.com.br\/blog\/#organization\",\"name\":\"Estrat\u00e9gia Concursos\",\"url\":\"https:\/\/www.estrategiaconcursos.com.br\/blog\/\",\"logo\":{\"@type\":\"ImageObject\",\"inLanguage\":\"pt-BR\",\"@id\":\"https:\/\/www.estrategiaconcursos.com.br\/blog\/#\/schema\/logo\/image\/\",\"url\":\"https:\/\/dhg1h5j42swfq.cloudfront.net\/2025\/06\/03203428\/logo_concursos-1.jpg\",\"contentUrl\":\"https:\/\/dhg1h5j42swfq.cloudfront.net\/2025\/06\/03203428\/logo_concursos-1.jpg\",\"width\":230,\"height\":60,\"caption\":\"Estrat\u00e9gia Concursos\"},\"image\":{\"@id\":\"https:\/\/www.estrategiaconcursos.com.br\/blog\/#\/schema\/logo\/image\/\"},\"sameAs\":[\"https:\/\/x.com\/EstratConcursos\"]},{\"@type\":\"Person\",\"@id\":\"https:\/\/www.estrategiaconcursos.com.br\/blog\/#\/schema\/person\/aa39cf5ddb518e5bdce27c35788405e2\",\"name\":\"Ricardo Torques\",\"image\":{\"@type\":\"ImageObject\",\"inLanguage\":\"pt-BR\",\"@id\":\"https:\/\/secure.gravatar.com\/avatar\/ce9ac6c3cff25fe86d15ed568ebc64d1724baf5c0693133bcb1f6073f712f92a?s=96&d=mm&r=g\",\"url\":\"https:\/\/secure.gravatar.com\/avatar\/ce9ac6c3cff25fe86d15ed568ebc64d1724baf5c0693133bcb1f6073f712f92a?s=96&d=mm&r=g\",\"contentUrl\":\"https:\/\/secure.gravatar.com\/avatar\/ce9ac6c3cff25fe86d15ed568ebc64d1724baf5c0693133bcb1f6073f712f92a?s=96&d=mm&r=g\",\"caption\":\"Ricardo Torques\"},\"sameAs\":[\"https:\/\/www.facebook.com\/ricardo.s.torques\"],\"url\":\"https:\/\/www.estrategiaconcursos.com.br\/blog\/author\/ricardotorquesestrategiaconcursos-com-br\/\"}]}<\/script>\n<!-- \/ Yoast SEO Premium plugin. -->","yoast_head_json":{"title":"Plano Emergencial OAB p\/ o XXII Exame \u2013 Salve a 1\u00aa fase!","robots":{"index":"index","follow":"follow","max-snippet":"max-snippet:-1","max-image-preview":"max-image-preview:large","max-video-preview":"max-video-preview:-1"},"canonical":"https:\/\/www.estrategiaconcursos.com.br\/blog\/plano-emergencial-oab-2\/","og_locale":"pt_BR","og_type":"article","og_title":"Plano Emergencial OAB p\/ o XXII Exame \u2013 Salve a 1\u00aa fase!","og_description":"Plano Emergencial OAB p\/ o XXII\u00a0Exame Dados do \u00faltimo Exame de Ordem (o XXI) registraram mais de 120 inscritos, para apenas 20 mil aprovados.\u00a0Pouco mais de 17% dos inscritos no \u00faltimo Exame de Ordem conseguiram aprova\u00e7\u00e3o. A prova do XXI foi considerada uma das provas mais dif\u00edceis dos \u00faltimos tempos, superando, talvez, a famigerada prova [&hellip;]","og_url":"https:\/\/www.estrategiaconcursos.com.br\/blog\/plano-emergencial-oab-2\/","og_site_name":"Estrat\u00e9gia Concursos","article_author":"https:\/\/www.facebook.com\/ricardo.s.torques","article_published_time":"2017-03-21T15:41:46+00:00","article_modified_time":"2023-02-13T13:26:17+00:00","og_image":[{"width":970,"height":220,"url":"https:\/\/dhg1h5j42swfq.cloudfront.net\/2016\/11\/15120044\/303-v11.png","type":"image\/png"}],"author":"Ricardo Torques","twitter_card":"summary_large_image","twitter_creator":"@EstratConcursos","twitter_site":"@EstratConcursos","twitter_misc":{"Escrito por":"Ricardo Torques","Est. tempo de leitura":"2 minutos"},"schema":{"@context":"https:\/\/schema.org","@graph":[{"@type":"NewsArticle","@id":"https:\/\/www.estrategiaconcursos.com.br\/blog\/plano-emergencial-oab-2\/#article","isPartOf":{"@id":"https:\/\/www.estrategiaconcursos.com.br\/blog\/plano-emergencial-oab-2\/"},"author":{"name":"Ricardo Torques","@id":"https:\/\/www.estrategiaconcursos.com.br\/blog\/#\/schema\/person\/aa39cf5ddb518e5bdce27c35788405e2"},"headline":"Plano Emergencial OAB p\/ o XXII Exame \u2013 Salve a 1\u00aa fase!","datePublished":"2017-03-21T15:41:46+00:00","dateModified":"2023-02-13T13:26:17+00:00","mainEntityOfPage":{"@id":"https:\/\/www.estrategiaconcursos.com.br\/blog\/plano-emergencial-oab-2\/"},"wordCount":395,"commentCount":0,"publisher":{"@id":"https:\/\/www.estrategiaconcursos.com.br\/blog\/#organization"},"image":{"@id":"https:\/\/www.estrategiaconcursos.com.br\/blog\/plano-emergencial-oab-2\/#primaryimage"},"thumbnailUrl":"https:\/\/dhg1h5j42swfq.cloudfront.net\/2016\/11\/15120044\/303-v11.png","keywords":["OAB","Plano Emergencial"],"articleSection":["Concursos P\u00fablicos"],"inLanguage":"pt-BR","potentialAction":[{"@type":"CommentAction","name":"Comment","target":["https:\/\/www.estrategiaconcursos.com.br\/blog\/plano-emergencial-oab-2\/#respond"]}],"copyrightYear":"2017","copyrightHolder":{"@id":"https:\/\/www.estrategiaconcursos.com.br\/blog\/#organization"}},{"@type":"WebPage","@id":"https:\/\/www.estrategiaconcursos.com.br\/blog\/plano-emergencial-oab-2\/","url":"https:\/\/www.estrategiaconcursos.com.br\/blog\/plano-emergencial-oab-2\/","name":"Plano Emergencial OAB p\/ o XXII Exame \u2013 Salve a 1\u00aa fase!","isPartOf":{"@id":"https:\/\/www.estrategiaconcursos.com.br\/blog\/#website"},"primaryImageOfPage":{"@id":"https:\/\/www.estrategiaconcursos.com.br\/blog\/plano-emergencial-oab-2\/#primaryimage"},"image":{"@id":"https:\/\/www.estrategiaconcursos.com.br\/blog\/plano-emergencial-oab-2\/#primaryimage"},"thumbnailUrl":"https:\/\/dhg1h5j42swfq.cloudfront.net\/2016\/11\/15120044\/303-v11.png","datePublished":"2017-03-21T15:41:46+00:00","dateModified":"2023-02-13T13:26:17+00:00","breadcrumb":{"@id":"https:\/\/www.estrategiaconcursos.com.br\/blog\/plano-emergencial-oab-2\/#breadcrumb"},"inLanguage":"pt-BR","potentialAction":[{"@type":"ReadAction","target":["https:\/\/www.estrategiaconcursos.com.br\/blog\/plano-emergencial-oab-2\/"]}]},{"@type":"ImageObject","inLanguage":"pt-BR","@id":"https:\/\/www.estrategiaconcursos.com.br\/blog\/plano-emergencial-oab-2\/#primaryimage","url":"https:\/\/dhg1h5j42swfq.cloudfront.net\/2016\/11\/15120044\/303-v11.png","contentUrl":"https:\/\/dhg1h5j42swfq.cloudfront.net\/2016\/11\/15120044\/303-v11.png","width":970,"height":220},{"@type":"BreadcrumbList","@id":"https:\/\/www.estrategiaconcursos.com.br\/blog\/plano-emergencial-oab-2\/#breadcrumb","itemListElement":[{"@type":"ListItem","position":1,"name":"In\u00edcio","item":"https:\/\/www.estrategiaconcursos.com.br\/blog\/"},{"@type":"ListItem","position":2,"name":"Plano Emergencial OAB p\/ o XXII Exame \u2013 Salve a 1\u00aa fase!"}]},{"@type":"WebSite","@id":"https:\/\/www.estrategiaconcursos.com.br\/blog\/#website","url":"https:\/\/www.estrategiaconcursos.com.br\/blog\/","name":"Estrat\u00e9gia Concursos","description":"O blog da Estrat\u00e9gia Concursos traz not\u00edcias sobre concursos e artigos de professores oferecendo cursos para concursos (pdf + videaulas) no site.","publisher":{"@id":"https:\/\/www.estrategiaconcursos.com.br\/blog\/#organization"},"potentialAction":[{"@type":"SearchAction","target":{"@type":"EntryPoint","urlTemplate":"https:\/\/www.estrategiaconcursos.com.br\/blog\/?s={search_term_string}"},"query-input":{"@type":"PropertyValueSpecification","valueRequired":true,"valueName":"search_term_string"}}],"inLanguage":"pt-BR"},{"@type":"Organization","@id":"https:\/\/www.estrategiaconcursos.com.br\/blog\/#organization","name":"Estrat\u00e9gia Concursos","url":"https:\/\/www.estrategiaconcursos.com.br\/blog\/","logo":{"@type":"ImageObject","inLanguage":"pt-BR","@id":"https:\/\/www.estrategiaconcursos.com.br\/blog\/#\/schema\/logo\/image\/","url":"https:\/\/dhg1h5j42swfq.cloudfront.net\/2025\/06\/03203428\/logo_concursos-1.jpg","contentUrl":"https:\/\/dhg1h5j42swfq.cloudfront.net\/2025\/06\/03203428\/logo_concursos-1.jpg","width":230,"height":60,"caption":"Estrat\u00e9gia Concursos"},"image":{"@id":"https:\/\/www.estrategiaconcursos.com.br\/blog\/#\/schema\/logo\/image\/"},"sameAs":["https:\/\/x.com\/EstratConcursos"]},{"@type":"Person","@id":"https:\/\/www.estrategiaconcursos.com.br\/blog\/#\/schema\/person\/aa39cf5ddb518e5bdce27c35788405e2","name":"Ricardo Torques","image":{"@type":"ImageObject","inLanguage":"pt-BR","@id":"https:\/\/secure.gravatar.com\/avatar\/ce9ac6c3cff25fe86d15ed568ebc64d1724baf5c0693133bcb1f6073f712f92a?s=96&d=mm&r=g","url":"https:\/\/secure.gravatar.com\/avatar\/ce9ac6c3cff25fe86d15ed568ebc64d1724baf5c0693133bcb1f6073f712f92a?s=96&d=mm&r=g","contentUrl":"https:\/\/secure.gravatar.com\/avatar\/ce9ac6c3cff25fe86d15ed568ebc64d1724baf5c0693133bcb1f6073f712f92a?s=96&d=mm&r=g","caption":"Ricardo Torques"},"sameAs":["https:\/\/www.facebook.com\/ricardo.s.torques"],"url":"https:\/\/www.estrategiaconcursos.com.br\/blog\/author\/ricardotorquesestrategiaconcursos-com-br\/"}]}},"_links":{"self":[{"href":"https:\/\/www.estrategiaconcursos.com.br\/blog\/wp-json\/wp\/v2\/posts\/55058","targetHints":{"allow":["GET"]}}],"collection":[{"href":"https:\/\/www.estrategiaconcursos.com.br\/blog\/wp-json\/wp\/v2\/posts"}],"about":[{"href":"https:\/\/www.estrategiaconcursos.com.br\/blog\/wp-json\/wp\/v2\/types\/post"}],"author":[{"embeddable":true,"href":"https:\/\/www.estrategiaconcursos.com.br\/blog\/wp-json\/wp\/v2\/users\/180"}],"replies":[{"embeddable":true,"href":"https:\/\/www.estrategiaconcursos.com.br\/blog\/wp-json\/wp\/v2\/comments?post=55058"}],"version-history":[{"count":7,"href":"https:\/\/www.estrategiaconcursos.com.br\/blog\/wp-json\/wp\/v2\/posts\/55058\/revisions"}],"predecessor-version":[{"id":1170103,"href":"https:\/\/www.estrategiaconcursos.com.br\/blog\/wp-json\/wp\/v2\/posts\/55058\/revisions\/1170103"}],"wp:featuredmedia":[{"embeddable":true,"href":"https:\/\/www.estrategiaconcursos.com.br\/blog\/wp-json\/wp\/v2\/media\/55059"}],"wp:attachment":[{"href":"https:\/\/www.estrategiaconcursos.com.br\/blog\/wp-json\/wp\/v2\/media?parent=55058"}],"wp:term":[{"taxonomy":"category","embeddable":true,"href":"https:\/\/www.estrategiaconcursos.com.br\/blog\/wp-json\/wp\/v2\/categories?post=55058"},{"taxonomy":"post_tag","embeddable":true,"href":"https:\/\/www.estrategiaconcursos.com.br\/blog\/wp-json\/wp\/v2\/tags?post=55058"},{"taxonomy":"tax_estado","embeddable":true,"href":"https:\/\/www.estrategiaconcursos.com.br\/blog\/wp-json\/wp\/v2\/tax_estado?post=55058"}],"curies":[{"name":"wp","href":"https:\/\/api.w.org\/{rel}","templated":true}]}}