{"id":550236,"date":"2020-08-01T11:40:03","date_gmt":"2020-08-01T14:40:03","guid":{"rendered":"https:\/\/www.estrategiaconcursos.com.br\/blog\/?p=550236"},"modified":"2020-08-01T11:46:05","modified_gmt":"2020-08-01T14:46:05","slug":"edital-estrategico-gcm-ferraz-de-vasconcelos","status":"publish","type":"post","link":"https:\/\/www.estrategiaconcursos.com.br\/blog\/edital-estrategico-gcm-ferraz-de-vasconcelos\/","title":{"rendered":"Edital Estrat\u00e9gico GCM Ferraz de Vasconcelos: baixe gratuitamente"},"content":{"rendered":"\n<p>O edital do concurso GCM Ferraz de Vasconcelos, para o cargo de Guarda Municipal, foi publicado. Ser\u00e3o ofertadas\u00a0<strong>20 vagas imediatas<\/strong>, sendo 15 para o sexo masculino e 5 para o feminino.<\/p>\n\n\n\n<p>Os candidatos interessados nas vagas do concurso poder\u00e3o se inscrever por meio do site da\u00a0<strong>Funda\u00e7\u00e3o VUNESP<\/strong>, banca organizadora do concurso, entre os dias\u00a0<strong>17 de agosto e 17 de setembro de 2020<\/strong>,\u00a0ao custo de\u00a0<strong>R$ 60,00<\/strong>.<\/p>\n\n\n\n<p>N\u00e3o haver\u00e1 isen\u00e7\u00e3o total ou parcial da taxa de inscri\u00e7\u00e3o. A Prova Objetiva est\u00e1 prevista para dia\u00a0<strong>25 de outubro<\/strong>.<\/p>\n\n\n\n<h2 class=\"wp-block-heading\">Edital Estrat\u00e9gico GCM Ferraz de Vasconcelos: baixe gratuitamente<\/h2>\n\n\n\n<p>Dando um espa\u00e7o para o Edital Estrat\u00e9gico entrar em sua rotina de estudos, ser\u00e1 poss\u00edvel acompanhar seu desempenho atrav\u00e9s de gr\u00e1ficos, garantindo uma vis\u00e3o completa das mat\u00e9rias que necessitam de mais revis\u00f5es.<\/p>\n\n\n\n<p>O registro de cada tarefa ser\u00e1 feito para cada assunto exigido no conte\u00fado program\u00e1tico do edital. No caso dos Editais Estrat\u00e9gicos de concursos que n\u00e3o est\u00e3o com \u201c<em>edital na pra\u00e7a<\/em>\u201d (ou seja, com inscri\u00e7\u00f5es abertas). A divis\u00e3o dos assuntos ser\u00e1 feita com base no edital.<\/p>\n\n\n\n<p>A partir das informa\u00e7\u00f5es preenchidas pelo aluno, uma \u201caba\u201d do Edital Estrat\u00e9gico ir\u00e1 demonstrar a progress\u00e3o em cada tarefa e assunto. A edi\u00e7\u00e3o poder\u00e1 ser realizada apenas na 3\u00aa aba, relativa ao preenchimento do progresso nas disciplinas. Caso voc\u00ea queira fazer outras modifica\u00e7\u00f5es no arquivo, \u00e9 s\u00f3 usar a&nbsp;senha \u201cadmin\u201d&nbsp;na op\u00e7\u00e3o&nbsp;<em><strong>desproteger<\/strong><\/em>&nbsp;planilha do Excel.<\/p>\n\n\n\n<p style=\"font-size:25px\" class=\"has-background has-text-align-center has-very-light-gray-background-color\"><strong><a href=\"https:\/\/dhg1h5j42swfq.cloudfront.net\/2020\/08\/01113658\/Edital-Estrat%C3%A9gico_PREFEITURA-DE-FERRAZ-DE-VASCONCELOS_GUARDA-CIVIL-MUNICIPAL.xlsx\" target=\"_blank\" rel=\"noreferrer noopener\">Guarda Municipal<\/a><\/strong><\/p>\n\n\n\n<p><strong>IMPORTANTE:&nbsp;<\/strong>Ao clicar no link acima, vai ser aberta uma janela do Google Drive que tentar\u00e1 carregar a visualiza\u00e7\u00e3o da planilha no seu navegador. N\u00e3o h\u00e1 necessidade de esperar essa visualiza\u00e7\u00e3o (talvez at\u00e9 nem carregue, j\u00e1 que os arquivos s\u00e3o pesados).<\/p>\n\n\n\n<p>Fa\u00e7a o download clicando na seta para baixo no canto superior direito da janela do Google Drive que vai ser aberta ao clicar nos links acima.<\/p>\n\n\n\n<p>Todos os arquivos foram testados em diferentes computadores e celulares e est\u00e3o ok. Talvez alguma incompatibilidade (ou mensagem de erro, como \u201carquivo inv\u00e1lido\u201d) ocorra em virtude do seu pr\u00f3prio computador ou do tamanho dos arquivos que possuem mais conte\u00fado.<\/p>\n\n\n\n<p style=\"font-size:21px\" class=\"has-background has-text-align-center has-very-light-gray-background-color\"><strong>Saiba mais: <a href=\"https:\/\/www.estrategiaconcursos.com.br\/blog\/concurso-guarda-municipal-ferraz-de-vasconcelos\/\" target=\"_blank\" rel=\"noreferrer noopener\">Concurso GCM Ferraz de Vasconcelos<\/a><\/strong><\/p>\n\n\n\n<p class=\"has-text-align-center\"><em><strong>Assinatura Anual Ilimitada*<\/strong><\/em><\/p>\n\n\n\n<p class=\"has-text-align-center\"><em>Prepare-se com o melhor material e com quem mais aprova em Concursos P\u00fablicos em todo o pa\u00eds. Assine agora a nossa Assinatura Anual e tenha acesso ilimitado* a todos os nossos cursos.<\/em><\/p>\n\n\n\n<p style=\"font-size:22px\" class=\"has-background has-text-align-center has-luminous-vivid-amber-background-color\"><strong>ASSINE AGORA&nbsp;\u2013&nbsp;<\/strong><a rel=\"noreferrer noopener\" href=\"https:\/\/www.estrategiaconcursos.com.br\/assinaturas\" target=\"_blank\"><strong>Assinatura Ilimitada<\/strong><\/a><\/p>\n\n\n\n<p class=\"has-text-align-center\"><strong><em><strong>Sistema de Quest\u00f5es<\/strong><\/em><\/strong><\/p>\n\n\n\n<p class=\"has-text-align-center\">Estrat\u00e9gia Quest\u00f5es nasceu maior do que todos os concorrentes, com mais quest\u00f5es cadastradas e mais solu\u00e7\u00f5es por professores. Clique no link e aproveite os descontos e b\u00f4nus imperd\u00edveis!<\/p>\n\n\n\n<p style=\"font-size:22px\" class=\"has-background has-text-align-center has-light-green-cyan-background-color\"><strong>ASSINE AGORA \u2013&nbsp;<a href=\"https:\/\/www.estrategiaconcursos.com.br\/cursosPorConcurso\/sistema-de-questoes\/#\/\" target=\"_blank\" rel=\"noreferrer noopener\">Sistema de Quest\u00f5es<\/a><\/strong><\/p>\n\n\n\n<p class=\"has-text-align-center\"><strong><em>Fique por dentro de todos os concursos<\/em><\/strong><\/p>\n\n\n\n<p style=\"font-size:22px\" class=\"has-background has-text-align-center has-pale-cyan-blue-background-color\"><a rel=\"noreferrer noopener\" href=\"https:\/\/www.estrategiaconcursos.com.br\/blog\/concursos-abertos\/\" target=\"_blank\"><strong>CONCURSOS ABERTOS<\/strong><\/a><\/p>\n\n\n\n<p style=\"font-size:22px\" class=\"has-background has-text-align-center has-pale-cyan-blue-background-color\"><a rel=\"noreferrer noopener\" href=\"https:\/\/www.estrategiaconcursos.com.br\/blog\/concursos-2020\/\" target=\"_blank\"><strong>CONCURSOS&nbsp;2020<\/strong><\/a><\/p>\n\n\n\n<p style=\"font-size:22px\" class=\"has-background has-text-align-center has-pale-cyan-blue-background-color\"><strong><a rel=\"noreferrer noopener\" href=\"https:\/\/www.estrategiaconcursos.com.br\/blog\/concursos-2021\/\" target=\"_blank\">CONCURSOS&nbsp;2021<\/a><\/strong><\/p>\n","protected":false},"excerpt":{"rendered":"<p>O edital do concurso GCM Ferraz de Vasconcelos, para o cargo de Guarda Municipal, foi publicado. Ser\u00e3o ofertadas\u00a020 vagas imediatas, sendo 15 para o sexo masculino e 5 para o feminino. Os candidatos interessados nas vagas do concurso poder\u00e3o se inscrever por meio do site da\u00a0Funda\u00e7\u00e3o VUNESP, banca organizadora do concurso, entre os dias\u00a017 de [&hellip;]<\/p>\n","protected":false},"author":1482,"featured_media":550245,"comment_status":"open","ping_status":"closed","sticky":false,"template":"","format":"standard","meta":{"post_tipo":"article","footnotes":""},"categories":[1],"tags":[],"tax_estado":[],"class_list":["post-550236","post","type-post","status-publish","format-standard","has-post-thumbnail","hentry","category-cursos-e-concursos"],"acf":[],"yoast_head":"<!-- This site is optimized with the Yoast SEO Premium plugin v27.2 (Yoast SEO v27.2) - https:\/\/yoast.com\/product\/yoast-seo-premium-wordpress\/ -->\n<title>Edital Estrat\u00e9gico GCM Ferraz de Vasconcelos: baixe gratuitamente<\/title>\n<meta name=\"description\" content=\"O edital do concurso GCM Ferraz de Vasconcelos, para o cargo de Guarda Municipal, foi publicado. Confira o Edital Estrat\u00e9gico para mais este certame!\" \/>\n<meta name=\"robots\" content=\"index, follow, max-snippet:-1, max-image-preview:large, max-video-preview:-1\" \/>\n<link rel=\"canonical\" href=\"https:\/\/www.estrategiaconcursos.com.br\/blog\/edital-estrategico-gcm-ferraz-de-vasconcelos\/\" \/>\n<meta property=\"og:locale\" content=\"pt_BR\" \/>\n<meta property=\"og:type\" content=\"article\" \/>\n<meta property=\"og:title\" content=\"Edital Estrat\u00e9gico GCM Ferraz de Vasconcelos: baixe gratuitamente\" \/>\n<meta property=\"og:description\" content=\"O edital do concurso GCM Ferraz de Vasconcelos, para o cargo de Guarda Municipal, foi publicado. Confira o Edital Estrat\u00e9gico para mais este certame!\" \/>\n<meta property=\"og:url\" content=\"https:\/\/www.estrategiaconcursos.com.br\/blog\/edital-estrategico-gcm-ferraz-de-vasconcelos\/\" \/>\n<meta property=\"og:site_name\" content=\"Estrat\u00e9gia Concursos\" \/>\n<meta property=\"article:published_time\" content=\"2020-08-01T14:40:03+00:00\" \/>\n<meta property=\"article:modified_time\" content=\"2020-08-01T14:46:05+00:00\" \/>\n<meta property=\"og:image\" content=\"https:\/\/dhg1h5j42swfq.cloudfront.net\/2020\/08\/01114537\/Guarda_Ferraz_de_Vasconcelos_SP.jpg\" \/>\n\t<meta property=\"og:image:width\" content=\"1200\" \/>\n\t<meta property=\"og:image:height\" content=\"628\" \/>\n\t<meta property=\"og:image:type\" content=\"image\/jpeg\" \/>\n<meta name=\"author\" content=\"Diego Cerqueira\" \/>\n<meta name=\"twitter:card\" content=\"summary_large_image\" \/>\n<meta name=\"twitter:creator\" content=\"@EstratConcursos\" \/>\n<meta name=\"twitter:site\" content=\"@EstratConcursos\" \/>\n<meta name=\"twitter:label1\" content=\"Escrito por\" \/>\n\t<meta name=\"twitter:data1\" content=\"Diego Cerqueira\" \/>\n\t<meta name=\"twitter:label2\" content=\"Est. tempo de leitura\" \/>\n\t<meta name=\"twitter:data2\" content=\"2 minutos\" \/>\n<script type=\"application\/ld+json\" class=\"yoast-schema-graph\">{\"@context\":\"https:\/\/schema.org\",\"@graph\":[{\"@type\":\"NewsArticle\",\"@id\":\"https:\/\/www.estrategiaconcursos.com.br\/blog\/edital-estrategico-gcm-ferraz-de-vasconcelos\/#article\",\"isPartOf\":{\"@id\":\"https:\/\/www.estrategiaconcursos.com.br\/blog\/edital-estrategico-gcm-ferraz-de-vasconcelos\/\"},\"author\":{\"name\":\"Diego Cerqueira\",\"@id\":\"https:\/\/www.estrategiaconcursos.com.br\/blog\/#\/schema\/person\/dd9f6d98671a3ac63bf25b40baf6f2e2\"},\"headline\":\"Edital Estrat\u00e9gico GCM Ferraz de Vasconcelos: baixe gratuitamente\",\"datePublished\":\"2020-08-01T14:40:03+00:00\",\"dateModified\":\"2020-08-01T14:46:05+00:00\",\"mainEntityOfPage\":{\"@id\":\"https:\/\/www.estrategiaconcursos.com.br\/blog\/edital-estrategico-gcm-ferraz-de-vasconcelos\/\"},\"wordCount\":490,\"commentCount\":0,\"publisher\":{\"@id\":\"https:\/\/www.estrategiaconcursos.com.br\/blog\/#organization\"},\"image\":{\"@id\":\"https:\/\/www.estrategiaconcursos.com.br\/blog\/edital-estrategico-gcm-ferraz-de-vasconcelos\/#primaryimage\"},\"thumbnailUrl\":\"https:\/\/dhg1h5j42swfq.cloudfront.net\/2020\/08\/01114537\/Guarda_Ferraz_de_Vasconcelos_SP.jpg\",\"articleSection\":[\"Concursos P\u00fablicos\"],\"inLanguage\":\"pt-BR\",\"potentialAction\":[{\"@type\":\"CommentAction\",\"name\":\"Comment\",\"target\":[\"https:\/\/www.estrategiaconcursos.com.br\/blog\/edital-estrategico-gcm-ferraz-de-vasconcelos\/#respond\"]}],\"copyrightYear\":\"2020\",\"copyrightHolder\":{\"@id\":\"https:\/\/www.estrategiaconcursos.com.br\/blog\/#organization\"}},{\"@type\":\"WebPage\",\"@id\":\"https:\/\/www.estrategiaconcursos.com.br\/blog\/edital-estrategico-gcm-ferraz-de-vasconcelos\/\",\"url\":\"https:\/\/www.estrategiaconcursos.com.br\/blog\/edital-estrategico-gcm-ferraz-de-vasconcelos\/\",\"name\":\"Edital Estrat\u00e9gico GCM Ferraz de Vasconcelos: baixe gratuitamente\",\"isPartOf\":{\"@id\":\"https:\/\/www.estrategiaconcursos.com.br\/blog\/#website\"},\"primaryImageOfPage\":{\"@id\":\"https:\/\/www.estrategiaconcursos.com.br\/blog\/edital-estrategico-gcm-ferraz-de-vasconcelos\/#primaryimage\"},\"image\":{\"@id\":\"https:\/\/www.estrategiaconcursos.com.br\/blog\/edital-estrategico-gcm-ferraz-de-vasconcelos\/#primaryimage\"},\"thumbnailUrl\":\"https:\/\/dhg1h5j42swfq.cloudfront.net\/2020\/08\/01114537\/Guarda_Ferraz_de_Vasconcelos_SP.jpg\",\"datePublished\":\"2020-08-01T14:40:03+00:00\",\"dateModified\":\"2020-08-01T14:46:05+00:00\",\"description\":\"O edital do concurso GCM Ferraz de Vasconcelos, para o cargo de Guarda Municipal, foi publicado. Confira o Edital Estrat\u00e9gico para mais este certame!\",\"breadcrumb\":{\"@id\":\"https:\/\/www.estrategiaconcursos.com.br\/blog\/edital-estrategico-gcm-ferraz-de-vasconcelos\/#breadcrumb\"},\"inLanguage\":\"pt-BR\",\"potentialAction\":[{\"@type\":\"ReadAction\",\"target\":[\"https:\/\/www.estrategiaconcursos.com.br\/blog\/edital-estrategico-gcm-ferraz-de-vasconcelos\/\"]}]},{\"@type\":\"ImageObject\",\"inLanguage\":\"pt-BR\",\"@id\":\"https:\/\/www.estrategiaconcursos.com.br\/blog\/edital-estrategico-gcm-ferraz-de-vasconcelos\/#primaryimage\",\"url\":\"https:\/\/dhg1h5j42swfq.cloudfront.net\/2020\/08\/01114537\/Guarda_Ferraz_de_Vasconcelos_SP.jpg\",\"contentUrl\":\"https:\/\/dhg1h5j42swfq.cloudfront.net\/2020\/08\/01114537\/Guarda_Ferraz_de_Vasconcelos_SP.jpg\",\"width\":1200,\"height\":628},{\"@type\":\"BreadcrumbList\",\"@id\":\"https:\/\/www.estrategiaconcursos.com.br\/blog\/edital-estrategico-gcm-ferraz-de-vasconcelos\/#breadcrumb\",\"itemListElement\":[{\"@type\":\"ListItem\",\"position\":1,\"name\":\"In\u00edcio\",\"item\":\"https:\/\/www.estrategiaconcursos.com.br\/blog\/\"},{\"@type\":\"ListItem\",\"position\":2,\"name\":\"Edital Estrat\u00e9gico GCM Ferraz de Vasconcelos: baixe gratuitamente\"}]},{\"@type\":\"WebSite\",\"@id\":\"https:\/\/www.estrategiaconcursos.com.br\/blog\/#website\",\"url\":\"https:\/\/www.estrategiaconcursos.com.br\/blog\/\",\"name\":\"Estrat\u00e9gia Concursos\",\"description\":\"O blog da Estrat\u00e9gia Concursos traz not\u00edcias sobre concursos e artigos de professores oferecendo cursos para concursos (pdf + videaulas) no site.\",\"publisher\":{\"@id\":\"https:\/\/www.estrategiaconcursos.com.br\/blog\/#organization\"},\"potentialAction\":[{\"@type\":\"SearchAction\",\"target\":{\"@type\":\"EntryPoint\",\"urlTemplate\":\"https:\/\/www.estrategiaconcursos.com.br\/blog\/?s={search_term_string}\"},\"query-input\":{\"@type\":\"PropertyValueSpecification\",\"valueRequired\":true,\"valueName\":\"search_term_string\"}}],\"inLanguage\":\"pt-BR\"},{\"@type\":\"Organization\",\"@id\":\"https:\/\/www.estrategiaconcursos.com.br\/blog\/#organization\",\"name\":\"Estrat\u00e9gia Concursos\",\"url\":\"https:\/\/www.estrategiaconcursos.com.br\/blog\/\",\"logo\":{\"@type\":\"ImageObject\",\"inLanguage\":\"pt-BR\",\"@id\":\"https:\/\/www.estrategiaconcursos.com.br\/blog\/#\/schema\/logo\/image\/\",\"url\":\"https:\/\/dhg1h5j42swfq.cloudfront.net\/2025\/06\/03203428\/logo_concursos-1.jpg\",\"contentUrl\":\"https:\/\/dhg1h5j42swfq.cloudfront.net\/2025\/06\/03203428\/logo_concursos-1.jpg\",\"width\":230,\"height\":60,\"caption\":\"Estrat\u00e9gia Concursos\"},\"image\":{\"@id\":\"https:\/\/www.estrategiaconcursos.com.br\/blog\/#\/schema\/logo\/image\/\"},\"sameAs\":[\"https:\/\/x.com\/EstratConcursos\"]},{\"@type\":\"Person\",\"@id\":\"https:\/\/www.estrategiaconcursos.com.br\/blog\/#\/schema\/person\/dd9f6d98671a3ac63bf25b40baf6f2e2\",\"name\":\"Diego Cerqueira\",\"image\":{\"@type\":\"ImageObject\",\"inLanguage\":\"pt-BR\",\"@id\":\"https:\/\/secure.gravatar.com\/avatar\/93f5bbe4c5469a613830caa67379a40ab60d82fa495e4fbb9e4039bce737c0cc?s=96&d=mm&r=g\",\"url\":\"https:\/\/secure.gravatar.com\/avatar\/93f5bbe4c5469a613830caa67379a40ab60d82fa495e4fbb9e4039bce737c0cc?s=96&d=mm&r=g\",\"contentUrl\":\"https:\/\/secure.gravatar.com\/avatar\/93f5bbe4c5469a613830caa67379a40ab60d82fa495e4fbb9e4039bce737c0cc?s=96&d=mm&r=g\",\"caption\":\"Diego Cerqueira\"},\"url\":\"https:\/\/www.estrategiaconcursos.com.br\/blog\/author\/diegocerqueiraestrategiaconcursos-com-br-2\/\"}]}<\/script>\n<!-- \/ Yoast SEO Premium plugin. -->","yoast_head_json":{"title":"Edital Estrat\u00e9gico GCM Ferraz de Vasconcelos: baixe gratuitamente","description":"O edital do concurso GCM Ferraz de Vasconcelos, para o cargo de Guarda Municipal, foi publicado. Confira o Edital Estrat\u00e9gico para mais este certame!","robots":{"index":"index","follow":"follow","max-snippet":"max-snippet:-1","max-image-preview":"max-image-preview:large","max-video-preview":"max-video-preview:-1"},"canonical":"https:\/\/www.estrategiaconcursos.com.br\/blog\/edital-estrategico-gcm-ferraz-de-vasconcelos\/","og_locale":"pt_BR","og_type":"article","og_title":"Edital Estrat\u00e9gico GCM Ferraz de Vasconcelos: baixe gratuitamente","og_description":"O edital do concurso GCM Ferraz de Vasconcelos, para o cargo de Guarda Municipal, foi publicado. Confira o Edital Estrat\u00e9gico para mais este certame!","og_url":"https:\/\/www.estrategiaconcursos.com.br\/blog\/edital-estrategico-gcm-ferraz-de-vasconcelos\/","og_site_name":"Estrat\u00e9gia Concursos","article_published_time":"2020-08-01T14:40:03+00:00","article_modified_time":"2020-08-01T14:46:05+00:00","og_image":[{"width":1200,"height":628,"url":"https:\/\/dhg1h5j42swfq.cloudfront.net\/2020\/08\/01114537\/Guarda_Ferraz_de_Vasconcelos_SP.jpg","type":"image\/jpeg"}],"author":"Diego Cerqueira","twitter_card":"summary_large_image","twitter_creator":"@EstratConcursos","twitter_site":"@EstratConcursos","twitter_misc":{"Escrito por":"Diego Cerqueira","Est. tempo de leitura":"2 minutos"},"schema":{"@context":"https:\/\/schema.org","@graph":[{"@type":"NewsArticle","@id":"https:\/\/www.estrategiaconcursos.com.br\/blog\/edital-estrategico-gcm-ferraz-de-vasconcelos\/#article","isPartOf":{"@id":"https:\/\/www.estrategiaconcursos.com.br\/blog\/edital-estrategico-gcm-ferraz-de-vasconcelos\/"},"author":{"name":"Diego Cerqueira","@id":"https:\/\/www.estrategiaconcursos.com.br\/blog\/#\/schema\/person\/dd9f6d98671a3ac63bf25b40baf6f2e2"},"headline":"Edital Estrat\u00e9gico GCM Ferraz de Vasconcelos: baixe gratuitamente","datePublished":"2020-08-01T14:40:03+00:00","dateModified":"2020-08-01T14:46:05+00:00","mainEntityOfPage":{"@id":"https:\/\/www.estrategiaconcursos.com.br\/blog\/edital-estrategico-gcm-ferraz-de-vasconcelos\/"},"wordCount":490,"commentCount":0,"publisher":{"@id":"https:\/\/www.estrategiaconcursos.com.br\/blog\/#organization"},"image":{"@id":"https:\/\/www.estrategiaconcursos.com.br\/blog\/edital-estrategico-gcm-ferraz-de-vasconcelos\/#primaryimage"},"thumbnailUrl":"https:\/\/dhg1h5j42swfq.cloudfront.net\/2020\/08\/01114537\/Guarda_Ferraz_de_Vasconcelos_SP.jpg","articleSection":["Concursos P\u00fablicos"],"inLanguage":"pt-BR","potentialAction":[{"@type":"CommentAction","name":"Comment","target":["https:\/\/www.estrategiaconcursos.com.br\/blog\/edital-estrategico-gcm-ferraz-de-vasconcelos\/#respond"]}],"copyrightYear":"2020","copyrightHolder":{"@id":"https:\/\/www.estrategiaconcursos.com.br\/blog\/#organization"}},{"@type":"WebPage","@id":"https:\/\/www.estrategiaconcursos.com.br\/blog\/edital-estrategico-gcm-ferraz-de-vasconcelos\/","url":"https:\/\/www.estrategiaconcursos.com.br\/blog\/edital-estrategico-gcm-ferraz-de-vasconcelos\/","name":"Edital Estrat\u00e9gico GCM Ferraz de Vasconcelos: baixe gratuitamente","isPartOf":{"@id":"https:\/\/www.estrategiaconcursos.com.br\/blog\/#website"},"primaryImageOfPage":{"@id":"https:\/\/www.estrategiaconcursos.com.br\/blog\/edital-estrategico-gcm-ferraz-de-vasconcelos\/#primaryimage"},"image":{"@id":"https:\/\/www.estrategiaconcursos.com.br\/blog\/edital-estrategico-gcm-ferraz-de-vasconcelos\/#primaryimage"},"thumbnailUrl":"https:\/\/dhg1h5j42swfq.cloudfront.net\/2020\/08\/01114537\/Guarda_Ferraz_de_Vasconcelos_SP.jpg","datePublished":"2020-08-01T14:40:03+00:00","dateModified":"2020-08-01T14:46:05+00:00","description":"O edital do concurso GCM Ferraz de Vasconcelos, para o cargo de Guarda Municipal, foi publicado. Confira o Edital Estrat\u00e9gico para mais este certame!","breadcrumb":{"@id":"https:\/\/www.estrategiaconcursos.com.br\/blog\/edital-estrategico-gcm-ferraz-de-vasconcelos\/#breadcrumb"},"inLanguage":"pt-BR","potentialAction":[{"@type":"ReadAction","target":["https:\/\/www.estrategiaconcursos.com.br\/blog\/edital-estrategico-gcm-ferraz-de-vasconcelos\/"]}]},{"@type":"ImageObject","inLanguage":"pt-BR","@id":"https:\/\/www.estrategiaconcursos.com.br\/blog\/edital-estrategico-gcm-ferraz-de-vasconcelos\/#primaryimage","url":"https:\/\/dhg1h5j42swfq.cloudfront.net\/2020\/08\/01114537\/Guarda_Ferraz_de_Vasconcelos_SP.jpg","contentUrl":"https:\/\/dhg1h5j42swfq.cloudfront.net\/2020\/08\/01114537\/Guarda_Ferraz_de_Vasconcelos_SP.jpg","width":1200,"height":628},{"@type":"BreadcrumbList","@id":"https:\/\/www.estrategiaconcursos.com.br\/blog\/edital-estrategico-gcm-ferraz-de-vasconcelos\/#breadcrumb","itemListElement":[{"@type":"ListItem","position":1,"name":"In\u00edcio","item":"https:\/\/www.estrategiaconcursos.com.br\/blog\/"},{"@type":"ListItem","position":2,"name":"Edital Estrat\u00e9gico GCM Ferraz de Vasconcelos: baixe gratuitamente"}]},{"@type":"WebSite","@id":"https:\/\/www.estrategiaconcursos.com.br\/blog\/#website","url":"https:\/\/www.estrategiaconcursos.com.br\/blog\/","name":"Estrat\u00e9gia Concursos","description":"O blog da Estrat\u00e9gia Concursos traz not\u00edcias sobre concursos e artigos de professores oferecendo cursos para concursos (pdf + videaulas) no site.","publisher":{"@id":"https:\/\/www.estrategiaconcursos.com.br\/blog\/#organization"},"potentialAction":[{"@type":"SearchAction","target":{"@type":"EntryPoint","urlTemplate":"https:\/\/www.estrategiaconcursos.com.br\/blog\/?s={search_term_string}"},"query-input":{"@type":"PropertyValueSpecification","valueRequired":true,"valueName":"search_term_string"}}],"inLanguage":"pt-BR"},{"@type":"Organization","@id":"https:\/\/www.estrategiaconcursos.com.br\/blog\/#organization","name":"Estrat\u00e9gia Concursos","url":"https:\/\/www.estrategiaconcursos.com.br\/blog\/","logo":{"@type":"ImageObject","inLanguage":"pt-BR","@id":"https:\/\/www.estrategiaconcursos.com.br\/blog\/#\/schema\/logo\/image\/","url":"https:\/\/dhg1h5j42swfq.cloudfront.net\/2025\/06\/03203428\/logo_concursos-1.jpg","contentUrl":"https:\/\/dhg1h5j42swfq.cloudfront.net\/2025\/06\/03203428\/logo_concursos-1.jpg","width":230,"height":60,"caption":"Estrat\u00e9gia Concursos"},"image":{"@id":"https:\/\/www.estrategiaconcursos.com.br\/blog\/#\/schema\/logo\/image\/"},"sameAs":["https:\/\/x.com\/EstratConcursos"]},{"@type":"Person","@id":"https:\/\/www.estrategiaconcursos.com.br\/blog\/#\/schema\/person\/dd9f6d98671a3ac63bf25b40baf6f2e2","name":"Diego Cerqueira","image":{"@type":"ImageObject","inLanguage":"pt-BR","@id":"https:\/\/secure.gravatar.com\/avatar\/93f5bbe4c5469a613830caa67379a40ab60d82fa495e4fbb9e4039bce737c0cc?s=96&d=mm&r=g","url":"https:\/\/secure.gravatar.com\/avatar\/93f5bbe4c5469a613830caa67379a40ab60d82fa495e4fbb9e4039bce737c0cc?s=96&d=mm&r=g","contentUrl":"https:\/\/secure.gravatar.com\/avatar\/93f5bbe4c5469a613830caa67379a40ab60d82fa495e4fbb9e4039bce737c0cc?s=96&d=mm&r=g","caption":"Diego Cerqueira"},"url":"https:\/\/www.estrategiaconcursos.com.br\/blog\/author\/diegocerqueiraestrategiaconcursos-com-br-2\/"}]}},"_links":{"self":[{"href":"https:\/\/www.estrategiaconcursos.com.br\/blog\/wp-json\/wp\/v2\/posts\/550236","targetHints":{"allow":["GET"]}}],"collection":[{"href":"https:\/\/www.estrategiaconcursos.com.br\/blog\/wp-json\/wp\/v2\/posts"}],"about":[{"href":"https:\/\/www.estrategiaconcursos.com.br\/blog\/wp-json\/wp\/v2\/types\/post"}],"author":[{"embeddable":true,"href":"https:\/\/www.estrategiaconcursos.com.br\/blog\/wp-json\/wp\/v2\/users\/1482"}],"replies":[{"embeddable":true,"href":"https:\/\/www.estrategiaconcursos.com.br\/blog\/wp-json\/wp\/v2\/comments?post=550236"}],"version-history":[{"count":1,"href":"https:\/\/www.estrategiaconcursos.com.br\/blog\/wp-json\/wp\/v2\/posts\/550236\/revisions"}],"predecessor-version":[{"id":550242,"href":"https:\/\/www.estrategiaconcursos.com.br\/blog\/wp-json\/wp\/v2\/posts\/550236\/revisions\/550242"}],"wp:featuredmedia":[{"embeddable":true,"href":"https:\/\/www.estrategiaconcursos.com.br\/blog\/wp-json\/wp\/v2\/media\/550245"}],"wp:attachment":[{"href":"https:\/\/www.estrategiaconcursos.com.br\/blog\/wp-json\/wp\/v2\/media?parent=550236"}],"wp:term":[{"taxonomy":"category","embeddable":true,"href":"https:\/\/www.estrategiaconcursos.com.br\/blog\/wp-json\/wp\/v2\/categories?post=550236"},{"taxonomy":"post_tag","embeddable":true,"href":"https:\/\/www.estrategiaconcursos.com.br\/blog\/wp-json\/wp\/v2\/tags?post=550236"},{"taxonomy":"tax_estado","embeddable":true,"href":"https:\/\/www.estrategiaconcursos.com.br\/blog\/wp-json\/wp\/v2\/tax_estado?post=550236"}],"curies":[{"name":"wp","href":"https:\/\/api.w.org\/{rel}","templated":true}]}}