{"id":548879,"date":"2020-08-03T09:00:00","date_gmt":"2020-08-03T12:00:00","guid":{"rendered":"https:\/\/www.estrategiaconcursos.com.br\/blog\/?p=548879"},"modified":"2023-03-15T10:51:20","modified_gmt":"2023-03-15T13:51:20","slug":"semana-especial-operacao-prf-2","status":"publish","type":"post","link":"https:\/\/www.estrategiaconcursos.com.br\/blog\/semana-especial-operacao-prf-2\/","title":{"rendered":"Semana Especial: Opera\u00e7\u00e3o PRF"},"content":{"rendered":"\n<p>A \u00e1rea de seguran\u00e7a p\u00fablica vem sendo constantemente contemplada por novos concursos p\u00fablicos em todo o pa\u00eds, nos \u00e2mbitos municipal, estadual e federal.   <\/p>\n\n\n\n<p>O concurso PRF, por exemplo, da Pol\u00edcia Rodovi\u00e1ria Federal, poder\u00e1 ser autorizado em breve, ap\u00f3s ter 2.772 vagas solicitadas. Isso porque diretores da institui\u00e7\u00e3o e at\u00e9 o presidente Jair Bolsonaro est\u00e3o sinalizando que um novo edital poder\u00e1 ser publicado at\u00e9 2021 para os cargos de policial rodovi\u00e1rio e agente administrativo.<\/p>\n\n\n\n<p>O certame, no entanto, ainda aguarda a luz verde do Minist\u00e9rio da Economia para ir adiante.<\/p>\n\n\n\n<p>E para que voc\u00ea est\u00e1 se preparando para um dos mais aguardados e disputados certames de todo o pa\u00eds, o Estrat\u00e9gia Concursos preparou a <strong>Semana Especial &#8211;<\/strong> <strong>Opera\u00e7\u00e3o PRF<\/strong>, com tudo o que precisa saber para se preparar de maneira eficiente e garantir sua vaga quando o edital for publicado!<\/p>\n\n\n\n<p>O evento &#8216;<a href=\"https:\/\/youtu.be\/eX2eGsLxWj4\" target=\"_blank\" rel=\"noreferrer noopener\">Opera\u00e7\u00e3o PRF<\/a>&#8216; ter\u00e1 in\u00edcio na <strong>segunda-feira, 03 de agosto, <\/strong>a partir das 10h. Confira abaixo o cronograma completo e acompanhe tudo no <a href=\"https:\/\/www.youtube.com\/user\/EstrategiaCursos\"><strong>nosso canal do youtube:<\/strong><\/a><\/p>\n\n\n\n<figure class=\"wp-block-table is-style-stripes\"><table class=\"has-fixed-layout\"><tbody><tr><td class=\"has-text-align-center\" data-align=\"center\"><strong>Data e Hora<\/strong> <\/td><td class=\"has-text-align-center\" data-align=\"center\"><strong>Tema<\/strong><\/td><td class=\"has-text-align-center\" data-align=\"center\"><strong>Professor(es)<\/strong><\/td><\/tr><tr><td class=\"has-text-align-center\" data-align=\"center\"><strong>03\/08 &#8211; 10h<\/strong><\/td><td class=\"has-text-align-center\" data-align=\"center\"><strong>PRF: Opera\u00e7\u00e3o PRF<\/strong><\/td><td class=\"has-text-align-center\" data-align=\"center\"><strong>Alexandre Herculano, Marcos Gir\u00e3o e Paulo Bilynskyj<\/strong><\/td><\/tr><tr><td class=\"has-text-align-center\" data-align=\"center\"><strong>03\/08 &#8211; 19h<\/strong><\/td><td class=\"has-text-align-center\" data-align=\"center\"><strong>Concurso PRF: Saiba Quando (e como!) Estudar Legisla\u00e7\u00e3o de Tr\u00e2nsito<\/strong><\/td><td class=\"has-text-align-center\" data-align=\"center\"><strong>Alexandre Herculano e Marcos Gir\u00e3o<\/strong><\/td><\/tr><tr><td class=\"has-text-align-center\" data-align=\"center\"><strong>04\/08 &#8211; 19h<\/strong><\/td><td class=\"has-text-align-center\" data-align=\"center\"><strong>Concursos PCDF e PRF: Saiba Como Conciliar os Estudos<\/strong><\/td><td class=\"has-text-align-center\" data-align=\"center\"><strong>Bruna Caracho e Lha\u00eds Hamid<\/strong><\/td><\/tr><tr><td class=\"has-text-align-center\" data-align=\"center\"><strong>05\/08 &#8211; 19h<\/strong><\/td><td class=\"has-text-align-center\" data-align=\"center\"><strong>Concursos PF e PRF: Saiba Como Conciliar os Estudos<\/strong><\/td><td class=\"has-text-align-center\" data-align=\"center\"><strong>Paulo Bilynskyj e Xande Allgayer<\/strong><\/td><\/tr><tr><td class=\"has-text-align-center\" data-align=\"center\"><strong>06\/08 &#8211; 12h<\/strong><\/td><td class=\"has-text-align-center\" data-align=\"center\"><strong>Saiba como se preparar para o TAF do concurso da PRF<\/strong><\/td><td class=\"has-text-align-center\" data-align=\"center\"><strong>Guilherme Solano e Paulo Bilynskyj<\/strong><\/td><\/tr><tr><td class=\"has-text-align-center\" data-align=\"center\"><strong>06\/08 &#8211; 19h<\/strong><\/td><td class=\"has-text-align-center\" data-align=\"center\"><strong>Concurso PRF: Ciclo de estudos do b\u00e1sico ao avan\u00e7ado<\/strong><\/td><td class=\"has-text-align-center\" data-align=\"center\"><strong>Luis Eduardo<\/strong><\/td><\/tr><tr><td class=\"has-text-align-center\" data-align=\"center\"><strong>07\/08 &#8211; 12h<\/strong><\/td><td class=\"has-text-align-center\" data-align=\"center\"><strong>Concurso PRF: Saiba Tudo sobre Agente Administrativo<\/strong><\/td><td class=\"has-text-align-center\" data-align=\"center\"><strong>Lha\u00eds Hamid<\/strong><\/td><\/tr><tr><td class=\"has-text-align-center\" data-align=\"center\"><strong>07\/08 &#8211; 19h<\/strong><\/td><td class=\"has-text-align-center\" data-align=\"center\"><strong>Policial Rodovi\u00e1rio Federal: Conhe\u00e7a minha carreira!<\/strong><\/td><td class=\"has-text-align-center\" data-align=\"center\"><strong>Ricardo Vale e Convidado<\/strong><\/td><\/tr><\/tbody><\/table><\/figure>\n\n\n\n<p>Precisa de mais motiva\u00e7\u00f5es para o concurso? Confira abaixo os diferenciais do Concurso PRF:<\/p>\n\n\n\n<figure class=\"wp-block-image size-large\"><img loading=\"lazy\" decoding=\"async\" width=\"1024\" height=\"410\" src=\"https:\/\/dhg1h5j42swfq.cloudfront.net\/2020\/07\/28154558\/image-253-1024x410.png\" alt=\"\" class=\"wp-image-548258\" srcset=\"https:\/\/dhg1h5j42swfq.cloudfront.net\/2020\/07\/28154558\/image-253-1024x410.png 1024w, https:\/\/dhg1h5j42swfq.cloudfront.net\/2020\/07\/28154558\/image-253-300x120.png 300w, https:\/\/dhg1h5j42swfq.cloudfront.net\/2020\/07\/28154558\/image-253-768x308.png 768w, https:\/\/dhg1h5j42swfq.cloudfront.net\/2020\/07\/28154558\/image-253-610x244.png 610w, https:\/\/dhg1h5j42swfq.cloudfront.net\/2020\/07\/28154558\/image-253.png 1043w\" sizes=\"auto, (max-width: 1024px) 100vw, 1024px\" \/><\/figure>\n\n\n\n<p>Ficou interessado na programa\u00e7\u00e3o do evento e quer refor\u00e7ar o seu preparo? Inscreva-se no link abaixo e n\u00e3o fique de fora:<\/p>\n\n\n\n<p class=\"has-text-align-center has-luminous-vivid-amber-background-color has-background has-medium-font-size\"> <a rel=\"noreferrer noopener\" href=\"https:\/\/gratis.estrategiaconcursos.com.br\/operacao-prf\/\" target=\"_blank\"><strong>Opera\u00e7\u00e3o PRF<\/strong><\/a><\/p>\n\n\n\n<p class=\"has-text-align-center has-very-light-gray-background-color has-background\" style=\"font-size:clamp(14.642px, 0.915rem + ((1vw - 3.2px) * 0.721), 22px);px\"><strong>Saiba mais: <a href=\"https:\/\/www.estrategiaconcursos.com.br\/blog\/concurso-prf-3\/\">Concurso PRF<\/a><\/strong><\/p>\n\n\n\n<p class=\"has-text-align-center\"><em><strong>Assinatura Anual Ilimitada*<\/strong><\/em><\/p>\n\n\n\n<p class=\"has-text-align-center\"><em>Prepare-se com o melhor material e com quem mais aprova em Concursos P\u00fablicos em todo o pa\u00eds. Assine agora a nossa Assinatura Anual e tenha acesso ilimitado* a todos os nossos cursos.<\/em><\/p>\n\n\n\n<p class=\"has-text-align-center has-luminous-vivid-amber-background-color has-background\" style=\"font-size:clamp(14.642px, 0.915rem + ((1vw - 3.2px) * 0.721), 22px);px\"><strong>ASSINE AGORA&nbsp;\u2013&nbsp;<\/strong><a rel=\"noreferrer noopener\" href=\"https:\/\/www.estrategiaconcursos.com.br\/assinaturas\" target=\"_blank\"><strong>Assinatura Ilimitada<\/strong><\/a><\/p>\n\n\n\n<p class=\"has-text-align-center\"><strong><em><strong>Sistema de Quest\u00f5es<\/strong><\/em><\/strong><\/p>\n\n\n\n<p class=\"has-text-align-center\">Estrat\u00e9gia Quest\u00f5es nasceu maior do que todos os concorrentes, com mais quest\u00f5es cadastradas e mais solu\u00e7\u00f5es por professores. Clique no link e aproveite os descontos e b\u00f4nus imperd\u00edveis!<\/p>\n\n\n\n<p class=\"has-text-align-center has-light-green-cyan-background-color has-background\" style=\"font-size:clamp(14.642px, 0.915rem + ((1vw - 3.2px) * 0.721), 22px);px\"><strong>ASSINE AGORA \u2013&nbsp;<a href=\"https:\/\/www.estrategiaconcursos.com.br\/cursosPorConcurso\/sistema-de-questoes\/#\/\" target=\"_blank\" rel=\"noreferrer noopener\">Sistema de Quest\u00f5es<\/a><\/strong><\/p>\n\n\n\n<p class=\"has-text-align-center\"><strong><em>Fique por dentro de todos os concursos<\/em><\/strong><\/p>\n\n\n\n<p class=\"has-text-align-center has-pale-cyan-blue-background-color has-background\" style=\"font-size:clamp(14.642px, 0.915rem + ((1vw - 3.2px) * 0.721), 22px);px\"><a rel=\"noreferrer noopener\" href=\"https:\/\/www.estrategiaconcursos.com.br\/blog\/concursos-abertos\/\" target=\"_blank\"><strong>CONCURSOS ABERTOS<\/strong><\/a><\/p>\n\n\n\n<p class=\"has-text-align-center has-pale-cyan-blue-background-color has-background\" style=\"font-size:clamp(14.642px, 0.915rem + ((1vw - 3.2px) * 0.721), 22px);px\"><a rel=\"noreferrer noopener\" href=\"https:\/\/www.estrategiaconcursos.com.br\/blog\/concursos-2020\/\" target=\"_blank\"><strong>CONCURSOS&nbsp;2020<\/strong><\/a><\/p>\n\n\n\n<p class=\"has-text-align-center has-pale-cyan-blue-background-color has-background\" style=\"font-size:clamp(14.642px, 0.915rem + ((1vw - 3.2px) * 0.721), 22px);px\"><strong><a rel=\"noreferrer noopener\" href=\"https:\/\/www.estrategiaconcursos.com.br\/blog\/concursos-2021\/\" target=\"_blank\">CONCURSOS&nbsp;2021<\/a><\/strong><\/p>\n","protected":false},"excerpt":{"rendered":"<p>A \u00e1rea de seguran\u00e7a p\u00fablica vem sendo constantemente contemplada por novos concursos p\u00fablicos em todo o pa\u00eds, nos \u00e2mbitos municipal, estadual e federal. O concurso PRF, por exemplo, da Pol\u00edcia Rodovi\u00e1ria Federal, poder\u00e1 ser autorizado em breve, ap\u00f3s ter 2.772 vagas solicitadas. Isso porque diretores da institui\u00e7\u00e3o e at\u00e9 o presidente Jair Bolsonaro est\u00e3o sinalizando [&hellip;]<\/p>\n","protected":false},"author":1482,"featured_media":0,"comment_status":"open","ping_status":"closed","sticky":false,"template":"","format":"standard","meta":{"post_tipo":"article","footnotes":""},"categories":[1],"tags":[],"tax_estado":[],"class_list":["post-548879","post","type-post","status-publish","format-standard","hentry","category-cursos-e-concursos"],"acf":[],"yoast_head":"<!-- This site is optimized with the Yoast SEO Premium plugin v27.2 (Yoast SEO v27.2) - https:\/\/yoast.com\/product\/yoast-seo-premium-wordpress\/ -->\n<title>Semana Especial: Opera\u00e7\u00e3o PRF<\/title>\n<meta name=\"robots\" content=\"index, follow, max-snippet:-1, max-image-preview:large, max-video-preview:-1\" \/>\n<link rel=\"canonical\" href=\"https:\/\/www.estrategiaconcursos.com.br\/blog\/semana-especial-operacao-prf-2\/\" \/>\n<meta property=\"og:locale\" content=\"pt_BR\" \/>\n<meta property=\"og:type\" content=\"article\" \/>\n<meta property=\"og:title\" content=\"Semana Especial: Opera\u00e7\u00e3o PRF\" \/>\n<meta property=\"og:description\" content=\"A \u00e1rea de seguran\u00e7a p\u00fablica vem sendo constantemente contemplada por novos concursos p\u00fablicos em todo o pa\u00eds, nos \u00e2mbitos municipal, estadual e federal. O concurso PRF, por exemplo, da Pol\u00edcia Rodovi\u00e1ria Federal, poder\u00e1 ser autorizado em breve, ap\u00f3s ter 2.772 vagas solicitadas. Isso porque diretores da institui\u00e7\u00e3o e at\u00e9 o presidente Jair Bolsonaro est\u00e3o sinalizando [&hellip;]\" \/>\n<meta property=\"og:url\" content=\"https:\/\/www.estrategiaconcursos.com.br\/blog\/semana-especial-operacao-prf-2\/\" \/>\n<meta property=\"og:site_name\" content=\"Estrat\u00e9gia Concursos\" \/>\n<meta property=\"article:published_time\" content=\"2020-08-03T12:00:00+00:00\" \/>\n<meta property=\"article:modified_time\" content=\"2023-03-15T13:51:20+00:00\" \/>\n<meta property=\"og:image\" content=\"https:\/\/www.estrategiaconcursos.com.br\/blog\/wp-content\/uploads\/2020\/07\/image-253-1024x410.png\" \/>\n<meta name=\"author\" content=\"Diego Cerqueira\" \/>\n<meta name=\"twitter:card\" content=\"summary_large_image\" \/>\n<meta name=\"twitter:creator\" content=\"@EstratConcursos\" \/>\n<meta name=\"twitter:site\" content=\"@EstratConcursos\" \/>\n<meta name=\"twitter:label1\" content=\"Escrito por\" \/>\n\t<meta name=\"twitter:data1\" content=\"Diego Cerqueira\" \/>\n\t<meta name=\"twitter:label2\" content=\"Est. tempo de leitura\" \/>\n\t<meta name=\"twitter:data2\" content=\"2 minutos\" \/>\n<script type=\"application\/ld+json\" class=\"yoast-schema-graph\">{\"@context\":\"https:\/\/schema.org\",\"@graph\":[{\"@type\":\"NewsArticle\",\"@id\":\"https:\/\/www.estrategiaconcursos.com.br\/blog\/semana-especial-operacao-prf-2\/#article\",\"isPartOf\":{\"@id\":\"https:\/\/www.estrategiaconcursos.com.br\/blog\/semana-especial-operacao-prf-2\/\"},\"author\":{\"name\":\"Diego Cerqueira\",\"@id\":\"https:\/\/www.estrategiaconcursos.com.br\/blog\/#\/schema\/person\/dd9f6d98671a3ac63bf25b40baf6f2e2\"},\"headline\":\"Semana Especial: Opera\u00e7\u00e3o PRF\",\"datePublished\":\"2020-08-03T12:00:00+00:00\",\"dateModified\":\"2023-03-15T13:51:20+00:00\",\"mainEntityOfPage\":{\"@id\":\"https:\/\/www.estrategiaconcursos.com.br\/blog\/semana-especial-operacao-prf-2\/\"},\"wordCount\":464,\"commentCount\":0,\"publisher\":{\"@id\":\"https:\/\/www.estrategiaconcursos.com.br\/blog\/#organization\"},\"image\":{\"@id\":\"https:\/\/www.estrategiaconcursos.com.br\/blog\/semana-especial-operacao-prf-2\/#primaryimage\"},\"thumbnailUrl\":\"https:\/\/www.estrategiaconcursos.com.br\/blog\/wp-content\/uploads\/2020\/07\/image-253-1024x410.png\",\"articleSection\":[\"Concursos P\u00fablicos\"],\"inLanguage\":\"pt-BR\",\"potentialAction\":[{\"@type\":\"CommentAction\",\"name\":\"Comment\",\"target\":[\"https:\/\/www.estrategiaconcursos.com.br\/blog\/semana-especial-operacao-prf-2\/#respond\"]}],\"copyrightYear\":\"2020\",\"copyrightHolder\":{\"@id\":\"https:\/\/www.estrategiaconcursos.com.br\/blog\/#organization\"}},{\"@type\":\"WebPage\",\"@id\":\"https:\/\/www.estrategiaconcursos.com.br\/blog\/semana-especial-operacao-prf-2\/\",\"url\":\"https:\/\/www.estrategiaconcursos.com.br\/blog\/semana-especial-operacao-prf-2\/\",\"name\":\"Semana Especial: Opera\u00e7\u00e3o PRF\",\"isPartOf\":{\"@id\":\"https:\/\/www.estrategiaconcursos.com.br\/blog\/#website\"},\"primaryImageOfPage\":{\"@id\":\"https:\/\/www.estrategiaconcursos.com.br\/blog\/semana-especial-operacao-prf-2\/#primaryimage\"},\"image\":{\"@id\":\"https:\/\/www.estrategiaconcursos.com.br\/blog\/semana-especial-operacao-prf-2\/#primaryimage\"},\"thumbnailUrl\":\"https:\/\/www.estrategiaconcursos.com.br\/blog\/wp-content\/uploads\/2020\/07\/image-253-1024x410.png\",\"datePublished\":\"2020-08-03T12:00:00+00:00\",\"dateModified\":\"2023-03-15T13:51:20+00:00\",\"breadcrumb\":{\"@id\":\"https:\/\/www.estrategiaconcursos.com.br\/blog\/semana-especial-operacao-prf-2\/#breadcrumb\"},\"inLanguage\":\"pt-BR\",\"potentialAction\":[{\"@type\":\"ReadAction\",\"target\":[\"https:\/\/www.estrategiaconcursos.com.br\/blog\/semana-especial-operacao-prf-2\/\"]}]},{\"@type\":\"ImageObject\",\"inLanguage\":\"pt-BR\",\"@id\":\"https:\/\/www.estrategiaconcursos.com.br\/blog\/semana-especial-operacao-prf-2\/#primaryimage\",\"url\":\"https:\/\/dhg1h5j42swfq.cloudfront.net\/2020\/07\/28154558\/image-253.png\",\"contentUrl\":\"https:\/\/dhg1h5j42swfq.cloudfront.net\/2020\/07\/28154558\/image-253.png\",\"width\":1043,\"height\":418},{\"@type\":\"BreadcrumbList\",\"@id\":\"https:\/\/www.estrategiaconcursos.com.br\/blog\/semana-especial-operacao-prf-2\/#breadcrumb\",\"itemListElement\":[{\"@type\":\"ListItem\",\"position\":1,\"name\":\"In\u00edcio\",\"item\":\"https:\/\/www.estrategiaconcursos.com.br\/blog\/\"},{\"@type\":\"ListItem\",\"position\":2,\"name\":\"Semana Especial: Opera\u00e7\u00e3o PRF\"}]},{\"@type\":\"WebSite\",\"@id\":\"https:\/\/www.estrategiaconcursos.com.br\/blog\/#website\",\"url\":\"https:\/\/www.estrategiaconcursos.com.br\/blog\/\",\"name\":\"Estrat\u00e9gia Concursos\",\"description\":\"O blog da Estrat\u00e9gia Concursos traz not\u00edcias sobre concursos e artigos de professores oferecendo cursos para concursos (pdf + videaulas) no site.\",\"publisher\":{\"@id\":\"https:\/\/www.estrategiaconcursos.com.br\/blog\/#organization\"},\"potentialAction\":[{\"@type\":\"SearchAction\",\"target\":{\"@type\":\"EntryPoint\",\"urlTemplate\":\"https:\/\/www.estrategiaconcursos.com.br\/blog\/?s={search_term_string}\"},\"query-input\":{\"@type\":\"PropertyValueSpecification\",\"valueRequired\":true,\"valueName\":\"search_term_string\"}}],\"inLanguage\":\"pt-BR\"},{\"@type\":\"Organization\",\"@id\":\"https:\/\/www.estrategiaconcursos.com.br\/blog\/#organization\",\"name\":\"Estrat\u00e9gia Concursos\",\"url\":\"https:\/\/www.estrategiaconcursos.com.br\/blog\/\",\"logo\":{\"@type\":\"ImageObject\",\"inLanguage\":\"pt-BR\",\"@id\":\"https:\/\/www.estrategiaconcursos.com.br\/blog\/#\/schema\/logo\/image\/\",\"url\":\"https:\/\/dhg1h5j42swfq.cloudfront.net\/2025\/06\/03203428\/logo_concursos-1.jpg\",\"contentUrl\":\"https:\/\/dhg1h5j42swfq.cloudfront.net\/2025\/06\/03203428\/logo_concursos-1.jpg\",\"width\":230,\"height\":60,\"caption\":\"Estrat\u00e9gia Concursos\"},\"image\":{\"@id\":\"https:\/\/www.estrategiaconcursos.com.br\/blog\/#\/schema\/logo\/image\/\"},\"sameAs\":[\"https:\/\/x.com\/EstratConcursos\"]},{\"@type\":\"Person\",\"@id\":\"https:\/\/www.estrategiaconcursos.com.br\/blog\/#\/schema\/person\/dd9f6d98671a3ac63bf25b40baf6f2e2\",\"name\":\"Diego Cerqueira\",\"image\":{\"@type\":\"ImageObject\",\"inLanguage\":\"pt-BR\",\"@id\":\"https:\/\/secure.gravatar.com\/avatar\/93f5bbe4c5469a613830caa67379a40ab60d82fa495e4fbb9e4039bce737c0cc?s=96&d=mm&r=g\",\"url\":\"https:\/\/secure.gravatar.com\/avatar\/93f5bbe4c5469a613830caa67379a40ab60d82fa495e4fbb9e4039bce737c0cc?s=96&d=mm&r=g\",\"contentUrl\":\"https:\/\/secure.gravatar.com\/avatar\/93f5bbe4c5469a613830caa67379a40ab60d82fa495e4fbb9e4039bce737c0cc?s=96&d=mm&r=g\",\"caption\":\"Diego Cerqueira\"},\"url\":\"https:\/\/www.estrategiaconcursos.com.br\/blog\/author\/diegocerqueiraestrategiaconcursos-com-br-2\/\"}]}<\/script>\n<!-- \/ Yoast SEO Premium plugin. -->","yoast_head_json":{"title":"Semana Especial: Opera\u00e7\u00e3o PRF","robots":{"index":"index","follow":"follow","max-snippet":"max-snippet:-1","max-image-preview":"max-image-preview:large","max-video-preview":"max-video-preview:-1"},"canonical":"https:\/\/www.estrategiaconcursos.com.br\/blog\/semana-especial-operacao-prf-2\/","og_locale":"pt_BR","og_type":"article","og_title":"Semana Especial: Opera\u00e7\u00e3o PRF","og_description":"A \u00e1rea de seguran\u00e7a p\u00fablica vem sendo constantemente contemplada por novos concursos p\u00fablicos em todo o pa\u00eds, nos \u00e2mbitos municipal, estadual e federal. O concurso PRF, por exemplo, da Pol\u00edcia Rodovi\u00e1ria Federal, poder\u00e1 ser autorizado em breve, ap\u00f3s ter 2.772 vagas solicitadas. Isso porque diretores da institui\u00e7\u00e3o e at\u00e9 o presidente Jair Bolsonaro est\u00e3o sinalizando [&hellip;]","og_url":"https:\/\/www.estrategiaconcursos.com.br\/blog\/semana-especial-operacao-prf-2\/","og_site_name":"Estrat\u00e9gia Concursos","article_published_time":"2020-08-03T12:00:00+00:00","article_modified_time":"2023-03-15T13:51:20+00:00","og_image":[{"url":"https:\/\/www.estrategiaconcursos.com.br\/blog\/wp-content\/uploads\/2020\/07\/image-253-1024x410.png","type":"","width":"","height":""}],"author":"Diego Cerqueira","twitter_card":"summary_large_image","twitter_creator":"@EstratConcursos","twitter_site":"@EstratConcursos","twitter_misc":{"Escrito por":"Diego Cerqueira","Est. tempo de leitura":"2 minutos"},"schema":{"@context":"https:\/\/schema.org","@graph":[{"@type":"NewsArticle","@id":"https:\/\/www.estrategiaconcursos.com.br\/blog\/semana-especial-operacao-prf-2\/#article","isPartOf":{"@id":"https:\/\/www.estrategiaconcursos.com.br\/blog\/semana-especial-operacao-prf-2\/"},"author":{"name":"Diego Cerqueira","@id":"https:\/\/www.estrategiaconcursos.com.br\/blog\/#\/schema\/person\/dd9f6d98671a3ac63bf25b40baf6f2e2"},"headline":"Semana Especial: Opera\u00e7\u00e3o PRF","datePublished":"2020-08-03T12:00:00+00:00","dateModified":"2023-03-15T13:51:20+00:00","mainEntityOfPage":{"@id":"https:\/\/www.estrategiaconcursos.com.br\/blog\/semana-especial-operacao-prf-2\/"},"wordCount":464,"commentCount":0,"publisher":{"@id":"https:\/\/www.estrategiaconcursos.com.br\/blog\/#organization"},"image":{"@id":"https:\/\/www.estrategiaconcursos.com.br\/blog\/semana-especial-operacao-prf-2\/#primaryimage"},"thumbnailUrl":"https:\/\/www.estrategiaconcursos.com.br\/blog\/wp-content\/uploads\/2020\/07\/image-253-1024x410.png","articleSection":["Concursos P\u00fablicos"],"inLanguage":"pt-BR","potentialAction":[{"@type":"CommentAction","name":"Comment","target":["https:\/\/www.estrategiaconcursos.com.br\/blog\/semana-especial-operacao-prf-2\/#respond"]}],"copyrightYear":"2020","copyrightHolder":{"@id":"https:\/\/www.estrategiaconcursos.com.br\/blog\/#organization"}},{"@type":"WebPage","@id":"https:\/\/www.estrategiaconcursos.com.br\/blog\/semana-especial-operacao-prf-2\/","url":"https:\/\/www.estrategiaconcursos.com.br\/blog\/semana-especial-operacao-prf-2\/","name":"Semana Especial: Opera\u00e7\u00e3o PRF","isPartOf":{"@id":"https:\/\/www.estrategiaconcursos.com.br\/blog\/#website"},"primaryImageOfPage":{"@id":"https:\/\/www.estrategiaconcursos.com.br\/blog\/semana-especial-operacao-prf-2\/#primaryimage"},"image":{"@id":"https:\/\/www.estrategiaconcursos.com.br\/blog\/semana-especial-operacao-prf-2\/#primaryimage"},"thumbnailUrl":"https:\/\/www.estrategiaconcursos.com.br\/blog\/wp-content\/uploads\/2020\/07\/image-253-1024x410.png","datePublished":"2020-08-03T12:00:00+00:00","dateModified":"2023-03-15T13:51:20+00:00","breadcrumb":{"@id":"https:\/\/www.estrategiaconcursos.com.br\/blog\/semana-especial-operacao-prf-2\/#breadcrumb"},"inLanguage":"pt-BR","potentialAction":[{"@type":"ReadAction","target":["https:\/\/www.estrategiaconcursos.com.br\/blog\/semana-especial-operacao-prf-2\/"]}]},{"@type":"ImageObject","inLanguage":"pt-BR","@id":"https:\/\/www.estrategiaconcursos.com.br\/blog\/semana-especial-operacao-prf-2\/#primaryimage","url":"https:\/\/dhg1h5j42swfq.cloudfront.net\/2020\/07\/28154558\/image-253.png","contentUrl":"https:\/\/dhg1h5j42swfq.cloudfront.net\/2020\/07\/28154558\/image-253.png","width":1043,"height":418},{"@type":"BreadcrumbList","@id":"https:\/\/www.estrategiaconcursos.com.br\/blog\/semana-especial-operacao-prf-2\/#breadcrumb","itemListElement":[{"@type":"ListItem","position":1,"name":"In\u00edcio","item":"https:\/\/www.estrategiaconcursos.com.br\/blog\/"},{"@type":"ListItem","position":2,"name":"Semana Especial: Opera\u00e7\u00e3o PRF"}]},{"@type":"WebSite","@id":"https:\/\/www.estrategiaconcursos.com.br\/blog\/#website","url":"https:\/\/www.estrategiaconcursos.com.br\/blog\/","name":"Estrat\u00e9gia Concursos","description":"O blog da Estrat\u00e9gia Concursos traz not\u00edcias sobre concursos e artigos de professores oferecendo cursos para concursos (pdf + videaulas) no site.","publisher":{"@id":"https:\/\/www.estrategiaconcursos.com.br\/blog\/#organization"},"potentialAction":[{"@type":"SearchAction","target":{"@type":"EntryPoint","urlTemplate":"https:\/\/www.estrategiaconcursos.com.br\/blog\/?s={search_term_string}"},"query-input":{"@type":"PropertyValueSpecification","valueRequired":true,"valueName":"search_term_string"}}],"inLanguage":"pt-BR"},{"@type":"Organization","@id":"https:\/\/www.estrategiaconcursos.com.br\/blog\/#organization","name":"Estrat\u00e9gia Concursos","url":"https:\/\/www.estrategiaconcursos.com.br\/blog\/","logo":{"@type":"ImageObject","inLanguage":"pt-BR","@id":"https:\/\/www.estrategiaconcursos.com.br\/blog\/#\/schema\/logo\/image\/","url":"https:\/\/dhg1h5j42swfq.cloudfront.net\/2025\/06\/03203428\/logo_concursos-1.jpg","contentUrl":"https:\/\/dhg1h5j42swfq.cloudfront.net\/2025\/06\/03203428\/logo_concursos-1.jpg","width":230,"height":60,"caption":"Estrat\u00e9gia Concursos"},"image":{"@id":"https:\/\/www.estrategiaconcursos.com.br\/blog\/#\/schema\/logo\/image\/"},"sameAs":["https:\/\/x.com\/EstratConcursos"]},{"@type":"Person","@id":"https:\/\/www.estrategiaconcursos.com.br\/blog\/#\/schema\/person\/dd9f6d98671a3ac63bf25b40baf6f2e2","name":"Diego Cerqueira","image":{"@type":"ImageObject","inLanguage":"pt-BR","@id":"https:\/\/secure.gravatar.com\/avatar\/93f5bbe4c5469a613830caa67379a40ab60d82fa495e4fbb9e4039bce737c0cc?s=96&d=mm&r=g","url":"https:\/\/secure.gravatar.com\/avatar\/93f5bbe4c5469a613830caa67379a40ab60d82fa495e4fbb9e4039bce737c0cc?s=96&d=mm&r=g","contentUrl":"https:\/\/secure.gravatar.com\/avatar\/93f5bbe4c5469a613830caa67379a40ab60d82fa495e4fbb9e4039bce737c0cc?s=96&d=mm&r=g","caption":"Diego Cerqueira"},"url":"https:\/\/www.estrategiaconcursos.com.br\/blog\/author\/diegocerqueiraestrategiaconcursos-com-br-2\/"}]}},"_links":{"self":[{"href":"https:\/\/www.estrategiaconcursos.com.br\/blog\/wp-json\/wp\/v2\/posts\/548879","targetHints":{"allow":["GET"]}}],"collection":[{"href":"https:\/\/www.estrategiaconcursos.com.br\/blog\/wp-json\/wp\/v2\/posts"}],"about":[{"href":"https:\/\/www.estrategiaconcursos.com.br\/blog\/wp-json\/wp\/v2\/types\/post"}],"author":[{"embeddable":true,"href":"https:\/\/www.estrategiaconcursos.com.br\/blog\/wp-json\/wp\/v2\/users\/1482"}],"replies":[{"embeddable":true,"href":"https:\/\/www.estrategiaconcursos.com.br\/blog\/wp-json\/wp\/v2\/comments?post=548879"}],"version-history":[{"count":4,"href":"https:\/\/www.estrategiaconcursos.com.br\/blog\/wp-json\/wp\/v2\/posts\/548879\/revisions"}],"predecessor-version":[{"id":1186978,"href":"https:\/\/www.estrategiaconcursos.com.br\/blog\/wp-json\/wp\/v2\/posts\/548879\/revisions\/1186978"}],"wp:attachment":[{"href":"https:\/\/www.estrategiaconcursos.com.br\/blog\/wp-json\/wp\/v2\/media?parent=548879"}],"wp:term":[{"taxonomy":"category","embeddable":true,"href":"https:\/\/www.estrategiaconcursos.com.br\/blog\/wp-json\/wp\/v2\/categories?post=548879"},{"taxonomy":"post_tag","embeddable":true,"href":"https:\/\/www.estrategiaconcursos.com.br\/blog\/wp-json\/wp\/v2\/tags?post=548879"},{"taxonomy":"tax_estado","embeddable":true,"href":"https:\/\/www.estrategiaconcursos.com.br\/blog\/wp-json\/wp\/v2\/tax_estado?post=548879"}],"curies":[{"name":"wp","href":"https:\/\/api.w.org\/{rel}","templated":true}]}}