{"id":548176,"date":"2020-07-31T15:52:00","date_gmt":"2020-07-31T18:52:00","guid":{"rendered":"https:\/\/www.estrategiaconcursos.com.br\/blog\/?p=548176"},"modified":"2023-03-06T15:38:48","modified_gmt":"2023-03-06T18:38:48","slug":"fonoaudiologia-provas-orais","status":"publish","type":"post","link":"https:\/\/www.estrategiaconcursos.com.br\/blog\/fonoaudiologia-provas-orais\/","title":{"rendered":"Fonoaudiologia aplicada \u00e0s Provas Orais &#8211; no evento de hoje!"},"content":{"rendered":"\n<p>Muitos concursos, notadamente os da \u00e1rea jur\u00eddica, possuem provas orais como parte de suas etapas, visando avaliar n\u00e3o s\u00f3 os conhecimentos como a postura, articula\u00e7\u00e3o, concatena\u00e7\u00e3o de ideias e solu\u00e7\u00f5es e conhecimento da l\u00edngua culta por parte dos candidatos. <\/p>\n\n\n\n<p>As Provas Orais tratam-se de uma etapa que avalia n\u00e3o s\u00f3 conhecimentos t\u00e9cnicos memorizados, mas que avalia, antes de tudo, a postura do concurseiro, sua maneira de agir enquanto se expressa, sua forma de lidar com estresse, press\u00e3o e presen\u00e7a de outras pessoas. <\/p>\n\n\n\n<p>Assim, antes de tudo, envolve quest\u00f5es psicol\u00f3gicas e comportamentais, que exigem preparo n\u00e3o s\u00f3 no aspecto ps\u00edquico como tamb\u00e9m fonoaudiol\u00f3gico, j\u00e1 que a forma bem articulada e persuasiva de falar muitas vezes \u00e9 at\u00e9 capaz de driblar o conhecimento total do conte\u00fado. <\/p>\n\n\n\n<p>Por outro lado, se portar de forma introspectiva, insegura, reticente, sem l\u00f3gica de racioc\u00ednio, falar de forma engasgada ou gaguejada, muito alto ou muito baixo e com erros gramaticais \u00e9 um aspecto que pode comprometer muito a performance do candidato nas provas orais, ainda que detenha grande conhecimento das disciplinas cobradas. <\/p>\n\n\n\n<p>Esses s\u00e3o fatores aos quais muitos dos concurseios n\u00e3o se atentam, acreditando que basta apenas o conhecimento do conte\u00fado para realiz\u00e1-las e deixando de lado quest\u00f5es de postura, formas de lidar com o nervoso e treinamento fonaudiol\u00f3gico. <\/p>\n\n\n\n<p>Com certeza saber o conte\u00fado \u00e9 essencial. Por\u00e9m, o nervoso pode levar ao branco na mem\u00f3ria e a forma de express\u00e1-lo pode passar uma ideia errada ao examinador. Por essa raz\u00e3o, essa etapa se mostra bastante assustadora  para a maioria dos candidatos. <\/p>\n\n\n\n<p>Pensando nisso, a equipe de professores do Estrat\u00e9gia Carreira Jur\u00eddica preparou um evento exclusivo que ajudar\u00e1 voc\u00ea a aplicar a <a href=\"https:\/\/youtu.be\/jVF42KBWUWo\" target=\"_blank\" rel=\"noreferrer noopener\">fonoaudiologia \u00e0s Provas Orais <\/a>e se tornar mais destemido e preparado para este momento.<\/p>\n\n\n\n<p>O evento ser\u00e1 transmitido ao vivo e gratuitamente, nesta<em><strong> sexta-feira, 31 de julho, a partir das 19 horas<\/strong><\/em>, diretamente do <strong>canal Estrat\u00e9gia Carreira Jur\u00eddica no Youtube.  <\/strong><\/p>\n\n\n\n<h2 class=\"has-text-align-center wp-block-heading\" id=\"cursos\"><em><strong>Cursos completos para concursos <\/strong>incluindo Provas Orais <\/em><\/h2>\n\n\n\n<p class=\"has-text-align-center has-luminous-vivid-amber-background-color has-background has-medium-font-size\"><strong><em><a href=\"https:\/\/www.estrategiaconcursos.com.br\/cursos\/concurso\/\" target=\"_blank\" rel=\"noreferrer noopener\">Cursos para concursos<\/a><\/em><\/strong> <\/p>\n\n\n\n<p class=\"has-text-align-center has-pale-cyan-blue-background-color has-background has-medium-font-size\"><strong><a href=\"https:\/\/www.estrategiaconcursos.com.br\/blog\/concursos-abertos\/\" target=\"_blank\" rel=\"noreferrer noopener\">Concursos Abertos<\/a><\/strong><\/p>\n\n\n\n<p class=\"has-text-align-center has-pale-cyan-blue-background-color has-background has-medium-font-size\"><a rel=\"noreferrer noopener\" href=\"https:\/\/www.estrategiaconcursos.com.br\/blog\/concursos-2020\/\" target=\"_blank\"><strong>Concursos 2020<\/strong><\/a><\/p>\n\n\n\n<p class=\"has-text-align-center has-pale-cyan-blue-background-color has-background\" style=\"font-size:clamp(14px, 0.875rem + ((1vw - 3.2px) * 0.49), 19px);px\"><a rel=\"noreferrer noopener\" href=\"https:\/\/www.estrategiaconcursos.com.br\/blog\/concursos-2021\/\" target=\"_blank\"><strong>CONCURSOS 2021<\/strong><\/a><\/p>\n\n\n\n<p class=\"has-text-align-center has-light-green-cyan-background-color has-background has-medium-font-size\"><strong><a rel=\"noreferrer noopener\" href=\"https:\/\/www.estrategiaconcursos.com.br\/blog\/concursos-de-direito\/\" target=\"_blank\">CONCURSOS DE DIREITO<\/a> <\/strong><\/p>\n","protected":false},"excerpt":{"rendered":"<p>Muitos concursos, notadamente os da \u00e1rea jur\u00eddica, possuem provas orais como parte de suas etapas, visando avaliar n\u00e3o s\u00f3 os conhecimentos como a postura, articula\u00e7\u00e3o, concatena\u00e7\u00e3o de ideias e solu\u00e7\u00f5es e conhecimento da l\u00edngua culta por parte dos candidatos. As Provas Orais tratam-se de uma etapa que avalia n\u00e3o s\u00f3 conhecimentos t\u00e9cnicos memorizados, mas que [&hellip;]<\/p>\n","protected":false},"author":260,"featured_media":548184,"comment_status":"open","ping_status":"closed","sticky":false,"template":"","format":"standard","meta":{"post_tipo":"article","footnotes":""},"categories":[1,2185],"tags":[],"tax_estado":[],"class_list":["post-548176","post","type-post","status-publish","format-standard","has-post-thumbnail","hentry","category-cursos-e-concursos","category-carreiras-juridicas"],"acf":[],"yoast_head":"<!-- This site is optimized with the Yoast SEO Premium plugin v27.2 (Yoast SEO v27.2) - https:\/\/yoast.com\/product\/yoast-seo-premium-wordpress\/ -->\n<title>Fonoaudiologia aplicada \u00e0s Provas Orais - no evento de hoje!<\/title>\n<meta name=\"description\" content=\"Neste evento, a professora Joyce Emidio ir\u00e1 mostrar como aplicar a fonoaudiologia nas Provas Orais dos concursos p\u00fablicos. N\u00e3o perca!\" \/>\n<meta name=\"robots\" content=\"index, follow, max-snippet:-1, max-image-preview:large, max-video-preview:-1\" \/>\n<link rel=\"canonical\" href=\"https:\/\/www.estrategiaconcursos.com.br\/blog\/fonoaudiologia-provas-orais\/\" \/>\n<meta property=\"og:locale\" content=\"pt_BR\" \/>\n<meta property=\"og:type\" content=\"article\" \/>\n<meta property=\"og:title\" content=\"Fonoaudiologia aplicada \u00e0s Provas Orais - no evento de hoje!\" \/>\n<meta property=\"og:description\" content=\"Neste evento, a professora Joyce Emidio ir\u00e1 mostrar como aplicar a fonoaudiologia nas Provas Orais dos concursos p\u00fablicos. N\u00e3o perca!\" \/>\n<meta property=\"og:url\" content=\"https:\/\/www.estrategiaconcursos.com.br\/blog\/fonoaudiologia-provas-orais\/\" \/>\n<meta property=\"og:site_name\" content=\"Estrat\u00e9gia Concursos\" \/>\n<meta property=\"article:published_time\" content=\"2020-07-31T18:52:00+00:00\" \/>\n<meta property=\"article:modified_time\" content=\"2023-03-06T18:38:48+00:00\" \/>\n<meta property=\"og:image\" content=\"https:\/\/dhg1h5j42swfq.cloudfront.net\/2020\/07\/28135844\/YTB-7.jpg\" \/>\n\t<meta property=\"og:image:width\" content=\"1280\" \/>\n\t<meta property=\"og:image:height\" content=\"720\" \/>\n\t<meta property=\"og:image:type\" content=\"image\/jpeg\" \/>\n<meta name=\"author\" content=\"Diego Cerqueira Berbert Vasconcelos\" \/>\n<meta name=\"twitter:card\" content=\"summary_large_image\" \/>\n<meta name=\"twitter:creator\" content=\"@EstratConcursos\" \/>\n<meta name=\"twitter:site\" content=\"@EstratConcursos\" \/>\n<meta name=\"twitter:label1\" content=\"Escrito por\" \/>\n\t<meta name=\"twitter:data1\" content=\"Diego Cerqueira Berbert Vasconcelos\" \/>\n\t<meta name=\"twitter:label2\" content=\"Est. tempo de leitura\" \/>\n\t<meta name=\"twitter:data2\" content=\"2 minutos\" \/>\n<script type=\"application\/ld+json\" class=\"yoast-schema-graph\">{\"@context\":\"https:\/\/schema.org\",\"@graph\":[{\"@type\":\"NewsArticle\",\"@id\":\"https:\/\/www.estrategiaconcursos.com.br\/blog\/fonoaudiologia-provas-orais\/#article\",\"isPartOf\":{\"@id\":\"https:\/\/www.estrategiaconcursos.com.br\/blog\/fonoaudiologia-provas-orais\/\"},\"author\":{\"name\":\"Diego Cerqueira Berbert Vasconcelos\",\"@id\":\"https:\/\/www.estrategiaconcursos.com.br\/blog\/#\/schema\/person\/7fbf898fd336f5ce58a961518beff68c\"},\"headline\":\"Fonoaudiologia aplicada \u00e0s Provas Orais &#8211; no evento de hoje!\",\"datePublished\":\"2020-07-31T18:52:00+00:00\",\"dateModified\":\"2023-03-06T18:38:48+00:00\",\"mainEntityOfPage\":{\"@id\":\"https:\/\/www.estrategiaconcursos.com.br\/blog\/fonoaudiologia-provas-orais\/\"},\"wordCount\":370,\"commentCount\":0,\"publisher\":{\"@id\":\"https:\/\/www.estrategiaconcursos.com.br\/blog\/#organization\"},\"image\":{\"@id\":\"https:\/\/www.estrategiaconcursos.com.br\/blog\/fonoaudiologia-provas-orais\/#primaryimage\"},\"thumbnailUrl\":\"https:\/\/dhg1h5j42swfq.cloudfront.net\/2020\/07\/28135844\/YTB-7.jpg\",\"articleSection\":[\"Concursos P\u00fablicos\",\"Jur\u00eddico\"],\"inLanguage\":\"pt-BR\",\"potentialAction\":[{\"@type\":\"CommentAction\",\"name\":\"Comment\",\"target\":[\"https:\/\/www.estrategiaconcursos.com.br\/blog\/fonoaudiologia-provas-orais\/#respond\"]}],\"copyrightYear\":\"2020\",\"copyrightHolder\":{\"@id\":\"https:\/\/www.estrategiaconcursos.com.br\/blog\/#organization\"}},{\"@type\":\"WebPage\",\"@id\":\"https:\/\/www.estrategiaconcursos.com.br\/blog\/fonoaudiologia-provas-orais\/\",\"url\":\"https:\/\/www.estrategiaconcursos.com.br\/blog\/fonoaudiologia-provas-orais\/\",\"name\":\"Fonoaudiologia aplicada \u00e0s Provas Orais - no evento de hoje!\",\"isPartOf\":{\"@id\":\"https:\/\/www.estrategiaconcursos.com.br\/blog\/#website\"},\"primaryImageOfPage\":{\"@id\":\"https:\/\/www.estrategiaconcursos.com.br\/blog\/fonoaudiologia-provas-orais\/#primaryimage\"},\"image\":{\"@id\":\"https:\/\/www.estrategiaconcursos.com.br\/blog\/fonoaudiologia-provas-orais\/#primaryimage\"},\"thumbnailUrl\":\"https:\/\/dhg1h5j42swfq.cloudfront.net\/2020\/07\/28135844\/YTB-7.jpg\",\"datePublished\":\"2020-07-31T18:52:00+00:00\",\"dateModified\":\"2023-03-06T18:38:48+00:00\",\"description\":\"Neste evento, a professora Joyce Emidio ir\u00e1 mostrar como aplicar a fonoaudiologia nas Provas Orais dos concursos p\u00fablicos. N\u00e3o perca!\",\"breadcrumb\":{\"@id\":\"https:\/\/www.estrategiaconcursos.com.br\/blog\/fonoaudiologia-provas-orais\/#breadcrumb\"},\"inLanguage\":\"pt-BR\",\"potentialAction\":[{\"@type\":\"ReadAction\",\"target\":[\"https:\/\/www.estrategiaconcursos.com.br\/blog\/fonoaudiologia-provas-orais\/\"]}]},{\"@type\":\"ImageObject\",\"inLanguage\":\"pt-BR\",\"@id\":\"https:\/\/www.estrategiaconcursos.com.br\/blog\/fonoaudiologia-provas-orais\/#primaryimage\",\"url\":\"https:\/\/dhg1h5j42swfq.cloudfront.net\/2020\/07\/28135844\/YTB-7.jpg\",\"contentUrl\":\"https:\/\/dhg1h5j42swfq.cloudfront.net\/2020\/07\/28135844\/YTB-7.jpg\",\"width\":1280,\"height\":720,\"caption\":\"Provas Orais\"},{\"@type\":\"BreadcrumbList\",\"@id\":\"https:\/\/www.estrategiaconcursos.com.br\/blog\/fonoaudiologia-provas-orais\/#breadcrumb\",\"itemListElement\":[{\"@type\":\"ListItem\",\"position\":1,\"name\":\"In\u00edcio\",\"item\":\"https:\/\/www.estrategiaconcursos.com.br\/blog\/\"},{\"@type\":\"ListItem\",\"position\":2,\"name\":\"Fonoaudiologia aplicada \u00e0s Provas Orais &#8211; no evento de hoje!\"}]},{\"@type\":\"WebSite\",\"@id\":\"https:\/\/www.estrategiaconcursos.com.br\/blog\/#website\",\"url\":\"https:\/\/www.estrategiaconcursos.com.br\/blog\/\",\"name\":\"Estrat\u00e9gia Concursos\",\"description\":\"O blog da Estrat\u00e9gia Concursos traz not\u00edcias sobre concursos e artigos de professores oferecendo cursos para concursos (pdf + videaulas) no site.\",\"publisher\":{\"@id\":\"https:\/\/www.estrategiaconcursos.com.br\/blog\/#organization\"},\"potentialAction\":[{\"@type\":\"SearchAction\",\"target\":{\"@type\":\"EntryPoint\",\"urlTemplate\":\"https:\/\/www.estrategiaconcursos.com.br\/blog\/?s={search_term_string}\"},\"query-input\":{\"@type\":\"PropertyValueSpecification\",\"valueRequired\":true,\"valueName\":\"search_term_string\"}}],\"inLanguage\":\"pt-BR\"},{\"@type\":\"Organization\",\"@id\":\"https:\/\/www.estrategiaconcursos.com.br\/blog\/#organization\",\"name\":\"Estrat\u00e9gia Concursos\",\"url\":\"https:\/\/www.estrategiaconcursos.com.br\/blog\/\",\"logo\":{\"@type\":\"ImageObject\",\"inLanguage\":\"pt-BR\",\"@id\":\"https:\/\/www.estrategiaconcursos.com.br\/blog\/#\/schema\/logo\/image\/\",\"url\":\"https:\/\/dhg1h5j42swfq.cloudfront.net\/2025\/06\/03203428\/logo_concursos-1.jpg\",\"contentUrl\":\"https:\/\/dhg1h5j42swfq.cloudfront.net\/2025\/06\/03203428\/logo_concursos-1.jpg\",\"width\":230,\"height\":60,\"caption\":\"Estrat\u00e9gia Concursos\"},\"image\":{\"@id\":\"https:\/\/www.estrategiaconcursos.com.br\/blog\/#\/schema\/logo\/image\/\"},\"sameAs\":[\"https:\/\/x.com\/EstratConcursos\"]},{\"@type\":\"Person\",\"@id\":\"https:\/\/www.estrategiaconcursos.com.br\/blog\/#\/schema\/person\/7fbf898fd336f5ce58a961518beff68c\",\"name\":\"Diego Cerqueira Berbert Vasconcelos\",\"image\":{\"@type\":\"ImageObject\",\"inLanguage\":\"pt-BR\",\"@id\":\"https:\/\/secure.gravatar.com\/avatar\/ed2d045a7390980cad1a92d24dcc39d10ef55b88fcb9fb9c047979bf4ddeb1ce?s=96&d=mm&r=g\",\"url\":\"https:\/\/secure.gravatar.com\/avatar\/ed2d045a7390980cad1a92d24dcc39d10ef55b88fcb9fb9c047979bf4ddeb1ce?s=96&d=mm&r=g\",\"contentUrl\":\"https:\/\/secure.gravatar.com\/avatar\/ed2d045a7390980cad1a92d24dcc39d10ef55b88fcb9fb9c047979bf4ddeb1ce?s=96&d=mm&r=g\",\"caption\":\"Diego Cerqueira Berbert Vasconcelos\"},\"url\":\"https:\/\/www.estrategiaconcursos.com.br\/blog\/author\/diegocerqueiraestrategiaconcursos-com-br\/\"}]}<\/script>\n<!-- \/ Yoast SEO Premium plugin. -->","yoast_head_json":{"title":"Fonoaudiologia aplicada \u00e0s Provas Orais - no evento de hoje!","description":"Neste evento, a professora Joyce Emidio ir\u00e1 mostrar como aplicar a fonoaudiologia nas Provas Orais dos concursos p\u00fablicos. N\u00e3o perca!","robots":{"index":"index","follow":"follow","max-snippet":"max-snippet:-1","max-image-preview":"max-image-preview:large","max-video-preview":"max-video-preview:-1"},"canonical":"https:\/\/www.estrategiaconcursos.com.br\/blog\/fonoaudiologia-provas-orais\/","og_locale":"pt_BR","og_type":"article","og_title":"Fonoaudiologia aplicada \u00e0s Provas Orais - no evento de hoje!","og_description":"Neste evento, a professora Joyce Emidio ir\u00e1 mostrar como aplicar a fonoaudiologia nas Provas Orais dos concursos p\u00fablicos. N\u00e3o perca!","og_url":"https:\/\/www.estrategiaconcursos.com.br\/blog\/fonoaudiologia-provas-orais\/","og_site_name":"Estrat\u00e9gia Concursos","article_published_time":"2020-07-31T18:52:00+00:00","article_modified_time":"2023-03-06T18:38:48+00:00","og_image":[{"width":1280,"height":720,"url":"https:\/\/dhg1h5j42swfq.cloudfront.net\/2020\/07\/28135844\/YTB-7.jpg","type":"image\/jpeg"}],"author":"Diego Cerqueira Berbert Vasconcelos","twitter_card":"summary_large_image","twitter_creator":"@EstratConcursos","twitter_site":"@EstratConcursos","twitter_misc":{"Escrito por":"Diego Cerqueira Berbert Vasconcelos","Est. tempo de leitura":"2 minutos"},"schema":{"@context":"https:\/\/schema.org","@graph":[{"@type":"NewsArticle","@id":"https:\/\/www.estrategiaconcursos.com.br\/blog\/fonoaudiologia-provas-orais\/#article","isPartOf":{"@id":"https:\/\/www.estrategiaconcursos.com.br\/blog\/fonoaudiologia-provas-orais\/"},"author":{"name":"Diego Cerqueira Berbert Vasconcelos","@id":"https:\/\/www.estrategiaconcursos.com.br\/blog\/#\/schema\/person\/7fbf898fd336f5ce58a961518beff68c"},"headline":"Fonoaudiologia aplicada \u00e0s Provas Orais &#8211; no evento de hoje!","datePublished":"2020-07-31T18:52:00+00:00","dateModified":"2023-03-06T18:38:48+00:00","mainEntityOfPage":{"@id":"https:\/\/www.estrategiaconcursos.com.br\/blog\/fonoaudiologia-provas-orais\/"},"wordCount":370,"commentCount":0,"publisher":{"@id":"https:\/\/www.estrategiaconcursos.com.br\/blog\/#organization"},"image":{"@id":"https:\/\/www.estrategiaconcursos.com.br\/blog\/fonoaudiologia-provas-orais\/#primaryimage"},"thumbnailUrl":"https:\/\/dhg1h5j42swfq.cloudfront.net\/2020\/07\/28135844\/YTB-7.jpg","articleSection":["Concursos P\u00fablicos","Jur\u00eddico"],"inLanguage":"pt-BR","potentialAction":[{"@type":"CommentAction","name":"Comment","target":["https:\/\/www.estrategiaconcursos.com.br\/blog\/fonoaudiologia-provas-orais\/#respond"]}],"copyrightYear":"2020","copyrightHolder":{"@id":"https:\/\/www.estrategiaconcursos.com.br\/blog\/#organization"}},{"@type":"WebPage","@id":"https:\/\/www.estrategiaconcursos.com.br\/blog\/fonoaudiologia-provas-orais\/","url":"https:\/\/www.estrategiaconcursos.com.br\/blog\/fonoaudiologia-provas-orais\/","name":"Fonoaudiologia aplicada \u00e0s Provas Orais - no evento de hoje!","isPartOf":{"@id":"https:\/\/www.estrategiaconcursos.com.br\/blog\/#website"},"primaryImageOfPage":{"@id":"https:\/\/www.estrategiaconcursos.com.br\/blog\/fonoaudiologia-provas-orais\/#primaryimage"},"image":{"@id":"https:\/\/www.estrategiaconcursos.com.br\/blog\/fonoaudiologia-provas-orais\/#primaryimage"},"thumbnailUrl":"https:\/\/dhg1h5j42swfq.cloudfront.net\/2020\/07\/28135844\/YTB-7.jpg","datePublished":"2020-07-31T18:52:00+00:00","dateModified":"2023-03-06T18:38:48+00:00","description":"Neste evento, a professora Joyce Emidio ir\u00e1 mostrar como aplicar a fonoaudiologia nas Provas Orais dos concursos p\u00fablicos. N\u00e3o perca!","breadcrumb":{"@id":"https:\/\/www.estrategiaconcursos.com.br\/blog\/fonoaudiologia-provas-orais\/#breadcrumb"},"inLanguage":"pt-BR","potentialAction":[{"@type":"ReadAction","target":["https:\/\/www.estrategiaconcursos.com.br\/blog\/fonoaudiologia-provas-orais\/"]}]},{"@type":"ImageObject","inLanguage":"pt-BR","@id":"https:\/\/www.estrategiaconcursos.com.br\/blog\/fonoaudiologia-provas-orais\/#primaryimage","url":"https:\/\/dhg1h5j42swfq.cloudfront.net\/2020\/07\/28135844\/YTB-7.jpg","contentUrl":"https:\/\/dhg1h5j42swfq.cloudfront.net\/2020\/07\/28135844\/YTB-7.jpg","width":1280,"height":720,"caption":"Provas Orais"},{"@type":"BreadcrumbList","@id":"https:\/\/www.estrategiaconcursos.com.br\/blog\/fonoaudiologia-provas-orais\/#breadcrumb","itemListElement":[{"@type":"ListItem","position":1,"name":"In\u00edcio","item":"https:\/\/www.estrategiaconcursos.com.br\/blog\/"},{"@type":"ListItem","position":2,"name":"Fonoaudiologia aplicada \u00e0s Provas Orais &#8211; no evento de hoje!"}]},{"@type":"WebSite","@id":"https:\/\/www.estrategiaconcursos.com.br\/blog\/#website","url":"https:\/\/www.estrategiaconcursos.com.br\/blog\/","name":"Estrat\u00e9gia Concursos","description":"O blog da Estrat\u00e9gia Concursos traz not\u00edcias sobre concursos e artigos de professores oferecendo cursos para concursos (pdf + videaulas) no site.","publisher":{"@id":"https:\/\/www.estrategiaconcursos.com.br\/blog\/#organization"},"potentialAction":[{"@type":"SearchAction","target":{"@type":"EntryPoint","urlTemplate":"https:\/\/www.estrategiaconcursos.com.br\/blog\/?s={search_term_string}"},"query-input":{"@type":"PropertyValueSpecification","valueRequired":true,"valueName":"search_term_string"}}],"inLanguage":"pt-BR"},{"@type":"Organization","@id":"https:\/\/www.estrategiaconcursos.com.br\/blog\/#organization","name":"Estrat\u00e9gia Concursos","url":"https:\/\/www.estrategiaconcursos.com.br\/blog\/","logo":{"@type":"ImageObject","inLanguage":"pt-BR","@id":"https:\/\/www.estrategiaconcursos.com.br\/blog\/#\/schema\/logo\/image\/","url":"https:\/\/dhg1h5j42swfq.cloudfront.net\/2025\/06\/03203428\/logo_concursos-1.jpg","contentUrl":"https:\/\/dhg1h5j42swfq.cloudfront.net\/2025\/06\/03203428\/logo_concursos-1.jpg","width":230,"height":60,"caption":"Estrat\u00e9gia Concursos"},"image":{"@id":"https:\/\/www.estrategiaconcursos.com.br\/blog\/#\/schema\/logo\/image\/"},"sameAs":["https:\/\/x.com\/EstratConcursos"]},{"@type":"Person","@id":"https:\/\/www.estrategiaconcursos.com.br\/blog\/#\/schema\/person\/7fbf898fd336f5ce58a961518beff68c","name":"Diego Cerqueira Berbert Vasconcelos","image":{"@type":"ImageObject","inLanguage":"pt-BR","@id":"https:\/\/secure.gravatar.com\/avatar\/ed2d045a7390980cad1a92d24dcc39d10ef55b88fcb9fb9c047979bf4ddeb1ce?s=96&d=mm&r=g","url":"https:\/\/secure.gravatar.com\/avatar\/ed2d045a7390980cad1a92d24dcc39d10ef55b88fcb9fb9c047979bf4ddeb1ce?s=96&d=mm&r=g","contentUrl":"https:\/\/secure.gravatar.com\/avatar\/ed2d045a7390980cad1a92d24dcc39d10ef55b88fcb9fb9c047979bf4ddeb1ce?s=96&d=mm&r=g","caption":"Diego Cerqueira Berbert Vasconcelos"},"url":"https:\/\/www.estrategiaconcursos.com.br\/blog\/author\/diegocerqueiraestrategiaconcursos-com-br\/"}]}},"_links":{"self":[{"href":"https:\/\/www.estrategiaconcursos.com.br\/blog\/wp-json\/wp\/v2\/posts\/548176","targetHints":{"allow":["GET"]}}],"collection":[{"href":"https:\/\/www.estrategiaconcursos.com.br\/blog\/wp-json\/wp\/v2\/posts"}],"about":[{"href":"https:\/\/www.estrategiaconcursos.com.br\/blog\/wp-json\/wp\/v2\/types\/post"}],"author":[{"embeddable":true,"href":"https:\/\/www.estrategiaconcursos.com.br\/blog\/wp-json\/wp\/v2\/users\/260"}],"replies":[{"embeddable":true,"href":"https:\/\/www.estrategiaconcursos.com.br\/blog\/wp-json\/wp\/v2\/comments?post=548176"}],"version-history":[{"count":8,"href":"https:\/\/www.estrategiaconcursos.com.br\/blog\/wp-json\/wp\/v2\/posts\/548176\/revisions"}],"predecessor-version":[{"id":1182294,"href":"https:\/\/www.estrategiaconcursos.com.br\/blog\/wp-json\/wp\/v2\/posts\/548176\/revisions\/1182294"}],"wp:featuredmedia":[{"embeddable":true,"href":"https:\/\/www.estrategiaconcursos.com.br\/blog\/wp-json\/wp\/v2\/media\/548184"}],"wp:attachment":[{"href":"https:\/\/www.estrategiaconcursos.com.br\/blog\/wp-json\/wp\/v2\/media?parent=548176"}],"wp:term":[{"taxonomy":"category","embeddable":true,"href":"https:\/\/www.estrategiaconcursos.com.br\/blog\/wp-json\/wp\/v2\/categories?post=548176"},{"taxonomy":"post_tag","embeddable":true,"href":"https:\/\/www.estrategiaconcursos.com.br\/blog\/wp-json\/wp\/v2\/tags?post=548176"},{"taxonomy":"tax_estado","embeddable":true,"href":"https:\/\/www.estrategiaconcursos.com.br\/blog\/wp-json\/wp\/v2\/tax_estado?post=548176"}],"curies":[{"name":"wp","href":"https:\/\/api.w.org\/{rel}","templated":true}]}}