{"id":54807,"date":"2016-02-04T08:35:28","date_gmt":"2016-02-04T11:35:28","guid":{"rendered":"https:\/\/www.estrategiaconcursos.com.br\/blog\/?p=54807"},"modified":"2023-01-03T17:29:13","modified_gmt":"2023-01-03T20:29:13","slug":"concurso-defensoria-pr","status":"publish","type":"post","link":"https:\/\/www.estrategiaconcursos.com.br\/blog\/concurso-defensoria-pr\/","title":{"rendered":"Concurso Defensoria PR &#8211; An\u00e1lise Completa do Edital"},"content":{"rendered":"<h2 style=\"text-align: left;\"><strong>Artigo atualizado em 03.02.2017 &#8211; Edital lan\u00e7ado! Rumo \u00e0 aprova\u00e7\u00e3o na Defensoria PR! <\/strong><\/h2>\n<h2 style=\"text-align: left;\"><\/h2>\n<p style=\"text-align: left;\"><em><strong>Concurso Defensoria PR\u00a0&#8211; An\u00e1lise Completa do Edital<\/strong><\/em><\/p>\n<p style=\"text-align: justify;\">Ol\u00e1 pessoal, tudo bem? \u00a0Meu nome \u00e9 <a href=\"https:\/\/www.facebook.com\/igor.maciel.1420\" target=\"_blank\" rel=\"noopener\">Igor Maciel<\/a> e sou professor aqui do Estrat\u00e9gia Carreiras Jur\u00eddicas. Hoje queria falar com voc\u00eas um pouco sobre o Concurso da Defensoria P\u00fablica do Estado do Paran\u00e1 (Concurso Defensoria PR). Ao final deste artigo, assista ao v\u00eddeo de an\u00e1lise do edital DPE PR.<\/p>\n<h2 style=\"text-align: justify;\"><\/h2>\n<h2 style=\"text-align: justify;\"><strong>Edital lan\u00e7ado! Excelentes mudan\u00e7as! Mais que o dobro de vagas inicialmente previsto! <\/strong> <strong>Rumo \u00e0 aprova\u00e7\u00e3o na Defensoria PR! <\/strong><\/h2>\n<p style=\"text-align: justify;\">Ol\u00e1 meus amigos, tudo bem?<\/p>\n<p style=\"text-align: justify;\">O edital da Defensoria PR finalmente foi lan\u00e7ado! Conforme j\u00e1 anunciamos anteriormente, a quantidade de vagas prevista foi superior aos 06 (seis) cargos vagos divulgados pela Defensoria PR. Sim, o edital previu 13 (treze) vagas, sendo duas para PNE e uma para Afrodescentendes.<\/p>\n<p style=\"text-align: justify;\">Contudo, insistimos na tese que muito mais ser\u00e3o convocados ao longo do prazo de validade do concurso (um ano prorrog\u00e1vel por mais um ano).<\/p>\n<p style=\"text-align: justify;\">Quanto \u00e0s provas, tudo dentro do anteriormente planejado. Fases objetiva, subjetiva, oral e t\u00edtulos, nos moldes do disciplinado abaixo.<\/p>\n<p style=\"text-align: justify;\">Destacamos apenas o cronograma do concurso: inscri\u00e7\u00f5es a partir do dia 06.02.2017 (segunda-feira) e <strong>homologa\u00e7\u00e3o do resultado <\/strong>em <strong>SETEMBRO! <\/strong><\/p>\n<p style=\"text-align: justify;\">\n<h2>Mas professor, o que isso significa?<\/h2>\n<p>ESTUDEM!<\/p>\n<p>\u00c9 hora de engolir os livros.<\/p>\n<p>O concurso da Defensoria PR se aproxima.<\/p>\n<p>A fase objetiva foi marcada para o dia 09.04.2017. As mat\u00e9rias s\u00e3o muitas e o tempo bastante curto.<\/p>\n<h2>E como estudar?<\/h2>\n<p>Primeiramente, n\u00e3o entremos em desespero.<\/p>\n<p style=\"text-align: justify;\">Em segundo lugar, lan\u00e7amos um curso completo que j\u00e1 est\u00e1 com toda a programa\u00e7\u00e3o, cronograma de aulas e disponibiliza\u00e7\u00e3o de material desde o final do ano passado. Neste curso, abrangemos todas as disciplinas al\u00e9m de acrescentarmos aulas extras com o lan\u00e7amento do edital da defensoria pr. Confira o link.<\/p>\n<p>Quanto \u00e0s etapas do concurso, o cronograma assim foi definido:<\/p>\n<p><img loading=\"lazy\" decoding=\"async\" class=\"size-full wp-image-63629\" src=\"https:\/\/dhg1h5j42swfq.cloudfront.net\/2016\/12\/03185642\/Cronograma-Defensoria-PR.jpg\" alt=\"\" width=\"747\" height=\"674\" srcset=\"https:\/\/dhg1h5j42swfq.cloudfront.net\/2016\/12\/03185642\/Cronograma-Defensoria-PR.jpg 747w, https:\/\/dhg1h5j42swfq.cloudfront.net\/2016\/12\/03185642\/Cronograma-Defensoria-PR.jpg 300w, https:\/\/dhg1h5j42swfq.cloudfront.net\/2016\/12\/03185642\/Cronograma-Defensoria-PR.jpg 332w\" sizes=\"auto, (max-width: 747px) 100vw, 747px\" \/><\/p>\n<h2><\/h2>\n<h2><strong>Em resumo, o que esperar da Defensoria PR?<\/strong><\/h2>\n<p>Amigos, em resumo, vamos aos estudos. A reta \u00e9 longa mas conseguiremos bons resultados com dedida\u00e7\u00e3o, garra e coragem!<\/p>\n<p>Deixo tamb\u00e9m o link para o <a href=\"http:\/\/www.concursosfcc.com.br\/concursos\/dpepr116\/edital_001-2017_de_abertura_de_inscricoes_e_instrucoes_especiais_-_iii_concurso_para_membros_final.pdf\">edital do concurso da Defensoria PR<\/a>.<\/p>\n<p>Abaixo todas as considera\u00e7\u00f5es que j\u00e1 hav\u00edamos feito sobre o concurso e que permanecem intactas.<\/p>\n<p style=\"text-align: justify;\">Lembro aos senhores que ministrarei para o concurso &#8220;Defensoria PR&#8221; a disciplina de Direitos Difusos e Coletivos, que voc\u00eas podem acessar clicando aqui.<\/p>\n<p style=\"text-align: justify;\">Para acesso a outros cursos que ministro, voc\u00eas podem <a href=\"https:\/\/www.estrategiaconcursos.com.br\/curso\/direitos-difusos-e-coletivos-p-dpe-pr-defensor-publico\/?pr=3494\" target=\"_blank\" rel=\"noopener\">clicar <\/a>a<a href=\"https:\/\/www.estrategiaconcursos.com.br\/curso\/direitos-difusos-e-coletivos-p-dpe-pr-defensor-publico\/?pr=3494\" target=\"_blank\" rel=\"noopener\">qui<\/a>.<\/p>\n<p style=\"text-align: justify;\">Grande abra\u00e7o a todos,<\/p>\n<p style=\"text-align: center;\">Igor Maciel<\/p>\n<p style=\"text-align: center;\">Email: contato@imaciel.com.br<\/p>\n<p><a href=\"https:\/\/www.youtube.com\/channel\/UC8j0Uou4WqygSNVXJhWHLvQ\" target=\"_blank\" rel=\"noopener\"><img loading=\"lazy\" decoding=\"async\" class=\"wp-image-44754 aligncenter\" src=\"https:\/\/dhg1h5j42swfq.cloudfront.net\/2016\/07\/28224414\/facebook_120x120px.png\" alt=\"Defensoria PR\" width=\"21\" height=\"21\" \/><img loading=\"lazy\" decoding=\"async\" class=\"wp-image-33905 aligncenter\" src=\"https:\/\/dhg1h5j42swfq.cloudfront.net\/2015\/08\/30010655\/youtube.png\" alt=\"Defensoria PR\" width=\"26\" height=\"20\" \/><\/a><\/p>\n<h2><strong>Informa\u00e7\u00f5es iniciais &#8211; Concurso Defensoria PR<\/strong><\/h2>\n<p style=\"text-align: justify;\">Em 08 de junho de 2016, a Defensoria P\u00fablica do Estado do Paran\u00e1 (concurso Defensoria PR) <a href=\"http:\/\/www.defensoriapublica.pr.def.br\/arquivos\/File\/Institucional\/Conselho_Superior\/Deliberacoes_2014\/05_2014_consolidada.pdf\" target=\"_blank\" rel=\"noopener\">publicou <\/a>o regulamento do seu pr\u00f3ximo concurso para Defensor P\u00fablico no Di\u00e1rio Oficial do Estado.<\/p>\n<p style=\"text-align: justify;\"><span style=\"font-weight: 300;\">Al\u00e9m disso, fora <a href=\"http:\/\/www.defensoriapublica.pr.def.br\/arquivos\/File\/Transparencia\/Resolucoes_e_Portarias\/2016\/RESOLUCAO_N_156_2016.pdf\" target=\"_blank\" rel=\"noopener\">publicada<\/a>\u00a0tamb\u00e9m a autoriza\u00e7\u00e3o para realiza\u00e7\u00e3o do concurso em 15 de junho deste ano\u00a0<\/span>e a <a href=\"http:\/\/www.defensoriapublica.pr.def.br\/arquivos\/File\/Concursos\/III_Defensor_Publico\/EX_2016_09_22.pdf\" target=\"_blank\" rel=\"noopener\">forma\u00e7\u00e3o da comiss\u00e3o examinadora<\/a> em 22 de setembro.<\/p>\n<p style=\"text-align: justify;\"><span style=\"color: #0000ff;\">\u00a0<strong>E o Edital Defensoria PR, quando ser\u00e1 lan\u00e7ado?<\/strong><\/span><\/p>\n<p style=\"text-align: justify;\">Amigos, esta informa\u00e7\u00e3o n\u00e3o temos com absoluta precis\u00e3o.<\/p>\n<p style=\"text-align: justify;\">Contudo, com o concurso autorizado e a comiss\u00e3o organizadora constitu\u00edda, acreditamos que o edital dever\u00e1 ser publicado nos pr\u00f3ximos dias, no mais tardar, at\u00e9 o fim do ano.<\/p>\n<p style=\"text-align: justify;\">Isto porque no<a href=\"http:\/\/www.defensoriapublica.pr.def.br\/modules\/conteudo\/conteudo.php?conteudo=114\" target=\"_blank\" rel=\"noopener\"> \u00faltimo concurso, realizado em 2014<\/a>, entre a constitui\u00e7\u00e3o da banca examinadora e o lan\u00e7amento do Edital, passaram-se cerca de 40 (quarenta) dias.<\/p>\n<p style=\"text-align: justify;\">Apenas para compararmos, a banca do pr\u00f3ximo concurso fora constitu\u00edda h\u00e1 pouco mais de 40 (quarenta) dias.<\/p>\n<p style=\"text-align: justify;\">\u00a0<span style=\"color: #0000ff;\"><strong>Quantas vagas ter\u00e1 o concurso?<\/strong><\/span><\/p>\n<p style=\"text-align: justify;\">Segundo o regulamento, o edital defensoria PR\u00a0ter\u00e1 06 (seis) vagas mais cadastro de reserva.<\/p>\n<p style=\"text-align: justify;\">Mas aten\u00e7\u00e3o!<\/p>\n<p style=\"text-align: justify;\">O concurso realizado em 2014 tinha a previs\u00e3o de 129 (cento e vinte e nove vagas). <a href=\"http:\/\/www.defensoriapublica.pr.def.br\/arquivos\/File\/Concursos\/Defensor_Publico_-_II_Concurso\/Resultado_final.pdf\" target=\"_blank\" rel=\"noopener\">Contudo, apenas foram aprovados 58<\/a><b>.<\/b><\/p>\n<p style=\"text-align: justify;\">Detalhe: Alguns renunciaram e outros pediram final de fila, sendo certo que todos est\u00e3o bem classificados em outros concursos que provavelmente tenham mais interesse.<\/p>\n<p style=\"text-align: justify;\"><span style=\"color: #0000ff;\">\u00a0<strong>Mas professor, o que isso significa?<\/strong><\/span><\/p>\n<p style=\"text-align: justify;\">VAGAS, VAGAS e MAIS VAGAS.<\/p>\n<p style=\"text-align: justify;\">Meus amigos, penso que neste concurso, voc\u00eas concorrer\u00e3o apenas consigo.<\/p>\n<p style=\"text-align: justify;\">Vamos livrar o corte e chegar na lista final.<\/p>\n<p style=\"text-align: justify;\">A rotatividade da carreira e as vagas n\u00e3o preenchidas e n\u00e3o previstas no Edital se encarregam do resto.<\/p>\n<p style=\"text-align: justify;\">\u00a0<span style=\"color: #0000ff;\"><strong>E professor, quando devo come\u00e7ar a estudar para a Defensoria PR?<\/strong><\/span><\/p>\n<p style=\"text-align: justify;\">IMEDIATAMENTE!<\/p>\n<p style=\"text-align: justify;\">O Estrat\u00e9gia Concursos lan\u00e7ou <a href=\"https:\/\/www.estrategiaconcursos.com.br\/cursosPorConcurso\/dpe-pr\/\" target=\"_blank\" rel=\"noopener\">curso espec\u00edfico para a DPE\/PR<\/a> onde procuramos destrinchar todo o conte\u00fado das mat\u00e9rias elencadas no Regulamento do Concurso.<\/p>\n<p style=\"text-align: justify;\">Como os senhores poder\u00e3o observar, o assunto \u00e9 bastante extenso!<\/p>\n<p style=\"text-align: justify;\">N\u00e3o podemos esperar o edital ser publicado para iniciarmos os estudos.\u00a0<span style=\"font-weight: 300;\">A hora \u00e9 agora!<\/span><\/p>\n<p style=\"text-align: justify;\">Analisemos, portanto, o prov\u00e1vel Edital, baseado no j\u00e1 publicado Regulamento.<\/p>\n<p style=\"text-align: justify;\">\u00a0<span style=\"color: #0000ff;\"><strong>Como ser\u00e3o as provas? Quantas fases deve ter o concurso da Defensoria PR?<\/strong><\/span><\/p>\n<p style=\"text-align: justify;\">O concurso contar\u00e1 com 04 fases: objetiva, subjetiva, oral e t\u00edtulos.<\/p>\n<p style=\"text-align: justify;\">Apenas a fase de t\u00edtulos n\u00e3o \u00e9 eliminat\u00f3ria, mas t\u00e3o somente\u00a0classificat\u00f3ria.<\/p>\n<p style=\"text-align: justify;\">\u00a0As demais, todas, ser\u00e3o eliminat\u00f3rias e classificat\u00f3rias.<\/p>\n<p style=\"text-align: justify;\"><span style=\"color: #0000ff;\">\u00a0<strong>Que assuntos ser\u00e3o cobrados na Defensoria PR?<\/strong><\/span><\/p>\n<p style=\"text-align: justify;\">\u00a0As mat\u00e9rias do concurso ser\u00e3o dividias em quatro grupos:<\/p>\n<p style=\"text-align: justify;\"><em><strong>Grupo A, composto pelas mat\u00e9rias de Direito Constitucional, Direito da Crian\u00e7a e do Adolescente e Direitos Humanos;<\/strong><\/em><\/p>\n<p style=\"text-align: justify;\"><em><strong>Grupo B, composto pelas mat\u00e9rias de Direito Penal e Criminologia, Direito Processual Penal e Execu\u00e7\u00e3o Penal;<\/strong><\/em><\/p>\n<p style=\"text-align: justify;\"><em><strong>Grupo C, composto pelas mat\u00e9rias de Direito Civil, Direito Processual Civil e de Direitos Difusos e Coletivos e Direito do Consumidor;<\/strong><\/em><\/p>\n<p style=\"text-align: justify;\"><em><strong>Grupo D, composto pelas mat\u00e9rias de Direito Administrativo, Princ\u00edpios e Atribui\u00e7\u00f5es Institucionais da Defensoria P\u00fablica do Estado do Paran\u00e1, Filosofia do Direito e Sociologia Jur\u00eddica;<\/strong><\/em><\/p>\n<h3 style=\"text-align: justify;\"><\/h3>\n<h2 style=\"text-align: justify;\"><strong>PRIMEIRA FASE &#8211; OBJETIVA<\/strong><\/h2>\n<p style=\"text-align: justify;\">A primeira fase ser\u00e1 composta por 100 (cem) quest\u00f5es de m\u00faltipla escolha, sendo divididas da seguinte forma:<\/p>\n<p style=\"text-align: justify;\"><strong><em>GRUPO A \u2013 28 quest\u00f5es;<\/em><\/strong><\/p>\n<p style=\"text-align: justify;\"><strong><em>GRUPO B \u2013 28 quest\u00f5es;<\/em><\/strong><\/p>\n<p style=\"text-align: justify;\"><strong><em>GRUPO C \u2013 28 quest\u00f5es;<\/em><\/strong><\/p>\n<p style=\"text-align: justify;\"><strong><em>GRUPO D \u2013 16 quest\u00f5es;<\/em><\/strong><\/p>\n<p style=\"text-align: justify;\">Ser\u00e3o considerados habilitados na Primeira Fase os candidatos que cumprirem os seguintes requisitos:<\/p>\n<ul>\n<li style=\"text-align: justify;\">Acertarem o m\u00ednimo de 25% (vinte e cinco por cento) em cada um dos Grupos de Mat\u00e9rias, equivalente a 07 quest\u00f5es nos Grupos A, B e C e a 04 quest\u00f5es do Grupo D;<\/li>\n<\/ul>\n<ul>\n<li style=\"text-align: justify;\">Al\u00e9m disso, cumulativamente, dever\u00e1 o candidato acertar o m\u00ednimo de 60% (sessenta por cento) do total da prova objetiva (somando as quest\u00f5es de todas os grupos), correspondendo, portanto, a 60 quest\u00f5es do total;<\/li>\n<\/ul>\n<ul>\n<li style=\"text-align: justify;\">Al\u00e9m disso, apenas os 500 (quinhentos) primeiros candidatos ser\u00e3o aprovados para a segunda fase, considerando-se todos os candidatos empatados nessa posi\u00e7\u00e3o.<\/li>\n<\/ul>\n<h3 style=\"text-align: justify;\"><\/h3>\n<h2 style=\"text-align: justify;\"><strong>SEGUNDA FASE &#8211; DISCURSIVAS + PE\u00c7AS<\/strong><\/h2>\n<p style=\"text-align: justify;\">J\u00e1 a segunda fase ser\u00e1 composta de pe\u00e7as judiciais e quest\u00f5es dissertativas, divididas da seguinte forma:<\/p>\n<ul>\n<li style=\"text-align: justify;\">Uma pe\u00e7a judicial envolvendo Direito Processual Penal;<\/li>\n<\/ul>\n<ul>\n<li style=\"text-align: justify;\">Uma pe\u00e7a judicial envolvendo Direito Processual Civil;<\/li>\n<\/ul>\n<p style=\"text-align: justify;\">Cada uma das pe\u00e7as poder\u00e1 ser resolvida em at\u00e9 120 (cento e vinte) linhas.<\/p>\n<ul>\n<li style=\"text-align: justify;\">Quatro quest\u00f5es dissertativas que poder\u00e3o ser resolvidas em at\u00e9 25 linhas cada. Cada quest\u00e3o ser\u00e1 relativa a um grupo de assuntos (A, B, C e D) acima explicados.<\/li>\n<\/ul>\n<p style=\"text-align: justify;\">Ser\u00e3o considerados habilitados na Segunda Fase os candidatos que cumprirem os seguintes requisitos:<\/p>\n<ul>\n<li style=\"text-align: justify;\">Acertarem o m\u00ednimo de 25% (vinte e cinco por cento) da nota m\u00e1xima de cada pe\u00e7a judicial;<\/li>\n<\/ul>\n<ul>\n<li style=\"text-align: justify;\">Al\u00e9m disso, cumulativamente, dever\u00e1 o candidato acertar o m\u00ednimo de 25% (vinte e cinco por cento) da nota m\u00e1xima atribu\u00edda ao conjunto de quest\u00f5es dissertativas;<\/li>\n<\/ul>\n<ul>\n<li style=\"text-align: justify;\">Al\u00e9m disso, cumulativamente, o candidato dever\u00e1 acertar pelo menos 50% (cinquenta por cento) da nota total da prova dissertativa (quest\u00f5es + pe\u00e7as);<\/li>\n<\/ul>\n<ul>\n<li style=\"text-align: justify;\">Por fim, apenas os 150 (cento e cinquenta) primeiros candidatos ser\u00e3o aprovados para a segunda fase, considerando-se todos os candidatos empatados nessa posi\u00e7\u00e3o.<\/li>\n<\/ul>\n<h3 style=\"text-align: justify;\"><\/h3>\n<h2 style=\"text-align: justify;\"><strong>TERCEIRA FASE &#8211; ORAL<\/strong><\/h2>\n<p style=\"text-align: justify;\"><span style=\"font-weight: 300;\">A terceira fase consistir\u00e1 de Prova Oral que poder\u00e1 cobrar qualquer tema do programa de mat\u00e9rias previstas no conte\u00fado program\u00e1tico do Edital.<\/span><\/p>\n<ul>\n<li style=\"text-align: justify;\">Ser\u00e1 considerado aprovado na prova oral o candidato que obtiver 25% (vinte e cinco por cento) da nota m\u00e1xima de cada Grupo de Mat\u00e9rias;<\/li>\n<\/ul>\n<ul>\n<li style=\"text-align: justify;\">E, cumulativamente, 60% (sessenta por cento) da nota m\u00e1xima da prova oral.<\/li>\n<\/ul>\n<p style=\"text-align: justify;\"><strong>N\u00e3o existe previs\u00e3o no regulamento para limite de candidatos que ser\u00e3o aprovados na Prova Oral.<\/strong><\/p>\n<h2 style=\"text-align: justify;\"><strong>QUARTA\u00a0FASE &#8211; T\u00cdTULOS<\/strong><\/h2>\n<p style=\"text-align: justify;\"><span style=\"font-weight: 300;\">Apenas classificat\u00f3rio, n\u00e3o mais eliminat\u00f3rio.<\/span><\/p>\n<h2 style=\"text-align: justify;\"><strong>Conclus\u00e3o<\/strong><\/h2>\n<p style=\"text-align: justify;\">Em resumo, meus amigos,\u00a0aos estudos!<\/p>\n<p style=\"text-align: justify;\">Estamos pr\u00f3ximos da prova e o concurso, ao que parece ir\u00e1 convocar boa parte dos que chegarem ao fim, mesmo que al\u00e9m das 06 (seis) vagas previstas no Edital.<\/p>\n<p style=\"text-align: justify;\">Lembro aos senhores que ministrarei para o concurso &#8220;Defensoria PR&#8221; a disciplina de Direitos Difusos e Coletivos, que voc\u00eas podem acessar clicando aqui.<\/p>\n<p style=\"text-align: justify;\">Para acesso a outros cursos que ministro, voc\u00eas podem <a href=\"https:\/\/www.estrategiaconcursos.com.br\/curso\/direitos-difusos-e-coletivos-p-dpe-pr-defensor-publico\/?pr=3494\" target=\"_blank\" rel=\"noopener\">clicar aqui<\/a>.<\/p>\n<p style=\"text-align: justify;\">Grande abra\u00e7o a todos,<\/p>\n<p style=\"text-align: center;\"><a href=\"https:\/\/www.facebook.com\/igor.maciel.1420\" target=\"_blank\" rel=\"noopener\">Igor Maciel<\/a><\/p>\n<p style=\"text-align: center;\">Email: contato@imaciel.com.br<\/p>\n<p><a href=\"https:\/\/www.youtube.com\/channel\/UC8j0Uou4WqygSNVXJhWHLvQ\" target=\"_blank\" rel=\"noopener\"><img loading=\"lazy\" decoding=\"async\" class=\"wp-image-44754 aligncenter\" src=\"https:\/\/dhg1h5j42swfq.cloudfront.net\/2016\/07\/28224414\/facebook_120x120px.png\" alt=\"Defensoria PR\" width=\"21\" height=\"21\" \/><img loading=\"lazy\" decoding=\"async\" class=\"wp-image-33905 aligncenter\" src=\"https:\/\/dhg1h5j42swfq.cloudfront.net\/2015\/08\/30010655\/youtube.png\" alt=\"Defensoria PR\" width=\"26\" height=\"20\" \/><\/a><\/p>\n","protected":false},"excerpt":{"rendered":"<p>Artigo atualizado em 03.02.2017 &#8211; Edital lan\u00e7ado! Rumo \u00e0 aprova\u00e7\u00e3o na Defensoria PR! Concurso Defensoria PR\u00a0&#8211; An\u00e1lise Completa do Edital Ol\u00e1 pessoal, tudo bem? \u00a0Meu nome \u00e9 Igor Maciel e sou professor aqui do Estrat\u00e9gia Carreiras Jur\u00eddicas. Hoje queria falar com voc\u00eas um pouco sobre o Concurso da Defensoria P\u00fablica do Estado do Paran\u00e1 (Concurso [&hellip;]<\/p>\n","protected":false},"author":317,"featured_media":0,"comment_status":"open","ping_status":"open","sticky":false,"template":"","format":"link","meta":{"post_tipo":"article","footnotes":""},"categories":[1,2185],"tags":[2287,2321],"tax_estado":[],"class_list":["post-54807","post","type-post","status-publish","format-link","hentry","category-cursos-e-concursos","category-carreiras-juridicas","tag-defensoria-pr","tag-dpe-pr","post_format-post-format-link"],"acf":[],"yoast_head":"<!-- This site is optimized with the Yoast SEO Premium plugin v27.2 (Yoast SEO v27.2) - https:\/\/yoast.com\/product\/yoast-seo-premium-wordpress\/ -->\n<title>Concurso Defensoria PR - An\u00e1lise do Edital Defensor P\u00fablico<\/title>\n<meta name=\"description\" content=\"Saiba tudo sobre o Concurso Defensoria PR para Defensor P\u00fablico: An\u00e1lise completa do Edital DPE PR, Disciplinas cobradas, fases e dicas de estudo.\" \/>\n<meta name=\"robots\" content=\"index, follow, max-snippet:-1, max-image-preview:large, max-video-preview:-1\" \/>\n<link rel=\"canonical\" href=\"https:\/\/www.estrategiaconcursos.com.br\/blog\/concurso-defensoria-pr\/\" \/>\n<meta property=\"og:locale\" content=\"pt_BR\" \/>\n<meta property=\"og:type\" content=\"article\" \/>\n<meta property=\"og:title\" content=\"Concurso Defensoria PR - An\u00e1lise Completa do Edital\" \/>\n<meta property=\"og:description\" content=\"Saiba tudo sobre o Concurso Defensoria PR para Defensor P\u00fablico: An\u00e1lise completa do Edital DPE PR, Disciplinas cobradas, fases e dicas de estudo.\" \/>\n<meta property=\"og:url\" content=\"https:\/\/www.estrategiaconcursos.com.br\/blog\/concurso-defensoria-pr\/\" \/>\n<meta property=\"og:site_name\" content=\"Estrat\u00e9gia Concursos\" \/>\n<meta property=\"article:author\" content=\"https:\/\/www.facebook.com\/igor.maciel.1420\" \/>\n<meta property=\"article:published_time\" content=\"2016-02-04T11:35:28+00:00\" \/>\n<meta property=\"article:modified_time\" content=\"2023-01-03T20:29:13+00:00\" \/>\n<meta property=\"og:image\" content=\"https:\/\/www.estrategiaconcursos.com.br\/blog\/wp-content\/uploads\/2016\/12\/Cronograma-Defensoria-PR.jpg\" \/>\n<meta name=\"author\" content=\"Igor Maciel\" \/>\n<meta name=\"twitter:card\" content=\"summary_large_image\" \/>\n<meta name=\"twitter:creator\" content=\"@EstratConcursos\" \/>\n<meta name=\"twitter:site\" content=\"@EstratConcursos\" \/>\n<meta name=\"twitter:label1\" content=\"Escrito por\" \/>\n\t<meta name=\"twitter:data1\" content=\"Igor Maciel\" \/>\n\t<meta name=\"twitter:label2\" content=\"Est. tempo de leitura\" \/>\n\t<meta name=\"twitter:data2\" content=\"7 minutos\" \/>\n<script type=\"application\/ld+json\" class=\"yoast-schema-graph\">{\"@context\":\"https:\/\/schema.org\",\"@graph\":[{\"@type\":\"NewsArticle\",\"@id\":\"https:\/\/www.estrategiaconcursos.com.br\/blog\/concurso-defensoria-pr\/#article\",\"isPartOf\":{\"@id\":\"https:\/\/www.estrategiaconcursos.com.br\/blog\/concurso-defensoria-pr\/\"},\"author\":{\"name\":\"Igor Maciel\",\"@id\":\"https:\/\/www.estrategiaconcursos.com.br\/blog\/#\/schema\/person\/024d26d5efb06d95dfc04025d7301591\"},\"headline\":\"Concurso Defensoria PR &#8211; An\u00e1lise Completa do Edital\",\"datePublished\":\"2016-02-04T11:35:28+00:00\",\"dateModified\":\"2023-01-03T20:29:13+00:00\",\"mainEntityOfPage\":{\"@id\":\"https:\/\/www.estrategiaconcursos.com.br\/blog\/concurso-defensoria-pr\/\"},\"wordCount\":1475,\"commentCount\":0,\"publisher\":{\"@id\":\"https:\/\/www.estrategiaconcursos.com.br\/blog\/#organization\"},\"image\":{\"@id\":\"https:\/\/www.estrategiaconcursos.com.br\/blog\/concurso-defensoria-pr\/#primaryimage\"},\"thumbnailUrl\":\"https:\/\/www.estrategiaconcursos.com.br\/blog\/wp-content\/uploads\/2016\/12\/Cronograma-Defensoria-PR.jpg\",\"keywords\":[\"Defensoria-PR\",\"DPE-PR\"],\"articleSection\":[\"Concursos P\u00fablicos\",\"Jur\u00eddico\"],\"inLanguage\":\"pt-BR\",\"potentialAction\":[{\"@type\":\"CommentAction\",\"name\":\"Comment\",\"target\":[\"https:\/\/www.estrategiaconcursos.com.br\/blog\/concurso-defensoria-pr\/#respond\"]}],\"copyrightYear\":\"2016\",\"copyrightHolder\":{\"@id\":\"https:\/\/www.estrategiaconcursos.com.br\/blog\/#organization\"}},{\"@type\":\"WebPage\",\"@id\":\"https:\/\/www.estrategiaconcursos.com.br\/blog\/concurso-defensoria-pr\/\",\"url\":\"https:\/\/www.estrategiaconcursos.com.br\/blog\/concurso-defensoria-pr\/\",\"name\":\"Concurso Defensoria PR - An\u00e1lise do Edital Defensor P\u00fablico\",\"isPartOf\":{\"@id\":\"https:\/\/www.estrategiaconcursos.com.br\/blog\/#website\"},\"primaryImageOfPage\":{\"@id\":\"https:\/\/www.estrategiaconcursos.com.br\/blog\/concurso-defensoria-pr\/#primaryimage\"},\"image\":{\"@id\":\"https:\/\/www.estrategiaconcursos.com.br\/blog\/concurso-defensoria-pr\/#primaryimage\"},\"thumbnailUrl\":\"https:\/\/www.estrategiaconcursos.com.br\/blog\/wp-content\/uploads\/2016\/12\/Cronograma-Defensoria-PR.jpg\",\"datePublished\":\"2016-02-04T11:35:28+00:00\",\"dateModified\":\"2023-01-03T20:29:13+00:00\",\"description\":\"Saiba tudo sobre o Concurso Defensoria PR para Defensor P\u00fablico: An\u00e1lise completa do Edital DPE PR, Disciplinas cobradas, fases e dicas de estudo.\",\"breadcrumb\":{\"@id\":\"https:\/\/www.estrategiaconcursos.com.br\/blog\/concurso-defensoria-pr\/#breadcrumb\"},\"inLanguage\":\"pt-BR\",\"potentialAction\":[{\"@type\":\"ReadAction\",\"target\":[\"https:\/\/www.estrategiaconcursos.com.br\/blog\/concurso-defensoria-pr\/\"]}]},{\"@type\":\"ImageObject\",\"inLanguage\":\"pt-BR\",\"@id\":\"https:\/\/www.estrategiaconcursos.com.br\/blog\/concurso-defensoria-pr\/#primaryimage\",\"url\":\"https:\/\/dhg1h5j42swfq.cloudfront.net\/2016\/12\/03185642\/Cronograma-Defensoria-PR.jpg\",\"contentUrl\":\"https:\/\/dhg1h5j42swfq.cloudfront.net\/2016\/12\/03185642\/Cronograma-Defensoria-PR.jpg\",\"width\":747,\"height\":674,\"caption\":\"Cronograma Defensoria PR\"},{\"@type\":\"BreadcrumbList\",\"@id\":\"https:\/\/www.estrategiaconcursos.com.br\/blog\/concurso-defensoria-pr\/#breadcrumb\",\"itemListElement\":[{\"@type\":\"ListItem\",\"position\":1,\"name\":\"In\u00edcio\",\"item\":\"https:\/\/www.estrategiaconcursos.com.br\/blog\/\"},{\"@type\":\"ListItem\",\"position\":2,\"name\":\"Concurso Defensoria PR &#8211; An\u00e1lise Completa do Edital\"}]},{\"@type\":\"WebSite\",\"@id\":\"https:\/\/www.estrategiaconcursos.com.br\/blog\/#website\",\"url\":\"https:\/\/www.estrategiaconcursos.com.br\/blog\/\",\"name\":\"Estrat\u00e9gia Concursos\",\"description\":\"O blog da Estrat\u00e9gia Concursos traz not\u00edcias sobre concursos e artigos de professores oferecendo cursos para concursos (pdf + videaulas) no site.\",\"publisher\":{\"@id\":\"https:\/\/www.estrategiaconcursos.com.br\/blog\/#organization\"},\"potentialAction\":[{\"@type\":\"SearchAction\",\"target\":{\"@type\":\"EntryPoint\",\"urlTemplate\":\"https:\/\/www.estrategiaconcursos.com.br\/blog\/?s={search_term_string}\"},\"query-input\":{\"@type\":\"PropertyValueSpecification\",\"valueRequired\":true,\"valueName\":\"search_term_string\"}}],\"inLanguage\":\"pt-BR\"},{\"@type\":\"Organization\",\"@id\":\"https:\/\/www.estrategiaconcursos.com.br\/blog\/#organization\",\"name\":\"Estrat\u00e9gia Concursos\",\"url\":\"https:\/\/www.estrategiaconcursos.com.br\/blog\/\",\"logo\":{\"@type\":\"ImageObject\",\"inLanguage\":\"pt-BR\",\"@id\":\"https:\/\/www.estrategiaconcursos.com.br\/blog\/#\/schema\/logo\/image\/\",\"url\":\"https:\/\/dhg1h5j42swfq.cloudfront.net\/2025\/06\/03203428\/logo_concursos-1.jpg\",\"contentUrl\":\"https:\/\/dhg1h5j42swfq.cloudfront.net\/2025\/06\/03203428\/logo_concursos-1.jpg\",\"width\":230,\"height\":60,\"caption\":\"Estrat\u00e9gia Concursos\"},\"image\":{\"@id\":\"https:\/\/www.estrategiaconcursos.com.br\/blog\/#\/schema\/logo\/image\/\"},\"sameAs\":[\"https:\/\/x.com\/EstratConcursos\"]},{\"@type\":\"Person\",\"@id\":\"https:\/\/www.estrategiaconcursos.com.br\/blog\/#\/schema\/person\/024d26d5efb06d95dfc04025d7301591\",\"name\":\"Igor Maciel\",\"image\":{\"@type\":\"ImageObject\",\"inLanguage\":\"pt-BR\",\"@id\":\"https:\/\/secure.gravatar.com\/avatar\/e983a676af6facf4aebcb2989d49e3bf61b718712d5e7a4b3f355b7fe651bc2f?s=96&d=mm&r=g\",\"url\":\"https:\/\/secure.gravatar.com\/avatar\/e983a676af6facf4aebcb2989d49e3bf61b718712d5e7a4b3f355b7fe651bc2f?s=96&d=mm&r=g\",\"contentUrl\":\"https:\/\/secure.gravatar.com\/avatar\/e983a676af6facf4aebcb2989d49e3bf61b718712d5e7a4b3f355b7fe651bc2f?s=96&d=mm&r=g\",\"caption\":\"Igor Maciel\"},\"description\":\"Graduado na Universidade Federal de Pernambuco, com extens\u00e3o na Universidade de Coimbra\/Portugal. Especialista LLM em Direito Corporativo pelo IBMEC\/RJ. Mestrando em Direito e Pol\u00edticas P\u00fablicas pelo UNICEUB\/DF. Advogado com atua\u00e7\u00e3o profissional centrada no Direito Tribut\u00e1rio e no Direito Administrativo, especialmente na defesa de servidores p\u00fablicos.\",\"sameAs\":[\"http:\/\/www.imaciel.com.br\",\"https:\/\/www.facebook.com\/igor.maciel.1420\"],\"url\":\"https:\/\/www.estrategiaconcursos.com.br\/blog\/author\/contatoimaciel-com-br\/\"}]}<\/script>\n<!-- \/ Yoast SEO Premium plugin. -->","yoast_head_json":{"title":"Concurso Defensoria PR - An\u00e1lise do Edital Defensor P\u00fablico","description":"Saiba tudo sobre o Concurso Defensoria PR para Defensor P\u00fablico: An\u00e1lise completa do Edital DPE PR, Disciplinas cobradas, fases e dicas de estudo.","robots":{"index":"index","follow":"follow","max-snippet":"max-snippet:-1","max-image-preview":"max-image-preview:large","max-video-preview":"max-video-preview:-1"},"canonical":"https:\/\/www.estrategiaconcursos.com.br\/blog\/concurso-defensoria-pr\/","og_locale":"pt_BR","og_type":"article","og_title":"Concurso Defensoria PR - An\u00e1lise Completa do Edital","og_description":"Saiba tudo sobre o Concurso Defensoria PR para Defensor P\u00fablico: An\u00e1lise completa do Edital DPE PR, Disciplinas cobradas, fases e dicas de estudo.","og_url":"https:\/\/www.estrategiaconcursos.com.br\/blog\/concurso-defensoria-pr\/","og_site_name":"Estrat\u00e9gia Concursos","article_author":"https:\/\/www.facebook.com\/igor.maciel.1420","article_published_time":"2016-02-04T11:35:28+00:00","article_modified_time":"2023-01-03T20:29:13+00:00","og_image":[{"url":"https:\/\/www.estrategiaconcursos.com.br\/blog\/wp-content\/uploads\/2016\/12\/Cronograma-Defensoria-PR.jpg","type":"","width":"","height":""}],"author":"Igor Maciel","twitter_card":"summary_large_image","twitter_creator":"@EstratConcursos","twitter_site":"@EstratConcursos","twitter_misc":{"Escrito por":"Igor Maciel","Est. tempo de leitura":"7 minutos"},"schema":{"@context":"https:\/\/schema.org","@graph":[{"@type":"NewsArticle","@id":"https:\/\/www.estrategiaconcursos.com.br\/blog\/concurso-defensoria-pr\/#article","isPartOf":{"@id":"https:\/\/www.estrategiaconcursos.com.br\/blog\/concurso-defensoria-pr\/"},"author":{"name":"Igor Maciel","@id":"https:\/\/www.estrategiaconcursos.com.br\/blog\/#\/schema\/person\/024d26d5efb06d95dfc04025d7301591"},"headline":"Concurso Defensoria PR &#8211; An\u00e1lise Completa do Edital","datePublished":"2016-02-04T11:35:28+00:00","dateModified":"2023-01-03T20:29:13+00:00","mainEntityOfPage":{"@id":"https:\/\/www.estrategiaconcursos.com.br\/blog\/concurso-defensoria-pr\/"},"wordCount":1475,"commentCount":0,"publisher":{"@id":"https:\/\/www.estrategiaconcursos.com.br\/blog\/#organization"},"image":{"@id":"https:\/\/www.estrategiaconcursos.com.br\/blog\/concurso-defensoria-pr\/#primaryimage"},"thumbnailUrl":"https:\/\/www.estrategiaconcursos.com.br\/blog\/wp-content\/uploads\/2016\/12\/Cronograma-Defensoria-PR.jpg","keywords":["Defensoria-PR","DPE-PR"],"articleSection":["Concursos P\u00fablicos","Jur\u00eddico"],"inLanguage":"pt-BR","potentialAction":[{"@type":"CommentAction","name":"Comment","target":["https:\/\/www.estrategiaconcursos.com.br\/blog\/concurso-defensoria-pr\/#respond"]}],"copyrightYear":"2016","copyrightHolder":{"@id":"https:\/\/www.estrategiaconcursos.com.br\/blog\/#organization"}},{"@type":"WebPage","@id":"https:\/\/www.estrategiaconcursos.com.br\/blog\/concurso-defensoria-pr\/","url":"https:\/\/www.estrategiaconcursos.com.br\/blog\/concurso-defensoria-pr\/","name":"Concurso Defensoria PR - An\u00e1lise do Edital Defensor P\u00fablico","isPartOf":{"@id":"https:\/\/www.estrategiaconcursos.com.br\/blog\/#website"},"primaryImageOfPage":{"@id":"https:\/\/www.estrategiaconcursos.com.br\/blog\/concurso-defensoria-pr\/#primaryimage"},"image":{"@id":"https:\/\/www.estrategiaconcursos.com.br\/blog\/concurso-defensoria-pr\/#primaryimage"},"thumbnailUrl":"https:\/\/www.estrategiaconcursos.com.br\/blog\/wp-content\/uploads\/2016\/12\/Cronograma-Defensoria-PR.jpg","datePublished":"2016-02-04T11:35:28+00:00","dateModified":"2023-01-03T20:29:13+00:00","description":"Saiba tudo sobre o Concurso Defensoria PR para Defensor P\u00fablico: An\u00e1lise completa do Edital DPE PR, Disciplinas cobradas, fases e dicas de estudo.","breadcrumb":{"@id":"https:\/\/www.estrategiaconcursos.com.br\/blog\/concurso-defensoria-pr\/#breadcrumb"},"inLanguage":"pt-BR","potentialAction":[{"@type":"ReadAction","target":["https:\/\/www.estrategiaconcursos.com.br\/blog\/concurso-defensoria-pr\/"]}]},{"@type":"ImageObject","inLanguage":"pt-BR","@id":"https:\/\/www.estrategiaconcursos.com.br\/blog\/concurso-defensoria-pr\/#primaryimage","url":"https:\/\/dhg1h5j42swfq.cloudfront.net\/2016\/12\/03185642\/Cronograma-Defensoria-PR.jpg","contentUrl":"https:\/\/dhg1h5j42swfq.cloudfront.net\/2016\/12\/03185642\/Cronograma-Defensoria-PR.jpg","width":747,"height":674,"caption":"Cronograma Defensoria PR"},{"@type":"BreadcrumbList","@id":"https:\/\/www.estrategiaconcursos.com.br\/blog\/concurso-defensoria-pr\/#breadcrumb","itemListElement":[{"@type":"ListItem","position":1,"name":"In\u00edcio","item":"https:\/\/www.estrategiaconcursos.com.br\/blog\/"},{"@type":"ListItem","position":2,"name":"Concurso Defensoria PR &#8211; An\u00e1lise Completa do Edital"}]},{"@type":"WebSite","@id":"https:\/\/www.estrategiaconcursos.com.br\/blog\/#website","url":"https:\/\/www.estrategiaconcursos.com.br\/blog\/","name":"Estrat\u00e9gia Concursos","description":"O blog da Estrat\u00e9gia Concursos traz not\u00edcias sobre concursos e artigos de professores oferecendo cursos para concursos (pdf + videaulas) no site.","publisher":{"@id":"https:\/\/www.estrategiaconcursos.com.br\/blog\/#organization"},"potentialAction":[{"@type":"SearchAction","target":{"@type":"EntryPoint","urlTemplate":"https:\/\/www.estrategiaconcursos.com.br\/blog\/?s={search_term_string}"},"query-input":{"@type":"PropertyValueSpecification","valueRequired":true,"valueName":"search_term_string"}}],"inLanguage":"pt-BR"},{"@type":"Organization","@id":"https:\/\/www.estrategiaconcursos.com.br\/blog\/#organization","name":"Estrat\u00e9gia Concursos","url":"https:\/\/www.estrategiaconcursos.com.br\/blog\/","logo":{"@type":"ImageObject","inLanguage":"pt-BR","@id":"https:\/\/www.estrategiaconcursos.com.br\/blog\/#\/schema\/logo\/image\/","url":"https:\/\/dhg1h5j42swfq.cloudfront.net\/2025\/06\/03203428\/logo_concursos-1.jpg","contentUrl":"https:\/\/dhg1h5j42swfq.cloudfront.net\/2025\/06\/03203428\/logo_concursos-1.jpg","width":230,"height":60,"caption":"Estrat\u00e9gia Concursos"},"image":{"@id":"https:\/\/www.estrategiaconcursos.com.br\/blog\/#\/schema\/logo\/image\/"},"sameAs":["https:\/\/x.com\/EstratConcursos"]},{"@type":"Person","@id":"https:\/\/www.estrategiaconcursos.com.br\/blog\/#\/schema\/person\/024d26d5efb06d95dfc04025d7301591","name":"Igor Maciel","image":{"@type":"ImageObject","inLanguage":"pt-BR","@id":"https:\/\/secure.gravatar.com\/avatar\/e983a676af6facf4aebcb2989d49e3bf61b718712d5e7a4b3f355b7fe651bc2f?s=96&d=mm&r=g","url":"https:\/\/secure.gravatar.com\/avatar\/e983a676af6facf4aebcb2989d49e3bf61b718712d5e7a4b3f355b7fe651bc2f?s=96&d=mm&r=g","contentUrl":"https:\/\/secure.gravatar.com\/avatar\/e983a676af6facf4aebcb2989d49e3bf61b718712d5e7a4b3f355b7fe651bc2f?s=96&d=mm&r=g","caption":"Igor Maciel"},"description":"Graduado na Universidade Federal de Pernambuco, com extens\u00e3o na Universidade de Coimbra\/Portugal. Especialista LLM em Direito Corporativo pelo IBMEC\/RJ. Mestrando em Direito e Pol\u00edticas P\u00fablicas pelo UNICEUB\/DF. Advogado com atua\u00e7\u00e3o profissional centrada no Direito Tribut\u00e1rio e no Direito Administrativo, especialmente na defesa de servidores p\u00fablicos.","sameAs":["http:\/\/www.imaciel.com.br","https:\/\/www.facebook.com\/igor.maciel.1420"],"url":"https:\/\/www.estrategiaconcursos.com.br\/blog\/author\/contatoimaciel-com-br\/"}]}},"_links":{"self":[{"href":"https:\/\/www.estrategiaconcursos.com.br\/blog\/wp-json\/wp\/v2\/posts\/54807","targetHints":{"allow":["GET"]}}],"collection":[{"href":"https:\/\/www.estrategiaconcursos.com.br\/blog\/wp-json\/wp\/v2\/posts"}],"about":[{"href":"https:\/\/www.estrategiaconcursos.com.br\/blog\/wp-json\/wp\/v2\/types\/post"}],"author":[{"embeddable":true,"href":"https:\/\/www.estrategiaconcursos.com.br\/blog\/wp-json\/wp\/v2\/users\/317"}],"replies":[{"embeddable":true,"href":"https:\/\/www.estrategiaconcursos.com.br\/blog\/wp-json\/wp\/v2\/comments?post=54807"}],"version-history":[{"count":18,"href":"https:\/\/www.estrategiaconcursos.com.br\/blog\/wp-json\/wp\/v2\/posts\/54807\/revisions"}],"predecessor-version":[{"id":1146866,"href":"https:\/\/www.estrategiaconcursos.com.br\/blog\/wp-json\/wp\/v2\/posts\/54807\/revisions\/1146866"}],"wp:attachment":[{"href":"https:\/\/www.estrategiaconcursos.com.br\/blog\/wp-json\/wp\/v2\/media?parent=54807"}],"wp:term":[{"taxonomy":"category","embeddable":true,"href":"https:\/\/www.estrategiaconcursos.com.br\/blog\/wp-json\/wp\/v2\/categories?post=54807"},{"taxonomy":"post_tag","embeddable":true,"href":"https:\/\/www.estrategiaconcursos.com.br\/blog\/wp-json\/wp\/v2\/tags?post=54807"},{"taxonomy":"tax_estado","embeddable":true,"href":"https:\/\/www.estrategiaconcursos.com.br\/blog\/wp-json\/wp\/v2\/tax_estado?post=54807"}],"curies":[{"name":"wp","href":"https:\/\/api.w.org\/{rel}","templated":true}]}}