{"id":547749,"date":"2020-07-27T16:24:47","date_gmt":"2020-07-27T19:24:47","guid":{"rendered":"https:\/\/www.estrategiaconcursos.com.br\/blog\/?p=547749"},"modified":"2020-07-31T17:46:30","modified_gmt":"2020-07-31T20:46:30","slug":"prefeitura-de-obidos-cargos-vagas-concurso","status":"publish","type":"post","link":"https:\/\/www.estrategiaconcursos.com.br\/blog\/prefeitura-de-obidos-cargos-vagas-concurso\/","title":{"rendered":"Prefeitura de \u00d3bidos divulga cargos e vagas do concurso!"},"content":{"rendered":"\n<p>Ap\u00f3s tornar p\u00fablico o Aviso de Chamada para contrata\u00e7\u00e3o da banca organizadora de seu pr\u00f3ximo concurso, a Prefeitura de \u00d3bidos, estado do Par\u00e1, divulgou os cargos e vagas que ser\u00e3o ofertados no certame.<\/p>\n\n\n\n<p>De acordo com o Termo de Refer\u00eancia, ser\u00e3o 537 vagas para ampla concorr\u00eancia e pessoas com defici\u00eancias (PcD). As oportunidades se distribuem entre diversas fun\u00e7\u00f5es, abrangendo todos os n\u00edveis de escolaridade.<\/p>\n\n\n\n<p>Os sal\u00e1rios oferecidos s\u00e3o nos valores de R$ 1.045,00 a R$ 6.000,00, conforme o cargo pretendido. J\u00e1 a jornada de trabalho pode variar de 40 horas semanais, 100 e 180 horas mensais. <\/p>\n\n\n\n<h4 class=\"wp-block-heading\">Confira abaixo a rela\u00e7\u00e3o completa dos cargos a serem ofertados no concurso Prefeitura de \u00d3bidos:<\/h4>\n\n\n\n<h4 class=\"wp-block-heading\"><strong><span style=\"text-decoration: underline;\">Alfabetizado<\/span><\/strong><\/h4>\n\n\n\n<figure class=\"wp-block-table is-style-stripes\"><table class=\"has-subtle-pale-blue-background-color has-fixed-layout has-background\"><tbody><tr><td><strong>CARGO<\/strong><\/td><td><strong>VAGAS<\/strong><\/td><td><strong>REMUNERA\u00c7\u00c3O<\/strong><\/td><\/tr><tr><td>AGENTE DE SERVI\u00c7OS GERAIS<\/td><td>43<\/td><td>R$ 1.045,00<\/td><\/tr><tr><td>BORRACHEIRO<\/td><td>01<\/td><td>R$ 1.045,00<\/td><\/tr><tr><td>CARPINTEIRO<\/td><td>01<\/td><td>R$ 1.045,00<\/td><\/tr><tr><td>COVEIRO<\/td><td>05<\/td><td>R$ 1.045,00<\/td><\/tr><tr><td>GARI<\/td><td>08<\/td><td>R$ 1.045,00<\/td><\/tr><tr><td>PINTOR<\/td><td>01<\/td><td>R$ 1.045,00<\/td><\/tr><tr><td>SOLDADOR<\/td><td>01<\/td><td>R$ 1.045,00<\/td><\/tr><tr><td>VIGIA<\/td><td>62<\/td><td>R$ 1.045,00<\/td><\/tr><\/tbody><\/table><\/figure>\n\n\n\n<h4 class=\"wp-block-heading\"><strong><span style=\"text-decoration: underline;\">N\u00edvel fundamental<\/span><\/strong><\/h4>\n\n\n\n<figure class=\"wp-block-table is-style-stripes\"><table class=\"has-subtle-pale-blue-background-color has-fixed-layout has-background\"><tbody><tr><td><strong>CARGO<\/strong><\/td><td><strong>VAGAS<\/strong><\/td><td><strong>REMUNERA\u00c7\u00c3O<\/strong><\/td><\/tr><tr><td>AUXILIAR ADMINISTRATIVO<\/td><td>32<\/td><td>R$ 1.045,00<\/td><\/tr><tr><td>AUXILIAR DE MEC\u00c2NICO<\/td><td>02<\/td><td>R$ 1.045,00<\/td><\/tr><tr><td>AUXILIAR DE ODONTOLOGIA<\/td><td>03<\/td><td>R$ 1.045,00<\/td><\/tr><tr><td>ELETRICISTA<\/td><td>02<\/td><td>R$ 1.045,00<\/td><\/tr><tr><td>ELETRICISTA DE VE\u00cdCULOS E M\u00c1QUINAS<\/td><td>02<\/td><td>R$ 1.045,00<\/td><\/tr><tr><td>JARDINEIRO<\/td><td>06<\/td><td>R$ 1.045,00<\/td><\/tr><tr><td>MARCENEIRO<\/td><td>01<\/td><td>R$ 1.045,00<\/td><\/tr><tr><td>MEC\u00c2NICO DE M\u00c1QUINAS PESADAS E LEVES<\/td><td>02<\/td><td>R$ 1.045,00<\/td><\/tr><tr><td>MOTORISTA DE VE\u00cdCULOS LEVES E PESADOS<\/td><td>07<\/td><td>R$ 1.045,00<\/td><\/tr><tr><td>OPERADOR DE EQUIPAMENTOS LEVES E PESADOS<\/td><td>07<\/td><td>R$ 1.045,00<\/td><\/tr><tr><td>OPERADOR DE M\u00c1QUINAS AGR\u00cdCOLAS<\/td><td>02<\/td><td>R$ 1.045,00<\/td><\/tr><tr><td>PEDREIRO<\/td><td>02<\/td><td>R$ 1.045,00<\/td><\/tr><tr><td>MERENDEIRA<\/td><td>15<\/td><td>R$ 1.045,00<\/td><\/tr><\/tbody><\/table><\/figure>\n\n\n\n<h4 class=\"wp-block-heading\"><strong><span style=\"text-decoration: underline;\">Ensino m\u00e9dio<\/span><\/strong><\/h4>\n\n\n\n<figure class=\"wp-block-table is-style-stripes\"><table class=\"has-subtle-pale-blue-background-color has-fixed-layout has-background\"><tbody><tr><td><strong>CARGO<\/strong><\/td><td><strong>VAGAS<\/strong><\/td><td><strong>REMUNERA\u00c7\u00c3O<\/strong><\/td><\/tr><tr><td>AGENTE ADMINISTRATIVO<\/td><td>06<\/td><td>R$ 1.045,00<\/td><\/tr><tr><td>AGENTE CADASTRADOR<\/td><td>10<\/td><td>R$ 1.045,00<\/td><\/tr><tr><td>AGENTE DE OPERA\u00c7\u00c3O E FISCALIZA\u00c7\u00c3O DE TR\u00c2NSITO<\/td><td>01<\/td><td>R$ 1.045,00<\/td><\/tr><tr><td>ALMOXARIFE<\/td><td>03<\/td><td>R$ 1.045,00<\/td><\/tr><tr><td>ARTES\u00c3O<\/td><td>03<\/td><td>R$ 1.045,00<\/td><\/tr><tr><td>ASSISTENTE DE BIBLIOTECA<\/td><td>02<\/td><td>R$ 1.045,00<\/td><\/tr><tr><td>AUXILIAR EDUCACIONAL<\/td><td>15<\/td><td>R$ 1.045,00<\/td><\/tr><tr><td>CONDUTOR SOCORRISTA<\/td><td>06<\/td><td>R$ 1.045,00<\/td><\/tr><tr><td>DIGITADOR<\/td><td>05<\/td><td>R$ 1.045,00<\/td><\/tr><tr><td>FISCAL DE MEIO AMBIENTE<\/td><td>03<\/td><td>R$ 1.045,00<\/td><\/tr><tr><td>FISCAL DE SERVI\u00c7OS URBANOS<\/td><td>02<\/td><td>R$ 1.045,00<\/td><\/tr><tr><td>FISCAL DE TRIBUTOS<\/td><td>04<\/td><td>R$ 1.045,00<\/td><\/tr><tr><td>INSTRUTOR DE LIBRAS<\/td><td>01<\/td><td>R$ 1.491,80<\/td><\/tr><tr><td>ORIENTADOR SOCIAL<\/td><td>10<\/td><td>R$ 1.045,00<\/td><\/tr><\/tbody><\/table><\/figure>\n\n\n\n<h4 class=\"wp-block-heading\"><strong><span style=\"text-decoration: underline;\">N\u00edvel t\u00e9cnico<\/span><\/strong><\/h4>\n\n\n\n<figure class=\"wp-block-table is-style-stripes\"><table class=\"has-subtle-pale-blue-background-color has-fixed-layout has-background\"><tbody><tr><td><strong>CARGO<\/strong><\/td><td><strong>VAGAS<\/strong><\/td><td><strong>REMUNERA\u00c7\u00c3O<\/strong><\/td><\/tr><tr><td>INSTRUTOR DE M\u00daSICA<\/td><td>06<\/td><td>R$ 1.045,00<\/td><\/tr><tr><td>SECRET\u00c1RIO ESCOLAR<\/td><td>18<\/td><td>R$ 2.784,70<\/td><\/tr><tr><td>T\u00c9CNICO DE VIGIL\u00c2NCIA EM SA\u00daDE<\/td><td>02<\/td><td>R$ 1.045,00<\/td><\/tr><tr><td>T\u00c9CNICO EM AGROPECU\u00c1RIA<\/td><td>02<\/td><td>R$ 1.045,00<\/td><\/tr><tr><td>DESENHISTA T\u00c9CNICO<\/td><td>01<\/td><td>R$ 1.045,00<\/td><\/tr><tr><td>T\u00c9CNICO EM ENFERMAGEM<\/td><td>39<\/td><td>R$ 1.045,00<\/td><\/tr><tr><td>T\u00c9CNICO EM HIGIENE BUCAL<\/td><td>02<\/td><td>R$ 1.045,00<\/td><\/tr><tr><td>T\u00c9CNICO EM INFORM\u00c1TICA<\/td><td>05<\/td><td>R$ 1.045,00<\/td><\/tr><tr><td>T\u00c9CNICO EM LABORAT\u00d3RIO<\/td><td>02<\/td><td>R$ 1.045,00<\/td><\/tr><tr><td>T\u00c9CNICO EM MEIO AMBIENTE<\/td><td>01<\/td><td>R$ 1.045,00<\/td><\/tr><tr><td>T\u00c9CNICO EM RADIOLOGIA<\/td><td>02<\/td><td>R$ 1.045,00<\/td><\/tr><tr><td>T\u00c9CNICO EM ENFERMAGEM SOCORRISTA<\/td><td>06<\/td><td>R$ 1.045,00<\/td><\/tr><\/tbody><\/table><\/figure>\n\n\n\n<h4 class=\"wp-block-heading\"><strong><span style=\"text-decoration: underline;\">Curso superior<\/span><\/strong><\/h4>\n\n\n\n<figure class=\"wp-block-table is-style-stripes\"><table class=\"has-subtle-pale-blue-background-color has-fixed-layout has-background\"><tbody><tr><td><strong>CARGO<\/strong><\/td><td><strong>VAGAS<\/strong><\/td><td><strong>REMUNERA\u00c7\u00c3O<\/strong><\/td><\/tr><tr><td>ADMINISTRADOR<\/td><td>03<\/td><td>R$ 2.600,00<\/td><\/tr><tr><td>ADVOGADO<\/td><td>02<\/td><td>R$ 1.275,46<\/td><\/tr><tr><td>ANALISTA DE LOG\u00cdSTICA<\/td><td>01<\/td><td>R$ 1.275,46<\/td><\/tr><tr><td>ARQUITETO<\/td><td>01<\/td><td>R$ 1.275,46<\/td><\/tr><tr><td>ASSISTENTE SOCIAL<\/td><td>10<\/td><td>R$ 1.275,46<\/td><\/tr><tr><td>BIBLIOTEC\u00c1RIO<\/td><td>01<\/td><td>R$ 1.275,46<\/td><\/tr><tr><td>BI\u00d3LOGO<\/td><td>01<\/td><td>R$ 1.275,46<\/td><\/tr><tr><td>BIOM\u00c9DICO<\/td><td>01<\/td><td>R$ 1.275,46<\/td><\/tr><tr><td>BRAILISTA<\/td><td>01<\/td><td>R$ 1.690,72<\/td><\/tr><tr><td>COORDENADOR PEDAG\u00d3GICO<\/td><td>11<\/td><td>R$ 1.889,62<\/td><\/tr><tr><td>EDUCADOR F\u00cdSICO<\/td><td>02<\/td><td>R$ 1.275,46<\/td><\/tr><tr><td>ENFERMEIRO<\/td><td>12<\/td><td>R$ 1.275,46<\/td><\/tr><tr><td>ENGENHEIRO (V\u00c1RIOS)<\/td><td>09<\/td><td>R$ 1.275,46<\/td><\/tr><tr><td>ESTAT\u00cdSTICO<\/td><td>02<\/td><td>R$ 1.275,46<\/td><\/tr><tr><td>FARMAC\u00caUTICO<\/td><td>05<\/td><td>R$ 1.275,46<\/td><\/tr><tr><td>FISCAL DE INSPE\u00c7\u00c3O SANIT\u00c1RIA MUNICIPAL<\/td><td>02<\/td><td>R$ 1.275,46<\/td><\/tr><tr><td>FISIOTERAPEUTA<\/td><td>04<\/td><td>R$ 1.275,46<\/td><\/tr><tr><td>GE\u00d3LOGO<\/td><td>02<\/td><td>R$ 1.275,46<\/td><\/tr><tr><td>GESTOR AMBIENTAL<\/td><td>02<\/td><td>R$ 1.275,46<\/td><\/tr><tr><td>GUIA INT\u00c9RPRETE<\/td><td>01<\/td><td>R$ 1.690,72<\/td><\/tr><tr><td>INT\u00c9RPRETE<\/td><td>01<\/td><td>R$ 1.690,72<\/td><\/tr><tr><td>MEDIADOR EDUCACIONAL<\/td><td>03<\/td><td>R$ 1.690,72<\/td><\/tr><tr><td>M\u00c9DICO (V\u00c1RIOS)<\/td><td>09<\/td><td>R$ 6.000,00<\/td><\/tr><tr><td>M\u00c9DICO VETERIN\u00c1RIO<\/td><td>02<\/td><td>R$ 1.275,46<\/td><\/tr><tr><td>NUTRICIONISTA<\/td><td>03<\/td><td>R$ 1.690,72<\/td><\/tr><tr><td>ODONT\u00d3LOGO<\/td><td>03<\/td><td>R$ 1.690,72<\/td><\/tr><tr><td>PEDAGOGO<\/td><td>03<\/td><td>R$ 1.690,72<\/td><\/tr><tr><td>PROFESSOR (V\u00c1RIOS)<\/td><td>93<\/td><td>R$ 1.690,72<\/td><\/tr><tr><td>PSIC\u00d3LOGO<\/td><td>07<\/td><td>R$ 1.275,46<\/td><\/tr><tr><td>PSICOPEDAGOGO<\/td><td>02<\/td><td>R$ 3.401,31<\/td><\/tr><tr><td>SOCI\u00d3LOGO<\/td><td>01<\/td><td>R$ 1.275,46<\/td><\/tr><\/tbody><\/table><\/figure>\n\n\n\n<p style=\"font-size:18px\" class=\"has-background has-very-light-gray-background-color\">\u25ba<strong><a rel=\"noreferrer noopener\" href=\"https:\/\/dhg1h5j42swfq.cloudfront.net\/2020\/07\/27151857\/EDITAL-COMPLETO-7%C2%BA-CONCURSO.pdf\" target=\"_blank\">Termo de Refer\u00eancia<\/a><\/strong><\/p>\n\n\n\n<p>Vale lembrar que o processo de sele\u00e7\u00e3o para escolha da banca organizadora do certame segue em andamento! As empresas interessadas pela organiza\u00e7\u00e3o devem encaminhar suas propostas at\u00e9 o dia <strong>15 de setembro.<\/strong><\/p>\n\n\n\n<p class=\"has-background has-text-align-center has-medium-font-size has-very-light-gray-background-color\"><strong>Saiba mais: <a rel=\"noreferrer noopener\" href=\"https:\/\/www.estrategiaconcursos.com.br\/blog\/concurso-obidos-pa\/\" target=\"_blank\">Concurso Prefeitura de \u00d3bidos<\/a><\/strong><\/p>\n\n\n\n<hr class=\"wp-block-separator\"\/>\n\n\n\n<p class=\"has-text-align-center has-medium-font-size\"><em><strong>Assinatura Anual Ilimitada*<\/strong><\/em><\/p>\n\n\n\n<p class=\"has-text-align-center\"><em>Prepare-se com o melhor material e com quem mais aprova em Concursos P\u00fablicos em todo o pa\u00eds. Assine agora a nossa Assinatura Anual e tenha acesso ilimitado* a todos os nossos cursos.<\/em><\/p>\n\n\n\n<p style=\"font-size:22px\" class=\"has-background has-text-align-center has-light-green-cyan-background-color\"><strong>ASSINE AGORA<\/strong>&nbsp;\u2013&nbsp;<strong><a rel=\"noreferrer noopener\" href=\"https:\/\/www.estrategiaconcursos.com.br\/assinaturas\" target=\"_blank\">Assinatura Ilimitada<\/a><\/strong><\/p>\n\n\n\n<p class=\"has-text-align-center has-medium-font-size\"><strong><em><strong>Sistema de Quest\u00f5es<\/strong><\/em><\/strong><\/p>\n\n\n\n<p class=\"has-text-align-center\"><em>Estrat\u00e9gia Quest\u00f5es nasceu maior do que todos os concorrentes, com mais quest\u00f5es cadastradas e mais solu\u00e7\u00f5es por professores. Ent\u00e3o, confira e aproveite os descontos e b\u00f4nus imperd\u00edveis!<\/em><\/p>\n\n\n\n<p style=\"font-size:22px\" class=\"has-background has-text-align-center has-vivid-green-cyan-background-color\"><strong>ASSINE AGORA \u2013&nbsp;<a rel=\"noreferrer noopener\" href=\"https:\/\/www.estrategiaconcursos.com.br\/cursosPorConcurso\/sistema-de-questoes\/#\/\" target=\"_blank\">Sistema de Quest\u00f5es<\/a><\/strong><\/p>\n\n\n\n<p class=\"has-text-align-center has-medium-font-size\"><strong><em>Fique por dentro dos concursos abertos<\/em><\/strong><\/p>\n\n\n\n<p style=\"font-size:22px\" class=\"has-background has-text-align-center has-pale-cyan-blue-background-color\"><a rel=\"noreferrer noopener\" href=\"https:\/\/www.estrategiaconcursos.com.br\/blog\/concursos-abertos\/\" target=\"_blank\"><strong>CONCURSOS ABERTOS<\/strong><\/a><\/p>\n\n\n\n<p class=\"has-text-align-center has-medium-font-size\"><strong><em>As oportunidades previstas<\/em><\/strong><\/p>\n\n\n\n<p style=\"font-size:22px\" class=\"has-background has-text-align-center has-pale-cyan-blue-background-color\"><a rel=\"noreferrer noopener\" href=\"https:\/\/www.estrategiaconcursos.com.br\/blog\/concursos-2020\/\" target=\"_blank\"><strong>CONCURSOS&nbsp;2020<\/strong><\/a><\/p>\n\n\n\n<p style=\"font-size:22px\" class=\"has-background has-text-align-center has-pale-cyan-blue-background-color\"><strong><a rel=\"noreferrer noopener\" href=\"https:\/\/www.estrategiaconcursos.com.br\/blog\/concursos-2021\/\" target=\"_blank\">CONCURSOS&nbsp;2021<\/a><\/strong><\/p>\n","protected":false},"excerpt":{"rendered":"<p>Ap\u00f3s tornar p\u00fablico o Aviso de Chamada para contrata\u00e7\u00e3o da banca organizadora de seu pr\u00f3ximo concurso, a Prefeitura de \u00d3bidos, estado do Par\u00e1, divulgou os cargos e vagas que ser\u00e3o ofertados no certame. De acordo com o Termo de Refer\u00eancia, ser\u00e3o 537 vagas para ampla concorr\u00eancia e pessoas com defici\u00eancias (PcD). As oportunidades se distribuem [&hellip;]<\/p>\n","protected":false},"author":93,"featured_media":547765,"comment_status":"open","ping_status":"closed","sticky":false,"template":"","format":"standard","meta":{"post_tipo":"article","footnotes":""},"categories":[1],"tags":[],"tax_estado":[],"class_list":["post-547749","post","type-post","status-publish","format-standard","has-post-thumbnail","hentry","category-cursos-e-concursos"],"acf":[],"yoast_head":"<!-- This site is optimized with the Yoast SEO Premium plugin v27.2 (Yoast SEO v27.2) - https:\/\/yoast.com\/product\/yoast-seo-premium-wordpress\/ -->\n<title>Prefeitura de \u00d3bidos divulga cargos e vagas do concurso!<\/title>\n<meta name=\"description\" content=\"Prefeitura de \u00d3bidos-PA prev\u00ea a oferta de 537 vagas para diversos cargos em seu concurso. Confira aqui a rela\u00e7\u00e3o completa!\" \/>\n<meta name=\"robots\" content=\"index, follow, max-snippet:-1, max-image-preview:large, max-video-preview:-1\" \/>\n<link rel=\"canonical\" href=\"https:\/\/www.estrategiaconcursos.com.br\/blog\/prefeitura-de-obidos-cargos-vagas-concurso\/\" \/>\n<meta property=\"og:locale\" content=\"pt_BR\" \/>\n<meta property=\"og:type\" content=\"article\" \/>\n<meta property=\"og:title\" content=\"Prefeitura de \u00d3bidos divulga cargos e vagas do concurso!\" \/>\n<meta property=\"og:description\" content=\"Prefeitura de \u00d3bidos-PA prev\u00ea a oferta de 537 vagas para diversos cargos em seu concurso. Confira aqui a rela\u00e7\u00e3o completa!\" \/>\n<meta property=\"og:url\" content=\"https:\/\/www.estrategiaconcursos.com.br\/blog\/prefeitura-de-obidos-cargos-vagas-concurso\/\" \/>\n<meta property=\"og:site_name\" content=\"Estrat\u00e9gia Concursos\" \/>\n<meta property=\"article:published_time\" content=\"2020-07-27T19:24:47+00:00\" \/>\n<meta property=\"article:modified_time\" content=\"2020-07-31T20:46:30+00:00\" \/>\n<meta property=\"og:image\" content=\"https:\/\/dhg1h5j42swfq.cloudfront.net\/2020\/07\/27161945\/Prefeitura-de-%C3%93bidos.jpg\" \/>\n\t<meta property=\"og:image:width\" content=\"1200\" \/>\n\t<meta property=\"og:image:height\" content=\"628\" \/>\n\t<meta property=\"og:image:type\" content=\"image\/jpeg\" \/>\n<meta name=\"author\" content=\"Vinicius Silva\" \/>\n<meta name=\"twitter:card\" content=\"summary_large_image\" \/>\n<meta name=\"twitter:creator\" content=\"@EstratConcursos\" \/>\n<meta name=\"twitter:site\" content=\"@EstratConcursos\" \/>\n<meta name=\"twitter:label1\" content=\"Escrito por\" \/>\n\t<meta name=\"twitter:data1\" content=\"Vinicius Silva\" \/>\n\t<meta name=\"twitter:label2\" content=\"Est. tempo de leitura\" \/>\n\t<meta name=\"twitter:data2\" content=\"3 minutos\" \/>\n<script type=\"application\/ld+json\" class=\"yoast-schema-graph\">{\"@context\":\"https:\/\/schema.org\",\"@graph\":[{\"@type\":\"NewsArticle\",\"@id\":\"https:\/\/www.estrategiaconcursos.com.br\/blog\/prefeitura-de-obidos-cargos-vagas-concurso\/#article\",\"isPartOf\":{\"@id\":\"https:\/\/www.estrategiaconcursos.com.br\/blog\/prefeitura-de-obidos-cargos-vagas-concurso\/\"},\"author\":{\"name\":\"Vinicius Silva\",\"@id\":\"https:\/\/www.estrategiaconcursos.com.br\/blog\/#\/schema\/person\/20030622a981f9a942ad6b3561fe4ca4\"},\"headline\":\"Prefeitura de \u00d3bidos divulga cargos e vagas do concurso!\",\"datePublished\":\"2020-07-27T19:24:47+00:00\",\"dateModified\":\"2020-07-31T20:46:30+00:00\",\"mainEntityOfPage\":{\"@id\":\"https:\/\/www.estrategiaconcursos.com.br\/blog\/prefeitura-de-obidos-cargos-vagas-concurso\/\"},\"wordCount\":612,\"commentCount\":0,\"publisher\":{\"@id\":\"https:\/\/www.estrategiaconcursos.com.br\/blog\/#organization\"},\"image\":{\"@id\":\"https:\/\/www.estrategiaconcursos.com.br\/blog\/prefeitura-de-obidos-cargos-vagas-concurso\/#primaryimage\"},\"thumbnailUrl\":\"https:\/\/dhg1h5j42swfq.cloudfront.net\/2020\/07\/27161945\/Prefeitura-de-%C3%93bidos.jpg\",\"articleSection\":[\"Concursos P\u00fablicos\"],\"inLanguage\":\"pt-BR\",\"potentialAction\":[{\"@type\":\"CommentAction\",\"name\":\"Comment\",\"target\":[\"https:\/\/www.estrategiaconcursos.com.br\/blog\/prefeitura-de-obidos-cargos-vagas-concurso\/#respond\"]}],\"copyrightYear\":\"2020\",\"copyrightHolder\":{\"@id\":\"https:\/\/www.estrategiaconcursos.com.br\/blog\/#organization\"}},{\"@type\":\"WebPage\",\"@id\":\"https:\/\/www.estrategiaconcursos.com.br\/blog\/prefeitura-de-obidos-cargos-vagas-concurso\/\",\"url\":\"https:\/\/www.estrategiaconcursos.com.br\/blog\/prefeitura-de-obidos-cargos-vagas-concurso\/\",\"name\":\"Prefeitura de \u00d3bidos divulga cargos e vagas do concurso!\",\"isPartOf\":{\"@id\":\"https:\/\/www.estrategiaconcursos.com.br\/blog\/#website\"},\"primaryImageOfPage\":{\"@id\":\"https:\/\/www.estrategiaconcursos.com.br\/blog\/prefeitura-de-obidos-cargos-vagas-concurso\/#primaryimage\"},\"image\":{\"@id\":\"https:\/\/www.estrategiaconcursos.com.br\/blog\/prefeitura-de-obidos-cargos-vagas-concurso\/#primaryimage\"},\"thumbnailUrl\":\"https:\/\/dhg1h5j42swfq.cloudfront.net\/2020\/07\/27161945\/Prefeitura-de-%C3%93bidos.jpg\",\"datePublished\":\"2020-07-27T19:24:47+00:00\",\"dateModified\":\"2020-07-31T20:46:30+00:00\",\"description\":\"Prefeitura de \u00d3bidos-PA prev\u00ea a oferta de 537 vagas para diversos cargos em seu concurso. Confira aqui a rela\u00e7\u00e3o completa!\",\"breadcrumb\":{\"@id\":\"https:\/\/www.estrategiaconcursos.com.br\/blog\/prefeitura-de-obidos-cargos-vagas-concurso\/#breadcrumb\"},\"inLanguage\":\"pt-BR\",\"potentialAction\":[{\"@type\":\"ReadAction\",\"target\":[\"https:\/\/www.estrategiaconcursos.com.br\/blog\/prefeitura-de-obidos-cargos-vagas-concurso\/\"]}]},{\"@type\":\"ImageObject\",\"inLanguage\":\"pt-BR\",\"@id\":\"https:\/\/www.estrategiaconcursos.com.br\/blog\/prefeitura-de-obidos-cargos-vagas-concurso\/#primaryimage\",\"url\":\"https:\/\/dhg1h5j42swfq.cloudfront.net\/2020\/07\/27161945\/Prefeitura-de-%C3%93bidos.jpg\",\"contentUrl\":\"https:\/\/dhg1h5j42swfq.cloudfront.net\/2020\/07\/27161945\/Prefeitura-de-%C3%93bidos.jpg\",\"width\":1200,\"height\":628,\"caption\":\"Prefeitura de \u00d3bidos PA\"},{\"@type\":\"BreadcrumbList\",\"@id\":\"https:\/\/www.estrategiaconcursos.com.br\/blog\/prefeitura-de-obidos-cargos-vagas-concurso\/#breadcrumb\",\"itemListElement\":[{\"@type\":\"ListItem\",\"position\":1,\"name\":\"In\u00edcio\",\"item\":\"https:\/\/www.estrategiaconcursos.com.br\/blog\/\"},{\"@type\":\"ListItem\",\"position\":2,\"name\":\"Prefeitura de \u00d3bidos divulga cargos e vagas do concurso!\"}]},{\"@type\":\"WebSite\",\"@id\":\"https:\/\/www.estrategiaconcursos.com.br\/blog\/#website\",\"url\":\"https:\/\/www.estrategiaconcursos.com.br\/blog\/\",\"name\":\"Estrat\u00e9gia Concursos\",\"description\":\"O blog da Estrat\u00e9gia Concursos traz not\u00edcias sobre concursos e artigos de professores oferecendo cursos para concursos (pdf + videaulas) no site.\",\"publisher\":{\"@id\":\"https:\/\/www.estrategiaconcursos.com.br\/blog\/#organization\"},\"potentialAction\":[{\"@type\":\"SearchAction\",\"target\":{\"@type\":\"EntryPoint\",\"urlTemplate\":\"https:\/\/www.estrategiaconcursos.com.br\/blog\/?s={search_term_string}\"},\"query-input\":{\"@type\":\"PropertyValueSpecification\",\"valueRequired\":true,\"valueName\":\"search_term_string\"}}],\"inLanguage\":\"pt-BR\"},{\"@type\":\"Organization\",\"@id\":\"https:\/\/www.estrategiaconcursos.com.br\/blog\/#organization\",\"name\":\"Estrat\u00e9gia Concursos\",\"url\":\"https:\/\/www.estrategiaconcursos.com.br\/blog\/\",\"logo\":{\"@type\":\"ImageObject\",\"inLanguage\":\"pt-BR\",\"@id\":\"https:\/\/www.estrategiaconcursos.com.br\/blog\/#\/schema\/logo\/image\/\",\"url\":\"https:\/\/dhg1h5j42swfq.cloudfront.net\/2025\/06\/03203428\/logo_concursos-1.jpg\",\"contentUrl\":\"https:\/\/dhg1h5j42swfq.cloudfront.net\/2025\/06\/03203428\/logo_concursos-1.jpg\",\"width\":230,\"height\":60,\"caption\":\"Estrat\u00e9gia Concursos\"},\"image\":{\"@id\":\"https:\/\/www.estrategiaconcursos.com.br\/blog\/#\/schema\/logo\/image\/\"},\"sameAs\":[\"https:\/\/x.com\/EstratConcursos\"]},{\"@type\":\"Person\",\"@id\":\"https:\/\/www.estrategiaconcursos.com.br\/blog\/#\/schema\/person\/20030622a981f9a942ad6b3561fe4ca4\",\"name\":\"Vinicius Silva\",\"image\":{\"@type\":\"ImageObject\",\"inLanguage\":\"pt-BR\",\"@id\":\"https:\/\/secure.gravatar.com\/avatar\/604d9670a4c7eea71feaa4381f3ae97e148292ac402671c5944aa67a3d127663?s=96&d=mm&r=g\",\"url\":\"https:\/\/secure.gravatar.com\/avatar\/604d9670a4c7eea71feaa4381f3ae97e148292ac402671c5944aa67a3d127663?s=96&d=mm&r=g\",\"contentUrl\":\"https:\/\/secure.gravatar.com\/avatar\/604d9670a4c7eea71feaa4381f3ae97e148292ac402671c5944aa67a3d127663?s=96&d=mm&r=g\",\"caption\":\"Vinicius Silva\"},\"url\":\"https:\/\/www.estrategiaconcursos.com.br\/blog\/author\/viniciussilvaestrategiaconcursos-com-br\/\"}]}<\/script>\n<!-- \/ Yoast SEO Premium plugin. -->","yoast_head_json":{"title":"Prefeitura de \u00d3bidos divulga cargos e vagas do concurso!","description":"Prefeitura de \u00d3bidos-PA prev\u00ea a oferta de 537 vagas para diversos cargos em seu concurso. Confira aqui a rela\u00e7\u00e3o completa!","robots":{"index":"index","follow":"follow","max-snippet":"max-snippet:-1","max-image-preview":"max-image-preview:large","max-video-preview":"max-video-preview:-1"},"canonical":"https:\/\/www.estrategiaconcursos.com.br\/blog\/prefeitura-de-obidos-cargos-vagas-concurso\/","og_locale":"pt_BR","og_type":"article","og_title":"Prefeitura de \u00d3bidos divulga cargos e vagas do concurso!","og_description":"Prefeitura de \u00d3bidos-PA prev\u00ea a oferta de 537 vagas para diversos cargos em seu concurso. Confira aqui a rela\u00e7\u00e3o completa!","og_url":"https:\/\/www.estrategiaconcursos.com.br\/blog\/prefeitura-de-obidos-cargos-vagas-concurso\/","og_site_name":"Estrat\u00e9gia Concursos","article_published_time":"2020-07-27T19:24:47+00:00","article_modified_time":"2020-07-31T20:46:30+00:00","og_image":[{"width":1200,"height":628,"url":"https:\/\/dhg1h5j42swfq.cloudfront.net\/2020\/07\/27161945\/Prefeitura-de-%C3%93bidos.jpg","type":"image\/jpeg"}],"author":"Vinicius Silva","twitter_card":"summary_large_image","twitter_creator":"@EstratConcursos","twitter_site":"@EstratConcursos","twitter_misc":{"Escrito por":"Vinicius Silva","Est. tempo de leitura":"3 minutos"},"schema":{"@context":"https:\/\/schema.org","@graph":[{"@type":"NewsArticle","@id":"https:\/\/www.estrategiaconcursos.com.br\/blog\/prefeitura-de-obidos-cargos-vagas-concurso\/#article","isPartOf":{"@id":"https:\/\/www.estrategiaconcursos.com.br\/blog\/prefeitura-de-obidos-cargos-vagas-concurso\/"},"author":{"name":"Vinicius Silva","@id":"https:\/\/www.estrategiaconcursos.com.br\/blog\/#\/schema\/person\/20030622a981f9a942ad6b3561fe4ca4"},"headline":"Prefeitura de \u00d3bidos divulga cargos e vagas do concurso!","datePublished":"2020-07-27T19:24:47+00:00","dateModified":"2020-07-31T20:46:30+00:00","mainEntityOfPage":{"@id":"https:\/\/www.estrategiaconcursos.com.br\/blog\/prefeitura-de-obidos-cargos-vagas-concurso\/"},"wordCount":612,"commentCount":0,"publisher":{"@id":"https:\/\/www.estrategiaconcursos.com.br\/blog\/#organization"},"image":{"@id":"https:\/\/www.estrategiaconcursos.com.br\/blog\/prefeitura-de-obidos-cargos-vagas-concurso\/#primaryimage"},"thumbnailUrl":"https:\/\/dhg1h5j42swfq.cloudfront.net\/2020\/07\/27161945\/Prefeitura-de-%C3%93bidos.jpg","articleSection":["Concursos P\u00fablicos"],"inLanguage":"pt-BR","potentialAction":[{"@type":"CommentAction","name":"Comment","target":["https:\/\/www.estrategiaconcursos.com.br\/blog\/prefeitura-de-obidos-cargos-vagas-concurso\/#respond"]}],"copyrightYear":"2020","copyrightHolder":{"@id":"https:\/\/www.estrategiaconcursos.com.br\/blog\/#organization"}},{"@type":"WebPage","@id":"https:\/\/www.estrategiaconcursos.com.br\/blog\/prefeitura-de-obidos-cargos-vagas-concurso\/","url":"https:\/\/www.estrategiaconcursos.com.br\/blog\/prefeitura-de-obidos-cargos-vagas-concurso\/","name":"Prefeitura de \u00d3bidos divulga cargos e vagas do concurso!","isPartOf":{"@id":"https:\/\/www.estrategiaconcursos.com.br\/blog\/#website"},"primaryImageOfPage":{"@id":"https:\/\/www.estrategiaconcursos.com.br\/blog\/prefeitura-de-obidos-cargos-vagas-concurso\/#primaryimage"},"image":{"@id":"https:\/\/www.estrategiaconcursos.com.br\/blog\/prefeitura-de-obidos-cargos-vagas-concurso\/#primaryimage"},"thumbnailUrl":"https:\/\/dhg1h5j42swfq.cloudfront.net\/2020\/07\/27161945\/Prefeitura-de-%C3%93bidos.jpg","datePublished":"2020-07-27T19:24:47+00:00","dateModified":"2020-07-31T20:46:30+00:00","description":"Prefeitura de \u00d3bidos-PA prev\u00ea a oferta de 537 vagas para diversos cargos em seu concurso. Confira aqui a rela\u00e7\u00e3o completa!","breadcrumb":{"@id":"https:\/\/www.estrategiaconcursos.com.br\/blog\/prefeitura-de-obidos-cargos-vagas-concurso\/#breadcrumb"},"inLanguage":"pt-BR","potentialAction":[{"@type":"ReadAction","target":["https:\/\/www.estrategiaconcursos.com.br\/blog\/prefeitura-de-obidos-cargos-vagas-concurso\/"]}]},{"@type":"ImageObject","inLanguage":"pt-BR","@id":"https:\/\/www.estrategiaconcursos.com.br\/blog\/prefeitura-de-obidos-cargos-vagas-concurso\/#primaryimage","url":"https:\/\/dhg1h5j42swfq.cloudfront.net\/2020\/07\/27161945\/Prefeitura-de-%C3%93bidos.jpg","contentUrl":"https:\/\/dhg1h5j42swfq.cloudfront.net\/2020\/07\/27161945\/Prefeitura-de-%C3%93bidos.jpg","width":1200,"height":628,"caption":"Prefeitura de \u00d3bidos PA"},{"@type":"BreadcrumbList","@id":"https:\/\/www.estrategiaconcursos.com.br\/blog\/prefeitura-de-obidos-cargos-vagas-concurso\/#breadcrumb","itemListElement":[{"@type":"ListItem","position":1,"name":"In\u00edcio","item":"https:\/\/www.estrategiaconcursos.com.br\/blog\/"},{"@type":"ListItem","position":2,"name":"Prefeitura de \u00d3bidos divulga cargos e vagas do concurso!"}]},{"@type":"WebSite","@id":"https:\/\/www.estrategiaconcursos.com.br\/blog\/#website","url":"https:\/\/www.estrategiaconcursos.com.br\/blog\/","name":"Estrat\u00e9gia Concursos","description":"O blog da Estrat\u00e9gia Concursos traz not\u00edcias sobre concursos e artigos de professores oferecendo cursos para concursos (pdf + videaulas) no site.","publisher":{"@id":"https:\/\/www.estrategiaconcursos.com.br\/blog\/#organization"},"potentialAction":[{"@type":"SearchAction","target":{"@type":"EntryPoint","urlTemplate":"https:\/\/www.estrategiaconcursos.com.br\/blog\/?s={search_term_string}"},"query-input":{"@type":"PropertyValueSpecification","valueRequired":true,"valueName":"search_term_string"}}],"inLanguage":"pt-BR"},{"@type":"Organization","@id":"https:\/\/www.estrategiaconcursos.com.br\/blog\/#organization","name":"Estrat\u00e9gia Concursos","url":"https:\/\/www.estrategiaconcursos.com.br\/blog\/","logo":{"@type":"ImageObject","inLanguage":"pt-BR","@id":"https:\/\/www.estrategiaconcursos.com.br\/blog\/#\/schema\/logo\/image\/","url":"https:\/\/dhg1h5j42swfq.cloudfront.net\/2025\/06\/03203428\/logo_concursos-1.jpg","contentUrl":"https:\/\/dhg1h5j42swfq.cloudfront.net\/2025\/06\/03203428\/logo_concursos-1.jpg","width":230,"height":60,"caption":"Estrat\u00e9gia Concursos"},"image":{"@id":"https:\/\/www.estrategiaconcursos.com.br\/blog\/#\/schema\/logo\/image\/"},"sameAs":["https:\/\/x.com\/EstratConcursos"]},{"@type":"Person","@id":"https:\/\/www.estrategiaconcursos.com.br\/blog\/#\/schema\/person\/20030622a981f9a942ad6b3561fe4ca4","name":"Vinicius Silva","image":{"@type":"ImageObject","inLanguage":"pt-BR","@id":"https:\/\/secure.gravatar.com\/avatar\/604d9670a4c7eea71feaa4381f3ae97e148292ac402671c5944aa67a3d127663?s=96&d=mm&r=g","url":"https:\/\/secure.gravatar.com\/avatar\/604d9670a4c7eea71feaa4381f3ae97e148292ac402671c5944aa67a3d127663?s=96&d=mm&r=g","contentUrl":"https:\/\/secure.gravatar.com\/avatar\/604d9670a4c7eea71feaa4381f3ae97e148292ac402671c5944aa67a3d127663?s=96&d=mm&r=g","caption":"Vinicius Silva"},"url":"https:\/\/www.estrategiaconcursos.com.br\/blog\/author\/viniciussilvaestrategiaconcursos-com-br\/"}]}},"_links":{"self":[{"href":"https:\/\/www.estrategiaconcursos.com.br\/blog\/wp-json\/wp\/v2\/posts\/547749","targetHints":{"allow":["GET"]}}],"collection":[{"href":"https:\/\/www.estrategiaconcursos.com.br\/blog\/wp-json\/wp\/v2\/posts"}],"about":[{"href":"https:\/\/www.estrategiaconcursos.com.br\/blog\/wp-json\/wp\/v2\/types\/post"}],"author":[{"embeddable":true,"href":"https:\/\/www.estrategiaconcursos.com.br\/blog\/wp-json\/wp\/v2\/users\/93"}],"replies":[{"embeddable":true,"href":"https:\/\/www.estrategiaconcursos.com.br\/blog\/wp-json\/wp\/v2\/comments?post=547749"}],"version-history":[{"count":6,"href":"https:\/\/www.estrategiaconcursos.com.br\/blog\/wp-json\/wp\/v2\/posts\/547749\/revisions"}],"predecessor-version":[{"id":549998,"href":"https:\/\/www.estrategiaconcursos.com.br\/blog\/wp-json\/wp\/v2\/posts\/547749\/revisions\/549998"}],"wp:featuredmedia":[{"embeddable":true,"href":"https:\/\/www.estrategiaconcursos.com.br\/blog\/wp-json\/wp\/v2\/media\/547765"}],"wp:attachment":[{"href":"https:\/\/www.estrategiaconcursos.com.br\/blog\/wp-json\/wp\/v2\/media?parent=547749"}],"wp:term":[{"taxonomy":"category","embeddable":true,"href":"https:\/\/www.estrategiaconcursos.com.br\/blog\/wp-json\/wp\/v2\/categories?post=547749"},{"taxonomy":"post_tag","embeddable":true,"href":"https:\/\/www.estrategiaconcursos.com.br\/blog\/wp-json\/wp\/v2\/tags?post=547749"},{"taxonomy":"tax_estado","embeddable":true,"href":"https:\/\/www.estrategiaconcursos.com.br\/blog\/wp-json\/wp\/v2\/tax_estado?post=547749"}],"curies":[{"name":"wp","href":"https:\/\/api.w.org\/{rel}","templated":true}]}}