{"id":547606,"date":"2021-08-17T00:00:00","date_gmt":"2021-08-17T03:00:00","guid":{"rendered":"https:\/\/www.estrategiaconcursos.com.br\/blog\/?p=547606"},"modified":"2021-08-18T10:14:37","modified_gmt":"2021-08-18T13:14:37","slug":"edital-do-crmv-ap-publicado","status":"publish","type":"post","link":"https:\/\/www.estrategiaconcursos.com.br\/blog\/edital-do-crmv-ap-publicado\/","title":{"rendered":"Edital CRMV AP: resultado definitivo da objetiva! Veja!"},"content":{"rendered":"\n<p>O Conselho Regional de Medicina Veterin\u00e1ria do Estado do Amap\u00e1 divulgou o <a href=\"http:\/\/www.quadrix.org.br\/web\/visualizar.html?file=http:\/\/www.quadrix.org.br\/Archives\/General\/22570\/23250\/24738\/AF2E3A0A6A38\/1_CRMV-AP_concurso_publico_2020_resultado_definitivo_prova_objetiva.pdf\" target=\"_blank\" rel=\"noreferrer noopener\">resultado definitivo da prova objetiva<\/a> que aconteceu no dia 25\/07\/2021. <a href=\"http:\/\/www.quadrix.org.br\/web\/visualizar.html?file=http:\/\/www.quadrix.org.br\/Archives\/General\/22570\/23250\/24563\/0EAE55A049AB\/1_CRMV-AP_concurso_publico_2020_gabarito_preliminar.pdf\" target=\"_blank\" rel=\"noreferrer noopener nofollow\">Confira aqui<\/a>! Al\u00e9m disso convocou os candidatos para o o procedimento de <a href=\"http:\/\/www.quadrix.org.br\/web\/visualizar.html?file=http:\/\/www.quadrix.org.br\/Archives\/General\/22570\/23250\/24739\/C6F05372BF77\/1_CRMV_AP_concurso_publico_2020_edital_convocacao_proced_heteroid.pdf\" target=\"_blank\" rel=\"noreferrer noopener\">heteroidentifica\u00e7\u00e3o <\/a>no dia 21 de agosto de 2021. <\/p>\n\n\n\n<ul id=\"block-ee678516-e9d1-48bd-b327-7b9acd55f0fd\" class=\"has-electric-grass-gradient-background has-background wp-block-list\"><li><strong>Concurso CRMV AP<\/strong><\/li><li><strong>Status:<\/strong>\u00a0resultado definitivo da objetiva<\/li><li><strong>Banca:\u00a0<\/strong>Quadrix<\/li><li><strong>Vagas:\u00a0<\/strong>70<\/li><li><strong>Sal\u00e1rio inicial:<\/strong>\u00a0R$ 1.780,00<em> +<\/em> benef\u00edcios<\/li><\/ul>\n\n\n\n<p>O edital do concurso prev\u00ea uma vaga imediata mais 29 em cadastro de reserva para o cargo de Agente Administrativo e duas vagas imediatas e 38 em cadastro de reserva para Agente de Fiscaliza\u00e7\u00e3o. <\/p>\n\n\n\n<div class=\"col-sm\">\n      <div class=\"banner-estrategia\" id=\"box-assinatura\">\n        <h3 class=\"titulo-assinatura\">Cursos para CRMV AP<\/h3>\n        <p class=\"subtitulo-assinatura\">Conhe\u00e7a os cursos<\/p>\n        <div class=\"box-botao\">\n          <a class=\"btn-assinatura\" target=\"_blank\" href=\"https:\/\/www.estrategiaconcursos.com.br\/cursos\/concurso\/\" role=\"button\" rel=\"noopener noreferrer\">Conhe\u00e7a mais<\/a>\n        <\/div>\n      <\/div>\n      <p class=\"texto-auxiliar\">Prepare-se com o melhor material e com quem mais aprova em Concursos P\u00fablicos em todo o pa\u00eds.<\/p>\n    <\/div>\n\n\n\n<h2 class=\"wp-block-heading\" id=\"datas\">Principais datas do Edital CRMV AP<\/h2>\n\n\n\n<p class=\"has-very-light-gray-background-color has-background\"><strong>Inscri\u00e7\u00f5es: <\/strong><s>at\u00e9 14\/06\/2021<br \/><\/s><strong>Taxa:<\/strong> R$ 50,00 <br \/><strong>Prova:<\/strong><s><strong> <\/strong>25\/07\/2021<\/s><\/p>\n\n\n\n<p class=\"has-text-align-center has-luminous-vivid-amber-background-color has-background\"><a href=\"https:\/\/dhg1h5j42swfq.cloudfront.net\/2021\/05\/18152712\/1_crmv-ap_concurso_publico_2020_cronograma_atualizado.pdf\" target=\"_blank\" rel=\"noreferrer noopener nofollow\"><strong>NOVO CRONOGRAMA<\/strong><\/a><\/p>\n\n\n\n<h2 class=\"wp-block-heading\" id=\"cargos-vagas-remuneracao\">Cargos, vagas e remunera\u00e7\u00e3o do CRMV AP<\/h2>\n\n\n\n<figure class=\"wp-block-table is-style-stripes\"><table class=\"has-subtle-pale-blue-background-color has-background\"><tbody><tr><td class=\"has-text-align-center\" data-align=\"center\">CARGOS<\/td><td class=\"has-text-align-center\" data-align=\"center\">VAGAS<\/td><td class=\"has-text-align-center\" data-align=\"center\">REMUNERA\u00c7\u00d5ES<\/td><td class=\"has-text-align-center\" data-align=\"center\">ESCOLARIDADE<\/td><\/tr><tr><td class=\"has-text-align-center\" data-align=\"center\"><em>Agente Administrativo<\/em><\/td><td class=\"has-text-align-center\" data-align=\"center\">1+29 CR<\/td><td class=\"has-text-align-center\" data-align=\"center\">R$ 1.780,00 + benef\u00edcios<\/td><td class=\"has-text-align-center\" data-align=\"center\">N\u00edvel M\u00e9dio<\/td><\/tr><tr><td class=\"has-text-align-center\" data-align=\"center\"><em>Agente de Fiscaliza\u00e7\u00e3o<\/em>.<\/td><td class=\"has-text-align-center\" data-align=\"center\">2+ 38 CR<\/td><td class=\"has-text-align-center\" data-align=\"center\">R$ 1.780,00 + benef\u00edcios<\/td><td class=\"has-text-align-center\" data-align=\"center\">N\u00edvel M\u00e9dio<\/td><\/tr><\/tbody><\/table><\/figure>\n\n\n\n<p>O CRMV-AP oferecer\u00e1 aos candidatos admitidos por meio deste Concurso P\u00fablico, desde que preenchidos os requisitos legais, os seguintes benef\u00edcios:<\/p>\n\n\n\n<ul class=\"wp-block-list\"><li>a) Vale Alimenta\u00e7\u00e3o, no valor de R$ 250,00 (Duzentos e cinquenta reais) por m\u00eas;<\/li><li>b) Plano de Cargos e Sal\u00e1rios; e<\/li><li>c) Vale transporte, conforme legisla\u00e7\u00e3o. 2.2 Em caso de admiss\u00e3o, os candidatos contratados receber\u00e3o, al\u00e9m da remunera\u00e7\u00e3o base, os benef\u00edcios que estiverem em vigor na \u00e9poca da admiss\u00e3o ou readmiss\u00e3o, desde que preenchidos os requisitos legais e as regras estabelecidas em Normas Internas.<\/li><\/ul>\n\n\n\n<h2 class=\"wp-block-heading\" id=\"prova\">Etapas de provas do concurso <\/h2>\n\n\n\n<p>O concurso CRMV AP disponibilizar\u00e1 aos candidatos apenas uma etapa de prova, sendo ela objetiva. De acordo com o edital, o exame acontecer\u00e1 no per\u00edodo da tarde, no munic\u00edpio de Macap\u00e1 (AP). <\/p>\n\n\n\n<ul class=\"wp-block-list\"><li><strong>Conhecimentos B\u00e1sicos<\/strong> (L\u00edngua Portuguesa, No\u00e7\u00f5es de Inform\u00e1tica, Racioc\u00ednio l\u00f3gico e Matem\u00e1tico e Atualidades) \u2013 40 quest\u00f5es<\/li><li><strong>Conhecimentos Complementares<\/strong> (Legisla\u00e7\u00e3o e \u00c9tica na Administra\u00e7\u00e3o P\u00fablica e No\u00e7\u00f5es de Direito Constitucional) \u2013 30 quest\u00f5es<\/li><li><strong>Conhecimentos Espec\u00edficos<\/strong> \u2013 50 quest\u00f5es<\/li><\/ul>\n\n\n\n<p>A prova objetiva, de car\u00e1ter eliminat\u00f3rio e classificat\u00f3rio, ser\u00e1 composta de 120 (cento e vinte) itens, valer\u00e1 120,00 pontos e avaliar\u00e1 as habilidades e os conhecimentos do candidato, conforme o edital.<\/p>\n\n\n\n<p>O julgamento de cada item ser\u00e1 CERTO ou ERRADO, de acordo com o(s) comando(s) a que se refere o item. Haver\u00e1, no cart\u00e3o-resposta, para cada item, duas \u00e1reas de marca\u00e7\u00e3o: a \u00e1rea designada com a letra C, que dever\u00e1 ser preenchida pelo candidato caso julgue o item CERTO, e a \u00e1rea designada com a letra E, que dever\u00e1 ser preenchida pelo candidato caso julgue o item ERRADO.<\/p>\n\n\n\n<p>A prova objetiva  do edital do CRMV AP ser\u00e1 corrigida por meio de processamento eletr\u00f4nico, a partir das marca\u00e7\u00f5es feitas pelos candidatos no cart\u00e3oresposta.<\/p>\n\n\n\n<p>A nota em cada item da prova objetiva ser\u00e1 igual a: 1,00 ponto, caso a resposta do candidato esteja em concord\u00e2ncia com o gabarito oficial definitivo da prova; 0,50 ponto negativo, caso a resposta do candidato esteja em discord\u00e2ncia com o gabarito oficial definitivo da prova; 0,00, caso n\u00e3o haja marca\u00e7\u00e3o ou haja marca\u00e7\u00e3o dupla (C e E).<\/p>\n\n\n\n<p>Ser\u00e1 aprovado na prova objetiva o candidato que, cumulativamente: a) obtiver nota igual ou superior a 16,00 pontos na \u00e1rea de Conhecimentos B\u00e1sicos; b) obtiver nota igual ou superior a 10,00 pontos na \u00e1rea de Conhecimentos Complementares; e c) obtiver nota igual ou superior a 17,00 pontos na \u00e1rea de Conhecimentos Espec\u00edficos.<\/p>\n\n\n\n<p>O candidato n\u00e3o habilitado na prova objetiva, na forma do disposto no subitem anterior, ser\u00e1 automaticamente considerado reprovado, para todos os efeitos, e n\u00e3o ter\u00e1 classifica\u00e7\u00e3o alguma no Concurso P\u00fablico. A pontua\u00e7\u00e3o final de cada candidato na prova objetiva ser\u00e1 obtida pela soma das notas obtidas em cada \u00e1rea de conhecimento.<\/p>\n\n\n\n<h3 class=\"has-text-align-left wp-block-heading\" id=\"estrategico\"><a rel=\"noreferrer noopener\" href=\"https:\/\/www.estrategiaconcursos.com.br\/blog\/edital-estrategico-crmv-ap\" target=\"_blank\">Edital Estrat\u00e9gico CRMV\/AP: baixe aqu<\/a><a href=\"https:\/\/www.estrategiaconcursos.com.br\/blog\/edital-estrategico-crmv-ap\" target=\"_blank\" rel=\"noreferrer noopener\">i<\/a><a rel=\"noreferrer noopener\" href=\"https:\/\/www.estrategiaconcursos.com.br\/blog\/edital-estrategico-crmv-ap\" target=\"_blank\"> gratuitamente<\/a><\/h3>\n\n\n\n<p>A partir das informa\u00e7\u00f5es preenchidas pelo aluno, uma \u201caba\u201d do Edital Estrat\u00e9gico CRMV\/AP ir\u00e1 demonstrar a progress\u00e3o em cada tarefa e assunto. A edi\u00e7\u00e3o poder\u00e1 ser realizada apenas na 3\u00aa aba, relativa ao preenchimento do progresso nas disciplinas. Caso voc\u00ea queira fazer outras modifica\u00e7\u00f5es no arquivo, \u00e9 s\u00f3 usar a senha \u201cadmin\u201d na op\u00e7\u00e3o desproteger planilha do Excel.<\/p>\n\n\n\n<p>IMPORTANTE: Ao clicar no link acima, vai ser aberta uma janela do Google Drive que tentar\u00e1 carregar a visualiza\u00e7\u00e3o da planilha no seu navegador. N\u00e3o h\u00e1 necessidade de esperar essa visualiza\u00e7\u00e3o (talvez at\u00e9 nem carregue, j\u00e1 que os arquivos s\u00e3o pesados).<\/p>\n\n\n\n<p class=\"has-text-align-center has-cyan-bluish-gray-background-color has-background\" style=\"font-size:clamp(16.293px, 1.018rem + ((1vw - 3.2px) * 0.854), 25px);px\"><strong><a href=\"https:\/\/www.estrategiaconcursos.com.br\/blog\/edital-estrategico-crmv-ap\/\" target=\"_blank\" rel=\"noreferrer noopener\">ACESSE: EDITAL ESTRAT\u00c9GICO CRMV AP<\/a><\/strong><\/p>\n\n\n\n<p>Fa\u00e7a o download clicando na seta para baixo no canto superior direito da janela do Google Drive que vai ser aberta ao clicar nos links acima.<\/p>\n\n\n\n<p>Todos os arquivos foram testados em diferentes computadores e celulares e est\u00e3o ok. Talvez alguma incompatibilidade (ou mensagem de erro, como &#8220;arquivo inv\u00e1lido&#8221;) ocorra em virtude do seu pr\u00f3prio computador ou do tamanho dos arquivos que possuem mais conte\u00fado.<\/p>\n\n\n\n<h2 class=\"has-text-align-center wp-block-heading\" id=\"cursos-assinatura\">Quer se preparar para o concurso CRMV AP?<\/h2>\n\n\n\n<p class=\"has-text-align-center\"><strong><em>Confira abaixo o curso do edital do CRMV AP:<\/em><\/strong><\/p>\n\n\n\n<div class=\"col-sm\">\n      <div class=\"banner-estrategia\" id=\"box-assinatura\">\n        <h3 class=\"titulo-assinatura\">Cursos para CRMV AP<\/h3>\n        <p class=\"subtitulo-assinatura\">Conhe\u00e7a os cursos<\/p>\n        <div class=\"box-botao\">\n          <a class=\"btn-assinatura\" target=\"_blank\" href=\"https:\/\/www.estrategiaconcursos.com.br\/cursos\/concurso\/\" role=\"button\" rel=\"noopener noreferrer\">Conhe\u00e7a mais<\/a>\n        <\/div>\n      <\/div>\n      <p class=\"texto-auxiliar\">Prepare-se com o melhor material e com quem mais aprova em Concursos P\u00fablicos em todo o pa\u00eds.<\/p>\n    <\/div>\n\n\n\n<div class=\"container\" id=\"boxes\">\n  <div class=\"row\">\n\n    <div class=\"col-sm\">\n      <div class=\"estrategia\" id=\"box-assinatura\">\n        <h3 class=\"titulo-assinatura\">Assinatura Concursos<\/h3>\n        <p class=\"subtitulo-assinatura\">Assinatura de 1 ano ou 2 anos<\/p>\n        <div class=\"box-botao\">\n          <a class=\"btn-assinatura\" target=\"_blank\" href=\"https:\/\/www.estrategiaconcursos.com.br\/assinaturas\/\" role=\"button\" rel=\"noopener noreferrer\">ASSINE AGORA<\/a>\n        <\/div>\n      <\/div>\n     \n    <\/div><\/div><\/div>\n\n\n\n<p class=\"has-text-align-center\"><em><strong>Fique por dentro de todos os concursos<\/strong><\/em>:<\/p>\n\n\n\n<div class=\"container\" id=\"boxes\">\n  <div class=\"row\">\n\n    <div class=\"col-sm\" id=\"boxes-concursos\">\n      <div style=\"background-color: #005DAD;\" class=\"conteudo-concursos\" id=\"box-concursos\">\n        <h3 class=\"titulo-assinatura\">Concursos Abertos<\/h3>\n        <p class=\"subtitulo-assinatura\">Os editais publicados<\/p>\n        <div class=\"box-botao\">\n          <a class=\"btn-assinatura\" target=\"_blank\" href=\"https:\/\/www.estrategiaconcursos.com.br\/blog\/concursos-abertos\/\" role=\"button\" rel=\"noopener noreferrer\">Conhe\u00e7a Agora<\/a>\n        <\/div>\n      <\/div>\n    <\/div>\n\n    <div class=\"col-sm\" id=\"boxes-concursos\">\n      <div style=\"background-color: #1A7ED5;\" class=\"conteudo-concursos\" id=\"box-concursos\">\n        <h3 class=\"titulo-assinatura\">Concursos 2021<\/h3>\n        <p class=\"subtitulo-assinatura\">As oportunidades previstas<\/p>\n        <div class=\"box-botao\">\n          <a class=\"btn-assinatura\" target=\"_blank\" href=\"https:\/\/www.estrategiaconcursos.com.br\/blog\/concursos-2021\/\" role=\"button\" rel=\"noopener noreferrer\">Conhe\u00e7a Agora<\/a>\n        <\/div>\n      <\/div>\n    <\/div>\n\n    <div class=\"col-sm\" id=\"boxes-concursos\">\n      <div style=\"background-color: #419FF0;\" class=\"conteudo-concursos\" id=\"box-concursos\">\n        <h3 class=\"titulo-assinatura\">Concursos 2022<\/h3>\n        <p class=\"subtitulo-assinatura\">Vagas para o pr\u00f3ximo ano<\/p>\n        <div class=\"box-botao\">\n          <a class=\"btn-assinatura\" target=\"_blank\" href=\"https:\/\/www.estrategiaconcursos.com.br\/blog\/concursos-2022\/\" role=\"button\" rel=\"noopener noreferrer\">Conhe\u00e7a Agora<\/a>\n        <\/div>\n      <\/div>\n    <\/div>\n\n  <\/div>\n<\/div>\n\n\n\n<figure class=\"wp-block-image is-resized\"><img loading=\"lazy\" decoding=\"async\" src=\"https:\/\/dhg1h5j42swfq.cloudfront.net\/2021\/04\/06111311\/ficha-tecnica-49-1024x632.png\" alt=\"\" class=\"wp-image-708285\" width=\"205\" height=\"126\" srcset=\"https:\/\/dhg1h5j42swfq.cloudfront.net\/2021\/04\/06111311\/ficha-tecnica-49-1024x632.png 1024w, https:\/\/dhg1h5j42swfq.cloudfront.net\/2021\/04\/06111311\/ficha-tecnica-49-300x185.png 300w, https:\/\/dhg1h5j42swfq.cloudfront.net\/2021\/04\/06111311\/ficha-tecnica-49-768x474.png 768w, https:\/\/dhg1h5j42swfq.cloudfront.net\/2021\/04\/06111311\/ficha-tecnica-49-1536x948.png 1536w, https:\/\/dhg1h5j42swfq.cloudfront.net\/2021\/04\/06111311\/ficha-tecnica-49-610x377.png 610w, https:\/\/dhg1h5j42swfq.cloudfront.net\/2021\/04\/06111311\/ficha-tecnica-49.png 1571w\" sizes=\"auto, (max-width: 205px) 100vw, 205px\" \/><\/figure>\n\n\n\n<h3 class=\"wp-block-heading\" id=\"ficha-tecnica\"><strong>Informa\u00e7\u00f5es sobre o <\/strong>concurso<\/h3>\n\n\n\n<p>\u25ba<strong>Data prevista<\/strong>: <s>25\/07\/2021<\/s><br \/>\u25ba<strong>Vagas<\/strong>: 70<br \/>\u25ba<strong>Cargos<\/strong>: Agente Administrativo e Agente de Fiscaliza\u00e7\u00e3o.<br \/>\u25ba<strong>Banca<\/strong>: Instituto Quadrix<br \/>\u25ba<strong>Escolaridade<\/strong>: N\u00edvel M\u00e9dio<br \/>\u25ba<strong>Edital<\/strong>: <a href=\"https:\/\/dhg1h5j42swfq.cloudfront.net\/2020\/07\/27123322\/edital-crmv-ap.pdf\" target=\"_blank\" rel=\"noreferrer noopener nofollow\">Edital 2020<\/a><\/p>\n","protected":false},"excerpt":{"rendered":"<p>O Conselho Regional de Medicina Veterin\u00e1ria do Estado do Amap\u00e1 divulgou o resultado definitivo da prova objetiva que aconteceu no dia 25\/07\/2021. Confira aqui! Al\u00e9m disso convocou os candidatos para o o procedimento de heteroidentifica\u00e7\u00e3o no dia 21 de agosto de 2021. Concurso CRMV AP Status:\u00a0resultado definitivo da objetiva Banca:\u00a0Quadrix Vagas:\u00a070 Sal\u00e1rio inicial:\u00a0R$ 1.780,00 + [&hellip;]<\/p>\n","protected":false},"author":1,"featured_media":570512,"comment_status":"open","ping_status":"closed","sticky":false,"template":"","format":"standard","meta":{"post_tipo":"news","footnotes":""},"categories":[214992],"tags":[],"tax_estado":[219967],"class_list":["post-547606","post","type-post","status-publish","format-standard","has-post-thumbnail","hentry","category-concursos-administrativos","tax_estado-ap"],"acf":[],"yoast_head":"<!-- This site is optimized with the Yoast SEO Premium plugin v27.2 (Yoast SEO v27.2) - https:\/\/yoast.com\/product\/yoast-seo-premium-wordpress\/ -->\n<title>Edital CRMV AP: resultado definitivo da objetiva! Veja!<\/title>\n<meta name=\"description\" content=\"Edital CRMV AP: resultado definitivo da objetiva. S\u00e3o ofertadas 70 vagas para n\u00edvel m\u00e9dio. Saiba mais informa\u00e7\u00f5es neste artigo.\" \/>\n<meta name=\"robots\" content=\"index, follow, max-snippet:-1, max-image-preview:large, max-video-preview:-1\" \/>\n<link rel=\"canonical\" href=\"https:\/\/www.estrategiaconcursos.com.br\/blog\/edital-do-crmv-ap-publicado\/\" \/>\n<meta property=\"og:locale\" content=\"pt_BR\" \/>\n<meta property=\"og:type\" content=\"article\" \/>\n<meta property=\"og:title\" content=\"Edital CRMV AP: resultado definitivo da objetiva! Veja!\" \/>\n<meta property=\"og:description\" content=\"Edital CRMV AP: resultado definitivo da objetiva. S\u00e3o ofertadas 70 vagas para n\u00edvel m\u00e9dio. Saiba mais informa\u00e7\u00f5es neste artigo.\" \/>\n<meta property=\"og:url\" content=\"https:\/\/www.estrategiaconcursos.com.br\/blog\/edital-do-crmv-ap-publicado\/\" \/>\n<meta property=\"og:site_name\" content=\"Estrat\u00e9gia Concursos\" \/>\n<meta property=\"article:author\" content=\"https:\/\/www.facebook.com\/EstrategiaConcursos\" \/>\n<meta property=\"article:published_time\" content=\"2021-08-17T03:00:00+00:00\" \/>\n<meta property=\"article:modified_time\" content=\"2021-08-18T13:14:37+00:00\" \/>\n<meta property=\"og:image\" content=\"https:\/\/dhg1h5j42swfq.cloudfront.net\/2020\/07\/11085423\/JORNALISMO-CRMV-AP-1.jpg\" \/>\n\t<meta property=\"og:image:width\" content=\"1200\" \/>\n\t<meta property=\"og:image:height\" content=\"628\" \/>\n\t<meta property=\"og:image:type\" content=\"image\/jpeg\" \/>\n<meta name=\"author\" content=\"Coordena\u00e7\u00e3o\" \/>\n<meta name=\"twitter:card\" content=\"summary_large_image\" \/>\n<meta name=\"twitter:creator\" content=\"@EstratConcursos\" \/>\n<meta name=\"twitter:site\" content=\"@EstratConcursos\" \/>\n<meta name=\"twitter:label1\" content=\"Escrito por\" \/>\n\t<meta name=\"twitter:data1\" content=\"Coordena\u00e7\u00e3o\" \/>\n\t<meta name=\"twitter:label2\" content=\"Est. tempo de leitura\" \/>\n\t<meta name=\"twitter:data2\" content=\"5 minutos\" \/>\n<script type=\"application\/ld+json\" class=\"yoast-schema-graph\">{\"@context\":\"https:\/\/schema.org\",\"@graph\":[{\"@type\":\"NewsArticle\",\"@id\":\"https:\/\/www.estrategiaconcursos.com.br\/blog\/edital-do-crmv-ap-publicado\/#article\",\"isPartOf\":{\"@id\":\"https:\/\/www.estrategiaconcursos.com.br\/blog\/edital-do-crmv-ap-publicado\/\"},\"author\":{\"name\":\"Coordena\u00e7\u00e3o\",\"@id\":\"https:\/\/www.estrategiaconcursos.com.br\/blog\/#\/schema\/person\/b4a388c97673c5f483d72185668afa1f\"},\"headline\":\"Edital CRMV AP: resultado definitivo da objetiva! Veja!\",\"datePublished\":\"2021-08-17T03:00:00+00:00\",\"dateModified\":\"2021-08-18T13:14:37+00:00\",\"mainEntityOfPage\":{\"@id\":\"https:\/\/www.estrategiaconcursos.com.br\/blog\/edital-do-crmv-ap-publicado\/\"},\"wordCount\":963,\"commentCount\":0,\"publisher\":{\"@id\":\"https:\/\/www.estrategiaconcursos.com.br\/blog\/#organization\"},\"image\":{\"@id\":\"https:\/\/www.estrategiaconcursos.com.br\/blog\/edital-do-crmv-ap-publicado\/#primaryimage\"},\"thumbnailUrl\":\"https:\/\/dhg1h5j42swfq.cloudfront.net\/2020\/07\/11085423\/JORNALISMO-CRMV-AP-1.jpg\",\"articleSection\":[\"Executivo (Administrativa)\"],\"inLanguage\":\"pt-BR\",\"potentialAction\":[{\"@type\":\"CommentAction\",\"name\":\"Comment\",\"target\":[\"https:\/\/www.estrategiaconcursos.com.br\/blog\/edital-do-crmv-ap-publicado\/#respond\"]}],\"copyrightYear\":\"2021\",\"copyrightHolder\":{\"@id\":\"https:\/\/www.estrategiaconcursos.com.br\/blog\/#organization\"}},{\"@type\":\"WebPage\",\"@id\":\"https:\/\/www.estrategiaconcursos.com.br\/blog\/edital-do-crmv-ap-publicado\/\",\"url\":\"https:\/\/www.estrategiaconcursos.com.br\/blog\/edital-do-crmv-ap-publicado\/\",\"name\":\"Edital CRMV AP: resultado definitivo da objetiva! Veja!\",\"isPartOf\":{\"@id\":\"https:\/\/www.estrategiaconcursos.com.br\/blog\/#website\"},\"primaryImageOfPage\":{\"@id\":\"https:\/\/www.estrategiaconcursos.com.br\/blog\/edital-do-crmv-ap-publicado\/#primaryimage\"},\"image\":{\"@id\":\"https:\/\/www.estrategiaconcursos.com.br\/blog\/edital-do-crmv-ap-publicado\/#primaryimage\"},\"thumbnailUrl\":\"https:\/\/dhg1h5j42swfq.cloudfront.net\/2020\/07\/11085423\/JORNALISMO-CRMV-AP-1.jpg\",\"datePublished\":\"2021-08-17T03:00:00+00:00\",\"dateModified\":\"2021-08-18T13:14:37+00:00\",\"description\":\"Edital CRMV AP: resultado definitivo da objetiva. S\u00e3o ofertadas 70 vagas para n\u00edvel m\u00e9dio. Saiba mais informa\u00e7\u00f5es neste artigo.\",\"breadcrumb\":{\"@id\":\"https:\/\/www.estrategiaconcursos.com.br\/blog\/edital-do-crmv-ap-publicado\/#breadcrumb\"},\"inLanguage\":\"pt-BR\",\"potentialAction\":[{\"@type\":\"ReadAction\",\"target\":[\"https:\/\/www.estrategiaconcursos.com.br\/blog\/edital-do-crmv-ap-publicado\/\"]}]},{\"@type\":\"ImageObject\",\"inLanguage\":\"pt-BR\",\"@id\":\"https:\/\/www.estrategiaconcursos.com.br\/blog\/edital-do-crmv-ap-publicado\/#primaryimage\",\"url\":\"https:\/\/dhg1h5j42swfq.cloudfront.net\/2020\/07\/11085423\/JORNALISMO-CRMV-AP-1.jpg\",\"contentUrl\":\"https:\/\/dhg1h5j42swfq.cloudfront.net\/2020\/07\/11085423\/JORNALISMO-CRMV-AP-1.jpg\",\"width\":1200,\"height\":628,\"caption\":\"edital crmv ap\"},{\"@type\":\"BreadcrumbList\",\"@id\":\"https:\/\/www.estrategiaconcursos.com.br\/blog\/edital-do-crmv-ap-publicado\/#breadcrumb\",\"itemListElement\":[{\"@type\":\"ListItem\",\"position\":1,\"name\":\"In\u00edcio\",\"item\":\"https:\/\/www.estrategiaconcursos.com.br\/blog\/\"},{\"@type\":\"ListItem\",\"position\":2,\"name\":\"Edital CRMV AP: resultado definitivo da objetiva! Veja!\"}]},{\"@type\":\"WebSite\",\"@id\":\"https:\/\/www.estrategiaconcursos.com.br\/blog\/#website\",\"url\":\"https:\/\/www.estrategiaconcursos.com.br\/blog\/\",\"name\":\"Estrat\u00e9gia Concursos\",\"description\":\"O blog da Estrat\u00e9gia Concursos traz not\u00edcias sobre concursos e artigos de professores oferecendo cursos para concursos (pdf + videaulas) no site.\",\"publisher\":{\"@id\":\"https:\/\/www.estrategiaconcursos.com.br\/blog\/#organization\"},\"potentialAction\":[{\"@type\":\"SearchAction\",\"target\":{\"@type\":\"EntryPoint\",\"urlTemplate\":\"https:\/\/www.estrategiaconcursos.com.br\/blog\/?s={search_term_string}\"},\"query-input\":{\"@type\":\"PropertyValueSpecification\",\"valueRequired\":true,\"valueName\":\"search_term_string\"}}],\"inLanguage\":\"pt-BR\"},{\"@type\":\"Organization\",\"@id\":\"https:\/\/www.estrategiaconcursos.com.br\/blog\/#organization\",\"name\":\"Estrat\u00e9gia Concursos\",\"url\":\"https:\/\/www.estrategiaconcursos.com.br\/blog\/\",\"logo\":{\"@type\":\"ImageObject\",\"inLanguage\":\"pt-BR\",\"@id\":\"https:\/\/www.estrategiaconcursos.com.br\/blog\/#\/schema\/logo\/image\/\",\"url\":\"https:\/\/dhg1h5j42swfq.cloudfront.net\/2025\/06\/03203428\/logo_concursos-1.jpg\",\"contentUrl\":\"https:\/\/dhg1h5j42swfq.cloudfront.net\/2025\/06\/03203428\/logo_concursos-1.jpg\",\"width\":230,\"height\":60,\"caption\":\"Estrat\u00e9gia Concursos\"},\"image\":{\"@id\":\"https:\/\/www.estrategiaconcursos.com.br\/blog\/#\/schema\/logo\/image\/\"},\"sameAs\":[\"https:\/\/x.com\/EstratConcursos\"]},{\"@type\":\"Person\",\"@id\":\"https:\/\/www.estrategiaconcursos.com.br\/blog\/#\/schema\/person\/b4a388c97673c5f483d72185668afa1f\",\"name\":\"Coordena\u00e7\u00e3o\",\"image\":{\"@type\":\"ImageObject\",\"inLanguage\":\"pt-BR\",\"@id\":\"https:\/\/secure.gravatar.com\/avatar\/b720319e4c9a967eb58678d110f4fe35452fc5d5f97b202bac7b8acceb18c6ad?s=96&d=mm&r=g\",\"url\":\"https:\/\/secure.gravatar.com\/avatar\/b720319e4c9a967eb58678d110f4fe35452fc5d5f97b202bac7b8acceb18c6ad?s=96&d=mm&r=g\",\"contentUrl\":\"https:\/\/secure.gravatar.com\/avatar\/b720319e4c9a967eb58678d110f4fe35452fc5d5f97b202bac7b8acceb18c6ad?s=96&d=mm&r=g\",\"caption\":\"Coordena\u00e7\u00e3o\"},\"sameAs\":[\"https:\/\/www.facebook.com\/EstrategiaConcursos\",\"https:\/\/x.com\/EstratConcursos\"],\"url\":\"https:\/\/www.estrategiaconcursos.com.br\/blog\/author\/estrategia2013\/\"}]}<\/script>\n<!-- \/ Yoast SEO Premium plugin. -->","yoast_head_json":{"title":"Edital CRMV AP: resultado definitivo da objetiva! Veja!","description":"Edital CRMV AP: resultado definitivo da objetiva. S\u00e3o ofertadas 70 vagas para n\u00edvel m\u00e9dio. Saiba mais informa\u00e7\u00f5es neste artigo.","robots":{"index":"index","follow":"follow","max-snippet":"max-snippet:-1","max-image-preview":"max-image-preview:large","max-video-preview":"max-video-preview:-1"},"canonical":"https:\/\/www.estrategiaconcursos.com.br\/blog\/edital-do-crmv-ap-publicado\/","og_locale":"pt_BR","og_type":"article","og_title":"Edital CRMV AP: resultado definitivo da objetiva! Veja!","og_description":"Edital CRMV AP: resultado definitivo da objetiva. S\u00e3o ofertadas 70 vagas para n\u00edvel m\u00e9dio. Saiba mais informa\u00e7\u00f5es neste artigo.","og_url":"https:\/\/www.estrategiaconcursos.com.br\/blog\/edital-do-crmv-ap-publicado\/","og_site_name":"Estrat\u00e9gia Concursos","article_author":"https:\/\/www.facebook.com\/EstrategiaConcursos","article_published_time":"2021-08-17T03:00:00+00:00","article_modified_time":"2021-08-18T13:14:37+00:00","og_image":[{"width":1200,"height":628,"url":"https:\/\/dhg1h5j42swfq.cloudfront.net\/2020\/07\/11085423\/JORNALISMO-CRMV-AP-1.jpg","type":"image\/jpeg"}],"author":"Coordena\u00e7\u00e3o","twitter_card":"summary_large_image","twitter_creator":"@EstratConcursos","twitter_site":"@EstratConcursos","twitter_misc":{"Escrito por":"Coordena\u00e7\u00e3o","Est. tempo de leitura":"5 minutos"},"schema":{"@context":"https:\/\/schema.org","@graph":[{"@type":"NewsArticle","@id":"https:\/\/www.estrategiaconcursos.com.br\/blog\/edital-do-crmv-ap-publicado\/#article","isPartOf":{"@id":"https:\/\/www.estrategiaconcursos.com.br\/blog\/edital-do-crmv-ap-publicado\/"},"author":{"name":"Coordena\u00e7\u00e3o","@id":"https:\/\/www.estrategiaconcursos.com.br\/blog\/#\/schema\/person\/b4a388c97673c5f483d72185668afa1f"},"headline":"Edital CRMV AP: resultado definitivo da objetiva! Veja!","datePublished":"2021-08-17T03:00:00+00:00","dateModified":"2021-08-18T13:14:37+00:00","mainEntityOfPage":{"@id":"https:\/\/www.estrategiaconcursos.com.br\/blog\/edital-do-crmv-ap-publicado\/"},"wordCount":963,"commentCount":0,"publisher":{"@id":"https:\/\/www.estrategiaconcursos.com.br\/blog\/#organization"},"image":{"@id":"https:\/\/www.estrategiaconcursos.com.br\/blog\/edital-do-crmv-ap-publicado\/#primaryimage"},"thumbnailUrl":"https:\/\/dhg1h5j42swfq.cloudfront.net\/2020\/07\/11085423\/JORNALISMO-CRMV-AP-1.jpg","articleSection":["Executivo (Administrativa)"],"inLanguage":"pt-BR","potentialAction":[{"@type":"CommentAction","name":"Comment","target":["https:\/\/www.estrategiaconcursos.com.br\/blog\/edital-do-crmv-ap-publicado\/#respond"]}],"copyrightYear":"2021","copyrightHolder":{"@id":"https:\/\/www.estrategiaconcursos.com.br\/blog\/#organization"}},{"@type":"WebPage","@id":"https:\/\/www.estrategiaconcursos.com.br\/blog\/edital-do-crmv-ap-publicado\/","url":"https:\/\/www.estrategiaconcursos.com.br\/blog\/edital-do-crmv-ap-publicado\/","name":"Edital CRMV AP: resultado definitivo da objetiva! Veja!","isPartOf":{"@id":"https:\/\/www.estrategiaconcursos.com.br\/blog\/#website"},"primaryImageOfPage":{"@id":"https:\/\/www.estrategiaconcursos.com.br\/blog\/edital-do-crmv-ap-publicado\/#primaryimage"},"image":{"@id":"https:\/\/www.estrategiaconcursos.com.br\/blog\/edital-do-crmv-ap-publicado\/#primaryimage"},"thumbnailUrl":"https:\/\/dhg1h5j42swfq.cloudfront.net\/2020\/07\/11085423\/JORNALISMO-CRMV-AP-1.jpg","datePublished":"2021-08-17T03:00:00+00:00","dateModified":"2021-08-18T13:14:37+00:00","description":"Edital CRMV AP: resultado definitivo da objetiva. S\u00e3o ofertadas 70 vagas para n\u00edvel m\u00e9dio. Saiba mais informa\u00e7\u00f5es neste artigo.","breadcrumb":{"@id":"https:\/\/www.estrategiaconcursos.com.br\/blog\/edital-do-crmv-ap-publicado\/#breadcrumb"},"inLanguage":"pt-BR","potentialAction":[{"@type":"ReadAction","target":["https:\/\/www.estrategiaconcursos.com.br\/blog\/edital-do-crmv-ap-publicado\/"]}]},{"@type":"ImageObject","inLanguage":"pt-BR","@id":"https:\/\/www.estrategiaconcursos.com.br\/blog\/edital-do-crmv-ap-publicado\/#primaryimage","url":"https:\/\/dhg1h5j42swfq.cloudfront.net\/2020\/07\/11085423\/JORNALISMO-CRMV-AP-1.jpg","contentUrl":"https:\/\/dhg1h5j42swfq.cloudfront.net\/2020\/07\/11085423\/JORNALISMO-CRMV-AP-1.jpg","width":1200,"height":628,"caption":"edital crmv ap"},{"@type":"BreadcrumbList","@id":"https:\/\/www.estrategiaconcursos.com.br\/blog\/edital-do-crmv-ap-publicado\/#breadcrumb","itemListElement":[{"@type":"ListItem","position":1,"name":"In\u00edcio","item":"https:\/\/www.estrategiaconcursos.com.br\/blog\/"},{"@type":"ListItem","position":2,"name":"Edital CRMV AP: resultado definitivo da objetiva! Veja!"}]},{"@type":"WebSite","@id":"https:\/\/www.estrategiaconcursos.com.br\/blog\/#website","url":"https:\/\/www.estrategiaconcursos.com.br\/blog\/","name":"Estrat\u00e9gia Concursos","description":"O blog da Estrat\u00e9gia Concursos traz not\u00edcias sobre concursos e artigos de professores oferecendo cursos para concursos (pdf + videaulas) no site.","publisher":{"@id":"https:\/\/www.estrategiaconcursos.com.br\/blog\/#organization"},"potentialAction":[{"@type":"SearchAction","target":{"@type":"EntryPoint","urlTemplate":"https:\/\/www.estrategiaconcursos.com.br\/blog\/?s={search_term_string}"},"query-input":{"@type":"PropertyValueSpecification","valueRequired":true,"valueName":"search_term_string"}}],"inLanguage":"pt-BR"},{"@type":"Organization","@id":"https:\/\/www.estrategiaconcursos.com.br\/blog\/#organization","name":"Estrat\u00e9gia Concursos","url":"https:\/\/www.estrategiaconcursos.com.br\/blog\/","logo":{"@type":"ImageObject","inLanguage":"pt-BR","@id":"https:\/\/www.estrategiaconcursos.com.br\/blog\/#\/schema\/logo\/image\/","url":"https:\/\/dhg1h5j42swfq.cloudfront.net\/2025\/06\/03203428\/logo_concursos-1.jpg","contentUrl":"https:\/\/dhg1h5j42swfq.cloudfront.net\/2025\/06\/03203428\/logo_concursos-1.jpg","width":230,"height":60,"caption":"Estrat\u00e9gia Concursos"},"image":{"@id":"https:\/\/www.estrategiaconcursos.com.br\/blog\/#\/schema\/logo\/image\/"},"sameAs":["https:\/\/x.com\/EstratConcursos"]},{"@type":"Person","@id":"https:\/\/www.estrategiaconcursos.com.br\/blog\/#\/schema\/person\/b4a388c97673c5f483d72185668afa1f","name":"Coordena\u00e7\u00e3o","image":{"@type":"ImageObject","inLanguage":"pt-BR","@id":"https:\/\/secure.gravatar.com\/avatar\/b720319e4c9a967eb58678d110f4fe35452fc5d5f97b202bac7b8acceb18c6ad?s=96&d=mm&r=g","url":"https:\/\/secure.gravatar.com\/avatar\/b720319e4c9a967eb58678d110f4fe35452fc5d5f97b202bac7b8acceb18c6ad?s=96&d=mm&r=g","contentUrl":"https:\/\/secure.gravatar.com\/avatar\/b720319e4c9a967eb58678d110f4fe35452fc5d5f97b202bac7b8acceb18c6ad?s=96&d=mm&r=g","caption":"Coordena\u00e7\u00e3o"},"sameAs":["https:\/\/www.facebook.com\/EstrategiaConcursos","https:\/\/x.com\/EstratConcursos"],"url":"https:\/\/www.estrategiaconcursos.com.br\/blog\/author\/estrategia2013\/"}]}},"_links":{"self":[{"href":"https:\/\/www.estrategiaconcursos.com.br\/blog\/wp-json\/wp\/v2\/posts\/547606","targetHints":{"allow":["GET"]}}],"collection":[{"href":"https:\/\/www.estrategiaconcursos.com.br\/blog\/wp-json\/wp\/v2\/posts"}],"about":[{"href":"https:\/\/www.estrategiaconcursos.com.br\/blog\/wp-json\/wp\/v2\/types\/post"}],"author":[{"embeddable":true,"href":"https:\/\/www.estrategiaconcursos.com.br\/blog\/wp-json\/wp\/v2\/users\/1"}],"replies":[{"embeddable":true,"href":"https:\/\/www.estrategiaconcursos.com.br\/blog\/wp-json\/wp\/v2\/comments?post=547606"}],"version-history":[{"count":33,"href":"https:\/\/www.estrategiaconcursos.com.br\/blog\/wp-json\/wp\/v2\/posts\/547606\/revisions"}],"predecessor-version":[{"id":839208,"href":"https:\/\/www.estrategiaconcursos.com.br\/blog\/wp-json\/wp\/v2\/posts\/547606\/revisions\/839208"}],"wp:featuredmedia":[{"embeddable":true,"href":"https:\/\/www.estrategiaconcursos.com.br\/blog\/wp-json\/wp\/v2\/media\/570512"}],"wp:attachment":[{"href":"https:\/\/www.estrategiaconcursos.com.br\/blog\/wp-json\/wp\/v2\/media?parent=547606"}],"wp:term":[{"taxonomy":"category","embeddable":true,"href":"https:\/\/www.estrategiaconcursos.com.br\/blog\/wp-json\/wp\/v2\/categories?post=547606"},{"taxonomy":"post_tag","embeddable":true,"href":"https:\/\/www.estrategiaconcursos.com.br\/blog\/wp-json\/wp\/v2\/tags?post=547606"},{"taxonomy":"tax_estado","embeddable":true,"href":"https:\/\/www.estrategiaconcursos.com.br\/blog\/wp-json\/wp\/v2\/tax_estado?post=547606"}],"curies":[{"name":"wp","href":"https:\/\/api.w.org\/{rel}","templated":true}]}}