{"id":547476,"date":"2020-08-14T09:10:00","date_gmt":"2020-08-14T12:10:00","guid":{"rendered":"https:\/\/www.estrategiaconcursos.com.br\/blog\/?p=547476"},"modified":"2023-06-14T10:45:53","modified_gmt":"2023-06-14T13:45:53","slug":"concurso-cistri-samu-mg","status":"publish","type":"post","link":"https:\/\/www.estrategiaconcursos.com.br\/blog\/concurso-cistri-samu-mg\/","title":{"rendered":"Concurso CISTRI SAMU MG: comiss\u00e3o alterada. Confira!"},"content":{"rendered":"\n<p>Foi publicada, no Di\u00e1rio Oficial, uma altera\u00e7\u00e3o na <strong>comiss\u00e3o organizadora<\/strong> do concurso Cons\u00f3rcio P\u00fablico Intermunicipal de Sa\u00fade da Rede de Urg\u00eancia e Emerg\u00eancia da Macrorregi\u00e3o do Tri\u00e2ngulo Norte <strong>(concurso Cistri Samu MG).<\/strong><\/p>\n\n\n\n<p>A Comiss\u00e3o especial deve organizar, planejar, acompanhar, supervisionar, fiscalizar e realizar o certame. Confira abaixo os integrantes:<\/p>\n\n\n\n<ul class=\"wp-block-list\">\n<li><strong>I<\/strong> \u2013 Valdirene Braz da Silva Alves, matr\u00edcula n.\u00ba 424, ocupante do cargo em comiss\u00e3o de Coordenadora de Recursos Humanos;<\/li>\n\n\n\n<li><strong>II<\/strong> \u2013 Altamiro Daniel de Jesus, inscrito no CPF n.\u00ba 051.879.756-25, consultor de recursos humanos do CISTRI, conforme homologa\u00e7\u00e3o do processo licitat\u00f3rio n.\u00ba 011\/2020;<\/li>\n\n\n\n<li><strong>III <\/strong>\u2013 Marcos Tadeu Quirino Filho, matr\u00edcula n.\u00ba 425, ocupante do cargo de assessor jur\u00eddico;<\/li>\n\n\n\n<li><strong>IV<\/strong> \u2013 Cristiani Borges de Oliveira, matr\u00edcula n.\u00ba 4, ocupante do cargo em comiss\u00e3o de Coordenadora de Compras e Licita\u00e7\u00e3o;<\/li>\n\n\n\n<li><strong>V <\/strong>\u2013 M\u00e1rcia Ribeiro Vieira, matr\u00edcula n.\u00ba 11, ocupante do cargo em comiss\u00e3o de coordenadora cont\u00e1bil;<\/li>\n<\/ul>\n\n\n\n<p>Ainda, de acordo com o documento, s\u00e3o compet\u00eancias e atribui\u00e7\u00f5es da Comiss\u00e3o:<\/p>\n\n\n\n<ul class=\"wp-block-list\">\n<li>I &#8211; Definir quais os empregos ter\u00e3o vagas abertas no concurso p\u00fablico n.\u00ba 001\/2021;<\/li>\n\n\n\n<li>II &#8211; Elaborar o edital e o cronograma para a realiza\u00e7\u00e3o do concurso p\u00fablico n.\u00ba 001\/2021;<\/li>\n\n\n\n<li>III &#8211; Elaborar o termo de refer\u00eancia para contrata\u00e7\u00e3o, conforme previsto na legisla\u00e7\u00e3o vigente de licitante que realizar\u00e1 o concurso p\u00fablico n.\u00ba 001\/2021;<\/li>\n\n\n\n<li>IV \u2013 Garantir a observ\u00e2ncia das exig\u00eancias do Tribunal de Contas do Estado de Minas Gerais no que tange a realiza\u00e7\u00e3o de concurso p\u00fablico<\/li>\n\n\n\n<li>n.\u00ba 001\/2021;<\/li>\n\n\n\n<li>V \u2013 Elaborar o cronograma de trabalho que dever\u00e1 ser cumprido pela comiss\u00e3o.<\/li>\n<\/ul>\n\n\n\n<p class=\"has-text-align-center has-medium-font-size\"><em><strong>Assinatura Anual Ilimitada*<\/strong><\/em><\/p>\n\n\n\n<p class=\"has-text-align-center\"><em>Prepare-se com o melhor material e com quem mais aprova em Concursos P\u00fablicos em todo o pa\u00eds. Assine agora a nossa Assinatura Anual e tenha acesso ilimitado* a todos os nossos cursos.<\/em><\/p>\n\n\n\n<p class=\"has-text-align-center has-light-green-cyan-background-color has-background\" style=\"font-size:clamp(14.642px, 0.915rem + ((1vw - 3.2px) * 0.721), 22px);px\"><strong>ASSINE AGORA&nbsp;\u2013&nbsp;<a rel=\"noreferrer noopener\" href=\"https:\/\/www.estrategiaconcursos.com.br\/assinaturas\" target=\"_blank\">Assinatura Ilimitada<\/a><\/strong><\/p>\n\n\n\n<p class=\"has-text-align-center has-medium-font-size\"><strong><em><strong>Sistema de Quest\u00f5es<\/strong><\/em><\/strong><\/p>\n\n\n\n<p class=\"has-text-align-center\"><em>Estrat\u00e9gia Quest\u00f5es nasceu maior do que todos os concorrentes, com mais quest\u00f5es cadastradas e mais solu\u00e7\u00f5es por professores. Clique no link e aproveite os descontos e b\u00f4nus imperd\u00edveis!<\/em><\/p>\n\n\n\n<p class=\"has-text-align-center has-vivid-green-cyan-background-color has-background\" style=\"font-size:clamp(14.642px, 0.915rem + ((1vw - 3.2px) * 0.721), 22px);px\"><strong>ASSINE AGORA \u2013&nbsp;<a href=\"https:\/\/questoes.estrategiaconcursos.com.br\/\" target=\"_blank\" rel=\"noreferrer noopener\">Sistema de Quest\u00f5es<\/a><\/strong><\/p>\n\n\n\n<p class=\"has-text-align-center has-medium-font-size\"><strong><em>Fique por dentro de todos os concursos<\/em><\/strong><\/p>\n\n\n\n<figure class=\"wp-block-image aligncenter size-large is-resized\"><img loading=\"lazy\" decoding=\"async\" src=\"https:\/\/dhg1h5j42swfq.cloudfront.net\/2019\/08\/22174339\/Coruja-ESCLARECIMENTO.png\" alt=\"Concursos Previstos Minas Gerais\" class=\"wp-image-412284\" width=\"88\" height=\"62\" srcset=\"https:\/\/dhg1h5j42swfq.cloudfront.net\/2019\/08\/22174339\/Coruja-ESCLARECIMENTO.png 3508w, https:\/\/dhg1h5j42swfq.cloudfront.net\/2019\/08\/22174339\/Coruja-ESCLARECIMENTO.png 300w, https:\/\/dhg1h5j42swfq.cloudfront.net\/2019\/08\/22174339\/Coruja-ESCLARECIMENTO.png 768w, https:\/\/dhg1h5j42swfq.cloudfront.net\/2019\/08\/22174339\/Coruja-ESCLARECIMENTO.png 1024w, https:\/\/dhg1h5j42swfq.cloudfront.net\/2019\/08\/22174339\/Coruja-ESCLARECIMENTO.png 610w\" sizes=\"auto, (max-width: 88px) 100vw, 88px\" \/><\/figure>\n\n\n\n<p class=\"has-text-align-center has-pale-cyan-blue-background-color has-background\" style=\"font-size:clamp(14.642px, 0.915rem + ((1vw - 3.2px) * 0.721), 22px);px\"><a href=\"https:\/\/www.estrategiaconcursos.com.br\/blog\/concursos-abertos\/\" target=\"_blank\" rel=\"noreferrer noopener\"><strong>CONCURSOS ABERTOS<\/strong><\/a><\/p>\n\n\n\n<figure class=\"wp-block-image\"><img loading=\"lazy\" decoding=\"async\" width=\"300\" height=\"102\" src=\"https:\/\/dhg1h5j42swfq.cloudfront.net\/2017\/03\/28152500\/coruja-ficha-tecnica-300x102.png\" alt=\"Ficha t\u00e9cnica Concurso Detran PA\" class=\"wp-image-68542\"\/><\/figure>\n\n\n\n<p><strong>\u2666Informa\u00e7\u00f5es do PR\u00d3XIMO Concurso CISTRI SAMU MG<\/strong> <\/p>\n\n\n\n<p>\u25ba<strong>Data: <\/strong>2020<strong><br \/>\u25baVagas: <\/strong>A definir<strong><br \/>\u25baRequisito: <\/strong>A definir<strong><br \/>\u25baBanca: <\/strong>A definir<strong><br \/>\u25baEdital:<\/strong> aguardando publica\u00e7\u00e3o&#8230;<\/p>\n","protected":false},"excerpt":{"rendered":"<p>Foi publicada, no Di\u00e1rio Oficial, uma altera\u00e7\u00e3o na comiss\u00e3o organizadora do concurso Cons\u00f3rcio P\u00fablico Intermunicipal de Sa\u00fade da Rede de Urg\u00eancia e Emerg\u00eancia da Macrorregi\u00e3o do Tri\u00e2ngulo Norte (concurso Cistri Samu MG). A Comiss\u00e3o especial deve organizar, planejar, acompanhar, supervisionar, fiscalizar e realizar o certame. Confira abaixo os integrantes: Ainda, de acordo com o documento, [&hellip;]<\/p>\n","protected":false},"author":561,"featured_media":547514,"comment_status":"open","ping_status":"closed","sticky":false,"template":"","format":"standard","meta":{"post_tipo":"article","footnotes":""},"categories":[1,1981],"tags":[],"tax_estado":[],"class_list":["post-547476","post","type-post","status-publish","format-standard","has-post-thumbnail","hentry","category-cursos-e-concursos","category-saude"],"acf":[],"yoast_head":"<!-- This site is optimized with the Yoast SEO Premium plugin v27.2 (Yoast SEO v27.2) - https:\/\/yoast.com\/product\/yoast-seo-premium-wordpress\/ -->\n<title>Concurso CISTRI SAMU MG: comiss\u00e3o alterada. Confira!<\/title>\n<meta name=\"description\" content=\"Concurso Cistri Samu MG: formada a a comiss\u00e3o organizadora do concurso Cons\u00f3rcio P\u00fablico Intermunicipal de Sa\u00fade da Rede de Urg\u00eancia e Emerg\u00eancia\" \/>\n<meta name=\"robots\" content=\"index, follow, max-snippet:-1, max-image-preview:large, max-video-preview:-1\" \/>\n<link rel=\"canonical\" href=\"https:\/\/www.estrategiaconcursos.com.br\/blog\/concurso-cistri-samu-mg\/\" \/>\n<meta property=\"og:locale\" content=\"pt_BR\" \/>\n<meta property=\"og:type\" content=\"article\" \/>\n<meta property=\"og:title\" content=\"Concurso CISTRI SAMU MG: comiss\u00e3o alterada. Confira!\" \/>\n<meta property=\"og:description\" content=\"Concurso Cistri Samu MG: formada a a comiss\u00e3o organizadora do concurso Cons\u00f3rcio P\u00fablico Intermunicipal de Sa\u00fade da Rede de Urg\u00eancia e Emerg\u00eancia\" \/>\n<meta property=\"og:url\" content=\"https:\/\/www.estrategiaconcursos.com.br\/blog\/concurso-cistri-samu-mg\/\" \/>\n<meta property=\"og:site_name\" content=\"Estrat\u00e9gia Concursos\" \/>\n<meta property=\"article:published_time\" content=\"2020-08-14T12:10:00+00:00\" \/>\n<meta property=\"article:modified_time\" content=\"2023-06-14T13:45:53+00:00\" \/>\n<meta property=\"og:image\" content=\"https:\/\/dhg1h5j42swfq.cloudfront.net\/2020\/07\/27100333\/cistri-mg.png\" \/>\n\t<meta property=\"og:image:width\" content=\"990\" \/>\n\t<meta property=\"og:image:height\" content=\"744\" \/>\n\t<meta property=\"og:image:type\" content=\"image\/png\" \/>\n<meta name=\"author\" content=\"Ligia Carvalheiro Fernandes\" \/>\n<meta name=\"twitter:card\" content=\"summary_large_image\" \/>\n<meta name=\"twitter:creator\" content=\"@EstratConcursos\" \/>\n<meta name=\"twitter:site\" content=\"@EstratConcursos\" \/>\n<meta name=\"twitter:label1\" content=\"Escrito por\" \/>\n\t<meta name=\"twitter:data1\" content=\"Ligia Carvalheiro Fernandes\" \/>\n\t<meta name=\"twitter:label2\" content=\"Est. tempo de leitura\" \/>\n\t<meta name=\"twitter:data2\" content=\"2 minutos\" \/>\n<script type=\"application\/ld+json\" class=\"yoast-schema-graph\">{\"@context\":\"https:\/\/schema.org\",\"@graph\":[{\"@type\":\"NewsArticle\",\"@id\":\"https:\/\/www.estrategiaconcursos.com.br\/blog\/concurso-cistri-samu-mg\/#article\",\"isPartOf\":{\"@id\":\"https:\/\/www.estrategiaconcursos.com.br\/blog\/concurso-cistri-samu-mg\/\"},\"author\":{\"name\":\"Ligia Carvalheiro Fernandes\",\"@id\":\"https:\/\/www.estrategiaconcursos.com.br\/blog\/#\/schema\/person\/cc76e9dac392d5e35e7d00c493eee792\"},\"headline\":\"Concurso CISTRI SAMU MG: comiss\u00e3o alterada. Confira!\",\"datePublished\":\"2020-08-14T12:10:00+00:00\",\"dateModified\":\"2023-06-14T13:45:53+00:00\",\"mainEntityOfPage\":{\"@id\":\"https:\/\/www.estrategiaconcursos.com.br\/blog\/concurso-cistri-samu-mg\/\"},\"wordCount\":401,\"commentCount\":0,\"publisher\":{\"@id\":\"https:\/\/www.estrategiaconcursos.com.br\/blog\/#organization\"},\"image\":{\"@id\":\"https:\/\/www.estrategiaconcursos.com.br\/blog\/concurso-cistri-samu-mg\/#primaryimage\"},\"thumbnailUrl\":\"https:\/\/dhg1h5j42swfq.cloudfront.net\/2020\/07\/27100333\/cistri-mg.png\",\"articleSection\":[\"Concursos P\u00fablicos\",\"Sa\u00fade\"],\"inLanguage\":\"pt-BR\",\"potentialAction\":[{\"@type\":\"CommentAction\",\"name\":\"Comment\",\"target\":[\"https:\/\/www.estrategiaconcursos.com.br\/blog\/concurso-cistri-samu-mg\/#respond\"]}],\"copyrightYear\":\"2020\",\"copyrightHolder\":{\"@id\":\"https:\/\/www.estrategiaconcursos.com.br\/blog\/#organization\"}},{\"@type\":\"WebPage\",\"@id\":\"https:\/\/www.estrategiaconcursos.com.br\/blog\/concurso-cistri-samu-mg\/\",\"url\":\"https:\/\/www.estrategiaconcursos.com.br\/blog\/concurso-cistri-samu-mg\/\",\"name\":\"Concurso CISTRI SAMU MG: comiss\u00e3o alterada. Confira!\",\"isPartOf\":{\"@id\":\"https:\/\/www.estrategiaconcursos.com.br\/blog\/#website\"},\"primaryImageOfPage\":{\"@id\":\"https:\/\/www.estrategiaconcursos.com.br\/blog\/concurso-cistri-samu-mg\/#primaryimage\"},\"image\":{\"@id\":\"https:\/\/www.estrategiaconcursos.com.br\/blog\/concurso-cistri-samu-mg\/#primaryimage\"},\"thumbnailUrl\":\"https:\/\/dhg1h5j42swfq.cloudfront.net\/2020\/07\/27100333\/cistri-mg.png\",\"datePublished\":\"2020-08-14T12:10:00+00:00\",\"dateModified\":\"2023-06-14T13:45:53+00:00\",\"description\":\"Concurso Cistri Samu MG: formada a a comiss\u00e3o organizadora do concurso Cons\u00f3rcio P\u00fablico Intermunicipal de Sa\u00fade da Rede de Urg\u00eancia e Emerg\u00eancia\",\"breadcrumb\":{\"@id\":\"https:\/\/www.estrategiaconcursos.com.br\/blog\/concurso-cistri-samu-mg\/#breadcrumb\"},\"inLanguage\":\"pt-BR\",\"potentialAction\":[{\"@type\":\"ReadAction\",\"target\":[\"https:\/\/www.estrategiaconcursos.com.br\/blog\/concurso-cistri-samu-mg\/\"]}]},{\"@type\":\"ImageObject\",\"inLanguage\":\"pt-BR\",\"@id\":\"https:\/\/www.estrategiaconcursos.com.br\/blog\/concurso-cistri-samu-mg\/#primaryimage\",\"url\":\"https:\/\/dhg1h5j42swfq.cloudfront.net\/2020\/07\/27100333\/cistri-mg.png\",\"contentUrl\":\"https:\/\/dhg1h5j42swfq.cloudfront.net\/2020\/07\/27100333\/cistri-mg.png\",\"width\":990,\"height\":744},{\"@type\":\"BreadcrumbList\",\"@id\":\"https:\/\/www.estrategiaconcursos.com.br\/blog\/concurso-cistri-samu-mg\/#breadcrumb\",\"itemListElement\":[{\"@type\":\"ListItem\",\"position\":1,\"name\":\"In\u00edcio\",\"item\":\"https:\/\/www.estrategiaconcursos.com.br\/blog\/\"},{\"@type\":\"ListItem\",\"position\":2,\"name\":\"Concurso CISTRI SAMU MG: comiss\u00e3o alterada. Confira!\"}]},{\"@type\":\"WebSite\",\"@id\":\"https:\/\/www.estrategiaconcursos.com.br\/blog\/#website\",\"url\":\"https:\/\/www.estrategiaconcursos.com.br\/blog\/\",\"name\":\"Estrat\u00e9gia Concursos\",\"description\":\"O blog da Estrat\u00e9gia Concursos traz not\u00edcias sobre concursos e artigos de professores oferecendo cursos para concursos (pdf + videaulas) no site.\",\"publisher\":{\"@id\":\"https:\/\/www.estrategiaconcursos.com.br\/blog\/#organization\"},\"potentialAction\":[{\"@type\":\"SearchAction\",\"target\":{\"@type\":\"EntryPoint\",\"urlTemplate\":\"https:\/\/www.estrategiaconcursos.com.br\/blog\/?s={search_term_string}\"},\"query-input\":{\"@type\":\"PropertyValueSpecification\",\"valueRequired\":true,\"valueName\":\"search_term_string\"}}],\"inLanguage\":\"pt-BR\"},{\"@type\":\"Organization\",\"@id\":\"https:\/\/www.estrategiaconcursos.com.br\/blog\/#organization\",\"name\":\"Estrat\u00e9gia Concursos\",\"url\":\"https:\/\/www.estrategiaconcursos.com.br\/blog\/\",\"logo\":{\"@type\":\"ImageObject\",\"inLanguage\":\"pt-BR\",\"@id\":\"https:\/\/www.estrategiaconcursos.com.br\/blog\/#\/schema\/logo\/image\/\",\"url\":\"https:\/\/dhg1h5j42swfq.cloudfront.net\/2025\/06\/03203428\/logo_concursos-1.jpg\",\"contentUrl\":\"https:\/\/dhg1h5j42swfq.cloudfront.net\/2025\/06\/03203428\/logo_concursos-1.jpg\",\"width\":230,\"height\":60,\"caption\":\"Estrat\u00e9gia Concursos\"},\"image\":{\"@id\":\"https:\/\/www.estrategiaconcursos.com.br\/blog\/#\/schema\/logo\/image\/\"},\"sameAs\":[\"https:\/\/x.com\/EstratConcursos\"]},{\"@type\":\"Person\",\"@id\":\"https:\/\/www.estrategiaconcursos.com.br\/blog\/#\/schema\/person\/cc76e9dac392d5e35e7d00c493eee792\",\"name\":\"Ligia Carvalheiro Fernandes\",\"image\":{\"@type\":\"ImageObject\",\"inLanguage\":\"pt-BR\",\"@id\":\"https:\/\/secure.gravatar.com\/avatar\/26e4636c44dabc043eaf634f767ecd1d80505b210d3981d4ebd176a3f373e3ec?s=96&d=mm&r=g\",\"url\":\"https:\/\/secure.gravatar.com\/avatar\/26e4636c44dabc043eaf634f767ecd1d80505b210d3981d4ebd176a3f373e3ec?s=96&d=mm&r=g\",\"contentUrl\":\"https:\/\/secure.gravatar.com\/avatar\/26e4636c44dabc043eaf634f767ecd1d80505b210d3981d4ebd176a3f373e3ec?s=96&d=mm&r=g\",\"caption\":\"Ligia Carvalheiro Fernandes\"},\"url\":\"https:\/\/www.estrategiaconcursos.com.br\/blog\/author\/licarfegmail-com\/\"}]}<\/script>\n<!-- \/ Yoast SEO Premium plugin. -->","yoast_head_json":{"title":"Concurso CISTRI SAMU MG: comiss\u00e3o alterada. Confira!","description":"Concurso Cistri Samu MG: formada a a comiss\u00e3o organizadora do concurso Cons\u00f3rcio P\u00fablico Intermunicipal de Sa\u00fade da Rede de Urg\u00eancia e Emerg\u00eancia","robots":{"index":"index","follow":"follow","max-snippet":"max-snippet:-1","max-image-preview":"max-image-preview:large","max-video-preview":"max-video-preview:-1"},"canonical":"https:\/\/www.estrategiaconcursos.com.br\/blog\/concurso-cistri-samu-mg\/","og_locale":"pt_BR","og_type":"article","og_title":"Concurso CISTRI SAMU MG: comiss\u00e3o alterada. Confira!","og_description":"Concurso Cistri Samu MG: formada a a comiss\u00e3o organizadora do concurso Cons\u00f3rcio P\u00fablico Intermunicipal de Sa\u00fade da Rede de Urg\u00eancia e Emerg\u00eancia","og_url":"https:\/\/www.estrategiaconcursos.com.br\/blog\/concurso-cistri-samu-mg\/","og_site_name":"Estrat\u00e9gia Concursos","article_published_time":"2020-08-14T12:10:00+00:00","article_modified_time":"2023-06-14T13:45:53+00:00","og_image":[{"width":990,"height":744,"url":"https:\/\/dhg1h5j42swfq.cloudfront.net\/2020\/07\/27100333\/cistri-mg.png","type":"image\/png"}],"author":"Ligia Carvalheiro Fernandes","twitter_card":"summary_large_image","twitter_creator":"@EstratConcursos","twitter_site":"@EstratConcursos","twitter_misc":{"Escrito por":"Ligia Carvalheiro Fernandes","Est. tempo de leitura":"2 minutos"},"schema":{"@context":"https:\/\/schema.org","@graph":[{"@type":"NewsArticle","@id":"https:\/\/www.estrategiaconcursos.com.br\/blog\/concurso-cistri-samu-mg\/#article","isPartOf":{"@id":"https:\/\/www.estrategiaconcursos.com.br\/blog\/concurso-cistri-samu-mg\/"},"author":{"name":"Ligia Carvalheiro Fernandes","@id":"https:\/\/www.estrategiaconcursos.com.br\/blog\/#\/schema\/person\/cc76e9dac392d5e35e7d00c493eee792"},"headline":"Concurso CISTRI SAMU MG: comiss\u00e3o alterada. Confira!","datePublished":"2020-08-14T12:10:00+00:00","dateModified":"2023-06-14T13:45:53+00:00","mainEntityOfPage":{"@id":"https:\/\/www.estrategiaconcursos.com.br\/blog\/concurso-cistri-samu-mg\/"},"wordCount":401,"commentCount":0,"publisher":{"@id":"https:\/\/www.estrategiaconcursos.com.br\/blog\/#organization"},"image":{"@id":"https:\/\/www.estrategiaconcursos.com.br\/blog\/concurso-cistri-samu-mg\/#primaryimage"},"thumbnailUrl":"https:\/\/dhg1h5j42swfq.cloudfront.net\/2020\/07\/27100333\/cistri-mg.png","articleSection":["Concursos P\u00fablicos","Sa\u00fade"],"inLanguage":"pt-BR","potentialAction":[{"@type":"CommentAction","name":"Comment","target":["https:\/\/www.estrategiaconcursos.com.br\/blog\/concurso-cistri-samu-mg\/#respond"]}],"copyrightYear":"2020","copyrightHolder":{"@id":"https:\/\/www.estrategiaconcursos.com.br\/blog\/#organization"}},{"@type":"WebPage","@id":"https:\/\/www.estrategiaconcursos.com.br\/blog\/concurso-cistri-samu-mg\/","url":"https:\/\/www.estrategiaconcursos.com.br\/blog\/concurso-cistri-samu-mg\/","name":"Concurso CISTRI SAMU MG: comiss\u00e3o alterada. Confira!","isPartOf":{"@id":"https:\/\/www.estrategiaconcursos.com.br\/blog\/#website"},"primaryImageOfPage":{"@id":"https:\/\/www.estrategiaconcursos.com.br\/blog\/concurso-cistri-samu-mg\/#primaryimage"},"image":{"@id":"https:\/\/www.estrategiaconcursos.com.br\/blog\/concurso-cistri-samu-mg\/#primaryimage"},"thumbnailUrl":"https:\/\/dhg1h5j42swfq.cloudfront.net\/2020\/07\/27100333\/cistri-mg.png","datePublished":"2020-08-14T12:10:00+00:00","dateModified":"2023-06-14T13:45:53+00:00","description":"Concurso Cistri Samu MG: formada a a comiss\u00e3o organizadora do concurso Cons\u00f3rcio P\u00fablico Intermunicipal de Sa\u00fade da Rede de Urg\u00eancia e Emerg\u00eancia","breadcrumb":{"@id":"https:\/\/www.estrategiaconcursos.com.br\/blog\/concurso-cistri-samu-mg\/#breadcrumb"},"inLanguage":"pt-BR","potentialAction":[{"@type":"ReadAction","target":["https:\/\/www.estrategiaconcursos.com.br\/blog\/concurso-cistri-samu-mg\/"]}]},{"@type":"ImageObject","inLanguage":"pt-BR","@id":"https:\/\/www.estrategiaconcursos.com.br\/blog\/concurso-cistri-samu-mg\/#primaryimage","url":"https:\/\/dhg1h5j42swfq.cloudfront.net\/2020\/07\/27100333\/cistri-mg.png","contentUrl":"https:\/\/dhg1h5j42swfq.cloudfront.net\/2020\/07\/27100333\/cistri-mg.png","width":990,"height":744},{"@type":"BreadcrumbList","@id":"https:\/\/www.estrategiaconcursos.com.br\/blog\/concurso-cistri-samu-mg\/#breadcrumb","itemListElement":[{"@type":"ListItem","position":1,"name":"In\u00edcio","item":"https:\/\/www.estrategiaconcursos.com.br\/blog\/"},{"@type":"ListItem","position":2,"name":"Concurso CISTRI SAMU MG: comiss\u00e3o alterada. Confira!"}]},{"@type":"WebSite","@id":"https:\/\/www.estrategiaconcursos.com.br\/blog\/#website","url":"https:\/\/www.estrategiaconcursos.com.br\/blog\/","name":"Estrat\u00e9gia Concursos","description":"O blog da Estrat\u00e9gia Concursos traz not\u00edcias sobre concursos e artigos de professores oferecendo cursos para concursos (pdf + videaulas) no site.","publisher":{"@id":"https:\/\/www.estrategiaconcursos.com.br\/blog\/#organization"},"potentialAction":[{"@type":"SearchAction","target":{"@type":"EntryPoint","urlTemplate":"https:\/\/www.estrategiaconcursos.com.br\/blog\/?s={search_term_string}"},"query-input":{"@type":"PropertyValueSpecification","valueRequired":true,"valueName":"search_term_string"}}],"inLanguage":"pt-BR"},{"@type":"Organization","@id":"https:\/\/www.estrategiaconcursos.com.br\/blog\/#organization","name":"Estrat\u00e9gia Concursos","url":"https:\/\/www.estrategiaconcursos.com.br\/blog\/","logo":{"@type":"ImageObject","inLanguage":"pt-BR","@id":"https:\/\/www.estrategiaconcursos.com.br\/blog\/#\/schema\/logo\/image\/","url":"https:\/\/dhg1h5j42swfq.cloudfront.net\/2025\/06\/03203428\/logo_concursos-1.jpg","contentUrl":"https:\/\/dhg1h5j42swfq.cloudfront.net\/2025\/06\/03203428\/logo_concursos-1.jpg","width":230,"height":60,"caption":"Estrat\u00e9gia Concursos"},"image":{"@id":"https:\/\/www.estrategiaconcursos.com.br\/blog\/#\/schema\/logo\/image\/"},"sameAs":["https:\/\/x.com\/EstratConcursos"]},{"@type":"Person","@id":"https:\/\/www.estrategiaconcursos.com.br\/blog\/#\/schema\/person\/cc76e9dac392d5e35e7d00c493eee792","name":"Ligia Carvalheiro Fernandes","image":{"@type":"ImageObject","inLanguage":"pt-BR","@id":"https:\/\/secure.gravatar.com\/avatar\/26e4636c44dabc043eaf634f767ecd1d80505b210d3981d4ebd176a3f373e3ec?s=96&d=mm&r=g","url":"https:\/\/secure.gravatar.com\/avatar\/26e4636c44dabc043eaf634f767ecd1d80505b210d3981d4ebd176a3f373e3ec?s=96&d=mm&r=g","contentUrl":"https:\/\/secure.gravatar.com\/avatar\/26e4636c44dabc043eaf634f767ecd1d80505b210d3981d4ebd176a3f373e3ec?s=96&d=mm&r=g","caption":"Ligia Carvalheiro Fernandes"},"url":"https:\/\/www.estrategiaconcursos.com.br\/blog\/author\/licarfegmail-com\/"}]}},"_links":{"self":[{"href":"https:\/\/www.estrategiaconcursos.com.br\/blog\/wp-json\/wp\/v2\/posts\/547476","targetHints":{"allow":["GET"]}}],"collection":[{"href":"https:\/\/www.estrategiaconcursos.com.br\/blog\/wp-json\/wp\/v2\/posts"}],"about":[{"href":"https:\/\/www.estrategiaconcursos.com.br\/blog\/wp-json\/wp\/v2\/types\/post"}],"author":[{"embeddable":true,"href":"https:\/\/www.estrategiaconcursos.com.br\/blog\/wp-json\/wp\/v2\/users\/561"}],"replies":[{"embeddable":true,"href":"https:\/\/www.estrategiaconcursos.com.br\/blog\/wp-json\/wp\/v2\/comments?post=547476"}],"version-history":[{"count":5,"href":"https:\/\/www.estrategiaconcursos.com.br\/blog\/wp-json\/wp\/v2\/posts\/547476\/revisions"}],"predecessor-version":[{"id":1232004,"href":"https:\/\/www.estrategiaconcursos.com.br\/blog\/wp-json\/wp\/v2\/posts\/547476\/revisions\/1232004"}],"wp:featuredmedia":[{"embeddable":true,"href":"https:\/\/www.estrategiaconcursos.com.br\/blog\/wp-json\/wp\/v2\/media\/547514"}],"wp:attachment":[{"href":"https:\/\/www.estrategiaconcursos.com.br\/blog\/wp-json\/wp\/v2\/media?parent=547476"}],"wp:term":[{"taxonomy":"category","embeddable":true,"href":"https:\/\/www.estrategiaconcursos.com.br\/blog\/wp-json\/wp\/v2\/categories?post=547476"},{"taxonomy":"post_tag","embeddable":true,"href":"https:\/\/www.estrategiaconcursos.com.br\/blog\/wp-json\/wp\/v2\/tags?post=547476"},{"taxonomy":"tax_estado","embeddable":true,"href":"https:\/\/www.estrategiaconcursos.com.br\/blog\/wp-json\/wp\/v2\/tax_estado?post=547476"}],"curies":[{"name":"wp","href":"https:\/\/api.w.org\/{rel}","templated":true}]}}