{"id":546728,"date":"2020-07-24T14:43:21","date_gmt":"2020-07-24T17:43:21","guid":{"rendered":"https:\/\/www.estrategiaconcursos.com.br\/blog\/?p=546728"},"modified":"2020-07-24T16:17:46","modified_gmt":"2020-07-24T19:17:46","slug":"concurso-promotor-ro-2017-prorrogado","status":"publish","type":"post","link":"https:\/\/www.estrategiaconcursos.com.br\/blog\/concurso-promotor-ro-2017-prorrogado\/","title":{"rendered":"Concurso Promotor RO 2017 tem prazo de validade prorrogado!"},"content":{"rendered":"\n<p>O Minist\u00e9rio P\u00fablico do Estado de Rond\u00f4nia publicou no dia 20 de julho, no Di\u00e1rio Oficial, um edital de prorroga\u00e7\u00e3o do \u00faltimo concurso Promotor RO, para provimento de 10 vagas para Promotor de Justi\u00e7a Substituto, realizado pelo \u00f3rg\u00e3o no ano de 2017. <\/p>\n\n\n\n<p>O concurso Promotor RO foi organizado pela FMP Concursos e a remunera\u00e7\u00e3o inicial ofertada era de R$ 24.818,91. O valor da taxa de inscri\u00e7\u00e3o cobrado foi de R$ 300,00.<\/p>\n\n\n\n<p>Para concorrer ao cargo, o candidato deveria contar com forma\u00e7\u00e3o em Direito, e com, no m\u00ednimo, tr\u00eas anos de atividade jur\u00eddica at\u00e9 a data da posse.\u00a0Acompanhe abaixo a publica\u00e7\u00e3o na \u00edntegra: <\/p>\n\n\n\n<figure class=\"wp-block-image size-large\"><img loading=\"lazy\" decoding=\"async\" width=\"713\" height=\"422\" src=\"https:\/\/dhg1h5j42swfq.cloudfront.net\/2020\/07\/24141953\/image-1-6.png\" alt=\"Promotor RO \" class=\"wp-image-546745\" srcset=\"https:\/\/dhg1h5j42swfq.cloudfront.net\/2020\/07\/24141953\/image-1-6.png 713w, https:\/\/dhg1h5j42swfq.cloudfront.net\/2020\/07\/24141953\/image-1-6-300x178.png 300w, https:\/\/dhg1h5j42swfq.cloudfront.net\/2020\/07\/24141953\/image-1-6-610x361.png 610w\" sizes=\"auto, (max-width: 713px) 100vw, 713px\" \/><\/figure>\n\n\n\n<p>O concurso Promotor RO 2017 foi devidamente homologado em 30 de julho de 2018, e teria validade at\u00e9 o fim de julho deste ano. Com a prorroga\u00e7\u00e3o, o certame s\u00f3 expirar\u00e1 em julho de 2022. <\/p>\n\n\n\n<p>Constituem atribui\u00e7\u00f5es do cargo de Promotor RO, al\u00e9m das fun\u00e7\u00f5es estabelecidas na Constitui\u00e7\u00e3o Federal, na Lei Org\u00e2nica Nacional do Minist\u00e9rio P\u00fablico, na Constitui\u00e7\u00e3o Estadual e em outras Leis, as previstas na Lei Org\u00e2nica do Minist\u00e9rio P\u00fablico do Estado de Rond\u00f4nia (Lei Complementar Estadual n? 93, de 3\/11\/1993).<\/p>\n\n\n\n<p>A avalia\u00e7\u00e3o dos candidatos a Promotor RO foi feita a partir das seguintes fases:<\/p>\n\n\n\n<ul class=\"wp-block-list\"><li><strong>Fase 1<\/strong> &#8211; <strong>Prova objetiva preliminar<\/strong><em>, de car\u00e1ter eliminat\u00f3rio e classificat\u00f3rio;<\/em><\/li><li><strong>Fase 2<\/strong> &#8211; <strong>Provas escritas discursivas<\/strong><em>, de car\u00e1ter eliminat\u00f3rio e classificat\u00f3rio;<\/em><\/li><li><strong>Fase 3<\/strong> &#8211;<strong> Inscri\u00e7\u00f5es definitivas<\/strong><em>, de car\u00e1ter eliminat\u00f3rio;<\/em><\/li><li><strong>Fase 4<\/strong> &#8211; <strong>Exame psicot\u00e9cnico,<\/strong><em> de car\u00e1ter eliminat\u00f3rio;<\/em><\/li><li><strong>Fase 5<\/strong> &#8211; <strong>Provas orais<\/strong><em>, de car\u00e1ter eliminat\u00f3rio e classificat\u00f3rio;<\/em><\/li><li><strong>Fase 6<\/strong> &#8211; <strong>Avalia\u00e7\u00e3o de t\u00edtulos<\/strong><em>, de car\u00e1ter classificat\u00f3rio.<\/em><\/li><\/ul>\n\n\n\n<p>As provas objetivas foram compostas de 100 quest\u00f5es, a serem respondidas em um tempo m\u00e1ximo de 5 horas. <\/p>\n\n\n\n<p>Foram considerados n\u00e3o eliminados os candidatos que obtiverem aproveitamento igual ou superiora 60% das quest\u00f5es formuladas e que se encontrarem at\u00e9 a 200\u00aa classifica\u00e7\u00e3o, ultrapassando-se tal limite apenas para inclus\u00e3o de candidatos empatados no \u00faltimo lugar da classifica\u00e7\u00e3o.<\/p>\n\n\n\n<p style=\"font-size:22px\" class=\"has-text-align-center\"><strong><em><strong>Sistema de Quest\u00f5es<\/strong><\/em><\/strong><\/p>\n\n\n\n<p class=\"has-text-align-center\">Estrat\u00e9gia Quest\u00f5es nasceu maior do que todos os concorrentes, com mais quest\u00f5es cadastradas e mais solu\u00e7\u00f5es por professores. Clique no link e aproveite os descontos e b\u00f4nus imperd\u00edveis!<\/p>\n\n\n\n<p style=\"font-size:22px\" class=\"has-background has-text-align-center has-vivid-green-cyan-background-color\"><strong>ASSINE AGORA \u2013&nbsp;<a rel=\"noreferrer noopener\" href=\"https:\/\/www.estrategiaconcursos.com.br\/cursosPorConcurso\/sistema-de-questoes\/#\/\" target=\"_blank\">Sistema de Quest\u00f5es<\/a><\/strong><\/p>\n\n\n\n<h2 class=\"wp-block-heading\" id=\"cursos-concurso\">Quer estudar para o concurso Promotor RO?<\/h2>\n\n\n\n<p style=\"font-size:23px\" class=\"has-background has-text-align-center has-luminous-vivid-amber-background-color\"><a rel=\"noreferrer noopener\" href=\"https:\/\/www.estrategiaconcursos.com.br\/cursosPorConcurso\/ministerio-publico-dos-estados-e-do-distrito-federal-promotor-de-justica-cursos-regulares\/\" target=\"_blank\">CURSO\u00a0PROMOTOR RO<\/a><\/p>\n\n\n\n<p style=\"font-size:23px\" class=\"has-background has-text-align-center has-pale-cyan-blue-background-color\"><strong><a href=\"https:\/\/www.estrategiaconcursos.com.br\/blog\/concursos-abertos\/\" target=\"_blank\" rel=\"noreferrer noopener\">Concursos abertos<\/a><\/strong><\/p>\n\n\n\n<p style=\"font-size:23px\" class=\"has-background has-text-align-center has-pale-cyan-blue-background-color\"><a href=\"https:\/\/www.estrategiaconcursos.com.br\/blog\/concursos-2020\/\" target=\"_blank\" rel=\"noreferrer noopener\"><strong>Concursos 2020<\/strong><\/a><\/p>\n\n\n\n<p style=\"font-size:22px\" class=\"has-background has-text-align-center has-pale-cyan-blue-background-color\"><strong><a rel=\"noreferrer noopener\" href=\"https:\/\/www.estrategiaconcursos.com.br\/blog\/concursos-2021\/\" target=\"_blank\">Concursos 2021<\/a><\/strong><\/p>\n\n\n\n<p style=\"font-size:22px\" class=\"has-background has-text-align-center has-light-green-cyan-background-color\"><strong><a rel=\"noreferrer noopener\" href=\"https:\/\/www.estrategiaconcursos.com.br\/blog\/concursos-de-direito\/\" target=\"_blank\">Concursos de Direito<\/a> <\/strong><\/p>\n\n\n\n<figure class=\"wp-block-image\"><img loading=\"lazy\" decoding=\"async\" width=\"300\" height=\"102\" src=\"https:\/\/dhg1h5j42swfq.cloudfront.net\/2019\/06\/19170128\/coruja-ficha-tecnica.png\" alt=\"Ficha T\u00e9cnica \" class=\"wp-image-389742\"\/><\/figure>\n\n\n\n<h4 class=\"wp-block-heading\" id=\"ficha-concurso\"><strong>\u2666Informa\u00e7\u00f5es do concurso Promotor<\/strong> RO<\/h4>\n\n\n\n<p><strong>\u25baVagas: <\/strong>10 <strong><br \/>\u25baLota\u00e7\u00f5es:<\/strong> Rond\u00f4nia<strong><br \/>\u25baBanca: <\/strong>FMP Concursos<strong><br \/>\u25baEscolaridade:<\/strong> Ensino Superior em Direito + 3 anos de atividade jur\u00eddica<br \/>\u25ba<strong>\u00daltimo Edital: <\/strong><a rel=\"noreferrer noopener\" href=\"https:\/\/dhg1h5j42swfq.cloudfront.net\/2017\/06\/12140235\/Edital-Concurso-MP-RO-Promotor.pdf\" target=\"_blank\">Edital Concurso Promotor RO<\/a><br \/>\u25ba<strong>Prova Objetiva: <\/strong><a rel=\"noreferrer noopener\" href=\"https:\/\/dhg1h5j42swfq.cloudfront.net\/2020\/07\/24144941\/Prova-Objetiva.pdf\" target=\"_blank\">Prova Concurso Promotor RO<\/a> \/ <a rel=\"noreferrer noopener\" href=\"https:\/\/dhg1h5j42swfq.cloudfront.net\/2020\/07\/24145039\/gabarito-1.pdf\" target=\"_blank\">Gabarito<\/a><br \/>\u25ba<strong>Resultado Definitivo: <\/strong><a rel=\"noreferrer noopener\" href=\"https:\/\/dhg1h5j42swfq.cloudfront.net\/2020\/07\/24145057\/Resultado-definitivo.pdf\" target=\"_blank\">Resultado aprovados MP RO<\/a><\/p>\n\n\n\n<p>Ascom Estrat\u00e9gia<br \/>ascomestrategia@gmail.com<\/p>\n","protected":false},"excerpt":{"rendered":"<p>O Minist\u00e9rio P\u00fablico do Estado de Rond\u00f4nia publicou no dia 20 de julho, no Di\u00e1rio Oficial, um edital de prorroga\u00e7\u00e3o do \u00faltimo concurso Promotor RO, para provimento de 10 vagas para Promotor de Justi\u00e7a Substituto, realizado pelo \u00f3rg\u00e3o no ano de 2017. O concurso Promotor RO foi organizado pela FMP Concursos e a remunera\u00e7\u00e3o inicial [&hellip;]<\/p>\n","protected":false},"author":317,"featured_media":546764,"comment_status":"open","ping_status":"closed","sticky":false,"template":"","format":"standard","meta":{"post_tipo":"article","footnotes":""},"categories":[1],"tags":[],"tax_estado":[],"class_list":["post-546728","post","type-post","status-publish","format-standard","has-post-thumbnail","hentry","category-cursos-e-concursos"],"acf":[],"yoast_head":"<!-- This site is optimized with the Yoast SEO Premium plugin v27.2 (Yoast SEO v27.2) - https:\/\/yoast.com\/product\/yoast-seo-premium-wordpress\/ -->\n<title>Concurso Promotor RO 2017 tem prazo de validade prorrogado!<\/title>\n<meta name=\"description\" content=\"Foi prorrogado por mais dois anos o concurso Promotor RO 2017, que ofertou 10 vagas de Promotor de Justi\u00e7a Substituto em Rond\u00f4nia.\" \/>\n<meta name=\"robots\" content=\"index, follow, max-snippet:-1, max-image-preview:large, max-video-preview:-1\" \/>\n<link rel=\"canonical\" href=\"https:\/\/www.estrategiaconcursos.com.br\/blog\/concurso-promotor-ro-2017-prorrogado\/\" \/>\n<meta property=\"og:locale\" content=\"pt_BR\" \/>\n<meta property=\"og:type\" content=\"article\" \/>\n<meta property=\"og:title\" content=\"Concurso Promotor RO 2017 tem prazo de validade prorrogado!\" \/>\n<meta property=\"og:description\" content=\"Foi prorrogado por mais dois anos o concurso Promotor RO 2017, que ofertou 10 vagas de Promotor de Justi\u00e7a Substituto em Rond\u00f4nia.\" \/>\n<meta property=\"og:url\" content=\"https:\/\/www.estrategiaconcursos.com.br\/blog\/concurso-promotor-ro-2017-prorrogado\/\" \/>\n<meta property=\"og:site_name\" content=\"Estrat\u00e9gia Concursos\" \/>\n<meta property=\"article:author\" content=\"https:\/\/www.facebook.com\/igor.maciel.1420\" \/>\n<meta property=\"article:published_time\" content=\"2020-07-24T17:43:21+00:00\" \/>\n<meta property=\"article:modified_time\" content=\"2020-07-24T19:17:46+00:00\" \/>\n<meta property=\"og:image\" content=\"https:\/\/dhg1h5j42swfq.cloudfront.net\/2020\/07\/24143757\/24-03-20-xszo0ex6lt0odr4.jpg\" \/>\n\t<meta property=\"og:image:width\" content=\"845\" \/>\n\t<meta property=\"og:image:height\" content=\"500\" \/>\n\t<meta property=\"og:image:type\" content=\"image\/jpeg\" \/>\n<meta name=\"author\" content=\"Igor Maciel\" \/>\n<meta name=\"twitter:card\" content=\"summary_large_image\" \/>\n<meta name=\"twitter:creator\" content=\"@EstratConcursos\" \/>\n<meta name=\"twitter:site\" content=\"@EstratConcursos\" \/>\n<meta name=\"twitter:label1\" content=\"Escrito por\" \/>\n\t<meta name=\"twitter:data1\" content=\"Igor Maciel\" \/>\n\t<meta name=\"twitter:label2\" content=\"Est. tempo de leitura\" \/>\n\t<meta name=\"twitter:data2\" content=\"2 minutos\" \/>\n<script type=\"application\/ld+json\" class=\"yoast-schema-graph\">{\"@context\":\"https:\/\/schema.org\",\"@graph\":[{\"@type\":\"NewsArticle\",\"@id\":\"https:\/\/www.estrategiaconcursos.com.br\/blog\/concurso-promotor-ro-2017-prorrogado\/#article\",\"isPartOf\":{\"@id\":\"https:\/\/www.estrategiaconcursos.com.br\/blog\/concurso-promotor-ro-2017-prorrogado\/\"},\"author\":{\"name\":\"Igor Maciel\",\"@id\":\"https:\/\/www.estrategiaconcursos.com.br\/blog\/#\/schema\/person\/024d26d5efb06d95dfc04025d7301591\"},\"headline\":\"Concurso Promotor RO 2017 tem prazo de validade prorrogado!\",\"datePublished\":\"2020-07-24T17:43:21+00:00\",\"dateModified\":\"2020-07-24T19:17:46+00:00\",\"mainEntityOfPage\":{\"@id\":\"https:\/\/www.estrategiaconcursos.com.br\/blog\/concurso-promotor-ro-2017-prorrogado\/\"},\"wordCount\":463,\"commentCount\":0,\"publisher\":{\"@id\":\"https:\/\/www.estrategiaconcursos.com.br\/blog\/#organization\"},\"image\":{\"@id\":\"https:\/\/www.estrategiaconcursos.com.br\/blog\/concurso-promotor-ro-2017-prorrogado\/#primaryimage\"},\"thumbnailUrl\":\"https:\/\/dhg1h5j42swfq.cloudfront.net\/2020\/07\/24143757\/24-03-20-xszo0ex6lt0odr4.jpg\",\"articleSection\":[\"Concursos P\u00fablicos\"],\"inLanguage\":\"pt-BR\",\"potentialAction\":[{\"@type\":\"CommentAction\",\"name\":\"Comment\",\"target\":[\"https:\/\/www.estrategiaconcursos.com.br\/blog\/concurso-promotor-ro-2017-prorrogado\/#respond\"]}],\"copyrightYear\":\"2020\",\"copyrightHolder\":{\"@id\":\"https:\/\/www.estrategiaconcursos.com.br\/blog\/#organization\"}},{\"@type\":\"WebPage\",\"@id\":\"https:\/\/www.estrategiaconcursos.com.br\/blog\/concurso-promotor-ro-2017-prorrogado\/\",\"url\":\"https:\/\/www.estrategiaconcursos.com.br\/blog\/concurso-promotor-ro-2017-prorrogado\/\",\"name\":\"Concurso Promotor RO 2017 tem prazo de validade prorrogado!\",\"isPartOf\":{\"@id\":\"https:\/\/www.estrategiaconcursos.com.br\/blog\/#website\"},\"primaryImageOfPage\":{\"@id\":\"https:\/\/www.estrategiaconcursos.com.br\/blog\/concurso-promotor-ro-2017-prorrogado\/#primaryimage\"},\"image\":{\"@id\":\"https:\/\/www.estrategiaconcursos.com.br\/blog\/concurso-promotor-ro-2017-prorrogado\/#primaryimage\"},\"thumbnailUrl\":\"https:\/\/dhg1h5j42swfq.cloudfront.net\/2020\/07\/24143757\/24-03-20-xszo0ex6lt0odr4.jpg\",\"datePublished\":\"2020-07-24T17:43:21+00:00\",\"dateModified\":\"2020-07-24T19:17:46+00:00\",\"description\":\"Foi prorrogado por mais dois anos o concurso Promotor RO 2017, que ofertou 10 vagas de Promotor de Justi\u00e7a Substituto em Rond\u00f4nia.\",\"breadcrumb\":{\"@id\":\"https:\/\/www.estrategiaconcursos.com.br\/blog\/concurso-promotor-ro-2017-prorrogado\/#breadcrumb\"},\"inLanguage\":\"pt-BR\",\"potentialAction\":[{\"@type\":\"ReadAction\",\"target\":[\"https:\/\/www.estrategiaconcursos.com.br\/blog\/concurso-promotor-ro-2017-prorrogado\/\"]}]},{\"@type\":\"ImageObject\",\"inLanguage\":\"pt-BR\",\"@id\":\"https:\/\/www.estrategiaconcursos.com.br\/blog\/concurso-promotor-ro-2017-prorrogado\/#primaryimage\",\"url\":\"https:\/\/dhg1h5j42swfq.cloudfront.net\/2020\/07\/24143757\/24-03-20-xszo0ex6lt0odr4.jpg\",\"contentUrl\":\"https:\/\/dhg1h5j42swfq.cloudfront.net\/2020\/07\/24143757\/24-03-20-xszo0ex6lt0odr4.jpg\",\"width\":845,\"height\":500,\"caption\":\"Concurso Promotor RO\"},{\"@type\":\"BreadcrumbList\",\"@id\":\"https:\/\/www.estrategiaconcursos.com.br\/blog\/concurso-promotor-ro-2017-prorrogado\/#breadcrumb\",\"itemListElement\":[{\"@type\":\"ListItem\",\"position\":1,\"name\":\"In\u00edcio\",\"item\":\"https:\/\/www.estrategiaconcursos.com.br\/blog\/\"},{\"@type\":\"ListItem\",\"position\":2,\"name\":\"Concurso Promotor RO 2017 tem prazo de validade prorrogado!\"}]},{\"@type\":\"WebSite\",\"@id\":\"https:\/\/www.estrategiaconcursos.com.br\/blog\/#website\",\"url\":\"https:\/\/www.estrategiaconcursos.com.br\/blog\/\",\"name\":\"Estrat\u00e9gia Concursos\",\"description\":\"O blog da Estrat\u00e9gia Concursos traz not\u00edcias sobre concursos e artigos de professores oferecendo cursos para concursos (pdf + videaulas) no site.\",\"publisher\":{\"@id\":\"https:\/\/www.estrategiaconcursos.com.br\/blog\/#organization\"},\"potentialAction\":[{\"@type\":\"SearchAction\",\"target\":{\"@type\":\"EntryPoint\",\"urlTemplate\":\"https:\/\/www.estrategiaconcursos.com.br\/blog\/?s={search_term_string}\"},\"query-input\":{\"@type\":\"PropertyValueSpecification\",\"valueRequired\":true,\"valueName\":\"search_term_string\"}}],\"inLanguage\":\"pt-BR\"},{\"@type\":\"Organization\",\"@id\":\"https:\/\/www.estrategiaconcursos.com.br\/blog\/#organization\",\"name\":\"Estrat\u00e9gia Concursos\",\"url\":\"https:\/\/www.estrategiaconcursos.com.br\/blog\/\",\"logo\":{\"@type\":\"ImageObject\",\"inLanguage\":\"pt-BR\",\"@id\":\"https:\/\/www.estrategiaconcursos.com.br\/blog\/#\/schema\/logo\/image\/\",\"url\":\"https:\/\/dhg1h5j42swfq.cloudfront.net\/2025\/06\/03203428\/logo_concursos-1.jpg\",\"contentUrl\":\"https:\/\/dhg1h5j42swfq.cloudfront.net\/2025\/06\/03203428\/logo_concursos-1.jpg\",\"width\":230,\"height\":60,\"caption\":\"Estrat\u00e9gia Concursos\"},\"image\":{\"@id\":\"https:\/\/www.estrategiaconcursos.com.br\/blog\/#\/schema\/logo\/image\/\"},\"sameAs\":[\"https:\/\/x.com\/EstratConcursos\"]},{\"@type\":\"Person\",\"@id\":\"https:\/\/www.estrategiaconcursos.com.br\/blog\/#\/schema\/person\/024d26d5efb06d95dfc04025d7301591\",\"name\":\"Igor Maciel\",\"image\":{\"@type\":\"ImageObject\",\"inLanguage\":\"pt-BR\",\"@id\":\"https:\/\/secure.gravatar.com\/avatar\/e983a676af6facf4aebcb2989d49e3bf61b718712d5e7a4b3f355b7fe651bc2f?s=96&d=mm&r=g\",\"url\":\"https:\/\/secure.gravatar.com\/avatar\/e983a676af6facf4aebcb2989d49e3bf61b718712d5e7a4b3f355b7fe651bc2f?s=96&d=mm&r=g\",\"contentUrl\":\"https:\/\/secure.gravatar.com\/avatar\/e983a676af6facf4aebcb2989d49e3bf61b718712d5e7a4b3f355b7fe651bc2f?s=96&d=mm&r=g\",\"caption\":\"Igor Maciel\"},\"description\":\"Graduado na Universidade Federal de Pernambuco, com extens\u00e3o na Universidade de Coimbra\/Portugal. Especialista LLM em Direito Corporativo pelo IBMEC\/RJ. Mestrando em Direito e Pol\u00edticas P\u00fablicas pelo UNICEUB\/DF. Advogado com atua\u00e7\u00e3o profissional centrada no Direito Tribut\u00e1rio e no Direito Administrativo, especialmente na defesa de servidores p\u00fablicos.\",\"sameAs\":[\"http:\/\/www.imaciel.com.br\",\"https:\/\/www.facebook.com\/igor.maciel.1420\"],\"url\":\"https:\/\/www.estrategiaconcursos.com.br\/blog\/author\/contatoimaciel-com-br\/\"}]}<\/script>\n<!-- \/ Yoast SEO Premium plugin. -->","yoast_head_json":{"title":"Concurso Promotor RO 2017 tem prazo de validade prorrogado!","description":"Foi prorrogado por mais dois anos o concurso Promotor RO 2017, que ofertou 10 vagas de Promotor de Justi\u00e7a Substituto em Rond\u00f4nia.","robots":{"index":"index","follow":"follow","max-snippet":"max-snippet:-1","max-image-preview":"max-image-preview:large","max-video-preview":"max-video-preview:-1"},"canonical":"https:\/\/www.estrategiaconcursos.com.br\/blog\/concurso-promotor-ro-2017-prorrogado\/","og_locale":"pt_BR","og_type":"article","og_title":"Concurso Promotor RO 2017 tem prazo de validade prorrogado!","og_description":"Foi prorrogado por mais dois anos o concurso Promotor RO 2017, que ofertou 10 vagas de Promotor de Justi\u00e7a Substituto em Rond\u00f4nia.","og_url":"https:\/\/www.estrategiaconcursos.com.br\/blog\/concurso-promotor-ro-2017-prorrogado\/","og_site_name":"Estrat\u00e9gia Concursos","article_author":"https:\/\/www.facebook.com\/igor.maciel.1420","article_published_time":"2020-07-24T17:43:21+00:00","article_modified_time":"2020-07-24T19:17:46+00:00","og_image":[{"width":845,"height":500,"url":"https:\/\/dhg1h5j42swfq.cloudfront.net\/2020\/07\/24143757\/24-03-20-xszo0ex6lt0odr4.jpg","type":"image\/jpeg"}],"author":"Igor Maciel","twitter_card":"summary_large_image","twitter_creator":"@EstratConcursos","twitter_site":"@EstratConcursos","twitter_misc":{"Escrito por":"Igor Maciel","Est. tempo de leitura":"2 minutos"},"schema":{"@context":"https:\/\/schema.org","@graph":[{"@type":"NewsArticle","@id":"https:\/\/www.estrategiaconcursos.com.br\/blog\/concurso-promotor-ro-2017-prorrogado\/#article","isPartOf":{"@id":"https:\/\/www.estrategiaconcursos.com.br\/blog\/concurso-promotor-ro-2017-prorrogado\/"},"author":{"name":"Igor Maciel","@id":"https:\/\/www.estrategiaconcursos.com.br\/blog\/#\/schema\/person\/024d26d5efb06d95dfc04025d7301591"},"headline":"Concurso Promotor RO 2017 tem prazo de validade prorrogado!","datePublished":"2020-07-24T17:43:21+00:00","dateModified":"2020-07-24T19:17:46+00:00","mainEntityOfPage":{"@id":"https:\/\/www.estrategiaconcursos.com.br\/blog\/concurso-promotor-ro-2017-prorrogado\/"},"wordCount":463,"commentCount":0,"publisher":{"@id":"https:\/\/www.estrategiaconcursos.com.br\/blog\/#organization"},"image":{"@id":"https:\/\/www.estrategiaconcursos.com.br\/blog\/concurso-promotor-ro-2017-prorrogado\/#primaryimage"},"thumbnailUrl":"https:\/\/dhg1h5j42swfq.cloudfront.net\/2020\/07\/24143757\/24-03-20-xszo0ex6lt0odr4.jpg","articleSection":["Concursos P\u00fablicos"],"inLanguage":"pt-BR","potentialAction":[{"@type":"CommentAction","name":"Comment","target":["https:\/\/www.estrategiaconcursos.com.br\/blog\/concurso-promotor-ro-2017-prorrogado\/#respond"]}],"copyrightYear":"2020","copyrightHolder":{"@id":"https:\/\/www.estrategiaconcursos.com.br\/blog\/#organization"}},{"@type":"WebPage","@id":"https:\/\/www.estrategiaconcursos.com.br\/blog\/concurso-promotor-ro-2017-prorrogado\/","url":"https:\/\/www.estrategiaconcursos.com.br\/blog\/concurso-promotor-ro-2017-prorrogado\/","name":"Concurso Promotor RO 2017 tem prazo de validade prorrogado!","isPartOf":{"@id":"https:\/\/www.estrategiaconcursos.com.br\/blog\/#website"},"primaryImageOfPage":{"@id":"https:\/\/www.estrategiaconcursos.com.br\/blog\/concurso-promotor-ro-2017-prorrogado\/#primaryimage"},"image":{"@id":"https:\/\/www.estrategiaconcursos.com.br\/blog\/concurso-promotor-ro-2017-prorrogado\/#primaryimage"},"thumbnailUrl":"https:\/\/dhg1h5j42swfq.cloudfront.net\/2020\/07\/24143757\/24-03-20-xszo0ex6lt0odr4.jpg","datePublished":"2020-07-24T17:43:21+00:00","dateModified":"2020-07-24T19:17:46+00:00","description":"Foi prorrogado por mais dois anos o concurso Promotor RO 2017, que ofertou 10 vagas de Promotor de Justi\u00e7a Substituto em Rond\u00f4nia.","breadcrumb":{"@id":"https:\/\/www.estrategiaconcursos.com.br\/blog\/concurso-promotor-ro-2017-prorrogado\/#breadcrumb"},"inLanguage":"pt-BR","potentialAction":[{"@type":"ReadAction","target":["https:\/\/www.estrategiaconcursos.com.br\/blog\/concurso-promotor-ro-2017-prorrogado\/"]}]},{"@type":"ImageObject","inLanguage":"pt-BR","@id":"https:\/\/www.estrategiaconcursos.com.br\/blog\/concurso-promotor-ro-2017-prorrogado\/#primaryimage","url":"https:\/\/dhg1h5j42swfq.cloudfront.net\/2020\/07\/24143757\/24-03-20-xszo0ex6lt0odr4.jpg","contentUrl":"https:\/\/dhg1h5j42swfq.cloudfront.net\/2020\/07\/24143757\/24-03-20-xszo0ex6lt0odr4.jpg","width":845,"height":500,"caption":"Concurso Promotor RO"},{"@type":"BreadcrumbList","@id":"https:\/\/www.estrategiaconcursos.com.br\/blog\/concurso-promotor-ro-2017-prorrogado\/#breadcrumb","itemListElement":[{"@type":"ListItem","position":1,"name":"In\u00edcio","item":"https:\/\/www.estrategiaconcursos.com.br\/blog\/"},{"@type":"ListItem","position":2,"name":"Concurso Promotor RO 2017 tem prazo de validade prorrogado!"}]},{"@type":"WebSite","@id":"https:\/\/www.estrategiaconcursos.com.br\/blog\/#website","url":"https:\/\/www.estrategiaconcursos.com.br\/blog\/","name":"Estrat\u00e9gia Concursos","description":"O blog da Estrat\u00e9gia Concursos traz not\u00edcias sobre concursos e artigos de professores oferecendo cursos para concursos (pdf + videaulas) no site.","publisher":{"@id":"https:\/\/www.estrategiaconcursos.com.br\/blog\/#organization"},"potentialAction":[{"@type":"SearchAction","target":{"@type":"EntryPoint","urlTemplate":"https:\/\/www.estrategiaconcursos.com.br\/blog\/?s={search_term_string}"},"query-input":{"@type":"PropertyValueSpecification","valueRequired":true,"valueName":"search_term_string"}}],"inLanguage":"pt-BR"},{"@type":"Organization","@id":"https:\/\/www.estrategiaconcursos.com.br\/blog\/#organization","name":"Estrat\u00e9gia Concursos","url":"https:\/\/www.estrategiaconcursos.com.br\/blog\/","logo":{"@type":"ImageObject","inLanguage":"pt-BR","@id":"https:\/\/www.estrategiaconcursos.com.br\/blog\/#\/schema\/logo\/image\/","url":"https:\/\/dhg1h5j42swfq.cloudfront.net\/2025\/06\/03203428\/logo_concursos-1.jpg","contentUrl":"https:\/\/dhg1h5j42swfq.cloudfront.net\/2025\/06\/03203428\/logo_concursos-1.jpg","width":230,"height":60,"caption":"Estrat\u00e9gia Concursos"},"image":{"@id":"https:\/\/www.estrategiaconcursos.com.br\/blog\/#\/schema\/logo\/image\/"},"sameAs":["https:\/\/x.com\/EstratConcursos"]},{"@type":"Person","@id":"https:\/\/www.estrategiaconcursos.com.br\/blog\/#\/schema\/person\/024d26d5efb06d95dfc04025d7301591","name":"Igor Maciel","image":{"@type":"ImageObject","inLanguage":"pt-BR","@id":"https:\/\/secure.gravatar.com\/avatar\/e983a676af6facf4aebcb2989d49e3bf61b718712d5e7a4b3f355b7fe651bc2f?s=96&d=mm&r=g","url":"https:\/\/secure.gravatar.com\/avatar\/e983a676af6facf4aebcb2989d49e3bf61b718712d5e7a4b3f355b7fe651bc2f?s=96&d=mm&r=g","contentUrl":"https:\/\/secure.gravatar.com\/avatar\/e983a676af6facf4aebcb2989d49e3bf61b718712d5e7a4b3f355b7fe651bc2f?s=96&d=mm&r=g","caption":"Igor Maciel"},"description":"Graduado na Universidade Federal de Pernambuco, com extens\u00e3o na Universidade de Coimbra\/Portugal. Especialista LLM em Direito Corporativo pelo IBMEC\/RJ. Mestrando em Direito e Pol\u00edticas P\u00fablicas pelo UNICEUB\/DF. Advogado com atua\u00e7\u00e3o profissional centrada no Direito Tribut\u00e1rio e no Direito Administrativo, especialmente na defesa de servidores p\u00fablicos.","sameAs":["http:\/\/www.imaciel.com.br","https:\/\/www.facebook.com\/igor.maciel.1420"],"url":"https:\/\/www.estrategiaconcursos.com.br\/blog\/author\/contatoimaciel-com-br\/"}]}},"_links":{"self":[{"href":"https:\/\/www.estrategiaconcursos.com.br\/blog\/wp-json\/wp\/v2\/posts\/546728","targetHints":{"allow":["GET"]}}],"collection":[{"href":"https:\/\/www.estrategiaconcursos.com.br\/blog\/wp-json\/wp\/v2\/posts"}],"about":[{"href":"https:\/\/www.estrategiaconcursos.com.br\/blog\/wp-json\/wp\/v2\/types\/post"}],"author":[{"embeddable":true,"href":"https:\/\/www.estrategiaconcursos.com.br\/blog\/wp-json\/wp\/v2\/users\/317"}],"replies":[{"embeddable":true,"href":"https:\/\/www.estrategiaconcursos.com.br\/blog\/wp-json\/wp\/v2\/comments?post=546728"}],"version-history":[{"count":9,"href":"https:\/\/www.estrategiaconcursos.com.br\/blog\/wp-json\/wp\/v2\/posts\/546728\/revisions"}],"predecessor-version":[{"id":546789,"href":"https:\/\/www.estrategiaconcursos.com.br\/blog\/wp-json\/wp\/v2\/posts\/546728\/revisions\/546789"}],"wp:featuredmedia":[{"embeddable":true,"href":"https:\/\/www.estrategiaconcursos.com.br\/blog\/wp-json\/wp\/v2\/media\/546764"}],"wp:attachment":[{"href":"https:\/\/www.estrategiaconcursos.com.br\/blog\/wp-json\/wp\/v2\/media?parent=546728"}],"wp:term":[{"taxonomy":"category","embeddable":true,"href":"https:\/\/www.estrategiaconcursos.com.br\/blog\/wp-json\/wp\/v2\/categories?post=546728"},{"taxonomy":"post_tag","embeddable":true,"href":"https:\/\/www.estrategiaconcursos.com.br\/blog\/wp-json\/wp\/v2\/tags?post=546728"},{"taxonomy":"tax_estado","embeddable":true,"href":"https:\/\/www.estrategiaconcursos.com.br\/blog\/wp-json\/wp\/v2\/tax_estado?post=546728"}],"curies":[{"name":"wp","href":"https:\/\/api.w.org\/{rel}","templated":true}]}}