{"id":546385,"date":"2020-07-24T09:00:06","date_gmt":"2020-07-24T12:00:06","guid":{"rendered":"https:\/\/www.estrategiaconcursos.com.br\/blog\/?p=546385"},"modified":"2023-07-04T11:29:48","modified_gmt":"2023-07-04T14:29:48","slug":"prefeitura-mogi-das-cruzes-publicada-alteracao-para-o-cargo-de-professor","status":"publish","type":"post","link":"https:\/\/www.estrategiaconcursos.com.br\/blog\/prefeitura-mogi-das-cruzes-publicada-alteracao-para-o-cargo-de-professor\/","title":{"rendered":"Prefeitura Mogi das Cruzes: publicada altera\u00e7\u00e3o para Professor"},"content":{"rendered":"\n<p>Foi publicado, nessa semana, pela prefeitura de Mogi das Cruzes, o edital de retifica\u00e7\u00e3o referente a um dos cargos ofertados do seu concurso p\u00fablico. O documento foi disponibilizado no site da banca organizadora, a <strong>Funda\u00e7\u00e3o Vunesp.<\/strong><\/p>\n\n\n\n<p>O edital de retifica\u00e7\u00e3o traz a Portaria n\u00ba 4.986\/19, onde fica inclu\u00eddo como requisito exigido para posse no cargo de Professor de Educa\u00e7\u00e3o B\u00e1sica II \u2013 Educa\u00e7\u00e3o F\u00edsica, <strong>o registro no respectivo Conselho de Classe.<\/strong><\/p>\n\n\n\n<p>O cargo em quest\u00e3o, oferta vagas em cadastro de reserva mais remunera\u00e7\u00e3o de <strong>R$ 4.808,55<\/strong> para candidatos de n\u00edvel superior. J\u00e1 para \u00e1rea da educa\u00e7\u00e3o no geral, o concurso Prefeitura de Mogi oferta <strong>40 vagas<\/strong>, fora outras 59 destinadas a diversas outras oportunidades.<\/p>\n\n\n\n<p>Vale ressaltar que, recentemente, foi divulgado um comunicado que&nbsp;<strong>suspende a aplica\u00e7\u00e3o das provas objetivas<\/strong>,&nbsp;que estavam previstas para os dias 29 de mar\u00e7o e 05 de abril.<\/p>\n\n\n\n<p>At\u00e9 o presente momento, o \u00f3rg\u00e3o n\u00e3o informou sobre o poss\u00edvel retorno da aplica\u00e7\u00e3o das provas. A equipe de jornalismo do Estrat\u00e9gia segue em contato com a Prefeitura para obter todos os detalhes referentes ao certame. <\/p>\n\n\n\n<p>Ficou interessado no concurso Prefeitura de Mogi das Cruzes e quer ficar por dentro de TODOS os detalhes? \u00c9 f\u00e1cil, acesse o link abaixo e veja tudo na \u00edntegra!!<\/p>\n\n\n\n<p class=\"has-text-align-center has-very-light-gray-background-color has-background\" style=\"font-size:clamp(14.642px, 0.915rem + ((1vw - 3.2px) * 0.721), 22px);px\"><strong>Saiba mais: <a rel=\"noreferrer noopener\" href=\"https:\/\/www.estrategiaconcursos.com.br\/blog\/concurso-prefeitura-mogi-das-cruzes\/\" target=\"_blank\">Concurso Prefeitura de Mogi das Cruzes<\/a><\/strong><\/p>\n\n\n\n<h2 class=\"wp-block-heading has-text-align-center\" id=\"cursos-assinatura\">Quer estudar para o concurso Prefeitura Mogi das Cruzes?<\/h2>\n\n\n\n<p class=\"has-text-align-center\"><em>Gostou desta oportunidade e deseja come\u00e7ar se preparar agora mesmo? Ent\u00e3o, confira os nossos cursos e comece a estudar:<\/em><\/p>\n\n\n\n<p class=\"has-text-align-center has-luminous-vivid-amber-background-color has-background\" style=\"font-size:clamp(14.642px, 0.915rem + ((1vw - 3.2px) * 0.721), 22px);px\"><strong><a href=\"https:\/\/www.estrategiaconcursos.com.br\/cursosPorConcurso\/prefeitura-municipal-de-mogi-das-cruzes-sp\/\" target=\"_blank\" rel=\"noreferrer noopener\">CURSO PREFEITURA MOGI DAS CRUZES<\/a><\/strong><\/p>\n\n\n\n<p class=\"has-text-align-center\"><strong><em>Fique por dentro de todos os concursos<\/em><\/strong><\/p>\n\n\n\n<p class=\"has-text-align-center has-pale-cyan-blue-background-color has-background\" style=\"font-size:clamp(14.642px, 0.915rem + ((1vw - 3.2px) * 0.721), 22px);px\"><a href=\"https:\/\/www.estrategiaconcursos.com.br\/blog\/concursos-abertos\/\" target=\"_blank\" rel=\"noreferrer noopener\"><strong>CONCURSOS ABERTOS<\/strong><\/a><\/p>\n","protected":false},"excerpt":{"rendered":"<p>Foi publicado, nessa semana, pela prefeitura de Mogi das Cruzes, o edital de retifica\u00e7\u00e3o referente a um dos cargos ofertados do seu concurso p\u00fablico. O documento foi disponibilizado no site da banca organizadora, a Funda\u00e7\u00e3o Vunesp. O edital de retifica\u00e7\u00e3o traz a Portaria n\u00ba 4.986\/19, onde fica inclu\u00eddo como requisito exigido para posse no cargo [&hellip;]<\/p>\n","protected":false},"author":1211,"featured_media":0,"comment_status":"open","ping_status":"closed","sticky":false,"template":"","format":"standard","meta":{"post_tipo":"article","footnotes":""},"categories":[1],"tags":[],"tax_estado":[],"class_list":["post-546385","post","type-post","status-publish","format-standard","hentry","category-cursos-e-concursos"],"acf":[],"yoast_head":"<!-- This site is optimized with the Yoast SEO Premium plugin v27.2 (Yoast SEO v27.2) - https:\/\/yoast.com\/product\/yoast-seo-premium-wordpress\/ -->\n<title>Prefeitura Mogi das Cruzes: publicada altera\u00e7\u00e3o para Professor<\/title>\n<meta name=\"robots\" content=\"index, follow, max-snippet:-1, max-image-preview:large, max-video-preview:-1\" \/>\n<link rel=\"canonical\" href=\"https:\/\/www.estrategiaconcursos.com.br\/blog\/prefeitura-mogi-das-cruzes-publicada-alteracao-para-o-cargo-de-professor\/\" \/>\n<meta property=\"og:locale\" content=\"pt_BR\" \/>\n<meta property=\"og:type\" content=\"article\" \/>\n<meta property=\"og:title\" content=\"Prefeitura Mogi das Cruzes: publicada altera\u00e7\u00e3o para Professor\" \/>\n<meta property=\"og:description\" content=\"Foi publicado, nessa semana, pela prefeitura de Mogi das Cruzes, o edital de retifica\u00e7\u00e3o referente a um dos cargos ofertados do seu concurso p\u00fablico. O documento foi disponibilizado no site da banca organizadora, a Funda\u00e7\u00e3o Vunesp. O edital de retifica\u00e7\u00e3o traz a Portaria n\u00ba 4.986\/19, onde fica inclu\u00eddo como requisito exigido para posse no cargo [&hellip;]\" \/>\n<meta property=\"og:url\" content=\"https:\/\/www.estrategiaconcursos.com.br\/blog\/prefeitura-mogi-das-cruzes-publicada-alteracao-para-o-cargo-de-professor\/\" \/>\n<meta property=\"og:site_name\" content=\"Estrat\u00e9gia Concursos\" \/>\n<meta property=\"article:published_time\" content=\"2020-07-24T12:00:06+00:00\" \/>\n<meta property=\"article:modified_time\" content=\"2023-07-04T14:29:48+00:00\" \/>\n<meta name=\"author\" content=\"Douglas Schneider\" \/>\n<meta name=\"twitter:card\" content=\"summary_large_image\" \/>\n<meta name=\"twitter:creator\" content=\"@AEm1minuto\" \/>\n<meta name=\"twitter:site\" content=\"@EstratConcursos\" \/>\n<meta name=\"twitter:label1\" content=\"Escrito por\" \/>\n\t<meta name=\"twitter:data1\" content=\"Douglas Schneider\" \/>\n\t<meta name=\"twitter:label2\" content=\"Est. tempo de leitura\" \/>\n\t<meta name=\"twitter:data2\" content=\"1 minuto\" \/>\n<script type=\"application\/ld+json\" class=\"yoast-schema-graph\">{\"@context\":\"https:\/\/schema.org\",\"@graph\":[{\"@type\":\"NewsArticle\",\"@id\":\"https:\/\/www.estrategiaconcursos.com.br\/blog\/prefeitura-mogi-das-cruzes-publicada-alteracao-para-o-cargo-de-professor\/#article\",\"isPartOf\":{\"@id\":\"https:\/\/www.estrategiaconcursos.com.br\/blog\/prefeitura-mogi-das-cruzes-publicada-alteracao-para-o-cargo-de-professor\/\"},\"author\":{\"name\":\"Douglas Schneider\",\"@id\":\"https:\/\/www.estrategiaconcursos.com.br\/blog\/#\/schema\/person\/dd3af62dfb13d529e307a21c1e1844ce\"},\"headline\":\"Prefeitura Mogi das Cruzes: publicada altera\u00e7\u00e3o para Professor\",\"datePublished\":\"2020-07-24T12:00:06+00:00\",\"dateModified\":\"2023-07-04T14:29:48+00:00\",\"mainEntityOfPage\":{\"@id\":\"https:\/\/www.estrategiaconcursos.com.br\/blog\/prefeitura-mogi-das-cruzes-publicada-alteracao-para-o-cargo-de-professor\/\"},\"wordCount\":283,\"commentCount\":0,\"publisher\":{\"@id\":\"https:\/\/www.estrategiaconcursos.com.br\/blog\/#organization\"},\"articleSection\":[\"Concursos P\u00fablicos\"],\"inLanguage\":\"pt-BR\",\"potentialAction\":[{\"@type\":\"CommentAction\",\"name\":\"Comment\",\"target\":[\"https:\/\/www.estrategiaconcursos.com.br\/blog\/prefeitura-mogi-das-cruzes-publicada-alteracao-para-o-cargo-de-professor\/#respond\"]}],\"copyrightYear\":\"2020\",\"copyrightHolder\":{\"@id\":\"https:\/\/www.estrategiaconcursos.com.br\/blog\/#organization\"}},{\"@type\":\"WebPage\",\"@id\":\"https:\/\/www.estrategiaconcursos.com.br\/blog\/prefeitura-mogi-das-cruzes-publicada-alteracao-para-o-cargo-de-professor\/\",\"url\":\"https:\/\/www.estrategiaconcursos.com.br\/blog\/prefeitura-mogi-das-cruzes-publicada-alteracao-para-o-cargo-de-professor\/\",\"name\":\"Prefeitura Mogi das Cruzes: publicada altera\u00e7\u00e3o para Professor\",\"isPartOf\":{\"@id\":\"https:\/\/www.estrategiaconcursos.com.br\/blog\/#website\"},\"datePublished\":\"2020-07-24T12:00:06+00:00\",\"dateModified\":\"2023-07-04T14:29:48+00:00\",\"breadcrumb\":{\"@id\":\"https:\/\/www.estrategiaconcursos.com.br\/blog\/prefeitura-mogi-das-cruzes-publicada-alteracao-para-o-cargo-de-professor\/#breadcrumb\"},\"inLanguage\":\"pt-BR\",\"potentialAction\":[{\"@type\":\"ReadAction\",\"target\":[\"https:\/\/www.estrategiaconcursos.com.br\/blog\/prefeitura-mogi-das-cruzes-publicada-alteracao-para-o-cargo-de-professor\/\"]}]},{\"@type\":\"BreadcrumbList\",\"@id\":\"https:\/\/www.estrategiaconcursos.com.br\/blog\/prefeitura-mogi-das-cruzes-publicada-alteracao-para-o-cargo-de-professor\/#breadcrumb\",\"itemListElement\":[{\"@type\":\"ListItem\",\"position\":1,\"name\":\"In\u00edcio\",\"item\":\"https:\/\/www.estrategiaconcursos.com.br\/blog\/\"},{\"@type\":\"ListItem\",\"position\":2,\"name\":\"Prefeitura Mogi das Cruzes: publicada altera\u00e7\u00e3o para Professor\"}]},{\"@type\":\"WebSite\",\"@id\":\"https:\/\/www.estrategiaconcursos.com.br\/blog\/#website\",\"url\":\"https:\/\/www.estrategiaconcursos.com.br\/blog\/\",\"name\":\"Estrat\u00e9gia Concursos\",\"description\":\"O blog da Estrat\u00e9gia Concursos traz not\u00edcias sobre concursos e artigos de professores oferecendo cursos para concursos (pdf + videaulas) no site.\",\"publisher\":{\"@id\":\"https:\/\/www.estrategiaconcursos.com.br\/blog\/#organization\"},\"potentialAction\":[{\"@type\":\"SearchAction\",\"target\":{\"@type\":\"EntryPoint\",\"urlTemplate\":\"https:\/\/www.estrategiaconcursos.com.br\/blog\/?s={search_term_string}\"},\"query-input\":{\"@type\":\"PropertyValueSpecification\",\"valueRequired\":true,\"valueName\":\"search_term_string\"}}],\"inLanguage\":\"pt-BR\"},{\"@type\":\"Organization\",\"@id\":\"https:\/\/www.estrategiaconcursos.com.br\/blog\/#organization\",\"name\":\"Estrat\u00e9gia Concursos\",\"url\":\"https:\/\/www.estrategiaconcursos.com.br\/blog\/\",\"logo\":{\"@type\":\"ImageObject\",\"inLanguage\":\"pt-BR\",\"@id\":\"https:\/\/www.estrategiaconcursos.com.br\/blog\/#\/schema\/logo\/image\/\",\"url\":\"https:\/\/dhg1h5j42swfq.cloudfront.net\/2025\/06\/03203428\/logo_concursos-1.jpg\",\"contentUrl\":\"https:\/\/dhg1h5j42swfq.cloudfront.net\/2025\/06\/03203428\/logo_concursos-1.jpg\",\"width\":230,\"height\":60,\"caption\":\"Estrat\u00e9gia Concursos\"},\"image\":{\"@id\":\"https:\/\/www.estrategiaconcursos.com.br\/blog\/#\/schema\/logo\/image\/\"},\"sameAs\":[\"https:\/\/x.com\/EstratConcursos\"]},{\"@type\":\"Person\",\"@id\":\"https:\/\/www.estrategiaconcursos.com.br\/blog\/#\/schema\/person\/dd3af62dfb13d529e307a21c1e1844ce\",\"name\":\"Douglas Schneider\",\"image\":{\"@type\":\"ImageObject\",\"inLanguage\":\"pt-BR\",\"@id\":\"https:\/\/secure.gravatar.com\/avatar\/b94b88d512fc2167e937b3c5222864ea56109e46ed8add375526883e821cf9b8?s=96&d=mm&r=g\",\"url\":\"https:\/\/secure.gravatar.com\/avatar\/b94b88d512fc2167e937b3c5222864ea56109e46ed8add375526883e821cf9b8?s=96&d=mm&r=g\",\"contentUrl\":\"https:\/\/secure.gravatar.com\/avatar\/b94b88d512fc2167e937b3c5222864ea56109e46ed8add375526883e821cf9b8?s=96&d=mm&r=g\",\"caption\":\"Douglas Schneider\"},\"description\":\"Professor de Administra\u00e7\u00e3o Geral e P\u00fablica Analista no IPHAN - Planejamento e Gest\u00e3o Graduado em Administra\u00e7\u00e3o e Mestre em Administra\u00e7\u00e3o P\u00fablica pela Universidade de Bras\u00edlia (UnB)\",\"sameAs\":[\"https:\/\/www.instagram.com\/adm.em1minuto\/\",\"https:\/\/x.com\/AEm1minuto\"],\"url\":\"https:\/\/www.estrategiaconcursos.com.br\/blog\/author\/douglas-friesgmail-com\/\"}]}<\/script>\n<!-- \/ Yoast SEO Premium plugin. -->","yoast_head_json":{"title":"Prefeitura Mogi das Cruzes: publicada altera\u00e7\u00e3o para Professor","robots":{"index":"index","follow":"follow","max-snippet":"max-snippet:-1","max-image-preview":"max-image-preview:large","max-video-preview":"max-video-preview:-1"},"canonical":"https:\/\/www.estrategiaconcursos.com.br\/blog\/prefeitura-mogi-das-cruzes-publicada-alteracao-para-o-cargo-de-professor\/","og_locale":"pt_BR","og_type":"article","og_title":"Prefeitura Mogi das Cruzes: publicada altera\u00e7\u00e3o para Professor","og_description":"Foi publicado, nessa semana, pela prefeitura de Mogi das Cruzes, o edital de retifica\u00e7\u00e3o referente a um dos cargos ofertados do seu concurso p\u00fablico. O documento foi disponibilizado no site da banca organizadora, a Funda\u00e7\u00e3o Vunesp. O edital de retifica\u00e7\u00e3o traz a Portaria n\u00ba 4.986\/19, onde fica inclu\u00eddo como requisito exigido para posse no cargo [&hellip;]","og_url":"https:\/\/www.estrategiaconcursos.com.br\/blog\/prefeitura-mogi-das-cruzes-publicada-alteracao-para-o-cargo-de-professor\/","og_site_name":"Estrat\u00e9gia Concursos","article_published_time":"2020-07-24T12:00:06+00:00","article_modified_time":"2023-07-04T14:29:48+00:00","author":"Douglas Schneider","twitter_card":"summary_large_image","twitter_creator":"@AEm1minuto","twitter_site":"@EstratConcursos","twitter_misc":{"Escrito por":"Douglas Schneider","Est. tempo de leitura":"1 minuto"},"schema":{"@context":"https:\/\/schema.org","@graph":[{"@type":"NewsArticle","@id":"https:\/\/www.estrategiaconcursos.com.br\/blog\/prefeitura-mogi-das-cruzes-publicada-alteracao-para-o-cargo-de-professor\/#article","isPartOf":{"@id":"https:\/\/www.estrategiaconcursos.com.br\/blog\/prefeitura-mogi-das-cruzes-publicada-alteracao-para-o-cargo-de-professor\/"},"author":{"name":"Douglas Schneider","@id":"https:\/\/www.estrategiaconcursos.com.br\/blog\/#\/schema\/person\/dd3af62dfb13d529e307a21c1e1844ce"},"headline":"Prefeitura Mogi das Cruzes: publicada altera\u00e7\u00e3o para Professor","datePublished":"2020-07-24T12:00:06+00:00","dateModified":"2023-07-04T14:29:48+00:00","mainEntityOfPage":{"@id":"https:\/\/www.estrategiaconcursos.com.br\/blog\/prefeitura-mogi-das-cruzes-publicada-alteracao-para-o-cargo-de-professor\/"},"wordCount":283,"commentCount":0,"publisher":{"@id":"https:\/\/www.estrategiaconcursos.com.br\/blog\/#organization"},"articleSection":["Concursos P\u00fablicos"],"inLanguage":"pt-BR","potentialAction":[{"@type":"CommentAction","name":"Comment","target":["https:\/\/www.estrategiaconcursos.com.br\/blog\/prefeitura-mogi-das-cruzes-publicada-alteracao-para-o-cargo-de-professor\/#respond"]}],"copyrightYear":"2020","copyrightHolder":{"@id":"https:\/\/www.estrategiaconcursos.com.br\/blog\/#organization"}},{"@type":"WebPage","@id":"https:\/\/www.estrategiaconcursos.com.br\/blog\/prefeitura-mogi-das-cruzes-publicada-alteracao-para-o-cargo-de-professor\/","url":"https:\/\/www.estrategiaconcursos.com.br\/blog\/prefeitura-mogi-das-cruzes-publicada-alteracao-para-o-cargo-de-professor\/","name":"Prefeitura Mogi das Cruzes: publicada altera\u00e7\u00e3o para Professor","isPartOf":{"@id":"https:\/\/www.estrategiaconcursos.com.br\/blog\/#website"},"datePublished":"2020-07-24T12:00:06+00:00","dateModified":"2023-07-04T14:29:48+00:00","breadcrumb":{"@id":"https:\/\/www.estrategiaconcursos.com.br\/blog\/prefeitura-mogi-das-cruzes-publicada-alteracao-para-o-cargo-de-professor\/#breadcrumb"},"inLanguage":"pt-BR","potentialAction":[{"@type":"ReadAction","target":["https:\/\/www.estrategiaconcursos.com.br\/blog\/prefeitura-mogi-das-cruzes-publicada-alteracao-para-o-cargo-de-professor\/"]}]},{"@type":"BreadcrumbList","@id":"https:\/\/www.estrategiaconcursos.com.br\/blog\/prefeitura-mogi-das-cruzes-publicada-alteracao-para-o-cargo-de-professor\/#breadcrumb","itemListElement":[{"@type":"ListItem","position":1,"name":"In\u00edcio","item":"https:\/\/www.estrategiaconcursos.com.br\/blog\/"},{"@type":"ListItem","position":2,"name":"Prefeitura Mogi das Cruzes: publicada altera\u00e7\u00e3o para Professor"}]},{"@type":"WebSite","@id":"https:\/\/www.estrategiaconcursos.com.br\/blog\/#website","url":"https:\/\/www.estrategiaconcursos.com.br\/blog\/","name":"Estrat\u00e9gia Concursos","description":"O blog da Estrat\u00e9gia Concursos traz not\u00edcias sobre concursos e artigos de professores oferecendo cursos para concursos (pdf + videaulas) no site.","publisher":{"@id":"https:\/\/www.estrategiaconcursos.com.br\/blog\/#organization"},"potentialAction":[{"@type":"SearchAction","target":{"@type":"EntryPoint","urlTemplate":"https:\/\/www.estrategiaconcursos.com.br\/blog\/?s={search_term_string}"},"query-input":{"@type":"PropertyValueSpecification","valueRequired":true,"valueName":"search_term_string"}}],"inLanguage":"pt-BR"},{"@type":"Organization","@id":"https:\/\/www.estrategiaconcursos.com.br\/blog\/#organization","name":"Estrat\u00e9gia Concursos","url":"https:\/\/www.estrategiaconcursos.com.br\/blog\/","logo":{"@type":"ImageObject","inLanguage":"pt-BR","@id":"https:\/\/www.estrategiaconcursos.com.br\/blog\/#\/schema\/logo\/image\/","url":"https:\/\/dhg1h5j42swfq.cloudfront.net\/2025\/06\/03203428\/logo_concursos-1.jpg","contentUrl":"https:\/\/dhg1h5j42swfq.cloudfront.net\/2025\/06\/03203428\/logo_concursos-1.jpg","width":230,"height":60,"caption":"Estrat\u00e9gia Concursos"},"image":{"@id":"https:\/\/www.estrategiaconcursos.com.br\/blog\/#\/schema\/logo\/image\/"},"sameAs":["https:\/\/x.com\/EstratConcursos"]},{"@type":"Person","@id":"https:\/\/www.estrategiaconcursos.com.br\/blog\/#\/schema\/person\/dd3af62dfb13d529e307a21c1e1844ce","name":"Douglas Schneider","image":{"@type":"ImageObject","inLanguage":"pt-BR","@id":"https:\/\/secure.gravatar.com\/avatar\/b94b88d512fc2167e937b3c5222864ea56109e46ed8add375526883e821cf9b8?s=96&d=mm&r=g","url":"https:\/\/secure.gravatar.com\/avatar\/b94b88d512fc2167e937b3c5222864ea56109e46ed8add375526883e821cf9b8?s=96&d=mm&r=g","contentUrl":"https:\/\/secure.gravatar.com\/avatar\/b94b88d512fc2167e937b3c5222864ea56109e46ed8add375526883e821cf9b8?s=96&d=mm&r=g","caption":"Douglas Schneider"},"description":"Professor de Administra\u00e7\u00e3o Geral e P\u00fablica Analista no IPHAN - Planejamento e Gest\u00e3o Graduado em Administra\u00e7\u00e3o e Mestre em Administra\u00e7\u00e3o P\u00fablica pela Universidade de Bras\u00edlia (UnB)","sameAs":["https:\/\/www.instagram.com\/adm.em1minuto\/","https:\/\/x.com\/AEm1minuto"],"url":"https:\/\/www.estrategiaconcursos.com.br\/blog\/author\/douglas-friesgmail-com\/"}]}},"_links":{"self":[{"href":"https:\/\/www.estrategiaconcursos.com.br\/blog\/wp-json\/wp\/v2\/posts\/546385","targetHints":{"allow":["GET"]}}],"collection":[{"href":"https:\/\/www.estrategiaconcursos.com.br\/blog\/wp-json\/wp\/v2\/posts"}],"about":[{"href":"https:\/\/www.estrategiaconcursos.com.br\/blog\/wp-json\/wp\/v2\/types\/post"}],"author":[{"embeddable":true,"href":"https:\/\/www.estrategiaconcursos.com.br\/blog\/wp-json\/wp\/v2\/users\/1211"}],"replies":[{"embeddable":true,"href":"https:\/\/www.estrategiaconcursos.com.br\/blog\/wp-json\/wp\/v2\/comments?post=546385"}],"version-history":[{"count":4,"href":"https:\/\/www.estrategiaconcursos.com.br\/blog\/wp-json\/wp\/v2\/posts\/546385\/revisions"}],"predecessor-version":[{"id":1243113,"href":"https:\/\/www.estrategiaconcursos.com.br\/blog\/wp-json\/wp\/v2\/posts\/546385\/revisions\/1243113"}],"wp:attachment":[{"href":"https:\/\/www.estrategiaconcursos.com.br\/blog\/wp-json\/wp\/v2\/media?parent=546385"}],"wp:term":[{"taxonomy":"category","embeddable":true,"href":"https:\/\/www.estrategiaconcursos.com.br\/blog\/wp-json\/wp\/v2\/categories?post=546385"},{"taxonomy":"post_tag","embeddable":true,"href":"https:\/\/www.estrategiaconcursos.com.br\/blog\/wp-json\/wp\/v2\/tags?post=546385"},{"taxonomy":"tax_estado","embeddable":true,"href":"https:\/\/www.estrategiaconcursos.com.br\/blog\/wp-json\/wp\/v2\/tax_estado?post=546385"}],"curies":[{"name":"wp","href":"https:\/\/api.w.org\/{rel}","templated":true}]}}