{"id":546010,"date":"2020-07-23T11:56:34","date_gmt":"2020-07-23T14:56:34","guid":{"rendered":"https:\/\/www.estrategiaconcursos.com.br\/blog\/?p=546010"},"modified":"2020-07-24T15:44:14","modified_gmt":"2020-07-24T18:44:14","slug":"nova-decisao-permite-nomeacoes-do-concurso-sefaz-sc","status":"publish","type":"post","link":"https:\/\/www.estrategiaconcursos.com.br\/blog\/nova-decisao-permite-nomeacoes-do-concurso-sefaz-sc\/","title":{"rendered":"Nova decis\u00e3o permite nomea\u00e7\u00f5es do concurso Sefaz SC"},"content":{"rendered":"\n<p>Ap\u00f3s o Tribunal de Contas de Santa Catarina suspender a autoriza\u00e7\u00e3o para nomea\u00e7\u00f5es dos 90 candidatos aprovados ao cargo de Auditor Fiscal do \u00faltimo concurso Sefaz SC, al\u00e9m de 17 Procuradores do Estado, a <strong>decis\u00e3o foi revogada<\/strong>.<\/p>\n\n\n\n<p>De acordo com a publica\u00e7\u00e3o no Di\u00e1rio Oficial desta quinta-feira, 23 de julho, a medida cautelar que impedia a posse dos Auditores e Procuradores foi anulada. Vale lembrar que a a\u00e7\u00e3o se deu por conta da preocupa\u00e7\u00e3o com novas despesas, em um momento que necessita a conten\u00e7\u00e3o de gastos.<\/p>\n\n\n\n<p>Dessa forma, foi recomendado que a Secretaria de Estado da Fazenda de Santa Catarina (SEFAZ SC) <strong>realize um plano de nomea\u00e7\u00f5es<\/strong> de tal maneira que n\u00e3o ameace a higidez financeira do estado. <\/p>\n\n\n\n<p>Al\u00e9m disso, o Tribunal tamb\u00e9m alertou o Governador do Estado, Carlos Mois\u00e9s da Silva, acerca dos<strong>&nbsp;<\/strong>poss\u00edveis reflexos negativos&nbsp;frente ao momento \u00edmpar vivido em virtude do enfrentamento da pandemia do novo Coronav\u00edrus.<\/p>\n\n\n\n<p class=\"has-background has-text-align-center has-medium-font-size has-very-light-gray-background-color\"><a rel=\"noreferrer noopener\" href=\"https:\/\/dhg1h5j42swfq.cloudfront.net\/2020\/07\/23111322\/dotc-e2020-07-23_2.pdf\" target=\"_blank\"><strong>Nova decis\u00e3o TCE SC<\/strong><\/a><\/p>\n\n\n\n<h2 class=\"wp-block-heading\">Entenda o caso das nomea\u00e7\u00f5es da Sefaz SC<\/h2>\n\n\n\n<p>No in\u00edcio de julho, foi autorizada a contrata\u00e7\u00e3o dos 90 aprovados do \u00faltimo concurso da Secretaria de Estado da Fazenda de Santa Catarina, a fim de evitar que o quadro entre em colapso. Isso porque dos 338 servidores que est\u00e3o em atividade, 171 podem se aposentar neste ano.<\/p>\n\n\n\n<p>Poucos dias depois, o Tribunal de Contas de Santa Catarina suspendeu as nomea\u00e7\u00f5es dos candidatos da Sefaz SC e de mais 17 Procuradores do Estado. A decis\u00e3o se deu por conta do cen\u00e1rio econ\u00f4mico que o estado e o pa\u00eds enfrentam devido ao novo Coronav\u00edrus.<\/p>\n\n\n\n<p>Al\u00e9m disso, a Lei Complementar&nbsp;<a rel=\"noreferrer noopener\" href=\"http:\/\/www.in.gov.br\/en\/web\/dou\/-\/lei-complementar-n-173-de-27-de-maio-de-2020-258915168\" target=\"_blank\">173\/2020<\/a>, restringiu a contrata\u00e7\u00e3o de pessoal at\u00e9 31 de dezembro do ano que vem. Segundo o art. 8\u00ba, est\u00e3o proibidas as admiss\u00f5es de servidores, exceto casos de reposi\u00e7\u00f5es decorrentes de vac\u00e2ncias de cargos efetivos.<\/p>\n\n\n\n<blockquote class=\"wp-block-quote is-layout-flow wp-block-quote-is-layout-flow\"><p><em>\u201cToda prud\u00eancia \u00e9 essencial neste cen\u00e1rio econ\u00f4mico de tantas incertezas para o segundo semestre e sem as garantias de que a Uni\u00e3o continuar\u00e1 a prestar aux\u00edlios financeiros para os Estados\u201d<\/em>, relatou o conselheiro Herneus De Nadal, na \u00e9poca.<\/p><\/blockquote>\n\n\n\n<p class=\"has-background has-text-align-center has-medium-font-size has-very-light-gray-background-color\"><strong>Saiba mais: <a href=\"https:\/\/www.estrategiaconcursos.com.br\/blog\/concurso-sefaz-sc\/\" target=\"_blank\" rel=\"noreferrer noopener\">Concurso Sefaz SC<\/a><\/strong><\/p>\n\n\n\n<hr class=\"wp-block-separator\"\/>\n\n\n\n<p class=\"has-text-align-center has-medium-font-size\"><em><strong>Assinatura Anual Ilimitada*<\/strong><\/em><\/p>\n\n\n\n<p class=\"has-text-align-center\"><em>Prepare-se com o melhor material e com quem mais aprova em Concursos P\u00fablicos em todo o pa\u00eds. Assine agora a nossa Assinatura Anual e tenha acesso ilimitado* a todos os nossos cursos.<\/em><\/p>\n\n\n\n<p style=\"font-size:22px\" class=\"has-background has-text-align-center has-light-green-cyan-background-color\"><strong>ASSINE AGORA<\/strong>&nbsp;\u2013&nbsp;<strong><a rel=\"noreferrer noopener\" href=\"https:\/\/www.estrategiaconcursos.com.br\/assinaturas\" target=\"_blank\">Assinatura Ilimitada<\/a><\/strong><\/p>\n\n\n\n<p class=\"has-text-align-center has-medium-font-size\"><strong><em><strong>Sistema de Quest\u00f5es<\/strong><\/em><\/strong><\/p>\n\n\n\n<p class=\"has-text-align-center\"><em>Estrat\u00e9gia Quest\u00f5es nasceu maior do que todos os concorrentes, com mais quest\u00f5es cadastradas e mais solu\u00e7\u00f5es por professores. Ent\u00e3o, confira e aproveite os descontos e b\u00f4nus imperd\u00edveis!<\/em><\/p>\n\n\n\n<p style=\"font-size:22px\" class=\"has-background has-text-align-center has-vivid-green-cyan-background-color\"><strong>ASSINE AGORA \u2013&nbsp;<a rel=\"noreferrer noopener\" href=\"https:\/\/www.estrategiaconcursos.com.br\/cursosPorConcurso\/sistema-de-questoes\/#\/\" target=\"_blank\">Sistema de Quest\u00f5es<\/a><\/strong><\/p>\n\n\n\n<p class=\"has-text-align-center has-normal-font-size\"><strong><em>Fique por dentro dos concursos em aberto<\/em><\/strong><\/p>\n\n\n\n<p style=\"font-size:22px\" class=\"has-background has-text-align-center has-pale-cyan-blue-background-color\"><a rel=\"noreferrer noopener\" href=\"https:\/\/www.estrategiaconcursos.com.br\/blog\/concursos-abertos\/\" target=\"_blank\"><strong>CONCURSOS ABERTOS<\/strong><\/a><\/p>\n\n\n\n<p class=\"has-text-align-center\"><strong><em>As oportunidades previstas<\/em><\/strong><\/p>\n\n\n\n<p style=\"font-size:22px\" class=\"has-background has-text-align-center has-pale-cyan-blue-background-color\"><a rel=\"noreferrer noopener\" href=\"https:\/\/www.estrategiaconcursos.com.br\/blog\/concursos-2020\/\" target=\"_blank\"><strong>CONCURSOS&nbsp;2020<\/strong><\/a><\/p>\n\n\n\n<p style=\"font-size:22px\" class=\"has-background has-text-align-center has-pale-cyan-blue-background-color\"><a rel=\"noreferrer noopener\" href=\"https:\/\/www.estrategiaconcursos.com.br\/blog\/concursos-2021\/\" target=\"_blank\"><strong>CONCURSOS 2021<\/strong><\/a><\/p>\n","protected":false},"excerpt":{"rendered":"<p>Ap\u00f3s o Tribunal de Contas de Santa Catarina suspender a autoriza\u00e7\u00e3o para nomea\u00e7\u00f5es dos 90 candidatos aprovados ao cargo de Auditor Fiscal do \u00faltimo concurso Sefaz SC, al\u00e9m de 17 Procuradores do Estado, a decis\u00e3o foi revogada. De acordo com a publica\u00e7\u00e3o no Di\u00e1rio Oficial desta quinta-feira, 23 de julho, a medida cautelar que impedia [&hellip;]<\/p>\n","protected":false},"author":641,"featured_media":546040,"comment_status":"open","ping_status":"closed","sticky":false,"template":"","format":"standard","meta":{"post_tipo":"article","footnotes":""},"categories":[1],"tags":[],"tax_estado":[],"class_list":["post-546010","post","type-post","status-publish","format-standard","has-post-thumbnail","hentry","category-cursos-e-concursos"],"acf":[],"yoast_head":"<!-- This site is optimized with the Yoast SEO Premium plugin v27.2 (Yoast SEO v27.2) - https:\/\/yoast.com\/product\/yoast-seo-premium-wordpress\/ -->\n<title>Nova decis\u00e3o permite nomea\u00e7\u00f5es do concurso Sefaz SC<\/title>\n<meta name=\"description\" content=\"Liminar que impedia nomea\u00e7\u00f5es dos aprovados do concurso Sefaz SC \u00e9 revogada. Com isso, Auditores e Procuradores podem ser chamados.\" \/>\n<meta name=\"robots\" content=\"index, follow, max-snippet:-1, max-image-preview:large, max-video-preview:-1\" \/>\n<link rel=\"canonical\" href=\"https:\/\/www.estrategiaconcursos.com.br\/blog\/nova-decisao-permite-nomeacoes-do-concurso-sefaz-sc\/\" \/>\n<meta property=\"og:locale\" content=\"pt_BR\" \/>\n<meta property=\"og:type\" content=\"article\" \/>\n<meta property=\"og:title\" content=\"Nova decis\u00e3o permite nomea\u00e7\u00f5es do concurso Sefaz SC\" \/>\n<meta property=\"og:description\" content=\"Liminar que impedia nomea\u00e7\u00f5es dos aprovados do concurso Sefaz SC \u00e9 revogada. Com isso, Auditores e Procuradores podem ser chamados.\" \/>\n<meta property=\"og:url\" content=\"https:\/\/www.estrategiaconcursos.com.br\/blog\/nova-decisao-permite-nomeacoes-do-concurso-sefaz-sc\/\" \/>\n<meta property=\"og:site_name\" content=\"Estrat\u00e9gia Concursos\" \/>\n<meta property=\"article:published_time\" content=\"2020-07-23T14:56:34+00:00\" \/>\n<meta property=\"article:modified_time\" content=\"2020-07-24T18:44:14+00:00\" \/>\n<meta property=\"og:image\" content=\"https:\/\/dhg1h5j42swfq.cloudfront.net\/2020\/07\/23115549\/nomea%C3%A7%C3%B5es-sefaz-sc.jpg\" \/>\n\t<meta property=\"og:image:width\" content=\"1200\" \/>\n\t<meta property=\"og:image:height\" content=\"800\" \/>\n\t<meta property=\"og:image:type\" content=\"image\/jpeg\" \/>\n<meta name=\"author\" content=\"Tonyvan de Carvalho Oliveira\" \/>\n<meta name=\"twitter:card\" content=\"summary_large_image\" \/>\n<meta name=\"twitter:creator\" content=\"@EstratConcursos\" \/>\n<meta name=\"twitter:site\" content=\"@EstratConcursos\" \/>\n<meta name=\"twitter:label1\" content=\"Escrito por\" \/>\n\t<meta name=\"twitter:data1\" content=\"Tonyvan de Carvalho Oliveira\" \/>\n\t<meta name=\"twitter:label2\" content=\"Est. tempo de leitura\" \/>\n\t<meta name=\"twitter:data2\" content=\"2 minutos\" \/>\n<script type=\"application\/ld+json\" class=\"yoast-schema-graph\">{\"@context\":\"https:\/\/schema.org\",\"@graph\":[{\"@type\":\"NewsArticle\",\"@id\":\"https:\/\/www.estrategiaconcursos.com.br\/blog\/nova-decisao-permite-nomeacoes-do-concurso-sefaz-sc\/#article\",\"isPartOf\":{\"@id\":\"https:\/\/www.estrategiaconcursos.com.br\/blog\/nova-decisao-permite-nomeacoes-do-concurso-sefaz-sc\/\"},\"author\":{\"name\":\"Tonyvan de Carvalho Oliveira\",\"@id\":\"https:\/\/www.estrategiaconcursos.com.br\/blog\/#\/schema\/person\/fdb84f3b69d6c8fbca00577aa84bcd63\"},\"headline\":\"Nova decis\u00e3o permite nomea\u00e7\u00f5es do concurso Sefaz SC\",\"datePublished\":\"2020-07-23T14:56:34+00:00\",\"dateModified\":\"2020-07-24T18:44:14+00:00\",\"mainEntityOfPage\":{\"@id\":\"https:\/\/www.estrategiaconcursos.com.br\/blog\/nova-decisao-permite-nomeacoes-do-concurso-sefaz-sc\/\"},\"wordCount\":482,\"commentCount\":0,\"publisher\":{\"@id\":\"https:\/\/www.estrategiaconcursos.com.br\/blog\/#organization\"},\"image\":{\"@id\":\"https:\/\/www.estrategiaconcursos.com.br\/blog\/nova-decisao-permite-nomeacoes-do-concurso-sefaz-sc\/#primaryimage\"},\"thumbnailUrl\":\"https:\/\/dhg1h5j42swfq.cloudfront.net\/2020\/07\/23115549\/nomea%C3%A7%C3%B5es-sefaz-sc.jpg\",\"articleSection\":[\"Concursos P\u00fablicos\"],\"inLanguage\":\"pt-BR\",\"potentialAction\":[{\"@type\":\"CommentAction\",\"name\":\"Comment\",\"target\":[\"https:\/\/www.estrategiaconcursos.com.br\/blog\/nova-decisao-permite-nomeacoes-do-concurso-sefaz-sc\/#respond\"]}],\"copyrightYear\":\"2020\",\"copyrightHolder\":{\"@id\":\"https:\/\/www.estrategiaconcursos.com.br\/blog\/#organization\"}},{\"@type\":\"WebPage\",\"@id\":\"https:\/\/www.estrategiaconcursos.com.br\/blog\/nova-decisao-permite-nomeacoes-do-concurso-sefaz-sc\/\",\"url\":\"https:\/\/www.estrategiaconcursos.com.br\/blog\/nova-decisao-permite-nomeacoes-do-concurso-sefaz-sc\/\",\"name\":\"Nova decis\u00e3o permite nomea\u00e7\u00f5es do concurso Sefaz SC\",\"isPartOf\":{\"@id\":\"https:\/\/www.estrategiaconcursos.com.br\/blog\/#website\"},\"primaryImageOfPage\":{\"@id\":\"https:\/\/www.estrategiaconcursos.com.br\/blog\/nova-decisao-permite-nomeacoes-do-concurso-sefaz-sc\/#primaryimage\"},\"image\":{\"@id\":\"https:\/\/www.estrategiaconcursos.com.br\/blog\/nova-decisao-permite-nomeacoes-do-concurso-sefaz-sc\/#primaryimage\"},\"thumbnailUrl\":\"https:\/\/dhg1h5j42swfq.cloudfront.net\/2020\/07\/23115549\/nomea%C3%A7%C3%B5es-sefaz-sc.jpg\",\"datePublished\":\"2020-07-23T14:56:34+00:00\",\"dateModified\":\"2020-07-24T18:44:14+00:00\",\"description\":\"Liminar que impedia nomea\u00e7\u00f5es dos aprovados do concurso Sefaz SC \u00e9 revogada. Com isso, Auditores e Procuradores podem ser chamados.\",\"breadcrumb\":{\"@id\":\"https:\/\/www.estrategiaconcursos.com.br\/blog\/nova-decisao-permite-nomeacoes-do-concurso-sefaz-sc\/#breadcrumb\"},\"inLanguage\":\"pt-BR\",\"potentialAction\":[{\"@type\":\"ReadAction\",\"target\":[\"https:\/\/www.estrategiaconcursos.com.br\/blog\/nova-decisao-permite-nomeacoes-do-concurso-sefaz-sc\/\"]}]},{\"@type\":\"ImageObject\",\"inLanguage\":\"pt-BR\",\"@id\":\"https:\/\/www.estrategiaconcursos.com.br\/blog\/nova-decisao-permite-nomeacoes-do-concurso-sefaz-sc\/#primaryimage\",\"url\":\"https:\/\/dhg1h5j42swfq.cloudfront.net\/2020\/07\/23115549\/nomea%C3%A7%C3%B5es-sefaz-sc.jpg\",\"contentUrl\":\"https:\/\/dhg1h5j42swfq.cloudfront.net\/2020\/07\/23115549\/nomea%C3%A7%C3%B5es-sefaz-sc.jpg\",\"width\":1200,\"height\":800,\"caption\":\"nomea\u00e7\u00f5es sefaz sc\"},{\"@type\":\"BreadcrumbList\",\"@id\":\"https:\/\/www.estrategiaconcursos.com.br\/blog\/nova-decisao-permite-nomeacoes-do-concurso-sefaz-sc\/#breadcrumb\",\"itemListElement\":[{\"@type\":\"ListItem\",\"position\":1,\"name\":\"In\u00edcio\",\"item\":\"https:\/\/www.estrategiaconcursos.com.br\/blog\/\"},{\"@type\":\"ListItem\",\"position\":2,\"name\":\"Nova decis\u00e3o permite nomea\u00e7\u00f5es do concurso Sefaz SC\"}]},{\"@type\":\"WebSite\",\"@id\":\"https:\/\/www.estrategiaconcursos.com.br\/blog\/#website\",\"url\":\"https:\/\/www.estrategiaconcursos.com.br\/blog\/\",\"name\":\"Estrat\u00e9gia Concursos\",\"description\":\"O blog da Estrat\u00e9gia Concursos traz not\u00edcias sobre concursos e artigos de professores oferecendo cursos para concursos (pdf + videaulas) no site.\",\"publisher\":{\"@id\":\"https:\/\/www.estrategiaconcursos.com.br\/blog\/#organization\"},\"potentialAction\":[{\"@type\":\"SearchAction\",\"target\":{\"@type\":\"EntryPoint\",\"urlTemplate\":\"https:\/\/www.estrategiaconcursos.com.br\/blog\/?s={search_term_string}\"},\"query-input\":{\"@type\":\"PropertyValueSpecification\",\"valueRequired\":true,\"valueName\":\"search_term_string\"}}],\"inLanguage\":\"pt-BR\"},{\"@type\":\"Organization\",\"@id\":\"https:\/\/www.estrategiaconcursos.com.br\/blog\/#organization\",\"name\":\"Estrat\u00e9gia Concursos\",\"url\":\"https:\/\/www.estrategiaconcursos.com.br\/blog\/\",\"logo\":{\"@type\":\"ImageObject\",\"inLanguage\":\"pt-BR\",\"@id\":\"https:\/\/www.estrategiaconcursos.com.br\/blog\/#\/schema\/logo\/image\/\",\"url\":\"https:\/\/dhg1h5j42swfq.cloudfront.net\/2025\/06\/03203428\/logo_concursos-1.jpg\",\"contentUrl\":\"https:\/\/dhg1h5j42swfq.cloudfront.net\/2025\/06\/03203428\/logo_concursos-1.jpg\",\"width\":230,\"height\":60,\"caption\":\"Estrat\u00e9gia Concursos\"},\"image\":{\"@id\":\"https:\/\/www.estrategiaconcursos.com.br\/blog\/#\/schema\/logo\/image\/\"},\"sameAs\":[\"https:\/\/x.com\/EstratConcursos\"]},{\"@type\":\"Person\",\"@id\":\"https:\/\/www.estrategiaconcursos.com.br\/blog\/#\/schema\/person\/fdb84f3b69d6c8fbca00577aa84bcd63\",\"name\":\"Tonyvan de Carvalho Oliveira\",\"image\":{\"@type\":\"ImageObject\",\"inLanguage\":\"pt-BR\",\"@id\":\"https:\/\/secure.gravatar.com\/avatar\/354e898e44074b25275c76829bbd340ca45a4e040cd1bc470f70d6c486a7af8d?s=96&d=mm&r=g\",\"url\":\"https:\/\/secure.gravatar.com\/avatar\/354e898e44074b25275c76829bbd340ca45a4e040cd1bc470f70d6c486a7af8d?s=96&d=mm&r=g\",\"contentUrl\":\"https:\/\/secure.gravatar.com\/avatar\/354e898e44074b25275c76829bbd340ca45a4e040cd1bc470f70d6c486a7af8d?s=96&d=mm&r=g\",\"caption\":\"Tonyvan de Carvalho Oliveira\"},\"url\":\"https:\/\/www.estrategiaconcursos.com.br\/blog\/author\/tonyvan13yahoo-com-br\/\"}]}<\/script>\n<!-- \/ Yoast SEO Premium plugin. -->","yoast_head_json":{"title":"Nova decis\u00e3o permite nomea\u00e7\u00f5es do concurso Sefaz SC","description":"Liminar que impedia nomea\u00e7\u00f5es dos aprovados do concurso Sefaz SC \u00e9 revogada. Com isso, Auditores e Procuradores podem ser chamados.","robots":{"index":"index","follow":"follow","max-snippet":"max-snippet:-1","max-image-preview":"max-image-preview:large","max-video-preview":"max-video-preview:-1"},"canonical":"https:\/\/www.estrategiaconcursos.com.br\/blog\/nova-decisao-permite-nomeacoes-do-concurso-sefaz-sc\/","og_locale":"pt_BR","og_type":"article","og_title":"Nova decis\u00e3o permite nomea\u00e7\u00f5es do concurso Sefaz SC","og_description":"Liminar que impedia nomea\u00e7\u00f5es dos aprovados do concurso Sefaz SC \u00e9 revogada. Com isso, Auditores e Procuradores podem ser chamados.","og_url":"https:\/\/www.estrategiaconcursos.com.br\/blog\/nova-decisao-permite-nomeacoes-do-concurso-sefaz-sc\/","og_site_name":"Estrat\u00e9gia Concursos","article_published_time":"2020-07-23T14:56:34+00:00","article_modified_time":"2020-07-24T18:44:14+00:00","og_image":[{"width":1200,"height":800,"url":"https:\/\/dhg1h5j42swfq.cloudfront.net\/2020\/07\/23115549\/nomea%C3%A7%C3%B5es-sefaz-sc.jpg","type":"image\/jpeg"}],"author":"Tonyvan de Carvalho Oliveira","twitter_card":"summary_large_image","twitter_creator":"@EstratConcursos","twitter_site":"@EstratConcursos","twitter_misc":{"Escrito por":"Tonyvan de Carvalho Oliveira","Est. tempo de leitura":"2 minutos"},"schema":{"@context":"https:\/\/schema.org","@graph":[{"@type":"NewsArticle","@id":"https:\/\/www.estrategiaconcursos.com.br\/blog\/nova-decisao-permite-nomeacoes-do-concurso-sefaz-sc\/#article","isPartOf":{"@id":"https:\/\/www.estrategiaconcursos.com.br\/blog\/nova-decisao-permite-nomeacoes-do-concurso-sefaz-sc\/"},"author":{"name":"Tonyvan de Carvalho Oliveira","@id":"https:\/\/www.estrategiaconcursos.com.br\/blog\/#\/schema\/person\/fdb84f3b69d6c8fbca00577aa84bcd63"},"headline":"Nova decis\u00e3o permite nomea\u00e7\u00f5es do concurso Sefaz SC","datePublished":"2020-07-23T14:56:34+00:00","dateModified":"2020-07-24T18:44:14+00:00","mainEntityOfPage":{"@id":"https:\/\/www.estrategiaconcursos.com.br\/blog\/nova-decisao-permite-nomeacoes-do-concurso-sefaz-sc\/"},"wordCount":482,"commentCount":0,"publisher":{"@id":"https:\/\/www.estrategiaconcursos.com.br\/blog\/#organization"},"image":{"@id":"https:\/\/www.estrategiaconcursos.com.br\/blog\/nova-decisao-permite-nomeacoes-do-concurso-sefaz-sc\/#primaryimage"},"thumbnailUrl":"https:\/\/dhg1h5j42swfq.cloudfront.net\/2020\/07\/23115549\/nomea%C3%A7%C3%B5es-sefaz-sc.jpg","articleSection":["Concursos P\u00fablicos"],"inLanguage":"pt-BR","potentialAction":[{"@type":"CommentAction","name":"Comment","target":["https:\/\/www.estrategiaconcursos.com.br\/blog\/nova-decisao-permite-nomeacoes-do-concurso-sefaz-sc\/#respond"]}],"copyrightYear":"2020","copyrightHolder":{"@id":"https:\/\/www.estrategiaconcursos.com.br\/blog\/#organization"}},{"@type":"WebPage","@id":"https:\/\/www.estrategiaconcursos.com.br\/blog\/nova-decisao-permite-nomeacoes-do-concurso-sefaz-sc\/","url":"https:\/\/www.estrategiaconcursos.com.br\/blog\/nova-decisao-permite-nomeacoes-do-concurso-sefaz-sc\/","name":"Nova decis\u00e3o permite nomea\u00e7\u00f5es do concurso Sefaz SC","isPartOf":{"@id":"https:\/\/www.estrategiaconcursos.com.br\/blog\/#website"},"primaryImageOfPage":{"@id":"https:\/\/www.estrategiaconcursos.com.br\/blog\/nova-decisao-permite-nomeacoes-do-concurso-sefaz-sc\/#primaryimage"},"image":{"@id":"https:\/\/www.estrategiaconcursos.com.br\/blog\/nova-decisao-permite-nomeacoes-do-concurso-sefaz-sc\/#primaryimage"},"thumbnailUrl":"https:\/\/dhg1h5j42swfq.cloudfront.net\/2020\/07\/23115549\/nomea%C3%A7%C3%B5es-sefaz-sc.jpg","datePublished":"2020-07-23T14:56:34+00:00","dateModified":"2020-07-24T18:44:14+00:00","description":"Liminar que impedia nomea\u00e7\u00f5es dos aprovados do concurso Sefaz SC \u00e9 revogada. Com isso, Auditores e Procuradores podem ser chamados.","breadcrumb":{"@id":"https:\/\/www.estrategiaconcursos.com.br\/blog\/nova-decisao-permite-nomeacoes-do-concurso-sefaz-sc\/#breadcrumb"},"inLanguage":"pt-BR","potentialAction":[{"@type":"ReadAction","target":["https:\/\/www.estrategiaconcursos.com.br\/blog\/nova-decisao-permite-nomeacoes-do-concurso-sefaz-sc\/"]}]},{"@type":"ImageObject","inLanguage":"pt-BR","@id":"https:\/\/www.estrategiaconcursos.com.br\/blog\/nova-decisao-permite-nomeacoes-do-concurso-sefaz-sc\/#primaryimage","url":"https:\/\/dhg1h5j42swfq.cloudfront.net\/2020\/07\/23115549\/nomea%C3%A7%C3%B5es-sefaz-sc.jpg","contentUrl":"https:\/\/dhg1h5j42swfq.cloudfront.net\/2020\/07\/23115549\/nomea%C3%A7%C3%B5es-sefaz-sc.jpg","width":1200,"height":800,"caption":"nomea\u00e7\u00f5es sefaz sc"},{"@type":"BreadcrumbList","@id":"https:\/\/www.estrategiaconcursos.com.br\/blog\/nova-decisao-permite-nomeacoes-do-concurso-sefaz-sc\/#breadcrumb","itemListElement":[{"@type":"ListItem","position":1,"name":"In\u00edcio","item":"https:\/\/www.estrategiaconcursos.com.br\/blog\/"},{"@type":"ListItem","position":2,"name":"Nova decis\u00e3o permite nomea\u00e7\u00f5es do concurso Sefaz SC"}]},{"@type":"WebSite","@id":"https:\/\/www.estrategiaconcursos.com.br\/blog\/#website","url":"https:\/\/www.estrategiaconcursos.com.br\/blog\/","name":"Estrat\u00e9gia Concursos","description":"O blog da Estrat\u00e9gia Concursos traz not\u00edcias sobre concursos e artigos de professores oferecendo cursos para concursos (pdf + videaulas) no site.","publisher":{"@id":"https:\/\/www.estrategiaconcursos.com.br\/blog\/#organization"},"potentialAction":[{"@type":"SearchAction","target":{"@type":"EntryPoint","urlTemplate":"https:\/\/www.estrategiaconcursos.com.br\/blog\/?s={search_term_string}"},"query-input":{"@type":"PropertyValueSpecification","valueRequired":true,"valueName":"search_term_string"}}],"inLanguage":"pt-BR"},{"@type":"Organization","@id":"https:\/\/www.estrategiaconcursos.com.br\/blog\/#organization","name":"Estrat\u00e9gia Concursos","url":"https:\/\/www.estrategiaconcursos.com.br\/blog\/","logo":{"@type":"ImageObject","inLanguage":"pt-BR","@id":"https:\/\/www.estrategiaconcursos.com.br\/blog\/#\/schema\/logo\/image\/","url":"https:\/\/dhg1h5j42swfq.cloudfront.net\/2025\/06\/03203428\/logo_concursos-1.jpg","contentUrl":"https:\/\/dhg1h5j42swfq.cloudfront.net\/2025\/06\/03203428\/logo_concursos-1.jpg","width":230,"height":60,"caption":"Estrat\u00e9gia Concursos"},"image":{"@id":"https:\/\/www.estrategiaconcursos.com.br\/blog\/#\/schema\/logo\/image\/"},"sameAs":["https:\/\/x.com\/EstratConcursos"]},{"@type":"Person","@id":"https:\/\/www.estrategiaconcursos.com.br\/blog\/#\/schema\/person\/fdb84f3b69d6c8fbca00577aa84bcd63","name":"Tonyvan de Carvalho Oliveira","image":{"@type":"ImageObject","inLanguage":"pt-BR","@id":"https:\/\/secure.gravatar.com\/avatar\/354e898e44074b25275c76829bbd340ca45a4e040cd1bc470f70d6c486a7af8d?s=96&d=mm&r=g","url":"https:\/\/secure.gravatar.com\/avatar\/354e898e44074b25275c76829bbd340ca45a4e040cd1bc470f70d6c486a7af8d?s=96&d=mm&r=g","contentUrl":"https:\/\/secure.gravatar.com\/avatar\/354e898e44074b25275c76829bbd340ca45a4e040cd1bc470f70d6c486a7af8d?s=96&d=mm&r=g","caption":"Tonyvan de Carvalho Oliveira"},"url":"https:\/\/www.estrategiaconcursos.com.br\/blog\/author\/tonyvan13yahoo-com-br\/"}]}},"_links":{"self":[{"href":"https:\/\/www.estrategiaconcursos.com.br\/blog\/wp-json\/wp\/v2\/posts\/546010","targetHints":{"allow":["GET"]}}],"collection":[{"href":"https:\/\/www.estrategiaconcursos.com.br\/blog\/wp-json\/wp\/v2\/posts"}],"about":[{"href":"https:\/\/www.estrategiaconcursos.com.br\/blog\/wp-json\/wp\/v2\/types\/post"}],"author":[{"embeddable":true,"href":"https:\/\/www.estrategiaconcursos.com.br\/blog\/wp-json\/wp\/v2\/users\/641"}],"replies":[{"embeddable":true,"href":"https:\/\/www.estrategiaconcursos.com.br\/blog\/wp-json\/wp\/v2\/comments?post=546010"}],"version-history":[{"count":5,"href":"https:\/\/www.estrategiaconcursos.com.br\/blog\/wp-json\/wp\/v2\/posts\/546010\/revisions"}],"predecessor-version":[{"id":546856,"href":"https:\/\/www.estrategiaconcursos.com.br\/blog\/wp-json\/wp\/v2\/posts\/546010\/revisions\/546856"}],"wp:featuredmedia":[{"embeddable":true,"href":"https:\/\/www.estrategiaconcursos.com.br\/blog\/wp-json\/wp\/v2\/media\/546040"}],"wp:attachment":[{"href":"https:\/\/www.estrategiaconcursos.com.br\/blog\/wp-json\/wp\/v2\/media?parent=546010"}],"wp:term":[{"taxonomy":"category","embeddable":true,"href":"https:\/\/www.estrategiaconcursos.com.br\/blog\/wp-json\/wp\/v2\/categories?post=546010"},{"taxonomy":"post_tag","embeddable":true,"href":"https:\/\/www.estrategiaconcursos.com.br\/blog\/wp-json\/wp\/v2\/tags?post=546010"},{"taxonomy":"tax_estado","embeddable":true,"href":"https:\/\/www.estrategiaconcursos.com.br\/blog\/wp-json\/wp\/v2\/tax_estado?post=546010"}],"curies":[{"name":"wp","href":"https:\/\/api.w.org\/{rel}","templated":true}]}}